{"id":21964,"date":"2022-10-28T19:58:04","date_gmt":"2022-10-28T17:58:04","guid":{"rendered":"http:\/\/just-now.news\/de\/deutschland\/ja-er-hat-grippe-gesagt-markus-soeder-deutet-ende-der-corona-massnahmen-in-bayern-an\/"},"modified":"2022-10-28T19:58:04","modified_gmt":"2022-10-28T17:58:04","slug":"ja-er-hat-grippe-gesagt-markus-soeder-deutet-ende-der-corona-massnahmen-in-bayern-an","status":"publish","type":"post","link":"https:\/\/now-news.de\/de\/deutschland\/ja-er-hat-grippe-gesagt-markus-soeder-deutet-ende-der-corona-massnahmen-in-bayern-an\/","title":{"rendered":"&quot;Ja, er hat Grippe gesagt&quot; \u2013 Markus S\u00f6der deutet Ende der Corona-Ma\u00dfnahmen in Bayern an"},"content":{"rendered":"<p><img decoding=\"async\" src=\"http:\/\/just-now.news\/de\/wp-content\/uploads\/sites\/3\/2022\/10\/635c180948fbef6dd86b1f15.jpg\" \/><\/p>\n<div class=\"Text-root Text-type_1 \">\n                Zurzeit l\u00e4uft in Augsburg der Parteitag der CSU, und Markus S\u00f6der \u00e4u\u00dferte sich in seiner Rede zur Corona-Politik. Man kann sich jetzt schon auf die Erwiderung von Karl Lauterbach freuen. Oder fragen, ob S\u00f6der diese Position wirklich h\u00e4lt.\n            <\/div>\n<p><\/p>\n<div class=\"Text-root Text-type_5 ArticleView-text ViewText-root \">\n<p>Auf dem Parteitag der CSU in Augsburg hat der bayrische Ministerpr\u00e4sident Markus S\u00f6der in seiner Parteitagsrede zu verstehen gegeben, dass in Bayern die Zeit der Corona-Ma\u00dfnahmen endet.<\/p>\n<p>&#8220;Es gibt keinen Anlass jetzt f\u00fcr Maskenpflichten, jeder kann, und kann das selber entscheiden, man kann sich impfen, man kann Masken tragen, man kann sich testen lassen.&#8221; Man kann aber, das legt der Satz zumindest nahe, all dies auch nicht tun. Au\u00dferdem \u00fcberlege man in Bayern, die Quarant\u00e4ne-Regelungen zu \u00e4ndern.<\/p>\n<blockquote>\n<p><em>&#8220;Es ist letztlich, liebe Freundinnen und Freunde, so sagen die Virologen, so sagt der Chef der STIKO, es ist de facto mehr der Grippe \u00e4hnlich. Und dann muss man auch gleich handeln. Wer Symptome hat, soll zu Hause bleiben, aber ein Absperren im Winter werden wir nicht mehr machen.&#8221;<\/em><\/p>\n<\/blockquote>\n<div class=\"EmbedBlock-root EmbedBlock-twitter\">\n<div class=\"TwitterEmbed\">\n<blockquote class=\"twitter-tweet lazyload\" data-twitter=\"twitter-tweet\">\n<p lang=\"de\" dir=\"ltr\">Der Wendehals S\u00f6der hat die Seiten gewechselt. Unglaublich. <a rel=\"nofollow noopener\" target=\"_blank\" href=\"https:\/\/t.co\/UAviaIYfc7\">pic.twitter.com\/UAviaIYfc7<\/a><\/p>\n<p>\u2014 Jonas Danner (@MrJonasDanner) <a rel=\"nofollow noopener\" target=\"_blank\" href=\"https:\/\/twitter.com\/MrJonasDanner\/status\/1586009330503258112?ref_src=twsrc%5Etfw\">October 28, 2022<\/a><\/p><\/blockquote>\n<\/div>\n<\/div>\n<p>Die Kommentare zu diesen Aussagen S\u00f6ders reichen von &#8220;Wendehals&#8221; und &#8220;Opportunist&#8221; bis zu &#8220;lieber sp\u00e4t als nie&#8221;. Und auch diesen Dialog gibt es: &#8220;Hat er Grippe gesagt?&#8221; &#8211; &#8220;Ja, er hat Grippe gesagt&#8221;. Zu Hochzeiten der Corona-Krise hatte sich S\u00f6der als Corona-Hardliner profiliert.<\/p>\n<p><strong>Mehr zum Thema<\/strong> &#8211; <a rel=\"nofollow noopener\" target=\"_blank\" href=\"https:\/\/pressefreiheit.rtde.tech\/meinung\/152658-lauterbachs-welt-folge-zwischen-bangen\/\">Lauterbachs Scheinwelt: Zwischen Bangen und Hoffen darf das Lob der B\u00fcrger nicht zu kurz kommen<\/a><\/p>\n<\/p>\n<\/div>\n<p><script async src=\"https:\/\/platform.twitter.com\/widgets.js\" charset=\"utf-8\"><\/script><br \/>\n<br \/><br \/>\n<br \/><a href=\"https:\/\/de.rt.com\/inland\/152831-ja-er-hat-grippe-gesagt\/\">Source link <\/a><\/p>\n","protected":false},"excerpt":{"rendered":"<p>Zurzeit l\u00e4uft in Augsburg der Parteitag der CSU, und Markus S\u00f6der \u00e4u\u00dferte sich in seiner Rede zur Corona-Politik. Man kann sich jetzt schon auf die Erwiderung von Karl Lauterbach freuen. Oder fragen, ob S\u00f6der diese Position wirklich h\u00e4lt. Auf dem Parteitag der CSU in Augsburg hat der bayrische Ministerpr\u00e4sident Markus S\u00f6der in seiner Parteitagsrede zu [&hellip;]<\/p>\n","protected":false},"author":3,"featured_media":21965,"comment_status":"open","ping_status":"open","sticky":false,"template":"","format":"standard","meta":{"wp_automatic_camp":["217"],"1f6d3b7888bc93b83ae338d154d098e0":["&quot;Ja, er hat Grippe gesagt&quot; \u2013 Markus S\u00f6der deutet Ende der Corona-Ma\u00dfnahmen in Bayern an"],"original_link":["https:\/\/de.rt.com\/inland\/152831-ja-er-hat-grippe-gesagt\/"],"_thumbnail_id":["21965"],"_wptg_p2tg_sent2tg":["2022-10-28 20:11:31"],"jnews_social_counter_last_update":["1777271329"]},"categories":[19,23],"tags":[11374,6547,82,20455,5375,33481,35030,423,28497,35029,3822],"yoast_head":"<!-- This site is optimized with the Yoast SEO Premium plugin v22.7 (Yoast SEO v22.7) - https:\/\/yoast.com\/wordpress\/plugins\/seo\/ -->\n<title>&quot;Ja, er hat Grippe gesagt&quot; \u2013 Markus S\u00f6der deutet Ende der Corona-Ma\u00dfnahmen in Bayern an - just-now.NEWS Deutschland<\/title>\n<meta name=\"robots\" content=\"index, follow, max-snippet:-1, max-image-preview:large, max-video-preview:-1\" \/>\n<link rel=\"canonical\" href=\"https:\/\/now-news.de\/de\/deutschland\/ja-er-hat-grippe-gesagt-markus-soeder-deutet-ende-der-corona-massnahmen-in-bayern-an\/\" \/>\n<meta property=\"og:locale\" content=\"de_DE\" \/>\n<meta property=\"og:type\" content=\"article\" \/>\n<meta property=\"og:title\" content=\"&quot;Ja, er hat Grippe gesagt&quot; \u2013 Markus S\u00f6der deutet Ende der Corona-Ma\u00dfnahmen in Bayern an\" \/>\n<meta property=\"og:description\" content=\"Zurzeit l\u00e4uft in Augsburg der Parteitag der CSU, und Markus S\u00f6der \u00e4u\u00dferte sich in seiner Rede zur Corona-Politik. Man kann sich jetzt schon auf die Erwiderung von Karl Lauterbach freuen. Oder fragen, ob S\u00f6der diese Position wirklich h\u00e4lt. Auf dem Parteitag der CSU in Augsburg hat der bayrische Ministerpr\u00e4sident Markus S\u00f6der in seiner Parteitagsrede zu [&hellip;]\" \/>\n<meta property=\"og:url\" content=\"https:\/\/now-news.de\/de\/deutschland\/ja-er-hat-grippe-gesagt-markus-soeder-deutet-ende-der-corona-massnahmen-in-bayern-an\/\" \/>\n<meta property=\"og:site_name\" content=\"just-now.NEWS Deutschland\" \/>\n<meta property=\"article:publisher\" content=\"https:\/\/www.facebook.com\/wirmachenauf\" \/>\n<meta property=\"article:published_time\" content=\"2022-10-28T17:58:04+00:00\" \/>\n<meta property=\"og:image\" content=\"https:\/\/now-news.de\/de\/wp-content\/uploads\/sites\/3\/2022\/10\/quotJa-er-hat-Grippe-gesagtquot-\u2013-Markus-Soeder-deutet-Ende.jpg\" \/>\n\t<meta property=\"og:image:width\" content=\"460\" \/>\n\t<meta property=\"og:image:height\" content=\"259\" \/>\n\t<meta property=\"og:image:type\" content=\"image\/jpeg\" \/>\n<meta name=\"author\" content=\"rtnews\" \/>\n<meta name=\"twitter:card\" content=\"summary_large_image\" \/>\n<meta name=\"twitter:creator\" content=\"@WirMachenAuf_de\" \/>\n<meta name=\"twitter:site\" content=\"@WirMachenAuf_de\" \/>\n<meta name=\"twitter:label1\" content=\"Verfasst von\" \/>\n\t<meta name=\"twitter:data1\" content=\"rtnews\" \/>\n\t<meta name=\"twitter:label2\" content=\"Gesch\u00e4tzte Lesezeit\" \/>\n\t<meta name=\"twitter:data2\" content=\"1\u00a0Minute\" \/>\n<script type=\"application\/ld+json\" class=\"yoast-schema-graph\">{\"@context\":\"https:\/\/schema.org\",\"@graph\":[{\"@type\":\"Article\",\"@id\":\"https:\/\/now-news.de\/de\/deutschland\/ja-er-hat-grippe-gesagt-markus-soeder-deutet-ende-der-corona-massnahmen-in-bayern-an\/#article\",\"isPartOf\":{\"@id\":\"https:\/\/now-news.de\/de\/deutschland\/ja-er-hat-grippe-gesagt-markus-soeder-deutet-ende-der-corona-massnahmen-in-bayern-an\/\"},\"author\":{\"name\":\"rtnews\",\"@id\":\"https:\/\/now-news.de\/de\/#\/schema\/person\/fb534a4e865501d8b3285208df34a9b5\"},\"headline\":\"&quot;Ja, er hat Grippe gesagt&quot; \u2013 Markus S\u00f6der deutet Ende der Corona-Ma\u00dfnahmen in Bayern an\",\"datePublished\":\"2022-10-28T17:58:04+00:00\",\"dateModified\":\"2022-10-28T17:58:04+00:00\",\"mainEntityOfPage\":{\"@id\":\"https:\/\/now-news.de\/de\/deutschland\/ja-er-hat-grippe-gesagt-markus-soeder-deutet-ende-der-corona-massnahmen-in-bayern-an\/\"},\"wordCount\":279,\"commentCount\":0,\"publisher\":{\"@id\":\"https:\/\/now-news.de\/de\/#organization\"},\"image\":{\"@id\":\"https:\/\/now-news.de\/de\/deutschland\/ja-er-hat-grippe-gesagt-markus-soeder-deutet-ende-der-corona-massnahmen-in-bayern-an\/#primaryimage\"},\"thumbnailUrl\":\"https:\/\/now-news.de\/de\/wp-content\/uploads\/sites\/3\/2022\/10\/quotJa-er-hat-Grippe-gesagtquot-\u2013-Markus-Soeder-deutet-Ende.jpg\",\"keywords\":[\"bayern\",\"CoronaMassnahmen\",\"der\",\"deutet\",\"Ende\",\"gesagtquot\",\"Grippe\",\"hat\",\"Markus\",\"quotJa\",\"S\u00f6der\"],\"articleSection\":[\"Deutschland\",\"Russland\"],\"inLanguage\":\"de\",\"potentialAction\":[{\"@type\":\"CommentAction\",\"name\":\"Comment\",\"target\":[\"https:\/\/now-news.de\/de\/deutschland\/ja-er-hat-grippe-gesagt-markus-soeder-deutet-ende-der-corona-massnahmen-in-bayern-an\/#respond\"]}]},{\"@type\":\"WebPage\",\"@id\":\"https:\/\/now-news.de\/de\/deutschland\/ja-er-hat-grippe-gesagt-markus-soeder-deutet-ende-der-corona-massnahmen-in-bayern-an\/\",\"url\":\"https:\/\/now-news.de\/de\/deutschland\/ja-er-hat-grippe-gesagt-markus-soeder-deutet-ende-der-corona-massnahmen-in-bayern-an\/\",\"name\":\"&quot;Ja, er hat Grippe gesagt&quot; \u2013 Markus S\u00f6der deutet Ende der Corona-Ma\u00dfnahmen in Bayern an - just-now.NEWS Deutschland\",\"isPartOf\":{\"@id\":\"https:\/\/now-news.de\/de\/#website\"},\"primaryImageOfPage\":{\"@id\":\"https:\/\/now-news.de\/de\/deutschland\/ja-er-hat-grippe-gesagt-markus-soeder-deutet-ende-der-corona-massnahmen-in-bayern-an\/#primaryimage\"},\"image\":{\"@id\":\"https:\/\/now-news.de\/de\/deutschland\/ja-er-hat-grippe-gesagt-markus-soeder-deutet-ende-der-corona-massnahmen-in-bayern-an\/#primaryimage\"},\"thumbnailUrl\":\"https:\/\/now-news.de\/de\/wp-content\/uploads\/sites\/3\/2022\/10\/quotJa-er-hat-Grippe-gesagtquot-\u2013-Markus-Soeder-deutet-Ende.jpg\",\"datePublished\":\"2022-10-28T17:58:04+00:00\",\"dateModified\":\"2022-10-28T17:58:04+00:00\",\"breadcrumb\":{\"@id\":\"https:\/\/now-news.de\/de\/deutschland\/ja-er-hat-grippe-gesagt-markus-soeder-deutet-ende-der-corona-massnahmen-in-bayern-an\/#breadcrumb\"},\"inLanguage\":\"de\",\"potentialAction\":[{\"@type\":\"ReadAction\",\"target\":[\"https:\/\/now-news.de\/de\/deutschland\/ja-er-hat-grippe-gesagt-markus-soeder-deutet-ende-der-corona-massnahmen-in-bayern-an\/\"]}]},{\"@type\":\"ImageObject\",\"inLanguage\":\"de\",\"@id\":\"https:\/\/now-news.de\/de\/deutschland\/ja-er-hat-grippe-gesagt-markus-soeder-deutet-ende-der-corona-massnahmen-in-bayern-an\/#primaryimage\",\"url\":\"https:\/\/now-news.de\/de\/wp-content\/uploads\/sites\/3\/2022\/10\/quotJa-er-hat-Grippe-gesagtquot-\u2013-Markus-Soeder-deutet-Ende.jpg\",\"contentUrl\":\"https:\/\/now-news.de\/de\/wp-content\/uploads\/sites\/3\/2022\/10\/quotJa-er-hat-Grippe-gesagtquot-\u2013-Markus-Soeder-deutet-Ende.jpg\",\"width\":460,\"height\":259,\"caption\":\"&quot;Ja, er hat Grippe gesagt&quot; \u2013 Markus S\u00f6der deutet Ende der Corona-Ma\u00dfnahmen in Bayern an\"},{\"@type\":\"BreadcrumbList\",\"@id\":\"https:\/\/now-news.de\/de\/deutschland\/ja-er-hat-grippe-gesagt-markus-soeder-deutet-ende-der-corona-massnahmen-in-bayern-an\/#breadcrumb\",\"itemListElement\":[{\"@type\":\"ListItem\",\"position\":1,\"name\":\"Home\",\"item\":\"https:\/\/now-news.de\/de\/\"},{\"@type\":\"ListItem\",\"position\":2,\"name\":\"&quot;Ja, er hat Grippe gesagt&quot; \u2013 Markus S\u00f6der deutet Ende der Corona-Ma\u00dfnahmen in Bayern an\"}]},{\"@type\":\"WebSite\",\"@id\":\"https:\/\/now-news.de\/de\/#website\",\"url\":\"https:\/\/now-news.de\/de\/\",\"name\":\"just-now.NEWS Deutschland\",\"description\":\"Das Portal f\u00fcr unzensierte Nachrichten aus der Welt\",\"publisher\":{\"@id\":\"https:\/\/now-news.de\/de\/#organization\"},\"potentialAction\":[{\"@type\":\"SearchAction\",\"target\":{\"@type\":\"EntryPoint\",\"urlTemplate\":\"https:\/\/now-news.de\/de\/?s={search_term_string}\"},\"query-input\":\"required name=search_term_string\"}],\"inLanguage\":\"de\"},{\"@type\":\"Organization\",\"@id\":\"https:\/\/now-news.de\/de\/#organization\",\"name\":\"Just Now News\",\"url\":\"https:\/\/now-news.de\/de\/\",\"logo\":{\"@type\":\"ImageObject\",\"inLanguage\":\"de\",\"@id\":\"https:\/\/now-news.de\/de\/#\/schema\/logo\/image\/\",\"url\":\"http:\/\/just-now.news\/de\/wp-content\/uploads\/sites\/3\/2022\/04\/logo500x500.jpg\",\"contentUrl\":\"http:\/\/just-now.news\/de\/wp-content\/uploads\/sites\/3\/2022\/04\/logo500x500.jpg\",\"width\":500,\"height\":500,\"caption\":\"Just Now News\"},\"image\":{\"@id\":\"https:\/\/now-news.de\/de\/#\/schema\/logo\/image\/\"},\"sameAs\":[\"https:\/\/www.facebook.com\/wirmachenauf\",\"https:\/\/x.com\/WirMachenAuf_de\"]},{\"@type\":\"Person\",\"@id\":\"https:\/\/now-news.de\/de\/#\/schema\/person\/fb534a4e865501d8b3285208df34a9b5\",\"name\":\"rtnews\",\"image\":{\"@type\":\"ImageObject\",\"inLanguage\":\"de\",\"@id\":\"https:\/\/now-news.de\/de\/#\/schema\/person\/image\/\",\"url\":\"https:\/\/secure.gravatar.com\/avatar\/82aafea7d8127119dd649515f56e2117?s=96&d=mm&r=g\",\"contentUrl\":\"https:\/\/secure.gravatar.com\/avatar\/82aafea7d8127119dd649515f56e2117?s=96&d=mm&r=g\",\"caption\":\"rtnews\"},\"url\":\"https:\/\/now-news.de\/de\/author\/rnews\/\"}]}<\/script>\n<!-- \/ Yoast SEO Premium plugin. -->","yoast_head_json":{"title":"&quot;Ja, er hat Grippe gesagt&quot; \u2013 Markus S\u00f6der deutet Ende der Corona-Ma\u00dfnahmen in Bayern an - just-now.NEWS Deutschland","robots":{"index":"index","follow":"follow","max-snippet":"max-snippet:-1","max-image-preview":"max-image-preview:large","max-video-preview":"max-video-preview:-1"},"canonical":"https:\/\/now-news.de\/de\/deutschland\/ja-er-hat-grippe-gesagt-markus-soeder-deutet-ende-der-corona-massnahmen-in-bayern-an\/","og_locale":"de_DE","og_type":"article","og_title":"&quot;Ja, er hat Grippe gesagt&quot; \u2013 Markus S\u00f6der deutet Ende der Corona-Ma\u00dfnahmen in Bayern an","og_description":"Zurzeit l\u00e4uft in Augsburg der Parteitag der CSU, und Markus S\u00f6der \u00e4u\u00dferte sich in seiner Rede zur Corona-Politik. Man kann sich jetzt schon auf die Erwiderung von Karl Lauterbach freuen. Oder fragen, ob S\u00f6der diese Position wirklich h\u00e4lt. Auf dem Parteitag der CSU in Augsburg hat der bayrische Ministerpr\u00e4sident Markus S\u00f6der in seiner Parteitagsrede zu [&hellip;]","og_url":"https:\/\/now-news.de\/de\/deutschland\/ja-er-hat-grippe-gesagt-markus-soeder-deutet-ende-der-corona-massnahmen-in-bayern-an\/","og_site_name":"just-now.NEWS Deutschland","article_publisher":"https:\/\/www.facebook.com\/wirmachenauf","article_published_time":"2022-10-28T17:58:04+00:00","og_image":[{"width":460,"height":259,"url":"https:\/\/now-news.de\/de\/wp-content\/uploads\/sites\/3\/2022\/10\/quotJa-er-hat-Grippe-gesagtquot-\u2013-Markus-Soeder-deutet-Ende.jpg","type":"image\/jpeg"}],"author":"rtnews","twitter_card":"summary_large_image","twitter_creator":"@WirMachenAuf_de","twitter_site":"@WirMachenAuf_de","twitter_misc":{"Verfasst von":"rtnews","Gesch\u00e4tzte Lesezeit":"1\u00a0Minute"},"schema":{"@context":"https:\/\/schema.org","@graph":[{"@type":"Article","@id":"https:\/\/now-news.de\/de\/deutschland\/ja-er-hat-grippe-gesagt-markus-soeder-deutet-ende-der-corona-massnahmen-in-bayern-an\/#article","isPartOf":{"@id":"https:\/\/now-news.de\/de\/deutschland\/ja-er-hat-grippe-gesagt-markus-soeder-deutet-ende-der-corona-massnahmen-in-bayern-an\/"},"author":{"name":"rtnews","@id":"https:\/\/now-news.de\/de\/#\/schema\/person\/fb534a4e865501d8b3285208df34a9b5"},"headline":"&quot;Ja, er hat Grippe gesagt&quot; \u2013 Markus S\u00f6der deutet Ende der Corona-Ma\u00dfnahmen in Bayern an","datePublished":"2022-10-28T17:58:04+00:00","dateModified":"2022-10-28T17:58:04+00:00","mainEntityOfPage":{"@id":"https:\/\/now-news.de\/de\/deutschland\/ja-er-hat-grippe-gesagt-markus-soeder-deutet-ende-der-corona-massnahmen-in-bayern-an\/"},"wordCount":279,"commentCount":0,"publisher":{"@id":"https:\/\/now-news.de\/de\/#organization"},"image":{"@id":"https:\/\/now-news.de\/de\/deutschland\/ja-er-hat-grippe-gesagt-markus-soeder-deutet-ende-der-corona-massnahmen-in-bayern-an\/#primaryimage"},"thumbnailUrl":"https:\/\/now-news.de\/de\/wp-content\/uploads\/sites\/3\/2022\/10\/quotJa-er-hat-Grippe-gesagtquot-\u2013-Markus-Soeder-deutet-Ende.jpg","keywords":["bayern","CoronaMassnahmen","der","deutet","Ende","gesagtquot","Grippe","hat","Markus","quotJa","S\u00f6der"],"articleSection":["Deutschland","Russland"],"inLanguage":"de","potentialAction":[{"@type":"CommentAction","name":"Comment","target":["https:\/\/now-news.de\/de\/deutschland\/ja-er-hat-grippe-gesagt-markus-soeder-deutet-ende-der-corona-massnahmen-in-bayern-an\/#respond"]}]},{"@type":"WebPage","@id":"https:\/\/now-news.de\/de\/deutschland\/ja-er-hat-grippe-gesagt-markus-soeder-deutet-ende-der-corona-massnahmen-in-bayern-an\/","url":"https:\/\/now-news.de\/de\/deutschland\/ja-er-hat-grippe-gesagt-markus-soeder-deutet-ende-der-corona-massnahmen-in-bayern-an\/","name":"&quot;Ja, er hat Grippe gesagt&quot; \u2013 Markus S\u00f6der deutet Ende der Corona-Ma\u00dfnahmen in Bayern an - just-now.NEWS Deutschland","isPartOf":{"@id":"https:\/\/now-news.de\/de\/#website"},"primaryImageOfPage":{"@id":"https:\/\/now-news.de\/de\/deutschland\/ja-er-hat-grippe-gesagt-markus-soeder-deutet-ende-der-corona-massnahmen-in-bayern-an\/#primaryimage"},"image":{"@id":"https:\/\/now-news.de\/de\/deutschland\/ja-er-hat-grippe-gesagt-markus-soeder-deutet-ende-der-corona-massnahmen-in-bayern-an\/#primaryimage"},"thumbnailUrl":"https:\/\/now-news.de\/de\/wp-content\/uploads\/sites\/3\/2022\/10\/quotJa-er-hat-Grippe-gesagtquot-\u2013-Markus-Soeder-deutet-Ende.jpg","datePublished":"2022-10-28T17:58:04+00:00","dateModified":"2022-10-28T17:58:04+00:00","breadcrumb":{"@id":"https:\/\/now-news.de\/de\/deutschland\/ja-er-hat-grippe-gesagt-markus-soeder-deutet-ende-der-corona-massnahmen-in-bayern-an\/#breadcrumb"},"inLanguage":"de","potentialAction":[{"@type":"ReadAction","target":["https:\/\/now-news.de\/de\/deutschland\/ja-er-hat-grippe-gesagt-markus-soeder-deutet-ende-der-corona-massnahmen-in-bayern-an\/"]}]},{"@type":"ImageObject","inLanguage":"de","@id":"https:\/\/now-news.de\/de\/deutschland\/ja-er-hat-grippe-gesagt-markus-soeder-deutet-ende-der-corona-massnahmen-in-bayern-an\/#primaryimage","url":"https:\/\/now-news.de\/de\/wp-content\/uploads\/sites\/3\/2022\/10\/quotJa-er-hat-Grippe-gesagtquot-\u2013-Markus-Soeder-deutet-Ende.jpg","contentUrl":"https:\/\/now-news.de\/de\/wp-content\/uploads\/sites\/3\/2022\/10\/quotJa-er-hat-Grippe-gesagtquot-\u2013-Markus-Soeder-deutet-Ende.jpg","width":460,"height":259,"caption":"&quot;Ja, er hat Grippe gesagt&quot; \u2013 Markus S\u00f6der deutet Ende der Corona-Ma\u00dfnahmen in Bayern an"},{"@type":"BreadcrumbList","@id":"https:\/\/now-news.de\/de\/deutschland\/ja-er-hat-grippe-gesagt-markus-soeder-deutet-ende-der-corona-massnahmen-in-bayern-an\/#breadcrumb","itemListElement":[{"@type":"ListItem","position":1,"name":"Home","item":"https:\/\/now-news.de\/de\/"},{"@type":"ListItem","position":2,"name":"&quot;Ja, er hat Grippe gesagt&quot; \u2013 Markus S\u00f6der deutet Ende der Corona-Ma\u00dfnahmen in Bayern an"}]},{"@type":"WebSite","@id":"https:\/\/now-news.de\/de\/#website","url":"https:\/\/now-news.de\/de\/","name":"just-now.NEWS Deutschland","description":"Das Portal f\u00fcr unzensierte Nachrichten aus der Welt","publisher":{"@id":"https:\/\/now-news.de\/de\/#organization"},"potentialAction":[{"@type":"SearchAction","target":{"@type":"EntryPoint","urlTemplate":"https:\/\/now-news.de\/de\/?s={search_term_string}"},"query-input":"required name=search_term_string"}],"inLanguage":"de"},{"@type":"Organization","@id":"https:\/\/now-news.de\/de\/#organization","name":"Just Now News","url":"https:\/\/now-news.de\/de\/","logo":{"@type":"ImageObject","inLanguage":"de","@id":"https:\/\/now-news.de\/de\/#\/schema\/logo\/image\/","url":"http:\/\/just-now.news\/de\/wp-content\/uploads\/sites\/3\/2022\/04\/logo500x500.jpg","contentUrl":"http:\/\/just-now.news\/de\/wp-content\/uploads\/sites\/3\/2022\/04\/logo500x500.jpg","width":500,"height":500,"caption":"Just Now News"},"image":{"@id":"https:\/\/now-news.de\/de\/#\/schema\/logo\/image\/"},"sameAs":["https:\/\/www.facebook.com\/wirmachenauf","https:\/\/x.com\/WirMachenAuf_de"]},{"@type":"Person","@id":"https:\/\/now-news.de\/de\/#\/schema\/person\/fb534a4e865501d8b3285208df34a9b5","name":"rtnews","image":{"@type":"ImageObject","inLanguage":"de","@id":"https:\/\/now-news.de\/de\/#\/schema\/person\/image\/","url":"https:\/\/secure.gravatar.com\/avatar\/82aafea7d8127119dd649515f56e2117?s=96&d=mm&r=g","contentUrl":"https:\/\/secure.gravatar.com\/avatar\/82aafea7d8127119dd649515f56e2117?s=96&d=mm&r=g","caption":"rtnews"},"url":"https:\/\/now-news.de\/de\/author\/rnews\/"}]}},"_links":{"self":[{"href":"https:\/\/now-news.de\/de\/wp-json\/wp\/v2\/posts\/21964"}],"collection":[{"href":"https:\/\/now-news.de\/de\/wp-json\/wp\/v2\/posts"}],"about":[{"href":"https:\/\/now-news.de\/de\/wp-json\/wp\/v2\/types\/post"}],"author":[{"embeddable":true,"href":"https:\/\/now-news.de\/de\/wp-json\/wp\/v2\/users\/3"}],"replies":[{"embeddable":true,"href":"https:\/\/now-news.de\/de\/wp-json\/wp\/v2\/comments?post=21964"}],"version-history":[{"count":0,"href":"https:\/\/now-news.de\/de\/wp-json\/wp\/v2\/posts\/21964\/revisions"}],"wp:featuredmedia":[{"embeddable":true,"href":"https:\/\/now-news.de\/de\/wp-json\/wp\/v2\/media\/21965"}],"wp:attachment":[{"href":"https:\/\/now-news.de\/de\/wp-json\/wp\/v2\/media?parent=21964"}],"wp:term":[{"taxonomy":"category","embeddable":true,"href":"https:\/\/now-news.de\/de\/wp-json\/wp\/v2\/categories?post=21964"},{"taxonomy":"post_tag","embeddable":true,"href":"https:\/\/now-news.de\/de\/wp-json\/wp\/v2\/tags?post=21964"}],"curies":[{"name":"wp","href":"https:\/\/api.w.org\/{rel}","templated":true}]}}