{"id":21948,"date":"2022-10-28T17:20:53","date_gmt":"2022-10-28T15:20:53","guid":{"rendered":"http:\/\/just-now.news\/de\/deutschland\/schoigu-teilmobilmachung-offiziell-beendet\/"},"modified":"2022-10-28T17:20:53","modified_gmt":"2022-10-28T15:20:53","slug":"schoigu-teilmobilmachung-offiziell-beendet","status":"publish","type":"post","link":"https:\/\/now-news.de\/de\/deutschland\/schoigu-teilmobilmachung-offiziell-beendet\/","title":{"rendered":"Schoigu: Teilmobilmachung offiziell beendet"},"content":{"rendered":"<p><img decoding=\"async\" src=\"http:\/\/just-now.news\/de\/wp-content\/uploads\/sites\/3\/2022\/10\/635bebedb480cc65b5363dea.jpg\" \/><\/p>\n<div class=\"Text-root Text-type_1 \">\n                Der Verteidigungsminister der Russischen F\u00f6deration Sergei Schoigu hat am Freitag dem russischen Pr\u00e4sidenten Wladimir Putin \u00fcber den erfolgreichen Abschluss der Teilmobilmachung berichtet. Ab dem 28. Oktober werden die Wehrersatz\u00e4mter nur noch Freiwillige und Bewerber f\u00fcr die Berufsarmee rekrutieren.\n            <\/div>\n<p><\/p>\n<div class=\"Text-root Text-type_5 ArticleView-text ViewText-root \">\n<p>W\u00e4hrend eines vom russischen Fernsehen \u00fcbertragenen Arbeitstreffens berichtete der Verteidigungsminister der Russischen F\u00f6deration Sergei Schoigu dem Pr\u00e4sidenten Wladimir Putin am Freitag \u00fcber den erfolgreichen Abschluss der Teilmobilmachung. Das Ziel, die Armee um 300 Tausend einberufene Reservisten zu vollstrecken, sei erreicht worden, so Schoigu, und die Mobilisierungsaktivit\u00e4ten mit Befehl vom 28. Oktober offiziell eingestellt worden. Die Kreiswehrersatz\u00e4mter werden ihre Arbeit in den kommenden Wochen auf die Rekrutierung von Freiwilligen und von Bewerbern als Vertragssoldaten beschr\u00e4nken.<\/p>\n<p>Von den Einberufenen bef\u00e4nden sich derzeit 218 Tausend auf \u00dcbungspl\u00e4tzen, wo sie f\u00fcr Kampfeins\u00e4tze geschult und vorbereitet werden, konkretisierte Schoigu auf Nachfrage des Pr\u00e4sidenten. 82 Tausend Soldaten und Offiziere aus der Zahl der Mobilisierten seien bereits in die Regionen, in denen die milit\u00e4rische Sonderoperation durchgef\u00fchrt wird, verlegt worden. Von diesen 82 Tausend werde etwa die H\u00e4lfte bereits in den k\u00e4mpfenden Verb\u00e4nden eingesetzt, die andere H\u00e4lfte werde abseits der Front trainiert. Der Pr\u00e4sident erinnerte in diesem Zusammenhang an seine Weisung, dass nur ausreichend geschulte Soldaten im Gefecht eingesetzt werden d\u00fcrfen.\u00a0<\/p>\n<p>Putin dankte allen Beteiligten f\u00fcr die geleistete Arbeit, erinnerte aber auch daran, dass es in den ersten Wochen der Teilmobilisierung zu zahlreichen Problemen und f\u00e4lschlichen Einberufungen gekommen war. Angesichts dessen, dass es sich um die erste Mobilmachung in Russland seit dem Zweiten Weltkrieg handelte, bezeichnete der Pr\u00e4sident diese Probleme als &#8220;verst\u00e4ndlich und erwartbar&#8221;. Es werde nun darum gehen, das System der Wehrersatz\u00e4mter zu optimieren und die Datenbasis aktuell zu halten. Die Interaktion mit den lokalen Beh\u00f6rden m\u00fcsse verbessert werden.\u00a0<\/p>\n<p>Wladimir Putin beauftragte den Verteidigungsminister damit, unter Ber\u00fccksichtigung der Erfahrungen der milit\u00e4rischen Sonderoperation einen Umbau der Strukturen und Gliederungen der Armee vorzubereiten, die Vorschl\u00e4ge f\u00fcr die Reform sollen bereits im Dezember vorgelegt werden.<\/p>\n<p>Einen besonderen Dank richtete der russische Staatschef an die B\u00fcrger der neuen russischen Regionen, die sich aktiv in den Kampf einbringen und bat den Verteidigungsminister, seinen Dank den k\u00e4mpfenden Verb\u00e4nden zu \u00fcbermitteln.<\/p>\n<p>Die Teilmobilmachung in Russland wurde am 21. September 2022 ausgerufen.\u00a0<\/p>\n<p><strong>Mehr zum Thema<\/strong> &#8211; <a rel=\"nofollow noopener\" target=\"_blank\" href=\"https:\/\/de.rt.com\/russland\/149828-russische-teilmobilisierung-fehlschlag-oder-erfolg\/\">Die russische Teilmobilmachung: Fehlschlag oder Erfolg?<\/a><\/p>\n<\/p>\n<\/div>\n<p><br \/>\n<br \/><a href=\"https:\/\/de.rt.com\/russland\/152817-schoigu-teilmobilmachung-offiziell-beendet\/\">Source link <\/a><\/p>\n","protected":false},"excerpt":{"rendered":"<p>Der Verteidigungsminister der Russischen F\u00f6deration Sergei Schoigu hat am Freitag dem russischen Pr\u00e4sidenten Wladimir Putin \u00fcber den erfolgreichen Abschluss der Teilmobilmachung berichtet. Ab dem 28. Oktober werden die Wehrersatz\u00e4mter nur noch Freiwillige und Bewerber f\u00fcr die Berufsarmee rekrutieren. W\u00e4hrend eines vom russischen Fernsehen \u00fcbertragenen Arbeitstreffens berichtete der Verteidigungsminister der Russischen F\u00f6deration Sergei Schoigu dem Pr\u00e4sidenten [&hellip;]<\/p>\n","protected":false},"author":3,"featured_media":21949,"comment_status":"open","ping_status":"open","sticky":false,"template":"","format":"standard","meta":{"wp_automatic_camp":["217"],"58c044a82ba035acb36314c812e65c31":["Schoigu: Teilmobilmachung offiziell beendet"],"original_link":["https:\/\/de.rt.com\/russland\/152817-schoigu-teilmobilmachung-offiziell-beendet\/"],"_thumbnail_id":["21949"],"_wptg_p2tg_sent2tg":["2022-10-28 17:29:26"],"jnews_social_counter_last_update":["1777357282"]},"categories":[19,23],"tags":[8151,2390,5673,33163],"yoast_head":"<!-- This site is optimized with the Yoast SEO Premium plugin v22.7 (Yoast SEO v22.7) - https:\/\/yoast.com\/wordpress\/plugins\/seo\/ -->\n<title>Schoigu: Teilmobilmachung offiziell beendet - just-now.NEWS Deutschland<\/title>\n<meta name=\"robots\" content=\"index, follow, max-snippet:-1, max-image-preview:large, max-video-preview:-1\" \/>\n<link rel=\"canonical\" href=\"https:\/\/now-news.de\/de\/deutschland\/schoigu-teilmobilmachung-offiziell-beendet\/\" \/>\n<meta property=\"og:locale\" content=\"de_DE\" \/>\n<meta property=\"og:type\" content=\"article\" \/>\n<meta property=\"og:title\" content=\"Schoigu: Teilmobilmachung offiziell beendet\" \/>\n<meta property=\"og:description\" content=\"Der Verteidigungsminister der Russischen F\u00f6deration Sergei Schoigu hat am Freitag dem russischen Pr\u00e4sidenten Wladimir Putin \u00fcber den erfolgreichen Abschluss der Teilmobilmachung berichtet. Ab dem 28. Oktober werden die Wehrersatz\u00e4mter nur noch Freiwillige und Bewerber f\u00fcr die Berufsarmee rekrutieren. W\u00e4hrend eines vom russischen Fernsehen \u00fcbertragenen Arbeitstreffens berichtete der Verteidigungsminister der Russischen F\u00f6deration Sergei Schoigu dem Pr\u00e4sidenten [&hellip;]\" \/>\n<meta property=\"og:url\" content=\"https:\/\/now-news.de\/de\/deutschland\/schoigu-teilmobilmachung-offiziell-beendet\/\" \/>\n<meta property=\"og:site_name\" content=\"just-now.NEWS Deutschland\" \/>\n<meta property=\"article:publisher\" content=\"https:\/\/www.facebook.com\/wirmachenauf\" \/>\n<meta property=\"article:published_time\" content=\"2022-10-28T15:20:53+00:00\" \/>\n<meta property=\"og:image\" content=\"https:\/\/now-news.de\/de\/wp-content\/uploads\/sites\/3\/2022\/10\/Schoigu-Teilmobilmachung-offiziell-beendet.jpg\" \/>\n\t<meta property=\"og:image:width\" content=\"460\" \/>\n\t<meta property=\"og:image:height\" content=\"259\" \/>\n\t<meta property=\"og:image:type\" content=\"image\/jpeg\" \/>\n<meta name=\"author\" content=\"rtnews\" \/>\n<meta name=\"twitter:card\" content=\"summary_large_image\" \/>\n<meta name=\"twitter:creator\" content=\"@WirMachenAuf_de\" \/>\n<meta name=\"twitter:site\" content=\"@WirMachenAuf_de\" \/>\n<meta name=\"twitter:label1\" content=\"Verfasst von\" \/>\n\t<meta name=\"twitter:data1\" content=\"rtnews\" \/>\n\t<meta name=\"twitter:label2\" content=\"Gesch\u00e4tzte Lesezeit\" \/>\n\t<meta name=\"twitter:data2\" content=\"2\u00a0Minuten\" \/>\n<script type=\"application\/ld+json\" class=\"yoast-schema-graph\">{\"@context\":\"https:\/\/schema.org\",\"@graph\":[{\"@type\":\"Article\",\"@id\":\"https:\/\/now-news.de\/de\/deutschland\/schoigu-teilmobilmachung-offiziell-beendet\/#article\",\"isPartOf\":{\"@id\":\"https:\/\/now-news.de\/de\/deutschland\/schoigu-teilmobilmachung-offiziell-beendet\/\"},\"author\":{\"name\":\"rtnews\",\"@id\":\"https:\/\/now-news.de\/de\/#\/schema\/person\/fb534a4e865501d8b3285208df34a9b5\"},\"headline\":\"Schoigu: Teilmobilmachung offiziell beendet\",\"datePublished\":\"2022-10-28T15:20:53+00:00\",\"dateModified\":\"2022-10-28T15:20:53+00:00\",\"mainEntityOfPage\":{\"@id\":\"https:\/\/now-news.de\/de\/deutschland\/schoigu-teilmobilmachung-offiziell-beendet\/\"},\"wordCount\":401,\"commentCount\":0,\"publisher\":{\"@id\":\"https:\/\/now-news.de\/de\/#organization\"},\"image\":{\"@id\":\"https:\/\/now-news.de\/de\/deutschland\/schoigu-teilmobilmachung-offiziell-beendet\/#primaryimage\"},\"thumbnailUrl\":\"https:\/\/now-news.de\/de\/wp-content\/uploads\/sites\/3\/2022\/10\/Schoigu-Teilmobilmachung-offiziell-beendet.jpg\",\"keywords\":[\"beendet\",\"Offiziell\",\"Schoigu\",\"Teilmobilmachung\"],\"articleSection\":[\"Deutschland\",\"Russland\"],\"inLanguage\":\"de\",\"potentialAction\":[{\"@type\":\"CommentAction\",\"name\":\"Comment\",\"target\":[\"https:\/\/now-news.de\/de\/deutschland\/schoigu-teilmobilmachung-offiziell-beendet\/#respond\"]}]},{\"@type\":\"WebPage\",\"@id\":\"https:\/\/now-news.de\/de\/deutschland\/schoigu-teilmobilmachung-offiziell-beendet\/\",\"url\":\"https:\/\/now-news.de\/de\/deutschland\/schoigu-teilmobilmachung-offiziell-beendet\/\",\"name\":\"Schoigu: Teilmobilmachung offiziell beendet - just-now.NEWS Deutschland\",\"isPartOf\":{\"@id\":\"https:\/\/now-news.de\/de\/#website\"},\"primaryImageOfPage\":{\"@id\":\"https:\/\/now-news.de\/de\/deutschland\/schoigu-teilmobilmachung-offiziell-beendet\/#primaryimage\"},\"image\":{\"@id\":\"https:\/\/now-news.de\/de\/deutschland\/schoigu-teilmobilmachung-offiziell-beendet\/#primaryimage\"},\"thumbnailUrl\":\"https:\/\/now-news.de\/de\/wp-content\/uploads\/sites\/3\/2022\/10\/Schoigu-Teilmobilmachung-offiziell-beendet.jpg\",\"datePublished\":\"2022-10-28T15:20:53+00:00\",\"dateModified\":\"2022-10-28T15:20:53+00:00\",\"breadcrumb\":{\"@id\":\"https:\/\/now-news.de\/de\/deutschland\/schoigu-teilmobilmachung-offiziell-beendet\/#breadcrumb\"},\"inLanguage\":\"de\",\"potentialAction\":[{\"@type\":\"ReadAction\",\"target\":[\"https:\/\/now-news.de\/de\/deutschland\/schoigu-teilmobilmachung-offiziell-beendet\/\"]}]},{\"@type\":\"ImageObject\",\"inLanguage\":\"de\",\"@id\":\"https:\/\/now-news.de\/de\/deutschland\/schoigu-teilmobilmachung-offiziell-beendet\/#primaryimage\",\"url\":\"https:\/\/now-news.de\/de\/wp-content\/uploads\/sites\/3\/2022\/10\/Schoigu-Teilmobilmachung-offiziell-beendet.jpg\",\"contentUrl\":\"https:\/\/now-news.de\/de\/wp-content\/uploads\/sites\/3\/2022\/10\/Schoigu-Teilmobilmachung-offiziell-beendet.jpg\",\"width\":460,\"height\":259,\"caption\":\"Schoigu: Teilmobilmachung offiziell beendet\"},{\"@type\":\"BreadcrumbList\",\"@id\":\"https:\/\/now-news.de\/de\/deutschland\/schoigu-teilmobilmachung-offiziell-beendet\/#breadcrumb\",\"itemListElement\":[{\"@type\":\"ListItem\",\"position\":1,\"name\":\"Home\",\"item\":\"https:\/\/now-news.de\/de\/\"},{\"@type\":\"ListItem\",\"position\":2,\"name\":\"Schoigu: Teilmobilmachung offiziell beendet\"}]},{\"@type\":\"WebSite\",\"@id\":\"https:\/\/now-news.de\/de\/#website\",\"url\":\"https:\/\/now-news.de\/de\/\",\"name\":\"just-now.NEWS Deutschland\",\"description\":\"Das Portal f\u00fcr unzensierte Nachrichten aus der Welt\",\"publisher\":{\"@id\":\"https:\/\/now-news.de\/de\/#organization\"},\"potentialAction\":[{\"@type\":\"SearchAction\",\"target\":{\"@type\":\"EntryPoint\",\"urlTemplate\":\"https:\/\/now-news.de\/de\/?s={search_term_string}\"},\"query-input\":\"required name=search_term_string\"}],\"inLanguage\":\"de\"},{\"@type\":\"Organization\",\"@id\":\"https:\/\/now-news.de\/de\/#organization\",\"name\":\"Just Now News\",\"url\":\"https:\/\/now-news.de\/de\/\",\"logo\":{\"@type\":\"ImageObject\",\"inLanguage\":\"de\",\"@id\":\"https:\/\/now-news.de\/de\/#\/schema\/logo\/image\/\",\"url\":\"http:\/\/just-now.news\/de\/wp-content\/uploads\/sites\/3\/2022\/04\/logo500x500.jpg\",\"contentUrl\":\"http:\/\/just-now.news\/de\/wp-content\/uploads\/sites\/3\/2022\/04\/logo500x500.jpg\",\"width\":500,\"height\":500,\"caption\":\"Just Now News\"},\"image\":{\"@id\":\"https:\/\/now-news.de\/de\/#\/schema\/logo\/image\/\"},\"sameAs\":[\"https:\/\/www.facebook.com\/wirmachenauf\",\"https:\/\/x.com\/WirMachenAuf_de\"]},{\"@type\":\"Person\",\"@id\":\"https:\/\/now-news.de\/de\/#\/schema\/person\/fb534a4e865501d8b3285208df34a9b5\",\"name\":\"rtnews\",\"image\":{\"@type\":\"ImageObject\",\"inLanguage\":\"de\",\"@id\":\"https:\/\/now-news.de\/de\/#\/schema\/person\/image\/\",\"url\":\"https:\/\/secure.gravatar.com\/avatar\/82aafea7d8127119dd649515f56e2117?s=96&d=mm&r=g\",\"contentUrl\":\"https:\/\/secure.gravatar.com\/avatar\/82aafea7d8127119dd649515f56e2117?s=96&d=mm&r=g\",\"caption\":\"rtnews\"},\"url\":\"https:\/\/now-news.de\/de\/author\/rnews\/\"}]}<\/script>\n<!-- \/ Yoast SEO Premium plugin. -->","yoast_head_json":{"title":"Schoigu: Teilmobilmachung offiziell beendet - just-now.NEWS Deutschland","robots":{"index":"index","follow":"follow","max-snippet":"max-snippet:-1","max-image-preview":"max-image-preview:large","max-video-preview":"max-video-preview:-1"},"canonical":"https:\/\/now-news.de\/de\/deutschland\/schoigu-teilmobilmachung-offiziell-beendet\/","og_locale":"de_DE","og_type":"article","og_title":"Schoigu: Teilmobilmachung offiziell beendet","og_description":"Der Verteidigungsminister der Russischen F\u00f6deration Sergei Schoigu hat am Freitag dem russischen Pr\u00e4sidenten Wladimir Putin \u00fcber den erfolgreichen Abschluss der Teilmobilmachung berichtet. Ab dem 28. Oktober werden die Wehrersatz\u00e4mter nur noch Freiwillige und Bewerber f\u00fcr die Berufsarmee rekrutieren. W\u00e4hrend eines vom russischen Fernsehen \u00fcbertragenen Arbeitstreffens berichtete der Verteidigungsminister der Russischen F\u00f6deration Sergei Schoigu dem Pr\u00e4sidenten [&hellip;]","og_url":"https:\/\/now-news.de\/de\/deutschland\/schoigu-teilmobilmachung-offiziell-beendet\/","og_site_name":"just-now.NEWS Deutschland","article_publisher":"https:\/\/www.facebook.com\/wirmachenauf","article_published_time":"2022-10-28T15:20:53+00:00","og_image":[{"width":460,"height":259,"url":"https:\/\/now-news.de\/de\/wp-content\/uploads\/sites\/3\/2022\/10\/Schoigu-Teilmobilmachung-offiziell-beendet.jpg","type":"image\/jpeg"}],"author":"rtnews","twitter_card":"summary_large_image","twitter_creator":"@WirMachenAuf_de","twitter_site":"@WirMachenAuf_de","twitter_misc":{"Verfasst von":"rtnews","Gesch\u00e4tzte Lesezeit":"2\u00a0Minuten"},"schema":{"@context":"https:\/\/schema.org","@graph":[{"@type":"Article","@id":"https:\/\/now-news.de\/de\/deutschland\/schoigu-teilmobilmachung-offiziell-beendet\/#article","isPartOf":{"@id":"https:\/\/now-news.de\/de\/deutschland\/schoigu-teilmobilmachung-offiziell-beendet\/"},"author":{"name":"rtnews","@id":"https:\/\/now-news.de\/de\/#\/schema\/person\/fb534a4e865501d8b3285208df34a9b5"},"headline":"Schoigu: Teilmobilmachung offiziell beendet","datePublished":"2022-10-28T15:20:53+00:00","dateModified":"2022-10-28T15:20:53+00:00","mainEntityOfPage":{"@id":"https:\/\/now-news.de\/de\/deutschland\/schoigu-teilmobilmachung-offiziell-beendet\/"},"wordCount":401,"commentCount":0,"publisher":{"@id":"https:\/\/now-news.de\/de\/#organization"},"image":{"@id":"https:\/\/now-news.de\/de\/deutschland\/schoigu-teilmobilmachung-offiziell-beendet\/#primaryimage"},"thumbnailUrl":"https:\/\/now-news.de\/de\/wp-content\/uploads\/sites\/3\/2022\/10\/Schoigu-Teilmobilmachung-offiziell-beendet.jpg","keywords":["beendet","Offiziell","Schoigu","Teilmobilmachung"],"articleSection":["Deutschland","Russland"],"inLanguage":"de","potentialAction":[{"@type":"CommentAction","name":"Comment","target":["https:\/\/now-news.de\/de\/deutschland\/schoigu-teilmobilmachung-offiziell-beendet\/#respond"]}]},{"@type":"WebPage","@id":"https:\/\/now-news.de\/de\/deutschland\/schoigu-teilmobilmachung-offiziell-beendet\/","url":"https:\/\/now-news.de\/de\/deutschland\/schoigu-teilmobilmachung-offiziell-beendet\/","name":"Schoigu: Teilmobilmachung offiziell beendet - just-now.NEWS Deutschland","isPartOf":{"@id":"https:\/\/now-news.de\/de\/#website"},"primaryImageOfPage":{"@id":"https:\/\/now-news.de\/de\/deutschland\/schoigu-teilmobilmachung-offiziell-beendet\/#primaryimage"},"image":{"@id":"https:\/\/now-news.de\/de\/deutschland\/schoigu-teilmobilmachung-offiziell-beendet\/#primaryimage"},"thumbnailUrl":"https:\/\/now-news.de\/de\/wp-content\/uploads\/sites\/3\/2022\/10\/Schoigu-Teilmobilmachung-offiziell-beendet.jpg","datePublished":"2022-10-28T15:20:53+00:00","dateModified":"2022-10-28T15:20:53+00:00","breadcrumb":{"@id":"https:\/\/now-news.de\/de\/deutschland\/schoigu-teilmobilmachung-offiziell-beendet\/#breadcrumb"},"inLanguage":"de","potentialAction":[{"@type":"ReadAction","target":["https:\/\/now-news.de\/de\/deutschland\/schoigu-teilmobilmachung-offiziell-beendet\/"]}]},{"@type":"ImageObject","inLanguage":"de","@id":"https:\/\/now-news.de\/de\/deutschland\/schoigu-teilmobilmachung-offiziell-beendet\/#primaryimage","url":"https:\/\/now-news.de\/de\/wp-content\/uploads\/sites\/3\/2022\/10\/Schoigu-Teilmobilmachung-offiziell-beendet.jpg","contentUrl":"https:\/\/now-news.de\/de\/wp-content\/uploads\/sites\/3\/2022\/10\/Schoigu-Teilmobilmachung-offiziell-beendet.jpg","width":460,"height":259,"caption":"Schoigu: Teilmobilmachung offiziell beendet"},{"@type":"BreadcrumbList","@id":"https:\/\/now-news.de\/de\/deutschland\/schoigu-teilmobilmachung-offiziell-beendet\/#breadcrumb","itemListElement":[{"@type":"ListItem","position":1,"name":"Home","item":"https:\/\/now-news.de\/de\/"},{"@type":"ListItem","position":2,"name":"Schoigu: Teilmobilmachung offiziell beendet"}]},{"@type":"WebSite","@id":"https:\/\/now-news.de\/de\/#website","url":"https:\/\/now-news.de\/de\/","name":"just-now.NEWS Deutschland","description":"Das Portal f\u00fcr unzensierte Nachrichten aus der Welt","publisher":{"@id":"https:\/\/now-news.de\/de\/#organization"},"potentialAction":[{"@type":"SearchAction","target":{"@type":"EntryPoint","urlTemplate":"https:\/\/now-news.de\/de\/?s={search_term_string}"},"query-input":"required name=search_term_string"}],"inLanguage":"de"},{"@type":"Organization","@id":"https:\/\/now-news.de\/de\/#organization","name":"Just Now News","url":"https:\/\/now-news.de\/de\/","logo":{"@type":"ImageObject","inLanguage":"de","@id":"https:\/\/now-news.de\/de\/#\/schema\/logo\/image\/","url":"http:\/\/just-now.news\/de\/wp-content\/uploads\/sites\/3\/2022\/04\/logo500x500.jpg","contentUrl":"http:\/\/just-now.news\/de\/wp-content\/uploads\/sites\/3\/2022\/04\/logo500x500.jpg","width":500,"height":500,"caption":"Just Now News"},"image":{"@id":"https:\/\/now-news.de\/de\/#\/schema\/logo\/image\/"},"sameAs":["https:\/\/www.facebook.com\/wirmachenauf","https:\/\/x.com\/WirMachenAuf_de"]},{"@type":"Person","@id":"https:\/\/now-news.de\/de\/#\/schema\/person\/fb534a4e865501d8b3285208df34a9b5","name":"rtnews","image":{"@type":"ImageObject","inLanguage":"de","@id":"https:\/\/now-news.de\/de\/#\/schema\/person\/image\/","url":"https:\/\/secure.gravatar.com\/avatar\/82aafea7d8127119dd649515f56e2117?s=96&d=mm&r=g","contentUrl":"https:\/\/secure.gravatar.com\/avatar\/82aafea7d8127119dd649515f56e2117?s=96&d=mm&r=g","caption":"rtnews"},"url":"https:\/\/now-news.de\/de\/author\/rnews\/"}]}},"_links":{"self":[{"href":"https:\/\/now-news.de\/de\/wp-json\/wp\/v2\/posts\/21948"}],"collection":[{"href":"https:\/\/now-news.de\/de\/wp-json\/wp\/v2\/posts"}],"about":[{"href":"https:\/\/now-news.de\/de\/wp-json\/wp\/v2\/types\/post"}],"author":[{"embeddable":true,"href":"https:\/\/now-news.de\/de\/wp-json\/wp\/v2\/users\/3"}],"replies":[{"embeddable":true,"href":"https:\/\/now-news.de\/de\/wp-json\/wp\/v2\/comments?post=21948"}],"version-history":[{"count":0,"href":"https:\/\/now-news.de\/de\/wp-json\/wp\/v2\/posts\/21948\/revisions"}],"wp:featuredmedia":[{"embeddable":true,"href":"https:\/\/now-news.de\/de\/wp-json\/wp\/v2\/media\/21949"}],"wp:attachment":[{"href":"https:\/\/now-news.de\/de\/wp-json\/wp\/v2\/media?parent=21948"}],"wp:term":[{"taxonomy":"category","embeddable":true,"href":"https:\/\/now-news.de\/de\/wp-json\/wp\/v2\/categories?post=21948"},{"taxonomy":"post_tag","embeddable":true,"href":"https:\/\/now-news.de\/de\/wp-json\/wp\/v2\/tags?post=21948"}],"curies":[{"name":"wp","href":"https:\/\/api.w.org\/{rel}","templated":true}]}}