{"id":21895,"date":"2022-10-27T21:03:27","date_gmt":"2022-10-27T19:03:27","guid":{"rendered":"http:\/\/just-now.news\/de\/deutschland\/kriegsdienstverweigerung-zahl-der-antraege-in-deutschland-gestiegen\/"},"modified":"2022-10-27T21:03:27","modified_gmt":"2022-10-27T19:03:27","slug":"kriegsdienstverweigerung-zahl-der-antraege-in-deutschland-gestiegen","status":"publish","type":"post","link":"https:\/\/now-news.de\/de\/deutschland\/kriegsdienstverweigerung-zahl-der-antraege-in-deutschland-gestiegen\/","title":{"rendered":"Kriegsdienstverweigerung: Zahl der Antr\u00e4ge in Deutschland gestiegen"},"content":{"rendered":"<p><img decoding=\"async\" src=\"http:\/\/just-now.news\/de\/wp-content\/uploads\/sites\/3\/2022\/10\/635a7ec648fbef32c842f895.jpg\" \/><\/p>\n<div class=\"Text-root Text-type_1 \">\n                Die Zahl der Bundeswehrsoldaten, die den Kriegsdienst verweigern, steigt. Vor allem Reservisten und Ungediente lehnen zunehmend den Dienst ab. Laut Sevim Dagdelen sind die Zahlen &#8220;eine Abstimmung mit den F\u00fc\u00dfen gegen den milit\u00e4rischen Eskalationskurs der Bundesregierung&#8221;.\n            <\/div>\n<p><\/p>\n<div class=\"Text-root Text-type_5 ArticleView-text ViewText-root \">\n<p>Die Zahl der Kriegsdienstverweigerungsantr\u00e4ge in Deutschland ist nach dem Beginn der milit\u00e4rischen Eskalation in der Ukraine gestiegen. Allerdings liegt die Zahl bei aktiven Soldaten in den ersten acht Monaten dieses Jahres mit 136 noch unter der Vorjahreszahl von 176 Antr\u00e4gen, wie aus einer Antwort des Bundesverteidigungsministeriums auf eine Anfrage aus dem Verteidigungsausschuss des Bundestags hervorgeht.<\/p>\n<p>Demnach ist eine Zunahme bei den Reservisten von 10 F\u00e4llen im vergangenen Jahr auf bislang 190 F\u00e4lle in diesem Jahr festzustellen \u2013 und in der Gruppe der Ungedienten noch st\u00e4rker von 23 F\u00e4llen im Jahr 2021 auf bislang 484 F\u00e4lle im Jahr 2022. Allerdings ist die Wehrpflicht in Deutschland seit dem Jahr 2011 ausgesetzt. Die Relevanz der Kriegsdienstverweigerung ist deswegen prim\u00e4r f\u00fcr die aktiven Soldaten und teils auch f\u00fcr die Reservisten zu sehen.<\/p>\n<p>Die Linke kritisierte vor diesem Hintergrund die Bundesregierung. Sevim Dagdelen, Obfrau im Ausw\u00e4rtigen Ausschuss, sagte, es schlage sich die Sorge &#8220;vor den Folgen des milit\u00e4rischen Eskalationskurses der Bundesregierung in der Ukraine nieder&#8221;. Sie erg\u00e4nzte: &#8220;Die unverhohlene Zielstellung der Ampel-Koalition, Deutschland zur milit\u00e4rischen Gro\u00dfmacht aufzur\u00fcsten, befl\u00fcgelt offenbar diese Abstimmung mit den F\u00fc\u00dfen.&#8221;<\/p>\n<p><strong>Mehr zum Thema<\/strong> \u2013 <a rel=\"nofollow noopener\" target=\"_blank\" href=\"https:\/\/de.rt.com\/inland\/152325-medien-deutschland-bricht-rustungsprojekte-armee\/\">Medien: Deutschland bricht R\u00fcstungsprojekte der Armee wegen Inflation und schwachem Euro ab<\/a><\/p>\n<p><em>(rt de\/dpa)<\/em><\/p>\n<\/div>\n<p><br \/>\n<br \/><a href=\"https:\/\/de.rt.com\/inland\/152706-zahl-der-kriegsdienstverweigerungsantrage-in-deutschland-gestiegen\/\">Source link <\/a><\/p>\n","protected":false},"excerpt":{"rendered":"<p>Die Zahl der Bundeswehrsoldaten, die den Kriegsdienst verweigern, steigt. Vor allem Reservisten und Ungediente lehnen zunehmend den Dienst ab. Laut Sevim Dagdelen sind die Zahlen &#8220;eine Abstimmung mit den F\u00fc\u00dfen gegen den milit\u00e4rischen Eskalationskurs der Bundesregierung&#8221;. Die Zahl der Kriegsdienstverweigerungsantr\u00e4ge in Deutschland ist nach dem Beginn der milit\u00e4rischen Eskalation in der Ukraine gestiegen. Allerdings liegt [&hellip;]<\/p>\n","protected":false},"author":3,"featured_media":21896,"comment_status":"open","ping_status":"open","sticky":false,"template":"","format":"standard","meta":{"wp_automatic_camp":["217"],"f1f9a02ab5cbeced9a6c983ee1294bce":["Kriegsdienstverweigerung: Zahl der Antr\u00e4ge in Deutschland gestiegen"],"original_link":["https:\/\/de.rt.com\/inland\/152706-zahl-der-kriegsdienstverweigerungsantrage-in-deutschland-gestiegen\/"],"_thumbnail_id":["21896"],"_wptg_p2tg_sent2tg":["2022-10-27 21:05:24"],"jnews_social_counter_last_update":["1777391286"]},"categories":[19,23],"tags":[23773,82,179,12323,34978,16017],"yoast_head":"<!-- This site is optimized with the Yoast SEO Premium plugin v22.7 (Yoast SEO v22.7) - https:\/\/yoast.com\/wordpress\/plugins\/seo\/ -->\n<title>Kriegsdienstverweigerung: Zahl der Antr\u00e4ge in Deutschland gestiegen - just-now.NEWS Deutschland<\/title>\n<meta name=\"robots\" content=\"index, follow, max-snippet:-1, max-image-preview:large, max-video-preview:-1\" \/>\n<link rel=\"canonical\" href=\"https:\/\/now-news.de\/de\/deutschland\/kriegsdienstverweigerung-zahl-der-antraege-in-deutschland-gestiegen\/\" \/>\n<meta property=\"og:locale\" content=\"de_DE\" \/>\n<meta property=\"og:type\" content=\"article\" \/>\n<meta property=\"og:title\" content=\"Kriegsdienstverweigerung: Zahl der Antr\u00e4ge in Deutschland gestiegen\" \/>\n<meta property=\"og:description\" content=\"Die Zahl der Bundeswehrsoldaten, die den Kriegsdienst verweigern, steigt. Vor allem Reservisten und Ungediente lehnen zunehmend den Dienst ab. Laut Sevim Dagdelen sind die Zahlen &#8220;eine Abstimmung mit den F\u00fc\u00dfen gegen den milit\u00e4rischen Eskalationskurs der Bundesregierung&#8221;. Die Zahl der Kriegsdienstverweigerungsantr\u00e4ge in Deutschland ist nach dem Beginn der milit\u00e4rischen Eskalation in der Ukraine gestiegen. Allerdings liegt [&hellip;]\" \/>\n<meta property=\"og:url\" content=\"https:\/\/now-news.de\/de\/deutschland\/kriegsdienstverweigerung-zahl-der-antraege-in-deutschland-gestiegen\/\" \/>\n<meta property=\"og:site_name\" content=\"just-now.NEWS Deutschland\" \/>\n<meta property=\"article:publisher\" content=\"https:\/\/www.facebook.com\/wirmachenauf\" \/>\n<meta property=\"article:published_time\" content=\"2022-10-27T19:03:27+00:00\" \/>\n<meta property=\"og:image\" content=\"https:\/\/now-news.de\/de\/wp-content\/uploads\/sites\/3\/2022\/10\/Kriegsdienstverweigerung-Zahl-der-Antraege-in-Deutschland-gestiegen.jpg\" \/>\n\t<meta property=\"og:image:width\" content=\"460\" \/>\n\t<meta property=\"og:image:height\" content=\"259\" \/>\n\t<meta property=\"og:image:type\" content=\"image\/jpeg\" \/>\n<meta name=\"author\" content=\"rtnews\" \/>\n<meta name=\"twitter:card\" content=\"summary_large_image\" \/>\n<meta name=\"twitter:creator\" content=\"@WirMachenAuf_de\" \/>\n<meta name=\"twitter:site\" content=\"@WirMachenAuf_de\" \/>\n<meta name=\"twitter:label1\" content=\"Verfasst von\" \/>\n\t<meta name=\"twitter:data1\" content=\"rtnews\" \/>\n\t<meta name=\"twitter:label2\" content=\"Gesch\u00e4tzte Lesezeit\" \/>\n\t<meta name=\"twitter:data2\" content=\"1\u00a0Minute\" \/>\n<script type=\"application\/ld+json\" class=\"yoast-schema-graph\">{\"@context\":\"https:\/\/schema.org\",\"@graph\":[{\"@type\":\"Article\",\"@id\":\"https:\/\/now-news.de\/de\/deutschland\/kriegsdienstverweigerung-zahl-der-antraege-in-deutschland-gestiegen\/#article\",\"isPartOf\":{\"@id\":\"https:\/\/now-news.de\/de\/deutschland\/kriegsdienstverweigerung-zahl-der-antraege-in-deutschland-gestiegen\/\"},\"author\":{\"name\":\"rtnews\",\"@id\":\"https:\/\/now-news.de\/de\/#\/schema\/person\/fb534a4e865501d8b3285208df34a9b5\"},\"headline\":\"Kriegsdienstverweigerung: Zahl der Antr\u00e4ge in Deutschland gestiegen\",\"datePublished\":\"2022-10-27T19:03:27+00:00\",\"dateModified\":\"2022-10-27T19:03:27+00:00\",\"mainEntityOfPage\":{\"@id\":\"https:\/\/now-news.de\/de\/deutschland\/kriegsdienstverweigerung-zahl-der-antraege-in-deutschland-gestiegen\/\"},\"wordCount\":256,\"commentCount\":0,\"publisher\":{\"@id\":\"https:\/\/now-news.de\/de\/#organization\"},\"image\":{\"@id\":\"https:\/\/now-news.de\/de\/deutschland\/kriegsdienstverweigerung-zahl-der-antraege-in-deutschland-gestiegen\/#primaryimage\"},\"thumbnailUrl\":\"https:\/\/now-news.de\/de\/wp-content\/uploads\/sites\/3\/2022\/10\/Kriegsdienstverweigerung-Zahl-der-Antraege-in-Deutschland-gestiegen.jpg\",\"keywords\":[\"Antr\u00e4ge\",\"der\",\"Deutschland\",\"gestiegen\",\"Kriegsdienstverweigerung\",\"Zahl\"],\"articleSection\":[\"Deutschland\",\"Russland\"],\"inLanguage\":\"de\",\"potentialAction\":[{\"@type\":\"CommentAction\",\"name\":\"Comment\",\"target\":[\"https:\/\/now-news.de\/de\/deutschland\/kriegsdienstverweigerung-zahl-der-antraege-in-deutschland-gestiegen\/#respond\"]}]},{\"@type\":\"WebPage\",\"@id\":\"https:\/\/now-news.de\/de\/deutschland\/kriegsdienstverweigerung-zahl-der-antraege-in-deutschland-gestiegen\/\",\"url\":\"https:\/\/now-news.de\/de\/deutschland\/kriegsdienstverweigerung-zahl-der-antraege-in-deutschland-gestiegen\/\",\"name\":\"Kriegsdienstverweigerung: Zahl der Antr\u00e4ge in Deutschland gestiegen - just-now.NEWS Deutschland\",\"isPartOf\":{\"@id\":\"https:\/\/now-news.de\/de\/#website\"},\"primaryImageOfPage\":{\"@id\":\"https:\/\/now-news.de\/de\/deutschland\/kriegsdienstverweigerung-zahl-der-antraege-in-deutschland-gestiegen\/#primaryimage\"},\"image\":{\"@id\":\"https:\/\/now-news.de\/de\/deutschland\/kriegsdienstverweigerung-zahl-der-antraege-in-deutschland-gestiegen\/#primaryimage\"},\"thumbnailUrl\":\"https:\/\/now-news.de\/de\/wp-content\/uploads\/sites\/3\/2022\/10\/Kriegsdienstverweigerung-Zahl-der-Antraege-in-Deutschland-gestiegen.jpg\",\"datePublished\":\"2022-10-27T19:03:27+00:00\",\"dateModified\":\"2022-10-27T19:03:27+00:00\",\"breadcrumb\":{\"@id\":\"https:\/\/now-news.de\/de\/deutschland\/kriegsdienstverweigerung-zahl-der-antraege-in-deutschland-gestiegen\/#breadcrumb\"},\"inLanguage\":\"de\",\"potentialAction\":[{\"@type\":\"ReadAction\",\"target\":[\"https:\/\/now-news.de\/de\/deutschland\/kriegsdienstverweigerung-zahl-der-antraege-in-deutschland-gestiegen\/\"]}]},{\"@type\":\"ImageObject\",\"inLanguage\":\"de\",\"@id\":\"https:\/\/now-news.de\/de\/deutschland\/kriegsdienstverweigerung-zahl-der-antraege-in-deutschland-gestiegen\/#primaryimage\",\"url\":\"https:\/\/now-news.de\/de\/wp-content\/uploads\/sites\/3\/2022\/10\/Kriegsdienstverweigerung-Zahl-der-Antraege-in-Deutschland-gestiegen.jpg\",\"contentUrl\":\"https:\/\/now-news.de\/de\/wp-content\/uploads\/sites\/3\/2022\/10\/Kriegsdienstverweigerung-Zahl-der-Antraege-in-Deutschland-gestiegen.jpg\",\"width\":460,\"height\":259,\"caption\":\"Kriegsdienstverweigerung: Zahl der Antr\u00e4ge in Deutschland gestiegen\"},{\"@type\":\"BreadcrumbList\",\"@id\":\"https:\/\/now-news.de\/de\/deutschland\/kriegsdienstverweigerung-zahl-der-antraege-in-deutschland-gestiegen\/#breadcrumb\",\"itemListElement\":[{\"@type\":\"ListItem\",\"position\":1,\"name\":\"Home\",\"item\":\"https:\/\/now-news.de\/de\/\"},{\"@type\":\"ListItem\",\"position\":2,\"name\":\"Kriegsdienstverweigerung: Zahl der Antr\u00e4ge in Deutschland gestiegen\"}]},{\"@type\":\"WebSite\",\"@id\":\"https:\/\/now-news.de\/de\/#website\",\"url\":\"https:\/\/now-news.de\/de\/\",\"name\":\"just-now.NEWS Deutschland\",\"description\":\"Das Portal f\u00fcr unzensierte Nachrichten aus der Welt\",\"publisher\":{\"@id\":\"https:\/\/now-news.de\/de\/#organization\"},\"potentialAction\":[{\"@type\":\"SearchAction\",\"target\":{\"@type\":\"EntryPoint\",\"urlTemplate\":\"https:\/\/now-news.de\/de\/?s={search_term_string}\"},\"query-input\":\"required name=search_term_string\"}],\"inLanguage\":\"de\"},{\"@type\":\"Organization\",\"@id\":\"https:\/\/now-news.de\/de\/#organization\",\"name\":\"Just Now News\",\"url\":\"https:\/\/now-news.de\/de\/\",\"logo\":{\"@type\":\"ImageObject\",\"inLanguage\":\"de\",\"@id\":\"https:\/\/now-news.de\/de\/#\/schema\/logo\/image\/\",\"url\":\"http:\/\/just-now.news\/de\/wp-content\/uploads\/sites\/3\/2022\/04\/logo500x500.jpg\",\"contentUrl\":\"http:\/\/just-now.news\/de\/wp-content\/uploads\/sites\/3\/2022\/04\/logo500x500.jpg\",\"width\":500,\"height\":500,\"caption\":\"Just Now News\"},\"image\":{\"@id\":\"https:\/\/now-news.de\/de\/#\/schema\/logo\/image\/\"},\"sameAs\":[\"https:\/\/www.facebook.com\/wirmachenauf\",\"https:\/\/x.com\/WirMachenAuf_de\"]},{\"@type\":\"Person\",\"@id\":\"https:\/\/now-news.de\/de\/#\/schema\/person\/fb534a4e865501d8b3285208df34a9b5\",\"name\":\"rtnews\",\"image\":{\"@type\":\"ImageObject\",\"inLanguage\":\"de\",\"@id\":\"https:\/\/now-news.de\/de\/#\/schema\/person\/image\/\",\"url\":\"https:\/\/secure.gravatar.com\/avatar\/82aafea7d8127119dd649515f56e2117?s=96&d=mm&r=g\",\"contentUrl\":\"https:\/\/secure.gravatar.com\/avatar\/82aafea7d8127119dd649515f56e2117?s=96&d=mm&r=g\",\"caption\":\"rtnews\"},\"url\":\"https:\/\/now-news.de\/de\/author\/rnews\/\"}]}<\/script>\n<!-- \/ Yoast SEO Premium plugin. -->","yoast_head_json":{"title":"Kriegsdienstverweigerung: Zahl der Antr\u00e4ge in Deutschland gestiegen - just-now.NEWS Deutschland","robots":{"index":"index","follow":"follow","max-snippet":"max-snippet:-1","max-image-preview":"max-image-preview:large","max-video-preview":"max-video-preview:-1"},"canonical":"https:\/\/now-news.de\/de\/deutschland\/kriegsdienstverweigerung-zahl-der-antraege-in-deutschland-gestiegen\/","og_locale":"de_DE","og_type":"article","og_title":"Kriegsdienstverweigerung: Zahl der Antr\u00e4ge in Deutschland gestiegen","og_description":"Die Zahl der Bundeswehrsoldaten, die den Kriegsdienst verweigern, steigt. Vor allem Reservisten und Ungediente lehnen zunehmend den Dienst ab. Laut Sevim Dagdelen sind die Zahlen &#8220;eine Abstimmung mit den F\u00fc\u00dfen gegen den milit\u00e4rischen Eskalationskurs der Bundesregierung&#8221;. Die Zahl der Kriegsdienstverweigerungsantr\u00e4ge in Deutschland ist nach dem Beginn der milit\u00e4rischen Eskalation in der Ukraine gestiegen. Allerdings liegt [&hellip;]","og_url":"https:\/\/now-news.de\/de\/deutschland\/kriegsdienstverweigerung-zahl-der-antraege-in-deutschland-gestiegen\/","og_site_name":"just-now.NEWS Deutschland","article_publisher":"https:\/\/www.facebook.com\/wirmachenauf","article_published_time":"2022-10-27T19:03:27+00:00","og_image":[{"width":460,"height":259,"url":"https:\/\/now-news.de\/de\/wp-content\/uploads\/sites\/3\/2022\/10\/Kriegsdienstverweigerung-Zahl-der-Antraege-in-Deutschland-gestiegen.jpg","type":"image\/jpeg"}],"author":"rtnews","twitter_card":"summary_large_image","twitter_creator":"@WirMachenAuf_de","twitter_site":"@WirMachenAuf_de","twitter_misc":{"Verfasst von":"rtnews","Gesch\u00e4tzte Lesezeit":"1\u00a0Minute"},"schema":{"@context":"https:\/\/schema.org","@graph":[{"@type":"Article","@id":"https:\/\/now-news.de\/de\/deutschland\/kriegsdienstverweigerung-zahl-der-antraege-in-deutschland-gestiegen\/#article","isPartOf":{"@id":"https:\/\/now-news.de\/de\/deutschland\/kriegsdienstverweigerung-zahl-der-antraege-in-deutschland-gestiegen\/"},"author":{"name":"rtnews","@id":"https:\/\/now-news.de\/de\/#\/schema\/person\/fb534a4e865501d8b3285208df34a9b5"},"headline":"Kriegsdienstverweigerung: Zahl der Antr\u00e4ge in Deutschland gestiegen","datePublished":"2022-10-27T19:03:27+00:00","dateModified":"2022-10-27T19:03:27+00:00","mainEntityOfPage":{"@id":"https:\/\/now-news.de\/de\/deutschland\/kriegsdienstverweigerung-zahl-der-antraege-in-deutschland-gestiegen\/"},"wordCount":256,"commentCount":0,"publisher":{"@id":"https:\/\/now-news.de\/de\/#organization"},"image":{"@id":"https:\/\/now-news.de\/de\/deutschland\/kriegsdienstverweigerung-zahl-der-antraege-in-deutschland-gestiegen\/#primaryimage"},"thumbnailUrl":"https:\/\/now-news.de\/de\/wp-content\/uploads\/sites\/3\/2022\/10\/Kriegsdienstverweigerung-Zahl-der-Antraege-in-Deutschland-gestiegen.jpg","keywords":["Antr\u00e4ge","der","Deutschland","gestiegen","Kriegsdienstverweigerung","Zahl"],"articleSection":["Deutschland","Russland"],"inLanguage":"de","potentialAction":[{"@type":"CommentAction","name":"Comment","target":["https:\/\/now-news.de\/de\/deutschland\/kriegsdienstverweigerung-zahl-der-antraege-in-deutschland-gestiegen\/#respond"]}]},{"@type":"WebPage","@id":"https:\/\/now-news.de\/de\/deutschland\/kriegsdienstverweigerung-zahl-der-antraege-in-deutschland-gestiegen\/","url":"https:\/\/now-news.de\/de\/deutschland\/kriegsdienstverweigerung-zahl-der-antraege-in-deutschland-gestiegen\/","name":"Kriegsdienstverweigerung: Zahl der Antr\u00e4ge in Deutschland gestiegen - just-now.NEWS Deutschland","isPartOf":{"@id":"https:\/\/now-news.de\/de\/#website"},"primaryImageOfPage":{"@id":"https:\/\/now-news.de\/de\/deutschland\/kriegsdienstverweigerung-zahl-der-antraege-in-deutschland-gestiegen\/#primaryimage"},"image":{"@id":"https:\/\/now-news.de\/de\/deutschland\/kriegsdienstverweigerung-zahl-der-antraege-in-deutschland-gestiegen\/#primaryimage"},"thumbnailUrl":"https:\/\/now-news.de\/de\/wp-content\/uploads\/sites\/3\/2022\/10\/Kriegsdienstverweigerung-Zahl-der-Antraege-in-Deutschland-gestiegen.jpg","datePublished":"2022-10-27T19:03:27+00:00","dateModified":"2022-10-27T19:03:27+00:00","breadcrumb":{"@id":"https:\/\/now-news.de\/de\/deutschland\/kriegsdienstverweigerung-zahl-der-antraege-in-deutschland-gestiegen\/#breadcrumb"},"inLanguage":"de","potentialAction":[{"@type":"ReadAction","target":["https:\/\/now-news.de\/de\/deutschland\/kriegsdienstverweigerung-zahl-der-antraege-in-deutschland-gestiegen\/"]}]},{"@type":"ImageObject","inLanguage":"de","@id":"https:\/\/now-news.de\/de\/deutschland\/kriegsdienstverweigerung-zahl-der-antraege-in-deutschland-gestiegen\/#primaryimage","url":"https:\/\/now-news.de\/de\/wp-content\/uploads\/sites\/3\/2022\/10\/Kriegsdienstverweigerung-Zahl-der-Antraege-in-Deutschland-gestiegen.jpg","contentUrl":"https:\/\/now-news.de\/de\/wp-content\/uploads\/sites\/3\/2022\/10\/Kriegsdienstverweigerung-Zahl-der-Antraege-in-Deutschland-gestiegen.jpg","width":460,"height":259,"caption":"Kriegsdienstverweigerung: Zahl der Antr\u00e4ge in Deutschland gestiegen"},{"@type":"BreadcrumbList","@id":"https:\/\/now-news.de\/de\/deutschland\/kriegsdienstverweigerung-zahl-der-antraege-in-deutschland-gestiegen\/#breadcrumb","itemListElement":[{"@type":"ListItem","position":1,"name":"Home","item":"https:\/\/now-news.de\/de\/"},{"@type":"ListItem","position":2,"name":"Kriegsdienstverweigerung: Zahl der Antr\u00e4ge in Deutschland gestiegen"}]},{"@type":"WebSite","@id":"https:\/\/now-news.de\/de\/#website","url":"https:\/\/now-news.de\/de\/","name":"just-now.NEWS Deutschland","description":"Das Portal f\u00fcr unzensierte Nachrichten aus der Welt","publisher":{"@id":"https:\/\/now-news.de\/de\/#organization"},"potentialAction":[{"@type":"SearchAction","target":{"@type":"EntryPoint","urlTemplate":"https:\/\/now-news.de\/de\/?s={search_term_string}"},"query-input":"required name=search_term_string"}],"inLanguage":"de"},{"@type":"Organization","@id":"https:\/\/now-news.de\/de\/#organization","name":"Just Now News","url":"https:\/\/now-news.de\/de\/","logo":{"@type":"ImageObject","inLanguage":"de","@id":"https:\/\/now-news.de\/de\/#\/schema\/logo\/image\/","url":"http:\/\/just-now.news\/de\/wp-content\/uploads\/sites\/3\/2022\/04\/logo500x500.jpg","contentUrl":"http:\/\/just-now.news\/de\/wp-content\/uploads\/sites\/3\/2022\/04\/logo500x500.jpg","width":500,"height":500,"caption":"Just Now News"},"image":{"@id":"https:\/\/now-news.de\/de\/#\/schema\/logo\/image\/"},"sameAs":["https:\/\/www.facebook.com\/wirmachenauf","https:\/\/x.com\/WirMachenAuf_de"]},{"@type":"Person","@id":"https:\/\/now-news.de\/de\/#\/schema\/person\/fb534a4e865501d8b3285208df34a9b5","name":"rtnews","image":{"@type":"ImageObject","inLanguage":"de","@id":"https:\/\/now-news.de\/de\/#\/schema\/person\/image\/","url":"https:\/\/secure.gravatar.com\/avatar\/82aafea7d8127119dd649515f56e2117?s=96&d=mm&r=g","contentUrl":"https:\/\/secure.gravatar.com\/avatar\/82aafea7d8127119dd649515f56e2117?s=96&d=mm&r=g","caption":"rtnews"},"url":"https:\/\/now-news.de\/de\/author\/rnews\/"}]}},"_links":{"self":[{"href":"https:\/\/now-news.de\/de\/wp-json\/wp\/v2\/posts\/21895"}],"collection":[{"href":"https:\/\/now-news.de\/de\/wp-json\/wp\/v2\/posts"}],"about":[{"href":"https:\/\/now-news.de\/de\/wp-json\/wp\/v2\/types\/post"}],"author":[{"embeddable":true,"href":"https:\/\/now-news.de\/de\/wp-json\/wp\/v2\/users\/3"}],"replies":[{"embeddable":true,"href":"https:\/\/now-news.de\/de\/wp-json\/wp\/v2\/comments?post=21895"}],"version-history":[{"count":0,"href":"https:\/\/now-news.de\/de\/wp-json\/wp\/v2\/posts\/21895\/revisions"}],"wp:featuredmedia":[{"embeddable":true,"href":"https:\/\/now-news.de\/de\/wp-json\/wp\/v2\/media\/21896"}],"wp:attachment":[{"href":"https:\/\/now-news.de\/de\/wp-json\/wp\/v2\/media?parent=21895"}],"wp:term":[{"taxonomy":"category","embeddable":true,"href":"https:\/\/now-news.de\/de\/wp-json\/wp\/v2\/categories?post=21895"},{"taxonomy":"post_tag","embeddable":true,"href":"https:\/\/now-news.de\/de\/wp-json\/wp\/v2\/tags?post=21895"}],"curies":[{"name":"wp","href":"https:\/\/api.w.org\/{rel}","templated":true}]}}