{"id":21834,"date":"2022-10-26T22:13:02","date_gmt":"2022-10-26T20:13:02","guid":{"rendered":"http:\/\/just-now.news\/de\/deutschland\/goering-eckardt-putin-will-ukrainische-sprache-und-kultur-zerstoeren\/"},"modified":"2022-10-26T22:13:02","modified_gmt":"2022-10-26T20:13:02","slug":"goering-eckardt-putin-will-ukrainische-sprache-und-kultur-zerstoeren","status":"publish","type":"post","link":"https:\/\/now-news.de\/de\/deutschland\/goering-eckardt-putin-will-ukrainische-sprache-und-kultur-zerstoeren\/","title":{"rendered":"G\u00f6ring-Eckardt: Putin will &quot;ukrainische Sprache und Kultur zerst\u00f6ren&quot;"},"content":{"rendered":"<p><img decoding=\"async\" src=\"http:\/\/just-now.news\/de\/wp-content\/uploads\/sites\/3\/2022\/10\/6359945e48fbef32f809eb8f.jpg\" \/><\/p>\n<div class=\"Text-root Text-type_1 \">\n                Die gr\u00fcne Bundestagsabgeordnete Katrin G\u00f6ring-Eckardt behauptet, dass Putin die &#8220;ukrainische Sprache und Kultur zerst\u00f6ren&#8221; will. Der russische Pr\u00e4sident erkl\u00e4rte jedoch bereits am 14. Oktober, dass die Milit\u00e4roperation nichts mit der ukrainischen Kultur zu tun hat. Auf der Krim sei Ukrainisch zudem eine der drei Amtssprachen.\n            <\/div>\n<p><\/p>\n<div class=\"Text-root Text-type_5 ArticleView-text ViewText-root \">\n<p>Der ukrainische Ministerpr\u00e4sident Denis Schmygal gab am Mittwoch auf Telegram bekannt, dass die Bundestagsfraktionen der Gr\u00fcnen und der Union sich einig seien, die Erh\u00f6hung der Verteidigungshilfe f\u00fcr die Ukraine im n\u00e4chsten Jahr auf mehr als\u00a0zwei Milliarden Euro zu unterst\u00fctzen. Dies\u00a0erkl\u00e4rte der Politiker im Anschluss an ein Treffen mit den Bundestagsabgeordneten Katrin G\u00f6ring-Eckardt (B\u00fcndnis 90\/Die Gr\u00fcnen), der Co-Parteivorsitzenden Ricarda Lang sowie dem Vorsitzenden der CDU\/CSU-Bundestagsfraktion Friedrich Merz. Schmygal zeigte sich \u00fcberzeugt, dass der Bundestag weiterhin bereit sei, &#8220;die Ukraine weiterhin mit Waffen, Geldmitteln sowie technischer und humanit\u00e4rer Hilfe zu unterst\u00fctzen&#8221;.<\/p>\n<blockquote>\n<p><em>&#8220;Insbesondere sind beide Fraktionen bereit, eine Erh\u00f6hung der Verteidigungshilfe f\u00fcr die Ukraine im n\u00e4chsten Jahr auf mehr als 2 Milliarden Euro zu unterst\u00fctzen. Wir sind den deutschen Parlamentariern f\u00fcr ihre Konsolidierung und ihre klare Position zur Unterst\u00fctzung der Ukraine dankbar.&#8221;<\/em><\/p>\n<\/blockquote>\n<p>Katrin G\u00f6ring-Eckardt fand nach dem Treffen deutlich drastischere Worte und erkl\u00e4rte auf Twitter:<\/p>\n<blockquote>\n<p><em>&#8220;&#8216;Putin greift unser gemeinsames Europa an, er will die ukrainische Sprache und Kultur zerst\u00f6ren. Wir sind Verb\u00fcndete.&#8217; Das haben @Ricarda_Lang und ich @Denys_Shmyhal versichert. F\u00fcr uns ist klar: Der Wiederaufabu [sic!] der Ukraine muss jetzt beginnen!&#8221;<\/em><\/p>\n<\/blockquote>\n<div class=\"EmbedBlock-root EmbedBlock-twitter\">\n<div class=\"TwitterEmbed\">\n<blockquote class=\"twitter-tweet lazyload\" data-twitter=\"twitter-tweet\">\n<p lang=\"de\" dir=\"ltr\">\u201ePutin greift unser gemeinsames Europa an, er will die ukrainische Sprache und Kultur zerst\u00f6ren. Wir sind Verb\u00fcndete.\u201c Das haben <a rel=\"nofollow noopener\" target=\"_blank\" href=\"https:\/\/twitter.com\/Ricarda_Lang?ref_src=twsrc%5Etfw\">@Ricarda_Lang<\/a> und ich <a rel=\"nofollow noopener\" target=\"_blank\" href=\"https:\/\/twitter.com\/Denys_Shmyhal?ref_src=twsrc%5Etfw\">@Denys_Shmyhal<\/a> versichert. F\u00fcr uns ist klar: Der Wiederaufabu der Ukraine muss jetzt beginnen! <a rel=\"nofollow noopener\" target=\"_blank\" href=\"https:\/\/twitter.com\/hashtag\/RecoveryofUkraine?src=hash&amp;ref_src=twsrc%5Etfw\">#RecoveryofUkraine<\/a><a rel=\"nofollow noopener\" target=\"_blank\" href=\"https:\/\/t.co\/jEZLscNGpk\">pic.twitter.com\/jEZLscNGpk<\/a><\/p>\n<p>\u2014 Katrin G\u00f6ring-Eckardt (@GoeringEckardt) <a rel=\"nofollow noopener\" target=\"_blank\" href=\"https:\/\/twitter.com\/GoeringEckardt\/status\/1584927325535105024?ref_src=twsrc%5Etfw\">October 25, 2022<\/a><\/p><\/blockquote>\n<\/div>\n<\/div>\n<p>Die \u00c4u\u00dferungen G\u00f6ring-Eckardts stehen allerdings im deutlichen Widerspruch zur Realit\u00e4t: Der russische Pr\u00e4sident Wladimir Putin wies erst am 14. Oktober nach dem Gipfeltreffen der GUS-Staaten darauf hin, dass die ukrainische Sprache auf der Krim neben dem Krimtatarischen und dem Russischen eine Amtssprache sei. Ein Verbot der ukrainischen Sprache w\u00e4re daher sogar rechtswidrig. Au\u00dferdem gebe es laut Putin etwa drei Millionen Menschen ukrainischer Nationalit\u00e4t in Russland:<\/p>\n<blockquote>\n<p><em>&#8220;Wie k\u00f6nnen wir denn ihre Sprache verbieten? Das f\u00e4llt uns doch nicht einmal ein.&#8221;<\/em><\/p>\n<\/blockquote>\n<p>Er sei sich auch sicher, dass in vielen russischen Familien die ukrainische Kultur geliebt werde. In der Sowjetunion habe es auch Lieder in ukrainischer Sprache gegeben, die &#8220;wahre Hits&#8221; waren. Man solle nicht dem Beispiel anderer L\u00e4nder folgen, die beispielsweise die russische Kultur &#8220;canceln&#8221; wollen, so Putin.<\/p>\n<blockquote>\n<p><em>&#8220;Die Kultur hat damit \u00fcberhaupt nichts zu tun.&#8221;<\/em><\/p>\n<\/blockquote>\n<p>Auch wenn es in der Ukraine Neonazis gebe, habe dies keinen direkten Bezug zur ukrainischen Kultur und mache etwa das ukrainische Liedgut nicht automatisch faschistisch.<\/p>\n<p>In der \u00f6ffentlichen Debatte in Russland ist die Bedeutung der ukrainischen Sprache und Kultur auch im Hinblick auf die k\u00fcnftigen Beziehungen zwischen beiden V\u00f6lkern ein Thema. Der russische Schriftsteller und Politiker Sachar Prilepin vertritt beispielsweise die Meinung:<\/p>\n<blockquote>\n<p><em>&#8220;Wir wollen die ukrainische Sprache nicht den Nationalisten \u00fcberlassen.&#8221;<\/em><\/p>\n<\/blockquote>\n<p><strong>Mehr zum Thema &#8211; <\/strong><a rel=\"nofollow noopener\" target=\"_blank\" href=\"https:\/\/pressefreiheit.rtde.live\/europa\/142866-versuch-russische-sprache-und-kultur-auszumerzen-hat-niveau-einer-farce-erreicht\/\">Der Versuch, die russische Sprache und Kultur &#8220;auszumerzen&#8221;, hat das Niveau einer Farce erreicht<\/a><\/p>\n<\/p>\n<\/div>\n<p><script async src=\"https:\/\/platform.twitter.com\/widgets.js\" charset=\"utf-8\"><\/script><br \/>\n<br \/><br \/>\n<br \/><a href=\"https:\/\/de.rt.com\/international\/152642-goring-eckardt-putin-will-ukrainische\/\">Source link <\/a><\/p>\n","protected":false},"excerpt":{"rendered":"<p>Die gr\u00fcne Bundestagsabgeordnete Katrin G\u00f6ring-Eckardt behauptet, dass Putin die &#8220;ukrainische Sprache und Kultur zerst\u00f6ren&#8221; will. Der russische Pr\u00e4sident erkl\u00e4rte jedoch bereits am 14. Oktober, dass die Milit\u00e4roperation nichts mit der ukrainischen Kultur zu tun hat. Auf der Krim sei Ukrainisch zudem eine der drei Amtssprachen. Der ukrainische Ministerpr\u00e4sident Denis Schmygal gab am Mittwoch auf Telegram [&hellip;]<\/p>\n","protected":false},"author":3,"featured_media":21835,"comment_status":"open","ping_status":"open","sticky":false,"template":"","format":"standard","meta":{"wp_automatic_camp":["217"],"32c044b43555d8050f7587429854ecdf":["G\u00f6ring-Eckardt: Putin will &quot;ukrainische Sprache und Kultur zerst\u00f6ren&quot;"],"original_link":["https:\/\/de.rt.com\/international\/152642-goring-eckardt-putin-will-ukrainische\/"],"_thumbnail_id":["21835"],"jnews_social_counter_last_update":["1777107665"],"_wptg_p2tg_sent2tg":["2022-10-26 22:26:33"]},"categories":[19,23],"tags":[29728,5416,125,26814,23357,140,34942],"yoast_head":"<!-- This site is optimized with the Yoast SEO Premium plugin v22.7 (Yoast SEO v22.7) - https:\/\/yoast.com\/wordpress\/plugins\/seo\/ -->\n<title>G\u00f6ring-Eckardt: Putin will &quot;ukrainische Sprache und Kultur zerst\u00f6ren&quot; - just-now.NEWS Deutschland<\/title>\n<meta name=\"robots\" content=\"index, follow, max-snippet:-1, max-image-preview:large, max-video-preview:-1\" \/>\n<link rel=\"canonical\" href=\"https:\/\/now-news.de\/de\/deutschland\/goering-eckardt-putin-will-ukrainische-sprache-und-kultur-zerstoeren\/\" \/>\n<meta property=\"og:locale\" content=\"de_DE\" \/>\n<meta property=\"og:type\" content=\"article\" \/>\n<meta property=\"og:title\" content=\"G\u00f6ring-Eckardt: Putin will &quot;ukrainische Sprache und Kultur zerst\u00f6ren&quot;\" \/>\n<meta property=\"og:description\" content=\"Die gr\u00fcne Bundestagsabgeordnete Katrin G\u00f6ring-Eckardt behauptet, dass Putin die &#8220;ukrainische Sprache und Kultur zerst\u00f6ren&#8221; will. Der russische Pr\u00e4sident erkl\u00e4rte jedoch bereits am 14. Oktober, dass die Milit\u00e4roperation nichts mit der ukrainischen Kultur zu tun hat. Auf der Krim sei Ukrainisch zudem eine der drei Amtssprachen. Der ukrainische Ministerpr\u00e4sident Denis Schmygal gab am Mittwoch auf Telegram [&hellip;]\" \/>\n<meta property=\"og:url\" content=\"https:\/\/now-news.de\/de\/deutschland\/goering-eckardt-putin-will-ukrainische-sprache-und-kultur-zerstoeren\/\" \/>\n<meta property=\"og:site_name\" content=\"just-now.NEWS Deutschland\" \/>\n<meta property=\"article:publisher\" content=\"https:\/\/www.facebook.com\/wirmachenauf\" \/>\n<meta property=\"article:published_time\" content=\"2022-10-26T20:13:02+00:00\" \/>\n<meta property=\"og:image\" content=\"https:\/\/now-news.de\/de\/wp-content\/uploads\/sites\/3\/2022\/10\/Goering-Eckardt-Putin-will-quotukrainische-Sprache-und-Kultur-zerstoerenquot.jpg\" \/>\n\t<meta property=\"og:image:width\" content=\"460\" \/>\n\t<meta property=\"og:image:height\" content=\"259\" \/>\n\t<meta property=\"og:image:type\" content=\"image\/jpeg\" \/>\n<meta name=\"author\" content=\"rtnews\" \/>\n<meta name=\"twitter:card\" content=\"summary_large_image\" \/>\n<meta name=\"twitter:creator\" content=\"@WirMachenAuf_de\" \/>\n<meta name=\"twitter:site\" content=\"@WirMachenAuf_de\" \/>\n<meta name=\"twitter:label1\" content=\"Verfasst von\" \/>\n\t<meta name=\"twitter:data1\" content=\"rtnews\" \/>\n\t<meta name=\"twitter:label2\" content=\"Gesch\u00e4tzte Lesezeit\" \/>\n\t<meta name=\"twitter:data2\" content=\"3\u00a0Minuten\" \/>\n<script type=\"application\/ld+json\" class=\"yoast-schema-graph\">{\"@context\":\"https:\/\/schema.org\",\"@graph\":[{\"@type\":\"Article\",\"@id\":\"https:\/\/now-news.de\/de\/deutschland\/goering-eckardt-putin-will-ukrainische-sprache-und-kultur-zerstoeren\/#article\",\"isPartOf\":{\"@id\":\"https:\/\/now-news.de\/de\/deutschland\/goering-eckardt-putin-will-ukrainische-sprache-und-kultur-zerstoeren\/\"},\"author\":{\"name\":\"rtnews\",\"@id\":\"https:\/\/now-news.de\/de\/#\/schema\/person\/fb534a4e865501d8b3285208df34a9b5\"},\"headline\":\"G\u00f6ring-Eckardt: Putin will &quot;ukrainische Sprache und Kultur zerst\u00f6ren&quot;\",\"datePublished\":\"2022-10-26T20:13:02+00:00\",\"dateModified\":\"2022-10-26T20:13:02+00:00\",\"mainEntityOfPage\":{\"@id\":\"https:\/\/now-news.de\/de\/deutschland\/goering-eckardt-putin-will-ukrainische-sprache-und-kultur-zerstoeren\/\"},\"wordCount\":554,\"commentCount\":0,\"publisher\":{\"@id\":\"https:\/\/now-news.de\/de\/#organization\"},\"image\":{\"@id\":\"https:\/\/now-news.de\/de\/deutschland\/goering-eckardt-putin-will-ukrainische-sprache-und-kultur-zerstoeren\/#primaryimage\"},\"thumbnailUrl\":\"https:\/\/now-news.de\/de\/wp-content\/uploads\/sites\/3\/2022\/10\/Goering-Eckardt-Putin-will-quotukrainische-Sprache-und-Kultur-zerstoerenquot.jpg\",\"keywords\":[\"G\u00f6ringEckardt\",\"kultur\",\"putin\",\"quotUkrainische\",\"Sprache\",\"und\",\"zerst\u00f6renquot\"],\"articleSection\":[\"Deutschland\",\"Russland\"],\"inLanguage\":\"de\",\"potentialAction\":[{\"@type\":\"CommentAction\",\"name\":\"Comment\",\"target\":[\"https:\/\/now-news.de\/de\/deutschland\/goering-eckardt-putin-will-ukrainische-sprache-und-kultur-zerstoeren\/#respond\"]}]},{\"@type\":\"WebPage\",\"@id\":\"https:\/\/now-news.de\/de\/deutschland\/goering-eckardt-putin-will-ukrainische-sprache-und-kultur-zerstoeren\/\",\"url\":\"https:\/\/now-news.de\/de\/deutschland\/goering-eckardt-putin-will-ukrainische-sprache-und-kultur-zerstoeren\/\",\"name\":\"G\u00f6ring-Eckardt: Putin will &quot;ukrainische Sprache und Kultur zerst\u00f6ren&quot; - just-now.NEWS Deutschland\",\"isPartOf\":{\"@id\":\"https:\/\/now-news.de\/de\/#website\"},\"primaryImageOfPage\":{\"@id\":\"https:\/\/now-news.de\/de\/deutschland\/goering-eckardt-putin-will-ukrainische-sprache-und-kultur-zerstoeren\/#primaryimage\"},\"image\":{\"@id\":\"https:\/\/now-news.de\/de\/deutschland\/goering-eckardt-putin-will-ukrainische-sprache-und-kultur-zerstoeren\/#primaryimage\"},\"thumbnailUrl\":\"https:\/\/now-news.de\/de\/wp-content\/uploads\/sites\/3\/2022\/10\/Goering-Eckardt-Putin-will-quotukrainische-Sprache-und-Kultur-zerstoerenquot.jpg\",\"datePublished\":\"2022-10-26T20:13:02+00:00\",\"dateModified\":\"2022-10-26T20:13:02+00:00\",\"breadcrumb\":{\"@id\":\"https:\/\/now-news.de\/de\/deutschland\/goering-eckardt-putin-will-ukrainische-sprache-und-kultur-zerstoeren\/#breadcrumb\"},\"inLanguage\":\"de\",\"potentialAction\":[{\"@type\":\"ReadAction\",\"target\":[\"https:\/\/now-news.de\/de\/deutschland\/goering-eckardt-putin-will-ukrainische-sprache-und-kultur-zerstoeren\/\"]}]},{\"@type\":\"ImageObject\",\"inLanguage\":\"de\",\"@id\":\"https:\/\/now-news.de\/de\/deutschland\/goering-eckardt-putin-will-ukrainische-sprache-und-kultur-zerstoeren\/#primaryimage\",\"url\":\"https:\/\/now-news.de\/de\/wp-content\/uploads\/sites\/3\/2022\/10\/Goering-Eckardt-Putin-will-quotukrainische-Sprache-und-Kultur-zerstoerenquot.jpg\",\"contentUrl\":\"https:\/\/now-news.de\/de\/wp-content\/uploads\/sites\/3\/2022\/10\/Goering-Eckardt-Putin-will-quotukrainische-Sprache-und-Kultur-zerstoerenquot.jpg\",\"width\":460,\"height\":259,\"caption\":\"G\u00f6ring-Eckardt: Putin will &quot;ukrainische Sprache und Kultur zerst\u00f6ren&quot;\"},{\"@type\":\"BreadcrumbList\",\"@id\":\"https:\/\/now-news.de\/de\/deutschland\/goering-eckardt-putin-will-ukrainische-sprache-und-kultur-zerstoeren\/#breadcrumb\",\"itemListElement\":[{\"@type\":\"ListItem\",\"position\":1,\"name\":\"Home\",\"item\":\"https:\/\/now-news.de\/de\/\"},{\"@type\":\"ListItem\",\"position\":2,\"name\":\"G\u00f6ring-Eckardt: Putin will &quot;ukrainische Sprache und Kultur zerst\u00f6ren&quot;\"}]},{\"@type\":\"WebSite\",\"@id\":\"https:\/\/now-news.de\/de\/#website\",\"url\":\"https:\/\/now-news.de\/de\/\",\"name\":\"just-now.NEWS Deutschland\",\"description\":\"Das Portal f\u00fcr unzensierte Nachrichten aus der Welt\",\"publisher\":{\"@id\":\"https:\/\/now-news.de\/de\/#organization\"},\"potentialAction\":[{\"@type\":\"SearchAction\",\"target\":{\"@type\":\"EntryPoint\",\"urlTemplate\":\"https:\/\/now-news.de\/de\/?s={search_term_string}\"},\"query-input\":\"required name=search_term_string\"}],\"inLanguage\":\"de\"},{\"@type\":\"Organization\",\"@id\":\"https:\/\/now-news.de\/de\/#organization\",\"name\":\"Just Now News\",\"url\":\"https:\/\/now-news.de\/de\/\",\"logo\":{\"@type\":\"ImageObject\",\"inLanguage\":\"de\",\"@id\":\"https:\/\/now-news.de\/de\/#\/schema\/logo\/image\/\",\"url\":\"http:\/\/just-now.news\/de\/wp-content\/uploads\/sites\/3\/2022\/04\/logo500x500.jpg\",\"contentUrl\":\"http:\/\/just-now.news\/de\/wp-content\/uploads\/sites\/3\/2022\/04\/logo500x500.jpg\",\"width\":500,\"height\":500,\"caption\":\"Just Now News\"},\"image\":{\"@id\":\"https:\/\/now-news.de\/de\/#\/schema\/logo\/image\/\"},\"sameAs\":[\"https:\/\/www.facebook.com\/wirmachenauf\",\"https:\/\/x.com\/WirMachenAuf_de\"]},{\"@type\":\"Person\",\"@id\":\"https:\/\/now-news.de\/de\/#\/schema\/person\/fb534a4e865501d8b3285208df34a9b5\",\"name\":\"rtnews\",\"image\":{\"@type\":\"ImageObject\",\"inLanguage\":\"de\",\"@id\":\"https:\/\/now-news.de\/de\/#\/schema\/person\/image\/\",\"url\":\"https:\/\/secure.gravatar.com\/avatar\/82aafea7d8127119dd649515f56e2117?s=96&d=mm&r=g\",\"contentUrl\":\"https:\/\/secure.gravatar.com\/avatar\/82aafea7d8127119dd649515f56e2117?s=96&d=mm&r=g\",\"caption\":\"rtnews\"},\"url\":\"https:\/\/now-news.de\/de\/author\/rnews\/\"}]}<\/script>\n<!-- \/ Yoast SEO Premium plugin. -->","yoast_head_json":{"title":"G\u00f6ring-Eckardt: Putin will &quot;ukrainische Sprache und Kultur zerst\u00f6ren&quot; - just-now.NEWS Deutschland","robots":{"index":"index","follow":"follow","max-snippet":"max-snippet:-1","max-image-preview":"max-image-preview:large","max-video-preview":"max-video-preview:-1"},"canonical":"https:\/\/now-news.de\/de\/deutschland\/goering-eckardt-putin-will-ukrainische-sprache-und-kultur-zerstoeren\/","og_locale":"de_DE","og_type":"article","og_title":"G\u00f6ring-Eckardt: Putin will &quot;ukrainische Sprache und Kultur zerst\u00f6ren&quot;","og_description":"Die gr\u00fcne Bundestagsabgeordnete Katrin G\u00f6ring-Eckardt behauptet, dass Putin die &#8220;ukrainische Sprache und Kultur zerst\u00f6ren&#8221; will. Der russische Pr\u00e4sident erkl\u00e4rte jedoch bereits am 14. Oktober, dass die Milit\u00e4roperation nichts mit der ukrainischen Kultur zu tun hat. Auf der Krim sei Ukrainisch zudem eine der drei Amtssprachen. Der ukrainische Ministerpr\u00e4sident Denis Schmygal gab am Mittwoch auf Telegram [&hellip;]","og_url":"https:\/\/now-news.de\/de\/deutschland\/goering-eckardt-putin-will-ukrainische-sprache-und-kultur-zerstoeren\/","og_site_name":"just-now.NEWS Deutschland","article_publisher":"https:\/\/www.facebook.com\/wirmachenauf","article_published_time":"2022-10-26T20:13:02+00:00","og_image":[{"width":460,"height":259,"url":"https:\/\/now-news.de\/de\/wp-content\/uploads\/sites\/3\/2022\/10\/Goering-Eckardt-Putin-will-quotukrainische-Sprache-und-Kultur-zerstoerenquot.jpg","type":"image\/jpeg"}],"author":"rtnews","twitter_card":"summary_large_image","twitter_creator":"@WirMachenAuf_de","twitter_site":"@WirMachenAuf_de","twitter_misc":{"Verfasst von":"rtnews","Gesch\u00e4tzte Lesezeit":"3\u00a0Minuten"},"schema":{"@context":"https:\/\/schema.org","@graph":[{"@type":"Article","@id":"https:\/\/now-news.de\/de\/deutschland\/goering-eckardt-putin-will-ukrainische-sprache-und-kultur-zerstoeren\/#article","isPartOf":{"@id":"https:\/\/now-news.de\/de\/deutschland\/goering-eckardt-putin-will-ukrainische-sprache-und-kultur-zerstoeren\/"},"author":{"name":"rtnews","@id":"https:\/\/now-news.de\/de\/#\/schema\/person\/fb534a4e865501d8b3285208df34a9b5"},"headline":"G\u00f6ring-Eckardt: Putin will &quot;ukrainische Sprache und Kultur zerst\u00f6ren&quot;","datePublished":"2022-10-26T20:13:02+00:00","dateModified":"2022-10-26T20:13:02+00:00","mainEntityOfPage":{"@id":"https:\/\/now-news.de\/de\/deutschland\/goering-eckardt-putin-will-ukrainische-sprache-und-kultur-zerstoeren\/"},"wordCount":554,"commentCount":0,"publisher":{"@id":"https:\/\/now-news.de\/de\/#organization"},"image":{"@id":"https:\/\/now-news.de\/de\/deutschland\/goering-eckardt-putin-will-ukrainische-sprache-und-kultur-zerstoeren\/#primaryimage"},"thumbnailUrl":"https:\/\/now-news.de\/de\/wp-content\/uploads\/sites\/3\/2022\/10\/Goering-Eckardt-Putin-will-quotukrainische-Sprache-und-Kultur-zerstoerenquot.jpg","keywords":["G\u00f6ringEckardt","kultur","putin","quotUkrainische","Sprache","und","zerst\u00f6renquot"],"articleSection":["Deutschland","Russland"],"inLanguage":"de","potentialAction":[{"@type":"CommentAction","name":"Comment","target":["https:\/\/now-news.de\/de\/deutschland\/goering-eckardt-putin-will-ukrainische-sprache-und-kultur-zerstoeren\/#respond"]}]},{"@type":"WebPage","@id":"https:\/\/now-news.de\/de\/deutschland\/goering-eckardt-putin-will-ukrainische-sprache-und-kultur-zerstoeren\/","url":"https:\/\/now-news.de\/de\/deutschland\/goering-eckardt-putin-will-ukrainische-sprache-und-kultur-zerstoeren\/","name":"G\u00f6ring-Eckardt: Putin will &quot;ukrainische Sprache und Kultur zerst\u00f6ren&quot; - just-now.NEWS Deutschland","isPartOf":{"@id":"https:\/\/now-news.de\/de\/#website"},"primaryImageOfPage":{"@id":"https:\/\/now-news.de\/de\/deutschland\/goering-eckardt-putin-will-ukrainische-sprache-und-kultur-zerstoeren\/#primaryimage"},"image":{"@id":"https:\/\/now-news.de\/de\/deutschland\/goering-eckardt-putin-will-ukrainische-sprache-und-kultur-zerstoeren\/#primaryimage"},"thumbnailUrl":"https:\/\/now-news.de\/de\/wp-content\/uploads\/sites\/3\/2022\/10\/Goering-Eckardt-Putin-will-quotukrainische-Sprache-und-Kultur-zerstoerenquot.jpg","datePublished":"2022-10-26T20:13:02+00:00","dateModified":"2022-10-26T20:13:02+00:00","breadcrumb":{"@id":"https:\/\/now-news.de\/de\/deutschland\/goering-eckardt-putin-will-ukrainische-sprache-und-kultur-zerstoeren\/#breadcrumb"},"inLanguage":"de","potentialAction":[{"@type":"ReadAction","target":["https:\/\/now-news.de\/de\/deutschland\/goering-eckardt-putin-will-ukrainische-sprache-und-kultur-zerstoeren\/"]}]},{"@type":"ImageObject","inLanguage":"de","@id":"https:\/\/now-news.de\/de\/deutschland\/goering-eckardt-putin-will-ukrainische-sprache-und-kultur-zerstoeren\/#primaryimage","url":"https:\/\/now-news.de\/de\/wp-content\/uploads\/sites\/3\/2022\/10\/Goering-Eckardt-Putin-will-quotukrainische-Sprache-und-Kultur-zerstoerenquot.jpg","contentUrl":"https:\/\/now-news.de\/de\/wp-content\/uploads\/sites\/3\/2022\/10\/Goering-Eckardt-Putin-will-quotukrainische-Sprache-und-Kultur-zerstoerenquot.jpg","width":460,"height":259,"caption":"G\u00f6ring-Eckardt: Putin will &quot;ukrainische Sprache und Kultur zerst\u00f6ren&quot;"},{"@type":"BreadcrumbList","@id":"https:\/\/now-news.de\/de\/deutschland\/goering-eckardt-putin-will-ukrainische-sprache-und-kultur-zerstoeren\/#breadcrumb","itemListElement":[{"@type":"ListItem","position":1,"name":"Home","item":"https:\/\/now-news.de\/de\/"},{"@type":"ListItem","position":2,"name":"G\u00f6ring-Eckardt: Putin will &quot;ukrainische Sprache und Kultur zerst\u00f6ren&quot;"}]},{"@type":"WebSite","@id":"https:\/\/now-news.de\/de\/#website","url":"https:\/\/now-news.de\/de\/","name":"just-now.NEWS Deutschland","description":"Das Portal f\u00fcr unzensierte Nachrichten aus der Welt","publisher":{"@id":"https:\/\/now-news.de\/de\/#organization"},"potentialAction":[{"@type":"SearchAction","target":{"@type":"EntryPoint","urlTemplate":"https:\/\/now-news.de\/de\/?s={search_term_string}"},"query-input":"required name=search_term_string"}],"inLanguage":"de"},{"@type":"Organization","@id":"https:\/\/now-news.de\/de\/#organization","name":"Just Now News","url":"https:\/\/now-news.de\/de\/","logo":{"@type":"ImageObject","inLanguage":"de","@id":"https:\/\/now-news.de\/de\/#\/schema\/logo\/image\/","url":"http:\/\/just-now.news\/de\/wp-content\/uploads\/sites\/3\/2022\/04\/logo500x500.jpg","contentUrl":"http:\/\/just-now.news\/de\/wp-content\/uploads\/sites\/3\/2022\/04\/logo500x500.jpg","width":500,"height":500,"caption":"Just Now News"},"image":{"@id":"https:\/\/now-news.de\/de\/#\/schema\/logo\/image\/"},"sameAs":["https:\/\/www.facebook.com\/wirmachenauf","https:\/\/x.com\/WirMachenAuf_de"]},{"@type":"Person","@id":"https:\/\/now-news.de\/de\/#\/schema\/person\/fb534a4e865501d8b3285208df34a9b5","name":"rtnews","image":{"@type":"ImageObject","inLanguage":"de","@id":"https:\/\/now-news.de\/de\/#\/schema\/person\/image\/","url":"https:\/\/secure.gravatar.com\/avatar\/82aafea7d8127119dd649515f56e2117?s=96&d=mm&r=g","contentUrl":"https:\/\/secure.gravatar.com\/avatar\/82aafea7d8127119dd649515f56e2117?s=96&d=mm&r=g","caption":"rtnews"},"url":"https:\/\/now-news.de\/de\/author\/rnews\/"}]}},"_links":{"self":[{"href":"https:\/\/now-news.de\/de\/wp-json\/wp\/v2\/posts\/21834"}],"collection":[{"href":"https:\/\/now-news.de\/de\/wp-json\/wp\/v2\/posts"}],"about":[{"href":"https:\/\/now-news.de\/de\/wp-json\/wp\/v2\/types\/post"}],"author":[{"embeddable":true,"href":"https:\/\/now-news.de\/de\/wp-json\/wp\/v2\/users\/3"}],"replies":[{"embeddable":true,"href":"https:\/\/now-news.de\/de\/wp-json\/wp\/v2\/comments?post=21834"}],"version-history":[{"count":0,"href":"https:\/\/now-news.de\/de\/wp-json\/wp\/v2\/posts\/21834\/revisions"}],"wp:featuredmedia":[{"embeddable":true,"href":"https:\/\/now-news.de\/de\/wp-json\/wp\/v2\/media\/21835"}],"wp:attachment":[{"href":"https:\/\/now-news.de\/de\/wp-json\/wp\/v2\/media?parent=21834"}],"wp:term":[{"taxonomy":"category","embeddable":true,"href":"https:\/\/now-news.de\/de\/wp-json\/wp\/v2\/categories?post=21834"},{"taxonomy":"post_tag","embeddable":true,"href":"https:\/\/now-news.de\/de\/wp-json\/wp\/v2\/tags?post=21834"}],"curies":[{"name":"wp","href":"https:\/\/api.w.org\/{rel}","templated":true}]}}