{"id":21793,"date":"2022-10-26T15:23:33","date_gmt":"2022-10-26T13:23:33","guid":{"rendered":"http:\/\/just-now.news\/de\/deutschland\/buchpreistraeger-serhij-zhadan-friedensbotschafter-oder-hassprediger\/"},"modified":"2022-10-26T15:23:33","modified_gmt":"2022-10-26T13:23:33","slug":"buchpreistraeger-serhij-zhadan-friedensbotschafter-oder-hassprediger","status":"publish","type":"post","link":"https:\/\/now-news.de\/de\/deutschland\/buchpreistraeger-serhij-zhadan-friedensbotschafter-oder-hassprediger\/","title":{"rendered":"Buchpreistr\u00e4ger Serhij Zhadan \u2013 Friedensbotschafter oder Hassprediger?"},"content":{"rendered":"<p><img decoding=\"async\" src=\"http:\/\/just-now.news\/de\/wp-content\/uploads\/sites\/3\/2022\/10\/6358f391b480cc636b22331b.jpg\" \/><\/p>\n<div class=\"Text-root Text-type_1 \">\n                Die diesj\u00e4hrige Verleihung des Friedenspreises des Deutschen Buchhandels an einen ukrainischen Autor sorgt weiter f\u00fcr Diskussionen. Dient das pr\u00e4mierte Werk der V\u00f6lkerverst\u00e4ndigung? Ungehemmt geb\u00e4rdet sich ein Ex-Botschafter und attackiert Kritiker des Preistr\u00e4gers als &#8220;moralischen Abschaum&#8221;.\n            <\/div>\n<p><\/p>\n<div class=\"Text-root Text-type_5 ArticleView-text ViewText-root \">\n<p><em>Von Bernhard Loyen<\/em><\/p>\n<p>Die Frankfurter Buchmesse bediente nicht \u00fcberraschend die aktuell bitte nicht zu hinterfragende und medial-politisch eingeforderte &#8220;Ukraine-Solidarit\u00e4t&#8221; im bewussten Gesamtpaket. Der ukrainische Pr\u00e4sident\u00a0Wladimir Selenskij wurde zur gef\u00fchlt 247. pers\u00f6nlichen Videobotschaft seit Beginn der kriegerischen Auseinandersetzung im M\u00e4rz einem entsprechenden Publikum zugeschaltet. Seine\u00a0Ehefrau, Olena Selenska, Autorin eines Handbuchs zur Barrierefreiheit, konnte live auf der Messe ihre rein subjektiven Gedanken zu Politik und Krieg \u00e4u\u00dfern. Und als Finale erhielt am 23. Oktober der\u00a0ukrainische Schriftsteller\u00a0Serhij Zhadan den mit 25.000 Euro pr\u00e4mierten\u00a0Friedenspreis des Deutschen Buchhandels verliehen.\u00a0<\/p>\n<p>Seit dem Jahr 1950 vergibt der B\u00f6rsenverein des Deutschen Buchhandels, die Berufsorganisation der Verlage und Buchhandlungen in der Bundesrepublik Deutschland, den Friedenspreis des Deutschen Buchhandels. Zur urspr\u00fcnglichen Absicht, also Motivation, hei\u00dft es weiterhin auf der <a rel=\"nofollow noopener\" target=\"_blank\" href=\"https:\/\/www.friedenspreis-des-deutschen-buchhandels.de\/der-friedenspreis\">Webseite<\/a>:<\/p>\n<blockquote>\n<p>&#8220;<em>Im Friedenspreis wird die Verpflichtung des Buchhandels, mit seiner Arbeit der V\u00f6lkerverst\u00e4ndigung zu dienen, eindrucksvoll sichtbar.&#8221;\u00a0<\/em><\/p>\n<\/blockquote>\n<p>Gerade \u00fcber die Sprache, ob verbal oder textlich, k\u00f6nnen Stimmungen erschaffen, gef\u00f6rdert oder nat\u00fcrlich auch bewusst erzwungen werden. Im Jahr 1929 schreibt Kurt Tucholsky alias Peter Panter in einer seiner\u00a0ber\u00fchmten Glossen: &#8220;Sprache ist eine Waffe. Haltet sie scharf.&#8221; Vollkommen richtig, mehr denn je. Aber jeder verantwortliche Autor sollte sich dabei sehr wohl bewusst sein hinsichtlich der m\u00f6glichen oder auch provozierten, also erw\u00fcnschten Wirkung, bei den Lesern seiner Zeilen. Es folgen daher Zitate des pr\u00e4mierten\u00a0Serhij Zhadan, j\u00fcngster Botschafter einer &#8220;Arbeit der V\u00f6lkerverst\u00e4ndigung&#8221;, aus seinem Buch Himmel \u00fcber Charkow:<\/p>\n<ul>\n<li><em>&#8220;Die Russen sind Barbaren, sie sind gekommen, um unsere Geschichte, unsere Kultur, unsere Bildung zu vernichten.&#8221;<\/em><\/li>\n<li><em>&#8220;Brennt in der H\u00f6lle, ihr Schweine.&#8221;<\/em><\/li>\n<\/ul>\n<p>Sein Buch ist ein modernes Kriegstagebuch, weil es rein die Zitate seiner\u00a0Facebook-Posts dokumentiert: emotional, erregt, w\u00fctend, verzweifelnd. Zhadan betitelte die russischen Soldaten als\u00a0&#8220;Horde&#8221;, &#8220;Verbrecher&#8221;, &#8220;Tiere&#8221;, &#8220;Unrat&#8221;. Der verantwortliche Suhrkamp-Verlag <a rel=\"nofollow noopener\" target=\"_blank\" href=\"https:\/\/www.suhrkamp.de\/buch\/serhij-zhadan-himmel-ueber-charkiw-t-9783518431252\">informierte<\/a> zu dem Buch:<\/p>\n<blockquote>\n<p><em>&#8220;Das Buch ist eine Chronik der laufenden Ereignisse, das Zeugnis eines Menschen, der w\u00e4hrend des Schreibens in eine neue Realit\u00e4t eintritt und sich der Vernichtung von allem entgegenstemmt. Kein einsamer Beobachter, sondern ein aktiver Zivilist in einer Gesellschaft, die in den letzten acht Jahren gelernt hat, was es bedeutet, gemeinsam stark zu sein.&#8221;<\/em><\/p>\n<\/blockquote>\n<p>Der Ukraine-Krieg begann im M\u00e4rz 2022. Acht Jahre zur\u00fcck befinden wir uns im Jahr 2014, dem eigentlichen Kriegsbeginn. &#8220;Freunde kommen um, der Tod ist allgegenw\u00e4rtig, der Hass w\u00e4chst&#8221;,\u00a0hei\u00dft es im <a rel=\"nofollow noopener\" target=\"_blank\" href=\"https:\/\/www.perlentaucher.de\/buch\/serhij-zhadan\/himmel-ueber-charkiw.html\">Klappentext<\/a> zu Zhadans pr\u00e4mierten Werk. Kann Hass Frieden bringen, der\u00a0V\u00f6lkerverst\u00e4ndigung dienlich sein? Der <em>Deutschlandfunk<\/em>\u00a0<a rel=\"nofollow noopener\" target=\"_blank\" href=\"https:\/\/www.perlentaucher.de\/buch\/serhij-zhadan\/himmel-ueber-charkiw.html\">rezensierte<\/a>, dass die Zeilen &#8220;keinen literarischen Anspruch&#8221; bes\u00e4\u00dfen, sondern &#8220;ein historisches Dokument&#8221; darstellen w\u00fcrden. Die <em>Zeit\u00a0<\/em>fragte geschickt: &#8220;Der Friedenspreis des Deutschen Buchhandels geht an einen Autor, der die Russen hasst. Darf das sein?&#8221;, um gleich die <a rel=\"nofollow noopener\" target=\"_blank\" href=\"https:\/\/www.zeit.de\/2022\/43\/friedenspreis-des-deutschen-buchhandels-ukraine-krieg-russenhass-serhij-zhadan\">Antwort<\/a> hinterherzuschieben: &#8220;Leider ja!&#8221; Leider? Keiner zwingt die Redaktion dazu, au\u00dfer ein verordneter und brav umgesetzter Zeitgeist.<\/p>\n<p>&#8220;Es gibt irrsinnige Momente karger Sch\u00f6nheit in Zhadans Aufzeichnungen aus einer brennenden Stadt&#8221;, <a rel=\"nofollow noopener\" target=\"_blank\" href=\"https:\/\/www.buecher.de\/shop\/preisgekroente-titel\/himmel-ueber-charkiw\/zhadan-serhij\/products_products\/detail\/prod_id\/64285500\/#reviews\">formulierte<\/a> der Rezensent der <em>S\u00fcddeutschen Zeitung.<\/em>\u00a0Die <em>FAZ\u00a0<\/em>erw\u00e4hnte zumindest in ihrer Buchbesprechung die weniger sch\u00f6nen Passagen:<\/p>\n<blockquote>\n<p><em>&#8220;Da schreibt der aktuelle Friedenspreistr\u00e4ger, der in seinen Romanen mit literarischen Metaphern und vielschichtigen Bildern gegen eine eindeutige Perspektive angeht wie kaum ein anderer, nunmehr so: &#8220;Tod den russischen Invasoren&#8221;. Immer wieder auch &#8220;Die Russen sind Barbaren&#8221; oder &#8220;Monster&#8221; <\/em>(\u2026)<em> Sie k\u00f6nnen unsere H\u00e4user zerst\u00f6ren, aber nicht unsere Verachtung f\u00fcr sie. Unseren Hass&#8221;.<\/em><\/p>\n<\/blockquote>\n<p>Hass, ann\u00e4hernd blinder Hass, Aufruf zur t\u00f6dlichen Gewalt, die Nutzung der Sprache als in diesem Fall bedenkliche Waffe. &#8220;Die Schlichtheit in der Sprache und die Brutalit\u00e4t im Ausdruck waren eine spezifische Methode (\u2026), ein bewusst eingesetztes stilistisches Mittel, um die Massen zu erreichen und eine breite Leserschaft auf einer emotionalen Ebene anzusprechen.&#8221; Nein, dies ist nicht die Laudatio in der Frankfurter Paulskirche vom 23. Oktober, sondern ein <a rel=\"nofollow noopener\" target=\"_blank\" href=\"https:\/\/www.deutschlandfunk.de\/der-stuermer-geschichte-eines-hass-organs-100.html\">Beitrag<\/a> des <em>Deutschlandfunks<\/em> \u00fcber die Wochenzeitung &#8220;Der St\u00fcrmer&#8221; aus dem Dritten Reich, der &#8220;Geschichte eines Hass-Organs&#8221;. Ein anma\u00dfender Vergleich? Die offizielle <a rel=\"nofollow noopener\" target=\"_blank\" href=\"https:\/\/www.friedenspreis-des-deutschen-buchhandels.de\/alle-preistraeger-seit-1950\/2020-2029\/serhij-zhadan\">Begr\u00fcndung<\/a>\u00a0zur Pr\u00e4mierung Zhadans spiegelt exemplarisch den ber\u00fcchtigten Blickwinkel wider, also eine Wahrnehmung, freiwillig oder erwartbar, in der konditionierten Umsetzung:<\/p>\n<blockquote>\n<p><em>&#8220;Seine Texte erz\u00e4hlen, wie Krieg und Zerst\u00f6rung in diese Welt einziehen und die\u00a0Menschen ersch\u00fcttern. Dabei findet der Schriftsteller eine eigene Sprache, die uns\u00a0eindringlich und differenziert vor Augen f\u00fchrt, was viele lange nicht sehen wollten. Nachdenklich und zuh\u00f6rend, in poetischem und radikalem Ton erkundet\u00a0Serhij Zhadan, wie die Menschen in der Ukraine trotz aller Gewalt versuchen,\u00a0ein unabh\u00e4ngiges, von Frieden und Freiheit bestimmtes Leben zu f\u00fchren.&#8221;<\/em><\/p>\n<\/blockquote>\n<p>Schwierig. Ja, die eigene Sprache ist unverkennbar. Was wollten aber &#8220;viele lange nicht sehen&#8221;? Den nun provozierten Russenhass oder das seit Jahren unbeachtete Leid der Menschen in der Ostukraine seit 2014? Die Seite <em>Telepolis<\/em>\u00a0<a rel=\"nofollow noopener\" target=\"_blank\" href=\"https:\/\/www.heise.de\/tp\/features\/Friedenspreis-fuer-Russen-Hass-7317325.html?seite=all\">fragte<\/a> nicht vollkommen unberechtigt, ob die Pr\u00e4mierung bei differenzierter und sachlicher Betrachtung nicht doch &#8220;ein Friedenspreis, der den V\u00f6lkerhass st\u00e4rkt und sch\u00fcrt&#8221; darstellen k\u00f6nnte? &#8220;Es ist jedoch eine Frage der Empathie, Verst\u00e4ndnis f\u00fcr die Ohnmacht, die Entschlossenheit, die Trauer der Ukraine zu haben, die sich bei Zerhij Zhadan Ausdruck verschafft&#8221;, <a rel=\"nofollow noopener\" target=\"_blank\" href=\"https:\/\/www.freitag.de\/autoren\/katharina-schmitz\/serhij-zhadan-erhaelt-buchhandels-friedenspreis-2022-sie-sind-verbrecher\">forderte<\/a> demgegen\u00fcber das Wochenmagazin\u00a0<em>Freitag<\/em> seine Leser auf.\u00a0<\/p>\n<p>Der Soziologe Harald Welzer <a rel=\"nofollow noopener\" target=\"_blank\" href=\"https:\/\/www.n-tv.de\/leute\/Harald-Welzer-kritisiert-Standing-Ovations-fuer-ukrainischen-Friedenspreistraeger-Serhij-Zhadan-article23672083.html\">erkannte<\/a> f\u00fcr sich allein aktuell &#8220;zu viel Empathie f\u00fcr die Ukraine&#8221;. Er ortete in dem\u00a0lang anhaltenden Beifall des Publikums am 23. Oktober in der Paulskirche eine &#8220;gesinnungsethische \u00dcberanstrengung&#8221;. Auf der Buchmesse Lit.Cologne in K\u00f6ln pr\u00e4zisierte er seine Kritik:<\/p>\n<blockquote>\n<p><em>&#8220;In Deutschland f\u00fchlten sich alle permanent aufgefordert, die Perspektive der angegriffenen Ukrainerinnen und Ukrainer zu \u00fcbernehmen.&#8221;\u00a0<\/em><\/p>\n<\/blockquote>\n<p>Deutschland sei aber &#8220;keine Kriegspartei, sondern dritte Partei mit allen M\u00f6glichkeiten, die das zum Wohle der Ukraine er\u00f6ffne.&#8221; Welzers Wahrnehmung, sein Blickwinkel ist, dass wer aktiv und bewusst Waffen in eine Kriegsregion liefert, nat\u00fcrlich an diesem Krieg teilnimmt \u2013 als unterst\u00fctzender Lieferant des Todes und des Elends. Dazu dienen Au\u00dfenministerin Annalena Baerbock und FDP-R\u00fcstungslobbyistin\u00a0Marie-Agnes Strack-Zimmermann noch als verbale Sturmhaubitzen. Worte als Waffe. Die Wahrnehmung eines deutschen Soziologen konnte \u2013 wenig \u00fcberraschend \u2013 der ukrainische Ex-Diplomat\u00a0Andrei Melnyk so nicht stehen lassen. Er <a rel=\"nofollow noopener\" target=\"_blank\" href=\"https:\/\/twitter.com\/MelnykAndrij\/status\/1584817485354000384\">kommentierte<\/a> v\u00f6llig enthemmt und befreit von nervigen politischen Petitessen:<\/p>\n<blockquote>\n<p><em>&#8220;Professor Dr. Harald Welzer ist ein echter Schandfleck f\u00fcr die deutsche Wissenschaft &amp; ein moralischer Abschaum f\u00fcr die deutsche Gesellschaft. Pfui.&#8221;\u00a0<\/em><\/p>\n<\/blockquote>\n<p>Schandfleck, Abschaum? Sprache war, ist und bleibt eine Waffe. Auch im Falle des Serhij Zhadan, pr\u00e4miert als Textautor, um damit einer erw\u00fcnschten V\u00f6lkerverst\u00e4ndigung zu dienen. Blutgetr\u00e4nkter emotionaler Hass und die Aufforderung zu Straftaten d\u00fcrfen und sollten auch weiterhin nicht noch mit 25.000 Euro belohnt werden, schon gar nicht in Kriegszeiten.<\/p>\n<p><strong>Mehr zum Thema<\/strong> &#8211; <a rel=\"nofollow noopener\" target=\"_blank\" href=\"https:\/\/rtde.site\/meinung\/152323-kiew-schurt-angst-vor-fluchtlingen\/\">Kiew sch\u00fcrt Angst vor Fl\u00fcchtlingen \u2013 um mehr Waffen aus der EU zu erhalten<\/a><\/p>\n<\/p>\n<\/div>\n<p><script async src=\"https:\/\/platform.twitter.com\/widgets.js\" charset=\"utf-8\"><\/script><br \/>\n<br \/><br \/>\n<br \/><a href=\"https:\/\/de.rt.com\/meinung\/152569-buchpreis-pramierter-serhij-zhadan-friedensbotschafter\/\">Source link <\/a><\/p>\n","protected":false},"excerpt":{"rendered":"<p>Die diesj\u00e4hrige Verleihung des Friedenspreises des Deutschen Buchhandels an einen ukrainischen Autor sorgt weiter f\u00fcr Diskussionen. Dient das pr\u00e4mierte Werk der V\u00f6lkerverst\u00e4ndigung? Ungehemmt geb\u00e4rdet sich ein Ex-Botschafter und attackiert Kritiker des Preistr\u00e4gers als &#8220;moralischen Abschaum&#8221;. Von Bernhard Loyen Die Frankfurter Buchmesse bediente nicht \u00fcberraschend die aktuell bitte nicht zu hinterfragende und medial-politisch eingeforderte &#8220;Ukraine-Solidarit\u00e4t&#8221; im [&hellip;]<\/p>\n","protected":false},"author":3,"featured_media":21794,"comment_status":"open","ping_status":"open","sticky":false,"template":"","format":"standard","meta":{"wp_automatic_camp":["217"],"cefe810a0377121644bd9f75fa5bf760":["Buchpreistr\u00e4ger Serhij Zhadan \u2013 Friedensbotschafter oder Hassprediger?"],"original_link":["https:\/\/de.rt.com\/meinung\/152569-buchpreis-pramierter-serhij-zhadan-friedensbotschafter\/"],"_thumbnail_id":["21794"],"_wptg_p2tg_sent2tg":["2022-10-26 15:28:47"],"jnews_social_counter_last_update":["1777233890"]},"categories":[19,23],"tags":[34908,34911,34912,268,34909,34910],"yoast_head":"<!-- This site is optimized with the Yoast SEO Premium plugin v22.7 (Yoast SEO v22.7) - https:\/\/yoast.com\/wordpress\/plugins\/seo\/ -->\n<title>Buchpreistr\u00e4ger Serhij Zhadan \u2013 Friedensbotschafter oder Hassprediger? - just-now.NEWS Deutschland<\/title>\n<meta name=\"robots\" content=\"index, follow, max-snippet:-1, max-image-preview:large, max-video-preview:-1\" \/>\n<link rel=\"canonical\" href=\"https:\/\/now-news.de\/de\/deutschland\/buchpreistraeger-serhij-zhadan-friedensbotschafter-oder-hassprediger\/\" \/>\n<meta property=\"og:locale\" content=\"de_DE\" \/>\n<meta property=\"og:type\" content=\"article\" \/>\n<meta property=\"og:title\" content=\"Buchpreistr\u00e4ger Serhij Zhadan \u2013 Friedensbotschafter oder Hassprediger?\" \/>\n<meta property=\"og:description\" content=\"Die diesj\u00e4hrige Verleihung des Friedenspreises des Deutschen Buchhandels an einen ukrainischen Autor sorgt weiter f\u00fcr Diskussionen. Dient das pr\u00e4mierte Werk der V\u00f6lkerverst\u00e4ndigung? Ungehemmt geb\u00e4rdet sich ein Ex-Botschafter und attackiert Kritiker des Preistr\u00e4gers als &#8220;moralischen Abschaum&#8221;. Von Bernhard Loyen Die Frankfurter Buchmesse bediente nicht \u00fcberraschend die aktuell bitte nicht zu hinterfragende und medial-politisch eingeforderte &#8220;Ukraine-Solidarit\u00e4t&#8221; im [&hellip;]\" \/>\n<meta property=\"og:url\" content=\"https:\/\/now-news.de\/de\/deutschland\/buchpreistraeger-serhij-zhadan-friedensbotschafter-oder-hassprediger\/\" \/>\n<meta property=\"og:site_name\" content=\"just-now.NEWS Deutschland\" \/>\n<meta property=\"article:publisher\" content=\"https:\/\/www.facebook.com\/wirmachenauf\" \/>\n<meta property=\"article:published_time\" content=\"2022-10-26T13:23:33+00:00\" \/>\n<meta property=\"og:image\" content=\"https:\/\/now-news.de\/de\/wp-content\/uploads\/sites\/3\/2022\/10\/Buchpreistraeger-Serhij-Zhadan-\u2013-Friedensbotschafter-oder-Hassprediger.jpg\" \/>\n\t<meta property=\"og:image:width\" content=\"460\" \/>\n\t<meta property=\"og:image:height\" content=\"259\" \/>\n\t<meta property=\"og:image:type\" content=\"image\/jpeg\" \/>\n<meta name=\"author\" content=\"rtnews\" \/>\n<meta name=\"twitter:card\" content=\"summary_large_image\" \/>\n<meta name=\"twitter:creator\" content=\"@WirMachenAuf_de\" \/>\n<meta name=\"twitter:site\" content=\"@WirMachenAuf_de\" \/>\n<meta name=\"twitter:label1\" content=\"Verfasst von\" \/>\n\t<meta name=\"twitter:data1\" content=\"rtnews\" \/>\n\t<meta name=\"twitter:label2\" content=\"Gesch\u00e4tzte Lesezeit\" \/>\n\t<meta name=\"twitter:data2\" content=\"6\u00a0Minuten\" \/>\n<script type=\"application\/ld+json\" class=\"yoast-schema-graph\">{\"@context\":\"https:\/\/schema.org\",\"@graph\":[{\"@type\":\"Article\",\"@id\":\"https:\/\/now-news.de\/de\/deutschland\/buchpreistraeger-serhij-zhadan-friedensbotschafter-oder-hassprediger\/#article\",\"isPartOf\":{\"@id\":\"https:\/\/now-news.de\/de\/deutschland\/buchpreistraeger-serhij-zhadan-friedensbotschafter-oder-hassprediger\/\"},\"author\":{\"name\":\"rtnews\",\"@id\":\"https:\/\/now-news.de\/de\/#\/schema\/person\/fb534a4e865501d8b3285208df34a9b5\"},\"headline\":\"Buchpreistr\u00e4ger Serhij Zhadan \u2013 Friedensbotschafter oder Hassprediger?\",\"datePublished\":\"2022-10-26T13:23:33+00:00\",\"dateModified\":\"2022-10-26T13:23:33+00:00\",\"mainEntityOfPage\":{\"@id\":\"https:\/\/now-news.de\/de\/deutschland\/buchpreistraeger-serhij-zhadan-friedensbotschafter-oder-hassprediger\/\"},\"wordCount\":1157,\"commentCount\":0,\"publisher\":{\"@id\":\"https:\/\/now-news.de\/de\/#organization\"},\"image\":{\"@id\":\"https:\/\/now-news.de\/de\/deutschland\/buchpreistraeger-serhij-zhadan-friedensbotschafter-oder-hassprediger\/#primaryimage\"},\"thumbnailUrl\":\"https:\/\/now-news.de\/de\/wp-content\/uploads\/sites\/3\/2022\/10\/Buchpreistraeger-Serhij-Zhadan-\u2013-Friedensbotschafter-oder-Hassprediger.jpg\",\"keywords\":[\"Buchpreistr\u00e4ger\",\"Friedensbotschafter\",\"Hassprediger\",\"oder\",\"Serhij\",\"Zhadan\"],\"articleSection\":[\"Deutschland\",\"Russland\"],\"inLanguage\":\"de\",\"potentialAction\":[{\"@type\":\"CommentAction\",\"name\":\"Comment\",\"target\":[\"https:\/\/now-news.de\/de\/deutschland\/buchpreistraeger-serhij-zhadan-friedensbotschafter-oder-hassprediger\/#respond\"]}]},{\"@type\":\"WebPage\",\"@id\":\"https:\/\/now-news.de\/de\/deutschland\/buchpreistraeger-serhij-zhadan-friedensbotschafter-oder-hassprediger\/\",\"url\":\"https:\/\/now-news.de\/de\/deutschland\/buchpreistraeger-serhij-zhadan-friedensbotschafter-oder-hassprediger\/\",\"name\":\"Buchpreistr\u00e4ger Serhij Zhadan \u2013 Friedensbotschafter oder Hassprediger? - just-now.NEWS Deutschland\",\"isPartOf\":{\"@id\":\"https:\/\/now-news.de\/de\/#website\"},\"primaryImageOfPage\":{\"@id\":\"https:\/\/now-news.de\/de\/deutschland\/buchpreistraeger-serhij-zhadan-friedensbotschafter-oder-hassprediger\/#primaryimage\"},\"image\":{\"@id\":\"https:\/\/now-news.de\/de\/deutschland\/buchpreistraeger-serhij-zhadan-friedensbotschafter-oder-hassprediger\/#primaryimage\"},\"thumbnailUrl\":\"https:\/\/now-news.de\/de\/wp-content\/uploads\/sites\/3\/2022\/10\/Buchpreistraeger-Serhij-Zhadan-\u2013-Friedensbotschafter-oder-Hassprediger.jpg\",\"datePublished\":\"2022-10-26T13:23:33+00:00\",\"dateModified\":\"2022-10-26T13:23:33+00:00\",\"breadcrumb\":{\"@id\":\"https:\/\/now-news.de\/de\/deutschland\/buchpreistraeger-serhij-zhadan-friedensbotschafter-oder-hassprediger\/#breadcrumb\"},\"inLanguage\":\"de\",\"potentialAction\":[{\"@type\":\"ReadAction\",\"target\":[\"https:\/\/now-news.de\/de\/deutschland\/buchpreistraeger-serhij-zhadan-friedensbotschafter-oder-hassprediger\/\"]}]},{\"@type\":\"ImageObject\",\"inLanguage\":\"de\",\"@id\":\"https:\/\/now-news.de\/de\/deutschland\/buchpreistraeger-serhij-zhadan-friedensbotschafter-oder-hassprediger\/#primaryimage\",\"url\":\"https:\/\/now-news.de\/de\/wp-content\/uploads\/sites\/3\/2022\/10\/Buchpreistraeger-Serhij-Zhadan-\u2013-Friedensbotschafter-oder-Hassprediger.jpg\",\"contentUrl\":\"https:\/\/now-news.de\/de\/wp-content\/uploads\/sites\/3\/2022\/10\/Buchpreistraeger-Serhij-Zhadan-\u2013-Friedensbotschafter-oder-Hassprediger.jpg\",\"width\":460,\"height\":259,\"caption\":\"Buchpreistr\u00e4ger Serhij Zhadan \u2013 Friedensbotschafter oder Hassprediger?\"},{\"@type\":\"BreadcrumbList\",\"@id\":\"https:\/\/now-news.de\/de\/deutschland\/buchpreistraeger-serhij-zhadan-friedensbotschafter-oder-hassprediger\/#breadcrumb\",\"itemListElement\":[{\"@type\":\"ListItem\",\"position\":1,\"name\":\"Home\",\"item\":\"https:\/\/now-news.de\/de\/\"},{\"@type\":\"ListItem\",\"position\":2,\"name\":\"Buchpreistr\u00e4ger Serhij Zhadan \u2013 Friedensbotschafter oder Hassprediger?\"}]},{\"@type\":\"WebSite\",\"@id\":\"https:\/\/now-news.de\/de\/#website\",\"url\":\"https:\/\/now-news.de\/de\/\",\"name\":\"just-now.NEWS Deutschland\",\"description\":\"Das Portal f\u00fcr unzensierte Nachrichten aus der Welt\",\"publisher\":{\"@id\":\"https:\/\/now-news.de\/de\/#organization\"},\"potentialAction\":[{\"@type\":\"SearchAction\",\"target\":{\"@type\":\"EntryPoint\",\"urlTemplate\":\"https:\/\/now-news.de\/de\/?s={search_term_string}\"},\"query-input\":\"required name=search_term_string\"}],\"inLanguage\":\"de\"},{\"@type\":\"Organization\",\"@id\":\"https:\/\/now-news.de\/de\/#organization\",\"name\":\"Just Now News\",\"url\":\"https:\/\/now-news.de\/de\/\",\"logo\":{\"@type\":\"ImageObject\",\"inLanguage\":\"de\",\"@id\":\"https:\/\/now-news.de\/de\/#\/schema\/logo\/image\/\",\"url\":\"http:\/\/just-now.news\/de\/wp-content\/uploads\/sites\/3\/2022\/04\/logo500x500.jpg\",\"contentUrl\":\"http:\/\/just-now.news\/de\/wp-content\/uploads\/sites\/3\/2022\/04\/logo500x500.jpg\",\"width\":500,\"height\":500,\"caption\":\"Just Now News\"},\"image\":{\"@id\":\"https:\/\/now-news.de\/de\/#\/schema\/logo\/image\/\"},\"sameAs\":[\"https:\/\/www.facebook.com\/wirmachenauf\",\"https:\/\/x.com\/WirMachenAuf_de\"]},{\"@type\":\"Person\",\"@id\":\"https:\/\/now-news.de\/de\/#\/schema\/person\/fb534a4e865501d8b3285208df34a9b5\",\"name\":\"rtnews\",\"image\":{\"@type\":\"ImageObject\",\"inLanguage\":\"de\",\"@id\":\"https:\/\/now-news.de\/de\/#\/schema\/person\/image\/\",\"url\":\"https:\/\/secure.gravatar.com\/avatar\/82aafea7d8127119dd649515f56e2117?s=96&d=mm&r=g\",\"contentUrl\":\"https:\/\/secure.gravatar.com\/avatar\/82aafea7d8127119dd649515f56e2117?s=96&d=mm&r=g\",\"caption\":\"rtnews\"},\"url\":\"https:\/\/now-news.de\/de\/author\/rnews\/\"}]}<\/script>\n<!-- \/ Yoast SEO Premium plugin. -->","yoast_head_json":{"title":"Buchpreistr\u00e4ger Serhij Zhadan \u2013 Friedensbotschafter oder Hassprediger? - just-now.NEWS Deutschland","robots":{"index":"index","follow":"follow","max-snippet":"max-snippet:-1","max-image-preview":"max-image-preview:large","max-video-preview":"max-video-preview:-1"},"canonical":"https:\/\/now-news.de\/de\/deutschland\/buchpreistraeger-serhij-zhadan-friedensbotschafter-oder-hassprediger\/","og_locale":"de_DE","og_type":"article","og_title":"Buchpreistr\u00e4ger Serhij Zhadan \u2013 Friedensbotschafter oder Hassprediger?","og_description":"Die diesj\u00e4hrige Verleihung des Friedenspreises des Deutschen Buchhandels an einen ukrainischen Autor sorgt weiter f\u00fcr Diskussionen. Dient das pr\u00e4mierte Werk der V\u00f6lkerverst\u00e4ndigung? Ungehemmt geb\u00e4rdet sich ein Ex-Botschafter und attackiert Kritiker des Preistr\u00e4gers als &#8220;moralischen Abschaum&#8221;. Von Bernhard Loyen Die Frankfurter Buchmesse bediente nicht \u00fcberraschend die aktuell bitte nicht zu hinterfragende und medial-politisch eingeforderte &#8220;Ukraine-Solidarit\u00e4t&#8221; im [&hellip;]","og_url":"https:\/\/now-news.de\/de\/deutschland\/buchpreistraeger-serhij-zhadan-friedensbotschafter-oder-hassprediger\/","og_site_name":"just-now.NEWS Deutschland","article_publisher":"https:\/\/www.facebook.com\/wirmachenauf","article_published_time":"2022-10-26T13:23:33+00:00","og_image":[{"width":460,"height":259,"url":"https:\/\/now-news.de\/de\/wp-content\/uploads\/sites\/3\/2022\/10\/Buchpreistraeger-Serhij-Zhadan-\u2013-Friedensbotschafter-oder-Hassprediger.jpg","type":"image\/jpeg"}],"author":"rtnews","twitter_card":"summary_large_image","twitter_creator":"@WirMachenAuf_de","twitter_site":"@WirMachenAuf_de","twitter_misc":{"Verfasst von":"rtnews","Gesch\u00e4tzte Lesezeit":"6\u00a0Minuten"},"schema":{"@context":"https:\/\/schema.org","@graph":[{"@type":"Article","@id":"https:\/\/now-news.de\/de\/deutschland\/buchpreistraeger-serhij-zhadan-friedensbotschafter-oder-hassprediger\/#article","isPartOf":{"@id":"https:\/\/now-news.de\/de\/deutschland\/buchpreistraeger-serhij-zhadan-friedensbotschafter-oder-hassprediger\/"},"author":{"name":"rtnews","@id":"https:\/\/now-news.de\/de\/#\/schema\/person\/fb534a4e865501d8b3285208df34a9b5"},"headline":"Buchpreistr\u00e4ger Serhij Zhadan \u2013 Friedensbotschafter oder Hassprediger?","datePublished":"2022-10-26T13:23:33+00:00","dateModified":"2022-10-26T13:23:33+00:00","mainEntityOfPage":{"@id":"https:\/\/now-news.de\/de\/deutschland\/buchpreistraeger-serhij-zhadan-friedensbotschafter-oder-hassprediger\/"},"wordCount":1157,"commentCount":0,"publisher":{"@id":"https:\/\/now-news.de\/de\/#organization"},"image":{"@id":"https:\/\/now-news.de\/de\/deutschland\/buchpreistraeger-serhij-zhadan-friedensbotschafter-oder-hassprediger\/#primaryimage"},"thumbnailUrl":"https:\/\/now-news.de\/de\/wp-content\/uploads\/sites\/3\/2022\/10\/Buchpreistraeger-Serhij-Zhadan-\u2013-Friedensbotschafter-oder-Hassprediger.jpg","keywords":["Buchpreistr\u00e4ger","Friedensbotschafter","Hassprediger","oder","Serhij","Zhadan"],"articleSection":["Deutschland","Russland"],"inLanguage":"de","potentialAction":[{"@type":"CommentAction","name":"Comment","target":["https:\/\/now-news.de\/de\/deutschland\/buchpreistraeger-serhij-zhadan-friedensbotschafter-oder-hassprediger\/#respond"]}]},{"@type":"WebPage","@id":"https:\/\/now-news.de\/de\/deutschland\/buchpreistraeger-serhij-zhadan-friedensbotschafter-oder-hassprediger\/","url":"https:\/\/now-news.de\/de\/deutschland\/buchpreistraeger-serhij-zhadan-friedensbotschafter-oder-hassprediger\/","name":"Buchpreistr\u00e4ger Serhij Zhadan \u2013 Friedensbotschafter oder Hassprediger? - just-now.NEWS Deutschland","isPartOf":{"@id":"https:\/\/now-news.de\/de\/#website"},"primaryImageOfPage":{"@id":"https:\/\/now-news.de\/de\/deutschland\/buchpreistraeger-serhij-zhadan-friedensbotschafter-oder-hassprediger\/#primaryimage"},"image":{"@id":"https:\/\/now-news.de\/de\/deutschland\/buchpreistraeger-serhij-zhadan-friedensbotschafter-oder-hassprediger\/#primaryimage"},"thumbnailUrl":"https:\/\/now-news.de\/de\/wp-content\/uploads\/sites\/3\/2022\/10\/Buchpreistraeger-Serhij-Zhadan-\u2013-Friedensbotschafter-oder-Hassprediger.jpg","datePublished":"2022-10-26T13:23:33+00:00","dateModified":"2022-10-26T13:23:33+00:00","breadcrumb":{"@id":"https:\/\/now-news.de\/de\/deutschland\/buchpreistraeger-serhij-zhadan-friedensbotschafter-oder-hassprediger\/#breadcrumb"},"inLanguage":"de","potentialAction":[{"@type":"ReadAction","target":["https:\/\/now-news.de\/de\/deutschland\/buchpreistraeger-serhij-zhadan-friedensbotschafter-oder-hassprediger\/"]}]},{"@type":"ImageObject","inLanguage":"de","@id":"https:\/\/now-news.de\/de\/deutschland\/buchpreistraeger-serhij-zhadan-friedensbotschafter-oder-hassprediger\/#primaryimage","url":"https:\/\/now-news.de\/de\/wp-content\/uploads\/sites\/3\/2022\/10\/Buchpreistraeger-Serhij-Zhadan-\u2013-Friedensbotschafter-oder-Hassprediger.jpg","contentUrl":"https:\/\/now-news.de\/de\/wp-content\/uploads\/sites\/3\/2022\/10\/Buchpreistraeger-Serhij-Zhadan-\u2013-Friedensbotschafter-oder-Hassprediger.jpg","width":460,"height":259,"caption":"Buchpreistr\u00e4ger Serhij Zhadan \u2013 Friedensbotschafter oder Hassprediger?"},{"@type":"BreadcrumbList","@id":"https:\/\/now-news.de\/de\/deutschland\/buchpreistraeger-serhij-zhadan-friedensbotschafter-oder-hassprediger\/#breadcrumb","itemListElement":[{"@type":"ListItem","position":1,"name":"Home","item":"https:\/\/now-news.de\/de\/"},{"@type":"ListItem","position":2,"name":"Buchpreistr\u00e4ger Serhij Zhadan \u2013 Friedensbotschafter oder Hassprediger?"}]},{"@type":"WebSite","@id":"https:\/\/now-news.de\/de\/#website","url":"https:\/\/now-news.de\/de\/","name":"just-now.NEWS Deutschland","description":"Das Portal f\u00fcr unzensierte Nachrichten aus der Welt","publisher":{"@id":"https:\/\/now-news.de\/de\/#organization"},"potentialAction":[{"@type":"SearchAction","target":{"@type":"EntryPoint","urlTemplate":"https:\/\/now-news.de\/de\/?s={search_term_string}"},"query-input":"required name=search_term_string"}],"inLanguage":"de"},{"@type":"Organization","@id":"https:\/\/now-news.de\/de\/#organization","name":"Just Now News","url":"https:\/\/now-news.de\/de\/","logo":{"@type":"ImageObject","inLanguage":"de","@id":"https:\/\/now-news.de\/de\/#\/schema\/logo\/image\/","url":"http:\/\/just-now.news\/de\/wp-content\/uploads\/sites\/3\/2022\/04\/logo500x500.jpg","contentUrl":"http:\/\/just-now.news\/de\/wp-content\/uploads\/sites\/3\/2022\/04\/logo500x500.jpg","width":500,"height":500,"caption":"Just Now News"},"image":{"@id":"https:\/\/now-news.de\/de\/#\/schema\/logo\/image\/"},"sameAs":["https:\/\/www.facebook.com\/wirmachenauf","https:\/\/x.com\/WirMachenAuf_de"]},{"@type":"Person","@id":"https:\/\/now-news.de\/de\/#\/schema\/person\/fb534a4e865501d8b3285208df34a9b5","name":"rtnews","image":{"@type":"ImageObject","inLanguage":"de","@id":"https:\/\/now-news.de\/de\/#\/schema\/person\/image\/","url":"https:\/\/secure.gravatar.com\/avatar\/82aafea7d8127119dd649515f56e2117?s=96&d=mm&r=g","contentUrl":"https:\/\/secure.gravatar.com\/avatar\/82aafea7d8127119dd649515f56e2117?s=96&d=mm&r=g","caption":"rtnews"},"url":"https:\/\/now-news.de\/de\/author\/rnews\/"}]}},"_links":{"self":[{"href":"https:\/\/now-news.de\/de\/wp-json\/wp\/v2\/posts\/21793"}],"collection":[{"href":"https:\/\/now-news.de\/de\/wp-json\/wp\/v2\/posts"}],"about":[{"href":"https:\/\/now-news.de\/de\/wp-json\/wp\/v2\/types\/post"}],"author":[{"embeddable":true,"href":"https:\/\/now-news.de\/de\/wp-json\/wp\/v2\/users\/3"}],"replies":[{"embeddable":true,"href":"https:\/\/now-news.de\/de\/wp-json\/wp\/v2\/comments?post=21793"}],"version-history":[{"count":0,"href":"https:\/\/now-news.de\/de\/wp-json\/wp\/v2\/posts\/21793\/revisions"}],"wp:featuredmedia":[{"embeddable":true,"href":"https:\/\/now-news.de\/de\/wp-json\/wp\/v2\/media\/21794"}],"wp:attachment":[{"href":"https:\/\/now-news.de\/de\/wp-json\/wp\/v2\/media?parent=21793"}],"wp:term":[{"taxonomy":"category","embeddable":true,"href":"https:\/\/now-news.de\/de\/wp-json\/wp\/v2\/categories?post=21793"},{"taxonomy":"post_tag","embeddable":true,"href":"https:\/\/now-news.de\/de\/wp-json\/wp\/v2\/tags?post=21793"}],"curies":[{"name":"wp","href":"https:\/\/api.w.org\/{rel}","templated":true}]}}