{"id":21773,"date":"2022-10-26T08:42:52","date_gmt":"2022-10-26T06:42:52","guid":{"rendered":"http:\/\/just-now.news\/de\/deutschland\/eu-aktionsplan-impfprioritaet-liegt-auf-ungeimpften-und-schwangeren\/"},"modified":"2022-10-26T08:42:52","modified_gmt":"2022-10-26T06:42:52","slug":"eu-aktionsplan-impfprioritaet-liegt-auf-ungeimpften-und-schwangeren","status":"publish","type":"post","link":"https:\/\/now-news.de\/de\/deutschland\/eu-aktionsplan-impfprioritaet-liegt-auf-ungeimpften-und-schwangeren\/","title":{"rendered":"EU-Aktionsplan: Impfpriorit\u00e4t liegt auf Ungeimpften und Schwangeren"},"content":{"rendered":"<p><img decoding=\"async\" src=\"http:\/\/just-now.news\/de\/wp-content\/uploads\/sites\/3\/2022\/10\/6357b692b480cc642878b223.JPG\" \/><\/p>\n<p>Bei einer <a rel=\"nofollow noopener\" target=\"_blank\" href=\"https:\/\/www.youtube.com\/watch?v=LflAza5Qx50\">Pressekonferenz<\/a> stellte die <a rel=\"nofollow noopener\" target=\"_blank\" href=\"https:\/\/www.europarl.europa.eu\/meps\/de\/197475\/CHRISTINE_ANDERSON\/home\">EU-Abgeordnete<\/a> Christine Anderson (AfD) in der vergangenen Woche den neuen EU-Aktionsplan zur COVID-19-Pandemie vor. Obwohl der Pharmakonzern Pfizer nun selbst zugeben musste, dass der Impfstoff weder Ansteckung noch \u00dcbertragung verhindern kann, mache die EU-Kommission mit der Ma\u00dfnahmen- und Impfplanung weiter, als ob nichts gewesen w\u00e4re. Auch bei dem f\u00fcr die Wintersaison beschlossene EU-Aktionsplan &#8220;EU-Reaktion auf Covid-19 &#8211;\u00a0 Vorbereitung f\u00fcr den Herbst\/Winter 2023&#8221; liege der Fokus noch immer auf den mRNA-Injektionen, so die Politikerin.<\/p>\n<p>Der Aktionsplan beinhalte deshalb die Entwicklung wirksamer Kommunikationsstrategien zur F\u00f6rderung zus\u00e4tzlicher Injektionen. Dementsprechend wolle man den Fokus auf die Gruppe der Ungeimpften legen und sie verst\u00e4rkt zur Impfung motivieren, indem man deren &#8220;Falschinformiertheit&#8221; gezielt angehe:<\/p>\n<blockquote>\n<p><em>&#8220;Sie m\u00f6chten das Vertrauen in die Impfung verst\u00e4rken durch Entlarvung von Falsch- und Desinformation&#8221;, erkl\u00e4rte Anderson.<\/em><\/p>\n<\/blockquote>\n<p>Dabei sei es neben Big Pharma und westlichen Regierungen doch die EU-Kommission selbst, so die Abgeordnete, die den Menschen f\u00fcr den Profit auf Kosten des Steuerzahlers L\u00fcgen erz\u00e4hlten. Zur Strategie geh\u00f6re auch, dass man auf Impfverweigerer zuk\u00fcnftig Druck aus\u00fcbe, indem man sie als\u00a0 &#8220;antiwestlich&#8221; und &#8220;Anti-EU&#8221; tituliere:<\/p>\n<blockquote>\n<p><em>&#8220;Jeder, der nicht bereit ist, sich diesen &#8216;Impfstoff&#8217; spritzen zu lassen, ist also antiwestlich und Anti-EU.&#8221;<\/em><\/p>\n<\/blockquote>\n<p>Sie wolle darin erinnern, f\u00fcgte Anderson hinzu, dass das Motto &#8220;Mein K\u00f6rper, mein Leben&#8221; urspr\u00fcnglich sogar aus deren Kreise stamme. Nach ihrer Auffassung sei es dagegen promenschlich und &#8220;gegen die globalistischen Eliten&#8221;, sich nicht impfen zu lassen.<\/p>\n<p>Im Aktionsplan gehe es zus\u00e4tzlich darum, die Ma\u00dfnahmen und Impfungen auf die Grippeerkrankung auszudehnen, sodass man zuk\u00fcnftig auch bei Grippewellen einen Ma\u00dfnahmenkatalog aufstellen k\u00f6nne. Als besondere &#8220;Gr\u00e4ueltat&#8221; bezeichnete Anderson die Priorisierung bei der Corona-Impfkampagne f\u00fcr diesen Winter. Neben der Vorrangigkeit von Menschen \u00fcber 60 und \u00e4lteren Menschen mit Vorerkrankungen nehme man explizit schwangere Frauen ins Visier, erl\u00e4uterte Anderson den Aktionsplan:<\/p>\n<blockquote>\n<p><em>&#8220;Die gef\u00e4hrdete Gruppe unter denjenigen, die vorrangig mit diesem neuen Impfstoff\u00a0 behandelt werden sollten, sind schwangere Frauen.&#8221;<br \/><\/em><\/p>\n<\/blockquote>\n<p>Das sei insbesondere deshalb &#8220;verabscheuungsw\u00fcrdig&#8221;, weil gar nicht bekannt sei, wie sich die Impfung auf Ungeborene auswirkt. Es sei diesbez\u00fcglich auff\u00e4llig, dass es seit Beginn der Corona-Ma\u00dfnahmen einen R\u00fcckgang der Geburtenrate gebe, auch wenn der Grund daf\u00fcr noch nicht bekannt sei. Zusammenfassend stellte Anderson fest: Die EU-Kommission wird weiter dr\u00e4ngen, &#8220;was immer ihr Endziel ist&#8221;.<\/p>\n<p><strong>Mehr zum Thema<\/strong> &#8211; <a rel=\"nofollow noopener\" target=\"_blank\" href=\"https:\/\/test.rtde.tech\/kurzclips\/video\/151733-farle-fordert-untersuchungsausschuss-seit-impf\/\">Farle fordert Untersuchungsausschuss: &#8220;Seit Impf-Beginn ungew\u00f6hnlich hohe \u00dcbersterblichkeit&#8221;<\/a><\/p>\n<\/p>\n<p><br \/>\n<br \/><a href=\"https:\/\/de.rt.com\/inland\/152477-eu-aktionsplan-impfprioritaet-liegt-auf-ungeimpften-und-schwangeren\/\">Source link <\/a><\/p>\n","protected":false},"excerpt":{"rendered":"<p>Bei einer Pressekonferenz stellte die EU-Abgeordnete Christine Anderson (AfD) in der vergangenen Woche den neuen EU-Aktionsplan zur COVID-19-Pandemie vor. Obwohl der Pharmakonzern Pfizer nun selbst zugeben musste, dass der Impfstoff weder Ansteckung noch \u00dcbertragung verhindern kann, mache die EU-Kommission mit der Ma\u00dfnahmen- und Impfplanung weiter, als ob nichts gewesen w\u00e4re. Auch bei dem f\u00fcr die [&hellip;]<\/p>\n","protected":false},"author":3,"featured_media":21774,"comment_status":"open","ping_status":"open","sticky":false,"template":"","format":"standard","meta":{"wp_automatic_camp":["217"],"c8fd5b2c448cfab9758ee40dd5399524":["EU-Aktionsplan: Impfpriorit\u00e4t liegt auf Ungeimpften und Schwangeren"],"original_link":["https:\/\/de.rt.com\/inland\/152477-eu-aktionsplan-impfprioritaet-liegt-auf-ungeimpften-und-schwangeren\/"],"_thumbnail_id":["21774"],"_wptg_p2tg_sent2tg":["2022-10-26 08:46:34"],"jnews_social_counter_last_update":["1777339093"]},"categories":[19,23],"tags":[133,34890,34891,3953,22299,140,21029],"yoast_head":"<!-- This site is optimized with the Yoast SEO Premium plugin v22.7 (Yoast SEO v22.7) - https:\/\/yoast.com\/wordpress\/plugins\/seo\/ -->\n<title>EU-Aktionsplan: Impfpriorit\u00e4t liegt auf Ungeimpften und Schwangeren - just-now.NEWS Deutschland<\/title>\n<meta name=\"robots\" content=\"index, follow, max-snippet:-1, max-image-preview:large, max-video-preview:-1\" \/>\n<link rel=\"canonical\" href=\"https:\/\/now-news.de\/de\/deutschland\/eu-aktionsplan-impfprioritaet-liegt-auf-ungeimpften-und-schwangeren\/\" \/>\n<meta property=\"og:locale\" content=\"de_DE\" \/>\n<meta property=\"og:type\" content=\"article\" \/>\n<meta property=\"og:title\" content=\"EU-Aktionsplan: Impfpriorit\u00e4t liegt auf Ungeimpften und Schwangeren\" \/>\n<meta property=\"og:description\" content=\"Bei einer Pressekonferenz stellte die EU-Abgeordnete Christine Anderson (AfD) in der vergangenen Woche den neuen EU-Aktionsplan zur COVID-19-Pandemie vor. Obwohl der Pharmakonzern Pfizer nun selbst zugeben musste, dass der Impfstoff weder Ansteckung noch \u00dcbertragung verhindern kann, mache die EU-Kommission mit der Ma\u00dfnahmen- und Impfplanung weiter, als ob nichts gewesen w\u00e4re. Auch bei dem f\u00fcr die [&hellip;]\" \/>\n<meta property=\"og:url\" content=\"https:\/\/now-news.de\/de\/deutschland\/eu-aktionsplan-impfprioritaet-liegt-auf-ungeimpften-und-schwangeren\/\" \/>\n<meta property=\"og:site_name\" content=\"just-now.NEWS Deutschland\" \/>\n<meta property=\"article:publisher\" content=\"https:\/\/www.facebook.com\/wirmachenauf\" \/>\n<meta property=\"article:published_time\" content=\"2022-10-26T06:42:52+00:00\" \/>\n<meta property=\"og:image\" content=\"https:\/\/now-news.de\/de\/wp-content\/uploads\/sites\/3\/2022\/10\/EU-Aktionsplan-Impfprioritaet-liegt-auf-Ungeimpften-und-Schwangeren.JPG\" \/>\n\t<meta property=\"og:image:width\" content=\"460\" \/>\n\t<meta property=\"og:image:height\" content=\"259\" \/>\n\t<meta property=\"og:image:type\" content=\"image\/jpeg\" \/>\n<meta name=\"author\" content=\"rtnews\" \/>\n<meta name=\"twitter:card\" content=\"summary_large_image\" \/>\n<meta name=\"twitter:creator\" content=\"@WirMachenAuf_de\" \/>\n<meta name=\"twitter:site\" content=\"@WirMachenAuf_de\" \/>\n<meta name=\"twitter:label1\" content=\"Verfasst von\" \/>\n\t<meta name=\"twitter:data1\" content=\"rtnews\" \/>\n\t<meta name=\"twitter:label2\" content=\"Gesch\u00e4tzte Lesezeit\" \/>\n\t<meta name=\"twitter:data2\" content=\"2\u00a0Minuten\" \/>\n<script type=\"application\/ld+json\" class=\"yoast-schema-graph\">{\"@context\":\"https:\/\/schema.org\",\"@graph\":[{\"@type\":\"Article\",\"@id\":\"https:\/\/now-news.de\/de\/deutschland\/eu-aktionsplan-impfprioritaet-liegt-auf-ungeimpften-und-schwangeren\/#article\",\"isPartOf\":{\"@id\":\"https:\/\/now-news.de\/de\/deutschland\/eu-aktionsplan-impfprioritaet-liegt-auf-ungeimpften-und-schwangeren\/\"},\"author\":{\"name\":\"rtnews\",\"@id\":\"https:\/\/now-news.de\/de\/#\/schema\/person\/fb534a4e865501d8b3285208df34a9b5\"},\"headline\":\"EU-Aktionsplan: Impfpriorit\u00e4t liegt auf Ungeimpften und Schwangeren\",\"datePublished\":\"2022-10-26T06:42:52+00:00\",\"dateModified\":\"2022-10-26T06:42:52+00:00\",\"mainEntityOfPage\":{\"@id\":\"https:\/\/now-news.de\/de\/deutschland\/eu-aktionsplan-impfprioritaet-liegt-auf-ungeimpften-und-schwangeren\/\"},\"wordCount\":420,\"commentCount\":0,\"publisher\":{\"@id\":\"https:\/\/now-news.de\/de\/#organization\"},\"image\":{\"@id\":\"https:\/\/now-news.de\/de\/deutschland\/eu-aktionsplan-impfprioritaet-liegt-auf-ungeimpften-und-schwangeren\/#primaryimage\"},\"thumbnailUrl\":\"https:\/\/now-news.de\/de\/wp-content\/uploads\/sites\/3\/2022\/10\/EU-Aktionsplan-Impfprioritaet-liegt-auf-Ungeimpften-und-Schwangeren.JPG\",\"keywords\":[\"AUF\",\"EUAktionsplan\",\"Impfpriorit\u00e4t\",\"liegt\",\"schwangeren\",\"und\",\"Ungeimpften\"],\"articleSection\":[\"Deutschland\",\"Russland\"],\"inLanguage\":\"de\",\"potentialAction\":[{\"@type\":\"CommentAction\",\"name\":\"Comment\",\"target\":[\"https:\/\/now-news.de\/de\/deutschland\/eu-aktionsplan-impfprioritaet-liegt-auf-ungeimpften-und-schwangeren\/#respond\"]}]},{\"@type\":\"WebPage\",\"@id\":\"https:\/\/now-news.de\/de\/deutschland\/eu-aktionsplan-impfprioritaet-liegt-auf-ungeimpften-und-schwangeren\/\",\"url\":\"https:\/\/now-news.de\/de\/deutschland\/eu-aktionsplan-impfprioritaet-liegt-auf-ungeimpften-und-schwangeren\/\",\"name\":\"EU-Aktionsplan: Impfpriorit\u00e4t liegt auf Ungeimpften und Schwangeren - just-now.NEWS Deutschland\",\"isPartOf\":{\"@id\":\"https:\/\/now-news.de\/de\/#website\"},\"primaryImageOfPage\":{\"@id\":\"https:\/\/now-news.de\/de\/deutschland\/eu-aktionsplan-impfprioritaet-liegt-auf-ungeimpften-und-schwangeren\/#primaryimage\"},\"image\":{\"@id\":\"https:\/\/now-news.de\/de\/deutschland\/eu-aktionsplan-impfprioritaet-liegt-auf-ungeimpften-und-schwangeren\/#primaryimage\"},\"thumbnailUrl\":\"https:\/\/now-news.de\/de\/wp-content\/uploads\/sites\/3\/2022\/10\/EU-Aktionsplan-Impfprioritaet-liegt-auf-Ungeimpften-und-Schwangeren.JPG\",\"datePublished\":\"2022-10-26T06:42:52+00:00\",\"dateModified\":\"2022-10-26T06:42:52+00:00\",\"breadcrumb\":{\"@id\":\"https:\/\/now-news.de\/de\/deutschland\/eu-aktionsplan-impfprioritaet-liegt-auf-ungeimpften-und-schwangeren\/#breadcrumb\"},\"inLanguage\":\"de\",\"potentialAction\":[{\"@type\":\"ReadAction\",\"target\":[\"https:\/\/now-news.de\/de\/deutschland\/eu-aktionsplan-impfprioritaet-liegt-auf-ungeimpften-und-schwangeren\/\"]}]},{\"@type\":\"ImageObject\",\"inLanguage\":\"de\",\"@id\":\"https:\/\/now-news.de\/de\/deutschland\/eu-aktionsplan-impfprioritaet-liegt-auf-ungeimpften-und-schwangeren\/#primaryimage\",\"url\":\"https:\/\/now-news.de\/de\/wp-content\/uploads\/sites\/3\/2022\/10\/EU-Aktionsplan-Impfprioritaet-liegt-auf-Ungeimpften-und-Schwangeren.JPG\",\"contentUrl\":\"https:\/\/now-news.de\/de\/wp-content\/uploads\/sites\/3\/2022\/10\/EU-Aktionsplan-Impfprioritaet-liegt-auf-Ungeimpften-und-Schwangeren.JPG\",\"width\":460,\"height\":259,\"caption\":\"EU-Aktionsplan: Impfpriorit\u00e4t liegt auf Ungeimpften und Schwangeren\"},{\"@type\":\"BreadcrumbList\",\"@id\":\"https:\/\/now-news.de\/de\/deutschland\/eu-aktionsplan-impfprioritaet-liegt-auf-ungeimpften-und-schwangeren\/#breadcrumb\",\"itemListElement\":[{\"@type\":\"ListItem\",\"position\":1,\"name\":\"Home\",\"item\":\"https:\/\/now-news.de\/de\/\"},{\"@type\":\"ListItem\",\"position\":2,\"name\":\"EU-Aktionsplan: Impfpriorit\u00e4t liegt auf Ungeimpften und Schwangeren\"}]},{\"@type\":\"WebSite\",\"@id\":\"https:\/\/now-news.de\/de\/#website\",\"url\":\"https:\/\/now-news.de\/de\/\",\"name\":\"just-now.NEWS Deutschland\",\"description\":\"Das Portal f\u00fcr unzensierte Nachrichten aus der Welt\",\"publisher\":{\"@id\":\"https:\/\/now-news.de\/de\/#organization\"},\"potentialAction\":[{\"@type\":\"SearchAction\",\"target\":{\"@type\":\"EntryPoint\",\"urlTemplate\":\"https:\/\/now-news.de\/de\/?s={search_term_string}\"},\"query-input\":\"required name=search_term_string\"}],\"inLanguage\":\"de\"},{\"@type\":\"Organization\",\"@id\":\"https:\/\/now-news.de\/de\/#organization\",\"name\":\"Just Now News\",\"url\":\"https:\/\/now-news.de\/de\/\",\"logo\":{\"@type\":\"ImageObject\",\"inLanguage\":\"de\",\"@id\":\"https:\/\/now-news.de\/de\/#\/schema\/logo\/image\/\",\"url\":\"http:\/\/just-now.news\/de\/wp-content\/uploads\/sites\/3\/2022\/04\/logo500x500.jpg\",\"contentUrl\":\"http:\/\/just-now.news\/de\/wp-content\/uploads\/sites\/3\/2022\/04\/logo500x500.jpg\",\"width\":500,\"height\":500,\"caption\":\"Just Now News\"},\"image\":{\"@id\":\"https:\/\/now-news.de\/de\/#\/schema\/logo\/image\/\"},\"sameAs\":[\"https:\/\/www.facebook.com\/wirmachenauf\",\"https:\/\/x.com\/WirMachenAuf_de\"]},{\"@type\":\"Person\",\"@id\":\"https:\/\/now-news.de\/de\/#\/schema\/person\/fb534a4e865501d8b3285208df34a9b5\",\"name\":\"rtnews\",\"image\":{\"@type\":\"ImageObject\",\"inLanguage\":\"de\",\"@id\":\"https:\/\/now-news.de\/de\/#\/schema\/person\/image\/\",\"url\":\"https:\/\/secure.gravatar.com\/avatar\/82aafea7d8127119dd649515f56e2117?s=96&d=mm&r=g\",\"contentUrl\":\"https:\/\/secure.gravatar.com\/avatar\/82aafea7d8127119dd649515f56e2117?s=96&d=mm&r=g\",\"caption\":\"rtnews\"},\"url\":\"https:\/\/now-news.de\/de\/author\/rnews\/\"}]}<\/script>\n<!-- \/ Yoast SEO Premium plugin. -->","yoast_head_json":{"title":"EU-Aktionsplan: Impfpriorit\u00e4t liegt auf Ungeimpften und Schwangeren - just-now.NEWS Deutschland","robots":{"index":"index","follow":"follow","max-snippet":"max-snippet:-1","max-image-preview":"max-image-preview:large","max-video-preview":"max-video-preview:-1"},"canonical":"https:\/\/now-news.de\/de\/deutschland\/eu-aktionsplan-impfprioritaet-liegt-auf-ungeimpften-und-schwangeren\/","og_locale":"de_DE","og_type":"article","og_title":"EU-Aktionsplan: Impfpriorit\u00e4t liegt auf Ungeimpften und Schwangeren","og_description":"Bei einer Pressekonferenz stellte die EU-Abgeordnete Christine Anderson (AfD) in der vergangenen Woche den neuen EU-Aktionsplan zur COVID-19-Pandemie vor. Obwohl der Pharmakonzern Pfizer nun selbst zugeben musste, dass der Impfstoff weder Ansteckung noch \u00dcbertragung verhindern kann, mache die EU-Kommission mit der Ma\u00dfnahmen- und Impfplanung weiter, als ob nichts gewesen w\u00e4re. Auch bei dem f\u00fcr die [&hellip;]","og_url":"https:\/\/now-news.de\/de\/deutschland\/eu-aktionsplan-impfprioritaet-liegt-auf-ungeimpften-und-schwangeren\/","og_site_name":"just-now.NEWS Deutschland","article_publisher":"https:\/\/www.facebook.com\/wirmachenauf","article_published_time":"2022-10-26T06:42:52+00:00","og_image":[{"width":460,"height":259,"url":"https:\/\/now-news.de\/de\/wp-content\/uploads\/sites\/3\/2022\/10\/EU-Aktionsplan-Impfprioritaet-liegt-auf-Ungeimpften-und-Schwangeren.JPG","type":"image\/jpeg"}],"author":"rtnews","twitter_card":"summary_large_image","twitter_creator":"@WirMachenAuf_de","twitter_site":"@WirMachenAuf_de","twitter_misc":{"Verfasst von":"rtnews","Gesch\u00e4tzte Lesezeit":"2\u00a0Minuten"},"schema":{"@context":"https:\/\/schema.org","@graph":[{"@type":"Article","@id":"https:\/\/now-news.de\/de\/deutschland\/eu-aktionsplan-impfprioritaet-liegt-auf-ungeimpften-und-schwangeren\/#article","isPartOf":{"@id":"https:\/\/now-news.de\/de\/deutschland\/eu-aktionsplan-impfprioritaet-liegt-auf-ungeimpften-und-schwangeren\/"},"author":{"name":"rtnews","@id":"https:\/\/now-news.de\/de\/#\/schema\/person\/fb534a4e865501d8b3285208df34a9b5"},"headline":"EU-Aktionsplan: Impfpriorit\u00e4t liegt auf Ungeimpften und Schwangeren","datePublished":"2022-10-26T06:42:52+00:00","dateModified":"2022-10-26T06:42:52+00:00","mainEntityOfPage":{"@id":"https:\/\/now-news.de\/de\/deutschland\/eu-aktionsplan-impfprioritaet-liegt-auf-ungeimpften-und-schwangeren\/"},"wordCount":420,"commentCount":0,"publisher":{"@id":"https:\/\/now-news.de\/de\/#organization"},"image":{"@id":"https:\/\/now-news.de\/de\/deutschland\/eu-aktionsplan-impfprioritaet-liegt-auf-ungeimpften-und-schwangeren\/#primaryimage"},"thumbnailUrl":"https:\/\/now-news.de\/de\/wp-content\/uploads\/sites\/3\/2022\/10\/EU-Aktionsplan-Impfprioritaet-liegt-auf-Ungeimpften-und-Schwangeren.JPG","keywords":["AUF","EUAktionsplan","Impfpriorit\u00e4t","liegt","schwangeren","und","Ungeimpften"],"articleSection":["Deutschland","Russland"],"inLanguage":"de","potentialAction":[{"@type":"CommentAction","name":"Comment","target":["https:\/\/now-news.de\/de\/deutschland\/eu-aktionsplan-impfprioritaet-liegt-auf-ungeimpften-und-schwangeren\/#respond"]}]},{"@type":"WebPage","@id":"https:\/\/now-news.de\/de\/deutschland\/eu-aktionsplan-impfprioritaet-liegt-auf-ungeimpften-und-schwangeren\/","url":"https:\/\/now-news.de\/de\/deutschland\/eu-aktionsplan-impfprioritaet-liegt-auf-ungeimpften-und-schwangeren\/","name":"EU-Aktionsplan: Impfpriorit\u00e4t liegt auf Ungeimpften und Schwangeren - just-now.NEWS Deutschland","isPartOf":{"@id":"https:\/\/now-news.de\/de\/#website"},"primaryImageOfPage":{"@id":"https:\/\/now-news.de\/de\/deutschland\/eu-aktionsplan-impfprioritaet-liegt-auf-ungeimpften-und-schwangeren\/#primaryimage"},"image":{"@id":"https:\/\/now-news.de\/de\/deutschland\/eu-aktionsplan-impfprioritaet-liegt-auf-ungeimpften-und-schwangeren\/#primaryimage"},"thumbnailUrl":"https:\/\/now-news.de\/de\/wp-content\/uploads\/sites\/3\/2022\/10\/EU-Aktionsplan-Impfprioritaet-liegt-auf-Ungeimpften-und-Schwangeren.JPG","datePublished":"2022-10-26T06:42:52+00:00","dateModified":"2022-10-26T06:42:52+00:00","breadcrumb":{"@id":"https:\/\/now-news.de\/de\/deutschland\/eu-aktionsplan-impfprioritaet-liegt-auf-ungeimpften-und-schwangeren\/#breadcrumb"},"inLanguage":"de","potentialAction":[{"@type":"ReadAction","target":["https:\/\/now-news.de\/de\/deutschland\/eu-aktionsplan-impfprioritaet-liegt-auf-ungeimpften-und-schwangeren\/"]}]},{"@type":"ImageObject","inLanguage":"de","@id":"https:\/\/now-news.de\/de\/deutschland\/eu-aktionsplan-impfprioritaet-liegt-auf-ungeimpften-und-schwangeren\/#primaryimage","url":"https:\/\/now-news.de\/de\/wp-content\/uploads\/sites\/3\/2022\/10\/EU-Aktionsplan-Impfprioritaet-liegt-auf-Ungeimpften-und-Schwangeren.JPG","contentUrl":"https:\/\/now-news.de\/de\/wp-content\/uploads\/sites\/3\/2022\/10\/EU-Aktionsplan-Impfprioritaet-liegt-auf-Ungeimpften-und-Schwangeren.JPG","width":460,"height":259,"caption":"EU-Aktionsplan: Impfpriorit\u00e4t liegt auf Ungeimpften und Schwangeren"},{"@type":"BreadcrumbList","@id":"https:\/\/now-news.de\/de\/deutschland\/eu-aktionsplan-impfprioritaet-liegt-auf-ungeimpften-und-schwangeren\/#breadcrumb","itemListElement":[{"@type":"ListItem","position":1,"name":"Home","item":"https:\/\/now-news.de\/de\/"},{"@type":"ListItem","position":2,"name":"EU-Aktionsplan: Impfpriorit\u00e4t liegt auf Ungeimpften und Schwangeren"}]},{"@type":"WebSite","@id":"https:\/\/now-news.de\/de\/#website","url":"https:\/\/now-news.de\/de\/","name":"just-now.NEWS Deutschland","description":"Das Portal f\u00fcr unzensierte Nachrichten aus der Welt","publisher":{"@id":"https:\/\/now-news.de\/de\/#organization"},"potentialAction":[{"@type":"SearchAction","target":{"@type":"EntryPoint","urlTemplate":"https:\/\/now-news.de\/de\/?s={search_term_string}"},"query-input":"required name=search_term_string"}],"inLanguage":"de"},{"@type":"Organization","@id":"https:\/\/now-news.de\/de\/#organization","name":"Just Now News","url":"https:\/\/now-news.de\/de\/","logo":{"@type":"ImageObject","inLanguage":"de","@id":"https:\/\/now-news.de\/de\/#\/schema\/logo\/image\/","url":"http:\/\/just-now.news\/de\/wp-content\/uploads\/sites\/3\/2022\/04\/logo500x500.jpg","contentUrl":"http:\/\/just-now.news\/de\/wp-content\/uploads\/sites\/3\/2022\/04\/logo500x500.jpg","width":500,"height":500,"caption":"Just Now News"},"image":{"@id":"https:\/\/now-news.de\/de\/#\/schema\/logo\/image\/"},"sameAs":["https:\/\/www.facebook.com\/wirmachenauf","https:\/\/x.com\/WirMachenAuf_de"]},{"@type":"Person","@id":"https:\/\/now-news.de\/de\/#\/schema\/person\/fb534a4e865501d8b3285208df34a9b5","name":"rtnews","image":{"@type":"ImageObject","inLanguage":"de","@id":"https:\/\/now-news.de\/de\/#\/schema\/person\/image\/","url":"https:\/\/secure.gravatar.com\/avatar\/82aafea7d8127119dd649515f56e2117?s=96&d=mm&r=g","contentUrl":"https:\/\/secure.gravatar.com\/avatar\/82aafea7d8127119dd649515f56e2117?s=96&d=mm&r=g","caption":"rtnews"},"url":"https:\/\/now-news.de\/de\/author\/rnews\/"}]}},"_links":{"self":[{"href":"https:\/\/now-news.de\/de\/wp-json\/wp\/v2\/posts\/21773"}],"collection":[{"href":"https:\/\/now-news.de\/de\/wp-json\/wp\/v2\/posts"}],"about":[{"href":"https:\/\/now-news.de\/de\/wp-json\/wp\/v2\/types\/post"}],"author":[{"embeddable":true,"href":"https:\/\/now-news.de\/de\/wp-json\/wp\/v2\/users\/3"}],"replies":[{"embeddable":true,"href":"https:\/\/now-news.de\/de\/wp-json\/wp\/v2\/comments?post=21773"}],"version-history":[{"count":0,"href":"https:\/\/now-news.de\/de\/wp-json\/wp\/v2\/posts\/21773\/revisions"}],"wp:featuredmedia":[{"embeddable":true,"href":"https:\/\/now-news.de\/de\/wp-json\/wp\/v2\/media\/21774"}],"wp:attachment":[{"href":"https:\/\/now-news.de\/de\/wp-json\/wp\/v2\/media?parent=21773"}],"wp:term":[{"taxonomy":"category","embeddable":true,"href":"https:\/\/now-news.de\/de\/wp-json\/wp\/v2\/categories?post=21773"},{"taxonomy":"post_tag","embeddable":true,"href":"https:\/\/now-news.de\/de\/wp-json\/wp\/v2\/tags?post=21773"}],"curies":[{"name":"wp","href":"https:\/\/api.w.org\/{rel}","templated":true}]}}