{"id":21652,"date":"2022-10-24T17:00:00","date_gmt":"2022-10-24T15:00:00","guid":{"rendered":"http:\/\/just-now.news\/de\/deutschland\/krisen-und-insolvenzticker-obi-zentrale-im-wermelskirchen-entlaesst-150-mitarbeiter\/"},"modified":"2022-10-24T17:00:00","modified_gmt":"2022-10-24T15:00:00","slug":"krisen-und-insolvenzticker-obi-zentrale-im-wermelskirchen-entlaesst-150-mitarbeiter","status":"publish","type":"post","link":"https:\/\/now-news.de\/de\/deutschland\/krisen-und-insolvenzticker-obi-zentrale-im-wermelskirchen-entlaesst-150-mitarbeiter\/","title":{"rendered":"Krisen- und Insolvenzticker: OBI-Zentrale im Wermelskirchen entl\u00e4sst 150 Mitarbeiter"},"content":{"rendered":"<div class=\"Text-root Text-type_1 \">\n                Die deutsche Wirtschaft rutscht immer tiefer in die Krise. Unter dem Druck dramatisch steigender Energiekosten und anderer ung\u00fcnstiger Rahmenbedingungen sind allein in diesem Jahr tausende Unternehmen insolvent gegangen. Wir fassen in diesem Ticker die wichtigsten Entwicklungen und Neuigkeiten zusammen.\n            <\/div>\n<p><\/p>\n<div class=\"ArticleView-liveUpdates\">\n<div class=\"LiveUpdates-root\">\n<div class=\"LiveUpdates-content\">\n<ul class=\"LiveUpdates-list Listing-root\" data-listing=\"LiveUpdates\" data-count=\"10\">\n<li class=\"LiveUpdates-item Listing-item\">\n<div class=\"LiveUpdates-date\">\n<p class=\"HeaderNews-root HeaderNews-type_2 \">\n                24.10.2022 16:42 Uhr\n            <\/p>\n<\/div>\n<div class=\"LiveUpdate-root\">\n<div class=\"LiveUpdate-date\">\n<p class=\"HeaderNews-root HeaderNews-type_6 \">\n                16:42 Uhr\n            <\/p>\n<\/div>\n<div class=\"LiveUpdate-content\">\n<div class=\"LiveUpdate-text\">\n<div class=\"Text-root Text-type_5 ViewText-root\">\n<p><strong>OBI-Zentrale im Wermelskirchen entl\u00e4sst 150 Mitarbeiter<\/strong><\/p>\n<figure class=\"RTImage-root\">\n<div class=\"RTImage-image RTImage-original\"><picture class=\"Picture-root Picture-original\"><!--[if IE 9]><video style=\"display: none;\"><![endif]--><source media=\"(-webkit-min-device-pixel-ratio: 2) and (min-resolution: 120dpi)\" data-srcset=\" \nhttp:\/\/just-now.news\/de\/wp-content\/uploads\/sites\/3\/2022\/10\/6356a4c0b480cc05720a0872.jpg 850w,\n                http:\/\/just-now.news\/de\/wp-content\/uploads\/sites\/3\/2022\/10\/6356a4c0b480cc05720a0872.jpg 1960w,\n            \" ><source data-srcset=\" \nhttp:\/\/just-now.news\/de\/wp-content\/uploads\/sites\/3\/2022\/10\/6356a4c0b480cc05720a0872.jpg 460w,\n              http:\/\/just-now.news\/de\/wp-content\/uploads\/sites\/3\/2022\/10\/6356a4c0b480cc05720a0872.jpg 980w,\n            \" ><!--[if IE 9]><\/video><![endif]--><img decoding=\"async\" data- src=\"data:image\/png;base64,iVBORw0KGgoAAAANSUhEUgAAABAAAAAJCAQAAACRI2S5AAAAEElEQVR42mNkIAAYRxWAAQAG9gAKqv6+AwAAAABJRU5ErkJggg==\" class=\"Picture-root Picture-original lazyload\" data-src=\"http:\/\/just-now.news\/de\/wp-content\/uploads\/sites\/3\/2022\/10\/6356a4c0b480cc05720a0872.jpg\" alt=\"\"><\/source><\/source><\/picture><!-- noscript pattern --><noscript><img decoding=\"async\" src=\"http:\/\/just-now.news\/de\/wp-content\/uploads\/sites\/3\/2022\/10\/6356a4c0b480cc05720a0872.jpg\" alt=\"\"><\/noscript><\/div><figcaption class=\"RTImage-footer\"><span class=\"RTImage-caption\"><\/span><span class=\"RTImage-source\"><span class=\"RTImage-captionItem\">Horst Galuschka\/dpa<\/span><span class=\"RTImage-captionItem\"> \/ www.globallookpress.com<\/span><\/span><\/figcaption><\/figure>\n<p>Die Baumarkt-Kette OBI entl\u00e4sst in der Systemzentrale in Wermelskirchen 150 Mitarbeiter, betroffen sind nach Unternehmensangaben vor allem Stellen im Verwaltungs- und Logistikbereich. Als Grund f\u00fcr die Entlassungen werden &#8220;wirtschaftliche Herausforderungen&#8221; genannt. Am Standort Wermelskirchen sind 3000 Mitarbeiter angestellt, weltweit sind es\u00a0etwa 43.000. Noch w\u00e4hrend der Corona-Krise hatte OBI wie auch andere Baum\u00e4rkte profitiert, da w\u00e4hrend der Lockdowns die Baum\u00e4rkte teilweise ge\u00f6ffnet waren. Dies f\u00fchrte zu einem &#8220;Heimwerker-Boom&#8221;, da die Menschen die Zeit f\u00fcr Renovierungsarbeiten nutzten. Doch nun hat das Unternehmen mit der Inflation, den gestiegenen Rohstoffpreisen und dem ver\u00e4nderten Kaufverhalten der Kunden zu k\u00e4mpfen.<\/p>\n<p>Als Grund f\u00fchrt OBI auch die Umstrukturierung des Unternehmens an: Man wolle in Zukunft den Bereich Technologie ausbauen. Mitarbeiter berichten laut <em>RP Online<\/em>\u00a0 von einem zunehmend &#8220;vergifteten Arbeitsklima&#8221;. Ein Angestellter, der aus Angst vor Konsequenzen anonym bleiben m\u00f6chte, erz\u00e4hlte, dass Mitarbeiter aus allen Bereichen gedr\u00e4ngt werden, zu k\u00fcndigen beziehungsweise &#8220;Angebote zum freiwilligen Ausscheiden&#8221; anzunehmen, wie es das Unternehmen nennt. Die Firmensprecher bestreiten die Vorw\u00fcrfe. Bereits im M\u00e4rz wurde zudem bekannt, dass die Baumarkt-Kette sich komplett aus Russland zur\u00fcckzieht. Gen\u00fctzt hat diese Entscheidung offenbar wenig.<\/p>\n<\/div>\n<\/div>\n<\/div>\n<\/div>\n<\/li>\n<li class=\"LiveUpdates-item Listing-item\">\n<div class=\"LiveUpdates-date\">\n<p class=\"HeaderNews-root HeaderNews-type_2 \">\n                22.10.2022 20:05 Uhr\n            <\/p>\n<\/div>\n<div class=\"LiveUpdate-root\">\n<div class=\"LiveUpdate-date\">\n<p class=\"HeaderNews-root HeaderNews-type_6 \">\n                20:05 Uhr\n            <\/p>\n<\/div>\n<div class=\"LiveUpdate-content\">\n<div class=\"LiveUpdate-text\">\n<div class=\"Text-root Text-type_5 ViewText-root\">\n<p><strong>K\u00fcchenbaufirma: Insolvenz durch Stromausfall mit Datenverlust<\/strong><\/p>\n<p>Die Firma rational einbauk\u00fcchen solutions GmbH aus Melle bei Osnabr\u00fcck hat Insolvenz angemeldet. Das Unternehmen baut seit fast 60 Jahren ma\u00dfgefertigte Einbauk\u00fcchen und wurde regelm\u00e4\u00dfig f\u00fcr das Design seiner Produkte ausgezeichnet.<\/p>\n<p>Der Grund <a rel=\"nofollow noopener\" target=\"_blank\" href=\"https:\/\/www.heidelberg24.de\/verbraucher\/krise-pleite-osnabrueck-unternehmen-amtsgericht-insolvenz-insolvent-einbaukueche-kuechenbauer-melle-91830929.html\">seien<\/a> nach Presseberichten nicht die steigenden Energiepreise, sondern ein regionaler Stromausfall, der die Server besch\u00e4digt habe und in dessen Folge viele Daten unwiederbringlich verloren gegangen seien. Deshalb k\u00f6nnten keine Auftr\u00e4ge mehr bearbeitet und an die Produktion weitergeleitet werden. \u00dcber den Grund des Stromausfalls ist nichts weiter bekannt.<\/p>\n<p>Die Firma mit 64 Mitarbeitern hat die Insolvenz beantragt, da auch keine Prognose m\u00f6glich sei, wann die Produktion wieder aufgenommen werden k\u00f6nne; der dadurch entstehende Umsatzausfall habe die drohende Zahlungsunf\u00e4higkeit herbeigef\u00fchrt.<\/p>\n<p>Diese Insolvenz in Folge eines Stromausfalls mit Datenverlust ist zwar die erste in Deutschland, wird aber vermutlich nicht die letzte bleiben. Die Folgen von Datenverlusten d\u00fcrften kaum absehbar sein; aber die Wahrscheinlichkeit von Stromausf\u00e4llen in naher Zukunft ist hoch. Bisher wurde von der Bundesregierung zwar best\u00e4ndig zum Energiesparen aufgerufen, das Thema Datensicherheit ist aber noch nicht in den Fokus der Wahrnehmung ger\u00fcckt, dabei d\u00fcrften solche Sch\u00e4den mit die weitreichendsten vor\u00fcbergehender Stromausf\u00e4lle sein.<\/p>\n<\/p>\n<\/div>\n<\/div>\n<\/div>\n<\/div>\n<\/li>\n<li class=\"LiveUpdates-item Listing-item\">\n<div class=\"LiveUpdate-root\">\n<div class=\"LiveUpdate-date\">\n<p class=\"HeaderNews-root HeaderNews-type_6 \">\n                17:10 Uhr\n            <\/p>\n<\/div>\n<div class=\"LiveUpdate-content\">\n<div class=\"LiveUpdate-text\">\n<div class=\"Text-root Text-type_5 ViewText-root\">\n<p><strong>2,1 Millionen Menschen konnten schon 2021 ihre Wohnung nicht ausreichend heizen<\/strong><\/p>\n<p>Wie das Statistische Bundesamt mitteilte, konnten sich bereits vor Beginn der Energiekrise, die vom Sanktionsregime des Westens gegen Russland ausgel\u00f6st wurde,\u00a0nicht alle Deutschen eine ausreichend beheizte Wohnung leisten. 3,2 Prozent aller Deutschen konnten nach eigener Einsch\u00e4tzung ihre R\u00e4umlichkeiten im Jahr 2021 aus finanziellen Gr\u00fcnden nicht angemessen beheizen.\u00a0<\/p>\n<p>Betroffen waren vor allem Alleinerziehende und alleinstehende Menschen. Im EU-Vergleich waren von Energiearmut Litauen, Bulgarien und Zypern am st\u00e4rksten betroffen.<\/p>\n<\/div>\n<\/div>\n<\/div>\n<\/div>\n<\/li>\n<li class=\"LiveUpdates-item Listing-item\">\n<div class=\"LiveUpdates-date\">\n<p class=\"HeaderNews-root HeaderNews-type_2 \">\n                21.10.2022 21:50 Uhr\n            <\/p>\n<\/div>\n<div class=\"LiveUpdate-root\">\n<div class=\"LiveUpdate-date\">\n<p class=\"HeaderNews-root HeaderNews-type_6 \">\n                21:50 Uhr\n            <\/p>\n<\/div>\n<div class=\"LiveUpdate-content\">\n<div class=\"LiveUpdate-text\">\n<div class=\"Text-root Text-type_5 ViewText-root\">\n<p><strong>Rekordinflation: Bundeswehr muss mehrere geplante R\u00fcstungsprojekte im Sonderverm\u00f6gen streichen<\/strong><\/p>\n<figure class=\"RTImage-root\">\n<div class=\"RTImage-image RTImage-original\"><picture class=\"Picture-root Picture-original\"><!--[if IE 9]><video style=\"display: none;\"><![endif]--><source media=\"(-webkit-min-device-pixel-ratio: 2) and (min-resolution: 120dpi)\" data-srcset=\" \nhttp:\/\/just-now.news\/de\/wp-content\/uploads\/sites\/3\/2022\/10\/6352fd13b480cc28487a4a55.jpg 850w,\n                http:\/\/just-now.news\/de\/wp-content\/uploads\/sites\/3\/2022\/10\/6352fd13b480cc28487a4a55.jpg 1960w,\n            \" ><source data-srcset=\" \nhttp:\/\/just-now.news\/de\/wp-content\/uploads\/sites\/3\/2022\/10\/6352fd13b480cc28487a4a55.jpg 460w,\n              http:\/\/just-now.news\/de\/wp-content\/uploads\/sites\/3\/2022\/10\/6352fd13b480cc28487a4a55.jpg 980w,\n            \" ><!--[if IE 9]><\/video><![endif]--><img decoding=\"async\" data- src=\"data:image\/png;base64,iVBORw0KGgoAAAANSUhEUgAAABAAAAAJCAQAAACRI2S5AAAAEElEQVR42mNkIAAYRxWAAQAG9gAKqv6+AwAAAABJRU5ErkJggg==\" class=\"Picture-root Picture-original lazyload\" data-src=\"http:\/\/just-now.news\/de\/wp-content\/uploads\/sites\/3\/2022\/10\/6352fd13b480cc28487a4a55.jpg\" alt=\"\"><\/source><\/source><\/picture><!-- noscript pattern --><noscript><img decoding=\"async\" src=\"http:\/\/just-now.news\/de\/wp-content\/uploads\/sites\/3\/2022\/10\/6352fd13b480cc28487a4a55.jpg\" alt=\"\"><\/noscript><\/div><figcaption class=\"RTImage-footer\"><span class=\"RTImage-caption\"><span class=\"RTImage-captionItem\">Bundeskanzler Olaf Scholz bei einem Besuch der Bundeswehr. (Symbolbild)<\/span><\/span><span class=\"RTImage-source\"><span class=\"RTImage-captionItem\">www.imago-images.de<\/span><span class=\"RTImage-captionItem\"> \/ www.globallookpress.com<\/span><\/span><\/figcaption><\/figure>\n<p>Durch die hohe Inflation und den relativ starken US-Dollar verteuern sich R\u00fcstungseink\u00e4ufe massiv. Die Bundesregierung muss daher die geplante Ausr\u00fcstungsoffensive f\u00fcr die Bundeswehr massiv k\u00fcrzen. Wie das <em>Handelsblatt<\/em> unter Berufung auf Kreise der Industrie und Politik berichtet, m\u00fcssen viele Projekte abgeblasen werden.<\/p>\n<p>Grund daf\u00fcr ist die drastisch gestiegene Inflation, die die geplanten R\u00fcstungseink\u00e4ufe verteuert. Der Bundesrechnungshof bem\u00e4ngelte zudem, dass die geplanten Projekte das Sonderverm\u00f6gen in H\u00f6he von 100 Milliarden \u00fcberschreiten. Da die Projekte \u00fcber mehrere Jahre laufen, stelle die Inflation in dieser Dimension ein ernstes Finanzproblem dar. Unter anderem stehen nun eine dritte Tranche der Korvette K130, neue Eurofighter f\u00fcr die elektronische Kampff\u00fchrung und neue Fregatten auf der Kippe. Auch die Anschaffung neuer Panzerhaubitzen als Ersatz f\u00fcr die an die Ukraine gelieferten Systeme steht auf Messers Schneide.<\/p>\n<p>Aber auch bei anderen Projekten wie beispielsweise der Anschaffung des Kampfjets F-35 k\u00f6nnte es zu einer Reduzierung der geplanten St\u00fcckzahl kommen. Die St\u00fcckzahl des zweiten Loses des Sch\u00fctzenpanzers Puma, f\u00fcr das in diesem Jahr 304 Millionen Euro veranschlagt wurden, reduziere sich w\u00f6chentlich, so ein Vertreter der Koalition.<\/p>\n<p>Laut <em>Handelsblatt<\/em> gebe es Gespr\u00e4che zwischen der Politik und der Industrie \u00fcber die Projekte. Vertreter aus der R\u00fcstungsbranche sind au\u00dferdem der Meinung, dass das geplante Sonderverm\u00f6gen von 100 Milliarden Euro nicht ausreichen werde. Um die W\u00fcnsche der Bundeswehr zu erf\u00fcllen, seien mindestens 200 Milliarden Euro notwendig.<\/p>\n<\/div>\n<\/div>\n<\/div>\n<\/div>\n<\/li>\n<li class=\"LiveUpdates-item Listing-item\">\n<div class=\"LiveUpdate-root\">\n<div class=\"LiveUpdate-date\">\n<p class=\"HeaderNews-root HeaderNews-type_6 \">\n                15:40 Uhr\n            <\/p>\n<\/div>\n<div class=\"LiveUpdate-content\">\n<div class=\"LiveUpdate-text\">\n<div class=\"Text-root Text-type_5 ViewText-root\">\n<p><strong>Studie: Sachsen-Anhalts Wirtschaft leidet besonders unter hohen Gaspreisen<\/strong><\/p>\n<p>Eine Studie der Berliner Rating-Agentur Scope prognostiziert f\u00fcr Sachsen-Anhalts Wirtschaft nichts Gutes, wie der <em>MDR<\/em>\u00a0<a rel=\"nofollow noopener\" target=\"_blank\" href=\"https:\/\/www.mdr.de\/nachrichten\/sachsen-anhalt\/studie-energiekrise-auswirkungen-100.html\">berichtet<\/a>. Aufgrund der besonders energieintensiven Industrie wird die aktuelle Energiekrise Sachsen-Anhalt besonders\u00a0stark in Mitleidenschaft ziehen.<\/p>\n<p>Die\u00a0energieintensive Chemieindustrie in\u00a0Bitterfeld, Leuna\u00a0oder\u00a0Wittenberg-Piesteritz ist besonders\u00a0schwer von den hohen Gaspreisen betroffen.\u00a0\u00c4hnliches gelte auch f\u00fcr die Papierindustrie\u00a0in dem mitteldeutschen Bundesland.<\/p>\n<p>Die Studie prognostiziert f\u00fcr die\u00a0Produktion in Sachsen-Anhalt einen R\u00fcckgang von 0,9 Prozent. Eine schlechtere Prognose wird mit 1,2 Prozent lediglich f\u00fcr Rheinland-Pfalz vorausgesagt.<\/p>\n<\/p>\n<\/div>\n<\/div>\n<\/div>\n<\/div>\n<\/li>\n<li class=\"LiveUpdates-item Listing-item\">\n<div class=\"LiveUpdate-root\">\n<div class=\"LiveUpdate-date\">\n<p class=\"HeaderNews-root HeaderNews-type_6 \">\n                11:00 Uhr\n            <\/p>\n<\/div>\n<div class=\"LiveUpdate-content\">\n<div class=\"LiveUpdate-text\">\n<div class=\"Text-root Text-type_5 ViewText-root\">\n<p><strong>Bloomberg-Bericht: Embargo auf russisches \u00d6l d\u00fcrfte im Winter zu\u00a0Dieselknappheit in der EU f\u00fchren<\/strong><\/p>\n<figure class=\"RTImage-root\">\n<div class=\"RTImage-image RTImage-original\"><picture class=\"Picture-root Picture-original\"><!--[if IE 9]><video style=\"display: none;\"><![endif]--><source media=\"(-webkit-min-device-pixel-ratio: 2) and (min-resolution: 120dpi)\" data-srcset=\" \nhttp:\/\/just-now.news\/de\/wp-content\/uploads\/sites\/3\/2022\/10\/63525115b480cc39de59b9cc.jpg 850w,\n                http:\/\/just-now.news\/de\/wp-content\/uploads\/sites\/3\/2022\/10\/63525115b480cc39de59b9cc.jpg 1960w,\n            \" ><source data-srcset=\" \nhttp:\/\/just-now.news\/de\/wp-content\/uploads\/sites\/3\/2022\/10\/63525115b480cc39de59b9cc.jpg 460w,\n              http:\/\/just-now.news\/de\/wp-content\/uploads\/sites\/3\/2022\/10\/63525115b480cc39de59b9cc.jpg 980w,\n            \" ><!--[if IE 9]><\/video><![endif]--><img decoding=\"async\" data- src=\"data:image\/png;base64,iVBORw0KGgoAAAANSUhEUgAAABAAAAAJCAQAAACRI2S5AAAAEElEQVR42mNkIAAYRxWAAQAG9gAKqv6+AwAAAABJRU5ErkJggg==\" class=\"Picture-root Picture-original lazyload\" data-src=\"http:\/\/just-now.news\/de\/wp-content\/uploads\/sites\/3\/2022\/10\/63525115b480cc39de59b9cc.jpg\" alt=\"\"><\/source><\/source><\/picture><!-- noscript pattern --><noscript><img decoding=\"async\" src=\"http:\/\/just-now.news\/de\/wp-content\/uploads\/sites\/3\/2022\/10\/63525115b480cc39de59b9cc.jpg\" alt=\"\"><\/noscript><\/div><figcaption class=\"RTImage-footer\"><span class=\"RTImage-caption\"><\/span><span class=\"RTImage-source\"><span class=\"RTImage-captionItem\">Julien de Rosa<\/span><span class=\"RTImage-captionItem\"> \/ AFP<\/span><\/span><\/figcaption><\/figure>\n<p>Nach dem Inkrafttreten des EU-Embagros auf russisches Erd\u00f6l und Erd\u00f6lerzeugnisse wird in diesem Winter mit einem starken Einbruch der Dieselreserven in der Staatengemeinschaft gerechnet. Dies berichtete die US-Wirtschaftsnachrichtenagentur <em>Bloomberg<\/em> am Mittwoch.<\/p>\n<p>Nach Sch\u00e4tzungen von Wood Mackenzie, einem Marktforschungs- und\u00a0Beratungsunternehmen\u00a0f\u00fcr Bereiche wie Bergbau, Energie und Erneuerbare Energien, werden die Dieselreserven in Nordwest-Europa im Februar auf 210,4 Millionen Barrel sinken und damit auf den niedrigsten Stand seit 2011. Zugleich w\u00fcrde das Embargo auf\u00a0russisches Roh\u00f6l die Dieselpreise in die H\u00f6he treiben.<\/p>\n<p>Die EU-Staaten hatten sich Mitte Juni auf ein Teil-Embargo gegen Russland geeinigt. Es wurden vorerst nur russische \u00d6llieferungen \u00fcber den Seeweg unterbunden. Die Sanktionen sollen nach einer\u00a0\u00dcbergangsfrist in diesem Winter in Kraft treten. So gilt das Embargo auf Einfuhr von Roh\u00f6l ab 5. Dezember 2022, w\u00e4hrend jenes auf Raffinerieprodukte wie Benzin oder Diesel am 5. Februar 2023 in Kraft tritt. Der Chefanalyst von Wood Mackenzie, James Burleigh, sagte gegen\u00fcber <em>Bloomberg<\/em>:<\/p>\n<p><em>&#8220;Der R\u00fcckgang im Februar wird aufgrund des Endes der russischen Importe erwartet, und das zu einer Zeit, in der die Nachfrage saisonal hoch ist.&#8221;<\/em><\/p>\n<p>Er warnte zugleich davor, dass die Importe aus alternativen &#8220;Fernquellen eingeschr\u00e4nkt werden k\u00f6nnten&#8221;.<\/p>\n<p>Diesel tr\u00e4gt zur Versorgung gro\u00dfer Teile der europ\u00e4ischen Wirtschaft bei, und mehr als ein Drittel davon kommt nach wie vor aus Russland. Die Dieselpreise sowohl in der EU als auch in den USA sind derweil bereits so stark gestiegen wie seit Monaten nicht mehr. Analysten warnen, dass dies die Inflation vor dem Winter antreibe und die Aussicht auf Versorgungsunterbrechungen, insbesondere in der EU, erh\u00f6he, wodurch zugleich das Risiko einer weltweiten Rezession zunehme.<\/p>\n<\/div>\n<\/div>\n<\/div>\n<\/div>\n<\/li>\n<li class=\"LiveUpdates-item Listing-item\">\n<div class=\"LiveUpdate-root\">\n<div class=\"LiveUpdate-date\">\n<p class=\"HeaderNews-root HeaderNews-type_6 \">\n                08:07 Uhr\n            <\/p>\n<\/div>\n<div class=\"LiveUpdate-content\">\n<div class=\"LiveUpdate-text\">\n<div class=\"Text-root Text-type_5 ViewText-root\">\n<p><strong>Erzeugerpreise steigen im Jahresvergleich um 45,8 Prozent<\/strong><\/p>\n<p>Das Statistische Bundesamt teilt mit, dass die Erzeugerpreise im Vergleich zum Vorjahresmonat um 45,8 Prozent gestiegen sind. Das ist der h\u00f6chste bisher gemessene Anstieg seit Beginn der Erhebung im Jahr 1949. Gegen\u00fcber dem Vormonat stiegen die Erzeugerpreise um 2,3 Prozent. Im August hatte die Steigerung gegen\u00fcber dem Vormonat noch bei 7,9 Prozent gelegen.\u00a0<\/p>\n<p>Die Erzeugerpreise gelten als Indikator f\u00fcr die Inflationsentwicklung, da die Produzenten steigende Preise in der Produktion in Form von Preisaufschl\u00e4gen an die Verbraucher weiterreichen.<\/p>\n<\/p>\n<\/div>\n<\/div>\n<\/div>\n<\/div>\n<\/li>\n<li class=\"LiveUpdates-item Listing-item\">\n<div class=\"LiveUpdates-date\">\n<p class=\"HeaderNews-root HeaderNews-type_2 \">\n                20.10.2022 22:10 Uhr\n            <\/p>\n<\/div>\n<div class=\"LiveUpdate-root\">\n<div class=\"LiveUpdate-date\">\n<p class=\"HeaderNews-root HeaderNews-type_6 \">\n                22:10 Uhr\n            <\/p>\n<\/div>\n<div class=\"LiveUpdate-content\">\n<div class=\"LiveUpdate-text\">\n<div class=\"Text-root Text-type_5 ViewText-root\">\n<p><strong>Schleifmittel-Hersteller Dronco mit 200 Angestellten ist insolvent<\/strong><\/p>\n<p>Der Schleifmittel-Hersteller Dronco\u00a0aus Wunsiedel hat zu Beginn der Woche vorl\u00e4ufig Insolvenz angemeldet. Wie <em>BR24<\/em> berichtet, sind die 200 Angestellten heute bei einer Betriebsversammlung \u00fcber den Schritt informiert worden. Wie es von den Insolvenzverwaltern hei\u00dft, sind die Gr\u00fcnde hierf\u00fcr unter anderem der R\u00fcckgang der Umsatzerl\u00f6se sowie die teuren Preise f\u00fcr Rohstoffe und Energie.<\/p>\n<p>W\u00e4hrend das Unternehmen durch den Heimerker-Boom noch gut durch die Corona-Krise kam, merke man nun deutlich, dass die Menschen sparen und weniger kaufen, so Sebastian Netzel von den Insolvenzverwaltern Brinkmann und Partner. Zudem haben sich die Energie- und Rohstoffpreise drastisch erh\u00f6ht.<\/p>\n<p>Der Betrieb werde unter Aufsicht des Insolvenzverwalters vorerst weitergef\u00fchrt, die Mitarbeiter erhalten in den n\u00e4chsten drei Monaten Insolvenzgeld. Das Unternehmen hofft nun, sich f\u00fcr die Zukunft neu aufstellen zu k\u00f6nnen. Seit dem Jahr 2015 ist Dronco ein Tochterunternehmen der Osborn GmbH, die als weltweit f\u00fchrend in den Bereichen Oberfl\u00e4chenbearbeitung und Veredelung von Oberfl\u00e4chen gilt. Die von Dronco hergestellten Trenn- und Schleifscheiben werden nach eigenen Angaben in mehr als 120 L\u00e4nder exportiert.<\/p>\n<\/div>\n<\/div>\n<\/div>\n<\/div>\n<\/li>\n<li class=\"LiveUpdates-item Listing-item\">\n<div class=\"LiveUpdate-root\">\n<div class=\"LiveUpdate-date\">\n<p class=\"HeaderNews-root HeaderNews-type_6 \">\n                20:50 Uhr\n            <\/p>\n<\/div>\n<div class=\"LiveUpdate-content\">\n<div class=\"LiveUpdate-text\">\n<div class=\"Text-root Text-type_5 ViewText-root\">\n<p><strong>Kein Uran aus Russland \u2013 USA wollen jetzt Waffenuran &#8220;verheizen&#8221;<\/strong><\/p>\n<figure class=\"RTImage-root\">\n<div class=\"RTImage-image RTImage-original\"><picture class=\"Picture-root Picture-original\"><!--[if IE 9]><video style=\"display: none;\"><![endif]--><source media=\"(-webkit-min-device-pixel-ratio: 2) and (min-resolution: 120dpi)\" data-srcset=\" \nhttp:\/\/just-now.news\/de\/wp-content\/uploads\/sites\/3\/2022\/10\/63519633b480cc079b498a4a.jpg 850w,\n                http:\/\/just-now.news\/de\/wp-content\/uploads\/sites\/3\/2022\/10\/63519633b480cc079b498a4a.jpg 1960w,\n            \" ><source data-srcset=\" \nhttp:\/\/just-now.news\/de\/wp-content\/uploads\/sites\/3\/2022\/10\/63519633b480cc079b498a4a.jpg 460w,\n              http:\/\/just-now.news\/de\/wp-content\/uploads\/sites\/3\/2022\/10\/63519633b480cc079b498a4a.jpg 980w,\n            \" ><!--[if IE 9]><\/video><![endif]--><img decoding=\"async\" data- src=\"data:image\/png;base64,iVBORw0KGgoAAAANSUhEUgAAABAAAAAJCAQAAACRI2S5AAAAEElEQVR42mNkIAAYRxWAAQAG9gAKqv6+AwAAAABJRU5ErkJggg==\" class=\"Picture-root Picture-original lazyload\" data-src=\"http:\/\/just-now.news\/de\/wp-content\/uploads\/sites\/3\/2022\/10\/63519633b480cc079b498a4a.jpg\" alt=\"\"><\/source><\/source><\/picture><!-- noscript pattern --><noscript><img decoding=\"async\" src=\"http:\/\/just-now.news\/de\/wp-content\/uploads\/sites\/3\/2022\/10\/63519633b480cc079b498a4a.jpg\" alt=\"\"><\/noscript><\/div><figcaption class=\"RTImage-footer\"><span class=\"RTImage-caption\"><span class=\"RTImage-captionItem\">Symbolbild; AKW Isar II bei Landshut<\/span><\/span><span class=\"RTImage-source\"><span class=\"RTImage-captionItem\">IMAGO\/Wolfgang Maria Weber<\/span><span class=\"RTImage-captionItem\"> \/ www.globallookpress.com<\/span><\/span><\/figcaption><\/figure>\n<p>Nicht nur einige europ\u00e4ische L\u00e4nder setzen f\u00fcr die Sicherung ihrer zuk\u00fcnftigen Energieversorgung auf Kernkraftwerke, auch die USA tun es. Es werden gerade kleine Reaktoren entwickelt, die doppelt so effizient arbeiten sollen wie die bisher gebauten Modelle.<\/p>\n<p>Der Haken an der Sache? Der Brennstoff dieser Reaktormodelle ist sogenanntes HALEU-Uran, also Uran, in dem der Anteil des reaktiven Isotops 235 zwischen 5 und 20 Prozent liegt. In nat\u00fcrlichem Uran liegt der Anteil von U235 nur bei 0,72 Prozent. Bisher haben die USA etwa 14 Prozent des Urans f\u00fcr ihre Kraftwerke aus Russland bezogen, beim angereicherten liegt der Anteil allerdings bei 28 Prozent.<\/p>\n<p>Es finden sich allerdings nach Meldung von <em>Reuters<\/em> keine Firmen im Westen, die vor Ablauf mehrerer Jahre im Stande w\u00e4ren, Uran mit dieser Anreicherung zu liefern; schon die Genehmigungsverfahren f\u00fcr die Anreicherungsanlagen sind aufw\u00e4ndig und langwierig. Die Firma Centrus, die bereits einen Vertrag mit der US-Regierung \u00fcber die Lieferung von HALEU-Uran besitzt, wird die Produktion im kommenden Jahr beginnen, aber erst in f\u00fcnf Jahren eine Produktionskapazit\u00e4t von 13 Tonnen erreichen, was nur ein Drittel des Bedarfs der geplanten neuen Reaktoren abdeckt, von dem im Jahr 2030 ausgegangen wird.<\/p>\n<p>Uran unterliegt zwar nicht den antirussischen Sanktionen, aber die Vereinigten Staaten wollen dennoch nicht auf diese Lieferquelle zur\u00fcckgreifen. Das wahrscheinliche Ergebnis wird nun eine unfreiwillige Abr\u00fcstungsma\u00dfnahme sein. Weil die Anreicherung nicht m\u00f6glich ist, soll gelagertes waffenf\u00e4higes Uran, bei dem der Anteil von U235 bei 90 Prozent liegt, abgereichert werden, um den Brennstoffbedarf zu decken.<\/p>\n<\/p>\n<\/div>\n<\/div>\n<\/div>\n<\/div>\n<\/li>\n<li class=\"LiveUpdates-item Listing-item\">\n<div class=\"LiveUpdate-root\">\n<div class=\"LiveUpdate-date\">\n<p class=\"HeaderNews-root HeaderNews-type_6 \">\n                16:32 Uhr\n            <\/p>\n<\/div>\n<div class=\"LiveUpdate-content\">\n<div class=\"LiveUpdate-text\">\n<div class=\"Text-root Text-type_5 ViewText-root\">\n<p><strong>Energie- und Rohstoffkosten ziehen Varta in die roten Zahlen<\/strong><\/p>\n<figure class=\"RTImage-root\">\n<div class=\"RTImage-image RTImage-original\"><picture class=\"Picture-root Picture-original\"><!--[if IE 9]><video style=\"display: none;\"><![endif]--><source media=\"(-webkit-min-device-pixel-ratio: 2) and (min-resolution: 120dpi)\" data-srcset=\" \nhttp:\/\/just-now.news\/de\/wp-content\/uploads\/sites\/3\/2022\/10\/6351688848fbef41cd6b5dd3.jpeg 850w,\n                http:\/\/just-now.news\/de\/wp-content\/uploads\/sites\/3\/2022\/10\/6351688848fbef41cd6b5dd3.jpeg 1960w,\n            \" ><source data-srcset=\" \nhttp:\/\/just-now.news\/de\/wp-content\/uploads\/sites\/3\/2022\/10\/6351688848fbef41cd6b5dd3.jpeg 460w,\n              http:\/\/just-now.news\/de\/wp-content\/uploads\/sites\/3\/2022\/10\/6351688848fbef41cd6b5dd3.jpeg 980w,\n            \" ><!--[if IE 9]><\/video><![endif]--><img decoding=\"async\" data- src=\"data:image\/png;base64,iVBORw0KGgoAAAANSUhEUgAAABAAAAAJCAQAAACRI2S5AAAAEElEQVR42mNkIAAYRxWAAQAG9gAKqv6+AwAAAABJRU5ErkJggg==\" class=\"Picture-root Picture-original lazyload\" data-src=\"http:\/\/just-now.news\/de\/wp-content\/uploads\/sites\/3\/2022\/10\/6351688848fbef41cd6b5dd3.jpeg\" alt=\"\"><\/source><\/source><\/picture><!-- noscript pattern --><noscript><img decoding=\"async\" src=\"http:\/\/just-now.news\/de\/wp-content\/uploads\/sites\/3\/2022\/10\/6351688848fbef41cd6b5dd3.jpeg\" alt=\"\"><\/noscript><\/div><figcaption class=\"RTImage-footer\"><span class=\"RTImage-caption\"><span class=\"RTImage-captionItem\">Firmenlogo von Varta<\/span><\/span><span class=\"RTImage-source\"><span class=\"RTImage-captionItem\">Karl-Josef Hildenbrand\/dpa<\/span><span class=\"RTImage-captionItem\"> \/ www.globallookpress.com<\/span><\/span><\/figcaption><\/figure>\n<p>Die gestiegenen Preise f\u00fcr Rohstoffe und Energie haben den traditionsreichen deutschen Batteriehersteller Varta mit Sitz im baden-w\u00fcrttembergischen Ellwangen im dritten Quartal in die roten Zahlen gerissen. Vor Zinsen, Steuern, Abschreibungen und Sondereffekten stand nach vorl\u00e4ufigen Zahlen ein Verlust von 2,5 Millionen Euro, wie das im MDax gelistete Unternehmen am Donnerstag mitteilte. Ein Jahr zuvor hatte ein Plus von gut 70 Millionen Euro gestanden.<\/p>\n<p>Varta begr\u00fcndete die Entwicklung auch mit Verz\u00f6gerungen bei Kundenprojekten im gew\u00f6hnlich gewinntr\u00e4chtigen Gesch\u00e4ft mit Mikrobatterien. Der Konzernumsatz fiel mit 194 Millionen Euro um etwa 14 Prozent niedriger aus als ein Jahr zuvor. Bereits Ende September hatte die Varta-F\u00fchrung ihre Gesch\u00e4ftsprognosen f\u00fcr 2022 zur\u00fcckgezogen. Die endg\u00fcltigen Quartalszahlen sollen wie geplant am 15. November ver\u00f6ffentlicht werden.<\/p>\n<\/div>\n<\/div>\n<\/div>\n<\/div>\n<\/li>\n<\/ul>\n<div class=\"Listing-isReact\" data-rtmodule=\"Listing\" onload=\"return {\n                page: '1',\n                limit: '10',\n                listing: '\/listing\/parent.6337e74248fbef5b3c62f1db\/noprepare\/liveupdates\/10\/1',\n            };\"><\/div>\n<\/div>\n<\/div>\n<\/div>\n<p><br \/>\n<br \/><a href=\"https:\/\/de.rt.com\/wirtschaft\/150363-krisen-und-insolvenzticker-obi-zentrale\/\">Source link <\/a><\/p>\n","protected":false},"excerpt":{"rendered":"<p>Die deutsche Wirtschaft rutscht immer tiefer in die Krise. Unter dem Druck dramatisch steigender Energiekosten und anderer ung\u00fcnstiger Rahmenbedingungen sind allein in diesem Jahr tausende Unternehmen insolvent gegangen. Wir fassen in diesem Ticker die wichtigsten Entwicklungen und Neuigkeiten zusammen. 24.10.2022 16:42 Uhr 16:42 Uhr OBI-Zentrale im Wermelskirchen entl\u00e4sst 150 Mitarbeiter Horst Galuschka\/dpa \/ www.globallookpress.com Die [&hellip;]<\/p>\n","protected":false},"author":3,"featured_media":21653,"comment_status":"open","ping_status":"open","sticky":false,"template":"","format":"standard","meta":{"wp_automatic_camp":["217"],"ace11479e313c12b1d4bb428bde04240":["Krisen- und Insolvenzticker: OBI-Zentrale im Wermelskirchen entl\u00e4sst 150 Mitarbeiter"],"original_link":["https:\/\/de.rt.com\/wirtschaft\/150363-krisen-und-insolvenzticker-obi-zentrale\/"],"_thumbnail_id":["21653"],"_wptg_p2tg_sent2tg":["2022-10-24 17:36:06"],"jnews_social_counter_last_update":["1777258390"]},"categories":[19,23],"tags":[22666,33683,2667,6662,34807,140,34808],"yoast_head":"<!-- This site is optimized with the Yoast SEO Premium plugin v22.7 (Yoast SEO v22.7) - https:\/\/yoast.com\/wordpress\/plugins\/seo\/ -->\n<title>Krisen- und Insolvenzticker: OBI-Zentrale im Wermelskirchen entl\u00e4sst 150 Mitarbeiter - just-now.NEWS Deutschland<\/title>\n<meta name=\"robots\" content=\"index, follow, max-snippet:-1, max-image-preview:large, max-video-preview:-1\" \/>\n<link rel=\"canonical\" href=\"https:\/\/now-news.de\/de\/deutschland\/krisen-und-insolvenzticker-obi-zentrale-im-wermelskirchen-entlaesst-150-mitarbeiter\/\" \/>\n<meta property=\"og:locale\" content=\"de_DE\" \/>\n<meta property=\"og:type\" content=\"article\" \/>\n<meta property=\"og:title\" content=\"Krisen- und Insolvenzticker: OBI-Zentrale im Wermelskirchen entl\u00e4sst 150 Mitarbeiter\" \/>\n<meta property=\"og:description\" content=\"Die deutsche Wirtschaft rutscht immer tiefer in die Krise. Unter dem Druck dramatisch steigender Energiekosten und anderer ung\u00fcnstiger Rahmenbedingungen sind allein in diesem Jahr tausende Unternehmen insolvent gegangen. Wir fassen in diesem Ticker die wichtigsten Entwicklungen und Neuigkeiten zusammen. 24.10.2022 16:42 Uhr 16:42 Uhr OBI-Zentrale im Wermelskirchen entl\u00e4sst 150 Mitarbeiter Horst Galuschka\/dpa \/ www.globallookpress.com Die [&hellip;]\" \/>\n<meta property=\"og:url\" content=\"https:\/\/now-news.de\/de\/deutschland\/krisen-und-insolvenzticker-obi-zentrale-im-wermelskirchen-entlaesst-150-mitarbeiter\/\" \/>\n<meta property=\"og:site_name\" content=\"just-now.NEWS Deutschland\" \/>\n<meta property=\"article:publisher\" content=\"https:\/\/www.facebook.com\/wirmachenauf\" \/>\n<meta property=\"article:published_time\" content=\"2022-10-24T15:00:00+00:00\" \/>\n<meta property=\"og:image\" content=\"https:\/\/now-news.de\/de\/wp-content\/uploads\/sites\/3\/2022\/10\/Krisen-und-Insolvenzticker-OBI-Zentrale-im-Wermelskirchen-entlaesst-150-Mitarbeiter.jpg\" \/>\n\t<meta property=\"og:image:width\" content=\"1440\" \/>\n\t<meta property=\"og:image:height\" content=\"1080\" \/>\n\t<meta property=\"og:image:type\" content=\"image\/jpeg\" \/>\n<meta name=\"author\" content=\"rtnews\" \/>\n<meta name=\"twitter:card\" content=\"summary_large_image\" \/>\n<meta name=\"twitter:creator\" content=\"@WirMachenAuf_de\" \/>\n<meta name=\"twitter:site\" content=\"@WirMachenAuf_de\" \/>\n<meta name=\"twitter:label1\" content=\"Verfasst von\" \/>\n\t<meta name=\"twitter:data1\" content=\"rtnews\" \/>\n\t<meta name=\"twitter:label2\" content=\"Gesch\u00e4tzte Lesezeit\" \/>\n\t<meta name=\"twitter:data2\" content=\"9\u00a0Minuten\" \/>\n<script type=\"application\/ld+json\" class=\"yoast-schema-graph\">{\"@context\":\"https:\/\/schema.org\",\"@graph\":[{\"@type\":\"Article\",\"@id\":\"https:\/\/now-news.de\/de\/deutschland\/krisen-und-insolvenzticker-obi-zentrale-im-wermelskirchen-entlaesst-150-mitarbeiter\/#article\",\"isPartOf\":{\"@id\":\"https:\/\/now-news.de\/de\/deutschland\/krisen-und-insolvenzticker-obi-zentrale-im-wermelskirchen-entlaesst-150-mitarbeiter\/\"},\"author\":{\"name\":\"rtnews\",\"@id\":\"https:\/\/now-news.de\/de\/#\/schema\/person\/fb534a4e865501d8b3285208df34a9b5\"},\"headline\":\"Krisen- und Insolvenzticker: OBI-Zentrale im Wermelskirchen entl\u00e4sst 150 Mitarbeiter\",\"datePublished\":\"2022-10-24T15:00:00+00:00\",\"dateModified\":\"2022-10-24T15:00:00+00:00\",\"mainEntityOfPage\":{\"@id\":\"https:\/\/now-news.de\/de\/deutschland\/krisen-und-insolvenzticker-obi-zentrale-im-wermelskirchen-entlaesst-150-mitarbeiter\/\"},\"wordCount\":1899,\"commentCount\":0,\"publisher\":{\"@id\":\"https:\/\/now-news.de\/de\/#organization\"},\"image\":{\"@id\":\"https:\/\/now-news.de\/de\/deutschland\/krisen-und-insolvenzticker-obi-zentrale-im-wermelskirchen-entlaesst-150-mitarbeiter\/#primaryimage\"},\"thumbnailUrl\":\"https:\/\/now-news.de\/de\/wp-content\/uploads\/sites\/3\/2022\/10\/Krisen-und-Insolvenzticker-OBI-Zentrale-im-Wermelskirchen-entlaesst-150-Mitarbeiter.jpg\",\"keywords\":[\"entl\u00e4sst\",\"Insolvenzticker\",\"Krisen\",\"Mitarbeiter\",\"OBIZentrale\",\"und\",\"Wermelskirchen\"],\"articleSection\":[\"Deutschland\",\"Russland\"],\"inLanguage\":\"de\",\"potentialAction\":[{\"@type\":\"CommentAction\",\"name\":\"Comment\",\"target\":[\"https:\/\/now-news.de\/de\/deutschland\/krisen-und-insolvenzticker-obi-zentrale-im-wermelskirchen-entlaesst-150-mitarbeiter\/#respond\"]}]},{\"@type\":\"WebPage\",\"@id\":\"https:\/\/now-news.de\/de\/deutschland\/krisen-und-insolvenzticker-obi-zentrale-im-wermelskirchen-entlaesst-150-mitarbeiter\/\",\"url\":\"https:\/\/now-news.de\/de\/deutschland\/krisen-und-insolvenzticker-obi-zentrale-im-wermelskirchen-entlaesst-150-mitarbeiter\/\",\"name\":\"Krisen- und Insolvenzticker: OBI-Zentrale im Wermelskirchen entl\u00e4sst 150 Mitarbeiter - just-now.NEWS Deutschland\",\"isPartOf\":{\"@id\":\"https:\/\/now-news.de\/de\/#website\"},\"primaryImageOfPage\":{\"@id\":\"https:\/\/now-news.de\/de\/deutschland\/krisen-und-insolvenzticker-obi-zentrale-im-wermelskirchen-entlaesst-150-mitarbeiter\/#primaryimage\"},\"image\":{\"@id\":\"https:\/\/now-news.de\/de\/deutschland\/krisen-und-insolvenzticker-obi-zentrale-im-wermelskirchen-entlaesst-150-mitarbeiter\/#primaryimage\"},\"thumbnailUrl\":\"https:\/\/now-news.de\/de\/wp-content\/uploads\/sites\/3\/2022\/10\/Krisen-und-Insolvenzticker-OBI-Zentrale-im-Wermelskirchen-entlaesst-150-Mitarbeiter.jpg\",\"datePublished\":\"2022-10-24T15:00:00+00:00\",\"dateModified\":\"2022-10-24T15:00:00+00:00\",\"breadcrumb\":{\"@id\":\"https:\/\/now-news.de\/de\/deutschland\/krisen-und-insolvenzticker-obi-zentrale-im-wermelskirchen-entlaesst-150-mitarbeiter\/#breadcrumb\"},\"inLanguage\":\"de\",\"potentialAction\":[{\"@type\":\"ReadAction\",\"target\":[\"https:\/\/now-news.de\/de\/deutschland\/krisen-und-insolvenzticker-obi-zentrale-im-wermelskirchen-entlaesst-150-mitarbeiter\/\"]}]},{\"@type\":\"ImageObject\",\"inLanguage\":\"de\",\"@id\":\"https:\/\/now-news.de\/de\/deutschland\/krisen-und-insolvenzticker-obi-zentrale-im-wermelskirchen-entlaesst-150-mitarbeiter\/#primaryimage\",\"url\":\"https:\/\/now-news.de\/de\/wp-content\/uploads\/sites\/3\/2022\/10\/Krisen-und-Insolvenzticker-OBI-Zentrale-im-Wermelskirchen-entlaesst-150-Mitarbeiter.jpg\",\"contentUrl\":\"https:\/\/now-news.de\/de\/wp-content\/uploads\/sites\/3\/2022\/10\/Krisen-und-Insolvenzticker-OBI-Zentrale-im-Wermelskirchen-entlaesst-150-Mitarbeiter.jpg\",\"width\":1440,\"height\":1080,\"caption\":\"Krisen- und Insolvenzticker: OBI-Zentrale im Wermelskirchen entl\u00e4sst 150 Mitarbeiter\"},{\"@type\":\"BreadcrumbList\",\"@id\":\"https:\/\/now-news.de\/de\/deutschland\/krisen-und-insolvenzticker-obi-zentrale-im-wermelskirchen-entlaesst-150-mitarbeiter\/#breadcrumb\",\"itemListElement\":[{\"@type\":\"ListItem\",\"position\":1,\"name\":\"Home\",\"item\":\"https:\/\/now-news.de\/de\/\"},{\"@type\":\"ListItem\",\"position\":2,\"name\":\"Krisen- und Insolvenzticker: OBI-Zentrale im Wermelskirchen entl\u00e4sst 150 Mitarbeiter\"}]},{\"@type\":\"WebSite\",\"@id\":\"https:\/\/now-news.de\/de\/#website\",\"url\":\"https:\/\/now-news.de\/de\/\",\"name\":\"just-now.NEWS Deutschland\",\"description\":\"Das Portal f\u00fcr unzensierte Nachrichten aus der Welt\",\"publisher\":{\"@id\":\"https:\/\/now-news.de\/de\/#organization\"},\"potentialAction\":[{\"@type\":\"SearchAction\",\"target\":{\"@type\":\"EntryPoint\",\"urlTemplate\":\"https:\/\/now-news.de\/de\/?s={search_term_string}\"},\"query-input\":\"required name=search_term_string\"}],\"inLanguage\":\"de\"},{\"@type\":\"Organization\",\"@id\":\"https:\/\/now-news.de\/de\/#organization\",\"name\":\"Just Now News\",\"url\":\"https:\/\/now-news.de\/de\/\",\"logo\":{\"@type\":\"ImageObject\",\"inLanguage\":\"de\",\"@id\":\"https:\/\/now-news.de\/de\/#\/schema\/logo\/image\/\",\"url\":\"http:\/\/just-now.news\/de\/wp-content\/uploads\/sites\/3\/2022\/04\/logo500x500.jpg\",\"contentUrl\":\"http:\/\/just-now.news\/de\/wp-content\/uploads\/sites\/3\/2022\/04\/logo500x500.jpg\",\"width\":500,\"height\":500,\"caption\":\"Just Now News\"},\"image\":{\"@id\":\"https:\/\/now-news.de\/de\/#\/schema\/logo\/image\/\"},\"sameAs\":[\"https:\/\/www.facebook.com\/wirmachenauf\",\"https:\/\/x.com\/WirMachenAuf_de\"]},{\"@type\":\"Person\",\"@id\":\"https:\/\/now-news.de\/de\/#\/schema\/person\/fb534a4e865501d8b3285208df34a9b5\",\"name\":\"rtnews\",\"image\":{\"@type\":\"ImageObject\",\"inLanguage\":\"de\",\"@id\":\"https:\/\/now-news.de\/de\/#\/schema\/person\/image\/\",\"url\":\"https:\/\/secure.gravatar.com\/avatar\/82aafea7d8127119dd649515f56e2117?s=96&d=mm&r=g\",\"contentUrl\":\"https:\/\/secure.gravatar.com\/avatar\/82aafea7d8127119dd649515f56e2117?s=96&d=mm&r=g\",\"caption\":\"rtnews\"},\"url\":\"https:\/\/now-news.de\/de\/author\/rnews\/\"}]}<\/script>\n<!-- \/ Yoast SEO Premium plugin. -->","yoast_head_json":{"title":"Krisen- und Insolvenzticker: OBI-Zentrale im Wermelskirchen entl\u00e4sst 150 Mitarbeiter - just-now.NEWS Deutschland","robots":{"index":"index","follow":"follow","max-snippet":"max-snippet:-1","max-image-preview":"max-image-preview:large","max-video-preview":"max-video-preview:-1"},"canonical":"https:\/\/now-news.de\/de\/deutschland\/krisen-und-insolvenzticker-obi-zentrale-im-wermelskirchen-entlaesst-150-mitarbeiter\/","og_locale":"de_DE","og_type":"article","og_title":"Krisen- und Insolvenzticker: OBI-Zentrale im Wermelskirchen entl\u00e4sst 150 Mitarbeiter","og_description":"Die deutsche Wirtschaft rutscht immer tiefer in die Krise. Unter dem Druck dramatisch steigender Energiekosten und anderer ung\u00fcnstiger Rahmenbedingungen sind allein in diesem Jahr tausende Unternehmen insolvent gegangen. Wir fassen in diesem Ticker die wichtigsten Entwicklungen und Neuigkeiten zusammen. 24.10.2022 16:42 Uhr 16:42 Uhr OBI-Zentrale im Wermelskirchen entl\u00e4sst 150 Mitarbeiter Horst Galuschka\/dpa \/ www.globallookpress.com Die [&hellip;]","og_url":"https:\/\/now-news.de\/de\/deutschland\/krisen-und-insolvenzticker-obi-zentrale-im-wermelskirchen-entlaesst-150-mitarbeiter\/","og_site_name":"just-now.NEWS Deutschland","article_publisher":"https:\/\/www.facebook.com\/wirmachenauf","article_published_time":"2022-10-24T15:00:00+00:00","og_image":[{"width":1440,"height":1080,"url":"https:\/\/now-news.de\/de\/wp-content\/uploads\/sites\/3\/2022\/10\/Krisen-und-Insolvenzticker-OBI-Zentrale-im-Wermelskirchen-entlaesst-150-Mitarbeiter.jpg","type":"image\/jpeg"}],"author":"rtnews","twitter_card":"summary_large_image","twitter_creator":"@WirMachenAuf_de","twitter_site":"@WirMachenAuf_de","twitter_misc":{"Verfasst von":"rtnews","Gesch\u00e4tzte Lesezeit":"9\u00a0Minuten"},"schema":{"@context":"https:\/\/schema.org","@graph":[{"@type":"Article","@id":"https:\/\/now-news.de\/de\/deutschland\/krisen-und-insolvenzticker-obi-zentrale-im-wermelskirchen-entlaesst-150-mitarbeiter\/#article","isPartOf":{"@id":"https:\/\/now-news.de\/de\/deutschland\/krisen-und-insolvenzticker-obi-zentrale-im-wermelskirchen-entlaesst-150-mitarbeiter\/"},"author":{"name":"rtnews","@id":"https:\/\/now-news.de\/de\/#\/schema\/person\/fb534a4e865501d8b3285208df34a9b5"},"headline":"Krisen- und Insolvenzticker: OBI-Zentrale im Wermelskirchen entl\u00e4sst 150 Mitarbeiter","datePublished":"2022-10-24T15:00:00+00:00","dateModified":"2022-10-24T15:00:00+00:00","mainEntityOfPage":{"@id":"https:\/\/now-news.de\/de\/deutschland\/krisen-und-insolvenzticker-obi-zentrale-im-wermelskirchen-entlaesst-150-mitarbeiter\/"},"wordCount":1899,"commentCount":0,"publisher":{"@id":"https:\/\/now-news.de\/de\/#organization"},"image":{"@id":"https:\/\/now-news.de\/de\/deutschland\/krisen-und-insolvenzticker-obi-zentrale-im-wermelskirchen-entlaesst-150-mitarbeiter\/#primaryimage"},"thumbnailUrl":"https:\/\/now-news.de\/de\/wp-content\/uploads\/sites\/3\/2022\/10\/Krisen-und-Insolvenzticker-OBI-Zentrale-im-Wermelskirchen-entlaesst-150-Mitarbeiter.jpg","keywords":["entl\u00e4sst","Insolvenzticker","Krisen","Mitarbeiter","OBIZentrale","und","Wermelskirchen"],"articleSection":["Deutschland","Russland"],"inLanguage":"de","potentialAction":[{"@type":"CommentAction","name":"Comment","target":["https:\/\/now-news.de\/de\/deutschland\/krisen-und-insolvenzticker-obi-zentrale-im-wermelskirchen-entlaesst-150-mitarbeiter\/#respond"]}]},{"@type":"WebPage","@id":"https:\/\/now-news.de\/de\/deutschland\/krisen-und-insolvenzticker-obi-zentrale-im-wermelskirchen-entlaesst-150-mitarbeiter\/","url":"https:\/\/now-news.de\/de\/deutschland\/krisen-und-insolvenzticker-obi-zentrale-im-wermelskirchen-entlaesst-150-mitarbeiter\/","name":"Krisen- und Insolvenzticker: OBI-Zentrale im Wermelskirchen entl\u00e4sst 150 Mitarbeiter - just-now.NEWS Deutschland","isPartOf":{"@id":"https:\/\/now-news.de\/de\/#website"},"primaryImageOfPage":{"@id":"https:\/\/now-news.de\/de\/deutschland\/krisen-und-insolvenzticker-obi-zentrale-im-wermelskirchen-entlaesst-150-mitarbeiter\/#primaryimage"},"image":{"@id":"https:\/\/now-news.de\/de\/deutschland\/krisen-und-insolvenzticker-obi-zentrale-im-wermelskirchen-entlaesst-150-mitarbeiter\/#primaryimage"},"thumbnailUrl":"https:\/\/now-news.de\/de\/wp-content\/uploads\/sites\/3\/2022\/10\/Krisen-und-Insolvenzticker-OBI-Zentrale-im-Wermelskirchen-entlaesst-150-Mitarbeiter.jpg","datePublished":"2022-10-24T15:00:00+00:00","dateModified":"2022-10-24T15:00:00+00:00","breadcrumb":{"@id":"https:\/\/now-news.de\/de\/deutschland\/krisen-und-insolvenzticker-obi-zentrale-im-wermelskirchen-entlaesst-150-mitarbeiter\/#breadcrumb"},"inLanguage":"de","potentialAction":[{"@type":"ReadAction","target":["https:\/\/now-news.de\/de\/deutschland\/krisen-und-insolvenzticker-obi-zentrale-im-wermelskirchen-entlaesst-150-mitarbeiter\/"]}]},{"@type":"ImageObject","inLanguage":"de","@id":"https:\/\/now-news.de\/de\/deutschland\/krisen-und-insolvenzticker-obi-zentrale-im-wermelskirchen-entlaesst-150-mitarbeiter\/#primaryimage","url":"https:\/\/now-news.de\/de\/wp-content\/uploads\/sites\/3\/2022\/10\/Krisen-und-Insolvenzticker-OBI-Zentrale-im-Wermelskirchen-entlaesst-150-Mitarbeiter.jpg","contentUrl":"https:\/\/now-news.de\/de\/wp-content\/uploads\/sites\/3\/2022\/10\/Krisen-und-Insolvenzticker-OBI-Zentrale-im-Wermelskirchen-entlaesst-150-Mitarbeiter.jpg","width":1440,"height":1080,"caption":"Krisen- und Insolvenzticker: OBI-Zentrale im Wermelskirchen entl\u00e4sst 150 Mitarbeiter"},{"@type":"BreadcrumbList","@id":"https:\/\/now-news.de\/de\/deutschland\/krisen-und-insolvenzticker-obi-zentrale-im-wermelskirchen-entlaesst-150-mitarbeiter\/#breadcrumb","itemListElement":[{"@type":"ListItem","position":1,"name":"Home","item":"https:\/\/now-news.de\/de\/"},{"@type":"ListItem","position":2,"name":"Krisen- und Insolvenzticker: OBI-Zentrale im Wermelskirchen entl\u00e4sst 150 Mitarbeiter"}]},{"@type":"WebSite","@id":"https:\/\/now-news.de\/de\/#website","url":"https:\/\/now-news.de\/de\/","name":"just-now.NEWS Deutschland","description":"Das Portal f\u00fcr unzensierte Nachrichten aus der Welt","publisher":{"@id":"https:\/\/now-news.de\/de\/#organization"},"potentialAction":[{"@type":"SearchAction","target":{"@type":"EntryPoint","urlTemplate":"https:\/\/now-news.de\/de\/?s={search_term_string}"},"query-input":"required name=search_term_string"}],"inLanguage":"de"},{"@type":"Organization","@id":"https:\/\/now-news.de\/de\/#organization","name":"Just Now News","url":"https:\/\/now-news.de\/de\/","logo":{"@type":"ImageObject","inLanguage":"de","@id":"https:\/\/now-news.de\/de\/#\/schema\/logo\/image\/","url":"http:\/\/just-now.news\/de\/wp-content\/uploads\/sites\/3\/2022\/04\/logo500x500.jpg","contentUrl":"http:\/\/just-now.news\/de\/wp-content\/uploads\/sites\/3\/2022\/04\/logo500x500.jpg","width":500,"height":500,"caption":"Just Now News"},"image":{"@id":"https:\/\/now-news.de\/de\/#\/schema\/logo\/image\/"},"sameAs":["https:\/\/www.facebook.com\/wirmachenauf","https:\/\/x.com\/WirMachenAuf_de"]},{"@type":"Person","@id":"https:\/\/now-news.de\/de\/#\/schema\/person\/fb534a4e865501d8b3285208df34a9b5","name":"rtnews","image":{"@type":"ImageObject","inLanguage":"de","@id":"https:\/\/now-news.de\/de\/#\/schema\/person\/image\/","url":"https:\/\/secure.gravatar.com\/avatar\/82aafea7d8127119dd649515f56e2117?s=96&d=mm&r=g","contentUrl":"https:\/\/secure.gravatar.com\/avatar\/82aafea7d8127119dd649515f56e2117?s=96&d=mm&r=g","caption":"rtnews"},"url":"https:\/\/now-news.de\/de\/author\/rnews\/"}]}},"_links":{"self":[{"href":"https:\/\/now-news.de\/de\/wp-json\/wp\/v2\/posts\/21652"}],"collection":[{"href":"https:\/\/now-news.de\/de\/wp-json\/wp\/v2\/posts"}],"about":[{"href":"https:\/\/now-news.de\/de\/wp-json\/wp\/v2\/types\/post"}],"author":[{"embeddable":true,"href":"https:\/\/now-news.de\/de\/wp-json\/wp\/v2\/users\/3"}],"replies":[{"embeddable":true,"href":"https:\/\/now-news.de\/de\/wp-json\/wp\/v2\/comments?post=21652"}],"version-history":[{"count":0,"href":"https:\/\/now-news.de\/de\/wp-json\/wp\/v2\/posts\/21652\/revisions"}],"wp:featuredmedia":[{"embeddable":true,"href":"https:\/\/now-news.de\/de\/wp-json\/wp\/v2\/media\/21653"}],"wp:attachment":[{"href":"https:\/\/now-news.de\/de\/wp-json\/wp\/v2\/media?parent=21652"}],"wp:term":[{"taxonomy":"category","embeddable":true,"href":"https:\/\/now-news.de\/de\/wp-json\/wp\/v2\/categories?post=21652"},{"taxonomy":"post_tag","embeddable":true,"href":"https:\/\/now-news.de\/de\/wp-json\/wp\/v2\/tags?post=21652"}],"curies":[{"name":"wp","href":"https:\/\/api.w.org\/{rel}","templated":true}]}}