{"id":21637,"date":"2022-10-24T13:36:59","date_gmt":"2022-10-24T11:36:59","guid":{"rendered":"http:\/\/just-now.news\/de\/deutschland\/viktor-orban-zur-eu-haben-uns-imperien-immer-widersetzt-und-sie-ueberlebt\/"},"modified":"2022-10-24T13:36:59","modified_gmt":"2022-10-24T11:36:59","slug":"viktor-orban-zur-eu-haben-uns-imperien-immer-widersetzt-und-sie-ueberlebt","status":"publish","type":"post","link":"https:\/\/now-news.de\/de\/deutschland\/viktor-orban-zur-eu-haben-uns-imperien-immer-widersetzt-und-sie-ueberlebt\/","title":{"rendered":"Viktor Orb\u00e1n zur EU: Haben uns Imperien immer widersetzt &#8211; und sie \u00fcberlebt"},"content":{"rendered":"<p><img decoding=\"async\" src=\"http:\/\/just-now.news\/de\/wp-content\/uploads\/sites\/3\/2022\/10\/63566b8248fbef781b6f8c76.jpg\" \/><\/p>\n<div class=\"Text-root Text-type_1 \">\n                Mit Blick auf die EU verspricht Ungarns Ministerpr\u00e4sident, Widerstand zu leisten, &#8220;wenn lange Jahre der Unterdr\u00fcckung kommen&#8221;. Ungarn tr\u00e4gt die antirussische Politik der EU nicht mit. Die EU droht mit Mittelk\u00fcrzungen. Tschechiens EU-Minister legt Ungarn den Austritt nahe.\n            <\/div>\n<p><\/p>\n<div class=\"Text-root Text-type_5 ArticleView-text ViewText-root \">\n<p>Ungarn habe sich Imperien immer widersetzt und sie \u00fcberlebt, sagte Ministerpr\u00e4sident Viktor Orb\u00e1n angesichts der Versuche der EU, Ungarn unter Druck zu setzen.\u00a0<\/p>\n<p>&#8220;Wir sollten uns keine Gedanken um diejenigen machen, die aus Br\u00fcssel auf Ungarn schie\u00dfen. Sie werden dort landen, wo ihre Vorg\u00e4nger gelandet sind&#8221;, sagte Orb\u00e1n am Sonntag.<\/p>\n<p>Der Ministerpr\u00e4sident sprach in der westungarischen Stadt Zalaegerszeg anl\u00e4sslich des 66. Jahrestages des Aufstands von 1956 gegen die kommunistische Herrschaft, der schlie\u00dflich von der Sowjetunion niedergeschlagen wurde.\u00a0<\/p>\n<p>&#8220;Wir waren hier, als uns das erste erobernde Imperium angriff, und wir werden hier sein, wenn das letzte zusammenbricht. Wir werden es ertragen, wenn wir m\u00fcssen, und wir werden zur\u00fcckschlagen, wenn wir k\u00f6nnen. Wir ziehen Schwerter, wenn sich die Gelegenheit bietet, und wir widerstehen, wenn lange Jahre der Unterdr\u00fcckung kommen&#8221;, sagte Orb\u00e1n.<\/p>\n<p>Ungarn ist seit 2004 Mitglied in der EU. Seit geraumer Zeit gibt es jedoch Unstimmigkeiten zwischen der EU und Ungarn. Die Union wirft dem Land Demokratiedefizite und Korruption vor und droht Ungarn daher mit Mittelk\u00fcrzungen und Vertragsverletzungsverfahren.\u00a0<\/p>\n<p>Budapest hat sich zudem geweigert, dem Sanktionsregime der EU zu folgen\u00a0sowie\u00a0Waffen nach Kiew zu liefern. Das Sanktionsregime der EU wurde von Orb\u00e1n regelm\u00e4\u00dfig als selbstm\u00f6rderisch kritisiert.\u00a0<\/p>\n<p>Am Freitag wies der ungarische Staatssekret\u00e4r Tam\u00e1s Menczer die Forderungen der EU zur\u00fcck, Russland m\u00fcsse milit\u00e4risch besiegt werden. Menczer bezweifelte, ob dieses Ziel \u00fcberhaupt erreicht werden k\u00f6nne. Er f\u00fcgte hinzu, dass &#8220;diese Pro-Kriegs-Haltung Br\u00fcssels den Konflikt und das Leiden verl\u00e4ngert&#8221;. Das sei extrem gef\u00e4hrlich und inakzeptabel.<\/p>\n<p>Bereits Anfang September hatte Mikul\u00e1\u0161 Bek, Minister f\u00fcr europ\u00e4ische Angelegenheiten der Tschechischen Republik, gewarnt, dass Ungarns Haltung gegen\u00fcber Russland theoretisch dazu f\u00fchren k\u00f6nnte, dass das Land die EU verlassen m\u00fcsse. Budapest &#8220;hat einen langen Weg zur\u00fcckgelegt, den Rand eines Abgrunds erreicht, und jetzt muss es entscheiden, ob es von diesem Rand zur\u00fcckgehen oder einen Sprung wagen will&#8221;, hatte Bek erkl\u00e4rt.<\/p>\n<p><strong>Mehr zum Thema<\/strong>\u00a0\u2013 <a rel=\"nofollow noopener\" target=\"_blank\" href=\"https:\/\/test.rtde.me\/kurzclips\/video\/151731-orban-warnt-wenn-alles-so\/\">Orb\u00e1n warnt: &#8220;Wenn alles so weitergeht, werden die Sanktionen Europa zerst\u00f6ren&#8221;<\/a><\/p>\n<\/div>\n<p><br \/>\n<br \/><a href=\"https:\/\/de.rt.com\/europa\/152376-ungarns-premier-orban-gibt-sich-widerstaendig\/\">Source link <\/a><\/p>\n","protected":false},"excerpt":{"rendered":"<p>Mit Blick auf die EU verspricht Ungarns Ministerpr\u00e4sident, Widerstand zu leisten, &#8220;wenn lange Jahre der Unterdr\u00fcckung kommen&#8221;. Ungarn tr\u00e4gt die antirussische Politik der EU nicht mit. Die EU droht mit Mittelk\u00fcrzungen. Tschechiens EU-Minister legt Ungarn den Austritt nahe. Ungarn habe sich Imperien immer widersetzt und sie \u00fcberlebt, sagte Ministerpr\u00e4sident Viktor Orb\u00e1n angesichts der Versuche der [&hellip;]<\/p>\n","protected":false},"author":3,"featured_media":21638,"comment_status":"open","ping_status":"open","sticky":false,"template":"","format":"standard","meta":{"wp_automatic_camp":["217"],"e8aa26dcbc71cca26a9ad497ed2377d5":["Viktor Orb\u00e1n zur EU: Haben uns Imperien immer widersetzt - und sie \u00fcberlebt"],"original_link":["https:\/\/de.rt.com\/europa\/152376-ungarns-premier-orban-gibt-sich-widerstaendig\/"],"_thumbnail_id":["21638"],"_wptg_p2tg_sent2tg":["2022-10-24 13:52:06"],"jnews_social_counter_last_update":["1777348417"]},"categories":[19,23],"tags":[771,2062,34801,6397,527,28855,140,311,29570,14011,581],"yoast_head":"<!-- This site is optimized with the Yoast SEO Premium plugin v22.7 (Yoast SEO v22.7) - https:\/\/yoast.com\/wordpress\/plugins\/seo\/ -->\n<title>Viktor Orb\u00e1n zur EU: Haben uns Imperien immer widersetzt - und sie \u00fcberlebt - just-now.NEWS Deutschland<\/title>\n<meta name=\"robots\" content=\"index, follow, max-snippet:-1, max-image-preview:large, max-video-preview:-1\" \/>\n<link rel=\"canonical\" href=\"https:\/\/now-news.de\/de\/deutschland\/viktor-orban-zur-eu-haben-uns-imperien-immer-widersetzt-und-sie-ueberlebt\/\" \/>\n<meta property=\"og:locale\" content=\"de_DE\" \/>\n<meta property=\"og:type\" content=\"article\" \/>\n<meta property=\"og:title\" content=\"Viktor Orb\u00e1n zur EU: Haben uns Imperien immer widersetzt - und sie \u00fcberlebt\" \/>\n<meta property=\"og:description\" content=\"Mit Blick auf die EU verspricht Ungarns Ministerpr\u00e4sident, Widerstand zu leisten, &#8220;wenn lange Jahre der Unterdr\u00fcckung kommen&#8221;. Ungarn tr\u00e4gt die antirussische Politik der EU nicht mit. Die EU droht mit Mittelk\u00fcrzungen. Tschechiens EU-Minister legt Ungarn den Austritt nahe. Ungarn habe sich Imperien immer widersetzt und sie \u00fcberlebt, sagte Ministerpr\u00e4sident Viktor Orb\u00e1n angesichts der Versuche der [&hellip;]\" \/>\n<meta property=\"og:url\" content=\"https:\/\/now-news.de\/de\/deutschland\/viktor-orban-zur-eu-haben-uns-imperien-immer-widersetzt-und-sie-ueberlebt\/\" \/>\n<meta property=\"og:site_name\" content=\"just-now.NEWS Deutschland\" \/>\n<meta property=\"article:publisher\" content=\"https:\/\/www.facebook.com\/wirmachenauf\" \/>\n<meta property=\"article:published_time\" content=\"2022-10-24T11:36:59+00:00\" \/>\n<meta property=\"og:image\" content=\"https:\/\/now-news.de\/de\/wp-content\/uploads\/sites\/3\/2022\/10\/Viktor-Orban-zur-EU-Haben-uns-Imperien-immer-widersetzt.jpg\" \/>\n\t<meta property=\"og:image:width\" content=\"460\" \/>\n\t<meta property=\"og:image:height\" content=\"259\" \/>\n\t<meta property=\"og:image:type\" content=\"image\/jpeg\" \/>\n<meta name=\"author\" content=\"rtnews\" \/>\n<meta name=\"twitter:card\" content=\"summary_large_image\" \/>\n<meta name=\"twitter:creator\" content=\"@WirMachenAuf_de\" \/>\n<meta name=\"twitter:site\" content=\"@WirMachenAuf_de\" \/>\n<meta name=\"twitter:label1\" content=\"Verfasst von\" \/>\n\t<meta name=\"twitter:data1\" content=\"rtnews\" \/>\n\t<meta name=\"twitter:label2\" content=\"Gesch\u00e4tzte Lesezeit\" \/>\n\t<meta name=\"twitter:data2\" content=\"2\u00a0Minuten\" \/>\n<script type=\"application\/ld+json\" class=\"yoast-schema-graph\">{\"@context\":\"https:\/\/schema.org\",\"@graph\":[{\"@type\":\"Article\",\"@id\":\"https:\/\/now-news.de\/de\/deutschland\/viktor-orban-zur-eu-haben-uns-imperien-immer-widersetzt-und-sie-ueberlebt\/#article\",\"isPartOf\":{\"@id\":\"https:\/\/now-news.de\/de\/deutschland\/viktor-orban-zur-eu-haben-uns-imperien-immer-widersetzt-und-sie-ueberlebt\/\"},\"author\":{\"name\":\"rtnews\",\"@id\":\"https:\/\/now-news.de\/de\/#\/schema\/person\/fb534a4e865501d8b3285208df34a9b5\"},\"headline\":\"Viktor Orb\u00e1n zur EU: Haben uns Imperien immer widersetzt &#8211; und sie \u00fcberlebt\",\"datePublished\":\"2022-10-24T11:36:59+00:00\",\"dateModified\":\"2022-10-24T11:36:59+00:00\",\"mainEntityOfPage\":{\"@id\":\"https:\/\/now-news.de\/de\/deutschland\/viktor-orban-zur-eu-haben-uns-imperien-immer-widersetzt-und-sie-ueberlebt\/\"},\"wordCount\":409,\"commentCount\":0,\"publisher\":{\"@id\":\"https:\/\/now-news.de\/de\/#organization\"},\"image\":{\"@id\":\"https:\/\/now-news.de\/de\/deutschland\/viktor-orban-zur-eu-haben-uns-imperien-immer-widersetzt-und-sie-ueberlebt\/#primaryimage\"},\"thumbnailUrl\":\"https:\/\/now-news.de\/de\/wp-content\/uploads\/sites\/3\/2022\/10\/Viktor-Orban-zur-EU-Haben-uns-Imperien-immer-widersetzt.jpg\",\"keywords\":[\"haben\",\"Immer\",\"Imperien\",\"Orb\u00e1n\",\"Sie\",\"\u00fcberlebt\",\"und\",\"uns\",\"Viktor\",\"widersetzt\",\"zur\"],\"articleSection\":[\"Deutschland\",\"Russland\"],\"inLanguage\":\"de\",\"potentialAction\":[{\"@type\":\"CommentAction\",\"name\":\"Comment\",\"target\":[\"https:\/\/now-news.de\/de\/deutschland\/viktor-orban-zur-eu-haben-uns-imperien-immer-widersetzt-und-sie-ueberlebt\/#respond\"]}]},{\"@type\":\"WebPage\",\"@id\":\"https:\/\/now-news.de\/de\/deutschland\/viktor-orban-zur-eu-haben-uns-imperien-immer-widersetzt-und-sie-ueberlebt\/\",\"url\":\"https:\/\/now-news.de\/de\/deutschland\/viktor-orban-zur-eu-haben-uns-imperien-immer-widersetzt-und-sie-ueberlebt\/\",\"name\":\"Viktor Orb\u00e1n zur EU: Haben uns Imperien immer widersetzt - und sie \u00fcberlebt - just-now.NEWS Deutschland\",\"isPartOf\":{\"@id\":\"https:\/\/now-news.de\/de\/#website\"},\"primaryImageOfPage\":{\"@id\":\"https:\/\/now-news.de\/de\/deutschland\/viktor-orban-zur-eu-haben-uns-imperien-immer-widersetzt-und-sie-ueberlebt\/#primaryimage\"},\"image\":{\"@id\":\"https:\/\/now-news.de\/de\/deutschland\/viktor-orban-zur-eu-haben-uns-imperien-immer-widersetzt-und-sie-ueberlebt\/#primaryimage\"},\"thumbnailUrl\":\"https:\/\/now-news.de\/de\/wp-content\/uploads\/sites\/3\/2022\/10\/Viktor-Orban-zur-EU-Haben-uns-Imperien-immer-widersetzt.jpg\",\"datePublished\":\"2022-10-24T11:36:59+00:00\",\"dateModified\":\"2022-10-24T11:36:59+00:00\",\"breadcrumb\":{\"@id\":\"https:\/\/now-news.de\/de\/deutschland\/viktor-orban-zur-eu-haben-uns-imperien-immer-widersetzt-und-sie-ueberlebt\/#breadcrumb\"},\"inLanguage\":\"de\",\"potentialAction\":[{\"@type\":\"ReadAction\",\"target\":[\"https:\/\/now-news.de\/de\/deutschland\/viktor-orban-zur-eu-haben-uns-imperien-immer-widersetzt-und-sie-ueberlebt\/\"]}]},{\"@type\":\"ImageObject\",\"inLanguage\":\"de\",\"@id\":\"https:\/\/now-news.de\/de\/deutschland\/viktor-orban-zur-eu-haben-uns-imperien-immer-widersetzt-und-sie-ueberlebt\/#primaryimage\",\"url\":\"https:\/\/now-news.de\/de\/wp-content\/uploads\/sites\/3\/2022\/10\/Viktor-Orban-zur-EU-Haben-uns-Imperien-immer-widersetzt.jpg\",\"contentUrl\":\"https:\/\/now-news.de\/de\/wp-content\/uploads\/sites\/3\/2022\/10\/Viktor-Orban-zur-EU-Haben-uns-Imperien-immer-widersetzt.jpg\",\"width\":460,\"height\":259,\"caption\":\"Viktor Orb\u00e1n zur EU: Haben uns Imperien immer widersetzt - und sie \u00fcberlebt\"},{\"@type\":\"BreadcrumbList\",\"@id\":\"https:\/\/now-news.de\/de\/deutschland\/viktor-orban-zur-eu-haben-uns-imperien-immer-widersetzt-und-sie-ueberlebt\/#breadcrumb\",\"itemListElement\":[{\"@type\":\"ListItem\",\"position\":1,\"name\":\"Home\",\"item\":\"https:\/\/now-news.de\/de\/\"},{\"@type\":\"ListItem\",\"position\":2,\"name\":\"Viktor Orb\u00e1n zur EU: Haben uns Imperien immer widersetzt &#8211; und sie \u00fcberlebt\"}]},{\"@type\":\"WebSite\",\"@id\":\"https:\/\/now-news.de\/de\/#website\",\"url\":\"https:\/\/now-news.de\/de\/\",\"name\":\"just-now.NEWS Deutschland\",\"description\":\"Das Portal f\u00fcr unzensierte Nachrichten aus der Welt\",\"publisher\":{\"@id\":\"https:\/\/now-news.de\/de\/#organization\"},\"potentialAction\":[{\"@type\":\"SearchAction\",\"target\":{\"@type\":\"EntryPoint\",\"urlTemplate\":\"https:\/\/now-news.de\/de\/?s={search_term_string}\"},\"query-input\":\"required name=search_term_string\"}],\"inLanguage\":\"de\"},{\"@type\":\"Organization\",\"@id\":\"https:\/\/now-news.de\/de\/#organization\",\"name\":\"Just Now News\",\"url\":\"https:\/\/now-news.de\/de\/\",\"logo\":{\"@type\":\"ImageObject\",\"inLanguage\":\"de\",\"@id\":\"https:\/\/now-news.de\/de\/#\/schema\/logo\/image\/\",\"url\":\"http:\/\/just-now.news\/de\/wp-content\/uploads\/sites\/3\/2022\/04\/logo500x500.jpg\",\"contentUrl\":\"http:\/\/just-now.news\/de\/wp-content\/uploads\/sites\/3\/2022\/04\/logo500x500.jpg\",\"width\":500,\"height\":500,\"caption\":\"Just Now News\"},\"image\":{\"@id\":\"https:\/\/now-news.de\/de\/#\/schema\/logo\/image\/\"},\"sameAs\":[\"https:\/\/www.facebook.com\/wirmachenauf\",\"https:\/\/x.com\/WirMachenAuf_de\"]},{\"@type\":\"Person\",\"@id\":\"https:\/\/now-news.de\/de\/#\/schema\/person\/fb534a4e865501d8b3285208df34a9b5\",\"name\":\"rtnews\",\"image\":{\"@type\":\"ImageObject\",\"inLanguage\":\"de\",\"@id\":\"https:\/\/now-news.de\/de\/#\/schema\/person\/image\/\",\"url\":\"https:\/\/secure.gravatar.com\/avatar\/82aafea7d8127119dd649515f56e2117?s=96&d=mm&r=g\",\"contentUrl\":\"https:\/\/secure.gravatar.com\/avatar\/82aafea7d8127119dd649515f56e2117?s=96&d=mm&r=g\",\"caption\":\"rtnews\"},\"url\":\"https:\/\/now-news.de\/de\/author\/rnews\/\"}]}<\/script>\n<!-- \/ Yoast SEO Premium plugin. -->","yoast_head_json":{"title":"Viktor Orb\u00e1n zur EU: Haben uns Imperien immer widersetzt - und sie \u00fcberlebt - just-now.NEWS Deutschland","robots":{"index":"index","follow":"follow","max-snippet":"max-snippet:-1","max-image-preview":"max-image-preview:large","max-video-preview":"max-video-preview:-1"},"canonical":"https:\/\/now-news.de\/de\/deutschland\/viktor-orban-zur-eu-haben-uns-imperien-immer-widersetzt-und-sie-ueberlebt\/","og_locale":"de_DE","og_type":"article","og_title":"Viktor Orb\u00e1n zur EU: Haben uns Imperien immer widersetzt - und sie \u00fcberlebt","og_description":"Mit Blick auf die EU verspricht Ungarns Ministerpr\u00e4sident, Widerstand zu leisten, &#8220;wenn lange Jahre der Unterdr\u00fcckung kommen&#8221;. Ungarn tr\u00e4gt die antirussische Politik der EU nicht mit. Die EU droht mit Mittelk\u00fcrzungen. Tschechiens EU-Minister legt Ungarn den Austritt nahe. Ungarn habe sich Imperien immer widersetzt und sie \u00fcberlebt, sagte Ministerpr\u00e4sident Viktor Orb\u00e1n angesichts der Versuche der [&hellip;]","og_url":"https:\/\/now-news.de\/de\/deutschland\/viktor-orban-zur-eu-haben-uns-imperien-immer-widersetzt-und-sie-ueberlebt\/","og_site_name":"just-now.NEWS Deutschland","article_publisher":"https:\/\/www.facebook.com\/wirmachenauf","article_published_time":"2022-10-24T11:36:59+00:00","og_image":[{"width":460,"height":259,"url":"https:\/\/now-news.de\/de\/wp-content\/uploads\/sites\/3\/2022\/10\/Viktor-Orban-zur-EU-Haben-uns-Imperien-immer-widersetzt.jpg","type":"image\/jpeg"}],"author":"rtnews","twitter_card":"summary_large_image","twitter_creator":"@WirMachenAuf_de","twitter_site":"@WirMachenAuf_de","twitter_misc":{"Verfasst von":"rtnews","Gesch\u00e4tzte Lesezeit":"2\u00a0Minuten"},"schema":{"@context":"https:\/\/schema.org","@graph":[{"@type":"Article","@id":"https:\/\/now-news.de\/de\/deutschland\/viktor-orban-zur-eu-haben-uns-imperien-immer-widersetzt-und-sie-ueberlebt\/#article","isPartOf":{"@id":"https:\/\/now-news.de\/de\/deutschland\/viktor-orban-zur-eu-haben-uns-imperien-immer-widersetzt-und-sie-ueberlebt\/"},"author":{"name":"rtnews","@id":"https:\/\/now-news.de\/de\/#\/schema\/person\/fb534a4e865501d8b3285208df34a9b5"},"headline":"Viktor Orb\u00e1n zur EU: Haben uns Imperien immer widersetzt &#8211; und sie \u00fcberlebt","datePublished":"2022-10-24T11:36:59+00:00","dateModified":"2022-10-24T11:36:59+00:00","mainEntityOfPage":{"@id":"https:\/\/now-news.de\/de\/deutschland\/viktor-orban-zur-eu-haben-uns-imperien-immer-widersetzt-und-sie-ueberlebt\/"},"wordCount":409,"commentCount":0,"publisher":{"@id":"https:\/\/now-news.de\/de\/#organization"},"image":{"@id":"https:\/\/now-news.de\/de\/deutschland\/viktor-orban-zur-eu-haben-uns-imperien-immer-widersetzt-und-sie-ueberlebt\/#primaryimage"},"thumbnailUrl":"https:\/\/now-news.de\/de\/wp-content\/uploads\/sites\/3\/2022\/10\/Viktor-Orban-zur-EU-Haben-uns-Imperien-immer-widersetzt.jpg","keywords":["haben","Immer","Imperien","Orb\u00e1n","Sie","\u00fcberlebt","und","uns","Viktor","widersetzt","zur"],"articleSection":["Deutschland","Russland"],"inLanguage":"de","potentialAction":[{"@type":"CommentAction","name":"Comment","target":["https:\/\/now-news.de\/de\/deutschland\/viktor-orban-zur-eu-haben-uns-imperien-immer-widersetzt-und-sie-ueberlebt\/#respond"]}]},{"@type":"WebPage","@id":"https:\/\/now-news.de\/de\/deutschland\/viktor-orban-zur-eu-haben-uns-imperien-immer-widersetzt-und-sie-ueberlebt\/","url":"https:\/\/now-news.de\/de\/deutschland\/viktor-orban-zur-eu-haben-uns-imperien-immer-widersetzt-und-sie-ueberlebt\/","name":"Viktor Orb\u00e1n zur EU: Haben uns Imperien immer widersetzt - und sie \u00fcberlebt - just-now.NEWS Deutschland","isPartOf":{"@id":"https:\/\/now-news.de\/de\/#website"},"primaryImageOfPage":{"@id":"https:\/\/now-news.de\/de\/deutschland\/viktor-orban-zur-eu-haben-uns-imperien-immer-widersetzt-und-sie-ueberlebt\/#primaryimage"},"image":{"@id":"https:\/\/now-news.de\/de\/deutschland\/viktor-orban-zur-eu-haben-uns-imperien-immer-widersetzt-und-sie-ueberlebt\/#primaryimage"},"thumbnailUrl":"https:\/\/now-news.de\/de\/wp-content\/uploads\/sites\/3\/2022\/10\/Viktor-Orban-zur-EU-Haben-uns-Imperien-immer-widersetzt.jpg","datePublished":"2022-10-24T11:36:59+00:00","dateModified":"2022-10-24T11:36:59+00:00","breadcrumb":{"@id":"https:\/\/now-news.de\/de\/deutschland\/viktor-orban-zur-eu-haben-uns-imperien-immer-widersetzt-und-sie-ueberlebt\/#breadcrumb"},"inLanguage":"de","potentialAction":[{"@type":"ReadAction","target":["https:\/\/now-news.de\/de\/deutschland\/viktor-orban-zur-eu-haben-uns-imperien-immer-widersetzt-und-sie-ueberlebt\/"]}]},{"@type":"ImageObject","inLanguage":"de","@id":"https:\/\/now-news.de\/de\/deutschland\/viktor-orban-zur-eu-haben-uns-imperien-immer-widersetzt-und-sie-ueberlebt\/#primaryimage","url":"https:\/\/now-news.de\/de\/wp-content\/uploads\/sites\/3\/2022\/10\/Viktor-Orban-zur-EU-Haben-uns-Imperien-immer-widersetzt.jpg","contentUrl":"https:\/\/now-news.de\/de\/wp-content\/uploads\/sites\/3\/2022\/10\/Viktor-Orban-zur-EU-Haben-uns-Imperien-immer-widersetzt.jpg","width":460,"height":259,"caption":"Viktor Orb\u00e1n zur EU: Haben uns Imperien immer widersetzt - und sie \u00fcberlebt"},{"@type":"BreadcrumbList","@id":"https:\/\/now-news.de\/de\/deutschland\/viktor-orban-zur-eu-haben-uns-imperien-immer-widersetzt-und-sie-ueberlebt\/#breadcrumb","itemListElement":[{"@type":"ListItem","position":1,"name":"Home","item":"https:\/\/now-news.de\/de\/"},{"@type":"ListItem","position":2,"name":"Viktor Orb\u00e1n zur EU: Haben uns Imperien immer widersetzt &#8211; und sie \u00fcberlebt"}]},{"@type":"WebSite","@id":"https:\/\/now-news.de\/de\/#website","url":"https:\/\/now-news.de\/de\/","name":"just-now.NEWS Deutschland","description":"Das Portal f\u00fcr unzensierte Nachrichten aus der Welt","publisher":{"@id":"https:\/\/now-news.de\/de\/#organization"},"potentialAction":[{"@type":"SearchAction","target":{"@type":"EntryPoint","urlTemplate":"https:\/\/now-news.de\/de\/?s={search_term_string}"},"query-input":"required name=search_term_string"}],"inLanguage":"de"},{"@type":"Organization","@id":"https:\/\/now-news.de\/de\/#organization","name":"Just Now News","url":"https:\/\/now-news.de\/de\/","logo":{"@type":"ImageObject","inLanguage":"de","@id":"https:\/\/now-news.de\/de\/#\/schema\/logo\/image\/","url":"http:\/\/just-now.news\/de\/wp-content\/uploads\/sites\/3\/2022\/04\/logo500x500.jpg","contentUrl":"http:\/\/just-now.news\/de\/wp-content\/uploads\/sites\/3\/2022\/04\/logo500x500.jpg","width":500,"height":500,"caption":"Just Now News"},"image":{"@id":"https:\/\/now-news.de\/de\/#\/schema\/logo\/image\/"},"sameAs":["https:\/\/www.facebook.com\/wirmachenauf","https:\/\/x.com\/WirMachenAuf_de"]},{"@type":"Person","@id":"https:\/\/now-news.de\/de\/#\/schema\/person\/fb534a4e865501d8b3285208df34a9b5","name":"rtnews","image":{"@type":"ImageObject","inLanguage":"de","@id":"https:\/\/now-news.de\/de\/#\/schema\/person\/image\/","url":"https:\/\/secure.gravatar.com\/avatar\/82aafea7d8127119dd649515f56e2117?s=96&d=mm&r=g","contentUrl":"https:\/\/secure.gravatar.com\/avatar\/82aafea7d8127119dd649515f56e2117?s=96&d=mm&r=g","caption":"rtnews"},"url":"https:\/\/now-news.de\/de\/author\/rnews\/"}]}},"_links":{"self":[{"href":"https:\/\/now-news.de\/de\/wp-json\/wp\/v2\/posts\/21637"}],"collection":[{"href":"https:\/\/now-news.de\/de\/wp-json\/wp\/v2\/posts"}],"about":[{"href":"https:\/\/now-news.de\/de\/wp-json\/wp\/v2\/types\/post"}],"author":[{"embeddable":true,"href":"https:\/\/now-news.de\/de\/wp-json\/wp\/v2\/users\/3"}],"replies":[{"embeddable":true,"href":"https:\/\/now-news.de\/de\/wp-json\/wp\/v2\/comments?post=21637"}],"version-history":[{"count":0,"href":"https:\/\/now-news.de\/de\/wp-json\/wp\/v2\/posts\/21637\/revisions"}],"wp:featuredmedia":[{"embeddable":true,"href":"https:\/\/now-news.de\/de\/wp-json\/wp\/v2\/media\/21638"}],"wp:attachment":[{"href":"https:\/\/now-news.de\/de\/wp-json\/wp\/v2\/media?parent=21637"}],"wp:term":[{"taxonomy":"category","embeddable":true,"href":"https:\/\/now-news.de\/de\/wp-json\/wp\/v2\/categories?post=21637"},{"taxonomy":"post_tag","embeddable":true,"href":"https:\/\/now-news.de\/de\/wp-json\/wp\/v2\/tags?post=21637"}],"curies":[{"name":"wp","href":"https:\/\/api.w.org\/{rel}","templated":true}]}}