{"id":21518,"date":"2022-10-21T21:50:20","date_gmt":"2022-10-21T19:50:20","guid":{"rendered":"http:\/\/just-now.news\/de\/deutschland\/pfizer-will-preise-fuer-seinen-corona-impfstoff-um-das-vierfache-erhoehen\/"},"modified":"2022-10-21T21:50:20","modified_gmt":"2022-10-21T19:50:20","slug":"pfizer-will-preise-fuer-seinen-corona-impfstoff-um-das-vierfache-erhoehen","status":"publish","type":"post","link":"https:\/\/now-news.de\/de\/deutschland\/pfizer-will-preise-fuer-seinen-corona-impfstoff-um-das-vierfache-erhoehen\/","title":{"rendered":"Pfizer will Preise f\u00fcr seinen Corona-Impfstoff um das Vierfache erh\u00f6hen"},"content":{"rendered":"<p><img decoding=\"async\" src=\"http:\/\/just-now.news\/de\/wp-content\/uploads\/sites\/3\/2022\/10\/6352d57248fbef6b63324824.jpg\" \/><\/p>\n<div class=\"Text-root Text-type_1 \">\n                Der Pharmakonzern Pfizer will den Preis f\u00fcr seinen Corona-Impfstoff drastisch erh\u00f6hen: Demnach k\u00f6nnte eine Impfstoff-Dosis bald 130 statt 30 US-Dollar kosten. Die saftige Preiserh\u00f6hung hat auch mit der sinkenden &#8220;Nachfrage&#8221; nach Corona-Vakzinen zu tun.\n            <\/div>\n<p><\/p>\n<div class=\"Text-root Text-type_5 ArticleView-text ViewText-root \">\n<p>Der Pharmakonzern Pfizer will die Preise f\u00fcr sein Corona-Vakzin kr\u00e4ftig erh\u00f6hen: Am Donnerstag gab Gesch\u00e4ftsf\u00fchrerin Angela Lukin bekannt, dass die Kosten auf 110 bis 130 US-Dollar angehoben werden sollen. Der derzeit g\u00fcltige Liefervertrag mit der US-Regierung laufe demn\u00e4chst aus, so die Begr\u00fcndung. Momentan zahlt die US-Regierung rund 30 US-Dollar pro Dosis an Pfizer und sein deutsches Partnerunternehmen BioNTech.<\/p>\n<p>Im Jahr 2023 l\u00e4uft der staatliche Gesundheitsnotstand in den USA formal aus. Bisher ist davon auszugehen, dass private Versicherungen dann die Kosten f\u00fcr weitere Corona-Impfungen tragen. Unklar ist jedoch, wer die Kosten bei m\u00f6glichen Injektionen f\u00fcr Personen ohne Krankenversicherung tr\u00e4gt und ob diese Behandlung f\u00fcr diese Personengruppe dann m\u00f6glich ist.<\/p>\n<p>Die geplante Preissteigerung ist auch auf die massiv zur\u00fcckgegangene &#8220;Nachfrage&#8221; nach Corona-Impfungen zur\u00fcckzuf\u00fchren. Der Pharmakonzern ging bisher davon aus, dass der <a rel=\"nofollow noopener\" target=\"_blank\" href=\"https:\/\/www.reuters.com\/business\/healthcare-pharmaceuticals\/pfizer-expects-price-covid-vaccine-110-130-per-dose-2022-10-20\/\">Markt<\/a>\u00a0f\u00fcr Corona-Impfungen etwa so gro\u00df sein werde wie der j\u00e4hrliche Markt f\u00fcr Grippe-Impfungen. Der Aufbau eines p\u00e4diatrischen Marktes auf der Grundlage der bisherigen Impfungen werde allerdings l\u00e4nger dauern. Medienberichten zufolge war bereits davon auszugehen, dass Pfizer die Preise erh\u00f6ht, um die Umsatzprognosen f\u00fcr das Jahr 2023 und dar\u00fcber hinaus zu erf\u00fcllen.<\/p>\n<p>In den USA wurden in den vergangenen sechs Wochen rund 4,8 Millionen Menschen mit dem an die Omikron-Variante angepassten Vakzin geimpft. Im Vorjahr waren es im selben Zeitraum mehr als 22 Millionen Menschen, obwohl die Drittimpfung damals nur f\u00fcr \u00e4ltere Menschen und Personen mit Vorerkrankungen empfohlen wurde.<\/p>\n<p>Urspr\u00fcnglich hatten BioNTech und Pfizer ihren Impfstoff f\u00fcr 15 bis 30 Euro angeboten. Das Bundesgesundheitsministerium hatte sich bisher noch nicht zu der saftigen Preiserh\u00f6hung ge\u00e4u\u00dfert. Laut <em>Apotheke Adhoc<\/em> erkl\u00e4rte das Ministerium <a rel=\"nofollow noopener\" target=\"_blank\" href=\"https:\/\/www.apotheke-adhoc.de\/nachrichten\/detail\/markt\/comirnaty-pfizer-dreht-an-der-preisschraube\/\">lediglich<\/a>:<\/p>\n<blockquote>\n<p><em>&#8220;Vertragsverhandlungen zur zentralen Beschaffung der Covid-Impfstoffe werden zwischen der Europ\u00e4ischen Kommission und den Impfherstellern gef\u00fchrt. Zwischen den Vertragspartnern wurde Vertraulichkeit \u00fcber die Preise vereinbart.&#8221;<\/em><\/p>\n<\/blockquote>\n<p>Auch Br\u00fcssel schweigt bisher zu der Preiserh\u00f6hung. Medienberichten zufolge zahlte die EU im Vorjahr einen Preis von rund 20 Euro je Dosis im Rahmen eines Vertrags f\u00fcr den Kauf von bis zu 1,8 Milliarden Dosen bis 2023. Das Vertragsvolumen wurde damals auf 35 Milliarden Euro gesch\u00e4tzt. Die EU-Kommission wurde im vergangenen Fr\u00fchjahr wegen fehlender Transparenz bei den milliardenschweren Vertr\u00e4gen vor dem Europ\u00e4ischen Gerichtshof verklagt. EU-Kommissionspr\u00e4sidentin Ursula von der Leyen steht zudem unter Druck, da sie sich pers\u00f6nlich via SMS mit Pfizer-Chef Albert Bourla ausgetauscht haben soll und sich weigert, Einblicke in die Korrespondenz zu geben.<\/p>\n<p><strong>Mehr zum Thema \u2013<\/strong>\u00a0<a rel=\"nofollow noopener\" target=\"_blank\" href=\"https:\/\/test.rtde.tech\/europa\/151660-ermittlungen-zu-corona-impfstoff-kaufen\/\">Ermittlungen zu Corona-Impfstoff-K\u00e4ufen der EU: Von der Leyen im Visier der Ermittler?<\/a><\/p>\n<\/p>\n<\/div>\n<p><br \/>\n<br \/><a href=\"https:\/\/de.rt.com\/international\/152214-pfizer-will-preise-fur-seinen\/\">Source link <\/a><\/p>\n","protected":false},"excerpt":{"rendered":"<p>Der Pharmakonzern Pfizer will den Preis f\u00fcr seinen Corona-Impfstoff drastisch erh\u00f6hen: Demnach k\u00f6nnte eine Impfstoff-Dosis bald 130 statt 30 US-Dollar kosten. Die saftige Preiserh\u00f6hung hat auch mit der sinkenden &#8220;Nachfrage&#8221; nach Corona-Vakzinen zu tun. Der Pharmakonzern Pfizer will die Preise f\u00fcr sein Corona-Vakzin kr\u00e4ftig erh\u00f6hen: Am Donnerstag gab Gesch\u00e4ftsf\u00fchrerin Angela Lukin bekannt, dass die Kosten [&hellip;]<\/p>\n","protected":false},"author":3,"featured_media":21519,"comment_status":"open","ping_status":"open","sticky":false,"template":"","format":"standard","meta":{"wp_automatic_camp":["217"],"3716509fa7dad5b12edcbc59c18608ce":["Pfizer will Preise f\u00fcr seinen Corona-Impfstoff um das Vierfache erh\u00f6hen"],"original_link":["https:\/\/de.rt.com\/international\/152214-pfizer-will-preise-fur-seinen\/"],"_thumbnail_id":["21519"],"_wptg_p2tg_sent2tg":["2022-10-21 21:57:02"],"jnews_social_counter_last_update":["1777581252"]},"categories":[19,23],"tags":[23179,427,11909,221,5500,1470,6583,34725],"yoast_head":"<!-- This site is optimized with the Yoast SEO Premium plugin v22.7 (Yoast SEO v22.7) - https:\/\/yoast.com\/wordpress\/plugins\/seo\/ -->\n<title>Pfizer will Preise f\u00fcr seinen Corona-Impfstoff um das Vierfache erh\u00f6hen - just-now.NEWS Deutschland<\/title>\n<meta name=\"robots\" content=\"index, follow, max-snippet:-1, max-image-preview:large, max-video-preview:-1\" \/>\n<link rel=\"canonical\" href=\"https:\/\/now-news.de\/de\/deutschland\/pfizer-will-preise-fuer-seinen-corona-impfstoff-um-das-vierfache-erhoehen\/\" \/>\n<meta property=\"og:locale\" content=\"de_DE\" \/>\n<meta property=\"og:type\" content=\"article\" \/>\n<meta property=\"og:title\" content=\"Pfizer will Preise f\u00fcr seinen Corona-Impfstoff um das Vierfache erh\u00f6hen\" \/>\n<meta property=\"og:description\" content=\"Der Pharmakonzern Pfizer will den Preis f\u00fcr seinen Corona-Impfstoff drastisch erh\u00f6hen: Demnach k\u00f6nnte eine Impfstoff-Dosis bald 130 statt 30 US-Dollar kosten. Die saftige Preiserh\u00f6hung hat auch mit der sinkenden &#8220;Nachfrage&#8221; nach Corona-Vakzinen zu tun. Der Pharmakonzern Pfizer will die Preise f\u00fcr sein Corona-Vakzin kr\u00e4ftig erh\u00f6hen: Am Donnerstag gab Gesch\u00e4ftsf\u00fchrerin Angela Lukin bekannt, dass die Kosten [&hellip;]\" \/>\n<meta property=\"og:url\" content=\"https:\/\/now-news.de\/de\/deutschland\/pfizer-will-preise-fuer-seinen-corona-impfstoff-um-das-vierfache-erhoehen\/\" \/>\n<meta property=\"og:site_name\" content=\"just-now.NEWS Deutschland\" \/>\n<meta property=\"article:publisher\" content=\"https:\/\/www.facebook.com\/wirmachenauf\" \/>\n<meta property=\"article:published_time\" content=\"2022-10-21T19:50:20+00:00\" \/>\n<meta property=\"og:image\" content=\"https:\/\/now-news.de\/de\/wp-content\/uploads\/sites\/3\/2022\/10\/Pfizer-will-Preise-fuer-seinen-Corona-Impfstoff-um-das-Vierfache-erhoehen.jpg\" \/>\n\t<meta property=\"og:image:width\" content=\"460\" \/>\n\t<meta property=\"og:image:height\" content=\"259\" \/>\n\t<meta property=\"og:image:type\" content=\"image\/jpeg\" \/>\n<meta name=\"author\" content=\"rtnews\" \/>\n<meta name=\"twitter:card\" content=\"summary_large_image\" \/>\n<meta name=\"twitter:creator\" content=\"@WirMachenAuf_de\" \/>\n<meta name=\"twitter:site\" content=\"@WirMachenAuf_de\" \/>\n<meta name=\"twitter:label1\" content=\"Verfasst von\" \/>\n\t<meta name=\"twitter:data1\" content=\"rtnews\" \/>\n\t<meta name=\"twitter:label2\" content=\"Gesch\u00e4tzte Lesezeit\" \/>\n\t<meta name=\"twitter:data2\" content=\"2\u00a0Minuten\" \/>\n<script type=\"application\/ld+json\" class=\"yoast-schema-graph\">{\"@context\":\"https:\/\/schema.org\",\"@graph\":[{\"@type\":\"Article\",\"@id\":\"https:\/\/now-news.de\/de\/deutschland\/pfizer-will-preise-fuer-seinen-corona-impfstoff-um-das-vierfache-erhoehen\/#article\",\"isPartOf\":{\"@id\":\"https:\/\/now-news.de\/de\/deutschland\/pfizer-will-preise-fuer-seinen-corona-impfstoff-um-das-vierfache-erhoehen\/\"},\"author\":{\"name\":\"rtnews\",\"@id\":\"https:\/\/now-news.de\/de\/#\/schema\/person\/fb534a4e865501d8b3285208df34a9b5\"},\"headline\":\"Pfizer will Preise f\u00fcr seinen Corona-Impfstoff um das Vierfache erh\u00f6hen\",\"datePublished\":\"2022-10-21T19:50:20+00:00\",\"dateModified\":\"2022-10-21T19:50:20+00:00\",\"mainEntityOfPage\":{\"@id\":\"https:\/\/now-news.de\/de\/deutschland\/pfizer-will-preise-fuer-seinen-corona-impfstoff-um-das-vierfache-erhoehen\/\"},\"wordCount\":478,\"commentCount\":0,\"publisher\":{\"@id\":\"https:\/\/now-news.de\/de\/#organization\"},\"image\":{\"@id\":\"https:\/\/now-news.de\/de\/deutschland\/pfizer-will-preise-fuer-seinen-corona-impfstoff-um-das-vierfache-erhoehen\/#primaryimage\"},\"thumbnailUrl\":\"https:\/\/now-news.de\/de\/wp-content\/uploads\/sites\/3\/2022\/10\/Pfizer-will-Preise-fuer-seinen-Corona-Impfstoff-um-das-Vierfache-erhoehen.jpg\",\"keywords\":[\"CoronaImpfstoff\",\"das\",\"erh\u00f6hen\",\"f\u00fcr\",\"pfizer\",\"Preise\",\"seinen\",\"Vierfache\"],\"articleSection\":[\"Deutschland\",\"Russland\"],\"inLanguage\":\"de\",\"potentialAction\":[{\"@type\":\"CommentAction\",\"name\":\"Comment\",\"target\":[\"https:\/\/now-news.de\/de\/deutschland\/pfizer-will-preise-fuer-seinen-corona-impfstoff-um-das-vierfache-erhoehen\/#respond\"]}]},{\"@type\":\"WebPage\",\"@id\":\"https:\/\/now-news.de\/de\/deutschland\/pfizer-will-preise-fuer-seinen-corona-impfstoff-um-das-vierfache-erhoehen\/\",\"url\":\"https:\/\/now-news.de\/de\/deutschland\/pfizer-will-preise-fuer-seinen-corona-impfstoff-um-das-vierfache-erhoehen\/\",\"name\":\"Pfizer will Preise f\u00fcr seinen Corona-Impfstoff um das Vierfache erh\u00f6hen - just-now.NEWS Deutschland\",\"isPartOf\":{\"@id\":\"https:\/\/now-news.de\/de\/#website\"},\"primaryImageOfPage\":{\"@id\":\"https:\/\/now-news.de\/de\/deutschland\/pfizer-will-preise-fuer-seinen-corona-impfstoff-um-das-vierfache-erhoehen\/#primaryimage\"},\"image\":{\"@id\":\"https:\/\/now-news.de\/de\/deutschland\/pfizer-will-preise-fuer-seinen-corona-impfstoff-um-das-vierfache-erhoehen\/#primaryimage\"},\"thumbnailUrl\":\"https:\/\/now-news.de\/de\/wp-content\/uploads\/sites\/3\/2022\/10\/Pfizer-will-Preise-fuer-seinen-Corona-Impfstoff-um-das-Vierfache-erhoehen.jpg\",\"datePublished\":\"2022-10-21T19:50:20+00:00\",\"dateModified\":\"2022-10-21T19:50:20+00:00\",\"breadcrumb\":{\"@id\":\"https:\/\/now-news.de\/de\/deutschland\/pfizer-will-preise-fuer-seinen-corona-impfstoff-um-das-vierfache-erhoehen\/#breadcrumb\"},\"inLanguage\":\"de\",\"potentialAction\":[{\"@type\":\"ReadAction\",\"target\":[\"https:\/\/now-news.de\/de\/deutschland\/pfizer-will-preise-fuer-seinen-corona-impfstoff-um-das-vierfache-erhoehen\/\"]}]},{\"@type\":\"ImageObject\",\"inLanguage\":\"de\",\"@id\":\"https:\/\/now-news.de\/de\/deutschland\/pfizer-will-preise-fuer-seinen-corona-impfstoff-um-das-vierfache-erhoehen\/#primaryimage\",\"url\":\"https:\/\/now-news.de\/de\/wp-content\/uploads\/sites\/3\/2022\/10\/Pfizer-will-Preise-fuer-seinen-Corona-Impfstoff-um-das-Vierfache-erhoehen.jpg\",\"contentUrl\":\"https:\/\/now-news.de\/de\/wp-content\/uploads\/sites\/3\/2022\/10\/Pfizer-will-Preise-fuer-seinen-Corona-Impfstoff-um-das-Vierfache-erhoehen.jpg\",\"width\":460,\"height\":259,\"caption\":\"Pfizer will Preise f\u00fcr seinen Corona-Impfstoff um das Vierfache erh\u00f6hen\"},{\"@type\":\"BreadcrumbList\",\"@id\":\"https:\/\/now-news.de\/de\/deutschland\/pfizer-will-preise-fuer-seinen-corona-impfstoff-um-das-vierfache-erhoehen\/#breadcrumb\",\"itemListElement\":[{\"@type\":\"ListItem\",\"position\":1,\"name\":\"Home\",\"item\":\"https:\/\/now-news.de\/de\/\"},{\"@type\":\"ListItem\",\"position\":2,\"name\":\"Pfizer will Preise f\u00fcr seinen Corona-Impfstoff um das Vierfache erh\u00f6hen\"}]},{\"@type\":\"WebSite\",\"@id\":\"https:\/\/now-news.de\/de\/#website\",\"url\":\"https:\/\/now-news.de\/de\/\",\"name\":\"just-now.NEWS Deutschland\",\"description\":\"Das Portal f\u00fcr unzensierte Nachrichten aus der Welt\",\"publisher\":{\"@id\":\"https:\/\/now-news.de\/de\/#organization\"},\"potentialAction\":[{\"@type\":\"SearchAction\",\"target\":{\"@type\":\"EntryPoint\",\"urlTemplate\":\"https:\/\/now-news.de\/de\/?s={search_term_string}\"},\"query-input\":\"required name=search_term_string\"}],\"inLanguage\":\"de\"},{\"@type\":\"Organization\",\"@id\":\"https:\/\/now-news.de\/de\/#organization\",\"name\":\"Just Now News\",\"url\":\"https:\/\/now-news.de\/de\/\",\"logo\":{\"@type\":\"ImageObject\",\"inLanguage\":\"de\",\"@id\":\"https:\/\/now-news.de\/de\/#\/schema\/logo\/image\/\",\"url\":\"http:\/\/just-now.news\/de\/wp-content\/uploads\/sites\/3\/2022\/04\/logo500x500.jpg\",\"contentUrl\":\"http:\/\/just-now.news\/de\/wp-content\/uploads\/sites\/3\/2022\/04\/logo500x500.jpg\",\"width\":500,\"height\":500,\"caption\":\"Just Now News\"},\"image\":{\"@id\":\"https:\/\/now-news.de\/de\/#\/schema\/logo\/image\/\"},\"sameAs\":[\"https:\/\/www.facebook.com\/wirmachenauf\",\"https:\/\/x.com\/WirMachenAuf_de\"]},{\"@type\":\"Person\",\"@id\":\"https:\/\/now-news.de\/de\/#\/schema\/person\/fb534a4e865501d8b3285208df34a9b5\",\"name\":\"rtnews\",\"image\":{\"@type\":\"ImageObject\",\"inLanguage\":\"de\",\"@id\":\"https:\/\/now-news.de\/de\/#\/schema\/person\/image\/\",\"url\":\"https:\/\/secure.gravatar.com\/avatar\/82aafea7d8127119dd649515f56e2117?s=96&d=mm&r=g\",\"contentUrl\":\"https:\/\/secure.gravatar.com\/avatar\/82aafea7d8127119dd649515f56e2117?s=96&d=mm&r=g\",\"caption\":\"rtnews\"},\"url\":\"https:\/\/now-news.de\/de\/author\/rnews\/\"}]}<\/script>\n<!-- \/ Yoast SEO Premium plugin. -->","yoast_head_json":{"title":"Pfizer will Preise f\u00fcr seinen Corona-Impfstoff um das Vierfache erh\u00f6hen - just-now.NEWS Deutschland","robots":{"index":"index","follow":"follow","max-snippet":"max-snippet:-1","max-image-preview":"max-image-preview:large","max-video-preview":"max-video-preview:-1"},"canonical":"https:\/\/now-news.de\/de\/deutschland\/pfizer-will-preise-fuer-seinen-corona-impfstoff-um-das-vierfache-erhoehen\/","og_locale":"de_DE","og_type":"article","og_title":"Pfizer will Preise f\u00fcr seinen Corona-Impfstoff um das Vierfache erh\u00f6hen","og_description":"Der Pharmakonzern Pfizer will den Preis f\u00fcr seinen Corona-Impfstoff drastisch erh\u00f6hen: Demnach k\u00f6nnte eine Impfstoff-Dosis bald 130 statt 30 US-Dollar kosten. Die saftige Preiserh\u00f6hung hat auch mit der sinkenden &#8220;Nachfrage&#8221; nach Corona-Vakzinen zu tun. Der Pharmakonzern Pfizer will die Preise f\u00fcr sein Corona-Vakzin kr\u00e4ftig erh\u00f6hen: Am Donnerstag gab Gesch\u00e4ftsf\u00fchrerin Angela Lukin bekannt, dass die Kosten [&hellip;]","og_url":"https:\/\/now-news.de\/de\/deutschland\/pfizer-will-preise-fuer-seinen-corona-impfstoff-um-das-vierfache-erhoehen\/","og_site_name":"just-now.NEWS Deutschland","article_publisher":"https:\/\/www.facebook.com\/wirmachenauf","article_published_time":"2022-10-21T19:50:20+00:00","og_image":[{"width":460,"height":259,"url":"https:\/\/now-news.de\/de\/wp-content\/uploads\/sites\/3\/2022\/10\/Pfizer-will-Preise-fuer-seinen-Corona-Impfstoff-um-das-Vierfache-erhoehen.jpg","type":"image\/jpeg"}],"author":"rtnews","twitter_card":"summary_large_image","twitter_creator":"@WirMachenAuf_de","twitter_site":"@WirMachenAuf_de","twitter_misc":{"Verfasst von":"rtnews","Gesch\u00e4tzte Lesezeit":"2\u00a0Minuten"},"schema":{"@context":"https:\/\/schema.org","@graph":[{"@type":"Article","@id":"https:\/\/now-news.de\/de\/deutschland\/pfizer-will-preise-fuer-seinen-corona-impfstoff-um-das-vierfache-erhoehen\/#article","isPartOf":{"@id":"https:\/\/now-news.de\/de\/deutschland\/pfizer-will-preise-fuer-seinen-corona-impfstoff-um-das-vierfache-erhoehen\/"},"author":{"name":"rtnews","@id":"https:\/\/now-news.de\/de\/#\/schema\/person\/fb534a4e865501d8b3285208df34a9b5"},"headline":"Pfizer will Preise f\u00fcr seinen Corona-Impfstoff um das Vierfache erh\u00f6hen","datePublished":"2022-10-21T19:50:20+00:00","dateModified":"2022-10-21T19:50:20+00:00","mainEntityOfPage":{"@id":"https:\/\/now-news.de\/de\/deutschland\/pfizer-will-preise-fuer-seinen-corona-impfstoff-um-das-vierfache-erhoehen\/"},"wordCount":478,"commentCount":0,"publisher":{"@id":"https:\/\/now-news.de\/de\/#organization"},"image":{"@id":"https:\/\/now-news.de\/de\/deutschland\/pfizer-will-preise-fuer-seinen-corona-impfstoff-um-das-vierfache-erhoehen\/#primaryimage"},"thumbnailUrl":"https:\/\/now-news.de\/de\/wp-content\/uploads\/sites\/3\/2022\/10\/Pfizer-will-Preise-fuer-seinen-Corona-Impfstoff-um-das-Vierfache-erhoehen.jpg","keywords":["CoronaImpfstoff","das","erh\u00f6hen","f\u00fcr","pfizer","Preise","seinen","Vierfache"],"articleSection":["Deutschland","Russland"],"inLanguage":"de","potentialAction":[{"@type":"CommentAction","name":"Comment","target":["https:\/\/now-news.de\/de\/deutschland\/pfizer-will-preise-fuer-seinen-corona-impfstoff-um-das-vierfache-erhoehen\/#respond"]}]},{"@type":"WebPage","@id":"https:\/\/now-news.de\/de\/deutschland\/pfizer-will-preise-fuer-seinen-corona-impfstoff-um-das-vierfache-erhoehen\/","url":"https:\/\/now-news.de\/de\/deutschland\/pfizer-will-preise-fuer-seinen-corona-impfstoff-um-das-vierfache-erhoehen\/","name":"Pfizer will Preise f\u00fcr seinen Corona-Impfstoff um das Vierfache erh\u00f6hen - just-now.NEWS Deutschland","isPartOf":{"@id":"https:\/\/now-news.de\/de\/#website"},"primaryImageOfPage":{"@id":"https:\/\/now-news.de\/de\/deutschland\/pfizer-will-preise-fuer-seinen-corona-impfstoff-um-das-vierfache-erhoehen\/#primaryimage"},"image":{"@id":"https:\/\/now-news.de\/de\/deutschland\/pfizer-will-preise-fuer-seinen-corona-impfstoff-um-das-vierfache-erhoehen\/#primaryimage"},"thumbnailUrl":"https:\/\/now-news.de\/de\/wp-content\/uploads\/sites\/3\/2022\/10\/Pfizer-will-Preise-fuer-seinen-Corona-Impfstoff-um-das-Vierfache-erhoehen.jpg","datePublished":"2022-10-21T19:50:20+00:00","dateModified":"2022-10-21T19:50:20+00:00","breadcrumb":{"@id":"https:\/\/now-news.de\/de\/deutschland\/pfizer-will-preise-fuer-seinen-corona-impfstoff-um-das-vierfache-erhoehen\/#breadcrumb"},"inLanguage":"de","potentialAction":[{"@type":"ReadAction","target":["https:\/\/now-news.de\/de\/deutschland\/pfizer-will-preise-fuer-seinen-corona-impfstoff-um-das-vierfache-erhoehen\/"]}]},{"@type":"ImageObject","inLanguage":"de","@id":"https:\/\/now-news.de\/de\/deutschland\/pfizer-will-preise-fuer-seinen-corona-impfstoff-um-das-vierfache-erhoehen\/#primaryimage","url":"https:\/\/now-news.de\/de\/wp-content\/uploads\/sites\/3\/2022\/10\/Pfizer-will-Preise-fuer-seinen-Corona-Impfstoff-um-das-Vierfache-erhoehen.jpg","contentUrl":"https:\/\/now-news.de\/de\/wp-content\/uploads\/sites\/3\/2022\/10\/Pfizer-will-Preise-fuer-seinen-Corona-Impfstoff-um-das-Vierfache-erhoehen.jpg","width":460,"height":259,"caption":"Pfizer will Preise f\u00fcr seinen Corona-Impfstoff um das Vierfache erh\u00f6hen"},{"@type":"BreadcrumbList","@id":"https:\/\/now-news.de\/de\/deutschland\/pfizer-will-preise-fuer-seinen-corona-impfstoff-um-das-vierfache-erhoehen\/#breadcrumb","itemListElement":[{"@type":"ListItem","position":1,"name":"Home","item":"https:\/\/now-news.de\/de\/"},{"@type":"ListItem","position":2,"name":"Pfizer will Preise f\u00fcr seinen Corona-Impfstoff um das Vierfache erh\u00f6hen"}]},{"@type":"WebSite","@id":"https:\/\/now-news.de\/de\/#website","url":"https:\/\/now-news.de\/de\/","name":"just-now.NEWS Deutschland","description":"Das Portal f\u00fcr unzensierte Nachrichten aus der Welt","publisher":{"@id":"https:\/\/now-news.de\/de\/#organization"},"potentialAction":[{"@type":"SearchAction","target":{"@type":"EntryPoint","urlTemplate":"https:\/\/now-news.de\/de\/?s={search_term_string}"},"query-input":"required name=search_term_string"}],"inLanguage":"de"},{"@type":"Organization","@id":"https:\/\/now-news.de\/de\/#organization","name":"Just Now News","url":"https:\/\/now-news.de\/de\/","logo":{"@type":"ImageObject","inLanguage":"de","@id":"https:\/\/now-news.de\/de\/#\/schema\/logo\/image\/","url":"http:\/\/just-now.news\/de\/wp-content\/uploads\/sites\/3\/2022\/04\/logo500x500.jpg","contentUrl":"http:\/\/just-now.news\/de\/wp-content\/uploads\/sites\/3\/2022\/04\/logo500x500.jpg","width":500,"height":500,"caption":"Just Now News"},"image":{"@id":"https:\/\/now-news.de\/de\/#\/schema\/logo\/image\/"},"sameAs":["https:\/\/www.facebook.com\/wirmachenauf","https:\/\/x.com\/WirMachenAuf_de"]},{"@type":"Person","@id":"https:\/\/now-news.de\/de\/#\/schema\/person\/fb534a4e865501d8b3285208df34a9b5","name":"rtnews","image":{"@type":"ImageObject","inLanguage":"de","@id":"https:\/\/now-news.de\/de\/#\/schema\/person\/image\/","url":"https:\/\/secure.gravatar.com\/avatar\/82aafea7d8127119dd649515f56e2117?s=96&d=mm&r=g","contentUrl":"https:\/\/secure.gravatar.com\/avatar\/82aafea7d8127119dd649515f56e2117?s=96&d=mm&r=g","caption":"rtnews"},"url":"https:\/\/now-news.de\/de\/author\/rnews\/"}]}},"_links":{"self":[{"href":"https:\/\/now-news.de\/de\/wp-json\/wp\/v2\/posts\/21518"}],"collection":[{"href":"https:\/\/now-news.de\/de\/wp-json\/wp\/v2\/posts"}],"about":[{"href":"https:\/\/now-news.de\/de\/wp-json\/wp\/v2\/types\/post"}],"author":[{"embeddable":true,"href":"https:\/\/now-news.de\/de\/wp-json\/wp\/v2\/users\/3"}],"replies":[{"embeddable":true,"href":"https:\/\/now-news.de\/de\/wp-json\/wp\/v2\/comments?post=21518"}],"version-history":[{"count":0,"href":"https:\/\/now-news.de\/de\/wp-json\/wp\/v2\/posts\/21518\/revisions"}],"wp:featuredmedia":[{"embeddable":true,"href":"https:\/\/now-news.de\/de\/wp-json\/wp\/v2\/media\/21519"}],"wp:attachment":[{"href":"https:\/\/now-news.de\/de\/wp-json\/wp\/v2\/media?parent=21518"}],"wp:term":[{"taxonomy":"category","embeddable":true,"href":"https:\/\/now-news.de\/de\/wp-json\/wp\/v2\/categories?post=21518"},{"taxonomy":"post_tag","embeddable":true,"href":"https:\/\/now-news.de\/de\/wp-json\/wp\/v2\/tags?post=21518"}],"curies":[{"name":"wp","href":"https:\/\/api.w.org\/{rel}","templated":true}]}}