{"id":21490,"date":"2022-10-21T17:11:41","date_gmt":"2022-10-21T15:11:41","guid":{"rendered":"http:\/\/just-now.news\/de\/deutschland\/israels-regierungschef-beziehungen-zwischen-iran-und-russland-gefaehrden-die-ganze-welt\/"},"modified":"2022-10-21T17:11:41","modified_gmt":"2022-10-21T15:11:41","slug":"israels-regierungschef-beziehungen-zwischen-iran-und-russland-gefaehrden-die-ganze-welt","status":"publish","type":"post","link":"https:\/\/now-news.de\/de\/deutschland\/israels-regierungschef-beziehungen-zwischen-iran-und-russland-gefaehrden-die-ganze-welt\/","title":{"rendered":"Israels Regierungschef: Beziehungen zwischen Iran und Russland gef\u00e4hrden die ganze Welt"},"content":{"rendered":"<p><img decoding=\"async\" src=\"http:\/\/just-now.news\/de\/wp-content\/uploads\/sites\/3\/2022\/10\/63524c9f48fbef41ff521da9.jpg\" \/><\/p>\n<div class=\"Text-root Text-type_1 \">\n                W\u00e4hrend die Milit\u00e4rkooperation zwischen Iran und Russland f\u00fcr Verstimmung im Westen sorgt, liefern die EU und die USA weiterhin Waffen an die Ukraine. Israels Premier Lapid behauptet nun, dass die russisch-iranische Milit\u00e4rkooperation &#8220;die ganze Welt in Gefahr&#8221; bringe.\n            <\/div>\n<p><\/p>\n<div class=\"Text-root Text-type_5 ArticleView-text ViewText-root \">\n<p>Der israelische Ministerpr\u00e4sident Jair Lapid bezeichnete die Beziehungen zwischen Iran und Russland in einem Interview mit dem russischsprachigen\u00a0Sender <em>RTVi<\/em>\u00a0als &#8220;ernstes Problem&#8221;.\u00a0Lapid \u00e4u\u00dferte sich zu den iranischen Drohnen, die mutma\u00dflich von Russland in der Ukraine eingesetzt werden. Die Tatsache, dass Russland iranische Drohnen &#8220;zur T\u00f6tung ukrainischer Zivilisten&#8221; einsetzt, sei &#8220;inakzeptabel&#8221;.<\/p>\n<p>Lapid sprach am Donnerstag au\u00dferdem mit dem ukrainischen Au\u00dfenminister Dmitri Kuleba.\u00a0In dem Telefonat \u00e4u\u00dferte\u00a0der Ministerpr\u00e4sident\u00a0&#8220;tiefe Besorgnis \u00fcber die milit\u00e4rischen Beziehungen zwischen Iran und Russland&#8221;, so sein B\u00fcro.<\/p>\n<p>Nach dem Telefongespr\u00e4ch twitterte Lapid, Kuleba habe ihn \u00fcber den Krieg auf dem Laufenden gehalten, w\u00e4hrend der\u00a0Ministerpr\u00e4sident Israels erkl\u00e4rte, er habe seine &#8220;tiefe Besorgnis&#8221; \u00fcber die milit\u00e4rischen Beziehungen zwischen Iran und Russland\u00a0ausgedr\u00fcckt und bekr\u00e4ftigt, Israel stehe an der Seite des ukrainischen Volkes.<\/p>\n<div class=\"EmbedBlock-root EmbedBlock-twitter\">\n<div class=\"TwitterEmbed\">\n<blockquote class=\"twitter-tweet lazyload\" data-twitter=\"twitter-tweet\">\n<p lang=\"en\" dir=\"ltr\">This evening, I spoke with the Foreign Minister of Ukraine, <a rel=\"nofollow noopener\" target=\"_blank\" href=\"https:\/\/twitter.com\/DmytroKuleba?ref_src=twsrc%5Etfw\">@DmytroKuleba<\/a>, who gave me an update on the war in Ukraine. I shared with him our deep concern about the military ties between Iran and Russia.Israel stands with the Ukrainian people. ???????? ????????<\/p>\n<p>\u2014 \u05d9\u05d0\u05d9\u05e8 \u05dc\u05e4\u05d9\u05d3 &#8211; Yair Lapid (@yairlapid) <a rel=\"nofollow noopener\" target=\"_blank\" href=\"https:\/\/twitter.com\/yairlapid\/status\/1583161767047270401?ref_src=twsrc%5Etfw\">October 20, 2022<\/a><\/p><\/blockquote>\n<\/div>\n<\/div>\n<p>Die russische Botschaft in Israel ver\u00f6ffentlichte k\u00fcrzlich eine Erkl\u00e4rung, in der sie die \u00c4u\u00dferungen\u00a0der israelischen Beamten gegen Moskaus Angriffe auf Ziele in der Ukraine scharf kritisierte. In der Erkl\u00e4rung der Botschaft hie\u00df es, dass Tel Aviv es vers\u00e4umt habe, dasselbe f\u00fcr Kiews terroristische Angriffe auf die Zivilbev\u00f6lkerung des Donbass zu tun.<\/p>\n<p>Israel hat bislang abgelehnt, Abwehrsysteme an die Ukraine zu liefern. Das Thema wurde beim Telefongespr\u00e4ch zwischen Lapid und Kuleba nicht erw\u00e4hnt. Tel Aviv\u00a0lehnte bereits am Montag auch ein Ersuchen der Ukraine ab, ein Telefongespr\u00e4ch zwischen dem israelischen Verteidigungsminister Benny Gantz und seinem ukrainischen Amtskollegen Alexei Resnikow zu organisieren.\u00a0In den letzten Tagen hat Gantz wiederholt bekr\u00e4ftigt, dass Israel keine Waffensysteme an die Ukraine liefern wird.<\/p>\n<p>Inzwischen verst\u00e4rkt der Westen den Druck auf Iran. Die US-Regierung behauptete am Donnerstag, iranische Milit\u00e4rs\u00a0h\u00e4tten\u00a0Russland\u00a0von der Krim aus bei Drohneneins\u00e4tzen gegen die\u00a0Ukraine\u00a0unterst\u00fctzt. &#8220;Teheran ist jetzt direkt vor Ort involviert&#8221;,\u00a0behauptete der Sprecher des Nationalen Sicherheitsrates der USA John Kirby in Washington.\u00a0Kirby k\u00fcndigte an, die USA w\u00fcrden weiterhin alle Sanktionen gegen den Waffenhandel Russlands und Irans durchsetzen.<\/p>\n<p>Russland hatte am Mittwoch vor der UNO den Einsatz von Drohnen iranischer Bauart in der Ukraine bestritten. Au\u00dferdem\u00a0forderte\u00a0der iranische Au\u00dfenminister die Ukraine auf, Beweise f\u00fcr den Einsatz von Drohnen aus Iran im Ukraine-Krieg vorzulegen.<\/p>\n<p><strong>Mehr zum Thema<\/strong> &#8211; <a rel=\"nofollow noopener\" target=\"_blank\" href=\"https:\/\/de.rt.com\/der-nahe-osten\/151818-bei-waffenlieferung-an-ukraine-russland\/\">Bei Waffenlieferung an die Ukraine: Russland warnt Israel vor Ende der bilateralen Beziehungen<\/a><\/p>\n<\/p>\n<\/div>\n<p><script async src=\"https:\/\/platform.twitter.com\/widgets.js\" charset=\"utf-8\"><\/script><br \/>\n<br \/><br \/>\n<br \/><a href=\"https:\/\/de.rt.com\/international\/152148-israels-regierungschef-beziehungen-zwischen-iran\/\">Source link <\/a><\/p>\n","protected":false},"excerpt":{"rendered":"<p>W\u00e4hrend die Milit\u00e4rkooperation zwischen Iran und Russland f\u00fcr Verstimmung im Westen sorgt, liefern die EU und die USA weiterhin Waffen an die Ukraine. Israels Premier Lapid behauptet nun, dass die russisch-iranische Milit\u00e4rkooperation &#8220;die ganze Welt in Gefahr&#8221; bringe. Der israelische Ministerpr\u00e4sident Jair Lapid bezeichnete die Beziehungen zwischen Iran und Russland in einem Interview mit dem [&hellip;]<\/p>\n","protected":false},"author":3,"featured_media":21491,"comment_status":"open","ping_status":"open","sticky":false,"template":"","format":"standard","meta":{"wp_automatic_camp":["217"],"d4ee54e1d3b58134de5df25f3af8dd51":["Israels Regierungschef: Beziehungen zwischen Iran und Russland gef\u00e4hrden die ganze Welt"],"original_link":["https:\/\/de.rt.com\/international\/152148-israels-regierungschef-beziehungen-zwischen-iran\/"],"_thumbnail_id":["21491"],"_wptg_p2tg_sent2tg":["2022-10-21 17:25:08"],"jnews_social_counter_last_update":["1777190100"]},"categories":[19,23],"tags":[266,45,12293,6339,1786,3015,21602,126,140,778,436],"yoast_head":"<!-- This site is optimized with the Yoast SEO Premium plugin v22.7 (Yoast SEO v22.7) - https:\/\/yoast.com\/wordpress\/plugins\/seo\/ -->\n<title>Israels Regierungschef: Beziehungen zwischen Iran und Russland gef\u00e4hrden die ganze Welt - just-now.NEWS Deutschland<\/title>\n<meta name=\"robots\" content=\"index, follow, max-snippet:-1, max-image-preview:large, max-video-preview:-1\" \/>\n<link rel=\"canonical\" href=\"https:\/\/now-news.de\/de\/deutschland\/israels-regierungschef-beziehungen-zwischen-iran-und-russland-gefaehrden-die-ganze-welt\/\" \/>\n<meta property=\"og:locale\" content=\"de_DE\" \/>\n<meta property=\"og:type\" content=\"article\" \/>\n<meta property=\"og:title\" content=\"Israels Regierungschef: Beziehungen zwischen Iran und Russland gef\u00e4hrden die ganze Welt\" \/>\n<meta property=\"og:description\" content=\"W\u00e4hrend die Milit\u00e4rkooperation zwischen Iran und Russland f\u00fcr Verstimmung im Westen sorgt, liefern die EU und die USA weiterhin Waffen an die Ukraine. Israels Premier Lapid behauptet nun, dass die russisch-iranische Milit\u00e4rkooperation &#8220;die ganze Welt in Gefahr&#8221; bringe. Der israelische Ministerpr\u00e4sident Jair Lapid bezeichnete die Beziehungen zwischen Iran und Russland in einem Interview mit dem [&hellip;]\" \/>\n<meta property=\"og:url\" content=\"https:\/\/now-news.de\/de\/deutschland\/israels-regierungschef-beziehungen-zwischen-iran-und-russland-gefaehrden-die-ganze-welt\/\" \/>\n<meta property=\"og:site_name\" content=\"just-now.NEWS Deutschland\" \/>\n<meta property=\"article:publisher\" content=\"https:\/\/www.facebook.com\/wirmachenauf\" \/>\n<meta property=\"article:published_time\" content=\"2022-10-21T15:11:41+00:00\" \/>\n<meta property=\"og:image\" content=\"https:\/\/now-news.de\/de\/wp-content\/uploads\/sites\/3\/2022\/10\/Israels-Regierungschef-Beziehungen-zwischen-Iran-und-Russland-gefaehrden-die-ganze.jpg\" \/>\n\t<meta property=\"og:image:width\" content=\"460\" \/>\n\t<meta property=\"og:image:height\" content=\"259\" \/>\n\t<meta property=\"og:image:type\" content=\"image\/jpeg\" \/>\n<meta name=\"author\" content=\"rtnews\" \/>\n<meta name=\"twitter:card\" content=\"summary_large_image\" \/>\n<meta name=\"twitter:creator\" content=\"@WirMachenAuf_de\" \/>\n<meta name=\"twitter:site\" content=\"@WirMachenAuf_de\" \/>\n<meta name=\"twitter:label1\" content=\"Verfasst von\" \/>\n\t<meta name=\"twitter:data1\" content=\"rtnews\" \/>\n\t<meta name=\"twitter:label2\" content=\"Gesch\u00e4tzte Lesezeit\" \/>\n\t<meta name=\"twitter:data2\" content=\"2\u00a0Minuten\" \/>\n<script type=\"application\/ld+json\" class=\"yoast-schema-graph\">{\"@context\":\"https:\/\/schema.org\",\"@graph\":[{\"@type\":\"Article\",\"@id\":\"https:\/\/now-news.de\/de\/deutschland\/israels-regierungschef-beziehungen-zwischen-iran-und-russland-gefaehrden-die-ganze-welt\/#article\",\"isPartOf\":{\"@id\":\"https:\/\/now-news.de\/de\/deutschland\/israels-regierungschef-beziehungen-zwischen-iran-und-russland-gefaehrden-die-ganze-welt\/\"},\"author\":{\"name\":\"rtnews\",\"@id\":\"https:\/\/now-news.de\/de\/#\/schema\/person\/fb534a4e865501d8b3285208df34a9b5\"},\"headline\":\"Israels Regierungschef: Beziehungen zwischen Iran und Russland gef\u00e4hrden die ganze Welt\",\"datePublished\":\"2022-10-21T15:11:41+00:00\",\"dateModified\":\"2022-10-21T15:11:41+00:00\",\"mainEntityOfPage\":{\"@id\":\"https:\/\/now-news.de\/de\/deutschland\/israels-regierungschef-beziehungen-zwischen-iran-und-russland-gefaehrden-die-ganze-welt\/\"},\"wordCount\":502,\"commentCount\":0,\"publisher\":{\"@id\":\"https:\/\/now-news.de\/de\/#organization\"},\"image\":{\"@id\":\"https:\/\/now-news.de\/de\/deutschland\/israels-regierungschef-beziehungen-zwischen-iran-und-russland-gefaehrden-die-ganze-welt\/#primaryimage\"},\"thumbnailUrl\":\"https:\/\/now-news.de\/de\/wp-content\/uploads\/sites\/3\/2022\/10\/Israels-Regierungschef-Beziehungen-zwischen-Iran-und-Russland-gefaehrden-die-ganze.jpg\",\"keywords\":[\"Beziehungen\",\"die\",\"ganze\",\"gef\u00e4hrden\",\"Iran\",\"Israels\",\"Regierungschef\",\"russland\",\"und\",\"Welt\",\"zwischen\"],\"articleSection\":[\"Deutschland\",\"Russland\"],\"inLanguage\":\"de\",\"potentialAction\":[{\"@type\":\"CommentAction\",\"name\":\"Comment\",\"target\":[\"https:\/\/now-news.de\/de\/deutschland\/israels-regierungschef-beziehungen-zwischen-iran-und-russland-gefaehrden-die-ganze-welt\/#respond\"]}]},{\"@type\":\"WebPage\",\"@id\":\"https:\/\/now-news.de\/de\/deutschland\/israels-regierungschef-beziehungen-zwischen-iran-und-russland-gefaehrden-die-ganze-welt\/\",\"url\":\"https:\/\/now-news.de\/de\/deutschland\/israels-regierungschef-beziehungen-zwischen-iran-und-russland-gefaehrden-die-ganze-welt\/\",\"name\":\"Israels Regierungschef: Beziehungen zwischen Iran und Russland gef\u00e4hrden die ganze Welt - just-now.NEWS Deutschland\",\"isPartOf\":{\"@id\":\"https:\/\/now-news.de\/de\/#website\"},\"primaryImageOfPage\":{\"@id\":\"https:\/\/now-news.de\/de\/deutschland\/israels-regierungschef-beziehungen-zwischen-iran-und-russland-gefaehrden-die-ganze-welt\/#primaryimage\"},\"image\":{\"@id\":\"https:\/\/now-news.de\/de\/deutschland\/israels-regierungschef-beziehungen-zwischen-iran-und-russland-gefaehrden-die-ganze-welt\/#primaryimage\"},\"thumbnailUrl\":\"https:\/\/now-news.de\/de\/wp-content\/uploads\/sites\/3\/2022\/10\/Israels-Regierungschef-Beziehungen-zwischen-Iran-und-Russland-gefaehrden-die-ganze.jpg\",\"datePublished\":\"2022-10-21T15:11:41+00:00\",\"dateModified\":\"2022-10-21T15:11:41+00:00\",\"breadcrumb\":{\"@id\":\"https:\/\/now-news.de\/de\/deutschland\/israels-regierungschef-beziehungen-zwischen-iran-und-russland-gefaehrden-die-ganze-welt\/#breadcrumb\"},\"inLanguage\":\"de\",\"potentialAction\":[{\"@type\":\"ReadAction\",\"target\":[\"https:\/\/now-news.de\/de\/deutschland\/israels-regierungschef-beziehungen-zwischen-iran-und-russland-gefaehrden-die-ganze-welt\/\"]}]},{\"@type\":\"ImageObject\",\"inLanguage\":\"de\",\"@id\":\"https:\/\/now-news.de\/de\/deutschland\/israels-regierungschef-beziehungen-zwischen-iran-und-russland-gefaehrden-die-ganze-welt\/#primaryimage\",\"url\":\"https:\/\/now-news.de\/de\/wp-content\/uploads\/sites\/3\/2022\/10\/Israels-Regierungschef-Beziehungen-zwischen-Iran-und-Russland-gefaehrden-die-ganze.jpg\",\"contentUrl\":\"https:\/\/now-news.de\/de\/wp-content\/uploads\/sites\/3\/2022\/10\/Israels-Regierungschef-Beziehungen-zwischen-Iran-und-Russland-gefaehrden-die-ganze.jpg\",\"width\":460,\"height\":259,\"caption\":\"Israels Regierungschef: Beziehungen zwischen Iran und Russland gef\u00e4hrden die ganze Welt\"},{\"@type\":\"BreadcrumbList\",\"@id\":\"https:\/\/now-news.de\/de\/deutschland\/israels-regierungschef-beziehungen-zwischen-iran-und-russland-gefaehrden-die-ganze-welt\/#breadcrumb\",\"itemListElement\":[{\"@type\":\"ListItem\",\"position\":1,\"name\":\"Home\",\"item\":\"https:\/\/now-news.de\/de\/\"},{\"@type\":\"ListItem\",\"position\":2,\"name\":\"Israels Regierungschef: Beziehungen zwischen Iran und Russland gef\u00e4hrden die ganze Welt\"}]},{\"@type\":\"WebSite\",\"@id\":\"https:\/\/now-news.de\/de\/#website\",\"url\":\"https:\/\/now-news.de\/de\/\",\"name\":\"just-now.NEWS Deutschland\",\"description\":\"Das Portal f\u00fcr unzensierte Nachrichten aus der Welt\",\"publisher\":{\"@id\":\"https:\/\/now-news.de\/de\/#organization\"},\"potentialAction\":[{\"@type\":\"SearchAction\",\"target\":{\"@type\":\"EntryPoint\",\"urlTemplate\":\"https:\/\/now-news.de\/de\/?s={search_term_string}\"},\"query-input\":\"required name=search_term_string\"}],\"inLanguage\":\"de\"},{\"@type\":\"Organization\",\"@id\":\"https:\/\/now-news.de\/de\/#organization\",\"name\":\"Just Now News\",\"url\":\"https:\/\/now-news.de\/de\/\",\"logo\":{\"@type\":\"ImageObject\",\"inLanguage\":\"de\",\"@id\":\"https:\/\/now-news.de\/de\/#\/schema\/logo\/image\/\",\"url\":\"http:\/\/just-now.news\/de\/wp-content\/uploads\/sites\/3\/2022\/04\/logo500x500.jpg\",\"contentUrl\":\"http:\/\/just-now.news\/de\/wp-content\/uploads\/sites\/3\/2022\/04\/logo500x500.jpg\",\"width\":500,\"height\":500,\"caption\":\"Just Now News\"},\"image\":{\"@id\":\"https:\/\/now-news.de\/de\/#\/schema\/logo\/image\/\"},\"sameAs\":[\"https:\/\/www.facebook.com\/wirmachenauf\",\"https:\/\/x.com\/WirMachenAuf_de\"]},{\"@type\":\"Person\",\"@id\":\"https:\/\/now-news.de\/de\/#\/schema\/person\/fb534a4e865501d8b3285208df34a9b5\",\"name\":\"rtnews\",\"image\":{\"@type\":\"ImageObject\",\"inLanguage\":\"de\",\"@id\":\"https:\/\/now-news.de\/de\/#\/schema\/person\/image\/\",\"url\":\"https:\/\/secure.gravatar.com\/avatar\/82aafea7d8127119dd649515f56e2117?s=96&d=mm&r=g\",\"contentUrl\":\"https:\/\/secure.gravatar.com\/avatar\/82aafea7d8127119dd649515f56e2117?s=96&d=mm&r=g\",\"caption\":\"rtnews\"},\"url\":\"https:\/\/now-news.de\/de\/author\/rnews\/\"}]}<\/script>\n<!-- \/ Yoast SEO Premium plugin. -->","yoast_head_json":{"title":"Israels Regierungschef: Beziehungen zwischen Iran und Russland gef\u00e4hrden die ganze Welt - just-now.NEWS Deutschland","robots":{"index":"index","follow":"follow","max-snippet":"max-snippet:-1","max-image-preview":"max-image-preview:large","max-video-preview":"max-video-preview:-1"},"canonical":"https:\/\/now-news.de\/de\/deutschland\/israels-regierungschef-beziehungen-zwischen-iran-und-russland-gefaehrden-die-ganze-welt\/","og_locale":"de_DE","og_type":"article","og_title":"Israels Regierungschef: Beziehungen zwischen Iran und Russland gef\u00e4hrden die ganze Welt","og_description":"W\u00e4hrend die Milit\u00e4rkooperation zwischen Iran und Russland f\u00fcr Verstimmung im Westen sorgt, liefern die EU und die USA weiterhin Waffen an die Ukraine. Israels Premier Lapid behauptet nun, dass die russisch-iranische Milit\u00e4rkooperation &#8220;die ganze Welt in Gefahr&#8221; bringe. Der israelische Ministerpr\u00e4sident Jair Lapid bezeichnete die Beziehungen zwischen Iran und Russland in einem Interview mit dem [&hellip;]","og_url":"https:\/\/now-news.de\/de\/deutschland\/israels-regierungschef-beziehungen-zwischen-iran-und-russland-gefaehrden-die-ganze-welt\/","og_site_name":"just-now.NEWS Deutschland","article_publisher":"https:\/\/www.facebook.com\/wirmachenauf","article_published_time":"2022-10-21T15:11:41+00:00","og_image":[{"width":460,"height":259,"url":"https:\/\/now-news.de\/de\/wp-content\/uploads\/sites\/3\/2022\/10\/Israels-Regierungschef-Beziehungen-zwischen-Iran-und-Russland-gefaehrden-die-ganze.jpg","type":"image\/jpeg"}],"author":"rtnews","twitter_card":"summary_large_image","twitter_creator":"@WirMachenAuf_de","twitter_site":"@WirMachenAuf_de","twitter_misc":{"Verfasst von":"rtnews","Gesch\u00e4tzte Lesezeit":"2\u00a0Minuten"},"schema":{"@context":"https:\/\/schema.org","@graph":[{"@type":"Article","@id":"https:\/\/now-news.de\/de\/deutschland\/israels-regierungschef-beziehungen-zwischen-iran-und-russland-gefaehrden-die-ganze-welt\/#article","isPartOf":{"@id":"https:\/\/now-news.de\/de\/deutschland\/israels-regierungschef-beziehungen-zwischen-iran-und-russland-gefaehrden-die-ganze-welt\/"},"author":{"name":"rtnews","@id":"https:\/\/now-news.de\/de\/#\/schema\/person\/fb534a4e865501d8b3285208df34a9b5"},"headline":"Israels Regierungschef: Beziehungen zwischen Iran und Russland gef\u00e4hrden die ganze Welt","datePublished":"2022-10-21T15:11:41+00:00","dateModified":"2022-10-21T15:11:41+00:00","mainEntityOfPage":{"@id":"https:\/\/now-news.de\/de\/deutschland\/israels-regierungschef-beziehungen-zwischen-iran-und-russland-gefaehrden-die-ganze-welt\/"},"wordCount":502,"commentCount":0,"publisher":{"@id":"https:\/\/now-news.de\/de\/#organization"},"image":{"@id":"https:\/\/now-news.de\/de\/deutschland\/israels-regierungschef-beziehungen-zwischen-iran-und-russland-gefaehrden-die-ganze-welt\/#primaryimage"},"thumbnailUrl":"https:\/\/now-news.de\/de\/wp-content\/uploads\/sites\/3\/2022\/10\/Israels-Regierungschef-Beziehungen-zwischen-Iran-und-Russland-gefaehrden-die-ganze.jpg","keywords":["Beziehungen","die","ganze","gef\u00e4hrden","Iran","Israels","Regierungschef","russland","und","Welt","zwischen"],"articleSection":["Deutschland","Russland"],"inLanguage":"de","potentialAction":[{"@type":"CommentAction","name":"Comment","target":["https:\/\/now-news.de\/de\/deutschland\/israels-regierungschef-beziehungen-zwischen-iran-und-russland-gefaehrden-die-ganze-welt\/#respond"]}]},{"@type":"WebPage","@id":"https:\/\/now-news.de\/de\/deutschland\/israels-regierungschef-beziehungen-zwischen-iran-und-russland-gefaehrden-die-ganze-welt\/","url":"https:\/\/now-news.de\/de\/deutschland\/israels-regierungschef-beziehungen-zwischen-iran-und-russland-gefaehrden-die-ganze-welt\/","name":"Israels Regierungschef: Beziehungen zwischen Iran und Russland gef\u00e4hrden die ganze Welt - just-now.NEWS Deutschland","isPartOf":{"@id":"https:\/\/now-news.de\/de\/#website"},"primaryImageOfPage":{"@id":"https:\/\/now-news.de\/de\/deutschland\/israels-regierungschef-beziehungen-zwischen-iran-und-russland-gefaehrden-die-ganze-welt\/#primaryimage"},"image":{"@id":"https:\/\/now-news.de\/de\/deutschland\/israels-regierungschef-beziehungen-zwischen-iran-und-russland-gefaehrden-die-ganze-welt\/#primaryimage"},"thumbnailUrl":"https:\/\/now-news.de\/de\/wp-content\/uploads\/sites\/3\/2022\/10\/Israels-Regierungschef-Beziehungen-zwischen-Iran-und-Russland-gefaehrden-die-ganze.jpg","datePublished":"2022-10-21T15:11:41+00:00","dateModified":"2022-10-21T15:11:41+00:00","breadcrumb":{"@id":"https:\/\/now-news.de\/de\/deutschland\/israels-regierungschef-beziehungen-zwischen-iran-und-russland-gefaehrden-die-ganze-welt\/#breadcrumb"},"inLanguage":"de","potentialAction":[{"@type":"ReadAction","target":["https:\/\/now-news.de\/de\/deutschland\/israels-regierungschef-beziehungen-zwischen-iran-und-russland-gefaehrden-die-ganze-welt\/"]}]},{"@type":"ImageObject","inLanguage":"de","@id":"https:\/\/now-news.de\/de\/deutschland\/israels-regierungschef-beziehungen-zwischen-iran-und-russland-gefaehrden-die-ganze-welt\/#primaryimage","url":"https:\/\/now-news.de\/de\/wp-content\/uploads\/sites\/3\/2022\/10\/Israels-Regierungschef-Beziehungen-zwischen-Iran-und-Russland-gefaehrden-die-ganze.jpg","contentUrl":"https:\/\/now-news.de\/de\/wp-content\/uploads\/sites\/3\/2022\/10\/Israels-Regierungschef-Beziehungen-zwischen-Iran-und-Russland-gefaehrden-die-ganze.jpg","width":460,"height":259,"caption":"Israels Regierungschef: Beziehungen zwischen Iran und Russland gef\u00e4hrden die ganze Welt"},{"@type":"BreadcrumbList","@id":"https:\/\/now-news.de\/de\/deutschland\/israels-regierungschef-beziehungen-zwischen-iran-und-russland-gefaehrden-die-ganze-welt\/#breadcrumb","itemListElement":[{"@type":"ListItem","position":1,"name":"Home","item":"https:\/\/now-news.de\/de\/"},{"@type":"ListItem","position":2,"name":"Israels Regierungschef: Beziehungen zwischen Iran und Russland gef\u00e4hrden die ganze Welt"}]},{"@type":"WebSite","@id":"https:\/\/now-news.de\/de\/#website","url":"https:\/\/now-news.de\/de\/","name":"just-now.NEWS Deutschland","description":"Das Portal f\u00fcr unzensierte Nachrichten aus der Welt","publisher":{"@id":"https:\/\/now-news.de\/de\/#organization"},"potentialAction":[{"@type":"SearchAction","target":{"@type":"EntryPoint","urlTemplate":"https:\/\/now-news.de\/de\/?s={search_term_string}"},"query-input":"required name=search_term_string"}],"inLanguage":"de"},{"@type":"Organization","@id":"https:\/\/now-news.de\/de\/#organization","name":"Just Now News","url":"https:\/\/now-news.de\/de\/","logo":{"@type":"ImageObject","inLanguage":"de","@id":"https:\/\/now-news.de\/de\/#\/schema\/logo\/image\/","url":"http:\/\/just-now.news\/de\/wp-content\/uploads\/sites\/3\/2022\/04\/logo500x500.jpg","contentUrl":"http:\/\/just-now.news\/de\/wp-content\/uploads\/sites\/3\/2022\/04\/logo500x500.jpg","width":500,"height":500,"caption":"Just Now News"},"image":{"@id":"https:\/\/now-news.de\/de\/#\/schema\/logo\/image\/"},"sameAs":["https:\/\/www.facebook.com\/wirmachenauf","https:\/\/x.com\/WirMachenAuf_de"]},{"@type":"Person","@id":"https:\/\/now-news.de\/de\/#\/schema\/person\/fb534a4e865501d8b3285208df34a9b5","name":"rtnews","image":{"@type":"ImageObject","inLanguage":"de","@id":"https:\/\/now-news.de\/de\/#\/schema\/person\/image\/","url":"https:\/\/secure.gravatar.com\/avatar\/82aafea7d8127119dd649515f56e2117?s=96&d=mm&r=g","contentUrl":"https:\/\/secure.gravatar.com\/avatar\/82aafea7d8127119dd649515f56e2117?s=96&d=mm&r=g","caption":"rtnews"},"url":"https:\/\/now-news.de\/de\/author\/rnews\/"}]}},"_links":{"self":[{"href":"https:\/\/now-news.de\/de\/wp-json\/wp\/v2\/posts\/21490"}],"collection":[{"href":"https:\/\/now-news.de\/de\/wp-json\/wp\/v2\/posts"}],"about":[{"href":"https:\/\/now-news.de\/de\/wp-json\/wp\/v2\/types\/post"}],"author":[{"embeddable":true,"href":"https:\/\/now-news.de\/de\/wp-json\/wp\/v2\/users\/3"}],"replies":[{"embeddable":true,"href":"https:\/\/now-news.de\/de\/wp-json\/wp\/v2\/comments?post=21490"}],"version-history":[{"count":0,"href":"https:\/\/now-news.de\/de\/wp-json\/wp\/v2\/posts\/21490\/revisions"}],"wp:featuredmedia":[{"embeddable":true,"href":"https:\/\/now-news.de\/de\/wp-json\/wp\/v2\/media\/21491"}],"wp:attachment":[{"href":"https:\/\/now-news.de\/de\/wp-json\/wp\/v2\/media?parent=21490"}],"wp:term":[{"taxonomy":"category","embeddable":true,"href":"https:\/\/now-news.de\/de\/wp-json\/wp\/v2\/categories?post=21490"},{"taxonomy":"post_tag","embeddable":true,"href":"https:\/\/now-news.de\/de\/wp-json\/wp\/v2\/tags?post=21490"}],"curies":[{"name":"wp","href":"https:\/\/api.w.org\/{rel}","templated":true}]}}