{"id":21486,"date":"2022-10-21T16:07:39","date_gmt":"2022-10-21T14:07:39","guid":{"rendered":"http:\/\/just-now.news\/de\/deutschland\/innenministerin-faeser-will-illegale-migration-ueber-die-balkanroute-stoppen\/"},"modified":"2022-10-21T16:07:39","modified_gmt":"2022-10-21T14:07:39","slug":"innenministerin-faeser-will-illegale-migration-ueber-die-balkanroute-stoppen","status":"publish","type":"post","link":"https:\/\/now-news.de\/de\/deutschland\/innenministerin-faeser-will-illegale-migration-ueber-die-balkanroute-stoppen\/","title":{"rendered":"Innenministerin Faeser will illegale Migration \u00fcber die Balkanroute stoppen"},"content":{"rendered":"<p><img decoding=\"async\" src=\"http:\/\/just-now.news\/de\/wp-content\/uploads\/sites\/3\/2022\/10\/63526d12b480cc337c669663.jpg\" \/><\/p>\n<div class=\"Text-root Text-type_1 \">\n                Bundesinnenministerin Nancy Faeser (SPD) hat vor einer Konferenz mit Vertretern der Westbalkan-Staaten gefordert, die illegale Migration \u00fcber die sogenannte Balkanroute einzud\u00e4mmen. Man stehe in Europa gemeinsam in der Verantwortung, so die Ministerin.\n            <\/div>\n<p><\/p>\n<div class=\"Text-root Text-type_5 ArticleView-text ViewText-root \">\n<p>Zusammen mit den Westbalkan-Staaten will Bundesinnenministerin Nancy Faeser (SPD) die illegale Migration \u00fcber die sogenannte Balkanroute stoppen. Vor einer Konferenz mit Vertretern der Westbalkan-Staaten erkl\u00e4rte Faeser gegen\u00fcber dem <em>RedaktionsNetzwerk Deutschland<\/em> (<em>RND<\/em>) am Donnerstag, dass man in Europa gemeinsam in der Verantwortung stehe, illegale Einreisen zu stoppen, &#8220;damit wir weiter den Menschen helfen k\u00f6nnen, die dringend unsere Unterst\u00fctzung brauchen&#8221;.<\/p>\n<p>Sie erg\u00e4nzte:<\/p>\n<blockquote>\n<p><em>&#8220;Wir haben seit Kriegsbeginn mehr als eine Million Gefl\u00fcchtete aus der Ukraine in Deutschland aufgenommen.&#8221;<\/em><\/p>\n<\/blockquote>\n<p>Daneben k\u00e4men aber auch \u00fcber das Mittelmeer und die Balkanroute wieder mehr Menschen nach Europa. Um die Migration \u00fcber die Balkanroute einzud\u00e4mmen, ging es am Donnerstag auf dem Treffen in Berlin um ein B\u00fcndel von Ma\u00dfnahmen. Dazu z\u00e4hlten die Angleichung der Visapolitik der Westbalkan-Staaten an EU-Standards, die Bek\u00e4mpfung der Schleuserkriminalit\u00e4t und die Gew\u00e4hrleistung eines effektiven Grenzschutzes. Ebenso m\u00fcsse man \u00fcber Verfahren zur R\u00fcckf\u00fchrung von Menschen sprechen, &#8220;die kein Bleiberecht bei uns haben&#8221;, sagte Faeser.<\/p>\n<p>EU-Innenkommissarin Ylva Johansson hatte erkl\u00e4rt, dass es in diesem Jahr \u00fcber die westliche Balkanroute dreimal so viele Ank\u00fcnfte und Versuche gegeben habe, in die EU zu gelangen, wie in den Jahren zuvor. Sie sagte im Hinblick auf die Schleuser:<\/p>\n<blockquote>\n<p><em>&#8220;Wir m\u00fcssen und k\u00f6nnen in diesem Bereich wirklich mehr tun, und es ist sehr eng mit der Bek\u00e4mpfung des organisierten Verbrechens verkn\u00fcpft.&#8221;<\/em><\/p>\n<\/blockquote>\n<p>Der Migrationsforscher und Mitgr\u00fcnder der Denkfabrik European Stability Initiative, Gerald Knaus, h\u00e4lt Versuche, die Einwanderung \u00fcber die Balkanroute in die EU zu verhindern, dagegen f\u00fcr nutzlos. &#8220;Das Schlie\u00dfen der Balkanroute hat bisher noch nie funktioniert&#8221;, sagte Knaus dem <em>RND<\/em> am Donnerstag. Er f\u00fcgte hinzu:<\/p>\n<blockquote>\n<p><em>&#8220;Der Druck entsteht derzeit nicht durch illegale, sondern durch legale Migration. Neun von zehn Fl\u00fcchtlingen kommen aus der Ukraine.&#8221;<\/em><\/p>\n<\/blockquote>\n<p>Zu den Beratungen in Berlin hat Faeser Vertreter der sechs Westbalkan-Staaten Albanien, Bosnien-Herzegowina, Kosovo, Montenegro, Nordmazedonien und Serbien eingeladen. Dazu kamen Entsandte der EU sowie von Bulgarien, Frankreich, Griechenland, Italien, Kroatien, \u00d6sterreich, Polen, Slowenien, Tschechien und dem Vereinigten K\u00f6nigreich.\u00a0Am Freitag\u00a0treffen sich auch die Au\u00dfenminister zur Konferenz zum Westlichen Balkan in Berlin.<\/p>\n<p><strong>Mehr zum Thema<\/strong> \u2013 <a rel=\"nofollow noopener\" target=\"_blank\" href=\"https:\/\/de.rt.com\/meinung\/151778-donau-trio-serbien-ungarn-und\/\">Donau-Trio: Serbien, Ungarn und \u00d6sterreich beraten \u00fcber Gaskrise und Migration<\/a><\/p>\n<\/p>\n<p><em>(rt de\/dpa)<\/em><\/p>\n<\/div>\n<p><br \/>\n<br \/><a href=\"https:\/\/de.rt.com\/inland\/152165-bundesinnenministerin-faeser-will-balkanroute-trockenlegen\/\">Source link <\/a><\/p>\n","protected":false},"excerpt":{"rendered":"<p>Bundesinnenministerin Nancy Faeser (SPD) hat vor einer Konferenz mit Vertretern der Westbalkan-Staaten gefordert, die illegale Migration \u00fcber die sogenannte Balkanroute einzud\u00e4mmen. Man stehe in Europa gemeinsam in der Verantwortung, so die Ministerin. Zusammen mit den Westbalkan-Staaten will Bundesinnenministerin Nancy Faeser (SPD) die illegale Migration \u00fcber die sogenannte Balkanroute stoppen. Vor einer Konferenz mit Vertretern der [&hellip;]<\/p>\n","protected":false},"author":3,"featured_media":21487,"comment_status":"open","ping_status":"open","sticky":false,"template":"","format":"standard","meta":{"wp_automatic_camp":["217"],"d81f0fa751bb6de24076f0af9295ce16":["Innenministerin Faeser will illegale Migration \u00fcber die Balkanroute stoppen"],"original_link":["https:\/\/de.rt.com\/inland\/152165-bundesinnenministerin-faeser-will-balkanroute-trockenlegen\/"],"_thumbnail_id":["21487"],"_wptg_p2tg_sent2tg":["2022-10-21 16:21:05"],"jnews_social_counter_last_update":["1776491443"]},"categories":[19,23],"tags":[34401,45,16802,7462,4732,28536,19213,139],"yoast_head":"<!-- This site is optimized with the Yoast SEO Premium plugin v22.7 (Yoast SEO v22.7) - https:\/\/yoast.com\/wordpress\/plugins\/seo\/ -->\n<title>Innenministerin Faeser will illegale Migration \u00fcber die Balkanroute stoppen - just-now.NEWS Deutschland<\/title>\n<meta name=\"robots\" content=\"index, follow, max-snippet:-1, max-image-preview:large, max-video-preview:-1\" \/>\n<link rel=\"canonical\" href=\"https:\/\/now-news.de\/de\/deutschland\/innenministerin-faeser-will-illegale-migration-ueber-die-balkanroute-stoppen\/\" \/>\n<meta property=\"og:locale\" content=\"de_DE\" \/>\n<meta property=\"og:type\" content=\"article\" \/>\n<meta property=\"og:title\" content=\"Innenministerin Faeser will illegale Migration \u00fcber die Balkanroute stoppen\" \/>\n<meta property=\"og:description\" content=\"Bundesinnenministerin Nancy Faeser (SPD) hat vor einer Konferenz mit Vertretern der Westbalkan-Staaten gefordert, die illegale Migration \u00fcber die sogenannte Balkanroute einzud\u00e4mmen. Man stehe in Europa gemeinsam in der Verantwortung, so die Ministerin. Zusammen mit den Westbalkan-Staaten will Bundesinnenministerin Nancy Faeser (SPD) die illegale Migration \u00fcber die sogenannte Balkanroute stoppen. Vor einer Konferenz mit Vertretern der [&hellip;]\" \/>\n<meta property=\"og:url\" content=\"https:\/\/now-news.de\/de\/deutschland\/innenministerin-faeser-will-illegale-migration-ueber-die-balkanroute-stoppen\/\" \/>\n<meta property=\"og:site_name\" content=\"just-now.NEWS Deutschland\" \/>\n<meta property=\"article:publisher\" content=\"https:\/\/www.facebook.com\/wirmachenauf\" \/>\n<meta property=\"article:published_time\" content=\"2022-10-21T14:07:39+00:00\" \/>\n<meta property=\"og:image\" content=\"https:\/\/now-news.de\/de\/wp-content\/uploads\/sites\/3\/2022\/10\/Innenministerin-Faeser-will-illegale-Migration-ueber-die-Balkanroute-stoppen.jpg\" \/>\n\t<meta property=\"og:image:width\" content=\"460\" \/>\n\t<meta property=\"og:image:height\" content=\"259\" \/>\n\t<meta property=\"og:image:type\" content=\"image\/jpeg\" \/>\n<meta name=\"author\" content=\"rtnews\" \/>\n<meta name=\"twitter:card\" content=\"summary_large_image\" \/>\n<meta name=\"twitter:creator\" content=\"@WirMachenAuf_de\" \/>\n<meta name=\"twitter:site\" content=\"@WirMachenAuf_de\" \/>\n<meta name=\"twitter:label1\" content=\"Verfasst von\" \/>\n\t<meta name=\"twitter:data1\" content=\"rtnews\" \/>\n\t<meta name=\"twitter:label2\" content=\"Gesch\u00e4tzte Lesezeit\" \/>\n\t<meta name=\"twitter:data2\" content=\"2\u00a0Minuten\" \/>\n<script type=\"application\/ld+json\" class=\"yoast-schema-graph\">{\"@context\":\"https:\/\/schema.org\",\"@graph\":[{\"@type\":\"Article\",\"@id\":\"https:\/\/now-news.de\/de\/deutschland\/innenministerin-faeser-will-illegale-migration-ueber-die-balkanroute-stoppen\/#article\",\"isPartOf\":{\"@id\":\"https:\/\/now-news.de\/de\/deutschland\/innenministerin-faeser-will-illegale-migration-ueber-die-balkanroute-stoppen\/\"},\"author\":{\"name\":\"rtnews\",\"@id\":\"https:\/\/now-news.de\/de\/#\/schema\/person\/fb534a4e865501d8b3285208df34a9b5\"},\"headline\":\"Innenministerin Faeser will illegale Migration \u00fcber die Balkanroute stoppen\",\"datePublished\":\"2022-10-21T14:07:39+00:00\",\"dateModified\":\"2022-10-21T14:07:39+00:00\",\"mainEntityOfPage\":{\"@id\":\"https:\/\/now-news.de\/de\/deutschland\/innenministerin-faeser-will-illegale-migration-ueber-die-balkanroute-stoppen\/\"},\"wordCount\":418,\"commentCount\":0,\"publisher\":{\"@id\":\"https:\/\/now-news.de\/de\/#organization\"},\"image\":{\"@id\":\"https:\/\/now-news.de\/de\/deutschland\/innenministerin-faeser-will-illegale-migration-ueber-die-balkanroute-stoppen\/#primaryimage\"},\"thumbnailUrl\":\"https:\/\/now-news.de\/de\/wp-content\/uploads\/sites\/3\/2022\/10\/Innenministerin-Faeser-will-illegale-Migration-ueber-die-Balkanroute-stoppen.jpg\",\"keywords\":[\"Balkanroute\",\"die\",\"Faeser\",\"illegale\",\"Innenministerin\",\"Migration\",\"stoppen\",\"\u00fcber\"],\"articleSection\":[\"Deutschland\",\"Russland\"],\"inLanguage\":\"de\",\"potentialAction\":[{\"@type\":\"CommentAction\",\"name\":\"Comment\",\"target\":[\"https:\/\/now-news.de\/de\/deutschland\/innenministerin-faeser-will-illegale-migration-ueber-die-balkanroute-stoppen\/#respond\"]}]},{\"@type\":\"WebPage\",\"@id\":\"https:\/\/now-news.de\/de\/deutschland\/innenministerin-faeser-will-illegale-migration-ueber-die-balkanroute-stoppen\/\",\"url\":\"https:\/\/now-news.de\/de\/deutschland\/innenministerin-faeser-will-illegale-migration-ueber-die-balkanroute-stoppen\/\",\"name\":\"Innenministerin Faeser will illegale Migration \u00fcber die Balkanroute stoppen - just-now.NEWS Deutschland\",\"isPartOf\":{\"@id\":\"https:\/\/now-news.de\/de\/#website\"},\"primaryImageOfPage\":{\"@id\":\"https:\/\/now-news.de\/de\/deutschland\/innenministerin-faeser-will-illegale-migration-ueber-die-balkanroute-stoppen\/#primaryimage\"},\"image\":{\"@id\":\"https:\/\/now-news.de\/de\/deutschland\/innenministerin-faeser-will-illegale-migration-ueber-die-balkanroute-stoppen\/#primaryimage\"},\"thumbnailUrl\":\"https:\/\/now-news.de\/de\/wp-content\/uploads\/sites\/3\/2022\/10\/Innenministerin-Faeser-will-illegale-Migration-ueber-die-Balkanroute-stoppen.jpg\",\"datePublished\":\"2022-10-21T14:07:39+00:00\",\"dateModified\":\"2022-10-21T14:07:39+00:00\",\"breadcrumb\":{\"@id\":\"https:\/\/now-news.de\/de\/deutschland\/innenministerin-faeser-will-illegale-migration-ueber-die-balkanroute-stoppen\/#breadcrumb\"},\"inLanguage\":\"de\",\"potentialAction\":[{\"@type\":\"ReadAction\",\"target\":[\"https:\/\/now-news.de\/de\/deutschland\/innenministerin-faeser-will-illegale-migration-ueber-die-balkanroute-stoppen\/\"]}]},{\"@type\":\"ImageObject\",\"inLanguage\":\"de\",\"@id\":\"https:\/\/now-news.de\/de\/deutschland\/innenministerin-faeser-will-illegale-migration-ueber-die-balkanroute-stoppen\/#primaryimage\",\"url\":\"https:\/\/now-news.de\/de\/wp-content\/uploads\/sites\/3\/2022\/10\/Innenministerin-Faeser-will-illegale-Migration-ueber-die-Balkanroute-stoppen.jpg\",\"contentUrl\":\"https:\/\/now-news.de\/de\/wp-content\/uploads\/sites\/3\/2022\/10\/Innenministerin-Faeser-will-illegale-Migration-ueber-die-Balkanroute-stoppen.jpg\",\"width\":460,\"height\":259,\"caption\":\"Innenministerin Faeser will illegale Migration \u00fcber die Balkanroute stoppen\"},{\"@type\":\"BreadcrumbList\",\"@id\":\"https:\/\/now-news.de\/de\/deutschland\/innenministerin-faeser-will-illegale-migration-ueber-die-balkanroute-stoppen\/#breadcrumb\",\"itemListElement\":[{\"@type\":\"ListItem\",\"position\":1,\"name\":\"Home\",\"item\":\"https:\/\/now-news.de\/de\/\"},{\"@type\":\"ListItem\",\"position\":2,\"name\":\"Innenministerin Faeser will illegale Migration \u00fcber die Balkanroute stoppen\"}]},{\"@type\":\"WebSite\",\"@id\":\"https:\/\/now-news.de\/de\/#website\",\"url\":\"https:\/\/now-news.de\/de\/\",\"name\":\"just-now.NEWS Deutschland\",\"description\":\"Das Portal f\u00fcr unzensierte Nachrichten aus der Welt\",\"publisher\":{\"@id\":\"https:\/\/now-news.de\/de\/#organization\"},\"potentialAction\":[{\"@type\":\"SearchAction\",\"target\":{\"@type\":\"EntryPoint\",\"urlTemplate\":\"https:\/\/now-news.de\/de\/?s={search_term_string}\"},\"query-input\":\"required name=search_term_string\"}],\"inLanguage\":\"de\"},{\"@type\":\"Organization\",\"@id\":\"https:\/\/now-news.de\/de\/#organization\",\"name\":\"Just Now News\",\"url\":\"https:\/\/now-news.de\/de\/\",\"logo\":{\"@type\":\"ImageObject\",\"inLanguage\":\"de\",\"@id\":\"https:\/\/now-news.de\/de\/#\/schema\/logo\/image\/\",\"url\":\"http:\/\/just-now.news\/de\/wp-content\/uploads\/sites\/3\/2022\/04\/logo500x500.jpg\",\"contentUrl\":\"http:\/\/just-now.news\/de\/wp-content\/uploads\/sites\/3\/2022\/04\/logo500x500.jpg\",\"width\":500,\"height\":500,\"caption\":\"Just Now News\"},\"image\":{\"@id\":\"https:\/\/now-news.de\/de\/#\/schema\/logo\/image\/\"},\"sameAs\":[\"https:\/\/www.facebook.com\/wirmachenauf\",\"https:\/\/x.com\/WirMachenAuf_de\"]},{\"@type\":\"Person\",\"@id\":\"https:\/\/now-news.de\/de\/#\/schema\/person\/fb534a4e865501d8b3285208df34a9b5\",\"name\":\"rtnews\",\"image\":{\"@type\":\"ImageObject\",\"inLanguage\":\"de\",\"@id\":\"https:\/\/now-news.de\/de\/#\/schema\/person\/image\/\",\"url\":\"https:\/\/secure.gravatar.com\/avatar\/82aafea7d8127119dd649515f56e2117?s=96&d=mm&r=g\",\"contentUrl\":\"https:\/\/secure.gravatar.com\/avatar\/82aafea7d8127119dd649515f56e2117?s=96&d=mm&r=g\",\"caption\":\"rtnews\"},\"url\":\"https:\/\/now-news.de\/de\/author\/rnews\/\"}]}<\/script>\n<!-- \/ Yoast SEO Premium plugin. -->","yoast_head_json":{"title":"Innenministerin Faeser will illegale Migration \u00fcber die Balkanroute stoppen - just-now.NEWS Deutschland","robots":{"index":"index","follow":"follow","max-snippet":"max-snippet:-1","max-image-preview":"max-image-preview:large","max-video-preview":"max-video-preview:-1"},"canonical":"https:\/\/now-news.de\/de\/deutschland\/innenministerin-faeser-will-illegale-migration-ueber-die-balkanroute-stoppen\/","og_locale":"de_DE","og_type":"article","og_title":"Innenministerin Faeser will illegale Migration \u00fcber die Balkanroute stoppen","og_description":"Bundesinnenministerin Nancy Faeser (SPD) hat vor einer Konferenz mit Vertretern der Westbalkan-Staaten gefordert, die illegale Migration \u00fcber die sogenannte Balkanroute einzud\u00e4mmen. Man stehe in Europa gemeinsam in der Verantwortung, so die Ministerin. Zusammen mit den Westbalkan-Staaten will Bundesinnenministerin Nancy Faeser (SPD) die illegale Migration \u00fcber die sogenannte Balkanroute stoppen. Vor einer Konferenz mit Vertretern der [&hellip;]","og_url":"https:\/\/now-news.de\/de\/deutschland\/innenministerin-faeser-will-illegale-migration-ueber-die-balkanroute-stoppen\/","og_site_name":"just-now.NEWS Deutschland","article_publisher":"https:\/\/www.facebook.com\/wirmachenauf","article_published_time":"2022-10-21T14:07:39+00:00","og_image":[{"width":460,"height":259,"url":"https:\/\/now-news.de\/de\/wp-content\/uploads\/sites\/3\/2022\/10\/Innenministerin-Faeser-will-illegale-Migration-ueber-die-Balkanroute-stoppen.jpg","type":"image\/jpeg"}],"author":"rtnews","twitter_card":"summary_large_image","twitter_creator":"@WirMachenAuf_de","twitter_site":"@WirMachenAuf_de","twitter_misc":{"Verfasst von":"rtnews","Gesch\u00e4tzte Lesezeit":"2\u00a0Minuten"},"schema":{"@context":"https:\/\/schema.org","@graph":[{"@type":"Article","@id":"https:\/\/now-news.de\/de\/deutschland\/innenministerin-faeser-will-illegale-migration-ueber-die-balkanroute-stoppen\/#article","isPartOf":{"@id":"https:\/\/now-news.de\/de\/deutschland\/innenministerin-faeser-will-illegale-migration-ueber-die-balkanroute-stoppen\/"},"author":{"name":"rtnews","@id":"https:\/\/now-news.de\/de\/#\/schema\/person\/fb534a4e865501d8b3285208df34a9b5"},"headline":"Innenministerin Faeser will illegale Migration \u00fcber die Balkanroute stoppen","datePublished":"2022-10-21T14:07:39+00:00","dateModified":"2022-10-21T14:07:39+00:00","mainEntityOfPage":{"@id":"https:\/\/now-news.de\/de\/deutschland\/innenministerin-faeser-will-illegale-migration-ueber-die-balkanroute-stoppen\/"},"wordCount":418,"commentCount":0,"publisher":{"@id":"https:\/\/now-news.de\/de\/#organization"},"image":{"@id":"https:\/\/now-news.de\/de\/deutschland\/innenministerin-faeser-will-illegale-migration-ueber-die-balkanroute-stoppen\/#primaryimage"},"thumbnailUrl":"https:\/\/now-news.de\/de\/wp-content\/uploads\/sites\/3\/2022\/10\/Innenministerin-Faeser-will-illegale-Migration-ueber-die-Balkanroute-stoppen.jpg","keywords":["Balkanroute","die","Faeser","illegale","Innenministerin","Migration","stoppen","\u00fcber"],"articleSection":["Deutschland","Russland"],"inLanguage":"de","potentialAction":[{"@type":"CommentAction","name":"Comment","target":["https:\/\/now-news.de\/de\/deutschland\/innenministerin-faeser-will-illegale-migration-ueber-die-balkanroute-stoppen\/#respond"]}]},{"@type":"WebPage","@id":"https:\/\/now-news.de\/de\/deutschland\/innenministerin-faeser-will-illegale-migration-ueber-die-balkanroute-stoppen\/","url":"https:\/\/now-news.de\/de\/deutschland\/innenministerin-faeser-will-illegale-migration-ueber-die-balkanroute-stoppen\/","name":"Innenministerin Faeser will illegale Migration \u00fcber die Balkanroute stoppen - just-now.NEWS Deutschland","isPartOf":{"@id":"https:\/\/now-news.de\/de\/#website"},"primaryImageOfPage":{"@id":"https:\/\/now-news.de\/de\/deutschland\/innenministerin-faeser-will-illegale-migration-ueber-die-balkanroute-stoppen\/#primaryimage"},"image":{"@id":"https:\/\/now-news.de\/de\/deutschland\/innenministerin-faeser-will-illegale-migration-ueber-die-balkanroute-stoppen\/#primaryimage"},"thumbnailUrl":"https:\/\/now-news.de\/de\/wp-content\/uploads\/sites\/3\/2022\/10\/Innenministerin-Faeser-will-illegale-Migration-ueber-die-Balkanroute-stoppen.jpg","datePublished":"2022-10-21T14:07:39+00:00","dateModified":"2022-10-21T14:07:39+00:00","breadcrumb":{"@id":"https:\/\/now-news.de\/de\/deutschland\/innenministerin-faeser-will-illegale-migration-ueber-die-balkanroute-stoppen\/#breadcrumb"},"inLanguage":"de","potentialAction":[{"@type":"ReadAction","target":["https:\/\/now-news.de\/de\/deutschland\/innenministerin-faeser-will-illegale-migration-ueber-die-balkanroute-stoppen\/"]}]},{"@type":"ImageObject","inLanguage":"de","@id":"https:\/\/now-news.de\/de\/deutschland\/innenministerin-faeser-will-illegale-migration-ueber-die-balkanroute-stoppen\/#primaryimage","url":"https:\/\/now-news.de\/de\/wp-content\/uploads\/sites\/3\/2022\/10\/Innenministerin-Faeser-will-illegale-Migration-ueber-die-Balkanroute-stoppen.jpg","contentUrl":"https:\/\/now-news.de\/de\/wp-content\/uploads\/sites\/3\/2022\/10\/Innenministerin-Faeser-will-illegale-Migration-ueber-die-Balkanroute-stoppen.jpg","width":460,"height":259,"caption":"Innenministerin Faeser will illegale Migration \u00fcber die Balkanroute stoppen"},{"@type":"BreadcrumbList","@id":"https:\/\/now-news.de\/de\/deutschland\/innenministerin-faeser-will-illegale-migration-ueber-die-balkanroute-stoppen\/#breadcrumb","itemListElement":[{"@type":"ListItem","position":1,"name":"Home","item":"https:\/\/now-news.de\/de\/"},{"@type":"ListItem","position":2,"name":"Innenministerin Faeser will illegale Migration \u00fcber die Balkanroute stoppen"}]},{"@type":"WebSite","@id":"https:\/\/now-news.de\/de\/#website","url":"https:\/\/now-news.de\/de\/","name":"just-now.NEWS Deutschland","description":"Das Portal f\u00fcr unzensierte Nachrichten aus der Welt","publisher":{"@id":"https:\/\/now-news.de\/de\/#organization"},"potentialAction":[{"@type":"SearchAction","target":{"@type":"EntryPoint","urlTemplate":"https:\/\/now-news.de\/de\/?s={search_term_string}"},"query-input":"required name=search_term_string"}],"inLanguage":"de"},{"@type":"Organization","@id":"https:\/\/now-news.de\/de\/#organization","name":"Just Now News","url":"https:\/\/now-news.de\/de\/","logo":{"@type":"ImageObject","inLanguage":"de","@id":"https:\/\/now-news.de\/de\/#\/schema\/logo\/image\/","url":"http:\/\/just-now.news\/de\/wp-content\/uploads\/sites\/3\/2022\/04\/logo500x500.jpg","contentUrl":"http:\/\/just-now.news\/de\/wp-content\/uploads\/sites\/3\/2022\/04\/logo500x500.jpg","width":500,"height":500,"caption":"Just Now News"},"image":{"@id":"https:\/\/now-news.de\/de\/#\/schema\/logo\/image\/"},"sameAs":["https:\/\/www.facebook.com\/wirmachenauf","https:\/\/x.com\/WirMachenAuf_de"]},{"@type":"Person","@id":"https:\/\/now-news.de\/de\/#\/schema\/person\/fb534a4e865501d8b3285208df34a9b5","name":"rtnews","image":{"@type":"ImageObject","inLanguage":"de","@id":"https:\/\/now-news.de\/de\/#\/schema\/person\/image\/","url":"https:\/\/secure.gravatar.com\/avatar\/82aafea7d8127119dd649515f56e2117?s=96&d=mm&r=g","contentUrl":"https:\/\/secure.gravatar.com\/avatar\/82aafea7d8127119dd649515f56e2117?s=96&d=mm&r=g","caption":"rtnews"},"url":"https:\/\/now-news.de\/de\/author\/rnews\/"}]}},"_links":{"self":[{"href":"https:\/\/now-news.de\/de\/wp-json\/wp\/v2\/posts\/21486"}],"collection":[{"href":"https:\/\/now-news.de\/de\/wp-json\/wp\/v2\/posts"}],"about":[{"href":"https:\/\/now-news.de\/de\/wp-json\/wp\/v2\/types\/post"}],"author":[{"embeddable":true,"href":"https:\/\/now-news.de\/de\/wp-json\/wp\/v2\/users\/3"}],"replies":[{"embeddable":true,"href":"https:\/\/now-news.de\/de\/wp-json\/wp\/v2\/comments?post=21486"}],"version-history":[{"count":0,"href":"https:\/\/now-news.de\/de\/wp-json\/wp\/v2\/posts\/21486\/revisions"}],"wp:featuredmedia":[{"embeddable":true,"href":"https:\/\/now-news.de\/de\/wp-json\/wp\/v2\/media\/21487"}],"wp:attachment":[{"href":"https:\/\/now-news.de\/de\/wp-json\/wp\/v2\/media?parent=21486"}],"wp:term":[{"taxonomy":"category","embeddable":true,"href":"https:\/\/now-news.de\/de\/wp-json\/wp\/v2\/categories?post=21486"},{"taxonomy":"post_tag","embeddable":true,"href":"https:\/\/now-news.de\/de\/wp-json\/wp\/v2\/tags?post=21486"}],"curies":[{"name":"wp","href":"https:\/\/api.w.org\/{rel}","templated":true}]}}