{"id":21478,"date":"2022-10-21T13:59:33","date_gmt":"2022-10-21T11:59:33","guid":{"rendered":"http:\/\/just-now.news\/de\/deutschland\/sanktionen-aus-bruessel-ruinieren-uns-ungarn-trotz-eu-gaspreisdeckel\/"},"modified":"2022-10-21T13:59:33","modified_gmt":"2022-10-21T11:59:33","slug":"sanktionen-aus-bruessel-ruinieren-uns-ungarn-trotz-eu-gaspreisdeckel","status":"publish","type":"post","link":"https:\/\/now-news.de\/de\/deutschland\/sanktionen-aus-bruessel-ruinieren-uns-ungarn-trotz-eu-gaspreisdeckel\/","title":{"rendered":"&quot;Sanktionen aus Br\u00fcssel ruinieren uns&quot; \u2013 Ungarn trotz EU-Gaspreisdeckel"},"content":{"rendered":"<p><img decoding=\"async\" src=\"http:\/\/just-now.news\/de\/wp-content\/uploads\/sites\/3\/2022\/10\/63526f8f48fbef42ec67babe.jpg\" \/><\/p>\n<div class=\"Text-root Text-type_1 \">\n                Ungarns Ministerpr\u00e4sident Viktor Orb\u00e1n wird sein Land nicht an einen EU-Gaspreisdeckel binden. Dies biete Energiesicherheit und rette g\u00fcltige Gasvertr\u00e4ge, so der Politiker. Orban steht nicht allein. Der Unmut \u00fcber die EU-Gaspolitik w\u00e4chst.\n            <\/div>\n<p><\/p>\n<div class=\"Text-root Text-type_5 ArticleView-text ViewText-root \">\n<p>Ungarn schlie\u00dft\u00a0sich einem m\u00f6glichen EU-weiten Gaspreisdeckel nicht an. Der Ministerpr\u00e4sident des Landes Viktor Orb\u00e1n erreichte beim EU-Gipfel in Br\u00fcssel eine entsprechende Vereinbarung.<\/p>\n<p>Dem Politiker\u00a0zufolge k\u00f6nne eine Preisbeschr\u00e4nkung die langfristigen Vertr\u00e4ge mit dem russischen Gaskonzern Gazprom ung\u00fcltig machen. Dies w\u00fcrde bedeuten, Ungarn verliere auf einmal alle Gaslieferungen, was die Energiesicherheit des Landes bedrohe.\u00a0<\/p>\n<p>Orban betonte, ohne Unterst\u00fctzung weiterer L\u00e4nder w\u00e4re diese Einigung nicht m\u00f6glich gewesen.<\/p>\n<blockquote>\n<p><em>&#8220;Ungarn ist nicht allein, und uns ist es gelungen, eine gerechte Vereinbarung zu erreichen.&#8221;<\/em><\/p>\n<\/blockquote>\n<p>Der Ministerpr\u00e4sident f\u00fcgte hinzu, dass ein EU-weites System des gemeinsamen Gaseinkaufs sein Land nicht betreffen werde, deshalb blieben alle M\u00f6glichkeiten zum Gaseinkauf offen. Dies sei wichtig, da der Gaspreis in Ungarn nur dann niedrig bleibe, wenn mehrere Gaslieferanten auf dem Markt vorhanden seien.<\/p>\n<p>Vor dem Gipfel sagte Orb\u00e1n, ein Gaspreisdeckel bedeute f\u00fcr die EU ein Gasembargo und sei wirtschaftlicher Selbstmord, was der Ukraine auf keinem Fall zugute komme.<\/p>\n<p>Am Dienstag hatte die Europ\u00e4ische Kommission ein neues Ma\u00dfnahmenpaket vorgeschlagen, das\u00a0unter anderem\u00a0auf niedrigere Gaspreise abzielt. Das Paket sieht vor, einen gemeinsamen obligatorischen Gaseinkauf von 13,5 Milliarden Kubikmetern Gas durchzuf\u00fchren, um die Gasspeicher f\u00fcr den Winter 2023\/2024 zu f\u00fcllen.<\/p>\n<p>Im September hatte das ungarische Unternehmen MVM mit Gazprom zwei langfristige Vertr\u00e4ge geschlossen, die Lieferungen von insgesamt 4,5 Milliarden Kubikmetern Gas pro Jahr \u00fcber Gaspipelines in Serbien und \u00d6sterreich vorsehen. Ende August unterzeichnete Ungarn mit Gazprom einen weiteren Vertrag auf zwei Monate f\u00fcr Lieferungen von weiteren 5,8 Millionen Kubikmetern Gas pro Tag.<\/p>\n<p>Unterdessen sind in Budapest auf den Stra\u00dfen und in der U-Bahn k\u00fcrzlich Plakate aufgetaucht, wie die russische Nachrichtenagentur <em>RIA Nowosti<\/em> mitteilte. Die \u00dcberschriften lauten: &#8220;Sanktionen aus Br\u00fcssel ruinieren uns.&#8221; Auch die ungarische Regierung habe ein entsprechendes Foto auf Facebook ver\u00f6ffentlicht.<\/p>\n<p><strong>Mehr zum Thema<\/strong>\u00a0\u2013 <a rel=\"nofollow noopener\" target=\"_blank\" href=\"https:\/\/de.rt.com\/international\/151993-erdogan-bestatigt-vereinbarung-mit-putin\/\">Erdo\u011fan best\u00e4tigt Vereinbarung mit Putin: T\u00fcrkei soll zum Umschlagpunkt f\u00fcr Erdgas werden<\/a><\/p>\n<\/div>\n<p><br \/>\n<br \/><a href=\"https:\/\/de.rt.com\/europa\/152161-ungarns-orban-energiesicherheit\/\">Source link <\/a><\/p>\n","protected":false},"excerpt":{"rendered":"<p>Ungarns Ministerpr\u00e4sident Viktor Orb\u00e1n wird sein Land nicht an einen EU-Gaspreisdeckel binden. Dies biete Energiesicherheit und rette g\u00fcltige Gasvertr\u00e4ge, so der Politiker. Orban steht nicht allein. Der Unmut \u00fcber die EU-Gaspolitik w\u00e4chst. Ungarn schlie\u00dft\u00a0sich einem m\u00f6glichen EU-weiten Gaspreisdeckel nicht an. Der Ministerpr\u00e4sident des Landes Viktor Orb\u00e1n erreichte beim EU-Gipfel in Br\u00fcssel eine entsprechende Vereinbarung. Dem [&hellip;]<\/p>\n","protected":false},"author":3,"featured_media":21479,"comment_status":"open","ping_status":"open","sticky":false,"template":"","format":"standard","meta":{"wp_automatic_camp":["217"],"75135c165d8a073867fb6d335c97f84c":["&quot;Sanktionen aus Br\u00fcssel ruinieren uns&quot; \u2013 Ungarn trotz EU-Gaspreisdeckel"],"original_link":["https:\/\/de.rt.com\/europa\/152161-ungarns-orban-energiesicherheit\/"],"_thumbnail_id":["21479"],"_wptg_p2tg_sent2tg":["2022-10-21 14:11:22"],"jnews_social_counter_last_update":["1777262991"]},"categories":[19,23],"tags":[679,17026,34702,17399,11230,1381,11664,32318],"yoast_head":"<!-- This site is optimized with the Yoast SEO Premium plugin v22.7 (Yoast SEO v22.7) - https:\/\/yoast.com\/wordpress\/plugins\/seo\/ -->\n<title>&quot;Sanktionen aus Br\u00fcssel ruinieren uns&quot; \u2013 Ungarn trotz EU-Gaspreisdeckel - just-now.NEWS Deutschland<\/title>\n<meta name=\"robots\" content=\"index, follow, max-snippet:-1, max-image-preview:large, max-video-preview:-1\" \/>\n<link rel=\"canonical\" href=\"https:\/\/now-news.de\/de\/deutschland\/sanktionen-aus-bruessel-ruinieren-uns-ungarn-trotz-eu-gaspreisdeckel\/\" \/>\n<meta property=\"og:locale\" content=\"de_DE\" \/>\n<meta property=\"og:type\" content=\"article\" \/>\n<meta property=\"og:title\" content=\"&quot;Sanktionen aus Br\u00fcssel ruinieren uns&quot; \u2013 Ungarn trotz EU-Gaspreisdeckel\" \/>\n<meta property=\"og:description\" content=\"Ungarns Ministerpr\u00e4sident Viktor Orb\u00e1n wird sein Land nicht an einen EU-Gaspreisdeckel binden. Dies biete Energiesicherheit und rette g\u00fcltige Gasvertr\u00e4ge, so der Politiker. Orban steht nicht allein. Der Unmut \u00fcber die EU-Gaspolitik w\u00e4chst. Ungarn schlie\u00dft\u00a0sich einem m\u00f6glichen EU-weiten Gaspreisdeckel nicht an. Der Ministerpr\u00e4sident des Landes Viktor Orb\u00e1n erreichte beim EU-Gipfel in Br\u00fcssel eine entsprechende Vereinbarung. Dem [&hellip;]\" \/>\n<meta property=\"og:url\" content=\"https:\/\/now-news.de\/de\/deutschland\/sanktionen-aus-bruessel-ruinieren-uns-ungarn-trotz-eu-gaspreisdeckel\/\" \/>\n<meta property=\"og:site_name\" content=\"just-now.NEWS Deutschland\" \/>\n<meta property=\"article:publisher\" content=\"https:\/\/www.facebook.com\/wirmachenauf\" \/>\n<meta property=\"article:published_time\" content=\"2022-10-21T11:59:33+00:00\" \/>\n<meta property=\"og:image\" content=\"https:\/\/now-news.de\/de\/wp-content\/uploads\/sites\/3\/2022\/10\/quotSanktionen-aus-Bruessel-ruinieren-unsquot-\u2013-Ungarn-trotz-EU-Gaspreisdeckel.jpg\" \/>\n\t<meta property=\"og:image:width\" content=\"460\" \/>\n\t<meta property=\"og:image:height\" content=\"259\" \/>\n\t<meta property=\"og:image:type\" content=\"image\/jpeg\" \/>\n<meta name=\"author\" content=\"rtnews\" \/>\n<meta name=\"twitter:card\" content=\"summary_large_image\" \/>\n<meta name=\"twitter:creator\" content=\"@WirMachenAuf_de\" \/>\n<meta name=\"twitter:site\" content=\"@WirMachenAuf_de\" \/>\n<meta name=\"twitter:label1\" content=\"Verfasst von\" \/>\n\t<meta name=\"twitter:data1\" content=\"rtnews\" \/>\n\t<meta name=\"twitter:label2\" content=\"Gesch\u00e4tzte Lesezeit\" \/>\n\t<meta name=\"twitter:data2\" content=\"2\u00a0Minuten\" \/>\n<script type=\"application\/ld+json\" class=\"yoast-schema-graph\">{\"@context\":\"https:\/\/schema.org\",\"@graph\":[{\"@type\":\"Article\",\"@id\":\"https:\/\/now-news.de\/de\/deutschland\/sanktionen-aus-bruessel-ruinieren-uns-ungarn-trotz-eu-gaspreisdeckel\/#article\",\"isPartOf\":{\"@id\":\"https:\/\/now-news.de\/de\/deutschland\/sanktionen-aus-bruessel-ruinieren-uns-ungarn-trotz-eu-gaspreisdeckel\/\"},\"author\":{\"name\":\"rtnews\",\"@id\":\"https:\/\/now-news.de\/de\/#\/schema\/person\/fb534a4e865501d8b3285208df34a9b5\"},\"headline\":\"&quot;Sanktionen aus Br\u00fcssel ruinieren uns&quot; \u2013 Ungarn trotz EU-Gaspreisdeckel\",\"datePublished\":\"2022-10-21T11:59:33+00:00\",\"dateModified\":\"2022-10-21T11:59:33+00:00\",\"mainEntityOfPage\":{\"@id\":\"https:\/\/now-news.de\/de\/deutschland\/sanktionen-aus-bruessel-ruinieren-uns-ungarn-trotz-eu-gaspreisdeckel\/\"},\"wordCount\":376,\"commentCount\":0,\"publisher\":{\"@id\":\"https:\/\/now-news.de\/de\/#organization\"},\"image\":{\"@id\":\"https:\/\/now-news.de\/de\/deutschland\/sanktionen-aus-bruessel-ruinieren-uns-ungarn-trotz-eu-gaspreisdeckel\/#primaryimage\"},\"thumbnailUrl\":\"https:\/\/now-news.de\/de\/wp-content\/uploads\/sites\/3\/2022\/10\/quotSanktionen-aus-Bruessel-ruinieren-unsquot-\u2013-Ungarn-trotz-EU-Gaspreisdeckel.jpg\",\"keywords\":[\"aus\",\"Br\u00fcssel\",\"EUGaspreisdeckel\",\"quotSanktionen\",\"ruinieren\",\"Trotz\",\"Ungarn\",\"unsquot\"],\"articleSection\":[\"Deutschland\",\"Russland\"],\"inLanguage\":\"de\",\"potentialAction\":[{\"@type\":\"CommentAction\",\"name\":\"Comment\",\"target\":[\"https:\/\/now-news.de\/de\/deutschland\/sanktionen-aus-bruessel-ruinieren-uns-ungarn-trotz-eu-gaspreisdeckel\/#respond\"]}]},{\"@type\":\"WebPage\",\"@id\":\"https:\/\/now-news.de\/de\/deutschland\/sanktionen-aus-bruessel-ruinieren-uns-ungarn-trotz-eu-gaspreisdeckel\/\",\"url\":\"https:\/\/now-news.de\/de\/deutschland\/sanktionen-aus-bruessel-ruinieren-uns-ungarn-trotz-eu-gaspreisdeckel\/\",\"name\":\"&quot;Sanktionen aus Br\u00fcssel ruinieren uns&quot; \u2013 Ungarn trotz EU-Gaspreisdeckel - just-now.NEWS Deutschland\",\"isPartOf\":{\"@id\":\"https:\/\/now-news.de\/de\/#website\"},\"primaryImageOfPage\":{\"@id\":\"https:\/\/now-news.de\/de\/deutschland\/sanktionen-aus-bruessel-ruinieren-uns-ungarn-trotz-eu-gaspreisdeckel\/#primaryimage\"},\"image\":{\"@id\":\"https:\/\/now-news.de\/de\/deutschland\/sanktionen-aus-bruessel-ruinieren-uns-ungarn-trotz-eu-gaspreisdeckel\/#primaryimage\"},\"thumbnailUrl\":\"https:\/\/now-news.de\/de\/wp-content\/uploads\/sites\/3\/2022\/10\/quotSanktionen-aus-Bruessel-ruinieren-unsquot-\u2013-Ungarn-trotz-EU-Gaspreisdeckel.jpg\",\"datePublished\":\"2022-10-21T11:59:33+00:00\",\"dateModified\":\"2022-10-21T11:59:33+00:00\",\"breadcrumb\":{\"@id\":\"https:\/\/now-news.de\/de\/deutschland\/sanktionen-aus-bruessel-ruinieren-uns-ungarn-trotz-eu-gaspreisdeckel\/#breadcrumb\"},\"inLanguage\":\"de\",\"potentialAction\":[{\"@type\":\"ReadAction\",\"target\":[\"https:\/\/now-news.de\/de\/deutschland\/sanktionen-aus-bruessel-ruinieren-uns-ungarn-trotz-eu-gaspreisdeckel\/\"]}]},{\"@type\":\"ImageObject\",\"inLanguage\":\"de\",\"@id\":\"https:\/\/now-news.de\/de\/deutschland\/sanktionen-aus-bruessel-ruinieren-uns-ungarn-trotz-eu-gaspreisdeckel\/#primaryimage\",\"url\":\"https:\/\/now-news.de\/de\/wp-content\/uploads\/sites\/3\/2022\/10\/quotSanktionen-aus-Bruessel-ruinieren-unsquot-\u2013-Ungarn-trotz-EU-Gaspreisdeckel.jpg\",\"contentUrl\":\"https:\/\/now-news.de\/de\/wp-content\/uploads\/sites\/3\/2022\/10\/quotSanktionen-aus-Bruessel-ruinieren-unsquot-\u2013-Ungarn-trotz-EU-Gaspreisdeckel.jpg\",\"width\":460,\"height\":259,\"caption\":\"&quot;Sanktionen aus Br\u00fcssel ruinieren uns&quot; \u2013 Ungarn trotz EU-Gaspreisdeckel\"},{\"@type\":\"BreadcrumbList\",\"@id\":\"https:\/\/now-news.de\/de\/deutschland\/sanktionen-aus-bruessel-ruinieren-uns-ungarn-trotz-eu-gaspreisdeckel\/#breadcrumb\",\"itemListElement\":[{\"@type\":\"ListItem\",\"position\":1,\"name\":\"Home\",\"item\":\"https:\/\/now-news.de\/de\/\"},{\"@type\":\"ListItem\",\"position\":2,\"name\":\"&quot;Sanktionen aus Br\u00fcssel ruinieren uns&quot; \u2013 Ungarn trotz EU-Gaspreisdeckel\"}]},{\"@type\":\"WebSite\",\"@id\":\"https:\/\/now-news.de\/de\/#website\",\"url\":\"https:\/\/now-news.de\/de\/\",\"name\":\"just-now.NEWS Deutschland\",\"description\":\"Das Portal f\u00fcr unzensierte Nachrichten aus der Welt\",\"publisher\":{\"@id\":\"https:\/\/now-news.de\/de\/#organization\"},\"potentialAction\":[{\"@type\":\"SearchAction\",\"target\":{\"@type\":\"EntryPoint\",\"urlTemplate\":\"https:\/\/now-news.de\/de\/?s={search_term_string}\"},\"query-input\":\"required name=search_term_string\"}],\"inLanguage\":\"de\"},{\"@type\":\"Organization\",\"@id\":\"https:\/\/now-news.de\/de\/#organization\",\"name\":\"Just Now News\",\"url\":\"https:\/\/now-news.de\/de\/\",\"logo\":{\"@type\":\"ImageObject\",\"inLanguage\":\"de\",\"@id\":\"https:\/\/now-news.de\/de\/#\/schema\/logo\/image\/\",\"url\":\"http:\/\/just-now.news\/de\/wp-content\/uploads\/sites\/3\/2022\/04\/logo500x500.jpg\",\"contentUrl\":\"http:\/\/just-now.news\/de\/wp-content\/uploads\/sites\/3\/2022\/04\/logo500x500.jpg\",\"width\":500,\"height\":500,\"caption\":\"Just Now News\"},\"image\":{\"@id\":\"https:\/\/now-news.de\/de\/#\/schema\/logo\/image\/\"},\"sameAs\":[\"https:\/\/www.facebook.com\/wirmachenauf\",\"https:\/\/x.com\/WirMachenAuf_de\"]},{\"@type\":\"Person\",\"@id\":\"https:\/\/now-news.de\/de\/#\/schema\/person\/fb534a4e865501d8b3285208df34a9b5\",\"name\":\"rtnews\",\"image\":{\"@type\":\"ImageObject\",\"inLanguage\":\"de\",\"@id\":\"https:\/\/now-news.de\/de\/#\/schema\/person\/image\/\",\"url\":\"https:\/\/secure.gravatar.com\/avatar\/82aafea7d8127119dd649515f56e2117?s=96&d=mm&r=g\",\"contentUrl\":\"https:\/\/secure.gravatar.com\/avatar\/82aafea7d8127119dd649515f56e2117?s=96&d=mm&r=g\",\"caption\":\"rtnews\"},\"url\":\"https:\/\/now-news.de\/de\/author\/rnews\/\"}]}<\/script>\n<!-- \/ Yoast SEO Premium plugin. -->","yoast_head_json":{"title":"&quot;Sanktionen aus Br\u00fcssel ruinieren uns&quot; \u2013 Ungarn trotz EU-Gaspreisdeckel - just-now.NEWS Deutschland","robots":{"index":"index","follow":"follow","max-snippet":"max-snippet:-1","max-image-preview":"max-image-preview:large","max-video-preview":"max-video-preview:-1"},"canonical":"https:\/\/now-news.de\/de\/deutschland\/sanktionen-aus-bruessel-ruinieren-uns-ungarn-trotz-eu-gaspreisdeckel\/","og_locale":"de_DE","og_type":"article","og_title":"&quot;Sanktionen aus Br\u00fcssel ruinieren uns&quot; \u2013 Ungarn trotz EU-Gaspreisdeckel","og_description":"Ungarns Ministerpr\u00e4sident Viktor Orb\u00e1n wird sein Land nicht an einen EU-Gaspreisdeckel binden. Dies biete Energiesicherheit und rette g\u00fcltige Gasvertr\u00e4ge, so der Politiker. Orban steht nicht allein. Der Unmut \u00fcber die EU-Gaspolitik w\u00e4chst. Ungarn schlie\u00dft\u00a0sich einem m\u00f6glichen EU-weiten Gaspreisdeckel nicht an. Der Ministerpr\u00e4sident des Landes Viktor Orb\u00e1n erreichte beim EU-Gipfel in Br\u00fcssel eine entsprechende Vereinbarung. Dem [&hellip;]","og_url":"https:\/\/now-news.de\/de\/deutschland\/sanktionen-aus-bruessel-ruinieren-uns-ungarn-trotz-eu-gaspreisdeckel\/","og_site_name":"just-now.NEWS Deutschland","article_publisher":"https:\/\/www.facebook.com\/wirmachenauf","article_published_time":"2022-10-21T11:59:33+00:00","og_image":[{"width":460,"height":259,"url":"https:\/\/now-news.de\/de\/wp-content\/uploads\/sites\/3\/2022\/10\/quotSanktionen-aus-Bruessel-ruinieren-unsquot-\u2013-Ungarn-trotz-EU-Gaspreisdeckel.jpg","type":"image\/jpeg"}],"author":"rtnews","twitter_card":"summary_large_image","twitter_creator":"@WirMachenAuf_de","twitter_site":"@WirMachenAuf_de","twitter_misc":{"Verfasst von":"rtnews","Gesch\u00e4tzte Lesezeit":"2\u00a0Minuten"},"schema":{"@context":"https:\/\/schema.org","@graph":[{"@type":"Article","@id":"https:\/\/now-news.de\/de\/deutschland\/sanktionen-aus-bruessel-ruinieren-uns-ungarn-trotz-eu-gaspreisdeckel\/#article","isPartOf":{"@id":"https:\/\/now-news.de\/de\/deutschland\/sanktionen-aus-bruessel-ruinieren-uns-ungarn-trotz-eu-gaspreisdeckel\/"},"author":{"name":"rtnews","@id":"https:\/\/now-news.de\/de\/#\/schema\/person\/fb534a4e865501d8b3285208df34a9b5"},"headline":"&quot;Sanktionen aus Br\u00fcssel ruinieren uns&quot; \u2013 Ungarn trotz EU-Gaspreisdeckel","datePublished":"2022-10-21T11:59:33+00:00","dateModified":"2022-10-21T11:59:33+00:00","mainEntityOfPage":{"@id":"https:\/\/now-news.de\/de\/deutschland\/sanktionen-aus-bruessel-ruinieren-uns-ungarn-trotz-eu-gaspreisdeckel\/"},"wordCount":376,"commentCount":0,"publisher":{"@id":"https:\/\/now-news.de\/de\/#organization"},"image":{"@id":"https:\/\/now-news.de\/de\/deutschland\/sanktionen-aus-bruessel-ruinieren-uns-ungarn-trotz-eu-gaspreisdeckel\/#primaryimage"},"thumbnailUrl":"https:\/\/now-news.de\/de\/wp-content\/uploads\/sites\/3\/2022\/10\/quotSanktionen-aus-Bruessel-ruinieren-unsquot-\u2013-Ungarn-trotz-EU-Gaspreisdeckel.jpg","keywords":["aus","Br\u00fcssel","EUGaspreisdeckel","quotSanktionen","ruinieren","Trotz","Ungarn","unsquot"],"articleSection":["Deutschland","Russland"],"inLanguage":"de","potentialAction":[{"@type":"CommentAction","name":"Comment","target":["https:\/\/now-news.de\/de\/deutschland\/sanktionen-aus-bruessel-ruinieren-uns-ungarn-trotz-eu-gaspreisdeckel\/#respond"]}]},{"@type":"WebPage","@id":"https:\/\/now-news.de\/de\/deutschland\/sanktionen-aus-bruessel-ruinieren-uns-ungarn-trotz-eu-gaspreisdeckel\/","url":"https:\/\/now-news.de\/de\/deutschland\/sanktionen-aus-bruessel-ruinieren-uns-ungarn-trotz-eu-gaspreisdeckel\/","name":"&quot;Sanktionen aus Br\u00fcssel ruinieren uns&quot; \u2013 Ungarn trotz EU-Gaspreisdeckel - just-now.NEWS Deutschland","isPartOf":{"@id":"https:\/\/now-news.de\/de\/#website"},"primaryImageOfPage":{"@id":"https:\/\/now-news.de\/de\/deutschland\/sanktionen-aus-bruessel-ruinieren-uns-ungarn-trotz-eu-gaspreisdeckel\/#primaryimage"},"image":{"@id":"https:\/\/now-news.de\/de\/deutschland\/sanktionen-aus-bruessel-ruinieren-uns-ungarn-trotz-eu-gaspreisdeckel\/#primaryimage"},"thumbnailUrl":"https:\/\/now-news.de\/de\/wp-content\/uploads\/sites\/3\/2022\/10\/quotSanktionen-aus-Bruessel-ruinieren-unsquot-\u2013-Ungarn-trotz-EU-Gaspreisdeckel.jpg","datePublished":"2022-10-21T11:59:33+00:00","dateModified":"2022-10-21T11:59:33+00:00","breadcrumb":{"@id":"https:\/\/now-news.de\/de\/deutschland\/sanktionen-aus-bruessel-ruinieren-uns-ungarn-trotz-eu-gaspreisdeckel\/#breadcrumb"},"inLanguage":"de","potentialAction":[{"@type":"ReadAction","target":["https:\/\/now-news.de\/de\/deutschland\/sanktionen-aus-bruessel-ruinieren-uns-ungarn-trotz-eu-gaspreisdeckel\/"]}]},{"@type":"ImageObject","inLanguage":"de","@id":"https:\/\/now-news.de\/de\/deutschland\/sanktionen-aus-bruessel-ruinieren-uns-ungarn-trotz-eu-gaspreisdeckel\/#primaryimage","url":"https:\/\/now-news.de\/de\/wp-content\/uploads\/sites\/3\/2022\/10\/quotSanktionen-aus-Bruessel-ruinieren-unsquot-\u2013-Ungarn-trotz-EU-Gaspreisdeckel.jpg","contentUrl":"https:\/\/now-news.de\/de\/wp-content\/uploads\/sites\/3\/2022\/10\/quotSanktionen-aus-Bruessel-ruinieren-unsquot-\u2013-Ungarn-trotz-EU-Gaspreisdeckel.jpg","width":460,"height":259,"caption":"&quot;Sanktionen aus Br\u00fcssel ruinieren uns&quot; \u2013 Ungarn trotz EU-Gaspreisdeckel"},{"@type":"BreadcrumbList","@id":"https:\/\/now-news.de\/de\/deutschland\/sanktionen-aus-bruessel-ruinieren-uns-ungarn-trotz-eu-gaspreisdeckel\/#breadcrumb","itemListElement":[{"@type":"ListItem","position":1,"name":"Home","item":"https:\/\/now-news.de\/de\/"},{"@type":"ListItem","position":2,"name":"&quot;Sanktionen aus Br\u00fcssel ruinieren uns&quot; \u2013 Ungarn trotz EU-Gaspreisdeckel"}]},{"@type":"WebSite","@id":"https:\/\/now-news.de\/de\/#website","url":"https:\/\/now-news.de\/de\/","name":"just-now.NEWS Deutschland","description":"Das Portal f\u00fcr unzensierte Nachrichten aus der Welt","publisher":{"@id":"https:\/\/now-news.de\/de\/#organization"},"potentialAction":[{"@type":"SearchAction","target":{"@type":"EntryPoint","urlTemplate":"https:\/\/now-news.de\/de\/?s={search_term_string}"},"query-input":"required name=search_term_string"}],"inLanguage":"de"},{"@type":"Organization","@id":"https:\/\/now-news.de\/de\/#organization","name":"Just Now News","url":"https:\/\/now-news.de\/de\/","logo":{"@type":"ImageObject","inLanguage":"de","@id":"https:\/\/now-news.de\/de\/#\/schema\/logo\/image\/","url":"http:\/\/just-now.news\/de\/wp-content\/uploads\/sites\/3\/2022\/04\/logo500x500.jpg","contentUrl":"http:\/\/just-now.news\/de\/wp-content\/uploads\/sites\/3\/2022\/04\/logo500x500.jpg","width":500,"height":500,"caption":"Just Now News"},"image":{"@id":"https:\/\/now-news.de\/de\/#\/schema\/logo\/image\/"},"sameAs":["https:\/\/www.facebook.com\/wirmachenauf","https:\/\/x.com\/WirMachenAuf_de"]},{"@type":"Person","@id":"https:\/\/now-news.de\/de\/#\/schema\/person\/fb534a4e865501d8b3285208df34a9b5","name":"rtnews","image":{"@type":"ImageObject","inLanguage":"de","@id":"https:\/\/now-news.de\/de\/#\/schema\/person\/image\/","url":"https:\/\/secure.gravatar.com\/avatar\/82aafea7d8127119dd649515f56e2117?s=96&d=mm&r=g","contentUrl":"https:\/\/secure.gravatar.com\/avatar\/82aafea7d8127119dd649515f56e2117?s=96&d=mm&r=g","caption":"rtnews"},"url":"https:\/\/now-news.de\/de\/author\/rnews\/"}]}},"_links":{"self":[{"href":"https:\/\/now-news.de\/de\/wp-json\/wp\/v2\/posts\/21478"}],"collection":[{"href":"https:\/\/now-news.de\/de\/wp-json\/wp\/v2\/posts"}],"about":[{"href":"https:\/\/now-news.de\/de\/wp-json\/wp\/v2\/types\/post"}],"author":[{"embeddable":true,"href":"https:\/\/now-news.de\/de\/wp-json\/wp\/v2\/users\/3"}],"replies":[{"embeddable":true,"href":"https:\/\/now-news.de\/de\/wp-json\/wp\/v2\/comments?post=21478"}],"version-history":[{"count":0,"href":"https:\/\/now-news.de\/de\/wp-json\/wp\/v2\/posts\/21478\/revisions"}],"wp:featuredmedia":[{"embeddable":true,"href":"https:\/\/now-news.de\/de\/wp-json\/wp\/v2\/media\/21479"}],"wp:attachment":[{"href":"https:\/\/now-news.de\/de\/wp-json\/wp\/v2\/media?parent=21478"}],"wp:term":[{"taxonomy":"category","embeddable":true,"href":"https:\/\/now-news.de\/de\/wp-json\/wp\/v2\/categories?post=21478"},{"taxonomy":"post_tag","embeddable":true,"href":"https:\/\/now-news.de\/de\/wp-json\/wp\/v2\/tags?post=21478"}],"curies":[{"name":"wp","href":"https:\/\/api.w.org\/{rel}","templated":true}]}}