{"id":2147,"date":"2022-04-21T14:38:00","date_gmt":"2022-04-21T15:38:00","guid":{"rendered":"http:\/\/just-now.news\/de\/usa\/mexikanerin-stirbt-an-asphyxie-als-sie-die-grenzmauer-erklimmt-nachdem-sie-kopfueber-stecken-geblieben-ist\/"},"modified":"2022-04-21T14:38:00","modified_gmt":"2022-04-21T15:38:00","slug":"mexikanerin-stirbt-an-asphyxie-als-sie-die-grenzmauer-erklimmt-nachdem-sie-kopfueber-stecken-geblieben-ist","status":"publish","type":"post","link":"https:\/\/now-news.de\/de\/usa\/mexikanerin-stirbt-an-asphyxie-als-sie-die-grenzmauer-erklimmt-nachdem-sie-kopfueber-stecken-geblieben-ist\/","title":{"rendered":"Mexikanerin stirbt an Asphyxie, als sie die Grenzmauer erklimmt, nachdem sie kopf\u00fcber stecken geblieben ist"},"content":{"rendered":"<div class=\"entry-content\">\n<p><\/p>\n<p>Eine Mexikanerin starb an Erstickung, als sie bei dem Versuch, illegal in die Vereinigten Staaten einzureisen, \u00fcber einen Grenzzaun in Arizona kletterte.<\/p>\n<p>Bundesagenten fanden am 11. April die 32-j\u00e4hrige Griselda Verduzco Armenta, die an der US-Seite des 30 Fu\u00df hohen Grenzzauns aus Stahl hing.<\/p>\n<div id=\"IC1-ad\" class=\"sponsor IC1\">\n<p class=\"ad-notice flipboard-remove\" fl:fl-noexcerpt=\"true\">Werbung \u2013 die Geschichte geht unten weiter<\/p>\n<div id=\"IC1\">\n<script>\n\t\t\t\t\tif( FFADS.units.IC1 && FFADS.units.IC1.ad_type == 'custom' && FFADS.units.IC1.custom_ads && ! getCookie( 'ff_subbed' ) ) {\n\t\t\t\t\t\tdocument.getElementById( 'IC1' ).innerHTML = FFADS.units.IC1.custom_ads[0].code;\n\t\t\t\t\t\tif( ! FFADS.units.IC1.lazy_load ) eval( FFADS.units.IC1.custom_ads[0].rendering_script );\n\t\t\t\t\t}\n\t\t\t\t\telse if( FFADS.units.IC1 && ! getCookie( 'ff_subbed' ) ) {\n\t\t\t\t\t\tif( 'IC' != 'SB' && 'IC' != 'SA' && FFADS.use_fixed_containers ) {\n\t\t\t\t\t\t\tlet max_wh = firefly_size_list_to_max_wh( FFADS.units.IC1.sizes );\n\t\t\t\t\t\t\tlet el = document.querySelector( '#IC1' );\n\t\t\t\t\t\t\tif( 'IC' != 'SA' && FFADS.slide_pixels ) {\n\t\t\t\t\t\t\t\tmax_wh[1] += parseInt( FFADS.slide_pixels );\n\t\t\t\t\t\t\t\tel.classList.add( 'sliding' );\n\t\t\t\t\t\t\t}\n\t\t\t\t\t\t\tel.style.width = max_wh[0] + 'px';\n\t\t\t\t\t\t\tel.style.height = max_wh[1] + 'px';\n\t\t\t\t\t\t\tel.classList.add( 'fixed-size' );\n\t\t\t\t\t\t}\n\t\t\t\t\t\tgoogletag.cmd.push( function() {\n\t\t\t\t\t\t\tFFADS.debug( 'googletag.displaying IC1' );\n\t\t\t\t\t\t\tgoogletag.display( 'IC1' );\n\t\t\t\t\t\t} );\n\t\t\t\t\t}\n\t\t\t\t\telse {\n\t\t\t\t\t\tdocument.querySelector( '#IC1-ad' ).style.display = 'none';}\n\t\t\t\t<\/script><\/div>\n<\/div>\n<p>Berichten zufolge benutzte die Frau eine Leiter, um auf die Spitze des Zauns zu klettern, aber auf dem Weg nach unten verhedderte sich ein Geschirr, das sie trug, wodurch sie stecken blieb und erstickte, w\u00e4hrend sie kopf\u00fcber hing.<\/p>\n<p><img decoding=\"async\" loading=\"lazy\" class=\"alignnone size-full wp-image-725253\" src=\"http:\/\/just-now.news\/de\/wp-content\/uploads\/sites\/3\/2022\/04\/1650555811_983_Mexikanerin-stirbt-an-Asphyxie-als-sie-die-Grenzmauer-erklimmt-nachdem.jpg\" alt=\"\" width=\"571\" height=\"690\"><\/p>\n<p><script>\n\t\t\t\t\tif( ! getCookie( 'ff_subbed' ) ) if( typeof FFADS.replace_ict != 'undefined' ) if( FFADS.replace_ict ) eval( FFADS.replace_ict );\n\t\t\t\t<\/script><\/p>\n<p>Laut dem Sheriff-B\u00fcro von Cochise County kletterte Armenta \u201eauf die Spitze der internationalen Grenzmauer, und als sie versuchte, mit einem Gurt \u00e4hnlich dem Abseilen auf die US-Seite hinunterzuman\u00f6vrieren, verhedderte sich ihr Fu\u00df\/Bein und sie wurde kopf\u00fcber f\u00fcr einen eingeklemmt erheblichen Zeitaufwand.\u201c<\/p>\n<p>In einem Interview mit Telemundo behauptete Verduzcos Cousin, Kojoten, Migrantenschmuggler, h\u00e4tten ihr beim \u00dcberqueren der Grenze geholfen, sie aber verlassen, als ihr Fu\u00df und ihr Bein eingeklemmt wurden.<\/p>\n<div id=\"IC2-ad\" class=\"sponsor IC2\">\n<p class=\"ad-notice flipboard-remove\" fl:fl-noexcerpt=\"true\">Werbung \u2013 die Geschichte geht unten weiter<\/p>\n<div id=\"IC2\">\n<script>\n\t\t\t\t\tif( FFADS.units.IC2 && FFADS.units.IC2.ad_type == 'custom' && FFADS.units.IC2.custom_ads && ! getCookie( 'ff_subbed' ) ) {\n\t\t\t\t\t\tdocument.getElementById( 'IC2' ).innerHTML = FFADS.units.IC2.custom_ads[0].code;\n\t\t\t\t\t\tif( ! FFADS.units.IC2.lazy_load ) eval( FFADS.units.IC2.custom_ads[0].rendering_script );\n\t\t\t\t\t}\n\t\t\t\t\telse if( FFADS.units.IC2 && ! getCookie( 'ff_subbed' ) ) {\n\t\t\t\t\t\tif( 'IC' != 'SB' && 'IC' != 'SA' && FFADS.use_fixed_containers ) {\n\t\t\t\t\t\t\tlet max_wh = firefly_size_list_to_max_wh( FFADS.units.IC2.sizes );\n\t\t\t\t\t\t\tlet el = document.querySelector( '#IC2' );\n\t\t\t\t\t\t\tif( 'IC' != 'SA' && FFADS.slide_pixels ) {\n\t\t\t\t\t\t\t\tmax_wh[1] += parseInt( FFADS.slide_pixels );\n\t\t\t\t\t\t\t\tel.classList.add( 'sliding' );\n\t\t\t\t\t\t\t}\n\t\t\t\t\t\t\tel.style.width = max_wh[0] + 'px';\n\t\t\t\t\t\t\tel.style.height = max_wh[1] + 'px';\n\t\t\t\t\t\t\tel.classList.add( 'fixed-size' );\n\t\t\t\t\t\t}\n\t\t\t\t\t\tgoogletag.cmd.push( function() {\n\t\t\t\t\t\t\tFFADS.debug( 'googletag.displaying IC2' );\n\t\t\t\t\t\t\tgoogletag.display( 'IC2' );\n\t\t\t\t\t\t} );\n\t\t\t\t\t}\n\t\t\t\t\telse {\n\t\t\t\t\t\tdocument.querySelector( '#IC2-ad' ).style.display = 'none';}\n\t\t\t\t<\/script><\/div>\n<\/div>\n<p class=\"dcr-xry7m2\">\u201eDie Kojoten haben versucht und versucht, sie herunterzuholen, aber es gelang ihnen nicht\u201c, sagte der Verwandte.  \u201eUnd, naja, sie haben sie zu ihrer eigenen Sicherheit dort gelassen, auch das, glaube ich [immigration authorities] w\u00fcrde sie nicht verhaften.  Und sie lie\u00dfen sie dort h\u00e4ngen \u2013 sie lebte noch.\u201c<\/p>\n<p>Verduzco, die zwei T\u00f6chter hinterl\u00e4sst, eine Einj\u00e4hrige und eine Neunj\u00e4hrige, habe zuvor versucht, illegal in die USA einzureisen, um sich einen \u201ehartn\u00e4ckigen Traum\u201c zu erf\u00fcllen und ihren Kindern eine bessere Zukunft zu sichern, so ihre Cousine weiter.<\/p>\n<p>\u201eMan sagt, dort ist es besser und so\u201c, sagte der Verwandte.  \u201eAber ich sage nein.\u201c<\/p>\n<div class=\"jeg_video_container jeg_video_content\"><iframe loading=\"lazy\" title=\"Un familiar habla de la mexicana que muri\u00f3 colgada del muro | Noticias Telemundo\" width=\"500\" height=\"281\" src=\"https:\/\/www.youtube.com\/embed\/W39Je92mxzk?feature=oembed\" frameborder=\"0\" allow=\"accelerometer; autoplay; clipboard-write; encrypted-media; gyroscope; picture-in-picture; web-share\" referrerpolicy=\"strict-origin-when-cross-origin\" allowfullscreen><\/iframe><\/div>\n<p>Versuche, Verduzco wiederzubeleben, schlugen fehl und sie wurde in ein Krankenhaus in Bisbee, Arizona, gebracht, wo sie bei ihrer Ankunft f\u00fcr tot erkl\u00e4rt wurde.<\/p>\n<div id=\"IC3-ad\" class=\"sponsor IC3\">\n<p class=\"ad-notice flipboard-remove\" fl:fl-noexcerpt=\"true\">Werbung \u2013 die Geschichte geht unten weiter<\/p>\n<div id=\"IC3\">\n<script>\n\t\t\t\t\tif( FFADS.units.IC3 && FFADS.units.IC3.ad_type == 'custom' && FFADS.units.IC3.custom_ads && ! getCookie( 'ff_subbed' ) ) {\n\t\t\t\t\t\tdocument.getElementById( 'IC3' ).innerHTML = FFADS.units.IC3.custom_ads[0].code;\n\t\t\t\t\t\tif( ! FFADS.units.IC3.lazy_load ) eval( FFADS.units.IC3.custom_ads[0].rendering_script );\n\t\t\t\t\t}\n\t\t\t\t\telse if( FFADS.units.IC3 && ! getCookie( 'ff_subbed' ) ) {\n\t\t\t\t\t\tif( 'IC' != 'SB' && 'IC' != 'SA' && FFADS.use_fixed_containers ) {\n\t\t\t\t\t\t\tlet max_wh = firefly_size_list_to_max_wh( FFADS.units.IC3.sizes );\n\t\t\t\t\t\t\tlet el = document.querySelector( '#IC3' );\n\t\t\t\t\t\t\tif( 'IC' != 'SA' && FFADS.slide_pixels ) {\n\t\t\t\t\t\t\t\tmax_wh[1] += parseInt( FFADS.slide_pixels );\n\t\t\t\t\t\t\t\tel.classList.add( 'sliding' );\n\t\t\t\t\t\t\t}\n\t\t\t\t\t\t\tel.style.width = max_wh[0] + 'px';\n\t\t\t\t\t\t\tel.style.height = max_wh[1] + 'px';\n\t\t\t\t\t\t\tel.classList.add( 'fixed-size' );\n\t\t\t\t\t\t}\n\t\t\t\t\t\tgoogletag.cmd.push( function() {\n\t\t\t\t\t\t\tFFADS.debug( 'googletag.displaying IC3' );\n\t\t\t\t\t\t\tgoogletag.display( 'IC3' );\n\t\t\t\t\t\t} );\n\t\t\t\t\t}\n\t\t\t\t\telse {\n\t\t\t\t\t\tdocument.querySelector( '#IC3-ad' ).style.display = 'none';}\n\t\t\t\t<\/script><\/div>\n<\/div>\n<p>Nach einer Autopsie stellte ein \u00f6rtlicher Gerichtsmediziner fest, dass sie an Erstickung gestorben war, weil sie l\u00e4ngere Zeit kopf\u00fcber aufgeh\u00e4ngt war.<\/p>\n<p>Der Sheriff von Cochise County, Mark Dannels, gab eine Erkl\u00e4rung heraus, in der er warnte: \u201eDiese Art von Vorf\u00e4llen ist nicht politisch.\u201c<\/p>\n<p>\u201eEs sind humanit\u00e4re Realit\u00e4ten, dass jemand einen geliebten Menschen in einer sinnlosen Trag\u00f6die verloren hat.  Wir m\u00fcssen besser werden, um L\u00f6sungen f\u00fcr die Herausforderungen an unserer Grenze zu finden, und wir m\u00fcssen dies aus den richtigen Gr\u00fcnden tun\u201c, sagte Dannels.  \u201eUngeachtet der Meinungen sind es die Fakten, die unseren Fortschritt bestimmen sollten, und wir werden weiter auf ein gemeinsames Ziel der Grenzsicherheit und -sicherheit hinarbeiten.\u201c<\/p>\n<p>Unterdessen hei\u00dft die Biden-Administration mit ihrer Politik der offenen Grenzen weiterhin illegale Einwanderer im Land willkommen.<\/p>\n<div id=\"IC4-ad\" class=\"sponsor IC4\">\n<p class=\"ad-notice flipboard-remove\" fl:fl-noexcerpt=\"true\">Werbung \u2013 die Geschichte geht unten weiter<\/p>\n<div id=\"IC4\">\n<script>\n\t\t\t\t\tif( FFADS.units.IC4 && FFADS.units.IC4.ad_type == 'custom' && FFADS.units.IC4.custom_ads && ! getCookie( 'ff_subbed' ) ) {\n\t\t\t\t\t\tdocument.getElementById( 'IC4' ).innerHTML = FFADS.units.IC4.custom_ads[0].code;\n\t\t\t\t\t\tif( ! FFADS.units.IC4.lazy_load ) eval( FFADS.units.IC4.custom_ads[0].rendering_script );\n\t\t\t\t\t}\n\t\t\t\t\telse if( FFADS.units.IC4 && ! getCookie( 'ff_subbed' ) ) {\n\t\t\t\t\t\tif( 'IC' != 'SB' && 'IC' != 'SA' && FFADS.use_fixed_containers ) {\n\t\t\t\t\t\t\tlet max_wh = firefly_size_list_to_max_wh( FFADS.units.IC4.sizes );\n\t\t\t\t\t\t\tlet el = document.querySelector( '#IC4' );\n\t\t\t\t\t\t\tif( 'IC' != 'SA' && FFADS.slide_pixels ) {\n\t\t\t\t\t\t\t\tmax_wh[1] += parseInt( FFADS.slide_pixels );\n\t\t\t\t\t\t\t\tel.classList.add( 'sliding' );\n\t\t\t\t\t\t\t}\n\t\t\t\t\t\t\tel.style.width = max_wh[0] + 'px';\n\t\t\t\t\t\t\tel.style.height = max_wh[1] + 'px';\n\t\t\t\t\t\t\tel.classList.add( 'fixed-size' );\n\t\t\t\t\t\t}\n\t\t\t\t\t\tgoogletag.cmd.push( function() {\n\t\t\t\t\t\t\tFFADS.debug( 'googletag.displaying IC4' );\n\t\t\t\t\t\t\tgoogletag.display( 'IC4' );\n\t\t\t\t\t\t} );\n\t\t\t\t\t}\n\t\t\t\t\telse {\n\t\t\t\t\t\tdocument.querySelector( '#IC4-ad' ).style.display = 'none';}\n\t\t\t\t<\/script><\/div>\n<\/div>\n<p>Nach Angaben der US-Einwanderungs- und Zollbeh\u00f6rde wurden im Gesch\u00e4ftsjahr 2021, Bidens erstem Amtsjahr, insgesamt 59.011 Einwanderungss\u00fcnder aus den Vereinigten Staaten abgeschoben.  Im Gesch\u00e4ftsjahr 2020 wurden insgesamt 185.884 Einwanderungsverletzer abgeschoben, was einem R\u00fcckgang der Abschiebungen um etwa 70 Prozent in nur einem Jahr entspricht.  Der R\u00fcckgang der Abschiebungen unter der Biden-Regierung wird durch die Tatsache verst\u00e4rkt, dass Donald Trump in den ersten vier Monaten des Gesch\u00e4ftsjahres 2021 noch im Amt war, als etwa 28.000 Abschiebungen stattfanden.<\/p>\n<p class=\"article-ask\"><span class=\"ask\"><script>\n  if( getParameterByName( \"utm_source\" ) == \"testpage\" ) {\n    !function(e,t,a,n,g){e[n]=e[n]||[],e[n].push({\"gtm.start\":(new Date).getTime(),event:\"gtm.js\"});var m=t.getElementsByTagName(a)[0],r=t.createElement(a);r.async=!0,r.src=\"https:\/\/www.googletagmanager.com\/gtm.js?id=GTM-PL4PD49\",m.parentNode.insertBefore(r,m)}(window.parent,window.parent.document,\"script\",\"dataLayer\");\n    var iframe=window.parent.document.createElement(\"iframe\");iframe.src=\"https:\/\/www.googletagmanager.com\/ns.html?id=GTM-PL4PD49\";iframe.height=\"0\";iframe.width=\"0\";iframe.style=\"display:none;visibility:hidden\";window.parent.document.body.appendChild(iframe);\n    window.parent[\"$$mm-analytics\"] = window.parent[\"$$mm-analytics\"] || {};if (typeof window.parent[\"$$mm-analytics\"].firstEmbed === \"undefined\") {window.parent[\"$$mm-analytics\"].firstEmbed = Date.now();}\n    let as1 = document.createElement( \"script\" );\n    as1.src = \"https:\/\/bucket1.mm-syringe.com\/prod\/configs\/ee2300c8-43d2-7f0b-dac0-40aaf31c9d3d.js\";\n    document.body.appendChild( as1 );\n    let as2 = document.createElement( \"script\" );\n    as2.src = \"https:\/\/bucket1.mm-syringe.com\/prod\/injector\/injector.1.5.3.js\";\n    document.body.appendChild( as2 );\n  }\n<\/script><\/p>\n<div class=\"apester-media\" data-token=\"5f10a39f94902bc81d3d59a7\" data-context=\"true\" data-tags=\"\" data-fallback=\"true\" height=\"350\"><\/div>\n<p><script id=\"apester_script\" src=\"https:\/\/static.apester.com\/js\/sdk\/latest\/apester-sdk.js\" async><\/script><script async src=\"https:\/\/www.googletagmanager.com\/gtag\/js?id=G-EFE91RJVSQ\"><\/script><script>\n  window.dataLayer = window.dataLayer || [];\n  function gtag(){dataLayer.push(arguments);}\n  gtag(\\'js\\', new Date());\n  gtag(\\'config\\', \\'G-EFE91RJVSQ\\');\n<\/script><\/span><\/p>\n<\/div>\n<p><br \/>\n<br \/><a href=\"https:\/\/www.thegatewaypundit.com\/2022\/04\/mexican-woman-dies-asphyxia-climbing-border-wall-getting-stuck-upside\/\">Source link <\/a><\/p>\n","protected":false},"excerpt":{"rendered":"<p>Eine Mexikanerin starb an Erstickung, als sie bei dem Versuch, illegal in die Vereinigten Staaten einzureisen, \u00fcber einen Grenzzaun in Arizona kletterte. Bundesagenten fanden am 11. April die 32-j\u00e4hrige Griselda Verduzco Armenta, die an der US-Seite des 30 Fu\u00df hohen Grenzzauns aus Stahl hing. Werbung \u2013 die Geschichte geht unten weiter Berichten zufolge benutzte die [&hellip;]<\/p>\n","protected":false},"author":5,"featured_media":2148,"comment_status":"open","ping_status":"open","sticky":false,"template":"","format":"standard","meta":{"_oembed_c8f6b06c63722e622eda39ac8ddcd254":["<iframe title=\"Un familiar habla de la mexicana que muri\u00f3 colgada del muro | Noticias Telemundo\" width=\"500\" height=\"281\" src=\"https:\/\/www.youtube.com\/embed\/W39Je92mxzk?feature=oembed\" frameborder=\"0\" allow=\"accelerometer; autoplay; clipboard-write; encrypted-media; gyroscope; picture-in-picture\" allowfullscreen><\/iframe>"],"_oembed_time_c8f6b06c63722e622eda39ac8ddcd254":["1650555812"],"wp_automatic_camp":["1161"],"d1a2b2be442a5a4ef2b526b4b525cf43":["Mexikanerin stirbt an Asphyxie, als sie die Grenzmauer erklimmt, nachdem sie kopf\u00fcber stecken geblieben ist\n"],"original_link":["https:\/\/www.thegatewaypundit.com\/2022\/04\/mexican-woman-dies-asphyxia-climbing-border-wall-getting-stuck-upside\/"],"_thumbnail_id":["2148"],"wp_automatic_remove_first_image":["yes"],"_wptg_p2tg_sent2tg":["2022-04-21 14:44:23"],"jnews_social_counter_last_update":["1777671531"],"_oembed_b7734ec0f6f2a770b6abfd9618770c30":["<iframe title=\"Un familiar habla de la mexicana que muri\u00f3 colgada del muro | Noticias Telemundo\" width=\"500\" height=\"281\" src=\"https:\/\/www.youtube.com\/embed\/W39Je92mxzk?feature=oembed\" frameborder=\"0\" allow=\"accelerometer; autoplay; clipboard-write; encrypted-media; gyroscope; picture-in-picture; web-share\" referrerpolicy=\"strict-origin-when-cross-origin\" allowfullscreen><\/iframe>"],"_oembed_time_b7734ec0f6f2a770b6abfd9618770c30":["1717192661"]},"categories":[25],"tags":[273,6144,45,6146,6149,6145,414,6147,6142,3835,527,6148,6143],"yoast_head":"<!-- This site is optimized with the Yoast SEO Premium plugin v22.7 (Yoast SEO v22.7) - https:\/\/yoast.com\/wordpress\/plugins\/seo\/ -->\n<title>Mexikanerin stirbt an Asphyxie, als sie die Grenzmauer erklimmt, nachdem sie kopf\u00fcber stecken geblieben ist - just-now.NEWS Deutschland<\/title>\n<meta name=\"robots\" content=\"index, follow, max-snippet:-1, max-image-preview:large, max-video-preview:-1\" \/>\n<link rel=\"canonical\" href=\"https:\/\/now-news.de\/de\/usa\/mexikanerin-stirbt-an-asphyxie-als-sie-die-grenzmauer-erklimmt-nachdem-sie-kopfueber-stecken-geblieben-ist\/\" \/>\n<meta property=\"og:locale\" content=\"de_DE\" \/>\n<meta property=\"og:type\" content=\"article\" \/>\n<meta property=\"og:title\" content=\"Mexikanerin stirbt an Asphyxie, als sie die Grenzmauer erklimmt, nachdem sie kopf\u00fcber stecken geblieben ist\" \/>\n<meta property=\"og:description\" content=\"Eine Mexikanerin starb an Erstickung, als sie bei dem Versuch, illegal in die Vereinigten Staaten einzureisen, \u00fcber einen Grenzzaun in Arizona kletterte. Bundesagenten fanden am 11. April die 32-j\u00e4hrige Griselda Verduzco Armenta, die an der US-Seite des 30 Fu\u00df hohen Grenzzauns aus Stahl hing. Werbung \u2013 die Geschichte geht unten weiter Berichten zufolge benutzte die [&hellip;]\" \/>\n<meta property=\"og:url\" content=\"https:\/\/now-news.de\/de\/usa\/mexikanerin-stirbt-an-asphyxie-als-sie-die-grenzmauer-erklimmt-nachdem-sie-kopfueber-stecken-geblieben-ist\/\" \/>\n<meta property=\"og:site_name\" content=\"just-now.NEWS Deutschland\" \/>\n<meta property=\"article:publisher\" content=\"https:\/\/www.facebook.com\/wirmachenauf\" \/>\n<meta property=\"article:published_time\" content=\"2022-04-21T15:38:00+00:00\" \/>\n<meta property=\"og:image\" content=\"https:\/\/now-news.de\/de\/wp-content\/uploads\/sites\/3\/2022\/04\/Mexikanerin-stirbt-an-Asphyxie-als-sie-die-Grenzmauer-erklimmt-nachdem.jpg\" \/>\n\t<meta property=\"og:image:width\" content=\"1600\" \/>\n\t<meta property=\"og:image:height\" content=\"900\" \/>\n\t<meta property=\"og:image:type\" content=\"image\/jpeg\" \/>\n<meta name=\"author\" content=\"greatreset\" \/>\n<meta name=\"twitter:card\" content=\"summary_large_image\" \/>\n<meta name=\"twitter:creator\" content=\"@WirMachenAuf_de\" \/>\n<meta name=\"twitter:site\" content=\"@WirMachenAuf_de\" \/>\n<meta name=\"twitter:label1\" content=\"Verfasst von\" \/>\n\t<meta name=\"twitter:data1\" content=\"greatreset\" \/>\n\t<meta name=\"twitter:label2\" content=\"Gesch\u00e4tzte Lesezeit\" \/>\n\t<meta name=\"twitter:data2\" content=\"3\u00a0Minuten\" \/>\n<script type=\"application\/ld+json\" class=\"yoast-schema-graph\">{\"@context\":\"https:\/\/schema.org\",\"@graph\":[{\"@type\":\"Article\",\"@id\":\"https:\/\/now-news.de\/de\/usa\/mexikanerin-stirbt-an-asphyxie-als-sie-die-grenzmauer-erklimmt-nachdem-sie-kopfueber-stecken-geblieben-ist\/#article\",\"isPartOf\":{\"@id\":\"https:\/\/now-news.de\/de\/usa\/mexikanerin-stirbt-an-asphyxie-als-sie-die-grenzmauer-erklimmt-nachdem-sie-kopfueber-stecken-geblieben-ist\/\"},\"author\":{\"name\":\"greatreset\",\"@id\":\"https:\/\/now-news.de\/de\/#\/schema\/person\/8afb4cd92b68572db7902c13a349ffcb\"},\"headline\":\"Mexikanerin stirbt an Asphyxie, als sie die Grenzmauer erklimmt, nachdem sie kopf\u00fcber stecken geblieben ist\",\"datePublished\":\"2022-04-21T15:38:00+00:00\",\"dateModified\":\"2022-04-21T15:38:00+00:00\",\"mainEntityOfPage\":{\"@id\":\"https:\/\/now-news.de\/de\/usa\/mexikanerin-stirbt-an-asphyxie-als-sie-die-grenzmauer-erklimmt-nachdem-sie-kopfueber-stecken-geblieben-ist\/\"},\"wordCount\":559,\"commentCount\":0,\"publisher\":{\"@id\":\"https:\/\/now-news.de\/de\/#organization\"},\"image\":{\"@id\":\"https:\/\/now-news.de\/de\/usa\/mexikanerin-stirbt-an-asphyxie-als-sie-die-grenzmauer-erklimmt-nachdem-sie-kopfueber-stecken-geblieben-ist\/#primaryimage\"},\"thumbnailUrl\":\"https:\/\/now-news.de\/de\/wp-content\/uploads\/sites\/3\/2022\/04\/Mexikanerin-stirbt-an-Asphyxie-als-sie-die-Grenzmauer-erklimmt-nachdem.jpg\",\"keywords\":[\"als\",\"Asphyxie\",\"die\",\"erklimmt\",\"geblieben\",\"Grenzmauer\",\"ist\",\"kopf\u00fcber\",\"Mexikanerin\",\"nachdem\",\"Sie\",\"stecken\",\"stirbt\"],\"articleSection\":[\"USA\"],\"inLanguage\":\"de\",\"potentialAction\":[{\"@type\":\"CommentAction\",\"name\":\"Comment\",\"target\":[\"https:\/\/now-news.de\/de\/usa\/mexikanerin-stirbt-an-asphyxie-als-sie-die-grenzmauer-erklimmt-nachdem-sie-kopfueber-stecken-geblieben-ist\/#respond\"]}]},{\"@type\":\"WebPage\",\"@id\":\"https:\/\/now-news.de\/de\/usa\/mexikanerin-stirbt-an-asphyxie-als-sie-die-grenzmauer-erklimmt-nachdem-sie-kopfueber-stecken-geblieben-ist\/\",\"url\":\"https:\/\/now-news.de\/de\/usa\/mexikanerin-stirbt-an-asphyxie-als-sie-die-grenzmauer-erklimmt-nachdem-sie-kopfueber-stecken-geblieben-ist\/\",\"name\":\"Mexikanerin stirbt an Asphyxie, als sie die Grenzmauer erklimmt, nachdem sie kopf\u00fcber stecken geblieben ist - just-now.NEWS Deutschland\",\"isPartOf\":{\"@id\":\"https:\/\/now-news.de\/de\/#website\"},\"primaryImageOfPage\":{\"@id\":\"https:\/\/now-news.de\/de\/usa\/mexikanerin-stirbt-an-asphyxie-als-sie-die-grenzmauer-erklimmt-nachdem-sie-kopfueber-stecken-geblieben-ist\/#primaryimage\"},\"image\":{\"@id\":\"https:\/\/now-news.de\/de\/usa\/mexikanerin-stirbt-an-asphyxie-als-sie-die-grenzmauer-erklimmt-nachdem-sie-kopfueber-stecken-geblieben-ist\/#primaryimage\"},\"thumbnailUrl\":\"https:\/\/now-news.de\/de\/wp-content\/uploads\/sites\/3\/2022\/04\/Mexikanerin-stirbt-an-Asphyxie-als-sie-die-Grenzmauer-erklimmt-nachdem.jpg\",\"datePublished\":\"2022-04-21T15:38:00+00:00\",\"dateModified\":\"2022-04-21T15:38:00+00:00\",\"breadcrumb\":{\"@id\":\"https:\/\/now-news.de\/de\/usa\/mexikanerin-stirbt-an-asphyxie-als-sie-die-grenzmauer-erklimmt-nachdem-sie-kopfueber-stecken-geblieben-ist\/#breadcrumb\"},\"inLanguage\":\"de\",\"potentialAction\":[{\"@type\":\"ReadAction\",\"target\":[\"https:\/\/now-news.de\/de\/usa\/mexikanerin-stirbt-an-asphyxie-als-sie-die-grenzmauer-erklimmt-nachdem-sie-kopfueber-stecken-geblieben-ist\/\"]}]},{\"@type\":\"ImageObject\",\"inLanguage\":\"de\",\"@id\":\"https:\/\/now-news.de\/de\/usa\/mexikanerin-stirbt-an-asphyxie-als-sie-die-grenzmauer-erklimmt-nachdem-sie-kopfueber-stecken-geblieben-ist\/#primaryimage\",\"url\":\"https:\/\/now-news.de\/de\/wp-content\/uploads\/sites\/3\/2022\/04\/Mexikanerin-stirbt-an-Asphyxie-als-sie-die-Grenzmauer-erklimmt-nachdem.jpg\",\"contentUrl\":\"https:\/\/now-news.de\/de\/wp-content\/uploads\/sites\/3\/2022\/04\/Mexikanerin-stirbt-an-Asphyxie-als-sie-die-Grenzmauer-erklimmt-nachdem.jpg\",\"width\":1600,\"height\":900},{\"@type\":\"BreadcrumbList\",\"@id\":\"https:\/\/now-news.de\/de\/usa\/mexikanerin-stirbt-an-asphyxie-als-sie-die-grenzmauer-erklimmt-nachdem-sie-kopfueber-stecken-geblieben-ist\/#breadcrumb\",\"itemListElement\":[{\"@type\":\"ListItem\",\"position\":1,\"name\":\"Home\",\"item\":\"https:\/\/now-news.de\/de\/\"},{\"@type\":\"ListItem\",\"position\":2,\"name\":\"Mexikanerin stirbt an Asphyxie, als sie die Grenzmauer erklimmt, nachdem sie kopf\u00fcber stecken geblieben ist\"}]},{\"@type\":\"WebSite\",\"@id\":\"https:\/\/now-news.de\/de\/#website\",\"url\":\"https:\/\/now-news.de\/de\/\",\"name\":\"just-now.NEWS Deutschland\",\"description\":\"Das Portal f\u00fcr unzensierte Nachrichten aus der Welt\",\"publisher\":{\"@id\":\"https:\/\/now-news.de\/de\/#organization\"},\"potentialAction\":[{\"@type\":\"SearchAction\",\"target\":{\"@type\":\"EntryPoint\",\"urlTemplate\":\"https:\/\/now-news.de\/de\/?s={search_term_string}\"},\"query-input\":\"required name=search_term_string\"}],\"inLanguage\":\"de\"},{\"@type\":\"Organization\",\"@id\":\"https:\/\/now-news.de\/de\/#organization\",\"name\":\"Just Now News\",\"url\":\"https:\/\/now-news.de\/de\/\",\"logo\":{\"@type\":\"ImageObject\",\"inLanguage\":\"de\",\"@id\":\"https:\/\/now-news.de\/de\/#\/schema\/logo\/image\/\",\"url\":\"http:\/\/just-now.news\/de\/wp-content\/uploads\/sites\/3\/2022\/04\/logo500x500.jpg\",\"contentUrl\":\"http:\/\/just-now.news\/de\/wp-content\/uploads\/sites\/3\/2022\/04\/logo500x500.jpg\",\"width\":500,\"height\":500,\"caption\":\"Just Now News\"},\"image\":{\"@id\":\"https:\/\/now-news.de\/de\/#\/schema\/logo\/image\/\"},\"sameAs\":[\"https:\/\/www.facebook.com\/wirmachenauf\",\"https:\/\/x.com\/WirMachenAuf_de\"]},{\"@type\":\"Person\",\"@id\":\"https:\/\/now-news.de\/de\/#\/schema\/person\/8afb4cd92b68572db7902c13a349ffcb\",\"name\":\"greatreset\",\"image\":{\"@type\":\"ImageObject\",\"inLanguage\":\"de\",\"@id\":\"https:\/\/now-news.de\/de\/#\/schema\/person\/image\/\",\"url\":\"https:\/\/secure.gravatar.com\/avatar\/a088df625d49991c090e78c8b9542592?s=96&d=mm&r=g\",\"contentUrl\":\"https:\/\/secure.gravatar.com\/avatar\/a088df625d49991c090e78c8b9542592?s=96&d=mm&r=g\",\"caption\":\"greatreset\"},\"url\":\"https:\/\/now-news.de\/de\/author\/greatreset\/\"}]}<\/script>\n<!-- \/ Yoast SEO Premium plugin. -->","yoast_head_json":{"title":"Mexikanerin stirbt an Asphyxie, als sie die Grenzmauer erklimmt, nachdem sie kopf\u00fcber stecken geblieben ist - just-now.NEWS Deutschland","robots":{"index":"index","follow":"follow","max-snippet":"max-snippet:-1","max-image-preview":"max-image-preview:large","max-video-preview":"max-video-preview:-1"},"canonical":"https:\/\/now-news.de\/de\/usa\/mexikanerin-stirbt-an-asphyxie-als-sie-die-grenzmauer-erklimmt-nachdem-sie-kopfueber-stecken-geblieben-ist\/","og_locale":"de_DE","og_type":"article","og_title":"Mexikanerin stirbt an Asphyxie, als sie die Grenzmauer erklimmt, nachdem sie kopf\u00fcber stecken geblieben ist","og_description":"Eine Mexikanerin starb an Erstickung, als sie bei dem Versuch, illegal in die Vereinigten Staaten einzureisen, \u00fcber einen Grenzzaun in Arizona kletterte. Bundesagenten fanden am 11. April die 32-j\u00e4hrige Griselda Verduzco Armenta, die an der US-Seite des 30 Fu\u00df hohen Grenzzauns aus Stahl hing. Werbung \u2013 die Geschichte geht unten weiter Berichten zufolge benutzte die [&hellip;]","og_url":"https:\/\/now-news.de\/de\/usa\/mexikanerin-stirbt-an-asphyxie-als-sie-die-grenzmauer-erklimmt-nachdem-sie-kopfueber-stecken-geblieben-ist\/","og_site_name":"just-now.NEWS Deutschland","article_publisher":"https:\/\/www.facebook.com\/wirmachenauf","article_published_time":"2022-04-21T15:38:00+00:00","og_image":[{"width":1600,"height":900,"url":"https:\/\/now-news.de\/de\/wp-content\/uploads\/sites\/3\/2022\/04\/Mexikanerin-stirbt-an-Asphyxie-als-sie-die-Grenzmauer-erklimmt-nachdem.jpg","type":"image\/jpeg"}],"author":"greatreset","twitter_card":"summary_large_image","twitter_creator":"@WirMachenAuf_de","twitter_site":"@WirMachenAuf_de","twitter_misc":{"Verfasst von":"greatreset","Gesch\u00e4tzte Lesezeit":"3\u00a0Minuten"},"schema":{"@context":"https:\/\/schema.org","@graph":[{"@type":"Article","@id":"https:\/\/now-news.de\/de\/usa\/mexikanerin-stirbt-an-asphyxie-als-sie-die-grenzmauer-erklimmt-nachdem-sie-kopfueber-stecken-geblieben-ist\/#article","isPartOf":{"@id":"https:\/\/now-news.de\/de\/usa\/mexikanerin-stirbt-an-asphyxie-als-sie-die-grenzmauer-erklimmt-nachdem-sie-kopfueber-stecken-geblieben-ist\/"},"author":{"name":"greatreset","@id":"https:\/\/now-news.de\/de\/#\/schema\/person\/8afb4cd92b68572db7902c13a349ffcb"},"headline":"Mexikanerin stirbt an Asphyxie, als sie die Grenzmauer erklimmt, nachdem sie kopf\u00fcber stecken geblieben ist","datePublished":"2022-04-21T15:38:00+00:00","dateModified":"2022-04-21T15:38:00+00:00","mainEntityOfPage":{"@id":"https:\/\/now-news.de\/de\/usa\/mexikanerin-stirbt-an-asphyxie-als-sie-die-grenzmauer-erklimmt-nachdem-sie-kopfueber-stecken-geblieben-ist\/"},"wordCount":559,"commentCount":0,"publisher":{"@id":"https:\/\/now-news.de\/de\/#organization"},"image":{"@id":"https:\/\/now-news.de\/de\/usa\/mexikanerin-stirbt-an-asphyxie-als-sie-die-grenzmauer-erklimmt-nachdem-sie-kopfueber-stecken-geblieben-ist\/#primaryimage"},"thumbnailUrl":"https:\/\/now-news.de\/de\/wp-content\/uploads\/sites\/3\/2022\/04\/Mexikanerin-stirbt-an-Asphyxie-als-sie-die-Grenzmauer-erklimmt-nachdem.jpg","keywords":["als","Asphyxie","die","erklimmt","geblieben","Grenzmauer","ist","kopf\u00fcber","Mexikanerin","nachdem","Sie","stecken","stirbt"],"articleSection":["USA"],"inLanguage":"de","potentialAction":[{"@type":"CommentAction","name":"Comment","target":["https:\/\/now-news.de\/de\/usa\/mexikanerin-stirbt-an-asphyxie-als-sie-die-grenzmauer-erklimmt-nachdem-sie-kopfueber-stecken-geblieben-ist\/#respond"]}]},{"@type":"WebPage","@id":"https:\/\/now-news.de\/de\/usa\/mexikanerin-stirbt-an-asphyxie-als-sie-die-grenzmauer-erklimmt-nachdem-sie-kopfueber-stecken-geblieben-ist\/","url":"https:\/\/now-news.de\/de\/usa\/mexikanerin-stirbt-an-asphyxie-als-sie-die-grenzmauer-erklimmt-nachdem-sie-kopfueber-stecken-geblieben-ist\/","name":"Mexikanerin stirbt an Asphyxie, als sie die Grenzmauer erklimmt, nachdem sie kopf\u00fcber stecken geblieben ist - just-now.NEWS Deutschland","isPartOf":{"@id":"https:\/\/now-news.de\/de\/#website"},"primaryImageOfPage":{"@id":"https:\/\/now-news.de\/de\/usa\/mexikanerin-stirbt-an-asphyxie-als-sie-die-grenzmauer-erklimmt-nachdem-sie-kopfueber-stecken-geblieben-ist\/#primaryimage"},"image":{"@id":"https:\/\/now-news.de\/de\/usa\/mexikanerin-stirbt-an-asphyxie-als-sie-die-grenzmauer-erklimmt-nachdem-sie-kopfueber-stecken-geblieben-ist\/#primaryimage"},"thumbnailUrl":"https:\/\/now-news.de\/de\/wp-content\/uploads\/sites\/3\/2022\/04\/Mexikanerin-stirbt-an-Asphyxie-als-sie-die-Grenzmauer-erklimmt-nachdem.jpg","datePublished":"2022-04-21T15:38:00+00:00","dateModified":"2022-04-21T15:38:00+00:00","breadcrumb":{"@id":"https:\/\/now-news.de\/de\/usa\/mexikanerin-stirbt-an-asphyxie-als-sie-die-grenzmauer-erklimmt-nachdem-sie-kopfueber-stecken-geblieben-ist\/#breadcrumb"},"inLanguage":"de","potentialAction":[{"@type":"ReadAction","target":["https:\/\/now-news.de\/de\/usa\/mexikanerin-stirbt-an-asphyxie-als-sie-die-grenzmauer-erklimmt-nachdem-sie-kopfueber-stecken-geblieben-ist\/"]}]},{"@type":"ImageObject","inLanguage":"de","@id":"https:\/\/now-news.de\/de\/usa\/mexikanerin-stirbt-an-asphyxie-als-sie-die-grenzmauer-erklimmt-nachdem-sie-kopfueber-stecken-geblieben-ist\/#primaryimage","url":"https:\/\/now-news.de\/de\/wp-content\/uploads\/sites\/3\/2022\/04\/Mexikanerin-stirbt-an-Asphyxie-als-sie-die-Grenzmauer-erklimmt-nachdem.jpg","contentUrl":"https:\/\/now-news.de\/de\/wp-content\/uploads\/sites\/3\/2022\/04\/Mexikanerin-stirbt-an-Asphyxie-als-sie-die-Grenzmauer-erklimmt-nachdem.jpg","width":1600,"height":900},{"@type":"BreadcrumbList","@id":"https:\/\/now-news.de\/de\/usa\/mexikanerin-stirbt-an-asphyxie-als-sie-die-grenzmauer-erklimmt-nachdem-sie-kopfueber-stecken-geblieben-ist\/#breadcrumb","itemListElement":[{"@type":"ListItem","position":1,"name":"Home","item":"https:\/\/now-news.de\/de\/"},{"@type":"ListItem","position":2,"name":"Mexikanerin stirbt an Asphyxie, als sie die Grenzmauer erklimmt, nachdem sie kopf\u00fcber stecken geblieben ist"}]},{"@type":"WebSite","@id":"https:\/\/now-news.de\/de\/#website","url":"https:\/\/now-news.de\/de\/","name":"just-now.NEWS Deutschland","description":"Das Portal f\u00fcr unzensierte Nachrichten aus der Welt","publisher":{"@id":"https:\/\/now-news.de\/de\/#organization"},"potentialAction":[{"@type":"SearchAction","target":{"@type":"EntryPoint","urlTemplate":"https:\/\/now-news.de\/de\/?s={search_term_string}"},"query-input":"required name=search_term_string"}],"inLanguage":"de"},{"@type":"Organization","@id":"https:\/\/now-news.de\/de\/#organization","name":"Just Now News","url":"https:\/\/now-news.de\/de\/","logo":{"@type":"ImageObject","inLanguage":"de","@id":"https:\/\/now-news.de\/de\/#\/schema\/logo\/image\/","url":"http:\/\/just-now.news\/de\/wp-content\/uploads\/sites\/3\/2022\/04\/logo500x500.jpg","contentUrl":"http:\/\/just-now.news\/de\/wp-content\/uploads\/sites\/3\/2022\/04\/logo500x500.jpg","width":500,"height":500,"caption":"Just Now News"},"image":{"@id":"https:\/\/now-news.de\/de\/#\/schema\/logo\/image\/"},"sameAs":["https:\/\/www.facebook.com\/wirmachenauf","https:\/\/x.com\/WirMachenAuf_de"]},{"@type":"Person","@id":"https:\/\/now-news.de\/de\/#\/schema\/person\/8afb4cd92b68572db7902c13a349ffcb","name":"greatreset","image":{"@type":"ImageObject","inLanguage":"de","@id":"https:\/\/now-news.de\/de\/#\/schema\/person\/image\/","url":"https:\/\/secure.gravatar.com\/avatar\/a088df625d49991c090e78c8b9542592?s=96&d=mm&r=g","contentUrl":"https:\/\/secure.gravatar.com\/avatar\/a088df625d49991c090e78c8b9542592?s=96&d=mm&r=g","caption":"greatreset"},"url":"https:\/\/now-news.de\/de\/author\/greatreset\/"}]}},"_links":{"self":[{"href":"https:\/\/now-news.de\/de\/wp-json\/wp\/v2\/posts\/2147"}],"collection":[{"href":"https:\/\/now-news.de\/de\/wp-json\/wp\/v2\/posts"}],"about":[{"href":"https:\/\/now-news.de\/de\/wp-json\/wp\/v2\/types\/post"}],"author":[{"embeddable":true,"href":"https:\/\/now-news.de\/de\/wp-json\/wp\/v2\/users\/5"}],"replies":[{"embeddable":true,"href":"https:\/\/now-news.de\/de\/wp-json\/wp\/v2\/comments?post=2147"}],"version-history":[{"count":0,"href":"https:\/\/now-news.de\/de\/wp-json\/wp\/v2\/posts\/2147\/revisions"}],"wp:featuredmedia":[{"embeddable":true,"href":"https:\/\/now-news.de\/de\/wp-json\/wp\/v2\/media\/2148"}],"wp:attachment":[{"href":"https:\/\/now-news.de\/de\/wp-json\/wp\/v2\/media?parent=2147"}],"wp:term":[{"taxonomy":"category","embeddable":true,"href":"https:\/\/now-news.de\/de\/wp-json\/wp\/v2\/categories?post=2147"},{"taxonomy":"post_tag","embeddable":true,"href":"https:\/\/now-news.de\/de\/wp-json\/wp\/v2\/tags?post=2147"}],"curies":[{"name":"wp","href":"https:\/\/api.w.org\/{rel}","templated":true}]}}