{"id":21419,"date":"2022-10-20T18:14:45","date_gmt":"2022-10-20T16:14:45","guid":{"rendered":"http:\/\/just-now.news\/de\/deutschland\/long-covid-medien-zerreissen-doku-des-tv-mediziners-eckart-von-hirschhausen\/"},"modified":"2022-10-20T18:14:45","modified_gmt":"2022-10-20T16:14:45","slug":"long-covid-medien-zerreissen-doku-des-tv-mediziners-eckart-von-hirschhausen","status":"publish","type":"post","link":"https:\/\/now-news.de\/de\/deutschland\/long-covid-medien-zerreissen-doku-des-tv-mediziners-eckart-von-hirschhausen\/","title":{"rendered":"Long COVID: Medien zerrei\u00dfen Doku des TV-Mediziners Eckart von Hirschhausen"},"content":{"rendered":"<p><img decoding=\"async\" src=\"http:\/\/just-now.news\/de\/wp-content\/uploads\/sites\/3\/2022\/10\/6351421ab480cc6fd252872d.jpg\" \/><\/p>\n<p>Der TV-Moderator und Arzt Dr. Eckart von Hirschhausen unterzog sich erfolgreich einer Blutw\u00e4schebehandlung bei Dr. Beate J\u00e4ger in M\u00fclheim an der Ruhr. Seine Blutgerinnsel wurden rausgefiltert. Das berichtet der bekannte TV-Mediziner in seinem Film &#8220;Hirschhausen und Long Covid \u2013 Die Pandemie der Unbehandelten&#8221;.<\/p>\n<p>Die <em>ARD<\/em>&#8211;<a rel=\"nofollow noopener\" target=\"_blank\" href=\"https:\/\/www.daserste.de\/information\/ratgeber-service\/hirschhausens-check-up\/sendung\/hirschhausen-und-long-covid-100.html\">Dokumentation<\/a> vom 17. Oktober 2022 versucht, den Symptomen, Ursachen und Behandlungsm\u00f6glichkeiten beim sogenannten Long-COVID-Syndrom auf die Spur zu kommen. Mittlerweile gebe es in Deutschland Hunderttausende solcher F\u00e4lle, die verzweifelt von Arzt und Arzt z\u00f6gen, so Hirschhausen. Oftmals werde ihnen eine psychische Erkrankung unterstellt. Mancher Patient sei sogar schon zwangseingewiesen worden. Es gebe eine \u00c4rztin in M\u00fclheim an der Ruhr, die durch Blutw\u00e4schebehandlungen die Blutverklumpungen der Patienten filtere. In der Doku schildern Patienten, dass sich ihre Symptome danach besserten.<\/p>\n<p>Bei seiner Recherche st\u00f6\u00dft der Arzt aber auch auf Menschen, bei denen die Long-COVID-Erkrankung sich nur als Folge der Impfung erkl\u00e4ren lie\u00dfe. Sie seien nachweislich nie an COVID-19 erkrankt, und ihre &#8220;Long COVID&#8221;-Symptome seien im zeitlichen Zusammenhang mit einer Corona-Impfung entstanden.<\/p>\n<p><strong>Die Medien unterstellen falsche Heilsversprechen<\/strong><\/p>\n<p>In den Tagen nach der Ausstrahlung der Dokumentation wird der sonst so beliebte TV-Moderator und Mediziner medial unisono von Kritik \u00fcberzogen.<\/p>\n<p>So <a rel=\"nofollow noopener\" target=\"_blank\" href=\"https:\/\/www.welt.de\/politik\/deutschland\/plus241629837\/Umstrittene-Long-Covid-Therapie-Hirschhausens-Werbesendung-fuer-die-Blutwaesche.html\">betitelt <\/a>die <em>Welt<\/em> ihre Kritik &#8220;Hirschhausens Werbesendung f\u00fcr die Blutw\u00e4sche&#8221; und schreibt:<\/p>\n<p>&#8220;Dabei wirft er s\u00e4mtliche journalistische Prinzipien \u00fcber Bord und preist eine zweifelhafte Behandlungsmethode an.&#8221;<\/p>\n<p>Die <em>Tagesschau<\/em>\u00a0<a rel=\"nofollow noopener\" target=\"_blank\" href=\"https:\/\/www.tagesschau.de\/wissen\/gesundheit\/long-covid-blutwaesche-101.html\">beruft <\/a>sich auf Kritiker der von Hirschhausen recherchierten Methode, die vor &#8220;Gesch\u00e4ftemacherei&#8221; warnten. Zudem l\u00e4sst sie Hirschhausens Reportage mit der Einordnung &#8220;Die \u00c4rztin schildert im Film nahezu biblische Heilungen&#8221; unglaubw\u00fcrdig erscheinen.<strong><\/strong><\/p>\n<p>Der Film bereite ihr wirklich Bauchschmerzen, <a rel=\"nofollow noopener\" target=\"_blank\" href=\"https:\/\/www.rnd.de\/gesundheit\/blutwaesche-therapie-gegen-long-covid-kritik-an-eckart-von-hirschhausens-ard-doku-und-help-apherese-VKL4P4GGQJALBPQCMWZ7KRSAWI.html\">zitiert<\/a> das <em>Redaktionsnetzwerk Deutschland<\/em> die Leiterin der Immundefekt-Ambulanz an der Berliner Charit\u00e9, Carmen Scheibenbogen.\u00a0<\/p>\n<p>&#8220;Ich habe Sorge, dass der Film dazu f\u00fchren wird, dass viele Patienten in ihrer Verzweiflung Geld in die Hand nehmen und sich eine HELP-Apherese (Blutw\u00e4sche) machen lassen&#8221;, bef\u00fcrchtete die \u00c4rztin. &#8220;Da hat sich ein Markt entwickelt.&#8221;<\/p>\n<p>Dabei fokussiert sich alle Kritik auf die von Hirschhausen vorgestellte Blutw\u00e4schebehandlung. Sie unterstellen ihm Werbung f\u00fcr eine zweifelhafte Methode, schlechten Journalismus und uneinl\u00f6sbare Heilsversprechen. \u00a0<\/p>\n<p>In dem Kritiker-Get\u00f6se scheint vollkommen unterzugehen, dass Hirschhausen bei seiner Recherche auch auf ein Ph\u00e4nomen st\u00f6\u00dft, das von den Medien bisher so gut wie gar nicht beleuchtet wurde: Es gibt Patienten, die die Long-COVID-Symptome von der Impfung bekommen. Man k\u00f6nnte fast zu der Auffassung gelangen, dieses unerwartete Rechercheergebnis w\u00fcrde von den Medien und Filmkritikern absichtlich nicht unter die Lupe genommen.<\/p>\n<p><strong>Es gibt keine Forschung und keine Studien zur Long-COVID-Behandlung<\/strong><\/p>\n<p>In Deutschland sei jeder zehnte Infizierte von Long COVID betroffen, stellte Hirschhausen gleich zu Beginn seiner Doku fest. Dabei gerate das Immunsystem und die Blutgerinnung aus dem Lot.<\/p>\n<blockquote>\n<p><em>&#8220;Was da wirklich hilft, dazu braucht es eine saubere Studie und die gibt es verr\u00fcckterweise bis heute nicht&#8221;, so der TV-Mediziner.<\/em><\/p>\n<\/blockquote>\n<p>Bis heute gebe es auch keine zugelassenen Therapien. Die Betroffenen und deren Haus\u00e4rzte seien der Krankheit gegen\u00fcber hilflos. Seit einiger Zeit versuche Dr. J\u00e4ger, mittels Blutw\u00e4sche die verklumpten Blutanteile aus dem Blut der Erkrankten zu filtern. Nachdem sich der Zustand der Patienten nach mehreren Behandlungen deutlich verbessert habe, st\u00fcnden jetzt 8.000 Patienten auf ihrer Warteliste.<\/p>\n<blockquote>\n<p><em>&#8220;Das ist aus meiner Sicht das gr\u00f6\u00dfte gesundheitliche Problem der Zukunft, was wir hier jetzt vor uns haben&#8221;, so Dr. J\u00e4ger.<\/em><\/p>\n<\/blockquote>\n<p>Ihre Behandlung gelte als experimentelle Behandlung. Um die Wirksamkeit zu untermauern, habe sie die Studie an ihren Patienten selbst finanziert. Die Publikation ihrer Studie sei abgelehnt worden. Inzwischen arbeite sie mit dem Max-Planck-Institut Erlangen zusammen, das ihre Ergebnisse revalidiert habe.<\/p>\n<p>Einer ihrer Patienten, der Lungenfacharzt Dr. Assad Kahn, sei vor der Blutw\u00e4schebehandlung selbst monatelang bettl\u00e4gerig gewesen und unterst\u00fctze nach seiner Genesung die \u00c4rztin in M\u00fclheim. Weltweit gebe es inzwischen 100 Millionen Long-COVID-Patienten, und die Zahl steige weiter.<\/p>\n<p>W\u00e4hrend der Dreharbeiten erkrankte Hirschhausen selbst an Corona und lie\u00df sein Blut anschlie\u00dfend in der M\u00fclheimer Praxis unter einem Fluoreszenzmikroskop untersuchen. Auch sein Blut wies eine abnormale Verklumpung auf.<\/p>\n<blockquote>\n<p><em>&#8220;Ich habe bisher noch keinen Patienten gesehen, der keine Gerinnsel gehabt hat&#8221; stellte die M\u00fclheimer \u00c4rztin fest.<\/em><\/p>\n<\/blockquote>\n<p><strong>Long-COVID-Symptome auch durch Impfung verursacht<\/strong><\/p>\n<p>Neben der fehlenden Forschung und Studien zu Long-COVID-Therapien ist Hirschhausen bei seiner Recherche aber noch ein &#8220;weiteres untersch\u00e4tztes Problem&#8221; aufgefallen. Auch die Impfung komme als Ausl\u00f6ser f\u00fcr die Erkrankung infrage. In seltenen F\u00e4llen, so Hirschhausen, \u2026<\/p>\n<blockquote>\n<p><em>&#8220;\u2026 kann die Corona-Impfung selbst Long COVID ausl\u00f6sen, das Post-Vac-Syndrom&#8221;.<\/em><\/p>\n<\/blockquote>\n<p>Einer der Betroffenen, der sich in seinem Film zu Wort kommt, ist ein junger Mann, der nie an COVID-19 erkrankt gewesen sei. Seit seiner zweiten Impfung habe er an Herzrasen bis zur Bewusstlosigkeit und einer Herzmuskelentz\u00fcndung gelitten.<\/p>\n<p>Er habe bis zu sieben Herzanf\u00e4lle an einem Tag erlitten und sei in Todesgefahr gewesen. Der Chefarzt der behandelnden Klinik habe nichts f\u00fcr ihn tun k\u00f6nnen und ihm geraten, sich der Blutw\u00e4schebehandlung in M\u00fclheim zu unterziehen. Trotz der lebensbedrohlichen Situation und fehlender Behandlungsm\u00f6glichkeiten habe sich die Krankenkasse zun\u00e4chst geweigert, die Behandlung zu zahlen \u2013 mit dem Argument, es gebe dazu keine Studien.<\/p>\n<p>Der Vater des Patienten habe 10.000 Euro gezahlt. Seiner Meinung nach m\u00fcssten weniger Betuchte in der Lage seines Sohnes versterben: &#8220;Wenn man das nicht bezahlen kann, dann landet man halt in der COVID-Statistik.&#8221;<\/p>\n<p>Hirschhausen sei beunruhigt, sagt er im Film, \u00fcber das Unwissen hinsichtlich eines Zusammenhangs von Impfung und Long COVID. Laut Dr. J\u00e4ger haben viele Mediziner Angst, sich dazu zu \u00e4u\u00dfern:<\/p>\n<blockquote>\n<p><em>&#8220;Viele \u00c4rzte scheuen sich auch davor, das laut zu sagen.&#8221;<\/em><\/p>\n<\/blockquote>\n<p>Die Mediziner bef\u00fcrchteten, sich sonst dem Vorwurf auszusetzen, sie k\u00e4men damit den Impfgegnern entgegen, erkl\u00e4rte die \u00c4rztin. Schlie\u00dflich h\u00e4tten diese ja schon immer gesagt, dass die Impfung gef\u00e4hrlich sei. In seltenen F\u00e4llen, bei den Menschen, die ein Autoimmunrisiko in sich tr\u00fcgen, k\u00f6nnten aber sowohl die Infektion als auch die Impfung Long COVID verursachen. Davor solle man nicht die Augen verschlie\u00dfen: &#8220;Aber wir m\u00fcssen ganz klar sehen, dass manche Menschen auf jede Art der Immunaktivierung solche Folgereaktionen haben k\u00f6nnen.&#8221;<\/p>\n<p><strong>Eine Pandemie der Unbehandelten<\/strong><\/p>\n<p>Nach Hirschhausens Recherchen seien zwar beim f\u00fcr Impfsicherheit zust\u00e4ndigen Paul-Ehrlich-Institut bisher nur 472 Impfsch\u00e4den-Verdachtsf\u00e4lle gemeldet worden \u2013 die Zahlen st\u00e4nden aber im Widerspruch zu den Patienten, die sich zu Tausenden wegen des Verdachts auf Impfsch\u00e4den in Spezialambulanzen meldeten. Genau wie die Long-COVID-Patienten m\u00fcssten Patienten mit Post-Vac-Syndrom lange um Behandlung und Bezahlung k\u00e4mpfen. Auch zum Post-Vac-Syndrom gebe es weder Studien noch Therapien.<\/p>\n<p>Die Haus\u00e4rztin Anna Brock, die erst drei bis vier Wochen nach der zweiten Impfung dramatisch von Long COVID betroffen gewesen sei, mit Herzrasen, Sehst\u00f6rungen und Ged\u00e4chtnisverlust sowie Durchblutungsst\u00f6rungen, kam auch im Film zu Wort:<\/p>\n<blockquote>\n<p><em>&#8220;Es gibt eine Pandemie der unbehandelten Post-COVID- und Post-Vac-Patienten \u2013 das sind verzweifelte Menschen, die durch s\u00e4mtliche Raster unseres\u00a0 Systems rutschen.&#8221;<\/em><\/p>\n<\/blockquote>\n<p>Ihr und anderen im Film auftretenden Betroffenen sei durch die Blutw\u00e4schebehandlung bei Dr. J\u00e4ger geholfen worden. Dringend sollte an Universit\u00e4ten dazu geforscht und Behandlungsstudien durchgef\u00fchrt werden, appellierte die betroffene Medizinerin.<\/p>\n<p>Doch beim Mainstream sind die Rechercheergebnisse und Forschungsappelle des Dokumentarfilmers Dr. Hirschhausen auf Ungnade gesto\u00dfen.<\/p>\n<p><strong>Mehr zum Thema<\/strong> &#8211;\u00a0<a rel=\"nofollow noopener\" target=\"_blank\" href=\"https:\/\/test.rtde.tech\/meinung\/149915-pandemie-unbehandelten-eckart-von-hirschhausen\/\">Pandemie der Unbehandelten? Hirschhausen best\u00e4tigt Existenz des Post-Vac-Syndroms<\/a><\/p>\n<\/p>\n<p><br \/>\n<br \/><a href=\"https:\/\/de.rt.com\/inland\/152026-long-covid-medien-zerreissen-doku\/\">Source link <\/a><\/p>\n","protected":false},"excerpt":{"rendered":"<p>Der TV-Moderator und Arzt Dr. Eckart von Hirschhausen unterzog sich erfolgreich einer Blutw\u00e4schebehandlung bei Dr. Beate J\u00e4ger in M\u00fclheim an der Ruhr. Seine Blutgerinnsel wurden rausgefiltert. Das berichtet der bekannte TV-Mediziner in seinem Film &#8220;Hirschhausen und Long Covid \u2013 Die Pandemie der Unbehandelten&#8221;. Die ARD&#8211;Dokumentation vom 17. Oktober 2022 versucht, den Symptomen, Ursachen und Behandlungsm\u00f6glichkeiten [&hellip;]<\/p>\n","protected":false},"author":3,"featured_media":21420,"comment_status":"open","ping_status":"open","sticky":false,"template":"","format":"standard","meta":{"wp_automatic_camp":["217"],"ab38dc7cf10d3c499acf8042fa14b8ae":["Long COVID: Medien zerrei\u00dfen Doku des TV-Mediziners Eckart von Hirschhausen"],"original_link":["https:\/\/de.rt.com\/inland\/152026-long-covid-medien-zerreissen-doku\/"],"_thumbnail_id":["21420"],"_wptg_p2tg_sent2tg":["2022-10-20 18:23:21"],"jnews_social_counter_last_update":["1777113689"]},"categories":[19,23],"tags":[730,583,83,34658,33577,1821,580,34657,50,26460],"yoast_head":"<!-- This site is optimized with the Yoast SEO Premium plugin v22.7 (Yoast SEO v22.7) - https:\/\/yoast.com\/wordpress\/plugins\/seo\/ -->\n<title>Long COVID: Medien zerrei\u00dfen Doku des TV-Mediziners Eckart von Hirschhausen - just-now.NEWS Deutschland<\/title>\n<meta name=\"robots\" content=\"index, follow, max-snippet:-1, max-image-preview:large, max-video-preview:-1\" \/>\n<link rel=\"canonical\" href=\"https:\/\/now-news.de\/de\/deutschland\/long-covid-medien-zerreissen-doku-des-tv-mediziners-eckart-von-hirschhausen\/\" \/>\n<meta property=\"og:locale\" content=\"de_DE\" \/>\n<meta property=\"og:type\" content=\"article\" \/>\n<meta property=\"og:title\" content=\"Long COVID: Medien zerrei\u00dfen Doku des TV-Mediziners Eckart von Hirschhausen\" \/>\n<meta property=\"og:description\" content=\"Der TV-Moderator und Arzt Dr. Eckart von Hirschhausen unterzog sich erfolgreich einer Blutw\u00e4schebehandlung bei Dr. Beate J\u00e4ger in M\u00fclheim an der Ruhr. Seine Blutgerinnsel wurden rausgefiltert. Das berichtet der bekannte TV-Mediziner in seinem Film &#8220;Hirschhausen und Long Covid \u2013 Die Pandemie der Unbehandelten&#8221;. Die ARD&#8211;Dokumentation vom 17. Oktober 2022 versucht, den Symptomen, Ursachen und Behandlungsm\u00f6glichkeiten [&hellip;]\" \/>\n<meta property=\"og:url\" content=\"https:\/\/now-news.de\/de\/deutschland\/long-covid-medien-zerreissen-doku-des-tv-mediziners-eckart-von-hirschhausen\/\" \/>\n<meta property=\"og:site_name\" content=\"just-now.NEWS Deutschland\" \/>\n<meta property=\"article:publisher\" content=\"https:\/\/www.facebook.com\/wirmachenauf\" \/>\n<meta property=\"article:published_time\" content=\"2022-10-20T16:14:45+00:00\" \/>\n<meta property=\"og:image\" content=\"https:\/\/now-news.de\/de\/wp-content\/uploads\/sites\/3\/2022\/10\/Long-COVID-Medien-zerreissen-Doku-des-TV-Mediziners-Eckart-von-Hirschhausen.jpg\" \/>\n\t<meta property=\"og:image:width\" content=\"460\" \/>\n\t<meta property=\"og:image:height\" content=\"259\" \/>\n\t<meta property=\"og:image:type\" content=\"image\/jpeg\" \/>\n<meta name=\"author\" content=\"rtnews\" \/>\n<meta name=\"twitter:card\" content=\"summary_large_image\" \/>\n<meta name=\"twitter:creator\" content=\"@WirMachenAuf_de\" \/>\n<meta name=\"twitter:site\" content=\"@WirMachenAuf_de\" \/>\n<meta name=\"twitter:label1\" content=\"Verfasst von\" \/>\n\t<meta name=\"twitter:data1\" content=\"rtnews\" \/>\n\t<meta name=\"twitter:label2\" content=\"Gesch\u00e4tzte Lesezeit\" \/>\n\t<meta name=\"twitter:data2\" content=\"6\u00a0Minuten\" \/>\n<script type=\"application\/ld+json\" class=\"yoast-schema-graph\">{\"@context\":\"https:\/\/schema.org\",\"@graph\":[{\"@type\":\"Article\",\"@id\":\"https:\/\/now-news.de\/de\/deutschland\/long-covid-medien-zerreissen-doku-des-tv-mediziners-eckart-von-hirschhausen\/#article\",\"isPartOf\":{\"@id\":\"https:\/\/now-news.de\/de\/deutschland\/long-covid-medien-zerreissen-doku-des-tv-mediziners-eckart-von-hirschhausen\/\"},\"author\":{\"name\":\"rtnews\",\"@id\":\"https:\/\/now-news.de\/de\/#\/schema\/person\/fb534a4e865501d8b3285208df34a9b5\"},\"headline\":\"Long COVID: Medien zerrei\u00dfen Doku des TV-Mediziners Eckart von Hirschhausen\",\"datePublished\":\"2022-10-20T16:14:45+00:00\",\"dateModified\":\"2022-10-20T16:14:45+00:00\",\"mainEntityOfPage\":{\"@id\":\"https:\/\/now-news.de\/de\/deutschland\/long-covid-medien-zerreissen-doku-des-tv-mediziners-eckart-von-hirschhausen\/\"},\"wordCount\":1217,\"commentCount\":0,\"publisher\":{\"@id\":\"https:\/\/now-news.de\/de\/#organization\"},\"image\":{\"@id\":\"https:\/\/now-news.de\/de\/deutschland\/long-covid-medien-zerreissen-doku-des-tv-mediziners-eckart-von-hirschhausen\/#primaryimage\"},\"thumbnailUrl\":\"https:\/\/now-news.de\/de\/wp-content\/uploads\/sites\/3\/2022\/10\/Long-COVID-Medien-zerreissen-Doku-des-TV-Mediziners-Eckart-von-Hirschhausen.jpg\",\"keywords\":[\"covid\",\"des\",\"doku\",\"Eckart\",\"Hirschhausen\",\"Long\",\"Medien\",\"TVMediziners\",\"von\",\"Zerrei\u00dfen\"],\"articleSection\":[\"Deutschland\",\"Russland\"],\"inLanguage\":\"de\",\"potentialAction\":[{\"@type\":\"CommentAction\",\"name\":\"Comment\",\"target\":[\"https:\/\/now-news.de\/de\/deutschland\/long-covid-medien-zerreissen-doku-des-tv-mediziners-eckart-von-hirschhausen\/#respond\"]}]},{\"@type\":\"WebPage\",\"@id\":\"https:\/\/now-news.de\/de\/deutschland\/long-covid-medien-zerreissen-doku-des-tv-mediziners-eckart-von-hirschhausen\/\",\"url\":\"https:\/\/now-news.de\/de\/deutschland\/long-covid-medien-zerreissen-doku-des-tv-mediziners-eckart-von-hirschhausen\/\",\"name\":\"Long COVID: Medien zerrei\u00dfen Doku des TV-Mediziners Eckart von Hirschhausen - just-now.NEWS Deutschland\",\"isPartOf\":{\"@id\":\"https:\/\/now-news.de\/de\/#website\"},\"primaryImageOfPage\":{\"@id\":\"https:\/\/now-news.de\/de\/deutschland\/long-covid-medien-zerreissen-doku-des-tv-mediziners-eckart-von-hirschhausen\/#primaryimage\"},\"image\":{\"@id\":\"https:\/\/now-news.de\/de\/deutschland\/long-covid-medien-zerreissen-doku-des-tv-mediziners-eckart-von-hirschhausen\/#primaryimage\"},\"thumbnailUrl\":\"https:\/\/now-news.de\/de\/wp-content\/uploads\/sites\/3\/2022\/10\/Long-COVID-Medien-zerreissen-Doku-des-TV-Mediziners-Eckart-von-Hirschhausen.jpg\",\"datePublished\":\"2022-10-20T16:14:45+00:00\",\"dateModified\":\"2022-10-20T16:14:45+00:00\",\"breadcrumb\":{\"@id\":\"https:\/\/now-news.de\/de\/deutschland\/long-covid-medien-zerreissen-doku-des-tv-mediziners-eckart-von-hirschhausen\/#breadcrumb\"},\"inLanguage\":\"de\",\"potentialAction\":[{\"@type\":\"ReadAction\",\"target\":[\"https:\/\/now-news.de\/de\/deutschland\/long-covid-medien-zerreissen-doku-des-tv-mediziners-eckart-von-hirschhausen\/\"]}]},{\"@type\":\"ImageObject\",\"inLanguage\":\"de\",\"@id\":\"https:\/\/now-news.de\/de\/deutschland\/long-covid-medien-zerreissen-doku-des-tv-mediziners-eckart-von-hirschhausen\/#primaryimage\",\"url\":\"https:\/\/now-news.de\/de\/wp-content\/uploads\/sites\/3\/2022\/10\/Long-COVID-Medien-zerreissen-Doku-des-TV-Mediziners-Eckart-von-Hirschhausen.jpg\",\"contentUrl\":\"https:\/\/now-news.de\/de\/wp-content\/uploads\/sites\/3\/2022\/10\/Long-COVID-Medien-zerreissen-Doku-des-TV-Mediziners-Eckart-von-Hirschhausen.jpg\",\"width\":460,\"height\":259,\"caption\":\"Long COVID: Medien zerrei\u00dfen Doku des TV-Mediziners Eckart von Hirschhausen\"},{\"@type\":\"BreadcrumbList\",\"@id\":\"https:\/\/now-news.de\/de\/deutschland\/long-covid-medien-zerreissen-doku-des-tv-mediziners-eckart-von-hirschhausen\/#breadcrumb\",\"itemListElement\":[{\"@type\":\"ListItem\",\"position\":1,\"name\":\"Home\",\"item\":\"https:\/\/now-news.de\/de\/\"},{\"@type\":\"ListItem\",\"position\":2,\"name\":\"Long COVID: Medien zerrei\u00dfen Doku des TV-Mediziners Eckart von Hirschhausen\"}]},{\"@type\":\"WebSite\",\"@id\":\"https:\/\/now-news.de\/de\/#website\",\"url\":\"https:\/\/now-news.de\/de\/\",\"name\":\"just-now.NEWS Deutschland\",\"description\":\"Das Portal f\u00fcr unzensierte Nachrichten aus der Welt\",\"publisher\":{\"@id\":\"https:\/\/now-news.de\/de\/#organization\"},\"potentialAction\":[{\"@type\":\"SearchAction\",\"target\":{\"@type\":\"EntryPoint\",\"urlTemplate\":\"https:\/\/now-news.de\/de\/?s={search_term_string}\"},\"query-input\":\"required name=search_term_string\"}],\"inLanguage\":\"de\"},{\"@type\":\"Organization\",\"@id\":\"https:\/\/now-news.de\/de\/#organization\",\"name\":\"Just Now News\",\"url\":\"https:\/\/now-news.de\/de\/\",\"logo\":{\"@type\":\"ImageObject\",\"inLanguage\":\"de\",\"@id\":\"https:\/\/now-news.de\/de\/#\/schema\/logo\/image\/\",\"url\":\"http:\/\/just-now.news\/de\/wp-content\/uploads\/sites\/3\/2022\/04\/logo500x500.jpg\",\"contentUrl\":\"http:\/\/just-now.news\/de\/wp-content\/uploads\/sites\/3\/2022\/04\/logo500x500.jpg\",\"width\":500,\"height\":500,\"caption\":\"Just Now News\"},\"image\":{\"@id\":\"https:\/\/now-news.de\/de\/#\/schema\/logo\/image\/\"},\"sameAs\":[\"https:\/\/www.facebook.com\/wirmachenauf\",\"https:\/\/x.com\/WirMachenAuf_de\"]},{\"@type\":\"Person\",\"@id\":\"https:\/\/now-news.de\/de\/#\/schema\/person\/fb534a4e865501d8b3285208df34a9b5\",\"name\":\"rtnews\",\"image\":{\"@type\":\"ImageObject\",\"inLanguage\":\"de\",\"@id\":\"https:\/\/now-news.de\/de\/#\/schema\/person\/image\/\",\"url\":\"https:\/\/secure.gravatar.com\/avatar\/82aafea7d8127119dd649515f56e2117?s=96&d=mm&r=g\",\"contentUrl\":\"https:\/\/secure.gravatar.com\/avatar\/82aafea7d8127119dd649515f56e2117?s=96&d=mm&r=g\",\"caption\":\"rtnews\"},\"url\":\"https:\/\/now-news.de\/de\/author\/rnews\/\"}]}<\/script>\n<!-- \/ Yoast SEO Premium plugin. -->","yoast_head_json":{"title":"Long COVID: Medien zerrei\u00dfen Doku des TV-Mediziners Eckart von Hirschhausen - just-now.NEWS Deutschland","robots":{"index":"index","follow":"follow","max-snippet":"max-snippet:-1","max-image-preview":"max-image-preview:large","max-video-preview":"max-video-preview:-1"},"canonical":"https:\/\/now-news.de\/de\/deutschland\/long-covid-medien-zerreissen-doku-des-tv-mediziners-eckart-von-hirschhausen\/","og_locale":"de_DE","og_type":"article","og_title":"Long COVID: Medien zerrei\u00dfen Doku des TV-Mediziners Eckart von Hirschhausen","og_description":"Der TV-Moderator und Arzt Dr. Eckart von Hirschhausen unterzog sich erfolgreich einer Blutw\u00e4schebehandlung bei Dr. Beate J\u00e4ger in M\u00fclheim an der Ruhr. Seine Blutgerinnsel wurden rausgefiltert. Das berichtet der bekannte TV-Mediziner in seinem Film &#8220;Hirschhausen und Long Covid \u2013 Die Pandemie der Unbehandelten&#8221;. Die ARD&#8211;Dokumentation vom 17. Oktober 2022 versucht, den Symptomen, Ursachen und Behandlungsm\u00f6glichkeiten [&hellip;]","og_url":"https:\/\/now-news.de\/de\/deutschland\/long-covid-medien-zerreissen-doku-des-tv-mediziners-eckart-von-hirschhausen\/","og_site_name":"just-now.NEWS Deutschland","article_publisher":"https:\/\/www.facebook.com\/wirmachenauf","article_published_time":"2022-10-20T16:14:45+00:00","og_image":[{"width":460,"height":259,"url":"https:\/\/now-news.de\/de\/wp-content\/uploads\/sites\/3\/2022\/10\/Long-COVID-Medien-zerreissen-Doku-des-TV-Mediziners-Eckart-von-Hirschhausen.jpg","type":"image\/jpeg"}],"author":"rtnews","twitter_card":"summary_large_image","twitter_creator":"@WirMachenAuf_de","twitter_site":"@WirMachenAuf_de","twitter_misc":{"Verfasst von":"rtnews","Gesch\u00e4tzte Lesezeit":"6\u00a0Minuten"},"schema":{"@context":"https:\/\/schema.org","@graph":[{"@type":"Article","@id":"https:\/\/now-news.de\/de\/deutschland\/long-covid-medien-zerreissen-doku-des-tv-mediziners-eckart-von-hirschhausen\/#article","isPartOf":{"@id":"https:\/\/now-news.de\/de\/deutschland\/long-covid-medien-zerreissen-doku-des-tv-mediziners-eckart-von-hirschhausen\/"},"author":{"name":"rtnews","@id":"https:\/\/now-news.de\/de\/#\/schema\/person\/fb534a4e865501d8b3285208df34a9b5"},"headline":"Long COVID: Medien zerrei\u00dfen Doku des TV-Mediziners Eckart von Hirschhausen","datePublished":"2022-10-20T16:14:45+00:00","dateModified":"2022-10-20T16:14:45+00:00","mainEntityOfPage":{"@id":"https:\/\/now-news.de\/de\/deutschland\/long-covid-medien-zerreissen-doku-des-tv-mediziners-eckart-von-hirschhausen\/"},"wordCount":1217,"commentCount":0,"publisher":{"@id":"https:\/\/now-news.de\/de\/#organization"},"image":{"@id":"https:\/\/now-news.de\/de\/deutschland\/long-covid-medien-zerreissen-doku-des-tv-mediziners-eckart-von-hirschhausen\/#primaryimage"},"thumbnailUrl":"https:\/\/now-news.de\/de\/wp-content\/uploads\/sites\/3\/2022\/10\/Long-COVID-Medien-zerreissen-Doku-des-TV-Mediziners-Eckart-von-Hirschhausen.jpg","keywords":["covid","des","doku","Eckart","Hirschhausen","Long","Medien","TVMediziners","von","Zerrei\u00dfen"],"articleSection":["Deutschland","Russland"],"inLanguage":"de","potentialAction":[{"@type":"CommentAction","name":"Comment","target":["https:\/\/now-news.de\/de\/deutschland\/long-covid-medien-zerreissen-doku-des-tv-mediziners-eckart-von-hirschhausen\/#respond"]}]},{"@type":"WebPage","@id":"https:\/\/now-news.de\/de\/deutschland\/long-covid-medien-zerreissen-doku-des-tv-mediziners-eckart-von-hirschhausen\/","url":"https:\/\/now-news.de\/de\/deutschland\/long-covid-medien-zerreissen-doku-des-tv-mediziners-eckart-von-hirschhausen\/","name":"Long COVID: Medien zerrei\u00dfen Doku des TV-Mediziners Eckart von Hirschhausen - just-now.NEWS Deutschland","isPartOf":{"@id":"https:\/\/now-news.de\/de\/#website"},"primaryImageOfPage":{"@id":"https:\/\/now-news.de\/de\/deutschland\/long-covid-medien-zerreissen-doku-des-tv-mediziners-eckart-von-hirschhausen\/#primaryimage"},"image":{"@id":"https:\/\/now-news.de\/de\/deutschland\/long-covid-medien-zerreissen-doku-des-tv-mediziners-eckart-von-hirschhausen\/#primaryimage"},"thumbnailUrl":"https:\/\/now-news.de\/de\/wp-content\/uploads\/sites\/3\/2022\/10\/Long-COVID-Medien-zerreissen-Doku-des-TV-Mediziners-Eckart-von-Hirschhausen.jpg","datePublished":"2022-10-20T16:14:45+00:00","dateModified":"2022-10-20T16:14:45+00:00","breadcrumb":{"@id":"https:\/\/now-news.de\/de\/deutschland\/long-covid-medien-zerreissen-doku-des-tv-mediziners-eckart-von-hirschhausen\/#breadcrumb"},"inLanguage":"de","potentialAction":[{"@type":"ReadAction","target":["https:\/\/now-news.de\/de\/deutschland\/long-covid-medien-zerreissen-doku-des-tv-mediziners-eckart-von-hirschhausen\/"]}]},{"@type":"ImageObject","inLanguage":"de","@id":"https:\/\/now-news.de\/de\/deutschland\/long-covid-medien-zerreissen-doku-des-tv-mediziners-eckart-von-hirschhausen\/#primaryimage","url":"https:\/\/now-news.de\/de\/wp-content\/uploads\/sites\/3\/2022\/10\/Long-COVID-Medien-zerreissen-Doku-des-TV-Mediziners-Eckart-von-Hirschhausen.jpg","contentUrl":"https:\/\/now-news.de\/de\/wp-content\/uploads\/sites\/3\/2022\/10\/Long-COVID-Medien-zerreissen-Doku-des-TV-Mediziners-Eckart-von-Hirschhausen.jpg","width":460,"height":259,"caption":"Long COVID: Medien zerrei\u00dfen Doku des TV-Mediziners Eckart von Hirschhausen"},{"@type":"BreadcrumbList","@id":"https:\/\/now-news.de\/de\/deutschland\/long-covid-medien-zerreissen-doku-des-tv-mediziners-eckart-von-hirschhausen\/#breadcrumb","itemListElement":[{"@type":"ListItem","position":1,"name":"Home","item":"https:\/\/now-news.de\/de\/"},{"@type":"ListItem","position":2,"name":"Long COVID: Medien zerrei\u00dfen Doku des TV-Mediziners Eckart von Hirschhausen"}]},{"@type":"WebSite","@id":"https:\/\/now-news.de\/de\/#website","url":"https:\/\/now-news.de\/de\/","name":"just-now.NEWS Deutschland","description":"Das Portal f\u00fcr unzensierte Nachrichten aus der Welt","publisher":{"@id":"https:\/\/now-news.de\/de\/#organization"},"potentialAction":[{"@type":"SearchAction","target":{"@type":"EntryPoint","urlTemplate":"https:\/\/now-news.de\/de\/?s={search_term_string}"},"query-input":"required name=search_term_string"}],"inLanguage":"de"},{"@type":"Organization","@id":"https:\/\/now-news.de\/de\/#organization","name":"Just Now News","url":"https:\/\/now-news.de\/de\/","logo":{"@type":"ImageObject","inLanguage":"de","@id":"https:\/\/now-news.de\/de\/#\/schema\/logo\/image\/","url":"http:\/\/just-now.news\/de\/wp-content\/uploads\/sites\/3\/2022\/04\/logo500x500.jpg","contentUrl":"http:\/\/just-now.news\/de\/wp-content\/uploads\/sites\/3\/2022\/04\/logo500x500.jpg","width":500,"height":500,"caption":"Just Now News"},"image":{"@id":"https:\/\/now-news.de\/de\/#\/schema\/logo\/image\/"},"sameAs":["https:\/\/www.facebook.com\/wirmachenauf","https:\/\/x.com\/WirMachenAuf_de"]},{"@type":"Person","@id":"https:\/\/now-news.de\/de\/#\/schema\/person\/fb534a4e865501d8b3285208df34a9b5","name":"rtnews","image":{"@type":"ImageObject","inLanguage":"de","@id":"https:\/\/now-news.de\/de\/#\/schema\/person\/image\/","url":"https:\/\/secure.gravatar.com\/avatar\/82aafea7d8127119dd649515f56e2117?s=96&d=mm&r=g","contentUrl":"https:\/\/secure.gravatar.com\/avatar\/82aafea7d8127119dd649515f56e2117?s=96&d=mm&r=g","caption":"rtnews"},"url":"https:\/\/now-news.de\/de\/author\/rnews\/"}]}},"_links":{"self":[{"href":"https:\/\/now-news.de\/de\/wp-json\/wp\/v2\/posts\/21419"}],"collection":[{"href":"https:\/\/now-news.de\/de\/wp-json\/wp\/v2\/posts"}],"about":[{"href":"https:\/\/now-news.de\/de\/wp-json\/wp\/v2\/types\/post"}],"author":[{"embeddable":true,"href":"https:\/\/now-news.de\/de\/wp-json\/wp\/v2\/users\/3"}],"replies":[{"embeddable":true,"href":"https:\/\/now-news.de\/de\/wp-json\/wp\/v2\/comments?post=21419"}],"version-history":[{"count":0,"href":"https:\/\/now-news.de\/de\/wp-json\/wp\/v2\/posts\/21419\/revisions"}],"wp:featuredmedia":[{"embeddable":true,"href":"https:\/\/now-news.de\/de\/wp-json\/wp\/v2\/media\/21420"}],"wp:attachment":[{"href":"https:\/\/now-news.de\/de\/wp-json\/wp\/v2\/media?parent=21419"}],"wp:term":[{"taxonomy":"category","embeddable":true,"href":"https:\/\/now-news.de\/de\/wp-json\/wp\/v2\/categories?post=21419"},{"taxonomy":"post_tag","embeddable":true,"href":"https:\/\/now-news.de\/de\/wp-json\/wp\/v2\/tags?post=21419"}],"curies":[{"name":"wp","href":"https:\/\/api.w.org\/{rel}","templated":true}]}}