{"id":21411,"date":"2022-10-20T16:21:19","date_gmt":"2022-10-20T14:21:19","guid":{"rendered":"http:\/\/just-now.news\/de\/deutschland\/eu-arzneimittelbehoerde-genehmigt-corona-impfungen-fuer-saeuglinge-ab-sechs-monaten\/"},"modified":"2022-10-20T16:21:19","modified_gmt":"2022-10-20T14:21:19","slug":"eu-arzneimittelbehoerde-genehmigt-corona-impfungen-fuer-saeuglinge-ab-sechs-monaten","status":"publish","type":"post","link":"https:\/\/now-news.de\/de\/deutschland\/eu-arzneimittelbehoerde-genehmigt-corona-impfungen-fuer-saeuglinge-ab-sechs-monaten\/","title":{"rendered":"EU-Arzneimittelbeh\u00f6rde genehmigt Corona-Impfungen f\u00fcr S\u00e4uglinge ab sechs Monaten"},"content":{"rendered":"<p><img decoding=\"async\" src=\"http:\/\/just-now.news\/de\/wp-content\/uploads\/sites\/3\/2022\/10\/6350d97048fbef1dfe2a2f3c.jpg\" \/><\/p>\n<div class=\"Text-root Text-type_1 \">\n                Der Ausschuss f\u00fcr Humanarzneimittel der Europ\u00e4ischen Arzneimittelbeh\u00f6rde empfiehlt Corona-Impfungen nun auch bei Kindern im Alter von sechs Monaten bis f\u00fcnf Jahren. Eine zeitnahe Zulassung durch die EU-Kommission ist zu erwarten. Die STIKO gab noch keine Empfehlung ab.\n            <\/div>\n<p><\/p>\n<div class=\"Text-root Text-type_5 ArticleView-text ViewText-root \">\n<p>Die Europ\u00e4ische Arzneimittelbeh\u00f6rde (EMA) mit Sitz in Amsterdam informierte am 19. Oktober \u00fcber die weitere Senkung des Alters bez\u00fcglich der M\u00f6glichkeit, auch Kleinstkindern die Corona-Impfung verabreichen zu k\u00f6nnen. So hei\u00dft es in der offiziellen Mitteilung auf Twitter:<\/p>\n<blockquote>\n<p><em>Die EMA hat empfohlen, die Verwendung von mRNA-#COVID-19-Impfstoffen in j\u00fcngeren Altersgruppen zuzulassen:<\/em><\/p>\n<\/blockquote>\n<ul>\n<li>\n<blockquote><p><em>Von 6 Monaten bis 4 Jahren f\u00fcr Comirnaty\u00ae (von BioNTech\/Pfizer)<\/em><\/p><\/blockquote>\n<\/li>\n<li>\n<blockquote><p><em>Von 6 Monaten bis 5 Jahren f\u00fcr Spikevax\u00ae (von Moderna)<\/em><\/p><\/blockquote>\n<\/li>\n<\/ul>\n<div class=\"EmbedBlock-root EmbedBlock-twitter\">\n<div class=\"TwitterEmbed\">\n<blockquote class=\"twitter-tweet lazyload\" data-twitter=\"twitter-tweet\">\n<p lang=\"en\" dir=\"ltr\">\u203c\ufe0f EMA has recommended authorising the use of mRNA <a rel=\"nofollow noopener\" target=\"_blank\" href=\"https:\/\/twitter.com\/hashtag\/COVID19vaccines?src=hash&amp;ref_src=twsrc%5Etfw\">#COVID19vaccines<\/a> in younger age groups:\u27a1\ufe0fFrom 6 months to 4 years for Comirnaty\u27a1\ufe0fFrom 6 months to 5 years for Spikevax???? <a rel=\"nofollow noopener\" target=\"_blank\" href=\"https:\/\/t.co\/rW0YQ3s3fr\">https:\/\/t.co\/rW0YQ3s3fr<\/a><a rel=\"nofollow noopener\" target=\"_blank\" href=\"https:\/\/t.co\/6qjEkRjUcC\">pic.twitter.com\/6qjEkRjUcC<\/a><\/p>\n<p>\u2014 EU Medicines Agency (@EMA_News) <a rel=\"nofollow noopener\" target=\"_blank\" href=\"https:\/\/twitter.com\/EMA_News\/status\/1582750970077130752?ref_src=twsrc%5Etfw\">October 19, 2022<\/a><\/p><\/blockquote>\n<\/div>\n<\/div>\n<p>&#8220;Im Vergleich zu den Dosen f\u00fcr bereits zugelassene Altersgruppen werden die Dosen beider Impfstoffe in diesen neuen j\u00fcngeren Altersgruppen niedriger sein&#8221;, <a rel=\"nofollow noopener\" target=\"_blank\" href=\"https:\/\/www.ema.europa.eu\/en\/news\/ema-recommends-approval-comirnaty-spikevax-covid-19-vaccines-children-6-months-age\">schreibt<\/a>\u00a0die EMA auf\u00a0ihrer\u00a0Website. Bez\u00fcglich m\u00f6glicher Nebenwirkungen hei\u00dft es in der Mitteilung:<\/p>\n<blockquote>\n<p><em>&#8220;Die h\u00e4ufigsten Nebenwirkungen beider Impfstoffe bei Kindern im Alter von 6 Monaten bis 4 oder 5 Jahren waren mit denen vergleichbar, die in \u00e4lteren Altersgruppen beobachtet wurden. Reizbarkeit, Schl\u00e4frigkeit, Appetitlosigkeit, Hautausschlag und Schmerzempfindlichkeit an der Injektionsstelle.&#8221;<\/em><\/p>\n<\/blockquote>\n<p>Diese Aussage belegt, dass sich die Empfehlung auf Studienerkenntnisse der \u00e4lteren Wirkstoffe bezieht, da f\u00fcr die j\u00fcngste Anpassung des aktuellen Wirkstoffs BA.5 diesbez\u00fcglich nur Erkenntnisse aus Untersuchungen bzw. Studien an M\u00e4usen vorliegen.<\/p>\n<div class=\"EmbedBlock-root EmbedBlock-twitter\">\n<div class=\"TwitterEmbed\">\n<blockquote class=\"twitter-tweet lazyload\" data-twitter=\"twitter-tweet\">\n<p lang=\"de\" dir=\"ltr\">Aufgrund der allgegenw\u00e4rtigen Kampagne lassen sich derzeit Hunderttausende impfen, mit einem Stoff, der laut MDR nicht klinisch getestet wurde:<a rel=\"nofollow noopener\" target=\"_blank\" href=\"https:\/\/t.co\/d7llK24Q4N\">pic.twitter.com\/d7llK24Q4N<\/a><\/p>\n<p>\u2014 Stefan Homburg (@SHomburg) <a rel=\"nofollow noopener\" target=\"_blank\" href=\"https:\/\/twitter.com\/SHomburg\/status\/1581920349465509889?ref_src=twsrc%5Etfw\">October 17, 2022<\/a><\/p><\/blockquote>\n<\/div>\n<\/div>\n<p>Dies best\u00e4tigt auch\u00a0Reinhold F\u00f6rster\u00a0vom Institut f\u00fcr Immunologie der Medizinischen Hochschule Hannover im &#8220;Faktenfuchs&#8221; des <em>Bayerischen Rundfunk <\/em>(<em>BR24<\/em>). So hei\u00dft es in dem <a rel=\"nofollow noopener\" target=\"_blank\" href=\"https:\/\/www.br.de\/nachrichten\/wissen\/faktenfuchs-ba-1-impfstoff-wurde-nicht-nur-an-maeusen-getestet,TGC13SC\">Beitrag<\/a>\u00a0vom 1. September:<\/p>\n<blockquote>\n<p><em>&#8220;F\u00fcr eine Zulassung des anderen Impfstoffes gegen die Omikron-Subvarianten BA.4 und BA.5 gebe es in Europa jedoch &#8216;noch viel zu wenig Daten&#8217;. Diese st\u00fctzten sich \u2013 soweit er informiert sei \u2013 auf pr\u00e4klinische Untersuchungen an M\u00e4usen.&#8221;<\/em><\/p>\n<\/blockquote>\n<p>Internationale Fach\u00e4rzte wie Kritiker von dementsprechenden Corona-Impfempfehlungen hinterfragen die Entscheidung der EMA und verweisen auf die rein monet\u00e4ren Aspekte der Entscheidung gegen\u00fcber einer vermeintlichen Notwendigkeit der medizinischen Indikation:<\/p>\n<div class=\"EmbedBlock-root EmbedBlock-twitter\">\n<div class=\"TwitterEmbed\">\n<blockquote class=\"twitter-tweet lazyload\" data-twitter=\"twitter-tweet\">\n<p lang=\"de\" dir=\"ltr\">USA empfehlen j\u00e4hrliche Grippeimpfungen f\u00fcr Kinder ab sechs Monaten. Pharmazieprofessor Peter Doshi kritisiert das als Gesundheits-Marketing.Hier der ganze Beitrag: <a rel=\"nofollow noopener\" target=\"_blank\" href=\"https:\/\/t.co\/qbaynld23w\">https:\/\/t.co\/qbaynld23w<\/a><a rel=\"nofollow noopener\" target=\"_blank\" href=\"https:\/\/t.co\/DUc18wYVg8\">pic.twitter.com\/DUc18wYVg8<\/a><\/p>\n<p>\u2014 Stefan Homburg (@SHomburg) <a rel=\"nofollow noopener\" target=\"_blank\" href=\"https:\/\/twitter.com\/SHomburg\/status\/1582698555956813824?ref_src=twsrc%5Etfw\">October 19, 2022<\/a><\/p><\/blockquote>\n<\/div>\n<\/div>\n<p>Demnach kam der\u00a0Ausschuss\u00a0f\u00fcr\u00a0Humanarzneimittel\u00a0der\u00a0EMA (CHMP) zu dem Schluss, dass &#8220;der Nutzen von Comirnaty\u00ae und Spikevax<em>\u00ae<\/em> bei Kindern im Alter von 6 Monaten bis 4 bzw. 5 Jahren die Risiken \u00fcberwiegt&#8221;. Die St\u00e4ndige Impfkommission (STIKO) in Deutschland empfiehlt bislang allen Kindern ab zw\u00f6lf Jahren die vollst\u00e4ndige Grundimmunisierung mit insgesamt drei Impfdosen. Kindern ab f\u00fcnf Jahren wird eine Impfdosis empfohlen.<\/p>\n<p>Die EMA <a rel=\"nofollow noopener\" target=\"_blank\" href=\"https:\/\/www.ema.europa.eu\/en\/news\/ema-recommends-approval-comirnaty-spikevax-covid-19-vaccines-children-6-months-age\">teilt mit<\/a>: &#8220;Die Sicherheit und Wirksamkeit beider Impfstoffe bei Kindern und Erwachsenen werden weiterhin genau \u00fcberwacht, wenn sie in Impfkampagnen in den EU-Mitgliedstaaten eingesetzt werden.&#8221;\u00a0Die CHMP-Empfehlungen werden nun an die Europ\u00e4ische Kommission weitergeleitet, die endg\u00fcltige Entscheidungen trifft, die in allen EU-Mitgliedstaaten gelten. Eine erste Einsch\u00e4tzung der STIKO zu der j\u00fcngsten Mitteilung der EMA existiert noch nicht.<\/p>\n<p><strong>Mehr zum Thema &#8211;<\/strong>\u00a0<a rel=\"nofollow noopener\" target=\"_blank\" href=\"https:\/\/pressefreiheit.rtde.tech\/meinung\/151636-pfusch-skandal-beim-pei-wie-deutsche-impfstoffbehoerde-toedliche-risiken-vertuscht\/\">Pfusch-Skandal beim PEI: Wie die deutsche Impfstoffbeh\u00f6rde t\u00f6dliche Risiken vertuscht<\/a><\/p>\n<\/p>\n<\/div>\n<p><script async src=\"https:\/\/platform.twitter.com\/widgets.js\" charset=\"utf-8\"><\/script><br \/>\n<br \/><br \/>\n<br \/><a href=\"https:\/\/de.rt.com\/international\/152045-eu-arzneimittelbehorde-genehmigt-corona-impfungen\/\">Source link <\/a><\/p>\n","protected":false},"excerpt":{"rendered":"<p>Der Ausschuss f\u00fcr Humanarzneimittel der Europ\u00e4ischen Arzneimittelbeh\u00f6rde empfiehlt Corona-Impfungen nun auch bei Kindern im Alter von sechs Monaten bis f\u00fcnf Jahren. Eine zeitnahe Zulassung durch die EU-Kommission ist zu erwarten. Die STIKO gab noch keine Empfehlung ab. Die Europ\u00e4ische Arzneimittelbeh\u00f6rde (EMA) mit Sitz in Amsterdam informierte am 19. Oktober \u00fcber die weitere Senkung des Alters [&hellip;]<\/p>\n","protected":false},"author":3,"featured_media":21412,"comment_status":"open","ping_status":"open","sticky":false,"template":"","format":"standard","meta":{"wp_automatic_camp":["217"],"a00c86c5275416d0ce34c5dc39801bbd":["EU-Arzneimittelbeh\u00f6rde genehmigt Corona-Impfungen f\u00fcr S\u00e4uglinge ab sechs Monaten"],"original_link":["https:\/\/de.rt.com\/international\/152045-eu-arzneimittelbehorde-genehmigt-corona-impfungen\/"],"_thumbnail_id":["21412"],"_wptg_p2tg_sent2tg":["2022-10-20 16:45:19"],"jnews_social_counter_last_update":["1777567693"]},"categories":[19,23],"tags":[27313,34652,221,279,7566,21090,14558],"yoast_head":"<!-- This site is optimized with the Yoast SEO Premium plugin v22.7 (Yoast SEO v22.7) - https:\/\/yoast.com\/wordpress\/plugins\/seo\/ -->\n<title>EU-Arzneimittelbeh\u00f6rde genehmigt Corona-Impfungen f\u00fcr S\u00e4uglinge ab sechs Monaten - just-now.NEWS Deutschland<\/title>\n<meta name=\"robots\" content=\"index, follow, max-snippet:-1, max-image-preview:large, max-video-preview:-1\" \/>\n<link rel=\"canonical\" href=\"https:\/\/now-news.de\/de\/deutschland\/eu-arzneimittelbehoerde-genehmigt-corona-impfungen-fuer-saeuglinge-ab-sechs-monaten\/\" \/>\n<meta property=\"og:locale\" content=\"de_DE\" \/>\n<meta property=\"og:type\" content=\"article\" \/>\n<meta property=\"og:title\" content=\"EU-Arzneimittelbeh\u00f6rde genehmigt Corona-Impfungen f\u00fcr S\u00e4uglinge ab sechs Monaten\" \/>\n<meta property=\"og:description\" content=\"Der Ausschuss f\u00fcr Humanarzneimittel der Europ\u00e4ischen Arzneimittelbeh\u00f6rde empfiehlt Corona-Impfungen nun auch bei Kindern im Alter von sechs Monaten bis f\u00fcnf Jahren. Eine zeitnahe Zulassung durch die EU-Kommission ist zu erwarten. Die STIKO gab noch keine Empfehlung ab. Die Europ\u00e4ische Arzneimittelbeh\u00f6rde (EMA) mit Sitz in Amsterdam informierte am 19. Oktober \u00fcber die weitere Senkung des Alters [&hellip;]\" \/>\n<meta property=\"og:url\" content=\"https:\/\/now-news.de\/de\/deutschland\/eu-arzneimittelbehoerde-genehmigt-corona-impfungen-fuer-saeuglinge-ab-sechs-monaten\/\" \/>\n<meta property=\"og:site_name\" content=\"just-now.NEWS Deutschland\" \/>\n<meta property=\"article:publisher\" content=\"https:\/\/www.facebook.com\/wirmachenauf\" \/>\n<meta property=\"article:published_time\" content=\"2022-10-20T14:21:19+00:00\" \/>\n<meta property=\"og:image\" content=\"https:\/\/now-news.de\/de\/wp-content\/uploads\/sites\/3\/2022\/10\/EU-Arzneimittelbehoerde-genehmigt-Corona-Impfungen-fuer-Saeuglinge-ab-sechs-Monaten.jpg\" \/>\n\t<meta property=\"og:image:width\" content=\"460\" \/>\n\t<meta property=\"og:image:height\" content=\"259\" \/>\n\t<meta property=\"og:image:type\" content=\"image\/jpeg\" \/>\n<meta name=\"author\" content=\"rtnews\" \/>\n<meta name=\"twitter:card\" content=\"summary_large_image\" \/>\n<meta name=\"twitter:creator\" content=\"@WirMachenAuf_de\" \/>\n<meta name=\"twitter:site\" content=\"@WirMachenAuf_de\" \/>\n<meta name=\"twitter:label1\" content=\"Verfasst von\" \/>\n\t<meta name=\"twitter:data1\" content=\"rtnews\" \/>\n\t<meta name=\"twitter:label2\" content=\"Gesch\u00e4tzte Lesezeit\" \/>\n\t<meta name=\"twitter:data2\" content=\"3\u00a0Minuten\" \/>\n<script type=\"application\/ld+json\" class=\"yoast-schema-graph\">{\"@context\":\"https:\/\/schema.org\",\"@graph\":[{\"@type\":\"Article\",\"@id\":\"https:\/\/now-news.de\/de\/deutschland\/eu-arzneimittelbehoerde-genehmigt-corona-impfungen-fuer-saeuglinge-ab-sechs-monaten\/#article\",\"isPartOf\":{\"@id\":\"https:\/\/now-news.de\/de\/deutschland\/eu-arzneimittelbehoerde-genehmigt-corona-impfungen-fuer-saeuglinge-ab-sechs-monaten\/\"},\"author\":{\"name\":\"rtnews\",\"@id\":\"https:\/\/now-news.de\/de\/#\/schema\/person\/fb534a4e865501d8b3285208df34a9b5\"},\"headline\":\"EU-Arzneimittelbeh\u00f6rde genehmigt Corona-Impfungen f\u00fcr S\u00e4uglinge ab sechs Monaten\",\"datePublished\":\"2022-10-20T14:21:19+00:00\",\"dateModified\":\"2022-10-20T14:21:19+00:00\",\"mainEntityOfPage\":{\"@id\":\"https:\/\/now-news.de\/de\/deutschland\/eu-arzneimittelbehoerde-genehmigt-corona-impfungen-fuer-saeuglinge-ab-sechs-monaten\/\"},\"wordCount\":595,\"commentCount\":0,\"publisher\":{\"@id\":\"https:\/\/now-news.de\/de\/#organization\"},\"image\":{\"@id\":\"https:\/\/now-news.de\/de\/deutschland\/eu-arzneimittelbehoerde-genehmigt-corona-impfungen-fuer-saeuglinge-ab-sechs-monaten\/#primaryimage\"},\"thumbnailUrl\":\"https:\/\/now-news.de\/de\/wp-content\/uploads\/sites\/3\/2022\/10\/EU-Arzneimittelbehoerde-genehmigt-Corona-Impfungen-fuer-Saeuglinge-ab-sechs-Monaten.jpg\",\"keywords\":[\"CoronaImpfungen\",\"EUArzneimittelbeh\u00f6rde\",\"f\u00fcr\",\"genehmigt\",\"Monaten\",\"S\u00e4uglinge\",\"sechs\"],\"articleSection\":[\"Deutschland\",\"Russland\"],\"inLanguage\":\"de\",\"potentialAction\":[{\"@type\":\"CommentAction\",\"name\":\"Comment\",\"target\":[\"https:\/\/now-news.de\/de\/deutschland\/eu-arzneimittelbehoerde-genehmigt-corona-impfungen-fuer-saeuglinge-ab-sechs-monaten\/#respond\"]}]},{\"@type\":\"WebPage\",\"@id\":\"https:\/\/now-news.de\/de\/deutschland\/eu-arzneimittelbehoerde-genehmigt-corona-impfungen-fuer-saeuglinge-ab-sechs-monaten\/\",\"url\":\"https:\/\/now-news.de\/de\/deutschland\/eu-arzneimittelbehoerde-genehmigt-corona-impfungen-fuer-saeuglinge-ab-sechs-monaten\/\",\"name\":\"EU-Arzneimittelbeh\u00f6rde genehmigt Corona-Impfungen f\u00fcr S\u00e4uglinge ab sechs Monaten - just-now.NEWS Deutschland\",\"isPartOf\":{\"@id\":\"https:\/\/now-news.de\/de\/#website\"},\"primaryImageOfPage\":{\"@id\":\"https:\/\/now-news.de\/de\/deutschland\/eu-arzneimittelbehoerde-genehmigt-corona-impfungen-fuer-saeuglinge-ab-sechs-monaten\/#primaryimage\"},\"image\":{\"@id\":\"https:\/\/now-news.de\/de\/deutschland\/eu-arzneimittelbehoerde-genehmigt-corona-impfungen-fuer-saeuglinge-ab-sechs-monaten\/#primaryimage\"},\"thumbnailUrl\":\"https:\/\/now-news.de\/de\/wp-content\/uploads\/sites\/3\/2022\/10\/EU-Arzneimittelbehoerde-genehmigt-Corona-Impfungen-fuer-Saeuglinge-ab-sechs-Monaten.jpg\",\"datePublished\":\"2022-10-20T14:21:19+00:00\",\"dateModified\":\"2022-10-20T14:21:19+00:00\",\"breadcrumb\":{\"@id\":\"https:\/\/now-news.de\/de\/deutschland\/eu-arzneimittelbehoerde-genehmigt-corona-impfungen-fuer-saeuglinge-ab-sechs-monaten\/#breadcrumb\"},\"inLanguage\":\"de\",\"potentialAction\":[{\"@type\":\"ReadAction\",\"target\":[\"https:\/\/now-news.de\/de\/deutschland\/eu-arzneimittelbehoerde-genehmigt-corona-impfungen-fuer-saeuglinge-ab-sechs-monaten\/\"]}]},{\"@type\":\"ImageObject\",\"inLanguage\":\"de\",\"@id\":\"https:\/\/now-news.de\/de\/deutschland\/eu-arzneimittelbehoerde-genehmigt-corona-impfungen-fuer-saeuglinge-ab-sechs-monaten\/#primaryimage\",\"url\":\"https:\/\/now-news.de\/de\/wp-content\/uploads\/sites\/3\/2022\/10\/EU-Arzneimittelbehoerde-genehmigt-Corona-Impfungen-fuer-Saeuglinge-ab-sechs-Monaten.jpg\",\"contentUrl\":\"https:\/\/now-news.de\/de\/wp-content\/uploads\/sites\/3\/2022\/10\/EU-Arzneimittelbehoerde-genehmigt-Corona-Impfungen-fuer-Saeuglinge-ab-sechs-Monaten.jpg\",\"width\":460,\"height\":259,\"caption\":\"EU-Arzneimittelbeh\u00f6rde genehmigt Corona-Impfungen f\u00fcr S\u00e4uglinge ab sechs Monaten\"},{\"@type\":\"BreadcrumbList\",\"@id\":\"https:\/\/now-news.de\/de\/deutschland\/eu-arzneimittelbehoerde-genehmigt-corona-impfungen-fuer-saeuglinge-ab-sechs-monaten\/#breadcrumb\",\"itemListElement\":[{\"@type\":\"ListItem\",\"position\":1,\"name\":\"Home\",\"item\":\"https:\/\/now-news.de\/de\/\"},{\"@type\":\"ListItem\",\"position\":2,\"name\":\"EU-Arzneimittelbeh\u00f6rde genehmigt Corona-Impfungen f\u00fcr S\u00e4uglinge ab sechs Monaten\"}]},{\"@type\":\"WebSite\",\"@id\":\"https:\/\/now-news.de\/de\/#website\",\"url\":\"https:\/\/now-news.de\/de\/\",\"name\":\"just-now.NEWS Deutschland\",\"description\":\"Das Portal f\u00fcr unzensierte Nachrichten aus der Welt\",\"publisher\":{\"@id\":\"https:\/\/now-news.de\/de\/#organization\"},\"potentialAction\":[{\"@type\":\"SearchAction\",\"target\":{\"@type\":\"EntryPoint\",\"urlTemplate\":\"https:\/\/now-news.de\/de\/?s={search_term_string}\"},\"query-input\":\"required name=search_term_string\"}],\"inLanguage\":\"de\"},{\"@type\":\"Organization\",\"@id\":\"https:\/\/now-news.de\/de\/#organization\",\"name\":\"Just Now News\",\"url\":\"https:\/\/now-news.de\/de\/\",\"logo\":{\"@type\":\"ImageObject\",\"inLanguage\":\"de\",\"@id\":\"https:\/\/now-news.de\/de\/#\/schema\/logo\/image\/\",\"url\":\"http:\/\/just-now.news\/de\/wp-content\/uploads\/sites\/3\/2022\/04\/logo500x500.jpg\",\"contentUrl\":\"http:\/\/just-now.news\/de\/wp-content\/uploads\/sites\/3\/2022\/04\/logo500x500.jpg\",\"width\":500,\"height\":500,\"caption\":\"Just Now News\"},\"image\":{\"@id\":\"https:\/\/now-news.de\/de\/#\/schema\/logo\/image\/\"},\"sameAs\":[\"https:\/\/www.facebook.com\/wirmachenauf\",\"https:\/\/x.com\/WirMachenAuf_de\"]},{\"@type\":\"Person\",\"@id\":\"https:\/\/now-news.de\/de\/#\/schema\/person\/fb534a4e865501d8b3285208df34a9b5\",\"name\":\"rtnews\",\"image\":{\"@type\":\"ImageObject\",\"inLanguage\":\"de\",\"@id\":\"https:\/\/now-news.de\/de\/#\/schema\/person\/image\/\",\"url\":\"https:\/\/secure.gravatar.com\/avatar\/82aafea7d8127119dd649515f56e2117?s=96&d=mm&r=g\",\"contentUrl\":\"https:\/\/secure.gravatar.com\/avatar\/82aafea7d8127119dd649515f56e2117?s=96&d=mm&r=g\",\"caption\":\"rtnews\"},\"url\":\"https:\/\/now-news.de\/de\/author\/rnews\/\"}]}<\/script>\n<!-- \/ Yoast SEO Premium plugin. -->","yoast_head_json":{"title":"EU-Arzneimittelbeh\u00f6rde genehmigt Corona-Impfungen f\u00fcr S\u00e4uglinge ab sechs Monaten - just-now.NEWS Deutschland","robots":{"index":"index","follow":"follow","max-snippet":"max-snippet:-1","max-image-preview":"max-image-preview:large","max-video-preview":"max-video-preview:-1"},"canonical":"https:\/\/now-news.de\/de\/deutschland\/eu-arzneimittelbehoerde-genehmigt-corona-impfungen-fuer-saeuglinge-ab-sechs-monaten\/","og_locale":"de_DE","og_type":"article","og_title":"EU-Arzneimittelbeh\u00f6rde genehmigt Corona-Impfungen f\u00fcr S\u00e4uglinge ab sechs Monaten","og_description":"Der Ausschuss f\u00fcr Humanarzneimittel der Europ\u00e4ischen Arzneimittelbeh\u00f6rde empfiehlt Corona-Impfungen nun auch bei Kindern im Alter von sechs Monaten bis f\u00fcnf Jahren. Eine zeitnahe Zulassung durch die EU-Kommission ist zu erwarten. Die STIKO gab noch keine Empfehlung ab. Die Europ\u00e4ische Arzneimittelbeh\u00f6rde (EMA) mit Sitz in Amsterdam informierte am 19. Oktober \u00fcber die weitere Senkung des Alters [&hellip;]","og_url":"https:\/\/now-news.de\/de\/deutschland\/eu-arzneimittelbehoerde-genehmigt-corona-impfungen-fuer-saeuglinge-ab-sechs-monaten\/","og_site_name":"just-now.NEWS Deutschland","article_publisher":"https:\/\/www.facebook.com\/wirmachenauf","article_published_time":"2022-10-20T14:21:19+00:00","og_image":[{"width":460,"height":259,"url":"https:\/\/now-news.de\/de\/wp-content\/uploads\/sites\/3\/2022\/10\/EU-Arzneimittelbehoerde-genehmigt-Corona-Impfungen-fuer-Saeuglinge-ab-sechs-Monaten.jpg","type":"image\/jpeg"}],"author":"rtnews","twitter_card":"summary_large_image","twitter_creator":"@WirMachenAuf_de","twitter_site":"@WirMachenAuf_de","twitter_misc":{"Verfasst von":"rtnews","Gesch\u00e4tzte Lesezeit":"3\u00a0Minuten"},"schema":{"@context":"https:\/\/schema.org","@graph":[{"@type":"Article","@id":"https:\/\/now-news.de\/de\/deutschland\/eu-arzneimittelbehoerde-genehmigt-corona-impfungen-fuer-saeuglinge-ab-sechs-monaten\/#article","isPartOf":{"@id":"https:\/\/now-news.de\/de\/deutschland\/eu-arzneimittelbehoerde-genehmigt-corona-impfungen-fuer-saeuglinge-ab-sechs-monaten\/"},"author":{"name":"rtnews","@id":"https:\/\/now-news.de\/de\/#\/schema\/person\/fb534a4e865501d8b3285208df34a9b5"},"headline":"EU-Arzneimittelbeh\u00f6rde genehmigt Corona-Impfungen f\u00fcr S\u00e4uglinge ab sechs Monaten","datePublished":"2022-10-20T14:21:19+00:00","dateModified":"2022-10-20T14:21:19+00:00","mainEntityOfPage":{"@id":"https:\/\/now-news.de\/de\/deutschland\/eu-arzneimittelbehoerde-genehmigt-corona-impfungen-fuer-saeuglinge-ab-sechs-monaten\/"},"wordCount":595,"commentCount":0,"publisher":{"@id":"https:\/\/now-news.de\/de\/#organization"},"image":{"@id":"https:\/\/now-news.de\/de\/deutschland\/eu-arzneimittelbehoerde-genehmigt-corona-impfungen-fuer-saeuglinge-ab-sechs-monaten\/#primaryimage"},"thumbnailUrl":"https:\/\/now-news.de\/de\/wp-content\/uploads\/sites\/3\/2022\/10\/EU-Arzneimittelbehoerde-genehmigt-Corona-Impfungen-fuer-Saeuglinge-ab-sechs-Monaten.jpg","keywords":["CoronaImpfungen","EUArzneimittelbeh\u00f6rde","f\u00fcr","genehmigt","Monaten","S\u00e4uglinge","sechs"],"articleSection":["Deutschland","Russland"],"inLanguage":"de","potentialAction":[{"@type":"CommentAction","name":"Comment","target":["https:\/\/now-news.de\/de\/deutschland\/eu-arzneimittelbehoerde-genehmigt-corona-impfungen-fuer-saeuglinge-ab-sechs-monaten\/#respond"]}]},{"@type":"WebPage","@id":"https:\/\/now-news.de\/de\/deutschland\/eu-arzneimittelbehoerde-genehmigt-corona-impfungen-fuer-saeuglinge-ab-sechs-monaten\/","url":"https:\/\/now-news.de\/de\/deutschland\/eu-arzneimittelbehoerde-genehmigt-corona-impfungen-fuer-saeuglinge-ab-sechs-monaten\/","name":"EU-Arzneimittelbeh\u00f6rde genehmigt Corona-Impfungen f\u00fcr S\u00e4uglinge ab sechs Monaten - just-now.NEWS Deutschland","isPartOf":{"@id":"https:\/\/now-news.de\/de\/#website"},"primaryImageOfPage":{"@id":"https:\/\/now-news.de\/de\/deutschland\/eu-arzneimittelbehoerde-genehmigt-corona-impfungen-fuer-saeuglinge-ab-sechs-monaten\/#primaryimage"},"image":{"@id":"https:\/\/now-news.de\/de\/deutschland\/eu-arzneimittelbehoerde-genehmigt-corona-impfungen-fuer-saeuglinge-ab-sechs-monaten\/#primaryimage"},"thumbnailUrl":"https:\/\/now-news.de\/de\/wp-content\/uploads\/sites\/3\/2022\/10\/EU-Arzneimittelbehoerde-genehmigt-Corona-Impfungen-fuer-Saeuglinge-ab-sechs-Monaten.jpg","datePublished":"2022-10-20T14:21:19+00:00","dateModified":"2022-10-20T14:21:19+00:00","breadcrumb":{"@id":"https:\/\/now-news.de\/de\/deutschland\/eu-arzneimittelbehoerde-genehmigt-corona-impfungen-fuer-saeuglinge-ab-sechs-monaten\/#breadcrumb"},"inLanguage":"de","potentialAction":[{"@type":"ReadAction","target":["https:\/\/now-news.de\/de\/deutschland\/eu-arzneimittelbehoerde-genehmigt-corona-impfungen-fuer-saeuglinge-ab-sechs-monaten\/"]}]},{"@type":"ImageObject","inLanguage":"de","@id":"https:\/\/now-news.de\/de\/deutschland\/eu-arzneimittelbehoerde-genehmigt-corona-impfungen-fuer-saeuglinge-ab-sechs-monaten\/#primaryimage","url":"https:\/\/now-news.de\/de\/wp-content\/uploads\/sites\/3\/2022\/10\/EU-Arzneimittelbehoerde-genehmigt-Corona-Impfungen-fuer-Saeuglinge-ab-sechs-Monaten.jpg","contentUrl":"https:\/\/now-news.de\/de\/wp-content\/uploads\/sites\/3\/2022\/10\/EU-Arzneimittelbehoerde-genehmigt-Corona-Impfungen-fuer-Saeuglinge-ab-sechs-Monaten.jpg","width":460,"height":259,"caption":"EU-Arzneimittelbeh\u00f6rde genehmigt Corona-Impfungen f\u00fcr S\u00e4uglinge ab sechs Monaten"},{"@type":"BreadcrumbList","@id":"https:\/\/now-news.de\/de\/deutschland\/eu-arzneimittelbehoerde-genehmigt-corona-impfungen-fuer-saeuglinge-ab-sechs-monaten\/#breadcrumb","itemListElement":[{"@type":"ListItem","position":1,"name":"Home","item":"https:\/\/now-news.de\/de\/"},{"@type":"ListItem","position":2,"name":"EU-Arzneimittelbeh\u00f6rde genehmigt Corona-Impfungen f\u00fcr S\u00e4uglinge ab sechs Monaten"}]},{"@type":"WebSite","@id":"https:\/\/now-news.de\/de\/#website","url":"https:\/\/now-news.de\/de\/","name":"just-now.NEWS Deutschland","description":"Das Portal f\u00fcr unzensierte Nachrichten aus der Welt","publisher":{"@id":"https:\/\/now-news.de\/de\/#organization"},"potentialAction":[{"@type":"SearchAction","target":{"@type":"EntryPoint","urlTemplate":"https:\/\/now-news.de\/de\/?s={search_term_string}"},"query-input":"required name=search_term_string"}],"inLanguage":"de"},{"@type":"Organization","@id":"https:\/\/now-news.de\/de\/#organization","name":"Just Now News","url":"https:\/\/now-news.de\/de\/","logo":{"@type":"ImageObject","inLanguage":"de","@id":"https:\/\/now-news.de\/de\/#\/schema\/logo\/image\/","url":"http:\/\/just-now.news\/de\/wp-content\/uploads\/sites\/3\/2022\/04\/logo500x500.jpg","contentUrl":"http:\/\/just-now.news\/de\/wp-content\/uploads\/sites\/3\/2022\/04\/logo500x500.jpg","width":500,"height":500,"caption":"Just Now News"},"image":{"@id":"https:\/\/now-news.de\/de\/#\/schema\/logo\/image\/"},"sameAs":["https:\/\/www.facebook.com\/wirmachenauf","https:\/\/x.com\/WirMachenAuf_de"]},{"@type":"Person","@id":"https:\/\/now-news.de\/de\/#\/schema\/person\/fb534a4e865501d8b3285208df34a9b5","name":"rtnews","image":{"@type":"ImageObject","inLanguage":"de","@id":"https:\/\/now-news.de\/de\/#\/schema\/person\/image\/","url":"https:\/\/secure.gravatar.com\/avatar\/82aafea7d8127119dd649515f56e2117?s=96&d=mm&r=g","contentUrl":"https:\/\/secure.gravatar.com\/avatar\/82aafea7d8127119dd649515f56e2117?s=96&d=mm&r=g","caption":"rtnews"},"url":"https:\/\/now-news.de\/de\/author\/rnews\/"}]}},"_links":{"self":[{"href":"https:\/\/now-news.de\/de\/wp-json\/wp\/v2\/posts\/21411"}],"collection":[{"href":"https:\/\/now-news.de\/de\/wp-json\/wp\/v2\/posts"}],"about":[{"href":"https:\/\/now-news.de\/de\/wp-json\/wp\/v2\/types\/post"}],"author":[{"embeddable":true,"href":"https:\/\/now-news.de\/de\/wp-json\/wp\/v2\/users\/3"}],"replies":[{"embeddable":true,"href":"https:\/\/now-news.de\/de\/wp-json\/wp\/v2\/comments?post=21411"}],"version-history":[{"count":0,"href":"https:\/\/now-news.de\/de\/wp-json\/wp\/v2\/posts\/21411\/revisions"}],"wp:featuredmedia":[{"embeddable":true,"href":"https:\/\/now-news.de\/de\/wp-json\/wp\/v2\/media\/21412"}],"wp:attachment":[{"href":"https:\/\/now-news.de\/de\/wp-json\/wp\/v2\/media?parent=21411"}],"wp:term":[{"taxonomy":"category","embeddable":true,"href":"https:\/\/now-news.de\/de\/wp-json\/wp\/v2\/categories?post=21411"},{"taxonomy":"post_tag","embeddable":true,"href":"https:\/\/now-news.de\/de\/wp-json\/wp\/v2\/tags?post=21411"}],"curies":[{"name":"wp","href":"https:\/\/api.w.org\/{rel}","templated":true}]}}