{"id":21362,"date":"2022-10-19T19:06:40","date_gmt":"2022-10-19T17:06:40","guid":{"rendered":"http:\/\/just-now.news\/de\/deutschland\/keine-zensur-auf-der-frankfurter-buchmesse-ausser-fuer-den-russischen-nationalstand\/"},"modified":"2022-10-19T19:06:40","modified_gmt":"2022-10-19T17:06:40","slug":"keine-zensur-auf-der-frankfurter-buchmesse-ausser-fuer-den-russischen-nationalstand","status":"publish","type":"post","link":"https:\/\/now-news.de\/de\/deutschland\/keine-zensur-auf-der-frankfurter-buchmesse-ausser-fuer-den-russischen-nationalstand\/","title":{"rendered":"Keine Zensur auf der Frankfurter Buchmesse \u2013 au\u00dfer &quot;f\u00fcr den russischen Nationalstand&quot;"},"content":{"rendered":"<p><img decoding=\"async\" src=\"http:\/\/just-now.news\/de\/wp-content\/uploads\/sites\/3\/2022\/10\/634fe51cb480cc50ed1ce1d8.jpg\" \/><\/p>\n<div class=\"Text-root Text-type_1 \">\n                Die Frankfurter Buchmesse h\u00e4lt wegen des Ukraine-Krieges jegliche Zusammenarbeit mit staatlichen russischen Literatur-Institutionen f\u00fcr ausgeschlossen. Vertreten sind nun ausschlie\u00dflich russische Exilautoren und Menschenrechtsaktivisten.\n            <\/div>\n<p><\/p>\n<div class=\"Text-root Text-type_5 ArticleView-text ViewText-root \">\n<p>Die diesj\u00e4hrige Frankfurter Buchmesse findet vom 19. bis 23. Oktober statt. Schwerpunktthema ist in diesem Jahr auch der Krieg in der Ukraine. Messedirektor Juergen Boos wurde dazu von der <em>Frankfurter Rundschau<\/em>\u00a0(<em>FR<\/em>) <a rel=\"nofollow noopener\" target=\"_blank\" href=\"https:\/\/www.fr.de\/frankfurt\/juergen-boos-wir-muessen-alle-stimmen-hoeren-insofern-sie-nicht-gegen-die-gesetze-verstossen-91854438.html\">interviewt<\/a>. Zum Thema der Anwesenheit russischer Verlage auf der Messe erl\u00e4uterte Boos:<\/p>\n<blockquote>\n<p><em>&#8220;Wir haben uns direkt nach dem v\u00f6lkerrechtswidrigen \u00dcberfall auf die Ukraine dazu entschieden, keinen russischen Nationalstand auf der Messe zu haben.&#8221;<\/em><\/p>\n<\/blockquote>\n<p>In dem offiziellen <a rel=\"nofollow noopener\" target=\"_blank\" href=\"https:\/\/www.buchmesse.de\/news\/statement-der-frankfurter-buchmesse-zu-russlands-krieg-der-ukraine\">Statement<\/a> der Frankfurter Buchmesse hei\u00dft es:<\/p>\n<blockquote>\n<p><em>&#8220;Die Veranstalter der Frankfurter Buchmesse verurteilen den von Pr\u00e4sident Putin befehligten Angriff Russlands auf die Ukraine aufs Sch\u00e4rfste. Vor dem Hintergrund des v\u00f6lkerrechtswidrigen Einmarsches der Russischen F\u00f6deration in die Ukraine h\u00e4lt die Frankfurter Buchmesse jede Zusammenarbeit mit den staatlichen russischen Institutionen, die f\u00fcr den russischen Nationalstand auf der Frankfurter Buchmesse verantwortlich sind, f\u00fcr ausgeschlossen.&#8221;<\/em><\/p>\n<\/blockquote>\n<p>Die Frankfurter Buchmesse sichere jedoch &#8220;den ukrainischen Verlegerverb\u00e4nden ihre volle und uneingeschr\u00e4nkte Unterst\u00fctzung zu&#8221;, so der Wortlaut aus der Mitteilung. Boos betonte in dem Interview, dass die Messe &#8220;aber auch f\u00fcr die Rede- und Meinungsfreiheit, die Position &#8220;freedom to publish&#8221; stehen w\u00fcrde. Weiter hei\u00dft es:<\/p>\n<blockquote>\n<p><em>&#8220;Wir m\u00fcssen alle Stimmen h\u00f6ren, insofern sie nicht gegen die Gesetze versto\u00dfen, und ihnen die M\u00f6glichkeit geben, geh\u00f6rt zu werden. Wenn wir anfangen, da zu zensieren, wo h\u00f6ren wir dann auf?&#8221;\u00a0<\/em><\/p>\n<\/blockquote>\n<p>In einem Messe-Pavillon werden Themen angesprochen, &#8220;die uns sehr wichtig sind, wie etwa zur Demokratie und zur Redefreiheit&#8221;:<\/p>\n<blockquote>\n<p><em>&#8220;Dort werden Veranstaltungen zur Ukraine und zur russischen Opposition stattfinden.&#8221;<\/em><\/p>\n<\/blockquote>\n<p>Zudem wird auf gemeinsame <a rel=\"nofollow noopener\" target=\"_blank\" href=\"https:\/\/buecher.at\/frankfurter-buchmesse-video-botschaft-des-ukrainischen-praesidenten-selenskyj\/\">Einladung<\/a> der Frankfurter Buchmesse und der Federation of European Publishers (FEP) der ukrainische Pr\u00e4sident Wladimir Selenskij per Videobotschaft zu dem europ\u00e4ischen Verlegerverband sprechen. Dessen Ehefrau, Olena Selenska, ist in der Gespr\u00e4chsreihe BRIGITTE LIVE\u00a0am 22. Oktober <a rel=\"nofollow noopener\" target=\"_blank\" href=\"https:\/\/www.buchmesse.de\/presse\/pressemitteilungen\/2022-10-12-olena-selenska-bei-brigitte-live-auf-der-frankfurter-buchmesse\">zu Gast<\/a> auf der Messe. Der ukrainische Schriftsteller Serhij Zhadan wird den Friedenspreis des deutschen Buchhandels erhalten. Boos informierte\u00a0des Weiteren, dass der Veranstalter &#8220;auch die Auslandsorganisation des deutschen Buchhandels&#8221; darstellt. Er erkl\u00e4rte:<\/p>\n<blockquote>\n<p><em>&#8220;Mit Unterst\u00fctzung des Ausw\u00e4rtigen Amts haben wir enge Beziehungen zu dem Buchinstitut in der Ukraine gekn\u00fcpft, wir waren h\u00e4ufig Aussteller auf der Kiewer Fr\u00fchjahrsbuchmesse Book Arsenal. Auf der Frankfurter Buchmesse wird es einen 100 Quadratmeter gro\u00dfen Gemeinschaftsstand zur Ukraine geben, den wir gemeinsam mit dem Goethe-Institut und dem Ukrainian Book Institute organisieren.&#8221;<\/em><\/p>\n<\/blockquote>\n<p><strong>Mehr zum Thema <\/strong>&#8211;<strong><\/strong><a rel=\"nofollow noopener\" target=\"_blank\" href=\"https:\/\/pressefreiheit.rtde.tech\/inland\/150202-gleichschaltung-wie-bundesregierung-antirussische-narrativ\/\">Gleichschaltung: Wie die Bundesregierung das antirussische Narrativ kontrolliert<\/a><\/p>\n<\/div>\n<p><br \/>\n<br \/><a href=\"https:\/\/de.rt.com\/inland\/152000-keine-zensur-auf-frankfurter-buchmesse\/\">Source link <\/a><\/p>\n","protected":false},"excerpt":{"rendered":"<p>Die Frankfurter Buchmesse h\u00e4lt wegen des Ukraine-Krieges jegliche Zusammenarbeit mit staatlichen russischen Literatur-Institutionen f\u00fcr ausgeschlossen. Vertreten sind nun ausschlie\u00dflich russische Exilautoren und Menschenrechtsaktivisten. Die diesj\u00e4hrige Frankfurter Buchmesse findet vom 19. bis 23. Oktober statt. Schwerpunktthema ist in diesem Jahr auch der Krieg in der Ukraine. Messedirektor Juergen Boos wurde dazu von der Frankfurter Rundschau\u00a0(FR) interviewt. [&hellip;]<\/p>\n","protected":false},"author":3,"featured_media":21363,"comment_status":"open","ping_status":"open","sticky":false,"template":"","format":"standard","meta":{"wp_automatic_camp":["217"],"11fee983c02f93c73ea1076d20469be3":["Keine Zensur auf der Frankfurter Buchmesse \u2013 au\u00dfer &quot;f\u00fcr den russischen Nationalstand&quot;"],"original_link":["https:\/\/de.rt.com\/inland\/152000-keine-zensur-auf-frankfurter-buchmesse\/"],"_thumbnail_id":["21363"],"_wptg_p2tg_sent2tg":["2022-10-19 19:20:09"],"jnews_social_counter_last_update":["1777183481"]},"categories":[19,23],"tags":[133,8672,34616,48,82,26909,375,34617,29542,973,5381],"yoast_head":"<!-- This site is optimized with the Yoast SEO Premium plugin v22.7 (Yoast SEO v22.7) - https:\/\/yoast.com\/wordpress\/plugins\/seo\/ -->\n<title>Keine Zensur auf der Frankfurter Buchmesse \u2013 au\u00dfer &quot;f\u00fcr den russischen Nationalstand&quot; - just-now.NEWS Deutschland<\/title>\n<meta name=\"robots\" content=\"index, follow, max-snippet:-1, max-image-preview:large, max-video-preview:-1\" \/>\n<link rel=\"canonical\" href=\"https:\/\/now-news.de\/de\/deutschland\/keine-zensur-auf-der-frankfurter-buchmesse-ausser-fuer-den-russischen-nationalstand\/\" \/>\n<meta property=\"og:locale\" content=\"de_DE\" \/>\n<meta property=\"og:type\" content=\"article\" \/>\n<meta property=\"og:title\" content=\"Keine Zensur auf der Frankfurter Buchmesse \u2013 au\u00dfer &quot;f\u00fcr den russischen Nationalstand&quot;\" \/>\n<meta property=\"og:description\" content=\"Die Frankfurter Buchmesse h\u00e4lt wegen des Ukraine-Krieges jegliche Zusammenarbeit mit staatlichen russischen Literatur-Institutionen f\u00fcr ausgeschlossen. Vertreten sind nun ausschlie\u00dflich russische Exilautoren und Menschenrechtsaktivisten. Die diesj\u00e4hrige Frankfurter Buchmesse findet vom 19. bis 23. Oktober statt. Schwerpunktthema ist in diesem Jahr auch der Krieg in der Ukraine. Messedirektor Juergen Boos wurde dazu von der Frankfurter Rundschau\u00a0(FR) interviewt. [&hellip;]\" \/>\n<meta property=\"og:url\" content=\"https:\/\/now-news.de\/de\/deutschland\/keine-zensur-auf-der-frankfurter-buchmesse-ausser-fuer-den-russischen-nationalstand\/\" \/>\n<meta property=\"og:site_name\" content=\"just-now.NEWS Deutschland\" \/>\n<meta property=\"article:publisher\" content=\"https:\/\/www.facebook.com\/wirmachenauf\" \/>\n<meta property=\"article:published_time\" content=\"2022-10-19T17:06:40+00:00\" \/>\n<meta property=\"og:image\" content=\"https:\/\/now-news.de\/de\/wp-content\/uploads\/sites\/3\/2022\/10\/Keine-Zensur-auf-der-Frankfurter-Buchmesse-\u2013-ausser-quotfuer-den.jpg\" \/>\n\t<meta property=\"og:image:width\" content=\"460\" \/>\n\t<meta property=\"og:image:height\" content=\"259\" \/>\n\t<meta property=\"og:image:type\" content=\"image\/jpeg\" \/>\n<meta name=\"author\" content=\"rtnews\" \/>\n<meta name=\"twitter:card\" content=\"summary_large_image\" \/>\n<meta name=\"twitter:creator\" content=\"@WirMachenAuf_de\" \/>\n<meta name=\"twitter:site\" content=\"@WirMachenAuf_de\" \/>\n<meta name=\"twitter:label1\" content=\"Verfasst von\" \/>\n\t<meta name=\"twitter:data1\" content=\"rtnews\" \/>\n\t<meta name=\"twitter:label2\" content=\"Gesch\u00e4tzte Lesezeit\" \/>\n\t<meta name=\"twitter:data2\" content=\"2\u00a0Minuten\" \/>\n<script type=\"application\/ld+json\" class=\"yoast-schema-graph\">{\"@context\":\"https:\/\/schema.org\",\"@graph\":[{\"@type\":\"Article\",\"@id\":\"https:\/\/now-news.de\/de\/deutschland\/keine-zensur-auf-der-frankfurter-buchmesse-ausser-fuer-den-russischen-nationalstand\/#article\",\"isPartOf\":{\"@id\":\"https:\/\/now-news.de\/de\/deutschland\/keine-zensur-auf-der-frankfurter-buchmesse-ausser-fuer-den-russischen-nationalstand\/\"},\"author\":{\"name\":\"rtnews\",\"@id\":\"https:\/\/now-news.de\/de\/#\/schema\/person\/fb534a4e865501d8b3285208df34a9b5\"},\"headline\":\"Keine Zensur auf der Frankfurter Buchmesse \u2013 au\u00dfer &quot;f\u00fcr den russischen Nationalstand&quot;\",\"datePublished\":\"2022-10-19T17:06:40+00:00\",\"dateModified\":\"2022-10-19T17:06:40+00:00\",\"mainEntityOfPage\":{\"@id\":\"https:\/\/now-news.de\/de\/deutschland\/keine-zensur-auf-der-frankfurter-buchmesse-ausser-fuer-den-russischen-nationalstand\/\"},\"wordCount\":442,\"commentCount\":0,\"publisher\":{\"@id\":\"https:\/\/now-news.de\/de\/#organization\"},\"image\":{\"@id\":\"https:\/\/now-news.de\/de\/deutschland\/keine-zensur-auf-der-frankfurter-buchmesse-ausser-fuer-den-russischen-nationalstand\/#primaryimage\"},\"thumbnailUrl\":\"https:\/\/now-news.de\/de\/wp-content\/uploads\/sites\/3\/2022\/10\/Keine-Zensur-auf-der-Frankfurter-Buchmesse-\u2013-ausser-quotfuer-den.jpg\",\"keywords\":[\"AUF\",\"au\u00dfer\",\"Buchmesse\",\"den\",\"der\",\"Frankfurter\",\"keine\",\"Nationalstandquot\",\"quotF\u00fcr\",\"russischen\",\"Zensur\"],\"articleSection\":[\"Deutschland\",\"Russland\"],\"inLanguage\":\"de\",\"potentialAction\":[{\"@type\":\"CommentAction\",\"name\":\"Comment\",\"target\":[\"https:\/\/now-news.de\/de\/deutschland\/keine-zensur-auf-der-frankfurter-buchmesse-ausser-fuer-den-russischen-nationalstand\/#respond\"]}]},{\"@type\":\"WebPage\",\"@id\":\"https:\/\/now-news.de\/de\/deutschland\/keine-zensur-auf-der-frankfurter-buchmesse-ausser-fuer-den-russischen-nationalstand\/\",\"url\":\"https:\/\/now-news.de\/de\/deutschland\/keine-zensur-auf-der-frankfurter-buchmesse-ausser-fuer-den-russischen-nationalstand\/\",\"name\":\"Keine Zensur auf der Frankfurter Buchmesse \u2013 au\u00dfer &quot;f\u00fcr den russischen Nationalstand&quot; - just-now.NEWS Deutschland\",\"isPartOf\":{\"@id\":\"https:\/\/now-news.de\/de\/#website\"},\"primaryImageOfPage\":{\"@id\":\"https:\/\/now-news.de\/de\/deutschland\/keine-zensur-auf-der-frankfurter-buchmesse-ausser-fuer-den-russischen-nationalstand\/#primaryimage\"},\"image\":{\"@id\":\"https:\/\/now-news.de\/de\/deutschland\/keine-zensur-auf-der-frankfurter-buchmesse-ausser-fuer-den-russischen-nationalstand\/#primaryimage\"},\"thumbnailUrl\":\"https:\/\/now-news.de\/de\/wp-content\/uploads\/sites\/3\/2022\/10\/Keine-Zensur-auf-der-Frankfurter-Buchmesse-\u2013-ausser-quotfuer-den.jpg\",\"datePublished\":\"2022-10-19T17:06:40+00:00\",\"dateModified\":\"2022-10-19T17:06:40+00:00\",\"breadcrumb\":{\"@id\":\"https:\/\/now-news.de\/de\/deutschland\/keine-zensur-auf-der-frankfurter-buchmesse-ausser-fuer-den-russischen-nationalstand\/#breadcrumb\"},\"inLanguage\":\"de\",\"potentialAction\":[{\"@type\":\"ReadAction\",\"target\":[\"https:\/\/now-news.de\/de\/deutschland\/keine-zensur-auf-der-frankfurter-buchmesse-ausser-fuer-den-russischen-nationalstand\/\"]}]},{\"@type\":\"ImageObject\",\"inLanguage\":\"de\",\"@id\":\"https:\/\/now-news.de\/de\/deutschland\/keine-zensur-auf-der-frankfurter-buchmesse-ausser-fuer-den-russischen-nationalstand\/#primaryimage\",\"url\":\"https:\/\/now-news.de\/de\/wp-content\/uploads\/sites\/3\/2022\/10\/Keine-Zensur-auf-der-Frankfurter-Buchmesse-\u2013-ausser-quotfuer-den.jpg\",\"contentUrl\":\"https:\/\/now-news.de\/de\/wp-content\/uploads\/sites\/3\/2022\/10\/Keine-Zensur-auf-der-Frankfurter-Buchmesse-\u2013-ausser-quotfuer-den.jpg\",\"width\":460,\"height\":259,\"caption\":\"Keine Zensur auf der Frankfurter Buchmesse \u2013 au\u00dfer &quot;f\u00fcr den russischen Nationalstand&quot;\"},{\"@type\":\"BreadcrumbList\",\"@id\":\"https:\/\/now-news.de\/de\/deutschland\/keine-zensur-auf-der-frankfurter-buchmesse-ausser-fuer-den-russischen-nationalstand\/#breadcrumb\",\"itemListElement\":[{\"@type\":\"ListItem\",\"position\":1,\"name\":\"Home\",\"item\":\"https:\/\/now-news.de\/de\/\"},{\"@type\":\"ListItem\",\"position\":2,\"name\":\"Keine Zensur auf der Frankfurter Buchmesse \u2013 au\u00dfer &quot;f\u00fcr den russischen Nationalstand&quot;\"}]},{\"@type\":\"WebSite\",\"@id\":\"https:\/\/now-news.de\/de\/#website\",\"url\":\"https:\/\/now-news.de\/de\/\",\"name\":\"just-now.NEWS Deutschland\",\"description\":\"Das Portal f\u00fcr unzensierte Nachrichten aus der Welt\",\"publisher\":{\"@id\":\"https:\/\/now-news.de\/de\/#organization\"},\"potentialAction\":[{\"@type\":\"SearchAction\",\"target\":{\"@type\":\"EntryPoint\",\"urlTemplate\":\"https:\/\/now-news.de\/de\/?s={search_term_string}\"},\"query-input\":\"required name=search_term_string\"}],\"inLanguage\":\"de\"},{\"@type\":\"Organization\",\"@id\":\"https:\/\/now-news.de\/de\/#organization\",\"name\":\"Just Now News\",\"url\":\"https:\/\/now-news.de\/de\/\",\"logo\":{\"@type\":\"ImageObject\",\"inLanguage\":\"de\",\"@id\":\"https:\/\/now-news.de\/de\/#\/schema\/logo\/image\/\",\"url\":\"http:\/\/just-now.news\/de\/wp-content\/uploads\/sites\/3\/2022\/04\/logo500x500.jpg\",\"contentUrl\":\"http:\/\/just-now.news\/de\/wp-content\/uploads\/sites\/3\/2022\/04\/logo500x500.jpg\",\"width\":500,\"height\":500,\"caption\":\"Just Now News\"},\"image\":{\"@id\":\"https:\/\/now-news.de\/de\/#\/schema\/logo\/image\/\"},\"sameAs\":[\"https:\/\/www.facebook.com\/wirmachenauf\",\"https:\/\/x.com\/WirMachenAuf_de\"]},{\"@type\":\"Person\",\"@id\":\"https:\/\/now-news.de\/de\/#\/schema\/person\/fb534a4e865501d8b3285208df34a9b5\",\"name\":\"rtnews\",\"image\":{\"@type\":\"ImageObject\",\"inLanguage\":\"de\",\"@id\":\"https:\/\/now-news.de\/de\/#\/schema\/person\/image\/\",\"url\":\"https:\/\/secure.gravatar.com\/avatar\/82aafea7d8127119dd649515f56e2117?s=96&d=mm&r=g\",\"contentUrl\":\"https:\/\/secure.gravatar.com\/avatar\/82aafea7d8127119dd649515f56e2117?s=96&d=mm&r=g\",\"caption\":\"rtnews\"},\"url\":\"https:\/\/now-news.de\/de\/author\/rnews\/\"}]}<\/script>\n<!-- \/ Yoast SEO Premium plugin. -->","yoast_head_json":{"title":"Keine Zensur auf der Frankfurter Buchmesse \u2013 au\u00dfer &quot;f\u00fcr den russischen Nationalstand&quot; - just-now.NEWS Deutschland","robots":{"index":"index","follow":"follow","max-snippet":"max-snippet:-1","max-image-preview":"max-image-preview:large","max-video-preview":"max-video-preview:-1"},"canonical":"https:\/\/now-news.de\/de\/deutschland\/keine-zensur-auf-der-frankfurter-buchmesse-ausser-fuer-den-russischen-nationalstand\/","og_locale":"de_DE","og_type":"article","og_title":"Keine Zensur auf der Frankfurter Buchmesse \u2013 au\u00dfer &quot;f\u00fcr den russischen Nationalstand&quot;","og_description":"Die Frankfurter Buchmesse h\u00e4lt wegen des Ukraine-Krieges jegliche Zusammenarbeit mit staatlichen russischen Literatur-Institutionen f\u00fcr ausgeschlossen. Vertreten sind nun ausschlie\u00dflich russische Exilautoren und Menschenrechtsaktivisten. Die diesj\u00e4hrige Frankfurter Buchmesse findet vom 19. bis 23. Oktober statt. Schwerpunktthema ist in diesem Jahr auch der Krieg in der Ukraine. Messedirektor Juergen Boos wurde dazu von der Frankfurter Rundschau\u00a0(FR) interviewt. [&hellip;]","og_url":"https:\/\/now-news.de\/de\/deutschland\/keine-zensur-auf-der-frankfurter-buchmesse-ausser-fuer-den-russischen-nationalstand\/","og_site_name":"just-now.NEWS Deutschland","article_publisher":"https:\/\/www.facebook.com\/wirmachenauf","article_published_time":"2022-10-19T17:06:40+00:00","og_image":[{"width":460,"height":259,"url":"https:\/\/now-news.de\/de\/wp-content\/uploads\/sites\/3\/2022\/10\/Keine-Zensur-auf-der-Frankfurter-Buchmesse-\u2013-ausser-quotfuer-den.jpg","type":"image\/jpeg"}],"author":"rtnews","twitter_card":"summary_large_image","twitter_creator":"@WirMachenAuf_de","twitter_site":"@WirMachenAuf_de","twitter_misc":{"Verfasst von":"rtnews","Gesch\u00e4tzte Lesezeit":"2\u00a0Minuten"},"schema":{"@context":"https:\/\/schema.org","@graph":[{"@type":"Article","@id":"https:\/\/now-news.de\/de\/deutschland\/keine-zensur-auf-der-frankfurter-buchmesse-ausser-fuer-den-russischen-nationalstand\/#article","isPartOf":{"@id":"https:\/\/now-news.de\/de\/deutschland\/keine-zensur-auf-der-frankfurter-buchmesse-ausser-fuer-den-russischen-nationalstand\/"},"author":{"name":"rtnews","@id":"https:\/\/now-news.de\/de\/#\/schema\/person\/fb534a4e865501d8b3285208df34a9b5"},"headline":"Keine Zensur auf der Frankfurter Buchmesse \u2013 au\u00dfer &quot;f\u00fcr den russischen Nationalstand&quot;","datePublished":"2022-10-19T17:06:40+00:00","dateModified":"2022-10-19T17:06:40+00:00","mainEntityOfPage":{"@id":"https:\/\/now-news.de\/de\/deutschland\/keine-zensur-auf-der-frankfurter-buchmesse-ausser-fuer-den-russischen-nationalstand\/"},"wordCount":442,"commentCount":0,"publisher":{"@id":"https:\/\/now-news.de\/de\/#organization"},"image":{"@id":"https:\/\/now-news.de\/de\/deutschland\/keine-zensur-auf-der-frankfurter-buchmesse-ausser-fuer-den-russischen-nationalstand\/#primaryimage"},"thumbnailUrl":"https:\/\/now-news.de\/de\/wp-content\/uploads\/sites\/3\/2022\/10\/Keine-Zensur-auf-der-Frankfurter-Buchmesse-\u2013-ausser-quotfuer-den.jpg","keywords":["AUF","au\u00dfer","Buchmesse","den","der","Frankfurter","keine","Nationalstandquot","quotF\u00fcr","russischen","Zensur"],"articleSection":["Deutschland","Russland"],"inLanguage":"de","potentialAction":[{"@type":"CommentAction","name":"Comment","target":["https:\/\/now-news.de\/de\/deutschland\/keine-zensur-auf-der-frankfurter-buchmesse-ausser-fuer-den-russischen-nationalstand\/#respond"]}]},{"@type":"WebPage","@id":"https:\/\/now-news.de\/de\/deutschland\/keine-zensur-auf-der-frankfurter-buchmesse-ausser-fuer-den-russischen-nationalstand\/","url":"https:\/\/now-news.de\/de\/deutschland\/keine-zensur-auf-der-frankfurter-buchmesse-ausser-fuer-den-russischen-nationalstand\/","name":"Keine Zensur auf der Frankfurter Buchmesse \u2013 au\u00dfer &quot;f\u00fcr den russischen Nationalstand&quot; - just-now.NEWS Deutschland","isPartOf":{"@id":"https:\/\/now-news.de\/de\/#website"},"primaryImageOfPage":{"@id":"https:\/\/now-news.de\/de\/deutschland\/keine-zensur-auf-der-frankfurter-buchmesse-ausser-fuer-den-russischen-nationalstand\/#primaryimage"},"image":{"@id":"https:\/\/now-news.de\/de\/deutschland\/keine-zensur-auf-der-frankfurter-buchmesse-ausser-fuer-den-russischen-nationalstand\/#primaryimage"},"thumbnailUrl":"https:\/\/now-news.de\/de\/wp-content\/uploads\/sites\/3\/2022\/10\/Keine-Zensur-auf-der-Frankfurter-Buchmesse-\u2013-ausser-quotfuer-den.jpg","datePublished":"2022-10-19T17:06:40+00:00","dateModified":"2022-10-19T17:06:40+00:00","breadcrumb":{"@id":"https:\/\/now-news.de\/de\/deutschland\/keine-zensur-auf-der-frankfurter-buchmesse-ausser-fuer-den-russischen-nationalstand\/#breadcrumb"},"inLanguage":"de","potentialAction":[{"@type":"ReadAction","target":["https:\/\/now-news.de\/de\/deutschland\/keine-zensur-auf-der-frankfurter-buchmesse-ausser-fuer-den-russischen-nationalstand\/"]}]},{"@type":"ImageObject","inLanguage":"de","@id":"https:\/\/now-news.de\/de\/deutschland\/keine-zensur-auf-der-frankfurter-buchmesse-ausser-fuer-den-russischen-nationalstand\/#primaryimage","url":"https:\/\/now-news.de\/de\/wp-content\/uploads\/sites\/3\/2022\/10\/Keine-Zensur-auf-der-Frankfurter-Buchmesse-\u2013-ausser-quotfuer-den.jpg","contentUrl":"https:\/\/now-news.de\/de\/wp-content\/uploads\/sites\/3\/2022\/10\/Keine-Zensur-auf-der-Frankfurter-Buchmesse-\u2013-ausser-quotfuer-den.jpg","width":460,"height":259,"caption":"Keine Zensur auf der Frankfurter Buchmesse \u2013 au\u00dfer &quot;f\u00fcr den russischen Nationalstand&quot;"},{"@type":"BreadcrumbList","@id":"https:\/\/now-news.de\/de\/deutschland\/keine-zensur-auf-der-frankfurter-buchmesse-ausser-fuer-den-russischen-nationalstand\/#breadcrumb","itemListElement":[{"@type":"ListItem","position":1,"name":"Home","item":"https:\/\/now-news.de\/de\/"},{"@type":"ListItem","position":2,"name":"Keine Zensur auf der Frankfurter Buchmesse \u2013 au\u00dfer &quot;f\u00fcr den russischen Nationalstand&quot;"}]},{"@type":"WebSite","@id":"https:\/\/now-news.de\/de\/#website","url":"https:\/\/now-news.de\/de\/","name":"just-now.NEWS Deutschland","description":"Das Portal f\u00fcr unzensierte Nachrichten aus der Welt","publisher":{"@id":"https:\/\/now-news.de\/de\/#organization"},"potentialAction":[{"@type":"SearchAction","target":{"@type":"EntryPoint","urlTemplate":"https:\/\/now-news.de\/de\/?s={search_term_string}"},"query-input":"required name=search_term_string"}],"inLanguage":"de"},{"@type":"Organization","@id":"https:\/\/now-news.de\/de\/#organization","name":"Just Now News","url":"https:\/\/now-news.de\/de\/","logo":{"@type":"ImageObject","inLanguage":"de","@id":"https:\/\/now-news.de\/de\/#\/schema\/logo\/image\/","url":"http:\/\/just-now.news\/de\/wp-content\/uploads\/sites\/3\/2022\/04\/logo500x500.jpg","contentUrl":"http:\/\/just-now.news\/de\/wp-content\/uploads\/sites\/3\/2022\/04\/logo500x500.jpg","width":500,"height":500,"caption":"Just Now News"},"image":{"@id":"https:\/\/now-news.de\/de\/#\/schema\/logo\/image\/"},"sameAs":["https:\/\/www.facebook.com\/wirmachenauf","https:\/\/x.com\/WirMachenAuf_de"]},{"@type":"Person","@id":"https:\/\/now-news.de\/de\/#\/schema\/person\/fb534a4e865501d8b3285208df34a9b5","name":"rtnews","image":{"@type":"ImageObject","inLanguage":"de","@id":"https:\/\/now-news.de\/de\/#\/schema\/person\/image\/","url":"https:\/\/secure.gravatar.com\/avatar\/82aafea7d8127119dd649515f56e2117?s=96&d=mm&r=g","contentUrl":"https:\/\/secure.gravatar.com\/avatar\/82aafea7d8127119dd649515f56e2117?s=96&d=mm&r=g","caption":"rtnews"},"url":"https:\/\/now-news.de\/de\/author\/rnews\/"}]}},"_links":{"self":[{"href":"https:\/\/now-news.de\/de\/wp-json\/wp\/v2\/posts\/21362"}],"collection":[{"href":"https:\/\/now-news.de\/de\/wp-json\/wp\/v2\/posts"}],"about":[{"href":"https:\/\/now-news.de\/de\/wp-json\/wp\/v2\/types\/post"}],"author":[{"embeddable":true,"href":"https:\/\/now-news.de\/de\/wp-json\/wp\/v2\/users\/3"}],"replies":[{"embeddable":true,"href":"https:\/\/now-news.de\/de\/wp-json\/wp\/v2\/comments?post=21362"}],"version-history":[{"count":0,"href":"https:\/\/now-news.de\/de\/wp-json\/wp\/v2\/posts\/21362\/revisions"}],"wp:featuredmedia":[{"embeddable":true,"href":"https:\/\/now-news.de\/de\/wp-json\/wp\/v2\/media\/21363"}],"wp:attachment":[{"href":"https:\/\/now-news.de\/de\/wp-json\/wp\/v2\/media?parent=21362"}],"wp:term":[{"taxonomy":"category","embeddable":true,"href":"https:\/\/now-news.de\/de\/wp-json\/wp\/v2\/categories?post=21362"},{"taxonomy":"post_tag","embeddable":true,"href":"https:\/\/now-news.de\/de\/wp-json\/wp\/v2\/tags?post=21362"}],"curies":[{"name":"wp","href":"https:\/\/api.w.org\/{rel}","templated":true}]}}