{"id":21340,"date":"2022-10-19T13:21:22","date_gmt":"2022-10-19T11:21:22","guid":{"rendered":"http:\/\/just-now.news\/de\/deutschland\/justizminister-israel-wird-die-ukraine-nicht-mit-waffen-beliefern\/"},"modified":"2022-10-19T13:21:22","modified_gmt":"2022-10-19T11:21:22","slug":"justizminister-israel-wird-die-ukraine-nicht-mit-waffen-beliefern","status":"publish","type":"post","link":"https:\/\/now-news.de\/de\/deutschland\/justizminister-israel-wird-die-ukraine-nicht-mit-waffen-beliefern\/","title":{"rendered":"Justizminister: Israel wird die Ukraine nicht mit Waffen beliefern"},"content":{"rendered":"<p><img decoding=\"async\" src=\"http:\/\/just-now.news\/de\/wp-content\/uploads\/sites\/3\/2022\/10\/634f9b9048fbef7e4a1858be.jpg\" \/><\/p>\n<div class=\"Text-root Text-type_1 \">\n                Erst vor wenigen Tagen erkl\u00e4rte der israelische Minister f\u00fcr Diaspora-Angelegenheiten auf Twitter, dass es auch f\u00fcr Israel an der Zeit sei, die Ukraine mit Waffen zu beliefern. Nun folgte aus Israel seitens des Verteidigungsministers diesbez\u00fcglich eine Klarstellung.\n            <\/div>\n<p><\/p>\n<div class=\"Text-root Text-type_5 ArticleView-text ViewText-root \">\n<p>Der israelische Justizminister Gideon Saar erkl\u00e4rte, Israel werde die Ukraine nicht mit Waffen beliefern. Zuvor hatte der israelische Minister f\u00fcr Diaspora-Angelegenheiten, Nachman Shai, etwas anderes suggeriert. So warnte Shai\u00a0am Sonntag auf dem Kurznachrichtendienst Twitter vor der angeblichen Lieferung iranischer ballistischer Raketen an Russland. Der Iran beharrt darauf, dass diese Behauptung &#8220;unbegr\u00fcndet&#8221; sei und dass er keine der beiden Seiten des Konflikts bewaffnet habe.<\/p>\n<p>Shai erkl\u00e4rte allerdings, es bestehe &#8220;kein Zweifel mehr&#8221; daran, dass Israel &#8220;in diesen blutigen Konflikt verwickelt werden muss&#8221;. Dabei schlug er vor, Milit\u00e4rhilfe an Kiew zu leisten, genauso &#8220;wie die USA und die NATO-Staaten&#8221;.<\/p>\n<p>Die Ukraine hatte Israel wiederholt um Waffen gebeten und beabsichtigt auch, in den kommenden Tagen erneut eine entsprechende Anfrage an Tel Aviv zu richten. Doch der israelische Vereidigungsminister stellte\u00a0am Dienstag gegen\u00fcber dem israelischen Armeeradio, wie die Zeitung Haaretz berichtet, folgendes klar:\u00a0<\/p>\n<blockquote>\n<p><em>&#8220;Unsere Unterst\u00fctzung f\u00fcr die Ukraine schlie\u00dft keine Waffensysteme und Waffen ein \u2013 und an dieser Position wird sich nichts \u00e4ndern.&#8221;<\/em><\/p>\n<\/blockquote>\n<p>Shai wiederum schrieb am Sonntag in seinem <a rel=\"nofollow noopener\" target=\"_blank\" href=\"https:\/\/twitter.com\/DrNachmanShai\/status\/1581579455650492416\">Tweet<\/a>, dass &#8220;es an der Zeit&#8221; sei, dass auch die Ukraine milit\u00e4rische Hilfe von Israel erhalte.<\/p>\n<p>Die Erkl\u00e4rung des israelischen Ministers f\u00fcr Diaspora-Angelegenheiten l\u00f6ste in Moskau Ver\u00e4rgerung aus. Der ehemalige russische Pr\u00e4sident Dmitri Medwedew warnte, die israelische Milit\u00e4rhilfe f\u00fcr die Ukraine w\u00fcrde &#8220;alle diplomatischen Beziehungen&#8221; zwischen den beiden L\u00e4ndern zerst\u00f6ren. Auch in Westjerusalem l\u00f6ste sie eine Welle der Missbilligung\u00a0aus: Regierungsquellen erkl\u00e4rten am Montag gegen\u00fcber der Zeitung\u00a0<em>Times of Israel<\/em>, dass Israel nicht plane, die Ukraine zu bewaffnen. Shais Kommentare <a rel=\"nofollow noopener\" target=\"_blank\" href=\"https:\/\/www.timesofisrael.com\/israeli-sources-say-ministers-call-to-arm-ukraine-doesnt-represent-government\/\">spiegelten nicht<\/a> die Politik der Regierung wider, f\u00fcgten die Quellen hinzu.<\/p>\n<p>Israel lehnte am Montag auch ein Ersuchen der Ukraine ab, ein Telefongespr\u00e4ch zwischen dem israelischen Verteidigungsminister Benny Gantz und seinem ukrainischen Amtskollegen Alexei Resnikow zu organisieren.<\/p>\n<p>Kiew l\u00e4sst sich jedoch nicht entmutigen. Der ukrainische Au\u00dfenminister Dmitri Kuleba erkl\u00e4rte am Dienstag, seine Regierung werde Israel in einer offiziellen Note um Luftabwehrwaffen bitten. Die Ukraine fordert Israel seit Monaten auf, ihr diese Systeme zu \u00fcbergeben. Pr\u00e4sident Wladimir Selenskij hatte letzten Monat vor franz\u00f6sischen Reportern <a rel=\"nofollow noopener\" target=\"_blank\" href=\"https:\/\/www.ouest-france.fr\/europe\/ukraine\/volodymyr-zelensky\/direct-video-volodymyr-zelensky-entretien-exclusif-a-ouest-france-poutine-guerre-en-ukraine-14b23510-3a70-11ed-9b76-9edc71c5adb1\">erkl\u00e4rt<\/a>, er sei &#8220;schockiert&#8221; \u00fcber die Weigerung des j\u00fcdischen Staates und behauptete, die israelische Regierung stehe unter dem &#8220;Einfluss Russlands&#8221;. Israel habe laut Selenskij der Ukraine &#8220;nichts, nichts, gar nichts geliefert&#8221;. Er f\u00fcgte hinzu, dass\u00a0er verstehe, dass &#8220;sie ihr Land verteidigen m\u00fcssen, aber ich habe Informationen erhalten, dass Israel seine Waffen in andere L\u00e4nder exportiert.&#8221; Zuvor waren Medienberichte <a rel=\"nofollow noopener\" target=\"_blank\" href=\"https:\/\/www.kathimerini.com.cy\/gr\/politiki\/epesan-oi-ypografes-gia-tin-agora-tis-israilinis-aspidas\">aufgekommen<\/a>, wonach Israel sein Raketenabwehrsystems &#8220;Iron Dome&#8221; an Zypern verkauft habe.<\/p>\n<p>Israel hat zwar Russlands Milit\u00e4roperation in der Ukraine verurteilt, ist aber auf diplomatische Kontakte mit Moskau angewiesen, zumal israelische Jets h\u00e4ufig Luftangriffe in Syrien fliegen, wo Russland den Luftraum kontrolliert.<\/p>\n<p>Kurz nach Kulebas Ank\u00fcndigung berichteten israelische Medien, dass Premierminister Jair Lapid am Donnerstag mit dem ukrainischen Ministerpr\u00e4sidenten \u00fcber dessen Antrag sprechen werde. Ein hochrangiger Sicherheitsbeamter erkl\u00e4rte jedoch gegen\u00fcber der Nachrichtenseite <em>Ynet<\/em>, dass das Gespr\u00e4ch die israelische Haltung wahrscheinlich nicht \u00e4ndern werde.<\/p>\n<p><strong>Mehr zum Thema<\/strong>\u00a0\u2013\u00a0<a rel=\"nofollow noopener\" target=\"_blank\" href=\"https:\/\/test.rtde.tech\/international\/151497-politico-nato-verfolgt-10-jahres\/\">Politico: NATO verfolgt einen 10-Jahres-Plan f\u00fcr die Ukraine<\/a><\/p>\n<\/div>\n<p><script async src=\"https:\/\/platform.twitter.com\/widgets.js\" charset=\"utf-8\"><\/script><br \/>\n<br \/><br \/>\n<br \/><a href=\"https:\/\/de.rt.com\/international\/151954-justizminister-israel-wird-ukraine-nicht\/\">Source link <\/a><\/p>\n","protected":false},"excerpt":{"rendered":"<p>Erst vor wenigen Tagen erkl\u00e4rte der israelische Minister f\u00fcr Diaspora-Angelegenheiten auf Twitter, dass es auch f\u00fcr Israel an der Zeit sei, die Ukraine mit Waffen zu beliefern. Nun folgte aus Israel seitens des Verteidigungsministers diesbez\u00fcglich eine Klarstellung. Der israelische Justizminister Gideon Saar erkl\u00e4rte, Israel werde die Ukraine nicht mit Waffen beliefern. Zuvor hatte der israelische [&hellip;]<\/p>\n","protected":false},"author":3,"featured_media":21341,"comment_status":"open","ping_status":"open","sticky":false,"template":"","format":"standard","meta":{"wp_automatic_camp":["217"],"f0ce244dcaccc26d484456c36b33fd20":["Justizminister: Israel wird die Ukraine nicht mit Waffen beliefern"],"original_link":["https:\/\/de.rt.com\/international\/151954-justizminister-israel-wird-ukraine-nicht\/"],"_thumbnail_id":["21341"],"_wptg_p2tg_sent2tg":["2022-10-19 13:26:06"],"jnews_social_counter_last_update":["1776995169"]},"categories":[19,23],"tags":[34596,45,432,25049,419,800,127,1023,374],"yoast_head":"<!-- This site is optimized with the Yoast SEO Premium plugin v22.7 (Yoast SEO v22.7) - https:\/\/yoast.com\/wordpress\/plugins\/seo\/ -->\n<title>Justizminister: Israel wird die Ukraine nicht mit Waffen beliefern - just-now.NEWS Deutschland<\/title>\n<meta name=\"robots\" content=\"index, follow, max-snippet:-1, max-image-preview:large, max-video-preview:-1\" \/>\n<link rel=\"canonical\" href=\"https:\/\/now-news.de\/de\/deutschland\/justizminister-israel-wird-die-ukraine-nicht-mit-waffen-beliefern\/\" \/>\n<meta property=\"og:locale\" content=\"de_DE\" \/>\n<meta property=\"og:type\" content=\"article\" \/>\n<meta property=\"og:title\" content=\"Justizminister: Israel wird die Ukraine nicht mit Waffen beliefern\" \/>\n<meta property=\"og:description\" content=\"Erst vor wenigen Tagen erkl\u00e4rte der israelische Minister f\u00fcr Diaspora-Angelegenheiten auf Twitter, dass es auch f\u00fcr Israel an der Zeit sei, die Ukraine mit Waffen zu beliefern. Nun folgte aus Israel seitens des Verteidigungsministers diesbez\u00fcglich eine Klarstellung. Der israelische Justizminister Gideon Saar erkl\u00e4rte, Israel werde die Ukraine nicht mit Waffen beliefern. Zuvor hatte der israelische [&hellip;]\" \/>\n<meta property=\"og:url\" content=\"https:\/\/now-news.de\/de\/deutschland\/justizminister-israel-wird-die-ukraine-nicht-mit-waffen-beliefern\/\" \/>\n<meta property=\"og:site_name\" content=\"just-now.NEWS Deutschland\" \/>\n<meta property=\"article:publisher\" content=\"https:\/\/www.facebook.com\/wirmachenauf\" \/>\n<meta property=\"article:published_time\" content=\"2022-10-19T11:21:22+00:00\" \/>\n<meta property=\"og:image\" content=\"https:\/\/now-news.de\/de\/wp-content\/uploads\/sites\/3\/2022\/10\/Justizminister-Israel-wird-die-Ukraine-nicht-mit-Waffen-beliefern.jpg\" \/>\n\t<meta property=\"og:image:width\" content=\"460\" \/>\n\t<meta property=\"og:image:height\" content=\"259\" \/>\n\t<meta property=\"og:image:type\" content=\"image\/jpeg\" \/>\n<meta name=\"author\" content=\"rtnews\" \/>\n<meta name=\"twitter:card\" content=\"summary_large_image\" \/>\n<meta name=\"twitter:creator\" content=\"@WirMachenAuf_de\" \/>\n<meta name=\"twitter:site\" content=\"@WirMachenAuf_de\" \/>\n<meta name=\"twitter:label1\" content=\"Verfasst von\" \/>\n\t<meta name=\"twitter:data1\" content=\"rtnews\" \/>\n\t<meta name=\"twitter:label2\" content=\"Gesch\u00e4tzte Lesezeit\" \/>\n\t<meta name=\"twitter:data2\" content=\"3\u00a0Minuten\" \/>\n<script type=\"application\/ld+json\" class=\"yoast-schema-graph\">{\"@context\":\"https:\/\/schema.org\",\"@graph\":[{\"@type\":\"Article\",\"@id\":\"https:\/\/now-news.de\/de\/deutschland\/justizminister-israel-wird-die-ukraine-nicht-mit-waffen-beliefern\/#article\",\"isPartOf\":{\"@id\":\"https:\/\/now-news.de\/de\/deutschland\/justizminister-israel-wird-die-ukraine-nicht-mit-waffen-beliefern\/\"},\"author\":{\"name\":\"rtnews\",\"@id\":\"https:\/\/now-news.de\/de\/#\/schema\/person\/fb534a4e865501d8b3285208df34a9b5\"},\"headline\":\"Justizminister: Israel wird die Ukraine nicht mit Waffen beliefern\",\"datePublished\":\"2022-10-19T11:21:22+00:00\",\"dateModified\":\"2022-10-19T11:21:22+00:00\",\"mainEntityOfPage\":{\"@id\":\"https:\/\/now-news.de\/de\/deutschland\/justizminister-israel-wird-die-ukraine-nicht-mit-waffen-beliefern\/\"},\"wordCount\":577,\"commentCount\":0,\"publisher\":{\"@id\":\"https:\/\/now-news.de\/de\/#organization\"},\"image\":{\"@id\":\"https:\/\/now-news.de\/de\/deutschland\/justizminister-israel-wird-die-ukraine-nicht-mit-waffen-beliefern\/#primaryimage\"},\"thumbnailUrl\":\"https:\/\/now-news.de\/de\/wp-content\/uploads\/sites\/3\/2022\/10\/Justizminister-Israel-wird-die-Ukraine-nicht-mit-Waffen-beliefern.jpg\",\"keywords\":[\"beliefern\",\"die\",\"Israel\",\"Justizminister\",\"mit\",\"nicht\",\"ukraine\",\"Waffen\",\"wird\"],\"articleSection\":[\"Deutschland\",\"Russland\"],\"inLanguage\":\"de\",\"potentialAction\":[{\"@type\":\"CommentAction\",\"name\":\"Comment\",\"target\":[\"https:\/\/now-news.de\/de\/deutschland\/justizminister-israel-wird-die-ukraine-nicht-mit-waffen-beliefern\/#respond\"]}]},{\"@type\":\"WebPage\",\"@id\":\"https:\/\/now-news.de\/de\/deutschland\/justizminister-israel-wird-die-ukraine-nicht-mit-waffen-beliefern\/\",\"url\":\"https:\/\/now-news.de\/de\/deutschland\/justizminister-israel-wird-die-ukraine-nicht-mit-waffen-beliefern\/\",\"name\":\"Justizminister: Israel wird die Ukraine nicht mit Waffen beliefern - just-now.NEWS Deutschland\",\"isPartOf\":{\"@id\":\"https:\/\/now-news.de\/de\/#website\"},\"primaryImageOfPage\":{\"@id\":\"https:\/\/now-news.de\/de\/deutschland\/justizminister-israel-wird-die-ukraine-nicht-mit-waffen-beliefern\/#primaryimage\"},\"image\":{\"@id\":\"https:\/\/now-news.de\/de\/deutschland\/justizminister-israel-wird-die-ukraine-nicht-mit-waffen-beliefern\/#primaryimage\"},\"thumbnailUrl\":\"https:\/\/now-news.de\/de\/wp-content\/uploads\/sites\/3\/2022\/10\/Justizminister-Israel-wird-die-Ukraine-nicht-mit-Waffen-beliefern.jpg\",\"datePublished\":\"2022-10-19T11:21:22+00:00\",\"dateModified\":\"2022-10-19T11:21:22+00:00\",\"breadcrumb\":{\"@id\":\"https:\/\/now-news.de\/de\/deutschland\/justizminister-israel-wird-die-ukraine-nicht-mit-waffen-beliefern\/#breadcrumb\"},\"inLanguage\":\"de\",\"potentialAction\":[{\"@type\":\"ReadAction\",\"target\":[\"https:\/\/now-news.de\/de\/deutschland\/justizminister-israel-wird-die-ukraine-nicht-mit-waffen-beliefern\/\"]}]},{\"@type\":\"ImageObject\",\"inLanguage\":\"de\",\"@id\":\"https:\/\/now-news.de\/de\/deutschland\/justizminister-israel-wird-die-ukraine-nicht-mit-waffen-beliefern\/#primaryimage\",\"url\":\"https:\/\/now-news.de\/de\/wp-content\/uploads\/sites\/3\/2022\/10\/Justizminister-Israel-wird-die-Ukraine-nicht-mit-Waffen-beliefern.jpg\",\"contentUrl\":\"https:\/\/now-news.de\/de\/wp-content\/uploads\/sites\/3\/2022\/10\/Justizminister-Israel-wird-die-Ukraine-nicht-mit-Waffen-beliefern.jpg\",\"width\":460,\"height\":259,\"caption\":\"Justizminister: Israel wird die Ukraine nicht mit Waffen beliefern\"},{\"@type\":\"BreadcrumbList\",\"@id\":\"https:\/\/now-news.de\/de\/deutschland\/justizminister-israel-wird-die-ukraine-nicht-mit-waffen-beliefern\/#breadcrumb\",\"itemListElement\":[{\"@type\":\"ListItem\",\"position\":1,\"name\":\"Home\",\"item\":\"https:\/\/now-news.de\/de\/\"},{\"@type\":\"ListItem\",\"position\":2,\"name\":\"Justizminister: Israel wird die Ukraine nicht mit Waffen beliefern\"}]},{\"@type\":\"WebSite\",\"@id\":\"https:\/\/now-news.de\/de\/#website\",\"url\":\"https:\/\/now-news.de\/de\/\",\"name\":\"just-now.NEWS Deutschland\",\"description\":\"Das Portal f\u00fcr unzensierte Nachrichten aus der Welt\",\"publisher\":{\"@id\":\"https:\/\/now-news.de\/de\/#organization\"},\"potentialAction\":[{\"@type\":\"SearchAction\",\"target\":{\"@type\":\"EntryPoint\",\"urlTemplate\":\"https:\/\/now-news.de\/de\/?s={search_term_string}\"},\"query-input\":\"required name=search_term_string\"}],\"inLanguage\":\"de\"},{\"@type\":\"Organization\",\"@id\":\"https:\/\/now-news.de\/de\/#organization\",\"name\":\"Just Now News\",\"url\":\"https:\/\/now-news.de\/de\/\",\"logo\":{\"@type\":\"ImageObject\",\"inLanguage\":\"de\",\"@id\":\"https:\/\/now-news.de\/de\/#\/schema\/logo\/image\/\",\"url\":\"http:\/\/just-now.news\/de\/wp-content\/uploads\/sites\/3\/2022\/04\/logo500x500.jpg\",\"contentUrl\":\"http:\/\/just-now.news\/de\/wp-content\/uploads\/sites\/3\/2022\/04\/logo500x500.jpg\",\"width\":500,\"height\":500,\"caption\":\"Just Now News\"},\"image\":{\"@id\":\"https:\/\/now-news.de\/de\/#\/schema\/logo\/image\/\"},\"sameAs\":[\"https:\/\/www.facebook.com\/wirmachenauf\",\"https:\/\/x.com\/WirMachenAuf_de\"]},{\"@type\":\"Person\",\"@id\":\"https:\/\/now-news.de\/de\/#\/schema\/person\/fb534a4e865501d8b3285208df34a9b5\",\"name\":\"rtnews\",\"image\":{\"@type\":\"ImageObject\",\"inLanguage\":\"de\",\"@id\":\"https:\/\/now-news.de\/de\/#\/schema\/person\/image\/\",\"url\":\"https:\/\/secure.gravatar.com\/avatar\/82aafea7d8127119dd649515f56e2117?s=96&d=mm&r=g\",\"contentUrl\":\"https:\/\/secure.gravatar.com\/avatar\/82aafea7d8127119dd649515f56e2117?s=96&d=mm&r=g\",\"caption\":\"rtnews\"},\"url\":\"https:\/\/now-news.de\/de\/author\/rnews\/\"}]}<\/script>\n<!-- \/ Yoast SEO Premium plugin. -->","yoast_head_json":{"title":"Justizminister: Israel wird die Ukraine nicht mit Waffen beliefern - just-now.NEWS Deutschland","robots":{"index":"index","follow":"follow","max-snippet":"max-snippet:-1","max-image-preview":"max-image-preview:large","max-video-preview":"max-video-preview:-1"},"canonical":"https:\/\/now-news.de\/de\/deutschland\/justizminister-israel-wird-die-ukraine-nicht-mit-waffen-beliefern\/","og_locale":"de_DE","og_type":"article","og_title":"Justizminister: Israel wird die Ukraine nicht mit Waffen beliefern","og_description":"Erst vor wenigen Tagen erkl\u00e4rte der israelische Minister f\u00fcr Diaspora-Angelegenheiten auf Twitter, dass es auch f\u00fcr Israel an der Zeit sei, die Ukraine mit Waffen zu beliefern. Nun folgte aus Israel seitens des Verteidigungsministers diesbez\u00fcglich eine Klarstellung. Der israelische Justizminister Gideon Saar erkl\u00e4rte, Israel werde die Ukraine nicht mit Waffen beliefern. Zuvor hatte der israelische [&hellip;]","og_url":"https:\/\/now-news.de\/de\/deutschland\/justizminister-israel-wird-die-ukraine-nicht-mit-waffen-beliefern\/","og_site_name":"just-now.NEWS Deutschland","article_publisher":"https:\/\/www.facebook.com\/wirmachenauf","article_published_time":"2022-10-19T11:21:22+00:00","og_image":[{"width":460,"height":259,"url":"https:\/\/now-news.de\/de\/wp-content\/uploads\/sites\/3\/2022\/10\/Justizminister-Israel-wird-die-Ukraine-nicht-mit-Waffen-beliefern.jpg","type":"image\/jpeg"}],"author":"rtnews","twitter_card":"summary_large_image","twitter_creator":"@WirMachenAuf_de","twitter_site":"@WirMachenAuf_de","twitter_misc":{"Verfasst von":"rtnews","Gesch\u00e4tzte Lesezeit":"3\u00a0Minuten"},"schema":{"@context":"https:\/\/schema.org","@graph":[{"@type":"Article","@id":"https:\/\/now-news.de\/de\/deutschland\/justizminister-israel-wird-die-ukraine-nicht-mit-waffen-beliefern\/#article","isPartOf":{"@id":"https:\/\/now-news.de\/de\/deutschland\/justizminister-israel-wird-die-ukraine-nicht-mit-waffen-beliefern\/"},"author":{"name":"rtnews","@id":"https:\/\/now-news.de\/de\/#\/schema\/person\/fb534a4e865501d8b3285208df34a9b5"},"headline":"Justizminister: Israel wird die Ukraine nicht mit Waffen beliefern","datePublished":"2022-10-19T11:21:22+00:00","dateModified":"2022-10-19T11:21:22+00:00","mainEntityOfPage":{"@id":"https:\/\/now-news.de\/de\/deutschland\/justizminister-israel-wird-die-ukraine-nicht-mit-waffen-beliefern\/"},"wordCount":577,"commentCount":0,"publisher":{"@id":"https:\/\/now-news.de\/de\/#organization"},"image":{"@id":"https:\/\/now-news.de\/de\/deutschland\/justizminister-israel-wird-die-ukraine-nicht-mit-waffen-beliefern\/#primaryimage"},"thumbnailUrl":"https:\/\/now-news.de\/de\/wp-content\/uploads\/sites\/3\/2022\/10\/Justizminister-Israel-wird-die-Ukraine-nicht-mit-Waffen-beliefern.jpg","keywords":["beliefern","die","Israel","Justizminister","mit","nicht","ukraine","Waffen","wird"],"articleSection":["Deutschland","Russland"],"inLanguage":"de","potentialAction":[{"@type":"CommentAction","name":"Comment","target":["https:\/\/now-news.de\/de\/deutschland\/justizminister-israel-wird-die-ukraine-nicht-mit-waffen-beliefern\/#respond"]}]},{"@type":"WebPage","@id":"https:\/\/now-news.de\/de\/deutschland\/justizminister-israel-wird-die-ukraine-nicht-mit-waffen-beliefern\/","url":"https:\/\/now-news.de\/de\/deutschland\/justizminister-israel-wird-die-ukraine-nicht-mit-waffen-beliefern\/","name":"Justizminister: Israel wird die Ukraine nicht mit Waffen beliefern - just-now.NEWS Deutschland","isPartOf":{"@id":"https:\/\/now-news.de\/de\/#website"},"primaryImageOfPage":{"@id":"https:\/\/now-news.de\/de\/deutschland\/justizminister-israel-wird-die-ukraine-nicht-mit-waffen-beliefern\/#primaryimage"},"image":{"@id":"https:\/\/now-news.de\/de\/deutschland\/justizminister-israel-wird-die-ukraine-nicht-mit-waffen-beliefern\/#primaryimage"},"thumbnailUrl":"https:\/\/now-news.de\/de\/wp-content\/uploads\/sites\/3\/2022\/10\/Justizminister-Israel-wird-die-Ukraine-nicht-mit-Waffen-beliefern.jpg","datePublished":"2022-10-19T11:21:22+00:00","dateModified":"2022-10-19T11:21:22+00:00","breadcrumb":{"@id":"https:\/\/now-news.de\/de\/deutschland\/justizminister-israel-wird-die-ukraine-nicht-mit-waffen-beliefern\/#breadcrumb"},"inLanguage":"de","potentialAction":[{"@type":"ReadAction","target":["https:\/\/now-news.de\/de\/deutschland\/justizminister-israel-wird-die-ukraine-nicht-mit-waffen-beliefern\/"]}]},{"@type":"ImageObject","inLanguage":"de","@id":"https:\/\/now-news.de\/de\/deutschland\/justizminister-israel-wird-die-ukraine-nicht-mit-waffen-beliefern\/#primaryimage","url":"https:\/\/now-news.de\/de\/wp-content\/uploads\/sites\/3\/2022\/10\/Justizminister-Israel-wird-die-Ukraine-nicht-mit-Waffen-beliefern.jpg","contentUrl":"https:\/\/now-news.de\/de\/wp-content\/uploads\/sites\/3\/2022\/10\/Justizminister-Israel-wird-die-Ukraine-nicht-mit-Waffen-beliefern.jpg","width":460,"height":259,"caption":"Justizminister: Israel wird die Ukraine nicht mit Waffen beliefern"},{"@type":"BreadcrumbList","@id":"https:\/\/now-news.de\/de\/deutschland\/justizminister-israel-wird-die-ukraine-nicht-mit-waffen-beliefern\/#breadcrumb","itemListElement":[{"@type":"ListItem","position":1,"name":"Home","item":"https:\/\/now-news.de\/de\/"},{"@type":"ListItem","position":2,"name":"Justizminister: Israel wird die Ukraine nicht mit Waffen beliefern"}]},{"@type":"WebSite","@id":"https:\/\/now-news.de\/de\/#website","url":"https:\/\/now-news.de\/de\/","name":"just-now.NEWS Deutschland","description":"Das Portal f\u00fcr unzensierte Nachrichten aus der Welt","publisher":{"@id":"https:\/\/now-news.de\/de\/#organization"},"potentialAction":[{"@type":"SearchAction","target":{"@type":"EntryPoint","urlTemplate":"https:\/\/now-news.de\/de\/?s={search_term_string}"},"query-input":"required name=search_term_string"}],"inLanguage":"de"},{"@type":"Organization","@id":"https:\/\/now-news.de\/de\/#organization","name":"Just Now News","url":"https:\/\/now-news.de\/de\/","logo":{"@type":"ImageObject","inLanguage":"de","@id":"https:\/\/now-news.de\/de\/#\/schema\/logo\/image\/","url":"http:\/\/just-now.news\/de\/wp-content\/uploads\/sites\/3\/2022\/04\/logo500x500.jpg","contentUrl":"http:\/\/just-now.news\/de\/wp-content\/uploads\/sites\/3\/2022\/04\/logo500x500.jpg","width":500,"height":500,"caption":"Just Now News"},"image":{"@id":"https:\/\/now-news.de\/de\/#\/schema\/logo\/image\/"},"sameAs":["https:\/\/www.facebook.com\/wirmachenauf","https:\/\/x.com\/WirMachenAuf_de"]},{"@type":"Person","@id":"https:\/\/now-news.de\/de\/#\/schema\/person\/fb534a4e865501d8b3285208df34a9b5","name":"rtnews","image":{"@type":"ImageObject","inLanguage":"de","@id":"https:\/\/now-news.de\/de\/#\/schema\/person\/image\/","url":"https:\/\/secure.gravatar.com\/avatar\/82aafea7d8127119dd649515f56e2117?s=96&d=mm&r=g","contentUrl":"https:\/\/secure.gravatar.com\/avatar\/82aafea7d8127119dd649515f56e2117?s=96&d=mm&r=g","caption":"rtnews"},"url":"https:\/\/now-news.de\/de\/author\/rnews\/"}]}},"_links":{"self":[{"href":"https:\/\/now-news.de\/de\/wp-json\/wp\/v2\/posts\/21340"}],"collection":[{"href":"https:\/\/now-news.de\/de\/wp-json\/wp\/v2\/posts"}],"about":[{"href":"https:\/\/now-news.de\/de\/wp-json\/wp\/v2\/types\/post"}],"author":[{"embeddable":true,"href":"https:\/\/now-news.de\/de\/wp-json\/wp\/v2\/users\/3"}],"replies":[{"embeddable":true,"href":"https:\/\/now-news.de\/de\/wp-json\/wp\/v2\/comments?post=21340"}],"version-history":[{"count":0,"href":"https:\/\/now-news.de\/de\/wp-json\/wp\/v2\/posts\/21340\/revisions"}],"wp:featuredmedia":[{"embeddable":true,"href":"https:\/\/now-news.de\/de\/wp-json\/wp\/v2\/media\/21341"}],"wp:attachment":[{"href":"https:\/\/now-news.de\/de\/wp-json\/wp\/v2\/media?parent=21340"}],"wp:term":[{"taxonomy":"category","embeddable":true,"href":"https:\/\/now-news.de\/de\/wp-json\/wp\/v2\/categories?post=21340"},{"taxonomy":"post_tag","embeddable":true,"href":"https:\/\/now-news.de\/de\/wp-json\/wp\/v2\/tags?post=21340"}],"curies":[{"name":"wp","href":"https:\/\/api.w.org\/{rel}","templated":true}]}}