{"id":21315,"date":"2022-10-18T21:49:06","date_gmt":"2022-10-18T19:49:06","guid":{"rendered":"http:\/\/just-now.news\/de\/deutschland\/auswirkung-der-pandemie-das-zdf-ueberrascht-mit-maengeln-in-rechtschreibung\/"},"modified":"2022-10-18T21:49:06","modified_gmt":"2022-10-18T19:49:06","slug":"auswirkung-der-pandemie-das-zdf-ueberrascht-mit-maengeln-in-rechtschreibung","status":"publish","type":"post","link":"https:\/\/now-news.de\/de\/deutschland\/auswirkung-der-pandemie-das-zdf-ueberrascht-mit-maengeln-in-rechtschreibung\/","title":{"rendered":"Auswirkung der Pandemie? Das ZDF \u00fcberrascht mit M\u00e4ngeln in Rechtschreibung"},"content":{"rendered":"<p><img decoding=\"async\" src=\"http:\/\/just-now.news\/de\/wp-content\/uploads\/sites\/3\/2022\/10\/634e9c3d48fbef7eec4fb640.jpg\" \/><\/p>\n<div class=\"Text-root Text-type_1 \">\n                In einem Beitrag einer ZDF-Nachrichtensendung wurden die Zuschauer \u00fcber die Auswirkungen der Pandemie auf die schulischen Leistungen von Kindern und Jugendlichen informiert. Dabei hatte sich in einer Einblendung \u2013 wie es der Zufall so will \u2013 ein Rechtschreibfehler eingeschlichen.\n            <\/div>\n<p><\/p>\n<div class=\"Text-root Text-type_5 ArticleView-text ViewText-root \">\n<p>&#8220;Und die Pandemie hat bei Grundsch\u00fclern- und sch\u00fclerinnen Spuren hinterlassen&#8221;, lautet die Anmoderation eines\u00a0<a rel=\"nofollow noopener\" target=\"_blank\" href=\"https:\/\/www.zdf.de\/nachrichten\/heute-19-uhr\/heute-19-uhr-vom-17-oktober-2022-100.html\">Beitrags<\/a> der Sendung\u00a0<em>ZDF<\/em>\u00a0<em>heute<\/em>\u00a0vom 17. Oktober. Moderatorin\u00a0Jana Pareigis erkl\u00e4rt darin weiter:<\/p>\n<blockquote>\n<p><em>&#8220;Egal ob lesen, schreiben, zuh\u00f6ren oder rechnen, die Defizite sind laut einer Studie besorgniserregend.&#8221;<\/em><\/p>\n<\/blockquote>\n<p>Bei der Darstellung der ermittelten Mathematik-Defizite der Studie stellt sich die Moderatorin vor die dazugeh\u00f6rige Einblendung des vorbereiteten Beitrags. Aufmerksamen Zuschauern\u00a0springt\u00a0dabei sofort\u00a0ein Rechtschreibfehler ins Auge. So hei\u00dft es in der Originalschreibweise in der Einblendung des <em>ZDF<\/em>:<\/p>\n<blockquote>\n<p><em>&#8220;Mindeststandart verfehlt&#8221;<\/em><\/p>\n<\/blockquote>\n<p>Der als kritischer Blog und Beobachter des \u00f6ffentlich-rechtlichen Rundfunks bekannte Twitter<em>&#8211;<\/em>Kanal <em>\u00d6RR-Blog<\/em> kommentiert gewohnt trocken:<\/p>\n<blockquote>\n<p><em>&#8220;Immer mehr Grundsch\u00fcler verfehlen die Mindeststandards in Mathematik. Das ZDF berichtet dar\u00fcber und verfehlt die Mindeststandards in Rechtschreibung.&#8221;<\/em><\/p>\n<\/blockquote>\n<div class=\"EmbedBlock-root EmbedBlock-twitter\">\n<div class=\"TwitterEmbed\">\n<blockquote class=\"twitter-tweet lazyload\" data-twitter=\"twitter-tweet\">\n<p lang=\"de\" dir=\"ltr\">Immer mehr Grundsch\u00fcler verfehlen die Mindeststandards in Mathematik. Das ZDF berichtet dar\u00fcber und verfehlt die Mindeststandards in Rechtschreibung. <a rel=\"nofollow noopener\" target=\"_blank\" href=\"https:\/\/twitter.com\/hashtag\/ReformOerr?src=hash&amp;ref_src=twsrc%5Etfw\">#ReformOerr<\/a><a rel=\"nofollow noopener\" target=\"_blank\" href=\"https:\/\/twitter.com\/hashtag\/OERRBlog?src=hash&amp;ref_src=twsrc%5Etfw\">#OERRBlog<\/a><a rel=\"nofollow noopener\" target=\"_blank\" href=\"https:\/\/t.co\/G5LE8lSIzc\">pic.twitter.com\/G5LE8lSIzc<\/a><\/p>\n<p>\u2014 \u00d6RR Blog. (@OERRBlog) <a rel=\"nofollow noopener\" target=\"_blank\" href=\"https:\/\/twitter.com\/OERRBlog\/status\/1582328906094641153?ref_src=twsrc%5Etfw\">October 18, 2022<\/a><\/p><\/blockquote>\n<\/div>\n<\/div>\n<p>Laut den Ergebnissen\u00a0des neuen IQB-<a rel=\"nofollow noopener\" target=\"_blank\" href=\"https:\/\/www.iqb.hu-berlin.de\/bt\/BT2021\">Bildungstrends<\/a>\u00a02021, der von der Kultusministerkonferenz (KMK) in Auftrag gegeben und nun ver\u00f6ffentlicht wurde, haben sich &#8220;die\u00a0Kompetenzen der Viertkl\u00e4ssler in den F\u00e4chern Deutsch und Mathematik im vergangenen Jahr im Vergleich zu vorangegangenen Untersuchungen 2011 und 2016 deutlich <a rel=\"nofollow noopener\" target=\"_blank\" href=\"https:\/\/www.tagesschau.de\/inland\/gesellschaft\/bildungsstudie-viertklaessler-101.html\">verschlechtert<\/a>&#8220;.\u00a0Demnach\u00a0h\u00e4tte\u00a0jeder f\u00fcnfte Viertkl\u00e4ssler in Deutschland Probleme mit dem Lesen und Rechnen, sogar &#8220;fast jeder dritte mit der Rechtschreibung&#8221;.\u00a0<\/p>\n<p>Der Mindeststandard einer redaktionellen Endabnahme wurde\u00a0in der<em>\u00a0ZDF<\/em>-Nachrichtensendung damit nicht erf\u00fcllt \u2013 Millionenbudget hin oder her.<\/p>\n<p><strong>Mehr zum Thema &#8211;<\/strong>\u00a0<a rel=\"nofollow noopener\" target=\"_blank\" href=\"https:\/\/pressefreiheit.rtde.tech\/inland\/151199-jan-bohmermanns-russen-riecherei-bsi\/\">Jan B\u00f6hmermanns Russen-Riecherei: BSI-Chef Arne Sch\u00f6nbohm wird auf blo\u00dfen Verdacht hin abserviert<\/a><\/p>\n<\/p>\n<\/div>\n<p><script async src=\"https:\/\/platform.twitter.com\/widgets.js\" charset=\"utf-8\"><\/script><br \/>\n<br \/><br \/>\n<br \/><a href=\"https:\/\/de.rt.com\/inland\/151892-auswirkung-pandemie-zdf-uberrascht-mit\/\">Source link <\/a><\/p>\n","protected":false},"excerpt":{"rendered":"<p>In einem Beitrag einer ZDF-Nachrichtensendung wurden die Zuschauer \u00fcber die Auswirkungen der Pandemie auf die schulischen Leistungen von Kindern und Jugendlichen informiert. Dabei hatte sich in einer Einblendung \u2013 wie es der Zufall so will \u2013 ein Rechtschreibfehler eingeschlichen. &#8220;Und die Pandemie hat bei Grundsch\u00fclern- und sch\u00fclerinnen Spuren hinterlassen&#8221;, lautet die Anmoderation eines\u00a0Beitrags der Sendung\u00a0ZDF\u00a0heute\u00a0vom [&hellip;]<\/p>\n","protected":false},"author":3,"featured_media":21316,"comment_status":"open","ping_status":"open","sticky":false,"template":"","format":"standard","meta":{"wp_automatic_camp":["217"],"451eb07f7bc13d3dc6bb80798f0ba556":["Auswirkung der Pandemie? Das ZDF \u00fcberrascht mit M\u00e4ngeln in Rechtschreibung"],"original_link":["https:\/\/de.rt.com\/inland\/151892-auswirkung-pandemie-zdf-uberrascht-mit\/"],"_thumbnail_id":["21316"],"_wptg_p2tg_sent2tg":["2022-10-18 22:42:14"],"jnews_social_counter_last_update":["1776856276"]},"categories":[19,23],"tags":[24056,427,82,34576,419,530,34577,25590,3812],"yoast_head":"<!-- This site is optimized with the Yoast SEO Premium plugin v22.7 (Yoast SEO v22.7) - https:\/\/yoast.com\/wordpress\/plugins\/seo\/ -->\n<title>Auswirkung der Pandemie? Das ZDF \u00fcberrascht mit M\u00e4ngeln in Rechtschreibung - just-now.NEWS Deutschland<\/title>\n<meta name=\"robots\" content=\"index, follow, max-snippet:-1, max-image-preview:large, max-video-preview:-1\" \/>\n<link rel=\"canonical\" href=\"https:\/\/now-news.de\/de\/deutschland\/auswirkung-der-pandemie-das-zdf-ueberrascht-mit-maengeln-in-rechtschreibung\/\" \/>\n<meta property=\"og:locale\" content=\"de_DE\" \/>\n<meta property=\"og:type\" content=\"article\" \/>\n<meta property=\"og:title\" content=\"Auswirkung der Pandemie? Das ZDF \u00fcberrascht mit M\u00e4ngeln in Rechtschreibung\" \/>\n<meta property=\"og:description\" content=\"In einem Beitrag einer ZDF-Nachrichtensendung wurden die Zuschauer \u00fcber die Auswirkungen der Pandemie auf die schulischen Leistungen von Kindern und Jugendlichen informiert. Dabei hatte sich in einer Einblendung \u2013 wie es der Zufall so will \u2013 ein Rechtschreibfehler eingeschlichen. &#8220;Und die Pandemie hat bei Grundsch\u00fclern- und sch\u00fclerinnen Spuren hinterlassen&#8221;, lautet die Anmoderation eines\u00a0Beitrags der Sendung\u00a0ZDF\u00a0heute\u00a0vom [&hellip;]\" \/>\n<meta property=\"og:url\" content=\"https:\/\/now-news.de\/de\/deutschland\/auswirkung-der-pandemie-das-zdf-ueberrascht-mit-maengeln-in-rechtschreibung\/\" \/>\n<meta property=\"og:site_name\" content=\"just-now.NEWS Deutschland\" \/>\n<meta property=\"article:publisher\" content=\"https:\/\/www.facebook.com\/wirmachenauf\" \/>\n<meta property=\"article:published_time\" content=\"2022-10-18T19:49:06+00:00\" \/>\n<meta property=\"og:image\" content=\"https:\/\/now-news.de\/de\/wp-content\/uploads\/sites\/3\/2022\/10\/Auswirkung-der-Pandemie-Das-ZDF-ueberrascht-mit-Maengeln-in-Rechtschreibung.jpg\" \/>\n\t<meta property=\"og:image:width\" content=\"460\" \/>\n\t<meta property=\"og:image:height\" content=\"259\" \/>\n\t<meta property=\"og:image:type\" content=\"image\/jpeg\" \/>\n<meta name=\"author\" content=\"rtnews\" \/>\n<meta name=\"twitter:card\" content=\"summary_large_image\" \/>\n<meta name=\"twitter:creator\" content=\"@WirMachenAuf_de\" \/>\n<meta name=\"twitter:site\" content=\"@WirMachenAuf_de\" \/>\n<meta name=\"twitter:label1\" content=\"Verfasst von\" \/>\n\t<meta name=\"twitter:data1\" content=\"rtnews\" \/>\n\t<meta name=\"twitter:label2\" content=\"Gesch\u00e4tzte Lesezeit\" \/>\n\t<meta name=\"twitter:data2\" content=\"1\u00a0Minute\" \/>\n<script type=\"application\/ld+json\" class=\"yoast-schema-graph\">{\"@context\":\"https:\/\/schema.org\",\"@graph\":[{\"@type\":\"Article\",\"@id\":\"https:\/\/now-news.de\/de\/deutschland\/auswirkung-der-pandemie-das-zdf-ueberrascht-mit-maengeln-in-rechtschreibung\/#article\",\"isPartOf\":{\"@id\":\"https:\/\/now-news.de\/de\/deutschland\/auswirkung-der-pandemie-das-zdf-ueberrascht-mit-maengeln-in-rechtschreibung\/\"},\"author\":{\"name\":\"rtnews\",\"@id\":\"https:\/\/now-news.de\/de\/#\/schema\/person\/fb534a4e865501d8b3285208df34a9b5\"},\"headline\":\"Auswirkung der Pandemie? Das ZDF \u00fcberrascht mit M\u00e4ngeln in Rechtschreibung\",\"datePublished\":\"2022-10-18T19:49:06+00:00\",\"dateModified\":\"2022-10-18T19:49:06+00:00\",\"mainEntityOfPage\":{\"@id\":\"https:\/\/now-news.de\/de\/deutschland\/auswirkung-der-pandemie-das-zdf-ueberrascht-mit-maengeln-in-rechtschreibung\/\"},\"wordCount\":309,\"commentCount\":0,\"publisher\":{\"@id\":\"https:\/\/now-news.de\/de\/#organization\"},\"image\":{\"@id\":\"https:\/\/now-news.de\/de\/deutschland\/auswirkung-der-pandemie-das-zdf-ueberrascht-mit-maengeln-in-rechtschreibung\/#primaryimage\"},\"thumbnailUrl\":\"https:\/\/now-news.de\/de\/wp-content\/uploads\/sites\/3\/2022\/10\/Auswirkung-der-Pandemie-Das-ZDF-ueberrascht-mit-Maengeln-in-Rechtschreibung.jpg\",\"keywords\":[\"Auswirkung\",\"das\",\"der\",\"M\u00e4ngeln\",\"mit\",\"Pandemie\",\"Rechtschreibung\",\"\u00fcberrascht\",\"ZDF\"],\"articleSection\":[\"Deutschland\",\"Russland\"],\"inLanguage\":\"de\",\"potentialAction\":[{\"@type\":\"CommentAction\",\"name\":\"Comment\",\"target\":[\"https:\/\/now-news.de\/de\/deutschland\/auswirkung-der-pandemie-das-zdf-ueberrascht-mit-maengeln-in-rechtschreibung\/#respond\"]}]},{\"@type\":\"WebPage\",\"@id\":\"https:\/\/now-news.de\/de\/deutschland\/auswirkung-der-pandemie-das-zdf-ueberrascht-mit-maengeln-in-rechtschreibung\/\",\"url\":\"https:\/\/now-news.de\/de\/deutschland\/auswirkung-der-pandemie-das-zdf-ueberrascht-mit-maengeln-in-rechtschreibung\/\",\"name\":\"Auswirkung der Pandemie? Das ZDF \u00fcberrascht mit M\u00e4ngeln in Rechtschreibung - just-now.NEWS Deutschland\",\"isPartOf\":{\"@id\":\"https:\/\/now-news.de\/de\/#website\"},\"primaryImageOfPage\":{\"@id\":\"https:\/\/now-news.de\/de\/deutschland\/auswirkung-der-pandemie-das-zdf-ueberrascht-mit-maengeln-in-rechtschreibung\/#primaryimage\"},\"image\":{\"@id\":\"https:\/\/now-news.de\/de\/deutschland\/auswirkung-der-pandemie-das-zdf-ueberrascht-mit-maengeln-in-rechtschreibung\/#primaryimage\"},\"thumbnailUrl\":\"https:\/\/now-news.de\/de\/wp-content\/uploads\/sites\/3\/2022\/10\/Auswirkung-der-Pandemie-Das-ZDF-ueberrascht-mit-Maengeln-in-Rechtschreibung.jpg\",\"datePublished\":\"2022-10-18T19:49:06+00:00\",\"dateModified\":\"2022-10-18T19:49:06+00:00\",\"breadcrumb\":{\"@id\":\"https:\/\/now-news.de\/de\/deutschland\/auswirkung-der-pandemie-das-zdf-ueberrascht-mit-maengeln-in-rechtschreibung\/#breadcrumb\"},\"inLanguage\":\"de\",\"potentialAction\":[{\"@type\":\"ReadAction\",\"target\":[\"https:\/\/now-news.de\/de\/deutschland\/auswirkung-der-pandemie-das-zdf-ueberrascht-mit-maengeln-in-rechtschreibung\/\"]}]},{\"@type\":\"ImageObject\",\"inLanguage\":\"de\",\"@id\":\"https:\/\/now-news.de\/de\/deutschland\/auswirkung-der-pandemie-das-zdf-ueberrascht-mit-maengeln-in-rechtschreibung\/#primaryimage\",\"url\":\"https:\/\/now-news.de\/de\/wp-content\/uploads\/sites\/3\/2022\/10\/Auswirkung-der-Pandemie-Das-ZDF-ueberrascht-mit-Maengeln-in-Rechtschreibung.jpg\",\"contentUrl\":\"https:\/\/now-news.de\/de\/wp-content\/uploads\/sites\/3\/2022\/10\/Auswirkung-der-Pandemie-Das-ZDF-ueberrascht-mit-Maengeln-in-Rechtschreibung.jpg\",\"width\":460,\"height\":259,\"caption\":\"Auswirkung der Pandemie? Das ZDF \u00fcberrascht mit M\u00e4ngeln in Rechtschreibung\"},{\"@type\":\"BreadcrumbList\",\"@id\":\"https:\/\/now-news.de\/de\/deutschland\/auswirkung-der-pandemie-das-zdf-ueberrascht-mit-maengeln-in-rechtschreibung\/#breadcrumb\",\"itemListElement\":[{\"@type\":\"ListItem\",\"position\":1,\"name\":\"Home\",\"item\":\"https:\/\/now-news.de\/de\/\"},{\"@type\":\"ListItem\",\"position\":2,\"name\":\"Auswirkung der Pandemie? Das ZDF \u00fcberrascht mit M\u00e4ngeln in Rechtschreibung\"}]},{\"@type\":\"WebSite\",\"@id\":\"https:\/\/now-news.de\/de\/#website\",\"url\":\"https:\/\/now-news.de\/de\/\",\"name\":\"just-now.NEWS Deutschland\",\"description\":\"Das Portal f\u00fcr unzensierte Nachrichten aus der Welt\",\"publisher\":{\"@id\":\"https:\/\/now-news.de\/de\/#organization\"},\"potentialAction\":[{\"@type\":\"SearchAction\",\"target\":{\"@type\":\"EntryPoint\",\"urlTemplate\":\"https:\/\/now-news.de\/de\/?s={search_term_string}\"},\"query-input\":\"required name=search_term_string\"}],\"inLanguage\":\"de\"},{\"@type\":\"Organization\",\"@id\":\"https:\/\/now-news.de\/de\/#organization\",\"name\":\"Just Now News\",\"url\":\"https:\/\/now-news.de\/de\/\",\"logo\":{\"@type\":\"ImageObject\",\"inLanguage\":\"de\",\"@id\":\"https:\/\/now-news.de\/de\/#\/schema\/logo\/image\/\",\"url\":\"http:\/\/just-now.news\/de\/wp-content\/uploads\/sites\/3\/2022\/04\/logo500x500.jpg\",\"contentUrl\":\"http:\/\/just-now.news\/de\/wp-content\/uploads\/sites\/3\/2022\/04\/logo500x500.jpg\",\"width\":500,\"height\":500,\"caption\":\"Just Now News\"},\"image\":{\"@id\":\"https:\/\/now-news.de\/de\/#\/schema\/logo\/image\/\"},\"sameAs\":[\"https:\/\/www.facebook.com\/wirmachenauf\",\"https:\/\/x.com\/WirMachenAuf_de\"]},{\"@type\":\"Person\",\"@id\":\"https:\/\/now-news.de\/de\/#\/schema\/person\/fb534a4e865501d8b3285208df34a9b5\",\"name\":\"rtnews\",\"image\":{\"@type\":\"ImageObject\",\"inLanguage\":\"de\",\"@id\":\"https:\/\/now-news.de\/de\/#\/schema\/person\/image\/\",\"url\":\"https:\/\/secure.gravatar.com\/avatar\/82aafea7d8127119dd649515f56e2117?s=96&d=mm&r=g\",\"contentUrl\":\"https:\/\/secure.gravatar.com\/avatar\/82aafea7d8127119dd649515f56e2117?s=96&d=mm&r=g\",\"caption\":\"rtnews\"},\"url\":\"https:\/\/now-news.de\/de\/author\/rnews\/\"}]}<\/script>\n<!-- \/ Yoast SEO Premium plugin. -->","yoast_head_json":{"title":"Auswirkung der Pandemie? Das ZDF \u00fcberrascht mit M\u00e4ngeln in Rechtschreibung - just-now.NEWS Deutschland","robots":{"index":"index","follow":"follow","max-snippet":"max-snippet:-1","max-image-preview":"max-image-preview:large","max-video-preview":"max-video-preview:-1"},"canonical":"https:\/\/now-news.de\/de\/deutschland\/auswirkung-der-pandemie-das-zdf-ueberrascht-mit-maengeln-in-rechtschreibung\/","og_locale":"de_DE","og_type":"article","og_title":"Auswirkung der Pandemie? Das ZDF \u00fcberrascht mit M\u00e4ngeln in Rechtschreibung","og_description":"In einem Beitrag einer ZDF-Nachrichtensendung wurden die Zuschauer \u00fcber die Auswirkungen der Pandemie auf die schulischen Leistungen von Kindern und Jugendlichen informiert. Dabei hatte sich in einer Einblendung \u2013 wie es der Zufall so will \u2013 ein Rechtschreibfehler eingeschlichen. &#8220;Und die Pandemie hat bei Grundsch\u00fclern- und sch\u00fclerinnen Spuren hinterlassen&#8221;, lautet die Anmoderation eines\u00a0Beitrags der Sendung\u00a0ZDF\u00a0heute\u00a0vom [&hellip;]","og_url":"https:\/\/now-news.de\/de\/deutschland\/auswirkung-der-pandemie-das-zdf-ueberrascht-mit-maengeln-in-rechtschreibung\/","og_site_name":"just-now.NEWS Deutschland","article_publisher":"https:\/\/www.facebook.com\/wirmachenauf","article_published_time":"2022-10-18T19:49:06+00:00","og_image":[{"width":460,"height":259,"url":"https:\/\/now-news.de\/de\/wp-content\/uploads\/sites\/3\/2022\/10\/Auswirkung-der-Pandemie-Das-ZDF-ueberrascht-mit-Maengeln-in-Rechtschreibung.jpg","type":"image\/jpeg"}],"author":"rtnews","twitter_card":"summary_large_image","twitter_creator":"@WirMachenAuf_de","twitter_site":"@WirMachenAuf_de","twitter_misc":{"Verfasst von":"rtnews","Gesch\u00e4tzte Lesezeit":"1\u00a0Minute"},"schema":{"@context":"https:\/\/schema.org","@graph":[{"@type":"Article","@id":"https:\/\/now-news.de\/de\/deutschland\/auswirkung-der-pandemie-das-zdf-ueberrascht-mit-maengeln-in-rechtschreibung\/#article","isPartOf":{"@id":"https:\/\/now-news.de\/de\/deutschland\/auswirkung-der-pandemie-das-zdf-ueberrascht-mit-maengeln-in-rechtschreibung\/"},"author":{"name":"rtnews","@id":"https:\/\/now-news.de\/de\/#\/schema\/person\/fb534a4e865501d8b3285208df34a9b5"},"headline":"Auswirkung der Pandemie? Das ZDF \u00fcberrascht mit M\u00e4ngeln in Rechtschreibung","datePublished":"2022-10-18T19:49:06+00:00","dateModified":"2022-10-18T19:49:06+00:00","mainEntityOfPage":{"@id":"https:\/\/now-news.de\/de\/deutschland\/auswirkung-der-pandemie-das-zdf-ueberrascht-mit-maengeln-in-rechtschreibung\/"},"wordCount":309,"commentCount":0,"publisher":{"@id":"https:\/\/now-news.de\/de\/#organization"},"image":{"@id":"https:\/\/now-news.de\/de\/deutschland\/auswirkung-der-pandemie-das-zdf-ueberrascht-mit-maengeln-in-rechtschreibung\/#primaryimage"},"thumbnailUrl":"https:\/\/now-news.de\/de\/wp-content\/uploads\/sites\/3\/2022\/10\/Auswirkung-der-Pandemie-Das-ZDF-ueberrascht-mit-Maengeln-in-Rechtschreibung.jpg","keywords":["Auswirkung","das","der","M\u00e4ngeln","mit","Pandemie","Rechtschreibung","\u00fcberrascht","ZDF"],"articleSection":["Deutschland","Russland"],"inLanguage":"de","potentialAction":[{"@type":"CommentAction","name":"Comment","target":["https:\/\/now-news.de\/de\/deutschland\/auswirkung-der-pandemie-das-zdf-ueberrascht-mit-maengeln-in-rechtschreibung\/#respond"]}]},{"@type":"WebPage","@id":"https:\/\/now-news.de\/de\/deutschland\/auswirkung-der-pandemie-das-zdf-ueberrascht-mit-maengeln-in-rechtschreibung\/","url":"https:\/\/now-news.de\/de\/deutschland\/auswirkung-der-pandemie-das-zdf-ueberrascht-mit-maengeln-in-rechtschreibung\/","name":"Auswirkung der Pandemie? Das ZDF \u00fcberrascht mit M\u00e4ngeln in Rechtschreibung - just-now.NEWS Deutschland","isPartOf":{"@id":"https:\/\/now-news.de\/de\/#website"},"primaryImageOfPage":{"@id":"https:\/\/now-news.de\/de\/deutschland\/auswirkung-der-pandemie-das-zdf-ueberrascht-mit-maengeln-in-rechtschreibung\/#primaryimage"},"image":{"@id":"https:\/\/now-news.de\/de\/deutschland\/auswirkung-der-pandemie-das-zdf-ueberrascht-mit-maengeln-in-rechtschreibung\/#primaryimage"},"thumbnailUrl":"https:\/\/now-news.de\/de\/wp-content\/uploads\/sites\/3\/2022\/10\/Auswirkung-der-Pandemie-Das-ZDF-ueberrascht-mit-Maengeln-in-Rechtschreibung.jpg","datePublished":"2022-10-18T19:49:06+00:00","dateModified":"2022-10-18T19:49:06+00:00","breadcrumb":{"@id":"https:\/\/now-news.de\/de\/deutschland\/auswirkung-der-pandemie-das-zdf-ueberrascht-mit-maengeln-in-rechtschreibung\/#breadcrumb"},"inLanguage":"de","potentialAction":[{"@type":"ReadAction","target":["https:\/\/now-news.de\/de\/deutschland\/auswirkung-der-pandemie-das-zdf-ueberrascht-mit-maengeln-in-rechtschreibung\/"]}]},{"@type":"ImageObject","inLanguage":"de","@id":"https:\/\/now-news.de\/de\/deutschland\/auswirkung-der-pandemie-das-zdf-ueberrascht-mit-maengeln-in-rechtschreibung\/#primaryimage","url":"https:\/\/now-news.de\/de\/wp-content\/uploads\/sites\/3\/2022\/10\/Auswirkung-der-Pandemie-Das-ZDF-ueberrascht-mit-Maengeln-in-Rechtschreibung.jpg","contentUrl":"https:\/\/now-news.de\/de\/wp-content\/uploads\/sites\/3\/2022\/10\/Auswirkung-der-Pandemie-Das-ZDF-ueberrascht-mit-Maengeln-in-Rechtschreibung.jpg","width":460,"height":259,"caption":"Auswirkung der Pandemie? Das ZDF \u00fcberrascht mit M\u00e4ngeln in Rechtschreibung"},{"@type":"BreadcrumbList","@id":"https:\/\/now-news.de\/de\/deutschland\/auswirkung-der-pandemie-das-zdf-ueberrascht-mit-maengeln-in-rechtschreibung\/#breadcrumb","itemListElement":[{"@type":"ListItem","position":1,"name":"Home","item":"https:\/\/now-news.de\/de\/"},{"@type":"ListItem","position":2,"name":"Auswirkung der Pandemie? Das ZDF \u00fcberrascht mit M\u00e4ngeln in Rechtschreibung"}]},{"@type":"WebSite","@id":"https:\/\/now-news.de\/de\/#website","url":"https:\/\/now-news.de\/de\/","name":"just-now.NEWS Deutschland","description":"Das Portal f\u00fcr unzensierte Nachrichten aus der Welt","publisher":{"@id":"https:\/\/now-news.de\/de\/#organization"},"potentialAction":[{"@type":"SearchAction","target":{"@type":"EntryPoint","urlTemplate":"https:\/\/now-news.de\/de\/?s={search_term_string}"},"query-input":"required name=search_term_string"}],"inLanguage":"de"},{"@type":"Organization","@id":"https:\/\/now-news.de\/de\/#organization","name":"Just Now News","url":"https:\/\/now-news.de\/de\/","logo":{"@type":"ImageObject","inLanguage":"de","@id":"https:\/\/now-news.de\/de\/#\/schema\/logo\/image\/","url":"http:\/\/just-now.news\/de\/wp-content\/uploads\/sites\/3\/2022\/04\/logo500x500.jpg","contentUrl":"http:\/\/just-now.news\/de\/wp-content\/uploads\/sites\/3\/2022\/04\/logo500x500.jpg","width":500,"height":500,"caption":"Just Now News"},"image":{"@id":"https:\/\/now-news.de\/de\/#\/schema\/logo\/image\/"},"sameAs":["https:\/\/www.facebook.com\/wirmachenauf","https:\/\/x.com\/WirMachenAuf_de"]},{"@type":"Person","@id":"https:\/\/now-news.de\/de\/#\/schema\/person\/fb534a4e865501d8b3285208df34a9b5","name":"rtnews","image":{"@type":"ImageObject","inLanguage":"de","@id":"https:\/\/now-news.de\/de\/#\/schema\/person\/image\/","url":"https:\/\/secure.gravatar.com\/avatar\/82aafea7d8127119dd649515f56e2117?s=96&d=mm&r=g","contentUrl":"https:\/\/secure.gravatar.com\/avatar\/82aafea7d8127119dd649515f56e2117?s=96&d=mm&r=g","caption":"rtnews"},"url":"https:\/\/now-news.de\/de\/author\/rnews\/"}]}},"_links":{"self":[{"href":"https:\/\/now-news.de\/de\/wp-json\/wp\/v2\/posts\/21315"}],"collection":[{"href":"https:\/\/now-news.de\/de\/wp-json\/wp\/v2\/posts"}],"about":[{"href":"https:\/\/now-news.de\/de\/wp-json\/wp\/v2\/types\/post"}],"author":[{"embeddable":true,"href":"https:\/\/now-news.de\/de\/wp-json\/wp\/v2\/users\/3"}],"replies":[{"embeddable":true,"href":"https:\/\/now-news.de\/de\/wp-json\/wp\/v2\/comments?post=21315"}],"version-history":[{"count":0,"href":"https:\/\/now-news.de\/de\/wp-json\/wp\/v2\/posts\/21315\/revisions"}],"wp:featuredmedia":[{"embeddable":true,"href":"https:\/\/now-news.de\/de\/wp-json\/wp\/v2\/media\/21316"}],"wp:attachment":[{"href":"https:\/\/now-news.de\/de\/wp-json\/wp\/v2\/media?parent=21315"}],"wp:term":[{"taxonomy":"category","embeddable":true,"href":"https:\/\/now-news.de\/de\/wp-json\/wp\/v2\/categories?post=21315"},{"taxonomy":"post_tag","embeddable":true,"href":"https:\/\/now-news.de\/de\/wp-json\/wp\/v2\/tags?post=21315"}],"curies":[{"name":"wp","href":"https:\/\/api.w.org\/{rel}","templated":true}]}}