{"id":21309,"date":"2022-10-18T21:50:14","date_gmt":"2022-10-18T19:50:14","guid":{"rendered":"http:\/\/just-now.news\/de\/deutschland\/nord-stream-das-verraeterische-schweigen-der-bundesregierung\/"},"modified":"2022-10-18T21:50:14","modified_gmt":"2022-10-18T19:50:14","slug":"nord-stream-das-verraeterische-schweigen-der-bundesregierung","status":"publish","type":"post","link":"https:\/\/now-news.de\/de\/deutschland\/nord-stream-das-verraeterische-schweigen-der-bundesregierung\/","title":{"rendered":"Nord Stream: Das verr\u00e4terische Schweigen der Bundesregierung"},"content":{"rendered":"<p><img decoding=\"async\" src=\"http:\/\/just-now.news\/de\/wp-content\/uploads\/sites\/3\/2022\/10\/634ea648b480cc203315523f.jpg\" \/><\/p>\n<div class=\"Text-root Text-type_1 \">\n                Dass mehrere Anfragen der Abgeordneten \u017baklin Nasti\u0107 und Sahra Wagenknecht zum Anschlag auf Nord Stream nur mit einem &#8220;Sagen wir nicht&#8221; beantwortet wurden, d\u00fcrfte allgemein bekannt sein. Aber auch dieses Schweigen verr\u00e4t mehr, als der Bundesregierung lieb sein kann.\n            <\/div>\n<p><\/p>\n<div class=\"Text-root Text-type_5 ArticleView-text ViewText-root \">\n<p><em>Von Dagmar Henn<\/em><\/p>\n<p>Man wird und wird nicht schlauer, was die Anschl\u00e4ge auf die Nord-Stream-Pipelines betrifft. Zumindest will die Bundesregierung keine Antwort geben, und diese Tatsache wurde auch aufgegriffen und gemeldet. Aber der Teufel steckt hier, wie so oft, im Detail. Es gibt n\u00e4mlich in solchen F\u00e4llen keine Art und Weise, nichts zu sagen, ohne nicht doch etwas zu sagen.<\/p>\n<p>Dazu muss man einen Punkt herausstellen \u2013 Antworten auf parlamentarische Anfragen k\u00f6nnen verschleiernd formuliert sein, sie k\u00f6nnen L\u00fccken haben, und sie k\u00f6nnen auf verschiedene Arten in einer Nichtantwort enden; aber im Regelfall wird in ihnen nicht gelogen. Das ist die Grundvoraussetzung, um zu entschl\u00fcsseln, was da passiert ist.<\/p>\n<p>Leider sind s\u00e4mtliche Antworten auf die Anfragen sowohl von Sahra Wagenknecht als auch von\u00a0\u017baklin Nasti\u0107 bisher nicht ver\u00f6ffentlicht worden; es liegen mir also nur die S\u00e4tze vor, die in der Presse zitiert wurden. Die gen\u00fcgen aber.<\/p>\n<p>Die Aussage lautet, die Regierung sei &#8220;nach sorgf\u00e4ltiger Abw\u00e4gung zu dem Schluss gekommen, dass weitere Ausk\u00fcnfte aus Gr\u00fcnden des Staatswohls nicht \u2013 auch nicht in eingestufter Form \u2013 erteilt werden k\u00f6nnen&#8221;. Dann erfolgt eine Berufung auf eine Drittparteiregel, nach der geheimdienstliche Erkenntnisse anderer L\u00e4nder nicht bekannt gegeben werden k\u00f6nnten, und dann wird noch eins draufgelegt: &#8220;Die erbetenen Informationen ber\u00fchren somit derart schutzbed\u00fcrftige Geheimhaltungsinteressen, dass das Staatswohl gegen\u00fcber dem parlamentarischen Informationsrecht \u00fcberwiegt.&#8221;<\/p>\n<p>Jetzt einmal als Erstes \u2013 diese Drittparteiregel ist etwas, das sehr nach Laune zum Einsatz gebracht wird. Schlie\u00dflich wird immer wieder von Regierungsseite geraunt, es gebe diese oder jene geheimdienstlichen Erkenntnisse; so etwas hat den ungeheuren Vorteil, dass man auf diese Weise Behauptungen aufstellen kann, die man nicht beweisen muss. Und dabei wird immer wieder auch gern auf vermeintliche britische oder US-amerikanischen Erkenntnisse verwiesen. Sprich, in Wirklichkeit kommt diese Regel nur dann zum Einsatz, wenn das Ergebnis nicht gef\u00e4llt. Nachdem wir es bei der Ostsee mit einer Gegend zu tun haben, die maximal \u00fcberwacht ist, kann man dieses Argument auch ziehen, wenn man eigene Erkenntnisse hat, die man nicht herausr\u00fccken will, nur weil andere ebenfalls solche Erkenntnisse haben und vorgeschoben werden k\u00f6nnen.<\/p>\n<p>Hinter der &#8220;eingestuften Form&#8221; verbirgt sich ein Verfahren, das selten zur Anwendung kommt und selbst immer schon zeigt, dass hier eigentlich etwas verborgen werden soll. Ich hatte vor vielen Jahren einmal eine Anfrage zu den MBS-Papieren angeregt, die in den Bad Banks lagen, und zwar spezifisch auf von der Deutschen Bank in den USA ausgegebene Papiere hin. Diese Anfrage hatte erst zwei Ehrenrunden Verl\u00e4ngerung verpasst bekommen (damals geradezu sensationell), und dann erfolgte die Antwort, ein Abgeordneter d\u00fcrfe die Antwort einsehen, aber weder Aufzeichnungen machen noch das Gesehene weitersagen \u2026 Auch eine Variante von Nichtantwort, die mir aber damals signalisierte, ins Schwarze getroffen zu haben.<\/p>\n<p>Diese Art der Nichtantwort wird also als zu gef\u00e4hrlich befunden. Und da kommen wir zum interessanten Teil. Und zur\u00fcck zur Liste der Verd\u00e4chtigen.<\/p>\n<p>Eines ist unbestreitbar \u2013 g\u00e4be es die leiseste M\u00f6glichkeit, Russland die Verantwortung zuzuschieben, die Frage einer Geheimhaltung h\u00e4tte sich nicht gestellt. Im Gegenteil. Aber diese Variante war von vornherein so unwahrscheinlich, dass sie gar nicht ernsthaft versucht wurde. Eher wurde das Thema des Anschlags so gr\u00fcndlich beschwiegen, dass die zwei Jungs von <em>The Duran<\/em> schon spotteten, demn\u00e4chst w\u00fcrden die Nord-Stream-Pipelines selbst in einem Ged\u00e4chtnisloch verschwinden und europ\u00e4ische Politiker auf die Frage nach Nord Stream nur noch mit &#8220;Nord was?&#8221; antworten.<\/p>\n<p>Wie w\u00e4re das Thema behandelt worden, h\u00e4tte sich einer der &#8220;kleineren&#8221; Verd\u00e4chtigen als T\u00e4ter erwiesen? Im Falle von Polen kann man davon ausgehen, dass die Variante Einsicht im Geheimschutzraum gew\u00e4hlt worden w\u00e4re, wom\u00f6glich mit dem Hintergedanken, dass die Information dann doch auf die eine oder andere Weise an die \u00d6ffentlichkeit geriete. Schlie\u00dflich ist es eine Sache, selbst im Grunde erleichtert zu sein, weil es die einfache L\u00f6sung, die Sanktionen aufzuheben und so das Energieproblem zu l\u00f6sen, gar nicht mehr gibt, aber eine ganz andere, wenn sich da Polen eingemischt hat. Das w\u00e4re eine Form politischer Kr\u00e4nkung, die mit Sicherheit irgendwie entgolten w\u00fcrde.<\/p>\n<p>Selbst bei einer Beteiligung der Briten w\u00fcrde normalerweise nach irgendeinem Schlupfloch gesucht, um nach diesem unverkennbar \u00e4u\u00dferen Angriff auf deutsche Interessen die Dinge wieder geradezur\u00fccken. So servil diese Bundesregierung auch ist, sie ist es nach oben, und die Kleineren in der Hackordnung bleiben die Kleineren; auch das stetige ukrainische Gejammere w\u00fcrde auf v\u00f6llig taube Ohren sto\u00dfen, g\u00e4be es nicht den geopolitischen Hintergrund und die US-Beteiligung.<\/p>\n<p>Es gibt auf diesem Planeten exakt ein Land, dessen Benennung als T\u00e4ter selbst unter den Bedingungen der Geheimschutzkammer riskant w\u00e4re. Zwar weniger im Sinne des Staatswohls (das w\u00fcrde eine Ver\u00f6ffentlichung und eine entsprechende Reaktion der Bundesregierung verlangen), aber im Sinne des Wohls der Bundesregierung. Dieses Land sind die Vereinigten Staaten von Amerika. Einzig bei diesem Ergebnis ergibt dieses v\u00f6llige Abblocken Sinn. Und man muss sich auch nicht wundern, warum Marinetaucher angeblich an den Anschlagsort gefahren sind, ohne die f\u00fcr die gegebene Tiefe erforderliche Ausr\u00fcstung mitzunehmen.<\/p>\n<p>Besonders schwierig w\u00fcrde in diesem Zusammenhang die Frage, ob die Bundesregierung informiert war, falls ja, wann, und warum darauf keine Reaktion erfolgte. Das sind alles Fragen, die das heikle Thema des Landesverrats ber\u00fchren, und die Regierung Scholz hat jeden Grund, dieses Thema nicht aufkommen zu lassen. Auch das w\u00e4re anders, w\u00e4ren es die Briten oder die Polen gewesen. Denn in diesem Fall ginge niemand davon aus, dass zuvor informiert oder nachgefragt worden w\u00e4re. Aber gerade bei solchen Lakaien, die sich etwas darauf zugutehalten, unter der Dienstbotenschaft zumindest der erste zu sein, wie das ein Robert Habeck mit seinem &#8220;dienend f\u00fchren&#8221; auch noch ausgesprochen hat, h\u00e4tte jede Variante, nicht gefragt worden zu sein, einen Tobsuchtsanfall ausgel\u00f6st; von Handlungen tiefer stehender Lakaien ganz zu schweigen.<\/p>\n<p>Wie man sieht, diese Antwort verr\u00e4t doch einiges, es kommt nur darauf an, die Art der Antwort richtig zu bewerten. Und nat\u00fcrlich best\u00e4tigt der Umgang mit dieser Frage ein weiteres Mal, dass dieser Bundesregierung ihr eigenes, pers\u00f6nliches Wohl \u00fcber das Wohl des Landes und seiner Bewohner geht; aber das ist nichts Neues, und wer das bis heute nicht begriffen hat, wird es wohl nicht mehr begreifen.<\/p>\n<p><strong>Mehr zum Thema<\/strong> &#8211;\u00a0<a rel=\"nofollow noopener\" target=\"_blank\" href=\"https:\/\/pressefreiheit.rtde.tech\/inland\/151428-parlament-aussen-vor-pipeline-anschlag\/\">Parlament au\u00dfen vor \u2013 Pipeline-Anschlag als Geheimnis verb\u00fcndeter Nachrichtendienste<\/a><\/p>\n<\/p>\n<\/div>\n<p><br \/>\n<br \/><a href=\"https:\/\/de.rt.com\/meinung\/151906-nord-stream-verraterische-schweigen-bundesregierung\/\">Source link <\/a><\/p>\n","protected":false},"excerpt":{"rendered":"<p>Dass mehrere Anfragen der Abgeordneten \u017baklin Nasti\u0107 und Sahra Wagenknecht zum Anschlag auf Nord Stream nur mit einem &#8220;Sagen wir nicht&#8221; beantwortet wurden, d\u00fcrfte allgemein bekannt sein. Aber auch dieses Schweigen verr\u00e4t mehr, als der Bundesregierung lieb sein kann. Von Dagmar Henn Man wird und wird nicht schlauer, was die Anschl\u00e4ge auf die Nord-Stream-Pipelines betrifft. [&hellip;]<\/p>\n","protected":false},"author":3,"featured_media":21310,"comment_status":"open","ping_status":"open","sticky":false,"template":"","format":"standard","meta":{"wp_automatic_camp":["217"],"3d922a8c6d0c3d9c1ea94bf4f582e019":["Nord Stream: Das verr\u00e4terische Schweigen der Bundesregierung"],"original_link":["https:\/\/de.rt.com\/meinung\/151906-nord-stream-verraterische-schweigen-bundesregierung\/"],"_thumbnail_id":["21310"],"_wptg_p2tg_sent2tg":["2022-10-18 21:54:00"],"jnews_social_counter_last_update":["1777363237"]},"categories":[19,23],"tags":[3807,427,82,11408,7393,8951,34572],"yoast_head":"<!-- This site is optimized with the Yoast SEO Premium plugin v22.7 (Yoast SEO v22.7) - https:\/\/yoast.com\/wordpress\/plugins\/seo\/ -->\n<title>Nord Stream: Das verr\u00e4terische Schweigen der Bundesregierung - just-now.NEWS Deutschland<\/title>\n<meta name=\"robots\" content=\"index, follow, max-snippet:-1, max-image-preview:large, max-video-preview:-1\" \/>\n<link rel=\"canonical\" href=\"https:\/\/now-news.de\/de\/deutschland\/nord-stream-das-verraeterische-schweigen-der-bundesregierung\/\" \/>\n<meta property=\"og:locale\" content=\"de_DE\" \/>\n<meta property=\"og:type\" content=\"article\" \/>\n<meta property=\"og:title\" content=\"Nord Stream: Das verr\u00e4terische Schweigen der Bundesregierung\" \/>\n<meta property=\"og:description\" content=\"Dass mehrere Anfragen der Abgeordneten \u017baklin Nasti\u0107 und Sahra Wagenknecht zum Anschlag auf Nord Stream nur mit einem &#8220;Sagen wir nicht&#8221; beantwortet wurden, d\u00fcrfte allgemein bekannt sein. Aber auch dieses Schweigen verr\u00e4t mehr, als der Bundesregierung lieb sein kann. Von Dagmar Henn Man wird und wird nicht schlauer, was die Anschl\u00e4ge auf die Nord-Stream-Pipelines betrifft. [&hellip;]\" \/>\n<meta property=\"og:url\" content=\"https:\/\/now-news.de\/de\/deutschland\/nord-stream-das-verraeterische-schweigen-der-bundesregierung\/\" \/>\n<meta property=\"og:site_name\" content=\"just-now.NEWS Deutschland\" \/>\n<meta property=\"article:publisher\" content=\"https:\/\/www.facebook.com\/wirmachenauf\" \/>\n<meta property=\"article:published_time\" content=\"2022-10-18T19:50:14+00:00\" \/>\n<meta property=\"og:image\" content=\"https:\/\/now-news.de\/de\/wp-content\/uploads\/sites\/3\/2022\/10\/Nord-Stream-Das-verraeterische-Schweigen-der-Bundesregierung.jpg\" \/>\n\t<meta property=\"og:image:width\" content=\"460\" \/>\n\t<meta property=\"og:image:height\" content=\"259\" \/>\n\t<meta property=\"og:image:type\" content=\"image\/jpeg\" \/>\n<meta name=\"author\" content=\"rtnews\" \/>\n<meta name=\"twitter:card\" content=\"summary_large_image\" \/>\n<meta name=\"twitter:creator\" content=\"@WirMachenAuf_de\" \/>\n<meta name=\"twitter:site\" content=\"@WirMachenAuf_de\" \/>\n<meta name=\"twitter:label1\" content=\"Verfasst von\" \/>\n\t<meta name=\"twitter:data1\" content=\"rtnews\" \/>\n\t<meta name=\"twitter:label2\" content=\"Gesch\u00e4tzte Lesezeit\" \/>\n\t<meta name=\"twitter:data2\" content=\"6\u00a0Minuten\" \/>\n<script type=\"application\/ld+json\" class=\"yoast-schema-graph\">{\"@context\":\"https:\/\/schema.org\",\"@graph\":[{\"@type\":\"Article\",\"@id\":\"https:\/\/now-news.de\/de\/deutschland\/nord-stream-das-verraeterische-schweigen-der-bundesregierung\/#article\",\"isPartOf\":{\"@id\":\"https:\/\/now-news.de\/de\/deutschland\/nord-stream-das-verraeterische-schweigen-der-bundesregierung\/\"},\"author\":{\"name\":\"rtnews\",\"@id\":\"https:\/\/now-news.de\/de\/#\/schema\/person\/fb534a4e865501d8b3285208df34a9b5\"},\"headline\":\"Nord Stream: Das verr\u00e4terische Schweigen der Bundesregierung\",\"datePublished\":\"2022-10-18T19:50:14+00:00\",\"dateModified\":\"2022-10-18T19:50:14+00:00\",\"mainEntityOfPage\":{\"@id\":\"https:\/\/now-news.de\/de\/deutschland\/nord-stream-das-verraeterische-schweigen-der-bundesregierung\/\"},\"wordCount\":1124,\"commentCount\":0,\"publisher\":{\"@id\":\"https:\/\/now-news.de\/de\/#organization\"},\"image\":{\"@id\":\"https:\/\/now-news.de\/de\/deutschland\/nord-stream-das-verraeterische-schweigen-der-bundesregierung\/#primaryimage\"},\"thumbnailUrl\":\"https:\/\/now-news.de\/de\/wp-content\/uploads\/sites\/3\/2022\/10\/Nord-Stream-Das-verraeterische-Schweigen-der-Bundesregierung.jpg\",\"keywords\":[\"Bundesregierung\",\"das\",\"der\",\"Nord\",\"Schweigen\",\"stream\",\"verr\u00e4terische\"],\"articleSection\":[\"Deutschland\",\"Russland\"],\"inLanguage\":\"de\",\"potentialAction\":[{\"@type\":\"CommentAction\",\"name\":\"Comment\",\"target\":[\"https:\/\/now-news.de\/de\/deutschland\/nord-stream-das-verraeterische-schweigen-der-bundesregierung\/#respond\"]}]},{\"@type\":\"WebPage\",\"@id\":\"https:\/\/now-news.de\/de\/deutschland\/nord-stream-das-verraeterische-schweigen-der-bundesregierung\/\",\"url\":\"https:\/\/now-news.de\/de\/deutschland\/nord-stream-das-verraeterische-schweigen-der-bundesregierung\/\",\"name\":\"Nord Stream: Das verr\u00e4terische Schweigen der Bundesregierung - just-now.NEWS Deutschland\",\"isPartOf\":{\"@id\":\"https:\/\/now-news.de\/de\/#website\"},\"primaryImageOfPage\":{\"@id\":\"https:\/\/now-news.de\/de\/deutschland\/nord-stream-das-verraeterische-schweigen-der-bundesregierung\/#primaryimage\"},\"image\":{\"@id\":\"https:\/\/now-news.de\/de\/deutschland\/nord-stream-das-verraeterische-schweigen-der-bundesregierung\/#primaryimage\"},\"thumbnailUrl\":\"https:\/\/now-news.de\/de\/wp-content\/uploads\/sites\/3\/2022\/10\/Nord-Stream-Das-verraeterische-Schweigen-der-Bundesregierung.jpg\",\"datePublished\":\"2022-10-18T19:50:14+00:00\",\"dateModified\":\"2022-10-18T19:50:14+00:00\",\"breadcrumb\":{\"@id\":\"https:\/\/now-news.de\/de\/deutschland\/nord-stream-das-verraeterische-schweigen-der-bundesregierung\/#breadcrumb\"},\"inLanguage\":\"de\",\"potentialAction\":[{\"@type\":\"ReadAction\",\"target\":[\"https:\/\/now-news.de\/de\/deutschland\/nord-stream-das-verraeterische-schweigen-der-bundesregierung\/\"]}]},{\"@type\":\"ImageObject\",\"inLanguage\":\"de\",\"@id\":\"https:\/\/now-news.de\/de\/deutschland\/nord-stream-das-verraeterische-schweigen-der-bundesregierung\/#primaryimage\",\"url\":\"https:\/\/now-news.de\/de\/wp-content\/uploads\/sites\/3\/2022\/10\/Nord-Stream-Das-verraeterische-Schweigen-der-Bundesregierung.jpg\",\"contentUrl\":\"https:\/\/now-news.de\/de\/wp-content\/uploads\/sites\/3\/2022\/10\/Nord-Stream-Das-verraeterische-Schweigen-der-Bundesregierung.jpg\",\"width\":460,\"height\":259,\"caption\":\"Nord Stream: Das verr\u00e4terische Schweigen der Bundesregierung\"},{\"@type\":\"BreadcrumbList\",\"@id\":\"https:\/\/now-news.de\/de\/deutschland\/nord-stream-das-verraeterische-schweigen-der-bundesregierung\/#breadcrumb\",\"itemListElement\":[{\"@type\":\"ListItem\",\"position\":1,\"name\":\"Home\",\"item\":\"https:\/\/now-news.de\/de\/\"},{\"@type\":\"ListItem\",\"position\":2,\"name\":\"Nord Stream: Das verr\u00e4terische Schweigen der Bundesregierung\"}]},{\"@type\":\"WebSite\",\"@id\":\"https:\/\/now-news.de\/de\/#website\",\"url\":\"https:\/\/now-news.de\/de\/\",\"name\":\"just-now.NEWS Deutschland\",\"description\":\"Das Portal f\u00fcr unzensierte Nachrichten aus der Welt\",\"publisher\":{\"@id\":\"https:\/\/now-news.de\/de\/#organization\"},\"potentialAction\":[{\"@type\":\"SearchAction\",\"target\":{\"@type\":\"EntryPoint\",\"urlTemplate\":\"https:\/\/now-news.de\/de\/?s={search_term_string}\"},\"query-input\":\"required name=search_term_string\"}],\"inLanguage\":\"de\"},{\"@type\":\"Organization\",\"@id\":\"https:\/\/now-news.de\/de\/#organization\",\"name\":\"Just Now News\",\"url\":\"https:\/\/now-news.de\/de\/\",\"logo\":{\"@type\":\"ImageObject\",\"inLanguage\":\"de\",\"@id\":\"https:\/\/now-news.de\/de\/#\/schema\/logo\/image\/\",\"url\":\"http:\/\/just-now.news\/de\/wp-content\/uploads\/sites\/3\/2022\/04\/logo500x500.jpg\",\"contentUrl\":\"http:\/\/just-now.news\/de\/wp-content\/uploads\/sites\/3\/2022\/04\/logo500x500.jpg\",\"width\":500,\"height\":500,\"caption\":\"Just Now News\"},\"image\":{\"@id\":\"https:\/\/now-news.de\/de\/#\/schema\/logo\/image\/\"},\"sameAs\":[\"https:\/\/www.facebook.com\/wirmachenauf\",\"https:\/\/x.com\/WirMachenAuf_de\"]},{\"@type\":\"Person\",\"@id\":\"https:\/\/now-news.de\/de\/#\/schema\/person\/fb534a4e865501d8b3285208df34a9b5\",\"name\":\"rtnews\",\"image\":{\"@type\":\"ImageObject\",\"inLanguage\":\"de\",\"@id\":\"https:\/\/now-news.de\/de\/#\/schema\/person\/image\/\",\"url\":\"https:\/\/secure.gravatar.com\/avatar\/82aafea7d8127119dd649515f56e2117?s=96&d=mm&r=g\",\"contentUrl\":\"https:\/\/secure.gravatar.com\/avatar\/82aafea7d8127119dd649515f56e2117?s=96&d=mm&r=g\",\"caption\":\"rtnews\"},\"url\":\"https:\/\/now-news.de\/de\/author\/rnews\/\"}]}<\/script>\n<!-- \/ Yoast SEO Premium plugin. -->","yoast_head_json":{"title":"Nord Stream: Das verr\u00e4terische Schweigen der Bundesregierung - just-now.NEWS Deutschland","robots":{"index":"index","follow":"follow","max-snippet":"max-snippet:-1","max-image-preview":"max-image-preview:large","max-video-preview":"max-video-preview:-1"},"canonical":"https:\/\/now-news.de\/de\/deutschland\/nord-stream-das-verraeterische-schweigen-der-bundesregierung\/","og_locale":"de_DE","og_type":"article","og_title":"Nord Stream: Das verr\u00e4terische Schweigen der Bundesregierung","og_description":"Dass mehrere Anfragen der Abgeordneten \u017baklin Nasti\u0107 und Sahra Wagenknecht zum Anschlag auf Nord Stream nur mit einem &#8220;Sagen wir nicht&#8221; beantwortet wurden, d\u00fcrfte allgemein bekannt sein. Aber auch dieses Schweigen verr\u00e4t mehr, als der Bundesregierung lieb sein kann. Von Dagmar Henn Man wird und wird nicht schlauer, was die Anschl\u00e4ge auf die Nord-Stream-Pipelines betrifft. [&hellip;]","og_url":"https:\/\/now-news.de\/de\/deutschland\/nord-stream-das-verraeterische-schweigen-der-bundesregierung\/","og_site_name":"just-now.NEWS Deutschland","article_publisher":"https:\/\/www.facebook.com\/wirmachenauf","article_published_time":"2022-10-18T19:50:14+00:00","og_image":[{"width":460,"height":259,"url":"https:\/\/now-news.de\/de\/wp-content\/uploads\/sites\/3\/2022\/10\/Nord-Stream-Das-verraeterische-Schweigen-der-Bundesregierung.jpg","type":"image\/jpeg"}],"author":"rtnews","twitter_card":"summary_large_image","twitter_creator":"@WirMachenAuf_de","twitter_site":"@WirMachenAuf_de","twitter_misc":{"Verfasst von":"rtnews","Gesch\u00e4tzte Lesezeit":"6\u00a0Minuten"},"schema":{"@context":"https:\/\/schema.org","@graph":[{"@type":"Article","@id":"https:\/\/now-news.de\/de\/deutschland\/nord-stream-das-verraeterische-schweigen-der-bundesregierung\/#article","isPartOf":{"@id":"https:\/\/now-news.de\/de\/deutschland\/nord-stream-das-verraeterische-schweigen-der-bundesregierung\/"},"author":{"name":"rtnews","@id":"https:\/\/now-news.de\/de\/#\/schema\/person\/fb534a4e865501d8b3285208df34a9b5"},"headline":"Nord Stream: Das verr\u00e4terische Schweigen der Bundesregierung","datePublished":"2022-10-18T19:50:14+00:00","dateModified":"2022-10-18T19:50:14+00:00","mainEntityOfPage":{"@id":"https:\/\/now-news.de\/de\/deutschland\/nord-stream-das-verraeterische-schweigen-der-bundesregierung\/"},"wordCount":1124,"commentCount":0,"publisher":{"@id":"https:\/\/now-news.de\/de\/#organization"},"image":{"@id":"https:\/\/now-news.de\/de\/deutschland\/nord-stream-das-verraeterische-schweigen-der-bundesregierung\/#primaryimage"},"thumbnailUrl":"https:\/\/now-news.de\/de\/wp-content\/uploads\/sites\/3\/2022\/10\/Nord-Stream-Das-verraeterische-Schweigen-der-Bundesregierung.jpg","keywords":["Bundesregierung","das","der","Nord","Schweigen","stream","verr\u00e4terische"],"articleSection":["Deutschland","Russland"],"inLanguage":"de","potentialAction":[{"@type":"CommentAction","name":"Comment","target":["https:\/\/now-news.de\/de\/deutschland\/nord-stream-das-verraeterische-schweigen-der-bundesregierung\/#respond"]}]},{"@type":"WebPage","@id":"https:\/\/now-news.de\/de\/deutschland\/nord-stream-das-verraeterische-schweigen-der-bundesregierung\/","url":"https:\/\/now-news.de\/de\/deutschland\/nord-stream-das-verraeterische-schweigen-der-bundesregierung\/","name":"Nord Stream: Das verr\u00e4terische Schweigen der Bundesregierung - just-now.NEWS Deutschland","isPartOf":{"@id":"https:\/\/now-news.de\/de\/#website"},"primaryImageOfPage":{"@id":"https:\/\/now-news.de\/de\/deutschland\/nord-stream-das-verraeterische-schweigen-der-bundesregierung\/#primaryimage"},"image":{"@id":"https:\/\/now-news.de\/de\/deutschland\/nord-stream-das-verraeterische-schweigen-der-bundesregierung\/#primaryimage"},"thumbnailUrl":"https:\/\/now-news.de\/de\/wp-content\/uploads\/sites\/3\/2022\/10\/Nord-Stream-Das-verraeterische-Schweigen-der-Bundesregierung.jpg","datePublished":"2022-10-18T19:50:14+00:00","dateModified":"2022-10-18T19:50:14+00:00","breadcrumb":{"@id":"https:\/\/now-news.de\/de\/deutschland\/nord-stream-das-verraeterische-schweigen-der-bundesregierung\/#breadcrumb"},"inLanguage":"de","potentialAction":[{"@type":"ReadAction","target":["https:\/\/now-news.de\/de\/deutschland\/nord-stream-das-verraeterische-schweigen-der-bundesregierung\/"]}]},{"@type":"ImageObject","inLanguage":"de","@id":"https:\/\/now-news.de\/de\/deutschland\/nord-stream-das-verraeterische-schweigen-der-bundesregierung\/#primaryimage","url":"https:\/\/now-news.de\/de\/wp-content\/uploads\/sites\/3\/2022\/10\/Nord-Stream-Das-verraeterische-Schweigen-der-Bundesregierung.jpg","contentUrl":"https:\/\/now-news.de\/de\/wp-content\/uploads\/sites\/3\/2022\/10\/Nord-Stream-Das-verraeterische-Schweigen-der-Bundesregierung.jpg","width":460,"height":259,"caption":"Nord Stream: Das verr\u00e4terische Schweigen der Bundesregierung"},{"@type":"BreadcrumbList","@id":"https:\/\/now-news.de\/de\/deutschland\/nord-stream-das-verraeterische-schweigen-der-bundesregierung\/#breadcrumb","itemListElement":[{"@type":"ListItem","position":1,"name":"Home","item":"https:\/\/now-news.de\/de\/"},{"@type":"ListItem","position":2,"name":"Nord Stream: Das verr\u00e4terische Schweigen der Bundesregierung"}]},{"@type":"WebSite","@id":"https:\/\/now-news.de\/de\/#website","url":"https:\/\/now-news.de\/de\/","name":"just-now.NEWS Deutschland","description":"Das Portal f\u00fcr unzensierte Nachrichten aus der Welt","publisher":{"@id":"https:\/\/now-news.de\/de\/#organization"},"potentialAction":[{"@type":"SearchAction","target":{"@type":"EntryPoint","urlTemplate":"https:\/\/now-news.de\/de\/?s={search_term_string}"},"query-input":"required name=search_term_string"}],"inLanguage":"de"},{"@type":"Organization","@id":"https:\/\/now-news.de\/de\/#organization","name":"Just Now News","url":"https:\/\/now-news.de\/de\/","logo":{"@type":"ImageObject","inLanguage":"de","@id":"https:\/\/now-news.de\/de\/#\/schema\/logo\/image\/","url":"http:\/\/just-now.news\/de\/wp-content\/uploads\/sites\/3\/2022\/04\/logo500x500.jpg","contentUrl":"http:\/\/just-now.news\/de\/wp-content\/uploads\/sites\/3\/2022\/04\/logo500x500.jpg","width":500,"height":500,"caption":"Just Now News"},"image":{"@id":"https:\/\/now-news.de\/de\/#\/schema\/logo\/image\/"},"sameAs":["https:\/\/www.facebook.com\/wirmachenauf","https:\/\/x.com\/WirMachenAuf_de"]},{"@type":"Person","@id":"https:\/\/now-news.de\/de\/#\/schema\/person\/fb534a4e865501d8b3285208df34a9b5","name":"rtnews","image":{"@type":"ImageObject","inLanguage":"de","@id":"https:\/\/now-news.de\/de\/#\/schema\/person\/image\/","url":"https:\/\/secure.gravatar.com\/avatar\/82aafea7d8127119dd649515f56e2117?s=96&d=mm&r=g","contentUrl":"https:\/\/secure.gravatar.com\/avatar\/82aafea7d8127119dd649515f56e2117?s=96&d=mm&r=g","caption":"rtnews"},"url":"https:\/\/now-news.de\/de\/author\/rnews\/"}]}},"_links":{"self":[{"href":"https:\/\/now-news.de\/de\/wp-json\/wp\/v2\/posts\/21309"}],"collection":[{"href":"https:\/\/now-news.de\/de\/wp-json\/wp\/v2\/posts"}],"about":[{"href":"https:\/\/now-news.de\/de\/wp-json\/wp\/v2\/types\/post"}],"author":[{"embeddable":true,"href":"https:\/\/now-news.de\/de\/wp-json\/wp\/v2\/users\/3"}],"replies":[{"embeddable":true,"href":"https:\/\/now-news.de\/de\/wp-json\/wp\/v2\/comments?post=21309"}],"version-history":[{"count":0,"href":"https:\/\/now-news.de\/de\/wp-json\/wp\/v2\/posts\/21309\/revisions"}],"wp:featuredmedia":[{"embeddable":true,"href":"https:\/\/now-news.de\/de\/wp-json\/wp\/v2\/media\/21310"}],"wp:attachment":[{"href":"https:\/\/now-news.de\/de\/wp-json\/wp\/v2\/media?parent=21309"}],"wp:term":[{"taxonomy":"category","embeddable":true,"href":"https:\/\/now-news.de\/de\/wp-json\/wp\/v2\/categories?post=21309"},{"taxonomy":"post_tag","embeddable":true,"href":"https:\/\/now-news.de\/de\/wp-json\/wp\/v2\/tags?post=21309"}],"curies":[{"name":"wp","href":"https:\/\/api.w.org\/{rel}","templated":true}]}}