{"id":21283,"date":"2022-10-18T16:00:15","date_gmt":"2022-10-18T14:00:15","guid":{"rendered":"http:\/\/just-now.news\/de\/deutschland\/wie-gefaehrlich-ist-putin-fuer-den-westen-kommunist-welteroberer-mythen-legenden-fakten\/"},"modified":"2022-10-18T16:00:15","modified_gmt":"2022-10-18T14:00:15","slug":"wie-gefaehrlich-ist-putin-fuer-den-westen-kommunist-welteroberer-mythen-legenden-fakten","status":"publish","type":"post","link":"https:\/\/now-news.de\/de\/deutschland\/wie-gefaehrlich-ist-putin-fuer-den-westen-kommunist-welteroberer-mythen-legenden-fakten\/","title":{"rendered":"Wie gef\u00e4hrlich ist Putin f\u00fcr den Westen? Kommunist? Welteroberer? Mythen, Legenden, Fakten!"},"content":{"rendered":"<div class=\"Text-root Text-type_1 \">\n                Lenin war der Gr\u00fcnder der Sowjetunion, ein fanatischer Revolution\u00e4r. Ist Putin der neue Lenin? Die Bild-Zeitung beschreibt den russischen Pr\u00e4sidenten in einem Artikel als Kreml-Tyrannen, Kreml-Diktator und Kreml-Despoten, versucht, Putin zu entmenschlichen.\n            <\/div>\n<p><\/p>\n<div class=\"Text-root Text-type_5 ArticleView-text ViewText-root \">\n<p><em>Von Thorsten Schulte<\/em><\/p>\n<p>Lenin war der Gr\u00fcnder der Sowjetunion, ein fanatischer Revolution\u00e4r. Ist Putin der neue Lenin? Die Bild-Zeitung <a rel=\"nofollow noopener\" target=\"_blank\" href=\"https:\/\/www.bild.de\/politik\/ausland\/politik-ausland\/kreml-tyrann-verstrickt-sich-in-widerspruechen-weiss-putin-selbst-noch-was-er-wi-81624166.bild.html\">beschreibt<\/a> den russischen Pr\u00e4sidenten in einem Artikel als Kreml-Tyrannen, Kreml-Diktator und Kreml-Despoten, versucht, Putin zu entmenschlichen.<\/p>\n<p>Selbst vermeintlich alternative Medien in Deutschland werfen Putin Imperialismus vor und unterstellen ihm, eine kommunistische Langzeitstrategie zu verfolgen. Der Fall des Kommunismus 1989 sei demnach nur vorget\u00e4uscht und am Ende wolle man weltweit den Kommunismus verwirklichen. Putin als ehemaliger KGB-Offizier sei demnach ein waschechter Kommunist, der von seiner R\u00fcckkehr tr\u00e4ume und sie verwirklichen wolle.<\/p>\n<p>F\u00fcr jeden sein Land und die Freiheit liebenden Westeurop\u00e4er und Nordamerikaner muss Putin daher die gr\u00f6\u00dfte Gefahr sein. Machen wir die Probe aufs Exempel. Jeder m\u00f6ge sich seines eigenen Verstandes bedienen. Und vorab eine Frage: Ende Februar 2022 raubte der Westen \u00fcber die H\u00e4lfte der W\u00e4hrungsreserven der russischen Zentralbank, alle Dollars, alle Euros. H\u00e4tte Putin damals alle \u00d6l- und Gaslieferungen nach Europa eingestellt, h\u00e4tten wir sehr schnell Chaos in Mitteleuropa vorgefunden. Ist er wirklich unberechenbar und auf den Untergang Europas aus?<\/p>\n<p>Aber der Reihe nach:<\/p>\n<p>Im Westen sehen wir, dass der Staat nicht auf eine gute Familienpolitik setzt, sondern auf Einwanderung. Die V\u00f6lker verlieren ihr altes Gesicht, der Tod des alten wei\u00dfen Mannes wird in den Medien herbeigeschrieben und anscheinend herbeigesehnt.\u00a0Die Wei\u00dfen verlieren in den USA die Mehrheit bis 2050! Bereits 2012 bis 2016 fiel ihr Anteil in den US-St\u00e4dten auf nur noch 44 Prozent. \u00dcberpr\u00fcfen Sie die von mir <a rel=\"nofollow noopener\" target=\"_blank\" href=\"https:\/\/www.pewresearch.org\/social-trends\/2018\/05\/22\/demographic-and-economic-trends-in-urban-suburban-and-rural-communities\/\">angegebenen<\/a> Quellen.<\/p>\n<p>Der heutige US-Pr\u00e4sident Biden versprach im letzten Fernsehduell mit Donald Trump vor der letzten Pr\u00e4sidentschaftswahl, sich f\u00fcr die Einb\u00fcrgerung von elf Millionen Einwanderern ohne Papiere einzusetzen. Er wei\u00df, dass die Wei\u00dfen in den US-St\u00e4dten bereits seit Jahren in der Minderheit sind und seine Partei, die Demokraten, gerade dort Mehrheiten haben.\u00a0Die Frage ist nur, ob dies die einzigen Motive sind. Wir haben es in den USA wie in Gro\u00dfbritannien, Schweden, Frankreich und Deutschland mit den gleichen Bedrohungen zu tun. In Gro\u00dfbritannien ist es so, dass wei\u00dfe Briten in London bereits bei der Volksz\u00e4hlung vom M\u00e4rz 2011 in der Minderheit <a rel=\"nofollow noopener\" target=\"_blank\" href=\"https:\/\/www.nzz.ch\/weisse-briten-in-london-in-der-minderheit-ld.614734\">waren<\/a>.<\/p>\n<figure class=\"RTImage-root\">\n<div class=\"RTImage-image RTImage-original\"><picture class=\"Picture-root Picture-original\"><!--[if IE 9]><video style=\"display: none;\"><![endif]--><source media=\"(-webkit-min-device-pixel-ratio: 2) and (min-resolution: 120dpi)\" data-srcset=\" \nhttp:\/\/just-now.news\/de\/wp-content\/uploads\/sites\/3\/2022\/10\/634ea89cb480cc253f4a2c5f.PNG 850w,\n                http:\/\/just-now.news\/de\/wp-content\/uploads\/sites\/3\/2022\/10\/634ea89cb480cc253f4a2c5f.PNG 1960w,\n            \" ><source data-srcset=\" \nhttp:\/\/just-now.news\/de\/wp-content\/uploads\/sites\/3\/2022\/10\/634ea89cb480cc253f4a2c5f.PNG 460w,\n              http:\/\/just-now.news\/de\/wp-content\/uploads\/sites\/3\/2022\/10\/634ea89cb480cc253f4a2c5f.PNG 980w,\n            \" ><!--[if IE 9]><\/video><![endif]--><img decoding=\"async\" data- src=\"data:image\/png;base64,iVBORw0KGgoAAAANSUhEUgAAABAAAAAJCAQAAACRI2S5AAAAEElEQVR42mNkIAAYRxWAAQAG9gAKqv6+AwAAAABJRU5ErkJggg==\" class=\"Picture-root Picture-original lazyload\" data-src=\"http:\/\/just-now.news\/de\/wp-content\/uploads\/sites\/3\/2022\/10\/634ea89cb480cc253f4a2c5f.PNG\" alt=\"\"><\/source><\/source><\/picture><!-- noscript pattern --><noscript><img decoding=\"async\" src=\"http:\/\/just-now.news\/de\/wp-content\/uploads\/sites\/3\/2022\/10\/634ea89cb480cc253f4a2c5f.PNG\" alt=\"\"><\/noscript><\/div><figcaption class=\"RTImage-footer\"><span class=\"RTImage-caption\"><\/span><span class=\"RTImage-source\"><span class=\"RTImage-captionItem\">Screenshot NZZ\/18.10.2022<\/span><\/span><\/figcaption><\/figure>\n<p>Und selbst die britische Sun <a rel=\"nofollow noopener\" target=\"_blank\" href=\"https:\/\/www.thesun.co.uk\/news\/10669341\/muslim-population-england-smashes-three-million-mark-for-first-time\/\">teilte<\/a> uns im Januar mit, dass in London in einigen Vierteln bereits der Anteil von Muslimen bei \u00fcber 50 Prozent liegt. Der Londoner B\u00fcrgermeister ist Moslem. Ich pr\u00e4sentiere nur Fakten und frage, ob die Menschen diese Entwicklung wirklich mehrheitlich wollen, die seit Jahrzehnten und deren Vorfahren seit Jahrhunderten hier lebten bzw. leben.<\/p>\n<figure class=\"RTImage-root\">\n<div class=\"RTImage-image RTImage-original\"><picture class=\"Picture-root Picture-original\"><!--[if IE 9]><video style=\"display: none;\"><![endif]--><source media=\"(-webkit-min-device-pixel-ratio: 2) and (min-resolution: 120dpi)\" data-srcset=\" \nhttp:\/\/just-now.news\/de\/wp-content\/uploads\/sites\/3\/2022\/10\/634eaa3f48fbef7eec4fb665.PNG 850w,\n                http:\/\/just-now.news\/de\/wp-content\/uploads\/sites\/3\/2022\/10\/634eaa3f48fbef7eec4fb665.PNG 1960w,\n            \" ><source data-srcset=\" \nhttp:\/\/just-now.news\/de\/wp-content\/uploads\/sites\/3\/2022\/10\/634eaa3f48fbef7eec4fb665.PNG 460w,\n              http:\/\/just-now.news\/de\/wp-content\/uploads\/sites\/3\/2022\/10\/634eaa3f48fbef7eec4fb665.PNG 980w,\n            \" ><!--[if IE 9]><\/video><![endif]--><img decoding=\"async\" data- src=\"data:image\/png;base64,iVBORw0KGgoAAAANSUhEUgAAABAAAAAJCAQAAACRI2S5AAAAEElEQVR42mNkIAAYRxWAAQAG9gAKqv6+AwAAAABJRU5ErkJggg==\" class=\"Picture-root Picture-original lazyload\" data-src=\"http:\/\/just-now.news\/de\/wp-content\/uploads\/sites\/3\/2022\/10\/634eaa3f48fbef7eec4fb665.PNG\" alt=\"\"><\/source><\/source><\/picture><!-- noscript pattern --><noscript><img decoding=\"async\" src=\"http:\/\/just-now.news\/de\/wp-content\/uploads\/sites\/3\/2022\/10\/634eaa3f48fbef7eec4fb665.PNG\" alt=\"\"><\/noscript><\/div><figcaption class=\"RTImage-footer\"><span class=\"RTImage-caption\"><\/span><span class=\"RTImage-source\"><span class=\"RTImage-captionItem\">Screenshot The Sun 18.10.2022<\/span><\/span><\/figcaption><\/figure>\n<p>Nur sehr m\u00e4chtige Kreise k\u00f6nnen dies \u00fcber lange Zeit so konsequent \u00fcberall durchf\u00fchren.<\/p>\n<p>Was macht Russland unter Putin? Wie massiv Familien gef\u00f6rdert werden, zeigt uns Thomas R\u00f6per vom Anti-Spiegel in einem Artikel, den wir <a rel=\"nofollow noopener\" target=\"_blank\" href=\"https:\/\/www.anti-spiegel.ru\/2022\/wie-junge-familien-in-russland-gefoerdert-werden\/\">verlinken<\/a>.<\/p>\n<p>Putins Russland ist auf einem g\u00e4nzlich anderen Kurs als der Westen.\u00a01917 gab es in Russland \u00fcber 54.000 Kirchen und 1936 nur noch 100. Unter den Kommunisten gab es Christenverfolgungen mit Massenhinrichtungen und Deportationen in den Gulag. Heute <a rel=\"nofollow noopener\" target=\"_blank\" href=\"https:\/\/de.rbth.com\/kultur\/85680-wie-viele-kirchen-gibt-es-in-russland\">gibt<\/a> es wieder \u00fcber 21.000 Kirchen in Russland. Putin also ein Kommunist und Kirchenfeind? Wohl kaum.\u00a0Was ist mit der Heiligsprechung der Zarenfamilie? Sie erfolgte am 20. August 2000, und Putin war seit 31. Dezember 1999 russischer Pr\u00e4sident nach dem R\u00fccktritt Jelzins. \u00a0<\/p>\n<p>Interessant ist, dass im Westen immer mehr Denkm\u00e4ler f\u00fcr die Helden der Vergangenheit zerst\u00f6rt oder beseitigt werden.\u00a0In Russland jedoch werden seit 2000 unter Putin Denkm\u00e4ler eingeweiht, die in drei Kategorien eingeteilt werden k\u00f6nnen:<\/p>\n<ol>\n<li>die zu Ehren des zaristischen Russlands,<\/li>\n<li>die den Opfern der Revolution, des B\u00fcrgerkriegs und der Jahre des Stalinismus gewidmet sind, und<\/li>\n<li>die zur Erinnerung an den Gro\u00dfen Vaterl\u00e4ndischen Krieg 1941\u20131945.<\/li>\n<\/ol>\n<p>Selbst der Deutschlandfunk zitierte Putin im Februar 2017 mit den Worten \u00fcber den Gr\u00fcnder der Sowjetunion und Diktator Lenin, der die Oktoberrevolution 1917 anf\u00fchrte:<\/p>\n<blockquote>\n<p><em>&#8220;Er hat eine Atombombe unter ein Geb\u00e4ude namens Russland gelegt. Sp\u00e4ter ist sie explodiert. Die Revolution war \u00fcberfl\u00fcssig.&#8221;<\/em><\/p>\n<\/blockquote>\n<p>Ja, und sie hatte schreckliche Folgen, millionenfache Menschenopfer. Redet so ein Kommunist \u00fcber Lenin? Wohl kaum! Und der Deutschlandfunk <a rel=\"nofollow noopener\" target=\"_blank\" href=\"https:\/\/www.deutschlandfunk.de\/russland-revolutionsgedenken-mit-widerspruechen-100.html\">zitiert<\/a> Putin weiter:<\/p>\n<blockquote>\n<p><em>&#8220;Wir brauchen die Lehren aus der Geschichte vor allem f\u00fcr die Auss\u00f6hnung: Um den gesellschaftlichen, politischen und zivilen Konsens zu festigen, den wir heute erreicht haben. Wir sind ein geeintes Volk, ein Volk, und wir haben nur ein Russland.&#8221;<\/em><\/p>\n<\/blockquote>\n<p>Ist dies nicht vorbildlich? Ich habe Putin bislang niemals gesehen oder geh\u00f6rt, wie er Hass predigte.\u00a0Und es ist schon bemerkenswert, dass die Deutsche Welle davon <a rel=\"nofollow noopener\" target=\"_blank\" href=\"https:\/\/www.dw.com\/de\/russen-lassen-sich-die-revolutionsfeier-nicht-nehmen\/a-1770826\">spricht<\/a>, Putin habe in einer \u00fcberhasteten Feiertagsreform den 7. November als Feiertag f\u00fcr die Oktoberrevolution der Kommunisten im Jahr 1917 abgeschafft.\u00a0Putin enth\u00fcllte ein Denkmal f\u00fcr Alexander I. in der N\u00e4he der Kremlmauer. Wer war Alexander I.? Er war dieser russische Monarch, der zur Zeit der Napoleonischen Kriege regierte, auch zur Zeit von Bonapartes Feldzug gegen Russland. Seine Armeen marschierten in Frankreich ein und besetzten Paris. Die <a rel=\"nofollow noopener\" target=\"_blank\" href=\"http:\/\/en.kremlin.ru\/events\/president\/news\/47044\">Botschaft<\/a> Putins? Dauerhaften Frieden gibt es nur mit Russland und nicht gegen Russland.\u00a0\u00a0<\/p>\n<p>Putin enth\u00fcllte auch im November 2017 ein Denkmal f\u00fcr Zar Alexander III. in Jalta auf der Krim, dem Nachfolger von Alexander II., einem Reformzaren, der bei einem terroristischen Attentat am helllichten Tag get\u00f6tet wurde, als ein Attent\u00e4ter eine Bombe in dessen Kutsche warf. Putin betonte in seiner damaligen Rede, dass er als &#8220;Zar der Friedensstifter&#8221; bezeichnet wurde, weil Russland unter seiner 13-j\u00e4hrigen Herrschaft keine Kriege f\u00fchrte. Russlands Ansehen habe darunter nicht gelitten, sondern das Gegenteil sei der Fall gewesen. Die Wirtschaft bl\u00fchte wie Literatur und Kunst, die Armee wurde modernisiert. Die Meinung des Zaren war, dass man eine wohlhabende Nation nicht aufbauen k\u00f6nne, ohne sich auf die Geschichte, die Kultur und die geistigen Werte der Nation zu st\u00fctzen. Dies <a rel=\"nofollow noopener\" target=\"_blank\" href=\"http:\/\/en.kremlin.ru\/events\/president\/news\/56125\">betonte<\/a> Putin in seiner Rede.<\/p>\n<p>Ist es nicht ein v\u00f6lliges Kontrastprogramm zu dem, was uns vor allem in Deutschland, aber auch im gesamten Westen geboten wird?<\/p>\n<p>Und wie kommt es, dass Putin 2005 die sterblichen \u00dcberreste des Generals der Wei\u00dfen Garde Anton Denikin von einem Friedhof in New Jersey exhumieren und im Donskoi-Kloster beisetzen lie\u00df? Anton Denikin (dessen Vater Russe und dessen Mutter Polin war, er selbst wurde in Zentralpolen geboren) war einer jener pro-zaristischen Gener\u00e4le, die sich der Roten Armee <a rel=\"nofollow noopener\" target=\"_blank\" href=\"https:\/\/www.kommersant.ru\/doc\/613567\">widersetzten<\/a> und so lange k\u00e4mpften, wie sie konnten.<\/p>\n<p>Kann mir irgendjemand erkl\u00e4ren, wie das alles zu dem passt, was wir in deutschen Medien erfahren? Russland ist unter Putin die Bedrohung f\u00fcr die Kr\u00e4fte, die in Westeuropa und Nordamerika seit Langem alles tun, um den V\u00f6lkern jede Identit\u00e4t, jede Geschichte, jedweden Zusammenhalt zu rauben.<\/p>\n<p>Als Deutscher sage ich, dass ich mir f\u00fcr jedes Volk auf Erden einen Pr\u00e4sidenten w\u00fcnsche, der wie Putin die Interessen seines Volkes wahrnimmt. Und dies sage ich aus tiefster \u00dcberzeugung absolut selbstbestimmt.<\/p>\n<p>Als Deutscher sage ich, dass gerade wir Deutschen nach zwei Weltkriegen alles unternehmen m\u00fcssen, damit der Frieden in Europa zur\u00fcckkehrt! Wer Russland in die Enge treibt, wer den Dritten Weltkrieg heraufbeschw\u00f6rt, der wird die H\u00f6lle auf Erden ernten. Ich bitte alle Menschen in Deutschland, in Europa, alle V\u00f6lker, alle Christen wie ich, Juden, Muslime oder Atheisten, gemeinsam f\u00fcr den Frieden auf die Stra\u00dfe zu gehen.<\/p>\n<p>Wir sind alle Menschen unter Gottes Himmel. Wir alle haben nur eine Zukunft gemeinsam. Putin will die Spaltung in Russland \u00fcberwinden. Recht hat er. \u00dcberwinden wir alle die Spaltung weit \u00fcber Russland hinaus.<br \/> Gottes Segen f\u00fcr euch alle, welcher Religion oder welchem Volk ihr auch immer angeh\u00f6rt.\u00a0<\/p>\n<p><em><strong>Thorsten Schulte<\/strong>\u00a0ist eine Stimme der Vernunft zu Wirtschaft und Politik in Europa. Er ist der Autor von B\u00fcchern wie &#8220;<a rel=\"nofollow noopener\" target=\"_blank\" href=\"https:\/\/www.amazon.de\/Kontrollverlust-Wer-uns-bedroht-sch%C3%BCtzen\/dp\/3864454921\">Kontrollverlust \u2013 Wer uns bedroht und wie wir uns sch\u00fctzen<\/a>&#8221; (Spiegel-Bestseller Platz 1, mit Vorwort von Willy Wimmer) und &#8220;<a rel=\"nofollow noopener\" target=\"_blank\" href=\"https:\/\/www.amazon.de\/Fremdbestimmt-120-Jahre-L%C3%BCgen-T%C3%A4uschung\/dp\/3982126509\">Fremdbestimmt: 120 Jahre L\u00fcgen und T\u00e4uschung<\/a>&#8220;, redet Tacheles, deckt auf, klagt an und entwirft einen besseren Weg f\u00fcr Deutschland.<\/em><\/p>\n<p><strong>Mehr zum Thema<\/strong>\u00a0&#8211;\u00a0<a rel=\"nofollow noopener\" target=\"_blank\" href=\"https:\/\/pressefreiheit.rtde.live\/meinung\/149938-nato-und-russland-brandgefahrlicher-eskalationskurs\/\">Thorsten Schulte: Brandgef\u00e4hrlicher Eskalationskurs der NATO! Selenskij soll Abnutzungskrieg f\u00fchren<\/a><\/p>\n<\/div>\n<p><br \/>\n<br \/><a href=\"https:\/\/de.rt.com\/meinung\/151900-wie-gefahrlich-ist-putin-fur-kommunist-welteroberer-mythen-legenden-fakten\/\">Source link <\/a><\/p>\n","protected":false},"excerpt":{"rendered":"<p>Lenin war der Gr\u00fcnder der Sowjetunion, ein fanatischer Revolution\u00e4r. Ist Putin der neue Lenin? Die Bild-Zeitung beschreibt den russischen Pr\u00e4sidenten in einem Artikel als Kreml-Tyrannen, Kreml-Diktator und Kreml-Despoten, versucht, Putin zu entmenschlichen. Von Thorsten Schulte Lenin war der Gr\u00fcnder der Sowjetunion, ein fanatischer Revolution\u00e4r. Ist Putin der neue Lenin? Die Bild-Zeitung beschreibt den russischen Pr\u00e4sidenten [&hellip;]<\/p>\n","protected":false},"author":3,"featured_media":21284,"comment_status":"open","ping_status":"open","sticky":false,"template":"","format":"standard","meta":{"wp_automatic_camp":["217"],"33bfed36fc60e0c3f13284b8693ae0e9":["Wie gef\u00e4hrlich ist Putin f\u00fcr den Westen? Kommunist? Welteroberer? Mythen, Legenden, Fakten!"],"original_link":["https:\/\/de.rt.com\/meinung\/151900-wie-gefahrlich-ist-putin-fur-kommunist-welteroberer-mythen-legenden-fakten\/"],"_thumbnail_id":["21284"],"_wptg_p2tg_sent2tg":["2022-10-18 16:16:24"],"jnews_social_counter_last_update":["1777609508"]},"categories":[19,23],"tags":[48,12316,221,18405,414,34549,34552,34551,125,34550,378,579],"yoast_head":"<!-- This site is optimized with the Yoast SEO Premium plugin v22.7 (Yoast SEO v22.7) - https:\/\/yoast.com\/wordpress\/plugins\/seo\/ -->\n<title>Wie gef\u00e4hrlich ist Putin f\u00fcr den Westen? Kommunist? Welteroberer? Mythen, Legenden, Fakten! - just-now.NEWS Deutschland<\/title>\n<meta name=\"robots\" content=\"index, follow, max-snippet:-1, max-image-preview:large, max-video-preview:-1\" \/>\n<link rel=\"canonical\" href=\"https:\/\/now-news.de\/de\/deutschland\/wie-gefaehrlich-ist-putin-fuer-den-westen-kommunist-welteroberer-mythen-legenden-fakten\/\" \/>\n<meta property=\"og:locale\" content=\"de_DE\" \/>\n<meta property=\"og:type\" content=\"article\" \/>\n<meta property=\"og:title\" content=\"Wie gef\u00e4hrlich ist Putin f\u00fcr den Westen? Kommunist? Welteroberer? Mythen, Legenden, Fakten!\" \/>\n<meta property=\"og:description\" content=\"Lenin war der Gr\u00fcnder der Sowjetunion, ein fanatischer Revolution\u00e4r. Ist Putin der neue Lenin? Die Bild-Zeitung beschreibt den russischen Pr\u00e4sidenten in einem Artikel als Kreml-Tyrannen, Kreml-Diktator und Kreml-Despoten, versucht, Putin zu entmenschlichen. Von Thorsten Schulte Lenin war der Gr\u00fcnder der Sowjetunion, ein fanatischer Revolution\u00e4r. Ist Putin der neue Lenin? Die Bild-Zeitung beschreibt den russischen Pr\u00e4sidenten [&hellip;]\" \/>\n<meta property=\"og:url\" content=\"https:\/\/now-news.de\/de\/deutschland\/wie-gefaehrlich-ist-putin-fuer-den-westen-kommunist-welteroberer-mythen-legenden-fakten\/\" \/>\n<meta property=\"og:site_name\" content=\"just-now.NEWS Deutschland\" \/>\n<meta property=\"article:publisher\" content=\"https:\/\/www.facebook.com\/wirmachenauf\" \/>\n<meta property=\"article:published_time\" content=\"2022-10-18T14:00:15+00:00\" \/>\n<meta property=\"og:image\" content=\"https:\/\/now-news.de\/de\/wp-content\/uploads\/sites\/3\/2022\/10\/Wie-gefaehrlich-ist-Putin-fuer-den-Westen-Kommunist-Welteroberer-Mythen.PNG\" \/>\n\t<meta property=\"og:image:width\" content=\"654\" \/>\n\t<meta property=\"og:image:height\" content=\"388\" \/>\n\t<meta property=\"og:image:type\" content=\"image\/png\" \/>\n<meta name=\"author\" content=\"rtnews\" \/>\n<meta name=\"twitter:card\" content=\"summary_large_image\" \/>\n<meta name=\"twitter:creator\" content=\"@WirMachenAuf_de\" \/>\n<meta name=\"twitter:site\" content=\"@WirMachenAuf_de\" \/>\n<meta name=\"twitter:label1\" content=\"Verfasst von\" \/>\n\t<meta name=\"twitter:data1\" content=\"rtnews\" \/>\n\t<meta name=\"twitter:label2\" content=\"Gesch\u00e4tzte Lesezeit\" \/>\n\t<meta name=\"twitter:data2\" content=\"7\u00a0Minuten\" \/>\n<script type=\"application\/ld+json\" class=\"yoast-schema-graph\">{\"@context\":\"https:\/\/schema.org\",\"@graph\":[{\"@type\":\"Article\",\"@id\":\"https:\/\/now-news.de\/de\/deutschland\/wie-gefaehrlich-ist-putin-fuer-den-westen-kommunist-welteroberer-mythen-legenden-fakten\/#article\",\"isPartOf\":{\"@id\":\"https:\/\/now-news.de\/de\/deutschland\/wie-gefaehrlich-ist-putin-fuer-den-westen-kommunist-welteroberer-mythen-legenden-fakten\/\"},\"author\":{\"name\":\"rtnews\",\"@id\":\"https:\/\/now-news.de\/de\/#\/schema\/person\/fb534a4e865501d8b3285208df34a9b5\"},\"headline\":\"Wie gef\u00e4hrlich ist Putin f\u00fcr den Westen? Kommunist? Welteroberer? Mythen, Legenden, Fakten!\",\"datePublished\":\"2022-10-18T14:00:15+00:00\",\"dateModified\":\"2022-10-18T14:00:15+00:00\",\"mainEntityOfPage\":{\"@id\":\"https:\/\/now-news.de\/de\/deutschland\/wie-gefaehrlich-ist-putin-fuer-den-westen-kommunist-welteroberer-mythen-legenden-fakten\/\"},\"wordCount\":1382,\"commentCount\":0,\"publisher\":{\"@id\":\"https:\/\/now-news.de\/de\/#organization\"},\"image\":{\"@id\":\"https:\/\/now-news.de\/de\/deutschland\/wie-gefaehrlich-ist-putin-fuer-den-westen-kommunist-welteroberer-mythen-legenden-fakten\/#primaryimage\"},\"thumbnailUrl\":\"https:\/\/now-news.de\/de\/wp-content\/uploads\/sites\/3\/2022\/10\/Wie-gefaehrlich-ist-Putin-fuer-den-Westen-Kommunist-Welteroberer-Mythen.PNG\",\"keywords\":[\"den\",\"Fakten\",\"f\u00fcr\",\"gef\u00e4hrlich\",\"ist\",\"Kommunist\",\"Legenden\",\"Mythen\",\"putin\",\"Welteroberer\",\"Westen\",\"Wie\"],\"articleSection\":[\"Deutschland\",\"Russland\"],\"inLanguage\":\"de\",\"potentialAction\":[{\"@type\":\"CommentAction\",\"name\":\"Comment\",\"target\":[\"https:\/\/now-news.de\/de\/deutschland\/wie-gefaehrlich-ist-putin-fuer-den-westen-kommunist-welteroberer-mythen-legenden-fakten\/#respond\"]}]},{\"@type\":\"WebPage\",\"@id\":\"https:\/\/now-news.de\/de\/deutschland\/wie-gefaehrlich-ist-putin-fuer-den-westen-kommunist-welteroberer-mythen-legenden-fakten\/\",\"url\":\"https:\/\/now-news.de\/de\/deutschland\/wie-gefaehrlich-ist-putin-fuer-den-westen-kommunist-welteroberer-mythen-legenden-fakten\/\",\"name\":\"Wie gef\u00e4hrlich ist Putin f\u00fcr den Westen? Kommunist? Welteroberer? Mythen, Legenden, Fakten! - just-now.NEWS Deutschland\",\"isPartOf\":{\"@id\":\"https:\/\/now-news.de\/de\/#website\"},\"primaryImageOfPage\":{\"@id\":\"https:\/\/now-news.de\/de\/deutschland\/wie-gefaehrlich-ist-putin-fuer-den-westen-kommunist-welteroberer-mythen-legenden-fakten\/#primaryimage\"},\"image\":{\"@id\":\"https:\/\/now-news.de\/de\/deutschland\/wie-gefaehrlich-ist-putin-fuer-den-westen-kommunist-welteroberer-mythen-legenden-fakten\/#primaryimage\"},\"thumbnailUrl\":\"https:\/\/now-news.de\/de\/wp-content\/uploads\/sites\/3\/2022\/10\/Wie-gefaehrlich-ist-Putin-fuer-den-Westen-Kommunist-Welteroberer-Mythen.PNG\",\"datePublished\":\"2022-10-18T14:00:15+00:00\",\"dateModified\":\"2022-10-18T14:00:15+00:00\",\"breadcrumb\":{\"@id\":\"https:\/\/now-news.de\/de\/deutschland\/wie-gefaehrlich-ist-putin-fuer-den-westen-kommunist-welteroberer-mythen-legenden-fakten\/#breadcrumb\"},\"inLanguage\":\"de\",\"potentialAction\":[{\"@type\":\"ReadAction\",\"target\":[\"https:\/\/now-news.de\/de\/deutschland\/wie-gefaehrlich-ist-putin-fuer-den-westen-kommunist-welteroberer-mythen-legenden-fakten\/\"]}]},{\"@type\":\"ImageObject\",\"inLanguage\":\"de\",\"@id\":\"https:\/\/now-news.de\/de\/deutschland\/wie-gefaehrlich-ist-putin-fuer-den-westen-kommunist-welteroberer-mythen-legenden-fakten\/#primaryimage\",\"url\":\"https:\/\/now-news.de\/de\/wp-content\/uploads\/sites\/3\/2022\/10\/Wie-gefaehrlich-ist-Putin-fuer-den-Westen-Kommunist-Welteroberer-Mythen.PNG\",\"contentUrl\":\"https:\/\/now-news.de\/de\/wp-content\/uploads\/sites\/3\/2022\/10\/Wie-gefaehrlich-ist-Putin-fuer-den-Westen-Kommunist-Welteroberer-Mythen.PNG\",\"width\":654,\"height\":388,\"caption\":\"Wie gef\u00e4hrlich ist Putin f\u00fcr den Westen? Kommunist? Welteroberer? Mythen, Legenden, Fakten!\"},{\"@type\":\"BreadcrumbList\",\"@id\":\"https:\/\/now-news.de\/de\/deutschland\/wie-gefaehrlich-ist-putin-fuer-den-westen-kommunist-welteroberer-mythen-legenden-fakten\/#breadcrumb\",\"itemListElement\":[{\"@type\":\"ListItem\",\"position\":1,\"name\":\"Home\",\"item\":\"https:\/\/now-news.de\/de\/\"},{\"@type\":\"ListItem\",\"position\":2,\"name\":\"Wie gef\u00e4hrlich ist Putin f\u00fcr den Westen? Kommunist? Welteroberer? Mythen, Legenden, Fakten!\"}]},{\"@type\":\"WebSite\",\"@id\":\"https:\/\/now-news.de\/de\/#website\",\"url\":\"https:\/\/now-news.de\/de\/\",\"name\":\"just-now.NEWS Deutschland\",\"description\":\"Das Portal f\u00fcr unzensierte Nachrichten aus der Welt\",\"publisher\":{\"@id\":\"https:\/\/now-news.de\/de\/#organization\"},\"potentialAction\":[{\"@type\":\"SearchAction\",\"target\":{\"@type\":\"EntryPoint\",\"urlTemplate\":\"https:\/\/now-news.de\/de\/?s={search_term_string}\"},\"query-input\":\"required name=search_term_string\"}],\"inLanguage\":\"de\"},{\"@type\":\"Organization\",\"@id\":\"https:\/\/now-news.de\/de\/#organization\",\"name\":\"Just Now News\",\"url\":\"https:\/\/now-news.de\/de\/\",\"logo\":{\"@type\":\"ImageObject\",\"inLanguage\":\"de\",\"@id\":\"https:\/\/now-news.de\/de\/#\/schema\/logo\/image\/\",\"url\":\"http:\/\/just-now.news\/de\/wp-content\/uploads\/sites\/3\/2022\/04\/logo500x500.jpg\",\"contentUrl\":\"http:\/\/just-now.news\/de\/wp-content\/uploads\/sites\/3\/2022\/04\/logo500x500.jpg\",\"width\":500,\"height\":500,\"caption\":\"Just Now News\"},\"image\":{\"@id\":\"https:\/\/now-news.de\/de\/#\/schema\/logo\/image\/\"},\"sameAs\":[\"https:\/\/www.facebook.com\/wirmachenauf\",\"https:\/\/x.com\/WirMachenAuf_de\"]},{\"@type\":\"Person\",\"@id\":\"https:\/\/now-news.de\/de\/#\/schema\/person\/fb534a4e865501d8b3285208df34a9b5\",\"name\":\"rtnews\",\"image\":{\"@type\":\"ImageObject\",\"inLanguage\":\"de\",\"@id\":\"https:\/\/now-news.de\/de\/#\/schema\/person\/image\/\",\"url\":\"https:\/\/secure.gravatar.com\/avatar\/82aafea7d8127119dd649515f56e2117?s=96&d=mm&r=g\",\"contentUrl\":\"https:\/\/secure.gravatar.com\/avatar\/82aafea7d8127119dd649515f56e2117?s=96&d=mm&r=g\",\"caption\":\"rtnews\"},\"url\":\"https:\/\/now-news.de\/de\/author\/rnews\/\"}]}<\/script>\n<!-- \/ Yoast SEO Premium plugin. -->","yoast_head_json":{"title":"Wie gef\u00e4hrlich ist Putin f\u00fcr den Westen? Kommunist? Welteroberer? Mythen, Legenden, Fakten! - just-now.NEWS Deutschland","robots":{"index":"index","follow":"follow","max-snippet":"max-snippet:-1","max-image-preview":"max-image-preview:large","max-video-preview":"max-video-preview:-1"},"canonical":"https:\/\/now-news.de\/de\/deutschland\/wie-gefaehrlich-ist-putin-fuer-den-westen-kommunist-welteroberer-mythen-legenden-fakten\/","og_locale":"de_DE","og_type":"article","og_title":"Wie gef\u00e4hrlich ist Putin f\u00fcr den Westen? Kommunist? Welteroberer? Mythen, Legenden, Fakten!","og_description":"Lenin war der Gr\u00fcnder der Sowjetunion, ein fanatischer Revolution\u00e4r. Ist Putin der neue Lenin? Die Bild-Zeitung beschreibt den russischen Pr\u00e4sidenten in einem Artikel als Kreml-Tyrannen, Kreml-Diktator und Kreml-Despoten, versucht, Putin zu entmenschlichen. Von Thorsten Schulte Lenin war der Gr\u00fcnder der Sowjetunion, ein fanatischer Revolution\u00e4r. Ist Putin der neue Lenin? Die Bild-Zeitung beschreibt den russischen Pr\u00e4sidenten [&hellip;]","og_url":"https:\/\/now-news.de\/de\/deutschland\/wie-gefaehrlich-ist-putin-fuer-den-westen-kommunist-welteroberer-mythen-legenden-fakten\/","og_site_name":"just-now.NEWS Deutschland","article_publisher":"https:\/\/www.facebook.com\/wirmachenauf","article_published_time":"2022-10-18T14:00:15+00:00","og_image":[{"width":654,"height":388,"url":"https:\/\/now-news.de\/de\/wp-content\/uploads\/sites\/3\/2022\/10\/Wie-gefaehrlich-ist-Putin-fuer-den-Westen-Kommunist-Welteroberer-Mythen.PNG","type":"image\/png"}],"author":"rtnews","twitter_card":"summary_large_image","twitter_creator":"@WirMachenAuf_de","twitter_site":"@WirMachenAuf_de","twitter_misc":{"Verfasst von":"rtnews","Gesch\u00e4tzte Lesezeit":"7\u00a0Minuten"},"schema":{"@context":"https:\/\/schema.org","@graph":[{"@type":"Article","@id":"https:\/\/now-news.de\/de\/deutschland\/wie-gefaehrlich-ist-putin-fuer-den-westen-kommunist-welteroberer-mythen-legenden-fakten\/#article","isPartOf":{"@id":"https:\/\/now-news.de\/de\/deutschland\/wie-gefaehrlich-ist-putin-fuer-den-westen-kommunist-welteroberer-mythen-legenden-fakten\/"},"author":{"name":"rtnews","@id":"https:\/\/now-news.de\/de\/#\/schema\/person\/fb534a4e865501d8b3285208df34a9b5"},"headline":"Wie gef\u00e4hrlich ist Putin f\u00fcr den Westen? Kommunist? Welteroberer? Mythen, Legenden, Fakten!","datePublished":"2022-10-18T14:00:15+00:00","dateModified":"2022-10-18T14:00:15+00:00","mainEntityOfPage":{"@id":"https:\/\/now-news.de\/de\/deutschland\/wie-gefaehrlich-ist-putin-fuer-den-westen-kommunist-welteroberer-mythen-legenden-fakten\/"},"wordCount":1382,"commentCount":0,"publisher":{"@id":"https:\/\/now-news.de\/de\/#organization"},"image":{"@id":"https:\/\/now-news.de\/de\/deutschland\/wie-gefaehrlich-ist-putin-fuer-den-westen-kommunist-welteroberer-mythen-legenden-fakten\/#primaryimage"},"thumbnailUrl":"https:\/\/now-news.de\/de\/wp-content\/uploads\/sites\/3\/2022\/10\/Wie-gefaehrlich-ist-Putin-fuer-den-Westen-Kommunist-Welteroberer-Mythen.PNG","keywords":["den","Fakten","f\u00fcr","gef\u00e4hrlich","ist","Kommunist","Legenden","Mythen","putin","Welteroberer","Westen","Wie"],"articleSection":["Deutschland","Russland"],"inLanguage":"de","potentialAction":[{"@type":"CommentAction","name":"Comment","target":["https:\/\/now-news.de\/de\/deutschland\/wie-gefaehrlich-ist-putin-fuer-den-westen-kommunist-welteroberer-mythen-legenden-fakten\/#respond"]}]},{"@type":"WebPage","@id":"https:\/\/now-news.de\/de\/deutschland\/wie-gefaehrlich-ist-putin-fuer-den-westen-kommunist-welteroberer-mythen-legenden-fakten\/","url":"https:\/\/now-news.de\/de\/deutschland\/wie-gefaehrlich-ist-putin-fuer-den-westen-kommunist-welteroberer-mythen-legenden-fakten\/","name":"Wie gef\u00e4hrlich ist Putin f\u00fcr den Westen? Kommunist? Welteroberer? Mythen, Legenden, Fakten! - just-now.NEWS Deutschland","isPartOf":{"@id":"https:\/\/now-news.de\/de\/#website"},"primaryImageOfPage":{"@id":"https:\/\/now-news.de\/de\/deutschland\/wie-gefaehrlich-ist-putin-fuer-den-westen-kommunist-welteroberer-mythen-legenden-fakten\/#primaryimage"},"image":{"@id":"https:\/\/now-news.de\/de\/deutschland\/wie-gefaehrlich-ist-putin-fuer-den-westen-kommunist-welteroberer-mythen-legenden-fakten\/#primaryimage"},"thumbnailUrl":"https:\/\/now-news.de\/de\/wp-content\/uploads\/sites\/3\/2022\/10\/Wie-gefaehrlich-ist-Putin-fuer-den-Westen-Kommunist-Welteroberer-Mythen.PNG","datePublished":"2022-10-18T14:00:15+00:00","dateModified":"2022-10-18T14:00:15+00:00","breadcrumb":{"@id":"https:\/\/now-news.de\/de\/deutschland\/wie-gefaehrlich-ist-putin-fuer-den-westen-kommunist-welteroberer-mythen-legenden-fakten\/#breadcrumb"},"inLanguage":"de","potentialAction":[{"@type":"ReadAction","target":["https:\/\/now-news.de\/de\/deutschland\/wie-gefaehrlich-ist-putin-fuer-den-westen-kommunist-welteroberer-mythen-legenden-fakten\/"]}]},{"@type":"ImageObject","inLanguage":"de","@id":"https:\/\/now-news.de\/de\/deutschland\/wie-gefaehrlich-ist-putin-fuer-den-westen-kommunist-welteroberer-mythen-legenden-fakten\/#primaryimage","url":"https:\/\/now-news.de\/de\/wp-content\/uploads\/sites\/3\/2022\/10\/Wie-gefaehrlich-ist-Putin-fuer-den-Westen-Kommunist-Welteroberer-Mythen.PNG","contentUrl":"https:\/\/now-news.de\/de\/wp-content\/uploads\/sites\/3\/2022\/10\/Wie-gefaehrlich-ist-Putin-fuer-den-Westen-Kommunist-Welteroberer-Mythen.PNG","width":654,"height":388,"caption":"Wie gef\u00e4hrlich ist Putin f\u00fcr den Westen? Kommunist? Welteroberer? Mythen, Legenden, Fakten!"},{"@type":"BreadcrumbList","@id":"https:\/\/now-news.de\/de\/deutschland\/wie-gefaehrlich-ist-putin-fuer-den-westen-kommunist-welteroberer-mythen-legenden-fakten\/#breadcrumb","itemListElement":[{"@type":"ListItem","position":1,"name":"Home","item":"https:\/\/now-news.de\/de\/"},{"@type":"ListItem","position":2,"name":"Wie gef\u00e4hrlich ist Putin f\u00fcr den Westen? Kommunist? Welteroberer? Mythen, Legenden, Fakten!"}]},{"@type":"WebSite","@id":"https:\/\/now-news.de\/de\/#website","url":"https:\/\/now-news.de\/de\/","name":"just-now.NEWS Deutschland","description":"Das Portal f\u00fcr unzensierte Nachrichten aus der Welt","publisher":{"@id":"https:\/\/now-news.de\/de\/#organization"},"potentialAction":[{"@type":"SearchAction","target":{"@type":"EntryPoint","urlTemplate":"https:\/\/now-news.de\/de\/?s={search_term_string}"},"query-input":"required name=search_term_string"}],"inLanguage":"de"},{"@type":"Organization","@id":"https:\/\/now-news.de\/de\/#organization","name":"Just Now News","url":"https:\/\/now-news.de\/de\/","logo":{"@type":"ImageObject","inLanguage":"de","@id":"https:\/\/now-news.de\/de\/#\/schema\/logo\/image\/","url":"http:\/\/just-now.news\/de\/wp-content\/uploads\/sites\/3\/2022\/04\/logo500x500.jpg","contentUrl":"http:\/\/just-now.news\/de\/wp-content\/uploads\/sites\/3\/2022\/04\/logo500x500.jpg","width":500,"height":500,"caption":"Just Now News"},"image":{"@id":"https:\/\/now-news.de\/de\/#\/schema\/logo\/image\/"},"sameAs":["https:\/\/www.facebook.com\/wirmachenauf","https:\/\/x.com\/WirMachenAuf_de"]},{"@type":"Person","@id":"https:\/\/now-news.de\/de\/#\/schema\/person\/fb534a4e865501d8b3285208df34a9b5","name":"rtnews","image":{"@type":"ImageObject","inLanguage":"de","@id":"https:\/\/now-news.de\/de\/#\/schema\/person\/image\/","url":"https:\/\/secure.gravatar.com\/avatar\/82aafea7d8127119dd649515f56e2117?s=96&d=mm&r=g","contentUrl":"https:\/\/secure.gravatar.com\/avatar\/82aafea7d8127119dd649515f56e2117?s=96&d=mm&r=g","caption":"rtnews"},"url":"https:\/\/now-news.de\/de\/author\/rnews\/"}]}},"_links":{"self":[{"href":"https:\/\/now-news.de\/de\/wp-json\/wp\/v2\/posts\/21283"}],"collection":[{"href":"https:\/\/now-news.de\/de\/wp-json\/wp\/v2\/posts"}],"about":[{"href":"https:\/\/now-news.de\/de\/wp-json\/wp\/v2\/types\/post"}],"author":[{"embeddable":true,"href":"https:\/\/now-news.de\/de\/wp-json\/wp\/v2\/users\/3"}],"replies":[{"embeddable":true,"href":"https:\/\/now-news.de\/de\/wp-json\/wp\/v2\/comments?post=21283"}],"version-history":[{"count":0,"href":"https:\/\/now-news.de\/de\/wp-json\/wp\/v2\/posts\/21283\/revisions"}],"wp:featuredmedia":[{"embeddable":true,"href":"https:\/\/now-news.de\/de\/wp-json\/wp\/v2\/media\/21284"}],"wp:attachment":[{"href":"https:\/\/now-news.de\/de\/wp-json\/wp\/v2\/media?parent=21283"}],"wp:term":[{"taxonomy":"category","embeddable":true,"href":"https:\/\/now-news.de\/de\/wp-json\/wp\/v2\/categories?post=21283"},{"taxonomy":"post_tag","embeddable":true,"href":"https:\/\/now-news.de\/de\/wp-json\/wp\/v2\/tags?post=21283"}],"curies":[{"name":"wp","href":"https:\/\/api.w.org\/{rel}","templated":true}]}}