{"id":21198,"date":"2022-10-17T11:35:18","date_gmt":"2022-10-17T09:35:18","guid":{"rendered":"http:\/\/just-now.news\/de\/deutschland\/lauterbach-warnt-vor-klinik-schliessungen-wegen-energiekrise\/"},"modified":"2022-10-17T11:35:18","modified_gmt":"2022-10-17T09:35:18","slug":"lauterbach-warnt-vor-klinik-schliessungen-wegen-energiekrise","status":"publish","type":"post","link":"https:\/\/now-news.de\/de\/deutschland\/lauterbach-warnt-vor-klinik-schliessungen-wegen-energiekrise\/","title":{"rendered":"Lauterbach warnt vor Klinik-Schlie\u00dfungen wegen Energiekrise"},"content":{"rendered":"<p><img decoding=\"async\" src=\"http:\/\/just-now.news\/de\/wp-content\/uploads\/sites\/3\/2022\/10\/634d0b35b480cc6faf3f80db.jpg\" \/><\/p>\n<p>Bundesgesundheitsminister Karl Lauterbach sieht die deutschen Krankenh\u00e4user vor schwere Zeiten. Er sehe die reale Gefahr, dass wegen der Energie- und Inflationskrise auch Krankenh\u00e4user pleitegehen k\u00f6nnten, sagte der Minister in der ARD-Sendung &#8220;Bericht aus Berlin&#8221; am Sonntag-Abend.<\/p>\n<p>Lauterbach sagte in der Sendung:<\/p>\n<blockquote>\n<p><em>&#8220;Wenn wir da nicht schnell und auch wirklich drastisch reagieren, kommt es zu Schlie\u00dfungen.&#8221;<\/em><\/p>\n<\/blockquote>\n<p>Er werde diesen Dienstag mit Bundesfinanzminister Christian Lindner \u00fcber mehr staatliche Hilfen f\u00fcr die Kliniken verhandeln, f\u00fcgte er hinzu. Er k\u00f6nne jedoch bis dahin &#8220;keinerlei Gr\u00f6\u00dfenordnung&#8221; bez\u00fcglich der H\u00f6he der Hilfen geben, so der Minister weiter.<\/p>\n<p>Zu Forderungen, dass es f\u00fcr die Krankenh\u00e4user in Deutschland eine Art &#8220;Sonderfonds&#8221;, \u00e4hnlich wie das Sonderverm\u00f6gen von 100 Milliarden Euro f\u00fcr das Milit\u00e4r, geben soll, reagierte Lauterbach ablehnend. &#8220;Wir k\u00f6nnen nicht f\u00fcr jeden Bereich ein Sonderverm\u00f6gen einf\u00fchren&#8221;, so der Minister. Denn, so Lauterbach weiter: &#8220;Es muss ja auch alles abgezahlt werden.&#8221;<\/p>\n<p>Hintergrund der \u00c4u\u00dferungen von Lauterbach sind Forderungen der Deutschen Krankenhausgesellschaft nach schnellen Hilfen durch die Politik. Die Gesellschaft bef\u00fcrchtet sonst Schlie\u00dfungen zahlreicher Krankenh\u00e4user. Der sogenannte Gaspreisdeckel ab M\u00e4rz kommenden Jahres, eine Preisobergrenze von zw\u00f6lf Cent f\u00fcr eine Menge von achtzig Prozent des Vorjahresverbrauchs, sei keine angemessene Hilfe f\u00fcr die Krankenh\u00e4user.<\/p>\n<p><strong>&#8220;Ganz drastische Liquidit\u00e4tsproblematik&#8221;<\/strong><\/p>\n<p>Laut der Deutschen Krankenhausgesellschaft summiert sich die Finanzierungsl\u00fccke bei Sachkosten und Energie auf rund f\u00fcnfzehn Milliarden Euro in den Jahren 2022 und 2023. Zu dieser Sch\u00e4tzung erkl\u00e4rte der Bundesgesundheitsminister, dass er die Rechnung zwar kenne, sie aber nicht nachvollziehen k\u00f6nne. Denn so Lauterbach:<\/p>\n<blockquote>\n<p><em>&#8220;Das w\u00fcrde ja bedeuten, dass die Deutsche Krankenhausgesellschaft in der Lage ist abzusch\u00e4tzen: Wie teuer ist es denn n\u00e4chstes Jahr das Gas, wie teuer ist der Strom.&#8221;<\/em><\/p>\n<\/blockquote>\n<p>Das wisse doch jetzt ehrlicherweise niemand, so Lauterbach. Sicher sei hingegen, &#8220;dass die Krankenh\u00e4user in den n\u00e4chsten Monaten in eine ganz drastische Liquidit\u00e4tsproblematik kommen&#8221;.<\/p>\n<p>Die Inflationsrate in Deutschland stieg im September auf 10,9 Prozent. Die Inflationsrate habe damit &#8220;einen historischen H\u00f6chststand seit der deutschen Wiedervereinigung&#8221; erreicht, erkl\u00e4rte das Statistische Bundesamt (Destatis). Grund seien &#8220;enorme Preissteigerungen&#8221; bei Energieprodukten und Nahrungsmitteln.<\/p>\n<p>Das deutsche Energieunternehmen EnBW AG k\u00fcndigte am Dienstag an, dass die Gaspreise f\u00fcr Haushalte ab dem 1. Dezember erneut um durchschnittlich 38 Prozent steigen werden. Die letzte Erh\u00f6hung liegt nur drei Monate zur\u00fcck.<\/p>\n<p>Schon seit L\u00e4ngerem warnen f\u00fchrende deutsche Wirtschaftswissenschaftler davor, dass die steigenden Gaspreise die gr\u00f6\u00dfte Volkswirtschaft der Europ\u00e4ischen Union in eine Rezession treiben k\u00f6nnten. Laut den Experten wird Deutschland im n\u00e4chsten Jahr zu den L\u00e4ndern geh\u00f6ren, die am st\u00e4rksten von der weltweiten Konjunkturabschw\u00e4chung betroffen sein werden.<\/p>\n<p><strong>Mehr zum Thema<\/strong> \u2013 <a rel=\"nofollow noopener\" target=\"_blank\" href=\"https:\/\/de.rt.com\/kurzclips\/video\/151692-lauterbach-stellt-fur-neue-corona\/\">Lauterbach stellt f\u00fcr neue Corona-Kampagne geboostertes Long-COVID-Opfer vor<\/a><\/p>\n<p><br \/>\n<br \/><a href=\"https:\/\/de.rt.com\/inland\/151788-lauterbach-warnt-vor-klinik-schliessungen-wegen-energiekrise\/\">Source link <\/a><\/p>\n","protected":false},"excerpt":{"rendered":"<p>Bundesgesundheitsminister Karl Lauterbach sieht die deutschen Krankenh\u00e4user vor schwere Zeiten. Er sehe die reale Gefahr, dass wegen der Energie- und Inflationskrise auch Krankenh\u00e4user pleitegehen k\u00f6nnten, sagte der Minister in der ARD-Sendung &#8220;Bericht aus Berlin&#8221; am Sonntag-Abend. Lauterbach sagte in der Sendung: &#8220;Wenn wir da nicht schnell und auch wirklich drastisch reagieren, kommt es zu Schlie\u00dfungen.&#8221; [&hellip;]<\/p>\n","protected":false},"author":3,"featured_media":21199,"comment_status":"open","ping_status":"open","sticky":false,"template":"","format":"standard","meta":{"wp_automatic_camp":["217"],"10045c1aa83d58f0ee298d747c9f0461":["Lauterbach warnt vor Klinik-Schlie\u00dfungen wegen Energiekrise"],"original_link":["https:\/\/de.rt.com\/inland\/151788-lauterbach-warnt-vor-klinik-schliessungen-wegen-energiekrise\/"],"_thumbnail_id":["21199"],"_wptg_p2tg_sent2tg":["2022-10-17 11:51:06"],"jnews_social_counter_last_update":["1777395985"]},"categories":[19,23],"tags":[3788,34500,1748,320,912,145],"yoast_head":"<!-- This site is optimized with the Yoast SEO Premium plugin v22.7 (Yoast SEO v22.7) - https:\/\/yoast.com\/wordpress\/plugins\/seo\/ -->\n<title>Lauterbach warnt vor Klinik-Schlie\u00dfungen wegen Energiekrise - just-now.NEWS Deutschland<\/title>\n<meta name=\"robots\" content=\"index, follow, max-snippet:-1, max-image-preview:large, max-video-preview:-1\" \/>\n<link rel=\"canonical\" href=\"https:\/\/now-news.de\/de\/deutschland\/lauterbach-warnt-vor-klinik-schliessungen-wegen-energiekrise\/\" \/>\n<meta property=\"og:locale\" content=\"de_DE\" \/>\n<meta property=\"og:type\" content=\"article\" \/>\n<meta property=\"og:title\" content=\"Lauterbach warnt vor Klinik-Schlie\u00dfungen wegen Energiekrise\" \/>\n<meta property=\"og:description\" content=\"Bundesgesundheitsminister Karl Lauterbach sieht die deutschen Krankenh\u00e4user vor schwere Zeiten. Er sehe die reale Gefahr, dass wegen der Energie- und Inflationskrise auch Krankenh\u00e4user pleitegehen k\u00f6nnten, sagte der Minister in der ARD-Sendung &#8220;Bericht aus Berlin&#8221; am Sonntag-Abend. Lauterbach sagte in der Sendung: &#8220;Wenn wir da nicht schnell und auch wirklich drastisch reagieren, kommt es zu Schlie\u00dfungen.&#8221; [&hellip;]\" \/>\n<meta property=\"og:url\" content=\"https:\/\/now-news.de\/de\/deutschland\/lauterbach-warnt-vor-klinik-schliessungen-wegen-energiekrise\/\" \/>\n<meta property=\"og:site_name\" content=\"just-now.NEWS Deutschland\" \/>\n<meta property=\"article:publisher\" content=\"https:\/\/www.facebook.com\/wirmachenauf\" \/>\n<meta property=\"article:published_time\" content=\"2022-10-17T09:35:18+00:00\" \/>\n<meta property=\"og:image\" content=\"https:\/\/now-news.de\/de\/wp-content\/uploads\/sites\/3\/2022\/10\/Lauterbach-warnt-vor-Klinik-Schliessungen-wegen-Energiekrise.jpg\" \/>\n\t<meta property=\"og:image:width\" content=\"460\" \/>\n\t<meta property=\"og:image:height\" content=\"259\" \/>\n\t<meta property=\"og:image:type\" content=\"image\/jpeg\" \/>\n<meta name=\"author\" content=\"rtnews\" \/>\n<meta name=\"twitter:card\" content=\"summary_large_image\" \/>\n<meta name=\"twitter:creator\" content=\"@WirMachenAuf_de\" \/>\n<meta name=\"twitter:site\" content=\"@WirMachenAuf_de\" \/>\n<meta name=\"twitter:label1\" content=\"Verfasst von\" \/>\n\t<meta name=\"twitter:data1\" content=\"rtnews\" \/>\n\t<meta name=\"twitter:label2\" content=\"Gesch\u00e4tzte Lesezeit\" \/>\n\t<meta name=\"twitter:data2\" content=\"2\u00a0Minuten\" \/>\n<script type=\"application\/ld+json\" class=\"yoast-schema-graph\">{\"@context\":\"https:\/\/schema.org\",\"@graph\":[{\"@type\":\"Article\",\"@id\":\"https:\/\/now-news.de\/de\/deutschland\/lauterbach-warnt-vor-klinik-schliessungen-wegen-energiekrise\/#article\",\"isPartOf\":{\"@id\":\"https:\/\/now-news.de\/de\/deutschland\/lauterbach-warnt-vor-klinik-schliessungen-wegen-energiekrise\/\"},\"author\":{\"name\":\"rtnews\",\"@id\":\"https:\/\/now-news.de\/de\/#\/schema\/person\/fb534a4e865501d8b3285208df34a9b5\"},\"headline\":\"Lauterbach warnt vor Klinik-Schlie\u00dfungen wegen Energiekrise\",\"datePublished\":\"2022-10-17T09:35:18+00:00\",\"dateModified\":\"2022-10-17T09:35:18+00:00\",\"mainEntityOfPage\":{\"@id\":\"https:\/\/now-news.de\/de\/deutschland\/lauterbach-warnt-vor-klinik-schliessungen-wegen-energiekrise\/\"},\"wordCount\":474,\"commentCount\":0,\"publisher\":{\"@id\":\"https:\/\/now-news.de\/de\/#organization\"},\"image\":{\"@id\":\"https:\/\/now-news.de\/de\/deutschland\/lauterbach-warnt-vor-klinik-schliessungen-wegen-energiekrise\/#primaryimage\"},\"thumbnailUrl\":\"https:\/\/now-news.de\/de\/wp-content\/uploads\/sites\/3\/2022\/10\/Lauterbach-warnt-vor-Klinik-Schliessungen-wegen-Energiekrise.jpg\",\"keywords\":[\"Energiekrise\",\"KlinikSchlie\u00dfungen\",\"Lauterbach\",\"vor\",\"warnt\",\"wegen\"],\"articleSection\":[\"Deutschland\",\"Russland\"],\"inLanguage\":\"de\",\"potentialAction\":[{\"@type\":\"CommentAction\",\"name\":\"Comment\",\"target\":[\"https:\/\/now-news.de\/de\/deutschland\/lauterbach-warnt-vor-klinik-schliessungen-wegen-energiekrise\/#respond\"]}]},{\"@type\":\"WebPage\",\"@id\":\"https:\/\/now-news.de\/de\/deutschland\/lauterbach-warnt-vor-klinik-schliessungen-wegen-energiekrise\/\",\"url\":\"https:\/\/now-news.de\/de\/deutschland\/lauterbach-warnt-vor-klinik-schliessungen-wegen-energiekrise\/\",\"name\":\"Lauterbach warnt vor Klinik-Schlie\u00dfungen wegen Energiekrise - just-now.NEWS Deutschland\",\"isPartOf\":{\"@id\":\"https:\/\/now-news.de\/de\/#website\"},\"primaryImageOfPage\":{\"@id\":\"https:\/\/now-news.de\/de\/deutschland\/lauterbach-warnt-vor-klinik-schliessungen-wegen-energiekrise\/#primaryimage\"},\"image\":{\"@id\":\"https:\/\/now-news.de\/de\/deutschland\/lauterbach-warnt-vor-klinik-schliessungen-wegen-energiekrise\/#primaryimage\"},\"thumbnailUrl\":\"https:\/\/now-news.de\/de\/wp-content\/uploads\/sites\/3\/2022\/10\/Lauterbach-warnt-vor-Klinik-Schliessungen-wegen-Energiekrise.jpg\",\"datePublished\":\"2022-10-17T09:35:18+00:00\",\"dateModified\":\"2022-10-17T09:35:18+00:00\",\"breadcrumb\":{\"@id\":\"https:\/\/now-news.de\/de\/deutschland\/lauterbach-warnt-vor-klinik-schliessungen-wegen-energiekrise\/#breadcrumb\"},\"inLanguage\":\"de\",\"potentialAction\":[{\"@type\":\"ReadAction\",\"target\":[\"https:\/\/now-news.de\/de\/deutschland\/lauterbach-warnt-vor-klinik-schliessungen-wegen-energiekrise\/\"]}]},{\"@type\":\"ImageObject\",\"inLanguage\":\"de\",\"@id\":\"https:\/\/now-news.de\/de\/deutschland\/lauterbach-warnt-vor-klinik-schliessungen-wegen-energiekrise\/#primaryimage\",\"url\":\"https:\/\/now-news.de\/de\/wp-content\/uploads\/sites\/3\/2022\/10\/Lauterbach-warnt-vor-Klinik-Schliessungen-wegen-Energiekrise.jpg\",\"contentUrl\":\"https:\/\/now-news.de\/de\/wp-content\/uploads\/sites\/3\/2022\/10\/Lauterbach-warnt-vor-Klinik-Schliessungen-wegen-Energiekrise.jpg\",\"width\":460,\"height\":259,\"caption\":\"Lauterbach warnt vor Klinik-Schlie\u00dfungen wegen Energiekrise\"},{\"@type\":\"BreadcrumbList\",\"@id\":\"https:\/\/now-news.de\/de\/deutschland\/lauterbach-warnt-vor-klinik-schliessungen-wegen-energiekrise\/#breadcrumb\",\"itemListElement\":[{\"@type\":\"ListItem\",\"position\":1,\"name\":\"Home\",\"item\":\"https:\/\/now-news.de\/de\/\"},{\"@type\":\"ListItem\",\"position\":2,\"name\":\"Lauterbach warnt vor Klinik-Schlie\u00dfungen wegen Energiekrise\"}]},{\"@type\":\"WebSite\",\"@id\":\"https:\/\/now-news.de\/de\/#website\",\"url\":\"https:\/\/now-news.de\/de\/\",\"name\":\"just-now.NEWS Deutschland\",\"description\":\"Das Portal f\u00fcr unzensierte Nachrichten aus der Welt\",\"publisher\":{\"@id\":\"https:\/\/now-news.de\/de\/#organization\"},\"potentialAction\":[{\"@type\":\"SearchAction\",\"target\":{\"@type\":\"EntryPoint\",\"urlTemplate\":\"https:\/\/now-news.de\/de\/?s={search_term_string}\"},\"query-input\":\"required name=search_term_string\"}],\"inLanguage\":\"de\"},{\"@type\":\"Organization\",\"@id\":\"https:\/\/now-news.de\/de\/#organization\",\"name\":\"Just Now News\",\"url\":\"https:\/\/now-news.de\/de\/\",\"logo\":{\"@type\":\"ImageObject\",\"inLanguage\":\"de\",\"@id\":\"https:\/\/now-news.de\/de\/#\/schema\/logo\/image\/\",\"url\":\"http:\/\/just-now.news\/de\/wp-content\/uploads\/sites\/3\/2022\/04\/logo500x500.jpg\",\"contentUrl\":\"http:\/\/just-now.news\/de\/wp-content\/uploads\/sites\/3\/2022\/04\/logo500x500.jpg\",\"width\":500,\"height\":500,\"caption\":\"Just Now News\"},\"image\":{\"@id\":\"https:\/\/now-news.de\/de\/#\/schema\/logo\/image\/\"},\"sameAs\":[\"https:\/\/www.facebook.com\/wirmachenauf\",\"https:\/\/x.com\/WirMachenAuf_de\"]},{\"@type\":\"Person\",\"@id\":\"https:\/\/now-news.de\/de\/#\/schema\/person\/fb534a4e865501d8b3285208df34a9b5\",\"name\":\"rtnews\",\"image\":{\"@type\":\"ImageObject\",\"inLanguage\":\"de\",\"@id\":\"https:\/\/now-news.de\/de\/#\/schema\/person\/image\/\",\"url\":\"https:\/\/secure.gravatar.com\/avatar\/82aafea7d8127119dd649515f56e2117?s=96&d=mm&r=g\",\"contentUrl\":\"https:\/\/secure.gravatar.com\/avatar\/82aafea7d8127119dd649515f56e2117?s=96&d=mm&r=g\",\"caption\":\"rtnews\"},\"url\":\"https:\/\/now-news.de\/de\/author\/rnews\/\"}]}<\/script>\n<!-- \/ Yoast SEO Premium plugin. -->","yoast_head_json":{"title":"Lauterbach warnt vor Klinik-Schlie\u00dfungen wegen Energiekrise - just-now.NEWS Deutschland","robots":{"index":"index","follow":"follow","max-snippet":"max-snippet:-1","max-image-preview":"max-image-preview:large","max-video-preview":"max-video-preview:-1"},"canonical":"https:\/\/now-news.de\/de\/deutschland\/lauterbach-warnt-vor-klinik-schliessungen-wegen-energiekrise\/","og_locale":"de_DE","og_type":"article","og_title":"Lauterbach warnt vor Klinik-Schlie\u00dfungen wegen Energiekrise","og_description":"Bundesgesundheitsminister Karl Lauterbach sieht die deutschen Krankenh\u00e4user vor schwere Zeiten. Er sehe die reale Gefahr, dass wegen der Energie- und Inflationskrise auch Krankenh\u00e4user pleitegehen k\u00f6nnten, sagte der Minister in der ARD-Sendung &#8220;Bericht aus Berlin&#8221; am Sonntag-Abend. Lauterbach sagte in der Sendung: &#8220;Wenn wir da nicht schnell und auch wirklich drastisch reagieren, kommt es zu Schlie\u00dfungen.&#8221; [&hellip;]","og_url":"https:\/\/now-news.de\/de\/deutschland\/lauterbach-warnt-vor-klinik-schliessungen-wegen-energiekrise\/","og_site_name":"just-now.NEWS Deutschland","article_publisher":"https:\/\/www.facebook.com\/wirmachenauf","article_published_time":"2022-10-17T09:35:18+00:00","og_image":[{"width":460,"height":259,"url":"https:\/\/now-news.de\/de\/wp-content\/uploads\/sites\/3\/2022\/10\/Lauterbach-warnt-vor-Klinik-Schliessungen-wegen-Energiekrise.jpg","type":"image\/jpeg"}],"author":"rtnews","twitter_card":"summary_large_image","twitter_creator":"@WirMachenAuf_de","twitter_site":"@WirMachenAuf_de","twitter_misc":{"Verfasst von":"rtnews","Gesch\u00e4tzte Lesezeit":"2\u00a0Minuten"},"schema":{"@context":"https:\/\/schema.org","@graph":[{"@type":"Article","@id":"https:\/\/now-news.de\/de\/deutschland\/lauterbach-warnt-vor-klinik-schliessungen-wegen-energiekrise\/#article","isPartOf":{"@id":"https:\/\/now-news.de\/de\/deutschland\/lauterbach-warnt-vor-klinik-schliessungen-wegen-energiekrise\/"},"author":{"name":"rtnews","@id":"https:\/\/now-news.de\/de\/#\/schema\/person\/fb534a4e865501d8b3285208df34a9b5"},"headline":"Lauterbach warnt vor Klinik-Schlie\u00dfungen wegen Energiekrise","datePublished":"2022-10-17T09:35:18+00:00","dateModified":"2022-10-17T09:35:18+00:00","mainEntityOfPage":{"@id":"https:\/\/now-news.de\/de\/deutschland\/lauterbach-warnt-vor-klinik-schliessungen-wegen-energiekrise\/"},"wordCount":474,"commentCount":0,"publisher":{"@id":"https:\/\/now-news.de\/de\/#organization"},"image":{"@id":"https:\/\/now-news.de\/de\/deutschland\/lauterbach-warnt-vor-klinik-schliessungen-wegen-energiekrise\/#primaryimage"},"thumbnailUrl":"https:\/\/now-news.de\/de\/wp-content\/uploads\/sites\/3\/2022\/10\/Lauterbach-warnt-vor-Klinik-Schliessungen-wegen-Energiekrise.jpg","keywords":["Energiekrise","KlinikSchlie\u00dfungen","Lauterbach","vor","warnt","wegen"],"articleSection":["Deutschland","Russland"],"inLanguage":"de","potentialAction":[{"@type":"CommentAction","name":"Comment","target":["https:\/\/now-news.de\/de\/deutschland\/lauterbach-warnt-vor-klinik-schliessungen-wegen-energiekrise\/#respond"]}]},{"@type":"WebPage","@id":"https:\/\/now-news.de\/de\/deutschland\/lauterbach-warnt-vor-klinik-schliessungen-wegen-energiekrise\/","url":"https:\/\/now-news.de\/de\/deutschland\/lauterbach-warnt-vor-klinik-schliessungen-wegen-energiekrise\/","name":"Lauterbach warnt vor Klinik-Schlie\u00dfungen wegen Energiekrise - just-now.NEWS Deutschland","isPartOf":{"@id":"https:\/\/now-news.de\/de\/#website"},"primaryImageOfPage":{"@id":"https:\/\/now-news.de\/de\/deutschland\/lauterbach-warnt-vor-klinik-schliessungen-wegen-energiekrise\/#primaryimage"},"image":{"@id":"https:\/\/now-news.de\/de\/deutschland\/lauterbach-warnt-vor-klinik-schliessungen-wegen-energiekrise\/#primaryimage"},"thumbnailUrl":"https:\/\/now-news.de\/de\/wp-content\/uploads\/sites\/3\/2022\/10\/Lauterbach-warnt-vor-Klinik-Schliessungen-wegen-Energiekrise.jpg","datePublished":"2022-10-17T09:35:18+00:00","dateModified":"2022-10-17T09:35:18+00:00","breadcrumb":{"@id":"https:\/\/now-news.de\/de\/deutschland\/lauterbach-warnt-vor-klinik-schliessungen-wegen-energiekrise\/#breadcrumb"},"inLanguage":"de","potentialAction":[{"@type":"ReadAction","target":["https:\/\/now-news.de\/de\/deutschland\/lauterbach-warnt-vor-klinik-schliessungen-wegen-energiekrise\/"]}]},{"@type":"ImageObject","inLanguage":"de","@id":"https:\/\/now-news.de\/de\/deutschland\/lauterbach-warnt-vor-klinik-schliessungen-wegen-energiekrise\/#primaryimage","url":"https:\/\/now-news.de\/de\/wp-content\/uploads\/sites\/3\/2022\/10\/Lauterbach-warnt-vor-Klinik-Schliessungen-wegen-Energiekrise.jpg","contentUrl":"https:\/\/now-news.de\/de\/wp-content\/uploads\/sites\/3\/2022\/10\/Lauterbach-warnt-vor-Klinik-Schliessungen-wegen-Energiekrise.jpg","width":460,"height":259,"caption":"Lauterbach warnt vor Klinik-Schlie\u00dfungen wegen Energiekrise"},{"@type":"BreadcrumbList","@id":"https:\/\/now-news.de\/de\/deutschland\/lauterbach-warnt-vor-klinik-schliessungen-wegen-energiekrise\/#breadcrumb","itemListElement":[{"@type":"ListItem","position":1,"name":"Home","item":"https:\/\/now-news.de\/de\/"},{"@type":"ListItem","position":2,"name":"Lauterbach warnt vor Klinik-Schlie\u00dfungen wegen Energiekrise"}]},{"@type":"WebSite","@id":"https:\/\/now-news.de\/de\/#website","url":"https:\/\/now-news.de\/de\/","name":"just-now.NEWS Deutschland","description":"Das Portal f\u00fcr unzensierte Nachrichten aus der Welt","publisher":{"@id":"https:\/\/now-news.de\/de\/#organization"},"potentialAction":[{"@type":"SearchAction","target":{"@type":"EntryPoint","urlTemplate":"https:\/\/now-news.de\/de\/?s={search_term_string}"},"query-input":"required name=search_term_string"}],"inLanguage":"de"},{"@type":"Organization","@id":"https:\/\/now-news.de\/de\/#organization","name":"Just Now News","url":"https:\/\/now-news.de\/de\/","logo":{"@type":"ImageObject","inLanguage":"de","@id":"https:\/\/now-news.de\/de\/#\/schema\/logo\/image\/","url":"http:\/\/just-now.news\/de\/wp-content\/uploads\/sites\/3\/2022\/04\/logo500x500.jpg","contentUrl":"http:\/\/just-now.news\/de\/wp-content\/uploads\/sites\/3\/2022\/04\/logo500x500.jpg","width":500,"height":500,"caption":"Just Now News"},"image":{"@id":"https:\/\/now-news.de\/de\/#\/schema\/logo\/image\/"},"sameAs":["https:\/\/www.facebook.com\/wirmachenauf","https:\/\/x.com\/WirMachenAuf_de"]},{"@type":"Person","@id":"https:\/\/now-news.de\/de\/#\/schema\/person\/fb534a4e865501d8b3285208df34a9b5","name":"rtnews","image":{"@type":"ImageObject","inLanguage":"de","@id":"https:\/\/now-news.de\/de\/#\/schema\/person\/image\/","url":"https:\/\/secure.gravatar.com\/avatar\/82aafea7d8127119dd649515f56e2117?s=96&d=mm&r=g","contentUrl":"https:\/\/secure.gravatar.com\/avatar\/82aafea7d8127119dd649515f56e2117?s=96&d=mm&r=g","caption":"rtnews"},"url":"https:\/\/now-news.de\/de\/author\/rnews\/"}]}},"_links":{"self":[{"href":"https:\/\/now-news.de\/de\/wp-json\/wp\/v2\/posts\/21198"}],"collection":[{"href":"https:\/\/now-news.de\/de\/wp-json\/wp\/v2\/posts"}],"about":[{"href":"https:\/\/now-news.de\/de\/wp-json\/wp\/v2\/types\/post"}],"author":[{"embeddable":true,"href":"https:\/\/now-news.de\/de\/wp-json\/wp\/v2\/users\/3"}],"replies":[{"embeddable":true,"href":"https:\/\/now-news.de\/de\/wp-json\/wp\/v2\/comments?post=21198"}],"version-history":[{"count":0,"href":"https:\/\/now-news.de\/de\/wp-json\/wp\/v2\/posts\/21198\/revisions"}],"wp:featuredmedia":[{"embeddable":true,"href":"https:\/\/now-news.de\/de\/wp-json\/wp\/v2\/media\/21199"}],"wp:attachment":[{"href":"https:\/\/now-news.de\/de\/wp-json\/wp\/v2\/media?parent=21198"}],"wp:term":[{"taxonomy":"category","embeddable":true,"href":"https:\/\/now-news.de\/de\/wp-json\/wp\/v2\/categories?post=21198"},{"taxonomy":"post_tag","embeddable":true,"href":"https:\/\/now-news.de\/de\/wp-json\/wp\/v2\/tags?post=21198"}],"curies":[{"name":"wp","href":"https:\/\/api.w.org\/{rel}","templated":true}]}}