{"id":21166,"date":"2022-10-16T17:13:00","date_gmt":"2022-10-16T15:13:00","guid":{"rendered":"http:\/\/just-now.news\/de\/deutschland\/hinter-draengelgittern-proteste-beim-gruenen-parteitag-gegen-kriegs-umwelt-und-frauenpolitik\/"},"modified":"2022-10-16T17:13:00","modified_gmt":"2022-10-16T15:13:00","slug":"hinter-draengelgittern-proteste-beim-gruenen-parteitag-gegen-kriegs-umwelt-und-frauenpolitik","status":"publish","type":"post","link":"https:\/\/now-news.de\/de\/deutschland\/hinter-draengelgittern-proteste-beim-gruenen-parteitag-gegen-kriegs-umwelt-und-frauenpolitik\/","title":{"rendered":"Hinter Dr\u00e4ngelgittern: Proteste beim Gr\u00fcnen-Parteitag gegen Kriegs-, Umwelt- und Frauenpolitik"},"content":{"rendered":"<div class=\"Text-root Text-type_1 \">\n                Bei der 48. Bundesdelegiertenkonferenz von B\u00fcndnis 90\/Die Gr\u00fcnen am Wochenende in Bonn protestierten mehrere Initiativen gegen die Politik dieser einstigen Friedens- und Frauenrechte-Partei: Friedensinitiativen beklagten die Kriegspolitik, Anti-AKW-Aktivisten die Energiepolitik, Frauen lehnten das neue Transgendergesetz ab und der deutsche Mittelstand die Verhinderung russischer Gaslieferungen.\n            <\/div>\n<p><\/p>\n<div class=\"Text-root Text-type_5 ArticleView-text ViewText-root \">\n<p>Trotz Regen, Wind und K\u00e4lte: anl\u00e4sslich der 48. Bundesversammlung, eines Parteitags von B\u00fcndnis 90\/Die Gr\u00fcnen an diesem Wochenende, demonstrierten bereits am Freitag Initiativen und Verb\u00e4nde vor dem Konferenzgeb\u00e4ude in Bonn gegen die Politik der einstigen Umwelt- und Friedenspartei. Friedensinitiativen, Atomkraftgegner und Montagsspazierg\u00e4nger standen dort vereint mit mittelst\u00e4ndischen Unternehmerverb\u00e4nden, Frauennetzwerken und Braunkohle-Gegnern, um ihren Protest gegen die Kriegs- und Waffenhandelspolitik einer Partei zum Ausdruck zu bringen, die sich wohl nicht weiter von ihren urspr\u00fcnglichen Idealen h\u00e4tte entfernen k\u00f6nnen.<\/p>\n<p>Obwohl sich die Forderungen der Demonstranten beim Thema\u00a0 Energiepolitik teilweise auch widersprachen, die Unzufriedenheit mit &#8220;gr\u00fcner&#8221; Politik in fast all den Themenfeldern, f\u00fcr die die Gr\u00fcnen sich selbst einst als Protestpartei eingesetzt hatten, war un\u00fcbersehbar. Hinter Dr\u00e4ngelgittern sollten die Demonstranten ihre Anliegen an die zum Kongressgeb\u00e4ude eilenden Delegierten vermitteln, denn schlie\u00dflich sollten sie die Gr\u00fcnen auf ihrem Weg zur Bundesdelegiertenkonferenz nicht ernsthaft st\u00f6ren k\u00f6nnen. Und nach Wahrnehmung der Autorin hielten sich die eintreffenden &#8220;gr\u00fcnen&#8221; B\u00fcrgervertreter auch nicht bei den einzelnen Initiativen und deren Anliegen auf.<\/p>\n<figure class=\"RTImage-root\">\n<div class=\"RTImage-image RTImage-original\"><picture class=\"Picture-root Picture-original\"><!--[if IE 9]><video style=\"display: none;\"><![endif]--><source media=\"(-webkit-min-device-pixel-ratio: 2) and (min-resolution: 120dpi)\" data-srcset=\" \nhttp:\/\/just-now.news\/de\/wp-content\/uploads\/sites\/3\/2022\/10\/634bf2e6b480cc19a007db7f.JPG 850w,\n                http:\/\/just-now.news\/de\/wp-content\/uploads\/sites\/3\/2022\/10\/634bf2e6b480cc19a007db7f.JPG 1960w,\n            \" ><source data-srcset=\" \nhttp:\/\/just-now.news\/de\/wp-content\/uploads\/sites\/3\/2022\/10\/634bf2e6b480cc19a007db7f.JPG 460w,\n              http:\/\/just-now.news\/de\/wp-content\/uploads\/sites\/3\/2022\/10\/634bf2e6b480cc19a007db7f.JPG 980w,\n            \" ><!--[if IE 9]><\/video><![endif]--><img decoding=\"async\" data- src=\"data:image\/png;base64,iVBORw0KGgoAAAANSUhEUgAAABAAAAAJCAQAAACRI2S5AAAAEElEQVR42mNkIAAYRxWAAQAG9gAKqv6+AwAAAABJRU5ErkJggg==\" class=\"Picture-root Picture-original lazyload\" data-src=\"http:\/\/just-now.news\/de\/wp-content\/uploads\/sites\/3\/2022\/10\/634bf2e6b480cc19a007db7f.JPG\" alt=\"\"><\/source><\/source><\/picture><!-- noscript pattern --><noscript><img decoding=\"async\" src=\"http:\/\/just-now.news\/de\/wp-content\/uploads\/sites\/3\/2022\/10\/634bf2e6b480cc19a007db7f.JPG\" alt=\"\"><\/noscript><\/div><figcaption class=\"RTImage-footer\"><span class=\"RTImage-caption\"><span class=\"RTImage-captionItem\">Anti-Atomproteste beim Bundesparteitag der Gr\u00fcnen in Bonn, 14.10.2022<\/span><\/span><span class=\"RTImage-source\"><span class=\"RTImage-captionItem\">Felicitas Rabe<\/span><\/span><\/figcaption><\/figure>\n<p>Einst als Graswurzelbewegung mit der Parole &#8220;Frieden schaffen, ohne Waffen&#8221; angetreten, haben sich die deutschen Gr\u00fcnen mittlerweile zu einer Partei der Waffenlobbyisten und Kriegstrommler gewendet, wie es sich die Aktion\u00e4re von Rheinmetall und Co nicht besser h\u00e4tten w\u00fcnschen k\u00f6nnen.<\/p>\n<figure class=\"RTImage-root\">\n<div class=\"RTImage-image RTImage-original\"><picture class=\"Picture-root Picture-original\"><!--[if IE 9]><video style=\"display: none;\"><![endif]--><source media=\"(-webkit-min-device-pixel-ratio: 2) and (min-resolution: 120dpi)\" data-srcset=\" \nhttp:\/\/just-now.news\/de\/wp-content\/uploads\/sites\/3\/2022\/10\/634bf36bb480cc1aa56d1666.JPG 850w,\n                http:\/\/just-now.news\/de\/wp-content\/uploads\/sites\/3\/2022\/10\/634bf36bb480cc1aa56d1666.JPG 1960w,\n            \" ><source data-srcset=\" \nhttp:\/\/just-now.news\/de\/wp-content\/uploads\/sites\/3\/2022\/10\/634bf36bb480cc1aa56d1666.JPG 460w,\n              http:\/\/just-now.news\/de\/wp-content\/uploads\/sites\/3\/2022\/10\/634bf36bb480cc1aa56d1666.JPG 980w,\n            \" ><!--[if IE 9]><\/video><![endif]--><img decoding=\"async\" data- src=\"data:image\/png;base64,iVBORw0KGgoAAAANSUhEUgAAABAAAAAJCAQAAACRI2S5AAAAEElEQVR42mNkIAAYRxWAAQAG9gAKqv6+AwAAAABJRU5ErkJggg==\" class=\"Picture-root Picture-original lazyload\" data-src=\"http:\/\/just-now.news\/de\/wp-content\/uploads\/sites\/3\/2022\/10\/634bf36bb480cc1aa56d1666.JPG\" alt=\"\"><\/source><\/source><\/picture><!-- noscript pattern --><noscript><img decoding=\"async\" src=\"http:\/\/just-now.news\/de\/wp-content\/uploads\/sites\/3\/2022\/10\/634bf36bb480cc1aa56d1666.JPG\" alt=\"\"><\/noscript><\/div><figcaption class=\"RTImage-footer\"><span class=\"RTImage-caption\"><span class=\"RTImage-captionItem\">Proteste  von  Friedensinitiativen beim Parteitag der Gr\u00fcnen in Bonn, 14.10.2022<\/span><\/span><span class=\"RTImage-source\"><span class=\"RTImage-captionItem\">Felicitas Rabe<\/span><\/span><\/figcaption><\/figure>\n<p>Nach jahrelangem Geschrei &#8220;f\u00fcrs Klima&#8221; und der angeblich &#8220;f\u00fcrs Klima&#8221; notwendigen Abschaffung aller konventionellen Energietr\u00e4ger, inbegriffen die Abschaltung aller deutschen Atomkraftwerke, sind sich die Gr\u00fcnen jetzt auch nicht zu schade, nach ihrer eigenen Logik den Planeten dem CO\u2082-Tod zu opfern, um AKWs jetzt doch noch am Laufen zu halten. CO\u2082 hin, CO\u2082 her, sogar Kohlekraftwerke m\u00fcssen jetzt weiterlaufen. Denn schlie\u00dflich d\u00fcrfte den deutschen Waffenschmieden sicher nicht gerade jetzt der Saft abgedreht werden.<\/p>\n<figure class=\"RTImage-root\">\n<div class=\"RTImage-image RTImage-original\"><picture class=\"Picture-root Picture-original\"><!--[if IE 9]><video style=\"display: none;\"><![endif]--><source media=\"(-webkit-min-device-pixel-ratio: 2) and (min-resolution: 120dpi)\" data-srcset=\" \nhttp:\/\/just-now.news\/de\/wp-content\/uploads\/sites\/3\/2022\/10\/634bf41248fbef5f4e437da9.JPG 850w,\n                http:\/\/just-now.news\/de\/wp-content\/uploads\/sites\/3\/2022\/10\/634bf41248fbef5f4e437da9.JPG 1960w,\n            \" ><source data-srcset=\" \nhttp:\/\/just-now.news\/de\/wp-content\/uploads\/sites\/3\/2022\/10\/634bf41248fbef5f4e437da9.JPG 460w,\n              http:\/\/just-now.news\/de\/wp-content\/uploads\/sites\/3\/2022\/10\/634bf41248fbef5f4e437da9.JPG 980w,\n            \" ><!--[if IE 9]><\/video><![endif]--><img decoding=\"async\" data- src=\"data:image\/png;base64,iVBORw0KGgoAAAANSUhEUgAAABAAAAAJCAQAAACRI2S5AAAAEElEQVR42mNkIAAYRxWAAQAG9gAKqv6+AwAAAABJRU5ErkJggg==\" class=\"Picture-root Picture-original lazyload\" data-src=\"http:\/\/just-now.news\/de\/wp-content\/uploads\/sites\/3\/2022\/10\/634bf41248fbef5f4e437da9.JPG\" alt=\"\"><\/source><\/source><\/picture><!-- noscript pattern --><noscript><img decoding=\"async\" src=\"http:\/\/just-now.news\/de\/wp-content\/uploads\/sites\/3\/2022\/10\/634bf41248fbef5f4e437da9.JPG\" alt=\"\"><\/noscript><\/div><figcaption class=\"RTImage-footer\"><span class=\"RTImage-caption\"><span class=\"RTImage-captionItem\">Proteste von Montagsspazierg\u00e4ngern beim Parteitag der Gr\u00fcnen in Bonn, 14.10.2022<\/span><\/span><span class=\"RTImage-source\"><span class=\"RTImage-captionItem\">Felicitas Rabe<\/span><\/span><\/figcaption><\/figure>\n<p>Und lieber sollte wohl die Erde \u2013 nach gr\u00fcner Klimatheorie \u2013 mittels konventioneller deutscher Kraftwerke den CO\u2082-Tod sterben \u2013 so der Eindruck \u2013, als dass die &#8220;Gr\u00fcnen&#8221; es zulassen w\u00fcrden, sauberes, g\u00fcnstiges Erdgas aus Russland zu importieren.<\/p>\n<p>Schlie\u00dflich hatte Annalena Baerbock schon vor diesem Bundesparteitag klargemacht, dass sie sich als deutsche Volksvertreterin herzlich wenig f\u00fcr die Bed\u00fcrfnisse und Interesse der eigenen W\u00e4hler und \u00fcbrigen Menschen in Deutschland interessiert und schon gar nicht in erster Linie f\u00fcr sie einsetzen wird. Kein Wunder, dass der deutsche Mittelstand \u2013 also diejenigen, die in Deutschland die Wirtschaft am Brummen halten und die Steuern f\u00fcr die Gr\u00fcnen Waffenk\u00e4ufe erwirtschaften \u2013 ebenfalls langsam die Nase voll haben.<\/p>\n<figure class=\"RTImage-root\">\n<div class=\"RTImage-image RTImage-original\"><picture class=\"Picture-root Picture-original\"><!--[if IE 9]><video style=\"display: none;\"><![endif]--><source media=\"(-webkit-min-device-pixel-ratio: 2) and (min-resolution: 120dpi)\" data-srcset=\" \nhttp:\/\/just-now.news\/de\/wp-content\/uploads\/sites\/3\/2022\/10\/634bf49b48fbef5f8a57c8b9.JPG 850w,\n                http:\/\/just-now.news\/de\/wp-content\/uploads\/sites\/3\/2022\/10\/634bf49b48fbef5f8a57c8b9.JPG 1960w,\n            \" ><source data-srcset=\" \nhttp:\/\/just-now.news\/de\/wp-content\/uploads\/sites\/3\/2022\/10\/634bf49b48fbef5f8a57c8b9.JPG 460w,\n              http:\/\/just-now.news\/de\/wp-content\/uploads\/sites\/3\/2022\/10\/634bf49b48fbef5f8a57c8b9.JPG 980w,\n            \" ><!--[if IE 9]><\/video><![endif]--><img decoding=\"async\" data- src=\"data:image\/png;base64,iVBORw0KGgoAAAANSUhEUgAAABAAAAAJCAQAAACRI2S5AAAAEElEQVR42mNkIAAYRxWAAQAG9gAKqv6+AwAAAABJRU5ErkJggg==\" class=\"Picture-root Picture-original lazyload\" data-src=\"http:\/\/just-now.news\/de\/wp-content\/uploads\/sites\/3\/2022\/10\/634bf49b48fbef5f8a57c8b9.JPG\" alt=\"\"><\/source><\/source><\/picture><!-- noscript pattern --><noscript><img decoding=\"async\" src=\"http:\/\/just-now.news\/de\/wp-content\/uploads\/sites\/3\/2022\/10\/634bf49b48fbef5f8a57c8b9.JPG\" alt=\"\"><\/noscript><\/div><figcaption class=\"RTImage-footer\"><span class=\"RTImage-caption\"><span class=\"RTImage-captionItem\">Prosteste von Familienunternehmen beim Parteitag der Gr\u00fcnen in Bonn, 14.10.2022<\/span><\/span><span class=\"RTImage-source\"><span class=\"RTImage-captionItem\">Felicitas Rabe<\/span><\/span><\/figcaption><\/figure>\n<p>Bei ihrer Gr\u00fcndung ist die Partei der Gr\u00fcnen sogar einstmals daf\u00fcr eingetreten, dass Frauen und M\u00e4nner parit\u00e4tisch zu gesellschaftlicher Macht und Teilhabe Zugang haben. Mittlerweile setzen sich die Gr\u00fcnen daf\u00fcr ein, dass biologische M\u00e4nner mit einem Frauenausweis sich in die von und f\u00fcr Frauen erk\u00e4mpften R\u00e4ume und Vereine dr\u00e4ngen d\u00fcrfen. Sie setzen sich quasi daf\u00fcr ein, die Identit\u00e4t von Frauen abzuschaffen.<\/p>\n<p>Spontan gab die Juristin und Autorin Eva Engelken nach ihrer Rede auf der Frauenprotestveranstaltung vor der Tagungsst\u00e4tte ein Kurzinterview. Angeblich f\u00fcr Frauensolidarit\u00e4t und Frauengleichberechtigung angelegt, sei die Frauenpolitik der Gr\u00fcnen \u00fcberhaupt nicht frauenfreundlich, so Eva Engelken im Gespr\u00e4ch mit <em>RT<\/em>.<\/p>\n<figure class=\"RTImage-root\">\n<div class=\"RTImage-image RTImage-original\"><picture class=\"Picture-root Picture-original\"><!--[if IE 9]><video style=\"display: none;\"><![endif]--><source media=\"(-webkit-min-device-pixel-ratio: 2) and (min-resolution: 120dpi)\" data-srcset=\" \nhttp:\/\/just-now.news\/de\/wp-content\/uploads\/sites\/3\/2022\/10\/634bf563b480cc1dac7cd2d0.png 850w,\n                http:\/\/just-now.news\/de\/wp-content\/uploads\/sites\/3\/2022\/10\/634bf563b480cc1dac7cd2d0.png 1960w,\n            \" ><source data-srcset=\" \nhttp:\/\/just-now.news\/de\/wp-content\/uploads\/sites\/3\/2022\/10\/634bf563b480cc1dac7cd2d0.png 460w,\n              http:\/\/just-now.news\/de\/wp-content\/uploads\/sites\/3\/2022\/10\/634bf563b480cc1dac7cd2d0.png 980w,\n            \" ><!--[if IE 9]><\/video><![endif]--><img decoding=\"async\" data- src=\"data:image\/png;base64,iVBORw0KGgoAAAANSUhEUgAAABAAAAAJCAQAAACRI2S5AAAAEElEQVR42mNkIAAYRxWAAQAG9gAKqv6+AwAAAABJRU5ErkJggg==\" class=\"Picture-root Picture-original lazyload\" data-src=\"http:\/\/just-now.news\/de\/wp-content\/uploads\/sites\/3\/2022\/10\/634bf563b480cc1dac7cd2d0.png\" alt=\"\"><\/source><\/source><\/picture><!-- noscript pattern --><noscript><img decoding=\"async\" src=\"http:\/\/just-now.news\/de\/wp-content\/uploads\/sites\/3\/2022\/10\/634bf563b480cc1dac7cd2d0.png\" alt=\"\"><\/noscript><\/div><figcaption class=\"RTImage-footer\"><span class=\"RTImage-caption\"><span class=\"RTImage-captionItem\">Die Juristin und Autorin Eva Engelken bei ihrer Protest-Rede vor dem Gr\u00fcnen Parteitag in Bonn, 14.10.2022<\/span><\/span><span class=\"RTImage-source\"><span class=\"RTImage-captionItem\">Felicitas Rabe<\/span><\/span><\/figcaption><\/figure>\n<p>Die Frauenrechtlerin stelle sich unter &#8220;Politik f\u00fcr Frauen&#8221; etwas anderes vor. Unter M\u00e4nnergewalt w\u00fcrden immer noch die Frauen leiden und nicht die &#8220;Transpersonen&#8221;. In der Gr\u00fcnen-Partei gebe es zwar mittlerweile viele junge Frauen.<\/p>\n<blockquote>\n<p><em>&#8220;Aber mit ihrem Engagement f\u00fcr Pseudofrauen unterst\u00fctzen die jungen Frauen bei den Gr\u00fcnen in Wirklichkeit die Interessen von M\u00e4nnern.&#8221;<\/em><\/p>\n<\/blockquote>\n<figure class=\"RTImage-root\">\n<div class=\"RTImage-image RTImage-original\"><picture class=\"Picture-root Picture-original\"><!--[if IE 9]><video style=\"display: none;\"><![endif]--><source media=\"(-webkit-min-device-pixel-ratio: 2) and (min-resolution: 120dpi)\" data-srcset=\" \nhttp:\/\/just-now.news\/de\/wp-content\/uploads\/sites\/3\/2022\/10\/634bf6b048fbef61b76b74d5.png 850w,\n                http:\/\/just-now.news\/de\/wp-content\/uploads\/sites\/3\/2022\/10\/634bf6b048fbef61b76b74d5.png 1960w,\n            \" ><source data-srcset=\" \nhttp:\/\/just-now.news\/de\/wp-content\/uploads\/sites\/3\/2022\/10\/634bf6b048fbef61b76b74d5.png 460w,\n              http:\/\/just-now.news\/de\/wp-content\/uploads\/sites\/3\/2022\/10\/634bf6b048fbef61b76b74d5.png 980w,\n            \" ><!--[if IE 9]><\/video><![endif]--><img decoding=\"async\" data- src=\"data:image\/png;base64,iVBORw0KGgoAAAANSUhEUgAAABAAAAAJCAQAAACRI2S5AAAAEElEQVR42mNkIAAYRxWAAQAG9gAKqv6+AwAAAABJRU5ErkJggg==\" class=\"Picture-root Picture-original lazyload\" data-src=\"http:\/\/just-now.news\/de\/wp-content\/uploads\/sites\/3\/2022\/10\/634bf6b048fbef61b76b74d5.png\" alt=\"\"><\/source><\/source><\/picture><!-- noscript pattern --><noscript><img decoding=\"async\" src=\"http:\/\/just-now.news\/de\/wp-content\/uploads\/sites\/3\/2022\/10\/634bf6b048fbef61b76b74d5.png\" alt=\"\"><\/noscript><\/div><figcaption class=\"RTImage-footer\"><span class=\"RTImage-caption\"><span class=\"RTImage-captionItem\">Frauenproteste vor dem Parteitag der Gr\u00fcnen in Bonn, 14.10.2022<\/span><\/span><span class=\"RTImage-source\"><span class=\"RTImage-captionItem\">Felicitas Rabe<\/span><\/span><\/figcaption><\/figure>\n<p>Diese Frauen machten aus Angst um Karriere und Einkommen keine Frauenpolitik mehr, sondern Politik f\u00fcr Transfrauen.<\/p>\n<p>&#8220;M\u00e4nner, die gerne Frauen w\u00e4ren, sind aber keine Frauen&#8221;, stellte die Frauenrechtlerin fest. Erst im September ver\u00f6ffentlichte sie ihr neues Buch &#8220;Trans*innen? Nein, danke! Warum wir Frauen einzigartig sind und bleiben&#8221;\u00a0\u00a0<\/p>\n<p>Eva Engelken berichtete, dass sie f\u00fcr ihre im Buch ver\u00f6ffentlichte Haltung zur Frauenidentit\u00e4t und Frauenpolitik aktuell von den Mainstreammedien in die &#8220;rechte Ecke&#8221; gestellt werde.<\/p>\n<figure class=\"RTImage-root\">\n<div class=\"RTImage-image RTImage-original\"><picture class=\"Picture-root Picture-original\"><!--[if IE 9]><video style=\"display: none;\"><![endif]--><source media=\"(-webkit-min-device-pixel-ratio: 2) and (min-resolution: 120dpi)\" data-srcset=\" \nhttp:\/\/just-now.news\/de\/wp-content\/uploads\/sites\/3\/2022\/10\/634bf80c48fbef5f4e437db9.JPG 850w,\n                http:\/\/just-now.news\/de\/wp-content\/uploads\/sites\/3\/2022\/10\/634bf80c48fbef5f4e437db9.JPG 1960w,\n            \" ><source data-srcset=\" \nhttp:\/\/just-now.news\/de\/wp-content\/uploads\/sites\/3\/2022\/10\/634bf80c48fbef5f4e437db9.JPG 460w,\n              http:\/\/just-now.news\/de\/wp-content\/uploads\/sites\/3\/2022\/10\/634bf80c48fbef5f4e437db9.JPG 980w,\n            \" ><!--[if IE 9]><\/video><![endif]--><img decoding=\"async\" data- src=\"data:image\/png;base64,iVBORw0KGgoAAAANSUhEUgAAABAAAAAJCAQAAACRI2S5AAAAEElEQVR42mNkIAAYRxWAAQAG9gAKqv6+AwAAAABJRU5ErkJggg==\" class=\"Picture-root Picture-original lazyload\" data-src=\"http:\/\/just-now.news\/de\/wp-content\/uploads\/sites\/3\/2022\/10\/634bf80c48fbef5f4e437db9.JPG\" alt=\"\"><\/source><\/source><\/picture><!-- noscript pattern --><noscript><img decoding=\"async\" src=\"http:\/\/just-now.news\/de\/wp-content\/uploads\/sites\/3\/2022\/10\/634bf80c48fbef5f4e437db9.JPG\" alt=\"\"><\/noscript><\/div><figcaption class=\"RTImage-footer\"><span class=\"RTImage-caption\"><span class=\"RTImage-captionItem\">Frauenprostete vor dem Gr\u00fcnen Parteitag in Bonn, 14.10.2022<\/span><\/span><span class=\"RTImage-source\"><span class=\"RTImage-captionItem\">Felicitas Rabe<\/span><\/span><\/figcaption><\/figure>\n<p>Die Fraueninitiativen demonstrierten vor dem Gr\u00fcnen-Parteitag unter anderem gegen den Gesetzesvorschlag von B\u00fcndnis 90\/Die Gr\u00fcnen, gegen das neue sogenannte &#8220;Selbstbestimmungsrecht&#8221; f\u00fcr Transgender. Es soll vermutlich noch in diesem Jahr eingef\u00fchrt werden.<\/p>\n<p><strong>Mehr zum Thema<\/strong> &#8211; <a rel=\"nofollow noopener\" target=\"_blank\" href=\"https:\/\/test.rtde.tech\/meinung\/151149-deutschlands-absturz-scholz-baerbock-habeck\/\">Deutschlands Absturz: Scholz, Baerbock, Habeck und das neue deutsche Elend<\/a><\/p>\n<\/div>\n<p><br \/>\n<br \/><a href=\"https:\/\/de.rt.com\/inland\/151735-hinter-drangelgittern-proteste-beim-grunen\/\">Source link <\/a><\/p>\n","protected":false},"excerpt":{"rendered":"<p>Bei der 48. Bundesdelegiertenkonferenz von B\u00fcndnis 90\/Die Gr\u00fcnen am Wochenende in Bonn protestierten mehrere Initiativen gegen die Politik dieser einstigen Friedens- und Frauenrechte-Partei: Friedensinitiativen beklagten die Kriegspolitik, Anti-AKW-Aktivisten die Energiepolitik, Frauen lehnten das neue Transgendergesetz ab und der deutsche Mittelstand die Verhinderung russischer Gaslieferungen. Trotz Regen, Wind und K\u00e4lte: anl\u00e4sslich der 48. Bundesversammlung, eines Parteitags [&hellip;]<\/p>\n","protected":false},"author":3,"featured_media":21167,"comment_status":"open","ping_status":"open","sticky":false,"template":"","format":"standard","meta":{"wp_automatic_camp":["217"],"d441155e09b3c1243304d7bdc4d2f11e":["Hinter Dr\u00e4ngelgittern: Proteste beim Gr\u00fcnen-Parteitag gegen Kriegs-, Umwelt- und Frauenpolitik"],"original_link":["https:\/\/de.rt.com\/inland\/151735-hinter-drangelgittern-proteste-beim-grunen\/"],"_thumbnail_id":["21167"],"_wptg_p2tg_sent2tg":["2022-10-16 17:17:34"],"jnews_social_counter_last_update":["1777682402"]},"categories":[19,23],"tags":[1814,34475,34477,278,34476,4440,20216,3824,9748,140],"yoast_head":"<!-- This site is optimized with the Yoast SEO Premium plugin v22.7 (Yoast SEO v22.7) - https:\/\/yoast.com\/wordpress\/plugins\/seo\/ -->\n<title>Hinter Dr\u00e4ngelgittern: Proteste beim Gr\u00fcnen-Parteitag gegen Kriegs-, Umwelt- und Frauenpolitik - just-now.NEWS Deutschland<\/title>\n<meta name=\"robots\" content=\"index, follow, max-snippet:-1, max-image-preview:large, max-video-preview:-1\" \/>\n<link rel=\"canonical\" href=\"https:\/\/now-news.de\/de\/deutschland\/hinter-draengelgittern-proteste-beim-gruenen-parteitag-gegen-kriegs-umwelt-und-frauenpolitik\/\" \/>\n<meta property=\"og:locale\" content=\"de_DE\" \/>\n<meta property=\"og:type\" content=\"article\" \/>\n<meta property=\"og:title\" content=\"Hinter Dr\u00e4ngelgittern: Proteste beim Gr\u00fcnen-Parteitag gegen Kriegs-, Umwelt- und Frauenpolitik\" \/>\n<meta property=\"og:description\" content=\"Bei der 48. Bundesdelegiertenkonferenz von B\u00fcndnis 90\/Die Gr\u00fcnen am Wochenende in Bonn protestierten mehrere Initiativen gegen die Politik dieser einstigen Friedens- und Frauenrechte-Partei: Friedensinitiativen beklagten die Kriegspolitik, Anti-AKW-Aktivisten die Energiepolitik, Frauen lehnten das neue Transgendergesetz ab und der deutsche Mittelstand die Verhinderung russischer Gaslieferungen. Trotz Regen, Wind und K\u00e4lte: anl\u00e4sslich der 48. Bundesversammlung, eines Parteitags [&hellip;]\" \/>\n<meta property=\"og:url\" content=\"https:\/\/now-news.de\/de\/deutschland\/hinter-draengelgittern-proteste-beim-gruenen-parteitag-gegen-kriegs-umwelt-und-frauenpolitik\/\" \/>\n<meta property=\"og:site_name\" content=\"just-now.NEWS Deutschland\" \/>\n<meta property=\"article:publisher\" content=\"https:\/\/www.facebook.com\/wirmachenauf\" \/>\n<meta property=\"article:published_time\" content=\"2022-10-16T15:13:00+00:00\" \/>\n<meta property=\"og:image\" content=\"https:\/\/now-news.de\/de\/wp-content\/uploads\/sites\/3\/2022\/10\/Hinter-Draengelgittern-Proteste-beim-Gruenen-Parteitag-gegen-Kriegs-Umwelt-und-Frauenpolitik.JPG\" \/>\n\t<meta property=\"og:image:width\" content=\"1620\" \/>\n\t<meta property=\"og:image:height\" content=\"1080\" \/>\n\t<meta property=\"og:image:type\" content=\"image\/jpeg\" \/>\n<meta name=\"author\" content=\"rtnews\" \/>\n<meta name=\"twitter:card\" content=\"summary_large_image\" \/>\n<meta name=\"twitter:creator\" content=\"@WirMachenAuf_de\" \/>\n<meta name=\"twitter:site\" content=\"@WirMachenAuf_de\" \/>\n<meta name=\"twitter:label1\" content=\"Verfasst von\" \/>\n\t<meta name=\"twitter:data1\" content=\"rtnews\" \/>\n\t<meta name=\"twitter:label2\" content=\"Gesch\u00e4tzte Lesezeit\" \/>\n\t<meta name=\"twitter:data2\" content=\"4\u00a0Minuten\" \/>\n<script type=\"application\/ld+json\" class=\"yoast-schema-graph\">{\"@context\":\"https:\/\/schema.org\",\"@graph\":[{\"@type\":\"Article\",\"@id\":\"https:\/\/now-news.de\/de\/deutschland\/hinter-draengelgittern-proteste-beim-gruenen-parteitag-gegen-kriegs-umwelt-und-frauenpolitik\/#article\",\"isPartOf\":{\"@id\":\"https:\/\/now-news.de\/de\/deutschland\/hinter-draengelgittern-proteste-beim-gruenen-parteitag-gegen-kriegs-umwelt-und-frauenpolitik\/\"},\"author\":{\"name\":\"rtnews\",\"@id\":\"https:\/\/now-news.de\/de\/#\/schema\/person\/fb534a4e865501d8b3285208df34a9b5\"},\"headline\":\"Hinter Dr\u00e4ngelgittern: Proteste beim Gr\u00fcnen-Parteitag gegen Kriegs-, Umwelt- und Frauenpolitik\",\"datePublished\":\"2022-10-16T15:13:00+00:00\",\"dateModified\":\"2022-10-16T15:13:00+00:00\",\"mainEntityOfPage\":{\"@id\":\"https:\/\/now-news.de\/de\/deutschland\/hinter-draengelgittern-proteste-beim-gruenen-parteitag-gegen-kriegs-umwelt-und-frauenpolitik\/\"},\"wordCount\":884,\"commentCount\":0,\"publisher\":{\"@id\":\"https:\/\/now-news.de\/de\/#organization\"},\"image\":{\"@id\":\"https:\/\/now-news.de\/de\/deutschland\/hinter-draengelgittern-proteste-beim-gruenen-parteitag-gegen-kriegs-umwelt-und-frauenpolitik\/#primaryimage\"},\"thumbnailUrl\":\"https:\/\/now-news.de\/de\/wp-content\/uploads\/sites\/3\/2022\/10\/Hinter-Draengelgittern-Proteste-beim-Gruenen-Parteitag-gegen-Kriegs-Umwelt-und-Frauenpolitik.JPG\",\"keywords\":[\"beim\",\"Dr\u00e4ngelgittern\",\"Frauenpolitik\",\"gegen\",\"Gr\u00fcnenParteitag\",\"hinter\",\"Kriegs\",\"Proteste\",\"Umwelt\",\"und\"],\"articleSection\":[\"Deutschland\",\"Russland\"],\"inLanguage\":\"de\",\"potentialAction\":[{\"@type\":\"CommentAction\",\"name\":\"Comment\",\"target\":[\"https:\/\/now-news.de\/de\/deutschland\/hinter-draengelgittern-proteste-beim-gruenen-parteitag-gegen-kriegs-umwelt-und-frauenpolitik\/#respond\"]}]},{\"@type\":\"WebPage\",\"@id\":\"https:\/\/now-news.de\/de\/deutschland\/hinter-draengelgittern-proteste-beim-gruenen-parteitag-gegen-kriegs-umwelt-und-frauenpolitik\/\",\"url\":\"https:\/\/now-news.de\/de\/deutschland\/hinter-draengelgittern-proteste-beim-gruenen-parteitag-gegen-kriegs-umwelt-und-frauenpolitik\/\",\"name\":\"Hinter Dr\u00e4ngelgittern: Proteste beim Gr\u00fcnen-Parteitag gegen Kriegs-, Umwelt- und Frauenpolitik - just-now.NEWS Deutschland\",\"isPartOf\":{\"@id\":\"https:\/\/now-news.de\/de\/#website\"},\"primaryImageOfPage\":{\"@id\":\"https:\/\/now-news.de\/de\/deutschland\/hinter-draengelgittern-proteste-beim-gruenen-parteitag-gegen-kriegs-umwelt-und-frauenpolitik\/#primaryimage\"},\"image\":{\"@id\":\"https:\/\/now-news.de\/de\/deutschland\/hinter-draengelgittern-proteste-beim-gruenen-parteitag-gegen-kriegs-umwelt-und-frauenpolitik\/#primaryimage\"},\"thumbnailUrl\":\"https:\/\/now-news.de\/de\/wp-content\/uploads\/sites\/3\/2022\/10\/Hinter-Draengelgittern-Proteste-beim-Gruenen-Parteitag-gegen-Kriegs-Umwelt-und-Frauenpolitik.JPG\",\"datePublished\":\"2022-10-16T15:13:00+00:00\",\"dateModified\":\"2022-10-16T15:13:00+00:00\",\"breadcrumb\":{\"@id\":\"https:\/\/now-news.de\/de\/deutschland\/hinter-draengelgittern-proteste-beim-gruenen-parteitag-gegen-kriegs-umwelt-und-frauenpolitik\/#breadcrumb\"},\"inLanguage\":\"de\",\"potentialAction\":[{\"@type\":\"ReadAction\",\"target\":[\"https:\/\/now-news.de\/de\/deutschland\/hinter-draengelgittern-proteste-beim-gruenen-parteitag-gegen-kriegs-umwelt-und-frauenpolitik\/\"]}]},{\"@type\":\"ImageObject\",\"inLanguage\":\"de\",\"@id\":\"https:\/\/now-news.de\/de\/deutschland\/hinter-draengelgittern-proteste-beim-gruenen-parteitag-gegen-kriegs-umwelt-und-frauenpolitik\/#primaryimage\",\"url\":\"https:\/\/now-news.de\/de\/wp-content\/uploads\/sites\/3\/2022\/10\/Hinter-Draengelgittern-Proteste-beim-Gruenen-Parteitag-gegen-Kriegs-Umwelt-und-Frauenpolitik.JPG\",\"contentUrl\":\"https:\/\/now-news.de\/de\/wp-content\/uploads\/sites\/3\/2022\/10\/Hinter-Draengelgittern-Proteste-beim-Gruenen-Parteitag-gegen-Kriegs-Umwelt-und-Frauenpolitik.JPG\",\"width\":1620,\"height\":1080,\"caption\":\"Hinter Dr\u00e4ngelgittern: Proteste beim Gr\u00fcnen-Parteitag gegen Kriegs-, Umwelt- und Frauenpolitik\"},{\"@type\":\"BreadcrumbList\",\"@id\":\"https:\/\/now-news.de\/de\/deutschland\/hinter-draengelgittern-proteste-beim-gruenen-parteitag-gegen-kriegs-umwelt-und-frauenpolitik\/#breadcrumb\",\"itemListElement\":[{\"@type\":\"ListItem\",\"position\":1,\"name\":\"Home\",\"item\":\"https:\/\/now-news.de\/de\/\"},{\"@type\":\"ListItem\",\"position\":2,\"name\":\"Hinter Dr\u00e4ngelgittern: Proteste beim Gr\u00fcnen-Parteitag gegen Kriegs-, Umwelt- und Frauenpolitik\"}]},{\"@type\":\"WebSite\",\"@id\":\"https:\/\/now-news.de\/de\/#website\",\"url\":\"https:\/\/now-news.de\/de\/\",\"name\":\"just-now.NEWS Deutschland\",\"description\":\"Das Portal f\u00fcr unzensierte Nachrichten aus der Welt\",\"publisher\":{\"@id\":\"https:\/\/now-news.de\/de\/#organization\"},\"potentialAction\":[{\"@type\":\"SearchAction\",\"target\":{\"@type\":\"EntryPoint\",\"urlTemplate\":\"https:\/\/now-news.de\/de\/?s={search_term_string}\"},\"query-input\":\"required name=search_term_string\"}],\"inLanguage\":\"de\"},{\"@type\":\"Organization\",\"@id\":\"https:\/\/now-news.de\/de\/#organization\",\"name\":\"Just Now News\",\"url\":\"https:\/\/now-news.de\/de\/\",\"logo\":{\"@type\":\"ImageObject\",\"inLanguage\":\"de\",\"@id\":\"https:\/\/now-news.de\/de\/#\/schema\/logo\/image\/\",\"url\":\"http:\/\/just-now.news\/de\/wp-content\/uploads\/sites\/3\/2022\/04\/logo500x500.jpg\",\"contentUrl\":\"http:\/\/just-now.news\/de\/wp-content\/uploads\/sites\/3\/2022\/04\/logo500x500.jpg\",\"width\":500,\"height\":500,\"caption\":\"Just Now News\"},\"image\":{\"@id\":\"https:\/\/now-news.de\/de\/#\/schema\/logo\/image\/\"},\"sameAs\":[\"https:\/\/www.facebook.com\/wirmachenauf\",\"https:\/\/x.com\/WirMachenAuf_de\"]},{\"@type\":\"Person\",\"@id\":\"https:\/\/now-news.de\/de\/#\/schema\/person\/fb534a4e865501d8b3285208df34a9b5\",\"name\":\"rtnews\",\"image\":{\"@type\":\"ImageObject\",\"inLanguage\":\"de\",\"@id\":\"https:\/\/now-news.de\/de\/#\/schema\/person\/image\/\",\"url\":\"https:\/\/secure.gravatar.com\/avatar\/82aafea7d8127119dd649515f56e2117?s=96&d=mm&r=g\",\"contentUrl\":\"https:\/\/secure.gravatar.com\/avatar\/82aafea7d8127119dd649515f56e2117?s=96&d=mm&r=g\",\"caption\":\"rtnews\"},\"url\":\"https:\/\/now-news.de\/de\/author\/rnews\/\"}]}<\/script>\n<!-- \/ Yoast SEO Premium plugin. -->","yoast_head_json":{"title":"Hinter Dr\u00e4ngelgittern: Proteste beim Gr\u00fcnen-Parteitag gegen Kriegs-, Umwelt- und Frauenpolitik - just-now.NEWS Deutschland","robots":{"index":"index","follow":"follow","max-snippet":"max-snippet:-1","max-image-preview":"max-image-preview:large","max-video-preview":"max-video-preview:-1"},"canonical":"https:\/\/now-news.de\/de\/deutschland\/hinter-draengelgittern-proteste-beim-gruenen-parteitag-gegen-kriegs-umwelt-und-frauenpolitik\/","og_locale":"de_DE","og_type":"article","og_title":"Hinter Dr\u00e4ngelgittern: Proteste beim Gr\u00fcnen-Parteitag gegen Kriegs-, Umwelt- und Frauenpolitik","og_description":"Bei der 48. Bundesdelegiertenkonferenz von B\u00fcndnis 90\/Die Gr\u00fcnen am Wochenende in Bonn protestierten mehrere Initiativen gegen die Politik dieser einstigen Friedens- und Frauenrechte-Partei: Friedensinitiativen beklagten die Kriegspolitik, Anti-AKW-Aktivisten die Energiepolitik, Frauen lehnten das neue Transgendergesetz ab und der deutsche Mittelstand die Verhinderung russischer Gaslieferungen. Trotz Regen, Wind und K\u00e4lte: anl\u00e4sslich der 48. Bundesversammlung, eines Parteitags [&hellip;]","og_url":"https:\/\/now-news.de\/de\/deutschland\/hinter-draengelgittern-proteste-beim-gruenen-parteitag-gegen-kriegs-umwelt-und-frauenpolitik\/","og_site_name":"just-now.NEWS Deutschland","article_publisher":"https:\/\/www.facebook.com\/wirmachenauf","article_published_time":"2022-10-16T15:13:00+00:00","og_image":[{"width":1620,"height":1080,"url":"https:\/\/now-news.de\/de\/wp-content\/uploads\/sites\/3\/2022\/10\/Hinter-Draengelgittern-Proteste-beim-Gruenen-Parteitag-gegen-Kriegs-Umwelt-und-Frauenpolitik.JPG","type":"image\/jpeg"}],"author":"rtnews","twitter_card":"summary_large_image","twitter_creator":"@WirMachenAuf_de","twitter_site":"@WirMachenAuf_de","twitter_misc":{"Verfasst von":"rtnews","Gesch\u00e4tzte Lesezeit":"4\u00a0Minuten"},"schema":{"@context":"https:\/\/schema.org","@graph":[{"@type":"Article","@id":"https:\/\/now-news.de\/de\/deutschland\/hinter-draengelgittern-proteste-beim-gruenen-parteitag-gegen-kriegs-umwelt-und-frauenpolitik\/#article","isPartOf":{"@id":"https:\/\/now-news.de\/de\/deutschland\/hinter-draengelgittern-proteste-beim-gruenen-parteitag-gegen-kriegs-umwelt-und-frauenpolitik\/"},"author":{"name":"rtnews","@id":"https:\/\/now-news.de\/de\/#\/schema\/person\/fb534a4e865501d8b3285208df34a9b5"},"headline":"Hinter Dr\u00e4ngelgittern: Proteste beim Gr\u00fcnen-Parteitag gegen Kriegs-, Umwelt- und Frauenpolitik","datePublished":"2022-10-16T15:13:00+00:00","dateModified":"2022-10-16T15:13:00+00:00","mainEntityOfPage":{"@id":"https:\/\/now-news.de\/de\/deutschland\/hinter-draengelgittern-proteste-beim-gruenen-parteitag-gegen-kriegs-umwelt-und-frauenpolitik\/"},"wordCount":884,"commentCount":0,"publisher":{"@id":"https:\/\/now-news.de\/de\/#organization"},"image":{"@id":"https:\/\/now-news.de\/de\/deutschland\/hinter-draengelgittern-proteste-beim-gruenen-parteitag-gegen-kriegs-umwelt-und-frauenpolitik\/#primaryimage"},"thumbnailUrl":"https:\/\/now-news.de\/de\/wp-content\/uploads\/sites\/3\/2022\/10\/Hinter-Draengelgittern-Proteste-beim-Gruenen-Parteitag-gegen-Kriegs-Umwelt-und-Frauenpolitik.JPG","keywords":["beim","Dr\u00e4ngelgittern","Frauenpolitik","gegen","Gr\u00fcnenParteitag","hinter","Kriegs","Proteste","Umwelt","und"],"articleSection":["Deutschland","Russland"],"inLanguage":"de","potentialAction":[{"@type":"CommentAction","name":"Comment","target":["https:\/\/now-news.de\/de\/deutschland\/hinter-draengelgittern-proteste-beim-gruenen-parteitag-gegen-kriegs-umwelt-und-frauenpolitik\/#respond"]}]},{"@type":"WebPage","@id":"https:\/\/now-news.de\/de\/deutschland\/hinter-draengelgittern-proteste-beim-gruenen-parteitag-gegen-kriegs-umwelt-und-frauenpolitik\/","url":"https:\/\/now-news.de\/de\/deutschland\/hinter-draengelgittern-proteste-beim-gruenen-parteitag-gegen-kriegs-umwelt-und-frauenpolitik\/","name":"Hinter Dr\u00e4ngelgittern: Proteste beim Gr\u00fcnen-Parteitag gegen Kriegs-, Umwelt- und Frauenpolitik - just-now.NEWS Deutschland","isPartOf":{"@id":"https:\/\/now-news.de\/de\/#website"},"primaryImageOfPage":{"@id":"https:\/\/now-news.de\/de\/deutschland\/hinter-draengelgittern-proteste-beim-gruenen-parteitag-gegen-kriegs-umwelt-und-frauenpolitik\/#primaryimage"},"image":{"@id":"https:\/\/now-news.de\/de\/deutschland\/hinter-draengelgittern-proteste-beim-gruenen-parteitag-gegen-kriegs-umwelt-und-frauenpolitik\/#primaryimage"},"thumbnailUrl":"https:\/\/now-news.de\/de\/wp-content\/uploads\/sites\/3\/2022\/10\/Hinter-Draengelgittern-Proteste-beim-Gruenen-Parteitag-gegen-Kriegs-Umwelt-und-Frauenpolitik.JPG","datePublished":"2022-10-16T15:13:00+00:00","dateModified":"2022-10-16T15:13:00+00:00","breadcrumb":{"@id":"https:\/\/now-news.de\/de\/deutschland\/hinter-draengelgittern-proteste-beim-gruenen-parteitag-gegen-kriegs-umwelt-und-frauenpolitik\/#breadcrumb"},"inLanguage":"de","potentialAction":[{"@type":"ReadAction","target":["https:\/\/now-news.de\/de\/deutschland\/hinter-draengelgittern-proteste-beim-gruenen-parteitag-gegen-kriegs-umwelt-und-frauenpolitik\/"]}]},{"@type":"ImageObject","inLanguage":"de","@id":"https:\/\/now-news.de\/de\/deutschland\/hinter-draengelgittern-proteste-beim-gruenen-parteitag-gegen-kriegs-umwelt-und-frauenpolitik\/#primaryimage","url":"https:\/\/now-news.de\/de\/wp-content\/uploads\/sites\/3\/2022\/10\/Hinter-Draengelgittern-Proteste-beim-Gruenen-Parteitag-gegen-Kriegs-Umwelt-und-Frauenpolitik.JPG","contentUrl":"https:\/\/now-news.de\/de\/wp-content\/uploads\/sites\/3\/2022\/10\/Hinter-Draengelgittern-Proteste-beim-Gruenen-Parteitag-gegen-Kriegs-Umwelt-und-Frauenpolitik.JPG","width":1620,"height":1080,"caption":"Hinter Dr\u00e4ngelgittern: Proteste beim Gr\u00fcnen-Parteitag gegen Kriegs-, Umwelt- und Frauenpolitik"},{"@type":"BreadcrumbList","@id":"https:\/\/now-news.de\/de\/deutschland\/hinter-draengelgittern-proteste-beim-gruenen-parteitag-gegen-kriegs-umwelt-und-frauenpolitik\/#breadcrumb","itemListElement":[{"@type":"ListItem","position":1,"name":"Home","item":"https:\/\/now-news.de\/de\/"},{"@type":"ListItem","position":2,"name":"Hinter Dr\u00e4ngelgittern: Proteste beim Gr\u00fcnen-Parteitag gegen Kriegs-, Umwelt- und Frauenpolitik"}]},{"@type":"WebSite","@id":"https:\/\/now-news.de\/de\/#website","url":"https:\/\/now-news.de\/de\/","name":"just-now.NEWS Deutschland","description":"Das Portal f\u00fcr unzensierte Nachrichten aus der Welt","publisher":{"@id":"https:\/\/now-news.de\/de\/#organization"},"potentialAction":[{"@type":"SearchAction","target":{"@type":"EntryPoint","urlTemplate":"https:\/\/now-news.de\/de\/?s={search_term_string}"},"query-input":"required name=search_term_string"}],"inLanguage":"de"},{"@type":"Organization","@id":"https:\/\/now-news.de\/de\/#organization","name":"Just Now News","url":"https:\/\/now-news.de\/de\/","logo":{"@type":"ImageObject","inLanguage":"de","@id":"https:\/\/now-news.de\/de\/#\/schema\/logo\/image\/","url":"http:\/\/just-now.news\/de\/wp-content\/uploads\/sites\/3\/2022\/04\/logo500x500.jpg","contentUrl":"http:\/\/just-now.news\/de\/wp-content\/uploads\/sites\/3\/2022\/04\/logo500x500.jpg","width":500,"height":500,"caption":"Just Now News"},"image":{"@id":"https:\/\/now-news.de\/de\/#\/schema\/logo\/image\/"},"sameAs":["https:\/\/www.facebook.com\/wirmachenauf","https:\/\/x.com\/WirMachenAuf_de"]},{"@type":"Person","@id":"https:\/\/now-news.de\/de\/#\/schema\/person\/fb534a4e865501d8b3285208df34a9b5","name":"rtnews","image":{"@type":"ImageObject","inLanguage":"de","@id":"https:\/\/now-news.de\/de\/#\/schema\/person\/image\/","url":"https:\/\/secure.gravatar.com\/avatar\/82aafea7d8127119dd649515f56e2117?s=96&d=mm&r=g","contentUrl":"https:\/\/secure.gravatar.com\/avatar\/82aafea7d8127119dd649515f56e2117?s=96&d=mm&r=g","caption":"rtnews"},"url":"https:\/\/now-news.de\/de\/author\/rnews\/"}]}},"_links":{"self":[{"href":"https:\/\/now-news.de\/de\/wp-json\/wp\/v2\/posts\/21166"}],"collection":[{"href":"https:\/\/now-news.de\/de\/wp-json\/wp\/v2\/posts"}],"about":[{"href":"https:\/\/now-news.de\/de\/wp-json\/wp\/v2\/types\/post"}],"author":[{"embeddable":true,"href":"https:\/\/now-news.de\/de\/wp-json\/wp\/v2\/users\/3"}],"replies":[{"embeddable":true,"href":"https:\/\/now-news.de\/de\/wp-json\/wp\/v2\/comments?post=21166"}],"version-history":[{"count":0,"href":"https:\/\/now-news.de\/de\/wp-json\/wp\/v2\/posts\/21166\/revisions"}],"wp:featuredmedia":[{"embeddable":true,"href":"https:\/\/now-news.de\/de\/wp-json\/wp\/v2\/media\/21167"}],"wp:attachment":[{"href":"https:\/\/now-news.de\/de\/wp-json\/wp\/v2\/media?parent=21166"}],"wp:term":[{"taxonomy":"category","embeddable":true,"href":"https:\/\/now-news.de\/de\/wp-json\/wp\/v2\/categories?post=21166"},{"taxonomy":"post_tag","embeddable":true,"href":"https:\/\/now-news.de\/de\/wp-json\/wp\/v2\/tags?post=21166"}],"curies":[{"name":"wp","href":"https:\/\/api.w.org\/{rel}","templated":true}]}}