{"id":21156,"date":"2022-10-16T13:22:35","date_gmt":"2022-10-16T11:22:35","guid":{"rendered":"http:\/\/just-now.news\/de\/deutschland\/kampf-gegen-russland-auf-kosten-europas-und-auch-gegen-europa-teil-1\/"},"modified":"2022-10-16T13:22:35","modified_gmt":"2022-10-16T11:22:35","slug":"kampf-gegen-russland-auf-kosten-europas-und-auch-gegen-europa-teil-1","status":"publish","type":"post","link":"https:\/\/now-news.de\/de\/deutschland\/kampf-gegen-russland-auf-kosten-europas-und-auch-gegen-europa-teil-1\/","title":{"rendered":"Kampf gegen Russland auf Kosten Europas \u2026 und auch gegen Europa? (Teil 1)"},"content":{"rendered":"<p><img decoding=\"async\" src=\"http:\/\/just-now.news\/de\/wp-content\/uploads\/sites\/3\/2022\/10\/634be97548fbef615a500c14.jpg\" \/><\/p>\n<p><em>Von Alexander M\u00e4nner<\/em><\/p>\n<p>Der vom kollektiven Westen unter F\u00fchrung der USA aufgrund des russischen Einmarsches in die Ukraine begonnene Sanktionskrieg gegen Russland geht munter weiter. Die Europ\u00e4ische Union hat inzwischen das achte Sanktionspaket verabschiedet, und bald soll ein weiteres vorbereitet werden. Die Strategie Washingtons und seiner Partner besteht darin, die russische Wirtschaft durch Beschr\u00e4nkungen zu isolieren und in den Ruin zu treiben.<\/p>\n<p>Dies scheint allerdings auch nach mehr als einem halben Jahr nicht aufzugehen. Im Gegenteil: Die Sanktionen bringen enorme Probleme \u2013 wie den Anstieg der Energiepreise und der Inflation infolge der reduzierten Gaseinfuhren aus Russland \u2013 f\u00fcr diejenigen, die sie erlassen haben. Vor allem <a rel=\"nofollow noopener\" target=\"_blank\" href=\"https:\/\/de.statista.com\/statistik\/daten\/studie\/1045\/umfrage\/inflationsrate-in-deutschland-veraenderung-des-verbraucherpreisindexes-zum-vorjahresmonat\/\">Deutschland<\/a> und die anderen EU-Mitglieder haben sich deswegen bislang selbst wirtschaftlich enorm geschadet.<\/p>\n<p>Dass die Sanktionen ein zweischneidiges Schwert sind, haben die Europ\u00e4er allerdings sehr schnell erkannt und sofort alles darangesetzt, die wirtschaftliche Stabilit\u00e4t der EU zu st\u00e4rken. Trotzdem verzeichnen die meisten europ\u00e4ischen Volkswirtschaften einen <a rel=\"nofollow noopener\" target=\"_blank\" href=\"https:\/\/www.cnbc.com\/2022\/05\/31\/euro-zone-inflation-hits-yet-another-record-high-as-food-and-energy-prices-soar.html\">Negativrekord<\/a> nach dem anderen und steuern geradewegs auf eine wirtschaftliche Katastrophe zu, w\u00e4hrend die russische Wirtschaft relativ stabil bleibt.<\/p>\n<p>Hervorzuheben ist die <a rel=\"nofollow noopener\" target=\"_blank\" href=\"https:\/\/www.destatis.de\/DE\/Themen\/Wirtschaft\/Preise\/Verbraucherpreisindex\/_inhalt.html%20\">schwierige Lage in Deutschland<\/a>, von dem die wirtschaftliche Entwicklung in der EU abh\u00e4ngt, weil gerade die Deutschen die Hauptlast der Ausgaben innerhalb der Staatengemeinschaft tragen. Wegen der Energiekrise und der damit verbundenen \u00f6konomischen Schwierigkeiten in der Bundesrepublik sowie in anderen EU-L\u00e4ndern droht Europa der Verlust von Produktionsstandorten und damit ein schmerzhafter Prozess der Deindustrialisierung. Die Folgen davon w\u00e4ren eine dramatische Verschlechterung des Lebensstandards der Bev\u00f6lkerung und h\u00f6chst instabile soziale Verh\u00e4ltnisse, die einen enormen innenpolitischen Druck auf die jeweiligen europ\u00e4ischen Regierungen erzeugen w\u00fcrden.<\/p>\n<p>Angesichts dessen stellt sich die Frage: Richten die USA, die eindeutig die treibende Kraft hinter der antirussischen Sanktionspolitik des kollektiven Westens sind, ihren Kampf gegen Russland wom\u00f6glich auch gegen die Europ\u00e4er selbst?<\/p>\n<p>Viele Beobachter hatten den m\u00f6glichen Effekt der Russland-Sanktionen bereits vor ihrer Einf\u00fchrung erkannt. Inzwischen werden immer mehr Stimmen laut, dass die aktuelle Tendenz nicht nur zu erwarten war, sondern dass die aktuelle Entwicklung in Deutschland und anderen L\u00e4ndern von der F\u00fchrung in Washington von Anfang an sogar mit eingeplant gewesen sei. Demnach nutzten die USA den &#8220;Kampf gegen Russland&#8221; dazu, die Wirtschaftskraft Deutschlands und damit auch Europas erheblich zu schw\u00e4chen.<\/p>\n<p>Dem kann man durchaus beipflichten und sagen, dass die US-Amerikaner einen Wirtschaftskrieg gegen die EU respektive Deutschland f\u00fchren, um einen Konkurrenten auf der globalen B\u00fchne auszuschalten und daraus \u00f6konomische Vorteile zu ziehen.<br \/><strong><\/strong><\/p>\n<p><strong>Ressourcenfluss von Europa in die USA<\/strong><\/p>\n<p>Auch <a rel=\"nofollow noopener\" target=\"_blank\" href=\"https:\/\/www.youtube.com\/watch?v=i79ZdrTA1bk\">Michail Chasin<\/a>, einer der bekanntesten russischen Finanzexperten, ist der Ansicht, dass die Vereinigten Staaten vor einer schwerwiegenden Krise stehen und darum die eigene Wirtschaft auf die kommenden Herausforderungen vorbereiten wollen.<\/p>\n<p>Chasin geht davon aus, dass die US-Wirtschaft an einem Punkt angelangt sei, an dem sie ohne finanzielle Unterst\u00fctzung von au\u00dfen nicht mehr funktionieren k\u00f6nne. Dazu gef\u00fchrt haben vor allem die Finanzpolitik der US-Regierung sowie das Vorgehen der Federal Reserve Bank, der Zentralbank der USA. Diese h\u00e4tten w\u00e4hrend der Corona-Krise 2020 und 2021, so der Experte, enorme Geldmengen \u2013 damals auch als &#8220;helicopter money&#8221; bezeichnet und von vielen Analysten als die &#8220;Rettung in der Not&#8221; f\u00fcr die angeschlagenen Unternehmen angepriesen \u2013 der Wirtschaft zugef\u00fchrt und damit zugleich die Inflation im Land befeuert. (Die Auslandsverschuldung der USA hat <a rel=\"nofollow noopener\" target=\"_blank\" href=\"https:\/\/www.stern.de\/wirtschaft\/news\/finanzen--us-staatsverschuldung-mit-31-billionen-dollar-auf-rekordhoehe-32785076.html\">laut Angaben<\/a> des Magazins <em>Stern<\/em> Anfang Oktober einen neuen Rekordwert erreicht und betr\u00e4gt heute mehr als 31 Billionen Dollar.)<\/p>\n<p>Daher sei es f\u00fcr die USA dringend notwendig, meint Chasin, dass zus\u00e4tzliche Ressourcen in ihre Wirtschaft flie\u00dfen, insbesondere in den Bankensektor. Und da das Kapital von irgendwoher kommen muss, sei ein zunehmender Ressourcenfluss von Europa in die USA angesichts einer schwerwiegenden wirtschaftlichen Krise auf dem alten Kontinent zu erwarten. Denn die europ\u00e4ischen L\u00e4nder verf\u00fcgen noch \u00fcber gen\u00fcgend Ressourcen, im Gegensatz zu Entwicklungsl\u00e4ndern oder L\u00e4ndern der &#8220;Dritten Welt&#8221;, die aufgrund der Corona-Krise finanzielle Schwierigkeiten erlitten und f\u00fcr Washington daher nicht mehr in Frage k\u00e4men.<\/p>\n<p>Wer laut dem russischen Experten aber definitiv in Frage kommt, ist Deutschland, das in eine Krise ger\u00e4t und dessen Produzenten derzeit viele ihrer Vorteilen einb\u00fc\u00dfen. Damit hat er nicht Unrecht, denn die rasante Inflation und die hohen Produktionskosten zwingen Unternehmen zur Schlie\u00dfung ihrer Betriebe, und das schw\u00e4cht letzten Endes den Produktionsstandort Deutschland gegen\u00fcber der Konkurrenz.<\/p>\n<p>Viele deutsche Unternehmen haben bereits Insolvenzverfahren beantragt, und ihre Zahl wird voraussichtlich weiter zunehmen. F\u00fchrende Konzerne des Landes wie zum Beispiel <a rel=\"nofollow noopener\" target=\"_blank\" href=\"https:\/\/www.rnd.de\/wirtschaft\/volkswagen-warnt-vor-gasknappheit-verlagerung-der-produktion-in-andere-laender-moeglich-VI5BLZQYZNCIZOB7ENZ73USAHQ.html\">Volkswagen<\/a> und <a rel=\"nofollow noopener\" target=\"_blank\" href=\"https:\/\/taz.de\/Daimler-verlagert-Produktion-in-die-USA\/!5151572\/\">Daimler<\/a> denken dar\u00fcber nach oder haben bereits die Entscheidung getroffen, ihre Produktion teilweise in die USA zu verlagern. Diese aus Sicht der <a rel=\"nofollow noopener\" target=\"_blank\" href=\"https:\/\/www.reuters.com\/article\/deutschland-daimler-mercedes-benz-protes-idDEBEE5B00AH20091201\">deutschen Belegschaft<\/a> schmerzvolle Entwicklung nimmt gerade Fahrt auf und ist noch relativ langsam. Sollten aber die wirtschaftlichen Probleme in den USA eskalieren, k\u00f6nnte sich das Tempo erheblich beschleunigen.<\/p>\n<p>Inwiefern diese Tendenz bestehen bleibt und Deutschland daran kaputtgehen kann, ist fraglich. Man muss aber konstatieren, dass die Krise, in der sich das Land unl\u00e4ngst befindet, erst nach der drastischen Reduzierung der Energieimporte aus Russland entstand.<\/p>\n<p>Denn das deutsche Wirtschaftsmodell st\u00fctzt sich im Grunde auf die billigen Energietr\u00e4ger aus Russland und den Strom, der aus franz\u00f6sischen Atomkraftwerken stammt. Die Bedeutung der russischen \u00d6l- und insbesondere Gaslieferungen, die nach dem &#8220;Ausschalten&#8221; der beiden Nord-Stream-Pipelines voraussichtlich f\u00fcr eine lange Zeit enorm eingeschr\u00e4nkt werden, ist jedoch viel gr\u00f6\u00dfer. Deren langfristiger Ausfall kann eine Systemkrise ausl\u00f6sen, die f\u00fcr die deutsche Wirtschaft und indirekt auch f\u00fcr die EU-Wirtschaft verheerend w\u00e4re.<\/p>\n<p><strong>Mehr zum Thema &#8211;<\/strong>\u00a0<a rel=\"nofollow noopener\" target=\"_blank\" href=\"https:\/\/test.rtde.life\/meinung\/150192-deutschland-zahlt-fur-pax-americana\/\">Deutschland zahlt f\u00fcr Pax Americana: Chemiekonzerne und Volkswagen wandern in die USA aus<\/a><\/p>\n<\/p>\n<p><br \/>\n<br \/><a href=\"https:\/\/de.rt.com\/meinung\/151703-kampf-gegen-russland-auf-kosten-europas-teil-1\/\">Source link <\/a><\/p>\n","protected":false},"excerpt":{"rendered":"<p>Von Alexander M\u00e4nner Der vom kollektiven Westen unter F\u00fchrung der USA aufgrund des russischen Einmarsches in die Ukraine begonnene Sanktionskrieg gegen Russland geht munter weiter. Die Europ\u00e4ische Union hat inzwischen das achte Sanktionspaket verabschiedet, und bald soll ein weiteres vorbereitet werden. Die Strategie Washingtons und seiner Partner besteht darin, die russische Wirtschaft durch Beschr\u00e4nkungen zu [&hellip;]<\/p>\n","protected":false},"author":3,"featured_media":21157,"comment_status":"open","ping_status":"open","sticky":false,"template":"","format":"standard","meta":{"wp_automatic_camp":["217"],"2c5c6d9535d6990cc05f3238a7ee590a":["Kampf gegen Russland auf Kosten Europas \u2026 und auch gegen Europa? (Teil 1)"],"original_link":["https:\/\/de.rt.com\/meinung\/151703-kampf-gegen-russland-auf-kosten-europas-teil-1\/"],"_thumbnail_id":["21157"],"_wptg_p2tg_sent2tg":["2022-10-16 13:31:06"],"jnews_social_counter_last_update":["1777612011"]},"categories":[19,23],"tags":[1475,133,1370,1293,278,5522,1404,126,3240,140],"yoast_head":"<!-- This site is optimized with the Yoast SEO Premium plugin v22.7 (Yoast SEO v22.7) - https:\/\/yoast.com\/wordpress\/plugins\/seo\/ -->\n<title>Kampf gegen Russland auf Kosten Europas \u2026 und auch gegen Europa? (Teil 1) - just-now.NEWS Deutschland<\/title>\n<meta name=\"robots\" content=\"index, follow, max-snippet:-1, max-image-preview:large, max-video-preview:-1\" \/>\n<link rel=\"canonical\" href=\"https:\/\/now-news.de\/de\/deutschland\/kampf-gegen-russland-auf-kosten-europas-und-auch-gegen-europa-teil-1\/\" \/>\n<meta property=\"og:locale\" content=\"de_DE\" \/>\n<meta property=\"og:type\" content=\"article\" \/>\n<meta property=\"og:title\" content=\"Kampf gegen Russland auf Kosten Europas \u2026 und auch gegen Europa? (Teil 1)\" \/>\n<meta property=\"og:description\" content=\"Von Alexander M\u00e4nner Der vom kollektiven Westen unter F\u00fchrung der USA aufgrund des russischen Einmarsches in die Ukraine begonnene Sanktionskrieg gegen Russland geht munter weiter. Die Europ\u00e4ische Union hat inzwischen das achte Sanktionspaket verabschiedet, und bald soll ein weiteres vorbereitet werden. Die Strategie Washingtons und seiner Partner besteht darin, die russische Wirtschaft durch Beschr\u00e4nkungen zu [&hellip;]\" \/>\n<meta property=\"og:url\" content=\"https:\/\/now-news.de\/de\/deutschland\/kampf-gegen-russland-auf-kosten-europas-und-auch-gegen-europa-teil-1\/\" \/>\n<meta property=\"og:site_name\" content=\"just-now.NEWS Deutschland\" \/>\n<meta property=\"article:publisher\" content=\"https:\/\/www.facebook.com\/wirmachenauf\" \/>\n<meta property=\"article:published_time\" content=\"2022-10-16T11:22:35+00:00\" \/>\n<meta property=\"og:image\" content=\"https:\/\/now-news.de\/de\/wp-content\/uploads\/sites\/3\/2022\/10\/Kampf-gegen-Russland-auf-Kosten-Europas-\u2026-und-auch-gegen.jpg\" \/>\n\t<meta property=\"og:image:width\" content=\"460\" \/>\n\t<meta property=\"og:image:height\" content=\"259\" \/>\n\t<meta property=\"og:image:type\" content=\"image\/jpeg\" \/>\n<meta name=\"author\" content=\"rtnews\" \/>\n<meta name=\"twitter:card\" content=\"summary_large_image\" \/>\n<meta name=\"twitter:creator\" content=\"@WirMachenAuf_de\" \/>\n<meta name=\"twitter:site\" content=\"@WirMachenAuf_de\" \/>\n<meta name=\"twitter:label1\" content=\"Verfasst von\" \/>\n\t<meta name=\"twitter:data1\" content=\"rtnews\" \/>\n\t<meta name=\"twitter:label2\" content=\"Gesch\u00e4tzte Lesezeit\" \/>\n\t<meta name=\"twitter:data2\" content=\"5\u00a0Minuten\" \/>\n<script type=\"application\/ld+json\" class=\"yoast-schema-graph\">{\"@context\":\"https:\/\/schema.org\",\"@graph\":[{\"@type\":\"Article\",\"@id\":\"https:\/\/now-news.de\/de\/deutschland\/kampf-gegen-russland-auf-kosten-europas-und-auch-gegen-europa-teil-1\/#article\",\"isPartOf\":{\"@id\":\"https:\/\/now-news.de\/de\/deutschland\/kampf-gegen-russland-auf-kosten-europas-und-auch-gegen-europa-teil-1\/\"},\"author\":{\"name\":\"rtnews\",\"@id\":\"https:\/\/now-news.de\/de\/#\/schema\/person\/fb534a4e865501d8b3285208df34a9b5\"},\"headline\":\"Kampf gegen Russland auf Kosten Europas \u2026 und auch gegen Europa? (Teil 1)\",\"datePublished\":\"2022-10-16T11:22:35+00:00\",\"dateModified\":\"2022-10-16T11:22:35+00:00\",\"mainEntityOfPage\":{\"@id\":\"https:\/\/now-news.de\/de\/deutschland\/kampf-gegen-russland-auf-kosten-europas-und-auch-gegen-europa-teil-1\/\"},\"wordCount\":947,\"commentCount\":0,\"publisher\":{\"@id\":\"https:\/\/now-news.de\/de\/#organization\"},\"image\":{\"@id\":\"https:\/\/now-news.de\/de\/deutschland\/kampf-gegen-russland-auf-kosten-europas-und-auch-gegen-europa-teil-1\/#primaryimage\"},\"thumbnailUrl\":\"https:\/\/now-news.de\/de\/wp-content\/uploads\/sites\/3\/2022\/10\/Kampf-gegen-Russland-auf-Kosten-Europas-\u2026-und-auch-gegen.jpg\",\"keywords\":[\"auch\",\"AUF\",\"Europa\",\"Europas\",\"gegen\",\"Kampf\",\"Kosten\",\"russland\",\"Teil\",\"und\"],\"articleSection\":[\"Deutschland\",\"Russland\"],\"inLanguage\":\"de\",\"potentialAction\":[{\"@type\":\"CommentAction\",\"name\":\"Comment\",\"target\":[\"https:\/\/now-news.de\/de\/deutschland\/kampf-gegen-russland-auf-kosten-europas-und-auch-gegen-europa-teil-1\/#respond\"]}]},{\"@type\":\"WebPage\",\"@id\":\"https:\/\/now-news.de\/de\/deutschland\/kampf-gegen-russland-auf-kosten-europas-und-auch-gegen-europa-teil-1\/\",\"url\":\"https:\/\/now-news.de\/de\/deutschland\/kampf-gegen-russland-auf-kosten-europas-und-auch-gegen-europa-teil-1\/\",\"name\":\"Kampf gegen Russland auf Kosten Europas \u2026 und auch gegen Europa? (Teil 1) - just-now.NEWS Deutschland\",\"isPartOf\":{\"@id\":\"https:\/\/now-news.de\/de\/#website\"},\"primaryImageOfPage\":{\"@id\":\"https:\/\/now-news.de\/de\/deutschland\/kampf-gegen-russland-auf-kosten-europas-und-auch-gegen-europa-teil-1\/#primaryimage\"},\"image\":{\"@id\":\"https:\/\/now-news.de\/de\/deutschland\/kampf-gegen-russland-auf-kosten-europas-und-auch-gegen-europa-teil-1\/#primaryimage\"},\"thumbnailUrl\":\"https:\/\/now-news.de\/de\/wp-content\/uploads\/sites\/3\/2022\/10\/Kampf-gegen-Russland-auf-Kosten-Europas-\u2026-und-auch-gegen.jpg\",\"datePublished\":\"2022-10-16T11:22:35+00:00\",\"dateModified\":\"2022-10-16T11:22:35+00:00\",\"breadcrumb\":{\"@id\":\"https:\/\/now-news.de\/de\/deutschland\/kampf-gegen-russland-auf-kosten-europas-und-auch-gegen-europa-teil-1\/#breadcrumb\"},\"inLanguage\":\"de\",\"potentialAction\":[{\"@type\":\"ReadAction\",\"target\":[\"https:\/\/now-news.de\/de\/deutschland\/kampf-gegen-russland-auf-kosten-europas-und-auch-gegen-europa-teil-1\/\"]}]},{\"@type\":\"ImageObject\",\"inLanguage\":\"de\",\"@id\":\"https:\/\/now-news.de\/de\/deutschland\/kampf-gegen-russland-auf-kosten-europas-und-auch-gegen-europa-teil-1\/#primaryimage\",\"url\":\"https:\/\/now-news.de\/de\/wp-content\/uploads\/sites\/3\/2022\/10\/Kampf-gegen-Russland-auf-Kosten-Europas-\u2026-und-auch-gegen.jpg\",\"contentUrl\":\"https:\/\/now-news.de\/de\/wp-content\/uploads\/sites\/3\/2022\/10\/Kampf-gegen-Russland-auf-Kosten-Europas-\u2026-und-auch-gegen.jpg\",\"width\":460,\"height\":259,\"caption\":\"Kampf gegen Russland auf Kosten Europas \u2026 und auch gegen Europa? (Teil 1)\"},{\"@type\":\"BreadcrumbList\",\"@id\":\"https:\/\/now-news.de\/de\/deutschland\/kampf-gegen-russland-auf-kosten-europas-und-auch-gegen-europa-teil-1\/#breadcrumb\",\"itemListElement\":[{\"@type\":\"ListItem\",\"position\":1,\"name\":\"Home\",\"item\":\"https:\/\/now-news.de\/de\/\"},{\"@type\":\"ListItem\",\"position\":2,\"name\":\"Kampf gegen Russland auf Kosten Europas \u2026 und auch gegen Europa? (Teil 1)\"}]},{\"@type\":\"WebSite\",\"@id\":\"https:\/\/now-news.de\/de\/#website\",\"url\":\"https:\/\/now-news.de\/de\/\",\"name\":\"just-now.NEWS Deutschland\",\"description\":\"Das Portal f\u00fcr unzensierte Nachrichten aus der Welt\",\"publisher\":{\"@id\":\"https:\/\/now-news.de\/de\/#organization\"},\"potentialAction\":[{\"@type\":\"SearchAction\",\"target\":{\"@type\":\"EntryPoint\",\"urlTemplate\":\"https:\/\/now-news.de\/de\/?s={search_term_string}\"},\"query-input\":\"required name=search_term_string\"}],\"inLanguage\":\"de\"},{\"@type\":\"Organization\",\"@id\":\"https:\/\/now-news.de\/de\/#organization\",\"name\":\"Just Now News\",\"url\":\"https:\/\/now-news.de\/de\/\",\"logo\":{\"@type\":\"ImageObject\",\"inLanguage\":\"de\",\"@id\":\"https:\/\/now-news.de\/de\/#\/schema\/logo\/image\/\",\"url\":\"http:\/\/just-now.news\/de\/wp-content\/uploads\/sites\/3\/2022\/04\/logo500x500.jpg\",\"contentUrl\":\"http:\/\/just-now.news\/de\/wp-content\/uploads\/sites\/3\/2022\/04\/logo500x500.jpg\",\"width\":500,\"height\":500,\"caption\":\"Just Now News\"},\"image\":{\"@id\":\"https:\/\/now-news.de\/de\/#\/schema\/logo\/image\/\"},\"sameAs\":[\"https:\/\/www.facebook.com\/wirmachenauf\",\"https:\/\/x.com\/WirMachenAuf_de\"]},{\"@type\":\"Person\",\"@id\":\"https:\/\/now-news.de\/de\/#\/schema\/person\/fb534a4e865501d8b3285208df34a9b5\",\"name\":\"rtnews\",\"image\":{\"@type\":\"ImageObject\",\"inLanguage\":\"de\",\"@id\":\"https:\/\/now-news.de\/de\/#\/schema\/person\/image\/\",\"url\":\"https:\/\/secure.gravatar.com\/avatar\/82aafea7d8127119dd649515f56e2117?s=96&d=mm&r=g\",\"contentUrl\":\"https:\/\/secure.gravatar.com\/avatar\/82aafea7d8127119dd649515f56e2117?s=96&d=mm&r=g\",\"caption\":\"rtnews\"},\"url\":\"https:\/\/now-news.de\/de\/author\/rnews\/\"}]}<\/script>\n<!-- \/ Yoast SEO Premium plugin. -->","yoast_head_json":{"title":"Kampf gegen Russland auf Kosten Europas \u2026 und auch gegen Europa? (Teil 1) - just-now.NEWS Deutschland","robots":{"index":"index","follow":"follow","max-snippet":"max-snippet:-1","max-image-preview":"max-image-preview:large","max-video-preview":"max-video-preview:-1"},"canonical":"https:\/\/now-news.de\/de\/deutschland\/kampf-gegen-russland-auf-kosten-europas-und-auch-gegen-europa-teil-1\/","og_locale":"de_DE","og_type":"article","og_title":"Kampf gegen Russland auf Kosten Europas \u2026 und auch gegen Europa? (Teil 1)","og_description":"Von Alexander M\u00e4nner Der vom kollektiven Westen unter F\u00fchrung der USA aufgrund des russischen Einmarsches in die Ukraine begonnene Sanktionskrieg gegen Russland geht munter weiter. Die Europ\u00e4ische Union hat inzwischen das achte Sanktionspaket verabschiedet, und bald soll ein weiteres vorbereitet werden. Die Strategie Washingtons und seiner Partner besteht darin, die russische Wirtschaft durch Beschr\u00e4nkungen zu [&hellip;]","og_url":"https:\/\/now-news.de\/de\/deutschland\/kampf-gegen-russland-auf-kosten-europas-und-auch-gegen-europa-teil-1\/","og_site_name":"just-now.NEWS Deutschland","article_publisher":"https:\/\/www.facebook.com\/wirmachenauf","article_published_time":"2022-10-16T11:22:35+00:00","og_image":[{"width":460,"height":259,"url":"https:\/\/now-news.de\/de\/wp-content\/uploads\/sites\/3\/2022\/10\/Kampf-gegen-Russland-auf-Kosten-Europas-\u2026-und-auch-gegen.jpg","type":"image\/jpeg"}],"author":"rtnews","twitter_card":"summary_large_image","twitter_creator":"@WirMachenAuf_de","twitter_site":"@WirMachenAuf_de","twitter_misc":{"Verfasst von":"rtnews","Gesch\u00e4tzte Lesezeit":"5\u00a0Minuten"},"schema":{"@context":"https:\/\/schema.org","@graph":[{"@type":"Article","@id":"https:\/\/now-news.de\/de\/deutschland\/kampf-gegen-russland-auf-kosten-europas-und-auch-gegen-europa-teil-1\/#article","isPartOf":{"@id":"https:\/\/now-news.de\/de\/deutschland\/kampf-gegen-russland-auf-kosten-europas-und-auch-gegen-europa-teil-1\/"},"author":{"name":"rtnews","@id":"https:\/\/now-news.de\/de\/#\/schema\/person\/fb534a4e865501d8b3285208df34a9b5"},"headline":"Kampf gegen Russland auf Kosten Europas \u2026 und auch gegen Europa? (Teil 1)","datePublished":"2022-10-16T11:22:35+00:00","dateModified":"2022-10-16T11:22:35+00:00","mainEntityOfPage":{"@id":"https:\/\/now-news.de\/de\/deutschland\/kampf-gegen-russland-auf-kosten-europas-und-auch-gegen-europa-teil-1\/"},"wordCount":947,"commentCount":0,"publisher":{"@id":"https:\/\/now-news.de\/de\/#organization"},"image":{"@id":"https:\/\/now-news.de\/de\/deutschland\/kampf-gegen-russland-auf-kosten-europas-und-auch-gegen-europa-teil-1\/#primaryimage"},"thumbnailUrl":"https:\/\/now-news.de\/de\/wp-content\/uploads\/sites\/3\/2022\/10\/Kampf-gegen-Russland-auf-Kosten-Europas-\u2026-und-auch-gegen.jpg","keywords":["auch","AUF","Europa","Europas","gegen","Kampf","Kosten","russland","Teil","und"],"articleSection":["Deutschland","Russland"],"inLanguage":"de","potentialAction":[{"@type":"CommentAction","name":"Comment","target":["https:\/\/now-news.de\/de\/deutschland\/kampf-gegen-russland-auf-kosten-europas-und-auch-gegen-europa-teil-1\/#respond"]}]},{"@type":"WebPage","@id":"https:\/\/now-news.de\/de\/deutschland\/kampf-gegen-russland-auf-kosten-europas-und-auch-gegen-europa-teil-1\/","url":"https:\/\/now-news.de\/de\/deutschland\/kampf-gegen-russland-auf-kosten-europas-und-auch-gegen-europa-teil-1\/","name":"Kampf gegen Russland auf Kosten Europas \u2026 und auch gegen Europa? (Teil 1) - just-now.NEWS Deutschland","isPartOf":{"@id":"https:\/\/now-news.de\/de\/#website"},"primaryImageOfPage":{"@id":"https:\/\/now-news.de\/de\/deutschland\/kampf-gegen-russland-auf-kosten-europas-und-auch-gegen-europa-teil-1\/#primaryimage"},"image":{"@id":"https:\/\/now-news.de\/de\/deutschland\/kampf-gegen-russland-auf-kosten-europas-und-auch-gegen-europa-teil-1\/#primaryimage"},"thumbnailUrl":"https:\/\/now-news.de\/de\/wp-content\/uploads\/sites\/3\/2022\/10\/Kampf-gegen-Russland-auf-Kosten-Europas-\u2026-und-auch-gegen.jpg","datePublished":"2022-10-16T11:22:35+00:00","dateModified":"2022-10-16T11:22:35+00:00","breadcrumb":{"@id":"https:\/\/now-news.de\/de\/deutschland\/kampf-gegen-russland-auf-kosten-europas-und-auch-gegen-europa-teil-1\/#breadcrumb"},"inLanguage":"de","potentialAction":[{"@type":"ReadAction","target":["https:\/\/now-news.de\/de\/deutschland\/kampf-gegen-russland-auf-kosten-europas-und-auch-gegen-europa-teil-1\/"]}]},{"@type":"ImageObject","inLanguage":"de","@id":"https:\/\/now-news.de\/de\/deutschland\/kampf-gegen-russland-auf-kosten-europas-und-auch-gegen-europa-teil-1\/#primaryimage","url":"https:\/\/now-news.de\/de\/wp-content\/uploads\/sites\/3\/2022\/10\/Kampf-gegen-Russland-auf-Kosten-Europas-\u2026-und-auch-gegen.jpg","contentUrl":"https:\/\/now-news.de\/de\/wp-content\/uploads\/sites\/3\/2022\/10\/Kampf-gegen-Russland-auf-Kosten-Europas-\u2026-und-auch-gegen.jpg","width":460,"height":259,"caption":"Kampf gegen Russland auf Kosten Europas \u2026 und auch gegen Europa? (Teil 1)"},{"@type":"BreadcrumbList","@id":"https:\/\/now-news.de\/de\/deutschland\/kampf-gegen-russland-auf-kosten-europas-und-auch-gegen-europa-teil-1\/#breadcrumb","itemListElement":[{"@type":"ListItem","position":1,"name":"Home","item":"https:\/\/now-news.de\/de\/"},{"@type":"ListItem","position":2,"name":"Kampf gegen Russland auf Kosten Europas \u2026 und auch gegen Europa? (Teil 1)"}]},{"@type":"WebSite","@id":"https:\/\/now-news.de\/de\/#website","url":"https:\/\/now-news.de\/de\/","name":"just-now.NEWS Deutschland","description":"Das Portal f\u00fcr unzensierte Nachrichten aus der Welt","publisher":{"@id":"https:\/\/now-news.de\/de\/#organization"},"potentialAction":[{"@type":"SearchAction","target":{"@type":"EntryPoint","urlTemplate":"https:\/\/now-news.de\/de\/?s={search_term_string}"},"query-input":"required name=search_term_string"}],"inLanguage":"de"},{"@type":"Organization","@id":"https:\/\/now-news.de\/de\/#organization","name":"Just Now News","url":"https:\/\/now-news.de\/de\/","logo":{"@type":"ImageObject","inLanguage":"de","@id":"https:\/\/now-news.de\/de\/#\/schema\/logo\/image\/","url":"http:\/\/just-now.news\/de\/wp-content\/uploads\/sites\/3\/2022\/04\/logo500x500.jpg","contentUrl":"http:\/\/just-now.news\/de\/wp-content\/uploads\/sites\/3\/2022\/04\/logo500x500.jpg","width":500,"height":500,"caption":"Just Now News"},"image":{"@id":"https:\/\/now-news.de\/de\/#\/schema\/logo\/image\/"},"sameAs":["https:\/\/www.facebook.com\/wirmachenauf","https:\/\/x.com\/WirMachenAuf_de"]},{"@type":"Person","@id":"https:\/\/now-news.de\/de\/#\/schema\/person\/fb534a4e865501d8b3285208df34a9b5","name":"rtnews","image":{"@type":"ImageObject","inLanguage":"de","@id":"https:\/\/now-news.de\/de\/#\/schema\/person\/image\/","url":"https:\/\/secure.gravatar.com\/avatar\/82aafea7d8127119dd649515f56e2117?s=96&d=mm&r=g","contentUrl":"https:\/\/secure.gravatar.com\/avatar\/82aafea7d8127119dd649515f56e2117?s=96&d=mm&r=g","caption":"rtnews"},"url":"https:\/\/now-news.de\/de\/author\/rnews\/"}]}},"_links":{"self":[{"href":"https:\/\/now-news.de\/de\/wp-json\/wp\/v2\/posts\/21156"}],"collection":[{"href":"https:\/\/now-news.de\/de\/wp-json\/wp\/v2\/posts"}],"about":[{"href":"https:\/\/now-news.de\/de\/wp-json\/wp\/v2\/types\/post"}],"author":[{"embeddable":true,"href":"https:\/\/now-news.de\/de\/wp-json\/wp\/v2\/users\/3"}],"replies":[{"embeddable":true,"href":"https:\/\/now-news.de\/de\/wp-json\/wp\/v2\/comments?post=21156"}],"version-history":[{"count":0,"href":"https:\/\/now-news.de\/de\/wp-json\/wp\/v2\/posts\/21156\/revisions"}],"wp:featuredmedia":[{"embeddable":true,"href":"https:\/\/now-news.de\/de\/wp-json\/wp\/v2\/media\/21157"}],"wp:attachment":[{"href":"https:\/\/now-news.de\/de\/wp-json\/wp\/v2\/media?parent=21156"}],"wp:term":[{"taxonomy":"category","embeddable":true,"href":"https:\/\/now-news.de\/de\/wp-json\/wp\/v2\/categories?post=21156"},{"taxonomy":"post_tag","embeddable":true,"href":"https:\/\/now-news.de\/de\/wp-json\/wp\/v2\/tags?post=21156"}],"curies":[{"name":"wp","href":"https:\/\/api.w.org\/{rel}","templated":true}]}}