{"id":21093,"date":"2022-10-15T11:02:06","date_gmt":"2022-10-15T09:02:06","guid":{"rendered":"http:\/\/just-now.news\/de\/deutschland\/neue-bmg-kampagne-ich-schuetze-mich-ja-ich-auch-vor-karl-lauterbach-und-margarete-stokowski\/"},"modified":"2022-10-15T11:02:06","modified_gmt":"2022-10-15T09:02:06","slug":"neue-bmg-kampagne-ich-schuetze-mich-ja-ich-auch-vor-karl-lauterbach-und-margarete-stokowski","status":"publish","type":"post","link":"https:\/\/now-news.de\/de\/deutschland\/neue-bmg-kampagne-ich-schuetze-mich-ja-ich-auch-vor-karl-lauterbach-und-margarete-stokowski\/","title":{"rendered":"Neue BMG-Kampagne: &quot;Ich sch\u00fctze mich&quot; &#8211; ja, ich auch! Vor Karl Lauterbach und Margarete Stokowski"},"content":{"rendered":"<p><img decoding=\"async\" src=\"http:\/\/just-now.news\/de\/wp-content\/uploads\/sites\/3\/2022\/10\/634a564db480cc4a840d6f8e.png\" \/><\/p>\n<p><em>Von Bernhard Loyen<\/em><\/p>\n<p>Es war eine beeindruckende Veranstaltung am 14. Oktober in Berlin. Gesundheitsminister Lauterbach lud die Hauptstadtpresse zur Vorstellung einer weiteren Impfkampagne des Bundesgesundheitsministeriums (BMG). Der Minister wie immer ambitioniert, gestikulierend und zu Beginn gewohnt mahnend:<\/p>\n<blockquote>\n<p><em>&#8220;Wir leben in der Zeit der gro\u00dfen Krisen, und jetzt kommt auch noch die COVID-Pandemie zur\u00fcck, die war nie beendet.&#8221;<\/em><\/p>\n<\/blockquote>\n<p>Dar\u00fcber l\u00e4sst sich diskutieren, aber Lauterbach wusste, dass die anwesenden Journalisten erneut keine Gefahr darstellen werden. Die neue Kampagne des BMG musste also vorgestellt werden. Diese w\u00fcrde &#8220;das Impfen, wie aber auch den Schutz vor der Pandemie&#8221; betreffen, so der Minister.<\/p>\n<p>Zur Verst\u00e4rkung, als beabsichtigte Realdarstellung und Mahnung vor Corona-Ereignissen, holte sich der Gesundheitsminister die <em>Spiegel<\/em>-Kolumnistin Margarete Stokowski mit in die Veranstaltung. Die Autorin leidet nach Eigenauskunft an &#8220;Long Covid&#8221;. Zwei W\u00f6rter, die noch h\u00e4ufiger von Lauterbach ausgesprochen werden als die Begriffe &#8220;Studie&#8221; oder &#8220;Paxlovid&#8221;. Warum das Presseteam dachte, dass dies eine gute Idee sei, wissen nur Lauterbach und seine engsten Mitarbeiter.<\/p>\n<p>Nach obligatorischer und langatmig-worth\u00fclsenreicher Einf\u00fchrung in die Tagesthematik durfte Frau Stokowski sich und Long Covid erkl\u00e4ren. Sie erkl\u00e4rte einleitend:<\/p>\n<blockquote>\n<p><em>&#8220;Ich bin hier heute das Abschreckungsbeispiel. Ich bin Autorin, beziehungsweise, ich war es vorher. Ich war dreimal geimpft. Ich war ziemlich frisch geboostert, und seitdem bin ich krank.&#8221;<\/em><\/p>\n<\/blockquote>\n<p>Long Covid w\u00fcrde jetzt ihr Leben bestimmen. Sie h\u00e4tte &#8220;keine relevanten Vorerkrankungen&#8221;, berichtet die Autorin, daf\u00fcr aber &#8220;krasse Kopfschmerzen, Schwindel, Kribbeln, Konzentrationsst\u00f6rungen, Herzrasen, wie bei einem Infarkt&#8221;. Chronische M\u00fcdigkeit. Es f\u00e4llt der Begriff &#8220;Brainfog&#8221; (Hirnnebel). Sie moniert gegen\u00fcber den still lauschenden Journalisten, dass zu h\u00e4ufig Long Covid mit Burn-out oder Depression gleichgesetzt werde. &#8220;Beides habe ich nicht&#8221;, erkl\u00e4rt sie, mit leicht emp\u00f6rtem bis genervtem Unterton. Als Medikamente h\u00e4tte sie nur Schilddr\u00fcsenprodukte genommen, wie das so viele Frauen t\u00e4ten.<\/p>\n<p><strong>Eine Spurensuche<\/strong><\/p>\n<p>Die aktuelle Diskussion um Long Covid geht verk\u00fcrzt darum, ob sich das Ereignis vollkommen neu in ein Leben schleicht, oder ob die\/der Betroffene schon Monate oder Jahre zuvor an der beeindruckenden <a rel=\"nofollow noopener\" target=\"_blank\" href=\"https:\/\/www.tk.de\/techniker\/gesundheit-und-medizin\/behandlungen-und-medizin\/infektionen\/corona-virus\/long-covid-2102262?tkcm=ab\">Liste<\/a> von Symptomen litt. Insgesamt sind \u00fcber 200 Symptome als m\u00f6gliche Long-Covid-Beschwerden in der Wissenschaft beschrieben.<\/p>\n<p>H\u00e4kchen Nummer eins &#8211; <a rel=\"nofollow noopener\" target=\"_blank\" href=\"https:\/\/twitter.com\/marga_owski\/status\/1435652263943540738\">Burn-Out<\/a>: Am 8. September 2021 twittert Frau Stokowski: &#8220;Heute vor 5 Jahren ist &#8216;Untenrum frei&#8217; [ihr erstes Buch] erschienen, d.h. heute vor 5 Jahren &amp; paar Wochen hab ich abgegeben &amp; hatte Burnout from hell [\u2026]&#8221;.<\/p>\n<p>H\u00e4kchen Nummer zwei &#8211; <a rel=\"nofollow noopener\" target=\"_blank\" href=\"https:\/\/www.spiegel.de\/kultur\/corona-pandemie-was-wir-von-depressiven-lernen-koennen-a-93f4e953-d48d-45e4-bbf8-8426376a5bbc\">Depression<\/a>: Am 15. Dezember 2020 wird eine von Stokowskis Kolumnen f\u00fcr den <em>Spiegel<\/em> ver\u00f6ffentlicht. Der Titel: &#8220;Leben mit der Pandemie &#8211; Was wir von Depressiven lernen k\u00f6nnen&#8221;. Im Text schreibt die Autorin:<\/p>\n<blockquote>\n<p><em>&#8220;Denn viele Menschen, die jahre- oder jahrzehntelange Erfahrung im Umgang mit Depressionen haben \u2013 ich geh\u00f6re dazu \u2013, verf\u00fcgen \u00fcber ein ziemlich gro\u00dfes Repertoire an F\u00e4higkeiten, die man einsetzen kann, wenn man das Gef\u00fchl hat, dass eigentlich gar nichts mehr geht.&#8221;<\/em><\/p>\n<\/blockquote>\n<p>Erfahrungen aus dem Bekanntenkreis? Am 16. September 2022 <a rel=\"nofollow noopener\" target=\"_blank\" href=\"https:\/\/twitter.com\/marga_owski\/status\/1570720467170004994\">twittert<\/a> Stokowski: &#8220;\u2026als das 1. Buch rauskam hatte ich selber eine schlimme lange Depression und war in so einem Robotermodus [\u2026]&#8221;. Da machen weitere Ausz\u00fcge aus dem <em>Spiegel<\/em>-Artikel vom Dezember 2020 gleich mehr Sinn. Diese lauten:<\/p>\n<blockquote>\n<p><em>&#8220;Wenn man schon mal eine l\u00e4ngere Depression hatte, kennt man das Gef\u00fchl, dass sich nichts zum Besseren ver\u00e4ndert. Wenn man schon \u00f6fter eine solche Depression hatte, hat man einen einzigen Vorteil: Man wei\u00df, dass man da h\u00f6chstwahrscheinlich auch wieder rauskommt.&#8221;<\/em><\/p>\n<\/blockquote>\n<p>Twitter-Text vom 11. Januar 2022: &#8220;<a rel=\"nofollow noopener\" target=\"_blank\" href=\"https:\/\/twitter.com\/marga_owski\/status\/1480909819632574469\">mein Gehirn<\/a>: hold my Antidepressiva und Schlaftabletten&#8221;.<\/p>\n<p>H\u00e4kchen Nummer drei &#8211; Long-Covid-Symptomatik und die <a rel=\"nofollow noopener\" target=\"_blank\" href=\"https:\/\/www.usz.ch\/krankheit\/schilddruesenueberfunktion\/\">Schilddr\u00fcse<\/a>: Die Schilddr\u00fcsen\u00fcberfunktion ist ein bekanntes Ph\u00e4nomen bei Frauen. Folgende Begleiterscheinungen sind bekannt: Nervosit\u00e4t, Unruhe, Gereiztheit, Stimmungsschwankungen, Zittern und Bluthochdruck.<\/p>\n<p>H\u00e4kchen Nummer vier &#8211; &#8220;krasse Kopfschmerzen&#8221; und generelle <a rel=\"nofollow noopener\" target=\"_blank\" href=\"https:\/\/twitter.com\/marga_owski\/status\/1334598803370946560?lang=de\">Leidensf\u00e4higkeit<\/a>: Am 3. Dezember 2020\u00a0teilt die sehr mitteilsame Stokowski auf Twitter ihren weit \u00fcber 150.000 Followern mit: &#8220;diese Woche schon Migr\u00e4ne &amp; Lebensmittelvergiftung gehabt aber wenn jemand schreibt &#8216;wie gehts&#8217; antworte ich mit Links wegen Sehnenscheidenentz\u00fcndung&#8221;.<\/p>\n<p>Um dem BMG-PR-Desaster namens Stokowski die ber\u00fchmte Krone aufzusetzen, folgt die finale aufschlussreiche Twitter-<a rel=\"nofollow noopener\" target=\"_blank\" href=\"https:\/\/twitter.com\/marga_owski\/status\/1566462145604231169\">Information<\/a>:<\/p>\n<blockquote>\n<p><em>&#8220;[&#8230;] ich hab gegen Z\u00e4hneknirschen\/Kopfschmerzen mir das Maul botoxen lassen (350\u20ac) und weil das funktioniert hat, neulich auch noch die Stirn (240\u20ac) weil ich einfach seit Januar JEDEN Tag krasse Kopfschmerzen hatte.&#8221;<\/em><\/p>\n<\/blockquote>\n<p>Da sa\u00df sie nun, in einem T-Shirt mit dem Aufdruck &#8220;Ich liebe Botox&#8221;, und wurde von allen doch mehr oder weniger bemitleidet, bis eine <em>ZDF<\/em>-Journalistin die BMG-Pressestelle zum wohlverdienten spontanen Migr\u00e4neanfall brachte. Stokowski wurde gefragt, ob sie sich &#8211; dreifach geboostert und trotzdem positiv auf Corona getestet &#8211; dies erkl\u00e4ren k\u00f6nnte, um sich gleichzeitig trotzdem f\u00fcr Impfungen einzusetzen. &#8220;Haben Sie da nicht einen Zweifel?&#8221;<\/p>\n<p>In diesem Moment wirkt die PR-Dame des BMG aufrichtig m\u00fcde. Sie antwortet: &#8220;Keine Ahnung. Kann ich mir nicht erkl\u00e4ren.&#8221;<\/p>\n<div class=\"EmbedBlock-root EmbedBlock-twitter\">\n<div class=\"TwitterEmbed\">\n<blockquote class=\"twitter-tweet lazyload\" data-twitter=\"twitter-tweet\">\n<p lang=\"de\" dir=\"ltr\">Ich bin froh wenn die Maskenpflicht in Innenr\u00e4umen wieder eingef\u00fchrt wird. Das ist doch Satire wenn man da ohne Maske &#8211; als gebranntes Kind &#8211; sitzt. Da muss doch Satire sein. <a rel=\"nofollow noopener\" target=\"_blank\" href=\"https:\/\/t.co\/bWMwYSHzPD\">pic.twitter.com\/bWMwYSHzPD<\/a><\/p>\n<p>\u2014 Liberal Mut ???????? (@LiberalMut) <a rel=\"nofollow noopener\" target=\"_blank\" href=\"https:\/\/twitter.com\/LiberalMut\/status\/1580893943708778496?ref_src=twsrc%5Etfw\">October 14, 2022<\/a><\/p><\/blockquote><\/div><\/div>\n<p>Herr Lauterbachs Mimik war leider hinter der FFP2-Maske versteckt.\u00a0Unreflektiert schlie\u00dft ihre Antwort mit der Aufforderung: &#8220;Ich w\u00fcrde trotzdem allen Leuten raten, sich impfen zu lassen.&#8221; F\u00fcr Masken in Innenr\u00e4umen sei sie sowieso, obwohl sie sich sicher sei, &#8220;dass ich mich drau\u00dfen angesteckt habe&#8221;. Und da in diesem Moment auch das letzte Pulver verschossen werden musste, <a rel=\"nofollow noopener\" target=\"_blank\" href=\"https:\/\/twitter.com\/LiberalMut\/status\/1580893943708778496\">rate sie<\/a> allen B\u00fcrgern an, auch drau\u00dfen eine Maske zu tragen.<\/p>\n<p>Frau Stokowski kennt \u00fcberraschenderweise auch Schamgef\u00fchl. Im April 2021 war das bei ihr der\u00a0 &#8220;Impfscham&#8221;, im Rahmen einer &#8220;<a rel=\"nofollow noopener\" target=\"_blank\" href=\"https:\/\/www.spiegel.de\/kultur\/margarete-stokowski-ueber-corona-neid-ich-wurde-geimpft-a-0adb9e32-37ba-4429-8d1f-480bdd75670c\">Neiddebatte<\/a>&#8221; um potentielle Impftermine. Den erhaltenen Wirkstoff nannte sie am 23. April 2021: &#8220;<a rel=\"nofollow noopener\" target=\"_blank\" href=\"https:\/\/twitter.com\/marga_owski\/status\/1385571504109260801?lang=ca\">bester Saft<\/a>&#8220;. Wer ihr politisch nicht passt, dem w\u00fcnscht man auch mal Krankheiten an den Hals. Geschehen im Oktober 2020: &#8220;Darf man <a rel=\"nofollow noopener\" target=\"_blank\" href=\"https:\/\/twitter.com\/_donalphonso\/status\/1580844458723053570\">sich freuen<\/a> wenn Trump Corona hat \u2013 \u00e4h nein man muss.&#8221; Nun w\u00fcnscht man ihr aktuell pers\u00f6nlich nicht das Post-Vac-Syndrom, als m\u00f6gliche Realit\u00e4t. Man freut sich auch nicht \u00fcber ihre \u00f6ffentlich ausgelebten Krankheitsbilder.<\/p>\n<p>Ob jedoch jemals ein chronisch leidender Mitb\u00fcrger mit nachweislichen massiven COVID-Impfnebenwirkungen von Karl Lauterbach \u00e4hnliche Aufmerksamkeit erfahren wird, scheint mehr als unwahrscheinlich.<\/p>\n<p>Menschen, die sich jetzt jedoch am\u00fcsiert bis ver\u00e4rgert \u00fcber\u00a0Stokowskis Auftritt und ihre Twitter-Realit\u00e4ten \u00e4u\u00dfern, <a rel=\"nofollow noopener\" target=\"_blank\" href=\"https:\/\/twitter.com\/marga_owski\/status\/1580984183245402112\">beschimpft sie<\/a>: &#8220;also selbstredend verachte ich die ganzen ableistischen, misogynen, faschistischen V\u00f6gel, die mich mit Hass \u00fcberziehen wollen&#8221;. Mit Hass oder Realit\u00e4ten und Widerspr\u00fcchen konfrontieren? Frau Stokowski sollte f\u00fcr das BMG und vor allem Herrn Lauterbach eine glaubw\u00fcrdige und seri\u00f6se B\u00fcrgerin nach au\u00dfen darstellen. Beide verdr\u00e4ngten dabei jedoch erneut ihre jeweilige Au\u00dfenwirkung zum Thema Glaubw\u00fcrdigkeit. Es war, ist und bleibt ein provoziertes PR-Desaster mit Ansage.\u00a0<\/p>\n<p><strong>Die BMG-Kampagne: &#8220;Ich sch\u00fctze mich&#8221;<\/strong><\/p>\n<p>Lauterbach erkl\u00e4rte nachdr\u00fccklich, es sei &#8220;keine Angstkampagne&#8221;. Im Gegenteil, sie w\u00e4re in Teilen sogar zum Lachen. 84 B\u00fcrger, &#8220;keine Schauspieler, echte Menschen&#8221;, w\u00fcrden sich zum Thema Corona im Alltag \u00e4u\u00dfern, wie zum Beispiel ein Fu\u00dfballer: &#8220;Ich sch\u00fctze mich, weil ich lieber auf dem Platz als im Abseits stehe.&#8221; Ist das nun lustig oder eher traurig?\u00a0Denn der Mitb\u00fcrger, der sich weiterhin oder neuerdings nicht mehr impfen lassen m\u00f6chte, steht absehbar unfreiwillig und politisch erzwungen im Abseits und nicht auf dem Platz, sollte die 2G-Regelung wiederkehren oder eine Maskenpflicht in Au\u00dfenbereichen. Warum 84? Der Gesundheitsminister <a rel=\"nofollow noopener\" target=\"_blank\" href=\"https:\/\/www.bundesgesundheitsministerium.de\/presse\/pressemitteilungen\/neue-kampagne-gibt-84-gruende-fuer-corona-schutz.html\">erkl\u00e4rt<\/a>:<\/p>\n<blockquote>\n<p><em>&#8220;84 B\u00fcrgerinnen und B\u00fcrger gehen stellvertretend f\u00fcr 84 Millionen Menschen in Deutschland mit gutem Beispiel voran und sch\u00fctzen sich vor der Pandemie \u2013 indem sie ihren Impfschutz aktuell halten, Masken tragen, aufeinander R\u00fccksicht nehmen.&#8221;<\/em><\/p>\n<\/blockquote>\n<p>Wer keine Maske tr\u00e4gt, ist also r\u00fccksichtslos? Haben Sie erneut nicht zu Ende gedacht, Herr Lauterbach und Team? Sie eignen sich anma\u00dfend die individuelle Lebensentscheidung von B\u00fcrgern an, zumal es weiterhin noch \u00fcber 18 Millionen ungeimpfte Menschen in Deutschland gibt.<\/p>\n<p>Millionen m\u00f6chten\u00a0zugunsten\u00a0ihrer individuellen Gesundheit auf die t\u00e4gliche Maske lieber verzichten. Diese gro\u00dfe Gruppe existiert aber nicht in der Corona-Welt von Karl Lauterbach. Die neue Kampagne kostet dem Minister zufolge etwa 32 Millionen Euro &#8211; zus\u00e4tzlich habe die kreative Ent\u00adwicklung weitere 700.000 Euro beansprucht.<\/p>\n<p>&#8220;Die Richtung, in die wir unterwegs sind, ist keine gute&#8221;, mahnte Karl Lauterbach zum Ende dieser PR-Desaster-Veranstaltung an. In diesem Fall, bezugnehmend\u00a0auf die drohende Corona-Politik f\u00fcr das Jahresende, m\u00f6chte man ihm wirklich nicht widersprechen.<\/p>\n<p>Abschlusspointe: Das Pharma-Unternehmen Allergan ist vor allem f\u00fcr seinen Faltengl\u00e4tter Botox bekannt. Im November 2015 wurde das Unternehmen <a rel=\"nofollow noopener\" target=\"_blank\" href=\"https:\/\/www.handelsblatt.com\/unternehmen\/industrie\/pfizer-kauft-botox-hersteller-allergan-viagra-hersteller-laesst-sich-liften\/12627392.html\">aufgekauft<\/a>\u00a0&#8211; n\u00e4mlich vom Corona-Pandemie-Krisengewinner 2020 bis 2022, Pfizer.<\/p>\n<p><strong>Mehr zum Thema &#8211;<\/strong>\u00a0<a rel=\"nofollow noopener\" target=\"_blank\" href=\"https:\/\/pressefreiheit.rtde.tech\/international\/151347-nein-pfizer-vertreterin-vor-eu\/\">Nein! Pfizer-Vertreterin: COVID-19-Impfstoff wurde nie auf Fremdschutz getestet <\/a><\/p>\n<\/p>\n<p><script async src=\"https:\/\/platform.twitter.com\/widgets.js\" charset=\"utf-8\"><\/script><br \/>\n<br \/><br \/>\n<br \/><a href=\"https:\/\/de.rt.com\/inland\/151595-neue-bmg-kampagne-ich-schutze\/\">Source link <\/a><\/p>\n","protected":false},"excerpt":{"rendered":"<p>Von Bernhard Loyen Es war eine beeindruckende Veranstaltung am 14. Oktober in Berlin. Gesundheitsminister Lauterbach lud die Hauptstadtpresse zur Vorstellung einer weiteren Impfkampagne des Bundesgesundheitsministeriums (BMG). Der Minister wie immer ambitioniert, gestikulierend und zu Beginn gewohnt mahnend: &#8220;Wir leben in der Zeit der gro\u00dfen Krisen, und jetzt kommt auch noch die COVID-Pandemie zur\u00fcck, die war [&hellip;]<\/p>\n","protected":false},"author":3,"featured_media":21094,"comment_status":"open","ping_status":"open","sticky":false,"template":"","format":"standard","meta":{"wp_automatic_camp":["217"],"df54ad234bd8d561aa606c69075a84c6":["Neue BMG-Kampagne: &quot;Ich sch\u00fctze mich&quot; - ja, ich auch! Vor Karl Lauterbach und Margarete Stokowski"],"original_link":["https:\/\/de.rt.com\/inland\/151595-neue-bmg-kampagne-ich-schutze\/"],"_thumbnail_id":["21094"],"_wptg_p2tg_sent2tg":["2022-10-15 11:05:45"],"jnews_social_counter_last_update":["1777410870"]},"categories":[19,23],"tags":[1475,34427,410,5177,1748,34429,34428,1227,7155,11796,34430,140,320],"yoast_head":"<!-- This site is optimized with the Yoast SEO Premium plugin v22.7 (Yoast SEO v22.7) - https:\/\/yoast.com\/wordpress\/plugins\/seo\/ -->\n<title>Neue BMG-Kampagne: &quot;Ich sch\u00fctze mich&quot; - ja, ich auch! Vor Karl Lauterbach und Margarete Stokowski - just-now.NEWS Deutschland<\/title>\n<meta name=\"robots\" content=\"index, follow, max-snippet:-1, max-image-preview:large, max-video-preview:-1\" \/>\n<link rel=\"canonical\" href=\"https:\/\/now-news.de\/de\/deutschland\/neue-bmg-kampagne-ich-schuetze-mich-ja-ich-auch-vor-karl-lauterbach-und-margarete-stokowski\/\" \/>\n<meta property=\"og:locale\" content=\"de_DE\" \/>\n<meta property=\"og:type\" content=\"article\" \/>\n<meta property=\"og:title\" content=\"Neue BMG-Kampagne: &quot;Ich sch\u00fctze mich&quot; - ja, ich auch! Vor Karl Lauterbach und Margarete Stokowski\" \/>\n<meta property=\"og:description\" content=\"Von Bernhard Loyen Es war eine beeindruckende Veranstaltung am 14. Oktober in Berlin. Gesundheitsminister Lauterbach lud die Hauptstadtpresse zur Vorstellung einer weiteren Impfkampagne des Bundesgesundheitsministeriums (BMG). Der Minister wie immer ambitioniert, gestikulierend und zu Beginn gewohnt mahnend: &#8220;Wir leben in der Zeit der gro\u00dfen Krisen, und jetzt kommt auch noch die COVID-Pandemie zur\u00fcck, die war [&hellip;]\" \/>\n<meta property=\"og:url\" content=\"https:\/\/now-news.de\/de\/deutschland\/neue-bmg-kampagne-ich-schuetze-mich-ja-ich-auch-vor-karl-lauterbach-und-margarete-stokowski\/\" \/>\n<meta property=\"og:site_name\" content=\"just-now.NEWS Deutschland\" \/>\n<meta property=\"article:publisher\" content=\"https:\/\/www.facebook.com\/wirmachenauf\" \/>\n<meta property=\"article:published_time\" content=\"2022-10-15T09:02:06+00:00\" \/>\n<meta property=\"og:image\" content=\"https:\/\/now-news.de\/de\/wp-content\/uploads\/sites\/3\/2022\/10\/Neue-BMG-Kampagne-quotIch-schuetze-michquot-ja-ich-auch-Vor.png\" \/>\n\t<meta property=\"og:image:width\" content=\"460\" \/>\n\t<meta property=\"og:image:height\" content=\"259\" \/>\n\t<meta property=\"og:image:type\" content=\"image\/png\" \/>\n<meta name=\"author\" content=\"rtnews\" \/>\n<meta name=\"twitter:card\" content=\"summary_large_image\" \/>\n<meta name=\"twitter:creator\" content=\"@WirMachenAuf_de\" \/>\n<meta name=\"twitter:site\" content=\"@WirMachenAuf_de\" \/>\n<meta name=\"twitter:label1\" content=\"Verfasst von\" \/>\n\t<meta name=\"twitter:data1\" content=\"rtnews\" \/>\n\t<meta name=\"twitter:label2\" content=\"Gesch\u00e4tzte Lesezeit\" \/>\n\t<meta name=\"twitter:data2\" content=\"7\u00a0Minuten\" \/>\n<script type=\"application\/ld+json\" class=\"yoast-schema-graph\">{\"@context\":\"https:\/\/schema.org\",\"@graph\":[{\"@type\":\"Article\",\"@id\":\"https:\/\/now-news.de\/de\/deutschland\/neue-bmg-kampagne-ich-schuetze-mich-ja-ich-auch-vor-karl-lauterbach-und-margarete-stokowski\/#article\",\"isPartOf\":{\"@id\":\"https:\/\/now-news.de\/de\/deutschland\/neue-bmg-kampagne-ich-schuetze-mich-ja-ich-auch-vor-karl-lauterbach-und-margarete-stokowski\/\"},\"author\":{\"name\":\"rtnews\",\"@id\":\"https:\/\/now-news.de\/de\/#\/schema\/person\/fb534a4e865501d8b3285208df34a9b5\"},\"headline\":\"Neue BMG-Kampagne: &quot;Ich sch\u00fctze mich&quot; &#8211; ja, ich auch! Vor Karl Lauterbach und Margarete Stokowski\",\"datePublished\":\"2022-10-15T09:02:06+00:00\",\"dateModified\":\"2022-10-15T09:02:06+00:00\",\"mainEntityOfPage\":{\"@id\":\"https:\/\/now-news.de\/de\/deutschland\/neue-bmg-kampagne-ich-schuetze-mich-ja-ich-auch-vor-karl-lauterbach-und-margarete-stokowski\/\"},\"wordCount\":1443,\"commentCount\":0,\"publisher\":{\"@id\":\"https:\/\/now-news.de\/de\/#organization\"},\"image\":{\"@id\":\"https:\/\/now-news.de\/de\/deutschland\/neue-bmg-kampagne-ich-schuetze-mich-ja-ich-auch-vor-karl-lauterbach-und-margarete-stokowski\/#primaryimage\"},\"thumbnailUrl\":\"https:\/\/now-news.de\/de\/wp-content\/uploads\/sites\/3\/2022\/10\/Neue-BMG-Kampagne-quotIch-schuetze-michquot-ja-ich-auch-Vor.png\",\"keywords\":[\"auch\",\"BMGKampagne\",\"Ich\",\"Karl\",\"Lauterbach\",\"Margarete\",\"michquot\",\"NEUE\",\"quotIch\",\"Sch\u00fctze\",\"Stokowski\",\"und\",\"vor\"],\"articleSection\":[\"Deutschland\",\"Russland\"],\"inLanguage\":\"de\",\"potentialAction\":[{\"@type\":\"CommentAction\",\"name\":\"Comment\",\"target\":[\"https:\/\/now-news.de\/de\/deutschland\/neue-bmg-kampagne-ich-schuetze-mich-ja-ich-auch-vor-karl-lauterbach-und-margarete-stokowski\/#respond\"]}]},{\"@type\":\"WebPage\",\"@id\":\"https:\/\/now-news.de\/de\/deutschland\/neue-bmg-kampagne-ich-schuetze-mich-ja-ich-auch-vor-karl-lauterbach-und-margarete-stokowski\/\",\"url\":\"https:\/\/now-news.de\/de\/deutschland\/neue-bmg-kampagne-ich-schuetze-mich-ja-ich-auch-vor-karl-lauterbach-und-margarete-stokowski\/\",\"name\":\"Neue BMG-Kampagne: &quot;Ich sch\u00fctze mich&quot; - ja, ich auch! Vor Karl Lauterbach und Margarete Stokowski - just-now.NEWS Deutschland\",\"isPartOf\":{\"@id\":\"https:\/\/now-news.de\/de\/#website\"},\"primaryImageOfPage\":{\"@id\":\"https:\/\/now-news.de\/de\/deutschland\/neue-bmg-kampagne-ich-schuetze-mich-ja-ich-auch-vor-karl-lauterbach-und-margarete-stokowski\/#primaryimage\"},\"image\":{\"@id\":\"https:\/\/now-news.de\/de\/deutschland\/neue-bmg-kampagne-ich-schuetze-mich-ja-ich-auch-vor-karl-lauterbach-und-margarete-stokowski\/#primaryimage\"},\"thumbnailUrl\":\"https:\/\/now-news.de\/de\/wp-content\/uploads\/sites\/3\/2022\/10\/Neue-BMG-Kampagne-quotIch-schuetze-michquot-ja-ich-auch-Vor.png\",\"datePublished\":\"2022-10-15T09:02:06+00:00\",\"dateModified\":\"2022-10-15T09:02:06+00:00\",\"breadcrumb\":{\"@id\":\"https:\/\/now-news.de\/de\/deutschland\/neue-bmg-kampagne-ich-schuetze-mich-ja-ich-auch-vor-karl-lauterbach-und-margarete-stokowski\/#breadcrumb\"},\"inLanguage\":\"de\",\"potentialAction\":[{\"@type\":\"ReadAction\",\"target\":[\"https:\/\/now-news.de\/de\/deutschland\/neue-bmg-kampagne-ich-schuetze-mich-ja-ich-auch-vor-karl-lauterbach-und-margarete-stokowski\/\"]}]},{\"@type\":\"ImageObject\",\"inLanguage\":\"de\",\"@id\":\"https:\/\/now-news.de\/de\/deutschland\/neue-bmg-kampagne-ich-schuetze-mich-ja-ich-auch-vor-karl-lauterbach-und-margarete-stokowski\/#primaryimage\",\"url\":\"https:\/\/now-news.de\/de\/wp-content\/uploads\/sites\/3\/2022\/10\/Neue-BMG-Kampagne-quotIch-schuetze-michquot-ja-ich-auch-Vor.png\",\"contentUrl\":\"https:\/\/now-news.de\/de\/wp-content\/uploads\/sites\/3\/2022\/10\/Neue-BMG-Kampagne-quotIch-schuetze-michquot-ja-ich-auch-Vor.png\",\"width\":460,\"height\":259,\"caption\":\"Neue BMG-Kampagne: &quot;Ich sch\u00fctze mich&quot; - ja, ich auch! Vor Karl Lauterbach und Margarete Stokowski\"},{\"@type\":\"BreadcrumbList\",\"@id\":\"https:\/\/now-news.de\/de\/deutschland\/neue-bmg-kampagne-ich-schuetze-mich-ja-ich-auch-vor-karl-lauterbach-und-margarete-stokowski\/#breadcrumb\",\"itemListElement\":[{\"@type\":\"ListItem\",\"position\":1,\"name\":\"Home\",\"item\":\"https:\/\/now-news.de\/de\/\"},{\"@type\":\"ListItem\",\"position\":2,\"name\":\"Neue BMG-Kampagne: &quot;Ich sch\u00fctze mich&quot; &#8211; ja, ich auch! Vor Karl Lauterbach und Margarete Stokowski\"}]},{\"@type\":\"WebSite\",\"@id\":\"https:\/\/now-news.de\/de\/#website\",\"url\":\"https:\/\/now-news.de\/de\/\",\"name\":\"just-now.NEWS Deutschland\",\"description\":\"Das Portal f\u00fcr unzensierte Nachrichten aus der Welt\",\"publisher\":{\"@id\":\"https:\/\/now-news.de\/de\/#organization\"},\"potentialAction\":[{\"@type\":\"SearchAction\",\"target\":{\"@type\":\"EntryPoint\",\"urlTemplate\":\"https:\/\/now-news.de\/de\/?s={search_term_string}\"},\"query-input\":\"required name=search_term_string\"}],\"inLanguage\":\"de\"},{\"@type\":\"Organization\",\"@id\":\"https:\/\/now-news.de\/de\/#organization\",\"name\":\"Just Now News\",\"url\":\"https:\/\/now-news.de\/de\/\",\"logo\":{\"@type\":\"ImageObject\",\"inLanguage\":\"de\",\"@id\":\"https:\/\/now-news.de\/de\/#\/schema\/logo\/image\/\",\"url\":\"http:\/\/just-now.news\/de\/wp-content\/uploads\/sites\/3\/2022\/04\/logo500x500.jpg\",\"contentUrl\":\"http:\/\/just-now.news\/de\/wp-content\/uploads\/sites\/3\/2022\/04\/logo500x500.jpg\",\"width\":500,\"height\":500,\"caption\":\"Just Now News\"},\"image\":{\"@id\":\"https:\/\/now-news.de\/de\/#\/schema\/logo\/image\/\"},\"sameAs\":[\"https:\/\/www.facebook.com\/wirmachenauf\",\"https:\/\/x.com\/WirMachenAuf_de\"]},{\"@type\":\"Person\",\"@id\":\"https:\/\/now-news.de\/de\/#\/schema\/person\/fb534a4e865501d8b3285208df34a9b5\",\"name\":\"rtnews\",\"image\":{\"@type\":\"ImageObject\",\"inLanguage\":\"de\",\"@id\":\"https:\/\/now-news.de\/de\/#\/schema\/person\/image\/\",\"url\":\"https:\/\/secure.gravatar.com\/avatar\/82aafea7d8127119dd649515f56e2117?s=96&d=mm&r=g\",\"contentUrl\":\"https:\/\/secure.gravatar.com\/avatar\/82aafea7d8127119dd649515f56e2117?s=96&d=mm&r=g\",\"caption\":\"rtnews\"},\"url\":\"https:\/\/now-news.de\/de\/author\/rnews\/\"}]}<\/script>\n<!-- \/ Yoast SEO Premium plugin. -->","yoast_head_json":{"title":"Neue BMG-Kampagne: &quot;Ich sch\u00fctze mich&quot; - ja, ich auch! Vor Karl Lauterbach und Margarete Stokowski - just-now.NEWS Deutschland","robots":{"index":"index","follow":"follow","max-snippet":"max-snippet:-1","max-image-preview":"max-image-preview:large","max-video-preview":"max-video-preview:-1"},"canonical":"https:\/\/now-news.de\/de\/deutschland\/neue-bmg-kampagne-ich-schuetze-mich-ja-ich-auch-vor-karl-lauterbach-und-margarete-stokowski\/","og_locale":"de_DE","og_type":"article","og_title":"Neue BMG-Kampagne: &quot;Ich sch\u00fctze mich&quot; - ja, ich auch! Vor Karl Lauterbach und Margarete Stokowski","og_description":"Von Bernhard Loyen Es war eine beeindruckende Veranstaltung am 14. Oktober in Berlin. Gesundheitsminister Lauterbach lud die Hauptstadtpresse zur Vorstellung einer weiteren Impfkampagne des Bundesgesundheitsministeriums (BMG). Der Minister wie immer ambitioniert, gestikulierend und zu Beginn gewohnt mahnend: &#8220;Wir leben in der Zeit der gro\u00dfen Krisen, und jetzt kommt auch noch die COVID-Pandemie zur\u00fcck, die war [&hellip;]","og_url":"https:\/\/now-news.de\/de\/deutschland\/neue-bmg-kampagne-ich-schuetze-mich-ja-ich-auch-vor-karl-lauterbach-und-margarete-stokowski\/","og_site_name":"just-now.NEWS Deutschland","article_publisher":"https:\/\/www.facebook.com\/wirmachenauf","article_published_time":"2022-10-15T09:02:06+00:00","og_image":[{"width":460,"height":259,"url":"https:\/\/now-news.de\/de\/wp-content\/uploads\/sites\/3\/2022\/10\/Neue-BMG-Kampagne-quotIch-schuetze-michquot-ja-ich-auch-Vor.png","type":"image\/png"}],"author":"rtnews","twitter_card":"summary_large_image","twitter_creator":"@WirMachenAuf_de","twitter_site":"@WirMachenAuf_de","twitter_misc":{"Verfasst von":"rtnews","Gesch\u00e4tzte Lesezeit":"7\u00a0Minuten"},"schema":{"@context":"https:\/\/schema.org","@graph":[{"@type":"Article","@id":"https:\/\/now-news.de\/de\/deutschland\/neue-bmg-kampagne-ich-schuetze-mich-ja-ich-auch-vor-karl-lauterbach-und-margarete-stokowski\/#article","isPartOf":{"@id":"https:\/\/now-news.de\/de\/deutschland\/neue-bmg-kampagne-ich-schuetze-mich-ja-ich-auch-vor-karl-lauterbach-und-margarete-stokowski\/"},"author":{"name":"rtnews","@id":"https:\/\/now-news.de\/de\/#\/schema\/person\/fb534a4e865501d8b3285208df34a9b5"},"headline":"Neue BMG-Kampagne: &quot;Ich sch\u00fctze mich&quot; &#8211; ja, ich auch! Vor Karl Lauterbach und Margarete Stokowski","datePublished":"2022-10-15T09:02:06+00:00","dateModified":"2022-10-15T09:02:06+00:00","mainEntityOfPage":{"@id":"https:\/\/now-news.de\/de\/deutschland\/neue-bmg-kampagne-ich-schuetze-mich-ja-ich-auch-vor-karl-lauterbach-und-margarete-stokowski\/"},"wordCount":1443,"commentCount":0,"publisher":{"@id":"https:\/\/now-news.de\/de\/#organization"},"image":{"@id":"https:\/\/now-news.de\/de\/deutschland\/neue-bmg-kampagne-ich-schuetze-mich-ja-ich-auch-vor-karl-lauterbach-und-margarete-stokowski\/#primaryimage"},"thumbnailUrl":"https:\/\/now-news.de\/de\/wp-content\/uploads\/sites\/3\/2022\/10\/Neue-BMG-Kampagne-quotIch-schuetze-michquot-ja-ich-auch-Vor.png","keywords":["auch","BMGKampagne","Ich","Karl","Lauterbach","Margarete","michquot","NEUE","quotIch","Sch\u00fctze","Stokowski","und","vor"],"articleSection":["Deutschland","Russland"],"inLanguage":"de","potentialAction":[{"@type":"CommentAction","name":"Comment","target":["https:\/\/now-news.de\/de\/deutschland\/neue-bmg-kampagne-ich-schuetze-mich-ja-ich-auch-vor-karl-lauterbach-und-margarete-stokowski\/#respond"]}]},{"@type":"WebPage","@id":"https:\/\/now-news.de\/de\/deutschland\/neue-bmg-kampagne-ich-schuetze-mich-ja-ich-auch-vor-karl-lauterbach-und-margarete-stokowski\/","url":"https:\/\/now-news.de\/de\/deutschland\/neue-bmg-kampagne-ich-schuetze-mich-ja-ich-auch-vor-karl-lauterbach-und-margarete-stokowski\/","name":"Neue BMG-Kampagne: &quot;Ich sch\u00fctze mich&quot; - ja, ich auch! Vor Karl Lauterbach und Margarete Stokowski - just-now.NEWS Deutschland","isPartOf":{"@id":"https:\/\/now-news.de\/de\/#website"},"primaryImageOfPage":{"@id":"https:\/\/now-news.de\/de\/deutschland\/neue-bmg-kampagne-ich-schuetze-mich-ja-ich-auch-vor-karl-lauterbach-und-margarete-stokowski\/#primaryimage"},"image":{"@id":"https:\/\/now-news.de\/de\/deutschland\/neue-bmg-kampagne-ich-schuetze-mich-ja-ich-auch-vor-karl-lauterbach-und-margarete-stokowski\/#primaryimage"},"thumbnailUrl":"https:\/\/now-news.de\/de\/wp-content\/uploads\/sites\/3\/2022\/10\/Neue-BMG-Kampagne-quotIch-schuetze-michquot-ja-ich-auch-Vor.png","datePublished":"2022-10-15T09:02:06+00:00","dateModified":"2022-10-15T09:02:06+00:00","breadcrumb":{"@id":"https:\/\/now-news.de\/de\/deutschland\/neue-bmg-kampagne-ich-schuetze-mich-ja-ich-auch-vor-karl-lauterbach-und-margarete-stokowski\/#breadcrumb"},"inLanguage":"de","potentialAction":[{"@type":"ReadAction","target":["https:\/\/now-news.de\/de\/deutschland\/neue-bmg-kampagne-ich-schuetze-mich-ja-ich-auch-vor-karl-lauterbach-und-margarete-stokowski\/"]}]},{"@type":"ImageObject","inLanguage":"de","@id":"https:\/\/now-news.de\/de\/deutschland\/neue-bmg-kampagne-ich-schuetze-mich-ja-ich-auch-vor-karl-lauterbach-und-margarete-stokowski\/#primaryimage","url":"https:\/\/now-news.de\/de\/wp-content\/uploads\/sites\/3\/2022\/10\/Neue-BMG-Kampagne-quotIch-schuetze-michquot-ja-ich-auch-Vor.png","contentUrl":"https:\/\/now-news.de\/de\/wp-content\/uploads\/sites\/3\/2022\/10\/Neue-BMG-Kampagne-quotIch-schuetze-michquot-ja-ich-auch-Vor.png","width":460,"height":259,"caption":"Neue BMG-Kampagne: &quot;Ich sch\u00fctze mich&quot; - ja, ich auch! Vor Karl Lauterbach und Margarete Stokowski"},{"@type":"BreadcrumbList","@id":"https:\/\/now-news.de\/de\/deutschland\/neue-bmg-kampagne-ich-schuetze-mich-ja-ich-auch-vor-karl-lauterbach-und-margarete-stokowski\/#breadcrumb","itemListElement":[{"@type":"ListItem","position":1,"name":"Home","item":"https:\/\/now-news.de\/de\/"},{"@type":"ListItem","position":2,"name":"Neue BMG-Kampagne: &quot;Ich sch\u00fctze mich&quot; &#8211; ja, ich auch! Vor Karl Lauterbach und Margarete Stokowski"}]},{"@type":"WebSite","@id":"https:\/\/now-news.de\/de\/#website","url":"https:\/\/now-news.de\/de\/","name":"just-now.NEWS Deutschland","description":"Das Portal f\u00fcr unzensierte Nachrichten aus der Welt","publisher":{"@id":"https:\/\/now-news.de\/de\/#organization"},"potentialAction":[{"@type":"SearchAction","target":{"@type":"EntryPoint","urlTemplate":"https:\/\/now-news.de\/de\/?s={search_term_string}"},"query-input":"required name=search_term_string"}],"inLanguage":"de"},{"@type":"Organization","@id":"https:\/\/now-news.de\/de\/#organization","name":"Just Now News","url":"https:\/\/now-news.de\/de\/","logo":{"@type":"ImageObject","inLanguage":"de","@id":"https:\/\/now-news.de\/de\/#\/schema\/logo\/image\/","url":"http:\/\/just-now.news\/de\/wp-content\/uploads\/sites\/3\/2022\/04\/logo500x500.jpg","contentUrl":"http:\/\/just-now.news\/de\/wp-content\/uploads\/sites\/3\/2022\/04\/logo500x500.jpg","width":500,"height":500,"caption":"Just Now News"},"image":{"@id":"https:\/\/now-news.de\/de\/#\/schema\/logo\/image\/"},"sameAs":["https:\/\/www.facebook.com\/wirmachenauf","https:\/\/x.com\/WirMachenAuf_de"]},{"@type":"Person","@id":"https:\/\/now-news.de\/de\/#\/schema\/person\/fb534a4e865501d8b3285208df34a9b5","name":"rtnews","image":{"@type":"ImageObject","inLanguage":"de","@id":"https:\/\/now-news.de\/de\/#\/schema\/person\/image\/","url":"https:\/\/secure.gravatar.com\/avatar\/82aafea7d8127119dd649515f56e2117?s=96&d=mm&r=g","contentUrl":"https:\/\/secure.gravatar.com\/avatar\/82aafea7d8127119dd649515f56e2117?s=96&d=mm&r=g","caption":"rtnews"},"url":"https:\/\/now-news.de\/de\/author\/rnews\/"}]}},"_links":{"self":[{"href":"https:\/\/now-news.de\/de\/wp-json\/wp\/v2\/posts\/21093"}],"collection":[{"href":"https:\/\/now-news.de\/de\/wp-json\/wp\/v2\/posts"}],"about":[{"href":"https:\/\/now-news.de\/de\/wp-json\/wp\/v2\/types\/post"}],"author":[{"embeddable":true,"href":"https:\/\/now-news.de\/de\/wp-json\/wp\/v2\/users\/3"}],"replies":[{"embeddable":true,"href":"https:\/\/now-news.de\/de\/wp-json\/wp\/v2\/comments?post=21093"}],"version-history":[{"count":0,"href":"https:\/\/now-news.de\/de\/wp-json\/wp\/v2\/posts\/21093\/revisions"}],"wp:featuredmedia":[{"embeddable":true,"href":"https:\/\/now-news.de\/de\/wp-json\/wp\/v2\/media\/21094"}],"wp:attachment":[{"href":"https:\/\/now-news.de\/de\/wp-json\/wp\/v2\/media?parent=21093"}],"wp:term":[{"taxonomy":"category","embeddable":true,"href":"https:\/\/now-news.de\/de\/wp-json\/wp\/v2\/categories?post=21093"},{"taxonomy":"post_tag","embeddable":true,"href":"https:\/\/now-news.de\/de\/wp-json\/wp\/v2\/tags?post=21093"}],"curies":[{"name":"wp","href":"https:\/\/api.w.org\/{rel}","templated":true}]}}