{"id":21061,"date":"2022-10-14T19:42:12","date_gmt":"2022-10-14T17:42:12","guid":{"rendered":"http:\/\/just-now.news\/de\/deutschland\/eskalation-der-ukraine-krise-zahlen-der-fluechtlinge-auf-der-balkanroute-steigen\/"},"modified":"2022-10-14T19:42:12","modified_gmt":"2022-10-14T17:42:12","slug":"eskalation-der-ukraine-krise-zahlen-der-fluechtlinge-auf-der-balkanroute-steigen","status":"publish","type":"post","link":"https:\/\/now-news.de\/de\/deutschland\/eskalation-der-ukraine-krise-zahlen-der-fluechtlinge-auf-der-balkanroute-steigen\/","title":{"rendered":"Eskalation der Ukraine-Krise: Zahlen der Fl\u00fcchtlinge auf der Balkanroute steigen"},"content":{"rendered":"<p><img decoding=\"async\" src=\"http:\/\/just-now.news\/de\/wp-content\/uploads\/sites\/3\/2022\/10\/6349664ab480cc07d637a886.jpg\" \/><\/p>\n<div class=\"Text-root Text-type_1 \">\n                Die Zahl der irregul\u00e4ren Einreisen nach Europa \u00fcber die Balkanroute steigt wieder. Zugleich wird in den F\u00fchrungskreisen der EU mit Sorge beobachtet, wie sich in der T\u00fcrkei der Ton gegen\u00fcber der Fl\u00fcchtlingsbev\u00f6lkerung zunehmend versch\u00e4rft.\n            <\/div>\n<p><\/p>\n<div class=\"Text-root Text-type_5 ArticleView-text ViewText-root \">\n<p>Angesichts der j\u00fcngsten Eskalationen in der Ukraine wird erwartet, dass in den kommenden Monaten wieder deutlich mehr Ukrainer gen Westen fliehen werden.\u00a0Die EU-Innenminister beraten aus diesem Grund heute \u00fcber die zunehmende Migration und Fl\u00fcchtlingswelle &#8211; unter anderem auf der Balkanroute. Nach Kiews Angriff auf die Krim-Br\u00fccke hat Russland k\u00fcrzlich einen gro\u00df angelegten Luftangriff gegen Ziele in der Ukraine gestartet.<\/p>\n<p>In der EU w\u00e4chst die Besorgnis \u00fcber den Anstieg der Zahl der Migranten, die irregul\u00e4r vor allem \u00fcber die Westbalkan-Route nach Europa kommen.\u00a0Wegen steigender Fl\u00fcchtlingszahlen \u00fcber die Balkanroute\u00a0hat Deutschland &#8211; ebenso wie die EU-Kommission &#8211; Serbien dazu aufgefordert, die Visaregeln f\u00fcr\u00a0Fl\u00fcchtlinge zu versch\u00e4rfen. Belgrad m\u00fcsse seine Praxis \u00e4ndern, erkl\u00e4rte Bundesinnenministerin Nancy Faeser von der SPD bei einem Treffen mit ihren Kollegen aus der Europ\u00e4ischen Union in Luxemburg.<\/p>\n<p>Insgesamt profitieren Menschen aus weltweit 30 Staaten, darunter Indien und Tunesien, von den laxen Visabestimmungen in Serbien. Wie die EU-Grenzschutzagentur <em>Frontex<\/em> am Donnerstag mitteilte, wurden an den EU-Au\u00dfengrenzen zwischen Januar und September insgesamt 228.240 irregul\u00e4re Grenz\u00fcbertritte registriert. Dies entspricht einem Anstieg um 70 Prozent gegen\u00fcber dem Vorjahr.\u00a0Die Folgen sind auch in Deutschland zu sp\u00fcren. Im Bundesland Sachsen, das die Fl\u00fcchtlinge \u00fcber die Grenzen zu Tschechien und Polen erreichen, <a rel=\"nofollow noopener\" target=\"_blank\" href=\"https:\/\/www.tagesspiegel.de\/politik\/steigende-fluchtlingszahlen-auf-der-balkanroute-nancy-faesers-neue-harte-8746159.html\">registrierte<\/a> die Dresdner Bundespolizei-Inspektion im September bereits 2.400 ankommende Migranten \u2013 eine Verf\u00fcnffachung im Vergleich zum Juli.<\/p>\n<p>Berichten zufolge\u00a0wird es beim Innenminister-Treffen mit Blick auf die\u00a0Ukraine-Krise um Strategien auf EU-Ebene\u00a0gehen. M\u00f6glicherweise auch um einen europ\u00e4ischen Fl\u00fcchtlingsgipfel, wie ihn viele europ\u00e4ische Innenpolitiker fordern.<\/p>\n<p>Passend zum heutigen Innenminister-Treffen in Luxemburg ver\u00f6ffentlichte Frontex die neuesten Zahlen.\u00a0&#8220;In den ersten neun Monaten dieses Jahres wurden nach vorl\u00e4ufigen Berechnungen \u00fcber 228.000 irregul\u00e4re Einreisen an den Au\u00dfengrenzen der Europ\u00e4ischen Union festgestellt&#8221;, sagt Piotr Switalski, Sprecher der Grenzschutzagentur. &#8220;Dies entspricht einer Steigerung von 70 Prozent im Vergleich zum Vorjahreszeitraum und ist die h\u00f6chste Summe, die seit 2016 f\u00fcr die ersten drei Quartale des Jahres verzeichnet wurde. Die Westbalkanroute ist nach wie vor die aktivste Migrationsroute in die EU.&#8221;<\/p>\n<p>Zugleich wird in den F\u00fchrungskreisen\u00a0der EU mit Sorge beobachtet, dass die Verschlechterung der Lage in der T\u00fcrkei zu einem Anstieg der Migrationsbewegungen auf der Balkanroute gef\u00fchrt hat. In der T\u00fcrkei hat sich der Ton gegen\u00fcber der Fl\u00fcchtlingsbev\u00f6lkerung\u00a0zunehmend versch\u00e4rft. Die T\u00fcrkei hat\u00a0seit 2012 \u00fcber 3,5 Millionen Gefl\u00fcchtete allein aus Syrien aufgenommen, mehr als jeder andere Staat.\u00a0In Griechenland kamen laut den Daten des Fl\u00fcchtlingshilfswerks der Vereinten Nationen (UNHCR) in diesem Jahr\u00a0bis Ende September etwas mehr als 11.000 irregul\u00e4re Migranten aus der T\u00fcrkei an.<\/p>\n<p><strong>Mehr zum Thema<\/strong> &#8211; <a rel=\"nofollow noopener\" target=\"_blank\" href=\"https:\/\/de.rt.com\/inland\/150735-aufnahmestopp-fur-fluchtlinge-ostdeutsche-kommunen\/\">Aufnahmestopp f\u00fcr Fl\u00fcchtlinge: Ostdeutsche Kommunen an der Belastungsgrenze<\/a><\/p>\n<div class=\"EmbedBlock-root EmbedBlock-externalVideo EmbedBlock-vk\">\n<div class=\"VkEmbed\"><iframe class=\"lazyload\" data-src=\"https:\/\/vk.com\/video_ext.php?oid=-134310637&amp;id=456258745&amp;hash=0b4e1a77c2311fc1\" frameborder=\"0\" width=\"853\" height=\"480\" allowfullscreen><\/iframe><\/div>\n<\/div>\n<\/div>\n<p><br \/>\n<br \/><a href=\"https:\/\/de.rt.com\/europa\/151593-eskalation-ukraine-krise-zahlen-fluchtlinge\/\">Source link <\/a><\/p>\n","protected":false},"excerpt":{"rendered":"<p>Die Zahl der irregul\u00e4ren Einreisen nach Europa \u00fcber die Balkanroute steigt wieder. Zugleich wird in den F\u00fchrungskreisen der EU mit Sorge beobachtet, wie sich in der T\u00fcrkei der Ton gegen\u00fcber der Fl\u00fcchtlingsbev\u00f6lkerung zunehmend versch\u00e4rft. Angesichts der j\u00fcngsten Eskalationen in der Ukraine wird erwartet, dass in den kommenden Monaten wieder deutlich mehr Ukrainer gen Westen fliehen [&hellip;]<\/p>\n","protected":false},"author":3,"featured_media":21062,"comment_status":"open","ping_status":"open","sticky":false,"template":"","format":"standard","meta":{"wp_automatic_camp":["217"],"35a0136f2b8d5b8cbaafa9634dce992f":["Eskalation der Ukraine-Krise: Zahlen der Fl\u00fcchtlinge auf der Balkanroute steigen"],"original_link":["https:\/\/de.rt.com\/europa\/151593-eskalation-ukraine-krise-zahlen-fluchtlinge\/"],"_thumbnail_id":["21062"],"_wptg_p2tg_sent2tg":["2022-10-14 19:44:26"],"jnews_social_counter_last_update":["1777635920"]},"categories":[19,23],"tags":[133,34401,82,582,7572,1472,5015,14138],"yoast_head":"<!-- This site is optimized with the Yoast SEO Premium plugin v22.7 (Yoast SEO v22.7) - https:\/\/yoast.com\/wordpress\/plugins\/seo\/ -->\n<title>Eskalation der Ukraine-Krise: Zahlen der Fl\u00fcchtlinge auf der Balkanroute steigen - just-now.NEWS Deutschland<\/title>\n<meta name=\"robots\" content=\"index, follow, max-snippet:-1, max-image-preview:large, max-video-preview:-1\" \/>\n<link rel=\"canonical\" href=\"https:\/\/now-news.de\/de\/deutschland\/eskalation-der-ukraine-krise-zahlen-der-fluechtlinge-auf-der-balkanroute-steigen\/\" \/>\n<meta property=\"og:locale\" content=\"de_DE\" \/>\n<meta property=\"og:type\" content=\"article\" \/>\n<meta property=\"og:title\" content=\"Eskalation der Ukraine-Krise: Zahlen der Fl\u00fcchtlinge auf der Balkanroute steigen\" \/>\n<meta property=\"og:description\" content=\"Die Zahl der irregul\u00e4ren Einreisen nach Europa \u00fcber die Balkanroute steigt wieder. Zugleich wird in den F\u00fchrungskreisen der EU mit Sorge beobachtet, wie sich in der T\u00fcrkei der Ton gegen\u00fcber der Fl\u00fcchtlingsbev\u00f6lkerung zunehmend versch\u00e4rft. Angesichts der j\u00fcngsten Eskalationen in der Ukraine wird erwartet, dass in den kommenden Monaten wieder deutlich mehr Ukrainer gen Westen fliehen [&hellip;]\" \/>\n<meta property=\"og:url\" content=\"https:\/\/now-news.de\/de\/deutschland\/eskalation-der-ukraine-krise-zahlen-der-fluechtlinge-auf-der-balkanroute-steigen\/\" \/>\n<meta property=\"og:site_name\" content=\"just-now.NEWS Deutschland\" \/>\n<meta property=\"article:publisher\" content=\"https:\/\/www.facebook.com\/wirmachenauf\" \/>\n<meta property=\"article:published_time\" content=\"2022-10-14T17:42:12+00:00\" \/>\n<meta property=\"og:image\" content=\"https:\/\/now-news.de\/de\/wp-content\/uploads\/sites\/3\/2022\/10\/Eskalation-der-Ukraine-Krise-Zahlen-der-Fluechtlinge-auf-der-Balkanroute-steigen.jpg\" \/>\n\t<meta property=\"og:image:width\" content=\"460\" \/>\n\t<meta property=\"og:image:height\" content=\"259\" \/>\n\t<meta property=\"og:image:type\" content=\"image\/jpeg\" \/>\n<meta name=\"author\" content=\"rtnews\" \/>\n<meta name=\"twitter:card\" content=\"summary_large_image\" \/>\n<meta name=\"twitter:creator\" content=\"@WirMachenAuf_de\" \/>\n<meta name=\"twitter:site\" content=\"@WirMachenAuf_de\" \/>\n<meta name=\"twitter:label1\" content=\"Verfasst von\" \/>\n\t<meta name=\"twitter:data1\" content=\"rtnews\" \/>\n\t<meta name=\"twitter:label2\" content=\"Gesch\u00e4tzte Lesezeit\" \/>\n\t<meta name=\"twitter:data2\" content=\"3\u00a0Minuten\" \/>\n<script type=\"application\/ld+json\" class=\"yoast-schema-graph\">{\"@context\":\"https:\/\/schema.org\",\"@graph\":[{\"@type\":\"Article\",\"@id\":\"https:\/\/now-news.de\/de\/deutschland\/eskalation-der-ukraine-krise-zahlen-der-fluechtlinge-auf-der-balkanroute-steigen\/#article\",\"isPartOf\":{\"@id\":\"https:\/\/now-news.de\/de\/deutschland\/eskalation-der-ukraine-krise-zahlen-der-fluechtlinge-auf-der-balkanroute-steigen\/\"},\"author\":{\"name\":\"rtnews\",\"@id\":\"https:\/\/now-news.de\/de\/#\/schema\/person\/fb534a4e865501d8b3285208df34a9b5\"},\"headline\":\"Eskalation der Ukraine-Krise: Zahlen der Fl\u00fcchtlinge auf der Balkanroute steigen\",\"datePublished\":\"2022-10-14T17:42:12+00:00\",\"dateModified\":\"2022-10-14T17:42:12+00:00\",\"mainEntityOfPage\":{\"@id\":\"https:\/\/now-news.de\/de\/deutschland\/eskalation-der-ukraine-krise-zahlen-der-fluechtlinge-auf-der-balkanroute-steigen\/\"},\"wordCount\":511,\"commentCount\":0,\"publisher\":{\"@id\":\"https:\/\/now-news.de\/de\/#organization\"},\"image\":{\"@id\":\"https:\/\/now-news.de\/de\/deutschland\/eskalation-der-ukraine-krise-zahlen-der-fluechtlinge-auf-der-balkanroute-steigen\/#primaryimage\"},\"thumbnailUrl\":\"https:\/\/now-news.de\/de\/wp-content\/uploads\/sites\/3\/2022\/10\/Eskalation-der-Ukraine-Krise-Zahlen-der-Fluechtlinge-auf-der-Balkanroute-steigen.jpg\",\"keywords\":[\"AUF\",\"Balkanroute\",\"der\",\"Eskalation\",\"Fl\u00fcchtlinge\",\"steigen\",\"UkraineKrise\",\"zahlen\"],\"articleSection\":[\"Deutschland\",\"Russland\"],\"inLanguage\":\"de\",\"potentialAction\":[{\"@type\":\"CommentAction\",\"name\":\"Comment\",\"target\":[\"https:\/\/now-news.de\/de\/deutschland\/eskalation-der-ukraine-krise-zahlen-der-fluechtlinge-auf-der-balkanroute-steigen\/#respond\"]}]},{\"@type\":\"WebPage\",\"@id\":\"https:\/\/now-news.de\/de\/deutschland\/eskalation-der-ukraine-krise-zahlen-der-fluechtlinge-auf-der-balkanroute-steigen\/\",\"url\":\"https:\/\/now-news.de\/de\/deutschland\/eskalation-der-ukraine-krise-zahlen-der-fluechtlinge-auf-der-balkanroute-steigen\/\",\"name\":\"Eskalation der Ukraine-Krise: Zahlen der Fl\u00fcchtlinge auf der Balkanroute steigen - just-now.NEWS Deutschland\",\"isPartOf\":{\"@id\":\"https:\/\/now-news.de\/de\/#website\"},\"primaryImageOfPage\":{\"@id\":\"https:\/\/now-news.de\/de\/deutschland\/eskalation-der-ukraine-krise-zahlen-der-fluechtlinge-auf-der-balkanroute-steigen\/#primaryimage\"},\"image\":{\"@id\":\"https:\/\/now-news.de\/de\/deutschland\/eskalation-der-ukraine-krise-zahlen-der-fluechtlinge-auf-der-balkanroute-steigen\/#primaryimage\"},\"thumbnailUrl\":\"https:\/\/now-news.de\/de\/wp-content\/uploads\/sites\/3\/2022\/10\/Eskalation-der-Ukraine-Krise-Zahlen-der-Fluechtlinge-auf-der-Balkanroute-steigen.jpg\",\"datePublished\":\"2022-10-14T17:42:12+00:00\",\"dateModified\":\"2022-10-14T17:42:12+00:00\",\"breadcrumb\":{\"@id\":\"https:\/\/now-news.de\/de\/deutschland\/eskalation-der-ukraine-krise-zahlen-der-fluechtlinge-auf-der-balkanroute-steigen\/#breadcrumb\"},\"inLanguage\":\"de\",\"potentialAction\":[{\"@type\":\"ReadAction\",\"target\":[\"https:\/\/now-news.de\/de\/deutschland\/eskalation-der-ukraine-krise-zahlen-der-fluechtlinge-auf-der-balkanroute-steigen\/\"]}]},{\"@type\":\"ImageObject\",\"inLanguage\":\"de\",\"@id\":\"https:\/\/now-news.de\/de\/deutschland\/eskalation-der-ukraine-krise-zahlen-der-fluechtlinge-auf-der-balkanroute-steigen\/#primaryimage\",\"url\":\"https:\/\/now-news.de\/de\/wp-content\/uploads\/sites\/3\/2022\/10\/Eskalation-der-Ukraine-Krise-Zahlen-der-Fluechtlinge-auf-der-Balkanroute-steigen.jpg\",\"contentUrl\":\"https:\/\/now-news.de\/de\/wp-content\/uploads\/sites\/3\/2022\/10\/Eskalation-der-Ukraine-Krise-Zahlen-der-Fluechtlinge-auf-der-Balkanroute-steigen.jpg\",\"width\":460,\"height\":259,\"caption\":\"Eskalation der Ukraine-Krise: Zahlen der Fl\u00fcchtlinge auf der Balkanroute steigen\"},{\"@type\":\"BreadcrumbList\",\"@id\":\"https:\/\/now-news.de\/de\/deutschland\/eskalation-der-ukraine-krise-zahlen-der-fluechtlinge-auf-der-balkanroute-steigen\/#breadcrumb\",\"itemListElement\":[{\"@type\":\"ListItem\",\"position\":1,\"name\":\"Home\",\"item\":\"https:\/\/now-news.de\/de\/\"},{\"@type\":\"ListItem\",\"position\":2,\"name\":\"Eskalation der Ukraine-Krise: Zahlen der Fl\u00fcchtlinge auf der Balkanroute steigen\"}]},{\"@type\":\"WebSite\",\"@id\":\"https:\/\/now-news.de\/de\/#website\",\"url\":\"https:\/\/now-news.de\/de\/\",\"name\":\"just-now.NEWS Deutschland\",\"description\":\"Das Portal f\u00fcr unzensierte Nachrichten aus der Welt\",\"publisher\":{\"@id\":\"https:\/\/now-news.de\/de\/#organization\"},\"potentialAction\":[{\"@type\":\"SearchAction\",\"target\":{\"@type\":\"EntryPoint\",\"urlTemplate\":\"https:\/\/now-news.de\/de\/?s={search_term_string}\"},\"query-input\":\"required name=search_term_string\"}],\"inLanguage\":\"de\"},{\"@type\":\"Organization\",\"@id\":\"https:\/\/now-news.de\/de\/#organization\",\"name\":\"Just Now News\",\"url\":\"https:\/\/now-news.de\/de\/\",\"logo\":{\"@type\":\"ImageObject\",\"inLanguage\":\"de\",\"@id\":\"https:\/\/now-news.de\/de\/#\/schema\/logo\/image\/\",\"url\":\"http:\/\/just-now.news\/de\/wp-content\/uploads\/sites\/3\/2022\/04\/logo500x500.jpg\",\"contentUrl\":\"http:\/\/just-now.news\/de\/wp-content\/uploads\/sites\/3\/2022\/04\/logo500x500.jpg\",\"width\":500,\"height\":500,\"caption\":\"Just Now News\"},\"image\":{\"@id\":\"https:\/\/now-news.de\/de\/#\/schema\/logo\/image\/\"},\"sameAs\":[\"https:\/\/www.facebook.com\/wirmachenauf\",\"https:\/\/x.com\/WirMachenAuf_de\"]},{\"@type\":\"Person\",\"@id\":\"https:\/\/now-news.de\/de\/#\/schema\/person\/fb534a4e865501d8b3285208df34a9b5\",\"name\":\"rtnews\",\"image\":{\"@type\":\"ImageObject\",\"inLanguage\":\"de\",\"@id\":\"https:\/\/now-news.de\/de\/#\/schema\/person\/image\/\",\"url\":\"https:\/\/secure.gravatar.com\/avatar\/82aafea7d8127119dd649515f56e2117?s=96&d=mm&r=g\",\"contentUrl\":\"https:\/\/secure.gravatar.com\/avatar\/82aafea7d8127119dd649515f56e2117?s=96&d=mm&r=g\",\"caption\":\"rtnews\"},\"url\":\"https:\/\/now-news.de\/de\/author\/rnews\/\"}]}<\/script>\n<!-- \/ Yoast SEO Premium plugin. -->","yoast_head_json":{"title":"Eskalation der Ukraine-Krise: Zahlen der Fl\u00fcchtlinge auf der Balkanroute steigen - just-now.NEWS Deutschland","robots":{"index":"index","follow":"follow","max-snippet":"max-snippet:-1","max-image-preview":"max-image-preview:large","max-video-preview":"max-video-preview:-1"},"canonical":"https:\/\/now-news.de\/de\/deutschland\/eskalation-der-ukraine-krise-zahlen-der-fluechtlinge-auf-der-balkanroute-steigen\/","og_locale":"de_DE","og_type":"article","og_title":"Eskalation der Ukraine-Krise: Zahlen der Fl\u00fcchtlinge auf der Balkanroute steigen","og_description":"Die Zahl der irregul\u00e4ren Einreisen nach Europa \u00fcber die Balkanroute steigt wieder. Zugleich wird in den F\u00fchrungskreisen der EU mit Sorge beobachtet, wie sich in der T\u00fcrkei der Ton gegen\u00fcber der Fl\u00fcchtlingsbev\u00f6lkerung zunehmend versch\u00e4rft. Angesichts der j\u00fcngsten Eskalationen in der Ukraine wird erwartet, dass in den kommenden Monaten wieder deutlich mehr Ukrainer gen Westen fliehen [&hellip;]","og_url":"https:\/\/now-news.de\/de\/deutschland\/eskalation-der-ukraine-krise-zahlen-der-fluechtlinge-auf-der-balkanroute-steigen\/","og_site_name":"just-now.NEWS Deutschland","article_publisher":"https:\/\/www.facebook.com\/wirmachenauf","article_published_time":"2022-10-14T17:42:12+00:00","og_image":[{"width":460,"height":259,"url":"https:\/\/now-news.de\/de\/wp-content\/uploads\/sites\/3\/2022\/10\/Eskalation-der-Ukraine-Krise-Zahlen-der-Fluechtlinge-auf-der-Balkanroute-steigen.jpg","type":"image\/jpeg"}],"author":"rtnews","twitter_card":"summary_large_image","twitter_creator":"@WirMachenAuf_de","twitter_site":"@WirMachenAuf_de","twitter_misc":{"Verfasst von":"rtnews","Gesch\u00e4tzte Lesezeit":"3\u00a0Minuten"},"schema":{"@context":"https:\/\/schema.org","@graph":[{"@type":"Article","@id":"https:\/\/now-news.de\/de\/deutschland\/eskalation-der-ukraine-krise-zahlen-der-fluechtlinge-auf-der-balkanroute-steigen\/#article","isPartOf":{"@id":"https:\/\/now-news.de\/de\/deutschland\/eskalation-der-ukraine-krise-zahlen-der-fluechtlinge-auf-der-balkanroute-steigen\/"},"author":{"name":"rtnews","@id":"https:\/\/now-news.de\/de\/#\/schema\/person\/fb534a4e865501d8b3285208df34a9b5"},"headline":"Eskalation der Ukraine-Krise: Zahlen der Fl\u00fcchtlinge auf der Balkanroute steigen","datePublished":"2022-10-14T17:42:12+00:00","dateModified":"2022-10-14T17:42:12+00:00","mainEntityOfPage":{"@id":"https:\/\/now-news.de\/de\/deutschland\/eskalation-der-ukraine-krise-zahlen-der-fluechtlinge-auf-der-balkanroute-steigen\/"},"wordCount":511,"commentCount":0,"publisher":{"@id":"https:\/\/now-news.de\/de\/#organization"},"image":{"@id":"https:\/\/now-news.de\/de\/deutschland\/eskalation-der-ukraine-krise-zahlen-der-fluechtlinge-auf-der-balkanroute-steigen\/#primaryimage"},"thumbnailUrl":"https:\/\/now-news.de\/de\/wp-content\/uploads\/sites\/3\/2022\/10\/Eskalation-der-Ukraine-Krise-Zahlen-der-Fluechtlinge-auf-der-Balkanroute-steigen.jpg","keywords":["AUF","Balkanroute","der","Eskalation","Fl\u00fcchtlinge","steigen","UkraineKrise","zahlen"],"articleSection":["Deutschland","Russland"],"inLanguage":"de","potentialAction":[{"@type":"CommentAction","name":"Comment","target":["https:\/\/now-news.de\/de\/deutschland\/eskalation-der-ukraine-krise-zahlen-der-fluechtlinge-auf-der-balkanroute-steigen\/#respond"]}]},{"@type":"WebPage","@id":"https:\/\/now-news.de\/de\/deutschland\/eskalation-der-ukraine-krise-zahlen-der-fluechtlinge-auf-der-balkanroute-steigen\/","url":"https:\/\/now-news.de\/de\/deutschland\/eskalation-der-ukraine-krise-zahlen-der-fluechtlinge-auf-der-balkanroute-steigen\/","name":"Eskalation der Ukraine-Krise: Zahlen der Fl\u00fcchtlinge auf der Balkanroute steigen - just-now.NEWS Deutschland","isPartOf":{"@id":"https:\/\/now-news.de\/de\/#website"},"primaryImageOfPage":{"@id":"https:\/\/now-news.de\/de\/deutschland\/eskalation-der-ukraine-krise-zahlen-der-fluechtlinge-auf-der-balkanroute-steigen\/#primaryimage"},"image":{"@id":"https:\/\/now-news.de\/de\/deutschland\/eskalation-der-ukraine-krise-zahlen-der-fluechtlinge-auf-der-balkanroute-steigen\/#primaryimage"},"thumbnailUrl":"https:\/\/now-news.de\/de\/wp-content\/uploads\/sites\/3\/2022\/10\/Eskalation-der-Ukraine-Krise-Zahlen-der-Fluechtlinge-auf-der-Balkanroute-steigen.jpg","datePublished":"2022-10-14T17:42:12+00:00","dateModified":"2022-10-14T17:42:12+00:00","breadcrumb":{"@id":"https:\/\/now-news.de\/de\/deutschland\/eskalation-der-ukraine-krise-zahlen-der-fluechtlinge-auf-der-balkanroute-steigen\/#breadcrumb"},"inLanguage":"de","potentialAction":[{"@type":"ReadAction","target":["https:\/\/now-news.de\/de\/deutschland\/eskalation-der-ukraine-krise-zahlen-der-fluechtlinge-auf-der-balkanroute-steigen\/"]}]},{"@type":"ImageObject","inLanguage":"de","@id":"https:\/\/now-news.de\/de\/deutschland\/eskalation-der-ukraine-krise-zahlen-der-fluechtlinge-auf-der-balkanroute-steigen\/#primaryimage","url":"https:\/\/now-news.de\/de\/wp-content\/uploads\/sites\/3\/2022\/10\/Eskalation-der-Ukraine-Krise-Zahlen-der-Fluechtlinge-auf-der-Balkanroute-steigen.jpg","contentUrl":"https:\/\/now-news.de\/de\/wp-content\/uploads\/sites\/3\/2022\/10\/Eskalation-der-Ukraine-Krise-Zahlen-der-Fluechtlinge-auf-der-Balkanroute-steigen.jpg","width":460,"height":259,"caption":"Eskalation der Ukraine-Krise: Zahlen der Fl\u00fcchtlinge auf der Balkanroute steigen"},{"@type":"BreadcrumbList","@id":"https:\/\/now-news.de\/de\/deutschland\/eskalation-der-ukraine-krise-zahlen-der-fluechtlinge-auf-der-balkanroute-steigen\/#breadcrumb","itemListElement":[{"@type":"ListItem","position":1,"name":"Home","item":"https:\/\/now-news.de\/de\/"},{"@type":"ListItem","position":2,"name":"Eskalation der Ukraine-Krise: Zahlen der Fl\u00fcchtlinge auf der Balkanroute steigen"}]},{"@type":"WebSite","@id":"https:\/\/now-news.de\/de\/#website","url":"https:\/\/now-news.de\/de\/","name":"just-now.NEWS Deutschland","description":"Das Portal f\u00fcr unzensierte Nachrichten aus der Welt","publisher":{"@id":"https:\/\/now-news.de\/de\/#organization"},"potentialAction":[{"@type":"SearchAction","target":{"@type":"EntryPoint","urlTemplate":"https:\/\/now-news.de\/de\/?s={search_term_string}"},"query-input":"required name=search_term_string"}],"inLanguage":"de"},{"@type":"Organization","@id":"https:\/\/now-news.de\/de\/#organization","name":"Just Now News","url":"https:\/\/now-news.de\/de\/","logo":{"@type":"ImageObject","inLanguage":"de","@id":"https:\/\/now-news.de\/de\/#\/schema\/logo\/image\/","url":"http:\/\/just-now.news\/de\/wp-content\/uploads\/sites\/3\/2022\/04\/logo500x500.jpg","contentUrl":"http:\/\/just-now.news\/de\/wp-content\/uploads\/sites\/3\/2022\/04\/logo500x500.jpg","width":500,"height":500,"caption":"Just Now News"},"image":{"@id":"https:\/\/now-news.de\/de\/#\/schema\/logo\/image\/"},"sameAs":["https:\/\/www.facebook.com\/wirmachenauf","https:\/\/x.com\/WirMachenAuf_de"]},{"@type":"Person","@id":"https:\/\/now-news.de\/de\/#\/schema\/person\/fb534a4e865501d8b3285208df34a9b5","name":"rtnews","image":{"@type":"ImageObject","inLanguage":"de","@id":"https:\/\/now-news.de\/de\/#\/schema\/person\/image\/","url":"https:\/\/secure.gravatar.com\/avatar\/82aafea7d8127119dd649515f56e2117?s=96&d=mm&r=g","contentUrl":"https:\/\/secure.gravatar.com\/avatar\/82aafea7d8127119dd649515f56e2117?s=96&d=mm&r=g","caption":"rtnews"},"url":"https:\/\/now-news.de\/de\/author\/rnews\/"}]}},"_links":{"self":[{"href":"https:\/\/now-news.de\/de\/wp-json\/wp\/v2\/posts\/21061"}],"collection":[{"href":"https:\/\/now-news.de\/de\/wp-json\/wp\/v2\/posts"}],"about":[{"href":"https:\/\/now-news.de\/de\/wp-json\/wp\/v2\/types\/post"}],"author":[{"embeddable":true,"href":"https:\/\/now-news.de\/de\/wp-json\/wp\/v2\/users\/3"}],"replies":[{"embeddable":true,"href":"https:\/\/now-news.de\/de\/wp-json\/wp\/v2\/comments?post=21061"}],"version-history":[{"count":0,"href":"https:\/\/now-news.de\/de\/wp-json\/wp\/v2\/posts\/21061\/revisions"}],"wp:featuredmedia":[{"embeddable":true,"href":"https:\/\/now-news.de\/de\/wp-json\/wp\/v2\/media\/21062"}],"wp:attachment":[{"href":"https:\/\/now-news.de\/de\/wp-json\/wp\/v2\/media?parent=21061"}],"wp:term":[{"taxonomy":"category","embeddable":true,"href":"https:\/\/now-news.de\/de\/wp-json\/wp\/v2\/categories?post=21061"},{"taxonomy":"post_tag","embeddable":true,"href":"https:\/\/now-news.de\/de\/wp-json\/wp\/v2\/tags?post=21061"}],"curies":[{"name":"wp","href":"https:\/\/api.w.org\/{rel}","templated":true}]}}