{"id":2105,"date":"2022-04-21T12:20:12","date_gmt":"2022-04-21T13:20:12","guid":{"rendered":"http:\/\/just-now.news\/de\/deutschland\/weltbankchef-warnt-globale-lebensmittelkrise-koennte-bis-in-das-naechste-jahr-andauern\/"},"modified":"2022-04-21T12:20:12","modified_gmt":"2022-04-21T13:20:12","slug":"weltbankchef-warnt-globale-lebensmittelkrise-koennte-bis-in-das-naechste-jahr-andauern","status":"publish","type":"post","link":"https:\/\/now-news.de\/de\/deutschland\/weltbankchef-warnt-globale-lebensmittelkrise-koennte-bis-in-das-naechste-jahr-andauern\/","title":{"rendered":"Weltbankchef warnt: Globale Lebensmittelkrise k\u00f6nnte bis in das n\u00e4chste Jahr andauern"},"content":{"rendered":"<div class=\"Text-root Text-type_5 ArticleView-text ViewText-root \">\n<p>Der US-amerikanische Pr\u00e4sident der Weltbank David Malpass hat am Mittwoch gewarnt, die globale Lebensmittelkrise werde f\u00fcr mehrere Monate andauern und sich wahrscheinlich sogar bis in das n\u00e4chste Jahr erstrecken, wie die chinesische Nachrichtenagentur <em>Xinhua<\/em> berichtet. Der Republikaner Malpass f\u00fchrte die weltweiten Preissteigerungen auf den Krieg in der Ukraine zur\u00fcck, der die Lebensmittelpreise in die H\u00f6he getrieben habe, worunter die \u00e4rmsten Bev\u00f6lkerungsteile am st\u00e4rksten zu leiden h\u00e4tten.<\/p>\n<div class=\"ReadMore-root Section-root Section-is1to3-xs_is1to1\" data-widgets=\"ReadMore\" data-has-alias>\n<div class=\"Section-container Section-isRow-isTop-isWrap\">\n<article class=\"Card-root Card-is1to1 \">\n<div class=\"Card-imageWrap\">\n<div class=\"Card-picture\">\n<picture class=\"Picture-root Picture-default\"><!--[if IE 9]><video style=\"display: none;\"><![endif]--><source media=\"(-webkit-min-device-pixel-ratio: 2) and (min-resolution: 120dpi)\" data-srcset=\" \nhttps:\/\/cdni.russiatoday.com\/deutsch\/images\/2022.04\/thumbnail\/625d021748fbef3f827f9c21.jpg 850w,\n                https:\/\/cdni.russiatoday.com\/deutsch\/images\/2022.04\/article\/625d021748fbef3f827f9c20.jpg 1960w,\n            \" srcset=\"data:image\/png;base64,iVBORw0KGgoAAAANSUhEUgAAABAAAAAJCAQAAACRI2S5AAAAEElEQVR42mNkIAAYRxWAAQAG9gAKqv6+AwAAAABJRU5ErkJggg==\"><source data-srcset=\" \nhttps:\/\/cdni.russiatoday.com\/deutsch\/images\/2022.04\/thumbnail\/625d021748fbef3f827f9c21.jpg 460w,\n              https:\/\/cdni.russiatoday.com\/deutsch\/images\/2022.04\/article\/625d021748fbef3f827f9c20.jpg 980w,\n            \" srcset=\"data:image\/png;base64,iVBORw0KGgoAAAANSUhEUgAAABAAAAAJCAQAAACRI2S5AAAAEElEQVR42mNkIAAYRxWAAQAG9gAKqv6+AwAAAABJRU5ErkJggg==\"><!--[if IE 9]><\/video><![endif]--><\/source><\/source><\/picture><!-- noscript pattern --><noscript><img decoding=\"async\" src=\"https:\/\/cdni.russiatoday.com\/deutsch\/images\/2022.04\/article\/625d021748fbef3f827f9c20.jpg\" alt='\"Um globale Hungerkatastrophe abzuwenden\" \u2013 \u00d6zdemir fordert weitere Waffenlieferungen an Ukraine'><\/noscript>    <\/div><\/div>\n<div class=\"Card-contentWrap\">\n<div class=\"Card-content\">\n<div class=\"Card-title\">\n<div class=\"HeaderNews-root HeaderNews-type_6 \">\n<p>            <a target=\"_blank\" href=\"https:\/\/de.rt.com\/inland\/136406-um-globale-hungerkatastrophe-abzuwenden-oezdemir\/\" class=\"Link-root Link-isFullCard \" rel=\"noopener\"><br \/>\n                &#8220;Um globale Hungerkatastrophe abzuwenden&#8221; \u2013 \u00d6zdemir fordert weitere Waffenlieferungen an Ukraine<br \/>\n            <\/a><\/p><\/div><\/div><\/div><\/div>\n<\/article>\n<\/div><\/div>\n<p>W\u00e4hrend einer virtuellen Pressekonferenz im Rahmen des Fr\u00fchlingstreffens des Internationalen W\u00e4hrungsfonds (<a target=\"_blank\" href=\"https:\/\/de.wikipedia.org\/wiki\/Internationaler_W%C3%A4hrungsfonds\" rel=\"noopener\">IWF<\/a>; engl. IMF) mit der Weltbankgruppe erkl\u00e4rte Malpass:<\/p>\n<blockquote>\n<p><em>&#8220;Vor allem der Krieg und seine Folgen belasten die armen Menschen in der Welt.&#8221;<\/em><\/p>\n<\/blockquote>\n<p>Er verwies darauf, dass die Lebensmittelpreise bereits im Jahresvergleich 2021\/2022 um 37 Prozent gestiegen sind. Die Preise f\u00fcr Nahrungsmittel w\u00fcrden st\u00e4rker steigen als der Verbraucherpreisindex, was &#8220;signifikant&#8221; sei, da das zeige, wie sehr die Armen betroffen sind, die einen gr\u00f6\u00dferen Anteil ihres Budgets f\u00fcr Lebensmittel ausgeben m\u00fcssen.<\/p>\n<p>Der Pr\u00e4sident der Weltbank sagte, dass die Knappheit an Lebensmitteln, Energie und auch D\u00fcngemitteln, welche f\u00fcr die Aussaat im n\u00e4chsten Agrarzyklus essenziell seien, eine &#8220;Lebensmittelunsicherheitskrise schaffen w\u00fcrden, die mindestens einige Monate andauern und sich vermutlich bis ins n\u00e4chste Jahr&#8221; erstrecken werde.<\/p>\n<p>Zudem mahnte Malpass:<\/p>\n<blockquote>\n<p><em>&#8220;Das Nahrungsmittelproblem ist ernst &#8230; Die Preise verdr\u00e4ngen die \u00c4rmsten (vom Lebensmittelmarkt), so dass es die Menschen in den armen L\u00e4ndern und vor allem in den l\u00e4ndlichen Gebieten am h\u00e4rtesten trifft. Es besteht auch die Tendenz, zu weniger nahrhaften Lebensmitteln zu greifen, wenn keine anderen Lebensmittel auf dem Speiseplan stehen.&#8221;<\/em><\/p>\n<\/blockquote>\n<div class=\"ReadMore-root Section-root Section-is1to3-xs_is1to1\" data-widgets=\"ReadMore\" data-has-alias>\n<div class=\"Section-container Section-isRow-isTop-isWrap\">\n<article class=\"Card-root Card-is1to1 \">\n<div class=\"Card-imageWrap\">\n<div class=\"Card-picture\">\n<picture class=\"Picture-root Picture-default\"><!--[if IE 9]><video style=\"display: none;\"><![endif]--><source media=\"(-webkit-min-device-pixel-ratio: 2) and (min-resolution: 120dpi)\" data-srcset=\" \nhttps:\/\/cdni.russiatoday.com\/deutsch\/images\/2022.04\/thumbnail\/6257e6c248fbef15507875a0.jpg 850w,\n                https:\/\/cdni.russiatoday.com\/deutsch\/images\/2022.04\/article\/6257e6c248fbef15507875a0.jpg 1960w,\n            \" srcset=\"data:image\/png;base64,iVBORw0KGgoAAAANSUhEUgAAABAAAAAJCAQAAACRI2S5AAAAEElEQVR42mNkIAAYRxWAAQAG9gAKqv6+AwAAAABJRU5ErkJggg==\"><source data-srcset=\" \nhttps:\/\/cdni.russiatoday.com\/deutsch\/images\/2022.04\/thumbnail\/6257e6c248fbef15507875a0.jpg 460w,\n              https:\/\/cdni.russiatoday.com\/deutsch\/images\/2022.04\/article\/6257e6c248fbef15507875a0.jpg 980w,\n            \" srcset=\"data:image\/png;base64,iVBORw0KGgoAAAANSUhEUgAAABAAAAAJCAQAAACRI2S5AAAAEElEQVR42mNkIAAYRxWAAQAG9gAKqv6+AwAAAABJRU5ErkJggg==\"><!--[if IE 9]><\/video><![endif]--><img decoding=\"async\" data-sizes=\"auto\" src=\"data:image\/png;base64,iVBORw0KGgoAAAANSUhEUgAAABAAAAAJCAQAAACRI2S5AAAAEElEQVR42mNkIAAYRxWAAQAG9gAKqv6+AwAAAABJRU5ErkJggg==\" class=\"Picture-root Picture-default lazyload\" data-src=\"https:\/\/cdni.russiatoday.com\/deutsch\/images\/2022.04\/thumbnail\/6257e6c248fbef15507875a0.jpg\" alt=\"Internationale Organisationen warnen vor globaler Lebensmittelknappheit\"><\/source><\/source><\/picture><!-- noscript pattern --><noscript><img decoding=\"async\" src=\"https:\/\/cdni.russiatoday.com\/deutsch\/images\/2022.04\/article\/6257e6c248fbef15507875a0.jpg\" alt=\"Internationale Organisationen warnen vor globaler Lebensmittelknappheit\"><\/noscript>    <\/div><\/div>\n<div class=\"Card-contentWrap\">\n<div class=\"Card-content\">\n<div class=\"Card-title\">\n<div class=\"HeaderNews-root HeaderNews-type_6 \">\n<p>            <a target=\"_blank\" href=\"https:\/\/de.rt.com\/international\/136203-internationale-organisationen-warnen-vor-globaler\/\" class=\"Link-root Link-isFullCard \" rel=\"noopener\"><br \/>\n                Internationale Organisationen warnen vor globaler Lebensmittelknappheit<br \/>\n            <\/a><\/p><\/div><\/div><\/div><\/div>\n<\/article>\n<\/div><\/div>\n<p>Ein positiver Aspekt in der aktuellen Krise sei, dass es global gro\u00dfe Reserven an Lebensmitteln gebe. Sollten diese im Verlauf der Zeit freigegeben werden, k\u00f6nne man die Krise abmildern.<\/p>\n<p>Der Weltbankchef merkte an, es habe w\u00e4hrend des Fr\u00fchlingstreffens des IWF und der Weltbank am Dienstag &#8220;substanzielle&#8221; Gespr\u00e4che \u00fcber Lebensmittelsicherheit gegeben, wobei er sich jedoch skeptisch \u00fcber die M\u00f6glichkeit einer internationalen Verst\u00e4ndigung zu dem Thema \u00e4u\u00dferte. Stattdessen setze er auf einzelstaatliche L\u00f6sungen:<\/p>\n<blockquote>\n<p><em>&#8220;Ich hoffe und erwarte, dass viele L\u00e4nder mit individuellen L\u00f6sungen zur Linderung der Nahrungsmittel- und D\u00fcngemittelkrise beitragen werden.&#8221;<\/em><\/p>\n<\/blockquote>\n<p>Malpass erkl\u00e4rte, die Weltbank rechne im Zuge der Lebensmittelkrise damit, in den n\u00e4chsten 15 Monaten 170 Milliarden US-Dollar (155 Milliarden Euro) an Krediten zur Verf\u00fcgung zu stellen. Das w\u00e4re das gr\u00f6\u00dfte Kreditprogramm in der Geschichte dieses internationalen Geldgebers.<\/p>\n<p>Der US-\u00d6konom rief die Politiker in allen Staaten zudem dazu auf, die Kapitalverteilung bei globalen G\u00fctern zu verbessern, da die jetzige Verteilung zu einer tiefen und sich verschlimmernden Ungleichheit f\u00fchre:<\/p>\n<blockquote>\n<p><em>&#8220;Das bedeutet, dass mehr L\u00e4nder weiter zur\u00fcckfallen, keine Fortschritte machen und nicht die notwendigen Investitionen t\u00e4tigen. Dies ist zum Teil auf die Makropolitik der fortgeschrittenen Volkswirtschaften zur\u00fcckzuf\u00fchren. Sie haben sich sehr stark auf den globalen Kapitalm\u00e4rkten verschuldet, so dass f\u00fcr andere L\u00e4nder weniger \u00fcbrig bleibt.&#8221;<\/em><\/p>\n<\/blockquote>\n<p>Dieser Umstand sei verbesserungsf\u00e4hig, so Malpass.<\/p>\n<p><strong>Mehr zum Thema<\/strong> \u2013 <a target=\"_blank\" href=\"https:\/\/de.rt.com\/international\/135777-welternahrungsorganisation-lebensmittelpreise-erreichen-rekordhoch\/\" rel=\"noopener\">Weltern\u00e4hrungsorganisation: Lebensmittelpreise erreichen Rekordhoch<\/a><\/p>\n<\/div>\n<p><br \/>\n<br \/><a href=\"https:\/\/de.rt.com\/international\/136679-weltbankchef-warnt-globale-lebensmittelkrise-konnte\/\">Source link <\/a><\/p>\n","protected":false},"excerpt":{"rendered":"<p>Der US-amerikanische Pr\u00e4sident der Weltbank David Malpass hat am Mittwoch gewarnt, die globale Lebensmittelkrise werde f\u00fcr mehrere Monate andauern und sich wahrscheinlich sogar bis in das n\u00e4chste Jahr erstrecken, wie die chinesische Nachrichtenagentur Xinhua berichtet. Der Republikaner Malpass f\u00fchrte die weltweiten Preissteigerungen auf den Krieg in der Ukraine zur\u00fcck, der die Lebensmittelpreise in die H\u00f6he [&hellip;]<\/p>\n","protected":false},"author":3,"featured_media":2106,"comment_status":"open","ping_status":"open","sticky":false,"template":"","format":"standard","meta":{"wp_automatic_camp":["217"],"6d89d90b2fd898635cc35232953bcd59":["Weltbankchef warnt: Globale Lebensmittelkrise k\u00f6nnte bis in das n\u00e4chste Jahr andauern"],"original_link":["https:\/\/de.rt.com\/international\/136679-weltbankchef-warnt-globale-lebensmittelkrise-konnte\/"],"_thumbnail_id":["2106"],"wp_automatic_remove_first_image":["yes"],"_wptg_p2tg_sent2tg":["2022-04-21 12:25:37"],"jnews_social_counter_last_update":["1777212045"]},"categories":[19,23],"tags":[6040,843,427,2025,1615,970,6039,5590,912,6038],"yoast_head":"<!-- This site is optimized with the Yoast SEO Premium plugin v22.7 (Yoast SEO v22.7) - https:\/\/yoast.com\/wordpress\/plugins\/seo\/ -->\n<title>Weltbankchef warnt: Globale Lebensmittelkrise k\u00f6nnte bis in das n\u00e4chste Jahr andauern - just-now.NEWS Deutschland<\/title>\n<meta name=\"robots\" content=\"index, follow, max-snippet:-1, max-image-preview:large, max-video-preview:-1\" \/>\n<link rel=\"canonical\" href=\"https:\/\/now-news.de\/de\/deutschland\/weltbankchef-warnt-globale-lebensmittelkrise-koennte-bis-in-das-naechste-jahr-andauern\/\" \/>\n<meta property=\"og:locale\" content=\"de_DE\" \/>\n<meta property=\"og:type\" content=\"article\" \/>\n<meta property=\"og:title\" content=\"Weltbankchef warnt: Globale Lebensmittelkrise k\u00f6nnte bis in das n\u00e4chste Jahr andauern\" \/>\n<meta property=\"og:description\" content=\"Der US-amerikanische Pr\u00e4sident der Weltbank David Malpass hat am Mittwoch gewarnt, die globale Lebensmittelkrise werde f\u00fcr mehrere Monate andauern und sich wahrscheinlich sogar bis in das n\u00e4chste Jahr erstrecken, wie die chinesische Nachrichtenagentur Xinhua berichtet. Der Republikaner Malpass f\u00fchrte die weltweiten Preissteigerungen auf den Krieg in der Ukraine zur\u00fcck, der die Lebensmittelpreise in die H\u00f6he [&hellip;]\" \/>\n<meta property=\"og:url\" content=\"https:\/\/now-news.de\/de\/deutschland\/weltbankchef-warnt-globale-lebensmittelkrise-koennte-bis-in-das-naechste-jahr-andauern\/\" \/>\n<meta property=\"og:site_name\" content=\"just-now.NEWS Deutschland\" \/>\n<meta property=\"article:publisher\" content=\"https:\/\/www.facebook.com\/wirmachenauf\" \/>\n<meta property=\"article:published_time\" content=\"2022-04-21T13:20:12+00:00\" \/>\n<meta property=\"og:image\" content=\"https:\/\/now-news.de\/de\/wp-content\/uploads\/sites\/3\/2022\/04\/Weltbankchef-warnt-Globale-Lebensmittelkrise-koennte-bis-in-das-naechste-Jahr.jpg\" \/>\n\t<meta property=\"og:image:width\" content=\"1104\" \/>\n\t<meta property=\"og:image:height\" content=\"622\" \/>\n\t<meta property=\"og:image:type\" content=\"image\/jpeg\" \/>\n<meta name=\"author\" content=\"rtnews\" \/>\n<meta name=\"twitter:card\" content=\"summary_large_image\" \/>\n<meta name=\"twitter:creator\" content=\"@WirMachenAuf_de\" \/>\n<meta name=\"twitter:site\" content=\"@WirMachenAuf_de\" \/>\n<meta name=\"twitter:label1\" content=\"Verfasst von\" \/>\n\t<meta name=\"twitter:data1\" content=\"rtnews\" \/>\n\t<meta name=\"twitter:label2\" content=\"Gesch\u00e4tzte Lesezeit\" \/>\n\t<meta name=\"twitter:data2\" content=\"3\u00a0Minuten\" \/>\n<script type=\"application\/ld+json\" class=\"yoast-schema-graph\">{\"@context\":\"https:\/\/schema.org\",\"@graph\":[{\"@type\":\"Article\",\"@id\":\"https:\/\/now-news.de\/de\/deutschland\/weltbankchef-warnt-globale-lebensmittelkrise-koennte-bis-in-das-naechste-jahr-andauern\/#article\",\"isPartOf\":{\"@id\":\"https:\/\/now-news.de\/de\/deutschland\/weltbankchef-warnt-globale-lebensmittelkrise-koennte-bis-in-das-naechste-jahr-andauern\/\"},\"author\":{\"name\":\"rtnews\",\"@id\":\"https:\/\/now-news.de\/de\/#\/schema\/person\/fb534a4e865501d8b3285208df34a9b5\"},\"headline\":\"Weltbankchef warnt: Globale Lebensmittelkrise k\u00f6nnte bis in das n\u00e4chste Jahr andauern\",\"datePublished\":\"2022-04-21T13:20:12+00:00\",\"dateModified\":\"2022-04-21T13:20:12+00:00\",\"mainEntityOfPage\":{\"@id\":\"https:\/\/now-news.de\/de\/deutschland\/weltbankchef-warnt-globale-lebensmittelkrise-koennte-bis-in-das-naechste-jahr-andauern\/\"},\"wordCount\":540,\"commentCount\":0,\"publisher\":{\"@id\":\"https:\/\/now-news.de\/de\/#organization\"},\"image\":{\"@id\":\"https:\/\/now-news.de\/de\/deutschland\/weltbankchef-warnt-globale-lebensmittelkrise-koennte-bis-in-das-naechste-jahr-andauern\/#primaryimage\"},\"thumbnailUrl\":\"https:\/\/now-news.de\/de\/wp-content\/uploads\/sites\/3\/2022\/04\/Weltbankchef-warnt-Globale-Lebensmittelkrise-koennte-bis-in-das-naechste-Jahr.jpg\",\"keywords\":[\"andauern\",\"bis\",\"das\",\"globale\",\"Jahr\",\"K\u00f6nnte\",\"Lebensmittelkrise\",\"n\u00e4chste\",\"warnt\",\"Weltbankchef\"],\"articleSection\":[\"Deutschland\",\"Russland\"],\"inLanguage\":\"de\",\"potentialAction\":[{\"@type\":\"CommentAction\",\"name\":\"Comment\",\"target\":[\"https:\/\/now-news.de\/de\/deutschland\/weltbankchef-warnt-globale-lebensmittelkrise-koennte-bis-in-das-naechste-jahr-andauern\/#respond\"]}]},{\"@type\":\"WebPage\",\"@id\":\"https:\/\/now-news.de\/de\/deutschland\/weltbankchef-warnt-globale-lebensmittelkrise-koennte-bis-in-das-naechste-jahr-andauern\/\",\"url\":\"https:\/\/now-news.de\/de\/deutschland\/weltbankchef-warnt-globale-lebensmittelkrise-koennte-bis-in-das-naechste-jahr-andauern\/\",\"name\":\"Weltbankchef warnt: Globale Lebensmittelkrise k\u00f6nnte bis in das n\u00e4chste Jahr andauern - just-now.NEWS Deutschland\",\"isPartOf\":{\"@id\":\"https:\/\/now-news.de\/de\/#website\"},\"primaryImageOfPage\":{\"@id\":\"https:\/\/now-news.de\/de\/deutschland\/weltbankchef-warnt-globale-lebensmittelkrise-koennte-bis-in-das-naechste-jahr-andauern\/#primaryimage\"},\"image\":{\"@id\":\"https:\/\/now-news.de\/de\/deutschland\/weltbankchef-warnt-globale-lebensmittelkrise-koennte-bis-in-das-naechste-jahr-andauern\/#primaryimage\"},\"thumbnailUrl\":\"https:\/\/now-news.de\/de\/wp-content\/uploads\/sites\/3\/2022\/04\/Weltbankchef-warnt-Globale-Lebensmittelkrise-koennte-bis-in-das-naechste-Jahr.jpg\",\"datePublished\":\"2022-04-21T13:20:12+00:00\",\"dateModified\":\"2022-04-21T13:20:12+00:00\",\"breadcrumb\":{\"@id\":\"https:\/\/now-news.de\/de\/deutschland\/weltbankchef-warnt-globale-lebensmittelkrise-koennte-bis-in-das-naechste-jahr-andauern\/#breadcrumb\"},\"inLanguage\":\"de\",\"potentialAction\":[{\"@type\":\"ReadAction\",\"target\":[\"https:\/\/now-news.de\/de\/deutschland\/weltbankchef-warnt-globale-lebensmittelkrise-koennte-bis-in-das-naechste-jahr-andauern\/\"]}]},{\"@type\":\"ImageObject\",\"inLanguage\":\"de\",\"@id\":\"https:\/\/now-news.de\/de\/deutschland\/weltbankchef-warnt-globale-lebensmittelkrise-koennte-bis-in-das-naechste-jahr-andauern\/#primaryimage\",\"url\":\"https:\/\/now-news.de\/de\/wp-content\/uploads\/sites\/3\/2022\/04\/Weltbankchef-warnt-Globale-Lebensmittelkrise-koennte-bis-in-das-naechste-Jahr.jpg\",\"contentUrl\":\"https:\/\/now-news.de\/de\/wp-content\/uploads\/sites\/3\/2022\/04\/Weltbankchef-warnt-Globale-Lebensmittelkrise-koennte-bis-in-das-naechste-Jahr.jpg\",\"width\":1104,\"height\":622,\"caption\":\"Weltbankchef warnt: Globale Lebensmittelkrise k\u00f6nnte bis in das n\u00e4chste Jahr andauern\"},{\"@type\":\"BreadcrumbList\",\"@id\":\"https:\/\/now-news.de\/de\/deutschland\/weltbankchef-warnt-globale-lebensmittelkrise-koennte-bis-in-das-naechste-jahr-andauern\/#breadcrumb\",\"itemListElement\":[{\"@type\":\"ListItem\",\"position\":1,\"name\":\"Home\",\"item\":\"https:\/\/now-news.de\/de\/\"},{\"@type\":\"ListItem\",\"position\":2,\"name\":\"Weltbankchef warnt: Globale Lebensmittelkrise k\u00f6nnte bis in das n\u00e4chste Jahr andauern\"}]},{\"@type\":\"WebSite\",\"@id\":\"https:\/\/now-news.de\/de\/#website\",\"url\":\"https:\/\/now-news.de\/de\/\",\"name\":\"just-now.NEWS Deutschland\",\"description\":\"Das Portal f\u00fcr unzensierte Nachrichten aus der Welt\",\"publisher\":{\"@id\":\"https:\/\/now-news.de\/de\/#organization\"},\"potentialAction\":[{\"@type\":\"SearchAction\",\"target\":{\"@type\":\"EntryPoint\",\"urlTemplate\":\"https:\/\/now-news.de\/de\/?s={search_term_string}\"},\"query-input\":\"required name=search_term_string\"}],\"inLanguage\":\"de\"},{\"@type\":\"Organization\",\"@id\":\"https:\/\/now-news.de\/de\/#organization\",\"name\":\"Just Now News\",\"url\":\"https:\/\/now-news.de\/de\/\",\"logo\":{\"@type\":\"ImageObject\",\"inLanguage\":\"de\",\"@id\":\"https:\/\/now-news.de\/de\/#\/schema\/logo\/image\/\",\"url\":\"http:\/\/just-now.news\/de\/wp-content\/uploads\/sites\/3\/2022\/04\/logo500x500.jpg\",\"contentUrl\":\"http:\/\/just-now.news\/de\/wp-content\/uploads\/sites\/3\/2022\/04\/logo500x500.jpg\",\"width\":500,\"height\":500,\"caption\":\"Just Now News\"},\"image\":{\"@id\":\"https:\/\/now-news.de\/de\/#\/schema\/logo\/image\/\"},\"sameAs\":[\"https:\/\/www.facebook.com\/wirmachenauf\",\"https:\/\/x.com\/WirMachenAuf_de\"]},{\"@type\":\"Person\",\"@id\":\"https:\/\/now-news.de\/de\/#\/schema\/person\/fb534a4e865501d8b3285208df34a9b5\",\"name\":\"rtnews\",\"image\":{\"@type\":\"ImageObject\",\"inLanguage\":\"de\",\"@id\":\"https:\/\/now-news.de\/de\/#\/schema\/person\/image\/\",\"url\":\"https:\/\/secure.gravatar.com\/avatar\/82aafea7d8127119dd649515f56e2117?s=96&d=mm&r=g\",\"contentUrl\":\"https:\/\/secure.gravatar.com\/avatar\/82aafea7d8127119dd649515f56e2117?s=96&d=mm&r=g\",\"caption\":\"rtnews\"},\"url\":\"https:\/\/now-news.de\/de\/author\/rnews\/\"}]}<\/script>\n<!-- \/ Yoast SEO Premium plugin. -->","yoast_head_json":{"title":"Weltbankchef warnt: Globale Lebensmittelkrise k\u00f6nnte bis in das n\u00e4chste Jahr andauern - just-now.NEWS Deutschland","robots":{"index":"index","follow":"follow","max-snippet":"max-snippet:-1","max-image-preview":"max-image-preview:large","max-video-preview":"max-video-preview:-1"},"canonical":"https:\/\/now-news.de\/de\/deutschland\/weltbankchef-warnt-globale-lebensmittelkrise-koennte-bis-in-das-naechste-jahr-andauern\/","og_locale":"de_DE","og_type":"article","og_title":"Weltbankchef warnt: Globale Lebensmittelkrise k\u00f6nnte bis in das n\u00e4chste Jahr andauern","og_description":"Der US-amerikanische Pr\u00e4sident der Weltbank David Malpass hat am Mittwoch gewarnt, die globale Lebensmittelkrise werde f\u00fcr mehrere Monate andauern und sich wahrscheinlich sogar bis in das n\u00e4chste Jahr erstrecken, wie die chinesische Nachrichtenagentur Xinhua berichtet. Der Republikaner Malpass f\u00fchrte die weltweiten Preissteigerungen auf den Krieg in der Ukraine zur\u00fcck, der die Lebensmittelpreise in die H\u00f6he [&hellip;]","og_url":"https:\/\/now-news.de\/de\/deutschland\/weltbankchef-warnt-globale-lebensmittelkrise-koennte-bis-in-das-naechste-jahr-andauern\/","og_site_name":"just-now.NEWS Deutschland","article_publisher":"https:\/\/www.facebook.com\/wirmachenauf","article_published_time":"2022-04-21T13:20:12+00:00","og_image":[{"width":1104,"height":622,"url":"https:\/\/now-news.de\/de\/wp-content\/uploads\/sites\/3\/2022\/04\/Weltbankchef-warnt-Globale-Lebensmittelkrise-koennte-bis-in-das-naechste-Jahr.jpg","type":"image\/jpeg"}],"author":"rtnews","twitter_card":"summary_large_image","twitter_creator":"@WirMachenAuf_de","twitter_site":"@WirMachenAuf_de","twitter_misc":{"Verfasst von":"rtnews","Gesch\u00e4tzte Lesezeit":"3\u00a0Minuten"},"schema":{"@context":"https:\/\/schema.org","@graph":[{"@type":"Article","@id":"https:\/\/now-news.de\/de\/deutschland\/weltbankchef-warnt-globale-lebensmittelkrise-koennte-bis-in-das-naechste-jahr-andauern\/#article","isPartOf":{"@id":"https:\/\/now-news.de\/de\/deutschland\/weltbankchef-warnt-globale-lebensmittelkrise-koennte-bis-in-das-naechste-jahr-andauern\/"},"author":{"name":"rtnews","@id":"https:\/\/now-news.de\/de\/#\/schema\/person\/fb534a4e865501d8b3285208df34a9b5"},"headline":"Weltbankchef warnt: Globale Lebensmittelkrise k\u00f6nnte bis in das n\u00e4chste Jahr andauern","datePublished":"2022-04-21T13:20:12+00:00","dateModified":"2022-04-21T13:20:12+00:00","mainEntityOfPage":{"@id":"https:\/\/now-news.de\/de\/deutschland\/weltbankchef-warnt-globale-lebensmittelkrise-koennte-bis-in-das-naechste-jahr-andauern\/"},"wordCount":540,"commentCount":0,"publisher":{"@id":"https:\/\/now-news.de\/de\/#organization"},"image":{"@id":"https:\/\/now-news.de\/de\/deutschland\/weltbankchef-warnt-globale-lebensmittelkrise-koennte-bis-in-das-naechste-jahr-andauern\/#primaryimage"},"thumbnailUrl":"https:\/\/now-news.de\/de\/wp-content\/uploads\/sites\/3\/2022\/04\/Weltbankchef-warnt-Globale-Lebensmittelkrise-koennte-bis-in-das-naechste-Jahr.jpg","keywords":["andauern","bis","das","globale","Jahr","K\u00f6nnte","Lebensmittelkrise","n\u00e4chste","warnt","Weltbankchef"],"articleSection":["Deutschland","Russland"],"inLanguage":"de","potentialAction":[{"@type":"CommentAction","name":"Comment","target":["https:\/\/now-news.de\/de\/deutschland\/weltbankchef-warnt-globale-lebensmittelkrise-koennte-bis-in-das-naechste-jahr-andauern\/#respond"]}]},{"@type":"WebPage","@id":"https:\/\/now-news.de\/de\/deutschland\/weltbankchef-warnt-globale-lebensmittelkrise-koennte-bis-in-das-naechste-jahr-andauern\/","url":"https:\/\/now-news.de\/de\/deutschland\/weltbankchef-warnt-globale-lebensmittelkrise-koennte-bis-in-das-naechste-jahr-andauern\/","name":"Weltbankchef warnt: Globale Lebensmittelkrise k\u00f6nnte bis in das n\u00e4chste Jahr andauern - just-now.NEWS Deutschland","isPartOf":{"@id":"https:\/\/now-news.de\/de\/#website"},"primaryImageOfPage":{"@id":"https:\/\/now-news.de\/de\/deutschland\/weltbankchef-warnt-globale-lebensmittelkrise-koennte-bis-in-das-naechste-jahr-andauern\/#primaryimage"},"image":{"@id":"https:\/\/now-news.de\/de\/deutschland\/weltbankchef-warnt-globale-lebensmittelkrise-koennte-bis-in-das-naechste-jahr-andauern\/#primaryimage"},"thumbnailUrl":"https:\/\/now-news.de\/de\/wp-content\/uploads\/sites\/3\/2022\/04\/Weltbankchef-warnt-Globale-Lebensmittelkrise-koennte-bis-in-das-naechste-Jahr.jpg","datePublished":"2022-04-21T13:20:12+00:00","dateModified":"2022-04-21T13:20:12+00:00","breadcrumb":{"@id":"https:\/\/now-news.de\/de\/deutschland\/weltbankchef-warnt-globale-lebensmittelkrise-koennte-bis-in-das-naechste-jahr-andauern\/#breadcrumb"},"inLanguage":"de","potentialAction":[{"@type":"ReadAction","target":["https:\/\/now-news.de\/de\/deutschland\/weltbankchef-warnt-globale-lebensmittelkrise-koennte-bis-in-das-naechste-jahr-andauern\/"]}]},{"@type":"ImageObject","inLanguage":"de","@id":"https:\/\/now-news.de\/de\/deutschland\/weltbankchef-warnt-globale-lebensmittelkrise-koennte-bis-in-das-naechste-jahr-andauern\/#primaryimage","url":"https:\/\/now-news.de\/de\/wp-content\/uploads\/sites\/3\/2022\/04\/Weltbankchef-warnt-Globale-Lebensmittelkrise-koennte-bis-in-das-naechste-Jahr.jpg","contentUrl":"https:\/\/now-news.de\/de\/wp-content\/uploads\/sites\/3\/2022\/04\/Weltbankchef-warnt-Globale-Lebensmittelkrise-koennte-bis-in-das-naechste-Jahr.jpg","width":1104,"height":622,"caption":"Weltbankchef warnt: Globale Lebensmittelkrise k\u00f6nnte bis in das n\u00e4chste Jahr andauern"},{"@type":"BreadcrumbList","@id":"https:\/\/now-news.de\/de\/deutschland\/weltbankchef-warnt-globale-lebensmittelkrise-koennte-bis-in-das-naechste-jahr-andauern\/#breadcrumb","itemListElement":[{"@type":"ListItem","position":1,"name":"Home","item":"https:\/\/now-news.de\/de\/"},{"@type":"ListItem","position":2,"name":"Weltbankchef warnt: Globale Lebensmittelkrise k\u00f6nnte bis in das n\u00e4chste Jahr andauern"}]},{"@type":"WebSite","@id":"https:\/\/now-news.de\/de\/#website","url":"https:\/\/now-news.de\/de\/","name":"just-now.NEWS Deutschland","description":"Das Portal f\u00fcr unzensierte Nachrichten aus der Welt","publisher":{"@id":"https:\/\/now-news.de\/de\/#organization"},"potentialAction":[{"@type":"SearchAction","target":{"@type":"EntryPoint","urlTemplate":"https:\/\/now-news.de\/de\/?s={search_term_string}"},"query-input":"required name=search_term_string"}],"inLanguage":"de"},{"@type":"Organization","@id":"https:\/\/now-news.de\/de\/#organization","name":"Just Now News","url":"https:\/\/now-news.de\/de\/","logo":{"@type":"ImageObject","inLanguage":"de","@id":"https:\/\/now-news.de\/de\/#\/schema\/logo\/image\/","url":"http:\/\/just-now.news\/de\/wp-content\/uploads\/sites\/3\/2022\/04\/logo500x500.jpg","contentUrl":"http:\/\/just-now.news\/de\/wp-content\/uploads\/sites\/3\/2022\/04\/logo500x500.jpg","width":500,"height":500,"caption":"Just Now News"},"image":{"@id":"https:\/\/now-news.de\/de\/#\/schema\/logo\/image\/"},"sameAs":["https:\/\/www.facebook.com\/wirmachenauf","https:\/\/x.com\/WirMachenAuf_de"]},{"@type":"Person","@id":"https:\/\/now-news.de\/de\/#\/schema\/person\/fb534a4e865501d8b3285208df34a9b5","name":"rtnews","image":{"@type":"ImageObject","inLanguage":"de","@id":"https:\/\/now-news.de\/de\/#\/schema\/person\/image\/","url":"https:\/\/secure.gravatar.com\/avatar\/82aafea7d8127119dd649515f56e2117?s=96&d=mm&r=g","contentUrl":"https:\/\/secure.gravatar.com\/avatar\/82aafea7d8127119dd649515f56e2117?s=96&d=mm&r=g","caption":"rtnews"},"url":"https:\/\/now-news.de\/de\/author\/rnews\/"}]}},"_links":{"self":[{"href":"https:\/\/now-news.de\/de\/wp-json\/wp\/v2\/posts\/2105"}],"collection":[{"href":"https:\/\/now-news.de\/de\/wp-json\/wp\/v2\/posts"}],"about":[{"href":"https:\/\/now-news.de\/de\/wp-json\/wp\/v2\/types\/post"}],"author":[{"embeddable":true,"href":"https:\/\/now-news.de\/de\/wp-json\/wp\/v2\/users\/3"}],"replies":[{"embeddable":true,"href":"https:\/\/now-news.de\/de\/wp-json\/wp\/v2\/comments?post=2105"}],"version-history":[{"count":0,"href":"https:\/\/now-news.de\/de\/wp-json\/wp\/v2\/posts\/2105\/revisions"}],"wp:featuredmedia":[{"embeddable":true,"href":"https:\/\/now-news.de\/de\/wp-json\/wp\/v2\/media\/2106"}],"wp:attachment":[{"href":"https:\/\/now-news.de\/de\/wp-json\/wp\/v2\/media?parent=2105"}],"wp:term":[{"taxonomy":"category","embeddable":true,"href":"https:\/\/now-news.de\/de\/wp-json\/wp\/v2\/categories?post=2105"},{"taxonomy":"post_tag","embeddable":true,"href":"https:\/\/now-news.de\/de\/wp-json\/wp\/v2\/tags?post=2105"}],"curies":[{"name":"wp","href":"https:\/\/api.w.org\/{rel}","templated":true}]}}