{"id":21027,"date":"2022-10-14T13:54:38","date_gmt":"2022-10-14T11:54:38","guid":{"rendered":"http:\/\/just-now.news\/de\/deutschland\/macron-frankreich-wird-nicht-mit-atomwaffen-gegen-russland-reagieren\/"},"modified":"2022-10-14T13:54:38","modified_gmt":"2022-10-14T11:54:38","slug":"macron-frankreich-wird-nicht-mit-atomwaffen-gegen-russland-reagieren","status":"publish","type":"post","link":"https:\/\/now-news.de\/de\/deutschland\/macron-frankreich-wird-nicht-mit-atomwaffen-gegen-russland-reagieren\/","title":{"rendered":"Macron: &quot;Frankreich wird nicht mit Atomwaffen gegen Russland reagieren&quot;"},"content":{"rendered":"<p><img decoding=\"async\" src=\"http:\/\/just-now.news\/de\/wp-content\/uploads\/sites\/3\/2022\/10\/634910bd48fbef0202378fc8.jpg\" \/><\/p>\n<p>Paris werde nicht mit Atomwaffen reagieren, sollte Russland solche gegen die Ukraine einsetzen, erkl\u00e4rte der franz\u00f6sische Pr\u00e4sident Emmanuel Macron. In einem Interview mit dem \u00f6ffentlich-rechtlichen Sender <em>France 2<\/em> sagte Macron am Mittwoch, sein Land habe eine klar definierte Nukleardoktrin, die auf den &#8220;grundlegenden Interessen der Nation&#8221; basiere. Macron zu der Doktrin:<\/p>\n<blockquote>\n<p><em>&#8220;Diese sind klar definiert und w\u00e4ren nicht direkt betroffen, wenn es zum Beispiel einen ballistischen Atomangriff in der Ukraine g\u00e4be.&#8221;<\/em><\/p>\n<\/blockquote>\n<p>Macron twitterte am Mittwoch auch, dass Frankreich &#8220;keinen Weltkrieg&#8221; wolle. Macrons \u00c4u\u00dferungen wurde vom ehemaligen franz\u00f6sischen Pr\u00e4sidenten Fran\u00e7ois Hollande kritisiert, der gegen\u00fcber dem Radiosender <em>FranceInfo<\/em> sagte, die Glaubw\u00fcrdigkeit der nuklearen Abschreckung beruhe darauf, &#8220;nichts zu sagen&#8221;, was das Land unter bestimmten Umst\u00e4nden tun k\u00f6nnte.<\/p>\n<p>Der konservative Abgeordnete Jean-Louis Thi\u00e9riot schloss sich dieser Meinung an und sagte gegen\u00fcber <em>Politico<\/em>, er sei fast vom Stuhl gefallen, als er Macrons Rede h\u00f6rte. Er sagte, es sollte immer &#8220;Ungewissheit dar\u00fcber herrschen, was als lebenswichtiges [franz\u00f6sisches] Interesse betrachtet wird&#8221;.<\/p>\n<p>Der Chef der EU-Au\u00dfenpolitik, Josep Borrell, sagte am Donnerstag, dass jeder nukleare Angriff auf die Ukraine eine starke Antwort des Westens nach sich ziehen w\u00fcrde, die die russische Armee &#8220;vernichten&#8221; w\u00fcrde. Er r\u00e4umte jedoch auch ein, dass es sich nicht um eine &#8220;nukleare Antwort&#8221; handeln w\u00fcrde.<\/p>\n<p><strong>USA lassen\u00a0die Frage offen<\/strong><\/p>\n<p>In einer Rede erkl\u00e4rte der russische Pr\u00e4sident Wladimir Putin, dass Moskau &#8220;alle ihm zur Verf\u00fcgung stehenden Mittel&#8221; einsetzen werde, wenn die territoriale Integrit\u00e4t Russlands bedroht sei \u2013 Worte, die im Westen als direkte nukleare Drohung interpretiert wurden.<\/p>\n<p>Die USA haben seitdem erkl\u00e4rt, dass sie keine Anzeichen daf\u00fcr sehen, dass Moskau den Einsatz von Atomwaffen in der Ukraine vorbereitet. Auf die Frage, wie die USA auf den Einsatz von Atomwaffen durch Russland reagieren w\u00fcrden, sagte Pr\u00e4sident Joe Biden in dieser Woche, es w\u00e4re &#8220;unverantwortlich&#8221;, wenn er dar\u00fcber sprechen w\u00fcrde, was er tun oder nicht tun w\u00fcrde.<\/p>\n<p>In dem Interview vom Mittwoch sagte Macron auch, dass Frankreich mehr Radare und Raketen schicken werde, um die Ukraine vor russischen Raketenangriffen zu sch\u00fctzen, nachdem in dieser Woche zahlreiche St\u00e4dte angegriffen worden waren. Paris hat bereits Haubitzen, tragbare Luftabwehrsysteme und schwere gepanzerte Fahrzeuge nach Kiew geliefert.<\/p>\n<p>Der franz\u00f6sische Pr\u00e4sident r\u00e4umte jedoch ein, dass sein Land nicht so viel geliefert habe, &#8220;wie die Ukrainer verlangt haben&#8221;, und wies darauf hin, dass er &#8220;verpflichtet sei, etwas f\u00fcr uns zu behalten, um uns selbst zu sch\u00fctzen&#8221;. Er denke dabei auch an die Ostflanke der NATO.<\/p>\n<p>Macron forderte Putin auf, &#8220;den Krieg zu beenden&#8221; und an den Verhandlungstisch zur\u00fcckzukehren, um Gespr\u00e4che mit der Ukraine zu f\u00fchren. W\u00e4hrend Kiew Verhandlungen mit Moskau ausgeschlossen hat, sagte Macron, dass dies &#8220;an einem gewissen Punkt&#8221; &#8220;notwendig&#8221; sei.<\/p>\n<p><strong>Mehr zum Thema<\/strong>\u00a0&#8211;\u00a0<a rel=\"nofollow noopener\" target=\"_blank\" href=\"https:\/\/de.rt.com\/kurzclips\/video\/151025-prasident-emmanuel-macron-kundigt-100\/\">100 Millionen Euro f\u00fcr R\u00fcstung: Emmanuel Macron k\u00fcndigt &#8220;Sonderfonds&#8221; f\u00fcr die Ukraine an<\/a><\/p>\n<p><br \/>\n<br \/><a href=\"https:\/\/de.rt.com\/international\/151563-macron-frankreich-wird-nicht-mit-atomwaffen-gegen-russland-reagieren\/\">Source link <\/a><\/p>\n","protected":false},"excerpt":{"rendered":"<p>Paris werde nicht mit Atomwaffen reagieren, sollte Russland solche gegen die Ukraine einsetzen, erkl\u00e4rte der franz\u00f6sische Pr\u00e4sident Emmanuel Macron. In einem Interview mit dem \u00f6ffentlich-rechtlichen Sender France 2 sagte Macron am Mittwoch, sein Land habe eine klar definierte Nukleardoktrin, die auf den &#8220;grundlegenden Interessen der Nation&#8221; basiere. Macron zu der Doktrin: &#8220;Diese sind klar definiert [&hellip;]<\/p>\n","protected":false},"author":3,"featured_media":21028,"comment_status":"open","ping_status":"open","sticky":false,"template":"","format":"standard","meta":{"wp_automatic_camp":["217"],"3ff32bf3374e61d9283f2f75ff6de800":["Macron: &quot;Frankreich wird nicht mit Atomwaffen gegen Russland reagieren&quot;"],"original_link":["https:\/\/de.rt.com\/international\/151563-macron-frankreich-wird-nicht-mit-atomwaffen-gegen-russland-reagieren\/"],"_thumbnail_id":["21028"],"_wptg_p2tg_sent2tg":["2022-10-14 14:08:35"],"jnews_social_counter_last_update":["1777347911"]},"categories":[19,23],"tags":[7620,278,1711,419,800,29648,8047,126,374],"yoast_head":"<!-- This site is optimized with the Yoast SEO Premium plugin v22.7 (Yoast SEO v22.7) - https:\/\/yoast.com\/wordpress\/plugins\/seo\/ -->\n<title>Macron: &quot;Frankreich wird nicht mit Atomwaffen gegen Russland reagieren&quot; - just-now.NEWS Deutschland<\/title>\n<meta name=\"robots\" content=\"index, follow, max-snippet:-1, max-image-preview:large, max-video-preview:-1\" \/>\n<link rel=\"canonical\" href=\"https:\/\/now-news.de\/de\/deutschland\/macron-frankreich-wird-nicht-mit-atomwaffen-gegen-russland-reagieren\/\" \/>\n<meta property=\"og:locale\" content=\"de_DE\" \/>\n<meta property=\"og:type\" content=\"article\" \/>\n<meta property=\"og:title\" content=\"Macron: &quot;Frankreich wird nicht mit Atomwaffen gegen Russland reagieren&quot;\" \/>\n<meta property=\"og:description\" content=\"Paris werde nicht mit Atomwaffen reagieren, sollte Russland solche gegen die Ukraine einsetzen, erkl\u00e4rte der franz\u00f6sische Pr\u00e4sident Emmanuel Macron. In einem Interview mit dem \u00f6ffentlich-rechtlichen Sender France 2 sagte Macron am Mittwoch, sein Land habe eine klar definierte Nukleardoktrin, die auf den &#8220;grundlegenden Interessen der Nation&#8221; basiere. Macron zu der Doktrin: &#8220;Diese sind klar definiert [&hellip;]\" \/>\n<meta property=\"og:url\" content=\"https:\/\/now-news.de\/de\/deutschland\/macron-frankreich-wird-nicht-mit-atomwaffen-gegen-russland-reagieren\/\" \/>\n<meta property=\"og:site_name\" content=\"just-now.NEWS Deutschland\" \/>\n<meta property=\"article:publisher\" content=\"https:\/\/www.facebook.com\/wirmachenauf\" \/>\n<meta property=\"article:published_time\" content=\"2022-10-14T11:54:38+00:00\" \/>\n<meta property=\"og:image\" content=\"https:\/\/now-news.de\/de\/wp-content\/uploads\/sites\/3\/2022\/10\/Macron-quotFrankreich-wird-nicht-mit-Atomwaffen-gegen-Russland-reagierenquot.jpg\" \/>\n\t<meta property=\"og:image:width\" content=\"460\" \/>\n\t<meta property=\"og:image:height\" content=\"259\" \/>\n\t<meta property=\"og:image:type\" content=\"image\/jpeg\" \/>\n<meta name=\"author\" content=\"rtnews\" \/>\n<meta name=\"twitter:card\" content=\"summary_large_image\" \/>\n<meta name=\"twitter:creator\" content=\"@WirMachenAuf_de\" \/>\n<meta name=\"twitter:site\" content=\"@WirMachenAuf_de\" \/>\n<meta name=\"twitter:label1\" content=\"Verfasst von\" \/>\n\t<meta name=\"twitter:data1\" content=\"rtnews\" \/>\n\t<meta name=\"twitter:label2\" content=\"Gesch\u00e4tzte Lesezeit\" \/>\n\t<meta name=\"twitter:data2\" content=\"2\u00a0Minuten\" \/>\n<script type=\"application\/ld+json\" class=\"yoast-schema-graph\">{\"@context\":\"https:\/\/schema.org\",\"@graph\":[{\"@type\":\"Article\",\"@id\":\"https:\/\/now-news.de\/de\/deutschland\/macron-frankreich-wird-nicht-mit-atomwaffen-gegen-russland-reagieren\/#article\",\"isPartOf\":{\"@id\":\"https:\/\/now-news.de\/de\/deutschland\/macron-frankreich-wird-nicht-mit-atomwaffen-gegen-russland-reagieren\/\"},\"author\":{\"name\":\"rtnews\",\"@id\":\"https:\/\/now-news.de\/de\/#\/schema\/person\/fb534a4e865501d8b3285208df34a9b5\"},\"headline\":\"Macron: &quot;Frankreich wird nicht mit Atomwaffen gegen Russland reagieren&quot;\",\"datePublished\":\"2022-10-14T11:54:38+00:00\",\"dateModified\":\"2022-10-14T11:54:38+00:00\",\"mainEntityOfPage\":{\"@id\":\"https:\/\/now-news.de\/de\/deutschland\/macron-frankreich-wird-nicht-mit-atomwaffen-gegen-russland-reagieren\/\"},\"wordCount\":508,\"commentCount\":0,\"publisher\":{\"@id\":\"https:\/\/now-news.de\/de\/#organization\"},\"image\":{\"@id\":\"https:\/\/now-news.de\/de\/deutschland\/macron-frankreich-wird-nicht-mit-atomwaffen-gegen-russland-reagieren\/#primaryimage\"},\"thumbnailUrl\":\"https:\/\/now-news.de\/de\/wp-content\/uploads\/sites\/3\/2022\/10\/Macron-quotFrankreich-wird-nicht-mit-Atomwaffen-gegen-Russland-reagierenquot.jpg\",\"keywords\":[\"Atomwaffen\",\"gegen\",\"macron\",\"mit\",\"nicht\",\"quotFrankreich\",\"reagierenquot\",\"russland\",\"wird\"],\"articleSection\":[\"Deutschland\",\"Russland\"],\"inLanguage\":\"de\",\"potentialAction\":[{\"@type\":\"CommentAction\",\"name\":\"Comment\",\"target\":[\"https:\/\/now-news.de\/de\/deutschland\/macron-frankreich-wird-nicht-mit-atomwaffen-gegen-russland-reagieren\/#respond\"]}]},{\"@type\":\"WebPage\",\"@id\":\"https:\/\/now-news.de\/de\/deutschland\/macron-frankreich-wird-nicht-mit-atomwaffen-gegen-russland-reagieren\/\",\"url\":\"https:\/\/now-news.de\/de\/deutschland\/macron-frankreich-wird-nicht-mit-atomwaffen-gegen-russland-reagieren\/\",\"name\":\"Macron: &quot;Frankreich wird nicht mit Atomwaffen gegen Russland reagieren&quot; - just-now.NEWS Deutschland\",\"isPartOf\":{\"@id\":\"https:\/\/now-news.de\/de\/#website\"},\"primaryImageOfPage\":{\"@id\":\"https:\/\/now-news.de\/de\/deutschland\/macron-frankreich-wird-nicht-mit-atomwaffen-gegen-russland-reagieren\/#primaryimage\"},\"image\":{\"@id\":\"https:\/\/now-news.de\/de\/deutschland\/macron-frankreich-wird-nicht-mit-atomwaffen-gegen-russland-reagieren\/#primaryimage\"},\"thumbnailUrl\":\"https:\/\/now-news.de\/de\/wp-content\/uploads\/sites\/3\/2022\/10\/Macron-quotFrankreich-wird-nicht-mit-Atomwaffen-gegen-Russland-reagierenquot.jpg\",\"datePublished\":\"2022-10-14T11:54:38+00:00\",\"dateModified\":\"2022-10-14T11:54:38+00:00\",\"breadcrumb\":{\"@id\":\"https:\/\/now-news.de\/de\/deutschland\/macron-frankreich-wird-nicht-mit-atomwaffen-gegen-russland-reagieren\/#breadcrumb\"},\"inLanguage\":\"de\",\"potentialAction\":[{\"@type\":\"ReadAction\",\"target\":[\"https:\/\/now-news.de\/de\/deutschland\/macron-frankreich-wird-nicht-mit-atomwaffen-gegen-russland-reagieren\/\"]}]},{\"@type\":\"ImageObject\",\"inLanguage\":\"de\",\"@id\":\"https:\/\/now-news.de\/de\/deutschland\/macron-frankreich-wird-nicht-mit-atomwaffen-gegen-russland-reagieren\/#primaryimage\",\"url\":\"https:\/\/now-news.de\/de\/wp-content\/uploads\/sites\/3\/2022\/10\/Macron-quotFrankreich-wird-nicht-mit-Atomwaffen-gegen-Russland-reagierenquot.jpg\",\"contentUrl\":\"https:\/\/now-news.de\/de\/wp-content\/uploads\/sites\/3\/2022\/10\/Macron-quotFrankreich-wird-nicht-mit-Atomwaffen-gegen-Russland-reagierenquot.jpg\",\"width\":460,\"height\":259,\"caption\":\"Macron: &quot;Frankreich wird nicht mit Atomwaffen gegen Russland reagieren&quot;\"},{\"@type\":\"BreadcrumbList\",\"@id\":\"https:\/\/now-news.de\/de\/deutschland\/macron-frankreich-wird-nicht-mit-atomwaffen-gegen-russland-reagieren\/#breadcrumb\",\"itemListElement\":[{\"@type\":\"ListItem\",\"position\":1,\"name\":\"Home\",\"item\":\"https:\/\/now-news.de\/de\/\"},{\"@type\":\"ListItem\",\"position\":2,\"name\":\"Macron: &quot;Frankreich wird nicht mit Atomwaffen gegen Russland reagieren&quot;\"}]},{\"@type\":\"WebSite\",\"@id\":\"https:\/\/now-news.de\/de\/#website\",\"url\":\"https:\/\/now-news.de\/de\/\",\"name\":\"just-now.NEWS Deutschland\",\"description\":\"Das Portal f\u00fcr unzensierte Nachrichten aus der Welt\",\"publisher\":{\"@id\":\"https:\/\/now-news.de\/de\/#organization\"},\"potentialAction\":[{\"@type\":\"SearchAction\",\"target\":{\"@type\":\"EntryPoint\",\"urlTemplate\":\"https:\/\/now-news.de\/de\/?s={search_term_string}\"},\"query-input\":\"required name=search_term_string\"}],\"inLanguage\":\"de\"},{\"@type\":\"Organization\",\"@id\":\"https:\/\/now-news.de\/de\/#organization\",\"name\":\"Just Now News\",\"url\":\"https:\/\/now-news.de\/de\/\",\"logo\":{\"@type\":\"ImageObject\",\"inLanguage\":\"de\",\"@id\":\"https:\/\/now-news.de\/de\/#\/schema\/logo\/image\/\",\"url\":\"http:\/\/just-now.news\/de\/wp-content\/uploads\/sites\/3\/2022\/04\/logo500x500.jpg\",\"contentUrl\":\"http:\/\/just-now.news\/de\/wp-content\/uploads\/sites\/3\/2022\/04\/logo500x500.jpg\",\"width\":500,\"height\":500,\"caption\":\"Just Now News\"},\"image\":{\"@id\":\"https:\/\/now-news.de\/de\/#\/schema\/logo\/image\/\"},\"sameAs\":[\"https:\/\/www.facebook.com\/wirmachenauf\",\"https:\/\/x.com\/WirMachenAuf_de\"]},{\"@type\":\"Person\",\"@id\":\"https:\/\/now-news.de\/de\/#\/schema\/person\/fb534a4e865501d8b3285208df34a9b5\",\"name\":\"rtnews\",\"image\":{\"@type\":\"ImageObject\",\"inLanguage\":\"de\",\"@id\":\"https:\/\/now-news.de\/de\/#\/schema\/person\/image\/\",\"url\":\"https:\/\/secure.gravatar.com\/avatar\/82aafea7d8127119dd649515f56e2117?s=96&d=mm&r=g\",\"contentUrl\":\"https:\/\/secure.gravatar.com\/avatar\/82aafea7d8127119dd649515f56e2117?s=96&d=mm&r=g\",\"caption\":\"rtnews\"},\"url\":\"https:\/\/now-news.de\/de\/author\/rnews\/\"}]}<\/script>\n<!-- \/ Yoast SEO Premium plugin. -->","yoast_head_json":{"title":"Macron: &quot;Frankreich wird nicht mit Atomwaffen gegen Russland reagieren&quot; - just-now.NEWS Deutschland","robots":{"index":"index","follow":"follow","max-snippet":"max-snippet:-1","max-image-preview":"max-image-preview:large","max-video-preview":"max-video-preview:-1"},"canonical":"https:\/\/now-news.de\/de\/deutschland\/macron-frankreich-wird-nicht-mit-atomwaffen-gegen-russland-reagieren\/","og_locale":"de_DE","og_type":"article","og_title":"Macron: &quot;Frankreich wird nicht mit Atomwaffen gegen Russland reagieren&quot;","og_description":"Paris werde nicht mit Atomwaffen reagieren, sollte Russland solche gegen die Ukraine einsetzen, erkl\u00e4rte der franz\u00f6sische Pr\u00e4sident Emmanuel Macron. In einem Interview mit dem \u00f6ffentlich-rechtlichen Sender France 2 sagte Macron am Mittwoch, sein Land habe eine klar definierte Nukleardoktrin, die auf den &#8220;grundlegenden Interessen der Nation&#8221; basiere. Macron zu der Doktrin: &#8220;Diese sind klar definiert [&hellip;]","og_url":"https:\/\/now-news.de\/de\/deutschland\/macron-frankreich-wird-nicht-mit-atomwaffen-gegen-russland-reagieren\/","og_site_name":"just-now.NEWS Deutschland","article_publisher":"https:\/\/www.facebook.com\/wirmachenauf","article_published_time":"2022-10-14T11:54:38+00:00","og_image":[{"width":460,"height":259,"url":"https:\/\/now-news.de\/de\/wp-content\/uploads\/sites\/3\/2022\/10\/Macron-quotFrankreich-wird-nicht-mit-Atomwaffen-gegen-Russland-reagierenquot.jpg","type":"image\/jpeg"}],"author":"rtnews","twitter_card":"summary_large_image","twitter_creator":"@WirMachenAuf_de","twitter_site":"@WirMachenAuf_de","twitter_misc":{"Verfasst von":"rtnews","Gesch\u00e4tzte Lesezeit":"2\u00a0Minuten"},"schema":{"@context":"https:\/\/schema.org","@graph":[{"@type":"Article","@id":"https:\/\/now-news.de\/de\/deutschland\/macron-frankreich-wird-nicht-mit-atomwaffen-gegen-russland-reagieren\/#article","isPartOf":{"@id":"https:\/\/now-news.de\/de\/deutschland\/macron-frankreich-wird-nicht-mit-atomwaffen-gegen-russland-reagieren\/"},"author":{"name":"rtnews","@id":"https:\/\/now-news.de\/de\/#\/schema\/person\/fb534a4e865501d8b3285208df34a9b5"},"headline":"Macron: &quot;Frankreich wird nicht mit Atomwaffen gegen Russland reagieren&quot;","datePublished":"2022-10-14T11:54:38+00:00","dateModified":"2022-10-14T11:54:38+00:00","mainEntityOfPage":{"@id":"https:\/\/now-news.de\/de\/deutschland\/macron-frankreich-wird-nicht-mit-atomwaffen-gegen-russland-reagieren\/"},"wordCount":508,"commentCount":0,"publisher":{"@id":"https:\/\/now-news.de\/de\/#organization"},"image":{"@id":"https:\/\/now-news.de\/de\/deutschland\/macron-frankreich-wird-nicht-mit-atomwaffen-gegen-russland-reagieren\/#primaryimage"},"thumbnailUrl":"https:\/\/now-news.de\/de\/wp-content\/uploads\/sites\/3\/2022\/10\/Macron-quotFrankreich-wird-nicht-mit-Atomwaffen-gegen-Russland-reagierenquot.jpg","keywords":["Atomwaffen","gegen","macron","mit","nicht","quotFrankreich","reagierenquot","russland","wird"],"articleSection":["Deutschland","Russland"],"inLanguage":"de","potentialAction":[{"@type":"CommentAction","name":"Comment","target":["https:\/\/now-news.de\/de\/deutschland\/macron-frankreich-wird-nicht-mit-atomwaffen-gegen-russland-reagieren\/#respond"]}]},{"@type":"WebPage","@id":"https:\/\/now-news.de\/de\/deutschland\/macron-frankreich-wird-nicht-mit-atomwaffen-gegen-russland-reagieren\/","url":"https:\/\/now-news.de\/de\/deutschland\/macron-frankreich-wird-nicht-mit-atomwaffen-gegen-russland-reagieren\/","name":"Macron: &quot;Frankreich wird nicht mit Atomwaffen gegen Russland reagieren&quot; - just-now.NEWS Deutschland","isPartOf":{"@id":"https:\/\/now-news.de\/de\/#website"},"primaryImageOfPage":{"@id":"https:\/\/now-news.de\/de\/deutschland\/macron-frankreich-wird-nicht-mit-atomwaffen-gegen-russland-reagieren\/#primaryimage"},"image":{"@id":"https:\/\/now-news.de\/de\/deutschland\/macron-frankreich-wird-nicht-mit-atomwaffen-gegen-russland-reagieren\/#primaryimage"},"thumbnailUrl":"https:\/\/now-news.de\/de\/wp-content\/uploads\/sites\/3\/2022\/10\/Macron-quotFrankreich-wird-nicht-mit-Atomwaffen-gegen-Russland-reagierenquot.jpg","datePublished":"2022-10-14T11:54:38+00:00","dateModified":"2022-10-14T11:54:38+00:00","breadcrumb":{"@id":"https:\/\/now-news.de\/de\/deutschland\/macron-frankreich-wird-nicht-mit-atomwaffen-gegen-russland-reagieren\/#breadcrumb"},"inLanguage":"de","potentialAction":[{"@type":"ReadAction","target":["https:\/\/now-news.de\/de\/deutschland\/macron-frankreich-wird-nicht-mit-atomwaffen-gegen-russland-reagieren\/"]}]},{"@type":"ImageObject","inLanguage":"de","@id":"https:\/\/now-news.de\/de\/deutschland\/macron-frankreich-wird-nicht-mit-atomwaffen-gegen-russland-reagieren\/#primaryimage","url":"https:\/\/now-news.de\/de\/wp-content\/uploads\/sites\/3\/2022\/10\/Macron-quotFrankreich-wird-nicht-mit-Atomwaffen-gegen-Russland-reagierenquot.jpg","contentUrl":"https:\/\/now-news.de\/de\/wp-content\/uploads\/sites\/3\/2022\/10\/Macron-quotFrankreich-wird-nicht-mit-Atomwaffen-gegen-Russland-reagierenquot.jpg","width":460,"height":259,"caption":"Macron: &quot;Frankreich wird nicht mit Atomwaffen gegen Russland reagieren&quot;"},{"@type":"BreadcrumbList","@id":"https:\/\/now-news.de\/de\/deutschland\/macron-frankreich-wird-nicht-mit-atomwaffen-gegen-russland-reagieren\/#breadcrumb","itemListElement":[{"@type":"ListItem","position":1,"name":"Home","item":"https:\/\/now-news.de\/de\/"},{"@type":"ListItem","position":2,"name":"Macron: &quot;Frankreich wird nicht mit Atomwaffen gegen Russland reagieren&quot;"}]},{"@type":"WebSite","@id":"https:\/\/now-news.de\/de\/#website","url":"https:\/\/now-news.de\/de\/","name":"just-now.NEWS Deutschland","description":"Das Portal f\u00fcr unzensierte Nachrichten aus der Welt","publisher":{"@id":"https:\/\/now-news.de\/de\/#organization"},"potentialAction":[{"@type":"SearchAction","target":{"@type":"EntryPoint","urlTemplate":"https:\/\/now-news.de\/de\/?s={search_term_string}"},"query-input":"required name=search_term_string"}],"inLanguage":"de"},{"@type":"Organization","@id":"https:\/\/now-news.de\/de\/#organization","name":"Just Now News","url":"https:\/\/now-news.de\/de\/","logo":{"@type":"ImageObject","inLanguage":"de","@id":"https:\/\/now-news.de\/de\/#\/schema\/logo\/image\/","url":"http:\/\/just-now.news\/de\/wp-content\/uploads\/sites\/3\/2022\/04\/logo500x500.jpg","contentUrl":"http:\/\/just-now.news\/de\/wp-content\/uploads\/sites\/3\/2022\/04\/logo500x500.jpg","width":500,"height":500,"caption":"Just Now News"},"image":{"@id":"https:\/\/now-news.de\/de\/#\/schema\/logo\/image\/"},"sameAs":["https:\/\/www.facebook.com\/wirmachenauf","https:\/\/x.com\/WirMachenAuf_de"]},{"@type":"Person","@id":"https:\/\/now-news.de\/de\/#\/schema\/person\/fb534a4e865501d8b3285208df34a9b5","name":"rtnews","image":{"@type":"ImageObject","inLanguage":"de","@id":"https:\/\/now-news.de\/de\/#\/schema\/person\/image\/","url":"https:\/\/secure.gravatar.com\/avatar\/82aafea7d8127119dd649515f56e2117?s=96&d=mm&r=g","contentUrl":"https:\/\/secure.gravatar.com\/avatar\/82aafea7d8127119dd649515f56e2117?s=96&d=mm&r=g","caption":"rtnews"},"url":"https:\/\/now-news.de\/de\/author\/rnews\/"}]}},"_links":{"self":[{"href":"https:\/\/now-news.de\/de\/wp-json\/wp\/v2\/posts\/21027"}],"collection":[{"href":"https:\/\/now-news.de\/de\/wp-json\/wp\/v2\/posts"}],"about":[{"href":"https:\/\/now-news.de\/de\/wp-json\/wp\/v2\/types\/post"}],"author":[{"embeddable":true,"href":"https:\/\/now-news.de\/de\/wp-json\/wp\/v2\/users\/3"}],"replies":[{"embeddable":true,"href":"https:\/\/now-news.de\/de\/wp-json\/wp\/v2\/comments?post=21027"}],"version-history":[{"count":0,"href":"https:\/\/now-news.de\/de\/wp-json\/wp\/v2\/posts\/21027\/revisions"}],"wp:featuredmedia":[{"embeddable":true,"href":"https:\/\/now-news.de\/de\/wp-json\/wp\/v2\/media\/21028"}],"wp:attachment":[{"href":"https:\/\/now-news.de\/de\/wp-json\/wp\/v2\/media?parent=21027"}],"wp:term":[{"taxonomy":"category","embeddable":true,"href":"https:\/\/now-news.de\/de\/wp-json\/wp\/v2\/categories?post=21027"},{"taxonomy":"post_tag","embeddable":true,"href":"https:\/\/now-news.de\/de\/wp-json\/wp\/v2\/tags?post=21027"}],"curies":[{"name":"wp","href":"https:\/\/api.w.org\/{rel}","templated":true}]}}