{"id":20997,"date":"2022-10-14T06:45:41","date_gmt":"2022-10-14T04:45:41","guid":{"rendered":"http:\/\/just-now.news\/de\/deutschland\/borrell-zur-weltlage-europa-ist-ein-garten-die-uebrige-welt-ein-dschungel\/"},"modified":"2022-10-14T06:45:41","modified_gmt":"2022-10-14T04:45:41","slug":"borrell-zur-weltlage-europa-ist-ein-garten-die-uebrige-welt-ein-dschungel","status":"publish","type":"post","link":"https:\/\/now-news.de\/de\/deutschland\/borrell-zur-weltlage-europa-ist-ein-garten-die-uebrige-welt-ein-dschungel\/","title":{"rendered":"Borrell zur Weltlage: Europa ist ein Garten, die \u00fcbrige Welt ein Dschungel"},"content":{"rendered":"<p><img decoding=\"async\" src=\"http:\/\/just-now.news\/de\/wp-content\/uploads\/sites\/3\/2022\/10\/6348702b48fbef4ad956ccfc.jpg\" \/><\/p>\n<div class=\"Text-root Text-type_1 \">\n                Am Donnerstag erkl\u00e4rte der hohe Vertreter der EU f\u00fcr Au\u00dfen- und Sicherheitspolitik, Joseph Borrell, die aus seiner Sicht gr\u00f6\u00dften Probleme in der heutigen Au\u00dfenpolitik. Die EU sei ein Garten \u2013 der gr\u00f6\u00dfte Teil der \u00fcbrigen Welt hingegen ein Dschungel, so Borrell.\n            <\/div>\n<p><\/p>\n<div class=\"Text-root Text-type_5 ArticleView-text ViewText-root \">\n<p>Josep Borrell, der hohe Vertreter der EU f\u00fcr Au\u00dfen- und Sicherheitspolitik, erl\u00e4uterte am Donnerstag die Probleme, mit denen die Au\u00dfenpolitik der EU konfrontiert ist und welches Vorgehen sich daraus ableiten l\u00e4sst. Anl\u00e4sslich der Er\u00f6ffnung der europ\u00e4ischen diplomatischen Akademie in Belgien zog er in einer <a rel=\"nofollow noopener\" target=\"_blank\" href=\"https:\/\/www.eeas.europa.eu\/eeas\/european-diplomatic-academy-opening-remarks-high-representative-josep-borrell-inauguration_en\">Rede<\/a>\u00a0zur Thematik einen eher ungew\u00f6hnlichen Vergleich: Nach Ansicht Borrells sei die EU ein Garten \u2013 der Rest der Welt sei ein Dschungel, um den man sich k\u00fcmmern m\u00fcsse. Andernfalls drohe dieser den Garten zu &#8220;\u00fcberwuchern&#8221;. W\u00f6rtlich sagte er:<\/p>\n<blockquote>\n<p><em>&#8220;Br\u00fcgge ist hier ein gutes Beispiel f\u00fcr den europ\u00e4ischen Garten. Ja, Europa ist ein Garten. Wir haben einen Garten gebaut. Alles funktioniert. Es ist die beste Kombination aus politischer Freiheit, wirtschaftlichem Wohlstand und sozialem Zusammenhalt, die die Menschheit je erschaffen konnte \u2013 diese drei Dinge zusammen.&#8221;<\/em><\/p>\n<\/blockquote>\n<p>In Bezug auf den &#8220;Rest der Welt&#8221; erkl\u00e4rte Borrell:<\/p>\n<blockquote>\n<p><em>&#8220;Der Rest der Welt [\u2026] ist nicht gerade ein Garten. Der gr\u00f6\u00dfte Teil der \u00fcbrigen Welt ist ein Dschungel, und der Dschungel k\u00f6nnte in den Garten eindringen. Die G\u00e4rtner sollten sich darum k\u00fcmmern, aber sie werden den Garten nicht durch den Bau von Mauern sch\u00fctzen. Ein sch\u00f6ner kleiner Garten, der von hohen Mauern umgeben ist, um das Eindringen des Dschungels zu verhindern, wird keine L\u00f6sung sein. Denn der Dschungel hat eine starke Wachstumskapazit\u00e4t, und die Mauer wird nie hoch genug sein, um den Garten zu sch\u00fctzen.&#8221;<\/em><\/p>\n<\/blockquote>\n<p>Der G\u00e4rtner m\u00fcsse &#8220;in den Dschungel gehen&#8221;, so Borrell weiter, die Europ\u00e4er m\u00fcssten sich dementsprechend viel st\u00e4rker f\u00fcr den Rest der Welt engagieren.<\/p>\n<blockquote>\n<p><em>&#8220;Andernfalls wird der Rest der Welt in uns eindringen, und zwar auf unterschiedliche Art und Weise.&#8221;<\/em><\/p>\n<\/blockquote>\n<p>Durch den Krieg in der Ukraine ver\u00e4ndere sich zudem auch die Europ\u00e4ische Union. Borrell meinte, es gebe Leute, die behaupten, dass dieser Krieg das Ende der Au\u00dfenpolitik der EU bedeutet, weil\u00a0man blindlings den Vereinigten Staaten folge. Er behauptete, dies sei jedoch nicht zutreffend:<\/p>\n<blockquote>\n<p><em>&#8220;Aus meiner Sicht ist genau das Gegenteil der Fall: Dieser Krieg war eine Gelegenheit f\u00fcr die Europ\u00e4ische Union, selbstbewusster aufzutreten und auf die Schaffung eines europ\u00e4ischen Standpunkts zu dr\u00e4ngen \u2013 sowohl in der Au\u00dfenpolitik als auch in der Milit\u00e4r- und Verteidigungspolitik.&#8221;<\/em><\/p>\n<\/blockquote>\n<p>Borrell wies auch darauf hin, dass nicht nur Personen aus EU-Staaten bei der Er\u00f6ffnung der diplomatischen Akademie vertreten seien, sondern auch solche aus Kandidatenl\u00e4ndern wie Georgien, Moldawien, L\u00e4ndern des Westbalkans und der Ukraine.<\/p>\n<blockquote>\n<p><em>&#8220;Und ich denke, dass die Teilnahme von Menschen aus der Ukraine und anderen Kandidatenl\u00e4ndern wichtig ist und eine gute Idee war \u2013 um \u00fcber den Tellerrand zu schauen, um Menschen einzubinden, die noch nicht in der [Europ\u00e4ischen] Union sind, aber eines Tages in der Union sein werden. Denn sie werden eine entscheidende Rolle f\u00fcr die Zukunft der Europ\u00e4ischen Union spielen. Sie wird mit oder ohne die Ukraine nicht mehr dieselbe sein.&#8221;<\/em><\/p>\n<\/blockquote>\n<p>Der Chefdiplomat der EU zeigte sich weiterhin besorgt, dass sich<em>\u00a0<\/em>etwa zwanzig Prozent der\u00a0Staaten bei der Abstimmung der UN \u00fcber die Verurteilung der Eingliederung der LVR, der DVR und der Gebiete Cherson und Saporoschje in die Russische F\u00f6deration enthielten. Borrell k\u00fcndigte au\u00dferdem an, man werde die russische Armee &#8220;vernichten&#8221;, falls Russland Nuklearwaffen in der Ukraine einsetzen sollte.<\/p>\n<p>Nach Ansicht des Diplomaten m\u00fcsse sich auch die Arbeit in der Au\u00dfenpolitik \u00e4ndern, da man nicht mehr klar trennen k\u00f6nne, was \u00e4u\u00dfere und was innere Angelegenheiten seien. In einem Punkt sei die EU nach Ansicht Borrells dem Rest der Welt allerdings voraus:<\/p>\n<blockquote>\n<p><em>&#8220;Es gibt einen gro\u00dfen Unterschied zwischen Europa und dem Rest der Welt \u2013 nun, dem Rest der Welt, Sie verstehen, was ich meine, oder? \u2013 ist, dass wir starke Institutionen haben. Das Wichtigste f\u00fcr die Lebensqualit\u00e4t der Menschen sind Institutionen. Der gro\u00dfe Unterschied zwischen entwickelten und nicht entwickelten L\u00e4ndern liegt nicht in der Wirtschaft, sondern in den Institutionen.&#8221;<\/em><\/p>\n<\/blockquote>\n<p>So habe man eine &#8220;unabh\u00e4ngige Justiz&#8221;, &#8220;Systeme zur Verteilung der Einnahmen&#8221; und &#8220;Wahlen, die den B\u00fcrgern eine freie Wahl erm\u00f6glichen&#8221;. Borrell verwies allerdings auch darauf, dass es schwierig sei, die nach seiner Sicht n\u00f6tigen Institutionen im gro\u00dfen Teil der &#8220;\u00fcbrigen Welt&#8221; aufzubauen.<\/p>\n<blockquote>\n<p><em>&#8220;Institutionen, darauf kommt es an. Es ist sehr schwierig, Institutionen aufzubauen. Wir k\u00f6nnen eine Stra\u00dfe bauen. Wir k\u00f6nnen mit einem Bulldozer, mit Geld und Arbeitern losziehen und eine Stra\u00dfe bauen. Ich kann nicht in die Schwellenl\u00e4nder gehen und Institutionen f\u00fcr sie aufbauen \u2013 sie m\u00fcssen von ihnen aufgebaut werden. Andernfalls w\u00e4re das eine Art Neokolonialismus.&#8221;\u00a0 <\/em><\/p>\n<\/blockquote>\n<p>Inwiefern sich das &#8220;Engagement&#8221; im &#8220;Dschungel&#8221;, das er zum Beginn seiner Rede gefordert hatte, von einer Politik des Neokolonialismus unterscheidet, lie\u00df Borrell jedoch offen.<\/p>\n<p>In Bezug auf die neue diplomatische Akademie erkl\u00e4rte Borrell den Zuh\u00f6rern, dass man sich erheben und &#8220;\u00fcber die nationale Identit\u00e4t hinausgehen m\u00fcsse&#8221;. Man m\u00fcsse sich daran erfreuen, &#8220;eine andere Identit\u00e4t zu haben, n\u00e4mlich die europ\u00e4ische&#8221;. Diese stehe laut Borrell jedoch nicht im Widerspruch zur fr\u00fcheren Identit\u00e4t. Die Geschichte Europas sei eine der &#8220;Konfrontationen von Identit\u00e4ten&#8221;:<\/p>\n<blockquote>\n<p><em>&#8220;Die Identit\u00e4t ist heute das eigentliche Schlachtfeld.&#8221;<\/em><\/p>\n<\/blockquote>\n<p>Identit\u00e4t k\u00f6nne als etwas Ausschlie\u00dfendes dargestellt werden. Das f\u00fchre zu Konflikten und zum Krieg. Borrell zufolge sei es der EU hingegen gelungen, den &#8220;Kampf der Identit\u00e4ten&#8221; zu \u00fcberwinden: Heute bringe es die Menschen &#8220;nicht mehr gegeneinander auf, Deutsche oder Franzosen zu sein&#8221;.<\/p>\n<p><strong>Mehr zum Thema &#8211; <\/strong><a rel=\"nofollow noopener\" target=\"_blank\" href=\"https:\/\/test.rtde.tech\/meinung\/144564-was-ist-eigentlich-eine-regelbasierte-ordnung\/\">Was ist eigentlich mit dieser &#8220;regelbasierten internationalen Ordnung&#8221; gemeint?<\/a><\/p>\n<\/p>\n<\/div>\n<p><br \/>\n<br \/><a href=\"https:\/\/de.rt.com\/europa\/151544-borrell-zur-weltlage-europa-ist\/\">Source link <\/a><\/p>\n","protected":false},"excerpt":{"rendered":"<p>Am Donnerstag erkl\u00e4rte der hohe Vertreter der EU f\u00fcr Au\u00dfen- und Sicherheitspolitik, Joseph Borrell, die aus seiner Sicht gr\u00f6\u00dften Probleme in der heutigen Au\u00dfenpolitik. Die EU sei ein Garten \u2013 der gr\u00f6\u00dfte Teil der \u00fcbrigen Welt hingegen ein Dschungel, so Borrell. Josep Borrell, der hohe Vertreter der EU f\u00fcr Au\u00dfen- und Sicherheitspolitik, erl\u00e4uterte am Donnerstag [&hellip;]<\/p>\n","protected":false},"author":3,"featured_media":20998,"comment_status":"open","ping_status":"open","sticky":false,"template":"","format":"standard","meta":{"wp_automatic_camp":["217"],"5d8ebe14fba204d0b160d2da44053c1e":["Borrell zur Weltlage: Europa ist ein Garten, die \u00fcbrige Welt ein Dschungel"],"original_link":["https:\/\/de.rt.com\/europa\/151544-borrell-zur-weltlage-europa-ist\/"],"_thumbnail_id":["20998"],"_wptg_p2tg_sent2tg":["2022-10-14 07:02:30"],"jnews_social_counter_last_update":["1777647436"]},"categories":[19,23],"tags":[25926,45,34347,357,1370,34345,414,34346,778,34344,581],"yoast_head":"<!-- This site is optimized with the Yoast SEO Premium plugin v22.7 (Yoast SEO v22.7) - https:\/\/yoast.com\/wordpress\/plugins\/seo\/ -->\n<title>Borrell zur Weltlage: Europa ist ein Garten, die \u00fcbrige Welt ein Dschungel - just-now.NEWS Deutschland<\/title>\n<meta name=\"robots\" content=\"index, follow, max-snippet:-1, max-image-preview:large, max-video-preview:-1\" \/>\n<link rel=\"canonical\" href=\"https:\/\/now-news.de\/de\/deutschland\/borrell-zur-weltlage-europa-ist-ein-garten-die-uebrige-welt-ein-dschungel\/\" \/>\n<meta property=\"og:locale\" content=\"de_DE\" \/>\n<meta property=\"og:type\" content=\"article\" \/>\n<meta property=\"og:title\" content=\"Borrell zur Weltlage: Europa ist ein Garten, die \u00fcbrige Welt ein Dschungel\" \/>\n<meta property=\"og:description\" content=\"Am Donnerstag erkl\u00e4rte der hohe Vertreter der EU f\u00fcr Au\u00dfen- und Sicherheitspolitik, Joseph Borrell, die aus seiner Sicht gr\u00f6\u00dften Probleme in der heutigen Au\u00dfenpolitik. Die EU sei ein Garten \u2013 der gr\u00f6\u00dfte Teil der \u00fcbrigen Welt hingegen ein Dschungel, so Borrell. Josep Borrell, der hohe Vertreter der EU f\u00fcr Au\u00dfen- und Sicherheitspolitik, erl\u00e4uterte am Donnerstag [&hellip;]\" \/>\n<meta property=\"og:url\" content=\"https:\/\/now-news.de\/de\/deutschland\/borrell-zur-weltlage-europa-ist-ein-garten-die-uebrige-welt-ein-dschungel\/\" \/>\n<meta property=\"og:site_name\" content=\"just-now.NEWS Deutschland\" \/>\n<meta property=\"article:publisher\" content=\"https:\/\/www.facebook.com\/wirmachenauf\" \/>\n<meta property=\"article:published_time\" content=\"2022-10-14T04:45:41+00:00\" \/>\n<meta property=\"og:image\" content=\"https:\/\/now-news.de\/de\/wp-content\/uploads\/sites\/3\/2022\/10\/Borrell-zur-Weltlage-Europa-ist-ein-Garten-die-uebrige-Welt.jpg\" \/>\n\t<meta property=\"og:image:width\" content=\"460\" \/>\n\t<meta property=\"og:image:height\" content=\"259\" \/>\n\t<meta property=\"og:image:type\" content=\"image\/jpeg\" \/>\n<meta name=\"author\" content=\"rtnews\" \/>\n<meta name=\"twitter:card\" content=\"summary_large_image\" \/>\n<meta name=\"twitter:creator\" content=\"@WirMachenAuf_de\" \/>\n<meta name=\"twitter:site\" content=\"@WirMachenAuf_de\" \/>\n<meta name=\"twitter:label1\" content=\"Verfasst von\" \/>\n\t<meta name=\"twitter:data1\" content=\"rtnews\" \/>\n\t<meta name=\"twitter:label2\" content=\"Gesch\u00e4tzte Lesezeit\" \/>\n\t<meta name=\"twitter:data2\" content=\"5\u00a0Minuten\" \/>\n<script type=\"application\/ld+json\" class=\"yoast-schema-graph\">{\"@context\":\"https:\/\/schema.org\",\"@graph\":[{\"@type\":\"Article\",\"@id\":\"https:\/\/now-news.de\/de\/deutschland\/borrell-zur-weltlage-europa-ist-ein-garten-die-uebrige-welt-ein-dschungel\/#article\",\"isPartOf\":{\"@id\":\"https:\/\/now-news.de\/de\/deutschland\/borrell-zur-weltlage-europa-ist-ein-garten-die-uebrige-welt-ein-dschungel\/\"},\"author\":{\"name\":\"rtnews\",\"@id\":\"https:\/\/now-news.de\/de\/#\/schema\/person\/fb534a4e865501d8b3285208df34a9b5\"},\"headline\":\"Borrell zur Weltlage: Europa ist ein Garten, die \u00fcbrige Welt ein Dschungel\",\"datePublished\":\"2022-10-14T04:45:41+00:00\",\"dateModified\":\"2022-10-14T04:45:41+00:00\",\"mainEntityOfPage\":{\"@id\":\"https:\/\/now-news.de\/de\/deutschland\/borrell-zur-weltlage-europa-ist-ein-garten-die-uebrige-welt-ein-dschungel\/\"},\"wordCount\":990,\"commentCount\":0,\"publisher\":{\"@id\":\"https:\/\/now-news.de\/de\/#organization\"},\"image\":{\"@id\":\"https:\/\/now-news.de\/de\/deutschland\/borrell-zur-weltlage-europa-ist-ein-garten-die-uebrige-welt-ein-dschungel\/#primaryimage\"},\"thumbnailUrl\":\"https:\/\/now-news.de\/de\/wp-content\/uploads\/sites\/3\/2022\/10\/Borrell-zur-Weltlage-Europa-ist-ein-Garten-die-uebrige-Welt.jpg\",\"keywords\":[\"Borrell\",\"die\",\"Dschungel\",\"ein\",\"Europa\",\"Garten\",\"ist\",\"\u00fcbrige\",\"Welt\",\"Weltlage\",\"zur\"],\"articleSection\":[\"Deutschland\",\"Russland\"],\"inLanguage\":\"de\",\"potentialAction\":[{\"@type\":\"CommentAction\",\"name\":\"Comment\",\"target\":[\"https:\/\/now-news.de\/de\/deutschland\/borrell-zur-weltlage-europa-ist-ein-garten-die-uebrige-welt-ein-dschungel\/#respond\"]}]},{\"@type\":\"WebPage\",\"@id\":\"https:\/\/now-news.de\/de\/deutschland\/borrell-zur-weltlage-europa-ist-ein-garten-die-uebrige-welt-ein-dschungel\/\",\"url\":\"https:\/\/now-news.de\/de\/deutschland\/borrell-zur-weltlage-europa-ist-ein-garten-die-uebrige-welt-ein-dschungel\/\",\"name\":\"Borrell zur Weltlage: Europa ist ein Garten, die \u00fcbrige Welt ein Dschungel - just-now.NEWS Deutschland\",\"isPartOf\":{\"@id\":\"https:\/\/now-news.de\/de\/#website\"},\"primaryImageOfPage\":{\"@id\":\"https:\/\/now-news.de\/de\/deutschland\/borrell-zur-weltlage-europa-ist-ein-garten-die-uebrige-welt-ein-dschungel\/#primaryimage\"},\"image\":{\"@id\":\"https:\/\/now-news.de\/de\/deutschland\/borrell-zur-weltlage-europa-ist-ein-garten-die-uebrige-welt-ein-dschungel\/#primaryimage\"},\"thumbnailUrl\":\"https:\/\/now-news.de\/de\/wp-content\/uploads\/sites\/3\/2022\/10\/Borrell-zur-Weltlage-Europa-ist-ein-Garten-die-uebrige-Welt.jpg\",\"datePublished\":\"2022-10-14T04:45:41+00:00\",\"dateModified\":\"2022-10-14T04:45:41+00:00\",\"breadcrumb\":{\"@id\":\"https:\/\/now-news.de\/de\/deutschland\/borrell-zur-weltlage-europa-ist-ein-garten-die-uebrige-welt-ein-dschungel\/#breadcrumb\"},\"inLanguage\":\"de\",\"potentialAction\":[{\"@type\":\"ReadAction\",\"target\":[\"https:\/\/now-news.de\/de\/deutschland\/borrell-zur-weltlage-europa-ist-ein-garten-die-uebrige-welt-ein-dschungel\/\"]}]},{\"@type\":\"ImageObject\",\"inLanguage\":\"de\",\"@id\":\"https:\/\/now-news.de\/de\/deutschland\/borrell-zur-weltlage-europa-ist-ein-garten-die-uebrige-welt-ein-dschungel\/#primaryimage\",\"url\":\"https:\/\/now-news.de\/de\/wp-content\/uploads\/sites\/3\/2022\/10\/Borrell-zur-Weltlage-Europa-ist-ein-Garten-die-uebrige-Welt.jpg\",\"contentUrl\":\"https:\/\/now-news.de\/de\/wp-content\/uploads\/sites\/3\/2022\/10\/Borrell-zur-Weltlage-Europa-ist-ein-Garten-die-uebrige-Welt.jpg\",\"width\":460,\"height\":259,\"caption\":\"Borrell zur Weltlage: Europa ist ein Garten, die \u00fcbrige Welt ein Dschungel\"},{\"@type\":\"BreadcrumbList\",\"@id\":\"https:\/\/now-news.de\/de\/deutschland\/borrell-zur-weltlage-europa-ist-ein-garten-die-uebrige-welt-ein-dschungel\/#breadcrumb\",\"itemListElement\":[{\"@type\":\"ListItem\",\"position\":1,\"name\":\"Home\",\"item\":\"https:\/\/now-news.de\/de\/\"},{\"@type\":\"ListItem\",\"position\":2,\"name\":\"Borrell zur Weltlage: Europa ist ein Garten, die \u00fcbrige Welt ein Dschungel\"}]},{\"@type\":\"WebSite\",\"@id\":\"https:\/\/now-news.de\/de\/#website\",\"url\":\"https:\/\/now-news.de\/de\/\",\"name\":\"just-now.NEWS Deutschland\",\"description\":\"Das Portal f\u00fcr unzensierte Nachrichten aus der Welt\",\"publisher\":{\"@id\":\"https:\/\/now-news.de\/de\/#organization\"},\"potentialAction\":[{\"@type\":\"SearchAction\",\"target\":{\"@type\":\"EntryPoint\",\"urlTemplate\":\"https:\/\/now-news.de\/de\/?s={search_term_string}\"},\"query-input\":\"required name=search_term_string\"}],\"inLanguage\":\"de\"},{\"@type\":\"Organization\",\"@id\":\"https:\/\/now-news.de\/de\/#organization\",\"name\":\"Just Now News\",\"url\":\"https:\/\/now-news.de\/de\/\",\"logo\":{\"@type\":\"ImageObject\",\"inLanguage\":\"de\",\"@id\":\"https:\/\/now-news.de\/de\/#\/schema\/logo\/image\/\",\"url\":\"http:\/\/just-now.news\/de\/wp-content\/uploads\/sites\/3\/2022\/04\/logo500x500.jpg\",\"contentUrl\":\"http:\/\/just-now.news\/de\/wp-content\/uploads\/sites\/3\/2022\/04\/logo500x500.jpg\",\"width\":500,\"height\":500,\"caption\":\"Just Now News\"},\"image\":{\"@id\":\"https:\/\/now-news.de\/de\/#\/schema\/logo\/image\/\"},\"sameAs\":[\"https:\/\/www.facebook.com\/wirmachenauf\",\"https:\/\/x.com\/WirMachenAuf_de\"]},{\"@type\":\"Person\",\"@id\":\"https:\/\/now-news.de\/de\/#\/schema\/person\/fb534a4e865501d8b3285208df34a9b5\",\"name\":\"rtnews\",\"image\":{\"@type\":\"ImageObject\",\"inLanguage\":\"de\",\"@id\":\"https:\/\/now-news.de\/de\/#\/schema\/person\/image\/\",\"url\":\"https:\/\/secure.gravatar.com\/avatar\/82aafea7d8127119dd649515f56e2117?s=96&d=mm&r=g\",\"contentUrl\":\"https:\/\/secure.gravatar.com\/avatar\/82aafea7d8127119dd649515f56e2117?s=96&d=mm&r=g\",\"caption\":\"rtnews\"},\"url\":\"https:\/\/now-news.de\/de\/author\/rnews\/\"}]}<\/script>\n<!-- \/ Yoast SEO Premium plugin. -->","yoast_head_json":{"title":"Borrell zur Weltlage: Europa ist ein Garten, die \u00fcbrige Welt ein Dschungel - just-now.NEWS Deutschland","robots":{"index":"index","follow":"follow","max-snippet":"max-snippet:-1","max-image-preview":"max-image-preview:large","max-video-preview":"max-video-preview:-1"},"canonical":"https:\/\/now-news.de\/de\/deutschland\/borrell-zur-weltlage-europa-ist-ein-garten-die-uebrige-welt-ein-dschungel\/","og_locale":"de_DE","og_type":"article","og_title":"Borrell zur Weltlage: Europa ist ein Garten, die \u00fcbrige Welt ein Dschungel","og_description":"Am Donnerstag erkl\u00e4rte der hohe Vertreter der EU f\u00fcr Au\u00dfen- und Sicherheitspolitik, Joseph Borrell, die aus seiner Sicht gr\u00f6\u00dften Probleme in der heutigen Au\u00dfenpolitik. Die EU sei ein Garten \u2013 der gr\u00f6\u00dfte Teil der \u00fcbrigen Welt hingegen ein Dschungel, so Borrell. Josep Borrell, der hohe Vertreter der EU f\u00fcr Au\u00dfen- und Sicherheitspolitik, erl\u00e4uterte am Donnerstag [&hellip;]","og_url":"https:\/\/now-news.de\/de\/deutschland\/borrell-zur-weltlage-europa-ist-ein-garten-die-uebrige-welt-ein-dschungel\/","og_site_name":"just-now.NEWS Deutschland","article_publisher":"https:\/\/www.facebook.com\/wirmachenauf","article_published_time":"2022-10-14T04:45:41+00:00","og_image":[{"width":460,"height":259,"url":"https:\/\/now-news.de\/de\/wp-content\/uploads\/sites\/3\/2022\/10\/Borrell-zur-Weltlage-Europa-ist-ein-Garten-die-uebrige-Welt.jpg","type":"image\/jpeg"}],"author":"rtnews","twitter_card":"summary_large_image","twitter_creator":"@WirMachenAuf_de","twitter_site":"@WirMachenAuf_de","twitter_misc":{"Verfasst von":"rtnews","Gesch\u00e4tzte Lesezeit":"5\u00a0Minuten"},"schema":{"@context":"https:\/\/schema.org","@graph":[{"@type":"Article","@id":"https:\/\/now-news.de\/de\/deutschland\/borrell-zur-weltlage-europa-ist-ein-garten-die-uebrige-welt-ein-dschungel\/#article","isPartOf":{"@id":"https:\/\/now-news.de\/de\/deutschland\/borrell-zur-weltlage-europa-ist-ein-garten-die-uebrige-welt-ein-dschungel\/"},"author":{"name":"rtnews","@id":"https:\/\/now-news.de\/de\/#\/schema\/person\/fb534a4e865501d8b3285208df34a9b5"},"headline":"Borrell zur Weltlage: Europa ist ein Garten, die \u00fcbrige Welt ein Dschungel","datePublished":"2022-10-14T04:45:41+00:00","dateModified":"2022-10-14T04:45:41+00:00","mainEntityOfPage":{"@id":"https:\/\/now-news.de\/de\/deutschland\/borrell-zur-weltlage-europa-ist-ein-garten-die-uebrige-welt-ein-dschungel\/"},"wordCount":990,"commentCount":0,"publisher":{"@id":"https:\/\/now-news.de\/de\/#organization"},"image":{"@id":"https:\/\/now-news.de\/de\/deutschland\/borrell-zur-weltlage-europa-ist-ein-garten-die-uebrige-welt-ein-dschungel\/#primaryimage"},"thumbnailUrl":"https:\/\/now-news.de\/de\/wp-content\/uploads\/sites\/3\/2022\/10\/Borrell-zur-Weltlage-Europa-ist-ein-Garten-die-uebrige-Welt.jpg","keywords":["Borrell","die","Dschungel","ein","Europa","Garten","ist","\u00fcbrige","Welt","Weltlage","zur"],"articleSection":["Deutschland","Russland"],"inLanguage":"de","potentialAction":[{"@type":"CommentAction","name":"Comment","target":["https:\/\/now-news.de\/de\/deutschland\/borrell-zur-weltlage-europa-ist-ein-garten-die-uebrige-welt-ein-dschungel\/#respond"]}]},{"@type":"WebPage","@id":"https:\/\/now-news.de\/de\/deutschland\/borrell-zur-weltlage-europa-ist-ein-garten-die-uebrige-welt-ein-dschungel\/","url":"https:\/\/now-news.de\/de\/deutschland\/borrell-zur-weltlage-europa-ist-ein-garten-die-uebrige-welt-ein-dschungel\/","name":"Borrell zur Weltlage: Europa ist ein Garten, die \u00fcbrige Welt ein Dschungel - just-now.NEWS Deutschland","isPartOf":{"@id":"https:\/\/now-news.de\/de\/#website"},"primaryImageOfPage":{"@id":"https:\/\/now-news.de\/de\/deutschland\/borrell-zur-weltlage-europa-ist-ein-garten-die-uebrige-welt-ein-dschungel\/#primaryimage"},"image":{"@id":"https:\/\/now-news.de\/de\/deutschland\/borrell-zur-weltlage-europa-ist-ein-garten-die-uebrige-welt-ein-dschungel\/#primaryimage"},"thumbnailUrl":"https:\/\/now-news.de\/de\/wp-content\/uploads\/sites\/3\/2022\/10\/Borrell-zur-Weltlage-Europa-ist-ein-Garten-die-uebrige-Welt.jpg","datePublished":"2022-10-14T04:45:41+00:00","dateModified":"2022-10-14T04:45:41+00:00","breadcrumb":{"@id":"https:\/\/now-news.de\/de\/deutschland\/borrell-zur-weltlage-europa-ist-ein-garten-die-uebrige-welt-ein-dschungel\/#breadcrumb"},"inLanguage":"de","potentialAction":[{"@type":"ReadAction","target":["https:\/\/now-news.de\/de\/deutschland\/borrell-zur-weltlage-europa-ist-ein-garten-die-uebrige-welt-ein-dschungel\/"]}]},{"@type":"ImageObject","inLanguage":"de","@id":"https:\/\/now-news.de\/de\/deutschland\/borrell-zur-weltlage-europa-ist-ein-garten-die-uebrige-welt-ein-dschungel\/#primaryimage","url":"https:\/\/now-news.de\/de\/wp-content\/uploads\/sites\/3\/2022\/10\/Borrell-zur-Weltlage-Europa-ist-ein-Garten-die-uebrige-Welt.jpg","contentUrl":"https:\/\/now-news.de\/de\/wp-content\/uploads\/sites\/3\/2022\/10\/Borrell-zur-Weltlage-Europa-ist-ein-Garten-die-uebrige-Welt.jpg","width":460,"height":259,"caption":"Borrell zur Weltlage: Europa ist ein Garten, die \u00fcbrige Welt ein Dschungel"},{"@type":"BreadcrumbList","@id":"https:\/\/now-news.de\/de\/deutschland\/borrell-zur-weltlage-europa-ist-ein-garten-die-uebrige-welt-ein-dschungel\/#breadcrumb","itemListElement":[{"@type":"ListItem","position":1,"name":"Home","item":"https:\/\/now-news.de\/de\/"},{"@type":"ListItem","position":2,"name":"Borrell zur Weltlage: Europa ist ein Garten, die \u00fcbrige Welt ein Dschungel"}]},{"@type":"WebSite","@id":"https:\/\/now-news.de\/de\/#website","url":"https:\/\/now-news.de\/de\/","name":"just-now.NEWS Deutschland","description":"Das Portal f\u00fcr unzensierte Nachrichten aus der Welt","publisher":{"@id":"https:\/\/now-news.de\/de\/#organization"},"potentialAction":[{"@type":"SearchAction","target":{"@type":"EntryPoint","urlTemplate":"https:\/\/now-news.de\/de\/?s={search_term_string}"},"query-input":"required name=search_term_string"}],"inLanguage":"de"},{"@type":"Organization","@id":"https:\/\/now-news.de\/de\/#organization","name":"Just Now News","url":"https:\/\/now-news.de\/de\/","logo":{"@type":"ImageObject","inLanguage":"de","@id":"https:\/\/now-news.de\/de\/#\/schema\/logo\/image\/","url":"http:\/\/just-now.news\/de\/wp-content\/uploads\/sites\/3\/2022\/04\/logo500x500.jpg","contentUrl":"http:\/\/just-now.news\/de\/wp-content\/uploads\/sites\/3\/2022\/04\/logo500x500.jpg","width":500,"height":500,"caption":"Just Now News"},"image":{"@id":"https:\/\/now-news.de\/de\/#\/schema\/logo\/image\/"},"sameAs":["https:\/\/www.facebook.com\/wirmachenauf","https:\/\/x.com\/WirMachenAuf_de"]},{"@type":"Person","@id":"https:\/\/now-news.de\/de\/#\/schema\/person\/fb534a4e865501d8b3285208df34a9b5","name":"rtnews","image":{"@type":"ImageObject","inLanguage":"de","@id":"https:\/\/now-news.de\/de\/#\/schema\/person\/image\/","url":"https:\/\/secure.gravatar.com\/avatar\/82aafea7d8127119dd649515f56e2117?s=96&d=mm&r=g","contentUrl":"https:\/\/secure.gravatar.com\/avatar\/82aafea7d8127119dd649515f56e2117?s=96&d=mm&r=g","caption":"rtnews"},"url":"https:\/\/now-news.de\/de\/author\/rnews\/"}]}},"_links":{"self":[{"href":"https:\/\/now-news.de\/de\/wp-json\/wp\/v2\/posts\/20997"}],"collection":[{"href":"https:\/\/now-news.de\/de\/wp-json\/wp\/v2\/posts"}],"about":[{"href":"https:\/\/now-news.de\/de\/wp-json\/wp\/v2\/types\/post"}],"author":[{"embeddable":true,"href":"https:\/\/now-news.de\/de\/wp-json\/wp\/v2\/users\/3"}],"replies":[{"embeddable":true,"href":"https:\/\/now-news.de\/de\/wp-json\/wp\/v2\/comments?post=20997"}],"version-history":[{"count":0,"href":"https:\/\/now-news.de\/de\/wp-json\/wp\/v2\/posts\/20997\/revisions"}],"wp:featuredmedia":[{"embeddable":true,"href":"https:\/\/now-news.de\/de\/wp-json\/wp\/v2\/media\/20998"}],"wp:attachment":[{"href":"https:\/\/now-news.de\/de\/wp-json\/wp\/v2\/media?parent=20997"}],"wp:term":[{"taxonomy":"category","embeddable":true,"href":"https:\/\/now-news.de\/de\/wp-json\/wp\/v2\/categories?post=20997"},{"taxonomy":"post_tag","embeddable":true,"href":"https:\/\/now-news.de\/de\/wp-json\/wp\/v2\/tags?post=20997"}],"curies":[{"name":"wp","href":"https:\/\/api.w.org\/{rel}","templated":true}]}}