{"id":20973,"date":"2022-10-13T20:10:06","date_gmt":"2022-10-13T18:10:06","guid":{"rendered":"http:\/\/just-now.news\/de\/deutschland\/laut-ungarn-wird-die-energiekrise-in-europa-noch-jahre-dauern\/"},"modified":"2022-10-13T20:10:06","modified_gmt":"2022-10-13T18:10:06","slug":"laut-ungarn-wird-die-energiekrise-in-europa-noch-jahre-dauern","status":"publish","type":"post","link":"https:\/\/now-news.de\/de\/deutschland\/laut-ungarn-wird-die-energiekrise-in-europa-noch-jahre-dauern\/","title":{"rendered":"Laut Ungarn wird die Energiekrise in Europa noch Jahre dauern"},"content":{"rendered":"<p><img decoding=\"async\" src=\"http:\/\/just-now.news\/de\/wp-content\/uploads\/sites\/3\/2022\/10\/6347e501b480cc65c413b02f.jpg\" \/><\/p>\n<p>Die anhaltende Energiekrise in Europa wird voraussichtlich langwierig werden und sich bis zum Jahr 2023 und m\u00f6glicherweise dar\u00fcber hinaus erstrecken, warnte der ungarische Au\u00dfenminister P\u00e9ter Szijj\u00e1rt\u00f3 nach einem Treffen der EU-Energieminister am Mittwoch.<\/p>\n<p>&#8220;Wir sehen jetzt die erste globale Energiekrise in der Geschichte und sie wird langfristig sein&#8221;, verk\u00fcndete Szijj\u00e1rt\u00f3 und erkl\u00e4rte, dass die Krise durch &#8220;strukturelle geopolitische Gr\u00fcnde im Zusammenhang mit der Sicherheitspolitik&#8221; angeheizt wird, die &#8220;langfristige L\u00f6sungen&#8221; erfordern. Die Eskalation des Krieges in der Ukraine steuere eindeutig in eine \u00e4u\u00dferst gef\u00e4hrliche Richtung, warnte Szijj\u00e1rt\u00f3 am vergangenen Dienstag in Budapest. &#8220;Wir befinden uns jetzt wirklich im allerletzten Moment, um die Ereignisse umzukehren.&#8221;<\/p>\n<\/p>\n<p>Der Diplomat bemerkte zudem, dass &#8220;internationale Institutionen, die sich noch ein wenig gesunden Menschenverstand bewahrt haben&#8221;, ebenfalls davor warnen, dass die aktuelle Krise eine langfristige sei und ein Problem darstelle, das &#8220;nicht nur in diesem Winter, sondern auch im n\u00e4chsten und \u00fcbern\u00e4chsten&#8221; bestehen werde. Szijj\u00e1rt\u00f3 erw\u00e4hnte auch, dass Ungarns eigene Energieversorgung gesichert sei, nachdem das Land eine Einigung mit Russland erzielen konnte und ohne Unterbr\u00fcche Gas durch die TurkStream-Pipeline erhalten habe.<\/p>\n<blockquote>\n<p><em>&#8220;Deshalb achtet die ungarische Regierung besonders darauf, die physische Funktion von TurkStream zu gew\u00e4hrleisten, da dies im grundlegenden Interesse unserer nationalen Sicherheit ist&#8221;,<\/em><\/p>\n<\/blockquote>\n<p>sagte er und stellte fest, dass die ungarischen Gasspeicher zu 48,2 Prozent des Jahresverbrauchs gef\u00fcllt sind, w\u00e4hrend der durchschnittliche F\u00fcllstand f\u00fcr Europa derzeit bei 26,9 Prozent liegt.<\/p>\n<p>Ungarn bezieht rund 80 Prozent seines Gases vom russischen Gasriesen Gazprom. W\u00e4hrend Russland die Gaslieferungen in eine Reihe von L\u00e4ndern eingestellt hat, unterzeichnete Ungarn Ende August einen Vertrag mit Moskau \u00fcber zus\u00e4tzliche Lieferungen zu den bereits vereinbarten Mengen.<\/p>\n<p>Der ungarische Ministerpr\u00e4sident Viktor Orb\u00e1n hatte zuvor die EU-Kommission beschuldigt, die anhaltende Energiekrise durch die Einf\u00fchrung &#8220;kontraproduktiver Sanktionen&#8221; gegen russische Energie ausgel\u00f6st zu haben. Budapest hat wiederholt gefordert, &#8220;von der gescheiterten Politik Br\u00fcssels&#8221; abzukehren und festgestellt, dass die Sanktionen &#8220;die in sie gesetzten Ziele nicht erreicht haben&#8221;, w\u00e4hrend Europa &#8220;langsam ausblutet&#8221;. Auch Pr\u00e4sident Wladimir Putin hat die Versuche der EU, sich von russischen fossilen Brennstoffen abzukoppeln, mit wirtschaftlichem Selbstmord verglichen.<\/p>\n<p>Der ungarische Au\u00dfenminister nimmt am heutigen Donnerstag an der Russischen Energiewoche teil. Der Politiker erkl\u00e4rte seine Teilnahme damit, dass diese wichtig sei, um \u00fcber die Bedeutung des Friedens zu sprechen und daf\u00fcr zu sorgen, dass Ungarn in Zukunft keine Probleme mit der Energieversorgung bekommt.<\/p>\n<blockquote>\n<p><em>&#8220;Diejenigen, die uns daf\u00fcr kritisieren, wollen keinen Frieden und es ist ihnen egal, ob die ungarische Bev\u00f6lkerung mit Energie versorgt wird oder nicht.&#8221;<\/em><\/p>\n<\/blockquote>\n<p>Am Dienstag hatte der langj\u00e4hrige Diplomat an der Sitzung des Exekutivausschusses des UNHCR in Genf teilgenommen, wo er betonte, dass die ungarische Regierung einen sofortigen Waffenstillstand und Friedensgespr\u00e4che fordere. Er appellierte an die internationale Gemeinschaft, sich auf eine diplomatische L\u00f6sung des Ukraine-Konflikts zu konzentrieren, anstatt ihn zu versch\u00e4rfen.<\/p>\n<p><strong>Mehr zum Thema<\/strong> &#8211; <a rel=\"nofollow noopener\" target=\"_blank\" href=\"https:\/\/meinungsfreiheit.rtde.life\/europa\/151324-ungarn-inflation-steigt-auf-20\/\">Ungarn: Inflation steigt auf 20 Prozent<\/a><\/p>\n<div class=\"EmbedBlock-root EmbedBlock-externalVideo EmbedBlock-vk\">\n<div class=\"VkEmbed\"><\/div><\/div>\n<p><br \/>\n<br \/><a href=\"https:\/\/de.rt.com\/europa\/151477-laut-ungarn-wird-energiekrise-in\/\">Source link <\/a><\/p>\n","protected":false},"excerpt":{"rendered":"<p>Die anhaltende Energiekrise in Europa wird voraussichtlich langwierig werden und sich bis zum Jahr 2023 und m\u00f6glicherweise dar\u00fcber hinaus erstrecken, warnte der ungarische Au\u00dfenminister P\u00e9ter Szijj\u00e1rt\u00f3 nach einem Treffen der EU-Energieminister am Mittwoch. &#8220;Wir sehen jetzt die erste globale Energiekrise in der Geschichte und sie wird langfristig sein&#8221;, verk\u00fcndete Szijj\u00e1rt\u00f3 und erkl\u00e4rte, dass die Krise [&hellip;]<\/p>\n","protected":false},"author":3,"featured_media":20974,"comment_status":"open","ping_status":"open","sticky":false,"template":"","format":"standard","meta":{"wp_automatic_camp":["217"],"9c20a31154a67b19df45a9135a5d2cbc":["Laut Ungarn wird die Energiekrise in Europa noch Jahre dauern"],"original_link":["https:\/\/de.rt.com\/europa\/151477-laut-ungarn-wird-energiekrise-in\/"],"_thumbnail_id":["20974"],"_wptg_p2tg_sent2tg":["2022-10-13 20:17:38"],"jnews_social_counter_last_update":["1777279779"]},"categories":[19,23],"tags":[22364,45,3788,1370,7530,4730,1674,11664,374],"yoast_head":"<!-- This site is optimized with the Yoast SEO Premium plugin v22.7 (Yoast SEO v22.7) - https:\/\/yoast.com\/wordpress\/plugins\/seo\/ -->\n<title>Laut Ungarn wird die Energiekrise in Europa noch Jahre dauern - just-now.NEWS Deutschland<\/title>\n<meta name=\"robots\" content=\"index, follow, max-snippet:-1, max-image-preview:large, max-video-preview:-1\" \/>\n<link rel=\"canonical\" href=\"https:\/\/now-news.de\/de\/deutschland\/laut-ungarn-wird-die-energiekrise-in-europa-noch-jahre-dauern\/\" \/>\n<meta property=\"og:locale\" content=\"de_DE\" \/>\n<meta property=\"og:type\" content=\"article\" \/>\n<meta property=\"og:title\" content=\"Laut Ungarn wird die Energiekrise in Europa noch Jahre dauern\" \/>\n<meta property=\"og:description\" content=\"Die anhaltende Energiekrise in Europa wird voraussichtlich langwierig werden und sich bis zum Jahr 2023 und m\u00f6glicherweise dar\u00fcber hinaus erstrecken, warnte der ungarische Au\u00dfenminister P\u00e9ter Szijj\u00e1rt\u00f3 nach einem Treffen der EU-Energieminister am Mittwoch. &#8220;Wir sehen jetzt die erste globale Energiekrise in der Geschichte und sie wird langfristig sein&#8221;, verk\u00fcndete Szijj\u00e1rt\u00f3 und erkl\u00e4rte, dass die Krise [&hellip;]\" \/>\n<meta property=\"og:url\" content=\"https:\/\/now-news.de\/de\/deutschland\/laut-ungarn-wird-die-energiekrise-in-europa-noch-jahre-dauern\/\" \/>\n<meta property=\"og:site_name\" content=\"just-now.NEWS Deutschland\" \/>\n<meta property=\"article:publisher\" content=\"https:\/\/www.facebook.com\/wirmachenauf\" \/>\n<meta property=\"article:published_time\" content=\"2022-10-13T18:10:06+00:00\" \/>\n<meta property=\"og:image\" content=\"https:\/\/now-news.de\/de\/wp-content\/uploads\/sites\/3\/2022\/10\/Laut-Ungarn-wird-die-Energiekrise-in-Europa-noch-Jahre-dauern.jpg\" \/>\n\t<meta property=\"og:image:width\" content=\"460\" \/>\n\t<meta property=\"og:image:height\" content=\"259\" \/>\n\t<meta property=\"og:image:type\" content=\"image\/jpeg\" \/>\n<meta name=\"author\" content=\"rtnews\" \/>\n<meta name=\"twitter:card\" content=\"summary_large_image\" \/>\n<meta name=\"twitter:creator\" content=\"@WirMachenAuf_de\" \/>\n<meta name=\"twitter:site\" content=\"@WirMachenAuf_de\" \/>\n<meta name=\"twitter:label1\" content=\"Verfasst von\" \/>\n\t<meta name=\"twitter:data1\" content=\"rtnews\" \/>\n\t<meta name=\"twitter:label2\" content=\"Gesch\u00e4tzte Lesezeit\" \/>\n\t<meta name=\"twitter:data2\" content=\"2\u00a0Minuten\" \/>\n<script type=\"application\/ld+json\" class=\"yoast-schema-graph\">{\"@context\":\"https:\/\/schema.org\",\"@graph\":[{\"@type\":\"Article\",\"@id\":\"https:\/\/now-news.de\/de\/deutschland\/laut-ungarn-wird-die-energiekrise-in-europa-noch-jahre-dauern\/#article\",\"isPartOf\":{\"@id\":\"https:\/\/now-news.de\/de\/deutschland\/laut-ungarn-wird-die-energiekrise-in-europa-noch-jahre-dauern\/\"},\"author\":{\"name\":\"rtnews\",\"@id\":\"https:\/\/now-news.de\/de\/#\/schema\/person\/fb534a4e865501d8b3285208df34a9b5\"},\"headline\":\"Laut Ungarn wird die Energiekrise in Europa noch Jahre dauern\",\"datePublished\":\"2022-10-13T18:10:06+00:00\",\"dateModified\":\"2022-10-13T18:10:06+00:00\",\"mainEntityOfPage\":{\"@id\":\"https:\/\/now-news.de\/de\/deutschland\/laut-ungarn-wird-die-energiekrise-in-europa-noch-jahre-dauern\/\"},\"wordCount\":507,\"commentCount\":0,\"publisher\":{\"@id\":\"https:\/\/now-news.de\/de\/#organization\"},\"image\":{\"@id\":\"https:\/\/now-news.de\/de\/deutschland\/laut-ungarn-wird-die-energiekrise-in-europa-noch-jahre-dauern\/#primaryimage\"},\"thumbnailUrl\":\"https:\/\/now-news.de\/de\/wp-content\/uploads\/sites\/3\/2022\/10\/Laut-Ungarn-wird-die-Energiekrise-in-Europa-noch-Jahre-dauern.jpg\",\"keywords\":[\"dauern\",\"die\",\"Energiekrise\",\"Europa\",\"Jahre\",\"laut\",\"noch\",\"Ungarn\",\"wird\"],\"articleSection\":[\"Deutschland\",\"Russland\"],\"inLanguage\":\"de\",\"potentialAction\":[{\"@type\":\"CommentAction\",\"name\":\"Comment\",\"target\":[\"https:\/\/now-news.de\/de\/deutschland\/laut-ungarn-wird-die-energiekrise-in-europa-noch-jahre-dauern\/#respond\"]}]},{\"@type\":\"WebPage\",\"@id\":\"https:\/\/now-news.de\/de\/deutschland\/laut-ungarn-wird-die-energiekrise-in-europa-noch-jahre-dauern\/\",\"url\":\"https:\/\/now-news.de\/de\/deutschland\/laut-ungarn-wird-die-energiekrise-in-europa-noch-jahre-dauern\/\",\"name\":\"Laut Ungarn wird die Energiekrise in Europa noch Jahre dauern - just-now.NEWS Deutschland\",\"isPartOf\":{\"@id\":\"https:\/\/now-news.de\/de\/#website\"},\"primaryImageOfPage\":{\"@id\":\"https:\/\/now-news.de\/de\/deutschland\/laut-ungarn-wird-die-energiekrise-in-europa-noch-jahre-dauern\/#primaryimage\"},\"image\":{\"@id\":\"https:\/\/now-news.de\/de\/deutschland\/laut-ungarn-wird-die-energiekrise-in-europa-noch-jahre-dauern\/#primaryimage\"},\"thumbnailUrl\":\"https:\/\/now-news.de\/de\/wp-content\/uploads\/sites\/3\/2022\/10\/Laut-Ungarn-wird-die-Energiekrise-in-Europa-noch-Jahre-dauern.jpg\",\"datePublished\":\"2022-10-13T18:10:06+00:00\",\"dateModified\":\"2022-10-13T18:10:06+00:00\",\"breadcrumb\":{\"@id\":\"https:\/\/now-news.de\/de\/deutschland\/laut-ungarn-wird-die-energiekrise-in-europa-noch-jahre-dauern\/#breadcrumb\"},\"inLanguage\":\"de\",\"potentialAction\":[{\"@type\":\"ReadAction\",\"target\":[\"https:\/\/now-news.de\/de\/deutschland\/laut-ungarn-wird-die-energiekrise-in-europa-noch-jahre-dauern\/\"]}]},{\"@type\":\"ImageObject\",\"inLanguage\":\"de\",\"@id\":\"https:\/\/now-news.de\/de\/deutschland\/laut-ungarn-wird-die-energiekrise-in-europa-noch-jahre-dauern\/#primaryimage\",\"url\":\"https:\/\/now-news.de\/de\/wp-content\/uploads\/sites\/3\/2022\/10\/Laut-Ungarn-wird-die-Energiekrise-in-Europa-noch-Jahre-dauern.jpg\",\"contentUrl\":\"https:\/\/now-news.de\/de\/wp-content\/uploads\/sites\/3\/2022\/10\/Laut-Ungarn-wird-die-Energiekrise-in-Europa-noch-Jahre-dauern.jpg\",\"width\":460,\"height\":259,\"caption\":\"Laut Ungarn wird die Energiekrise in Europa noch Jahre dauern\"},{\"@type\":\"BreadcrumbList\",\"@id\":\"https:\/\/now-news.de\/de\/deutschland\/laut-ungarn-wird-die-energiekrise-in-europa-noch-jahre-dauern\/#breadcrumb\",\"itemListElement\":[{\"@type\":\"ListItem\",\"position\":1,\"name\":\"Home\",\"item\":\"https:\/\/now-news.de\/de\/\"},{\"@type\":\"ListItem\",\"position\":2,\"name\":\"Laut Ungarn wird die Energiekrise in Europa noch Jahre dauern\"}]},{\"@type\":\"WebSite\",\"@id\":\"https:\/\/now-news.de\/de\/#website\",\"url\":\"https:\/\/now-news.de\/de\/\",\"name\":\"just-now.NEWS Deutschland\",\"description\":\"Das Portal f\u00fcr unzensierte Nachrichten aus der Welt\",\"publisher\":{\"@id\":\"https:\/\/now-news.de\/de\/#organization\"},\"potentialAction\":[{\"@type\":\"SearchAction\",\"target\":{\"@type\":\"EntryPoint\",\"urlTemplate\":\"https:\/\/now-news.de\/de\/?s={search_term_string}\"},\"query-input\":\"required name=search_term_string\"}],\"inLanguage\":\"de\"},{\"@type\":\"Organization\",\"@id\":\"https:\/\/now-news.de\/de\/#organization\",\"name\":\"Just Now News\",\"url\":\"https:\/\/now-news.de\/de\/\",\"logo\":{\"@type\":\"ImageObject\",\"inLanguage\":\"de\",\"@id\":\"https:\/\/now-news.de\/de\/#\/schema\/logo\/image\/\",\"url\":\"http:\/\/just-now.news\/de\/wp-content\/uploads\/sites\/3\/2022\/04\/logo500x500.jpg\",\"contentUrl\":\"http:\/\/just-now.news\/de\/wp-content\/uploads\/sites\/3\/2022\/04\/logo500x500.jpg\",\"width\":500,\"height\":500,\"caption\":\"Just Now News\"},\"image\":{\"@id\":\"https:\/\/now-news.de\/de\/#\/schema\/logo\/image\/\"},\"sameAs\":[\"https:\/\/www.facebook.com\/wirmachenauf\",\"https:\/\/x.com\/WirMachenAuf_de\"]},{\"@type\":\"Person\",\"@id\":\"https:\/\/now-news.de\/de\/#\/schema\/person\/fb534a4e865501d8b3285208df34a9b5\",\"name\":\"rtnews\",\"image\":{\"@type\":\"ImageObject\",\"inLanguage\":\"de\",\"@id\":\"https:\/\/now-news.de\/de\/#\/schema\/person\/image\/\",\"url\":\"https:\/\/secure.gravatar.com\/avatar\/82aafea7d8127119dd649515f56e2117?s=96&d=mm&r=g\",\"contentUrl\":\"https:\/\/secure.gravatar.com\/avatar\/82aafea7d8127119dd649515f56e2117?s=96&d=mm&r=g\",\"caption\":\"rtnews\"},\"url\":\"https:\/\/now-news.de\/de\/author\/rnews\/\"}]}<\/script>\n<!-- \/ Yoast SEO Premium plugin. -->","yoast_head_json":{"title":"Laut Ungarn wird die Energiekrise in Europa noch Jahre dauern - just-now.NEWS Deutschland","robots":{"index":"index","follow":"follow","max-snippet":"max-snippet:-1","max-image-preview":"max-image-preview:large","max-video-preview":"max-video-preview:-1"},"canonical":"https:\/\/now-news.de\/de\/deutschland\/laut-ungarn-wird-die-energiekrise-in-europa-noch-jahre-dauern\/","og_locale":"de_DE","og_type":"article","og_title":"Laut Ungarn wird die Energiekrise in Europa noch Jahre dauern","og_description":"Die anhaltende Energiekrise in Europa wird voraussichtlich langwierig werden und sich bis zum Jahr 2023 und m\u00f6glicherweise dar\u00fcber hinaus erstrecken, warnte der ungarische Au\u00dfenminister P\u00e9ter Szijj\u00e1rt\u00f3 nach einem Treffen der EU-Energieminister am Mittwoch. &#8220;Wir sehen jetzt die erste globale Energiekrise in der Geschichte und sie wird langfristig sein&#8221;, verk\u00fcndete Szijj\u00e1rt\u00f3 und erkl\u00e4rte, dass die Krise [&hellip;]","og_url":"https:\/\/now-news.de\/de\/deutschland\/laut-ungarn-wird-die-energiekrise-in-europa-noch-jahre-dauern\/","og_site_name":"just-now.NEWS Deutschland","article_publisher":"https:\/\/www.facebook.com\/wirmachenauf","article_published_time":"2022-10-13T18:10:06+00:00","og_image":[{"width":460,"height":259,"url":"https:\/\/now-news.de\/de\/wp-content\/uploads\/sites\/3\/2022\/10\/Laut-Ungarn-wird-die-Energiekrise-in-Europa-noch-Jahre-dauern.jpg","type":"image\/jpeg"}],"author":"rtnews","twitter_card":"summary_large_image","twitter_creator":"@WirMachenAuf_de","twitter_site":"@WirMachenAuf_de","twitter_misc":{"Verfasst von":"rtnews","Gesch\u00e4tzte Lesezeit":"2\u00a0Minuten"},"schema":{"@context":"https:\/\/schema.org","@graph":[{"@type":"Article","@id":"https:\/\/now-news.de\/de\/deutschland\/laut-ungarn-wird-die-energiekrise-in-europa-noch-jahre-dauern\/#article","isPartOf":{"@id":"https:\/\/now-news.de\/de\/deutschland\/laut-ungarn-wird-die-energiekrise-in-europa-noch-jahre-dauern\/"},"author":{"name":"rtnews","@id":"https:\/\/now-news.de\/de\/#\/schema\/person\/fb534a4e865501d8b3285208df34a9b5"},"headline":"Laut Ungarn wird die Energiekrise in Europa noch Jahre dauern","datePublished":"2022-10-13T18:10:06+00:00","dateModified":"2022-10-13T18:10:06+00:00","mainEntityOfPage":{"@id":"https:\/\/now-news.de\/de\/deutschland\/laut-ungarn-wird-die-energiekrise-in-europa-noch-jahre-dauern\/"},"wordCount":507,"commentCount":0,"publisher":{"@id":"https:\/\/now-news.de\/de\/#organization"},"image":{"@id":"https:\/\/now-news.de\/de\/deutschland\/laut-ungarn-wird-die-energiekrise-in-europa-noch-jahre-dauern\/#primaryimage"},"thumbnailUrl":"https:\/\/now-news.de\/de\/wp-content\/uploads\/sites\/3\/2022\/10\/Laut-Ungarn-wird-die-Energiekrise-in-Europa-noch-Jahre-dauern.jpg","keywords":["dauern","die","Energiekrise","Europa","Jahre","laut","noch","Ungarn","wird"],"articleSection":["Deutschland","Russland"],"inLanguage":"de","potentialAction":[{"@type":"CommentAction","name":"Comment","target":["https:\/\/now-news.de\/de\/deutschland\/laut-ungarn-wird-die-energiekrise-in-europa-noch-jahre-dauern\/#respond"]}]},{"@type":"WebPage","@id":"https:\/\/now-news.de\/de\/deutschland\/laut-ungarn-wird-die-energiekrise-in-europa-noch-jahre-dauern\/","url":"https:\/\/now-news.de\/de\/deutschland\/laut-ungarn-wird-die-energiekrise-in-europa-noch-jahre-dauern\/","name":"Laut Ungarn wird die Energiekrise in Europa noch Jahre dauern - just-now.NEWS Deutschland","isPartOf":{"@id":"https:\/\/now-news.de\/de\/#website"},"primaryImageOfPage":{"@id":"https:\/\/now-news.de\/de\/deutschland\/laut-ungarn-wird-die-energiekrise-in-europa-noch-jahre-dauern\/#primaryimage"},"image":{"@id":"https:\/\/now-news.de\/de\/deutschland\/laut-ungarn-wird-die-energiekrise-in-europa-noch-jahre-dauern\/#primaryimage"},"thumbnailUrl":"https:\/\/now-news.de\/de\/wp-content\/uploads\/sites\/3\/2022\/10\/Laut-Ungarn-wird-die-Energiekrise-in-Europa-noch-Jahre-dauern.jpg","datePublished":"2022-10-13T18:10:06+00:00","dateModified":"2022-10-13T18:10:06+00:00","breadcrumb":{"@id":"https:\/\/now-news.de\/de\/deutschland\/laut-ungarn-wird-die-energiekrise-in-europa-noch-jahre-dauern\/#breadcrumb"},"inLanguage":"de","potentialAction":[{"@type":"ReadAction","target":["https:\/\/now-news.de\/de\/deutschland\/laut-ungarn-wird-die-energiekrise-in-europa-noch-jahre-dauern\/"]}]},{"@type":"ImageObject","inLanguage":"de","@id":"https:\/\/now-news.de\/de\/deutschland\/laut-ungarn-wird-die-energiekrise-in-europa-noch-jahre-dauern\/#primaryimage","url":"https:\/\/now-news.de\/de\/wp-content\/uploads\/sites\/3\/2022\/10\/Laut-Ungarn-wird-die-Energiekrise-in-Europa-noch-Jahre-dauern.jpg","contentUrl":"https:\/\/now-news.de\/de\/wp-content\/uploads\/sites\/3\/2022\/10\/Laut-Ungarn-wird-die-Energiekrise-in-Europa-noch-Jahre-dauern.jpg","width":460,"height":259,"caption":"Laut Ungarn wird die Energiekrise in Europa noch Jahre dauern"},{"@type":"BreadcrumbList","@id":"https:\/\/now-news.de\/de\/deutschland\/laut-ungarn-wird-die-energiekrise-in-europa-noch-jahre-dauern\/#breadcrumb","itemListElement":[{"@type":"ListItem","position":1,"name":"Home","item":"https:\/\/now-news.de\/de\/"},{"@type":"ListItem","position":2,"name":"Laut Ungarn wird die Energiekrise in Europa noch Jahre dauern"}]},{"@type":"WebSite","@id":"https:\/\/now-news.de\/de\/#website","url":"https:\/\/now-news.de\/de\/","name":"just-now.NEWS Deutschland","description":"Das Portal f\u00fcr unzensierte Nachrichten aus der Welt","publisher":{"@id":"https:\/\/now-news.de\/de\/#organization"},"potentialAction":[{"@type":"SearchAction","target":{"@type":"EntryPoint","urlTemplate":"https:\/\/now-news.de\/de\/?s={search_term_string}"},"query-input":"required name=search_term_string"}],"inLanguage":"de"},{"@type":"Organization","@id":"https:\/\/now-news.de\/de\/#organization","name":"Just Now News","url":"https:\/\/now-news.de\/de\/","logo":{"@type":"ImageObject","inLanguage":"de","@id":"https:\/\/now-news.de\/de\/#\/schema\/logo\/image\/","url":"http:\/\/just-now.news\/de\/wp-content\/uploads\/sites\/3\/2022\/04\/logo500x500.jpg","contentUrl":"http:\/\/just-now.news\/de\/wp-content\/uploads\/sites\/3\/2022\/04\/logo500x500.jpg","width":500,"height":500,"caption":"Just Now News"},"image":{"@id":"https:\/\/now-news.de\/de\/#\/schema\/logo\/image\/"},"sameAs":["https:\/\/www.facebook.com\/wirmachenauf","https:\/\/x.com\/WirMachenAuf_de"]},{"@type":"Person","@id":"https:\/\/now-news.de\/de\/#\/schema\/person\/fb534a4e865501d8b3285208df34a9b5","name":"rtnews","image":{"@type":"ImageObject","inLanguage":"de","@id":"https:\/\/now-news.de\/de\/#\/schema\/person\/image\/","url":"https:\/\/secure.gravatar.com\/avatar\/82aafea7d8127119dd649515f56e2117?s=96&d=mm&r=g","contentUrl":"https:\/\/secure.gravatar.com\/avatar\/82aafea7d8127119dd649515f56e2117?s=96&d=mm&r=g","caption":"rtnews"},"url":"https:\/\/now-news.de\/de\/author\/rnews\/"}]}},"_links":{"self":[{"href":"https:\/\/now-news.de\/de\/wp-json\/wp\/v2\/posts\/20973"}],"collection":[{"href":"https:\/\/now-news.de\/de\/wp-json\/wp\/v2\/posts"}],"about":[{"href":"https:\/\/now-news.de\/de\/wp-json\/wp\/v2\/types\/post"}],"author":[{"embeddable":true,"href":"https:\/\/now-news.de\/de\/wp-json\/wp\/v2\/users\/3"}],"replies":[{"embeddable":true,"href":"https:\/\/now-news.de\/de\/wp-json\/wp\/v2\/comments?post=20973"}],"version-history":[{"count":0,"href":"https:\/\/now-news.de\/de\/wp-json\/wp\/v2\/posts\/20973\/revisions"}],"wp:featuredmedia":[{"embeddable":true,"href":"https:\/\/now-news.de\/de\/wp-json\/wp\/v2\/media\/20974"}],"wp:attachment":[{"href":"https:\/\/now-news.de\/de\/wp-json\/wp\/v2\/media?parent=20973"}],"wp:term":[{"taxonomy":"category","embeddable":true,"href":"https:\/\/now-news.de\/de\/wp-json\/wp\/v2\/categories?post=20973"},{"taxonomy":"post_tag","embeddable":true,"href":"https:\/\/now-news.de\/de\/wp-json\/wp\/v2\/tags?post=20973"}],"curies":[{"name":"wp","href":"https:\/\/api.w.org\/{rel}","templated":true}]}}