{"id":2087,"date":"2022-04-21T11:29:42","date_gmt":"2022-04-21T12:29:42","guid":{"rendered":"http:\/\/just-now.news\/de\/deutschland\/hitzige-diskussionen-in-brandenburg-um-tesla-betriebsunfall-mit-wassergefaehrdender-fluessigkeit\/"},"modified":"2022-04-21T11:29:42","modified_gmt":"2022-04-21T12:29:42","slug":"hitzige-diskussionen-in-brandenburg-um-tesla-betriebsunfall-mit-wassergefaehrdender-fluessigkeit","status":"publish","type":"post","link":"https:\/\/now-news.de\/de\/deutschland\/hitzige-diskussionen-in-brandenburg-um-tesla-betriebsunfall-mit-wassergefaehrdender-fluessigkeit\/","title":{"rendered":"Hitzige Diskussionen in Brandenburg um Tesla-Betriebsunfall mit wassergef\u00e4hrdender Fl\u00fcssigkeit"},"content":{"rendered":"<div class=\"Text-root Text-type_5 ArticleView-text ViewText-root \">\n<p>In der letzten Woche liefen 15.000 Liter Autolack im Brandenburger Tesla-Werk aus. Erstmalig berichteten unterschiedliche Medien am 14. April \u00fcber den Vorfall\u00a0\u2013 der Tesla-Standort\u00a0liegt in\u00a0einem brandenburgischen Trinkwasserschutzgebiet. Die Fabrik des US-Elektroautobauers war erst am 22. M\u00e4rz 2022 er\u00f6ffnet worden. Die Berliner <em>B.Z. <a target=\"_blank\" href=\"https:\/\/www.bz-berlin.de\/berlin\/umland\/fluessigkeit-in-tesla-lackiererei-ausgetreten-behoerde-keine-gefahr\" rel=\"noopener noreferrer\">zitierte<\/a><\/em>\u00a0am Donnerstag letzter Woche den Sprecher des zust\u00e4ndigen\u00a0Landesumweltamts (LfU) mit den Worten:<\/p>\n<blockquote>\n<p><em>&#8220;Es ist keine wassergef\u00e4hrdende Fl\u00fcssigkeit ins Freie oder in den Boden gelangt. Es bestand keine Gefahr f\u00fcr die Umwelt oder die Nachbarschaft.&#8221;<\/em><\/p>\n<\/blockquote>\n<div class=\"ReadMore-root Section-root Section-is1to3-xs_is1to1\" data-widgets=\"ReadMore\" data-has-alias>\n<div class=\"Section-container Section-isRow-isTop-isWrap\">\n<article class=\"Card-root Card-is1to1 \">\n<div class=\"Card-imageWrap\">\n<div class=\"Card-picture\">\n<picture class=\"Picture-root Picture-default\"><!--[if IE 9]><video style=\"display: none;\"><![endif]--><source media=\"(-webkit-min-device-pixel-ratio: 2) and (min-resolution: 120dpi)\" data-srcset=\" \nhttps:\/\/cdni.russiatoday.com\/deutsch\/images\/2022.03\/thumbnail\/6239c3c748fbef0747144b0c.jpg 850w,\n                https:\/\/cdni.russiatoday.com\/deutsch\/images\/2022.03\/article\/6239c3c748fbef0747144b0c.jpg 1960w,\n            \" srcset=\"data:image\/png;base64,iVBORw0KGgoAAAANSUhEUgAAABAAAAAJCAQAAACRI2S5AAAAEElEQVR42mNkIAAYRxWAAQAG9gAKqv6+AwAAAABJRU5ErkJggg==\"><source data-srcset=\" \nhttps:\/\/cdni.russiatoday.com\/deutsch\/images\/2022.03\/thumbnail\/6239c3c748fbef0747144b0c.jpg 460w,\n              https:\/\/cdni.russiatoday.com\/deutsch\/images\/2022.03\/article\/6239c3c748fbef0747144b0c.jpg 980w,\n            \" srcset=\"data:image\/png;base64,iVBORw0KGgoAAAANSUhEUgAAABAAAAAJCAQAAACRI2S5AAAAEElEQVR42mNkIAAYRxWAAQAG9gAKqv6+AwAAAABJRU5ErkJggg==\"><!--[if IE 9]><\/video><![endif]--><\/source><\/source><\/picture><!-- noscript pattern --><noscript><img decoding=\"async\" src=\"https:\/\/cdni.russiatoday.com\/deutsch\/images\/2022.03\/article\/6239c3c748fbef0747144b0c.jpg\" alt=\"Tesla er\u00f6ffnet Werk in Gr\u00fcnheide \u2013 Konzernchef Musk \u00fcbergibt das erste Auto\"><\/noscript>    <\/div><\/div>\n<div class=\"Card-contentWrap\">\n<div class=\"Card-content\">\n<div class=\"Card-title\">\n<div class=\"HeaderNews-root HeaderNews-type_6 \">\n<p>            <a target=\"_blank\" href=\"https:\/\/de.rt.com\/inland\/134389-tesla-eroffnet-werk-in-grunheide\/\" class=\"Link-root Link-isFullCard \" rel=\"noopener\"><br \/>\n                Tesla er\u00f6ffnet Werk in Gr\u00fcnheide \u2013 Konzernchef Musk \u00fcbergibt das erste Auto<br \/>\n            <\/a><\/p><\/div><\/div><\/div><\/div>\n<\/article>\n<\/div><\/div>\n<p>Nach ersten Erkenntnissen\u00a0ereignete sich der Vorfall nach beh\u00f6rdlichen Angaben innerhalb der Tesla-Betriebsgeb\u00e4ude. &#8220;Beim Bef\u00fcllen eines Beh\u00e4lters in der Lackiererei sei am Montagabend eine Fl\u00fcssigkeit ausgetreten, weil ein Ventil nicht vollst\u00e4ndig geschlossen gewesen sei&#8221;, so der Sprecher des LfU. Mittlerweile\u00a0widersprechen sich jedoch die zust\u00e4ndigen Beh\u00f6rden bei den Angaben zur Gef\u00e4hrlichkeit und den Folgen des Chemieunfalls. Tesla habe &#8220;korrekt auf die Betriebsst\u00f6rung reagiert, die am 12. April m\u00fcndlich gemeldet und dann am 14. April schriftlich angezeigt wurde&#8221;, so <a target=\"_blank\" href=\"https:\/\/www.tagesspiegel.de\/berlin\/havarie-einen-monat-nach-der-eroeffnung-15-000-liter-chemikalien-in-tesla-lackiererei-ausgelaufen-verbaende-fordern-aufklaerung\/28262414.html\" rel=\"noopener noreferrer\">Informationen<\/a> des <em>Berliner Tagesspiegels<\/em>.<\/p>\n<p>Die <em>B.Z.<\/em>\u00a0<a target=\"_blank\" href=\"https:\/\/www.bz-berlin.de\/berlin\/umland\/wie-gefaehrlich-war-der-tesla-unfall-wirklich\" rel=\"noopener noreferrer\">erl\u00e4utert<\/a> in einem Folge-Artikel, dass &#8220;nach dem Absaugen des Lacks im Werk &#8216;zwei bis drei Liter&#8217; beim Abtransport der Schl\u00e4uche ausgelaufen seien&#8221;, so neuere Darlegungen des Umweltbundesamtes. Die verursachte Lache sei jedoch gr\u00f6\u00dfer einzusch\u00e4tzen. Des Weiteren\u00a0schreibt die <em>B.Z.<\/em>:<\/p>\n<blockquote>\n<p><em>&#8220;Der Lack hat &#8216;keine gefahrstoffrechtliche Einstufung&#8217;, behauptet das Umweltamt jetzt. Die Kreiswasserbeh\u00f6rde widerspricht: &#8216;Die z\u00e4hfl\u00fcssige Farbmischung ist der Wassergef\u00e4hrdungsklasse\u202f1 zuzuordnen&#8217;.&#8221;<\/em><\/p>\n<\/blockquote>\n<p>Aufgrund des risikobelasteten Standortes in einem Wasserschutzgebiet fordern nun die Umweltverb\u00e4nde Gr\u00fcne Liga und Naturschutzbund sowie die B\u00fcrgerinitiative Gr\u00fcnheide umgehende Aufkl\u00e4rung, so der <em>Tagesspiegel<\/em>-Artikel. Die \u00d6kologisch-Demokratische Partei (\u00d6DP) sieht sogar die Notwendigkeit &#8220;eines Produktionsstopps&#8221;. Der Sender <em>rbb<\/em>\u00a0<a target=\"_blank\" href=\"https:\/\/www.rbb24.de\/studiofrankfurt\/wirtschaft\/tesla\/2022\/04\/tesla-fluessigkeit-feuerwehr-giftstoffe-lackiererei.html\" rel=\"noopener noreferrer\">berichtete<\/a> am 19. April:<\/p>\n<blockquote>\n<p><em> &#8220;Das Brandenburger Landesumweltamt hat in der vergangenen Woche offenbar falsch \u00fcber ein Leck in der Fabrik des US-Autobauers Tesla in Gr\u00fcnheide (Oder-Spree) berichtet. Das ergibt sich aus Aussagen des Landkreises Oder-Spree.&#8221;<\/em><\/p>\n<\/blockquote>\n<p>Die Zeitung\u00a0<em>Automobilwoche <\/em><a target=\"_blank\" href=\"https:\/\/www.automobilwoche.de\/nachrichten\/odp-bezweifelt-darstellung-von-tesla\" rel=\"noopener noreferrer\">zitiert<\/a>\u00a0Ausz\u00fcge einer Pressemitteilung der \u00d6DP:<\/p>\n<blockquote>\n<p><em>&#8220;Der &#8216;St\u00f6rfall&#8217; bei Tesla sei gravierender als bisher bekannt, hei\u00dft es in einer Pressemitteilung. Die Fl\u00fcssigkeit sei bis vor die Hallentore gelangt. Vermutlich sei ein Teil sogar versickert. Die \u00d6DP forderte Tesla auf, den Betrieb ruhen zu lassen, bis eine umfassende St\u00f6rfallvorsorge vorliege.&#8221;<\/em><\/p>\n<\/blockquote>\n<p>Damit erhalten die fortdauernden Diskussionen und kritischen Unmuts\u00e4u\u00dferungen um Sonderrechte und beh\u00f6rdliche Wahrnehmungen rund um das\u00a0Tesla-Betriebsgel\u00e4nde neues Futter. Die <em>Berliner Zeitung<\/em>\u00a0<a target=\"_blank\" href=\"https:\/\/www.berliner-zeitung.de\/mensch-metropole\/liegt-die-wasserknappheit-oestlich-von-berlin-an-tesla-li.223167\" rel=\"noopener noreferrer\">schrieb<\/a> zu Beginn der Woche:<\/p>\n<blockquote>\n<p><em>&#8220;&#8216;Rasen gie\u00dfen verboten.&#8217; Das ist eine Sache, die in der Region \u00f6stlich der Berliner Stadtgrenze f\u00fcr Schlagzeilen sorgt. Dort wird das Wasser immer knapper. So knapp, dass der Wasserverband Strausberg-Erkner (WSE) nun erste Sanktionierungen verh\u00e4ngen wird. Die Idee: Die Verschwendung von Wasser soll begrenzt werden. Der WSE ist auch der Wasserverband, in dessen Einzugsbereich die neue Gigafactory des US-Autobauers Tesla steht. Eine Milliardeninvestition von Elon Musk, die so viel Wasser verbraucht wie eine Kleinstadt.&#8221;<\/em><\/p>\n<\/blockquote>\n<p>Der WSE <a target=\"_blank\" href=\"https:\/\/www.moz.de\/lokales\/erkner\/trinkwasser-unter-gigafactory-wse-empoert-ueber-vorfall-in-tesla-gigafactory-_-_verhalten-der-behoerden-ist-ein-skandal_-63976333.html\" rel=\"noopener noreferrer\">zeigte<\/a> sich nun &#8220;emp\u00f6rt \u00fcber Vorfall bei Tesla in Gr\u00fcnheide \u2013 &#8216;Verhalten der Beh\u00f6rden ist Skandal'&#8221;. Steffen Schorcht von der B\u00fcrgerinitiative Gr\u00fcnheide\u00a0zeigte sich gegen\u00fcber dem <em>Tagesspiegel<\/em> besorgt:<\/p>\n<blockquote>\n<p><em>&#8220;In diesem Werk wird mit wassergef\u00e4hrdenden Substanzen gearbeitet. Unsere Bef\u00fcrchtungen, dass es hier nicht h\u00e4tte gebaut werden d\u00fcrfen, best\u00e4tigen sich.&#8221;<\/em><\/p>\n<\/blockquote>\n<div class=\"ReadMore-root Section-root Section-is1to3-xs_is1to1\" data-widgets=\"ReadMore\" data-has-alias>\n<div class=\"Section-container Section-isRow-isTop-isWrap\">\n<article class=\"Card-root Card-is1to1 \">\n<div class=\"Card-imageWrap\">\n<div class=\"Card-picture\">\n<picture class=\"Picture-root Picture-default\"><!--[if IE 9]><video style=\"display: none;\"><![endif]--><source media=\"(-webkit-min-device-pixel-ratio: 2) and (min-resolution: 120dpi)\" data-srcset=\" \nhttps:\/\/cdni.russiatoday.com\/deutsch\/images\/2021.10\/thumbnail\/6169a97eb480cc0973085847.jpg 850w,\n                https:\/\/cdni.russiatoday.com\/deutsch\/images\/2021.10\/article\/6169a97eb480cc0973085847.jpg 1960w,\n            \" srcset=\"data:image\/png;base64,iVBORw0KGgoAAAANSUhEUgAAABAAAAAJCAQAAACRI2S5AAAAEElEQVR42mNkIAAYRxWAAQAG9gAKqv6+AwAAAABJRU5ErkJggg==\"><source data-srcset=\" \nhttps:\/\/cdni.russiatoday.com\/deutsch\/images\/2021.10\/thumbnail\/6169a97eb480cc0973085847.jpg 460w,\n              https:\/\/cdni.russiatoday.com\/deutsch\/images\/2021.10\/article\/6169a97eb480cc0973085847.jpg 980w,\n            \" srcset=\"data:image\/png;base64,iVBORw0KGgoAAAANSUhEUgAAABAAAAAJCAQAAACRI2S5AAAAEElEQVR42mNkIAAYRxWAAQAG9gAKqv6+AwAAAABJRU5ErkJggg==\"><!--[if IE 9]><\/video><![endif]--><img decoding=\"async\" data-sizes=\"auto\" src=\"data:image\/png;base64,iVBORw0KGgoAAAANSUhEUgAAABAAAAAJCAQAAACRI2S5AAAAEElEQVR42mNkIAAYRxWAAQAG9gAKqv6+AwAAAABJRU5ErkJggg==\" class=\"Picture-root Picture-default lazyload\" data-src=\"https:\/\/cdni.russiatoday.com\/deutsch\/images\/2021.10\/thumbnail\/6169a97eb480cc0973085847.jpg\" alt=\"Tesla in Brandenburg \u2013 Verb\u00e4nde und B\u00fcrger bem\u00e4ngeln Verfahren und mangelnde Beteiligung\"><\/source><\/source><\/picture><!-- noscript pattern --><noscript><img decoding=\"async\" src=\"https:\/\/cdni.russiatoday.com\/deutsch\/images\/2021.10\/article\/6169a97eb480cc0973085847.jpg\" alt=\"Tesla in Brandenburg \u2013 Verb\u00e4nde und B\u00fcrger bem\u00e4ngeln Verfahren und mangelnde Beteiligung\"><\/noscript>    <\/div><\/div>\n<div class=\"Card-contentWrap\">\n<div class=\"Card-content\">\n<div class=\"Card-title\">\n<div class=\"HeaderNews-root HeaderNews-type_6 \">\n<p>            <a target=\"_blank\" href=\"https:\/\/de.rt.com\/inland\/125761-tesla-in-brandenburg-verbande-und\/\" class=\"Link-root Link-isFullCard \" rel=\"noopener\"><br \/>\n                Tesla in Brandenburg \u2013 Verb\u00e4nde und B\u00fcrger bem\u00e4ngeln Verfahren und mangelnde Beteiligung<br \/>\n            <\/a><\/p><\/div><\/div><\/div><\/div>\n<\/article>\n<\/div><\/div>\n<p>Zudem hat\u00a0die Brandenburger \u00d6DP Fotos ver\u00f6ffentlicht \u2013 am 12. April von einem Mitarbeiter\u00a0des Wasserverbandes Strausberg-Erkner (WSE)\u00a0im Werk aus einem Auto heraus aufgenommen \u2013 die drau\u00dfen vor der Lackiererei eine mit br\u00e4unlichem Bindemittel gebundene Fl\u00fcssigkeit zeigen sowie Fahrzeuge der Tesla-Betriebsfeuerwehr, so <a target=\"_blank\" href=\"https:\/\/www.tagesspiegel.de\/berlin\/havarie-einen-monat-nach-der-eroeffnung-15-000-liter-chemikalien-in-tesla-lackiererei-ausgelaufen-verbaende-fordern-aufklaerung\/28262414.html\" rel=\"noopener noreferrer\">Informationen<\/a> des Artikels. Mit Verz\u00f6gerung h\u00e4tte das zust\u00e4ndige LfU &#8220;nun erst weitere Details&#8221; mitgeteilt. So hei\u00dft es in dem Artikel des <em>Tagesspiegels:<\/em><\/p>\n<blockquote>\n<p><em>&#8220;Bei der ausgetretenen Fl\u00fcssigkeit handelt es sich um ca. 15 Kubikmeter Behandlungsbad aus der Elektrotauchlackierung. Um welche Chemikalien es sich handelt, wird weiterhin nicht mitgeteilt. Laut LfU sei eine Kontrolle des LfU am 12. April durchgef\u00fchrt worden.&#8221;<\/em><\/p>\n<\/blockquote>\n<p>Knapp tausend Meter von der Stelle entfernt befinde sich die Hauptbrunnenanlage Hohenbinde des Wasserverbandes Strausberg-Erkner, mit einer j\u00e4hrlichen\u00a0Kapazit\u00e4t von 5,6 Millionen Kubikmetern. &#8220;Wenn die ausfallen sollte, droht ein Versorgungsnotstand in der Region&#8221;, so der Sprecher der BI Gr\u00fcnheide. Nach vorliegenden Drohnen-Fotos k\u00f6nne daher nicht ausgeschlossen werden, &#8220;dass Chemikalien neben der Stra\u00dfe versickert seien.&#8221;<\/p>\n<p>Naturschutzbund und Gr\u00fcne Liga h\u00e4tten demnach\u00a0inzwischen f\u00f6rmlich Widerspruch gegen die Hauptgenehmigung f\u00fcr die Tesla-Fabrik eingelegt. Beide Institutionen <a target=\"_blank\" href=\"https:\/\/m.tagesspiegel.de\/berlin\/havarie-einen-monat-nach-der-eroeffnung-15-000-liter-chemikalien-in-tesla-lackiererei-ausgelaufen-verbaende-fordern-aufklaerung\/28262414.html\" rel=\"noopener noreferrer\">kritisieren<\/a>, dass weiterhin die Herausgabe der Verwaltungsakte und der geschw\u00e4rzten Passagen der Genehmigung\u00a0seitens des\u00a0Landesumweltamts (LfU) verweigert wird:<\/p>\n<blockquote>\n<p><em> &#8220;Das LfU sieht wegen der Vorkommnisse keinen\u00a0Grund f\u00fcr Konsequenzen gegen\u00fcber Tesla.&#8221;<\/em><\/p>\n<\/blockquote>\n<p>Das Unternehmen\u00a0bzw. der Firmeninhaber Elon Musk \u00e4u\u00dferten sich demnach zu der nachweislichen Havarie bisher noch nicht. W\u00e4hrend die Kreisbeh\u00f6rde &#8220;die Einleitung eines Bu\u00dfgeldverfahrens pr\u00fcft&#8221;, sagt das Landesamt: &#8220;Die Einleitung eines Bu\u00dfgeldverfahrens ist nicht angezeigt&#8221;, so der <a target=\"_blank\" href=\"https:\/\/www.bz-berlin.de\/berlin\/umland\/wie-gefaehrlich-war-der-tesla-unfall-wirklich\" rel=\"noopener noreferrer\">Artikel<\/a> der <em>B.Z.<\/em> zum aktuellen Status Quo.<\/p>\n<p><strong>Mehr zum Thema &#8211; <\/strong><a target=\"_blank\" href=\"https:\/\/de.rt.com\/inland\/122829-mehr-als-200-neue-antrage\/\" rel=\"noopener noreferrer\">Mehr als 200 neue Einwendungen gegen Tesla-Fabrik in Gr\u00fcnheide<\/a><\/p>\n<\/p>\n<\/div>\n<p><br \/>\n<br \/><a href=\"https:\/\/de.rt.com\/inland\/136682-hitzige-diskussionen-um-tesla-betriebsunfall\/\">Source link <\/a><\/p>\n","protected":false},"excerpt":{"rendered":"<p>In der letzten Woche liefen 15.000 Liter Autolack im Brandenburger Tesla-Werk aus. Erstmalig berichteten unterschiedliche Medien am 14. April \u00fcber den Vorfall\u00a0\u2013 der Tesla-Standort\u00a0liegt in\u00a0einem brandenburgischen Trinkwasserschutzgebiet. Die Fabrik des US-Elektroautobauers war erst am 22. M\u00e4rz 2022 er\u00f6ffnet worden. Die Berliner B.Z. zitierte\u00a0am Donnerstag letzter Woche den Sprecher des zust\u00e4ndigen\u00a0Landesumweltamts (LfU) mit den Worten: &#8220;Es [&hellip;]<\/p>\n","protected":false},"author":3,"featured_media":2088,"comment_status":"open","ping_status":"open","sticky":false,"template":"","format":"standard","meta":{"wp_automatic_camp":["217"],"c540510f596381be5cd4e75fedf381f3":["Hitzige Diskussionen in Brandenburg um Tesla-Betriebsunfall mit wassergef\u00e4hrdender Fl\u00fcssigkeit"],"original_link":["https:\/\/de.rt.com\/inland\/136682-hitzige-diskussionen-um-tesla-betriebsunfall\/"],"_thumbnail_id":["2088"],"wp_automatic_remove_first_image":["yes"],"_wptg_p2tg_sent2tg":["2022-04-21 11:31:52"],"jnews_social_counter_last_update":["1777402207"]},"categories":[19,23],"tags":[5960,5959,5963,5958,419,5961,5962],"yoast_head":"<!-- This site is optimized with the Yoast SEO Premium plugin v22.7 (Yoast SEO v22.7) - https:\/\/yoast.com\/wordpress\/plugins\/seo\/ -->\n<title>Hitzige Diskussionen in Brandenburg um Tesla-Betriebsunfall mit wassergef\u00e4hrdender Fl\u00fcssigkeit - just-now.NEWS Deutschland<\/title>\n<meta name=\"robots\" content=\"index, follow, max-snippet:-1, max-image-preview:large, max-video-preview:-1\" \/>\n<link rel=\"canonical\" href=\"https:\/\/now-news.de\/de\/deutschland\/hitzige-diskussionen-in-brandenburg-um-tesla-betriebsunfall-mit-wassergefaehrdender-fluessigkeit\/\" \/>\n<meta property=\"og:locale\" content=\"de_DE\" \/>\n<meta property=\"og:type\" content=\"article\" \/>\n<meta property=\"og:title\" content=\"Hitzige Diskussionen in Brandenburg um Tesla-Betriebsunfall mit wassergef\u00e4hrdender Fl\u00fcssigkeit\" \/>\n<meta property=\"og:description\" content=\"In der letzten Woche liefen 15.000 Liter Autolack im Brandenburger Tesla-Werk aus. Erstmalig berichteten unterschiedliche Medien am 14. April \u00fcber den Vorfall\u00a0\u2013 der Tesla-Standort\u00a0liegt in\u00a0einem brandenburgischen Trinkwasserschutzgebiet. Die Fabrik des US-Elektroautobauers war erst am 22. M\u00e4rz 2022 er\u00f6ffnet worden. Die Berliner B.Z. zitierte\u00a0am Donnerstag letzter Woche den Sprecher des zust\u00e4ndigen\u00a0Landesumweltamts (LfU) mit den Worten: &#8220;Es [&hellip;]\" \/>\n<meta property=\"og:url\" content=\"https:\/\/now-news.de\/de\/deutschland\/hitzige-diskussionen-in-brandenburg-um-tesla-betriebsunfall-mit-wassergefaehrdender-fluessigkeit\/\" \/>\n<meta property=\"og:site_name\" content=\"just-now.NEWS Deutschland\" \/>\n<meta property=\"article:publisher\" content=\"https:\/\/www.facebook.com\/wirmachenauf\" \/>\n<meta property=\"article:published_time\" content=\"2022-04-21T12:29:42+00:00\" \/>\n<meta property=\"og:image\" content=\"https:\/\/now-news.de\/de\/wp-content\/uploads\/sites\/3\/2022\/04\/Hitzige-Diskussionen-in-Brandenburg-um-Tesla-Betriebsunfall-mit-wassergefaehrdender-Fluessigkeit.jpg\" \/>\n\t<meta property=\"og:image:width\" content=\"1104\" \/>\n\t<meta property=\"og:image:height\" content=\"622\" \/>\n\t<meta property=\"og:image:type\" content=\"image\/jpeg\" \/>\n<meta name=\"author\" content=\"rtnews\" \/>\n<meta name=\"twitter:card\" content=\"summary_large_image\" \/>\n<meta name=\"twitter:creator\" content=\"@WirMachenAuf_de\" \/>\n<meta name=\"twitter:site\" content=\"@WirMachenAuf_de\" \/>\n<meta name=\"twitter:label1\" content=\"Verfasst von\" \/>\n\t<meta name=\"twitter:data1\" content=\"rtnews\" \/>\n\t<meta name=\"twitter:label2\" content=\"Gesch\u00e4tzte Lesezeit\" \/>\n\t<meta name=\"twitter:data2\" content=\"4\u00a0Minuten\" \/>\n<script type=\"application\/ld+json\" class=\"yoast-schema-graph\">{\"@context\":\"https:\/\/schema.org\",\"@graph\":[{\"@type\":\"Article\",\"@id\":\"https:\/\/now-news.de\/de\/deutschland\/hitzige-diskussionen-in-brandenburg-um-tesla-betriebsunfall-mit-wassergefaehrdender-fluessigkeit\/#article\",\"isPartOf\":{\"@id\":\"https:\/\/now-news.de\/de\/deutschland\/hitzige-diskussionen-in-brandenburg-um-tesla-betriebsunfall-mit-wassergefaehrdender-fluessigkeit\/\"},\"author\":{\"name\":\"rtnews\",\"@id\":\"https:\/\/now-news.de\/de\/#\/schema\/person\/fb534a4e865501d8b3285208df34a9b5\"},\"headline\":\"Hitzige Diskussionen in Brandenburg um Tesla-Betriebsunfall mit wassergef\u00e4hrdender Fl\u00fcssigkeit\",\"datePublished\":\"2022-04-21T12:29:42+00:00\",\"dateModified\":\"2022-04-21T12:29:42+00:00\",\"mainEntityOfPage\":{\"@id\":\"https:\/\/now-news.de\/de\/deutschland\/hitzige-diskussionen-in-brandenburg-um-tesla-betriebsunfall-mit-wassergefaehrdender-fluessigkeit\/\"},\"wordCount\":873,\"commentCount\":0,\"publisher\":{\"@id\":\"https:\/\/now-news.de\/de\/#organization\"},\"image\":{\"@id\":\"https:\/\/now-news.de\/de\/deutschland\/hitzige-diskussionen-in-brandenburg-um-tesla-betriebsunfall-mit-wassergefaehrdender-fluessigkeit\/#primaryimage\"},\"thumbnailUrl\":\"https:\/\/now-news.de\/de\/wp-content\/uploads\/sites\/3\/2022\/04\/Hitzige-Diskussionen-in-Brandenburg-um-Tesla-Betriebsunfall-mit-wassergefaehrdender-Fluessigkeit.jpg\",\"keywords\":[\"Brandenburg\",\"Diskussionen\",\"Fl\u00fcssigkeit\",\"Hitzige\",\"mit\",\"TeslaBetriebsunfall\",\"wassergef\u00e4hrdender\"],\"articleSection\":[\"Deutschland\",\"Russland\"],\"inLanguage\":\"de\",\"potentialAction\":[{\"@type\":\"CommentAction\",\"name\":\"Comment\",\"target\":[\"https:\/\/now-news.de\/de\/deutschland\/hitzige-diskussionen-in-brandenburg-um-tesla-betriebsunfall-mit-wassergefaehrdender-fluessigkeit\/#respond\"]}]},{\"@type\":\"WebPage\",\"@id\":\"https:\/\/now-news.de\/de\/deutschland\/hitzige-diskussionen-in-brandenburg-um-tesla-betriebsunfall-mit-wassergefaehrdender-fluessigkeit\/\",\"url\":\"https:\/\/now-news.de\/de\/deutschland\/hitzige-diskussionen-in-brandenburg-um-tesla-betriebsunfall-mit-wassergefaehrdender-fluessigkeit\/\",\"name\":\"Hitzige Diskussionen in Brandenburg um Tesla-Betriebsunfall mit wassergef\u00e4hrdender Fl\u00fcssigkeit - just-now.NEWS Deutschland\",\"isPartOf\":{\"@id\":\"https:\/\/now-news.de\/de\/#website\"},\"primaryImageOfPage\":{\"@id\":\"https:\/\/now-news.de\/de\/deutschland\/hitzige-diskussionen-in-brandenburg-um-tesla-betriebsunfall-mit-wassergefaehrdender-fluessigkeit\/#primaryimage\"},\"image\":{\"@id\":\"https:\/\/now-news.de\/de\/deutschland\/hitzige-diskussionen-in-brandenburg-um-tesla-betriebsunfall-mit-wassergefaehrdender-fluessigkeit\/#primaryimage\"},\"thumbnailUrl\":\"https:\/\/now-news.de\/de\/wp-content\/uploads\/sites\/3\/2022\/04\/Hitzige-Diskussionen-in-Brandenburg-um-Tesla-Betriebsunfall-mit-wassergefaehrdender-Fluessigkeit.jpg\",\"datePublished\":\"2022-04-21T12:29:42+00:00\",\"dateModified\":\"2022-04-21T12:29:42+00:00\",\"breadcrumb\":{\"@id\":\"https:\/\/now-news.de\/de\/deutschland\/hitzige-diskussionen-in-brandenburg-um-tesla-betriebsunfall-mit-wassergefaehrdender-fluessigkeit\/#breadcrumb\"},\"inLanguage\":\"de\",\"potentialAction\":[{\"@type\":\"ReadAction\",\"target\":[\"https:\/\/now-news.de\/de\/deutschland\/hitzige-diskussionen-in-brandenburg-um-tesla-betriebsunfall-mit-wassergefaehrdender-fluessigkeit\/\"]}]},{\"@type\":\"ImageObject\",\"inLanguage\":\"de\",\"@id\":\"https:\/\/now-news.de\/de\/deutschland\/hitzige-diskussionen-in-brandenburg-um-tesla-betriebsunfall-mit-wassergefaehrdender-fluessigkeit\/#primaryimage\",\"url\":\"https:\/\/now-news.de\/de\/wp-content\/uploads\/sites\/3\/2022\/04\/Hitzige-Diskussionen-in-Brandenburg-um-Tesla-Betriebsunfall-mit-wassergefaehrdender-Fluessigkeit.jpg\",\"contentUrl\":\"https:\/\/now-news.de\/de\/wp-content\/uploads\/sites\/3\/2022\/04\/Hitzige-Diskussionen-in-Brandenburg-um-Tesla-Betriebsunfall-mit-wassergefaehrdender-Fluessigkeit.jpg\",\"width\":1104,\"height\":622,\"caption\":\"Hitzige Diskussionen in Brandenburg um Tesla-Betriebsunfall mit wassergef\u00e4hrdender Fl\u00fcssigkeit\"},{\"@type\":\"BreadcrumbList\",\"@id\":\"https:\/\/now-news.de\/de\/deutschland\/hitzige-diskussionen-in-brandenburg-um-tesla-betriebsunfall-mit-wassergefaehrdender-fluessigkeit\/#breadcrumb\",\"itemListElement\":[{\"@type\":\"ListItem\",\"position\":1,\"name\":\"Home\",\"item\":\"https:\/\/now-news.de\/de\/\"},{\"@type\":\"ListItem\",\"position\":2,\"name\":\"Hitzige Diskussionen in Brandenburg um Tesla-Betriebsunfall mit wassergef\u00e4hrdender Fl\u00fcssigkeit\"}]},{\"@type\":\"WebSite\",\"@id\":\"https:\/\/now-news.de\/de\/#website\",\"url\":\"https:\/\/now-news.de\/de\/\",\"name\":\"just-now.NEWS Deutschland\",\"description\":\"Das Portal f\u00fcr unzensierte Nachrichten aus der Welt\",\"publisher\":{\"@id\":\"https:\/\/now-news.de\/de\/#organization\"},\"potentialAction\":[{\"@type\":\"SearchAction\",\"target\":{\"@type\":\"EntryPoint\",\"urlTemplate\":\"https:\/\/now-news.de\/de\/?s={search_term_string}\"},\"query-input\":\"required name=search_term_string\"}],\"inLanguage\":\"de\"},{\"@type\":\"Organization\",\"@id\":\"https:\/\/now-news.de\/de\/#organization\",\"name\":\"Just Now News\",\"url\":\"https:\/\/now-news.de\/de\/\",\"logo\":{\"@type\":\"ImageObject\",\"inLanguage\":\"de\",\"@id\":\"https:\/\/now-news.de\/de\/#\/schema\/logo\/image\/\",\"url\":\"http:\/\/just-now.news\/de\/wp-content\/uploads\/sites\/3\/2022\/04\/logo500x500.jpg\",\"contentUrl\":\"http:\/\/just-now.news\/de\/wp-content\/uploads\/sites\/3\/2022\/04\/logo500x500.jpg\",\"width\":500,\"height\":500,\"caption\":\"Just Now News\"},\"image\":{\"@id\":\"https:\/\/now-news.de\/de\/#\/schema\/logo\/image\/\"},\"sameAs\":[\"https:\/\/www.facebook.com\/wirmachenauf\",\"https:\/\/x.com\/WirMachenAuf_de\"]},{\"@type\":\"Person\",\"@id\":\"https:\/\/now-news.de\/de\/#\/schema\/person\/fb534a4e865501d8b3285208df34a9b5\",\"name\":\"rtnews\",\"image\":{\"@type\":\"ImageObject\",\"inLanguage\":\"de\",\"@id\":\"https:\/\/now-news.de\/de\/#\/schema\/person\/image\/\",\"url\":\"https:\/\/secure.gravatar.com\/avatar\/82aafea7d8127119dd649515f56e2117?s=96&d=mm&r=g\",\"contentUrl\":\"https:\/\/secure.gravatar.com\/avatar\/82aafea7d8127119dd649515f56e2117?s=96&d=mm&r=g\",\"caption\":\"rtnews\"},\"url\":\"https:\/\/now-news.de\/de\/author\/rnews\/\"}]}<\/script>\n<!-- \/ Yoast SEO Premium plugin. -->","yoast_head_json":{"title":"Hitzige Diskussionen in Brandenburg um Tesla-Betriebsunfall mit wassergef\u00e4hrdender Fl\u00fcssigkeit - just-now.NEWS Deutschland","robots":{"index":"index","follow":"follow","max-snippet":"max-snippet:-1","max-image-preview":"max-image-preview:large","max-video-preview":"max-video-preview:-1"},"canonical":"https:\/\/now-news.de\/de\/deutschland\/hitzige-diskussionen-in-brandenburg-um-tesla-betriebsunfall-mit-wassergefaehrdender-fluessigkeit\/","og_locale":"de_DE","og_type":"article","og_title":"Hitzige Diskussionen in Brandenburg um Tesla-Betriebsunfall mit wassergef\u00e4hrdender Fl\u00fcssigkeit","og_description":"In der letzten Woche liefen 15.000 Liter Autolack im Brandenburger Tesla-Werk aus. Erstmalig berichteten unterschiedliche Medien am 14. April \u00fcber den Vorfall\u00a0\u2013 der Tesla-Standort\u00a0liegt in\u00a0einem brandenburgischen Trinkwasserschutzgebiet. Die Fabrik des US-Elektroautobauers war erst am 22. M\u00e4rz 2022 er\u00f6ffnet worden. Die Berliner B.Z. zitierte\u00a0am Donnerstag letzter Woche den Sprecher des zust\u00e4ndigen\u00a0Landesumweltamts (LfU) mit den Worten: &#8220;Es [&hellip;]","og_url":"https:\/\/now-news.de\/de\/deutschland\/hitzige-diskussionen-in-brandenburg-um-tesla-betriebsunfall-mit-wassergefaehrdender-fluessigkeit\/","og_site_name":"just-now.NEWS Deutschland","article_publisher":"https:\/\/www.facebook.com\/wirmachenauf","article_published_time":"2022-04-21T12:29:42+00:00","og_image":[{"width":1104,"height":622,"url":"https:\/\/now-news.de\/de\/wp-content\/uploads\/sites\/3\/2022\/04\/Hitzige-Diskussionen-in-Brandenburg-um-Tesla-Betriebsunfall-mit-wassergefaehrdender-Fluessigkeit.jpg","type":"image\/jpeg"}],"author":"rtnews","twitter_card":"summary_large_image","twitter_creator":"@WirMachenAuf_de","twitter_site":"@WirMachenAuf_de","twitter_misc":{"Verfasst von":"rtnews","Gesch\u00e4tzte Lesezeit":"4\u00a0Minuten"},"schema":{"@context":"https:\/\/schema.org","@graph":[{"@type":"Article","@id":"https:\/\/now-news.de\/de\/deutschland\/hitzige-diskussionen-in-brandenburg-um-tesla-betriebsunfall-mit-wassergefaehrdender-fluessigkeit\/#article","isPartOf":{"@id":"https:\/\/now-news.de\/de\/deutschland\/hitzige-diskussionen-in-brandenburg-um-tesla-betriebsunfall-mit-wassergefaehrdender-fluessigkeit\/"},"author":{"name":"rtnews","@id":"https:\/\/now-news.de\/de\/#\/schema\/person\/fb534a4e865501d8b3285208df34a9b5"},"headline":"Hitzige Diskussionen in Brandenburg um Tesla-Betriebsunfall mit wassergef\u00e4hrdender Fl\u00fcssigkeit","datePublished":"2022-04-21T12:29:42+00:00","dateModified":"2022-04-21T12:29:42+00:00","mainEntityOfPage":{"@id":"https:\/\/now-news.de\/de\/deutschland\/hitzige-diskussionen-in-brandenburg-um-tesla-betriebsunfall-mit-wassergefaehrdender-fluessigkeit\/"},"wordCount":873,"commentCount":0,"publisher":{"@id":"https:\/\/now-news.de\/de\/#organization"},"image":{"@id":"https:\/\/now-news.de\/de\/deutschland\/hitzige-diskussionen-in-brandenburg-um-tesla-betriebsunfall-mit-wassergefaehrdender-fluessigkeit\/#primaryimage"},"thumbnailUrl":"https:\/\/now-news.de\/de\/wp-content\/uploads\/sites\/3\/2022\/04\/Hitzige-Diskussionen-in-Brandenburg-um-Tesla-Betriebsunfall-mit-wassergefaehrdender-Fluessigkeit.jpg","keywords":["Brandenburg","Diskussionen","Fl\u00fcssigkeit","Hitzige","mit","TeslaBetriebsunfall","wassergef\u00e4hrdender"],"articleSection":["Deutschland","Russland"],"inLanguage":"de","potentialAction":[{"@type":"CommentAction","name":"Comment","target":["https:\/\/now-news.de\/de\/deutschland\/hitzige-diskussionen-in-brandenburg-um-tesla-betriebsunfall-mit-wassergefaehrdender-fluessigkeit\/#respond"]}]},{"@type":"WebPage","@id":"https:\/\/now-news.de\/de\/deutschland\/hitzige-diskussionen-in-brandenburg-um-tesla-betriebsunfall-mit-wassergefaehrdender-fluessigkeit\/","url":"https:\/\/now-news.de\/de\/deutschland\/hitzige-diskussionen-in-brandenburg-um-tesla-betriebsunfall-mit-wassergefaehrdender-fluessigkeit\/","name":"Hitzige Diskussionen in Brandenburg um Tesla-Betriebsunfall mit wassergef\u00e4hrdender Fl\u00fcssigkeit - just-now.NEWS Deutschland","isPartOf":{"@id":"https:\/\/now-news.de\/de\/#website"},"primaryImageOfPage":{"@id":"https:\/\/now-news.de\/de\/deutschland\/hitzige-diskussionen-in-brandenburg-um-tesla-betriebsunfall-mit-wassergefaehrdender-fluessigkeit\/#primaryimage"},"image":{"@id":"https:\/\/now-news.de\/de\/deutschland\/hitzige-diskussionen-in-brandenburg-um-tesla-betriebsunfall-mit-wassergefaehrdender-fluessigkeit\/#primaryimage"},"thumbnailUrl":"https:\/\/now-news.de\/de\/wp-content\/uploads\/sites\/3\/2022\/04\/Hitzige-Diskussionen-in-Brandenburg-um-Tesla-Betriebsunfall-mit-wassergefaehrdender-Fluessigkeit.jpg","datePublished":"2022-04-21T12:29:42+00:00","dateModified":"2022-04-21T12:29:42+00:00","breadcrumb":{"@id":"https:\/\/now-news.de\/de\/deutschland\/hitzige-diskussionen-in-brandenburg-um-tesla-betriebsunfall-mit-wassergefaehrdender-fluessigkeit\/#breadcrumb"},"inLanguage":"de","potentialAction":[{"@type":"ReadAction","target":["https:\/\/now-news.de\/de\/deutschland\/hitzige-diskussionen-in-brandenburg-um-tesla-betriebsunfall-mit-wassergefaehrdender-fluessigkeit\/"]}]},{"@type":"ImageObject","inLanguage":"de","@id":"https:\/\/now-news.de\/de\/deutschland\/hitzige-diskussionen-in-brandenburg-um-tesla-betriebsunfall-mit-wassergefaehrdender-fluessigkeit\/#primaryimage","url":"https:\/\/now-news.de\/de\/wp-content\/uploads\/sites\/3\/2022\/04\/Hitzige-Diskussionen-in-Brandenburg-um-Tesla-Betriebsunfall-mit-wassergefaehrdender-Fluessigkeit.jpg","contentUrl":"https:\/\/now-news.de\/de\/wp-content\/uploads\/sites\/3\/2022\/04\/Hitzige-Diskussionen-in-Brandenburg-um-Tesla-Betriebsunfall-mit-wassergefaehrdender-Fluessigkeit.jpg","width":1104,"height":622,"caption":"Hitzige Diskussionen in Brandenburg um Tesla-Betriebsunfall mit wassergef\u00e4hrdender Fl\u00fcssigkeit"},{"@type":"BreadcrumbList","@id":"https:\/\/now-news.de\/de\/deutschland\/hitzige-diskussionen-in-brandenburg-um-tesla-betriebsunfall-mit-wassergefaehrdender-fluessigkeit\/#breadcrumb","itemListElement":[{"@type":"ListItem","position":1,"name":"Home","item":"https:\/\/now-news.de\/de\/"},{"@type":"ListItem","position":2,"name":"Hitzige Diskussionen in Brandenburg um Tesla-Betriebsunfall mit wassergef\u00e4hrdender Fl\u00fcssigkeit"}]},{"@type":"WebSite","@id":"https:\/\/now-news.de\/de\/#website","url":"https:\/\/now-news.de\/de\/","name":"just-now.NEWS Deutschland","description":"Das Portal f\u00fcr unzensierte Nachrichten aus der Welt","publisher":{"@id":"https:\/\/now-news.de\/de\/#organization"},"potentialAction":[{"@type":"SearchAction","target":{"@type":"EntryPoint","urlTemplate":"https:\/\/now-news.de\/de\/?s={search_term_string}"},"query-input":"required name=search_term_string"}],"inLanguage":"de"},{"@type":"Organization","@id":"https:\/\/now-news.de\/de\/#organization","name":"Just Now News","url":"https:\/\/now-news.de\/de\/","logo":{"@type":"ImageObject","inLanguage":"de","@id":"https:\/\/now-news.de\/de\/#\/schema\/logo\/image\/","url":"http:\/\/just-now.news\/de\/wp-content\/uploads\/sites\/3\/2022\/04\/logo500x500.jpg","contentUrl":"http:\/\/just-now.news\/de\/wp-content\/uploads\/sites\/3\/2022\/04\/logo500x500.jpg","width":500,"height":500,"caption":"Just Now News"},"image":{"@id":"https:\/\/now-news.de\/de\/#\/schema\/logo\/image\/"},"sameAs":["https:\/\/www.facebook.com\/wirmachenauf","https:\/\/x.com\/WirMachenAuf_de"]},{"@type":"Person","@id":"https:\/\/now-news.de\/de\/#\/schema\/person\/fb534a4e865501d8b3285208df34a9b5","name":"rtnews","image":{"@type":"ImageObject","inLanguage":"de","@id":"https:\/\/now-news.de\/de\/#\/schema\/person\/image\/","url":"https:\/\/secure.gravatar.com\/avatar\/82aafea7d8127119dd649515f56e2117?s=96&d=mm&r=g","contentUrl":"https:\/\/secure.gravatar.com\/avatar\/82aafea7d8127119dd649515f56e2117?s=96&d=mm&r=g","caption":"rtnews"},"url":"https:\/\/now-news.de\/de\/author\/rnews\/"}]}},"_links":{"self":[{"href":"https:\/\/now-news.de\/de\/wp-json\/wp\/v2\/posts\/2087"}],"collection":[{"href":"https:\/\/now-news.de\/de\/wp-json\/wp\/v2\/posts"}],"about":[{"href":"https:\/\/now-news.de\/de\/wp-json\/wp\/v2\/types\/post"}],"author":[{"embeddable":true,"href":"https:\/\/now-news.de\/de\/wp-json\/wp\/v2\/users\/3"}],"replies":[{"embeddable":true,"href":"https:\/\/now-news.de\/de\/wp-json\/wp\/v2\/comments?post=2087"}],"version-history":[{"count":0,"href":"https:\/\/now-news.de\/de\/wp-json\/wp\/v2\/posts\/2087\/revisions"}],"wp:featuredmedia":[{"embeddable":true,"href":"https:\/\/now-news.de\/de\/wp-json\/wp\/v2\/media\/2088"}],"wp:attachment":[{"href":"https:\/\/now-news.de\/de\/wp-json\/wp\/v2\/media?parent=2087"}],"wp:term":[{"taxonomy":"category","embeddable":true,"href":"https:\/\/now-news.de\/de\/wp-json\/wp\/v2\/categories?post=2087"},{"taxonomy":"post_tag","embeddable":true,"href":"https:\/\/now-news.de\/de\/wp-json\/wp\/v2\/tags?post=2087"}],"curies":[{"name":"wp","href":"https:\/\/api.w.org\/{rel}","templated":true}]}}