{"id":20868,"date":"2022-10-12T15:05:24","date_gmt":"2022-10-12T13:05:24","guid":{"rendered":"http:\/\/just-now.news\/de\/deutschland\/in-moskau-wegen-ukraine-kriegs-abgesagt-in-amsterdam-nun-eroeffnet-kunstausstellung-von-anne-imhof\/"},"modified":"2022-10-12T15:05:24","modified_gmt":"2022-10-12T13:05:24","slug":"in-moskau-wegen-ukraine-kriegs-abgesagt-in-amsterdam-nun-eroeffnet-kunstausstellung-von-anne-imhof","status":"publish","type":"post","link":"https:\/\/now-news.de\/de\/deutschland\/in-moskau-wegen-ukraine-kriegs-abgesagt-in-amsterdam-nun-eroeffnet-kunstausstellung-von-anne-imhof\/","title":{"rendered":"In Moskau wegen Ukraine-Kriegs abgesagt, in Amsterdam nun er\u00f6ffnet \u2013 Kunstausstellung von Anne Imhof"},"content":{"rendered":"<p><img decoding=\"async\" src=\"http:\/\/just-now.news\/de\/wp-content\/uploads\/sites\/3\/2022\/10\/63469d0948fbef6aaa614882.jpg\" \/><\/p>\n<div class=\"Text-root Text-type_1 \">\n                Nach dem Beginn von Moskaus Intervention im Ukraine-Konflikt wurden mehrere Kunstausstellungen, an denen europ\u00e4ische Partner russischer Institutionen teilnahmen, in Russland abgesagt. Auch die Soloausstellung von Anne Imhof. Nun wird sie in Amsterdam gezeigt.\n            <\/div>\n<p><\/p>\n<div class=\"Text-root Text-type_5 ArticleView-text ViewText-root \">\n<p>Die Ausstellung der ber\u00fchmten deutschen K\u00fcnstlerin Anne Imhof sollte in Moskau stattfinden. Die Schau &#8220;Youth&#8221; war f\u00fcr M\u00e4rz in der Garage Gallery of Contemporary Art geplant. Es sollte ein kulturelles Ereignis werden, die erste Einzelausstellung der K\u00fcnstlerin seit beinahe einem Jahrzehnt ohne jegliche Performance-Elemente. F\u00fcr die Schau hatte Imhof einige Exponate sogar in Russland geschaffen. Danach sollte die Ausstellung nach Amsterdam wandern. So zumindest war es geplant.<\/p>\n<p>Nach dem Beginn der russischen Milit\u00e4roperation in der Ukraine sagte die Galerie Garage alle internationalen Projekte ab und nun beherbergt das Amsterdamer Stedelijk Museum Imhofs Ausstellung.<\/p>\n<p>Laut <em>The Art Newspaper<\/em> kommentierte die K\u00fcnstlerin die Absage ihrer Show in Moskau auf einer Pressekonferenz, die zeitgleich mit der Er\u00f6ffnung der Schau im Amsterdamer Museum stattfand:<\/p>\n<blockquote>\n<p><em>&#8220;Ich hatte gehofft, dass sich die Situation kl\u00e4ren w\u00fcrde. Ich hatte den Glauben an die Macht der Diplomatie noch nicht verloren. Jetzt bin ich mir da nicht mehr so sicher.&#8221;<\/em><\/p>\n<\/blockquote>\n<p>Die geb\u00fcrtige Gie\u00dfenerin ist heute eine der bekanntesten Vertreterinnen der zeitgen\u00f6ssischen Kunst. Ihre Performances wurden in der Tate Modern in London, dem Art Institute of Chicago und dem Palais de Tokyo in Paris gezeigt. Ber\u00fchmt wurde Imhof im Jahr 2017, als sie den Goldenen L\u00f6wen auf der Biennale von Venedig f\u00fcr ihre gro\u00df angelegte Performance &#8220;Faust&#8221; gewann, die im Deutschen Pavillon pr\u00e4sentiert wurde.<\/p>\n<p>Nachdem ihre Ausstellung in Russland abgesagt worden war, musste die\u00a0Schau f\u00fcr\u00a0Amsterdam umgestaltet werden. &#8220;Es konnte nicht so bleiben, wie es war&#8221;, so die Kuratorin Beatrix Ruf gegen\u00fcber <em>The Art Newspaper<\/em>. Die Zeitung schreibt:<\/p>\n<blockquote>\n<p><em>&#8220;Im vergangenen Winter reiste Ruf nach Moskau und beteiligte sich an der Vorbereitung der Ausstellung in der Garage. Die Ausstellung im Stedelijk Museum sei &#8216;viel dichter&#8217;, weil die Kuratoren mehr Werke in die Schau einbauen mussten. Dazu geh\u00f6rten laut Ruf auch gro\u00dfe, mit Graffiti bemalte Glask\u00f6rper, die sich auf das &#8216;Hexagon&#8217;, einen bauf\u00e4lligen historischen Pavillon im Gorki-Park, reimten.&#8221;<\/em><\/p>\n<\/blockquote>\n<p>Videos von Imhof, die Teil der Ausstellung sind, wurden ebenfalls in Moskau gedreht, so die Zeitung. In einem der Videos &#8220;l\u00e4uft eine Pferdeherde durch einen Block mit typischen Geb\u00e4uden aus der Sowjetzeit&#8221;, in einem anderen wandert die US-amerikanische Malerin Eliza Douglas &#8220;mit entbl\u00f6\u00dften Br\u00fcsten durch den verschneiten Hof des mit Graffiti bemalten, halb zerst\u00f6rten &#8216;Hexagon'&#8221;.<\/p>\n<p>Die Ausstellung und ihr Titel sind aktueller denn je, meint die Kunstzeitung. Und<em> The Art Newspaper<\/em> erkl\u00e4rt warum:<\/p>\n<blockquote>\n<p><em>&#8220;Die K\u00fcnstlerin erz\u00e4hlt uns, dass sie den Titel &#8216;Youth&#8217; f\u00fcr die Ausstellung unter anderem deshalb gew\u00e4hlt hat, weil er sich auf Elemente der Jugendkultur bezieht mit denen das Werk von Imhof oft in Verbindung gebracht wird. Vor allem aber ist die Jugend die Zeit, &#8216;in der die Dinge noch nicht das sind, was sie sp\u00e4ter werden&#8217; \u2013 mit Unbest\u00e4ndigkeit und Unsicherheit verbunden. In einer geopolitischen Situation, die Imhof wie viele andere zuvor f\u00fcr unm\u00f6glich hielt, \u00fcberdenkt sie viele Dinge, derer sie sich fr\u00fcher sicher war. Die K\u00fcnstlerin ist der Meinung, dass dieser Mangel an Gewissheit den gegenw\u00e4rtigen emotionalen Zustand von ihr selbst und den Menschen in ihrem Umfeld am besten beschreibt. &#8216;Wenn man jung ist, nimmt man alles sehr kategorisch: Alles oder nichts&#8217;, sagt sie. Jetzt steht wirklich mehr auf dem Spiel als je zuvor.&#8221;<\/em><\/p>\n<\/blockquote>\n<p><strong>Mehr zum Thema &#8211;<\/strong>\u00a0<a rel=\"nofollow noopener\" target=\"_blank\" href=\"https:\/\/de.rt.com\/meinung\/133567-die-irre-westliche-boykottkultur-nimmt-eine-ganze-nation-ins-visier\/\">Die irre westliche Boykottkultur nimmt eine ganze Nation ins Visier<\/a><\/p>\n<\/div>\n<p><br \/>\n<br \/><a href=\"https:\/\/de.rt.com\/europa\/151392-in-moskau-wegen-ukraine-krieges\/\">Source link <\/a><\/p>\n","protected":false},"excerpt":{"rendered":"<p>Nach dem Beginn von Moskaus Intervention im Ukraine-Konflikt wurden mehrere Kunstausstellungen, an denen europ\u00e4ische Partner russischer Institutionen teilnahmen, in Russland abgesagt. Auch die Soloausstellung von Anne Imhof. Nun wird sie in Amsterdam gezeigt. Die Ausstellung der ber\u00fchmten deutschen K\u00fcnstlerin Anne Imhof sollte in Moskau stattfinden. Die Schau &#8220;Youth&#8221; war f\u00fcr M\u00e4rz in der Garage Gallery [&hellip;]<\/p>\n","protected":false},"author":3,"featured_media":20869,"comment_status":"open","ping_status":"open","sticky":false,"template":"","format":"standard","meta":{"wp_automatic_camp":["217"],"97477b24b2a6731fc2ce3a6164a6af8b":["In Moskau wegen Ukraine-Kriegs abgesagt, in Amsterdam nun er\u00f6ffnet \u2013 Kunstausstellung von Anne Imhof"],"original_link":["https:\/\/de.rt.com\/europa\/151392-in-moskau-wegen-ukraine-krieges\/"],"_thumbnail_id":["20869"],"_wptg_p2tg_sent2tg":["2022-10-12 15:08:23"],"jnews_social_counter_last_update":["1777562395"]},"categories":[19,23],"tags":[8108,34252,34254,11662,34255,34253,946,2121,20270,50,145],"yoast_head":"<!-- This site is optimized with the Yoast SEO Premium plugin v22.7 (Yoast SEO v22.7) - https:\/\/yoast.com\/wordpress\/plugins\/seo\/ -->\n<title>In Moskau wegen Ukraine-Kriegs abgesagt, in Amsterdam nun er\u00f6ffnet \u2013 Kunstausstellung von Anne Imhof - just-now.NEWS Deutschland<\/title>\n<meta name=\"robots\" content=\"index, follow, max-snippet:-1, max-image-preview:large, max-video-preview:-1\" \/>\n<link rel=\"canonical\" href=\"https:\/\/now-news.de\/de\/deutschland\/in-moskau-wegen-ukraine-kriegs-abgesagt-in-amsterdam-nun-eroeffnet-kunstausstellung-von-anne-imhof\/\" \/>\n<meta property=\"og:locale\" content=\"de_DE\" \/>\n<meta property=\"og:type\" content=\"article\" \/>\n<meta property=\"og:title\" content=\"In Moskau wegen Ukraine-Kriegs abgesagt, in Amsterdam nun er\u00f6ffnet \u2013 Kunstausstellung von Anne Imhof\" \/>\n<meta property=\"og:description\" content=\"Nach dem Beginn von Moskaus Intervention im Ukraine-Konflikt wurden mehrere Kunstausstellungen, an denen europ\u00e4ische Partner russischer Institutionen teilnahmen, in Russland abgesagt. Auch die Soloausstellung von Anne Imhof. Nun wird sie in Amsterdam gezeigt. Die Ausstellung der ber\u00fchmten deutschen K\u00fcnstlerin Anne Imhof sollte in Moskau stattfinden. Die Schau &#8220;Youth&#8221; war f\u00fcr M\u00e4rz in der Garage Gallery [&hellip;]\" \/>\n<meta property=\"og:url\" content=\"https:\/\/now-news.de\/de\/deutschland\/in-moskau-wegen-ukraine-kriegs-abgesagt-in-amsterdam-nun-eroeffnet-kunstausstellung-von-anne-imhof\/\" \/>\n<meta property=\"og:site_name\" content=\"just-now.NEWS Deutschland\" \/>\n<meta property=\"article:publisher\" content=\"https:\/\/www.facebook.com\/wirmachenauf\" \/>\n<meta property=\"article:published_time\" content=\"2022-10-12T13:05:24+00:00\" \/>\n<meta property=\"og:image\" content=\"https:\/\/now-news.de\/de\/wp-content\/uploads\/sites\/3\/2022\/10\/In-Moskau-wegen-Ukraine-Kriegs-abgesagt-in-Amsterdam-nun-eroeffnet-\u2013.jpg\" \/>\n\t<meta property=\"og:image:width\" content=\"460\" \/>\n\t<meta property=\"og:image:height\" content=\"259\" \/>\n\t<meta property=\"og:image:type\" content=\"image\/jpeg\" \/>\n<meta name=\"author\" content=\"rtnews\" \/>\n<meta name=\"twitter:card\" content=\"summary_large_image\" \/>\n<meta name=\"twitter:creator\" content=\"@WirMachenAuf_de\" \/>\n<meta name=\"twitter:site\" content=\"@WirMachenAuf_de\" \/>\n<meta name=\"twitter:label1\" content=\"Verfasst von\" \/>\n\t<meta name=\"twitter:data1\" content=\"rtnews\" \/>\n\t<meta name=\"twitter:label2\" content=\"Gesch\u00e4tzte Lesezeit\" \/>\n\t<meta name=\"twitter:data2\" content=\"3\u00a0Minuten\" \/>\n<script type=\"application\/ld+json\" class=\"yoast-schema-graph\">{\"@context\":\"https:\/\/schema.org\",\"@graph\":[{\"@type\":\"Article\",\"@id\":\"https:\/\/now-news.de\/de\/deutschland\/in-moskau-wegen-ukraine-kriegs-abgesagt-in-amsterdam-nun-eroeffnet-kunstausstellung-von-anne-imhof\/#article\",\"isPartOf\":{\"@id\":\"https:\/\/now-news.de\/de\/deutschland\/in-moskau-wegen-ukraine-kriegs-abgesagt-in-amsterdam-nun-eroeffnet-kunstausstellung-von-anne-imhof\/\"},\"author\":{\"name\":\"rtnews\",\"@id\":\"https:\/\/now-news.de\/de\/#\/schema\/person\/fb534a4e865501d8b3285208df34a9b5\"},\"headline\":\"In Moskau wegen Ukraine-Kriegs abgesagt, in Amsterdam nun er\u00f6ffnet \u2013 Kunstausstellung von Anne Imhof\",\"datePublished\":\"2022-10-12T13:05:24+00:00\",\"dateModified\":\"2022-10-12T13:05:24+00:00\",\"mainEntityOfPage\":{\"@id\":\"https:\/\/now-news.de\/de\/deutschland\/in-moskau-wegen-ukraine-kriegs-abgesagt-in-amsterdam-nun-eroeffnet-kunstausstellung-von-anne-imhof\/\"},\"wordCount\":618,\"commentCount\":0,\"publisher\":{\"@id\":\"https:\/\/now-news.de\/de\/#organization\"},\"image\":{\"@id\":\"https:\/\/now-news.de\/de\/deutschland\/in-moskau-wegen-ukraine-kriegs-abgesagt-in-amsterdam-nun-eroeffnet-kunstausstellung-von-anne-imhof\/#primaryimage\"},\"thumbnailUrl\":\"https:\/\/now-news.de\/de\/wp-content\/uploads\/sites\/3\/2022\/10\/In-Moskau-wegen-Ukraine-Kriegs-abgesagt-in-Amsterdam-nun-eroeffnet-\u2013.jpg\",\"keywords\":[\"abgesagt\",\"Amsterdam\",\"Anne\",\"er\u00f6ffnet\",\"Imhof\",\"Kunstausstellung\",\"Moskau\",\"nun\",\"UkraineKriegs\",\"von\",\"wegen\"],\"articleSection\":[\"Deutschland\",\"Russland\"],\"inLanguage\":\"de\",\"potentialAction\":[{\"@type\":\"CommentAction\",\"name\":\"Comment\",\"target\":[\"https:\/\/now-news.de\/de\/deutschland\/in-moskau-wegen-ukraine-kriegs-abgesagt-in-amsterdam-nun-eroeffnet-kunstausstellung-von-anne-imhof\/#respond\"]}]},{\"@type\":\"WebPage\",\"@id\":\"https:\/\/now-news.de\/de\/deutschland\/in-moskau-wegen-ukraine-kriegs-abgesagt-in-amsterdam-nun-eroeffnet-kunstausstellung-von-anne-imhof\/\",\"url\":\"https:\/\/now-news.de\/de\/deutschland\/in-moskau-wegen-ukraine-kriegs-abgesagt-in-amsterdam-nun-eroeffnet-kunstausstellung-von-anne-imhof\/\",\"name\":\"In Moskau wegen Ukraine-Kriegs abgesagt, in Amsterdam nun er\u00f6ffnet \u2013 Kunstausstellung von Anne Imhof - just-now.NEWS Deutschland\",\"isPartOf\":{\"@id\":\"https:\/\/now-news.de\/de\/#website\"},\"primaryImageOfPage\":{\"@id\":\"https:\/\/now-news.de\/de\/deutschland\/in-moskau-wegen-ukraine-kriegs-abgesagt-in-amsterdam-nun-eroeffnet-kunstausstellung-von-anne-imhof\/#primaryimage\"},\"image\":{\"@id\":\"https:\/\/now-news.de\/de\/deutschland\/in-moskau-wegen-ukraine-kriegs-abgesagt-in-amsterdam-nun-eroeffnet-kunstausstellung-von-anne-imhof\/#primaryimage\"},\"thumbnailUrl\":\"https:\/\/now-news.de\/de\/wp-content\/uploads\/sites\/3\/2022\/10\/In-Moskau-wegen-Ukraine-Kriegs-abgesagt-in-Amsterdam-nun-eroeffnet-\u2013.jpg\",\"datePublished\":\"2022-10-12T13:05:24+00:00\",\"dateModified\":\"2022-10-12T13:05:24+00:00\",\"breadcrumb\":{\"@id\":\"https:\/\/now-news.de\/de\/deutschland\/in-moskau-wegen-ukraine-kriegs-abgesagt-in-amsterdam-nun-eroeffnet-kunstausstellung-von-anne-imhof\/#breadcrumb\"},\"inLanguage\":\"de\",\"potentialAction\":[{\"@type\":\"ReadAction\",\"target\":[\"https:\/\/now-news.de\/de\/deutschland\/in-moskau-wegen-ukraine-kriegs-abgesagt-in-amsterdam-nun-eroeffnet-kunstausstellung-von-anne-imhof\/\"]}]},{\"@type\":\"ImageObject\",\"inLanguage\":\"de\",\"@id\":\"https:\/\/now-news.de\/de\/deutschland\/in-moskau-wegen-ukraine-kriegs-abgesagt-in-amsterdam-nun-eroeffnet-kunstausstellung-von-anne-imhof\/#primaryimage\",\"url\":\"https:\/\/now-news.de\/de\/wp-content\/uploads\/sites\/3\/2022\/10\/In-Moskau-wegen-Ukraine-Kriegs-abgesagt-in-Amsterdam-nun-eroeffnet-\u2013.jpg\",\"contentUrl\":\"https:\/\/now-news.de\/de\/wp-content\/uploads\/sites\/3\/2022\/10\/In-Moskau-wegen-Ukraine-Kriegs-abgesagt-in-Amsterdam-nun-eroeffnet-\u2013.jpg\",\"width\":460,\"height\":259,\"caption\":\"In Moskau wegen Ukraine-Kriegs abgesagt, in Amsterdam nun er\u00f6ffnet \u2013 Kunstausstellung von Anne Imhof\"},{\"@type\":\"BreadcrumbList\",\"@id\":\"https:\/\/now-news.de\/de\/deutschland\/in-moskau-wegen-ukraine-kriegs-abgesagt-in-amsterdam-nun-eroeffnet-kunstausstellung-von-anne-imhof\/#breadcrumb\",\"itemListElement\":[{\"@type\":\"ListItem\",\"position\":1,\"name\":\"Home\",\"item\":\"https:\/\/now-news.de\/de\/\"},{\"@type\":\"ListItem\",\"position\":2,\"name\":\"In Moskau wegen Ukraine-Kriegs abgesagt, in Amsterdam nun er\u00f6ffnet \u2013 Kunstausstellung von Anne Imhof\"}]},{\"@type\":\"WebSite\",\"@id\":\"https:\/\/now-news.de\/de\/#website\",\"url\":\"https:\/\/now-news.de\/de\/\",\"name\":\"just-now.NEWS Deutschland\",\"description\":\"Das Portal f\u00fcr unzensierte Nachrichten aus der Welt\",\"publisher\":{\"@id\":\"https:\/\/now-news.de\/de\/#organization\"},\"potentialAction\":[{\"@type\":\"SearchAction\",\"target\":{\"@type\":\"EntryPoint\",\"urlTemplate\":\"https:\/\/now-news.de\/de\/?s={search_term_string}\"},\"query-input\":\"required name=search_term_string\"}],\"inLanguage\":\"de\"},{\"@type\":\"Organization\",\"@id\":\"https:\/\/now-news.de\/de\/#organization\",\"name\":\"Just Now News\",\"url\":\"https:\/\/now-news.de\/de\/\",\"logo\":{\"@type\":\"ImageObject\",\"inLanguage\":\"de\",\"@id\":\"https:\/\/now-news.de\/de\/#\/schema\/logo\/image\/\",\"url\":\"http:\/\/just-now.news\/de\/wp-content\/uploads\/sites\/3\/2022\/04\/logo500x500.jpg\",\"contentUrl\":\"http:\/\/just-now.news\/de\/wp-content\/uploads\/sites\/3\/2022\/04\/logo500x500.jpg\",\"width\":500,\"height\":500,\"caption\":\"Just Now News\"},\"image\":{\"@id\":\"https:\/\/now-news.de\/de\/#\/schema\/logo\/image\/\"},\"sameAs\":[\"https:\/\/www.facebook.com\/wirmachenauf\",\"https:\/\/x.com\/WirMachenAuf_de\"]},{\"@type\":\"Person\",\"@id\":\"https:\/\/now-news.de\/de\/#\/schema\/person\/fb534a4e865501d8b3285208df34a9b5\",\"name\":\"rtnews\",\"image\":{\"@type\":\"ImageObject\",\"inLanguage\":\"de\",\"@id\":\"https:\/\/now-news.de\/de\/#\/schema\/person\/image\/\",\"url\":\"https:\/\/secure.gravatar.com\/avatar\/82aafea7d8127119dd649515f56e2117?s=96&d=mm&r=g\",\"contentUrl\":\"https:\/\/secure.gravatar.com\/avatar\/82aafea7d8127119dd649515f56e2117?s=96&d=mm&r=g\",\"caption\":\"rtnews\"},\"url\":\"https:\/\/now-news.de\/de\/author\/rnews\/\"}]}<\/script>\n<!-- \/ Yoast SEO Premium plugin. -->","yoast_head_json":{"title":"In Moskau wegen Ukraine-Kriegs abgesagt, in Amsterdam nun er\u00f6ffnet \u2013 Kunstausstellung von Anne Imhof - just-now.NEWS Deutschland","robots":{"index":"index","follow":"follow","max-snippet":"max-snippet:-1","max-image-preview":"max-image-preview:large","max-video-preview":"max-video-preview:-1"},"canonical":"https:\/\/now-news.de\/de\/deutschland\/in-moskau-wegen-ukraine-kriegs-abgesagt-in-amsterdam-nun-eroeffnet-kunstausstellung-von-anne-imhof\/","og_locale":"de_DE","og_type":"article","og_title":"In Moskau wegen Ukraine-Kriegs abgesagt, in Amsterdam nun er\u00f6ffnet \u2013 Kunstausstellung von Anne Imhof","og_description":"Nach dem Beginn von Moskaus Intervention im Ukraine-Konflikt wurden mehrere Kunstausstellungen, an denen europ\u00e4ische Partner russischer Institutionen teilnahmen, in Russland abgesagt. Auch die Soloausstellung von Anne Imhof. Nun wird sie in Amsterdam gezeigt. Die Ausstellung der ber\u00fchmten deutschen K\u00fcnstlerin Anne Imhof sollte in Moskau stattfinden. Die Schau &#8220;Youth&#8221; war f\u00fcr M\u00e4rz in der Garage Gallery [&hellip;]","og_url":"https:\/\/now-news.de\/de\/deutschland\/in-moskau-wegen-ukraine-kriegs-abgesagt-in-amsterdam-nun-eroeffnet-kunstausstellung-von-anne-imhof\/","og_site_name":"just-now.NEWS Deutschland","article_publisher":"https:\/\/www.facebook.com\/wirmachenauf","article_published_time":"2022-10-12T13:05:24+00:00","og_image":[{"width":460,"height":259,"url":"https:\/\/now-news.de\/de\/wp-content\/uploads\/sites\/3\/2022\/10\/In-Moskau-wegen-Ukraine-Kriegs-abgesagt-in-Amsterdam-nun-eroeffnet-\u2013.jpg","type":"image\/jpeg"}],"author":"rtnews","twitter_card":"summary_large_image","twitter_creator":"@WirMachenAuf_de","twitter_site":"@WirMachenAuf_de","twitter_misc":{"Verfasst von":"rtnews","Gesch\u00e4tzte Lesezeit":"3\u00a0Minuten"},"schema":{"@context":"https:\/\/schema.org","@graph":[{"@type":"Article","@id":"https:\/\/now-news.de\/de\/deutschland\/in-moskau-wegen-ukraine-kriegs-abgesagt-in-amsterdam-nun-eroeffnet-kunstausstellung-von-anne-imhof\/#article","isPartOf":{"@id":"https:\/\/now-news.de\/de\/deutschland\/in-moskau-wegen-ukraine-kriegs-abgesagt-in-amsterdam-nun-eroeffnet-kunstausstellung-von-anne-imhof\/"},"author":{"name":"rtnews","@id":"https:\/\/now-news.de\/de\/#\/schema\/person\/fb534a4e865501d8b3285208df34a9b5"},"headline":"In Moskau wegen Ukraine-Kriegs abgesagt, in Amsterdam nun er\u00f6ffnet \u2013 Kunstausstellung von Anne Imhof","datePublished":"2022-10-12T13:05:24+00:00","dateModified":"2022-10-12T13:05:24+00:00","mainEntityOfPage":{"@id":"https:\/\/now-news.de\/de\/deutschland\/in-moskau-wegen-ukraine-kriegs-abgesagt-in-amsterdam-nun-eroeffnet-kunstausstellung-von-anne-imhof\/"},"wordCount":618,"commentCount":0,"publisher":{"@id":"https:\/\/now-news.de\/de\/#organization"},"image":{"@id":"https:\/\/now-news.de\/de\/deutschland\/in-moskau-wegen-ukraine-kriegs-abgesagt-in-amsterdam-nun-eroeffnet-kunstausstellung-von-anne-imhof\/#primaryimage"},"thumbnailUrl":"https:\/\/now-news.de\/de\/wp-content\/uploads\/sites\/3\/2022\/10\/In-Moskau-wegen-Ukraine-Kriegs-abgesagt-in-Amsterdam-nun-eroeffnet-\u2013.jpg","keywords":["abgesagt","Amsterdam","Anne","er\u00f6ffnet","Imhof","Kunstausstellung","Moskau","nun","UkraineKriegs","von","wegen"],"articleSection":["Deutschland","Russland"],"inLanguage":"de","potentialAction":[{"@type":"CommentAction","name":"Comment","target":["https:\/\/now-news.de\/de\/deutschland\/in-moskau-wegen-ukraine-kriegs-abgesagt-in-amsterdam-nun-eroeffnet-kunstausstellung-von-anne-imhof\/#respond"]}]},{"@type":"WebPage","@id":"https:\/\/now-news.de\/de\/deutschland\/in-moskau-wegen-ukraine-kriegs-abgesagt-in-amsterdam-nun-eroeffnet-kunstausstellung-von-anne-imhof\/","url":"https:\/\/now-news.de\/de\/deutschland\/in-moskau-wegen-ukraine-kriegs-abgesagt-in-amsterdam-nun-eroeffnet-kunstausstellung-von-anne-imhof\/","name":"In Moskau wegen Ukraine-Kriegs abgesagt, in Amsterdam nun er\u00f6ffnet \u2013 Kunstausstellung von Anne Imhof - just-now.NEWS Deutschland","isPartOf":{"@id":"https:\/\/now-news.de\/de\/#website"},"primaryImageOfPage":{"@id":"https:\/\/now-news.de\/de\/deutschland\/in-moskau-wegen-ukraine-kriegs-abgesagt-in-amsterdam-nun-eroeffnet-kunstausstellung-von-anne-imhof\/#primaryimage"},"image":{"@id":"https:\/\/now-news.de\/de\/deutschland\/in-moskau-wegen-ukraine-kriegs-abgesagt-in-amsterdam-nun-eroeffnet-kunstausstellung-von-anne-imhof\/#primaryimage"},"thumbnailUrl":"https:\/\/now-news.de\/de\/wp-content\/uploads\/sites\/3\/2022\/10\/In-Moskau-wegen-Ukraine-Kriegs-abgesagt-in-Amsterdam-nun-eroeffnet-\u2013.jpg","datePublished":"2022-10-12T13:05:24+00:00","dateModified":"2022-10-12T13:05:24+00:00","breadcrumb":{"@id":"https:\/\/now-news.de\/de\/deutschland\/in-moskau-wegen-ukraine-kriegs-abgesagt-in-amsterdam-nun-eroeffnet-kunstausstellung-von-anne-imhof\/#breadcrumb"},"inLanguage":"de","potentialAction":[{"@type":"ReadAction","target":["https:\/\/now-news.de\/de\/deutschland\/in-moskau-wegen-ukraine-kriegs-abgesagt-in-amsterdam-nun-eroeffnet-kunstausstellung-von-anne-imhof\/"]}]},{"@type":"ImageObject","inLanguage":"de","@id":"https:\/\/now-news.de\/de\/deutschland\/in-moskau-wegen-ukraine-kriegs-abgesagt-in-amsterdam-nun-eroeffnet-kunstausstellung-von-anne-imhof\/#primaryimage","url":"https:\/\/now-news.de\/de\/wp-content\/uploads\/sites\/3\/2022\/10\/In-Moskau-wegen-Ukraine-Kriegs-abgesagt-in-Amsterdam-nun-eroeffnet-\u2013.jpg","contentUrl":"https:\/\/now-news.de\/de\/wp-content\/uploads\/sites\/3\/2022\/10\/In-Moskau-wegen-Ukraine-Kriegs-abgesagt-in-Amsterdam-nun-eroeffnet-\u2013.jpg","width":460,"height":259,"caption":"In Moskau wegen Ukraine-Kriegs abgesagt, in Amsterdam nun er\u00f6ffnet \u2013 Kunstausstellung von Anne Imhof"},{"@type":"BreadcrumbList","@id":"https:\/\/now-news.de\/de\/deutschland\/in-moskau-wegen-ukraine-kriegs-abgesagt-in-amsterdam-nun-eroeffnet-kunstausstellung-von-anne-imhof\/#breadcrumb","itemListElement":[{"@type":"ListItem","position":1,"name":"Home","item":"https:\/\/now-news.de\/de\/"},{"@type":"ListItem","position":2,"name":"In Moskau wegen Ukraine-Kriegs abgesagt, in Amsterdam nun er\u00f6ffnet \u2013 Kunstausstellung von Anne Imhof"}]},{"@type":"WebSite","@id":"https:\/\/now-news.de\/de\/#website","url":"https:\/\/now-news.de\/de\/","name":"just-now.NEWS Deutschland","description":"Das Portal f\u00fcr unzensierte Nachrichten aus der Welt","publisher":{"@id":"https:\/\/now-news.de\/de\/#organization"},"potentialAction":[{"@type":"SearchAction","target":{"@type":"EntryPoint","urlTemplate":"https:\/\/now-news.de\/de\/?s={search_term_string}"},"query-input":"required name=search_term_string"}],"inLanguage":"de"},{"@type":"Organization","@id":"https:\/\/now-news.de\/de\/#organization","name":"Just Now News","url":"https:\/\/now-news.de\/de\/","logo":{"@type":"ImageObject","inLanguage":"de","@id":"https:\/\/now-news.de\/de\/#\/schema\/logo\/image\/","url":"http:\/\/just-now.news\/de\/wp-content\/uploads\/sites\/3\/2022\/04\/logo500x500.jpg","contentUrl":"http:\/\/just-now.news\/de\/wp-content\/uploads\/sites\/3\/2022\/04\/logo500x500.jpg","width":500,"height":500,"caption":"Just Now News"},"image":{"@id":"https:\/\/now-news.de\/de\/#\/schema\/logo\/image\/"},"sameAs":["https:\/\/www.facebook.com\/wirmachenauf","https:\/\/x.com\/WirMachenAuf_de"]},{"@type":"Person","@id":"https:\/\/now-news.de\/de\/#\/schema\/person\/fb534a4e865501d8b3285208df34a9b5","name":"rtnews","image":{"@type":"ImageObject","inLanguage":"de","@id":"https:\/\/now-news.de\/de\/#\/schema\/person\/image\/","url":"https:\/\/secure.gravatar.com\/avatar\/82aafea7d8127119dd649515f56e2117?s=96&d=mm&r=g","contentUrl":"https:\/\/secure.gravatar.com\/avatar\/82aafea7d8127119dd649515f56e2117?s=96&d=mm&r=g","caption":"rtnews"},"url":"https:\/\/now-news.de\/de\/author\/rnews\/"}]}},"_links":{"self":[{"href":"https:\/\/now-news.de\/de\/wp-json\/wp\/v2\/posts\/20868"}],"collection":[{"href":"https:\/\/now-news.de\/de\/wp-json\/wp\/v2\/posts"}],"about":[{"href":"https:\/\/now-news.de\/de\/wp-json\/wp\/v2\/types\/post"}],"author":[{"embeddable":true,"href":"https:\/\/now-news.de\/de\/wp-json\/wp\/v2\/users\/3"}],"replies":[{"embeddable":true,"href":"https:\/\/now-news.de\/de\/wp-json\/wp\/v2\/comments?post=20868"}],"version-history":[{"count":0,"href":"https:\/\/now-news.de\/de\/wp-json\/wp\/v2\/posts\/20868\/revisions"}],"wp:featuredmedia":[{"embeddable":true,"href":"https:\/\/now-news.de\/de\/wp-json\/wp\/v2\/media\/20869"}],"wp:attachment":[{"href":"https:\/\/now-news.de\/de\/wp-json\/wp\/v2\/media?parent=20868"}],"wp:term":[{"taxonomy":"category","embeddable":true,"href":"https:\/\/now-news.de\/de\/wp-json\/wp\/v2\/categories?post=20868"},{"taxonomy":"post_tag","embeddable":true,"href":"https:\/\/now-news.de\/de\/wp-json\/wp\/v2\/tags?post=20868"}],"curies":[{"name":"wp","href":"https:\/\/api.w.org\/{rel}","templated":true}]}}