{"id":20860,"date":"2022-10-12T11:47:30","date_gmt":"2022-10-12T09:47:30","guid":{"rendered":"http:\/\/just-now.news\/de\/deutschland\/nach-massiver-kritik-nach-flutkatastrophe-rheinland-pfaelzischer-innenminister-lewentz-tritt-zurueck\/"},"modified":"2022-10-12T11:47:30","modified_gmt":"2022-10-12T09:47:30","slug":"nach-massiver-kritik-nach-flutkatastrophe-rheinland-pfaelzischer-innenminister-lewentz-tritt-zurueck","status":"publish","type":"post","link":"https:\/\/now-news.de\/de\/deutschland\/nach-massiver-kritik-nach-flutkatastrophe-rheinland-pfaelzischer-innenminister-lewentz-tritt-zurueck\/","title":{"rendered":"Nach massiver Kritik nach Flutkatastrophe: Rheinland-pf\u00e4lzischer Innenminister Lewentz tritt zur\u00fcck"},"content":{"rendered":"<p><img decoding=\"async\" src=\"http:\/\/just-now.news\/de\/wp-content\/uploads\/sites\/3\/2022\/04\/Julian-Assange-soll-laut-Gericht-an-USA-ausgeliefert-werden-\u2013.jpg\" \/><\/p>\n<div class=\"Text-root Text-type_1 \">\n                Der rheinland-pf\u00e4lzische Innenminister Roger Lewentz tritt laut mehreren \u00fcbereinstimmenden Medienberichten von seinem Amt zur\u00fcck. Er wolle das im Laufe des Tages in Mainz bei einer Pressekonferenz verk\u00fcnden. Zuletzt gab es massive Kritik an Lewentz wegen seines Verhaltens w\u00e4hrend der Flutkatastrophe.\n            <\/div>\n<p><\/p>\n<div class=\"Text-root Text-type_5 ArticleView-text ViewText-root \">\n<p>Der Innenminister von Rheinland-Pfalz, Roger Lewentz, will seinen Posten r\u00e4umen. Laut mehreren \u00fcbereinstimmenden Medienberichten k\u00fcndigte der SPD-Politiker dies\u00a0in einer Stellungnahme in der Mainzer Staatskanzlei an.<\/p>\n<p>Mehr Informationen in K\u00fcrze&#8230;<\/p>\n<\/div>\n<p><br \/>\n<br \/><a href=\"https:\/\/de.rt.com\/inland\/151380-nach-massiver-kritik-nach-flutkatastrophe\/\">Source link <\/a><\/p>\n","protected":false},"excerpt":{"rendered":"<p>Der rheinland-pf\u00e4lzische Innenminister Roger Lewentz tritt laut mehreren \u00fcbereinstimmenden Medienberichten von seinem Amt zur\u00fcck. Er wolle das im Laufe des Tages in Mainz bei einer Pressekonferenz verk\u00fcnden. Zuletzt gab es massive Kritik an Lewentz wegen seines Verhaltens w\u00e4hrend der Flutkatastrophe. Der Innenminister von Rheinland-Pfalz, Roger Lewentz, will seinen Posten r\u00e4umen. Laut mehreren \u00fcbereinstimmenden Medienberichten k\u00fcndigte [&hellip;]<\/p>\n","protected":false},"author":3,"featured_media":6832,"comment_status":"open","ping_status":"open","sticky":false,"template":"","format":"standard","meta":{"wp_automatic_camp":["217"],"6d069c836643739856fbb251b4f113cd":["Nach massiver Kritik nach Flutkatastrophe: Rheinland-pf\u00e4lzischer Innenminister Lewentz tritt zur\u00fcck"],"original_link":["https:\/\/de.rt.com\/inland\/151380-nach-massiver-kritik-nach-flutkatastrophe\/"],"_thumbnail_id":["6832"],"_wptg_p2tg_sent2tg":["2022-10-12 11:56:29"],"jnews_social_counter_last_update":["1776910760"]},"categories":[19,23],"tags":[26129,7139,935,34246,21471,979,34245,3470,3337],"yoast_head":"<!-- This site is optimized with the Yoast SEO Premium plugin v22.7 (Yoast SEO v22.7) - https:\/\/yoast.com\/wordpress\/plugins\/seo\/ -->\n<title>Nach massiver Kritik nach Flutkatastrophe: Rheinland-pf\u00e4lzischer Innenminister Lewentz tritt zur\u00fcck - just-now.NEWS Deutschland<\/title>\n<meta name=\"robots\" content=\"index, follow, max-snippet:-1, max-image-preview:large, max-video-preview:-1\" \/>\n<link rel=\"canonical\" href=\"https:\/\/now-news.de\/de\/deutschland\/nach-massiver-kritik-nach-flutkatastrophe-rheinland-pfaelzischer-innenminister-lewentz-tritt-zurueck\/\" \/>\n<meta property=\"og:locale\" content=\"de_DE\" \/>\n<meta property=\"og:type\" content=\"article\" \/>\n<meta property=\"og:title\" content=\"Nach massiver Kritik nach Flutkatastrophe: Rheinland-pf\u00e4lzischer Innenminister Lewentz tritt zur\u00fcck\" \/>\n<meta property=\"og:description\" content=\"Der rheinland-pf\u00e4lzische Innenminister Roger Lewentz tritt laut mehreren \u00fcbereinstimmenden Medienberichten von seinem Amt zur\u00fcck. Er wolle das im Laufe des Tages in Mainz bei einer Pressekonferenz verk\u00fcnden. Zuletzt gab es massive Kritik an Lewentz wegen seines Verhaltens w\u00e4hrend der Flutkatastrophe. Der Innenminister von Rheinland-Pfalz, Roger Lewentz, will seinen Posten r\u00e4umen. Laut mehreren \u00fcbereinstimmenden Medienberichten k\u00fcndigte [&hellip;]\" \/>\n<meta property=\"og:url\" content=\"https:\/\/now-news.de\/de\/deutschland\/nach-massiver-kritik-nach-flutkatastrophe-rheinland-pfaelzischer-innenminister-lewentz-tritt-zurueck\/\" \/>\n<meta property=\"og:site_name\" content=\"just-now.NEWS Deutschland\" \/>\n<meta property=\"article:publisher\" content=\"https:\/\/www.facebook.com\/wirmachenauf\" \/>\n<meta property=\"article:published_time\" content=\"2022-10-12T09:47:30+00:00\" \/>\n<meta property=\"og:image\" content=\"https:\/\/now-news.de\/de\/wp-content\/uploads\/sites\/3\/2022\/05\/Erste-Annaeherung-nach-Ausladung-Steinmeier-telefoniert-mit-Selenskij.jpg\" \/>\n\t<meta property=\"og:image:width\" content=\"460\" \/>\n\t<meta property=\"og:image:height\" content=\"259\" \/>\n\t<meta property=\"og:image:type\" content=\"image\/jpeg\" \/>\n<meta name=\"author\" content=\"rtnews\" \/>\n<meta name=\"twitter:card\" content=\"summary_large_image\" \/>\n<meta name=\"twitter:creator\" content=\"@WirMachenAuf_de\" \/>\n<meta name=\"twitter:site\" content=\"@WirMachenAuf_de\" \/>\n<meta name=\"twitter:label1\" content=\"Verfasst von\" \/>\n\t<meta name=\"twitter:data1\" content=\"rtnews\" \/>\n<script type=\"application\/ld+json\" class=\"yoast-schema-graph\">{\"@context\":\"https:\/\/schema.org\",\"@graph\":[{\"@type\":\"Article\",\"@id\":\"https:\/\/now-news.de\/de\/deutschland\/nach-massiver-kritik-nach-flutkatastrophe-rheinland-pfaelzischer-innenminister-lewentz-tritt-zurueck\/#article\",\"isPartOf\":{\"@id\":\"https:\/\/now-news.de\/de\/deutschland\/nach-massiver-kritik-nach-flutkatastrophe-rheinland-pfaelzischer-innenminister-lewentz-tritt-zurueck\/\"},\"author\":{\"name\":\"rtnews\",\"@id\":\"https:\/\/now-news.de\/de\/#\/schema\/person\/fb534a4e865501d8b3285208df34a9b5\"},\"headline\":\"Nach massiver Kritik nach Flutkatastrophe: Rheinland-pf\u00e4lzischer Innenminister Lewentz tritt zur\u00fcck\",\"datePublished\":\"2022-10-12T09:47:30+00:00\",\"dateModified\":\"2022-10-12T09:47:30+00:00\",\"mainEntityOfPage\":{\"@id\":\"https:\/\/now-news.de\/de\/deutschland\/nach-massiver-kritik-nach-flutkatastrophe-rheinland-pfaelzischer-innenminister-lewentz-tritt-zurueck\/\"},\"wordCount\":92,\"commentCount\":0,\"publisher\":{\"@id\":\"https:\/\/now-news.de\/de\/#organization\"},\"image\":{\"@id\":\"https:\/\/now-news.de\/de\/deutschland\/nach-massiver-kritik-nach-flutkatastrophe-rheinland-pfaelzischer-innenminister-lewentz-tritt-zurueck\/#primaryimage\"},\"thumbnailUrl\":\"https:\/\/now-news.de\/de\/wp-content\/uploads\/sites\/3\/2022\/05\/Erste-Annaeherung-nach-Ausladung-Steinmeier-telefoniert-mit-Selenskij.jpg\",\"keywords\":[\"Flutkatastrophe\",\"Innenminister\",\"Kritik\",\"Lewentz\",\"massiver\",\"nach\",\"Rheinlandpf\u00e4lzischer\",\"tritt\",\"zur\u00fcck\"],\"articleSection\":[\"Deutschland\",\"Russland\"],\"inLanguage\":\"de\",\"potentialAction\":[{\"@type\":\"CommentAction\",\"name\":\"Comment\",\"target\":[\"https:\/\/now-news.de\/de\/deutschland\/nach-massiver-kritik-nach-flutkatastrophe-rheinland-pfaelzischer-innenminister-lewentz-tritt-zurueck\/#respond\"]}]},{\"@type\":\"WebPage\",\"@id\":\"https:\/\/now-news.de\/de\/deutschland\/nach-massiver-kritik-nach-flutkatastrophe-rheinland-pfaelzischer-innenminister-lewentz-tritt-zurueck\/\",\"url\":\"https:\/\/now-news.de\/de\/deutschland\/nach-massiver-kritik-nach-flutkatastrophe-rheinland-pfaelzischer-innenminister-lewentz-tritt-zurueck\/\",\"name\":\"Nach massiver Kritik nach Flutkatastrophe: Rheinland-pf\u00e4lzischer Innenminister Lewentz tritt zur\u00fcck - just-now.NEWS Deutschland\",\"isPartOf\":{\"@id\":\"https:\/\/now-news.de\/de\/#website\"},\"primaryImageOfPage\":{\"@id\":\"https:\/\/now-news.de\/de\/deutschland\/nach-massiver-kritik-nach-flutkatastrophe-rheinland-pfaelzischer-innenminister-lewentz-tritt-zurueck\/#primaryimage\"},\"image\":{\"@id\":\"https:\/\/now-news.de\/de\/deutschland\/nach-massiver-kritik-nach-flutkatastrophe-rheinland-pfaelzischer-innenminister-lewentz-tritt-zurueck\/#primaryimage\"},\"thumbnailUrl\":\"https:\/\/now-news.de\/de\/wp-content\/uploads\/sites\/3\/2022\/05\/Erste-Annaeherung-nach-Ausladung-Steinmeier-telefoniert-mit-Selenskij.jpg\",\"datePublished\":\"2022-10-12T09:47:30+00:00\",\"dateModified\":\"2022-10-12T09:47:30+00:00\",\"breadcrumb\":{\"@id\":\"https:\/\/now-news.de\/de\/deutschland\/nach-massiver-kritik-nach-flutkatastrophe-rheinland-pfaelzischer-innenminister-lewentz-tritt-zurueck\/#breadcrumb\"},\"inLanguage\":\"de\",\"potentialAction\":[{\"@type\":\"ReadAction\",\"target\":[\"https:\/\/now-news.de\/de\/deutschland\/nach-massiver-kritik-nach-flutkatastrophe-rheinland-pfaelzischer-innenminister-lewentz-tritt-zurueck\/\"]}]},{\"@type\":\"ImageObject\",\"inLanguage\":\"de\",\"@id\":\"https:\/\/now-news.de\/de\/deutschland\/nach-massiver-kritik-nach-flutkatastrophe-rheinland-pfaelzischer-innenminister-lewentz-tritt-zurueck\/#primaryimage\",\"url\":\"https:\/\/now-news.de\/de\/wp-content\/uploads\/sites\/3\/2022\/05\/Erste-Annaeherung-nach-Ausladung-Steinmeier-telefoniert-mit-Selenskij.jpg\",\"contentUrl\":\"https:\/\/now-news.de\/de\/wp-content\/uploads\/sites\/3\/2022\/05\/Erste-Annaeherung-nach-Ausladung-Steinmeier-telefoniert-mit-Selenskij.jpg\",\"width\":460,\"height\":259},{\"@type\":\"BreadcrumbList\",\"@id\":\"https:\/\/now-news.de\/de\/deutschland\/nach-massiver-kritik-nach-flutkatastrophe-rheinland-pfaelzischer-innenminister-lewentz-tritt-zurueck\/#breadcrumb\",\"itemListElement\":[{\"@type\":\"ListItem\",\"position\":1,\"name\":\"Home\",\"item\":\"https:\/\/now-news.de\/de\/\"},{\"@type\":\"ListItem\",\"position\":2,\"name\":\"Nach massiver Kritik nach Flutkatastrophe: Rheinland-pf\u00e4lzischer Innenminister Lewentz tritt zur\u00fcck\"}]},{\"@type\":\"WebSite\",\"@id\":\"https:\/\/now-news.de\/de\/#website\",\"url\":\"https:\/\/now-news.de\/de\/\",\"name\":\"just-now.NEWS Deutschland\",\"description\":\"Das Portal f\u00fcr unzensierte Nachrichten aus der Welt\",\"publisher\":{\"@id\":\"https:\/\/now-news.de\/de\/#organization\"},\"potentialAction\":[{\"@type\":\"SearchAction\",\"target\":{\"@type\":\"EntryPoint\",\"urlTemplate\":\"https:\/\/now-news.de\/de\/?s={search_term_string}\"},\"query-input\":\"required name=search_term_string\"}],\"inLanguage\":\"de\"},{\"@type\":\"Organization\",\"@id\":\"https:\/\/now-news.de\/de\/#organization\",\"name\":\"Just Now News\",\"url\":\"https:\/\/now-news.de\/de\/\",\"logo\":{\"@type\":\"ImageObject\",\"inLanguage\":\"de\",\"@id\":\"https:\/\/now-news.de\/de\/#\/schema\/logo\/image\/\",\"url\":\"http:\/\/just-now.news\/de\/wp-content\/uploads\/sites\/3\/2022\/04\/logo500x500.jpg\",\"contentUrl\":\"http:\/\/just-now.news\/de\/wp-content\/uploads\/sites\/3\/2022\/04\/logo500x500.jpg\",\"width\":500,\"height\":500,\"caption\":\"Just Now News\"},\"image\":{\"@id\":\"https:\/\/now-news.de\/de\/#\/schema\/logo\/image\/\"},\"sameAs\":[\"https:\/\/www.facebook.com\/wirmachenauf\",\"https:\/\/x.com\/WirMachenAuf_de\"]},{\"@type\":\"Person\",\"@id\":\"https:\/\/now-news.de\/de\/#\/schema\/person\/fb534a4e865501d8b3285208df34a9b5\",\"name\":\"rtnews\",\"image\":{\"@type\":\"ImageObject\",\"inLanguage\":\"de\",\"@id\":\"https:\/\/now-news.de\/de\/#\/schema\/person\/image\/\",\"url\":\"https:\/\/secure.gravatar.com\/avatar\/82aafea7d8127119dd649515f56e2117?s=96&d=mm&r=g\",\"contentUrl\":\"https:\/\/secure.gravatar.com\/avatar\/82aafea7d8127119dd649515f56e2117?s=96&d=mm&r=g\",\"caption\":\"rtnews\"},\"url\":\"https:\/\/now-news.de\/de\/author\/rnews\/\"}]}<\/script>\n<!-- \/ Yoast SEO Premium plugin. -->","yoast_head_json":{"title":"Nach massiver Kritik nach Flutkatastrophe: Rheinland-pf\u00e4lzischer Innenminister Lewentz tritt zur\u00fcck - just-now.NEWS Deutschland","robots":{"index":"index","follow":"follow","max-snippet":"max-snippet:-1","max-image-preview":"max-image-preview:large","max-video-preview":"max-video-preview:-1"},"canonical":"https:\/\/now-news.de\/de\/deutschland\/nach-massiver-kritik-nach-flutkatastrophe-rheinland-pfaelzischer-innenminister-lewentz-tritt-zurueck\/","og_locale":"de_DE","og_type":"article","og_title":"Nach massiver Kritik nach Flutkatastrophe: Rheinland-pf\u00e4lzischer Innenminister Lewentz tritt zur\u00fcck","og_description":"Der rheinland-pf\u00e4lzische Innenminister Roger Lewentz tritt laut mehreren \u00fcbereinstimmenden Medienberichten von seinem Amt zur\u00fcck. Er wolle das im Laufe des Tages in Mainz bei einer Pressekonferenz verk\u00fcnden. Zuletzt gab es massive Kritik an Lewentz wegen seines Verhaltens w\u00e4hrend der Flutkatastrophe. Der Innenminister von Rheinland-Pfalz, Roger Lewentz, will seinen Posten r\u00e4umen. Laut mehreren \u00fcbereinstimmenden Medienberichten k\u00fcndigte [&hellip;]","og_url":"https:\/\/now-news.de\/de\/deutschland\/nach-massiver-kritik-nach-flutkatastrophe-rheinland-pfaelzischer-innenminister-lewentz-tritt-zurueck\/","og_site_name":"just-now.NEWS Deutschland","article_publisher":"https:\/\/www.facebook.com\/wirmachenauf","article_published_time":"2022-10-12T09:47:30+00:00","og_image":[{"width":460,"height":259,"url":"https:\/\/now-news.de\/de\/wp-content\/uploads\/sites\/3\/2022\/05\/Erste-Annaeherung-nach-Ausladung-Steinmeier-telefoniert-mit-Selenskij.jpg","type":"image\/jpeg"}],"author":"rtnews","twitter_card":"summary_large_image","twitter_creator":"@WirMachenAuf_de","twitter_site":"@WirMachenAuf_de","twitter_misc":{"Verfasst von":"rtnews"},"schema":{"@context":"https:\/\/schema.org","@graph":[{"@type":"Article","@id":"https:\/\/now-news.de\/de\/deutschland\/nach-massiver-kritik-nach-flutkatastrophe-rheinland-pfaelzischer-innenminister-lewentz-tritt-zurueck\/#article","isPartOf":{"@id":"https:\/\/now-news.de\/de\/deutschland\/nach-massiver-kritik-nach-flutkatastrophe-rheinland-pfaelzischer-innenminister-lewentz-tritt-zurueck\/"},"author":{"name":"rtnews","@id":"https:\/\/now-news.de\/de\/#\/schema\/person\/fb534a4e865501d8b3285208df34a9b5"},"headline":"Nach massiver Kritik nach Flutkatastrophe: Rheinland-pf\u00e4lzischer Innenminister Lewentz tritt zur\u00fcck","datePublished":"2022-10-12T09:47:30+00:00","dateModified":"2022-10-12T09:47:30+00:00","mainEntityOfPage":{"@id":"https:\/\/now-news.de\/de\/deutschland\/nach-massiver-kritik-nach-flutkatastrophe-rheinland-pfaelzischer-innenminister-lewentz-tritt-zurueck\/"},"wordCount":92,"commentCount":0,"publisher":{"@id":"https:\/\/now-news.de\/de\/#organization"},"image":{"@id":"https:\/\/now-news.de\/de\/deutschland\/nach-massiver-kritik-nach-flutkatastrophe-rheinland-pfaelzischer-innenminister-lewentz-tritt-zurueck\/#primaryimage"},"thumbnailUrl":"https:\/\/now-news.de\/de\/wp-content\/uploads\/sites\/3\/2022\/05\/Erste-Annaeherung-nach-Ausladung-Steinmeier-telefoniert-mit-Selenskij.jpg","keywords":["Flutkatastrophe","Innenminister","Kritik","Lewentz","massiver","nach","Rheinlandpf\u00e4lzischer","tritt","zur\u00fcck"],"articleSection":["Deutschland","Russland"],"inLanguage":"de","potentialAction":[{"@type":"CommentAction","name":"Comment","target":["https:\/\/now-news.de\/de\/deutschland\/nach-massiver-kritik-nach-flutkatastrophe-rheinland-pfaelzischer-innenminister-lewentz-tritt-zurueck\/#respond"]}]},{"@type":"WebPage","@id":"https:\/\/now-news.de\/de\/deutschland\/nach-massiver-kritik-nach-flutkatastrophe-rheinland-pfaelzischer-innenminister-lewentz-tritt-zurueck\/","url":"https:\/\/now-news.de\/de\/deutschland\/nach-massiver-kritik-nach-flutkatastrophe-rheinland-pfaelzischer-innenminister-lewentz-tritt-zurueck\/","name":"Nach massiver Kritik nach Flutkatastrophe: Rheinland-pf\u00e4lzischer Innenminister Lewentz tritt zur\u00fcck - just-now.NEWS Deutschland","isPartOf":{"@id":"https:\/\/now-news.de\/de\/#website"},"primaryImageOfPage":{"@id":"https:\/\/now-news.de\/de\/deutschland\/nach-massiver-kritik-nach-flutkatastrophe-rheinland-pfaelzischer-innenminister-lewentz-tritt-zurueck\/#primaryimage"},"image":{"@id":"https:\/\/now-news.de\/de\/deutschland\/nach-massiver-kritik-nach-flutkatastrophe-rheinland-pfaelzischer-innenminister-lewentz-tritt-zurueck\/#primaryimage"},"thumbnailUrl":"https:\/\/now-news.de\/de\/wp-content\/uploads\/sites\/3\/2022\/05\/Erste-Annaeherung-nach-Ausladung-Steinmeier-telefoniert-mit-Selenskij.jpg","datePublished":"2022-10-12T09:47:30+00:00","dateModified":"2022-10-12T09:47:30+00:00","breadcrumb":{"@id":"https:\/\/now-news.de\/de\/deutschland\/nach-massiver-kritik-nach-flutkatastrophe-rheinland-pfaelzischer-innenminister-lewentz-tritt-zurueck\/#breadcrumb"},"inLanguage":"de","potentialAction":[{"@type":"ReadAction","target":["https:\/\/now-news.de\/de\/deutschland\/nach-massiver-kritik-nach-flutkatastrophe-rheinland-pfaelzischer-innenminister-lewentz-tritt-zurueck\/"]}]},{"@type":"ImageObject","inLanguage":"de","@id":"https:\/\/now-news.de\/de\/deutschland\/nach-massiver-kritik-nach-flutkatastrophe-rheinland-pfaelzischer-innenminister-lewentz-tritt-zurueck\/#primaryimage","url":"https:\/\/now-news.de\/de\/wp-content\/uploads\/sites\/3\/2022\/05\/Erste-Annaeherung-nach-Ausladung-Steinmeier-telefoniert-mit-Selenskij.jpg","contentUrl":"https:\/\/now-news.de\/de\/wp-content\/uploads\/sites\/3\/2022\/05\/Erste-Annaeherung-nach-Ausladung-Steinmeier-telefoniert-mit-Selenskij.jpg","width":460,"height":259},{"@type":"BreadcrumbList","@id":"https:\/\/now-news.de\/de\/deutschland\/nach-massiver-kritik-nach-flutkatastrophe-rheinland-pfaelzischer-innenminister-lewentz-tritt-zurueck\/#breadcrumb","itemListElement":[{"@type":"ListItem","position":1,"name":"Home","item":"https:\/\/now-news.de\/de\/"},{"@type":"ListItem","position":2,"name":"Nach massiver Kritik nach Flutkatastrophe: Rheinland-pf\u00e4lzischer Innenminister Lewentz tritt zur\u00fcck"}]},{"@type":"WebSite","@id":"https:\/\/now-news.de\/de\/#website","url":"https:\/\/now-news.de\/de\/","name":"just-now.NEWS Deutschland","description":"Das Portal f\u00fcr unzensierte Nachrichten aus der Welt","publisher":{"@id":"https:\/\/now-news.de\/de\/#organization"},"potentialAction":[{"@type":"SearchAction","target":{"@type":"EntryPoint","urlTemplate":"https:\/\/now-news.de\/de\/?s={search_term_string}"},"query-input":"required name=search_term_string"}],"inLanguage":"de"},{"@type":"Organization","@id":"https:\/\/now-news.de\/de\/#organization","name":"Just Now News","url":"https:\/\/now-news.de\/de\/","logo":{"@type":"ImageObject","inLanguage":"de","@id":"https:\/\/now-news.de\/de\/#\/schema\/logo\/image\/","url":"http:\/\/just-now.news\/de\/wp-content\/uploads\/sites\/3\/2022\/04\/logo500x500.jpg","contentUrl":"http:\/\/just-now.news\/de\/wp-content\/uploads\/sites\/3\/2022\/04\/logo500x500.jpg","width":500,"height":500,"caption":"Just Now News"},"image":{"@id":"https:\/\/now-news.de\/de\/#\/schema\/logo\/image\/"},"sameAs":["https:\/\/www.facebook.com\/wirmachenauf","https:\/\/x.com\/WirMachenAuf_de"]},{"@type":"Person","@id":"https:\/\/now-news.de\/de\/#\/schema\/person\/fb534a4e865501d8b3285208df34a9b5","name":"rtnews","image":{"@type":"ImageObject","inLanguage":"de","@id":"https:\/\/now-news.de\/de\/#\/schema\/person\/image\/","url":"https:\/\/secure.gravatar.com\/avatar\/82aafea7d8127119dd649515f56e2117?s=96&d=mm&r=g","contentUrl":"https:\/\/secure.gravatar.com\/avatar\/82aafea7d8127119dd649515f56e2117?s=96&d=mm&r=g","caption":"rtnews"},"url":"https:\/\/now-news.de\/de\/author\/rnews\/"}]}},"_links":{"self":[{"href":"https:\/\/now-news.de\/de\/wp-json\/wp\/v2\/posts\/20860"}],"collection":[{"href":"https:\/\/now-news.de\/de\/wp-json\/wp\/v2\/posts"}],"about":[{"href":"https:\/\/now-news.de\/de\/wp-json\/wp\/v2\/types\/post"}],"author":[{"embeddable":true,"href":"https:\/\/now-news.de\/de\/wp-json\/wp\/v2\/users\/3"}],"replies":[{"embeddable":true,"href":"https:\/\/now-news.de\/de\/wp-json\/wp\/v2\/comments?post=20860"}],"version-history":[{"count":0,"href":"https:\/\/now-news.de\/de\/wp-json\/wp\/v2\/posts\/20860\/revisions"}],"wp:featuredmedia":[{"embeddable":true,"href":"https:\/\/now-news.de\/de\/wp-json\/wp\/v2\/media\/6832"}],"wp:attachment":[{"href":"https:\/\/now-news.de\/de\/wp-json\/wp\/v2\/media?parent=20860"}],"wp:term":[{"taxonomy":"category","embeddable":true,"href":"https:\/\/now-news.de\/de\/wp-json\/wp\/v2\/categories?post=20860"},{"taxonomy":"post_tag","embeddable":true,"href":"https:\/\/now-news.de\/de\/wp-json\/wp\/v2\/tags?post=20860"}],"curies":[{"name":"wp","href":"https:\/\/api.w.org\/{rel}","templated":true}]}}