{"id":20820,"date":"2022-10-11T19:45:48","date_gmt":"2022-10-11T17:45:48","guid":{"rendered":"http:\/\/just-now.news\/de\/deutschland\/eremitage-abteilungsleiter-fuer-moderne-kunst-tritt-zurueck\/"},"modified":"2022-10-11T19:45:48","modified_gmt":"2022-10-11T17:45:48","slug":"eremitage-abteilungsleiter-fuer-moderne-kunst-tritt-zurueck","status":"publish","type":"post","link":"https:\/\/now-news.de\/de\/deutschland\/eremitage-abteilungsleiter-fuer-moderne-kunst-tritt-zurueck\/","title":{"rendered":"Eremitage: Abteilungsleiter f\u00fcr moderne Kunst tritt zur\u00fcck"},"content":{"rendered":"<p><img decoding=\"async\" src=\"http:\/\/just-now.news\/de\/wp-content\/uploads\/sites\/3\/2022\/10\/63457aef48fbef13156b39b2.jpg\" \/><\/p>\n<div class=\"Text-root Text-type_1 \">\n                Der Abteilungsleiter f\u00fcr zeitgen\u00f6ssische Kunst der Staatlichen Eremitage hat seinen R\u00fccktritt aus dem Museum in den sozialen Medien mitgeteilt. Der Grund daf\u00fcr sei seine Ablehnung &#8220;des heutigen Russlands&#8221;.\n            <\/div>\n<p><\/p>\n<div class=\"Text-root Text-type_5 ArticleView-text ViewText-root \">\n<p>Der renommierte Museumskurator und Leiter der Abteilung f\u00fcr zeitgen\u00f6ssische Kunst in der Eremitage, Dmitri Oserkow, tritt ein in die Reihe derer, die Russland nach dem Beginn der milit\u00e4rischen Sonderoperation in der Ukraine verlassen haben. Wie <em>The Art Newspaper<\/em> k\u00fcrzlich berichtete, trat er von allen russischen Projekten zur\u00fcck und verlie\u00df seinen Posten in dem Museum.<\/p>\n<p>&#8220;Ich bin gegangen, weil ich mit dem heutigen Russland nichts mehr zu tun haben will&#8221;, begr\u00fcndete er laut <em>The Art Newspaper <\/em>diesen Schritt auf Instagram, wo er seinen R\u00fccktritt bekanntgab. Der Zeitung zufolge wurde Oserkows Entscheidung, das Museum zu verlassen, insbesondere durch ein Ende Juni gef\u00fchrtes Interview von Michail Piotrowski mit der <em>Rossijskaja gaseta\u00a0<\/em>beeinflusst, in dem der Leiter der Eremitage erkl\u00e4rte, dass &#8220;es Situationen gibt, in denen ein Mensch bei seinem Land sein muss&#8221;.<\/p>\n<p>Seit dem Jahr 2006 leitete Oserkow die Abteilung f\u00fcr zeitgen\u00f6ssische Kunst, die von Generaldirektor Michail Piotrowski mit dem Ziel gegr\u00fcndet wurde, &#8220;die Sammlung alter Kunst wiederzubeleben, neue Entwicklungs- und Interpretationswege zu finden und eine neue Sprache zu finden, um \u00fcber klassische Kunst zu sprechen&#8221;. Oserkow war verantwortlich f\u00fcr die internationale Manifesta-Biennale in der Eremitage im Jahr 2014, bei der Werke von Boris Michailow und Marlene Dumas gezeigt wurden, und gestaltete die gro\u00dfe Ausstellung von Jan Fabre im Jahr 2016 sowie die Ausstellung von Anselm Kiefer im Jahr 2017.<\/p>\n<p>Laut <em>The Art Newspaper<\/em> ist Dmitri Oserkow auch aus mehreren anderen russischen Projekten ausgeschieden, an denen er beteiligt war: Dem Programm &#8220;Kunst und Wissenschaft&#8221;, der Galerie Zifergaus und dem Gouverneursrat f\u00fcr Kultur in Sankt Petersburg.<\/p>\n<p><strong>Mehr zum Thema <\/strong>&#8211;\u00a0<a rel=\"nofollow noopener\" target=\"_blank\" href=\"https:\/\/de.rt.com\/russland\/134144-eremitage-chef-schreibt-offenen-brief\/\">Eremitage-Chef schreibt offenen Brief an ausl\u00e4ndische Kollegen: Kulturbr\u00fccken sind zu sch\u00fctzen<\/a><\/p>\n<\/div>\n<p><br \/>\n<br \/><a href=\"https:\/\/de.rt.com\/russland\/151306-eremitage-leiter-abteilung-fur-moderne\/\">Source link <\/a><\/p>\n","protected":false},"excerpt":{"rendered":"<p>Der Abteilungsleiter f\u00fcr zeitgen\u00f6ssische Kunst der Staatlichen Eremitage hat seinen R\u00fccktritt aus dem Museum in den sozialen Medien mitgeteilt. Der Grund daf\u00fcr sei seine Ablehnung &#8220;des heutigen Russlands&#8221;. Der renommierte Museumskurator und Leiter der Abteilung f\u00fcr zeitgen\u00f6ssische Kunst in der Eremitage, Dmitri Oserkow, tritt ein in die Reihe derer, die Russland nach dem Beginn der [&hellip;]<\/p>\n","protected":false},"author":3,"featured_media":20821,"comment_status":"open","ping_status":"open","sticky":false,"template":"","format":"standard","meta":{"wp_automatic_camp":["217"],"c36fe3a2e36ca094b78bb5ca998d35d1":["Eremitage: Abteilungsleiter f\u00fcr moderne Kunst tritt zur\u00fcck"],"original_link":["https:\/\/de.rt.com\/russland\/151306-eremitage-leiter-abteilung-fur-moderne\/"],"_thumbnail_id":["20821"],"_wptg_p2tg_sent2tg":["2022-10-11 19:54:25"],"jnews_social_counter_last_update":["1777724040"]},"categories":[19,23],"tags":[34214,34213,221,20026,2659,3470,3337],"yoast_head":"<!-- This site is optimized with the Yoast SEO Premium plugin v22.7 (Yoast SEO v22.7) - https:\/\/yoast.com\/wordpress\/plugins\/seo\/ -->\n<title>Eremitage: Abteilungsleiter f\u00fcr moderne Kunst tritt zur\u00fcck - just-now.NEWS Deutschland<\/title>\n<meta name=\"robots\" content=\"index, follow, max-snippet:-1, max-image-preview:large, max-video-preview:-1\" \/>\n<link rel=\"canonical\" href=\"https:\/\/now-news.de\/de\/deutschland\/eremitage-abteilungsleiter-fuer-moderne-kunst-tritt-zurueck\/\" \/>\n<meta property=\"og:locale\" content=\"de_DE\" \/>\n<meta property=\"og:type\" content=\"article\" \/>\n<meta property=\"og:title\" content=\"Eremitage: Abteilungsleiter f\u00fcr moderne Kunst tritt zur\u00fcck\" \/>\n<meta property=\"og:description\" content=\"Der Abteilungsleiter f\u00fcr zeitgen\u00f6ssische Kunst der Staatlichen Eremitage hat seinen R\u00fccktritt aus dem Museum in den sozialen Medien mitgeteilt. Der Grund daf\u00fcr sei seine Ablehnung &#8220;des heutigen Russlands&#8221;. Der renommierte Museumskurator und Leiter der Abteilung f\u00fcr zeitgen\u00f6ssische Kunst in der Eremitage, Dmitri Oserkow, tritt ein in die Reihe derer, die Russland nach dem Beginn der [&hellip;]\" \/>\n<meta property=\"og:url\" content=\"https:\/\/now-news.de\/de\/deutschland\/eremitage-abteilungsleiter-fuer-moderne-kunst-tritt-zurueck\/\" \/>\n<meta property=\"og:site_name\" content=\"just-now.NEWS Deutschland\" \/>\n<meta property=\"article:publisher\" content=\"https:\/\/www.facebook.com\/wirmachenauf\" \/>\n<meta property=\"article:published_time\" content=\"2022-10-11T17:45:48+00:00\" \/>\n<meta property=\"og:image\" content=\"https:\/\/now-news.de\/de\/wp-content\/uploads\/sites\/3\/2022\/10\/Eremitage-Abteilungsleiter-fuer-moderne-Kunst-tritt-zurueck.jpg\" \/>\n\t<meta property=\"og:image:width\" content=\"460\" \/>\n\t<meta property=\"og:image:height\" content=\"259\" \/>\n\t<meta property=\"og:image:type\" content=\"image\/jpeg\" \/>\n<meta name=\"author\" content=\"rtnews\" \/>\n<meta name=\"twitter:card\" content=\"summary_large_image\" \/>\n<meta name=\"twitter:creator\" content=\"@WirMachenAuf_de\" \/>\n<meta name=\"twitter:site\" content=\"@WirMachenAuf_de\" \/>\n<meta name=\"twitter:label1\" content=\"Verfasst von\" \/>\n\t<meta name=\"twitter:data1\" content=\"rtnews\" \/>\n\t<meta name=\"twitter:label2\" content=\"Gesch\u00e4tzte Lesezeit\" \/>\n\t<meta name=\"twitter:data2\" content=\"2\u00a0Minuten\" \/>\n<script type=\"application\/ld+json\" class=\"yoast-schema-graph\">{\"@context\":\"https:\/\/schema.org\",\"@graph\":[{\"@type\":\"Article\",\"@id\":\"https:\/\/now-news.de\/de\/deutschland\/eremitage-abteilungsleiter-fuer-moderne-kunst-tritt-zurueck\/#article\",\"isPartOf\":{\"@id\":\"https:\/\/now-news.de\/de\/deutschland\/eremitage-abteilungsleiter-fuer-moderne-kunst-tritt-zurueck\/\"},\"author\":{\"name\":\"rtnews\",\"@id\":\"https:\/\/now-news.de\/de\/#\/schema\/person\/fb534a4e865501d8b3285208df34a9b5\"},\"headline\":\"Eremitage: Abteilungsleiter f\u00fcr moderne Kunst tritt zur\u00fcck\",\"datePublished\":\"2022-10-11T17:45:48+00:00\",\"dateModified\":\"2022-10-11T17:45:48+00:00\",\"mainEntityOfPage\":{\"@id\":\"https:\/\/now-news.de\/de\/deutschland\/eremitage-abteilungsleiter-fuer-moderne-kunst-tritt-zurueck\/\"},\"wordCount\":325,\"commentCount\":0,\"publisher\":{\"@id\":\"https:\/\/now-news.de\/de\/#organization\"},\"image\":{\"@id\":\"https:\/\/now-news.de\/de\/deutschland\/eremitage-abteilungsleiter-fuer-moderne-kunst-tritt-zurueck\/#primaryimage\"},\"thumbnailUrl\":\"https:\/\/now-news.de\/de\/wp-content\/uploads\/sites\/3\/2022\/10\/Eremitage-Abteilungsleiter-fuer-moderne-Kunst-tritt-zurueck.jpg\",\"keywords\":[\"Abteilungsleiter\",\"Eremitage\",\"f\u00fcr\",\"Kunst\",\"moderne\",\"tritt\",\"zur\u00fcck\"],\"articleSection\":[\"Deutschland\",\"Russland\"],\"inLanguage\":\"de\",\"potentialAction\":[{\"@type\":\"CommentAction\",\"name\":\"Comment\",\"target\":[\"https:\/\/now-news.de\/de\/deutschland\/eremitage-abteilungsleiter-fuer-moderne-kunst-tritt-zurueck\/#respond\"]}]},{\"@type\":\"WebPage\",\"@id\":\"https:\/\/now-news.de\/de\/deutschland\/eremitage-abteilungsleiter-fuer-moderne-kunst-tritt-zurueck\/\",\"url\":\"https:\/\/now-news.de\/de\/deutschland\/eremitage-abteilungsleiter-fuer-moderne-kunst-tritt-zurueck\/\",\"name\":\"Eremitage: Abteilungsleiter f\u00fcr moderne Kunst tritt zur\u00fcck - just-now.NEWS Deutschland\",\"isPartOf\":{\"@id\":\"https:\/\/now-news.de\/de\/#website\"},\"primaryImageOfPage\":{\"@id\":\"https:\/\/now-news.de\/de\/deutschland\/eremitage-abteilungsleiter-fuer-moderne-kunst-tritt-zurueck\/#primaryimage\"},\"image\":{\"@id\":\"https:\/\/now-news.de\/de\/deutschland\/eremitage-abteilungsleiter-fuer-moderne-kunst-tritt-zurueck\/#primaryimage\"},\"thumbnailUrl\":\"https:\/\/now-news.de\/de\/wp-content\/uploads\/sites\/3\/2022\/10\/Eremitage-Abteilungsleiter-fuer-moderne-Kunst-tritt-zurueck.jpg\",\"datePublished\":\"2022-10-11T17:45:48+00:00\",\"dateModified\":\"2022-10-11T17:45:48+00:00\",\"breadcrumb\":{\"@id\":\"https:\/\/now-news.de\/de\/deutschland\/eremitage-abteilungsleiter-fuer-moderne-kunst-tritt-zurueck\/#breadcrumb\"},\"inLanguage\":\"de\",\"potentialAction\":[{\"@type\":\"ReadAction\",\"target\":[\"https:\/\/now-news.de\/de\/deutschland\/eremitage-abteilungsleiter-fuer-moderne-kunst-tritt-zurueck\/\"]}]},{\"@type\":\"ImageObject\",\"inLanguage\":\"de\",\"@id\":\"https:\/\/now-news.de\/de\/deutschland\/eremitage-abteilungsleiter-fuer-moderne-kunst-tritt-zurueck\/#primaryimage\",\"url\":\"https:\/\/now-news.de\/de\/wp-content\/uploads\/sites\/3\/2022\/10\/Eremitage-Abteilungsleiter-fuer-moderne-Kunst-tritt-zurueck.jpg\",\"contentUrl\":\"https:\/\/now-news.de\/de\/wp-content\/uploads\/sites\/3\/2022\/10\/Eremitage-Abteilungsleiter-fuer-moderne-Kunst-tritt-zurueck.jpg\",\"width\":460,\"height\":259,\"caption\":\"Eremitage: Abteilungsleiter f\u00fcr moderne Kunst tritt zur\u00fcck\"},{\"@type\":\"BreadcrumbList\",\"@id\":\"https:\/\/now-news.de\/de\/deutschland\/eremitage-abteilungsleiter-fuer-moderne-kunst-tritt-zurueck\/#breadcrumb\",\"itemListElement\":[{\"@type\":\"ListItem\",\"position\":1,\"name\":\"Home\",\"item\":\"https:\/\/now-news.de\/de\/\"},{\"@type\":\"ListItem\",\"position\":2,\"name\":\"Eremitage: Abteilungsleiter f\u00fcr moderne Kunst tritt zur\u00fcck\"}]},{\"@type\":\"WebSite\",\"@id\":\"https:\/\/now-news.de\/de\/#website\",\"url\":\"https:\/\/now-news.de\/de\/\",\"name\":\"just-now.NEWS Deutschland\",\"description\":\"Das Portal f\u00fcr unzensierte Nachrichten aus der Welt\",\"publisher\":{\"@id\":\"https:\/\/now-news.de\/de\/#organization\"},\"potentialAction\":[{\"@type\":\"SearchAction\",\"target\":{\"@type\":\"EntryPoint\",\"urlTemplate\":\"https:\/\/now-news.de\/de\/?s={search_term_string}\"},\"query-input\":\"required name=search_term_string\"}],\"inLanguage\":\"de\"},{\"@type\":\"Organization\",\"@id\":\"https:\/\/now-news.de\/de\/#organization\",\"name\":\"Just Now News\",\"url\":\"https:\/\/now-news.de\/de\/\",\"logo\":{\"@type\":\"ImageObject\",\"inLanguage\":\"de\",\"@id\":\"https:\/\/now-news.de\/de\/#\/schema\/logo\/image\/\",\"url\":\"http:\/\/just-now.news\/de\/wp-content\/uploads\/sites\/3\/2022\/04\/logo500x500.jpg\",\"contentUrl\":\"http:\/\/just-now.news\/de\/wp-content\/uploads\/sites\/3\/2022\/04\/logo500x500.jpg\",\"width\":500,\"height\":500,\"caption\":\"Just Now News\"},\"image\":{\"@id\":\"https:\/\/now-news.de\/de\/#\/schema\/logo\/image\/\"},\"sameAs\":[\"https:\/\/www.facebook.com\/wirmachenauf\",\"https:\/\/x.com\/WirMachenAuf_de\"]},{\"@type\":\"Person\",\"@id\":\"https:\/\/now-news.de\/de\/#\/schema\/person\/fb534a4e865501d8b3285208df34a9b5\",\"name\":\"rtnews\",\"image\":{\"@type\":\"ImageObject\",\"inLanguage\":\"de\",\"@id\":\"https:\/\/now-news.de\/de\/#\/schema\/person\/image\/\",\"url\":\"https:\/\/secure.gravatar.com\/avatar\/82aafea7d8127119dd649515f56e2117?s=96&d=mm&r=g\",\"contentUrl\":\"https:\/\/secure.gravatar.com\/avatar\/82aafea7d8127119dd649515f56e2117?s=96&d=mm&r=g\",\"caption\":\"rtnews\"},\"url\":\"https:\/\/now-news.de\/de\/author\/rnews\/\"}]}<\/script>\n<!-- \/ Yoast SEO Premium plugin. -->","yoast_head_json":{"title":"Eremitage: Abteilungsleiter f\u00fcr moderne Kunst tritt zur\u00fcck - just-now.NEWS Deutschland","robots":{"index":"index","follow":"follow","max-snippet":"max-snippet:-1","max-image-preview":"max-image-preview:large","max-video-preview":"max-video-preview:-1"},"canonical":"https:\/\/now-news.de\/de\/deutschland\/eremitage-abteilungsleiter-fuer-moderne-kunst-tritt-zurueck\/","og_locale":"de_DE","og_type":"article","og_title":"Eremitage: Abteilungsleiter f\u00fcr moderne Kunst tritt zur\u00fcck","og_description":"Der Abteilungsleiter f\u00fcr zeitgen\u00f6ssische Kunst der Staatlichen Eremitage hat seinen R\u00fccktritt aus dem Museum in den sozialen Medien mitgeteilt. Der Grund daf\u00fcr sei seine Ablehnung &#8220;des heutigen Russlands&#8221;. Der renommierte Museumskurator und Leiter der Abteilung f\u00fcr zeitgen\u00f6ssische Kunst in der Eremitage, Dmitri Oserkow, tritt ein in die Reihe derer, die Russland nach dem Beginn der [&hellip;]","og_url":"https:\/\/now-news.de\/de\/deutschland\/eremitage-abteilungsleiter-fuer-moderne-kunst-tritt-zurueck\/","og_site_name":"just-now.NEWS Deutschland","article_publisher":"https:\/\/www.facebook.com\/wirmachenauf","article_published_time":"2022-10-11T17:45:48+00:00","og_image":[{"width":460,"height":259,"url":"https:\/\/now-news.de\/de\/wp-content\/uploads\/sites\/3\/2022\/10\/Eremitage-Abteilungsleiter-fuer-moderne-Kunst-tritt-zurueck.jpg","type":"image\/jpeg"}],"author":"rtnews","twitter_card":"summary_large_image","twitter_creator":"@WirMachenAuf_de","twitter_site":"@WirMachenAuf_de","twitter_misc":{"Verfasst von":"rtnews","Gesch\u00e4tzte Lesezeit":"2\u00a0Minuten"},"schema":{"@context":"https:\/\/schema.org","@graph":[{"@type":"Article","@id":"https:\/\/now-news.de\/de\/deutschland\/eremitage-abteilungsleiter-fuer-moderne-kunst-tritt-zurueck\/#article","isPartOf":{"@id":"https:\/\/now-news.de\/de\/deutschland\/eremitage-abteilungsleiter-fuer-moderne-kunst-tritt-zurueck\/"},"author":{"name":"rtnews","@id":"https:\/\/now-news.de\/de\/#\/schema\/person\/fb534a4e865501d8b3285208df34a9b5"},"headline":"Eremitage: Abteilungsleiter f\u00fcr moderne Kunst tritt zur\u00fcck","datePublished":"2022-10-11T17:45:48+00:00","dateModified":"2022-10-11T17:45:48+00:00","mainEntityOfPage":{"@id":"https:\/\/now-news.de\/de\/deutschland\/eremitage-abteilungsleiter-fuer-moderne-kunst-tritt-zurueck\/"},"wordCount":325,"commentCount":0,"publisher":{"@id":"https:\/\/now-news.de\/de\/#organization"},"image":{"@id":"https:\/\/now-news.de\/de\/deutschland\/eremitage-abteilungsleiter-fuer-moderne-kunst-tritt-zurueck\/#primaryimage"},"thumbnailUrl":"https:\/\/now-news.de\/de\/wp-content\/uploads\/sites\/3\/2022\/10\/Eremitage-Abteilungsleiter-fuer-moderne-Kunst-tritt-zurueck.jpg","keywords":["Abteilungsleiter","Eremitage","f\u00fcr","Kunst","moderne","tritt","zur\u00fcck"],"articleSection":["Deutschland","Russland"],"inLanguage":"de","potentialAction":[{"@type":"CommentAction","name":"Comment","target":["https:\/\/now-news.de\/de\/deutschland\/eremitage-abteilungsleiter-fuer-moderne-kunst-tritt-zurueck\/#respond"]}]},{"@type":"WebPage","@id":"https:\/\/now-news.de\/de\/deutschland\/eremitage-abteilungsleiter-fuer-moderne-kunst-tritt-zurueck\/","url":"https:\/\/now-news.de\/de\/deutschland\/eremitage-abteilungsleiter-fuer-moderne-kunst-tritt-zurueck\/","name":"Eremitage: Abteilungsleiter f\u00fcr moderne Kunst tritt zur\u00fcck - just-now.NEWS Deutschland","isPartOf":{"@id":"https:\/\/now-news.de\/de\/#website"},"primaryImageOfPage":{"@id":"https:\/\/now-news.de\/de\/deutschland\/eremitage-abteilungsleiter-fuer-moderne-kunst-tritt-zurueck\/#primaryimage"},"image":{"@id":"https:\/\/now-news.de\/de\/deutschland\/eremitage-abteilungsleiter-fuer-moderne-kunst-tritt-zurueck\/#primaryimage"},"thumbnailUrl":"https:\/\/now-news.de\/de\/wp-content\/uploads\/sites\/3\/2022\/10\/Eremitage-Abteilungsleiter-fuer-moderne-Kunst-tritt-zurueck.jpg","datePublished":"2022-10-11T17:45:48+00:00","dateModified":"2022-10-11T17:45:48+00:00","breadcrumb":{"@id":"https:\/\/now-news.de\/de\/deutschland\/eremitage-abteilungsleiter-fuer-moderne-kunst-tritt-zurueck\/#breadcrumb"},"inLanguage":"de","potentialAction":[{"@type":"ReadAction","target":["https:\/\/now-news.de\/de\/deutschland\/eremitage-abteilungsleiter-fuer-moderne-kunst-tritt-zurueck\/"]}]},{"@type":"ImageObject","inLanguage":"de","@id":"https:\/\/now-news.de\/de\/deutschland\/eremitage-abteilungsleiter-fuer-moderne-kunst-tritt-zurueck\/#primaryimage","url":"https:\/\/now-news.de\/de\/wp-content\/uploads\/sites\/3\/2022\/10\/Eremitage-Abteilungsleiter-fuer-moderne-Kunst-tritt-zurueck.jpg","contentUrl":"https:\/\/now-news.de\/de\/wp-content\/uploads\/sites\/3\/2022\/10\/Eremitage-Abteilungsleiter-fuer-moderne-Kunst-tritt-zurueck.jpg","width":460,"height":259,"caption":"Eremitage: Abteilungsleiter f\u00fcr moderne Kunst tritt zur\u00fcck"},{"@type":"BreadcrumbList","@id":"https:\/\/now-news.de\/de\/deutschland\/eremitage-abteilungsleiter-fuer-moderne-kunst-tritt-zurueck\/#breadcrumb","itemListElement":[{"@type":"ListItem","position":1,"name":"Home","item":"https:\/\/now-news.de\/de\/"},{"@type":"ListItem","position":2,"name":"Eremitage: Abteilungsleiter f\u00fcr moderne Kunst tritt zur\u00fcck"}]},{"@type":"WebSite","@id":"https:\/\/now-news.de\/de\/#website","url":"https:\/\/now-news.de\/de\/","name":"just-now.NEWS Deutschland","description":"Das Portal f\u00fcr unzensierte Nachrichten aus der Welt","publisher":{"@id":"https:\/\/now-news.de\/de\/#organization"},"potentialAction":[{"@type":"SearchAction","target":{"@type":"EntryPoint","urlTemplate":"https:\/\/now-news.de\/de\/?s={search_term_string}"},"query-input":"required name=search_term_string"}],"inLanguage":"de"},{"@type":"Organization","@id":"https:\/\/now-news.de\/de\/#organization","name":"Just Now News","url":"https:\/\/now-news.de\/de\/","logo":{"@type":"ImageObject","inLanguage":"de","@id":"https:\/\/now-news.de\/de\/#\/schema\/logo\/image\/","url":"http:\/\/just-now.news\/de\/wp-content\/uploads\/sites\/3\/2022\/04\/logo500x500.jpg","contentUrl":"http:\/\/just-now.news\/de\/wp-content\/uploads\/sites\/3\/2022\/04\/logo500x500.jpg","width":500,"height":500,"caption":"Just Now News"},"image":{"@id":"https:\/\/now-news.de\/de\/#\/schema\/logo\/image\/"},"sameAs":["https:\/\/www.facebook.com\/wirmachenauf","https:\/\/x.com\/WirMachenAuf_de"]},{"@type":"Person","@id":"https:\/\/now-news.de\/de\/#\/schema\/person\/fb534a4e865501d8b3285208df34a9b5","name":"rtnews","image":{"@type":"ImageObject","inLanguage":"de","@id":"https:\/\/now-news.de\/de\/#\/schema\/person\/image\/","url":"https:\/\/secure.gravatar.com\/avatar\/82aafea7d8127119dd649515f56e2117?s=96&d=mm&r=g","contentUrl":"https:\/\/secure.gravatar.com\/avatar\/82aafea7d8127119dd649515f56e2117?s=96&d=mm&r=g","caption":"rtnews"},"url":"https:\/\/now-news.de\/de\/author\/rnews\/"}]}},"_links":{"self":[{"href":"https:\/\/now-news.de\/de\/wp-json\/wp\/v2\/posts\/20820"}],"collection":[{"href":"https:\/\/now-news.de\/de\/wp-json\/wp\/v2\/posts"}],"about":[{"href":"https:\/\/now-news.de\/de\/wp-json\/wp\/v2\/types\/post"}],"author":[{"embeddable":true,"href":"https:\/\/now-news.de\/de\/wp-json\/wp\/v2\/users\/3"}],"replies":[{"embeddable":true,"href":"https:\/\/now-news.de\/de\/wp-json\/wp\/v2\/comments?post=20820"}],"version-history":[{"count":0,"href":"https:\/\/now-news.de\/de\/wp-json\/wp\/v2\/posts\/20820\/revisions"}],"wp:featuredmedia":[{"embeddable":true,"href":"https:\/\/now-news.de\/de\/wp-json\/wp\/v2\/media\/20821"}],"wp:attachment":[{"href":"https:\/\/now-news.de\/de\/wp-json\/wp\/v2\/media?parent=20820"}],"wp:term":[{"taxonomy":"category","embeddable":true,"href":"https:\/\/now-news.de\/de\/wp-json\/wp\/v2\/categories?post=20820"},{"taxonomy":"post_tag","embeddable":true,"href":"https:\/\/now-news.de\/de\/wp-json\/wp\/v2\/tags?post=20820"}],"curies":[{"name":"wp","href":"https:\/\/api.w.org\/{rel}","templated":true}]}}