{"id":20798,"date":"2022-10-11T15:51:12","date_gmt":"2022-10-11T13:51:12","guid":{"rendered":"http:\/\/just-now.news\/de\/deutschland\/keine-panik-twitter-information-des-wirtschaftsministeriums-mit-irritierendem-deja-vu-charakter\/"},"modified":"2022-10-11T15:51:12","modified_gmt":"2022-10-11T13:51:12","slug":"keine-panik-twitter-information-des-wirtschaftsministeriums-mit-irritierendem-deja-vu-charakter","status":"publish","type":"post","link":"https:\/\/now-news.de\/de\/deutschland\/keine-panik-twitter-information-des-wirtschaftsministeriums-mit-irritierendem-deja-vu-charakter\/","title":{"rendered":"Keine Panik! Twitter-Information des Wirtschaftsministeriums mit irritierendem D\u00e9j\u00e0-vu-Charakter"},"content":{"rendered":"<p><img decoding=\"async\" src=\"http:\/\/just-now.news\/de\/wp-content\/uploads\/sites\/3\/2022\/10\/63453fc248fbef52b02766e9.jpg\" \/><\/p>\n<div class=\"Text-root Text-type_1 \">\n                Die meisten Ministerien der Bundesregierung pflegen Kan\u00e4le in den sozialen Medien. Ein Tweet des Bundesgesundheitsministeriums vom M\u00e4rz 2020 wird bis heute kontrovers diskutiert. Ein aktueller Beitrag des Bundesministeriums f\u00fcr Wirtschaft und Klimaschutz hat Tendenzen, ein Nachfolgeph\u00e4nomen darzustellen.\n            <\/div>\n<p><\/p>\n<div class=\"Text-root Text-type_5 ArticleView-text ViewText-root \">\n<p><em>Eine Analyse von Bernhard Loyen<\/em><\/p>\n<p>Am 9. Oktober ver\u00f6ffentlichte das Social-Media-Team des\u00a0Bundesministeriums f\u00fcr Wirtschaft und Klimaschutz (BMWK) einen neuen Twitter-Beitrag. Der Text lie\u00df regelm\u00e4\u00dfige Nutzer der sozialen Medien nicht nur inhaltlich aufmerken. Der Gesamteindruck erinnerte\u00a0stark an die Mitteilung des\u00a0Bundesgesundheitsministeriums (BMG) vom 14. M\u00e4rz 2020. Dieser Tweet des BMG wird bis zum heutigen Tage zum Stichwort Glaubw\u00fcrdigkeit entsprechender politischer Ank\u00fcndigungen und Informationen in Krisenzeiten regelm\u00e4\u00dfig zitiert.<\/p>\n<p>Im\u00a0<a rel=\"nofollow noopener\" target=\"_blank\" href=\"https:\/\/twitter.com\/BMWK\/status\/1579026612267454464?ref_src=twsrc%5Etfw%7Ctwcamp%5Etweetembed%7Ctwterm%5E1579026612267454464%7Ctwgr%5E9b1808c603ca99f21137a6e8147bf2d3f83c08e5%7Ctwcon%5Es1_&amp;ref_url=https%3A%2F%2Frtde.site%2Fpreview%2FNews%2F63453f3048fbef52b02766e3%2F\">Tweet<\/a>\u00a0des BMWK bez\u00fcglich der aktuellen Energiekrise und daraus resultierender Bef\u00fcrchtungen und Diskussionen in der Gesellschaft\u00a0hei\u00dft es:<\/p>\n<blockquote>\n<p><em>&#8220;Wir haben eines der zuverl\u00e4ssigsten Stromnetze weltweit und eine hohe Versorgungssicherheit. Trotzdem kursieren unter Blackout, Stromausfall oder Lastabwurf Behauptungen im Netz, die unbegr\u00fcndet Panik verbreiten. Hier deshalb die wichtigsten Infos zur <a rel=\"nofollow noopener\" target=\"_blank\" href=\"https:\/\/twitter.com\/hashtag\/Versorgungssicherheit?src=hashtag_click\">Versorgungssicherheit<\/a>.&#8221;<\/em><\/p>\n<\/blockquote>\n<div class=\"EmbedBlock-root EmbedBlock-twitter\">\n<div class=\"TwitterEmbed\">\n<blockquote class=\"twitter-tweet lazyload\" data-twitter=\"twitter-tweet\">\n<p lang=\"de\" dir=\"ltr\">Wir haben eines der zuverl\u00e4ssigsten Stromnetze weltweit und eine hohe Versorgungssicherheit. Trotzdem kursieren unter <a rel=\"nofollow noopener\" target=\"_blank\" href=\"https:\/\/twitter.com\/hashtag\/Blackout?src=hash&amp;ref_src=twsrc%5Etfw\">#Blackout<\/a>, <a rel=\"nofollow noopener\" target=\"_blank\" href=\"https:\/\/twitter.com\/hashtag\/Stromausfall?src=hash&amp;ref_src=twsrc%5Etfw\">#Stromausfall<\/a> oder <a rel=\"nofollow noopener\" target=\"_blank\" href=\"https:\/\/twitter.com\/hashtag\/Lastabwurf?src=hash&amp;ref_src=twsrc%5Etfw\">#Lastabwurf<\/a> Behauptungen im Netz, die unbegr\u00fcndet Panik verbreiten. Hier deshalb die wichtigsten Infos zur <a rel=\"nofollow noopener\" target=\"_blank\" href=\"https:\/\/twitter.com\/hashtag\/Versorgungssicherheit?src=hash&amp;ref_src=twsrc%5Etfw\">#Versorgungssicherheit<\/a>.<\/p>\n<p>\u2014 Bundesministerium f\u00fcr Wirtschaft und Klimaschutz (@BMWK) <a rel=\"nofollow noopener\" target=\"_blank\" href=\"https:\/\/twitter.com\/BMWK\/status\/1579026612267454464?ref_src=twsrc%5Etfw\">October 9, 2022<\/a><\/p><\/blockquote>\n<\/div>\n<\/div>\n<p>Zur Erl\u00e4uterung eines m\u00f6glichen\u00a0D\u00e9j\u00e0-vu-Moments folgt der <a rel=\"nofollow noopener\" target=\"_blank\" href=\"https:\/\/twitter.com\/bmg_bund\/status\/1238780849652465664?lang=de\">Twitter-Beitrag<\/a> des BMG\u00a0vom M\u00e4rz 2020 mit Bezug\u00a0auf\u00a0Verunsicherungen und Diskussionen in der noch jungen Corona-Krise in Deutschland. Der Text\u00a0ist noch immer unver\u00e4ndert auf dem Twitter-Kanal des Gesundheitsministeriums vorzufinden:<\/p>\n<blockquote>\n<p><em>&#8220;Achtung Fake News \u2013 Es wird behauptet und rasch verbreitet, das Bundesministerium f\u00fcr Gesundheit \/ die Bundesregierung w\u00fcrde bald massive weitere Einschr\u00e4nkungen des \u00f6ffentlichen Lebens ank\u00fcndigen. Das stimmt NICHT! Bitte helfen Sie mit, ihre Verbreitung zu stoppen.&#8221;<\/em><\/p>\n<\/blockquote>\n<div class=\"EmbedBlock-root EmbedBlock-twitter\">\n<div class=\"TwitterEmbed\">\n<blockquote class=\"twitter-tweet lazyload\" data-twitter=\"twitter-tweet\">\n<p lang=\"de\" dir=\"ltr\">\u2757\ufe0fAchtung Fake News \u2757\ufe0fEs wird behauptet und rasch verbreitet, das Bundesministerium f\u00fcr Gesundheit \/ die Bundesregierung w\u00fcrde bald massive weitere Einschr\u00e4nkungen des \u00f6ffentlichen Lebens ank\u00fcndigen. Das stimmt NICHT! Bitte helfen Sie mit, ihre Verbreitung zu stoppen. <a rel=\"nofollow noopener\" target=\"_blank\" href=\"https:\/\/t.co\/h8bG7ued9N\">pic.twitter.com\/h8bG7ued9N<\/a><\/p>\n<p>\u2014 Bundesgesundheitsministerium (@BMG_Bund) <a rel=\"nofollow noopener\" target=\"_blank\" href=\"https:\/\/twitter.com\/BMG_Bund\/status\/1238780849652465664?ref_src=twsrc%5Etfw\">March 14, 2020<\/a><\/p><\/blockquote>\n<\/div>\n<\/div>\n<p>Im Oktober 2022 werden kritische und\u00a0hinterfragende Artikel zur Regierungspolitik und entsprechenden Ma\u00dfnahmen(ank\u00fcndigungen) nun nicht mehr &#8220;Fake News&#8221; genannt, sondern &#8220;Behauptungen&#8221;. Diese Formulierung resultiert wahrscheinlich aus der Tatsache, dass die eigentlich unterstellten &#8220;Fake News&#8221; diesmal nicht aus dem Bereich der sogenannten &#8220;alternativen Medien&#8221; stammen, sondern \u2013 wie die Collage belegt \u2013 \u00dcberschriften und Schlagzeilen des Nachrichtenportals <em><a rel=\"nofollow noopener\" target=\"_blank\" href=\"https:\/\/www.n-tv.de\/wirtschaft\/Ist-die-Angst-vor-einem-Blackout-begruendet-article23572159.html\">n-tv<\/a>,\u00a0<\/em>der <a rel=\"nofollow noopener\" target=\"_blank\" href=\"https:\/\/www.faz.net\/aktuell\/wirtschaft\/von-gas-auf-strom-umstellen-ist-der-blackout-eine-echte-gefahr-18354944.html?session\"><em>Frankfurter Allgemeinen Zeitung<\/em><\/a>,\u00a0des\u00a0<em><a rel=\"nofollow noopener\" target=\"_blank\" href=\"https:\/\/www.businessinsider.de\/wirtschaft\/verbraucher\/blackout-wie-realistisch-das-szenario-ist-und-die-richtige-vorsorge\/\">Business Insider<\/a><\/em> und des Berliner <a rel=\"nofollow noopener\" target=\"_blank\" href=\"https:\/\/www.tagesspiegel.de\/politik\/moglicher-blackout-im-winter-wenn-in-deutschland-das-licht-ausgeht-8647879.html\"><em>Tagesspiegels<\/em><\/a> zeigen.<\/p>\n<p>Die\u00a0angebliche Unterstellung,\u00a0das BMG w\u00fcrde &#8220;bald massive weitere Einschr\u00e4nkungen des \u00f6ffentlichen Lebens ank\u00fcndigen&#8221;, wird im Beitrag des BMWK moderater und entsch\u00e4rfend formuliert:<\/p>\n<blockquote>\n<p><em>&#8220;Wir haben eines der zuverl\u00e4ssigsten Stromnetze weltweit und eine hohe Versorgungssicherheit.&#8221;<\/em><\/p>\n<\/blockquote>\n<p>Die Inhalte der abgebildeten Artikel\u00a0im BMWK-Tweet scheinen zumindest nicht unwahr zu sein oder ma\u00dfgebliche &#8220;Desinformationen&#8221; zu enthalten. Es fehlt der Hinweis\u00a0vom M\u00e4rz 2020: &#8220;Das stimmt NICHT! Bitte helfen Sie mit, ihre Verbreitung zu stoppen.&#8221; Es wird demgegen\u00fcber lediglich auf Informationen des Ministeriums verwiesen, dem interessierten B\u00fcrger also die M\u00f6glichkeit gegeben, selbst zu entscheiden, aus welchen Inhalten er sich eine Meinung bilden m\u00f6chte.<\/p>\n<p>Kommen wir zum wesentlichen Punkt. Wer es im Fr\u00fchjahr 2020 wagte, auch nur im Ansatz davor zu warnen, dass die Bundesregierung sehr eindeutige und z\u00fcgig erkennbare Schritte in Erw\u00e4gung zieht, ein saisonales medizinisches Ereignis mit weitreichenden Ma\u00dfnahmenkatalogen zu bek\u00e4mpfen, wurde medial und gesellschaftlich bek\u00e4mpft, beschimpft, ausgegrenzt und in seiner individuellen Biografie auch zerst\u00f6rt:<\/p>\n<blockquote>\n<p><em>&#8220;Das stimmt NICHT! Bitte helfen Sie mit, ihre Verbreitung zu stoppen.&#8221;\u00a0<\/em><\/p>\n<\/blockquote>\n<p>In einer Auflistung schlichter Folgedynamiken\u00a0\u2013 beginnend im April 2020, anhaltend und voraussichtlich bis\u00a0Fr\u00fchjahr 2023 in Teilen eingefordert \u2013 erfolgten\u00a0vonseiten der Bundesregierung folgende &#8220;massive weitere Einschr\u00e4nkungen des \u00f6ffentlichen Lebens&#8221;:<\/p>\n<blockquote>\n<p><em>&#8220;Bildungsverbote, Berufsverbote, Kontaktverbote, Veranstaltungs- bzw. Versammlungsverbote, Sport, also Bewegungsverbote, Verweilverbote, Reiseverbote und Aufenthaltsverbote.&#8221;<\/em><\/p>\n<\/blockquote>\n<p>Dem zuzuf\u00fcgen w\u00e4re noch der politische Zwang zur Durchf\u00fchrung eines medizinischen Eingriffes bei gesunden wie auch vorerkrankten Menschen durch Wirkstoffverabreichungen, deren unmittelbare wie auch Langzeitauswirkungen\u00a0in Teilen wissenschaftlich dokumentiert, aber nicht abschlie\u00dfend gekl\u00e4rt sind. Des Weiteren sei die Maskenpflicht in Bereichen der Gesellschaft genannt. Die diesbez\u00fcglichen Auseinandersetzungen und K\u00e4mpfe auf politischer\u00a0und auch gesellschaftlicher Ebene sind\u00a0<a rel=\"nofollow noopener\" target=\"_blank\" href=\"https:\/\/ich-habe-mitgemacht.de\/\">dokumentiert und bekannt<\/a>.<\/p>\n<p>Bez\u00fcglich einer sich dynamisierenden aktuellen Energiekrise im Jahre 2022 stellt sich nun die nicht vollkommen unberechtigte Frage, ob die etwas &#8220;moderatere&#8221;\u00a0Mitteilung des\u00a0Bundesministeriums f\u00fcr Wirtschaft und Klimaschutz zum Thema &#8220;Behauptungen\/Fake News&#8221; eine Information oder eine erneute schriftliche Nebelgranate darstellt, um bekannte wie auch neuartige\u00a0Folgema\u00dfnahmen anzuk\u00fcndigen.<\/p>\n<p>Dass erneut die Gesellschaft in Teilen, ob <a rel=\"nofollow noopener\" target=\"_blank\" href=\"https:\/\/www.welt.de\/sport\/article240398457\/Schwimmen-Wellbrock-kritisiert-Senkung-der-Wassertemperatur-in-Baedern.html\">hilflos<\/a> oder <a rel=\"nofollow noopener\" target=\"_blank\" href=\"https:\/\/pleiteticker.de\/staatliche-gefoerderte-kitas-sollen-kinder-zu-stromkontrolleuren-ausbilden\/\">unterst\u00fctzend<\/a>, erste Forderungen umsetzt, sollte dabei nicht \u00fcberraschen. Erste Anzeichen politischer N\u00f6tigungen zu eingeforderten und\/oder erzwungenen Heiz- und Hygieneverhalten der B\u00fcrger lassen daher den Twitter-Beitrag f\u00fcr kritische Wahrnehmungen doch eher als eindeutig bedenkliches\u00a0D\u00e9j\u00e0-vu-Ereignis erscheinen.<\/p>\n<div class=\"EmbedBlock-root EmbedBlock-twitter\">\n<div class=\"TwitterEmbed\">\n<blockquote class=\"twitter-tweet lazyload\" data-twitter=\"twitter-tweet\">\n<p lang=\"de\" dir=\"ltr\">lol, wer hat denn den Lastabwurf ins Spiel gebracht <a rel=\"nofollow noopener\" target=\"_blank\" href=\"https:\/\/t.co\/p10haai6t9\">pic.twitter.com\/p10haai6t9<\/a><\/p>\n<p>\u2014 King in the north (@Philippopulus1) <a rel=\"nofollow noopener\" target=\"_blank\" href=\"https:\/\/twitter.com\/Philippopulus1\/status\/1579046958370783232?ref_src=twsrc%5Etfw\">October 9, 2022<\/a><\/p><\/blockquote>\n<\/div>\n<\/div>\n<p><strong>Mehr zum Thema &#8211;<\/strong>\u00a0<a rel=\"nofollow noopener\" target=\"_blank\" href=\"https:\/\/pressefreiheit.rtde.tech\/inland\/151199-jan-bohmermanns-russen-riecherei-bsi\/\">Jan B\u00f6hmermanns Russen-Riecherei: BSI-Chef Arne Sch\u00f6nbohm wird auf blo\u00dfen Verdacht hin abserviert<\/a><\/p>\n<\/p>\n<\/div>\n<p><script async src=\"https:\/\/platform.twitter.com\/widgets.js\" charset=\"utf-8\"><\/script><br \/>\n<br \/><br \/>\n<br \/><a href=\"https:\/\/de.rt.com\/inland\/151268-keine-panik-twitter-information-wirtschaftsministeriums\/\">Source link <\/a><\/p>\n","protected":false},"excerpt":{"rendered":"<p>Die meisten Ministerien der Bundesregierung pflegen Kan\u00e4le in den sozialen Medien. Ein Tweet des Bundesgesundheitsministeriums vom M\u00e4rz 2020 wird bis heute kontrovers diskutiert. Ein aktueller Beitrag des Bundesministeriums f\u00fcr Wirtschaft und Klimaschutz hat Tendenzen, ein Nachfolgeph\u00e4nomen darzustellen. Eine Analyse von Bernhard Loyen Am 9. Oktober ver\u00f6ffentlichte das Social-Media-Team des\u00a0Bundesministeriums f\u00fcr Wirtschaft und Klimaschutz (BMWK) einen [&hellip;]<\/p>\n","protected":false},"author":3,"featured_media":20799,"comment_status":"open","ping_status":"open","sticky":false,"template":"","format":"standard","meta":{"wp_automatic_camp":["217"],"0698074a8a197bb60f1236c3c32f0ef2":["Keine Panik! Twitter-Information des Wirtschaftsministeriums mit irritierendem D\u00e9j\u00e0-vu-Charakter"],"original_link":["https:\/\/de.rt.com\/inland\/151268-keine-panik-twitter-information-wirtschaftsministeriums\/"],"_thumbnail_id":["20799"],"_wptg_p2tg_sent2tg":["2022-10-11 15:53:39"],"jnews_social_counter_last_update":["1777611588"]},"categories":[19,23],"tags":[34197,583,34196,375,419,3379,34194,34195],"yoast_head":"<!-- This site is optimized with the Yoast SEO Premium plugin v22.7 (Yoast SEO v22.7) - https:\/\/yoast.com\/wordpress\/plugins\/seo\/ -->\n<title>Keine Panik! Twitter-Information des Wirtschaftsministeriums mit irritierendem D\u00e9j\u00e0-vu-Charakter - just-now.NEWS Deutschland<\/title>\n<meta name=\"robots\" content=\"index, follow, max-snippet:-1, max-image-preview:large, max-video-preview:-1\" \/>\n<link rel=\"canonical\" href=\"https:\/\/now-news.de\/de\/deutschland\/keine-panik-twitter-information-des-wirtschaftsministeriums-mit-irritierendem-deja-vu-charakter\/\" \/>\n<meta property=\"og:locale\" content=\"de_DE\" \/>\n<meta property=\"og:type\" content=\"article\" \/>\n<meta property=\"og:title\" content=\"Keine Panik! Twitter-Information des Wirtschaftsministeriums mit irritierendem D\u00e9j\u00e0-vu-Charakter\" \/>\n<meta property=\"og:description\" content=\"Die meisten Ministerien der Bundesregierung pflegen Kan\u00e4le in den sozialen Medien. Ein Tweet des Bundesgesundheitsministeriums vom M\u00e4rz 2020 wird bis heute kontrovers diskutiert. Ein aktueller Beitrag des Bundesministeriums f\u00fcr Wirtschaft und Klimaschutz hat Tendenzen, ein Nachfolgeph\u00e4nomen darzustellen. Eine Analyse von Bernhard Loyen Am 9. Oktober ver\u00f6ffentlichte das Social-Media-Team des\u00a0Bundesministeriums f\u00fcr Wirtschaft und Klimaschutz (BMWK) einen [&hellip;]\" \/>\n<meta property=\"og:url\" content=\"https:\/\/now-news.de\/de\/deutschland\/keine-panik-twitter-information-des-wirtschaftsministeriums-mit-irritierendem-deja-vu-charakter\/\" \/>\n<meta property=\"og:site_name\" content=\"just-now.NEWS Deutschland\" \/>\n<meta property=\"article:publisher\" content=\"https:\/\/www.facebook.com\/wirmachenauf\" \/>\n<meta property=\"article:published_time\" content=\"2022-10-11T13:51:12+00:00\" \/>\n<meta property=\"og:image\" content=\"https:\/\/now-news.de\/de\/wp-content\/uploads\/sites\/3\/2022\/10\/Keine-Panik-Twitter-Information-des-Wirtschaftsministeriums-mit-irritierendem-Deja-vu-Charakter.jpg\" \/>\n\t<meta property=\"og:image:width\" content=\"460\" \/>\n\t<meta property=\"og:image:height\" content=\"259\" \/>\n\t<meta property=\"og:image:type\" content=\"image\/jpeg\" \/>\n<meta name=\"author\" content=\"rtnews\" \/>\n<meta name=\"twitter:card\" content=\"summary_large_image\" \/>\n<meta name=\"twitter:creator\" content=\"@WirMachenAuf_de\" \/>\n<meta name=\"twitter:site\" content=\"@WirMachenAuf_de\" \/>\n<meta name=\"twitter:label1\" content=\"Verfasst von\" \/>\n\t<meta name=\"twitter:data1\" content=\"rtnews\" \/>\n\t<meta name=\"twitter:label2\" content=\"Gesch\u00e4tzte Lesezeit\" \/>\n\t<meta name=\"twitter:data2\" content=\"4\u00a0Minuten\" \/>\n<script type=\"application\/ld+json\" class=\"yoast-schema-graph\">{\"@context\":\"https:\/\/schema.org\",\"@graph\":[{\"@type\":\"Article\",\"@id\":\"https:\/\/now-news.de\/de\/deutschland\/keine-panik-twitter-information-des-wirtschaftsministeriums-mit-irritierendem-deja-vu-charakter\/#article\",\"isPartOf\":{\"@id\":\"https:\/\/now-news.de\/de\/deutschland\/keine-panik-twitter-information-des-wirtschaftsministeriums-mit-irritierendem-deja-vu-charakter\/\"},\"author\":{\"name\":\"rtnews\",\"@id\":\"https:\/\/now-news.de\/de\/#\/schema\/person\/fb534a4e865501d8b3285208df34a9b5\"},\"headline\":\"Keine Panik! Twitter-Information des Wirtschaftsministeriums mit irritierendem D\u00e9j\u00e0-vu-Charakter\",\"datePublished\":\"2022-10-11T13:51:12+00:00\",\"dateModified\":\"2022-10-11T13:51:12+00:00\",\"mainEntityOfPage\":{\"@id\":\"https:\/\/now-news.de\/de\/deutschland\/keine-panik-twitter-information-des-wirtschaftsministeriums-mit-irritierendem-deja-vu-charakter\/\"},\"wordCount\":852,\"commentCount\":0,\"publisher\":{\"@id\":\"https:\/\/now-news.de\/de\/#organization\"},\"image\":{\"@id\":\"https:\/\/now-news.de\/de\/deutschland\/keine-panik-twitter-information-des-wirtschaftsministeriums-mit-irritierendem-deja-vu-charakter\/#primaryimage\"},\"thumbnailUrl\":\"https:\/\/now-news.de\/de\/wp-content\/uploads\/sites\/3\/2022\/10\/Keine-Panik-Twitter-Information-des-Wirtschaftsministeriums-mit-irritierendem-Deja-vu-Charakter.jpg\",\"keywords\":[\"D\u00e9j\u00e0vuCharakter\",\"des\",\"irritierendem\",\"keine\",\"mit\",\"Panik\",\"TwitterInformation\",\"Wirtschaftsministeriums\"],\"articleSection\":[\"Deutschland\",\"Russland\"],\"inLanguage\":\"de\",\"potentialAction\":[{\"@type\":\"CommentAction\",\"name\":\"Comment\",\"target\":[\"https:\/\/now-news.de\/de\/deutschland\/keine-panik-twitter-information-des-wirtschaftsministeriums-mit-irritierendem-deja-vu-charakter\/#respond\"]}]},{\"@type\":\"WebPage\",\"@id\":\"https:\/\/now-news.de\/de\/deutschland\/keine-panik-twitter-information-des-wirtschaftsministeriums-mit-irritierendem-deja-vu-charakter\/\",\"url\":\"https:\/\/now-news.de\/de\/deutschland\/keine-panik-twitter-information-des-wirtschaftsministeriums-mit-irritierendem-deja-vu-charakter\/\",\"name\":\"Keine Panik! Twitter-Information des Wirtschaftsministeriums mit irritierendem D\u00e9j\u00e0-vu-Charakter - just-now.NEWS Deutschland\",\"isPartOf\":{\"@id\":\"https:\/\/now-news.de\/de\/#website\"},\"primaryImageOfPage\":{\"@id\":\"https:\/\/now-news.de\/de\/deutschland\/keine-panik-twitter-information-des-wirtschaftsministeriums-mit-irritierendem-deja-vu-charakter\/#primaryimage\"},\"image\":{\"@id\":\"https:\/\/now-news.de\/de\/deutschland\/keine-panik-twitter-information-des-wirtschaftsministeriums-mit-irritierendem-deja-vu-charakter\/#primaryimage\"},\"thumbnailUrl\":\"https:\/\/now-news.de\/de\/wp-content\/uploads\/sites\/3\/2022\/10\/Keine-Panik-Twitter-Information-des-Wirtschaftsministeriums-mit-irritierendem-Deja-vu-Charakter.jpg\",\"datePublished\":\"2022-10-11T13:51:12+00:00\",\"dateModified\":\"2022-10-11T13:51:12+00:00\",\"breadcrumb\":{\"@id\":\"https:\/\/now-news.de\/de\/deutschland\/keine-panik-twitter-information-des-wirtschaftsministeriums-mit-irritierendem-deja-vu-charakter\/#breadcrumb\"},\"inLanguage\":\"de\",\"potentialAction\":[{\"@type\":\"ReadAction\",\"target\":[\"https:\/\/now-news.de\/de\/deutschland\/keine-panik-twitter-information-des-wirtschaftsministeriums-mit-irritierendem-deja-vu-charakter\/\"]}]},{\"@type\":\"ImageObject\",\"inLanguage\":\"de\",\"@id\":\"https:\/\/now-news.de\/de\/deutschland\/keine-panik-twitter-information-des-wirtschaftsministeriums-mit-irritierendem-deja-vu-charakter\/#primaryimage\",\"url\":\"https:\/\/now-news.de\/de\/wp-content\/uploads\/sites\/3\/2022\/10\/Keine-Panik-Twitter-Information-des-Wirtschaftsministeriums-mit-irritierendem-Deja-vu-Charakter.jpg\",\"contentUrl\":\"https:\/\/now-news.de\/de\/wp-content\/uploads\/sites\/3\/2022\/10\/Keine-Panik-Twitter-Information-des-Wirtschaftsministeriums-mit-irritierendem-Deja-vu-Charakter.jpg\",\"width\":460,\"height\":259,\"caption\":\"Keine Panik! Twitter-Information des Wirtschaftsministeriums mit irritierendem D\u00e9j\u00e0-vu-Charakter\"},{\"@type\":\"BreadcrumbList\",\"@id\":\"https:\/\/now-news.de\/de\/deutschland\/keine-panik-twitter-information-des-wirtschaftsministeriums-mit-irritierendem-deja-vu-charakter\/#breadcrumb\",\"itemListElement\":[{\"@type\":\"ListItem\",\"position\":1,\"name\":\"Home\",\"item\":\"https:\/\/now-news.de\/de\/\"},{\"@type\":\"ListItem\",\"position\":2,\"name\":\"Keine Panik! Twitter-Information des Wirtschaftsministeriums mit irritierendem D\u00e9j\u00e0-vu-Charakter\"}]},{\"@type\":\"WebSite\",\"@id\":\"https:\/\/now-news.de\/de\/#website\",\"url\":\"https:\/\/now-news.de\/de\/\",\"name\":\"just-now.NEWS Deutschland\",\"description\":\"Das Portal f\u00fcr unzensierte Nachrichten aus der Welt\",\"publisher\":{\"@id\":\"https:\/\/now-news.de\/de\/#organization\"},\"potentialAction\":[{\"@type\":\"SearchAction\",\"target\":{\"@type\":\"EntryPoint\",\"urlTemplate\":\"https:\/\/now-news.de\/de\/?s={search_term_string}\"},\"query-input\":\"required name=search_term_string\"}],\"inLanguage\":\"de\"},{\"@type\":\"Organization\",\"@id\":\"https:\/\/now-news.de\/de\/#organization\",\"name\":\"Just Now News\",\"url\":\"https:\/\/now-news.de\/de\/\",\"logo\":{\"@type\":\"ImageObject\",\"inLanguage\":\"de\",\"@id\":\"https:\/\/now-news.de\/de\/#\/schema\/logo\/image\/\",\"url\":\"http:\/\/just-now.news\/de\/wp-content\/uploads\/sites\/3\/2022\/04\/logo500x500.jpg\",\"contentUrl\":\"http:\/\/just-now.news\/de\/wp-content\/uploads\/sites\/3\/2022\/04\/logo500x500.jpg\",\"width\":500,\"height\":500,\"caption\":\"Just Now News\"},\"image\":{\"@id\":\"https:\/\/now-news.de\/de\/#\/schema\/logo\/image\/\"},\"sameAs\":[\"https:\/\/www.facebook.com\/wirmachenauf\",\"https:\/\/x.com\/WirMachenAuf_de\"]},{\"@type\":\"Person\",\"@id\":\"https:\/\/now-news.de\/de\/#\/schema\/person\/fb534a4e865501d8b3285208df34a9b5\",\"name\":\"rtnews\",\"image\":{\"@type\":\"ImageObject\",\"inLanguage\":\"de\",\"@id\":\"https:\/\/now-news.de\/de\/#\/schema\/person\/image\/\",\"url\":\"https:\/\/secure.gravatar.com\/avatar\/82aafea7d8127119dd649515f56e2117?s=96&d=mm&r=g\",\"contentUrl\":\"https:\/\/secure.gravatar.com\/avatar\/82aafea7d8127119dd649515f56e2117?s=96&d=mm&r=g\",\"caption\":\"rtnews\"},\"url\":\"https:\/\/now-news.de\/de\/author\/rnews\/\"}]}<\/script>\n<!-- \/ Yoast SEO Premium plugin. -->","yoast_head_json":{"title":"Keine Panik! Twitter-Information des Wirtschaftsministeriums mit irritierendem D\u00e9j\u00e0-vu-Charakter - just-now.NEWS Deutschland","robots":{"index":"index","follow":"follow","max-snippet":"max-snippet:-1","max-image-preview":"max-image-preview:large","max-video-preview":"max-video-preview:-1"},"canonical":"https:\/\/now-news.de\/de\/deutschland\/keine-panik-twitter-information-des-wirtschaftsministeriums-mit-irritierendem-deja-vu-charakter\/","og_locale":"de_DE","og_type":"article","og_title":"Keine Panik! Twitter-Information des Wirtschaftsministeriums mit irritierendem D\u00e9j\u00e0-vu-Charakter","og_description":"Die meisten Ministerien der Bundesregierung pflegen Kan\u00e4le in den sozialen Medien. Ein Tweet des Bundesgesundheitsministeriums vom M\u00e4rz 2020 wird bis heute kontrovers diskutiert. Ein aktueller Beitrag des Bundesministeriums f\u00fcr Wirtschaft und Klimaschutz hat Tendenzen, ein Nachfolgeph\u00e4nomen darzustellen. Eine Analyse von Bernhard Loyen Am 9. Oktober ver\u00f6ffentlichte das Social-Media-Team des\u00a0Bundesministeriums f\u00fcr Wirtschaft und Klimaschutz (BMWK) einen [&hellip;]","og_url":"https:\/\/now-news.de\/de\/deutschland\/keine-panik-twitter-information-des-wirtschaftsministeriums-mit-irritierendem-deja-vu-charakter\/","og_site_name":"just-now.NEWS Deutschland","article_publisher":"https:\/\/www.facebook.com\/wirmachenauf","article_published_time":"2022-10-11T13:51:12+00:00","og_image":[{"width":460,"height":259,"url":"https:\/\/now-news.de\/de\/wp-content\/uploads\/sites\/3\/2022\/10\/Keine-Panik-Twitter-Information-des-Wirtschaftsministeriums-mit-irritierendem-Deja-vu-Charakter.jpg","type":"image\/jpeg"}],"author":"rtnews","twitter_card":"summary_large_image","twitter_creator":"@WirMachenAuf_de","twitter_site":"@WirMachenAuf_de","twitter_misc":{"Verfasst von":"rtnews","Gesch\u00e4tzte Lesezeit":"4\u00a0Minuten"},"schema":{"@context":"https:\/\/schema.org","@graph":[{"@type":"Article","@id":"https:\/\/now-news.de\/de\/deutschland\/keine-panik-twitter-information-des-wirtschaftsministeriums-mit-irritierendem-deja-vu-charakter\/#article","isPartOf":{"@id":"https:\/\/now-news.de\/de\/deutschland\/keine-panik-twitter-information-des-wirtschaftsministeriums-mit-irritierendem-deja-vu-charakter\/"},"author":{"name":"rtnews","@id":"https:\/\/now-news.de\/de\/#\/schema\/person\/fb534a4e865501d8b3285208df34a9b5"},"headline":"Keine Panik! Twitter-Information des Wirtschaftsministeriums mit irritierendem D\u00e9j\u00e0-vu-Charakter","datePublished":"2022-10-11T13:51:12+00:00","dateModified":"2022-10-11T13:51:12+00:00","mainEntityOfPage":{"@id":"https:\/\/now-news.de\/de\/deutschland\/keine-panik-twitter-information-des-wirtschaftsministeriums-mit-irritierendem-deja-vu-charakter\/"},"wordCount":852,"commentCount":0,"publisher":{"@id":"https:\/\/now-news.de\/de\/#organization"},"image":{"@id":"https:\/\/now-news.de\/de\/deutschland\/keine-panik-twitter-information-des-wirtschaftsministeriums-mit-irritierendem-deja-vu-charakter\/#primaryimage"},"thumbnailUrl":"https:\/\/now-news.de\/de\/wp-content\/uploads\/sites\/3\/2022\/10\/Keine-Panik-Twitter-Information-des-Wirtschaftsministeriums-mit-irritierendem-Deja-vu-Charakter.jpg","keywords":["D\u00e9j\u00e0vuCharakter","des","irritierendem","keine","mit","Panik","TwitterInformation","Wirtschaftsministeriums"],"articleSection":["Deutschland","Russland"],"inLanguage":"de","potentialAction":[{"@type":"CommentAction","name":"Comment","target":["https:\/\/now-news.de\/de\/deutschland\/keine-panik-twitter-information-des-wirtschaftsministeriums-mit-irritierendem-deja-vu-charakter\/#respond"]}]},{"@type":"WebPage","@id":"https:\/\/now-news.de\/de\/deutschland\/keine-panik-twitter-information-des-wirtschaftsministeriums-mit-irritierendem-deja-vu-charakter\/","url":"https:\/\/now-news.de\/de\/deutschland\/keine-panik-twitter-information-des-wirtschaftsministeriums-mit-irritierendem-deja-vu-charakter\/","name":"Keine Panik! Twitter-Information des Wirtschaftsministeriums mit irritierendem D\u00e9j\u00e0-vu-Charakter - just-now.NEWS Deutschland","isPartOf":{"@id":"https:\/\/now-news.de\/de\/#website"},"primaryImageOfPage":{"@id":"https:\/\/now-news.de\/de\/deutschland\/keine-panik-twitter-information-des-wirtschaftsministeriums-mit-irritierendem-deja-vu-charakter\/#primaryimage"},"image":{"@id":"https:\/\/now-news.de\/de\/deutschland\/keine-panik-twitter-information-des-wirtschaftsministeriums-mit-irritierendem-deja-vu-charakter\/#primaryimage"},"thumbnailUrl":"https:\/\/now-news.de\/de\/wp-content\/uploads\/sites\/3\/2022\/10\/Keine-Panik-Twitter-Information-des-Wirtschaftsministeriums-mit-irritierendem-Deja-vu-Charakter.jpg","datePublished":"2022-10-11T13:51:12+00:00","dateModified":"2022-10-11T13:51:12+00:00","breadcrumb":{"@id":"https:\/\/now-news.de\/de\/deutschland\/keine-panik-twitter-information-des-wirtschaftsministeriums-mit-irritierendem-deja-vu-charakter\/#breadcrumb"},"inLanguage":"de","potentialAction":[{"@type":"ReadAction","target":["https:\/\/now-news.de\/de\/deutschland\/keine-panik-twitter-information-des-wirtschaftsministeriums-mit-irritierendem-deja-vu-charakter\/"]}]},{"@type":"ImageObject","inLanguage":"de","@id":"https:\/\/now-news.de\/de\/deutschland\/keine-panik-twitter-information-des-wirtschaftsministeriums-mit-irritierendem-deja-vu-charakter\/#primaryimage","url":"https:\/\/now-news.de\/de\/wp-content\/uploads\/sites\/3\/2022\/10\/Keine-Panik-Twitter-Information-des-Wirtschaftsministeriums-mit-irritierendem-Deja-vu-Charakter.jpg","contentUrl":"https:\/\/now-news.de\/de\/wp-content\/uploads\/sites\/3\/2022\/10\/Keine-Panik-Twitter-Information-des-Wirtschaftsministeriums-mit-irritierendem-Deja-vu-Charakter.jpg","width":460,"height":259,"caption":"Keine Panik! Twitter-Information des Wirtschaftsministeriums mit irritierendem D\u00e9j\u00e0-vu-Charakter"},{"@type":"BreadcrumbList","@id":"https:\/\/now-news.de\/de\/deutschland\/keine-panik-twitter-information-des-wirtschaftsministeriums-mit-irritierendem-deja-vu-charakter\/#breadcrumb","itemListElement":[{"@type":"ListItem","position":1,"name":"Home","item":"https:\/\/now-news.de\/de\/"},{"@type":"ListItem","position":2,"name":"Keine Panik! Twitter-Information des Wirtschaftsministeriums mit irritierendem D\u00e9j\u00e0-vu-Charakter"}]},{"@type":"WebSite","@id":"https:\/\/now-news.de\/de\/#website","url":"https:\/\/now-news.de\/de\/","name":"just-now.NEWS Deutschland","description":"Das Portal f\u00fcr unzensierte Nachrichten aus der Welt","publisher":{"@id":"https:\/\/now-news.de\/de\/#organization"},"potentialAction":[{"@type":"SearchAction","target":{"@type":"EntryPoint","urlTemplate":"https:\/\/now-news.de\/de\/?s={search_term_string}"},"query-input":"required name=search_term_string"}],"inLanguage":"de"},{"@type":"Organization","@id":"https:\/\/now-news.de\/de\/#organization","name":"Just Now News","url":"https:\/\/now-news.de\/de\/","logo":{"@type":"ImageObject","inLanguage":"de","@id":"https:\/\/now-news.de\/de\/#\/schema\/logo\/image\/","url":"http:\/\/just-now.news\/de\/wp-content\/uploads\/sites\/3\/2022\/04\/logo500x500.jpg","contentUrl":"http:\/\/just-now.news\/de\/wp-content\/uploads\/sites\/3\/2022\/04\/logo500x500.jpg","width":500,"height":500,"caption":"Just Now News"},"image":{"@id":"https:\/\/now-news.de\/de\/#\/schema\/logo\/image\/"},"sameAs":["https:\/\/www.facebook.com\/wirmachenauf","https:\/\/x.com\/WirMachenAuf_de"]},{"@type":"Person","@id":"https:\/\/now-news.de\/de\/#\/schema\/person\/fb534a4e865501d8b3285208df34a9b5","name":"rtnews","image":{"@type":"ImageObject","inLanguage":"de","@id":"https:\/\/now-news.de\/de\/#\/schema\/person\/image\/","url":"https:\/\/secure.gravatar.com\/avatar\/82aafea7d8127119dd649515f56e2117?s=96&d=mm&r=g","contentUrl":"https:\/\/secure.gravatar.com\/avatar\/82aafea7d8127119dd649515f56e2117?s=96&d=mm&r=g","caption":"rtnews"},"url":"https:\/\/now-news.de\/de\/author\/rnews\/"}]}},"_links":{"self":[{"href":"https:\/\/now-news.de\/de\/wp-json\/wp\/v2\/posts\/20798"}],"collection":[{"href":"https:\/\/now-news.de\/de\/wp-json\/wp\/v2\/posts"}],"about":[{"href":"https:\/\/now-news.de\/de\/wp-json\/wp\/v2\/types\/post"}],"author":[{"embeddable":true,"href":"https:\/\/now-news.de\/de\/wp-json\/wp\/v2\/users\/3"}],"replies":[{"embeddable":true,"href":"https:\/\/now-news.de\/de\/wp-json\/wp\/v2\/comments?post=20798"}],"version-history":[{"count":0,"href":"https:\/\/now-news.de\/de\/wp-json\/wp\/v2\/posts\/20798\/revisions"}],"wp:featuredmedia":[{"embeddable":true,"href":"https:\/\/now-news.de\/de\/wp-json\/wp\/v2\/media\/20799"}],"wp:attachment":[{"href":"https:\/\/now-news.de\/de\/wp-json\/wp\/v2\/media?parent=20798"}],"wp:term":[{"taxonomy":"category","embeddable":true,"href":"https:\/\/now-news.de\/de\/wp-json\/wp\/v2\/categories?post=20798"},{"taxonomy":"post_tag","embeddable":true,"href":"https:\/\/now-news.de\/de\/wp-json\/wp\/v2\/tags?post=20798"}],"curies":[{"name":"wp","href":"https:\/\/api.w.org\/{rel}","templated":true}]}}