{"id":20782,"date":"2022-10-11T11:00:00","date_gmt":"2022-10-11T09:00:00","guid":{"rendered":"http:\/\/just-now.news\/de\/deutschland\/krisen-und-insolvenzticker-immer-mehr-menschen-von-armut-betroffen-tafeln-werden-ueberrannt\/"},"modified":"2022-10-11T11:00:00","modified_gmt":"2022-10-11T09:00:00","slug":"krisen-und-insolvenzticker-immer-mehr-menschen-von-armut-betroffen-tafeln-werden-ueberrannt","status":"publish","type":"post","link":"https:\/\/now-news.de\/de\/deutschland\/krisen-und-insolvenzticker-immer-mehr-menschen-von-armut-betroffen-tafeln-werden-ueberrannt\/","title":{"rendered":"Krisen- und Insolvenzticker \u2013 Immer mehr Menschen von Armut betroffen: Tafeln werden \u00fcberrannt"},"content":{"rendered":"<div class=\"Text-root Text-type_1 \">\n                Die deutsche Wirtschaft rutscht immer tiefer in die Krise. Unter dem Druck dramatisch steigender Energiekosten und anderer ung\u00fcnstiger Rahmenbedingungen sind allein in diesem Jahr tausende Unternehmen insolvent gegangen. Wir fassen in diesem Ticker die wichtigsten Entwicklungen und Neuigkeiten zusammen.\n            <\/div>\n<p><\/p>\n<div class=\"ArticleView-liveUpdates\">\n<div class=\"LiveUpdates-root\">\n<div class=\"LiveUpdates-content\">\n<ul class=\"LiveUpdates-list Listing-root\" data-listing=\"LiveUpdates\" data-count=\"10\">\n<li class=\"LiveUpdates-item Listing-item\">\n<div class=\"LiveUpdates-date\">\n<p class=\"HeaderNews-root HeaderNews-type_2 \">\n                11.10.2022 11:14 Uhr\n            <\/p>\n<\/div>\n<div class=\"LiveUpdate-root\">\n<div class=\"LiveUpdate-date\">\n<p class=\"HeaderNews-root HeaderNews-type_6 \">\n                11:14 Uhr\n            <\/p>\n<\/div>\n<div class=\"LiveUpdate-content\">\n<div class=\"LiveUpdate-text\">\n<div class=\"Text-root Text-type_5 ViewText-root\">\n<p><strong>Creditreform: Firmen zahlen immer sp\u00e4ter<\/strong><\/p>\n<p>Nach Aussage der Wirtschaftsauskunftei und Inkassofirma Creditreform zahlen Unternehmen aller Art augenblicklich mit Verz\u00f6gerung. Der Presse gegen\u00fcber <a rel=\"nofollow noopener\" target=\"_blank\" href=\"https:\/\/www.spiegel.de\/wirtschaft\/unternehmen\/daten-von-creditreform-zahlungsmoral-in-wirtschaft-sinkt-von-woche-zu-woche-a-c4340905-eee4-425a-bff3-fbb63d10e75d\">erkl\u00e4rte<\/a> der Leiter der Wirtschaftsforschung der Auskunftei, &#8220;das Ausfallrisiko bei Unternehmen steigt derzeit fast w\u00f6chentlich&#8221;.<\/p>\n<p>Besonders deutlich sei das in der Baubranche. Was vor dem Hintergrund nicht verwundert, dass zunehmend Bauauftr\u00e4ge <a rel=\"nofollow noopener\" target=\"_blank\" href=\"https:\/\/www.nordbayern.de\/wirtschaft\/stornowelle-im-wohnungsbau-halt-an-1.12608025\">gek\u00fcndigt<\/a> werden, weil gerade beim Mietwohnungsbau durch steigende Energiekosten und gleichzeitige Preiserh\u00f6hungen beim Baumaterial die Kalkulationsgrundlage unklar ist. Im September hat sich der Anteil der Bauunternehmen, die von Stornierungen berichteten, noch einmal erh\u00f6ht, auf inzwischen 16,7 Prozent.<\/p>\n<p>Die Tendenz zu versp\u00e4teten Zahlungen ziehe sich aber durch alle Branchen. &#8220;Dabei ist es egal, ob Kleinunternehmen, Mittelst\u00e4ndler oder Gro\u00dfkonzerne, Unternehmen aller Gr\u00f6\u00dfenklassen lassen ihre Kreditgeber zurzeit l\u00e4nger und \u00fcber das gesetzte Zahlungsziel hinaus auf den Geldeingang warten.&#8221;<\/p>\n<p>Im September ist die Zahl der Insolvenzen im Vergleich zum Vorjahresmonat um 34 Prozent <a rel=\"nofollow noopener\" target=\"_blank\" href=\"https:\/\/www.spiegel.de\/wirtschaft\/unternehmen\/wirtschaftskrise-zahl-der-firmenpleiten-im-september-um-ein-drittel-gestiegen-a-c58fb2a0-b6cb-44f6-a9fa-7b18bc997381\">gestiegen<\/a>. Noch ist das allerdings erst eine R\u00fcckkehr zu den Werten vor Corona. F\u00fcr die kommenden Monate wird jedoch eine deutliche Steigerung erwartet. Laut BDI haben 58 Prozent der Betriebe Probleme mit den stark gestiegenen Energiekosten, f\u00fcr 34 Prozent sind diese Kostensteigerungen existenzbedrohend.<\/p>\n<p>Wie ausgepr\u00e4gt die Erwartung eines wirtschaftlichen R\u00fcckgangs ist, zeigt sich nicht nur an versp\u00e4teten Zahlungen. Der deutsche Maschinenbau, neben der Automobilindustrie einer der bedeutendsten Industriezweige, <a rel=\"nofollow noopener\" target=\"_blank\" href=\"https:\/\/www.handelsblatt.com\/unternehmen\/industrie\/maschinenbau-gefahr-der-schleichenden-deindustrialisierung-deutsche-industrie-bestellt-weniger-maschinen\/28724274.html\">klagt<\/a> \u00fcber sinkenden Inlandsabsatz. Produktionsunternehmen w\u00fcrden derzeit nicht in Kapazit\u00e4ten in Deutschland investieren, weil sie die Produktion an diesem Standort gedrosselt oder ganz heruntergefahren h\u00e4tten. Die Inlandsbestellungen seien dadurch im August inflationsbereinigt um sechs Prozent zur\u00fcckgegangen.<\/p>\n<\/div>\n<\/div>\n<\/div>\n<\/div>\n<\/li>\n<li class=\"LiveUpdates-item Listing-item\">\n<div class=\"LiveUpdates-date\">\n<p class=\"HeaderNews-root HeaderNews-type_2 \">\n                10.10.2022 20:05 Uhr\n            <\/p>\n<\/div>\n<div class=\"LiveUpdate-root\">\n<div class=\"LiveUpdate-date\">\n<p class=\"HeaderNews-root HeaderNews-type_6 \">\n                20:05 Uhr\n            <\/p>\n<\/div>\n<div class=\"LiveUpdate-content\">\n<div class=\"LiveUpdate-text\">\n<div class=\"Text-root Text-type_5 ViewText-root\">\n<p><strong>Umfrage unter Aktion\u00e4ren: &#8220;Die Konjunktur in der Eurozone befindet sich weiter im Absturz&#8221;<\/strong><\/p>\n<\/p>\n<figure class=\"RTImage-root\">\n<div class=\"RTImage-image RTImage-original\"><picture class=\"Picture-root Picture-original\"><!--[if IE 9]><video style=\"display: none;\"><![endif]--><source media=\"(-webkit-min-device-pixel-ratio: 2) and (min-resolution: 120dpi)\" data-srcset=\" \nhttp:\/\/just-now.news\/de\/wp-content\/uploads\/sites\/3\/2022\/10\/6344646648fbef3d0b5e7bb2.jpg 850w,\n                http:\/\/just-now.news\/de\/wp-content\/uploads\/sites\/3\/2022\/10\/6344646648fbef3d0b5e7bb2.jpg 1960w,\n            \" ><source data-srcset=\" \nhttp:\/\/just-now.news\/de\/wp-content\/uploads\/sites\/3\/2022\/10\/6344646648fbef3d0b5e7bb2.jpg 460w,\n              http:\/\/just-now.news\/de\/wp-content\/uploads\/sites\/3\/2022\/10\/6344646648fbef3d0b5e7bb2.jpg 980w,\n            \" ><!--[if IE 9]><\/video><![endif]--><img decoding=\"async\" data- src=\"data:image\/png;base64,iVBORw0KGgoAAAANSUhEUgAAABAAAAAJCAQAAACRI2S5AAAAEElEQVR42mNkIAAYRxWAAQAG9gAKqv6+AwAAAABJRU5ErkJggg==\" class=\"Picture-root Picture-original lazyload\" data-src=\"http:\/\/just-now.news\/de\/wp-content\/uploads\/sites\/3\/2022\/10\/6344646648fbef3d0b5e7bb2.jpg\" alt=\"\"><\/source><\/source><\/picture><!-- noscript pattern --><noscript><img decoding=\"async\" src=\"http:\/\/just-now.news\/de\/wp-content\/uploads\/sites\/3\/2022\/10\/6344646648fbef3d0b5e7bb2.jpg\" alt=\"\"><\/noscript><\/div><figcaption class=\"RTImage-footer\"><span class=\"RTImage-caption\"><span class=\"RTImage-captionItem\">B\u00e4r hinter Euro-M\u00fcnze (Symbolbild)<\/span><\/span><span class=\"RTImage-source\"><span class=\"RTImage-captionItem\">imago stock&amp;people via www.imago<\/span><span class=\"RTImage-captionItem\"> \/ www.globallookpress.com<\/span><\/span><\/figcaption><\/figure>\n<p>\u00a0Eine Umfrage der Investment-Beratungsfirma Sentix am Montag <a rel=\"nofollow noopener\" target=\"_blank\" href=\"https:\/\/deutsche-wirtschafts-nachrichten.de\/700624\/Anleger-Umfrage-Der-Niedergang-ist-beispiellos\">zeigt<\/a>:\u00a0 Die Furcht vor einer tiefen Rezession in der Euro-Zone und in Deutschland greift unter Anlegern um sich. Der Gesamtindex der Euro-Zone st\u00fcrzte von minus 31,8 Z\u00e4hlern im September auf minus 38,3 Punkte im laufenden Monat ab und so auf den niedrigsten Wert seit Mai 2020 in der Corona-Situation.<\/p>\n<p>&#8220;Die anhaltenden Unsicherheiten \u00fcber die Gas- und Energielage im Winter sind durch den\u00a0Anschlag auf die Nordstream-Pipelines\u00a0nicht kleiner geworden&#8221;, erkl\u00e4rte Sentix-Gesch\u00e4ftsf\u00fchrer Manfred H\u00fcbner die aktuelle Skepsis der 1331 befragten Anleger. Auch global gebe es nur wenig Grund zur Hoffnung: &#8220;Einzig in China scheint es sich aktuell etwas zu stabilisieren.&#8221;<\/p>\n<p>Die Lagewerte des Barometers zeigen deutlich, dass sich die Wirtschaft in einer Rezession befinde. Und der R\u00fcckgang der Erwartungen um vier Punkte auf minus 41,0 Z\u00e4hler markiere den tiefsten Wert seit Ende 2008: &#8220;Dies ist eine deutliche Warnung vor einer sehr tiefen \u00f6konomischen Verwerfung&#8221;, betonte H\u00fcbner.<\/p>\n<\/div>\n<\/div>\n<\/div>\n<\/div>\n<\/li>\n<li class=\"LiveUpdates-item Listing-item\">\n<div class=\"LiveUpdate-root\">\n<div class=\"LiveUpdate-date\">\n<p class=\"HeaderNews-root HeaderNews-type_6 \">\n                17:10 Uhr\n            <\/p>\n<\/div>\n<div class=\"LiveUpdate-content\">\n<div class=\"LiveUpdate-text\">\n<div class=\"Text-root Text-type_5 ViewText-root\">\n<p><strong>Deutschland in der Rezession<\/strong><\/p>\n<\/p>\n<p>Wie die auf Wirtschaftspolitik spezialisierte Website <em>makroskop<\/em> meldet, ist Deutschland seit Juli offiziell in der Rezession.\u00a0<\/p>\n<p>Sowohl Exporte als auch Importe sinken. Auch andere Indikatoren senden eher d\u00fcstere Signale. Die Auftr\u00e4ge im verarbeitenden Gewerbe sinken drastisch. Im Juli seien die Auftr\u00e4ge im Vergleich zum Vorjahresmonat um fast 14 Prozent eingebrochen.\u00a0Zudem meldet <em>makroskop, es<\/em> bestehe im verarbeitenden Gewerbe noch immer ein Nachfrage\u00fcberhang, der auf die anhaltend hohe Knappheit an Vorprodukten zur\u00fcckzuf\u00fchren ist.\u00a0<\/p>\n<p>Auch der ifo-Gesch\u00e4ftsklimaindex hat sich erneut verschlechtert und steht im September bei 84,3 Punkten. Das ist der niedrigste Wert seit der Coronakrise.\u00a0<\/p>\n<\/div>\n<\/div>\n<\/div>\n<\/div>\n<\/li>\n<li class=\"LiveUpdates-item Listing-item\">\n<div class=\"LiveUpdate-root\">\n<div class=\"LiveUpdate-date\">\n<p class=\"HeaderNews-root HeaderNews-type_6 \">\n                15:30 Uhr\n            <\/p>\n<\/div>\n<div class=\"LiveUpdate-content\">\n<div class=\"LiveUpdate-text\">\n<div class=\"Text-root Text-type_5 ViewText-root\">\n<h4>Deutschland: Zahl der Insolvenzen steigt deutlich<\/h4>\n<figure class=\"RTImage-root\">\n<div class=\"RTImage-image RTImage-original\"><picture class=\"Picture-root Picture-original\"><!--[if IE 9]><video style=\"display: none;\"><![endif]--><source media=\"(-webkit-min-device-pixel-ratio: 2) and (min-resolution: 120dpi)\" data-srcset=\" \nhttp:\/\/just-now.news\/de\/wp-content\/uploads\/sites\/3\/2022\/10\/634421fbb480cc566a347fc8.jpg 850w,\n                http:\/\/just-now.news\/de\/wp-content\/uploads\/sites\/3\/2022\/10\/634421fbb480cc566a347fc8.jpg 1960w,\n            \" ><source data-srcset=\" \nhttp:\/\/just-now.news\/de\/wp-content\/uploads\/sites\/3\/2022\/10\/634421fbb480cc566a347fc8.jpg 460w,\n              http:\/\/just-now.news\/de\/wp-content\/uploads\/sites\/3\/2022\/10\/634421fbb480cc566a347fc8.jpg 980w,\n            \" ><!--[if IE 9]><\/video><![endif]--><img decoding=\"async\" data- src=\"data:image\/png;base64,iVBORw0KGgoAAAANSUhEUgAAABAAAAAJCAQAAACRI2S5AAAAEElEQVR42mNkIAAYRxWAAQAG9gAKqv6+AwAAAABJRU5ErkJggg==\" class=\"Picture-root Picture-original lazyload\" data-src=\"http:\/\/just-now.news\/de\/wp-content\/uploads\/sites\/3\/2022\/10\/634421fbb480cc566a347fc8.jpg\" alt=\"\"><\/source><\/source><\/picture><!-- noscript pattern --><noscript><img decoding=\"async\" src=\"http:\/\/just-now.news\/de\/wp-content\/uploads\/sites\/3\/2022\/10\/634421fbb480cc566a347fc8.jpg\" alt=\"\"><\/noscript><\/div><figcaption class=\"RTImage-footer\"><span class=\"RTImage-caption\"><span class=\"RTImage-captionItem\">Taschenrechner mit Nullsumme.<\/span><\/span><span class=\"RTImage-source\"><span class=\"RTImage-captionItem\">Christian Ohde\/face to face<\/span><span class=\"RTImage-captionItem\"> \/ www.globallookpress.com<\/span><\/span><\/figcaption><\/figure>\n<p>In Deutschland wurden bis Oktober deutlich mehr Insolvenzen registriert als noch im Vorjahr. Laut einer Analyse des Leibniz-Instituts f\u00fcr Wirtschaftsforschung Halle (IWH) lag die Zahl der Insolvenzen von Personen- und Kapitalgesellschaften im September 34 Prozent \u00fcber dem Vorjahreswert. Betroffen waren demnach rund 760 Unternehmen. Im August hatte das IWH noch einen Anstieg um lediglich 25 Prozent im Vergleich zu 2021 vorhergesagt.<\/p>\n<p>Wegen schw\u00e4chelnder\u00a0Konjunktur\u00a0und steigender Kosten\u00a0werde die Zahl in den n\u00e4chsten Monaten weiter sp\u00fcrbar steigen, teilte das IWH am Montag mit. Im November k\u00f6nnten die Vorjahreswerte demnach gar um 40 Prozent \u00fcbertroffen werden.\u00a0In ihrer Prognose sind die Wirtschaftsforscher aus Halle f\u00fcr das Jahr 2022 insgesamt etwas verhaltener. W\u00e4hrend in der ersten Jahresh\u00e4lfte 2022 die Insolvenzzahlen noch leicht unter Vorjahresniveau lagen, rechnet das IWH im Vergleich zu 2021 mit einem Anstieg bei den Firmeninsolvenzen von 12 bis 14 Prozent.<\/p>\n<\/p>\n<\/div>\n<\/div>\n<\/div>\n<\/div>\n<\/li>\n<li class=\"LiveUpdates-item Listing-item\">\n<div class=\"LiveUpdate-root\">\n<div class=\"LiveUpdate-date\">\n<p class=\"HeaderNews-root HeaderNews-type_6 \">\n                14:35 Uhr\n            <\/p>\n<\/div>\n<div class=\"LiveUpdate-content\">\n<div class=\"LiveUpdate-text\">\n<div class=\"Text-root Text-type_5 ViewText-root\">\n<p><strong>Immer mehr Menschen von Armut betroffen: Bundesweiter Ansturm auf Tafeln<\/strong><\/p>\n<figure class=\"RTImage-root\">\n<div class=\"RTImage-image RTImage-original\"><picture class=\"Picture-root Picture-original\"><!--[if IE 9]><video style=\"display: none;\"><![endif]--><source media=\"(-webkit-min-device-pixel-ratio: 2) and (min-resolution: 120dpi)\" data-srcset=\" \nhttp:\/\/just-now.news\/de\/wp-content\/uploads\/sites\/3\/2022\/10\/63441a2748fbef396340a4d2.jpg 850w,\n                http:\/\/just-now.news\/de\/wp-content\/uploads\/sites\/3\/2022\/10\/63441a2748fbef396340a4d2.jpg 1960w,\n            \" ><source data-srcset=\" \nhttp:\/\/just-now.news\/de\/wp-content\/uploads\/sites\/3\/2022\/10\/63441a2748fbef396340a4d2.jpg 460w,\n              http:\/\/just-now.news\/de\/wp-content\/uploads\/sites\/3\/2022\/10\/63441a2748fbef396340a4d2.jpg 980w,\n            \" ><!--[if IE 9]><\/video><![endif]--><img decoding=\"async\" data- src=\"data:image\/png;base64,iVBORw0KGgoAAAANSUhEUgAAABAAAAAJCAQAAACRI2S5AAAAEElEQVR42mNkIAAYRxWAAQAG9gAKqv6+AwAAAABJRU5ErkJggg==\" class=\"Picture-root Picture-original lazyload\" data-src=\"http:\/\/just-now.news\/de\/wp-content\/uploads\/sites\/3\/2022\/10\/63441a2748fbef396340a4d2.jpg\" alt=\"\"><\/source><\/source><\/picture><!-- noscript pattern --><noscript><img decoding=\"async\" src=\"http:\/\/just-now.news\/de\/wp-content\/uploads\/sites\/3\/2022\/10\/63441a2748fbef396340a4d2.jpg\" alt=\"\"><\/noscript><\/div><figcaption class=\"RTImage-footer\"><span class=\"RTImage-caption\"><span class=\"RTImage-captionItem\">25. Mai 2020, Sachsen, Dresden: Mitarbeiter der Tafel beladen einen Lieferwagen mit Lebensmitteln (Symbolbild)<\/span><\/span><span class=\"RTImage-source\"><span class=\"RTImage-captionItem\">Robert Michael<\/span><span class=\"RTImage-captionItem\"> \/ www.globallookpress.com<\/span><\/span><\/figcaption><\/figure>\n<p>Immer mehr Menschen k\u00f6nnen sich das Leben in Deutschland nicht mehr leisten \u2013 und m\u00fcssen die Hilfe der Tafeln in Anspruch nehmen. Besonders in Sachsen ist der Ansturm enorm. Tafel-Chef Karltheodor Huttner aus Oschatz <a rel=\"nofollow noopener\" target=\"_blank\" href=\"https:\/\/www.bild.de\/regional\/leipzig\/leipzig-news\/riesen-ansturm-auf-tafeln-in-sachsen-kein-geld-fuer-essen-decken-und-jacken-81570538.bild.html\">meint<\/a>:<\/p>\n<p><em>&#8220;Besonders betroffen sind die l\u00e4ndlichen Ausgabestationen. Dort gibt es grunds\u00e4tzlich schon weniger Superm\u00e4rkte, die etwas abgeben. Im Moment wird noch sparsamer von den M\u00e4rkten geplant, damit nichts \u00fcbrig bleibt.&#8221;<\/em><\/p>\n<p>Nicht nur geflohene Ukrainer und Syrer w\u00fcrden den derzeitigen Andrang befeuern, sondern auch viele Senioren und Familien. Mit den Tafel-Spenden versuchen sie sich Vorr\u00e4te f\u00fcr den Winter anzulegen. Begehrt sind auch Federbetten, warme Jacken und Wolldecken. Auch in den alten Bundesl\u00e4ndern sind immer mehr Menschen auf die Tafeln angewiesen: &#8220;<em>Unsere Zahlen haben sich seit Januar verdoppelt<\/em>&#8220;, <a rel=\"nofollow noopener\" target=\"_blank\" href=\"https:\/\/www.bild.de\/regional\/duesseldorf\/duesseldorf-aktuell\/wuppertal-lage-an-der-tafel-immer-dramatischer-81552022.bild.html?t_ref=https%3A%2F%2Fwww.google.com%2F\">sagt<\/a>\u00a0beispielsweise Peter Vorsteher von der Wuppertaler Tafel.<\/p>\n<\/div>\n<\/div>\n<\/div>\n<\/div>\n<\/li>\n<li class=\"LiveUpdates-item Listing-item\">\n<div class=\"LiveUpdates-date\">\n<p class=\"HeaderNews-root HeaderNews-type_2 \">\n                9.10.2022 20:50 Uhr\n            <\/p>\n<\/div>\n<div class=\"LiveUpdate-root\">\n<div class=\"LiveUpdate-date\">\n<p class=\"HeaderNews-root HeaderNews-type_6 \">\n                20:50 Uhr\n            <\/p>\n<\/div>\n<div class=\"LiveUpdate-content\">\n<div class=\"LiveUpdate-text\">\n<div class=\"Text-root Text-type_5 ViewText-root\">\n<p><strong>Netzbetreiber: Strom und Gas k\u00f6nnten im Winter in Sachsen zeitweise ausfallen<\/strong><\/p>\n<p>Die Versorgung mit Strom und Gas k\u00f6nnte im Winter in Sachsen zeitweise beeintr\u00e4chtigt sein, <a rel=\"nofollow noopener\" target=\"_blank\" href=\"https:\/\/www.mdr.de\/nachrichten\/sachsen\/energie-erdgas-strom-preis-winter-100.html\">berichtet<\/a> der<em> MDR<\/em> am Sonntag. Zu diesem Schluss kommen \u00dcbertragungsnetzbetreiber angesichts der aktuellen Energiekrise. Bei den \u00dcbertragungsnetzbetreibern handelt es sich um die Betreiber der \u00fcberregionalen Strom- und Gasnetze.<\/p>\n<p>Eine als &#8220;Stresstest&#8221; bekannte Analyse habe gezeigt, dass in einzelnen Stunden Lastunterdeckungen auftreten k\u00f6nnen, wenn verschiedene negative Effekte zusammenkommen, sagt Finanzchef Dirk Biermann von 50 Hertz. &#8220;<em>Es ist nicht ausgesprochen wahrscheinlich, dass wir in Schwierigkeiten geraten, aber auch nicht so unrealistisch, dass man nicht sehr gut darauf vorbereitet sein sollte. Und das sind wi<\/em>r&#8221;, betont er.<\/p>\n<\/p>\n<\/div>\n<\/div>\n<\/div>\n<\/div>\n<\/li>\n<li class=\"LiveUpdates-item Listing-item\">\n<div class=\"LiveUpdate-root\">\n<div class=\"LiveUpdate-date\">\n<p class=\"HeaderNews-root HeaderNews-type_6 \">\n                15:30 Uhr\n            <\/p>\n<\/div>\n<div class=\"LiveUpdate-content\">\n<div class=\"LiveUpdate-text\">\n<div class=\"Text-root Text-type_5 ViewText-root\">\n<p><strong>Russische Aktien: Hoffnung f\u00fcr deutsche Anleger?<\/strong><\/p>\n<p>Laut einem Bericht des <em>Handelsblattes<\/em> will die europ\u00e4ische Abwicklungsgesellschaft Clearstream wieder Umwandlungsantr\u00e4ge von Hinterlegungsscheinen russischer Aktien in Originalpapiere <a rel=\"nofollow noopener\" target=\"_blank\" href=\"https:\/\/www.handelsblatt.com\/finanzen\/anlagestrategie\/trends\/gazprom-lukoil-sberbank-neue-hoffnung-fuer-russland-anleger-clearstream-kuendigt-umtauschmoeglichkeit-an\/28731282.html\">annehmen<\/a>. Das ist eine gute Nachricht f\u00fcr Tausende deutsche Anleger, die seit Monaten in russischen Depository Receipts (DRs) festsitzen und deren russische Aktienwerte \u00fcber Nacht eingefroren worden sind.<\/p>\n<p>DRs sind Zertifikate, die an ausl\u00e4ndischen B\u00f6rsen h\u00e4ufig stellvertretend f\u00fcr die Aktie gehandelt werden. Im Fall von\u00a0Russland\u00a0sind das beispielsweise\u00a0Gazprom,\u00a0Lukoil\u00a0oder die\u00a0Sberbank. Ausgegeben werden sie von US-amerikanischen Banken (DR-Agenten), welche die Originalaktien verwahren.<\/p>\n<p>Die Schutzgemeinschaft der Kapitalanleger (SdK) schreibt dazu auf ihrer Webseite: &#8220;<em>Wir verstehen die Mitteilung so, dass allen Inhabern von entsprechend konvertierbaren DRs eine Benachrichtigung \u00fcber die Depotbanken zugehen wird.<\/em>&#8220;<\/p>\n<p>Voraussetzung sei allerdings, dass der DR-Agent den Umtausch unterst\u00fctze. In welchen F\u00e4llen das zutrifft, ist noch nicht bekannt. Zudem m\u00fcsse der Umtausch bis zum 31. Dezember 2022 abgeschlossen sein. <\/p>\n<\/div>\n<\/div>\n<\/div>\n<\/div>\n<\/li>\n<li class=\"LiveUpdates-item Listing-item\">\n<div class=\"LiveUpdate-root\">\n<div class=\"LiveUpdate-date\">\n<p class=\"HeaderNews-root HeaderNews-type_6 \">\n                14:30 Uhr\n            <\/p>\n<\/div>\n<div class=\"LiveUpdate-content\">\n<div class=\"LiveUpdate-text\">\n<div class=\"Text-root Text-type_5 ViewText-root\">\n<p><strong>Wirtschaftsministerium irritiert mit Tweet: (K)ein Grund zur Panik vor Blackouts?<\/strong><\/p>\n<p>Das von Robert Habeck (Gr\u00fcne) gef\u00fchrte Bundesministerium f\u00fcr Wirtschaft und Klimaschutz postete am Sonntag via Twitter:<\/p>\n<blockquote>\n<p><em>&#8220;Wir haben eines der zuverl\u00e4ssigsten Stromnetze weltweit und eine hohe Versorgungssicherheit. Trotzdem kursieren unter Blackout, Stromausfall oder Lastabwurf Behauptungen im Netz, die unbegr\u00fcndet Panik verbreiten. Hier deshalb die wichtigsten Infos zur Versorgungssicherheit.&#8221;<\/em><\/p>\n<\/blockquote>\n<div class=\"EmbedBlock-root EmbedBlock-twitter\">\n<div class=\"TwitterEmbed\">\n<blockquote class=\"twitter-tweet lazyload\" data-twitter=\"twitter-tweet\">\n<p lang=\"de\" dir=\"ltr\">&#8220;\u00c4u\u00dferst unwahrscheinlich&#8221; ist analog &#8220;sch\u00fctzt vor Infektion&#8221; oder &#8220;nebenwirkungsfrei&#8221;??<\/p>\n<p>\u2014 DerChecker (@DerChecker0815) <a rel=\"nofollow noopener\" target=\"_blank\" href=\"https:\/\/twitter.com\/DerChecker0815\/status\/1579028267302285312?ref_src=twsrc%5Etfw\">October 9, 2022<\/a><\/p><\/blockquote>\n<\/div>\n<\/div>\n<p>In der verlinkten Brosch\u00fcre hei\u00dft es unter anderem:<\/p>\n<blockquote>\n<p><em>&#8220;Gro\u00dffl\u00e4chige Zusammenbr\u00fcche des Stromnetzes hat es in Deutschland bisher nicht gegeben. Die Bundesnetzagentur sch\u00e4tzt sie weiterhin als \u00e4u\u00dferst unwahrscheinlich ein.&#8221;<\/em><\/p>\n<\/blockquote>\n<p>Einige Nutzer sozialer Medien f\u00fchlten sich an einem Tweed des Bundesgesundheitsministeriums vom 14. M\u00e4rz 2020 erinnert:<\/p>\n<blockquote>\n<p><em>&#8220;Achtung Fake News. Es wird behauptet und rasch verbreitet, das Bundesministerium f\u00fcr Gesundheit \/ die Bundesregierung w\u00fcrde bald massive weitere Einschr\u00e4nkungen des \u00f6ffentlichen Lebens ank\u00fcndigen. Das stimmt NICHT! Bitte helfen Sie mit, ihre Verbreitung zu stoppen.&#8221;<\/em><\/p>\n<\/blockquote>\n<div class=\"EmbedBlock-root EmbedBlock-twitter\">\n<div class=\"TwitterEmbed\">\n<blockquote class=\"twitter-tweet lazyload\" data-twitter=\"twitter-tweet\">\n<p lang=\"de\" dir=\"ltr\">\u2757\ufe0fAchtung Fake News \u2757\ufe0fEs wird behauptet und rasch verbreitet, das Bundesministerium f\u00fcr Gesundheit \/ die Bundesregierung w\u00fcrde bald massive weitere Einschr\u00e4nkungen des \u00f6ffentlichen Lebens ank\u00fcndigen. Das stimmt NICHT! Bitte helfen Sie mit, ihre Verbreitung zu stoppen. <a rel=\"nofollow noopener\" target=\"_blank\" href=\"https:\/\/t.co\/h8bG7ued9N\">pic.twitter.com\/h8bG7ued9N<\/a><\/p>\n<p>\u2014 Bundesgesundheitsministerium (@BMG_Bund) <a rel=\"nofollow noopener\" target=\"_blank\" href=\"https:\/\/twitter.com\/BMG_Bund\/status\/1238780849652465664?ref_src=twsrc%5Etfw\">March 14, 2020<\/a><\/p><\/blockquote>\n<\/div>\n<\/div>\n<p>Zwei Tage sp\u00e4ter wurde der erste Lockdown durch die Bundesregierung beschlossen.<\/p>\n<\/div>\n<\/div>\n<\/div>\n<\/div>\n<\/li>\n<li class=\"LiveUpdates-item Listing-item\">\n<div class=\"LiveUpdate-root\">\n<div class=\"LiveUpdate-date\">\n<p class=\"HeaderNews-root HeaderNews-type_6 \">\n                12:56 Uhr\n            <\/p>\n<\/div>\n<div class=\"LiveUpdate-content\">\n<div class=\"LiveUpdate-text\">\n<div class=\"Text-root Text-type_5 ViewText-root\">\n<p><strong>Hofreiter: Russland k\u00f6nnte hinter Bahn-Sabotage stecken<\/strong><\/p>\n<p>Der Gr\u00fcnen-Politiker Anton Hofreiter, Vorsitzender des Europaausschusses des Bundestages, bringt Russland als m\u00f6glichen Urheber der Sabotage bei der Deutschen Bahn am Sonnabend in Spiel. Der\u00a0<em>Funke-Mediengruppe<\/em> sagte der Spitzengr\u00fcne:<\/p>\n<p>&#8220;Um das hinzubekommen, muss man sehr genaue Kenntnisse \u00fcber das Funksystem der Bahn haben. Es stellt sich die Frage, ob wir es mit Sabotage von ausl\u00e4ndischen M\u00e4chten zu tun haben.&#8221;<\/p>\n<figure class=\"RTImage-root\">\n<div class=\"RTImage-image RTImage-original\"><picture class=\"Picture-root Picture-original\"><!--[if IE 9]><video style=\"display: none;\"><![endif]--><source media=\"(-webkit-min-device-pixel-ratio: 2) and (min-resolution: 120dpi)\" data-srcset=\" \nhttp:\/\/just-now.news\/de\/wp-content\/uploads\/sites\/3\/2022\/10\/6342aaa2b480cc186e49c3cb.jpg 850w,\n                http:\/\/just-now.news\/de\/wp-content\/uploads\/sites\/3\/2022\/10\/6342aaa2b480cc186e49c3cb.jpg 1960w,\n            \" ><source data-srcset=\" \nhttp:\/\/just-now.news\/de\/wp-content\/uploads\/sites\/3\/2022\/10\/6342aaa2b480cc186e49c3cb.jpg 460w,\n              http:\/\/just-now.news\/de\/wp-content\/uploads\/sites\/3\/2022\/10\/6342aaa2b480cc186e49c3cb.jpg 980w,\n            \" ><!--[if IE 9]><\/video><![endif]--><img decoding=\"async\" data- src=\"data:image\/png;base64,iVBORw0KGgoAAAANSUhEUgAAABAAAAAJCAQAAACRI2S5AAAAEElEQVR42mNkIAAYRxWAAQAG9gAKqv6+AwAAAABJRU5ErkJggg==\" class=\"Picture-root Picture-original lazyload\" data-src=\"http:\/\/just-now.news\/de\/wp-content\/uploads\/sites\/3\/2022\/10\/6342aaa2b480cc186e49c3cb.jpg\" alt=\"\"><\/source><\/source><\/picture><!-- noscript pattern --><noscript><img decoding=\"async\" src=\"http:\/\/just-now.news\/de\/wp-content\/uploads\/sites\/3\/2022\/10\/6342aaa2b480cc186e49c3cb.jpg\" alt=\"\"><\/noscript><\/div><figcaption class=\"RTImage-footer\"><span class=\"RTImage-caption\"><\/span><span class=\"RTImage-source\"><span class=\"RTImage-captionItem\">www.imago-images.de<\/span><span class=\"RTImage-captionItem\"> \/ www.globallookpress.com<\/span><\/span><\/figcaption><\/figure>\n<p>Dabei erinnerte Hofreiter an die Anschl\u00e4ge auf die Nord-Stream-Pipelines, wo die &#8220;Spur in den Kreml&#8221; f\u00fchre:<\/p>\n<p>&#8220;Und wir k\u00f6nnen nicht ausschlie\u00dfen, dass Russland auch hinter dem Angriff auf die Bahn steckt. Vielleicht waren beides Warnsch\u00fcsse, weil wir die Ukraine unterst\u00fctzen.&#8221;<\/p>\n<p>Hofreiter forderte massive staatliche Investitionen in einer &#8220;Gr\u00f6\u00dfenordnung von 20 Milliarden Euro&#8221; f\u00fcr den Schutz kritischer Infrastruktur, Cybersicherheit und die St\u00e4rkung von Polizei und Geheimdiensten.\u00a0<\/p>\n<p><strong>Mehr zum Thema<\/strong> &#8211; <a rel=\"nofollow noopener\" target=\"_blank\" href=\"https:\/\/de.rt.com\/meinung\/149527-anton-hofreiters-rhetorik-narzisstisch-aggressiv\/\">Gr\u00fcne Rhetorik am Beispiel Hofreiter: Narzisstisch, aggressiv, realit\u00e4tsfern<\/a><\/p>\n<\/div>\n<\/div>\n<\/div>\n<\/div>\n<\/li>\n<li class=\"LiveUpdates-item Listing-item\">\n<div class=\"LiveUpdate-root\">\n<div class=\"LiveUpdate-date\">\n<p class=\"HeaderNews-root HeaderNews-type_6 \">\n                12:31 Uhr\n            <\/p>\n<\/div>\n<div class=\"LiveUpdate-content\">\n<div class=\"LiveUpdate-text\">\n<div class=\"Text-root Text-type_5 ViewText-root\">\n<p><strong>Bank schafft Versorgung mit Bargeld ab<\/strong><\/p>\n<p>Die Raiffeisenbank Hochtaunus hat beschlossen, zum 1. Dezember s\u00e4mtliche Filialen zu schlie\u00dfen und damit auch die Versorgung der Kunden mit Bargeld einzustellen. Das <a rel=\"nofollow noopener\" target=\"_blank\" href=\"https:\/\/finanz-szene.de\/banking\/keine-filialen-keine-firmenkunden-raiffeisenbank-wagt-revolution\/\">berichtet<\/a> die Seite\u00a0<em>Finanz-Szene<\/em>. Nur an der Zentrale in Homburg h\u00e4lt das hessische Kreditinstitut fest.\u00a0<\/p>\n<p>Die Raiffeisenbank Hochtaunus ist die erste deutsche Volks- und Raiffeisenbank, die sich komplett aus dem Filialgesch\u00e4ft zur\u00fcckzieht.\u00a0In einem Schreiben an die Kunden hei\u00dft es: &#8220;Ein- und Auszahlungen in der Filiale (Schalter sowie Geldautomat) sind in Zukunft nicht mehr m\u00f6glich.&#8221;\u00a0<\/p>\n<\/p>\n<\/div>\n<\/div>\n<\/div>\n<\/div>\n<\/li>\n<\/ul>\n<div class=\"Listing-isReact\" data-rtmodule=\"Listing\" onload=\"return {\n                page: '1',\n                limit: '10',\n                listing: '\/listing\/parent.6337e74248fbef5b3c62f1db\/noprepare\/liveupdates\/10\/1',\n            };\"><\/div>\n<\/div>\n<\/div>\n<\/div>\n<p><script async src=\"https:\/\/platform.twitter.com\/widgets.js\" charset=\"utf-8\"><\/script><br \/>\n<br \/><br \/>\n<br \/><a href=\"https:\/\/de.rt.com\/wirtschaft\/150363-krisen-und-insolvenzticker-immer-mehr\/\">Source link <\/a><\/p>\n","protected":false},"excerpt":{"rendered":"<p>Die deutsche Wirtschaft rutscht immer tiefer in die Krise. Unter dem Druck dramatisch steigender Energiekosten und anderer ung\u00fcnstiger Rahmenbedingungen sind allein in diesem Jahr tausende Unternehmen insolvent gegangen. Wir fassen in diesem Ticker die wichtigsten Entwicklungen und Neuigkeiten zusammen. 11.10.2022 11:14 Uhr 11:14 Uhr Creditreform: Firmen zahlen immer sp\u00e4ter Nach Aussage der Wirtschaftsauskunftei und Inkassofirma [&hellip;]<\/p>\n","protected":false},"author":3,"featured_media":20783,"comment_status":"open","ping_status":"open","sticky":false,"template":"","format":"standard","meta":{"wp_automatic_camp":["217"],"7181e7bf0214163db4a75443c4068f2b":["Krisen- und Insolvenzticker \u2013 Immer mehr Menschen von Armut betroffen: Tafeln werden \u00fcberrannt"],"original_link":["https:\/\/de.rt.com\/wirtschaft\/150363-krisen-und-insolvenzticker-immer-mehr\/"],"_thumbnail_id":["20783"],"jnews_social_counter_last_update":["1777182843"],"_wptg_p2tg_sent2tg":["2022-10-11 12:41:37"]},"categories":[19,23],"tags":[10271,6137,2062,33683,2667,2063,1378,17883,34181,140,50,1040],"yoast_head":"<!-- This site is optimized with the Yoast SEO Premium plugin v22.7 (Yoast SEO v22.7) - https:\/\/yoast.com\/wordpress\/plugins\/seo\/ -->\n<title>Krisen- und Insolvenzticker \u2013 Immer mehr Menschen von Armut betroffen: Tafeln werden \u00fcberrannt - just-now.NEWS Deutschland<\/title>\n<meta name=\"robots\" content=\"index, follow, max-snippet:-1, max-image-preview:large, max-video-preview:-1\" \/>\n<link rel=\"canonical\" href=\"https:\/\/now-news.de\/de\/deutschland\/krisen-und-insolvenzticker-immer-mehr-menschen-von-armut-betroffen-tafeln-werden-ueberrannt\/\" \/>\n<meta property=\"og:locale\" content=\"de_DE\" \/>\n<meta property=\"og:type\" content=\"article\" \/>\n<meta property=\"og:title\" content=\"Krisen- und Insolvenzticker \u2013 Immer mehr Menschen von Armut betroffen: Tafeln werden \u00fcberrannt\" \/>\n<meta property=\"og:description\" content=\"Die deutsche Wirtschaft rutscht immer tiefer in die Krise. Unter dem Druck dramatisch steigender Energiekosten und anderer ung\u00fcnstiger Rahmenbedingungen sind allein in diesem Jahr tausende Unternehmen insolvent gegangen. Wir fassen in diesem Ticker die wichtigsten Entwicklungen und Neuigkeiten zusammen. 11.10.2022 11:14 Uhr 11:14 Uhr Creditreform: Firmen zahlen immer sp\u00e4ter Nach Aussage der Wirtschaftsauskunftei und Inkassofirma [&hellip;]\" \/>\n<meta property=\"og:url\" content=\"https:\/\/now-news.de\/de\/deutschland\/krisen-und-insolvenzticker-immer-mehr-menschen-von-armut-betroffen-tafeln-werden-ueberrannt\/\" \/>\n<meta property=\"og:site_name\" content=\"just-now.NEWS Deutschland\" \/>\n<meta property=\"article:publisher\" content=\"https:\/\/www.facebook.com\/wirmachenauf\" \/>\n<meta property=\"article:published_time\" content=\"2022-10-11T09:00:00+00:00\" \/>\n<meta property=\"og:image\" content=\"https:\/\/now-news.de\/de\/wp-content\/uploads\/sites\/3\/2022\/10\/Krisen-und-Insolvenzticker-\u2013-Immer-mehr-Menschen-von-Armut-betroffen.jpg\" \/>\n\t<meta property=\"og:image:width\" content=\"1620\" \/>\n\t<meta property=\"og:image:height\" content=\"1080\" \/>\n\t<meta property=\"og:image:type\" content=\"image\/jpeg\" \/>\n<meta name=\"author\" content=\"rtnews\" \/>\n<meta name=\"twitter:card\" content=\"summary_large_image\" \/>\n<meta name=\"twitter:creator\" content=\"@WirMachenAuf_de\" \/>\n<meta name=\"twitter:site\" content=\"@WirMachenAuf_de\" \/>\n<meta name=\"twitter:label1\" content=\"Verfasst von\" \/>\n\t<meta name=\"twitter:data1\" content=\"rtnews\" \/>\n\t<meta name=\"twitter:label2\" content=\"Gesch\u00e4tzte Lesezeit\" \/>\n\t<meta name=\"twitter:data2\" content=\"8\u00a0Minuten\" \/>\n<script type=\"application\/ld+json\" class=\"yoast-schema-graph\">{\"@context\":\"https:\/\/schema.org\",\"@graph\":[{\"@type\":\"Article\",\"@id\":\"https:\/\/now-news.de\/de\/deutschland\/krisen-und-insolvenzticker-immer-mehr-menschen-von-armut-betroffen-tafeln-werden-ueberrannt\/#article\",\"isPartOf\":{\"@id\":\"https:\/\/now-news.de\/de\/deutschland\/krisen-und-insolvenzticker-immer-mehr-menschen-von-armut-betroffen-tafeln-werden-ueberrannt\/\"},\"author\":{\"name\":\"rtnews\",\"@id\":\"https:\/\/now-news.de\/de\/#\/schema\/person\/fb534a4e865501d8b3285208df34a9b5\"},\"headline\":\"Krisen- und Insolvenzticker \u2013 Immer mehr Menschen von Armut betroffen: Tafeln werden \u00fcberrannt\",\"datePublished\":\"2022-10-11T09:00:00+00:00\",\"dateModified\":\"2022-10-11T09:00:00+00:00\",\"mainEntityOfPage\":{\"@id\":\"https:\/\/now-news.de\/de\/deutschland\/krisen-und-insolvenzticker-immer-mehr-menschen-von-armut-betroffen-tafeln-werden-ueberrannt\/\"},\"wordCount\":1694,\"commentCount\":0,\"publisher\":{\"@id\":\"https:\/\/now-news.de\/de\/#organization\"},\"image\":{\"@id\":\"https:\/\/now-news.de\/de\/deutschland\/krisen-und-insolvenzticker-immer-mehr-menschen-von-armut-betroffen-tafeln-werden-ueberrannt\/#primaryimage\"},\"thumbnailUrl\":\"https:\/\/now-news.de\/de\/wp-content\/uploads\/sites\/3\/2022\/10\/Krisen-und-Insolvenzticker-\u2013-Immer-mehr-Menschen-von-Armut-betroffen.jpg\",\"keywords\":[\"Armut\",\"betroffen\",\"Immer\",\"Insolvenzticker\",\"Krisen\",\"mehr\",\"Menschen\",\"Tafeln\",\"\u00fcberrannt\",\"und\",\"von\",\"Werden\"],\"articleSection\":[\"Deutschland\",\"Russland\"],\"inLanguage\":\"de\",\"potentialAction\":[{\"@type\":\"CommentAction\",\"name\":\"Comment\",\"target\":[\"https:\/\/now-news.de\/de\/deutschland\/krisen-und-insolvenzticker-immer-mehr-menschen-von-armut-betroffen-tafeln-werden-ueberrannt\/#respond\"]}]},{\"@type\":\"WebPage\",\"@id\":\"https:\/\/now-news.de\/de\/deutschland\/krisen-und-insolvenzticker-immer-mehr-menschen-von-armut-betroffen-tafeln-werden-ueberrannt\/\",\"url\":\"https:\/\/now-news.de\/de\/deutschland\/krisen-und-insolvenzticker-immer-mehr-menschen-von-armut-betroffen-tafeln-werden-ueberrannt\/\",\"name\":\"Krisen- und Insolvenzticker \u2013 Immer mehr Menschen von Armut betroffen: Tafeln werden \u00fcberrannt - just-now.NEWS Deutschland\",\"isPartOf\":{\"@id\":\"https:\/\/now-news.de\/de\/#website\"},\"primaryImageOfPage\":{\"@id\":\"https:\/\/now-news.de\/de\/deutschland\/krisen-und-insolvenzticker-immer-mehr-menschen-von-armut-betroffen-tafeln-werden-ueberrannt\/#primaryimage\"},\"image\":{\"@id\":\"https:\/\/now-news.de\/de\/deutschland\/krisen-und-insolvenzticker-immer-mehr-menschen-von-armut-betroffen-tafeln-werden-ueberrannt\/#primaryimage\"},\"thumbnailUrl\":\"https:\/\/now-news.de\/de\/wp-content\/uploads\/sites\/3\/2022\/10\/Krisen-und-Insolvenzticker-\u2013-Immer-mehr-Menschen-von-Armut-betroffen.jpg\",\"datePublished\":\"2022-10-11T09:00:00+00:00\",\"dateModified\":\"2022-10-11T09:00:00+00:00\",\"breadcrumb\":{\"@id\":\"https:\/\/now-news.de\/de\/deutschland\/krisen-und-insolvenzticker-immer-mehr-menschen-von-armut-betroffen-tafeln-werden-ueberrannt\/#breadcrumb\"},\"inLanguage\":\"de\",\"potentialAction\":[{\"@type\":\"ReadAction\",\"target\":[\"https:\/\/now-news.de\/de\/deutschland\/krisen-und-insolvenzticker-immer-mehr-menschen-von-armut-betroffen-tafeln-werden-ueberrannt\/\"]}]},{\"@type\":\"ImageObject\",\"inLanguage\":\"de\",\"@id\":\"https:\/\/now-news.de\/de\/deutschland\/krisen-und-insolvenzticker-immer-mehr-menschen-von-armut-betroffen-tafeln-werden-ueberrannt\/#primaryimage\",\"url\":\"https:\/\/now-news.de\/de\/wp-content\/uploads\/sites\/3\/2022\/10\/Krisen-und-Insolvenzticker-\u2013-Immer-mehr-Menschen-von-Armut-betroffen.jpg\",\"contentUrl\":\"https:\/\/now-news.de\/de\/wp-content\/uploads\/sites\/3\/2022\/10\/Krisen-und-Insolvenzticker-\u2013-Immer-mehr-Menschen-von-Armut-betroffen.jpg\",\"width\":1620,\"height\":1080,\"caption\":\"Krisen- und Insolvenzticker \u2013 Immer mehr Menschen von Armut betroffen: Tafeln werden \u00fcberrannt\"},{\"@type\":\"BreadcrumbList\",\"@id\":\"https:\/\/now-news.de\/de\/deutschland\/krisen-und-insolvenzticker-immer-mehr-menschen-von-armut-betroffen-tafeln-werden-ueberrannt\/#breadcrumb\",\"itemListElement\":[{\"@type\":\"ListItem\",\"position\":1,\"name\":\"Home\",\"item\":\"https:\/\/now-news.de\/de\/\"},{\"@type\":\"ListItem\",\"position\":2,\"name\":\"Krisen- und Insolvenzticker \u2013 Immer mehr Menschen von Armut betroffen: Tafeln werden \u00fcberrannt\"}]},{\"@type\":\"WebSite\",\"@id\":\"https:\/\/now-news.de\/de\/#website\",\"url\":\"https:\/\/now-news.de\/de\/\",\"name\":\"just-now.NEWS Deutschland\",\"description\":\"Das Portal f\u00fcr unzensierte Nachrichten aus der Welt\",\"publisher\":{\"@id\":\"https:\/\/now-news.de\/de\/#organization\"},\"potentialAction\":[{\"@type\":\"SearchAction\",\"target\":{\"@type\":\"EntryPoint\",\"urlTemplate\":\"https:\/\/now-news.de\/de\/?s={search_term_string}\"},\"query-input\":\"required name=search_term_string\"}],\"inLanguage\":\"de\"},{\"@type\":\"Organization\",\"@id\":\"https:\/\/now-news.de\/de\/#organization\",\"name\":\"Just Now News\",\"url\":\"https:\/\/now-news.de\/de\/\",\"logo\":{\"@type\":\"ImageObject\",\"inLanguage\":\"de\",\"@id\":\"https:\/\/now-news.de\/de\/#\/schema\/logo\/image\/\",\"url\":\"http:\/\/just-now.news\/de\/wp-content\/uploads\/sites\/3\/2022\/04\/logo500x500.jpg\",\"contentUrl\":\"http:\/\/just-now.news\/de\/wp-content\/uploads\/sites\/3\/2022\/04\/logo500x500.jpg\",\"width\":500,\"height\":500,\"caption\":\"Just Now News\"},\"image\":{\"@id\":\"https:\/\/now-news.de\/de\/#\/schema\/logo\/image\/\"},\"sameAs\":[\"https:\/\/www.facebook.com\/wirmachenauf\",\"https:\/\/x.com\/WirMachenAuf_de\"]},{\"@type\":\"Person\",\"@id\":\"https:\/\/now-news.de\/de\/#\/schema\/person\/fb534a4e865501d8b3285208df34a9b5\",\"name\":\"rtnews\",\"image\":{\"@type\":\"ImageObject\",\"inLanguage\":\"de\",\"@id\":\"https:\/\/now-news.de\/de\/#\/schema\/person\/image\/\",\"url\":\"https:\/\/secure.gravatar.com\/avatar\/82aafea7d8127119dd649515f56e2117?s=96&d=mm&r=g\",\"contentUrl\":\"https:\/\/secure.gravatar.com\/avatar\/82aafea7d8127119dd649515f56e2117?s=96&d=mm&r=g\",\"caption\":\"rtnews\"},\"url\":\"https:\/\/now-news.de\/de\/author\/rnews\/\"}]}<\/script>\n<!-- \/ Yoast SEO Premium plugin. -->","yoast_head_json":{"title":"Krisen- und Insolvenzticker \u2013 Immer mehr Menschen von Armut betroffen: Tafeln werden \u00fcberrannt - just-now.NEWS Deutschland","robots":{"index":"index","follow":"follow","max-snippet":"max-snippet:-1","max-image-preview":"max-image-preview:large","max-video-preview":"max-video-preview:-1"},"canonical":"https:\/\/now-news.de\/de\/deutschland\/krisen-und-insolvenzticker-immer-mehr-menschen-von-armut-betroffen-tafeln-werden-ueberrannt\/","og_locale":"de_DE","og_type":"article","og_title":"Krisen- und Insolvenzticker \u2013 Immer mehr Menschen von Armut betroffen: Tafeln werden \u00fcberrannt","og_description":"Die deutsche Wirtschaft rutscht immer tiefer in die Krise. Unter dem Druck dramatisch steigender Energiekosten und anderer ung\u00fcnstiger Rahmenbedingungen sind allein in diesem Jahr tausende Unternehmen insolvent gegangen. Wir fassen in diesem Ticker die wichtigsten Entwicklungen und Neuigkeiten zusammen. 11.10.2022 11:14 Uhr 11:14 Uhr Creditreform: Firmen zahlen immer sp\u00e4ter Nach Aussage der Wirtschaftsauskunftei und Inkassofirma [&hellip;]","og_url":"https:\/\/now-news.de\/de\/deutschland\/krisen-und-insolvenzticker-immer-mehr-menschen-von-armut-betroffen-tafeln-werden-ueberrannt\/","og_site_name":"just-now.NEWS Deutschland","article_publisher":"https:\/\/www.facebook.com\/wirmachenauf","article_published_time":"2022-10-11T09:00:00+00:00","og_image":[{"width":1620,"height":1080,"url":"https:\/\/now-news.de\/de\/wp-content\/uploads\/sites\/3\/2022\/10\/Krisen-und-Insolvenzticker-\u2013-Immer-mehr-Menschen-von-Armut-betroffen.jpg","type":"image\/jpeg"}],"author":"rtnews","twitter_card":"summary_large_image","twitter_creator":"@WirMachenAuf_de","twitter_site":"@WirMachenAuf_de","twitter_misc":{"Verfasst von":"rtnews","Gesch\u00e4tzte Lesezeit":"8\u00a0Minuten"},"schema":{"@context":"https:\/\/schema.org","@graph":[{"@type":"Article","@id":"https:\/\/now-news.de\/de\/deutschland\/krisen-und-insolvenzticker-immer-mehr-menschen-von-armut-betroffen-tafeln-werden-ueberrannt\/#article","isPartOf":{"@id":"https:\/\/now-news.de\/de\/deutschland\/krisen-und-insolvenzticker-immer-mehr-menschen-von-armut-betroffen-tafeln-werden-ueberrannt\/"},"author":{"name":"rtnews","@id":"https:\/\/now-news.de\/de\/#\/schema\/person\/fb534a4e865501d8b3285208df34a9b5"},"headline":"Krisen- und Insolvenzticker \u2013 Immer mehr Menschen von Armut betroffen: Tafeln werden \u00fcberrannt","datePublished":"2022-10-11T09:00:00+00:00","dateModified":"2022-10-11T09:00:00+00:00","mainEntityOfPage":{"@id":"https:\/\/now-news.de\/de\/deutschland\/krisen-und-insolvenzticker-immer-mehr-menschen-von-armut-betroffen-tafeln-werden-ueberrannt\/"},"wordCount":1694,"commentCount":0,"publisher":{"@id":"https:\/\/now-news.de\/de\/#organization"},"image":{"@id":"https:\/\/now-news.de\/de\/deutschland\/krisen-und-insolvenzticker-immer-mehr-menschen-von-armut-betroffen-tafeln-werden-ueberrannt\/#primaryimage"},"thumbnailUrl":"https:\/\/now-news.de\/de\/wp-content\/uploads\/sites\/3\/2022\/10\/Krisen-und-Insolvenzticker-\u2013-Immer-mehr-Menschen-von-Armut-betroffen.jpg","keywords":["Armut","betroffen","Immer","Insolvenzticker","Krisen","mehr","Menschen","Tafeln","\u00fcberrannt","und","von","Werden"],"articleSection":["Deutschland","Russland"],"inLanguage":"de","potentialAction":[{"@type":"CommentAction","name":"Comment","target":["https:\/\/now-news.de\/de\/deutschland\/krisen-und-insolvenzticker-immer-mehr-menschen-von-armut-betroffen-tafeln-werden-ueberrannt\/#respond"]}]},{"@type":"WebPage","@id":"https:\/\/now-news.de\/de\/deutschland\/krisen-und-insolvenzticker-immer-mehr-menschen-von-armut-betroffen-tafeln-werden-ueberrannt\/","url":"https:\/\/now-news.de\/de\/deutschland\/krisen-und-insolvenzticker-immer-mehr-menschen-von-armut-betroffen-tafeln-werden-ueberrannt\/","name":"Krisen- und Insolvenzticker \u2013 Immer mehr Menschen von Armut betroffen: Tafeln werden \u00fcberrannt - just-now.NEWS Deutschland","isPartOf":{"@id":"https:\/\/now-news.de\/de\/#website"},"primaryImageOfPage":{"@id":"https:\/\/now-news.de\/de\/deutschland\/krisen-und-insolvenzticker-immer-mehr-menschen-von-armut-betroffen-tafeln-werden-ueberrannt\/#primaryimage"},"image":{"@id":"https:\/\/now-news.de\/de\/deutschland\/krisen-und-insolvenzticker-immer-mehr-menschen-von-armut-betroffen-tafeln-werden-ueberrannt\/#primaryimage"},"thumbnailUrl":"https:\/\/now-news.de\/de\/wp-content\/uploads\/sites\/3\/2022\/10\/Krisen-und-Insolvenzticker-\u2013-Immer-mehr-Menschen-von-Armut-betroffen.jpg","datePublished":"2022-10-11T09:00:00+00:00","dateModified":"2022-10-11T09:00:00+00:00","breadcrumb":{"@id":"https:\/\/now-news.de\/de\/deutschland\/krisen-und-insolvenzticker-immer-mehr-menschen-von-armut-betroffen-tafeln-werden-ueberrannt\/#breadcrumb"},"inLanguage":"de","potentialAction":[{"@type":"ReadAction","target":["https:\/\/now-news.de\/de\/deutschland\/krisen-und-insolvenzticker-immer-mehr-menschen-von-armut-betroffen-tafeln-werden-ueberrannt\/"]}]},{"@type":"ImageObject","inLanguage":"de","@id":"https:\/\/now-news.de\/de\/deutschland\/krisen-und-insolvenzticker-immer-mehr-menschen-von-armut-betroffen-tafeln-werden-ueberrannt\/#primaryimage","url":"https:\/\/now-news.de\/de\/wp-content\/uploads\/sites\/3\/2022\/10\/Krisen-und-Insolvenzticker-\u2013-Immer-mehr-Menschen-von-Armut-betroffen.jpg","contentUrl":"https:\/\/now-news.de\/de\/wp-content\/uploads\/sites\/3\/2022\/10\/Krisen-und-Insolvenzticker-\u2013-Immer-mehr-Menschen-von-Armut-betroffen.jpg","width":1620,"height":1080,"caption":"Krisen- und Insolvenzticker \u2013 Immer mehr Menschen von Armut betroffen: Tafeln werden \u00fcberrannt"},{"@type":"BreadcrumbList","@id":"https:\/\/now-news.de\/de\/deutschland\/krisen-und-insolvenzticker-immer-mehr-menschen-von-armut-betroffen-tafeln-werden-ueberrannt\/#breadcrumb","itemListElement":[{"@type":"ListItem","position":1,"name":"Home","item":"https:\/\/now-news.de\/de\/"},{"@type":"ListItem","position":2,"name":"Krisen- und Insolvenzticker \u2013 Immer mehr Menschen von Armut betroffen: Tafeln werden \u00fcberrannt"}]},{"@type":"WebSite","@id":"https:\/\/now-news.de\/de\/#website","url":"https:\/\/now-news.de\/de\/","name":"just-now.NEWS Deutschland","description":"Das Portal f\u00fcr unzensierte Nachrichten aus der Welt","publisher":{"@id":"https:\/\/now-news.de\/de\/#organization"},"potentialAction":[{"@type":"SearchAction","target":{"@type":"EntryPoint","urlTemplate":"https:\/\/now-news.de\/de\/?s={search_term_string}"},"query-input":"required name=search_term_string"}],"inLanguage":"de"},{"@type":"Organization","@id":"https:\/\/now-news.de\/de\/#organization","name":"Just Now News","url":"https:\/\/now-news.de\/de\/","logo":{"@type":"ImageObject","inLanguage":"de","@id":"https:\/\/now-news.de\/de\/#\/schema\/logo\/image\/","url":"http:\/\/just-now.news\/de\/wp-content\/uploads\/sites\/3\/2022\/04\/logo500x500.jpg","contentUrl":"http:\/\/just-now.news\/de\/wp-content\/uploads\/sites\/3\/2022\/04\/logo500x500.jpg","width":500,"height":500,"caption":"Just Now News"},"image":{"@id":"https:\/\/now-news.de\/de\/#\/schema\/logo\/image\/"},"sameAs":["https:\/\/www.facebook.com\/wirmachenauf","https:\/\/x.com\/WirMachenAuf_de"]},{"@type":"Person","@id":"https:\/\/now-news.de\/de\/#\/schema\/person\/fb534a4e865501d8b3285208df34a9b5","name":"rtnews","image":{"@type":"ImageObject","inLanguage":"de","@id":"https:\/\/now-news.de\/de\/#\/schema\/person\/image\/","url":"https:\/\/secure.gravatar.com\/avatar\/82aafea7d8127119dd649515f56e2117?s=96&d=mm&r=g","contentUrl":"https:\/\/secure.gravatar.com\/avatar\/82aafea7d8127119dd649515f56e2117?s=96&d=mm&r=g","caption":"rtnews"},"url":"https:\/\/now-news.de\/de\/author\/rnews\/"}]}},"_links":{"self":[{"href":"https:\/\/now-news.de\/de\/wp-json\/wp\/v2\/posts\/20782"}],"collection":[{"href":"https:\/\/now-news.de\/de\/wp-json\/wp\/v2\/posts"}],"about":[{"href":"https:\/\/now-news.de\/de\/wp-json\/wp\/v2\/types\/post"}],"author":[{"embeddable":true,"href":"https:\/\/now-news.de\/de\/wp-json\/wp\/v2\/users\/3"}],"replies":[{"embeddable":true,"href":"https:\/\/now-news.de\/de\/wp-json\/wp\/v2\/comments?post=20782"}],"version-history":[{"count":0,"href":"https:\/\/now-news.de\/de\/wp-json\/wp\/v2\/posts\/20782\/revisions"}],"wp:featuredmedia":[{"embeddable":true,"href":"https:\/\/now-news.de\/de\/wp-json\/wp\/v2\/media\/20783"}],"wp:attachment":[{"href":"https:\/\/now-news.de\/de\/wp-json\/wp\/v2\/media?parent=20782"}],"wp:term":[{"taxonomy":"category","embeddable":true,"href":"https:\/\/now-news.de\/de\/wp-json\/wp\/v2\/categories?post=20782"},{"taxonomy":"post_tag","embeddable":true,"href":"https:\/\/now-news.de\/de\/wp-json\/wp\/v2\/tags?post=20782"}],"curies":[{"name":"wp","href":"https:\/\/api.w.org\/{rel}","templated":true}]}}