{"id":20710,"date":"2022-10-10T13:16:12","date_gmt":"2022-10-10T11:16:12","guid":{"rendered":"http:\/\/just-now.news\/de\/deutschland\/an-annalena-baerbock-soll-die-welt-genesen\/"},"modified":"2022-10-10T13:16:12","modified_gmt":"2022-10-10T11:16:12","slug":"an-annalena-baerbock-soll-die-welt-genesen","status":"publish","type":"post","link":"https:\/\/now-news.de\/de\/deutschland\/an-annalena-baerbock-soll-die-welt-genesen\/","title":{"rendered":"An Annalena Baerbock soll die Welt genesen"},"content":{"rendered":"<p><img decoding=\"async\" src=\"http:\/\/just-now.news\/de\/wp-content\/uploads\/sites\/3\/2022\/10\/6343c3a148fbef09dd0a1e1b.jpg\" \/><\/p>\n<div class=\"Text-root Text-type_1 \">\n                Eine Au\u00dfenministerin, die scheinbar allwissend und schulmeisterlich ihre gr\u00fcne Moral in die ganze Welt tragen will, andere Diplomaten br\u00fcskiert und selbst nichts draufhat. Eine Au\u00dfenministerin, die sich als Doktorandin und V\u00f6lkerrechtlerin ausgab und in ihrem Buch schummelte. Im Volksmund nennt man so etwas &#8220;Hochstapelei&#8221;.\n            <\/div>\n<p><\/p>\n<div class=\"Text-root Text-type_5 ArticleView-text ViewText-root \">\n<p><em>Von Thomas Frank<\/em><\/p>\n<p><strong>Polinnen und Polen<\/strong><\/p>\n<p>F\u00fcr mich ist Annalena Baerbock untragbar als deutsche Au\u00dfenministerin. Was sich die Gr\u00fcne auf politischem Parkett so alles erlaubt, ist eine Schande f\u00fcr Deutschland.<\/p>\n<p>Unl\u00e4ngst war &#8220;Annalena&#8221; bei einem <a rel=\"nofollow noopener\" target=\"_blank\" href=\"https:\/\/www.sueddeutsche.de\/politik\/polen-reparationen-annalena-baerbock-1.5668270\">Staatsbesuch in Polen<\/a>, bei dem es um die ewigen Reparationsforderungen Warschaus ging. Baerbock, <a rel=\"nofollow noopener\" target=\"_blank\" href=\"https:\/\/kpf.die-linke.de\/erklaerungen\/detail\/opa-waldemar-und-die-doppelmoral\/\">deren Gro\u00dfvater<\/a> in der Wehrmacht auch <a rel=\"nofollow noopener\" target=\"_blank\" href=\"https:\/\/www.bundesregierung.de\/breg-de\/service\/bulletin\/rede-der-bundesministerin-des-auswaertigen-annalena-baerbock--2038298\">im Osten gek\u00e4mpft<\/a> hatte, musste erfahren, dass, fast 80 Jahre nach dem Zweiten Weltkrieg, Deutschland immer noch als Zahlmeister f\u00fcr die ganze Welt herhalten soll. Zwar lehnte die Au\u00dfenministerin die Forderungen ab, erkl\u00e4rte jedoch, dass es die Wiedervereinigung &#8220;ohne die <a rel=\"nofollow noopener\" target=\"_blank\" href=\"https:\/\/www.sueddeutsche.de\/politik\/polen-reparationen-annalena-baerbock-1.5668270\">Polinnen und Polen<\/a> nicht gegeben h\u00e4tte&#8221;. Nat\u00fcrlich lie\u00df sie den Zusatz aus: Deutschland musste sich die Wiedervereinigung erstens erkaufen und zweitens <a rel=\"nofollow noopener\" target=\"_blank\" href=\"https:\/\/www.ipg-journal.de\/regionen\/europa\/artikel\/wer-hat-angst-vorm-deutschen-nachbarn-4666\/\">stimmte Warschau nur<\/a> deshalb zu, weil Berlin auf die ehemaligen deutschen Gebiete in Polen v\u00f6lkerrechtlich verbindlich verzichtete.<\/p>\n<p>Was wohl noch als Anbiederung an die Polen zu verstehen gedacht war, machte sie jedoch mit ihrer <a rel=\"nofollow noopener\" target=\"_blank\" href=\"https:\/\/www.sueddeutsche.de\/politik\/polen-reparationen-annalena-baerbock-1.5668270\">gendergerechten<\/a> Begrifflichkeit der &#8220;Polinnen und Polen&#8221; wieder zunichte, die sie im Laufe ihrer Rede gebrauchte. Mit dem gr\u00fcnen Gender-Unsinn d\u00fcrfte sie bei der ultrarechten polnischen Regierung nicht gerade gepunktet haben. Das war nicht ihr erster au\u00dfenpolitischer Fauxpas. Von denen gibt es n\u00e4mlich zuhauf.<\/p>\n<p>Auch<a rel=\"nofollow noopener\" target=\"_blank\" href=\"https:\/\/www.fr.de\/politik\/tuerkei-annalena-baerbock-antrittsbesuch-ankara-mevluet-cavusoglu-cdu-news-zr-91697202.html\"> in der T\u00fcrkei<\/a> hatte Baerbock schon den Unwillen des t\u00fcrkischen Au\u00dfenministers \u00c7avu\u015fo\u011flu hervorgerufen, weil sie u.a. die t\u00fcrkischen Milit\u00e4raktionen in Nordsyrien kritisierte. <a rel=\"nofollow noopener\" target=\"_blank\" href=\"https:\/\/www.focus.de\/politik\/ausland\/neue-aussenministerin-fuer-china-kritik-erhaelt-baerbock-kuehle-antwort-aus-der-botschaft-und-ansage-vom-dosb-boss_id_24489708.html\">Mit China <\/a>hatte Baerbock es sich gleich zu Beginn verscherzt, weil sie aufgrund ihrer &#8220;Werte-geleiteten Au\u00dfenpolitik&#8221; im Dezember 2021 den &#8220;Boykott&#8221; der Olympischen Winterspiele in Peking vorgeschlagen hatte. Und auch <a rel=\"nofollow noopener\" target=\"_blank\" href=\"https:\/\/www.sueddeutsche.de\/politik\/iran-proteste-sanktionen-baerbock-1.5664218\">die iranische Regierung<\/a> d\u00fcrfte \u00fcber Baerbocks &#8220;feministische Au\u00dfenpolitik&#8221; und die Forderung nach weiteren Sanktionen nicht gerade begeistert sein.<\/p>\n<p>Die Liste lie\u00dfe sich verl\u00e4ngern. Kurzum: Baerbock reagiert auf dem globalen diplomatischen Parkett wie ein Elefant im Porzellanladen, versucht, die gr\u00fcne Moral anderen Kulturen aufzudr\u00fccken, und benimmt sich wie eine Oberlehrerin. Eine Oberlehrerin, die ihren Werdegang selbst besch\u00f6nigt hatte. In ihrer Vita fielen n\u00e4mlich sehr viele &#8220;Ungereimtheiten&#8221; auf.<\/p>\n<p><strong>V\u00f6lkerrechtlerin?<\/strong><\/p>\n<p>Nach ihrem Abitur an der Humboldtschule in Hannover studierte Annalena Baerbock Politikwissenschaften, \u00f6ffentliches Recht und V\u00f6lkerrecht in Hamburg und London. Sie schloss mit einem Master in &#8220;<a rel=\"nofollow noopener\" target=\"_blank\" href=\"https:\/\/www.bundestag.de\/abgeordnete\/biografien\/B\/baerbock_annalena-518092\">Public International Law<\/a>&#8221; (LLM) ab und bezeichnete sich als &#8220;<a rel=\"nofollow noopener\" target=\"_blank\" href=\"https:\/\/www.sueddeutsche.de\/politik\/baerbock-kanzlerkandidatur-uni-titel-voelkerrechtlerin-1.5295423\">V\u00f6lkerrechtlerin<\/a>&#8220;.<\/p>\n<p><a rel=\"nofollow noopener\" target=\"_blank\" href=\"https:\/\/www.amazon.de\/Jetzt-Parteivorsitzenden-Klimaschutz-Zusammenhalt-gemeinsames\/dp\/3550201907\/ref=sr_1_1?__mk_de_DE=%C3%85M%C3%85%C5%BD%C3%95%C3%91&amp;crid=220HZXD5KIBY7&amp;keywords=Wie+wir+unser+Land+erneuern&amp;qid=1665318644&amp;qu=eyJxc2MiOiIwLjMyIiwicXNhIjoiMC4wMCIsInFzcCI6IjAuMDAifQ%3D%3D&amp;sprefix=wie+wir+unser+land+erneuern%2Caps%2C129&amp;sr=8-1\">Baerbock beschreibt<\/a> diesen Abschnitt ihres Lebens mit folgenden Worten:<\/p>\n<blockquote>\n<p><em>&#8220;Ich studierte Politik und im Nebenfach \u00f6ffentliches Recht in Hamburg und wechselte sp\u00e4ter an die London School of Economics and Political Science (LSE), um mich auf Europa \u2013 und V\u00f6lkerrecht zu spezialisieren.&#8221;<\/em>\u00a0<\/p>\n<\/blockquote>\n<p>Doch Baerbock hatte <a rel=\"nofollow noopener\" target=\"_blank\" href=\"https:\/\/www.faz.net\/aktuell\/karriere-hochschule\/hoersaal\/annalena-baerbocks-studium-in-london-master-ohne-bachelor-17336848.html\">in Hamburg keinen<\/a> Abschluss gemacht.\u00a0<em><a rel=\"nofollow noopener\" target=\"_blank\" href=\"https:\/\/www.tichyseinblick.de\/daili-es-sentials\/baerbocks-studium-in-london-ihr-abschluss-aufsatz-bleibt-geheim\/\">Tichys Einblick<\/a>\u00a0<\/em>schrieb folgerichtig:<\/p>\n<blockquote>\n<p><em>&#8220;Ihr Studium der Politikwissenschaften in Hamburg hatte sie ohne Abschluss beendet. Der LLM-Abschluss in London nach nur einem Jahr und ohne Abschlusspr\u00fcfung d\u00fcrfte weder einem Diplomabschluss noch einem regul\u00e4ren Master-Abschluss entsprechen. Unbekannt bleibt auch Baerbocks nach eigenen Angaben 2009 begonnene, aber nie beendete Promotion in V\u00f6lkerrecht an der FU Berlin, eine Arbeit zum Thema &#8216;Naturkatastrophen und humanit\u00e4re Hilfe im V\u00f6lkerrecht&#8217;. In ihrem [jetzt gel\u00f6schten] <a rel=\"nofollow noopener\" target=\"_blank\" href=\"https:\/\/web.archive.org\/web\/20210515181710\/https:\/\/annalena-baerbock.de\/wp-content\/uploads\/2021\/05\/CV_deutsch_2021_05-1.pdf\">Lebenslauf <\/a>auf ihrer Website<\/em>\u00a0<em>steht unter Ausbildung und Beruf: Doktorandin des V\u00f6lkerrechts, Freie Universit\u00e4t Berlin, Promotion nicht abgeschlossen.&#8221;<\/em><\/p>\n<\/blockquote>\n<p><strong>Doktorandin?<\/strong><\/p>\n<p>Eigentlich durfte sich Baerbock auch nicht &#8220;Doktorandin&#8221; nennen, wie in <em>Tichys Einblick\u00a0<\/em><a rel=\"nofollow noopener\" target=\"_blank\" href=\"https:\/\/www.tichyseinblick.de\/daili-es-sentials\/baerbocks-studium-in-london-ihr-abschluss-aufsatz-bleibt-geheim\/\">weiterzulesen<\/a> ist:<\/p>\n<blockquote>\n<p><em>&#8220;An anderen Stellen hatte sie angegeben, dass ihre Promotion seit ihrem Einzug in den Bundestag 2013 &#8216;ruht&#8217;, dass sie aber mit der Abfassung der Arbeit &#8216;in den letzten Z\u00fcgen&#8217; gelegen habe. Auf Anfrage teilte die FU Berlin dem Blogger Hadmut Danisch mit, Baerbock habe der Universit\u00e4t schon 2015 intern mitgeteilt, &#8216;dass sie ihr Promotionsvorhaben nicht weiterverfolgen werde und sich als Promotionsstudentin exmatrikuliert habe&#8217;. Sp\u00e4testens seit diesem Zeitpunkt durfte sie sich nicht mehr als Doktorandin bezeichnen. Ob sie tats\u00e4chlich einen zwar unvollendeten, aber grunds\u00e4tzlich den Promotionsstandards gen\u00fcgenden Text verfasste, l\u00e4sst sich nicht \u00fcberpr\u00fcfen.&#8221; <\/em><\/p>\n<\/blockquote>\n<p>Die <a rel=\"nofollow noopener\" target=\"_blank\" href=\"https:\/\/www.tichyseinblick.de\/daili-es-sentials\/baerbocks-studium-in-london-ihr-abschluss-aufsatz-bleibt-geheim\/\">Schlussfolgerung<\/a> des Magazins:<\/p>\n<blockquote>\n<p><em>&#8220;Baerbock suggerierte also bis Mai 2021, sie sei Politikwissenschaftlerin mit Bachelor-Abschluss, V\u00f6lkerrechtlerin und st\u00fcnde kurz vor der Doktorw\u00fcrde. Tats\u00e4chlich erwarb sie nie einen regul\u00e4ren Studienabschluss \u2013 und absolvierte in den f\u00fcnf Jahren ihrer beiden Hochschulaufenthalte in Hamburg und London weder eine formale Pr\u00fcfung, noch legte sie eine \u00f6ffentlich zug\u00e4ngliche schriftliche Arbeit vor.&#8221;<\/em><\/p>\n<\/blockquote>\n<p>Im Volksmund nennt man Baerbocks Verhalten wohl &#8220;arglistige T\u00e4uschung&#8221; oder schlicht und einfach &#8220;Hochstapelei&#8221;. Anfang Juni 2021 &#8220;<a rel=\"nofollow noopener\" target=\"_blank\" href=\"https:\/\/www.welt.de\/politik\/deutschland\/article231608455\/Baerbock-praezisiert-nach-Vorwuerfen-erneut-Angaben-im-Lebenslauf.html\">pr\u00e4zisierte<\/a>&#8221; Baerbock dann ihre Vita und tauschte ihre Angabe &#8220;V\u00f6lkerrecht&#8221; in das englische &#8220;Public International Law&#8221; aus.<\/p>\n<p>Philip Plickert, Journalist der <em>FAZ<\/em>, <a rel=\"nofollow noopener\" target=\"_blank\" href=\"https:\/\/twitter.com\/philipplickert\/status\/1400942255167393807\">twitterte<\/a> am 5. Juni 2021:<em><\/em><\/p>\n<blockquote>\n<p><em>&#8220;Hektische Aufr\u00e4um- und Bereinigungsarbeiten im Lebenslauf von Frau Baerbock heute Abend, nachdem ich viel peinliche falsche bzw. hochstaplerische Angaben aufgedeckt habe.&#8221;<\/em><em><\/em><\/p>\n<\/blockquote>\n<p><strong>Farbe bekennen<\/strong><\/p>\n<p><a rel=\"nofollow noopener\" target=\"_blank\" href=\"https:\/\/programm.ard.de\/TV\/daserste\/farbe-bekennen\/eid_281064000302833\">In der Sendung<\/a>\u00a0&#8220;Farbe bekennen&#8221; (<em>ARD<\/em>) wurde Annalena Baerbock f\u00fcr ihren &#8220;<a rel=\"nofollow noopener\" target=\"_blank\" href=\"https:\/\/www.bild.de\/politik\/inland\/politik-inland\/ausgerechnet-in-der-ard-knallhart-fragen-an-baerbock-zum-lebenslauf-bluff-76697774.bild.html\">Lebenslauf-Bluff<\/a>&#8221; ungew\u00f6hnlich hart in die Mangel genommen. Die Journalisten Tina Hassel (die laut <em>Bild\u00a0<\/em>als &#8220;Gr\u00fcnen-nah&#8221; gilt) und Oliver K\u00f6hr stellten sehr unangenehme Fragen, wie etwa &#8220;Warum machen Sie sich toller, als Sie eigentlich sind?&#8221;, und sprachen vom &#8220;kreativen Umgang&#8221;<em><\/em>mit ihrem Lebenslauf.<\/p>\n<p>Baerbocks <a rel=\"nofollow noopener\" target=\"_blank\" href=\"https:\/\/de-de.facebook.com\/abaerbock\/videos\/476132686786475\/\">kl\u00e4glicher Versuch<\/a>, sich reinzuwaschen, h\u00f6rte sich so an:<\/p>\n<blockquote>\n<p><em>&#8220;Ich wollte alles andere, als mich gr\u00f6\u00dfer machen, als ich bin, sondern sehr kompakt darstellen, welche Verbindung es auch zu Institutionen gibt, und das war offensichtlich sehr schlampig. Ich habe da offensichtlich einen Fehler gemacht, und das tut mir sehr, sehr leid, weil es eigentlich in diesen Momenten um gro\u00dfe andere Fragen in diesem Land geht.&#8221;<\/em><\/p>\n<\/blockquote>\n<p>Alexander Wendt, einer der Journalisten, die Baerbocks Lebenslauf-Drama als Erstes aufdeckten, <a rel=\"nofollow noopener\" target=\"_blank\" href=\"https:\/\/www.tichyseinblick.de\/daili-es-sentials\/das-drama-des-unbegabten-kindes\/\">rekapitulierte<\/a>:<\/p>\n<blockquote>\n<p>&#8220;<em>Auf etlichen Internetseiten der Partei, der Fraktion, der Parteistiftung und bei Wikipedia fanden umfangreiche Aufr\u00e4um- und Umbauarbeiten statt. Es verschwand die Behauptung, sie h\u00e4tte in Hamburg eines Bachelor-Abschluss erworben (diese Falschmeldung beispielsweise kursierte sowohl bei den Gr\u00fcnen als auch bei etlichen Medien). Aus ihrem Masterabschluss in V\u00f6lkerrecht an der London School of Economics, der suggerierte, sie sei Juristin, wurde ein Abschluss in Internationalem Recht. <\/em><\/p>\n<p><em>Dann verschwand auch der Hinweis auf ihre angefangene V\u00f6lkerrechts-Promotion an der FU Berlin, die sie schon 2015 endg\u00fcltig abbrach, bis vor den Putzarbeiten aber noch so dargestellt hatte, als w\u00fcrde die Promotion nur ruhen. Aus der Politologin und Juristin mit LLM und kurz vor der Doktorw\u00fcrde wurde also Mitte Mai eine mitteljunge Frau, die ihr Studium in Hamburg abschlusslos beendet hatte, sich dann f\u00fcr umgerechnet etwa 11.000 Euro in einen Jahreskurs an den LSE einkaufte, bei dem laut Universit\u00e4tsannalen noch nie ein Absolvent scheiterte, und die es mit diesem Papier wiederum als Promotionsstudentin an die FU schaffte, allerdings, ohne dort etwas abzuliefern. (\u2026)&#8221;<\/em><\/p>\n<\/blockquote>\n<p><strong>Abgeschrieben?<\/strong><\/p>\n<p>Auch <a rel=\"nofollow noopener\" target=\"_blank\" href=\"https:\/\/www.amazon.de\/Jetzt-Parteivorsitzenden-Klimaschutz-Zusammenhalt-gemeinsames\/dp\/3550201907\/ref=sr_1_1?__mk_de_DE=%C3%85M%C3%85%C5%BD%C3%95%C3%91&amp;crid=220HZXD5KIBY7&amp;keywords=Wie+wir+unser+Land+erneuern&amp;qid=1665318644&amp;qu=eyJxc2MiOiIwLjMyIiwicXNhIjoiMC4wMCIsInFzcCI6IjAuMDAifQ%3D%3D&amp;sprefix=wie+wir+unser+land+erneuern%2Caps%2C129&amp;sr=8-1\">Baerbocks Buch<\/a> &#8220;Jetzt. Wie wir unser Land erneuern&#8221; wurde von unerbittlichen Plagiatsj\u00e4gern unter die Lupe genommen. Innerhalb nur weniger Tage fanden sie heraus, dass sie vieles einfach dreist abgeschrieben hatte.<\/p>\n<p>Stelle f\u00fcr Stelle wurde nachgewiesen. Sogar Passagen \u00fcber ihre eigenen Reiset\u00e4tigkeiten <a rel=\"nofollow noopener\" target=\"_blank\" href=\"https:\/\/www.bild.de\/politik\/inland\/politik-inland\/baerbocks-buch-selbst-passagen-ueber-eigene-reisen-sind-abgekupfert-76994536.bild.html\">waren demnach abgekupfert<\/a>. Etwa die Passage, in der <a rel=\"nofollow noopener\" target=\"_blank\" href=\"https:\/\/www.amazon.de\/Jetzt-Parteivorsitzenden-Klimaschutz-Zusammenhalt-gemeinsames\/dp\/3550201907\/ref=sr_1_1?__mk_de_DE=%C3%85M%C3%85%C5%BD%C3%95%C3%91&amp;crid=220HZXD5KIBY7&amp;keywords=Wie+wir+unser+Land+erneuern&amp;qid=1665318644&amp;qu=eyJxc2MiOiIwLjMyIiwicXNhIjoiMC4wMCIsInFzcCI6IjAuMDAifQ%3D%3D&amp;sprefix=wie+wir+unser+land+erneuern%2Caps%2C129&amp;sr=8-1\">sie beschreibt<\/a>, wie sie als Bundestagsabgeordnete in den Irak und die Autonome Region Kurdistan reiste und dort jesidische Frauen und Kinder besuchte, die dem IS entkommen waren. Baerbock \u00fcbernahm daf\u00fcr Teile <a rel=\"nofollow noopener\" target=\"_blank\" href=\"https:\/\/www.dw.com\/de\/albtraum-ohne-ende-f%C3%BCr-jesidische-kinder\/a-54396392\">aus einem Artikel<\/a> der <em>Deutschen Welle<\/em>, der den Titel &#8220;Albtraum ohne Ende f\u00fcr jesidische Kinder&#8221; tr\u00e4gt.<em><\/em><\/p>\n<p>Auf die Kritik reagierten die Gr\u00fcnen in gewohnter Weise d\u00fcnnh\u00e4utig und sprachen von einer &#8220;<a rel=\"nofollow noopener\" target=\"_blank\" href=\"https:\/\/www.handelsblatt.com\/politik\/deutschland\/gruene-versuchter-rufmord-annalena-baerbock-im-visier-eines-plagiatjaegers\/27376372.html?ticket=ST-4290230-AJlv02TE4vdokkZQd4yn-ap1\">Rufmordkampagne<\/a>&#8220;<em>.<\/em> Erst als immer mehr Stellen und ungekennzeichnete w\u00f6rtliche \u00dcbernahmen im Buch \u00f6ffentlich wurden und der Druck immer gr\u00f6\u00dfer wurde, lie\u00df <a rel=\"nofollow noopener\" target=\"_blank\" href=\"https:\/\/www.welt.de\/politik\/deutschland\/article232366653\/Baerbocks-aeussert-Selbstkritik-Quellenverzeichnis-waere-besser-gewesen.html\">sich Baerbock dazu hinrei\u00dfen<\/a>, endlich einzur\u00e4umen, dass es &#8220;sicherlich besser gewesen [w\u00e4re], wenn ich doch mit einem Quellenverzeichnis gearbeitet h\u00e4tte&#8221;<em>. <\/em>Typisch Gr\u00fcne, typisch Baerbock.<em><\/em><\/p>\n<p>Eine Au\u00dfenministerin, die sich als Doktorandin und V\u00f6lkerrechtlerin ausgab, in ihrem eigenen Buch schummelte und ihren eigenen Lebenslauf aufblies, schafft nicht gerade Vertrauen auf der diplomatischen Weltb\u00fchne. Davon v\u00f6llig ungeniert reist die Gr\u00fcne trotzdem um den ganzen Globus und will andere L\u00e4nder mit ihrer gr\u00fcnen und feministischen Au\u00dfenpolitik begl\u00fccken. Schlimmer geht&#8217;s nimmer \u2026<\/p>\n<p><strong>Mehr zum Thema <\/strong>&#8211;\u00a0<a rel=\"nofollow noopener\" target=\"_blank\" href=\"https:\/\/pressefreiheit.rtde.tech\/meinung\/151030-geopolitik-der-elefant-im-raum\/\">Geopolitik: Der Elefant im Raum <\/a><\/p>\n<\/div>\n<p><script async src=\"https:\/\/platform.twitter.com\/widgets.js\" charset=\"utf-8\"><\/script><br \/>\n<br \/><br \/>\n<br \/><a href=\"https:\/\/de.rt.com\/meinung\/151094-an-annalena-baerbock-soll-welt\/\">Source link <\/a><\/p>\n","protected":false},"excerpt":{"rendered":"<p>Eine Au\u00dfenministerin, die scheinbar allwissend und schulmeisterlich ihre gr\u00fcne Moral in die ganze Welt tragen will, andere Diplomaten br\u00fcskiert und selbst nichts draufhat. Eine Au\u00dfenministerin, die sich als Doktorandin und V\u00f6lkerrechtlerin ausgab und in ihrem Buch schummelte. Im Volksmund nennt man so etwas &#8220;Hochstapelei&#8221;. Von Thomas Frank Polinnen und Polen F\u00fcr mich ist Annalena Baerbock [&hellip;]<\/p>\n","protected":false},"author":3,"featured_media":20711,"comment_status":"open","ping_status":"open","sticky":false,"template":"","format":"standard","meta":{"wp_automatic_camp":["217"],"d383016ba73e1f6ae540113452f1b223":["An Annalena Baerbock soll die Welt genesen"],"original_link":["https:\/\/de.rt.com\/meinung\/151094-an-annalena-baerbock-soll-welt\/"],"_thumbnail_id":["20711"],"_wptg_p2tg_sent2tg":["2022-10-10 13:24:38"],"jnews_social_counter_last_update":["1777407151"]},"categories":[19,23],"tags":[10733,587,45,34128,766,778],"yoast_head":"<!-- This site is optimized with the Yoast SEO Premium plugin v22.7 (Yoast SEO v22.7) - https:\/\/yoast.com\/wordpress\/plugins\/seo\/ -->\n<title>An Annalena Baerbock soll die Welt genesen - just-now.NEWS Deutschland<\/title>\n<meta name=\"robots\" content=\"index, follow, max-snippet:-1, max-image-preview:large, max-video-preview:-1\" \/>\n<link rel=\"canonical\" href=\"https:\/\/now-news.de\/de\/deutschland\/an-annalena-baerbock-soll-die-welt-genesen\/\" \/>\n<meta property=\"og:locale\" content=\"de_DE\" \/>\n<meta property=\"og:type\" content=\"article\" \/>\n<meta property=\"og:title\" content=\"An Annalena Baerbock soll die Welt genesen\" \/>\n<meta property=\"og:description\" content=\"Eine Au\u00dfenministerin, die scheinbar allwissend und schulmeisterlich ihre gr\u00fcne Moral in die ganze Welt tragen will, andere Diplomaten br\u00fcskiert und selbst nichts draufhat. Eine Au\u00dfenministerin, die sich als Doktorandin und V\u00f6lkerrechtlerin ausgab und in ihrem Buch schummelte. Im Volksmund nennt man so etwas &#8220;Hochstapelei&#8221;. Von Thomas Frank Polinnen und Polen F\u00fcr mich ist Annalena Baerbock [&hellip;]\" \/>\n<meta property=\"og:url\" content=\"https:\/\/now-news.de\/de\/deutschland\/an-annalena-baerbock-soll-die-welt-genesen\/\" \/>\n<meta property=\"og:site_name\" content=\"just-now.NEWS Deutschland\" \/>\n<meta property=\"article:publisher\" content=\"https:\/\/www.facebook.com\/wirmachenauf\" \/>\n<meta property=\"article:published_time\" content=\"2022-10-10T11:16:12+00:00\" \/>\n<meta property=\"og:image\" content=\"https:\/\/now-news.de\/de\/wp-content\/uploads\/sites\/3\/2022\/10\/An-Annalena-Baerbock-soll-die-Welt-genesen.jpg\" \/>\n\t<meta property=\"og:image:width\" content=\"460\" \/>\n\t<meta property=\"og:image:height\" content=\"259\" \/>\n\t<meta property=\"og:image:type\" content=\"image\/jpeg\" \/>\n<meta name=\"author\" content=\"rtnews\" \/>\n<meta name=\"twitter:card\" content=\"summary_large_image\" \/>\n<meta name=\"twitter:creator\" content=\"@WirMachenAuf_de\" \/>\n<meta name=\"twitter:site\" content=\"@WirMachenAuf_de\" \/>\n<meta name=\"twitter:label1\" content=\"Verfasst von\" \/>\n\t<meta name=\"twitter:data1\" content=\"rtnews\" \/>\n\t<meta name=\"twitter:label2\" content=\"Gesch\u00e4tzte Lesezeit\" \/>\n\t<meta name=\"twitter:data2\" content=\"7\u00a0Minuten\" \/>\n<script type=\"application\/ld+json\" class=\"yoast-schema-graph\">{\"@context\":\"https:\/\/schema.org\",\"@graph\":[{\"@type\":\"Article\",\"@id\":\"https:\/\/now-news.de\/de\/deutschland\/an-annalena-baerbock-soll-die-welt-genesen\/#article\",\"isPartOf\":{\"@id\":\"https:\/\/now-news.de\/de\/deutschland\/an-annalena-baerbock-soll-die-welt-genesen\/\"},\"author\":{\"name\":\"rtnews\",\"@id\":\"https:\/\/now-news.de\/de\/#\/schema\/person\/fb534a4e865501d8b3285208df34a9b5\"},\"headline\":\"An Annalena Baerbock soll die Welt genesen\",\"datePublished\":\"2022-10-10T11:16:12+00:00\",\"dateModified\":\"2022-10-10T11:16:12+00:00\",\"mainEntityOfPage\":{\"@id\":\"https:\/\/now-news.de\/de\/deutschland\/an-annalena-baerbock-soll-die-welt-genesen\/\"},\"wordCount\":1386,\"commentCount\":0,\"publisher\":{\"@id\":\"https:\/\/now-news.de\/de\/#organization\"},\"image\":{\"@id\":\"https:\/\/now-news.de\/de\/deutschland\/an-annalena-baerbock-soll-die-welt-genesen\/#primaryimage\"},\"thumbnailUrl\":\"https:\/\/now-news.de\/de\/wp-content\/uploads\/sites\/3\/2022\/10\/An-Annalena-Baerbock-soll-die-Welt-genesen.jpg\",\"keywords\":[\"annalena\",\"Baerbock\",\"die\",\"genesen\",\"soll\",\"Welt\"],\"articleSection\":[\"Deutschland\",\"Russland\"],\"inLanguage\":\"de\",\"potentialAction\":[{\"@type\":\"CommentAction\",\"name\":\"Comment\",\"target\":[\"https:\/\/now-news.de\/de\/deutschland\/an-annalena-baerbock-soll-die-welt-genesen\/#respond\"]}]},{\"@type\":\"WebPage\",\"@id\":\"https:\/\/now-news.de\/de\/deutschland\/an-annalena-baerbock-soll-die-welt-genesen\/\",\"url\":\"https:\/\/now-news.de\/de\/deutschland\/an-annalena-baerbock-soll-die-welt-genesen\/\",\"name\":\"An Annalena Baerbock soll die Welt genesen - just-now.NEWS Deutschland\",\"isPartOf\":{\"@id\":\"https:\/\/now-news.de\/de\/#website\"},\"primaryImageOfPage\":{\"@id\":\"https:\/\/now-news.de\/de\/deutschland\/an-annalena-baerbock-soll-die-welt-genesen\/#primaryimage\"},\"image\":{\"@id\":\"https:\/\/now-news.de\/de\/deutschland\/an-annalena-baerbock-soll-die-welt-genesen\/#primaryimage\"},\"thumbnailUrl\":\"https:\/\/now-news.de\/de\/wp-content\/uploads\/sites\/3\/2022\/10\/An-Annalena-Baerbock-soll-die-Welt-genesen.jpg\",\"datePublished\":\"2022-10-10T11:16:12+00:00\",\"dateModified\":\"2022-10-10T11:16:12+00:00\",\"breadcrumb\":{\"@id\":\"https:\/\/now-news.de\/de\/deutschland\/an-annalena-baerbock-soll-die-welt-genesen\/#breadcrumb\"},\"inLanguage\":\"de\",\"potentialAction\":[{\"@type\":\"ReadAction\",\"target\":[\"https:\/\/now-news.de\/de\/deutschland\/an-annalena-baerbock-soll-die-welt-genesen\/\"]}]},{\"@type\":\"ImageObject\",\"inLanguage\":\"de\",\"@id\":\"https:\/\/now-news.de\/de\/deutschland\/an-annalena-baerbock-soll-die-welt-genesen\/#primaryimage\",\"url\":\"https:\/\/now-news.de\/de\/wp-content\/uploads\/sites\/3\/2022\/10\/An-Annalena-Baerbock-soll-die-Welt-genesen.jpg\",\"contentUrl\":\"https:\/\/now-news.de\/de\/wp-content\/uploads\/sites\/3\/2022\/10\/An-Annalena-Baerbock-soll-die-Welt-genesen.jpg\",\"width\":460,\"height\":259,\"caption\":\"An Annalena Baerbock soll die Welt genesen\"},{\"@type\":\"BreadcrumbList\",\"@id\":\"https:\/\/now-news.de\/de\/deutschland\/an-annalena-baerbock-soll-die-welt-genesen\/#breadcrumb\",\"itemListElement\":[{\"@type\":\"ListItem\",\"position\":1,\"name\":\"Home\",\"item\":\"https:\/\/now-news.de\/de\/\"},{\"@type\":\"ListItem\",\"position\":2,\"name\":\"An Annalena Baerbock soll die Welt genesen\"}]},{\"@type\":\"WebSite\",\"@id\":\"https:\/\/now-news.de\/de\/#website\",\"url\":\"https:\/\/now-news.de\/de\/\",\"name\":\"just-now.NEWS Deutschland\",\"description\":\"Das Portal f\u00fcr unzensierte Nachrichten aus der Welt\",\"publisher\":{\"@id\":\"https:\/\/now-news.de\/de\/#organization\"},\"potentialAction\":[{\"@type\":\"SearchAction\",\"target\":{\"@type\":\"EntryPoint\",\"urlTemplate\":\"https:\/\/now-news.de\/de\/?s={search_term_string}\"},\"query-input\":\"required name=search_term_string\"}],\"inLanguage\":\"de\"},{\"@type\":\"Organization\",\"@id\":\"https:\/\/now-news.de\/de\/#organization\",\"name\":\"Just Now News\",\"url\":\"https:\/\/now-news.de\/de\/\",\"logo\":{\"@type\":\"ImageObject\",\"inLanguage\":\"de\",\"@id\":\"https:\/\/now-news.de\/de\/#\/schema\/logo\/image\/\",\"url\":\"http:\/\/just-now.news\/de\/wp-content\/uploads\/sites\/3\/2022\/04\/logo500x500.jpg\",\"contentUrl\":\"http:\/\/just-now.news\/de\/wp-content\/uploads\/sites\/3\/2022\/04\/logo500x500.jpg\",\"width\":500,\"height\":500,\"caption\":\"Just Now News\"},\"image\":{\"@id\":\"https:\/\/now-news.de\/de\/#\/schema\/logo\/image\/\"},\"sameAs\":[\"https:\/\/www.facebook.com\/wirmachenauf\",\"https:\/\/x.com\/WirMachenAuf_de\"]},{\"@type\":\"Person\",\"@id\":\"https:\/\/now-news.de\/de\/#\/schema\/person\/fb534a4e865501d8b3285208df34a9b5\",\"name\":\"rtnews\",\"image\":{\"@type\":\"ImageObject\",\"inLanguage\":\"de\",\"@id\":\"https:\/\/now-news.de\/de\/#\/schema\/person\/image\/\",\"url\":\"https:\/\/secure.gravatar.com\/avatar\/82aafea7d8127119dd649515f56e2117?s=96&d=mm&r=g\",\"contentUrl\":\"https:\/\/secure.gravatar.com\/avatar\/82aafea7d8127119dd649515f56e2117?s=96&d=mm&r=g\",\"caption\":\"rtnews\"},\"url\":\"https:\/\/now-news.de\/de\/author\/rnews\/\"}]}<\/script>\n<!-- \/ Yoast SEO Premium plugin. -->","yoast_head_json":{"title":"An Annalena Baerbock soll die Welt genesen - just-now.NEWS Deutschland","robots":{"index":"index","follow":"follow","max-snippet":"max-snippet:-1","max-image-preview":"max-image-preview:large","max-video-preview":"max-video-preview:-1"},"canonical":"https:\/\/now-news.de\/de\/deutschland\/an-annalena-baerbock-soll-die-welt-genesen\/","og_locale":"de_DE","og_type":"article","og_title":"An Annalena Baerbock soll die Welt genesen","og_description":"Eine Au\u00dfenministerin, die scheinbar allwissend und schulmeisterlich ihre gr\u00fcne Moral in die ganze Welt tragen will, andere Diplomaten br\u00fcskiert und selbst nichts draufhat. Eine Au\u00dfenministerin, die sich als Doktorandin und V\u00f6lkerrechtlerin ausgab und in ihrem Buch schummelte. Im Volksmund nennt man so etwas &#8220;Hochstapelei&#8221;. Von Thomas Frank Polinnen und Polen F\u00fcr mich ist Annalena Baerbock [&hellip;]","og_url":"https:\/\/now-news.de\/de\/deutschland\/an-annalena-baerbock-soll-die-welt-genesen\/","og_site_name":"just-now.NEWS Deutschland","article_publisher":"https:\/\/www.facebook.com\/wirmachenauf","article_published_time":"2022-10-10T11:16:12+00:00","og_image":[{"width":460,"height":259,"url":"https:\/\/now-news.de\/de\/wp-content\/uploads\/sites\/3\/2022\/10\/An-Annalena-Baerbock-soll-die-Welt-genesen.jpg","type":"image\/jpeg"}],"author":"rtnews","twitter_card":"summary_large_image","twitter_creator":"@WirMachenAuf_de","twitter_site":"@WirMachenAuf_de","twitter_misc":{"Verfasst von":"rtnews","Gesch\u00e4tzte Lesezeit":"7\u00a0Minuten"},"schema":{"@context":"https:\/\/schema.org","@graph":[{"@type":"Article","@id":"https:\/\/now-news.de\/de\/deutschland\/an-annalena-baerbock-soll-die-welt-genesen\/#article","isPartOf":{"@id":"https:\/\/now-news.de\/de\/deutschland\/an-annalena-baerbock-soll-die-welt-genesen\/"},"author":{"name":"rtnews","@id":"https:\/\/now-news.de\/de\/#\/schema\/person\/fb534a4e865501d8b3285208df34a9b5"},"headline":"An Annalena Baerbock soll die Welt genesen","datePublished":"2022-10-10T11:16:12+00:00","dateModified":"2022-10-10T11:16:12+00:00","mainEntityOfPage":{"@id":"https:\/\/now-news.de\/de\/deutschland\/an-annalena-baerbock-soll-die-welt-genesen\/"},"wordCount":1386,"commentCount":0,"publisher":{"@id":"https:\/\/now-news.de\/de\/#organization"},"image":{"@id":"https:\/\/now-news.de\/de\/deutschland\/an-annalena-baerbock-soll-die-welt-genesen\/#primaryimage"},"thumbnailUrl":"https:\/\/now-news.de\/de\/wp-content\/uploads\/sites\/3\/2022\/10\/An-Annalena-Baerbock-soll-die-Welt-genesen.jpg","keywords":["annalena","Baerbock","die","genesen","soll","Welt"],"articleSection":["Deutschland","Russland"],"inLanguage":"de","potentialAction":[{"@type":"CommentAction","name":"Comment","target":["https:\/\/now-news.de\/de\/deutschland\/an-annalena-baerbock-soll-die-welt-genesen\/#respond"]}]},{"@type":"WebPage","@id":"https:\/\/now-news.de\/de\/deutschland\/an-annalena-baerbock-soll-die-welt-genesen\/","url":"https:\/\/now-news.de\/de\/deutschland\/an-annalena-baerbock-soll-die-welt-genesen\/","name":"An Annalena Baerbock soll die Welt genesen - just-now.NEWS Deutschland","isPartOf":{"@id":"https:\/\/now-news.de\/de\/#website"},"primaryImageOfPage":{"@id":"https:\/\/now-news.de\/de\/deutschland\/an-annalena-baerbock-soll-die-welt-genesen\/#primaryimage"},"image":{"@id":"https:\/\/now-news.de\/de\/deutschland\/an-annalena-baerbock-soll-die-welt-genesen\/#primaryimage"},"thumbnailUrl":"https:\/\/now-news.de\/de\/wp-content\/uploads\/sites\/3\/2022\/10\/An-Annalena-Baerbock-soll-die-Welt-genesen.jpg","datePublished":"2022-10-10T11:16:12+00:00","dateModified":"2022-10-10T11:16:12+00:00","breadcrumb":{"@id":"https:\/\/now-news.de\/de\/deutschland\/an-annalena-baerbock-soll-die-welt-genesen\/#breadcrumb"},"inLanguage":"de","potentialAction":[{"@type":"ReadAction","target":["https:\/\/now-news.de\/de\/deutschland\/an-annalena-baerbock-soll-die-welt-genesen\/"]}]},{"@type":"ImageObject","inLanguage":"de","@id":"https:\/\/now-news.de\/de\/deutschland\/an-annalena-baerbock-soll-die-welt-genesen\/#primaryimage","url":"https:\/\/now-news.de\/de\/wp-content\/uploads\/sites\/3\/2022\/10\/An-Annalena-Baerbock-soll-die-Welt-genesen.jpg","contentUrl":"https:\/\/now-news.de\/de\/wp-content\/uploads\/sites\/3\/2022\/10\/An-Annalena-Baerbock-soll-die-Welt-genesen.jpg","width":460,"height":259,"caption":"An Annalena Baerbock soll die Welt genesen"},{"@type":"BreadcrumbList","@id":"https:\/\/now-news.de\/de\/deutschland\/an-annalena-baerbock-soll-die-welt-genesen\/#breadcrumb","itemListElement":[{"@type":"ListItem","position":1,"name":"Home","item":"https:\/\/now-news.de\/de\/"},{"@type":"ListItem","position":2,"name":"An Annalena Baerbock soll die Welt genesen"}]},{"@type":"WebSite","@id":"https:\/\/now-news.de\/de\/#website","url":"https:\/\/now-news.de\/de\/","name":"just-now.NEWS Deutschland","description":"Das Portal f\u00fcr unzensierte Nachrichten aus der Welt","publisher":{"@id":"https:\/\/now-news.de\/de\/#organization"},"potentialAction":[{"@type":"SearchAction","target":{"@type":"EntryPoint","urlTemplate":"https:\/\/now-news.de\/de\/?s={search_term_string}"},"query-input":"required name=search_term_string"}],"inLanguage":"de"},{"@type":"Organization","@id":"https:\/\/now-news.de\/de\/#organization","name":"Just Now News","url":"https:\/\/now-news.de\/de\/","logo":{"@type":"ImageObject","inLanguage":"de","@id":"https:\/\/now-news.de\/de\/#\/schema\/logo\/image\/","url":"http:\/\/just-now.news\/de\/wp-content\/uploads\/sites\/3\/2022\/04\/logo500x500.jpg","contentUrl":"http:\/\/just-now.news\/de\/wp-content\/uploads\/sites\/3\/2022\/04\/logo500x500.jpg","width":500,"height":500,"caption":"Just Now News"},"image":{"@id":"https:\/\/now-news.de\/de\/#\/schema\/logo\/image\/"},"sameAs":["https:\/\/www.facebook.com\/wirmachenauf","https:\/\/x.com\/WirMachenAuf_de"]},{"@type":"Person","@id":"https:\/\/now-news.de\/de\/#\/schema\/person\/fb534a4e865501d8b3285208df34a9b5","name":"rtnews","image":{"@type":"ImageObject","inLanguage":"de","@id":"https:\/\/now-news.de\/de\/#\/schema\/person\/image\/","url":"https:\/\/secure.gravatar.com\/avatar\/82aafea7d8127119dd649515f56e2117?s=96&d=mm&r=g","contentUrl":"https:\/\/secure.gravatar.com\/avatar\/82aafea7d8127119dd649515f56e2117?s=96&d=mm&r=g","caption":"rtnews"},"url":"https:\/\/now-news.de\/de\/author\/rnews\/"}]}},"_links":{"self":[{"href":"https:\/\/now-news.de\/de\/wp-json\/wp\/v2\/posts\/20710"}],"collection":[{"href":"https:\/\/now-news.de\/de\/wp-json\/wp\/v2\/posts"}],"about":[{"href":"https:\/\/now-news.de\/de\/wp-json\/wp\/v2\/types\/post"}],"author":[{"embeddable":true,"href":"https:\/\/now-news.de\/de\/wp-json\/wp\/v2\/users\/3"}],"replies":[{"embeddable":true,"href":"https:\/\/now-news.de\/de\/wp-json\/wp\/v2\/comments?post=20710"}],"version-history":[{"count":0,"href":"https:\/\/now-news.de\/de\/wp-json\/wp\/v2\/posts\/20710\/revisions"}],"wp:featuredmedia":[{"embeddable":true,"href":"https:\/\/now-news.de\/de\/wp-json\/wp\/v2\/media\/20711"}],"wp:attachment":[{"href":"https:\/\/now-news.de\/de\/wp-json\/wp\/v2\/media?parent=20710"}],"wp:term":[{"taxonomy":"category","embeddable":true,"href":"https:\/\/now-news.de\/de\/wp-json\/wp\/v2\/categories?post=20710"},{"taxonomy":"post_tag","embeddable":true,"href":"https:\/\/now-news.de\/de\/wp-json\/wp\/v2\/tags?post=20710"}],"curies":[{"name":"wp","href":"https:\/\/api.w.org\/{rel}","templated":true}]}}