{"id":20672,"date":"2022-10-09T20:51:46","date_gmt":"2022-10-09T18:51:46","guid":{"rendered":"http:\/\/just-now.news\/de\/deutschland\/geopolitik-der-elefant-im-raum\/"},"modified":"2022-10-09T20:51:46","modified_gmt":"2022-10-09T18:51:46","slug":"geopolitik-der-elefant-im-raum","status":"publish","type":"post","link":"https:\/\/now-news.de\/de\/deutschland\/geopolitik-der-elefant-im-raum\/","title":{"rendered":"Geopolitik: Der Elefant im Raum"},"content":{"rendered":"<p><img decoding=\"async\" src=\"http:\/\/just-now.news\/de\/wp-content\/uploads\/sites\/3\/2022\/10\/63419da648fbef137d3babbf.jpg\" \/><\/p>\n<p><em>Von Dagmar Henn<\/em><\/p>\n<p>Zu Wladimir Putins 70. Geburtstag \u00fcberschlug sich die deutsche Presselandschaft wieder mit Meldungen \u00fcber den &#8220;Kremlchef&#8221; (<em>FAZ<\/em>), der mit &#8220;L\u00fcgen, T\u00e4uschen und Drohungen&#8221; (<em>Focus<\/em>) zu handeln gewohnt sei und jetzt vor einem &#8220;Kontrollverlust&#8221; (<em>Zeit<\/em>) stehe. Das ist die Geschichte, die seit Jahren verkauft wird: ein Alleinherrscher, dessen geistige Gesundheit fraglich ist und dessen Handlungen R\u00e4tsel aufgeben. Besonders gerne wird dann noch finster &#8220;KGB&#8221; geraunt.<\/p>\n<p>Sonderlich glaubw\u00fcrdig schienen mir diese Geschichten nie. Das hat mehrere Gr\u00fcnde. Zum einen wei\u00df ich vielleicht etwas mehr \u00fcber Nachrichtendienste als die Durchschnittsbev\u00f6lkerung, zum anderen kenne ich die Abl\u00e4ufe innerhalb kommunistischer Parteien, und zum dritten ist die Vorstellung des &#8220;Alleinherrschers&#8221; eine absolute historische Fiktion, die es nie gegeben hat und auch nie geben wird.<\/p>\n<p>Aber betrachten wir die Punkte einmal einzeln. Mein Vater war Jurist und verbrachte sein gesamtes Arbeitsleben beim BND, und ich habe im Lauf der Jahre doch ein relativ klares Bild erhalten, wie solche Strukturen funktionieren (auch wenn er nie im operativen Bereich t\u00e4tig war).<\/p>\n<p>Der erste Punkt, der von der \u00f6ffentlichen Wahrnehmung abweicht, ist, dass es sich um h\u00f6chst rationale Organisationen handelt. Sofern man einmal die Frage eines &#8220;tiefen Staates&#8221; beiseite l\u00e4sst, erf\u00fcllen sie zwei Zwecke. Zum einen sollen sie die Informationen gewinnen, die erforderlich sind, um die Lage so realistisch wie m\u00f6glich einsch\u00e4tzen zu k\u00f6nnen, und zum anderen werden sie unter Umst\u00e4nden damit beauftragt, die auf Grundlage dieser Einsch\u00e4tzungen getroffenen politischen Entscheidungen umzusetzen. Die Entscheidung selbst wird aber au\u00dferhalb dieses Apparats getroffen.<\/p>\n<p>So sehr das \u00f6ffentliche Bild von Abenteuergeschichten gepr\u00e4gt ist, aus denen dann so etwas wie &#8220;L\u00fcgen, T\u00e4uschung und Drohungen&#8221; gesogen wird (da sieht man regelrecht die klassischen Schurken aus den James-Bond-Filmen), so sehr dominiert in Wirklichkeit die Verarbeitung von Information. Das Ziel eines Auslandsgeheimdienstes ist, eine realistische Grundlage f\u00fcr au\u00dfenpolitische Entscheidungen zu liefern. Die selbst wiederum letztlich immer rationalen Interessen folgen, gleich wie oft die Bundestrampolinspringerin von Werten redet.<\/p>\n<p>Weil das gew\u00fcnschte Ergebnis ein rationales ist, ist das auch Voraussetzung an das Personal. Selbst die ber\u00fcchtigten und ber\u00fchmten Putsche der CIA waren kein Privatvergn\u00fcgen irgendwelcher finsterer Verschw\u00f6rer, sondern folgten der \u00e4u\u00dferst rationalen Vorgabe, etwa die Kontrolle \u00fcber bestimmte Rohstoffe oder geopolitisch wichtige Standorte zu erreichen oder zu halten. Das, was das \u00e4u\u00dfere Bild dominiert, ist nur das gelegentliche Mittel zum Zweck; da aber die Ausf\u00fchrenden nicht die Entscheider sind, ist der Charakter, der ihnen zugeschrieben wird, reine Projektion. Andere als n\u00fcchterne Menschen sind nicht zu gebrauchen.<\/p>\n<p>Der zweite Punkt, die Abl\u00e4ufe in kommunistischen Parteien, ist deshalb wichtig, weil es da eine kulturelle Pr\u00e4gung gibt. Schlie\u00dflich war das \u00fcber die 70 Jahre der Sowjetunion hinweg der Kern des politischen Prozesses, und bis heute ist Russland von der Oberfl\u00e4chlichkeit westlicher Politik relativ weit entfernt.<\/p>\n<p>Dieter S\u00fcverkr\u00fcp hat in den 1960ern ein <a rel=\"nofollow noopener\" target=\"_blank\" href=\"https:\/\/www.youtube.com\/watch?v=m98ZCPwphh4\">Lied<\/a> geschrieben, das alle Stereotype, die bezogen auf Kommunisten im Westen herrschen, ziemlich gut zusammenfasst. Fr\u00fchst\u00fcckt mit Wodka, frisst um zehn das erste Kind und diskutiert dann mit Schwester Theresa \u00fcber den Weltfrieden. Und nat\u00fcrlich ist diese finstere Verschw\u00f6rergestalt ein einsamer Wolf &#8230;<\/p>\n<p>In Wirklichkeit sind kommunistische Parteien bis zum Exzess demokratisch. Das mag Au\u00dfenstehende verbl\u00fcffen; aber jedes auch nur ansatzweise wichtige Dokument wird ausf\u00fchrlich diskutiert, auf allen Ebenen, und Entscheidungsprozesse sind dadurch vergleichsweise langsam (Demokratie braucht immer Zeit und Organisation). W\u00e4hrend die westliche Fantasie davon ausgeht, dass jemand an der Spitze einfach durchregiert, so wie das der Vorstandsvorsitzende eines Konzerns tun kann, ist genau das in diesen Strukturen nicht m\u00f6glich. Wer penible Diskussionen dar\u00fcber, ob eine Einsch\u00e4tzung zutrifft oder nicht, langweilig findet, sollte solchen Organisationen fernbleiben.<\/p>\n<p>Nachdem ich auch zehn Jahre in der Linkspartei verbracht habe, in ihren Anfangsjahren, als es noch etwas Leben in der Organisation gab, muss ich sagen, an diesem Punkt ist sie eine gew\u00f6hnliche b\u00fcrgerliche Partei. Das hei\u00dft, die Entscheidungsm\u00f6glichkeiten normaler Mitglieder sind wesentlich geringer. Was aber hingenommen wird, weil die meisten Menschen, die in so eine Partei gehen, gar nicht bereit sind, viel Zeit mit Politik zu verbringen, sondern gar nicht mehr wollen, als sich selbst zu bescheinigen, zu den &#8220;Guten&#8221; zu geh\u00f6ren. Und dann gibt es nat\u00fcrlich die unterschiedlichen Karriere-Seilschaften.<\/p>\n<p>Ein Punkt, der kommunistische und b\u00fcrgerliche Parteien klar unterscheidet, ist, wie ernst die politischen Aussagen gemeint sind. Jeder wei\u00df, dass Wahlk\u00e4mpfe der parlamentarischen Parteien von Werbeagenturen gestaltet werden, die das umsetzen, was die Meinungsforschungsinstitute als &#8220;Verkaufsschlager&#8221; einer jeweiligen Partei identifiziert haben. Was da angepriesen wird, ist keine origin\u00e4r politische Position, und dementsprechend ist das, was dann real umgesetzt wird, nur noch begrenzt mit dem verbunden, was versprochen wurde (und es setzen sich oft Interessen durch, die zuvor \u00fcberhaupt nicht benannt werden, dank ausgiebiger Lobbyarbeit). Genau an diesem Punkt haben sich die L\u00e4nder des Westens in den letzten Jahrzehnten immer weiter entdemokratisiert; denn welchen Wert hat die eine demokratische Entscheidung des gew\u00f6hnlichen B\u00fcrgers, das Kreuz auf dem Stimmzettel noch, wenn die Voraussetzungen eine Fiktion sind?<\/p>\n<p>Wenn man die Dokumente beliebiger kommunistischer Parteien zu beliebiger Zeit betrachtet, gleich an welchem Ort der Welt, stellt man fest, dass sie immer von einer globalen Analyse abw\u00e4rts gehen. Wie ist die Lage auf der Welt? Welche Interessen stehen sich gegen\u00fcber? Von au\u00dfen betrachtet wirkt erst einmal die Begrifflichkeit fremd, wenn von Imperialismus und von Klassen die Rede ist; aber das sind schlicht die eingef\u00fchrten Begriffe, um Gruppen zu benennen, die grundlegende \u00f6konomische Interessen miteinander teilen.<\/p>\n<p>Sprich, die finsteren Verschw\u00f6rer besch\u00e4ftigen sich zuallererst damit, ein m\u00f6glichst genaues Bild der gegenw\u00e4rtigen Wirklichkeit zu erstellen, um dann auf dieser Grundlage zu den richtigen politischen Entscheidungen zu kommen (richtig selbstverst\u00e4ndlich, wie bei allen politischen Akteuren, f\u00fcr die eigenen Ziele). Was, bezogen auf das heutige Deutschland, beispielsweise hei\u00dft, die Entwicklung der Energiekosten wie die Inflation als einen Angriff auf die Lage der Arbeiterklasse zu benennen und daraus abzuleiten, dass deren Abwehr erforderlich ist. Oder auf globaler Ebene zu betrachten, wie es sich mit den Versuchen verh\u00e4lt, das System kolonialer Abh\u00e4ngigkeiten zu sprengen, die seit Entstehen kommunistischer Organisationen eines der wichtigsten Ziele darstellen, und anhand dessen zu identifizieren, welche L\u00e4nder B\u00fcndnispartner und welche Gegner sind.<\/p>\n<p>Ich sage das jetzt nur, um begreiflich zu machen, wo das \u00dcbersetzungsproblem liegt. Das Interessante an Putins Reden ist n\u00e4mlich, dass sie genau so gemeint sind, wie sie dastehen. Also nicht Werbeinteressen folgen, nicht darauf abzielen, dem Publikum ein angenehmes, aber falsches Bild zu vermitteln, sondern, wie vor allem bei der Rede zu den Referenden zu merken war, ganz klassisch von einer Analyse der globalen Situation ausgehen (selbst wenn diese Analyse erst im hinteren Teil der Rede auftaucht) und alles weitere daraus abgeleitet wird.<\/p>\n<p>Man k\u00f6nnte das vielleicht damit vergleichen, dass ein streng protestantisch aufgewachsener Atheist immer noch bestimmte Elemente der reichlich genossenen Sonntagspredigten aufgreifen und wiedergeben wird. Die Pr\u00e4gung durch die Art der Kommunikation bleibt. Auch die durch eine bestimmte Art der Verantwortlichkeit; individuelle H\u00f6henfl\u00fcge wie der einer Annalena Baerbock (&#8220;Gleich, was meine W\u00e4hler denken&#8221;) sind in kommunistischen Parteien undenkbar, denn das Gegen\u00fcber sind nicht W\u00e4hler, sondern Mitglieder, und die fordern Rechenschaft.<\/p>\n<p>Dieses Muster politischen Handelns ist sp\u00e4testens seit 1989 im Westen weitgehend unbekannt. Also lesen die Journalisten diese Reden, als handele es sich um die Reden westlicher Politiker, die immer die Frage aufwerfen: &#8220;Was meint er wirklich?&#8221; Dass globale Politik nicht f\u00fcr irgendwelche Werte gemacht wird, sondern immer die Umsetzung bestimmter Interessen ist, d\u00fcrfte selbst bei den Vertretern westlicher Medien bekannt sein. Wo sie aber v\u00f6llig die Orientierung verlieren, ist bei der Bewertung der gesagten und der nicht gesagten Teile. Hinter den Aussagen eines Joe Biden oder einer Frau Baerbock steht ebenso sehr ein analytischer Apparat, der Interessen identifiziert; aber ausgesprochen werden davon nur Bruchst\u00fccke. Auch die Verk\u00e4ufer der Wertesuada wissen, dass es bei dem Putsch in Bolivien um die Lithiumvorkommen ging und nicht darum, einen Wahlbetrug zu ahnden; aber wenn ihnen gegen\u00fcber jemand auftritt und offen von den Lithiumvorkommen redet, erwarten sie, dass dahinter noch weitere Absichten stehen m\u00fcssen.<\/p>\n<p>Man k\u00f6nnte fast sagen, dass ist ein Problem interkultureller Kommunikation, wenn nicht die Fehldeutung selbst von Interessen bestimmt w\u00e4re. So, wie dem Publikum in Westeuropa im Jahr 2014 die Bilder von Polizisten auf dem Maidan gezeigt wurden, mit Helm und Schild, und jeder Westeurop\u00e4er sich dieses Bild um die restliche Ausr\u00fcstung erg\u00e4nzte, die bei Demonstrationen \u00fcblich ist, vom Schlagstock \u00fcbers Pfefferspray bis zur Pistole. Genau an diesem Punkt unterschieden sich aber Wahrnehmung und Wirklichkeit, weil genau jene Ausr\u00fcstung nicht mit im Spiel war, und der rechtliche Rahmen, unter dem die damalige ukrainische Polizei handelte, sich v\u00f6llig von dem etwa der deutschen unterschied.<\/p>\n<p>Die Fantasie des Alleinherrschers \u00fcbergeht die Tatsache, dass jede Form von Herrschaft einen Apparat ben\u00f6tigt, der m\u00f6gliche Vorgaben umsetzt. Selbst der verr\u00fcckteste r\u00f6mische Kaiser musste sich mindestens der Loyalit\u00e4t der Pr\u00e4torianergarde sicher sein, und es werden sich kaum Beispiele finden lassen, bei denen nicht die Interessen mindestens einer gr\u00f6\u00dferen gesellschaftlichen Gruppe umgesetzt wurden. Die wichtigste Voraussetzung jeder Form von Herrschaft ist die Kooperation der Beherrschten. Wie tragf\u00e4hig diese ist, ist letztlich immer eine Frage der Interessen. Werden sie zu sehr verletzt oder gar v\u00f6llig negiert, wird jede Art der Macht, selbst die gewaltsamste, br\u00fcchig (was einer der Gr\u00fcnde ist, warum sich in die Kommunikation der deutschen Regierung, die sichtbar und sehr grunds\u00e4tzlich gegen die Interessen der deutschen Bev\u00f6lkerung handelt, immer wieder T\u00f6ne von Panik einschleichen, Stichwort &#8220;Delegitimierung&#8221;).<\/p>\n<p>Dass die russische politische Kommunikation, die im Vergleich zur westlichen extrem offen ist, st\u00e4ndig mit der Unterstellung unbenannter Absichten versehen werden muss, hat aber noch einen weiteren Grund. Es ist schlie\u00dflich mitnichten so, dass im Westen geopolitische Ziele nicht ge\u00e4u\u00dfert werden. Man kann die Debatten dar\u00fcber bei den entsprechenden Denkfabriken finden; da werden wirtschaftliche Interessen und machtpolitische Ziele durchaus offen benannt. Aber diese Debatten werden nur in kleinen H\u00e4ppchen der breiten \u00d6ffentlichkeit verabreicht, beispielsweise, wenn davon die Rede ist, China &#8220;einhegen&#8221; zu m\u00fcssen. Das Motiv daf\u00fcr wird allerdings verkleidet. Das allgemeine Publikum bekommt eine Werteerz\u00e4hlung vorgesetzt, w\u00e4hrend es in der echten Debatte um Absatzm\u00e4rkte, Rohstoffe und koloniale Kontrolle geht.<\/p>\n<p>Wenn nun die westlichen Spielregeln insofern gebrochen werden, dass diese eigentlich entscheidenden geopolitischen \u00dcberlegungen offen auf den Tisch gelegt werden, ist das nat\u00fcrlich ein Problem, weil das f\u00fcr jeden halbwegs intelligenten Beobachter die Frage aufwirft, was denn die Wahrheit hinter der Werteerz\u00e4hlung ist. Solange sich solche Zweifel auf eine kleinere Gruppe beschr\u00e4nken, ist das unproblematisch. Aber sie d\u00fcrfen auf keinen Fall weiter um sich greifen.<\/p>\n<p>Also bleibt letztlich gar keine andere M\u00f6glichkeit, als die &#8220;offene&#8221; Version mit einer Aura finsterer Verschw\u00f6rung und verborgener Absichten zu umgeben, um die eigene, &#8220;verdeckte&#8221; Variante abzusichern. Gerade weil das westliche Publikum weiter get\u00e4uscht werden muss und die wirklichen Ziele beispielsweise der Klimapolitik nicht benannt werden d\u00fcrfen, muss jede politische Aussage, die Ziele offen benennt, zur T\u00e4uschung erkl\u00e4rt werden.<\/p>\n<p><strong>Mehr zum Thema<\/strong> &#8211; <a rel=\"nofollow noopener\" target=\"_blank\" href=\"https:\/\/pressefreiheit.rtde.tech\/international\/150312-komplettabrechnung-mit-westen-und-neuer\/\">Komplettabrechnung mit dem Westen und neuer Antikolonialismus \u2013 Putins gro\u00dfe Beitrittsrede <\/a><\/p>\n<\/p>\n<p><br \/>\n<br \/><a href=\"https:\/\/de.rt.com\/meinung\/151030-geopolitik-der-elefant-im-raum\/\">Source link <\/a><\/p>\n","protected":false},"excerpt":{"rendered":"<p>Von Dagmar Henn Zu Wladimir Putins 70. Geburtstag \u00fcberschlug sich die deutsche Presselandschaft wieder mit Meldungen \u00fcber den &#8220;Kremlchef&#8221; (FAZ), der mit &#8220;L\u00fcgen, T\u00e4uschen und Drohungen&#8221; (Focus) zu handeln gewohnt sei und jetzt vor einem &#8220;Kontrollverlust&#8221; (Zeit) stehe. Das ist die Geschichte, die seit Jahren verkauft wird: ein Alleinherrscher, dessen geistige Gesundheit fraglich ist und [&hellip;]<\/p>\n","protected":false},"author":3,"featured_media":20673,"comment_status":"open","ping_status":"open","sticky":false,"template":"","format":"standard","meta":{"wp_automatic_camp":["217"],"98e102d7377248032f1b74cbb9cd35dd":["Geopolitik: Der Elefant im Raum"],"original_link":["https:\/\/de.rt.com\/meinung\/151030-geopolitik-der-elefant-im-raum\/"],"_thumbnail_id":["20673"],"_wptg_p2tg_sent2tg":["2022-10-09 21:04:34"],"jnews_social_counter_last_update":["1777281496"]},"categories":[19,23],"tags":[82,34106,3228,8036],"yoast_head":"<!-- This site is optimized with the Yoast SEO Premium plugin v22.7 (Yoast SEO v22.7) - https:\/\/yoast.com\/wordpress\/plugins\/seo\/ -->\n<title>Geopolitik: Der Elefant im Raum - just-now.NEWS Deutschland<\/title>\n<meta name=\"robots\" content=\"index, follow, max-snippet:-1, max-image-preview:large, max-video-preview:-1\" \/>\n<link rel=\"canonical\" href=\"https:\/\/now-news.de\/de\/deutschland\/geopolitik-der-elefant-im-raum\/\" \/>\n<meta property=\"og:locale\" content=\"de_DE\" \/>\n<meta property=\"og:type\" content=\"article\" \/>\n<meta property=\"og:title\" content=\"Geopolitik: Der Elefant im Raum\" \/>\n<meta property=\"og:description\" content=\"Von Dagmar Henn Zu Wladimir Putins 70. Geburtstag \u00fcberschlug sich die deutsche Presselandschaft wieder mit Meldungen \u00fcber den &#8220;Kremlchef&#8221; (FAZ), der mit &#8220;L\u00fcgen, T\u00e4uschen und Drohungen&#8221; (Focus) zu handeln gewohnt sei und jetzt vor einem &#8220;Kontrollverlust&#8221; (Zeit) stehe. Das ist die Geschichte, die seit Jahren verkauft wird: ein Alleinherrscher, dessen geistige Gesundheit fraglich ist und [&hellip;]\" \/>\n<meta property=\"og:url\" content=\"https:\/\/now-news.de\/de\/deutschland\/geopolitik-der-elefant-im-raum\/\" \/>\n<meta property=\"og:site_name\" content=\"just-now.NEWS Deutschland\" \/>\n<meta property=\"article:publisher\" content=\"https:\/\/www.facebook.com\/wirmachenauf\" \/>\n<meta property=\"article:published_time\" content=\"2022-10-09T18:51:46+00:00\" \/>\n<meta property=\"og:image\" content=\"https:\/\/now-news.de\/de\/wp-content\/uploads\/sites\/3\/2022\/10\/Geopolitik-Der-Elefant-im-Raum.jpg\" \/>\n\t<meta property=\"og:image:width\" content=\"460\" \/>\n\t<meta property=\"og:image:height\" content=\"259\" \/>\n\t<meta property=\"og:image:type\" content=\"image\/jpeg\" \/>\n<meta name=\"author\" content=\"rtnews\" \/>\n<meta name=\"twitter:card\" content=\"summary_large_image\" \/>\n<meta name=\"twitter:creator\" content=\"@WirMachenAuf_de\" \/>\n<meta name=\"twitter:site\" content=\"@WirMachenAuf_de\" \/>\n<meta name=\"twitter:label1\" content=\"Verfasst von\" \/>\n\t<meta name=\"twitter:data1\" content=\"rtnews\" \/>\n\t<meta name=\"twitter:label2\" content=\"Gesch\u00e4tzte Lesezeit\" \/>\n\t<meta name=\"twitter:data2\" content=\"9\u00a0Minuten\" \/>\n<script type=\"application\/ld+json\" class=\"yoast-schema-graph\">{\"@context\":\"https:\/\/schema.org\",\"@graph\":[{\"@type\":\"Article\",\"@id\":\"https:\/\/now-news.de\/de\/deutschland\/geopolitik-der-elefant-im-raum\/#article\",\"isPartOf\":{\"@id\":\"https:\/\/now-news.de\/de\/deutschland\/geopolitik-der-elefant-im-raum\/\"},\"author\":{\"name\":\"rtnews\",\"@id\":\"https:\/\/now-news.de\/de\/#\/schema\/person\/fb534a4e865501d8b3285208df34a9b5\"},\"headline\":\"Geopolitik: Der Elefant im Raum\",\"datePublished\":\"2022-10-09T18:51:46+00:00\",\"dateModified\":\"2022-10-09T18:51:46+00:00\",\"mainEntityOfPage\":{\"@id\":\"https:\/\/now-news.de\/de\/deutschland\/geopolitik-der-elefant-im-raum\/\"},\"wordCount\":1900,\"commentCount\":0,\"publisher\":{\"@id\":\"https:\/\/now-news.de\/de\/#organization\"},\"image\":{\"@id\":\"https:\/\/now-news.de\/de\/deutschland\/geopolitik-der-elefant-im-raum\/#primaryimage\"},\"thumbnailUrl\":\"https:\/\/now-news.de\/de\/wp-content\/uploads\/sites\/3\/2022\/10\/Geopolitik-Der-Elefant-im-Raum.jpg\",\"keywords\":[\"der\",\"Elefant\",\"Geopolitik\",\"Raum\"],\"articleSection\":[\"Deutschland\",\"Russland\"],\"inLanguage\":\"de\",\"potentialAction\":[{\"@type\":\"CommentAction\",\"name\":\"Comment\",\"target\":[\"https:\/\/now-news.de\/de\/deutschland\/geopolitik-der-elefant-im-raum\/#respond\"]}]},{\"@type\":\"WebPage\",\"@id\":\"https:\/\/now-news.de\/de\/deutschland\/geopolitik-der-elefant-im-raum\/\",\"url\":\"https:\/\/now-news.de\/de\/deutschland\/geopolitik-der-elefant-im-raum\/\",\"name\":\"Geopolitik: Der Elefant im Raum - just-now.NEWS Deutschland\",\"isPartOf\":{\"@id\":\"https:\/\/now-news.de\/de\/#website\"},\"primaryImageOfPage\":{\"@id\":\"https:\/\/now-news.de\/de\/deutschland\/geopolitik-der-elefant-im-raum\/#primaryimage\"},\"image\":{\"@id\":\"https:\/\/now-news.de\/de\/deutschland\/geopolitik-der-elefant-im-raum\/#primaryimage\"},\"thumbnailUrl\":\"https:\/\/now-news.de\/de\/wp-content\/uploads\/sites\/3\/2022\/10\/Geopolitik-Der-Elefant-im-Raum.jpg\",\"datePublished\":\"2022-10-09T18:51:46+00:00\",\"dateModified\":\"2022-10-09T18:51:46+00:00\",\"breadcrumb\":{\"@id\":\"https:\/\/now-news.de\/de\/deutschland\/geopolitik-der-elefant-im-raum\/#breadcrumb\"},\"inLanguage\":\"de\",\"potentialAction\":[{\"@type\":\"ReadAction\",\"target\":[\"https:\/\/now-news.de\/de\/deutschland\/geopolitik-der-elefant-im-raum\/\"]}]},{\"@type\":\"ImageObject\",\"inLanguage\":\"de\",\"@id\":\"https:\/\/now-news.de\/de\/deutschland\/geopolitik-der-elefant-im-raum\/#primaryimage\",\"url\":\"https:\/\/now-news.de\/de\/wp-content\/uploads\/sites\/3\/2022\/10\/Geopolitik-Der-Elefant-im-Raum.jpg\",\"contentUrl\":\"https:\/\/now-news.de\/de\/wp-content\/uploads\/sites\/3\/2022\/10\/Geopolitik-Der-Elefant-im-Raum.jpg\",\"width\":460,\"height\":259,\"caption\":\"Geopolitik: Der Elefant im Raum\"},{\"@type\":\"BreadcrumbList\",\"@id\":\"https:\/\/now-news.de\/de\/deutschland\/geopolitik-der-elefant-im-raum\/#breadcrumb\",\"itemListElement\":[{\"@type\":\"ListItem\",\"position\":1,\"name\":\"Home\",\"item\":\"https:\/\/now-news.de\/de\/\"},{\"@type\":\"ListItem\",\"position\":2,\"name\":\"Geopolitik: Der Elefant im Raum\"}]},{\"@type\":\"WebSite\",\"@id\":\"https:\/\/now-news.de\/de\/#website\",\"url\":\"https:\/\/now-news.de\/de\/\",\"name\":\"just-now.NEWS Deutschland\",\"description\":\"Das Portal f\u00fcr unzensierte Nachrichten aus der Welt\",\"publisher\":{\"@id\":\"https:\/\/now-news.de\/de\/#organization\"},\"potentialAction\":[{\"@type\":\"SearchAction\",\"target\":{\"@type\":\"EntryPoint\",\"urlTemplate\":\"https:\/\/now-news.de\/de\/?s={search_term_string}\"},\"query-input\":\"required name=search_term_string\"}],\"inLanguage\":\"de\"},{\"@type\":\"Organization\",\"@id\":\"https:\/\/now-news.de\/de\/#organization\",\"name\":\"Just Now News\",\"url\":\"https:\/\/now-news.de\/de\/\",\"logo\":{\"@type\":\"ImageObject\",\"inLanguage\":\"de\",\"@id\":\"https:\/\/now-news.de\/de\/#\/schema\/logo\/image\/\",\"url\":\"http:\/\/just-now.news\/de\/wp-content\/uploads\/sites\/3\/2022\/04\/logo500x500.jpg\",\"contentUrl\":\"http:\/\/just-now.news\/de\/wp-content\/uploads\/sites\/3\/2022\/04\/logo500x500.jpg\",\"width\":500,\"height\":500,\"caption\":\"Just Now News\"},\"image\":{\"@id\":\"https:\/\/now-news.de\/de\/#\/schema\/logo\/image\/\"},\"sameAs\":[\"https:\/\/www.facebook.com\/wirmachenauf\",\"https:\/\/x.com\/WirMachenAuf_de\"]},{\"@type\":\"Person\",\"@id\":\"https:\/\/now-news.de\/de\/#\/schema\/person\/fb534a4e865501d8b3285208df34a9b5\",\"name\":\"rtnews\",\"image\":{\"@type\":\"ImageObject\",\"inLanguage\":\"de\",\"@id\":\"https:\/\/now-news.de\/de\/#\/schema\/person\/image\/\",\"url\":\"https:\/\/secure.gravatar.com\/avatar\/82aafea7d8127119dd649515f56e2117?s=96&d=mm&r=g\",\"contentUrl\":\"https:\/\/secure.gravatar.com\/avatar\/82aafea7d8127119dd649515f56e2117?s=96&d=mm&r=g\",\"caption\":\"rtnews\"},\"url\":\"https:\/\/now-news.de\/de\/author\/rnews\/\"}]}<\/script>\n<!-- \/ Yoast SEO Premium plugin. -->","yoast_head_json":{"title":"Geopolitik: Der Elefant im Raum - just-now.NEWS Deutschland","robots":{"index":"index","follow":"follow","max-snippet":"max-snippet:-1","max-image-preview":"max-image-preview:large","max-video-preview":"max-video-preview:-1"},"canonical":"https:\/\/now-news.de\/de\/deutschland\/geopolitik-der-elefant-im-raum\/","og_locale":"de_DE","og_type":"article","og_title":"Geopolitik: Der Elefant im Raum","og_description":"Von Dagmar Henn Zu Wladimir Putins 70. Geburtstag \u00fcberschlug sich die deutsche Presselandschaft wieder mit Meldungen \u00fcber den &#8220;Kremlchef&#8221; (FAZ), der mit &#8220;L\u00fcgen, T\u00e4uschen und Drohungen&#8221; (Focus) zu handeln gewohnt sei und jetzt vor einem &#8220;Kontrollverlust&#8221; (Zeit) stehe. Das ist die Geschichte, die seit Jahren verkauft wird: ein Alleinherrscher, dessen geistige Gesundheit fraglich ist und [&hellip;]","og_url":"https:\/\/now-news.de\/de\/deutschland\/geopolitik-der-elefant-im-raum\/","og_site_name":"just-now.NEWS Deutschland","article_publisher":"https:\/\/www.facebook.com\/wirmachenauf","article_published_time":"2022-10-09T18:51:46+00:00","og_image":[{"width":460,"height":259,"url":"https:\/\/now-news.de\/de\/wp-content\/uploads\/sites\/3\/2022\/10\/Geopolitik-Der-Elefant-im-Raum.jpg","type":"image\/jpeg"}],"author":"rtnews","twitter_card":"summary_large_image","twitter_creator":"@WirMachenAuf_de","twitter_site":"@WirMachenAuf_de","twitter_misc":{"Verfasst von":"rtnews","Gesch\u00e4tzte Lesezeit":"9\u00a0Minuten"},"schema":{"@context":"https:\/\/schema.org","@graph":[{"@type":"Article","@id":"https:\/\/now-news.de\/de\/deutschland\/geopolitik-der-elefant-im-raum\/#article","isPartOf":{"@id":"https:\/\/now-news.de\/de\/deutschland\/geopolitik-der-elefant-im-raum\/"},"author":{"name":"rtnews","@id":"https:\/\/now-news.de\/de\/#\/schema\/person\/fb534a4e865501d8b3285208df34a9b5"},"headline":"Geopolitik: Der Elefant im Raum","datePublished":"2022-10-09T18:51:46+00:00","dateModified":"2022-10-09T18:51:46+00:00","mainEntityOfPage":{"@id":"https:\/\/now-news.de\/de\/deutschland\/geopolitik-der-elefant-im-raum\/"},"wordCount":1900,"commentCount":0,"publisher":{"@id":"https:\/\/now-news.de\/de\/#organization"},"image":{"@id":"https:\/\/now-news.de\/de\/deutschland\/geopolitik-der-elefant-im-raum\/#primaryimage"},"thumbnailUrl":"https:\/\/now-news.de\/de\/wp-content\/uploads\/sites\/3\/2022\/10\/Geopolitik-Der-Elefant-im-Raum.jpg","keywords":["der","Elefant","Geopolitik","Raum"],"articleSection":["Deutschland","Russland"],"inLanguage":"de","potentialAction":[{"@type":"CommentAction","name":"Comment","target":["https:\/\/now-news.de\/de\/deutschland\/geopolitik-der-elefant-im-raum\/#respond"]}]},{"@type":"WebPage","@id":"https:\/\/now-news.de\/de\/deutschland\/geopolitik-der-elefant-im-raum\/","url":"https:\/\/now-news.de\/de\/deutschland\/geopolitik-der-elefant-im-raum\/","name":"Geopolitik: Der Elefant im Raum - just-now.NEWS Deutschland","isPartOf":{"@id":"https:\/\/now-news.de\/de\/#website"},"primaryImageOfPage":{"@id":"https:\/\/now-news.de\/de\/deutschland\/geopolitik-der-elefant-im-raum\/#primaryimage"},"image":{"@id":"https:\/\/now-news.de\/de\/deutschland\/geopolitik-der-elefant-im-raum\/#primaryimage"},"thumbnailUrl":"https:\/\/now-news.de\/de\/wp-content\/uploads\/sites\/3\/2022\/10\/Geopolitik-Der-Elefant-im-Raum.jpg","datePublished":"2022-10-09T18:51:46+00:00","dateModified":"2022-10-09T18:51:46+00:00","breadcrumb":{"@id":"https:\/\/now-news.de\/de\/deutschland\/geopolitik-der-elefant-im-raum\/#breadcrumb"},"inLanguage":"de","potentialAction":[{"@type":"ReadAction","target":["https:\/\/now-news.de\/de\/deutschland\/geopolitik-der-elefant-im-raum\/"]}]},{"@type":"ImageObject","inLanguage":"de","@id":"https:\/\/now-news.de\/de\/deutschland\/geopolitik-der-elefant-im-raum\/#primaryimage","url":"https:\/\/now-news.de\/de\/wp-content\/uploads\/sites\/3\/2022\/10\/Geopolitik-Der-Elefant-im-Raum.jpg","contentUrl":"https:\/\/now-news.de\/de\/wp-content\/uploads\/sites\/3\/2022\/10\/Geopolitik-Der-Elefant-im-Raum.jpg","width":460,"height":259,"caption":"Geopolitik: Der Elefant im Raum"},{"@type":"BreadcrumbList","@id":"https:\/\/now-news.de\/de\/deutschland\/geopolitik-der-elefant-im-raum\/#breadcrumb","itemListElement":[{"@type":"ListItem","position":1,"name":"Home","item":"https:\/\/now-news.de\/de\/"},{"@type":"ListItem","position":2,"name":"Geopolitik: Der Elefant im Raum"}]},{"@type":"WebSite","@id":"https:\/\/now-news.de\/de\/#website","url":"https:\/\/now-news.de\/de\/","name":"just-now.NEWS Deutschland","description":"Das Portal f\u00fcr unzensierte Nachrichten aus der Welt","publisher":{"@id":"https:\/\/now-news.de\/de\/#organization"},"potentialAction":[{"@type":"SearchAction","target":{"@type":"EntryPoint","urlTemplate":"https:\/\/now-news.de\/de\/?s={search_term_string}"},"query-input":"required name=search_term_string"}],"inLanguage":"de"},{"@type":"Organization","@id":"https:\/\/now-news.de\/de\/#organization","name":"Just Now News","url":"https:\/\/now-news.de\/de\/","logo":{"@type":"ImageObject","inLanguage":"de","@id":"https:\/\/now-news.de\/de\/#\/schema\/logo\/image\/","url":"http:\/\/just-now.news\/de\/wp-content\/uploads\/sites\/3\/2022\/04\/logo500x500.jpg","contentUrl":"http:\/\/just-now.news\/de\/wp-content\/uploads\/sites\/3\/2022\/04\/logo500x500.jpg","width":500,"height":500,"caption":"Just Now News"},"image":{"@id":"https:\/\/now-news.de\/de\/#\/schema\/logo\/image\/"},"sameAs":["https:\/\/www.facebook.com\/wirmachenauf","https:\/\/x.com\/WirMachenAuf_de"]},{"@type":"Person","@id":"https:\/\/now-news.de\/de\/#\/schema\/person\/fb534a4e865501d8b3285208df34a9b5","name":"rtnews","image":{"@type":"ImageObject","inLanguage":"de","@id":"https:\/\/now-news.de\/de\/#\/schema\/person\/image\/","url":"https:\/\/secure.gravatar.com\/avatar\/82aafea7d8127119dd649515f56e2117?s=96&d=mm&r=g","contentUrl":"https:\/\/secure.gravatar.com\/avatar\/82aafea7d8127119dd649515f56e2117?s=96&d=mm&r=g","caption":"rtnews"},"url":"https:\/\/now-news.de\/de\/author\/rnews\/"}]}},"_links":{"self":[{"href":"https:\/\/now-news.de\/de\/wp-json\/wp\/v2\/posts\/20672"}],"collection":[{"href":"https:\/\/now-news.de\/de\/wp-json\/wp\/v2\/posts"}],"about":[{"href":"https:\/\/now-news.de\/de\/wp-json\/wp\/v2\/types\/post"}],"author":[{"embeddable":true,"href":"https:\/\/now-news.de\/de\/wp-json\/wp\/v2\/users\/3"}],"replies":[{"embeddable":true,"href":"https:\/\/now-news.de\/de\/wp-json\/wp\/v2\/comments?post=20672"}],"version-history":[{"count":0,"href":"https:\/\/now-news.de\/de\/wp-json\/wp\/v2\/posts\/20672\/revisions"}],"wp:featuredmedia":[{"embeddable":true,"href":"https:\/\/now-news.de\/de\/wp-json\/wp\/v2\/media\/20673"}],"wp:attachment":[{"href":"https:\/\/now-news.de\/de\/wp-json\/wp\/v2\/media?parent=20672"}],"wp:term":[{"taxonomy":"category","embeddable":true,"href":"https:\/\/now-news.de\/de\/wp-json\/wp\/v2\/categories?post=20672"},{"taxonomy":"post_tag","embeddable":true,"href":"https:\/\/now-news.de\/de\/wp-json\/wp\/v2\/tags?post=20672"}],"curies":[{"name":"wp","href":"https:\/\/api.w.org\/{rel}","templated":true}]}}