{"id":2065,"date":"2022-04-21T10:03:28","date_gmt":"2022-04-21T11:03:28","guid":{"rendered":"http:\/\/just-now.news\/de\/deutschland\/hoehere-gewalt-polen-verweigert-annahme-und-bezahlung-von-corona-impfstoffen\/"},"modified":"2022-04-21T10:03:28","modified_gmt":"2022-04-21T11:03:28","slug":"hoehere-gewalt-polen-verweigert-annahme-und-bezahlung-von-corona-impfstoffen","status":"publish","type":"post","link":"https:\/\/now-news.de\/de\/deutschland\/hoehere-gewalt-polen-verweigert-annahme-und-bezahlung-von-corona-impfstoffen\/","title":{"rendered":"&quot;H\u00f6here Gewalt&quot; \u2013 Polen verweigert Annahme und Bezahlung von Corona-Impfstoffen"},"content":{"rendered":"<div class=\"Text-root Text-type_5 ArticleView-text ViewText-root \">\n<p>Am 19. April informierte der polnische Gesundheitsminister\u00a0Adam Niedzielski auf seinem offiziellen Twitter-Account \u00fcber folgende Entscheidung seines Ministeriums:<\/p>\n<blockquote>\n<p><em>&#8220;Wir haben die Europ\u00e4ische Kommission und Pfizer dar\u00fcber informiert, dass wir die Annahme weiterer COVID-19-Impfstoffe ablehnen und keine Zahlungen daf\u00fcr leisten werden.&#8221;<\/em><\/p>\n<\/blockquote>\n<div class=\"EmbedBlock-root EmbedBlock-twitter\">\n<div class=\"TwitterEmbed\">\n<blockquote class=\"twitter-tweet lazyload\" data-twitter=\"twitter-tweet\">\n<p lang=\"pl\" dir=\"ltr\">????\ufe0f<a target=\"_blank\" href=\"https:\/\/twitter.com\/a_niedzielski?ref_src=twsrc%5Etfw\" rel=\"noopener\">@a_niedzielski<\/a>: poinformowali\u015bmy Komisj\u0119 Europejsk\u0105 i firm\u0119 Pfizer, \u017ce odmawiamy przyjmowania kolejnych szczepionek przeciw COVID-19 i odmawiamy wykonywania p\u0142atno\u015bci za nie<a target=\"_blank\" href=\"https:\/\/twitter.com\/hashtag\/wieszwi%C4%99cej?src=hash&amp;ref_src=twsrc%5Etfw\" rel=\"noopener\">#wieszwi\u0119cej<\/a><a target=\"_blank\" href=\"https:\/\/t.co\/P9mnIKCSxz\" rel=\"noopener\">https:\/\/t.co\/P9mnIKCSxz<\/a><\/p>\n<p>\u2014 tvp.info ???????? (@tvp_info) <a target=\"_blank\" href=\"https:\/\/twitter.com\/tvp_info\/status\/1516350059025211397?ref_src=twsrc%5Etfw\" rel=\"noopener\">April 19, 2022<\/a><\/p><\/blockquote>\n<\/div>\n<\/div>\n<p>Genauere <a target=\"_blank\" href=\"https:\/\/tvn24.pl\/polska\/koronawirus-szczepienia-adam-niedzielski-skorzystalismy-z-klauzuli-sily-wyzszej-komisja-europejska-odpowiada-5679930\" rel=\"noopener noreferrer\">Erl\u00e4uterungen<\/a> und Details gab der polnische Gesundheitsminister\u00a0im Rahmen der Sendung <em>Rozmowa Piaseckiego<\/em> auf dem Sender\u00a0<em>TVN24<\/em> bekannt. Ausschlaggebend f\u00fcr die Entscheidung der polnischen Regierung seien die Situation mit der Fl\u00fcchtlingswelle aus der Ukraine und insbesondere die damit verbundenen finanziellen Belastungen. Niedzielski\u00a0wies in der Sendung darauf hin, dass \u2013 angesichts der aktuellen Konfrontation Polens mit einer Fl\u00fcchtlingswelle \u2013 &#8220;wir das Recht haben, von der Europ\u00e4ischen Kommission die Schaffung spezieller Instrumente f\u00fcr diesen Fall zu erwarten&#8221;. Der Minister erl\u00e4uterte das gegen\u00fcber\u00a0<em>TVN24<\/em> so:<\/p>\n<blockquote>\n<p><em>&#8220;Wir wollten die Vertr\u00e4ge f\u00fcr die Lieferung von COVID-19-Impfstoffen \u00fcber einen l\u00e4ngeren Zeitraum verteilen, aber die Hersteller sind nicht flexibel. Deshalb haben wir letzte Woche von der Klausel der h\u00f6heren Gewalt Gebrauch gemacht und weigern uns, Impfstoffe anzunehmen und Zahlungen zu leisten.&#8221;<\/em><\/p>\n<\/blockquote>\n<p>Nach dem Zivilgesetzbuch sei unter &#8220;h\u00f6herer Gewalt&#8221; ein \u00e4u\u00dferes Ereignis zu verstehen, das &#8220;nicht vorhersehbar ist und nicht verhindert werden kann.&#8221;<\/p>\n<p>Der Sprecher der EU-Kommission Stefan De Keersmaecker reagierte auf diese Vorw\u00fcrfe in einer ersten Stellungnahme in Br\u00fcssel mit der Erl\u00e4uterung:<\/p>\n<blockquote>\n<p><em>&#8220;Die EU-Staaten sind an ihre Verpflichtungen aus dem Impfstoffvertrag gebunden, aber die Europ\u00e4ische Kommission hat nat\u00fcrlich Verst\u00e4ndnis f\u00fcr die schwierige Situation, in der sich Polen befindet.&#8221;\u00a0<\/em><\/p>\n<\/blockquote>\n<div class=\"ReadMore-root Section-root Section-is1to3-xs_is1to1\" data-widgets=\"ReadMore\" data-has-alias>\n<div class=\"Section-container Section-isRow-isTop-isWrap\">\n<article class=\"Card-root Card-is1to1 \">\n<div class=\"Card-imageWrap\">\n<div class=\"Card-picture\">\n<picture class=\"Picture-root Picture-default\"><!--[if IE 9]><video style=\"display: none;\"><![endif]--><source media=\"(-webkit-min-device-pixel-ratio: 2) and (min-resolution: 120dpi)\" data-srcset=\" \nhttps:\/\/cdni.russiatoday.com\/deutsch\/images\/2022.04\/thumbnail\/62552552b480cc5340503d1f.jpg 850w,\n                https:\/\/cdni.russiatoday.com\/deutsch\/images\/2022.04\/article\/62552552b480cc5340503d1f.jpg 1960w,\n            \" srcset=\"data:image\/png;base64,iVBORw0KGgoAAAANSUhEUgAAABAAAAAJCAQAAACRI2S5AAAAEElEQVR42mNkIAAYRxWAAQAG9gAKqv6+AwAAAABJRU5ErkJggg==\"><source data-srcset=\" \nhttps:\/\/cdni.russiatoday.com\/deutsch\/images\/2022.04\/thumbnail\/62552552b480cc5340503d1f.jpg 460w,\n              https:\/\/cdni.russiatoday.com\/deutsch\/images\/2022.04\/article\/62552552b480cc5340503d1f.jpg 980w,\n            \" srcset=\"data:image\/png;base64,iVBORw0KGgoAAAANSUhEUgAAABAAAAAJCAQAAACRI2S5AAAAEElEQVR42mNkIAAYRxWAAQAG9gAKqv6+AwAAAABJRU5ErkJggg==\"><!--[if IE 9]><\/video><![endif]--><\/source><\/source><\/picture><!-- noscript pattern --><noscript><img decoding=\"async\" src=\"https:\/\/cdni.russiatoday.com\/deutsch\/images\/2022.04\/article\/62552552b480cc5340503d1f.jpg\" alt=\"Goldene Zeiten f\u00fcr BioNTech: Ministerium ordert mindestens 80 Millionen Impfdosen pro Jahr\"><\/noscript>    <\/div><\/div>\n<div class=\"Card-contentWrap\">\n<div class=\"Card-content\">\n<div class=\"Card-title\">\n<div class=\"HeaderNews-root HeaderNews-type_6 \">\n<p>            <a target=\"_blank\" href=\"https:\/\/de.rt.com\/inland\/135940-biontech-weiterer-auftrag-des-bmg-fuer-herstellung-von-impfdosen\/\" class=\"Link-root Link-isFullCard \" rel=\"noopener\"><br \/>\n                Goldene Zeiten f\u00fcr BioNTech: Ministerium ordert mindestens 80 Millionen Impfdosen pro Jahr<br \/>\n            <\/a><\/p><\/div><\/div><\/div><\/div>\n<\/article>\n<\/div><\/div>\n<p>Des Weiteren w\u00fcrde\u00a0die EU-Kommission versuchen, die erforderlichen Gespr\u00e4che zwischen der polnischen\u00a0Seite und dem Unternehmen Pfizer &#8220;zu erleichtern, um eine pragmatische L\u00f6sung f\u00fcr diese besondere Situation zu finden, mit der das Land konfrontiert ist&#8221;, lauten die Informationen von\u00a0<em>TVN24<\/em>.<\/p>\n<p>Ganz ungeachtet der besonderen Fl\u00fcchtlingssituation hat die j\u00fcngste Entscheidung Polens auch gesundheitspolitische Aspekte. Polen hat aktuell eine <a target=\"_blank\" href=\"https:\/\/www.google.de\/search?q=impfquote+polen+corona+aktuell&amp;source=hp&amp;ei=kA5hYvWPK4GQlwTcuLf4Bw&amp;iflsig=AHkkrS4AAAAAYmEcoFt5APNNO20KOn2US_RUL7t6Yn8F&amp;oq=impfquote+pol&amp;gs_lcp=Cgdnd3Mtd2l6EAEYAzIFCAAQgAQyBQgAEIAEMgUIABCABDIICAAQgAQQyQMyBQgAEIAEMgUIABCABDIFCAAQgAQyBQgAEIAEMgUIABCABDIFCAAQgAQ6CwgAEIAEELEDEIMBOg4ILhCABBCxAxDHARCjAjoLCC4QgAQQxwEQrwE6BQguEIAEOg4ILhCABBCxAxDHARDRAzoNCC4QsQMQxwEQ0QMQCjoICC4QsQMQgwE6CAgAEIAEELEDOggILhCABBDUAjoOCC4QgAQQsQMQxwEQrwE6BQgAELEDOgsIABCABBCxAxDJAzoFCAAQkgM6CAghEKABEIsDOgUIIRCgAToECAAQDToHCAAQyQMQDVAAWNgmYKVYaANwAHgAgAFriAH3CJIBBDE1LjGYAQCgAQG4AQI&amp;sclient=gws-wiz\" rel=\"noopener noreferrer\">Impfquote<\/a> von 59,3 Prozent erreicht.\u00a0 Nach <a target=\"_blank\" href=\"https:\/\/www.aerzteblatt.de\/nachrichten\/133493\/Polen-will-keine-weiteren-Coronaimpfdosen-mehr-abnehmen\" rel=\"noopener noreferrer\">Angaben<\/a> des polnischen Gesundheitsministeriums sind 51 Prozent der 38 Millionen Polen vollst\u00e4ndig geimpft, jedoch haben 59 Prozent bisher nur eine erste Dosis erhalten.\u00a0Niedzielski teilte in dem Interview auch mit, dass\u00a0Polen daher bereits damit begonnen hatte, vorr\u00e4tige Impfstoffe &#8220;an L\u00e4nder zu spenden oder weiterzuverkaufen&#8221;. Es sei\u00a0dem Land dadurch gelungen, &#8220;fast 30 Millionen dieser Pr\u00e4parate zu spenden oder zu verkaufen&#8221;, so der Minister gegen\u00fcber\u00a0<em>TVN24<\/em>. So <a target=\"_blank\" href=\"https:\/\/www.spiegel.de\/wissenschaft\/medizin\/corona-news-am-sonntag-sieben-tage-inzidenz-steigt-auf-35-a-259a814d-086d-4134-bd78-da2399cebb68\" rel=\"noopener noreferrer\">verkaufte<\/a> Polen schon im August 2021 eine Million Dosen BioNTech-Impfstoff an Australien. Drei Millionen BioNTech-Dosen <a target=\"_blank\" href=\"https:\/\/augengeradeaus.net\/2021\/12\/bundeswehr-bringt-3-mio-biontech-impfdosen-aus-polen-nach-deutschland\/\" rel=\"noopener noreferrer\">fanden<\/a>\u00a0im Dezember 2021 sogar ihren Weg von Polen zur\u00fcck nach Deutschland.<\/p>\n<p>Niedzielski erg\u00e4nzte seine Erl\u00e4uterungen mit der Feststellung, dass sich die weltweite pandemische COVID-19-Situation wesentlich ge\u00e4ndert habe. Dadurch existiere derzeit gar &#8220;kein gr\u00f6\u00dferer Bedarf an Corona-Impfstoffen&#8221;. Laut <em>TVP.info<\/em>\u00a0<a target=\"_blank\" href=\"https:\/\/www.tvp.info\/59702124\/niedzielski-poinformowalismy-ze-odmawiamy-przyjmowania-szczepionek\" rel=\"noopener noreferrer\">informierte<\/a>\u00a0der Minister dar\u00fcber, dass Polen &#8220;noch auf 25 Millionen ungenutzter Impfdosen sitze, w\u00e4hrend bereits 67 bis 70 Millionen weitere Dosen&#8221; bestellt wurden.\u00a0<em>TVN24\u00a0<\/em>zitiert\u00a0Niedzielski mit seiner Darlegung der grunds\u00e4tzlichen vertraglichen M\u00e4ngel:<\/p>\n<blockquote>\n<p><em>&#8220;Wir haben uns sowohl an die Europ\u00e4ische Kommission als auch an die wichtigsten (&#8230;) Impfstoffhersteller gewandt, um diese Lieferungen, die in so gro\u00dfer Zahl in den n\u00e4chsten Quartalen geplant waren, zeitlich einfacher zu verteilen, um uns eine gr\u00f6\u00dfere Flexibilit\u00e4t, eine gr\u00f6\u00dfere Freiheit bei diesen Vertr\u00e4gen zu geben, die wir abgeschlossen haben.\u00a0<\/em><\/p>\n<p><em>Leider sind wir hier auf einen v\u00f6lligen Mangel an Flexibilit\u00e4t seitens der Produzenten gesto\u00dfen. Es gab keine Situation, in der wir die Bedingungen dieses Vertrags ernsthaft h\u00e4tten \u00e4ndern k\u00f6nnen, und dieser Vertrag wurde in einer Krisensituation unterzeichnet. Man k\u00f6nnte sagen, dass wir in diesem Vertrag nicht so viel Entscheidungsfreiheit haben.&#8221;<\/em><\/p>\n<\/blockquote>\n<p>Er verwies auf die Tatsache, dass der geltende EU-Vertrag mit den Impfstoff-Herstellern &#8220;uns weitgehend die H\u00e4nde gebunden hat&#8221;, und kommentierte\u00a0erg\u00e4nzend, dass dies nun &#8220;ernsthafte finanzielle Belastungen&#8221; angesichts der aktuellen Ereignisse f\u00fcr die polnische Regierung darstelle.\u00a0Nach <a target=\"_blank\" href=\"https:\/\/tvn24.pl\/polska\/koronawirus-szczepienia-adam-niedzielski-skorzystalismy-z-klauzuli-sily-wyzszej-komisja-europejska-odpowiada-5679930\" rel=\"noopener noreferrer\">Angaben<\/a> des Gesundheitsministers belaufe sich der Umfang derzeitiger Vertr\u00e4ge f\u00fcr Impfstoffe auf mehrere Milliarden Z\u0142oty: &#8220;Unser Vertrag mit nur einem Unternehmen bel\u00e4uft sich auf sechs Milliarden Z\u0142oty bis Ende 2023, und in diesem Jahr sind es mehr als zwei Milliarden Z\u0142oty.&#8221;\u00a0Auf die Frage, ob die nun verk\u00fcndete Entscheidung Polens &#8220;die Beendigung des Vertrags bedeute&#8221;, antwortete der Leiter des Gesundheitsministeriums dem Sender\u00a0<em>TVN24<\/em>:<\/p>\n<blockquote>\n<p><em>&#8220;Dieser Vertrag hat eine besondere Konstruktion, denn ich m\u00f6chte Sie daran erinnern, dass es sich um einen Vertrag zwischen der EU-Kommission und den Herstellern handelt, dass es in Wirklichkeit keine M\u00f6glichkeit der direkten K\u00fcndigung gibt, weil wir keine direkte Partei sind. Dies ist eine Erkl\u00e4rung, die \u00fcber unser weiteres Vorgehen Auskunft gibt.&#8221;<\/em><\/p>\n<\/blockquote>\n<p>Die Entscheidung des polnischen Gesundheitsministeriums, in Absprache mit der polnischen Regierung, st\u00f6\u00dft in Polen teils auch auf Kritik. Laut\u00a0<em>TVP.info\u00a0<\/em>bef\u00fcrchtet\u00a0Dr. Pawe\u0142 Grzesiowski als offizieller <a target=\"_blank\" href=\"https:\/\/nil.org.pl\/aktualnosci\/5117-dr-pawel-grzesiowski-ekspertem-nrl\" rel=\"noopener noreferrer\">Experte<\/a> der polnischen Obersten \u00c4rztekammer:<\/p>\n<blockquote>\n<p><em>&#8220;Ich bef\u00fcrchte, dass die einseitige Entscheidung Polens, ein Abkommen zu k\u00fcndigen, das in gewisser Weise ein innerhalb der Europ\u00e4ischen Union vereinbartes Abkommen war, sehr nachteilig f\u00fcr uns sein k\u00f6nnte. Denn es zeigt, dass Polen kein verantwortungsbewusster Partner ist und solche Entscheidungen im Alleingang trifft, anstatt sich mit den anderen L\u00e4ndern abzustimmen, die ja an diesem gemeinsamen Kauf beteiligt waren. <\/em><\/p>\n<p><em>Wir sollten bedenken, dass die Anw\u00e4lte der Pharmaunternehmen die Vereinbarungen sicherlich sehr genau pr\u00fcfen werden. Wenn es dort Klauseln gibt, die f\u00fcr uns ung\u00fcnstig sind, bedeutet das zum Beispiel, dass Polen einige Strafen zahlen muss, wenn es einseitig aus dem Abkommen aussteigt.&#8221;<\/em><\/p>\n<\/blockquote>\n<div class=\"ReadMore-root Section-root Section-is1to3-xs_is1to1\" data-widgets=\"ReadMore\" data-has-alias>\n<div class=\"Section-container Section-isRow-isTop-isWrap\">\n<article class=\"Card-root Card-is1to1 \">\n<div class=\"Card-imageWrap\">\n<div class=\"Card-picture\">\n<picture class=\"Picture-root Picture-default\"><!--[if IE 9]><video style=\"display: none;\"><![endif]--><source media=\"(-webkit-min-device-pixel-ratio: 2) and (min-resolution: 120dpi)\" data-srcset=\" \nhttps:\/\/cdni.russiatoday.com\/deutsch\/images\/2022.04\/thumbnail\/6256784a48fbef1716612023.jpg 850w,\n                https:\/\/cdni.russiatoday.com\/deutsch\/images\/2022.04\/article\/6256784a48fbef1716612022.jpg 1960w,\n            \" srcset=\"data:image\/png;base64,iVBORw0KGgoAAAANSUhEUgAAABAAAAAJCAQAAACRI2S5AAAAEElEQVR42mNkIAAYRxWAAQAG9gAKqv6+AwAAAABJRU5ErkJggg==\"><source data-srcset=\" \nhttps:\/\/cdni.russiatoday.com\/deutsch\/images\/2022.04\/thumbnail\/6256784a48fbef1716612023.jpg 460w,\n              https:\/\/cdni.russiatoday.com\/deutsch\/images\/2022.04\/article\/6256784a48fbef1716612022.jpg 980w,\n            \" srcset=\"data:image\/png;base64,iVBORw0KGgoAAAANSUhEUgAAABAAAAAJCAQAAACRI2S5AAAAEElEQVR42mNkIAAYRxWAAQAG9gAKqv6+AwAAAABJRU5ErkJggg==\"><!--[if IE 9]><\/video><![endif]--><img decoding=\"async\" data-sizes=\"auto\" src=\"data:image\/png;base64,iVBORw0KGgoAAAANSUhEUgAAABAAAAAJCAQAAACRI2S5AAAAEElEQVR42mNkIAAYRxWAAQAG9gAKqv6+AwAAAABJRU5ErkJggg==\" class=\"Picture-root Picture-default lazyload\" data-src=\"https:\/\/cdni.russiatoday.com\/deutsch\/images\/2022.04\/thumbnail\/6256784a48fbef1716612023.jpg\" alt='Immer mehr Erkenntnisse, wie \"Big Pharma\" Vertragsinhalte und Preise einforderte und bestimmt'><\/source><\/source><\/picture><!-- noscript pattern --><noscript><img decoding=\"async\" src=\"https:\/\/cdni.russiatoday.com\/deutsch\/images\/2022.04\/article\/6256784a48fbef1716612022.jpg\" alt='Immer mehr Erkenntnisse, wie \"Big Pharma\" Vertragsinhalte und Preise einforderte und bestimmt'><\/noscript>    <\/div><\/div>\n<div class=\"Card-contentWrap\">\n<div class=\"Card-content\">\n<div class=\"Card-title\">\n<div class=\"HeaderNews-root HeaderNews-type_6 \">\n<p>            <a target=\"_blank\" href=\"https:\/\/de.rt.com\/international\/136106-weitere-erkenntnisse-wie-big-pharma\/\" class=\"Link-root Link-isFullCard \" rel=\"noopener\"><br \/>\n                Immer mehr Erkenntnisse, wie &#8220;Big Pharma&#8221; Vertragsinhalte und Preise einforderte und bestimmt<br \/>\n            <\/a><\/p><\/div><\/div><\/div><\/div>\n<\/article>\n<\/div><\/div>\n<p>Laut der polnischen Juristen-Fachseite<em> Prawo.pl\u00a0<\/em>h\u00e4tte\u00a0Niedzielski genau dies bereits <a target=\"_blank\" href=\"https:\/\/www.prawo.pl\/zdrowie\/polska-nie-chce-juz-szczepionek-przeciwko-covid-19,514714.html\" rel=\"noopener noreferrer\">angedeutet<\/a>: &#8220;Die Folge davon wird ein Rechtsstreit sein, der bereits im Gange ist.&#8221; Micha\u0142 Dworczyk, Leiter des B\u00fcros des polnischen Premierministers, wies seinerseits laut\u00a0<em>Prawo.pl<\/em> darauf hin, dass &#8220;die Hersteller wahrscheinlich auf Gewinnmaximierung ausgerichtet waren und sind und dass wir deshalb einen Streit haben, der hoffentlich zu einer \u2013 aus polnischer Sicht \u2013 positiven L\u00f6sung f\u00fchren wird.&#8221;<\/p>\n<p>Das Unternehmen Pfizer <a target=\"_blank\" href=\"https:\/\/www.reuters.com\/world\/europe\/poland-says-it-wont-take-or-pay-more-covid-19-vaccines-now-2022-04-19\/\" rel=\"noopener noreferrer\">erkl\u00e4rte<\/a> in einer ersten Reaktion laut <em>Reuters.com<\/em> bereits, dass &#8220;die Vereinbarung \u00fcber die Lieferung des Impfstoffs COVID-19 an die Mitgliedstaaten der Europ\u00e4ischen Union mit der EU-Kommission getroffen wurden&#8221; und erg\u00e4nzte hinsichtlich der Brisanz des polnischen Vorsto\u00dfes:<\/p>\n<blockquote>\n<p><em>&#8220;Unsere Gespr\u00e4che mit den Regierungen und die Einzelheiten der Impfstofflieferungen sind vertraulich.&#8221;<\/em><\/p>\n<\/blockquote>\n<p>Pfizers deutscher Partner BioNTech\u00a0reagierte laut <em>Reuters<\/em> lediglich mit dem Hinweis, dass &#8220;Pfizer f\u00fcr die Handelsbeziehungen mit Polen zust\u00e4ndig sei&#8221;.<\/p>\n<p><strong>Mehr zum Thema &#8211;<\/strong>\u00a0<a target=\"_blank\" href=\"https:\/\/de.rt.com\/meinung\/136328-biontech-bericht-konzern-kann-wirkung-und-sicherheit-seines-vakzins-nicht-belegen\/\" rel=\"noopener noreferrer\">BioNTech-Bericht: Konzern kann Wirkung und Sicherheit seines mRNA-Vakzins bis heute nicht belegen<\/a><\/p>\n<\/div>\n<p><script async src=\"https:\/\/platform.twitter.com\/widgets.js\" charset=\"utf-8\"><\/script><br \/>\n<br \/><br \/>\n<br \/><a href=\"https:\/\/de.rt.com\/europa\/136656-polen-nutzt-hartefallklausel-und-stellt\/\">Source link <\/a><\/p>\n","protected":false},"excerpt":{"rendered":"<p>Am 19. April informierte der polnische Gesundheitsminister\u00a0Adam Niedzielski auf seinem offiziellen Twitter-Account \u00fcber folgende Entscheidung seines Ministeriums: &#8220;Wir haben die Europ\u00e4ische Kommission und Pfizer dar\u00fcber informiert, dass wir die Annahme weiterer COVID-19-Impfstoffe ablehnen und keine Zahlungen daf\u00fcr leisten werden.&#8221; ????\ufe0f@a_niedzielski: poinformowali\u015bmy Komisj\u0119 Europejsk\u0105 i firm\u0119 Pfizer, \u017ce odmawiamy przyjmowania kolejnych szczepionek przeciw COVID-19 i odmawiamy [&hellip;]<\/p>\n","protected":false},"author":3,"featured_media":2066,"comment_status":"open","ping_status":"open","sticky":false,"template":"","format":"standard","meta":{"wp_automatic_camp":["217"],"fef4d54daf75924ae1e2d08690df1313":["&quot;H\u00f6here Gewalt&quot; \u2013 Polen verweigert Annahme und Bezahlung von Corona-Impfstoffen"],"original_link":["https:\/\/de.rt.com\/europa\/136656-polen-nutzt-hartefallklausel-und-stellt\/"],"_thumbnail_id":["2066"],"wp_automatic_remove_first_image":["yes"],"_wptg_p2tg_sent2tg":["2022-04-21 10:06:38"],"jnews_social_counter_last_update":["1777213145"]},"categories":[19,23],"tags":[5852,1526,5853,5849,5850,5848,140,5851,50],"yoast_head":"<!-- This site is optimized with the Yoast SEO Premium plugin v22.7 (Yoast SEO v22.7) - https:\/\/yoast.com\/wordpress\/plugins\/seo\/ -->\n<title>&quot;H\u00f6here Gewalt&quot; \u2013 Polen verweigert Annahme und Bezahlung von Corona-Impfstoffen - just-now.NEWS Deutschland<\/title>\n<meta name=\"robots\" content=\"index, follow, max-snippet:-1, max-image-preview:large, max-video-preview:-1\" \/>\n<link rel=\"canonical\" href=\"https:\/\/now-news.de\/de\/deutschland\/hoehere-gewalt-polen-verweigert-annahme-und-bezahlung-von-corona-impfstoffen\/\" \/>\n<meta property=\"og:locale\" content=\"de_DE\" \/>\n<meta property=\"og:type\" content=\"article\" \/>\n<meta property=\"og:title\" content=\"&quot;H\u00f6here Gewalt&quot; \u2013 Polen verweigert Annahme und Bezahlung von Corona-Impfstoffen\" \/>\n<meta property=\"og:description\" content=\"Am 19. April informierte der polnische Gesundheitsminister\u00a0Adam Niedzielski auf seinem offiziellen Twitter-Account \u00fcber folgende Entscheidung seines Ministeriums: &#8220;Wir haben die Europ\u00e4ische Kommission und Pfizer dar\u00fcber informiert, dass wir die Annahme weiterer COVID-19-Impfstoffe ablehnen und keine Zahlungen daf\u00fcr leisten werden.&#8221; ????\ufe0f@a_niedzielski: poinformowali\u015bmy Komisj\u0119 Europejsk\u0105 i firm\u0119 Pfizer, \u017ce odmawiamy przyjmowania kolejnych szczepionek przeciw COVID-19 i odmawiamy [&hellip;]\" \/>\n<meta property=\"og:url\" content=\"https:\/\/now-news.de\/de\/deutschland\/hoehere-gewalt-polen-verweigert-annahme-und-bezahlung-von-corona-impfstoffen\/\" \/>\n<meta property=\"og:site_name\" content=\"just-now.NEWS Deutschland\" \/>\n<meta property=\"article:publisher\" content=\"https:\/\/www.facebook.com\/wirmachenauf\" \/>\n<meta property=\"article:published_time\" content=\"2022-04-21T11:03:28+00:00\" \/>\n<meta property=\"og:image\" content=\"https:\/\/now-news.de\/de\/wp-content\/uploads\/sites\/3\/2022\/04\/quotHoehere-Gewaltquot-\u2013-Polen-verweigert-Annahme-und-Bezahlung-von-Corona-Impfstoffen.jpg\" \/>\n\t<meta property=\"og:image:width\" content=\"1104\" \/>\n\t<meta property=\"og:image:height\" content=\"622\" \/>\n\t<meta property=\"og:image:type\" content=\"image\/jpeg\" \/>\n<meta name=\"author\" content=\"rtnews\" \/>\n<meta name=\"twitter:card\" content=\"summary_large_image\" \/>\n<meta name=\"twitter:creator\" content=\"@WirMachenAuf_de\" \/>\n<meta name=\"twitter:site\" content=\"@WirMachenAuf_de\" \/>\n<meta name=\"twitter:label1\" content=\"Verfasst von\" \/>\n\t<meta name=\"twitter:data1\" content=\"rtnews\" \/>\n\t<meta name=\"twitter:label2\" content=\"Gesch\u00e4tzte Lesezeit\" \/>\n\t<meta name=\"twitter:data2\" content=\"6\u00a0Minuten\" \/>\n<script type=\"application\/ld+json\" class=\"yoast-schema-graph\">{\"@context\":\"https:\/\/schema.org\",\"@graph\":[{\"@type\":\"Article\",\"@id\":\"https:\/\/now-news.de\/de\/deutschland\/hoehere-gewalt-polen-verweigert-annahme-und-bezahlung-von-corona-impfstoffen\/#article\",\"isPartOf\":{\"@id\":\"https:\/\/now-news.de\/de\/deutschland\/hoehere-gewalt-polen-verweigert-annahme-und-bezahlung-von-corona-impfstoffen\/\"},\"author\":{\"name\":\"rtnews\",\"@id\":\"https:\/\/now-news.de\/de\/#\/schema\/person\/fb534a4e865501d8b3285208df34a9b5\"},\"headline\":\"&quot;H\u00f6here Gewalt&quot; \u2013 Polen verweigert Annahme und Bezahlung von Corona-Impfstoffen\",\"datePublished\":\"2022-04-21T11:03:28+00:00\",\"dateModified\":\"2022-04-21T11:03:28+00:00\",\"mainEntityOfPage\":{\"@id\":\"https:\/\/now-news.de\/de\/deutschland\/hoehere-gewalt-polen-verweigert-annahme-und-bezahlung-von-corona-impfstoffen\/\"},\"wordCount\":1149,\"commentCount\":0,\"publisher\":{\"@id\":\"https:\/\/now-news.de\/de\/#organization\"},\"image\":{\"@id\":\"https:\/\/now-news.de\/de\/deutschland\/hoehere-gewalt-polen-verweigert-annahme-und-bezahlung-von-corona-impfstoffen\/#primaryimage\"},\"thumbnailUrl\":\"https:\/\/now-news.de\/de\/wp-content\/uploads\/sites\/3\/2022\/04\/quotHoehere-Gewaltquot-\u2013-Polen-verweigert-Annahme-und-Bezahlung-von-Corona-Impfstoffen.jpg\",\"keywords\":[\"Annahme\",\"Bezahlung\",\"CoronaImpfstoffen\",\"Gewaltquot\",\"Polen\",\"quotH\u00f6here\",\"und\",\"verweigert\",\"von\"],\"articleSection\":[\"Deutschland\",\"Russland\"],\"inLanguage\":\"de\",\"potentialAction\":[{\"@type\":\"CommentAction\",\"name\":\"Comment\",\"target\":[\"https:\/\/now-news.de\/de\/deutschland\/hoehere-gewalt-polen-verweigert-annahme-und-bezahlung-von-corona-impfstoffen\/#respond\"]}]},{\"@type\":\"WebPage\",\"@id\":\"https:\/\/now-news.de\/de\/deutschland\/hoehere-gewalt-polen-verweigert-annahme-und-bezahlung-von-corona-impfstoffen\/\",\"url\":\"https:\/\/now-news.de\/de\/deutschland\/hoehere-gewalt-polen-verweigert-annahme-und-bezahlung-von-corona-impfstoffen\/\",\"name\":\"&quot;H\u00f6here Gewalt&quot; \u2013 Polen verweigert Annahme und Bezahlung von Corona-Impfstoffen - just-now.NEWS Deutschland\",\"isPartOf\":{\"@id\":\"https:\/\/now-news.de\/de\/#website\"},\"primaryImageOfPage\":{\"@id\":\"https:\/\/now-news.de\/de\/deutschland\/hoehere-gewalt-polen-verweigert-annahme-und-bezahlung-von-corona-impfstoffen\/#primaryimage\"},\"image\":{\"@id\":\"https:\/\/now-news.de\/de\/deutschland\/hoehere-gewalt-polen-verweigert-annahme-und-bezahlung-von-corona-impfstoffen\/#primaryimage\"},\"thumbnailUrl\":\"https:\/\/now-news.de\/de\/wp-content\/uploads\/sites\/3\/2022\/04\/quotHoehere-Gewaltquot-\u2013-Polen-verweigert-Annahme-und-Bezahlung-von-Corona-Impfstoffen.jpg\",\"datePublished\":\"2022-04-21T11:03:28+00:00\",\"dateModified\":\"2022-04-21T11:03:28+00:00\",\"breadcrumb\":{\"@id\":\"https:\/\/now-news.de\/de\/deutschland\/hoehere-gewalt-polen-verweigert-annahme-und-bezahlung-von-corona-impfstoffen\/#breadcrumb\"},\"inLanguage\":\"de\",\"potentialAction\":[{\"@type\":\"ReadAction\",\"target\":[\"https:\/\/now-news.de\/de\/deutschland\/hoehere-gewalt-polen-verweigert-annahme-und-bezahlung-von-corona-impfstoffen\/\"]}]},{\"@type\":\"ImageObject\",\"inLanguage\":\"de\",\"@id\":\"https:\/\/now-news.de\/de\/deutschland\/hoehere-gewalt-polen-verweigert-annahme-und-bezahlung-von-corona-impfstoffen\/#primaryimage\",\"url\":\"https:\/\/now-news.de\/de\/wp-content\/uploads\/sites\/3\/2022\/04\/quotHoehere-Gewaltquot-\u2013-Polen-verweigert-Annahme-und-Bezahlung-von-Corona-Impfstoffen.jpg\",\"contentUrl\":\"https:\/\/now-news.de\/de\/wp-content\/uploads\/sites\/3\/2022\/04\/quotHoehere-Gewaltquot-\u2013-Polen-verweigert-Annahme-und-Bezahlung-von-Corona-Impfstoffen.jpg\",\"width\":1104,\"height\":622,\"caption\":\"&quot;H\u00f6here Gewalt&quot; \u2013 Polen verweigert Annahme und Bezahlung von Corona-Impfstoffen\"},{\"@type\":\"BreadcrumbList\",\"@id\":\"https:\/\/now-news.de\/de\/deutschland\/hoehere-gewalt-polen-verweigert-annahme-und-bezahlung-von-corona-impfstoffen\/#breadcrumb\",\"itemListElement\":[{\"@type\":\"ListItem\",\"position\":1,\"name\":\"Home\",\"item\":\"https:\/\/now-news.de\/de\/\"},{\"@type\":\"ListItem\",\"position\":2,\"name\":\"&quot;H\u00f6here Gewalt&quot; \u2013 Polen verweigert Annahme und Bezahlung von Corona-Impfstoffen\"}]},{\"@type\":\"WebSite\",\"@id\":\"https:\/\/now-news.de\/de\/#website\",\"url\":\"https:\/\/now-news.de\/de\/\",\"name\":\"just-now.NEWS Deutschland\",\"description\":\"Das Portal f\u00fcr unzensierte Nachrichten aus der Welt\",\"publisher\":{\"@id\":\"https:\/\/now-news.de\/de\/#organization\"},\"potentialAction\":[{\"@type\":\"SearchAction\",\"target\":{\"@type\":\"EntryPoint\",\"urlTemplate\":\"https:\/\/now-news.de\/de\/?s={search_term_string}\"},\"query-input\":\"required name=search_term_string\"}],\"inLanguage\":\"de\"},{\"@type\":\"Organization\",\"@id\":\"https:\/\/now-news.de\/de\/#organization\",\"name\":\"Just Now News\",\"url\":\"https:\/\/now-news.de\/de\/\",\"logo\":{\"@type\":\"ImageObject\",\"inLanguage\":\"de\",\"@id\":\"https:\/\/now-news.de\/de\/#\/schema\/logo\/image\/\",\"url\":\"http:\/\/just-now.news\/de\/wp-content\/uploads\/sites\/3\/2022\/04\/logo500x500.jpg\",\"contentUrl\":\"http:\/\/just-now.news\/de\/wp-content\/uploads\/sites\/3\/2022\/04\/logo500x500.jpg\",\"width\":500,\"height\":500,\"caption\":\"Just Now News\"},\"image\":{\"@id\":\"https:\/\/now-news.de\/de\/#\/schema\/logo\/image\/\"},\"sameAs\":[\"https:\/\/www.facebook.com\/wirmachenauf\",\"https:\/\/x.com\/WirMachenAuf_de\"]},{\"@type\":\"Person\",\"@id\":\"https:\/\/now-news.de\/de\/#\/schema\/person\/fb534a4e865501d8b3285208df34a9b5\",\"name\":\"rtnews\",\"image\":{\"@type\":\"ImageObject\",\"inLanguage\":\"de\",\"@id\":\"https:\/\/now-news.de\/de\/#\/schema\/person\/image\/\",\"url\":\"https:\/\/secure.gravatar.com\/avatar\/82aafea7d8127119dd649515f56e2117?s=96&d=mm&r=g\",\"contentUrl\":\"https:\/\/secure.gravatar.com\/avatar\/82aafea7d8127119dd649515f56e2117?s=96&d=mm&r=g\",\"caption\":\"rtnews\"},\"url\":\"https:\/\/now-news.de\/de\/author\/rnews\/\"}]}<\/script>\n<!-- \/ Yoast SEO Premium plugin. -->","yoast_head_json":{"title":"&quot;H\u00f6here Gewalt&quot; \u2013 Polen verweigert Annahme und Bezahlung von Corona-Impfstoffen - just-now.NEWS Deutschland","robots":{"index":"index","follow":"follow","max-snippet":"max-snippet:-1","max-image-preview":"max-image-preview:large","max-video-preview":"max-video-preview:-1"},"canonical":"https:\/\/now-news.de\/de\/deutschland\/hoehere-gewalt-polen-verweigert-annahme-und-bezahlung-von-corona-impfstoffen\/","og_locale":"de_DE","og_type":"article","og_title":"&quot;H\u00f6here Gewalt&quot; \u2013 Polen verweigert Annahme und Bezahlung von Corona-Impfstoffen","og_description":"Am 19. April informierte der polnische Gesundheitsminister\u00a0Adam Niedzielski auf seinem offiziellen Twitter-Account \u00fcber folgende Entscheidung seines Ministeriums: &#8220;Wir haben die Europ\u00e4ische Kommission und Pfizer dar\u00fcber informiert, dass wir die Annahme weiterer COVID-19-Impfstoffe ablehnen und keine Zahlungen daf\u00fcr leisten werden.&#8221; ????\ufe0f@a_niedzielski: poinformowali\u015bmy Komisj\u0119 Europejsk\u0105 i firm\u0119 Pfizer, \u017ce odmawiamy przyjmowania kolejnych szczepionek przeciw COVID-19 i odmawiamy [&hellip;]","og_url":"https:\/\/now-news.de\/de\/deutschland\/hoehere-gewalt-polen-verweigert-annahme-und-bezahlung-von-corona-impfstoffen\/","og_site_name":"just-now.NEWS Deutschland","article_publisher":"https:\/\/www.facebook.com\/wirmachenauf","article_published_time":"2022-04-21T11:03:28+00:00","og_image":[{"width":1104,"height":622,"url":"https:\/\/now-news.de\/de\/wp-content\/uploads\/sites\/3\/2022\/04\/quotHoehere-Gewaltquot-\u2013-Polen-verweigert-Annahme-und-Bezahlung-von-Corona-Impfstoffen.jpg","type":"image\/jpeg"}],"author":"rtnews","twitter_card":"summary_large_image","twitter_creator":"@WirMachenAuf_de","twitter_site":"@WirMachenAuf_de","twitter_misc":{"Verfasst von":"rtnews","Gesch\u00e4tzte Lesezeit":"6\u00a0Minuten"},"schema":{"@context":"https:\/\/schema.org","@graph":[{"@type":"Article","@id":"https:\/\/now-news.de\/de\/deutschland\/hoehere-gewalt-polen-verweigert-annahme-und-bezahlung-von-corona-impfstoffen\/#article","isPartOf":{"@id":"https:\/\/now-news.de\/de\/deutschland\/hoehere-gewalt-polen-verweigert-annahme-und-bezahlung-von-corona-impfstoffen\/"},"author":{"name":"rtnews","@id":"https:\/\/now-news.de\/de\/#\/schema\/person\/fb534a4e865501d8b3285208df34a9b5"},"headline":"&quot;H\u00f6here Gewalt&quot; \u2013 Polen verweigert Annahme und Bezahlung von Corona-Impfstoffen","datePublished":"2022-04-21T11:03:28+00:00","dateModified":"2022-04-21T11:03:28+00:00","mainEntityOfPage":{"@id":"https:\/\/now-news.de\/de\/deutschland\/hoehere-gewalt-polen-verweigert-annahme-und-bezahlung-von-corona-impfstoffen\/"},"wordCount":1149,"commentCount":0,"publisher":{"@id":"https:\/\/now-news.de\/de\/#organization"},"image":{"@id":"https:\/\/now-news.de\/de\/deutschland\/hoehere-gewalt-polen-verweigert-annahme-und-bezahlung-von-corona-impfstoffen\/#primaryimage"},"thumbnailUrl":"https:\/\/now-news.de\/de\/wp-content\/uploads\/sites\/3\/2022\/04\/quotHoehere-Gewaltquot-\u2013-Polen-verweigert-Annahme-und-Bezahlung-von-Corona-Impfstoffen.jpg","keywords":["Annahme","Bezahlung","CoronaImpfstoffen","Gewaltquot","Polen","quotH\u00f6here","und","verweigert","von"],"articleSection":["Deutschland","Russland"],"inLanguage":"de","potentialAction":[{"@type":"CommentAction","name":"Comment","target":["https:\/\/now-news.de\/de\/deutschland\/hoehere-gewalt-polen-verweigert-annahme-und-bezahlung-von-corona-impfstoffen\/#respond"]}]},{"@type":"WebPage","@id":"https:\/\/now-news.de\/de\/deutschland\/hoehere-gewalt-polen-verweigert-annahme-und-bezahlung-von-corona-impfstoffen\/","url":"https:\/\/now-news.de\/de\/deutschland\/hoehere-gewalt-polen-verweigert-annahme-und-bezahlung-von-corona-impfstoffen\/","name":"&quot;H\u00f6here Gewalt&quot; \u2013 Polen verweigert Annahme und Bezahlung von Corona-Impfstoffen - just-now.NEWS Deutschland","isPartOf":{"@id":"https:\/\/now-news.de\/de\/#website"},"primaryImageOfPage":{"@id":"https:\/\/now-news.de\/de\/deutschland\/hoehere-gewalt-polen-verweigert-annahme-und-bezahlung-von-corona-impfstoffen\/#primaryimage"},"image":{"@id":"https:\/\/now-news.de\/de\/deutschland\/hoehere-gewalt-polen-verweigert-annahme-und-bezahlung-von-corona-impfstoffen\/#primaryimage"},"thumbnailUrl":"https:\/\/now-news.de\/de\/wp-content\/uploads\/sites\/3\/2022\/04\/quotHoehere-Gewaltquot-\u2013-Polen-verweigert-Annahme-und-Bezahlung-von-Corona-Impfstoffen.jpg","datePublished":"2022-04-21T11:03:28+00:00","dateModified":"2022-04-21T11:03:28+00:00","breadcrumb":{"@id":"https:\/\/now-news.de\/de\/deutschland\/hoehere-gewalt-polen-verweigert-annahme-und-bezahlung-von-corona-impfstoffen\/#breadcrumb"},"inLanguage":"de","potentialAction":[{"@type":"ReadAction","target":["https:\/\/now-news.de\/de\/deutschland\/hoehere-gewalt-polen-verweigert-annahme-und-bezahlung-von-corona-impfstoffen\/"]}]},{"@type":"ImageObject","inLanguage":"de","@id":"https:\/\/now-news.de\/de\/deutschland\/hoehere-gewalt-polen-verweigert-annahme-und-bezahlung-von-corona-impfstoffen\/#primaryimage","url":"https:\/\/now-news.de\/de\/wp-content\/uploads\/sites\/3\/2022\/04\/quotHoehere-Gewaltquot-\u2013-Polen-verweigert-Annahme-und-Bezahlung-von-Corona-Impfstoffen.jpg","contentUrl":"https:\/\/now-news.de\/de\/wp-content\/uploads\/sites\/3\/2022\/04\/quotHoehere-Gewaltquot-\u2013-Polen-verweigert-Annahme-und-Bezahlung-von-Corona-Impfstoffen.jpg","width":1104,"height":622,"caption":"&quot;H\u00f6here Gewalt&quot; \u2013 Polen verweigert Annahme und Bezahlung von Corona-Impfstoffen"},{"@type":"BreadcrumbList","@id":"https:\/\/now-news.de\/de\/deutschland\/hoehere-gewalt-polen-verweigert-annahme-und-bezahlung-von-corona-impfstoffen\/#breadcrumb","itemListElement":[{"@type":"ListItem","position":1,"name":"Home","item":"https:\/\/now-news.de\/de\/"},{"@type":"ListItem","position":2,"name":"&quot;H\u00f6here Gewalt&quot; \u2013 Polen verweigert Annahme und Bezahlung von Corona-Impfstoffen"}]},{"@type":"WebSite","@id":"https:\/\/now-news.de\/de\/#website","url":"https:\/\/now-news.de\/de\/","name":"just-now.NEWS Deutschland","description":"Das Portal f\u00fcr unzensierte Nachrichten aus der Welt","publisher":{"@id":"https:\/\/now-news.de\/de\/#organization"},"potentialAction":[{"@type":"SearchAction","target":{"@type":"EntryPoint","urlTemplate":"https:\/\/now-news.de\/de\/?s={search_term_string}"},"query-input":"required name=search_term_string"}],"inLanguage":"de"},{"@type":"Organization","@id":"https:\/\/now-news.de\/de\/#organization","name":"Just Now News","url":"https:\/\/now-news.de\/de\/","logo":{"@type":"ImageObject","inLanguage":"de","@id":"https:\/\/now-news.de\/de\/#\/schema\/logo\/image\/","url":"http:\/\/just-now.news\/de\/wp-content\/uploads\/sites\/3\/2022\/04\/logo500x500.jpg","contentUrl":"http:\/\/just-now.news\/de\/wp-content\/uploads\/sites\/3\/2022\/04\/logo500x500.jpg","width":500,"height":500,"caption":"Just Now News"},"image":{"@id":"https:\/\/now-news.de\/de\/#\/schema\/logo\/image\/"},"sameAs":["https:\/\/www.facebook.com\/wirmachenauf","https:\/\/x.com\/WirMachenAuf_de"]},{"@type":"Person","@id":"https:\/\/now-news.de\/de\/#\/schema\/person\/fb534a4e865501d8b3285208df34a9b5","name":"rtnews","image":{"@type":"ImageObject","inLanguage":"de","@id":"https:\/\/now-news.de\/de\/#\/schema\/person\/image\/","url":"https:\/\/secure.gravatar.com\/avatar\/82aafea7d8127119dd649515f56e2117?s=96&d=mm&r=g","contentUrl":"https:\/\/secure.gravatar.com\/avatar\/82aafea7d8127119dd649515f56e2117?s=96&d=mm&r=g","caption":"rtnews"},"url":"https:\/\/now-news.de\/de\/author\/rnews\/"}]}},"_links":{"self":[{"href":"https:\/\/now-news.de\/de\/wp-json\/wp\/v2\/posts\/2065"}],"collection":[{"href":"https:\/\/now-news.de\/de\/wp-json\/wp\/v2\/posts"}],"about":[{"href":"https:\/\/now-news.de\/de\/wp-json\/wp\/v2\/types\/post"}],"author":[{"embeddable":true,"href":"https:\/\/now-news.de\/de\/wp-json\/wp\/v2\/users\/3"}],"replies":[{"embeddable":true,"href":"https:\/\/now-news.de\/de\/wp-json\/wp\/v2\/comments?post=2065"}],"version-history":[{"count":0,"href":"https:\/\/now-news.de\/de\/wp-json\/wp\/v2\/posts\/2065\/revisions"}],"wp:featuredmedia":[{"embeddable":true,"href":"https:\/\/now-news.de\/de\/wp-json\/wp\/v2\/media\/2066"}],"wp:attachment":[{"href":"https:\/\/now-news.de\/de\/wp-json\/wp\/v2\/media?parent=2065"}],"wp:term":[{"taxonomy":"category","embeddable":true,"href":"https:\/\/now-news.de\/de\/wp-json\/wp\/v2\/categories?post=2065"},{"taxonomy":"post_tag","embeddable":true,"href":"https:\/\/now-news.de\/de\/wp-json\/wp\/v2\/tags?post=2065"}],"curies":[{"name":"wp","href":"https:\/\/api.w.org\/{rel}","templated":true}]}}