{"id":20624,"date":"2022-10-08T22:50:00","date_gmt":"2022-10-08T20:50:00","guid":{"rendered":"http:\/\/just-now.news\/de\/deutschland\/schroeder-zur-ukraine-krise-gefaehrlichstes-jahrzehnt-seit-dem-zweiten-weltkrieg\/"},"modified":"2022-10-08T22:50:00","modified_gmt":"2022-10-08T20:50:00","slug":"schroeder-zur-ukraine-krise-gefaehrlichstes-jahrzehnt-seit-dem-zweiten-weltkrieg","status":"publish","type":"post","link":"https:\/\/now-news.de\/de\/deutschland\/schroeder-zur-ukraine-krise-gefaehrlichstes-jahrzehnt-seit-dem-zweiten-weltkrieg\/","title":{"rendered":"Schr\u00f6der zur Ukraine-Krise: Gef\u00e4hrlichstes Jahrzehnt seit dem Zweiten Weltkrieg"},"content":{"rendered":"<p><img decoding=\"async\" src=\"http:\/\/just-now.news\/de\/wp-content\/uploads\/sites\/3\/2022\/10\/6341d057b480cc1e5f76af46.jpg\" \/><\/p>\n<p>In den letzten Monaten wurde der ehemalige Bundeskanzler Gerhard Schr\u00f6der (SPD) wegen seiner T\u00e4tigkeit f\u00fcr russische Gaskonzerne und f\u00fcr seine russlandfreundliche Haltung stark kritisiert. Nun hat er in einem Gastbeitrag in der <em>Berliner Zeitung<\/em> dargelegt, warum ein Friedensplan f\u00fcr die Ukraine notwendig ist. Gleich zu Beginn des Beitrags weist Schr\u00f6der darauf hin, dass &#8220;Krieg immer falsch&#8221; sei:<\/p>\n<blockquote>\n<p><em>&#8220;Er bringt mit jedem Tag mehr Leid, Elend, Tod und Zerst\u00f6rung. Und mit jedem Tag w\u00e4chst das Risiko, dass er eskaliert und sich ausweitet. Auch der Krieg in der Ukraine. Carl von Clausewitz hatte recht mit seiner Warnung: Der Krieg hat keine Grenzen in sich.&#8221;<\/em><\/p>\n<\/blockquote>\n<p>Deshalb sei es das Wichtigste, Frieden zu schaffen, so Schr\u00f6der. Konkret bedeute dies f\u00fcr die Ukraine: &#8220;Waffenstillstand, Verhandlungen \u00fcber ein dauerhaftes Friedensabkommen zwischen den Kriegsparteien sowie eine stabile Friedensarchitektur in Europa&#8221;. In diesem Zusammenhang weist Schr\u00f6der darauf hin, dass Diplomatie und Frieden und nicht die Sprache des Milit\u00e4rs die Entwicklungen bestimmen m\u00fcssen und verweist dabei auch auf Helmut Schmidt, der einst sagte:<\/p>\n<blockquote>\n<p><em>&#8220;Lieber 100 Stunden umsonst verhandeln, als eine Minute schie\u00dfen.&#8221;<\/em><\/p>\n<\/blockquote>\n<p>Dies betreffe nicht nur die Kriegsparteien, sondern ganz Europa. Der Krieg in der Ukraine sei zudem kein &#8220;regionales Drama&#8221; mehr, sondern habe l\u00e4ngst geostrategische Dimensionen angenommen und betreffe auch Energie, Lebensmittel und Lieferketten. Schr\u00f6der verweist darauf, dass man sich in einem historischen Schl\u00fcsselmoment befinde:<\/p>\n<blockquote>\n<p><em>&#8220;Erneut erlebt die Menschheit ein &#8216;Jahrzehnt der Extreme&#8217;. Es begann mit der weltweiten Covid-19-Pandemie, dann kam es zum Krieg in der Ukraine unter dem Atomschirm Russlands. Das ist ein Krieg direkt an der Grenze zur Nato, der sogar eine atomare Katastrophe ausl\u00f6sen kann. Und schon in wenigen Jahren wird die Welt die Wucht der Klimakrise immer h\u00e4rter zu sp\u00fcren bekommen, denn die globale Erw\u00e4rmung wird die 1,5-Grad-Grenze \u00fcberschreiten und sich damit den gef\u00fcrchteten Kipppunkten im Erdsystem n\u00e4hern, an denen die Sch\u00e4digungen der Klimazonen in gro\u00dfen Weltregionen schnell au\u00dfer Kontrolle geraten k\u00f6nnen.&#8221;<\/em><\/p>\n<\/blockquote>\n<p>Man befinde sich im &#8220;gef\u00e4hrlichsten Jahrzehnt seit dem Zweiten Weltkrieg&#8221;, so der Ex-Kanzler. Die Summe der Krisen sei be\u00e4ngstigend.<\/p>\n<p>Nach dem Ende des Kalten Krieges habe es eine Chance auf eine neue europ\u00e4ische Friedensordnung gegeben. Diese wurde jedoch nicht genutzt, &#8220;auch weil sie von wichtigen NATO-Partnern, vor allem den USA, nicht gewollt wurde&#8221;. Schr\u00f6der kritisierte in diesem Zusammenhang auch die NATO-Osterweiterung, vor der neben Frankreich und seiner Amtsnachfolgerin Kanzlerin Angela Merkel auch Sicherheitsberater des ehemaligen US-Pr\u00e4sidenten George W. Bush warnten. Dies sei keine Rechtfertigung, geh\u00f6re aber zur Vorgeschichte:<\/p>\n<blockquote>\n<p><em>&#8220;Die Ukraine hat f\u00fcr Russland eine herausragende Bedeutung, denn Kultur und Geschichte der beiden L\u00e4nder sind eng miteinander verbunden. Statt alles vom Ende, n\u00e4mlich der Bewahrung des Friedens her zu denken, kam es in der gespaltenen Gesellschaft der Ukraine nach den Maidan-Demonstrationen von 2013\/14 zu westlichen Waffenlieferungen und zu einer Zuspitzung der Konflikte mit dem russischen Teil der Bev\u00f6lkerung im Osten des Landes.&#8221;<\/em><\/p>\n<\/blockquote>\n<p>Schr\u00f6der verweist zudem darauf, dass Folgen durch den Krieg und die vom Westen verh\u00e4ngten Sanktionen mittlerweile globale Ausma\u00dfe angenommen haben.<\/p>\n<blockquote>\n<p><em>&#8220;Die Vereinten Nationen kamen bereits im Mai zu der erschreckenden Feststellung, dass mindestens 107 L\u00e4nder mit 1,7 Milliarden Menschen von den Folgen des Krieges und der Sanktionen betroffen seien: mit der sich zuspitzenden Energiekrise, den steigenden Lebensmittelkosten und den verschlechterten Finanzbedingungen. Engp\u00e4sse bei wichtigen Rohstoffen nehmen zu, globale Lieferketten sind gest\u00f6rt.&#8221;<\/em><\/p>\n<\/blockquote>\n<p>Der ehemalige Kanzler weist auch darauf hin, dass der Krieg die Spaltungen in der Welt vertiefe: Die Shanghaier Organisation f\u00fcr Zusammenarbeit vertrete gut 40 Prozent der Weltbev\u00f6lkerung und lehne die Sanktionen ebenso ab wie die BRICS-Staaten (Brasilien, Russland, Indien, China und S\u00fcdafrika). Insbesondere China und Indien seien die bev\u00f6lkerungsreichsten L\u00e4nder der Erde:<\/p>\n<blockquote>\n<p><em>&#8220;Sie verf\u00fcgen \u00fcber eine gro\u00dfe Bedeutung in der Rohstoffpolitik, gewinnen technologisch stark an Einfluss und arbeiten an einer Abkehr vom Leitw\u00e4hrungssystem des US-Dollars. Der Ukraine-Krieg l\u00e4sst bef\u00fcrchten, dass speziell Europa nicht nur ein Problem mit Russland hat, sondern auch zum Verlierer der globalen Machtverschiebungen und ihrer Folgen wird.&#8221;<\/em><\/p>\n<\/blockquote>\n<p>Schr\u00f6der erkl\u00e4rt ebenfalls, dass die ersten Versuche, auch vor Kriegsbeginn, wie das Minsk-I-Abkommen sowie der Nachfolger Minsk II scheiterten. Zu weiteren Verhandlungen schrieb er:<\/p>\n<blockquote>\n<p><em>&#8220;In Istanbul legte die ukrainische Delegation am 29. M\u00e4rz 2022 einen 10-Punkte-Vorschlag f\u00fcr Sicherheitsgarantien vor, der nahe einer Einigung war. Der weitere Kriegsverlauf, auch die umfangreichen Waffenlieferungen und laut ukrainischen Medienberichten westliche Interventionen in Kiew waren f\u00fcr einen Abbruch dieser aussichtsreichen Verhandlungen ausschlaggebend.&#8221;<\/em><\/p>\n<\/blockquote>\n<p>Im Mai legte Italien der UNO einen vierstufigen Friedensplan vor, der einen Waffenstillstand, keinen NATO-Beitritt bzw. die Neutralit\u00e4t der Ukraine, die Selbstbestimmung in territorialen Fragen und einen internationalen Sicherheitspakt unter dem Dach der OSZE vorsah. Im Juni erarbeitete eine internationale Expertengruppe unter dem US-\u00d6konomen Jeffrey Sachs zudem einen Vorschlag f\u00fcr &#8220;gerechten und dauerhaften Frieden in der Ukraine&#8221;. In acht Punkten wird darin unter anderem eine milit\u00e4rische Neutralit\u00e4t der Ukraine und internationale Sicherheitsgarantien sowie die Aufhebung der antirussischen Sanktionen, ein multilateraler Wiederaufbaufonds und ein internationaler \u00dcberwachungsmechanismus der UNO vorgesehen.<\/p>\n<p>Schr\u00f6der schlie\u00dft mit den Worten, dass es statt einer Kriegslogik eine Friedensl\u00f6sung geben m\u00fcsse:<\/p>\n<blockquote>\n<p><em>&#8220;Das ist im Interesse Europas, ja im Interesse der Selbstbehauptung Europas in einer Welt, die sich in einem tiefen Umbruch befindet. Wenn der Ukraine-Krieg weiter eskaliert, wie soll dann die Weltgemeinschaft die gro\u00dfen globalen Herausforderungen unserer Zeit \u00fcberhaupt noch bew\u00e4ltigen k\u00f6nnen? Wir haben nur die &#8216;Eine-Welt&#8217;.&#8221;<\/em><\/p>\n<\/blockquote>\n<p><strong>Mehr zum Thema &#8211;<\/strong>\u00a0<a rel=\"nofollow noopener\" target=\"_blank\" href=\"https:\/\/test.rtde.life\/russland\/150066-gibt-es-noch-friedenslosung-fur\/\">Gibt es noch eine Friedensl\u00f6sung f\u00fcr die Ukraine?<\/a><\/p>\n<\/p>\n<p><br \/>\n<br \/><a href=\"https:\/\/de.rt.com\/inland\/151042-schroeder-zur-ukraine-krise-gefaehrlichstes-jahrzehnt-seit-dem-zweiten-weltkrieg\/\">Source link <\/a><\/p>\n","protected":false},"excerpt":{"rendered":"<p>In den letzten Monaten wurde der ehemalige Bundeskanzler Gerhard Schr\u00f6der (SPD) wegen seiner T\u00e4tigkeit f\u00fcr russische Gaskonzerne und f\u00fcr seine russlandfreundliche Haltung stark kritisiert. Nun hat er in einem Gastbeitrag in der Berliner Zeitung dargelegt, warum ein Friedensplan f\u00fcr die Ukraine notwendig ist. Gleich zu Beginn des Beitrags weist Schr\u00f6der darauf hin, dass &#8220;Krieg immer [&hellip;]<\/p>\n","protected":false},"author":3,"featured_media":20625,"comment_status":"open","ping_status":"open","sticky":false,"template":"","format":"standard","meta":{"wp_automatic_camp":["217"],"a80feea63869de9a24ed5834c4723051":["Schr\u00f6der zur Ukraine-Krise: Gef\u00e4hrlichstes Jahrzehnt seit dem Zweiten Weltkrieg"],"original_link":["https:\/\/de.rt.com\/inland\/151042-schroeder-zur-ukraine-krise-gefaehrlichstes-jahrzehnt-seit-dem-zweiten-weltkrieg\/"],"_thumbnail_id":["20625"],"_wptg_p2tg_sent2tg":["2022-10-08 23:05:25"],"jnews_social_counter_last_update":["1777606276"]},"categories":[19,23],"tags":[134,34058,799,8961,1829,5015,3226,581,19962],"yoast_head":"<!-- This site is optimized with the Yoast SEO Premium plugin v22.7 (Yoast SEO v22.7) - https:\/\/yoast.com\/wordpress\/plugins\/seo\/ -->\n<title>Schr\u00f6der zur Ukraine-Krise: Gef\u00e4hrlichstes Jahrzehnt seit dem Zweiten Weltkrieg - just-now.NEWS Deutschland<\/title>\n<meta name=\"robots\" content=\"index, follow, max-snippet:-1, max-image-preview:large, max-video-preview:-1\" \/>\n<link rel=\"canonical\" href=\"https:\/\/now-news.de\/de\/deutschland\/schroeder-zur-ukraine-krise-gefaehrlichstes-jahrzehnt-seit-dem-zweiten-weltkrieg\/\" \/>\n<meta property=\"og:locale\" content=\"de_DE\" \/>\n<meta property=\"og:type\" content=\"article\" \/>\n<meta property=\"og:title\" content=\"Schr\u00f6der zur Ukraine-Krise: Gef\u00e4hrlichstes Jahrzehnt seit dem Zweiten Weltkrieg\" \/>\n<meta property=\"og:description\" content=\"In den letzten Monaten wurde der ehemalige Bundeskanzler Gerhard Schr\u00f6der (SPD) wegen seiner T\u00e4tigkeit f\u00fcr russische Gaskonzerne und f\u00fcr seine russlandfreundliche Haltung stark kritisiert. Nun hat er in einem Gastbeitrag in der Berliner Zeitung dargelegt, warum ein Friedensplan f\u00fcr die Ukraine notwendig ist. Gleich zu Beginn des Beitrags weist Schr\u00f6der darauf hin, dass &#8220;Krieg immer [&hellip;]\" \/>\n<meta property=\"og:url\" content=\"https:\/\/now-news.de\/de\/deutschland\/schroeder-zur-ukraine-krise-gefaehrlichstes-jahrzehnt-seit-dem-zweiten-weltkrieg\/\" \/>\n<meta property=\"og:site_name\" content=\"just-now.NEWS Deutschland\" \/>\n<meta property=\"article:publisher\" content=\"https:\/\/www.facebook.com\/wirmachenauf\" \/>\n<meta property=\"article:published_time\" content=\"2022-10-08T20:50:00+00:00\" \/>\n<meta property=\"og:image\" content=\"https:\/\/now-news.de\/de\/wp-content\/uploads\/sites\/3\/2022\/10\/Schroeder-zur-Ukraine-Krise-Gefaehrlichstes-Jahrzehnt-seit-dem-Zweiten-Weltkrieg.jpg\" \/>\n\t<meta property=\"og:image:width\" content=\"460\" \/>\n\t<meta property=\"og:image:height\" content=\"259\" \/>\n\t<meta property=\"og:image:type\" content=\"image\/jpeg\" \/>\n<meta name=\"author\" content=\"rtnews\" \/>\n<meta name=\"twitter:card\" content=\"summary_large_image\" \/>\n<meta name=\"twitter:creator\" content=\"@WirMachenAuf_de\" \/>\n<meta name=\"twitter:site\" content=\"@WirMachenAuf_de\" \/>\n<meta name=\"twitter:label1\" content=\"Verfasst von\" \/>\n\t<meta name=\"twitter:data1\" content=\"rtnews\" \/>\n\t<meta name=\"twitter:label2\" content=\"Gesch\u00e4tzte Lesezeit\" \/>\n\t<meta name=\"twitter:data2\" content=\"5\u00a0Minuten\" \/>\n<script type=\"application\/ld+json\" class=\"yoast-schema-graph\">{\"@context\":\"https:\/\/schema.org\",\"@graph\":[{\"@type\":\"Article\",\"@id\":\"https:\/\/now-news.de\/de\/deutschland\/schroeder-zur-ukraine-krise-gefaehrlichstes-jahrzehnt-seit-dem-zweiten-weltkrieg\/#article\",\"isPartOf\":{\"@id\":\"https:\/\/now-news.de\/de\/deutschland\/schroeder-zur-ukraine-krise-gefaehrlichstes-jahrzehnt-seit-dem-zweiten-weltkrieg\/\"},\"author\":{\"name\":\"rtnews\",\"@id\":\"https:\/\/now-news.de\/de\/#\/schema\/person\/fb534a4e865501d8b3285208df34a9b5\"},\"headline\":\"Schr\u00f6der zur Ukraine-Krise: Gef\u00e4hrlichstes Jahrzehnt seit dem Zweiten Weltkrieg\",\"datePublished\":\"2022-10-08T20:50:00+00:00\",\"dateModified\":\"2022-10-08T20:50:00+00:00\",\"mainEntityOfPage\":{\"@id\":\"https:\/\/now-news.de\/de\/deutschland\/schroeder-zur-ukraine-krise-gefaehrlichstes-jahrzehnt-seit-dem-zweiten-weltkrieg\/\"},\"wordCount\":937,\"commentCount\":0,\"publisher\":{\"@id\":\"https:\/\/now-news.de\/de\/#organization\"},\"image\":{\"@id\":\"https:\/\/now-news.de\/de\/deutschland\/schroeder-zur-ukraine-krise-gefaehrlichstes-jahrzehnt-seit-dem-zweiten-weltkrieg\/#primaryimage\"},\"thumbnailUrl\":\"https:\/\/now-news.de\/de\/wp-content\/uploads\/sites\/3\/2022\/10\/Schroeder-zur-Ukraine-Krise-Gefaehrlichstes-Jahrzehnt-seit-dem-Zweiten-Weltkrieg.jpg\",\"keywords\":[\"DEM\",\"Gef\u00e4hrlichstes\",\"Jahrzehnt\",\"Schr\u00f6der\",\"seit\",\"UkraineKrise\",\"Weltkrieg\",\"zur\",\"Zweiten\"],\"articleSection\":[\"Deutschland\",\"Russland\"],\"inLanguage\":\"de\",\"potentialAction\":[{\"@type\":\"CommentAction\",\"name\":\"Comment\",\"target\":[\"https:\/\/now-news.de\/de\/deutschland\/schroeder-zur-ukraine-krise-gefaehrlichstes-jahrzehnt-seit-dem-zweiten-weltkrieg\/#respond\"]}]},{\"@type\":\"WebPage\",\"@id\":\"https:\/\/now-news.de\/de\/deutschland\/schroeder-zur-ukraine-krise-gefaehrlichstes-jahrzehnt-seit-dem-zweiten-weltkrieg\/\",\"url\":\"https:\/\/now-news.de\/de\/deutschland\/schroeder-zur-ukraine-krise-gefaehrlichstes-jahrzehnt-seit-dem-zweiten-weltkrieg\/\",\"name\":\"Schr\u00f6der zur Ukraine-Krise: Gef\u00e4hrlichstes Jahrzehnt seit dem Zweiten Weltkrieg - just-now.NEWS Deutschland\",\"isPartOf\":{\"@id\":\"https:\/\/now-news.de\/de\/#website\"},\"primaryImageOfPage\":{\"@id\":\"https:\/\/now-news.de\/de\/deutschland\/schroeder-zur-ukraine-krise-gefaehrlichstes-jahrzehnt-seit-dem-zweiten-weltkrieg\/#primaryimage\"},\"image\":{\"@id\":\"https:\/\/now-news.de\/de\/deutschland\/schroeder-zur-ukraine-krise-gefaehrlichstes-jahrzehnt-seit-dem-zweiten-weltkrieg\/#primaryimage\"},\"thumbnailUrl\":\"https:\/\/now-news.de\/de\/wp-content\/uploads\/sites\/3\/2022\/10\/Schroeder-zur-Ukraine-Krise-Gefaehrlichstes-Jahrzehnt-seit-dem-Zweiten-Weltkrieg.jpg\",\"datePublished\":\"2022-10-08T20:50:00+00:00\",\"dateModified\":\"2022-10-08T20:50:00+00:00\",\"breadcrumb\":{\"@id\":\"https:\/\/now-news.de\/de\/deutschland\/schroeder-zur-ukraine-krise-gefaehrlichstes-jahrzehnt-seit-dem-zweiten-weltkrieg\/#breadcrumb\"},\"inLanguage\":\"de\",\"potentialAction\":[{\"@type\":\"ReadAction\",\"target\":[\"https:\/\/now-news.de\/de\/deutschland\/schroeder-zur-ukraine-krise-gefaehrlichstes-jahrzehnt-seit-dem-zweiten-weltkrieg\/\"]}]},{\"@type\":\"ImageObject\",\"inLanguage\":\"de\",\"@id\":\"https:\/\/now-news.de\/de\/deutschland\/schroeder-zur-ukraine-krise-gefaehrlichstes-jahrzehnt-seit-dem-zweiten-weltkrieg\/#primaryimage\",\"url\":\"https:\/\/now-news.de\/de\/wp-content\/uploads\/sites\/3\/2022\/10\/Schroeder-zur-Ukraine-Krise-Gefaehrlichstes-Jahrzehnt-seit-dem-Zweiten-Weltkrieg.jpg\",\"contentUrl\":\"https:\/\/now-news.de\/de\/wp-content\/uploads\/sites\/3\/2022\/10\/Schroeder-zur-Ukraine-Krise-Gefaehrlichstes-Jahrzehnt-seit-dem-Zweiten-Weltkrieg.jpg\",\"width\":460,\"height\":259,\"caption\":\"Schr\u00f6der zur Ukraine-Krise: Gef\u00e4hrlichstes Jahrzehnt seit dem Zweiten Weltkrieg\"},{\"@type\":\"BreadcrumbList\",\"@id\":\"https:\/\/now-news.de\/de\/deutschland\/schroeder-zur-ukraine-krise-gefaehrlichstes-jahrzehnt-seit-dem-zweiten-weltkrieg\/#breadcrumb\",\"itemListElement\":[{\"@type\":\"ListItem\",\"position\":1,\"name\":\"Home\",\"item\":\"https:\/\/now-news.de\/de\/\"},{\"@type\":\"ListItem\",\"position\":2,\"name\":\"Schr\u00f6der zur Ukraine-Krise: Gef\u00e4hrlichstes Jahrzehnt seit dem Zweiten Weltkrieg\"}]},{\"@type\":\"WebSite\",\"@id\":\"https:\/\/now-news.de\/de\/#website\",\"url\":\"https:\/\/now-news.de\/de\/\",\"name\":\"just-now.NEWS Deutschland\",\"description\":\"Das Portal f\u00fcr unzensierte Nachrichten aus der Welt\",\"publisher\":{\"@id\":\"https:\/\/now-news.de\/de\/#organization\"},\"potentialAction\":[{\"@type\":\"SearchAction\",\"target\":{\"@type\":\"EntryPoint\",\"urlTemplate\":\"https:\/\/now-news.de\/de\/?s={search_term_string}\"},\"query-input\":\"required name=search_term_string\"}],\"inLanguage\":\"de\"},{\"@type\":\"Organization\",\"@id\":\"https:\/\/now-news.de\/de\/#organization\",\"name\":\"Just Now News\",\"url\":\"https:\/\/now-news.de\/de\/\",\"logo\":{\"@type\":\"ImageObject\",\"inLanguage\":\"de\",\"@id\":\"https:\/\/now-news.de\/de\/#\/schema\/logo\/image\/\",\"url\":\"http:\/\/just-now.news\/de\/wp-content\/uploads\/sites\/3\/2022\/04\/logo500x500.jpg\",\"contentUrl\":\"http:\/\/just-now.news\/de\/wp-content\/uploads\/sites\/3\/2022\/04\/logo500x500.jpg\",\"width\":500,\"height\":500,\"caption\":\"Just Now News\"},\"image\":{\"@id\":\"https:\/\/now-news.de\/de\/#\/schema\/logo\/image\/\"},\"sameAs\":[\"https:\/\/www.facebook.com\/wirmachenauf\",\"https:\/\/x.com\/WirMachenAuf_de\"]},{\"@type\":\"Person\",\"@id\":\"https:\/\/now-news.de\/de\/#\/schema\/person\/fb534a4e865501d8b3285208df34a9b5\",\"name\":\"rtnews\",\"image\":{\"@type\":\"ImageObject\",\"inLanguage\":\"de\",\"@id\":\"https:\/\/now-news.de\/de\/#\/schema\/person\/image\/\",\"url\":\"https:\/\/secure.gravatar.com\/avatar\/82aafea7d8127119dd649515f56e2117?s=96&d=mm&r=g\",\"contentUrl\":\"https:\/\/secure.gravatar.com\/avatar\/82aafea7d8127119dd649515f56e2117?s=96&d=mm&r=g\",\"caption\":\"rtnews\"},\"url\":\"https:\/\/now-news.de\/de\/author\/rnews\/\"}]}<\/script>\n<!-- \/ Yoast SEO Premium plugin. -->","yoast_head_json":{"title":"Schr\u00f6der zur Ukraine-Krise: Gef\u00e4hrlichstes Jahrzehnt seit dem Zweiten Weltkrieg - just-now.NEWS Deutschland","robots":{"index":"index","follow":"follow","max-snippet":"max-snippet:-1","max-image-preview":"max-image-preview:large","max-video-preview":"max-video-preview:-1"},"canonical":"https:\/\/now-news.de\/de\/deutschland\/schroeder-zur-ukraine-krise-gefaehrlichstes-jahrzehnt-seit-dem-zweiten-weltkrieg\/","og_locale":"de_DE","og_type":"article","og_title":"Schr\u00f6der zur Ukraine-Krise: Gef\u00e4hrlichstes Jahrzehnt seit dem Zweiten Weltkrieg","og_description":"In den letzten Monaten wurde der ehemalige Bundeskanzler Gerhard Schr\u00f6der (SPD) wegen seiner T\u00e4tigkeit f\u00fcr russische Gaskonzerne und f\u00fcr seine russlandfreundliche Haltung stark kritisiert. Nun hat er in einem Gastbeitrag in der Berliner Zeitung dargelegt, warum ein Friedensplan f\u00fcr die Ukraine notwendig ist. Gleich zu Beginn des Beitrags weist Schr\u00f6der darauf hin, dass &#8220;Krieg immer [&hellip;]","og_url":"https:\/\/now-news.de\/de\/deutschland\/schroeder-zur-ukraine-krise-gefaehrlichstes-jahrzehnt-seit-dem-zweiten-weltkrieg\/","og_site_name":"just-now.NEWS Deutschland","article_publisher":"https:\/\/www.facebook.com\/wirmachenauf","article_published_time":"2022-10-08T20:50:00+00:00","og_image":[{"width":460,"height":259,"url":"https:\/\/now-news.de\/de\/wp-content\/uploads\/sites\/3\/2022\/10\/Schroeder-zur-Ukraine-Krise-Gefaehrlichstes-Jahrzehnt-seit-dem-Zweiten-Weltkrieg.jpg","type":"image\/jpeg"}],"author":"rtnews","twitter_card":"summary_large_image","twitter_creator":"@WirMachenAuf_de","twitter_site":"@WirMachenAuf_de","twitter_misc":{"Verfasst von":"rtnews","Gesch\u00e4tzte Lesezeit":"5\u00a0Minuten"},"schema":{"@context":"https:\/\/schema.org","@graph":[{"@type":"Article","@id":"https:\/\/now-news.de\/de\/deutschland\/schroeder-zur-ukraine-krise-gefaehrlichstes-jahrzehnt-seit-dem-zweiten-weltkrieg\/#article","isPartOf":{"@id":"https:\/\/now-news.de\/de\/deutschland\/schroeder-zur-ukraine-krise-gefaehrlichstes-jahrzehnt-seit-dem-zweiten-weltkrieg\/"},"author":{"name":"rtnews","@id":"https:\/\/now-news.de\/de\/#\/schema\/person\/fb534a4e865501d8b3285208df34a9b5"},"headline":"Schr\u00f6der zur Ukraine-Krise: Gef\u00e4hrlichstes Jahrzehnt seit dem Zweiten Weltkrieg","datePublished":"2022-10-08T20:50:00+00:00","dateModified":"2022-10-08T20:50:00+00:00","mainEntityOfPage":{"@id":"https:\/\/now-news.de\/de\/deutschland\/schroeder-zur-ukraine-krise-gefaehrlichstes-jahrzehnt-seit-dem-zweiten-weltkrieg\/"},"wordCount":937,"commentCount":0,"publisher":{"@id":"https:\/\/now-news.de\/de\/#organization"},"image":{"@id":"https:\/\/now-news.de\/de\/deutschland\/schroeder-zur-ukraine-krise-gefaehrlichstes-jahrzehnt-seit-dem-zweiten-weltkrieg\/#primaryimage"},"thumbnailUrl":"https:\/\/now-news.de\/de\/wp-content\/uploads\/sites\/3\/2022\/10\/Schroeder-zur-Ukraine-Krise-Gefaehrlichstes-Jahrzehnt-seit-dem-Zweiten-Weltkrieg.jpg","keywords":["DEM","Gef\u00e4hrlichstes","Jahrzehnt","Schr\u00f6der","seit","UkraineKrise","Weltkrieg","zur","Zweiten"],"articleSection":["Deutschland","Russland"],"inLanguage":"de","potentialAction":[{"@type":"CommentAction","name":"Comment","target":["https:\/\/now-news.de\/de\/deutschland\/schroeder-zur-ukraine-krise-gefaehrlichstes-jahrzehnt-seit-dem-zweiten-weltkrieg\/#respond"]}]},{"@type":"WebPage","@id":"https:\/\/now-news.de\/de\/deutschland\/schroeder-zur-ukraine-krise-gefaehrlichstes-jahrzehnt-seit-dem-zweiten-weltkrieg\/","url":"https:\/\/now-news.de\/de\/deutschland\/schroeder-zur-ukraine-krise-gefaehrlichstes-jahrzehnt-seit-dem-zweiten-weltkrieg\/","name":"Schr\u00f6der zur Ukraine-Krise: Gef\u00e4hrlichstes Jahrzehnt seit dem Zweiten Weltkrieg - just-now.NEWS Deutschland","isPartOf":{"@id":"https:\/\/now-news.de\/de\/#website"},"primaryImageOfPage":{"@id":"https:\/\/now-news.de\/de\/deutschland\/schroeder-zur-ukraine-krise-gefaehrlichstes-jahrzehnt-seit-dem-zweiten-weltkrieg\/#primaryimage"},"image":{"@id":"https:\/\/now-news.de\/de\/deutschland\/schroeder-zur-ukraine-krise-gefaehrlichstes-jahrzehnt-seit-dem-zweiten-weltkrieg\/#primaryimage"},"thumbnailUrl":"https:\/\/now-news.de\/de\/wp-content\/uploads\/sites\/3\/2022\/10\/Schroeder-zur-Ukraine-Krise-Gefaehrlichstes-Jahrzehnt-seit-dem-Zweiten-Weltkrieg.jpg","datePublished":"2022-10-08T20:50:00+00:00","dateModified":"2022-10-08T20:50:00+00:00","breadcrumb":{"@id":"https:\/\/now-news.de\/de\/deutschland\/schroeder-zur-ukraine-krise-gefaehrlichstes-jahrzehnt-seit-dem-zweiten-weltkrieg\/#breadcrumb"},"inLanguage":"de","potentialAction":[{"@type":"ReadAction","target":["https:\/\/now-news.de\/de\/deutschland\/schroeder-zur-ukraine-krise-gefaehrlichstes-jahrzehnt-seit-dem-zweiten-weltkrieg\/"]}]},{"@type":"ImageObject","inLanguage":"de","@id":"https:\/\/now-news.de\/de\/deutschland\/schroeder-zur-ukraine-krise-gefaehrlichstes-jahrzehnt-seit-dem-zweiten-weltkrieg\/#primaryimage","url":"https:\/\/now-news.de\/de\/wp-content\/uploads\/sites\/3\/2022\/10\/Schroeder-zur-Ukraine-Krise-Gefaehrlichstes-Jahrzehnt-seit-dem-Zweiten-Weltkrieg.jpg","contentUrl":"https:\/\/now-news.de\/de\/wp-content\/uploads\/sites\/3\/2022\/10\/Schroeder-zur-Ukraine-Krise-Gefaehrlichstes-Jahrzehnt-seit-dem-Zweiten-Weltkrieg.jpg","width":460,"height":259,"caption":"Schr\u00f6der zur Ukraine-Krise: Gef\u00e4hrlichstes Jahrzehnt seit dem Zweiten Weltkrieg"},{"@type":"BreadcrumbList","@id":"https:\/\/now-news.de\/de\/deutschland\/schroeder-zur-ukraine-krise-gefaehrlichstes-jahrzehnt-seit-dem-zweiten-weltkrieg\/#breadcrumb","itemListElement":[{"@type":"ListItem","position":1,"name":"Home","item":"https:\/\/now-news.de\/de\/"},{"@type":"ListItem","position":2,"name":"Schr\u00f6der zur Ukraine-Krise: Gef\u00e4hrlichstes Jahrzehnt seit dem Zweiten Weltkrieg"}]},{"@type":"WebSite","@id":"https:\/\/now-news.de\/de\/#website","url":"https:\/\/now-news.de\/de\/","name":"just-now.NEWS Deutschland","description":"Das Portal f\u00fcr unzensierte Nachrichten aus der Welt","publisher":{"@id":"https:\/\/now-news.de\/de\/#organization"},"potentialAction":[{"@type":"SearchAction","target":{"@type":"EntryPoint","urlTemplate":"https:\/\/now-news.de\/de\/?s={search_term_string}"},"query-input":"required name=search_term_string"}],"inLanguage":"de"},{"@type":"Organization","@id":"https:\/\/now-news.de\/de\/#organization","name":"Just Now News","url":"https:\/\/now-news.de\/de\/","logo":{"@type":"ImageObject","inLanguage":"de","@id":"https:\/\/now-news.de\/de\/#\/schema\/logo\/image\/","url":"http:\/\/just-now.news\/de\/wp-content\/uploads\/sites\/3\/2022\/04\/logo500x500.jpg","contentUrl":"http:\/\/just-now.news\/de\/wp-content\/uploads\/sites\/3\/2022\/04\/logo500x500.jpg","width":500,"height":500,"caption":"Just Now News"},"image":{"@id":"https:\/\/now-news.de\/de\/#\/schema\/logo\/image\/"},"sameAs":["https:\/\/www.facebook.com\/wirmachenauf","https:\/\/x.com\/WirMachenAuf_de"]},{"@type":"Person","@id":"https:\/\/now-news.de\/de\/#\/schema\/person\/fb534a4e865501d8b3285208df34a9b5","name":"rtnews","image":{"@type":"ImageObject","inLanguage":"de","@id":"https:\/\/now-news.de\/de\/#\/schema\/person\/image\/","url":"https:\/\/secure.gravatar.com\/avatar\/82aafea7d8127119dd649515f56e2117?s=96&d=mm&r=g","contentUrl":"https:\/\/secure.gravatar.com\/avatar\/82aafea7d8127119dd649515f56e2117?s=96&d=mm&r=g","caption":"rtnews"},"url":"https:\/\/now-news.de\/de\/author\/rnews\/"}]}},"_links":{"self":[{"href":"https:\/\/now-news.de\/de\/wp-json\/wp\/v2\/posts\/20624"}],"collection":[{"href":"https:\/\/now-news.de\/de\/wp-json\/wp\/v2\/posts"}],"about":[{"href":"https:\/\/now-news.de\/de\/wp-json\/wp\/v2\/types\/post"}],"author":[{"embeddable":true,"href":"https:\/\/now-news.de\/de\/wp-json\/wp\/v2\/users\/3"}],"replies":[{"embeddable":true,"href":"https:\/\/now-news.de\/de\/wp-json\/wp\/v2\/comments?post=20624"}],"version-history":[{"count":0,"href":"https:\/\/now-news.de\/de\/wp-json\/wp\/v2\/posts\/20624\/revisions"}],"wp:featuredmedia":[{"embeddable":true,"href":"https:\/\/now-news.de\/de\/wp-json\/wp\/v2\/media\/20625"}],"wp:attachment":[{"href":"https:\/\/now-news.de\/de\/wp-json\/wp\/v2\/media?parent=20624"}],"wp:term":[{"taxonomy":"category","embeddable":true,"href":"https:\/\/now-news.de\/de\/wp-json\/wp\/v2\/categories?post=20624"},{"taxonomy":"post_tag","embeddable":true,"href":"https:\/\/now-news.de\/de\/wp-json\/wp\/v2\/tags?post=20624"}],"curies":[{"name":"wp","href":"https:\/\/api.w.org\/{rel}","templated":true}]}}