{"id":20602,"date":"2022-10-08T15:22:40","date_gmt":"2022-10-08T13:22:40","guid":{"rendered":"http:\/\/just-now.news\/de\/deutschland\/uneinigkeit-ueberschattet-eu-debatte-zur-energiekrise-in-prag\/"},"modified":"2022-10-08T15:22:40","modified_gmt":"2022-10-08T13:22:40","slug":"uneinigkeit-ueberschattet-eu-debatte-zur-energiekrise-in-prag","status":"publish","type":"post","link":"https:\/\/now-news.de\/de\/deutschland\/uneinigkeit-ueberschattet-eu-debatte-zur-energiekrise-in-prag\/","title":{"rendered":"Uneinigkeit \u00fcberschattet EU-Debatte zur Energiekrise in Prag"},"content":{"rendered":"<p><img decoding=\"async\" src=\"http:\/\/just-now.news\/de\/wp-content\/uploads\/sites\/3\/2022\/10\/63415d34b480cc33592c6799.jpeg\" \/><\/p>\n<p>Wie die chinesische Nachrichtenagentur <em>Xinhua<\/em> berichtet, haben Staats- und Regierungschefs der Europ\u00e4ischen Union am Freitag auf einem informellen Gipfeltreffen in der tschechischen Hauptstadt Prag erkl\u00e4rt, dass sie weiterhin an einer koordinierten Energiepolitik arbeiten w\u00fcrden \u2013 mit dem Ziel, die Energiekrise zu bew\u00e4ltigen, unter der die B\u00fcrger und Unternehmen der EU zu leiden haben. Der Pr\u00e4sident des Europ\u00e4ischen Rates Charles Michel erkl\u00e4rte nach dem Treffen auf einer Pressekonferenz:<\/p>\n<blockquote>\n<p><em>&#8220;Unser gemeinsames Ziel ist es, die Energiepreise zu senken.&#8221;<\/em><\/p>\n<\/blockquote>\n<p>Die EU-Kommissionspr\u00e4sidentin Ursula von der Leyen sagte, dass die Europ\u00e4ische Union \u00a0&#8220;in den kommenden Wochen&#8221; detailliertere Vorschl\u00e4ge zur Eind\u00e4mmung der steigenden Energiekosten vorlegen werde, und f\u00fcgte hinzu, es sei wichtig sei, eine Fragmentierung des EU-Binnenmarktes zu vermeiden.<\/p>\n<p>Von der Leyen wies darauf hin, dass die Gasspeicher innerhalb der EU derzeit zu etwa 90 Prozent gef\u00fcllt seien, und betonte die Notwendigkeit gemeinsamer Gaseink\u00e4ufe ab dem n\u00e4chsten Fr\u00fchjahr, wenn diese Speicher dann weitgehend geleert sein d\u00fcrften.<\/p>\n<p>In einem Brief an die EU-Mitgliedsstaaten vor dem Treffen am Freitag hatte die EU-Kommissionspr\u00e4sidentin geschrieben, dass &#8220;eine gemeinsame europ\u00e4ische Antwort&#8221; der einzige Weg sei, die Energiekrise zu l\u00f6sen. Sie empfahl, die Verhandlungen mit den Lieferanten zu intensivieren, um die Preise f\u00fcr importiertes Gas aller Art zu senken, eine Intervention zu entwickeln, um die Preise auf dem Erdgasmarkt zu begrenzen und die inflation\u00e4ren Auswirkungen von Gaspreisen auf die Preise f\u00fcr Elektrizit\u00e4t zu begrenzen.<\/p>\n<p>Von der Leyen erg\u00e4nzte, dass die EU-Mitgliedstaaten \u00fcber eine vor\u00fcbergehende Begrenzung des Preises f\u00fcr Gas zur Stromerzeugung diskutieren w\u00fcrden.<\/p>\n<p>Berichten zufolge waren die EU-Mitgliedstaaten im Vorfeld des Prager Treffens jedoch uneins dar\u00fcber, ob und wie die Gaspreise gedeckelt werden sollten. Am Freitag nannten Staats- oder Regierungschefs der EU keine Einzelheiten zur Erzielung einer m\u00f6glichen Gaspreisobergrenze.<\/p>\n<p>In einer Erkl\u00e4rung nach dem Gipfeltreffen in Prag bekr\u00e4ftigte der tschechische Ministerpr\u00e4sident Petr Fiala seine Unterst\u00fctzung f\u00fcr eine gemeinsame EU-L\u00f6sung zur Bew\u00e4ltigung der Energiekrise und lehnte &#8220;nationale Einzell\u00f6sungen&#8221; ab, da diese &#8220;gegen die EU-Vorschriften versto\u00dfen&#8221; w\u00fcrden.<\/p>\n<p>Vor dem Treffen am Freitag hatte Fiala daher auch das j\u00fcngste nationale Energiepaket der deutschen Regierung in H\u00f6he von 200 Milliarden Euro (etwa 195 Milliarden US-Dollar) kritisiert:<\/p>\n<blockquote>\n<p><em>&#8220;Ich sage immer wieder im Namen der Tschechischen Republik, dass wir, wenn wir nur nationale L\u00f6sungen haben, gegen\u00fcber einigen L\u00e4ndern wie Deutschland benachteiligt werden, und das sollten wir nicht zulassen.&#8221;<\/em><\/p>\n<\/blockquote>\n<p>Die Tschechische Republik hat derzeit den rotierenden Vorsitz im Rat der EU inne.<\/p>\n<p><strong>Mehr zum Thema<\/strong> \u2013\u00a0<a rel=\"nofollow noopener\" target=\"_blank\" href=\"https:\/\/de.rt.com\/europa\/150817-eu-light-bildet-sich-heute\/\">&#8220;EU light&#8221; bildet sich heute in Prag<\/a><\/p>\n<p><br \/>\n<br \/><a href=\"https:\/\/de.rt.com\/europa\/151008-uneinigkeit-uberschattet-eu-debatte-zur\/\">Source link <\/a><\/p>\n","protected":false},"excerpt":{"rendered":"<p>Wie die chinesische Nachrichtenagentur Xinhua berichtet, haben Staats- und Regierungschefs der Europ\u00e4ischen Union am Freitag auf einem informellen Gipfeltreffen in der tschechischen Hauptstadt Prag erkl\u00e4rt, dass sie weiterhin an einer koordinierten Energiepolitik arbeiten w\u00fcrden \u2013 mit dem Ziel, die Energiekrise zu bew\u00e4ltigen, unter der die B\u00fcrger und Unternehmen der EU zu leiden haben. Der Pr\u00e4sident [&hellip;]<\/p>\n","protected":false},"author":3,"featured_media":20603,"comment_status":"open","ping_status":"open","sticky":false,"template":"","format":"standard","meta":{"wp_automatic_camp":["217"],"28a55a6458cc9e0f30c9d8fbbaa1a7db":["Uneinigkeit \u00fcberschattet EU-Debatte zur Energiekrise in Prag"],"original_link":["https:\/\/de.rt.com\/europa\/151008-uneinigkeit-uberschattet-eu-debatte-zur\/"],"_thumbnail_id":["20603"],"_wptg_p2tg_sent2tg":["2022-10-08 15:36:30"],"jnews_social_counter_last_update":["1777494885"]},"categories":[19,23],"tags":[3788,34042,32222,3499,30869,581],"yoast_head":"<!-- This site is optimized with the Yoast SEO Premium plugin v22.7 (Yoast SEO v22.7) - https:\/\/yoast.com\/wordpress\/plugins\/seo\/ -->\n<title>Uneinigkeit \u00fcberschattet EU-Debatte zur Energiekrise in Prag - just-now.NEWS Deutschland<\/title>\n<meta name=\"robots\" content=\"index, follow, max-snippet:-1, max-image-preview:large, max-video-preview:-1\" \/>\n<link rel=\"canonical\" href=\"https:\/\/now-news.de\/de\/deutschland\/uneinigkeit-ueberschattet-eu-debatte-zur-energiekrise-in-prag\/\" \/>\n<meta property=\"og:locale\" content=\"de_DE\" \/>\n<meta property=\"og:type\" content=\"article\" \/>\n<meta property=\"og:title\" content=\"Uneinigkeit \u00fcberschattet EU-Debatte zur Energiekrise in Prag\" \/>\n<meta property=\"og:description\" content=\"Wie die chinesische Nachrichtenagentur Xinhua berichtet, haben Staats- und Regierungschefs der Europ\u00e4ischen Union am Freitag auf einem informellen Gipfeltreffen in der tschechischen Hauptstadt Prag erkl\u00e4rt, dass sie weiterhin an einer koordinierten Energiepolitik arbeiten w\u00fcrden \u2013 mit dem Ziel, die Energiekrise zu bew\u00e4ltigen, unter der die B\u00fcrger und Unternehmen der EU zu leiden haben. Der Pr\u00e4sident [&hellip;]\" \/>\n<meta property=\"og:url\" content=\"https:\/\/now-news.de\/de\/deutschland\/uneinigkeit-ueberschattet-eu-debatte-zur-energiekrise-in-prag\/\" \/>\n<meta property=\"og:site_name\" content=\"just-now.NEWS Deutschland\" \/>\n<meta property=\"article:publisher\" content=\"https:\/\/www.facebook.com\/wirmachenauf\" \/>\n<meta property=\"article:published_time\" content=\"2022-10-08T13:22:40+00:00\" \/>\n<meta property=\"og:image\" content=\"https:\/\/now-news.de\/de\/wp-content\/uploads\/sites\/3\/2022\/10\/Uneinigkeit-ueberschattet-EU-Debatte-zur-Energiekrise-in-Prag.jpeg\" \/>\n\t<meta property=\"og:image:width\" content=\"460\" \/>\n\t<meta property=\"og:image:height\" content=\"259\" \/>\n\t<meta property=\"og:image:type\" content=\"image\/jpeg\" \/>\n<meta name=\"author\" content=\"rtnews\" \/>\n<meta name=\"twitter:card\" content=\"summary_large_image\" \/>\n<meta name=\"twitter:creator\" content=\"@WirMachenAuf_de\" \/>\n<meta name=\"twitter:site\" content=\"@WirMachenAuf_de\" \/>\n<meta name=\"twitter:label1\" content=\"Verfasst von\" \/>\n\t<meta name=\"twitter:data1\" content=\"rtnews\" \/>\n\t<meta name=\"twitter:label2\" content=\"Gesch\u00e4tzte Lesezeit\" \/>\n\t<meta name=\"twitter:data2\" content=\"2\u00a0Minuten\" \/>\n<script type=\"application\/ld+json\" class=\"yoast-schema-graph\">{\"@context\":\"https:\/\/schema.org\",\"@graph\":[{\"@type\":\"Article\",\"@id\":\"https:\/\/now-news.de\/de\/deutschland\/uneinigkeit-ueberschattet-eu-debatte-zur-energiekrise-in-prag\/#article\",\"isPartOf\":{\"@id\":\"https:\/\/now-news.de\/de\/deutschland\/uneinigkeit-ueberschattet-eu-debatte-zur-energiekrise-in-prag\/\"},\"author\":{\"name\":\"rtnews\",\"@id\":\"https:\/\/now-news.de\/de\/#\/schema\/person\/fb534a4e865501d8b3285208df34a9b5\"},\"headline\":\"Uneinigkeit \u00fcberschattet EU-Debatte zur Energiekrise in Prag\",\"datePublished\":\"2022-10-08T13:22:40+00:00\",\"dateModified\":\"2022-10-08T13:22:40+00:00\",\"mainEntityOfPage\":{\"@id\":\"https:\/\/now-news.de\/de\/deutschland\/uneinigkeit-ueberschattet-eu-debatte-zur-energiekrise-in-prag\/\"},\"wordCount\":445,\"commentCount\":0,\"publisher\":{\"@id\":\"https:\/\/now-news.de\/de\/#organization\"},\"image\":{\"@id\":\"https:\/\/now-news.de\/de\/deutschland\/uneinigkeit-ueberschattet-eu-debatte-zur-energiekrise-in-prag\/#primaryimage\"},\"thumbnailUrl\":\"https:\/\/now-news.de\/de\/wp-content\/uploads\/sites\/3\/2022\/10\/Uneinigkeit-ueberschattet-EU-Debatte-zur-Energiekrise-in-Prag.jpeg\",\"keywords\":[\"Energiekrise\",\"EUDebatte\",\"Prag\",\"\u00fcberschattet\",\"Uneinigkeit\",\"zur\"],\"articleSection\":[\"Deutschland\",\"Russland\"],\"inLanguage\":\"de\",\"potentialAction\":[{\"@type\":\"CommentAction\",\"name\":\"Comment\",\"target\":[\"https:\/\/now-news.de\/de\/deutschland\/uneinigkeit-ueberschattet-eu-debatte-zur-energiekrise-in-prag\/#respond\"]}]},{\"@type\":\"WebPage\",\"@id\":\"https:\/\/now-news.de\/de\/deutschland\/uneinigkeit-ueberschattet-eu-debatte-zur-energiekrise-in-prag\/\",\"url\":\"https:\/\/now-news.de\/de\/deutschland\/uneinigkeit-ueberschattet-eu-debatte-zur-energiekrise-in-prag\/\",\"name\":\"Uneinigkeit \u00fcberschattet EU-Debatte zur Energiekrise in Prag - just-now.NEWS Deutschland\",\"isPartOf\":{\"@id\":\"https:\/\/now-news.de\/de\/#website\"},\"primaryImageOfPage\":{\"@id\":\"https:\/\/now-news.de\/de\/deutschland\/uneinigkeit-ueberschattet-eu-debatte-zur-energiekrise-in-prag\/#primaryimage\"},\"image\":{\"@id\":\"https:\/\/now-news.de\/de\/deutschland\/uneinigkeit-ueberschattet-eu-debatte-zur-energiekrise-in-prag\/#primaryimage\"},\"thumbnailUrl\":\"https:\/\/now-news.de\/de\/wp-content\/uploads\/sites\/3\/2022\/10\/Uneinigkeit-ueberschattet-EU-Debatte-zur-Energiekrise-in-Prag.jpeg\",\"datePublished\":\"2022-10-08T13:22:40+00:00\",\"dateModified\":\"2022-10-08T13:22:40+00:00\",\"breadcrumb\":{\"@id\":\"https:\/\/now-news.de\/de\/deutschland\/uneinigkeit-ueberschattet-eu-debatte-zur-energiekrise-in-prag\/#breadcrumb\"},\"inLanguage\":\"de\",\"potentialAction\":[{\"@type\":\"ReadAction\",\"target\":[\"https:\/\/now-news.de\/de\/deutschland\/uneinigkeit-ueberschattet-eu-debatte-zur-energiekrise-in-prag\/\"]}]},{\"@type\":\"ImageObject\",\"inLanguage\":\"de\",\"@id\":\"https:\/\/now-news.de\/de\/deutschland\/uneinigkeit-ueberschattet-eu-debatte-zur-energiekrise-in-prag\/#primaryimage\",\"url\":\"https:\/\/now-news.de\/de\/wp-content\/uploads\/sites\/3\/2022\/10\/Uneinigkeit-ueberschattet-EU-Debatte-zur-Energiekrise-in-Prag.jpeg\",\"contentUrl\":\"https:\/\/now-news.de\/de\/wp-content\/uploads\/sites\/3\/2022\/10\/Uneinigkeit-ueberschattet-EU-Debatte-zur-Energiekrise-in-Prag.jpeg\",\"width\":460,\"height\":259,\"caption\":\"Uneinigkeit \u00fcberschattet EU-Debatte zur Energiekrise in Prag\"},{\"@type\":\"BreadcrumbList\",\"@id\":\"https:\/\/now-news.de\/de\/deutschland\/uneinigkeit-ueberschattet-eu-debatte-zur-energiekrise-in-prag\/#breadcrumb\",\"itemListElement\":[{\"@type\":\"ListItem\",\"position\":1,\"name\":\"Home\",\"item\":\"https:\/\/now-news.de\/de\/\"},{\"@type\":\"ListItem\",\"position\":2,\"name\":\"Uneinigkeit \u00fcberschattet EU-Debatte zur Energiekrise in Prag\"}]},{\"@type\":\"WebSite\",\"@id\":\"https:\/\/now-news.de\/de\/#website\",\"url\":\"https:\/\/now-news.de\/de\/\",\"name\":\"just-now.NEWS Deutschland\",\"description\":\"Das Portal f\u00fcr unzensierte Nachrichten aus der Welt\",\"publisher\":{\"@id\":\"https:\/\/now-news.de\/de\/#organization\"},\"potentialAction\":[{\"@type\":\"SearchAction\",\"target\":{\"@type\":\"EntryPoint\",\"urlTemplate\":\"https:\/\/now-news.de\/de\/?s={search_term_string}\"},\"query-input\":\"required name=search_term_string\"}],\"inLanguage\":\"de\"},{\"@type\":\"Organization\",\"@id\":\"https:\/\/now-news.de\/de\/#organization\",\"name\":\"Just Now News\",\"url\":\"https:\/\/now-news.de\/de\/\",\"logo\":{\"@type\":\"ImageObject\",\"inLanguage\":\"de\",\"@id\":\"https:\/\/now-news.de\/de\/#\/schema\/logo\/image\/\",\"url\":\"http:\/\/just-now.news\/de\/wp-content\/uploads\/sites\/3\/2022\/04\/logo500x500.jpg\",\"contentUrl\":\"http:\/\/just-now.news\/de\/wp-content\/uploads\/sites\/3\/2022\/04\/logo500x500.jpg\",\"width\":500,\"height\":500,\"caption\":\"Just Now News\"},\"image\":{\"@id\":\"https:\/\/now-news.de\/de\/#\/schema\/logo\/image\/\"},\"sameAs\":[\"https:\/\/www.facebook.com\/wirmachenauf\",\"https:\/\/x.com\/WirMachenAuf_de\"]},{\"@type\":\"Person\",\"@id\":\"https:\/\/now-news.de\/de\/#\/schema\/person\/fb534a4e865501d8b3285208df34a9b5\",\"name\":\"rtnews\",\"image\":{\"@type\":\"ImageObject\",\"inLanguage\":\"de\",\"@id\":\"https:\/\/now-news.de\/de\/#\/schema\/person\/image\/\",\"url\":\"https:\/\/secure.gravatar.com\/avatar\/82aafea7d8127119dd649515f56e2117?s=96&d=mm&r=g\",\"contentUrl\":\"https:\/\/secure.gravatar.com\/avatar\/82aafea7d8127119dd649515f56e2117?s=96&d=mm&r=g\",\"caption\":\"rtnews\"},\"url\":\"https:\/\/now-news.de\/de\/author\/rnews\/\"}]}<\/script>\n<!-- \/ Yoast SEO Premium plugin. -->","yoast_head_json":{"title":"Uneinigkeit \u00fcberschattet EU-Debatte zur Energiekrise in Prag - just-now.NEWS Deutschland","robots":{"index":"index","follow":"follow","max-snippet":"max-snippet:-1","max-image-preview":"max-image-preview:large","max-video-preview":"max-video-preview:-1"},"canonical":"https:\/\/now-news.de\/de\/deutschland\/uneinigkeit-ueberschattet-eu-debatte-zur-energiekrise-in-prag\/","og_locale":"de_DE","og_type":"article","og_title":"Uneinigkeit \u00fcberschattet EU-Debatte zur Energiekrise in Prag","og_description":"Wie die chinesische Nachrichtenagentur Xinhua berichtet, haben Staats- und Regierungschefs der Europ\u00e4ischen Union am Freitag auf einem informellen Gipfeltreffen in der tschechischen Hauptstadt Prag erkl\u00e4rt, dass sie weiterhin an einer koordinierten Energiepolitik arbeiten w\u00fcrden \u2013 mit dem Ziel, die Energiekrise zu bew\u00e4ltigen, unter der die B\u00fcrger und Unternehmen der EU zu leiden haben. Der Pr\u00e4sident [&hellip;]","og_url":"https:\/\/now-news.de\/de\/deutschland\/uneinigkeit-ueberschattet-eu-debatte-zur-energiekrise-in-prag\/","og_site_name":"just-now.NEWS Deutschland","article_publisher":"https:\/\/www.facebook.com\/wirmachenauf","article_published_time":"2022-10-08T13:22:40+00:00","og_image":[{"width":460,"height":259,"url":"https:\/\/now-news.de\/de\/wp-content\/uploads\/sites\/3\/2022\/10\/Uneinigkeit-ueberschattet-EU-Debatte-zur-Energiekrise-in-Prag.jpeg","type":"image\/jpeg"}],"author":"rtnews","twitter_card":"summary_large_image","twitter_creator":"@WirMachenAuf_de","twitter_site":"@WirMachenAuf_de","twitter_misc":{"Verfasst von":"rtnews","Gesch\u00e4tzte Lesezeit":"2\u00a0Minuten"},"schema":{"@context":"https:\/\/schema.org","@graph":[{"@type":"Article","@id":"https:\/\/now-news.de\/de\/deutschland\/uneinigkeit-ueberschattet-eu-debatte-zur-energiekrise-in-prag\/#article","isPartOf":{"@id":"https:\/\/now-news.de\/de\/deutschland\/uneinigkeit-ueberschattet-eu-debatte-zur-energiekrise-in-prag\/"},"author":{"name":"rtnews","@id":"https:\/\/now-news.de\/de\/#\/schema\/person\/fb534a4e865501d8b3285208df34a9b5"},"headline":"Uneinigkeit \u00fcberschattet EU-Debatte zur Energiekrise in Prag","datePublished":"2022-10-08T13:22:40+00:00","dateModified":"2022-10-08T13:22:40+00:00","mainEntityOfPage":{"@id":"https:\/\/now-news.de\/de\/deutschland\/uneinigkeit-ueberschattet-eu-debatte-zur-energiekrise-in-prag\/"},"wordCount":445,"commentCount":0,"publisher":{"@id":"https:\/\/now-news.de\/de\/#organization"},"image":{"@id":"https:\/\/now-news.de\/de\/deutschland\/uneinigkeit-ueberschattet-eu-debatte-zur-energiekrise-in-prag\/#primaryimage"},"thumbnailUrl":"https:\/\/now-news.de\/de\/wp-content\/uploads\/sites\/3\/2022\/10\/Uneinigkeit-ueberschattet-EU-Debatte-zur-Energiekrise-in-Prag.jpeg","keywords":["Energiekrise","EUDebatte","Prag","\u00fcberschattet","Uneinigkeit","zur"],"articleSection":["Deutschland","Russland"],"inLanguage":"de","potentialAction":[{"@type":"CommentAction","name":"Comment","target":["https:\/\/now-news.de\/de\/deutschland\/uneinigkeit-ueberschattet-eu-debatte-zur-energiekrise-in-prag\/#respond"]}]},{"@type":"WebPage","@id":"https:\/\/now-news.de\/de\/deutschland\/uneinigkeit-ueberschattet-eu-debatte-zur-energiekrise-in-prag\/","url":"https:\/\/now-news.de\/de\/deutschland\/uneinigkeit-ueberschattet-eu-debatte-zur-energiekrise-in-prag\/","name":"Uneinigkeit \u00fcberschattet EU-Debatte zur Energiekrise in Prag - just-now.NEWS Deutschland","isPartOf":{"@id":"https:\/\/now-news.de\/de\/#website"},"primaryImageOfPage":{"@id":"https:\/\/now-news.de\/de\/deutschland\/uneinigkeit-ueberschattet-eu-debatte-zur-energiekrise-in-prag\/#primaryimage"},"image":{"@id":"https:\/\/now-news.de\/de\/deutschland\/uneinigkeit-ueberschattet-eu-debatte-zur-energiekrise-in-prag\/#primaryimage"},"thumbnailUrl":"https:\/\/now-news.de\/de\/wp-content\/uploads\/sites\/3\/2022\/10\/Uneinigkeit-ueberschattet-EU-Debatte-zur-Energiekrise-in-Prag.jpeg","datePublished":"2022-10-08T13:22:40+00:00","dateModified":"2022-10-08T13:22:40+00:00","breadcrumb":{"@id":"https:\/\/now-news.de\/de\/deutschland\/uneinigkeit-ueberschattet-eu-debatte-zur-energiekrise-in-prag\/#breadcrumb"},"inLanguage":"de","potentialAction":[{"@type":"ReadAction","target":["https:\/\/now-news.de\/de\/deutschland\/uneinigkeit-ueberschattet-eu-debatte-zur-energiekrise-in-prag\/"]}]},{"@type":"ImageObject","inLanguage":"de","@id":"https:\/\/now-news.de\/de\/deutschland\/uneinigkeit-ueberschattet-eu-debatte-zur-energiekrise-in-prag\/#primaryimage","url":"https:\/\/now-news.de\/de\/wp-content\/uploads\/sites\/3\/2022\/10\/Uneinigkeit-ueberschattet-EU-Debatte-zur-Energiekrise-in-Prag.jpeg","contentUrl":"https:\/\/now-news.de\/de\/wp-content\/uploads\/sites\/3\/2022\/10\/Uneinigkeit-ueberschattet-EU-Debatte-zur-Energiekrise-in-Prag.jpeg","width":460,"height":259,"caption":"Uneinigkeit \u00fcberschattet EU-Debatte zur Energiekrise in Prag"},{"@type":"BreadcrumbList","@id":"https:\/\/now-news.de\/de\/deutschland\/uneinigkeit-ueberschattet-eu-debatte-zur-energiekrise-in-prag\/#breadcrumb","itemListElement":[{"@type":"ListItem","position":1,"name":"Home","item":"https:\/\/now-news.de\/de\/"},{"@type":"ListItem","position":2,"name":"Uneinigkeit \u00fcberschattet EU-Debatte zur Energiekrise in Prag"}]},{"@type":"WebSite","@id":"https:\/\/now-news.de\/de\/#website","url":"https:\/\/now-news.de\/de\/","name":"just-now.NEWS Deutschland","description":"Das Portal f\u00fcr unzensierte Nachrichten aus der Welt","publisher":{"@id":"https:\/\/now-news.de\/de\/#organization"},"potentialAction":[{"@type":"SearchAction","target":{"@type":"EntryPoint","urlTemplate":"https:\/\/now-news.de\/de\/?s={search_term_string}"},"query-input":"required name=search_term_string"}],"inLanguage":"de"},{"@type":"Organization","@id":"https:\/\/now-news.de\/de\/#organization","name":"Just Now News","url":"https:\/\/now-news.de\/de\/","logo":{"@type":"ImageObject","inLanguage":"de","@id":"https:\/\/now-news.de\/de\/#\/schema\/logo\/image\/","url":"http:\/\/just-now.news\/de\/wp-content\/uploads\/sites\/3\/2022\/04\/logo500x500.jpg","contentUrl":"http:\/\/just-now.news\/de\/wp-content\/uploads\/sites\/3\/2022\/04\/logo500x500.jpg","width":500,"height":500,"caption":"Just Now News"},"image":{"@id":"https:\/\/now-news.de\/de\/#\/schema\/logo\/image\/"},"sameAs":["https:\/\/www.facebook.com\/wirmachenauf","https:\/\/x.com\/WirMachenAuf_de"]},{"@type":"Person","@id":"https:\/\/now-news.de\/de\/#\/schema\/person\/fb534a4e865501d8b3285208df34a9b5","name":"rtnews","image":{"@type":"ImageObject","inLanguage":"de","@id":"https:\/\/now-news.de\/de\/#\/schema\/person\/image\/","url":"https:\/\/secure.gravatar.com\/avatar\/82aafea7d8127119dd649515f56e2117?s=96&d=mm&r=g","contentUrl":"https:\/\/secure.gravatar.com\/avatar\/82aafea7d8127119dd649515f56e2117?s=96&d=mm&r=g","caption":"rtnews"},"url":"https:\/\/now-news.de\/de\/author\/rnews\/"}]}},"_links":{"self":[{"href":"https:\/\/now-news.de\/de\/wp-json\/wp\/v2\/posts\/20602"}],"collection":[{"href":"https:\/\/now-news.de\/de\/wp-json\/wp\/v2\/posts"}],"about":[{"href":"https:\/\/now-news.de\/de\/wp-json\/wp\/v2\/types\/post"}],"author":[{"embeddable":true,"href":"https:\/\/now-news.de\/de\/wp-json\/wp\/v2\/users\/3"}],"replies":[{"embeddable":true,"href":"https:\/\/now-news.de\/de\/wp-json\/wp\/v2\/comments?post=20602"}],"version-history":[{"count":0,"href":"https:\/\/now-news.de\/de\/wp-json\/wp\/v2\/posts\/20602\/revisions"}],"wp:featuredmedia":[{"embeddable":true,"href":"https:\/\/now-news.de\/de\/wp-json\/wp\/v2\/media\/20603"}],"wp:attachment":[{"href":"https:\/\/now-news.de\/de\/wp-json\/wp\/v2\/media?parent=20602"}],"wp:term":[{"taxonomy":"category","embeddable":true,"href":"https:\/\/now-news.de\/de\/wp-json\/wp\/v2\/categories?post=20602"},{"taxonomy":"post_tag","embeddable":true,"href":"https:\/\/now-news.de\/de\/wp-json\/wp\/v2\/tags?post=20602"}],"curies":[{"name":"wp","href":"https:\/\/api.w.org\/{rel}","templated":true}]}}