{"id":20594,"date":"2022-10-08T13:33:03","date_gmt":"2022-10-08T11:33:03","guid":{"rendered":"http:\/\/just-now.news\/de\/deutschland\/irischer-eu-abgeordneter-irlands-regierung-liebt-nato-stellvertreterkrieg-krieg-in-ukraine\/"},"modified":"2022-10-08T13:33:03","modified_gmt":"2022-10-08T11:33:03","slug":"irischer-eu-abgeordneter-irlands-regierung-liebt-nato-stellvertreterkrieg-krieg-in-ukraine","status":"publish","type":"post","link":"https:\/\/now-news.de\/de\/deutschland\/irischer-eu-abgeordneter-irlands-regierung-liebt-nato-stellvertreterkrieg-krieg-in-ukraine\/","title":{"rendered":"Irischer EU-Abgeordneter: Irlands Regierung liebt NATO-Stellvertreterkrieg-Krieg in Ukraine"},"content":{"rendered":"<p><img decoding=\"async\" src=\"http:\/\/just-now.news\/de\/wp-content\/uploads\/sites\/3\/2022\/10\/63414755b480cc31f2751c1e.jpg\" \/><\/p>\n<p>Irlands Regierungschefs &#8220;f\u00f6rdern und lieben den Stellvertreterkrieg der USA und der NATO&#8221; in der Ukraine, w\u00e4hrend die Europ\u00e4ische Union nichts unternehme, um den K\u00e4mpfen ein Ende zu setzen. Dies brachte der irische EU-Abgeordnete Mick Wallace in einem Interview mit dem Sender <em>South East Radio<\/em> zum Ausdruck. Im Einzelnen bezog er sich auf die zwei wichtigsten Parteien in der irischen Regierungskoalition:<\/p>\n<blockquote>\n<p><em>&#8220;Fianna F\u00e1il und Fine Gael f\u00f6rdern diesen Krieg und lieben ihn.&#8221;<\/em><\/p>\n<\/blockquote>\n<p>\u00dcberdies <a rel=\"nofollow noopener\" target=\"_blank\" href=\"https:\/\/twitter.com\/wallacemick\/status\/1577718987097608225?t=xmD8JwPYVVah6Fi6Iht_Fg&amp;s=19\">wies<\/a>\u00a0Wallace darauf hin, dass die Ukraine als Staat weit von den demokratischen Idealen entfernt sei. Auch Europa, von dem Russland des\u00a0Autoritarismus beschuldigt wird, sei selbst\u00a0autorit\u00e4r, da vom\u00a0Mainstream abweichende Stimmen zum Schweigen gebracht w\u00fcrden, so der Politiker.<\/p>\n<div class=\"EmbedBlock-root EmbedBlock-twitter\">\n<div class=\"TwitterEmbed\">\n<blockquote class=\"twitter-tweet lazyload\" data-twitter=\"twitter-tweet\">\n<p lang=\"en\" dir=\"ltr\">EU say Ukraine is fighting to defend democracy from Authoritarianism. Russia is Authoritarian but Western Gov&#8217;s + Media are misinforming by failing to call out anti democracy measures in Ukraine, while dissenting voices in <a rel=\"nofollow noopener\" target=\"_blank\" href=\"https:\/\/twitter.com\/hashtag\/EU?src=hash&amp;ref_src=twsrc%5Etfw\">#EU<\/a> are being silenced &#8211; This is also Authoritarianism&#8230; <a rel=\"nofollow noopener\" target=\"_blank\" href=\"https:\/\/t.co\/Uzb19sAdTF\">pic.twitter.com\/Uzb19sAdTF<\/a><\/p>\n<p>\u2014 Mick Wallace (@wallacemick) <a rel=\"nofollow noopener\" target=\"_blank\" href=\"https:\/\/twitter.com\/wallacemick\/status\/1577718987097608225?ref_src=twsrc%5Etfw\">October 5, 2022<\/a><\/p><\/blockquote><\/div><\/div>\n<p>Clare Daly, ebenfalls eine irische EU-Abgeordnete, <a rel=\"nofollow noopener\" target=\"_blank\" href=\"https:\/\/t.me\/Rot_Okt\/4042\">erkl\u00e4rte <\/a>ihrerseits, dass die aktuelle ideologische Situation in Europa sie an das Deutschland der 1930er und 1940er Jahre erinnere. Wer jetzt diese &#8220;Kriegshetze&#8221; nicht bef\u00fcrworte, werde als &#8220;Marionette Putins&#8221; verunglimpft. Weiter hie\u00df e:<\/p>\n<blockquote>\n<p><em>&#8220;Ehrlich gesagt ist es erb\u00e4rmlich, und die Grobheit und der Zynismus dieser Verleumdungen, die von den Mainstream-EU-Parteien kommen, k\u00f6nnten genauso gut von Hermann G\u00f6ring stammen.&#8221;<\/em><\/p>\n<\/blockquote>\n<p>Mick Wallace betonte, der Krieg sei &#8220;eine Katastrophe f\u00fcr die Menschen in der Ukraine und wird die Lebenshaltungskosten f\u00fcr alle in Europa in die H\u00f6he treiben&#8221;. Vor diesem Hintergrund machte der Politiker auf die Position der USA aufmerksam:<\/p>\n<blockquote>\n<p><em>&#8220;Und wir tun das im Namen der USA und der NATO? Die Amerikaner machen Idioten aus uns.&#8221;<\/em><\/p>\n<\/blockquote>\n<p>Angesichts der taumelnden Wirtschaft in Europa prangerte Wallace die europ\u00e4ischen Staats- und Regierungschefs daf\u00fcr an, dass sie sich nicht gegen Washington und Br\u00fcssel durchsetzen, die seiner Meinung nach &#8220;den Krieg fortsetzen wollen&#8221;. Der Europaabgeordnete verurteilt die EU daf\u00fcr, solch &#8220;eine Marionette der Amerikaner zu sein&#8221;.<\/p>\n<p>Als neutrales Land ist Irland kein Mitglied des NATO-B\u00fcndnisses. Dublin unterst\u00fctzte jedoch alle acht antirussischen Sanktionspakete der EU. Premierminister Miche\u00e1l Martin sicherte bei seinem Aufenthalt in Kiew dem ukrainischen Pr\u00e4sidenten Wladimir Selenskij seine Unterst\u00fctzung f\u00fcr ein EU-Beitrittsgesuch der Ukraine zu. Martin verk\u00fcndete zudem, dass Irlands Konzept der Neutralit\u00e4t &#8220;weiterentwickelt werden muss&#8221;, w\u00e4hrend einige Mitglieder seiner Partei die g\u00e4nzliche Abschaffung des Konzepts der Neutralit\u00e4t forderten.<\/p>\n<p>Wallace, der in seinem Heimatland als Linker bekannt ist, erwies sich als einer der lautesten Kritiker der EU-Handlungen im Verlauf des Ukraine-Konflikts. Kurzvideos von Wallace und seiner Kollegin Clare Daly, in denen sie die EU-F\u00fchrung wegen der Sanktionen gegen Moskau und der Waffenlieferungen an die Ukraine kritisieren, gingen viral. Daraufhin wurde ihnen vorgeworfen, sich auf die Seite Russlands zu stellen, obwohl die beiden auch Russlands Milit\u00e4roperation verurteilen.<\/p>\n<p><strong>Mehr zum Thema<\/strong> &#8211; <a rel=\"nofollow noopener\" target=\"_blank\" href=\"https:\/\/kurz.rt.com\/380r\">Krisen- und Insolvenzticker \u2013 Haseloff: Bundesregierung muss Notlage ausrufen<\/a><\/p>\n<\/p>\n<p><script async src=\"https:\/\/platform.twitter.com\/widgets.js\" charset=\"utf-8\"><\/script><br \/>\n<br \/><br \/>\n<br \/><a href=\"https:\/\/de.rt.com\/international\/151000-irisher-mdep-unsere-regierung-liebt\/\">Source link <\/a><\/p>\n","protected":false},"excerpt":{"rendered":"<p>Irlands Regierungschefs &#8220;f\u00f6rdern und lieben den Stellvertreterkrieg der USA und der NATO&#8221; in der Ukraine, w\u00e4hrend die Europ\u00e4ische Union nichts unternehme, um den K\u00e4mpfen ein Ende zu setzen. Dies brachte der irische EU-Abgeordnete Mick Wallace in einem Interview mit dem Sender South East Radio zum Ausdruck. Im Einzelnen bezog er sich auf die zwei wichtigsten [&hellip;]<\/p>\n","protected":false},"author":3,"featured_media":20595,"comment_status":"open","ping_status":"open","sticky":false,"template":"","format":"standard","meta":{"wp_automatic_camp":["217"],"cfea444b1cc6c4ba5493973aa3a11bfb":["Irischer EU-Abgeordneter: Irlands Regierung liebt NATO-Stellvertreterkrieg-Krieg in Ukraine"],"original_link":["https:\/\/de.rt.com\/international\/151000-irisher-mdep-unsere-regierung-liebt\/"],"_thumbnail_id":["20595"],"_wptg_p2tg_sent2tg":["2022-10-08 13:43:37"],"jnews_social_counter_last_update":["1777282321"]},"categories":[19,23],"tags":[24374,34032,34033,34034,34035,46,127],"yoast_head":"<!-- This site is optimized with the Yoast SEO Premium plugin v22.7 (Yoast SEO v22.7) - https:\/\/yoast.com\/wordpress\/plugins\/seo\/ -->\n<title>Irischer EU-Abgeordneter: Irlands Regierung liebt NATO-Stellvertreterkrieg-Krieg in Ukraine - just-now.NEWS Deutschland<\/title>\n<meta name=\"robots\" content=\"index, follow, max-snippet:-1, max-image-preview:large, max-video-preview:-1\" \/>\n<link rel=\"canonical\" href=\"https:\/\/now-news.de\/de\/deutschland\/irischer-eu-abgeordneter-irlands-regierung-liebt-nato-stellvertreterkrieg-krieg-in-ukraine\/\" \/>\n<meta property=\"og:locale\" content=\"de_DE\" \/>\n<meta property=\"og:type\" content=\"article\" \/>\n<meta property=\"og:title\" content=\"Irischer EU-Abgeordneter: Irlands Regierung liebt NATO-Stellvertreterkrieg-Krieg in Ukraine\" \/>\n<meta property=\"og:description\" content=\"Irlands Regierungschefs &#8220;f\u00f6rdern und lieben den Stellvertreterkrieg der USA und der NATO&#8221; in der Ukraine, w\u00e4hrend die Europ\u00e4ische Union nichts unternehme, um den K\u00e4mpfen ein Ende zu setzen. Dies brachte der irische EU-Abgeordnete Mick Wallace in einem Interview mit dem Sender South East Radio zum Ausdruck. Im Einzelnen bezog er sich auf die zwei wichtigsten [&hellip;]\" \/>\n<meta property=\"og:url\" content=\"https:\/\/now-news.de\/de\/deutschland\/irischer-eu-abgeordneter-irlands-regierung-liebt-nato-stellvertreterkrieg-krieg-in-ukraine\/\" \/>\n<meta property=\"og:site_name\" content=\"just-now.NEWS Deutschland\" \/>\n<meta property=\"article:publisher\" content=\"https:\/\/www.facebook.com\/wirmachenauf\" \/>\n<meta property=\"article:published_time\" content=\"2022-10-08T11:33:03+00:00\" \/>\n<meta property=\"og:image\" content=\"https:\/\/now-news.de\/de\/wp-content\/uploads\/sites\/3\/2022\/10\/Irischer-EU-Abgeordneter-Irlands-Regierung-liebt-NATO-Stellvertreterkrieg-Krieg-in-Ukraine.jpg\" \/>\n\t<meta property=\"og:image:width\" content=\"460\" \/>\n\t<meta property=\"og:image:height\" content=\"259\" \/>\n\t<meta property=\"og:image:type\" content=\"image\/jpeg\" \/>\n<meta name=\"author\" content=\"rtnews\" \/>\n<meta name=\"twitter:card\" content=\"summary_large_image\" \/>\n<meta name=\"twitter:creator\" content=\"@WirMachenAuf_de\" \/>\n<meta name=\"twitter:site\" content=\"@WirMachenAuf_de\" \/>\n<meta name=\"twitter:label1\" content=\"Verfasst von\" \/>\n\t<meta name=\"twitter:data1\" content=\"rtnews\" \/>\n\t<meta name=\"twitter:label2\" content=\"Gesch\u00e4tzte Lesezeit\" \/>\n\t<meta name=\"twitter:data2\" content=\"3\u00a0Minuten\" \/>\n<script type=\"application\/ld+json\" class=\"yoast-schema-graph\">{\"@context\":\"https:\/\/schema.org\",\"@graph\":[{\"@type\":\"Article\",\"@id\":\"https:\/\/now-news.de\/de\/deutschland\/irischer-eu-abgeordneter-irlands-regierung-liebt-nato-stellvertreterkrieg-krieg-in-ukraine\/#article\",\"isPartOf\":{\"@id\":\"https:\/\/now-news.de\/de\/deutschland\/irischer-eu-abgeordneter-irlands-regierung-liebt-nato-stellvertreterkrieg-krieg-in-ukraine\/\"},\"author\":{\"name\":\"rtnews\",\"@id\":\"https:\/\/now-news.de\/de\/#\/schema\/person\/fb534a4e865501d8b3285208df34a9b5\"},\"headline\":\"Irischer EU-Abgeordneter: Irlands Regierung liebt NATO-Stellvertreterkrieg-Krieg in Ukraine\",\"datePublished\":\"2022-10-08T11:33:03+00:00\",\"dateModified\":\"2022-10-08T11:33:03+00:00\",\"mainEntityOfPage\":{\"@id\":\"https:\/\/now-news.de\/de\/deutschland\/irischer-eu-abgeordneter-irlands-regierung-liebt-nato-stellvertreterkrieg-krieg-in-ukraine\/\"},\"wordCount\":515,\"commentCount\":0,\"publisher\":{\"@id\":\"https:\/\/now-news.de\/de\/#organization\"},\"image\":{\"@id\":\"https:\/\/now-news.de\/de\/deutschland\/irischer-eu-abgeordneter-irlands-regierung-liebt-nato-stellvertreterkrieg-krieg-in-ukraine\/#primaryimage\"},\"thumbnailUrl\":\"https:\/\/now-news.de\/de\/wp-content\/uploads\/sites\/3\/2022\/10\/Irischer-EU-Abgeordneter-Irlands-Regierung-liebt-NATO-Stellvertreterkrieg-Krieg-in-Ukraine.jpg\",\"keywords\":[\"EUAbgeordneter\",\"Irischer\",\"Irlands\",\"liebt\",\"NATOStellvertreterkriegKrieg\",\"Regierung\",\"ukraine\"],\"articleSection\":[\"Deutschland\",\"Russland\"],\"inLanguage\":\"de\",\"potentialAction\":[{\"@type\":\"CommentAction\",\"name\":\"Comment\",\"target\":[\"https:\/\/now-news.de\/de\/deutschland\/irischer-eu-abgeordneter-irlands-regierung-liebt-nato-stellvertreterkrieg-krieg-in-ukraine\/#respond\"]}]},{\"@type\":\"WebPage\",\"@id\":\"https:\/\/now-news.de\/de\/deutschland\/irischer-eu-abgeordneter-irlands-regierung-liebt-nato-stellvertreterkrieg-krieg-in-ukraine\/\",\"url\":\"https:\/\/now-news.de\/de\/deutschland\/irischer-eu-abgeordneter-irlands-regierung-liebt-nato-stellvertreterkrieg-krieg-in-ukraine\/\",\"name\":\"Irischer EU-Abgeordneter: Irlands Regierung liebt NATO-Stellvertreterkrieg-Krieg in Ukraine - just-now.NEWS Deutschland\",\"isPartOf\":{\"@id\":\"https:\/\/now-news.de\/de\/#website\"},\"primaryImageOfPage\":{\"@id\":\"https:\/\/now-news.de\/de\/deutschland\/irischer-eu-abgeordneter-irlands-regierung-liebt-nato-stellvertreterkrieg-krieg-in-ukraine\/#primaryimage\"},\"image\":{\"@id\":\"https:\/\/now-news.de\/de\/deutschland\/irischer-eu-abgeordneter-irlands-regierung-liebt-nato-stellvertreterkrieg-krieg-in-ukraine\/#primaryimage\"},\"thumbnailUrl\":\"https:\/\/now-news.de\/de\/wp-content\/uploads\/sites\/3\/2022\/10\/Irischer-EU-Abgeordneter-Irlands-Regierung-liebt-NATO-Stellvertreterkrieg-Krieg-in-Ukraine.jpg\",\"datePublished\":\"2022-10-08T11:33:03+00:00\",\"dateModified\":\"2022-10-08T11:33:03+00:00\",\"breadcrumb\":{\"@id\":\"https:\/\/now-news.de\/de\/deutschland\/irischer-eu-abgeordneter-irlands-regierung-liebt-nato-stellvertreterkrieg-krieg-in-ukraine\/#breadcrumb\"},\"inLanguage\":\"de\",\"potentialAction\":[{\"@type\":\"ReadAction\",\"target\":[\"https:\/\/now-news.de\/de\/deutschland\/irischer-eu-abgeordneter-irlands-regierung-liebt-nato-stellvertreterkrieg-krieg-in-ukraine\/\"]}]},{\"@type\":\"ImageObject\",\"inLanguage\":\"de\",\"@id\":\"https:\/\/now-news.de\/de\/deutschland\/irischer-eu-abgeordneter-irlands-regierung-liebt-nato-stellvertreterkrieg-krieg-in-ukraine\/#primaryimage\",\"url\":\"https:\/\/now-news.de\/de\/wp-content\/uploads\/sites\/3\/2022\/10\/Irischer-EU-Abgeordneter-Irlands-Regierung-liebt-NATO-Stellvertreterkrieg-Krieg-in-Ukraine.jpg\",\"contentUrl\":\"https:\/\/now-news.de\/de\/wp-content\/uploads\/sites\/3\/2022\/10\/Irischer-EU-Abgeordneter-Irlands-Regierung-liebt-NATO-Stellvertreterkrieg-Krieg-in-Ukraine.jpg\",\"width\":460,\"height\":259,\"caption\":\"Irischer EU-Abgeordneter: Irlands Regierung liebt NATO-Stellvertreterkrieg-Krieg in Ukraine\"},{\"@type\":\"BreadcrumbList\",\"@id\":\"https:\/\/now-news.de\/de\/deutschland\/irischer-eu-abgeordneter-irlands-regierung-liebt-nato-stellvertreterkrieg-krieg-in-ukraine\/#breadcrumb\",\"itemListElement\":[{\"@type\":\"ListItem\",\"position\":1,\"name\":\"Home\",\"item\":\"https:\/\/now-news.de\/de\/\"},{\"@type\":\"ListItem\",\"position\":2,\"name\":\"Irischer EU-Abgeordneter: Irlands Regierung liebt NATO-Stellvertreterkrieg-Krieg in Ukraine\"}]},{\"@type\":\"WebSite\",\"@id\":\"https:\/\/now-news.de\/de\/#website\",\"url\":\"https:\/\/now-news.de\/de\/\",\"name\":\"just-now.NEWS Deutschland\",\"description\":\"Das Portal f\u00fcr unzensierte Nachrichten aus der Welt\",\"publisher\":{\"@id\":\"https:\/\/now-news.de\/de\/#organization\"},\"potentialAction\":[{\"@type\":\"SearchAction\",\"target\":{\"@type\":\"EntryPoint\",\"urlTemplate\":\"https:\/\/now-news.de\/de\/?s={search_term_string}\"},\"query-input\":\"required name=search_term_string\"}],\"inLanguage\":\"de\"},{\"@type\":\"Organization\",\"@id\":\"https:\/\/now-news.de\/de\/#organization\",\"name\":\"Just Now News\",\"url\":\"https:\/\/now-news.de\/de\/\",\"logo\":{\"@type\":\"ImageObject\",\"inLanguage\":\"de\",\"@id\":\"https:\/\/now-news.de\/de\/#\/schema\/logo\/image\/\",\"url\":\"http:\/\/just-now.news\/de\/wp-content\/uploads\/sites\/3\/2022\/04\/logo500x500.jpg\",\"contentUrl\":\"http:\/\/just-now.news\/de\/wp-content\/uploads\/sites\/3\/2022\/04\/logo500x500.jpg\",\"width\":500,\"height\":500,\"caption\":\"Just Now News\"},\"image\":{\"@id\":\"https:\/\/now-news.de\/de\/#\/schema\/logo\/image\/\"},\"sameAs\":[\"https:\/\/www.facebook.com\/wirmachenauf\",\"https:\/\/x.com\/WirMachenAuf_de\"]},{\"@type\":\"Person\",\"@id\":\"https:\/\/now-news.de\/de\/#\/schema\/person\/fb534a4e865501d8b3285208df34a9b5\",\"name\":\"rtnews\",\"image\":{\"@type\":\"ImageObject\",\"inLanguage\":\"de\",\"@id\":\"https:\/\/now-news.de\/de\/#\/schema\/person\/image\/\",\"url\":\"https:\/\/secure.gravatar.com\/avatar\/82aafea7d8127119dd649515f56e2117?s=96&d=mm&r=g\",\"contentUrl\":\"https:\/\/secure.gravatar.com\/avatar\/82aafea7d8127119dd649515f56e2117?s=96&d=mm&r=g\",\"caption\":\"rtnews\"},\"url\":\"https:\/\/now-news.de\/de\/author\/rnews\/\"}]}<\/script>\n<!-- \/ Yoast SEO Premium plugin. -->","yoast_head_json":{"title":"Irischer EU-Abgeordneter: Irlands Regierung liebt NATO-Stellvertreterkrieg-Krieg in Ukraine - just-now.NEWS Deutschland","robots":{"index":"index","follow":"follow","max-snippet":"max-snippet:-1","max-image-preview":"max-image-preview:large","max-video-preview":"max-video-preview:-1"},"canonical":"https:\/\/now-news.de\/de\/deutschland\/irischer-eu-abgeordneter-irlands-regierung-liebt-nato-stellvertreterkrieg-krieg-in-ukraine\/","og_locale":"de_DE","og_type":"article","og_title":"Irischer EU-Abgeordneter: Irlands Regierung liebt NATO-Stellvertreterkrieg-Krieg in Ukraine","og_description":"Irlands Regierungschefs &#8220;f\u00f6rdern und lieben den Stellvertreterkrieg der USA und der NATO&#8221; in der Ukraine, w\u00e4hrend die Europ\u00e4ische Union nichts unternehme, um den K\u00e4mpfen ein Ende zu setzen. Dies brachte der irische EU-Abgeordnete Mick Wallace in einem Interview mit dem Sender South East Radio zum Ausdruck. Im Einzelnen bezog er sich auf die zwei wichtigsten [&hellip;]","og_url":"https:\/\/now-news.de\/de\/deutschland\/irischer-eu-abgeordneter-irlands-regierung-liebt-nato-stellvertreterkrieg-krieg-in-ukraine\/","og_site_name":"just-now.NEWS Deutschland","article_publisher":"https:\/\/www.facebook.com\/wirmachenauf","article_published_time":"2022-10-08T11:33:03+00:00","og_image":[{"width":460,"height":259,"url":"https:\/\/now-news.de\/de\/wp-content\/uploads\/sites\/3\/2022\/10\/Irischer-EU-Abgeordneter-Irlands-Regierung-liebt-NATO-Stellvertreterkrieg-Krieg-in-Ukraine.jpg","type":"image\/jpeg"}],"author":"rtnews","twitter_card":"summary_large_image","twitter_creator":"@WirMachenAuf_de","twitter_site":"@WirMachenAuf_de","twitter_misc":{"Verfasst von":"rtnews","Gesch\u00e4tzte Lesezeit":"3\u00a0Minuten"},"schema":{"@context":"https:\/\/schema.org","@graph":[{"@type":"Article","@id":"https:\/\/now-news.de\/de\/deutschland\/irischer-eu-abgeordneter-irlands-regierung-liebt-nato-stellvertreterkrieg-krieg-in-ukraine\/#article","isPartOf":{"@id":"https:\/\/now-news.de\/de\/deutschland\/irischer-eu-abgeordneter-irlands-regierung-liebt-nato-stellvertreterkrieg-krieg-in-ukraine\/"},"author":{"name":"rtnews","@id":"https:\/\/now-news.de\/de\/#\/schema\/person\/fb534a4e865501d8b3285208df34a9b5"},"headline":"Irischer EU-Abgeordneter: Irlands Regierung liebt NATO-Stellvertreterkrieg-Krieg in Ukraine","datePublished":"2022-10-08T11:33:03+00:00","dateModified":"2022-10-08T11:33:03+00:00","mainEntityOfPage":{"@id":"https:\/\/now-news.de\/de\/deutschland\/irischer-eu-abgeordneter-irlands-regierung-liebt-nato-stellvertreterkrieg-krieg-in-ukraine\/"},"wordCount":515,"commentCount":0,"publisher":{"@id":"https:\/\/now-news.de\/de\/#organization"},"image":{"@id":"https:\/\/now-news.de\/de\/deutschland\/irischer-eu-abgeordneter-irlands-regierung-liebt-nato-stellvertreterkrieg-krieg-in-ukraine\/#primaryimage"},"thumbnailUrl":"https:\/\/now-news.de\/de\/wp-content\/uploads\/sites\/3\/2022\/10\/Irischer-EU-Abgeordneter-Irlands-Regierung-liebt-NATO-Stellvertreterkrieg-Krieg-in-Ukraine.jpg","keywords":["EUAbgeordneter","Irischer","Irlands","liebt","NATOStellvertreterkriegKrieg","Regierung","ukraine"],"articleSection":["Deutschland","Russland"],"inLanguage":"de","potentialAction":[{"@type":"CommentAction","name":"Comment","target":["https:\/\/now-news.de\/de\/deutschland\/irischer-eu-abgeordneter-irlands-regierung-liebt-nato-stellvertreterkrieg-krieg-in-ukraine\/#respond"]}]},{"@type":"WebPage","@id":"https:\/\/now-news.de\/de\/deutschland\/irischer-eu-abgeordneter-irlands-regierung-liebt-nato-stellvertreterkrieg-krieg-in-ukraine\/","url":"https:\/\/now-news.de\/de\/deutschland\/irischer-eu-abgeordneter-irlands-regierung-liebt-nato-stellvertreterkrieg-krieg-in-ukraine\/","name":"Irischer EU-Abgeordneter: Irlands Regierung liebt NATO-Stellvertreterkrieg-Krieg in Ukraine - just-now.NEWS Deutschland","isPartOf":{"@id":"https:\/\/now-news.de\/de\/#website"},"primaryImageOfPage":{"@id":"https:\/\/now-news.de\/de\/deutschland\/irischer-eu-abgeordneter-irlands-regierung-liebt-nato-stellvertreterkrieg-krieg-in-ukraine\/#primaryimage"},"image":{"@id":"https:\/\/now-news.de\/de\/deutschland\/irischer-eu-abgeordneter-irlands-regierung-liebt-nato-stellvertreterkrieg-krieg-in-ukraine\/#primaryimage"},"thumbnailUrl":"https:\/\/now-news.de\/de\/wp-content\/uploads\/sites\/3\/2022\/10\/Irischer-EU-Abgeordneter-Irlands-Regierung-liebt-NATO-Stellvertreterkrieg-Krieg-in-Ukraine.jpg","datePublished":"2022-10-08T11:33:03+00:00","dateModified":"2022-10-08T11:33:03+00:00","breadcrumb":{"@id":"https:\/\/now-news.de\/de\/deutschland\/irischer-eu-abgeordneter-irlands-regierung-liebt-nato-stellvertreterkrieg-krieg-in-ukraine\/#breadcrumb"},"inLanguage":"de","potentialAction":[{"@type":"ReadAction","target":["https:\/\/now-news.de\/de\/deutschland\/irischer-eu-abgeordneter-irlands-regierung-liebt-nato-stellvertreterkrieg-krieg-in-ukraine\/"]}]},{"@type":"ImageObject","inLanguage":"de","@id":"https:\/\/now-news.de\/de\/deutschland\/irischer-eu-abgeordneter-irlands-regierung-liebt-nato-stellvertreterkrieg-krieg-in-ukraine\/#primaryimage","url":"https:\/\/now-news.de\/de\/wp-content\/uploads\/sites\/3\/2022\/10\/Irischer-EU-Abgeordneter-Irlands-Regierung-liebt-NATO-Stellvertreterkrieg-Krieg-in-Ukraine.jpg","contentUrl":"https:\/\/now-news.de\/de\/wp-content\/uploads\/sites\/3\/2022\/10\/Irischer-EU-Abgeordneter-Irlands-Regierung-liebt-NATO-Stellvertreterkrieg-Krieg-in-Ukraine.jpg","width":460,"height":259,"caption":"Irischer EU-Abgeordneter: Irlands Regierung liebt NATO-Stellvertreterkrieg-Krieg in Ukraine"},{"@type":"BreadcrumbList","@id":"https:\/\/now-news.de\/de\/deutschland\/irischer-eu-abgeordneter-irlands-regierung-liebt-nato-stellvertreterkrieg-krieg-in-ukraine\/#breadcrumb","itemListElement":[{"@type":"ListItem","position":1,"name":"Home","item":"https:\/\/now-news.de\/de\/"},{"@type":"ListItem","position":2,"name":"Irischer EU-Abgeordneter: Irlands Regierung liebt NATO-Stellvertreterkrieg-Krieg in Ukraine"}]},{"@type":"WebSite","@id":"https:\/\/now-news.de\/de\/#website","url":"https:\/\/now-news.de\/de\/","name":"just-now.NEWS Deutschland","description":"Das Portal f\u00fcr unzensierte Nachrichten aus der Welt","publisher":{"@id":"https:\/\/now-news.de\/de\/#organization"},"potentialAction":[{"@type":"SearchAction","target":{"@type":"EntryPoint","urlTemplate":"https:\/\/now-news.de\/de\/?s={search_term_string}"},"query-input":"required name=search_term_string"}],"inLanguage":"de"},{"@type":"Organization","@id":"https:\/\/now-news.de\/de\/#organization","name":"Just Now News","url":"https:\/\/now-news.de\/de\/","logo":{"@type":"ImageObject","inLanguage":"de","@id":"https:\/\/now-news.de\/de\/#\/schema\/logo\/image\/","url":"http:\/\/just-now.news\/de\/wp-content\/uploads\/sites\/3\/2022\/04\/logo500x500.jpg","contentUrl":"http:\/\/just-now.news\/de\/wp-content\/uploads\/sites\/3\/2022\/04\/logo500x500.jpg","width":500,"height":500,"caption":"Just Now News"},"image":{"@id":"https:\/\/now-news.de\/de\/#\/schema\/logo\/image\/"},"sameAs":["https:\/\/www.facebook.com\/wirmachenauf","https:\/\/x.com\/WirMachenAuf_de"]},{"@type":"Person","@id":"https:\/\/now-news.de\/de\/#\/schema\/person\/fb534a4e865501d8b3285208df34a9b5","name":"rtnews","image":{"@type":"ImageObject","inLanguage":"de","@id":"https:\/\/now-news.de\/de\/#\/schema\/person\/image\/","url":"https:\/\/secure.gravatar.com\/avatar\/82aafea7d8127119dd649515f56e2117?s=96&d=mm&r=g","contentUrl":"https:\/\/secure.gravatar.com\/avatar\/82aafea7d8127119dd649515f56e2117?s=96&d=mm&r=g","caption":"rtnews"},"url":"https:\/\/now-news.de\/de\/author\/rnews\/"}]}},"_links":{"self":[{"href":"https:\/\/now-news.de\/de\/wp-json\/wp\/v2\/posts\/20594"}],"collection":[{"href":"https:\/\/now-news.de\/de\/wp-json\/wp\/v2\/posts"}],"about":[{"href":"https:\/\/now-news.de\/de\/wp-json\/wp\/v2\/types\/post"}],"author":[{"embeddable":true,"href":"https:\/\/now-news.de\/de\/wp-json\/wp\/v2\/users\/3"}],"replies":[{"embeddable":true,"href":"https:\/\/now-news.de\/de\/wp-json\/wp\/v2\/comments?post=20594"}],"version-history":[{"count":0,"href":"https:\/\/now-news.de\/de\/wp-json\/wp\/v2\/posts\/20594\/revisions"}],"wp:featuredmedia":[{"embeddable":true,"href":"https:\/\/now-news.de\/de\/wp-json\/wp\/v2\/media\/20595"}],"wp:attachment":[{"href":"https:\/\/now-news.de\/de\/wp-json\/wp\/v2\/media?parent=20594"}],"wp:term":[{"taxonomy":"category","embeddable":true,"href":"https:\/\/now-news.de\/de\/wp-json\/wp\/v2\/categories?post=20594"},{"taxonomy":"post_tag","embeddable":true,"href":"https:\/\/now-news.de\/de\/wp-json\/wp\/v2\/tags?post=20594"}],"curies":[{"name":"wp","href":"https:\/\/api.w.org\/{rel}","templated":true}]}}