{"id":20567,"date":"2022-10-08T07:24:51","date_gmt":"2022-10-08T05:24:51","guid":{"rendered":"http:\/\/just-now.news\/de\/deutschland\/nato-beitritt-von-schweden-und-finnland-erdogan-stimmt-nur-bei-einem-land-zu\/"},"modified":"2022-10-08T07:24:51","modified_gmt":"2022-10-08T05:24:51","slug":"nato-beitritt-von-schweden-und-finnland-erdogan-stimmt-nur-bei-einem-land-zu","status":"publish","type":"post","link":"https:\/\/now-news.de\/de\/deutschland\/nato-beitritt-von-schweden-und-finnland-erdogan-stimmt-nur-bei-einem-land-zu\/","title":{"rendered":"NATO-Beitritt von Schweden und Finnland: Erdo\u011fan stimmt nur bei einem Land zu"},"content":{"rendered":"<p><img decoding=\"async\" src=\"http:\/\/just-now.news\/de\/wp-content\/uploads\/sites\/3\/2022\/10\/634056a848fbef14925b2cf4.jpg\" \/><\/p>\n<p>Der t\u00fcrkische Pr\u00e4sident Recep Tayyip Erdo\u011fan erkl\u00e4rte, dass Schweden und Finnland unterschiedlich vorgehen, wenn es darum geht, die sicherheitspolitischen Forderungen der T\u00fcrkei nach einem NATO-Beitritt zu erf\u00fcllen.<\/p>\n<p>Die T\u00fcrkei hat damit gedroht, die Mitgliedschaft Schwedens und Finnlands in dem 30 Mitglieder z\u00e4hlenden Verteidigungsb\u00fcndnis zu blockieren. Ankara beschuldigt Schweden und \u2013 in geringerem Ma\u00dfe \u2013 Finnland, Gruppen zu unterst\u00fctzen, die die T\u00fcrkei als Terroristen ansieht. Die NATO arbeitet nach dem Konsensprinzip, und die beiden nordischen L\u00e4nder ben\u00f6tigen f\u00fcr ihren Beitritt die Zustimmung der T\u00fcrkei.<\/p>\n<p>&#8220;Die T\u00fcrkei ist nun bereit, dem NATO-Beitritt Finnlands gr\u00fcnes Licht zu geben, ist aber nicht bereit, das Gleiche f\u00fcr Schweden zu tun&#8221;, sagte Erdo\u011fan am Donnerstagabend und deutete damit an, dass die beiden nordischen L\u00e4nder dem B\u00fcndnis zu unterschiedlichen Zeitpunkten beitreten k\u00f6nnten.<\/p>\n<p>Auf einer Pressekonferenz in der tschechischen Hauptstadt Prag erkl\u00e4rte der t\u00fcrkische Staatschef, Ankaras Beziehungen zu Finnland seien &#8220;anders als die zu Schweden&#8221;. Nach Erdo\u011fans Meinung ist Finnland &#8220;kein Land, in dem sich Terroristen frei bewegen&#8221;, w\u00e4hrend Schweden &#8220;ein Ort ist, an dem der Terror grassiert&#8221;.<\/p>\n<p>&#8220;Solange Terrororganisationen auf den Stra\u00dfen Schwedens demonstrieren und solange Terroristen im schwedischen Parlament sind, wird es keine positive Einstellung der T\u00fcrkei gegen\u00fcber Schweden geben&#8221;, so Erdo\u011fan. Der Staatschef spielte damit auf Vorw\u00fcrfe an, nach denen schwedische Politiker mit Mitgliedern der verbotenen Arbeiterpartei Kurdistans (PKK) und Anh\u00e4ngern der G\u00fclen-Bewegung sympathisieren und deren Aktivit\u00e4ten nicht ausreichend verfolgen.<\/p>\n<p>&#8220;Was Finnland und Schweden betrifft, wird die NATO eine Entscheidung treffen m\u00fcssen. Wenn sie eine Entscheidung zugunsten Finnlands trifft, werden wir nat\u00fcrlich alles tun, was wir tun m\u00fcssen&#8221;, sagte Erdo\u011fan.<\/p>\n<p>Seine \u00c4u\u00dferungen fielen auf denselben Tag, an dem der finnische Verteidigungsminister Antti Kaikkonen best\u00e4tigte, dass sein Land gemeinsam mit seinem &#8220;engen Partner Schweden&#8221; den Weg in die NATO einschlagen werde.<\/p>\n<p>Auch die finnische Ministerpr\u00e4sidentin Sanna Marin erkl\u00e4rte, Helsinki bef\u00fcrworte einen Beitritt zum B\u00fcndnis zur gleichen Zeit wie Schweden:<\/p>\n<p>&#8220;Aus unserer Sicht w\u00e4re es sehr wichtig, dass Finnland und Schweden gemeinsam der NATO beitreten, da wir beide im n\u00f6rdlichen Teil Europas liegen und uns in der gleichen geopolitischen Position befinden.&#8221;<\/p>\n<p>&#8220;Aber nat\u00fcrlich werden wir die Diskussion fortsetzen, und es liegt jetzt an der T\u00fcrkei und auch an Ungarn, die Entscheidungen zur Ratifizierung zu treffen&#8221;, f\u00fcgte Marin hinzu.<\/p>\n<p>Die t\u00fcrkische Regierung, die sich zun\u00e4chst gegen den Beitritt Finnlands und Schwedens ausgesprochen hatte, erkl\u00e4rte sich Ende Juni bereit, die Beitrittskandidaten offiziell zu unterst\u00fctzen. Dies wurde m\u00f6glich, nachdem Stockholm und Helsinki eine Zehn-Punkte-Vereinbarung unterzeichnet hatten, in der sie sich verpflichteten, Auslieferungsantr\u00e4gen nachzukommen, Exportkontrollen aufzuheben und die Unterst\u00fctzung f\u00fcr Gruppen einzustellen, die Ankara als terroristisch betrachtet. Zu diesen Gruppen geh\u00f6ren Aktivisten der PKK, die in den beiden nordischen Staaten Asyl beantragt haben, sowie Anh\u00e4nger des in den USA im Exil lebenden Geistlichen Fethullah G\u00fclen.<\/p>\n<p>Seit Juli haben sowohl Schweden als auch Finnland eine Reihe von Ma\u00dfnahmen ergriffen, um die Zustimmung Ankaras zu ihren NATO-Bewerbungen zu erhalten.<\/p>\n<p>Letzte Woche k\u00fcndigte Schweden an, dass es ein Waffenembargo aufheben werde, das es 2019 nach einer t\u00fcrkischen Milit\u00e4roperation gegen die Kurdenmiliz YPG in Syrien gegen die T\u00fcrkei verh\u00e4ngt hatte. Beobachter werteten dies als Bem\u00fchung, Ankaras Zustimmung f\u00fcr die NATO-Mitgliedschaft des skandinavischen Landes zu sichern.<\/p>\n<p>Allerdings sind die Verhandlungen zwischen Schweden und der T\u00fcrkei seit einem schweren R\u00fcckschlag im Sommer offenbar auf einem Tiefpunkt angelangt. Die Komplikationen wurden durch Fotos verursacht, die im Juli aufgetaucht waren und einige schwedische Abgeordnete zeigten, die mit PKK-Fahnen posierten, wovon sich die Regierung jedoch distanzierte. Anfang dieser Woche versch\u00e4rften sich die Spannungen weiter, nachdem die T\u00fcrkei den schwedischen Botschafter wegen einer Fernsehsendung vorgeladen hatte, die Ankara als beleidigend empfand.<\/p>\n<p>Damit ein Beitrittskandidat in die NATO aufgenommen werden kann, ist die einstimmige Zustimmung aller derzeitigen Mitglieder erforderlich. Neben der T\u00fcrkei hat nur Ungarn dem Beitritt von Helsinki und Stockholm noch nicht zugestimmt. Budapest hat zwar keine Einw\u00e4nde gegen den Beitritt der nordischen L\u00e4nder erhoben, doch hat die Regierung beschlossen, eine Abstimmung im Parlament nicht zu beschleunigen.<\/p>\n<p><strong>Mehr zum Thema<\/strong> &#8211; <a rel=\"nofollow noopener\" target=\"_blank\" href=\"https:\/\/test.rtde.tech\/international\/142261-nach-nato-beitritt-schwedens-und-finnlands\/\">Nach NATO-Beitritt Schwedens und Finnlands: T\u00fcrkei verlangt Auslieferung von 33 &#8220;Terrorverd\u00e4chtigen&#8221;<\/a><\/p>\n<\/p>\n<p><br \/>\n<br \/><a href=\"https:\/\/de.rt.com\/international\/150955-nato-beitritt-von-schweden-und-finnland-erdogan-stimmt-nur-bei-einem-land-zu\/\">Source link <\/a><\/p>\n","protected":false},"excerpt":{"rendered":"<p>Der t\u00fcrkische Pr\u00e4sident Recep Tayyip Erdo\u011fan erkl\u00e4rte, dass Schweden und Finnland unterschiedlich vorgehen, wenn es darum geht, die sicherheitspolitischen Forderungen der T\u00fcrkei nach einem NATO-Beitritt zu erf\u00fcllen. Die T\u00fcrkei hat damit gedroht, die Mitgliedschaft Schwedens und Finnlands in dem 30 Mitglieder z\u00e4hlenden Verteidigungsb\u00fcndnis zu blockieren. Ankara beschuldigt Schweden und \u2013 in geringerem Ma\u00dfe \u2013 Finnland, [&hellip;]<\/p>\n","protected":false},"author":3,"featured_media":20568,"comment_status":"open","ping_status":"open","sticky":false,"template":"","format":"standard","meta":{"wp_automatic_camp":["217"],"b3c25fec09227d2d229bfbdac0819710":["NATO-Beitritt von Schweden und Finnland: Erdo\u011fan stimmt nur bei einem Land zu"],"original_link":["https:\/\/de.rt.com\/international\/150955-nato-beitritt-von-schweden-und-finnland-erdogan-stimmt-nur-bei-einem-land-zu\/"],"_thumbnail_id":["20568"],"_wptg_p2tg_sent2tg":["2022-10-08 07:34:27"],"jnews_social_counter_last_update":["1777098638"]},"categories":[19,23],"tags":[363,352,13697,1906,7414,10665,4230,599,12453,140,50],"yoast_head":"<!-- This site is optimized with the Yoast SEO Premium plugin v22.7 (Yoast SEO v22.7) - https:\/\/yoast.com\/wordpress\/plugins\/seo\/ -->\n<title>NATO-Beitritt von Schweden und Finnland: Erdo\u011fan stimmt nur bei einem Land zu - just-now.NEWS Deutschland<\/title>\n<meta name=\"robots\" content=\"index, follow, max-snippet:-1, max-image-preview:large, max-video-preview:-1\" \/>\n<link rel=\"canonical\" href=\"https:\/\/now-news.de\/de\/deutschland\/nato-beitritt-von-schweden-und-finnland-erdogan-stimmt-nur-bei-einem-land-zu\/\" \/>\n<meta property=\"og:locale\" content=\"de_DE\" \/>\n<meta property=\"og:type\" content=\"article\" \/>\n<meta property=\"og:title\" content=\"NATO-Beitritt von Schweden und Finnland: Erdo\u011fan stimmt nur bei einem Land zu\" \/>\n<meta property=\"og:description\" content=\"Der t\u00fcrkische Pr\u00e4sident Recep Tayyip Erdo\u011fan erkl\u00e4rte, dass Schweden und Finnland unterschiedlich vorgehen, wenn es darum geht, die sicherheitspolitischen Forderungen der T\u00fcrkei nach einem NATO-Beitritt zu erf\u00fcllen. Die T\u00fcrkei hat damit gedroht, die Mitgliedschaft Schwedens und Finnlands in dem 30 Mitglieder z\u00e4hlenden Verteidigungsb\u00fcndnis zu blockieren. Ankara beschuldigt Schweden und \u2013 in geringerem Ma\u00dfe \u2013 Finnland, [&hellip;]\" \/>\n<meta property=\"og:url\" content=\"https:\/\/now-news.de\/de\/deutschland\/nato-beitritt-von-schweden-und-finnland-erdogan-stimmt-nur-bei-einem-land-zu\/\" \/>\n<meta property=\"og:site_name\" content=\"just-now.NEWS Deutschland\" \/>\n<meta property=\"article:publisher\" content=\"https:\/\/www.facebook.com\/wirmachenauf\" \/>\n<meta property=\"article:published_time\" content=\"2022-10-08T05:24:51+00:00\" \/>\n<meta property=\"og:image\" content=\"https:\/\/now-news.de\/de\/wp-content\/uploads\/sites\/3\/2022\/10\/NATO-Beitritt-von-Schweden-und-Finnland-Erdogan-stimmt-nur-bei-einem.jpg\" \/>\n\t<meta property=\"og:image:width\" content=\"460\" \/>\n\t<meta property=\"og:image:height\" content=\"259\" \/>\n\t<meta property=\"og:image:type\" content=\"image\/jpeg\" \/>\n<meta name=\"author\" content=\"rtnews\" \/>\n<meta name=\"twitter:card\" content=\"summary_large_image\" \/>\n<meta name=\"twitter:creator\" content=\"@WirMachenAuf_de\" \/>\n<meta name=\"twitter:site\" content=\"@WirMachenAuf_de\" \/>\n<meta name=\"twitter:label1\" content=\"Verfasst von\" \/>\n\t<meta name=\"twitter:data1\" content=\"rtnews\" \/>\n\t<meta name=\"twitter:label2\" content=\"Gesch\u00e4tzte Lesezeit\" \/>\n\t<meta name=\"twitter:data2\" content=\"4\u00a0Minuten\" \/>\n<script type=\"application\/ld+json\" class=\"yoast-schema-graph\">{\"@context\":\"https:\/\/schema.org\",\"@graph\":[{\"@type\":\"Article\",\"@id\":\"https:\/\/now-news.de\/de\/deutschland\/nato-beitritt-von-schweden-und-finnland-erdogan-stimmt-nur-bei-einem-land-zu\/#article\",\"isPartOf\":{\"@id\":\"https:\/\/now-news.de\/de\/deutschland\/nato-beitritt-von-schweden-und-finnland-erdogan-stimmt-nur-bei-einem-land-zu\/\"},\"author\":{\"name\":\"rtnews\",\"@id\":\"https:\/\/now-news.de\/de\/#\/schema\/person\/fb534a4e865501d8b3285208df34a9b5\"},\"headline\":\"NATO-Beitritt von Schweden und Finnland: Erdo\u011fan stimmt nur bei einem Land zu\",\"datePublished\":\"2022-10-08T05:24:51+00:00\",\"dateModified\":\"2022-10-08T05:24:51+00:00\",\"mainEntityOfPage\":{\"@id\":\"https:\/\/now-news.de\/de\/deutschland\/nato-beitritt-von-schweden-und-finnland-erdogan-stimmt-nur-bei-einem-land-zu\/\"},\"wordCount\":740,\"commentCount\":0,\"publisher\":{\"@id\":\"https:\/\/now-news.de\/de\/#organization\"},\"image\":{\"@id\":\"https:\/\/now-news.de\/de\/deutschland\/nato-beitritt-von-schweden-und-finnland-erdogan-stimmt-nur-bei-einem-land-zu\/#primaryimage\"},\"thumbnailUrl\":\"https:\/\/now-news.de\/de\/wp-content\/uploads\/sites\/3\/2022\/10\/NATO-Beitritt-von-Schweden-und-Finnland-Erdogan-stimmt-nur-bei-einem.jpg\",\"keywords\":[\"bei\",\"einem\",\"Erdo\u011fan\",\"Finnland\",\"Land\",\"NATOBeitritt\",\"NUR\",\"Schweden\",\"stimmt\",\"und\",\"von\"],\"articleSection\":[\"Deutschland\",\"Russland\"],\"inLanguage\":\"de\",\"potentialAction\":[{\"@type\":\"CommentAction\",\"name\":\"Comment\",\"target\":[\"https:\/\/now-news.de\/de\/deutschland\/nato-beitritt-von-schweden-und-finnland-erdogan-stimmt-nur-bei-einem-land-zu\/#respond\"]}]},{\"@type\":\"WebPage\",\"@id\":\"https:\/\/now-news.de\/de\/deutschland\/nato-beitritt-von-schweden-und-finnland-erdogan-stimmt-nur-bei-einem-land-zu\/\",\"url\":\"https:\/\/now-news.de\/de\/deutschland\/nato-beitritt-von-schweden-und-finnland-erdogan-stimmt-nur-bei-einem-land-zu\/\",\"name\":\"NATO-Beitritt von Schweden und Finnland: Erdo\u011fan stimmt nur bei einem Land zu - just-now.NEWS Deutschland\",\"isPartOf\":{\"@id\":\"https:\/\/now-news.de\/de\/#website\"},\"primaryImageOfPage\":{\"@id\":\"https:\/\/now-news.de\/de\/deutschland\/nato-beitritt-von-schweden-und-finnland-erdogan-stimmt-nur-bei-einem-land-zu\/#primaryimage\"},\"image\":{\"@id\":\"https:\/\/now-news.de\/de\/deutschland\/nato-beitritt-von-schweden-und-finnland-erdogan-stimmt-nur-bei-einem-land-zu\/#primaryimage\"},\"thumbnailUrl\":\"https:\/\/now-news.de\/de\/wp-content\/uploads\/sites\/3\/2022\/10\/NATO-Beitritt-von-Schweden-und-Finnland-Erdogan-stimmt-nur-bei-einem.jpg\",\"datePublished\":\"2022-10-08T05:24:51+00:00\",\"dateModified\":\"2022-10-08T05:24:51+00:00\",\"breadcrumb\":{\"@id\":\"https:\/\/now-news.de\/de\/deutschland\/nato-beitritt-von-schweden-und-finnland-erdogan-stimmt-nur-bei-einem-land-zu\/#breadcrumb\"},\"inLanguage\":\"de\",\"potentialAction\":[{\"@type\":\"ReadAction\",\"target\":[\"https:\/\/now-news.de\/de\/deutschland\/nato-beitritt-von-schweden-und-finnland-erdogan-stimmt-nur-bei-einem-land-zu\/\"]}]},{\"@type\":\"ImageObject\",\"inLanguage\":\"de\",\"@id\":\"https:\/\/now-news.de\/de\/deutschland\/nato-beitritt-von-schweden-und-finnland-erdogan-stimmt-nur-bei-einem-land-zu\/#primaryimage\",\"url\":\"https:\/\/now-news.de\/de\/wp-content\/uploads\/sites\/3\/2022\/10\/NATO-Beitritt-von-Schweden-und-Finnland-Erdogan-stimmt-nur-bei-einem.jpg\",\"contentUrl\":\"https:\/\/now-news.de\/de\/wp-content\/uploads\/sites\/3\/2022\/10\/NATO-Beitritt-von-Schweden-und-Finnland-Erdogan-stimmt-nur-bei-einem.jpg\",\"width\":460,\"height\":259,\"caption\":\"NATO-Beitritt von Schweden und Finnland: Erdo\u011fan stimmt nur bei einem Land zu\"},{\"@type\":\"BreadcrumbList\",\"@id\":\"https:\/\/now-news.de\/de\/deutschland\/nato-beitritt-von-schweden-und-finnland-erdogan-stimmt-nur-bei-einem-land-zu\/#breadcrumb\",\"itemListElement\":[{\"@type\":\"ListItem\",\"position\":1,\"name\":\"Home\",\"item\":\"https:\/\/now-news.de\/de\/\"},{\"@type\":\"ListItem\",\"position\":2,\"name\":\"NATO-Beitritt von Schweden und Finnland: Erdo\u011fan stimmt nur bei einem Land zu\"}]},{\"@type\":\"WebSite\",\"@id\":\"https:\/\/now-news.de\/de\/#website\",\"url\":\"https:\/\/now-news.de\/de\/\",\"name\":\"just-now.NEWS Deutschland\",\"description\":\"Das Portal f\u00fcr unzensierte Nachrichten aus der Welt\",\"publisher\":{\"@id\":\"https:\/\/now-news.de\/de\/#organization\"},\"potentialAction\":[{\"@type\":\"SearchAction\",\"target\":{\"@type\":\"EntryPoint\",\"urlTemplate\":\"https:\/\/now-news.de\/de\/?s={search_term_string}\"},\"query-input\":\"required name=search_term_string\"}],\"inLanguage\":\"de\"},{\"@type\":\"Organization\",\"@id\":\"https:\/\/now-news.de\/de\/#organization\",\"name\":\"Just Now News\",\"url\":\"https:\/\/now-news.de\/de\/\",\"logo\":{\"@type\":\"ImageObject\",\"inLanguage\":\"de\",\"@id\":\"https:\/\/now-news.de\/de\/#\/schema\/logo\/image\/\",\"url\":\"http:\/\/just-now.news\/de\/wp-content\/uploads\/sites\/3\/2022\/04\/logo500x500.jpg\",\"contentUrl\":\"http:\/\/just-now.news\/de\/wp-content\/uploads\/sites\/3\/2022\/04\/logo500x500.jpg\",\"width\":500,\"height\":500,\"caption\":\"Just Now News\"},\"image\":{\"@id\":\"https:\/\/now-news.de\/de\/#\/schema\/logo\/image\/\"},\"sameAs\":[\"https:\/\/www.facebook.com\/wirmachenauf\",\"https:\/\/x.com\/WirMachenAuf_de\"]},{\"@type\":\"Person\",\"@id\":\"https:\/\/now-news.de\/de\/#\/schema\/person\/fb534a4e865501d8b3285208df34a9b5\",\"name\":\"rtnews\",\"image\":{\"@type\":\"ImageObject\",\"inLanguage\":\"de\",\"@id\":\"https:\/\/now-news.de\/de\/#\/schema\/person\/image\/\",\"url\":\"https:\/\/secure.gravatar.com\/avatar\/82aafea7d8127119dd649515f56e2117?s=96&d=mm&r=g\",\"contentUrl\":\"https:\/\/secure.gravatar.com\/avatar\/82aafea7d8127119dd649515f56e2117?s=96&d=mm&r=g\",\"caption\":\"rtnews\"},\"url\":\"https:\/\/now-news.de\/de\/author\/rnews\/\"}]}<\/script>\n<!-- \/ Yoast SEO Premium plugin. -->","yoast_head_json":{"title":"NATO-Beitritt von Schweden und Finnland: Erdo\u011fan stimmt nur bei einem Land zu - just-now.NEWS Deutschland","robots":{"index":"index","follow":"follow","max-snippet":"max-snippet:-1","max-image-preview":"max-image-preview:large","max-video-preview":"max-video-preview:-1"},"canonical":"https:\/\/now-news.de\/de\/deutschland\/nato-beitritt-von-schweden-und-finnland-erdogan-stimmt-nur-bei-einem-land-zu\/","og_locale":"de_DE","og_type":"article","og_title":"NATO-Beitritt von Schweden und Finnland: Erdo\u011fan stimmt nur bei einem Land zu","og_description":"Der t\u00fcrkische Pr\u00e4sident Recep Tayyip Erdo\u011fan erkl\u00e4rte, dass Schweden und Finnland unterschiedlich vorgehen, wenn es darum geht, die sicherheitspolitischen Forderungen der T\u00fcrkei nach einem NATO-Beitritt zu erf\u00fcllen. Die T\u00fcrkei hat damit gedroht, die Mitgliedschaft Schwedens und Finnlands in dem 30 Mitglieder z\u00e4hlenden Verteidigungsb\u00fcndnis zu blockieren. Ankara beschuldigt Schweden und \u2013 in geringerem Ma\u00dfe \u2013 Finnland, [&hellip;]","og_url":"https:\/\/now-news.de\/de\/deutschland\/nato-beitritt-von-schweden-und-finnland-erdogan-stimmt-nur-bei-einem-land-zu\/","og_site_name":"just-now.NEWS Deutschland","article_publisher":"https:\/\/www.facebook.com\/wirmachenauf","article_published_time":"2022-10-08T05:24:51+00:00","og_image":[{"width":460,"height":259,"url":"https:\/\/now-news.de\/de\/wp-content\/uploads\/sites\/3\/2022\/10\/NATO-Beitritt-von-Schweden-und-Finnland-Erdogan-stimmt-nur-bei-einem.jpg","type":"image\/jpeg"}],"author":"rtnews","twitter_card":"summary_large_image","twitter_creator":"@WirMachenAuf_de","twitter_site":"@WirMachenAuf_de","twitter_misc":{"Verfasst von":"rtnews","Gesch\u00e4tzte Lesezeit":"4\u00a0Minuten"},"schema":{"@context":"https:\/\/schema.org","@graph":[{"@type":"Article","@id":"https:\/\/now-news.de\/de\/deutschland\/nato-beitritt-von-schweden-und-finnland-erdogan-stimmt-nur-bei-einem-land-zu\/#article","isPartOf":{"@id":"https:\/\/now-news.de\/de\/deutschland\/nato-beitritt-von-schweden-und-finnland-erdogan-stimmt-nur-bei-einem-land-zu\/"},"author":{"name":"rtnews","@id":"https:\/\/now-news.de\/de\/#\/schema\/person\/fb534a4e865501d8b3285208df34a9b5"},"headline":"NATO-Beitritt von Schweden und Finnland: Erdo\u011fan stimmt nur bei einem Land zu","datePublished":"2022-10-08T05:24:51+00:00","dateModified":"2022-10-08T05:24:51+00:00","mainEntityOfPage":{"@id":"https:\/\/now-news.de\/de\/deutschland\/nato-beitritt-von-schweden-und-finnland-erdogan-stimmt-nur-bei-einem-land-zu\/"},"wordCount":740,"commentCount":0,"publisher":{"@id":"https:\/\/now-news.de\/de\/#organization"},"image":{"@id":"https:\/\/now-news.de\/de\/deutschland\/nato-beitritt-von-schweden-und-finnland-erdogan-stimmt-nur-bei-einem-land-zu\/#primaryimage"},"thumbnailUrl":"https:\/\/now-news.de\/de\/wp-content\/uploads\/sites\/3\/2022\/10\/NATO-Beitritt-von-Schweden-und-Finnland-Erdogan-stimmt-nur-bei-einem.jpg","keywords":["bei","einem","Erdo\u011fan","Finnland","Land","NATOBeitritt","NUR","Schweden","stimmt","und","von"],"articleSection":["Deutschland","Russland"],"inLanguage":"de","potentialAction":[{"@type":"CommentAction","name":"Comment","target":["https:\/\/now-news.de\/de\/deutschland\/nato-beitritt-von-schweden-und-finnland-erdogan-stimmt-nur-bei-einem-land-zu\/#respond"]}]},{"@type":"WebPage","@id":"https:\/\/now-news.de\/de\/deutschland\/nato-beitritt-von-schweden-und-finnland-erdogan-stimmt-nur-bei-einem-land-zu\/","url":"https:\/\/now-news.de\/de\/deutschland\/nato-beitritt-von-schweden-und-finnland-erdogan-stimmt-nur-bei-einem-land-zu\/","name":"NATO-Beitritt von Schweden und Finnland: Erdo\u011fan stimmt nur bei einem Land zu - just-now.NEWS Deutschland","isPartOf":{"@id":"https:\/\/now-news.de\/de\/#website"},"primaryImageOfPage":{"@id":"https:\/\/now-news.de\/de\/deutschland\/nato-beitritt-von-schweden-und-finnland-erdogan-stimmt-nur-bei-einem-land-zu\/#primaryimage"},"image":{"@id":"https:\/\/now-news.de\/de\/deutschland\/nato-beitritt-von-schweden-und-finnland-erdogan-stimmt-nur-bei-einem-land-zu\/#primaryimage"},"thumbnailUrl":"https:\/\/now-news.de\/de\/wp-content\/uploads\/sites\/3\/2022\/10\/NATO-Beitritt-von-Schweden-und-Finnland-Erdogan-stimmt-nur-bei-einem.jpg","datePublished":"2022-10-08T05:24:51+00:00","dateModified":"2022-10-08T05:24:51+00:00","breadcrumb":{"@id":"https:\/\/now-news.de\/de\/deutschland\/nato-beitritt-von-schweden-und-finnland-erdogan-stimmt-nur-bei-einem-land-zu\/#breadcrumb"},"inLanguage":"de","potentialAction":[{"@type":"ReadAction","target":["https:\/\/now-news.de\/de\/deutschland\/nato-beitritt-von-schweden-und-finnland-erdogan-stimmt-nur-bei-einem-land-zu\/"]}]},{"@type":"ImageObject","inLanguage":"de","@id":"https:\/\/now-news.de\/de\/deutschland\/nato-beitritt-von-schweden-und-finnland-erdogan-stimmt-nur-bei-einem-land-zu\/#primaryimage","url":"https:\/\/now-news.de\/de\/wp-content\/uploads\/sites\/3\/2022\/10\/NATO-Beitritt-von-Schweden-und-Finnland-Erdogan-stimmt-nur-bei-einem.jpg","contentUrl":"https:\/\/now-news.de\/de\/wp-content\/uploads\/sites\/3\/2022\/10\/NATO-Beitritt-von-Schweden-und-Finnland-Erdogan-stimmt-nur-bei-einem.jpg","width":460,"height":259,"caption":"NATO-Beitritt von Schweden und Finnland: Erdo\u011fan stimmt nur bei einem Land zu"},{"@type":"BreadcrumbList","@id":"https:\/\/now-news.de\/de\/deutschland\/nato-beitritt-von-schweden-und-finnland-erdogan-stimmt-nur-bei-einem-land-zu\/#breadcrumb","itemListElement":[{"@type":"ListItem","position":1,"name":"Home","item":"https:\/\/now-news.de\/de\/"},{"@type":"ListItem","position":2,"name":"NATO-Beitritt von Schweden und Finnland: Erdo\u011fan stimmt nur bei einem Land zu"}]},{"@type":"WebSite","@id":"https:\/\/now-news.de\/de\/#website","url":"https:\/\/now-news.de\/de\/","name":"just-now.NEWS Deutschland","description":"Das Portal f\u00fcr unzensierte Nachrichten aus der Welt","publisher":{"@id":"https:\/\/now-news.de\/de\/#organization"},"potentialAction":[{"@type":"SearchAction","target":{"@type":"EntryPoint","urlTemplate":"https:\/\/now-news.de\/de\/?s={search_term_string}"},"query-input":"required name=search_term_string"}],"inLanguage":"de"},{"@type":"Organization","@id":"https:\/\/now-news.de\/de\/#organization","name":"Just Now News","url":"https:\/\/now-news.de\/de\/","logo":{"@type":"ImageObject","inLanguage":"de","@id":"https:\/\/now-news.de\/de\/#\/schema\/logo\/image\/","url":"http:\/\/just-now.news\/de\/wp-content\/uploads\/sites\/3\/2022\/04\/logo500x500.jpg","contentUrl":"http:\/\/just-now.news\/de\/wp-content\/uploads\/sites\/3\/2022\/04\/logo500x500.jpg","width":500,"height":500,"caption":"Just Now News"},"image":{"@id":"https:\/\/now-news.de\/de\/#\/schema\/logo\/image\/"},"sameAs":["https:\/\/www.facebook.com\/wirmachenauf","https:\/\/x.com\/WirMachenAuf_de"]},{"@type":"Person","@id":"https:\/\/now-news.de\/de\/#\/schema\/person\/fb534a4e865501d8b3285208df34a9b5","name":"rtnews","image":{"@type":"ImageObject","inLanguage":"de","@id":"https:\/\/now-news.de\/de\/#\/schema\/person\/image\/","url":"https:\/\/secure.gravatar.com\/avatar\/82aafea7d8127119dd649515f56e2117?s=96&d=mm&r=g","contentUrl":"https:\/\/secure.gravatar.com\/avatar\/82aafea7d8127119dd649515f56e2117?s=96&d=mm&r=g","caption":"rtnews"},"url":"https:\/\/now-news.de\/de\/author\/rnews\/"}]}},"_links":{"self":[{"href":"https:\/\/now-news.de\/de\/wp-json\/wp\/v2\/posts\/20567"}],"collection":[{"href":"https:\/\/now-news.de\/de\/wp-json\/wp\/v2\/posts"}],"about":[{"href":"https:\/\/now-news.de\/de\/wp-json\/wp\/v2\/types\/post"}],"author":[{"embeddable":true,"href":"https:\/\/now-news.de\/de\/wp-json\/wp\/v2\/users\/3"}],"replies":[{"embeddable":true,"href":"https:\/\/now-news.de\/de\/wp-json\/wp\/v2\/comments?post=20567"}],"version-history":[{"count":0,"href":"https:\/\/now-news.de\/de\/wp-json\/wp\/v2\/posts\/20567\/revisions"}],"wp:featuredmedia":[{"embeddable":true,"href":"https:\/\/now-news.de\/de\/wp-json\/wp\/v2\/media\/20568"}],"wp:attachment":[{"href":"https:\/\/now-news.de\/de\/wp-json\/wp\/v2\/media?parent=20567"}],"wp:term":[{"taxonomy":"category","embeddable":true,"href":"https:\/\/now-news.de\/de\/wp-json\/wp\/v2\/categories?post=20567"},{"taxonomy":"post_tag","embeddable":true,"href":"https:\/\/now-news.de\/de\/wp-json\/wp\/v2\/tags?post=20567"}],"curies":[{"name":"wp","href":"https:\/\/api.w.org\/{rel}","templated":true}]}}