{"id":20532,"date":"2022-10-07T13:43:15","date_gmt":"2022-10-07T11:43:15","guid":{"rendered":"http:\/\/just-now.news\/de\/deutschland\/wut-in-belgrad-neue-eu-sanktionen-gegen-russland-treffen-serbien\/"},"modified":"2022-10-07T13:43:15","modified_gmt":"2022-10-07T11:43:15","slug":"wut-in-belgrad-neue-eu-sanktionen-gegen-russland-treffen-serbien","status":"publish","type":"post","link":"https:\/\/now-news.de\/de\/deutschland\/wut-in-belgrad-neue-eu-sanktionen-gegen-russland-treffen-serbien\/","title":{"rendered":"Wut in Belgrad: Neue EU-Sanktionen gegen Russland treffen Serbien"},"content":{"rendered":"<p><img decoding=\"async\" src=\"http:\/\/just-now.news\/de\/wp-content\/uploads\/sites\/3\/2022\/10\/633ffb76b480cc08f94fabba.jpg\" \/><\/p>\n<p>Die serbische Regierung hat die j\u00fcngsten Strafma\u00dfnahmen der Europ\u00e4ischen Union (EU) gegen Moskau, die\u00a0sich auf die russischen \u00d6lexporte beziehen, scharf kritisiert und sie als ein eher &#8220;erstes EU-Sanktionspaket&#8221; gegen Serbien bezeichnet.<\/p>\n<p>Die Beschr\u00e4nkungen, die Br\u00fcssel f\u00fcr den Transport von russischem \u00d6l \u00fcber den Seeweg verh\u00e4ngt hat, w\u00fcrden laut Regierungsvertretern in Belgrad diesen Rohstoff f\u00fcr Serbien sehr teuer machen und die Wirtschaft des Landes schwer treffen. In einer harschen Aussage bei einer Pressekonferenz am Donnerstag bezeichnete der serbische Innenminister Aleksandar Vulin die EU als &#8220;Ort unserer zuk\u00fcnftigen Erniedrigung und unseres Leidens&#8221;.<\/p>\n<p>Belgrad werde nun &#8220;gezwungen sein, das teurere irakische \u00d6l zu kaufen und dadurch Hunderte von Millionen Euro zu verlieren&#8221;, argumentierte Vulin und beschuldigte das benachbarte Kroatien, seit 2013 ein EU-Mitgliedstaat, sich f\u00fcr die neuen Ma\u00dfnahmen eingesetzt zu haben. Vulin erkl\u00e4rte zudem, dass das einzige &#8220;konsequente&#8221; Merkmal der EU-Politik die &#8220;Rache an freien Nationen&#8221; sei. Zugleich prangerte er die Tatsache an, dass die L\u00e4nder des westlichen Balkans nicht von den j\u00fcngsten Anti-Russland-Ma\u00dfnahmen Br\u00fcssels ausgenommen worden seien.<\/p>\n<p>Die EU habe &#8220;nicht das achte Sanktionspaket gegen Russland, sondern das erste Sanktionspaket gegen Serbien beschlossen&#8221;, so der serbische Minister. Aus diesem Grund sei es seiner Meinung nach &#8220;besser, ein milit\u00e4risch und politisch neutrales Land zu sein&#8221; als Mitglied in einem Club von Nationen, in dem die &#8220;psychologischen Komplexe&#8221; seiner Mitglieder das Kommando haben. Der 50-J\u00e4hrige\u00a0bezog sich dabei vor allem auf Kroatien, dessen Politik gegen\u00fcber Serbien er als &#8220;einen Mix aus schlechten Absichten und Komplexen&#8221; bezeichnete. Wann immer es darum gehe, Serbien Schaden zuzuf\u00fcgen, &#8220;da ist Kroatien&#8221;.\u00a0<\/p>\n<p>Das russische \u00d6l gelang bislang \u00fcber die Adria-Pipeline JANAF nach Serbien, die bereits 1974, als Serbien und Kroatien Teil\u00a0des\u00a0gemeinsamen\u00a0Staates Jugoslawien waren, urspr\u00fcnglich f\u00fcr das Erd\u00f6l aus dem\u00a0Nahen Osten sowie aus Nordafrika fertiggestellt worden war. So wurde das \u00d6l aus Russland zun\u00e4chst mit dem Tanker in den kroatischen Adria-Hafen Omi\u0161alj auf der Insel Krk und dann weiter \u00fcber die JANAF-Pipeline in die Raffinerie Pan\u010devo in der N\u00e4he von Belgrad geliefert.<\/p>\n<p>Am Donnerstag k\u00fcndigte die EU das achte Paket von Sanktionen f\u00fcr Russland wegen seiner Milit\u00e4roperation in der Ukraine an, das eine Preisobergrenze und &#8220;weitere Beschr\u00e4nkungen&#8221; f\u00fcr den Seetransport von russischem Roh\u00f6l und Erd\u00f6lprodukten in Drittl\u00e4nder vorsieht. Die Strafma\u00dfnahmen werden somit ab 1. November direkt Serbien treffen, da eine laut Belgrad zuvor angedachte Ausnahme Serbiens von den Sanktionen nicht beibehalten wurde.\u00a0<\/p>\n<p>Die prowestlichen politischen Akteure in Belgrad sehen darin eine Retourkutsche Br\u00fcssels f\u00fcr das Beharren Belgrads darauf, keine Sanktionen gegen Russland zu verh\u00e4ngen und somit seine Au\u00dfenpolitik jener der EU nicht anzugleichen. Belgrad beharrt jedoch darauf, dass es insgesamt gegen die Politik der Verh\u00e4ngung von Strafma\u00dfnahmen sei, da man selbst Opfer von Sanktionen gewesen war und jahrelang schwer darunter gelitten habe.<\/p>\n<p>Laut der noch amtierenden serbischen Premierministerin Ana\u00a0Brnabi\u0107 werde\u00a0Serbien nun <a rel=\"nofollow noopener\" target=\"_blank\" href=\"https:\/\/rtv.rs\/sr_lat\/politika\/brnabic-nisu-uveli-sankcije-rusiji-vec-srbiji_1379401.html\">gezwungen sein<\/a>,\u00a0\u00d6l aus anderen L\u00e4ndern zu kaufen, was bis zu 20 Prozent teurer sei als jenes aus Russland. Sie \u00e4u\u00dferte sich ebenfalls sehr kritisch \u00fcber die neuen Sanktionen Br\u00fcssels und sagte, sie w\u00fcrden &#8220;auf Kosten des Lebens und des Lebensstandards&#8221; der serbischen Bev\u00f6lkerung eingef\u00fchrt. &#8220;Sie werden uns Hunderte von Millionen Euro kosten&#8221;, erkl\u00e4rte auch Brnabi\u0107 gegen\u00fcber dem serbischen Fernsehsender <em>Happy TV<\/em>. Kurz zuvor bezeichnete sie die Entscheidung der EU, keine Ausnahmen f\u00fcr Belgrad bez\u00fcglich der Importe von russischem \u00d6l zu machen, gegen\u00fcber der serbischen Nachrichtenagentur <em>Tanjug<\/em> als &#8220;skandal\u00f6s&#8221;.<\/p>\n<p>&#8220;Was\u00a0sie dachten, sie w\u00fcrden Russland schaden, haben sie aber uns am Mittwoch angetan, denn wir sind von der kroatischen \u00d6lpipeline abh\u00e4ngig&#8221;, f\u00fcgte die serbische Premierministerin hinzu und warf sogar der EU vor, genau das zu tun, was sie eigentlich Moskau vorwerfe \u2013 &#8220;Energie f\u00fcr politische Erpressung und Abrechnung zu nutzen&#8221;.<\/p>\n<p><strong>Mehr zum Thema<\/strong> &#8211; <a rel=\"nofollow noopener\" target=\"_blank\" href=\"https:\/\/test.rtde.tech\/europa\/139888-vucic-serbien-hat-weder-antiwestliche\/\">Vu\u010di\u0107: Serbien hat weder antiwestliche noch russophobe Agenda<\/a><\/p>\n<\/p>\n<p><br \/>\n<br \/><a href=\"https:\/\/de.rt.com\/europa\/150894-wut-in-belgrad-neue-eu\/\">Source link <\/a><\/p>\n","protected":false},"excerpt":{"rendered":"<p>Die serbische Regierung hat die j\u00fcngsten Strafma\u00dfnahmen der Europ\u00e4ischen Union (EU) gegen Moskau, die\u00a0sich auf die russischen \u00d6lexporte beziehen, scharf kritisiert und sie als ein eher &#8220;erstes EU-Sanktionspaket&#8221; gegen Serbien bezeichnet. Die Beschr\u00e4nkungen, die Br\u00fcssel f\u00fcr den Transport von russischem \u00d6l \u00fcber den Seeweg verh\u00e4ngt hat, w\u00fcrden laut Regierungsvertretern in Belgrad diesen Rohstoff f\u00fcr Serbien [&hellip;]<\/p>\n","protected":false},"author":3,"featured_media":20533,"comment_status":"open","ping_status":"open","sticky":false,"template":"","format":"standard","meta":{"wp_automatic_camp":["217"],"e4a30fc3aca9c2cf88a82ce7e6e43f46":["Wut in Belgrad: Neue EU-Sanktionen gegen Russland treffen Serbien"],"original_link":["https:\/\/de.rt.com\/europa\/150894-wut-in-belgrad-neue-eu\/"],"_thumbnail_id":["20533"],"_wptg_p2tg_sent2tg":["2022-10-07 13:56:38"],"jnews_social_counter_last_update":["1777203435"]},"categories":[19,23],"tags":[967,22596,278,1227,126,978,354,10128],"yoast_head":"<!-- This site is optimized with the Yoast SEO Premium plugin v22.7 (Yoast SEO v22.7) - https:\/\/yoast.com\/wordpress\/plugins\/seo\/ -->\n<title>Wut in Belgrad: Neue EU-Sanktionen gegen Russland treffen Serbien - just-now.NEWS Deutschland<\/title>\n<meta name=\"robots\" content=\"index, follow, max-snippet:-1, max-image-preview:large, max-video-preview:-1\" \/>\n<link rel=\"canonical\" href=\"https:\/\/now-news.de\/de\/deutschland\/wut-in-belgrad-neue-eu-sanktionen-gegen-russland-treffen-serbien\/\" \/>\n<meta property=\"og:locale\" content=\"de_DE\" \/>\n<meta property=\"og:type\" content=\"article\" \/>\n<meta property=\"og:title\" content=\"Wut in Belgrad: Neue EU-Sanktionen gegen Russland treffen Serbien\" \/>\n<meta property=\"og:description\" content=\"Die serbische Regierung hat die j\u00fcngsten Strafma\u00dfnahmen der Europ\u00e4ischen Union (EU) gegen Moskau, die\u00a0sich auf die russischen \u00d6lexporte beziehen, scharf kritisiert und sie als ein eher &#8220;erstes EU-Sanktionspaket&#8221; gegen Serbien bezeichnet. Die Beschr\u00e4nkungen, die Br\u00fcssel f\u00fcr den Transport von russischem \u00d6l \u00fcber den Seeweg verh\u00e4ngt hat, w\u00fcrden laut Regierungsvertretern in Belgrad diesen Rohstoff f\u00fcr Serbien [&hellip;]\" \/>\n<meta property=\"og:url\" content=\"https:\/\/now-news.de\/de\/deutschland\/wut-in-belgrad-neue-eu-sanktionen-gegen-russland-treffen-serbien\/\" \/>\n<meta property=\"og:site_name\" content=\"just-now.NEWS Deutschland\" \/>\n<meta property=\"article:publisher\" content=\"https:\/\/www.facebook.com\/wirmachenauf\" \/>\n<meta property=\"article:published_time\" content=\"2022-10-07T11:43:15+00:00\" \/>\n<meta property=\"og:image\" content=\"https:\/\/now-news.de\/de\/wp-content\/uploads\/sites\/3\/2022\/10\/Wut-in-Belgrad-Neue-EU-Sanktionen-gegen-Russland-treffen-Serbien.jpg\" \/>\n\t<meta property=\"og:image:width\" content=\"460\" \/>\n\t<meta property=\"og:image:height\" content=\"259\" \/>\n\t<meta property=\"og:image:type\" content=\"image\/jpeg\" \/>\n<meta name=\"author\" content=\"rtnews\" \/>\n<meta name=\"twitter:card\" content=\"summary_large_image\" \/>\n<meta name=\"twitter:creator\" content=\"@WirMachenAuf_de\" \/>\n<meta name=\"twitter:site\" content=\"@WirMachenAuf_de\" \/>\n<meta name=\"twitter:label1\" content=\"Verfasst von\" \/>\n\t<meta name=\"twitter:data1\" content=\"rtnews\" \/>\n\t<meta name=\"twitter:label2\" content=\"Gesch\u00e4tzte Lesezeit\" \/>\n\t<meta name=\"twitter:data2\" content=\"3\u00a0Minuten\" \/>\n<script type=\"application\/ld+json\" class=\"yoast-schema-graph\">{\"@context\":\"https:\/\/schema.org\",\"@graph\":[{\"@type\":\"Article\",\"@id\":\"https:\/\/now-news.de\/de\/deutschland\/wut-in-belgrad-neue-eu-sanktionen-gegen-russland-treffen-serbien\/#article\",\"isPartOf\":{\"@id\":\"https:\/\/now-news.de\/de\/deutschland\/wut-in-belgrad-neue-eu-sanktionen-gegen-russland-treffen-serbien\/\"},\"author\":{\"name\":\"rtnews\",\"@id\":\"https:\/\/now-news.de\/de\/#\/schema\/person\/fb534a4e865501d8b3285208df34a9b5\"},\"headline\":\"Wut in Belgrad: Neue EU-Sanktionen gegen Russland treffen Serbien\",\"datePublished\":\"2022-10-07T11:43:15+00:00\",\"dateModified\":\"2022-10-07T11:43:15+00:00\",\"mainEntityOfPage\":{\"@id\":\"https:\/\/now-news.de\/de\/deutschland\/wut-in-belgrad-neue-eu-sanktionen-gegen-russland-treffen-serbien\/\"},\"wordCount\":677,\"commentCount\":0,\"publisher\":{\"@id\":\"https:\/\/now-news.de\/de\/#organization\"},\"image\":{\"@id\":\"https:\/\/now-news.de\/de\/deutschland\/wut-in-belgrad-neue-eu-sanktionen-gegen-russland-treffen-serbien\/#primaryimage\"},\"thumbnailUrl\":\"https:\/\/now-news.de\/de\/wp-content\/uploads\/sites\/3\/2022\/10\/Wut-in-Belgrad-Neue-EU-Sanktionen-gegen-Russland-treffen-Serbien.jpg\",\"keywords\":[\"Belgrad\",\"EUSanktionen\",\"gegen\",\"NEUE\",\"russland\",\"Serbien\",\"Treffen\",\"Wut\"],\"articleSection\":[\"Deutschland\",\"Russland\"],\"inLanguage\":\"de\",\"potentialAction\":[{\"@type\":\"CommentAction\",\"name\":\"Comment\",\"target\":[\"https:\/\/now-news.de\/de\/deutschland\/wut-in-belgrad-neue-eu-sanktionen-gegen-russland-treffen-serbien\/#respond\"]}]},{\"@type\":\"WebPage\",\"@id\":\"https:\/\/now-news.de\/de\/deutschland\/wut-in-belgrad-neue-eu-sanktionen-gegen-russland-treffen-serbien\/\",\"url\":\"https:\/\/now-news.de\/de\/deutschland\/wut-in-belgrad-neue-eu-sanktionen-gegen-russland-treffen-serbien\/\",\"name\":\"Wut in Belgrad: Neue EU-Sanktionen gegen Russland treffen Serbien - just-now.NEWS Deutschland\",\"isPartOf\":{\"@id\":\"https:\/\/now-news.de\/de\/#website\"},\"primaryImageOfPage\":{\"@id\":\"https:\/\/now-news.de\/de\/deutschland\/wut-in-belgrad-neue-eu-sanktionen-gegen-russland-treffen-serbien\/#primaryimage\"},\"image\":{\"@id\":\"https:\/\/now-news.de\/de\/deutschland\/wut-in-belgrad-neue-eu-sanktionen-gegen-russland-treffen-serbien\/#primaryimage\"},\"thumbnailUrl\":\"https:\/\/now-news.de\/de\/wp-content\/uploads\/sites\/3\/2022\/10\/Wut-in-Belgrad-Neue-EU-Sanktionen-gegen-Russland-treffen-Serbien.jpg\",\"datePublished\":\"2022-10-07T11:43:15+00:00\",\"dateModified\":\"2022-10-07T11:43:15+00:00\",\"breadcrumb\":{\"@id\":\"https:\/\/now-news.de\/de\/deutschland\/wut-in-belgrad-neue-eu-sanktionen-gegen-russland-treffen-serbien\/#breadcrumb\"},\"inLanguage\":\"de\",\"potentialAction\":[{\"@type\":\"ReadAction\",\"target\":[\"https:\/\/now-news.de\/de\/deutschland\/wut-in-belgrad-neue-eu-sanktionen-gegen-russland-treffen-serbien\/\"]}]},{\"@type\":\"ImageObject\",\"inLanguage\":\"de\",\"@id\":\"https:\/\/now-news.de\/de\/deutschland\/wut-in-belgrad-neue-eu-sanktionen-gegen-russland-treffen-serbien\/#primaryimage\",\"url\":\"https:\/\/now-news.de\/de\/wp-content\/uploads\/sites\/3\/2022\/10\/Wut-in-Belgrad-Neue-EU-Sanktionen-gegen-Russland-treffen-Serbien.jpg\",\"contentUrl\":\"https:\/\/now-news.de\/de\/wp-content\/uploads\/sites\/3\/2022\/10\/Wut-in-Belgrad-Neue-EU-Sanktionen-gegen-Russland-treffen-Serbien.jpg\",\"width\":460,\"height\":259,\"caption\":\"Wut in Belgrad: Neue EU-Sanktionen gegen Russland treffen Serbien\"},{\"@type\":\"BreadcrumbList\",\"@id\":\"https:\/\/now-news.de\/de\/deutschland\/wut-in-belgrad-neue-eu-sanktionen-gegen-russland-treffen-serbien\/#breadcrumb\",\"itemListElement\":[{\"@type\":\"ListItem\",\"position\":1,\"name\":\"Home\",\"item\":\"https:\/\/now-news.de\/de\/\"},{\"@type\":\"ListItem\",\"position\":2,\"name\":\"Wut in Belgrad: Neue EU-Sanktionen gegen Russland treffen Serbien\"}]},{\"@type\":\"WebSite\",\"@id\":\"https:\/\/now-news.de\/de\/#website\",\"url\":\"https:\/\/now-news.de\/de\/\",\"name\":\"just-now.NEWS Deutschland\",\"description\":\"Das Portal f\u00fcr unzensierte Nachrichten aus der Welt\",\"publisher\":{\"@id\":\"https:\/\/now-news.de\/de\/#organization\"},\"potentialAction\":[{\"@type\":\"SearchAction\",\"target\":{\"@type\":\"EntryPoint\",\"urlTemplate\":\"https:\/\/now-news.de\/de\/?s={search_term_string}\"},\"query-input\":\"required name=search_term_string\"}],\"inLanguage\":\"de\"},{\"@type\":\"Organization\",\"@id\":\"https:\/\/now-news.de\/de\/#organization\",\"name\":\"Just Now News\",\"url\":\"https:\/\/now-news.de\/de\/\",\"logo\":{\"@type\":\"ImageObject\",\"inLanguage\":\"de\",\"@id\":\"https:\/\/now-news.de\/de\/#\/schema\/logo\/image\/\",\"url\":\"http:\/\/just-now.news\/de\/wp-content\/uploads\/sites\/3\/2022\/04\/logo500x500.jpg\",\"contentUrl\":\"http:\/\/just-now.news\/de\/wp-content\/uploads\/sites\/3\/2022\/04\/logo500x500.jpg\",\"width\":500,\"height\":500,\"caption\":\"Just Now News\"},\"image\":{\"@id\":\"https:\/\/now-news.de\/de\/#\/schema\/logo\/image\/\"},\"sameAs\":[\"https:\/\/www.facebook.com\/wirmachenauf\",\"https:\/\/x.com\/WirMachenAuf_de\"]},{\"@type\":\"Person\",\"@id\":\"https:\/\/now-news.de\/de\/#\/schema\/person\/fb534a4e865501d8b3285208df34a9b5\",\"name\":\"rtnews\",\"image\":{\"@type\":\"ImageObject\",\"inLanguage\":\"de\",\"@id\":\"https:\/\/now-news.de\/de\/#\/schema\/person\/image\/\",\"url\":\"https:\/\/secure.gravatar.com\/avatar\/82aafea7d8127119dd649515f56e2117?s=96&d=mm&r=g\",\"contentUrl\":\"https:\/\/secure.gravatar.com\/avatar\/82aafea7d8127119dd649515f56e2117?s=96&d=mm&r=g\",\"caption\":\"rtnews\"},\"url\":\"https:\/\/now-news.de\/de\/author\/rnews\/\"}]}<\/script>\n<!-- \/ Yoast SEO Premium plugin. -->","yoast_head_json":{"title":"Wut in Belgrad: Neue EU-Sanktionen gegen Russland treffen Serbien - just-now.NEWS Deutschland","robots":{"index":"index","follow":"follow","max-snippet":"max-snippet:-1","max-image-preview":"max-image-preview:large","max-video-preview":"max-video-preview:-1"},"canonical":"https:\/\/now-news.de\/de\/deutschland\/wut-in-belgrad-neue-eu-sanktionen-gegen-russland-treffen-serbien\/","og_locale":"de_DE","og_type":"article","og_title":"Wut in Belgrad: Neue EU-Sanktionen gegen Russland treffen Serbien","og_description":"Die serbische Regierung hat die j\u00fcngsten Strafma\u00dfnahmen der Europ\u00e4ischen Union (EU) gegen Moskau, die\u00a0sich auf die russischen \u00d6lexporte beziehen, scharf kritisiert und sie als ein eher &#8220;erstes EU-Sanktionspaket&#8221; gegen Serbien bezeichnet. Die Beschr\u00e4nkungen, die Br\u00fcssel f\u00fcr den Transport von russischem \u00d6l \u00fcber den Seeweg verh\u00e4ngt hat, w\u00fcrden laut Regierungsvertretern in Belgrad diesen Rohstoff f\u00fcr Serbien [&hellip;]","og_url":"https:\/\/now-news.de\/de\/deutschland\/wut-in-belgrad-neue-eu-sanktionen-gegen-russland-treffen-serbien\/","og_site_name":"just-now.NEWS Deutschland","article_publisher":"https:\/\/www.facebook.com\/wirmachenauf","article_published_time":"2022-10-07T11:43:15+00:00","og_image":[{"width":460,"height":259,"url":"https:\/\/now-news.de\/de\/wp-content\/uploads\/sites\/3\/2022\/10\/Wut-in-Belgrad-Neue-EU-Sanktionen-gegen-Russland-treffen-Serbien.jpg","type":"image\/jpeg"}],"author":"rtnews","twitter_card":"summary_large_image","twitter_creator":"@WirMachenAuf_de","twitter_site":"@WirMachenAuf_de","twitter_misc":{"Verfasst von":"rtnews","Gesch\u00e4tzte Lesezeit":"3\u00a0Minuten"},"schema":{"@context":"https:\/\/schema.org","@graph":[{"@type":"Article","@id":"https:\/\/now-news.de\/de\/deutschland\/wut-in-belgrad-neue-eu-sanktionen-gegen-russland-treffen-serbien\/#article","isPartOf":{"@id":"https:\/\/now-news.de\/de\/deutschland\/wut-in-belgrad-neue-eu-sanktionen-gegen-russland-treffen-serbien\/"},"author":{"name":"rtnews","@id":"https:\/\/now-news.de\/de\/#\/schema\/person\/fb534a4e865501d8b3285208df34a9b5"},"headline":"Wut in Belgrad: Neue EU-Sanktionen gegen Russland treffen Serbien","datePublished":"2022-10-07T11:43:15+00:00","dateModified":"2022-10-07T11:43:15+00:00","mainEntityOfPage":{"@id":"https:\/\/now-news.de\/de\/deutschland\/wut-in-belgrad-neue-eu-sanktionen-gegen-russland-treffen-serbien\/"},"wordCount":677,"commentCount":0,"publisher":{"@id":"https:\/\/now-news.de\/de\/#organization"},"image":{"@id":"https:\/\/now-news.de\/de\/deutschland\/wut-in-belgrad-neue-eu-sanktionen-gegen-russland-treffen-serbien\/#primaryimage"},"thumbnailUrl":"https:\/\/now-news.de\/de\/wp-content\/uploads\/sites\/3\/2022\/10\/Wut-in-Belgrad-Neue-EU-Sanktionen-gegen-Russland-treffen-Serbien.jpg","keywords":["Belgrad","EUSanktionen","gegen","NEUE","russland","Serbien","Treffen","Wut"],"articleSection":["Deutschland","Russland"],"inLanguage":"de","potentialAction":[{"@type":"CommentAction","name":"Comment","target":["https:\/\/now-news.de\/de\/deutschland\/wut-in-belgrad-neue-eu-sanktionen-gegen-russland-treffen-serbien\/#respond"]}]},{"@type":"WebPage","@id":"https:\/\/now-news.de\/de\/deutschland\/wut-in-belgrad-neue-eu-sanktionen-gegen-russland-treffen-serbien\/","url":"https:\/\/now-news.de\/de\/deutschland\/wut-in-belgrad-neue-eu-sanktionen-gegen-russland-treffen-serbien\/","name":"Wut in Belgrad: Neue EU-Sanktionen gegen Russland treffen Serbien - just-now.NEWS Deutschland","isPartOf":{"@id":"https:\/\/now-news.de\/de\/#website"},"primaryImageOfPage":{"@id":"https:\/\/now-news.de\/de\/deutschland\/wut-in-belgrad-neue-eu-sanktionen-gegen-russland-treffen-serbien\/#primaryimage"},"image":{"@id":"https:\/\/now-news.de\/de\/deutschland\/wut-in-belgrad-neue-eu-sanktionen-gegen-russland-treffen-serbien\/#primaryimage"},"thumbnailUrl":"https:\/\/now-news.de\/de\/wp-content\/uploads\/sites\/3\/2022\/10\/Wut-in-Belgrad-Neue-EU-Sanktionen-gegen-Russland-treffen-Serbien.jpg","datePublished":"2022-10-07T11:43:15+00:00","dateModified":"2022-10-07T11:43:15+00:00","breadcrumb":{"@id":"https:\/\/now-news.de\/de\/deutschland\/wut-in-belgrad-neue-eu-sanktionen-gegen-russland-treffen-serbien\/#breadcrumb"},"inLanguage":"de","potentialAction":[{"@type":"ReadAction","target":["https:\/\/now-news.de\/de\/deutschland\/wut-in-belgrad-neue-eu-sanktionen-gegen-russland-treffen-serbien\/"]}]},{"@type":"ImageObject","inLanguage":"de","@id":"https:\/\/now-news.de\/de\/deutschland\/wut-in-belgrad-neue-eu-sanktionen-gegen-russland-treffen-serbien\/#primaryimage","url":"https:\/\/now-news.de\/de\/wp-content\/uploads\/sites\/3\/2022\/10\/Wut-in-Belgrad-Neue-EU-Sanktionen-gegen-Russland-treffen-Serbien.jpg","contentUrl":"https:\/\/now-news.de\/de\/wp-content\/uploads\/sites\/3\/2022\/10\/Wut-in-Belgrad-Neue-EU-Sanktionen-gegen-Russland-treffen-Serbien.jpg","width":460,"height":259,"caption":"Wut in Belgrad: Neue EU-Sanktionen gegen Russland treffen Serbien"},{"@type":"BreadcrumbList","@id":"https:\/\/now-news.de\/de\/deutschland\/wut-in-belgrad-neue-eu-sanktionen-gegen-russland-treffen-serbien\/#breadcrumb","itemListElement":[{"@type":"ListItem","position":1,"name":"Home","item":"https:\/\/now-news.de\/de\/"},{"@type":"ListItem","position":2,"name":"Wut in Belgrad: Neue EU-Sanktionen gegen Russland treffen Serbien"}]},{"@type":"WebSite","@id":"https:\/\/now-news.de\/de\/#website","url":"https:\/\/now-news.de\/de\/","name":"just-now.NEWS Deutschland","description":"Das Portal f\u00fcr unzensierte Nachrichten aus der Welt","publisher":{"@id":"https:\/\/now-news.de\/de\/#organization"},"potentialAction":[{"@type":"SearchAction","target":{"@type":"EntryPoint","urlTemplate":"https:\/\/now-news.de\/de\/?s={search_term_string}"},"query-input":"required name=search_term_string"}],"inLanguage":"de"},{"@type":"Organization","@id":"https:\/\/now-news.de\/de\/#organization","name":"Just Now News","url":"https:\/\/now-news.de\/de\/","logo":{"@type":"ImageObject","inLanguage":"de","@id":"https:\/\/now-news.de\/de\/#\/schema\/logo\/image\/","url":"http:\/\/just-now.news\/de\/wp-content\/uploads\/sites\/3\/2022\/04\/logo500x500.jpg","contentUrl":"http:\/\/just-now.news\/de\/wp-content\/uploads\/sites\/3\/2022\/04\/logo500x500.jpg","width":500,"height":500,"caption":"Just Now News"},"image":{"@id":"https:\/\/now-news.de\/de\/#\/schema\/logo\/image\/"},"sameAs":["https:\/\/www.facebook.com\/wirmachenauf","https:\/\/x.com\/WirMachenAuf_de"]},{"@type":"Person","@id":"https:\/\/now-news.de\/de\/#\/schema\/person\/fb534a4e865501d8b3285208df34a9b5","name":"rtnews","image":{"@type":"ImageObject","inLanguage":"de","@id":"https:\/\/now-news.de\/de\/#\/schema\/person\/image\/","url":"https:\/\/secure.gravatar.com\/avatar\/82aafea7d8127119dd649515f56e2117?s=96&d=mm&r=g","contentUrl":"https:\/\/secure.gravatar.com\/avatar\/82aafea7d8127119dd649515f56e2117?s=96&d=mm&r=g","caption":"rtnews"},"url":"https:\/\/now-news.de\/de\/author\/rnews\/"}]}},"_links":{"self":[{"href":"https:\/\/now-news.de\/de\/wp-json\/wp\/v2\/posts\/20532"}],"collection":[{"href":"https:\/\/now-news.de\/de\/wp-json\/wp\/v2\/posts"}],"about":[{"href":"https:\/\/now-news.de\/de\/wp-json\/wp\/v2\/types\/post"}],"author":[{"embeddable":true,"href":"https:\/\/now-news.de\/de\/wp-json\/wp\/v2\/users\/3"}],"replies":[{"embeddable":true,"href":"https:\/\/now-news.de\/de\/wp-json\/wp\/v2\/comments?post=20532"}],"version-history":[{"count":0,"href":"https:\/\/now-news.de\/de\/wp-json\/wp\/v2\/posts\/20532\/revisions"}],"wp:featuredmedia":[{"embeddable":true,"href":"https:\/\/now-news.de\/de\/wp-json\/wp\/v2\/media\/20533"}],"wp:attachment":[{"href":"https:\/\/now-news.de\/de\/wp-json\/wp\/v2\/media?parent=20532"}],"wp:term":[{"taxonomy":"category","embeddable":true,"href":"https:\/\/now-news.de\/de\/wp-json\/wp\/v2\/categories?post=20532"},{"taxonomy":"post_tag","embeddable":true,"href":"https:\/\/now-news.de\/de\/wp-json\/wp\/v2\/tags?post=20532"}],"curies":[{"name":"wp","href":"https:\/\/api.w.org\/{rel}","templated":true}]}}