{"id":20462,"date":"2022-10-06T15:44:54","date_gmt":"2022-10-06T13:44:54","guid":{"rendered":"http:\/\/just-now.news\/de\/deutschland\/herbststuerme-athen-fordert-von-ankara-schaerfere-massnahmen-gegen-illegale-ueberfahrten\/"},"modified":"2022-10-06T15:44:54","modified_gmt":"2022-10-06T13:44:54","slug":"herbststuerme-athen-fordert-von-ankara-schaerfere-massnahmen-gegen-illegale-ueberfahrten","status":"publish","type":"post","link":"https:\/\/now-news.de\/de\/deutschland\/herbststuerme-athen-fordert-von-ankara-schaerfere-massnahmen-gegen-illegale-ueberfahrten\/","title":{"rendered":"Herbstst\u00fcrme: Athen fordert von Ankara sch\u00e4rfere Ma\u00dfnahmen gegen illegale \u00dcberfahrten"},"content":{"rendered":"<p><img decoding=\"async\" src=\"http:\/\/just-now.news\/de\/wp-content\/uploads\/sites\/3\/2022\/10\/633ec40548fbef774e4e070d.jpg\" \/><\/p>\n<div class=\"Text-root Text-type_1 \">\n                In der \u00c4g\u00e4is herrschen derzeit Herbstst\u00fcrme mit Sturmb\u00f6en und hohen Wellen. Dennoch versuchen Migranten immer wieder, von der t\u00fcrkischen Westk\u00fcste nach Griechenland zu gelangen. Bei zwei Schiffsungl\u00fccken sind zuletzt mindestens 18 Migranten ums Leben gekommen.\n            <\/div>\n<p><\/p>\n<div class=\"Text-root Text-type_5 ArticleView-text ViewText-root \">\n<p>Der griechische Migrationsminister Notis Mitarakis hat an die T\u00fcrkei appelliert, wegen extrem schlechter Wetterverh\u00e4ltnisse alle irregul\u00e4ren \u00dcberfahrten auf dem Mittelmeer von Migranten zu verhindern. Am Donnerstag schrieb der Politiker auf Twitter, dass in der \u00c4g\u00e4is wieder viele Menschen in seeunt\u00fcchtigen Booten ums Leben gekommen seien. Er rief auch die EU auf, gegen diese Situation zu handeln.<\/p>\n<div class=\"EmbedBlock-root EmbedBlock-twitter\">\n<div class=\"TwitterEmbed\">\n<blockquote class=\"twitter-tweet lazyload\" data-twitter=\"twitter-tweet\">\n<p lang=\"en\" dir=\"ltr\">Urgent call to ???????? to take immediate action to prevent all irregular departures due to harsh weather conditions. Already today many lives lost in the Aegean, people are drowning in unseaworthy vessels. EU must act.<\/p>\n<p>\u2014 \u039d\u03cc\u03c4\u03b7\u03c2 \u039c\u03b7\u03c4\u03b1\u03c1\u03ac\u03ba\u03b7\u03c2 &#8211; Notis Mitarachi (@nmitarakis) <a rel=\"nofollow noopener\" target=\"_blank\" href=\"https:\/\/twitter.com\/nmitarakis\/status\/1577903402939449345?ref_src=twsrc%5Etfw\">October 6, 2022<\/a><\/p><\/blockquote>\n<\/div>\n<\/div>\n<p>Auch der griechische Schifffahrtsminister Giannis Plakiotakis kritisierte Ankara:<\/p>\n<blockquote>\n<p><em>&#8220;Einmal mehr hat die Toleranz der T\u00fcrkei gegen\u00fcber skrupellosen Schleuserbanden Menschenleben gekostet.&#8221;<\/em><\/p>\n<\/blockquote>\n<p>Solange die t\u00fcrkische K\u00fcstenwache diese Aktionen nicht verhindere, pferchten Schleuser die Menschen weiterhin ohne Sicherheitsvorkehrungen in Boote, die den Wetterbedingungen nicht standhalten k\u00f6nnten. Die T\u00fcrkei m\u00fcsse den Fl\u00fcchtlingspakt mit der EU einhalten, forderte Plakiotakis.<\/p>\n<p>Allein in der Nacht zum Donnerstag hatten sich vor der griechischen K\u00fcste zwei Bootsungl\u00fccke ereignet. Dabei kamen mindestens 18 Migranten ums Leben. Vor der Ostk\u00fcste der Insel Lesbos in der \u00c4g\u00e4is sank bei starkem Wind ein Boot mit rund 40 Menschen an Bord. Wie die griechische K\u00fcstenwache mitteilte, habe es sich bei den Insassen ausschlie\u00dflich um Frauen gehandelt. Bis zum Morgen seien neun von ihnen gerettet und 16 weitere tot geborgen worden.<\/p>\n<p>Am Mittwochabend prallte ein Segelboot mit rund 95 Migranten auf eine felsige Steilk\u00fcste vor der Insel Kythira im S\u00fcden der Halbinsel Peloponnes und brach auseinander. Rettungskr\u00e4ften und Einwohnern gelang es, 80 Migranten in Sicherheit zu bringen. Bis zum Morgen wurden zwei Menschen tot geborgen. Videos zeigten, wie die verzweifelten Menschen versuchten, die Steilwand hinaufzuklettern.<\/p>\n<div class=\"EmbedBlock-root EmbedBlock-externalVideo EmbedBlock-youtube\">\n<div class=\"YouTubeEmbed lazyload\" data-rtmodule=\"YouTubeEmbed\" id=\"fwGDkItav_0\" onload=\"return {\n            covers: JSON.parse('\\u007B\\u0022small\\u0022\\u003A\\u0022https\\u003A\\\\\\\/\\\\\\\/i.ytimg.com\\\\\\\/vi\\\\\\\/fwGDkItav_0\\\\\\\/hqdefault.jpg\\u0022,\\u0022medium\\u0022\\u003A\\u0022https\\u003A\\\\\\\/\\\\\\\/i.ytimg.com\\\\\\\/vi\\\\\\\/fwGDkItav_0\\\\\\\/sddefault.jpg\\u0022,\\u0022large\\u0022\\u003A\\u0022https\\u003A\\\\\\\/\\\\\\\/i.ytimg.com\\\\\\\/vi\\\\\\\/fwGDkItav_0\\\\\\\/sddefault.jpg\\u0022\\u007D'),\n            iframeSrc: JSON.parse('\\u0022\\\\\\\/\\\\\\\/www.youtube.com\\\\\\\/embed\\\\\\\/fwGDkItav_0\\u0022'),\n            youtubeId: JSON.parse('\\u0022fwGDkItav_0\\u0022'),\n        };\"><\/p>\n<div class=\"YouTubeEmbed-cover\"><button class=\"YouTubeEmbed-button\"><svg class=\"YouTubeEmbed-playButton\" height=\"100%\" version=\"1.1\" viewbox=\"0 0 68 48\" width=\"100%\"><path class=\"YouTubeEmbed-playButtonBg\" d=\"M66.52,7.74c-0.78-2.93-2.49-5.41-5.42-6.19C55.79,.13,34,0,34,0S12.21,.13,6.9,1.55 C3.97,2.33,2.27,4.81,1.48,7.74C0.06,13.05,0,24,0,24s0.06,10.95,1.48,16.26c0.78,2.93,2.49,5.41,5.42,6.19 C12.21,47.87,34,48,34,48s21.79-0.13,27.1-1.55c2.93-0.78,4.64-3.26,5.42-6.19C67.94,34.95,68,24,68,24S67.94,13.05,66.52,7.74z\" fill=\"#212121\" fill-opacity=\"0.8\"><\/path><path d=\"M 45,24 27,14 27,34\" fill=\"#fff\"><\/path><\/svg><\/button><\/div>\n<\/div>\n<\/div>\n<p>Vielerorts in der \u00c4g\u00e4is herrschen aktuell f\u00fcr die Jahreszeit typische starke Winde und hohe Wellen. Dennoch versuchen Migranten zuletzt wieder verst\u00e4rkt, von der t\u00fcrkischen Westk\u00fcste und L\u00e4ndern im Nahen Osten nach Griechenland oder direkt nach S\u00fcditalien zu gelangen. Die Boote sind meist heillos \u00fcberf\u00fcllt und in schlechtem Zustand. Es kommt immer wieder zu schweren Ungl\u00fccken.<\/p>\n<p><strong>Mehr zum Thema<\/strong> &#8211;\u00a0<a rel=\"nofollow noopener\" target=\"_blank\" href=\"https:\/\/de.rt.com\/international\/150005-karin-kneissl-fehde-zwischen-turkei\/\">Karin Kneissl: Die Fehde zwischen der T\u00fcrkei und Griechenland \u2013 historisch und stets aktuell<\/a><\/p>\n<p>(dpa)<\/p>\n<\/div>\n<p><script async src=\"https:\/\/platform.twitter.com\/widgets.js\" charset=\"utf-8\"><\/script><br \/>\n<br \/><br \/>\n<br \/><a href=\"https:\/\/de.rt.com\/europa\/150815-athen-fordert-von-ankara-schaerfere-massnahmen-gegen-illegale-ueberfahrten\/\">Source link <\/a><\/p>\n","protected":false},"excerpt":{"rendered":"<p>In der \u00c4g\u00e4is herrschen derzeit Herbstst\u00fcrme mit Sturmb\u00f6en und hohen Wellen. Dennoch versuchen Migranten immer wieder, von der t\u00fcrkischen Westk\u00fcste nach Griechenland zu gelangen. Bei zwei Schiffsungl\u00fccken sind zuletzt mindestens 18 Migranten ums Leben gekommen. Der griechische Migrationsminister Notis Mitarakis hat an die T\u00fcrkei appelliert, wegen extrem schlechter Wetterverh\u00e4ltnisse alle irregul\u00e4ren \u00dcberfahrten auf dem Mittelmeer [&hellip;]<\/p>\n","protected":false},"author":3,"featured_media":20463,"comment_status":"open","ping_status":"open","sticky":false,"template":"","format":"standard","meta":{"wp_automatic_camp":["217"],"de44fb5adc556d7e61ccf032253b2678":["Herbstst\u00fcrme: Athen fordert von Ankara sch\u00e4rfere Ma\u00dfnahmen gegen illegale \u00dcberfahrten"],"original_link":["https:\/\/de.rt.com\/europa\/150815-athen-fordert-von-ankara-schaerfere-massnahmen-gegen-illegale-ueberfahrten\/"],"_thumbnail_id":["20463"],"_wptg_p2tg_sent2tg":["2022-10-06 15:58:44"],"jnews_social_counter_last_update":["1777190382"]},"categories":[19,23],"tags":[1800,396,355,278,33924,7462,6534,24076,33925,50],"yoast_head":"<!-- This site is optimized with the Yoast SEO Premium plugin v22.7 (Yoast SEO v22.7) - https:\/\/yoast.com\/wordpress\/plugins\/seo\/ -->\n<title>Herbstst\u00fcrme: Athen fordert von Ankara sch\u00e4rfere Ma\u00dfnahmen gegen illegale \u00dcberfahrten - just-now.NEWS Deutschland<\/title>\n<meta name=\"robots\" content=\"index, follow, max-snippet:-1, max-image-preview:large, max-video-preview:-1\" \/>\n<link rel=\"canonical\" href=\"https:\/\/now-news.de\/de\/deutschland\/herbststuerme-athen-fordert-von-ankara-schaerfere-massnahmen-gegen-illegale-ueberfahrten\/\" \/>\n<meta property=\"og:locale\" content=\"de_DE\" \/>\n<meta property=\"og:type\" content=\"article\" \/>\n<meta property=\"og:title\" content=\"Herbstst\u00fcrme: Athen fordert von Ankara sch\u00e4rfere Ma\u00dfnahmen gegen illegale \u00dcberfahrten\" \/>\n<meta property=\"og:description\" content=\"In der \u00c4g\u00e4is herrschen derzeit Herbstst\u00fcrme mit Sturmb\u00f6en und hohen Wellen. Dennoch versuchen Migranten immer wieder, von der t\u00fcrkischen Westk\u00fcste nach Griechenland zu gelangen. Bei zwei Schiffsungl\u00fccken sind zuletzt mindestens 18 Migranten ums Leben gekommen. Der griechische Migrationsminister Notis Mitarakis hat an die T\u00fcrkei appelliert, wegen extrem schlechter Wetterverh\u00e4ltnisse alle irregul\u00e4ren \u00dcberfahrten auf dem Mittelmeer [&hellip;]\" \/>\n<meta property=\"og:url\" content=\"https:\/\/now-news.de\/de\/deutschland\/herbststuerme-athen-fordert-von-ankara-schaerfere-massnahmen-gegen-illegale-ueberfahrten\/\" \/>\n<meta property=\"og:site_name\" content=\"just-now.NEWS Deutschland\" \/>\n<meta property=\"article:publisher\" content=\"https:\/\/www.facebook.com\/wirmachenauf\" \/>\n<meta property=\"article:published_time\" content=\"2022-10-06T13:44:54+00:00\" \/>\n<meta property=\"og:image\" content=\"https:\/\/now-news.de\/de\/wp-content\/uploads\/sites\/3\/2022\/10\/Herbststuerme-Athen-fordert-von-Ankara-schaerfere-Massnahmen-gegen-illegale-Ueberfahrten.jpg\" \/>\n\t<meta property=\"og:image:width\" content=\"460\" \/>\n\t<meta property=\"og:image:height\" content=\"259\" \/>\n\t<meta property=\"og:image:type\" content=\"image\/jpeg\" \/>\n<meta name=\"author\" content=\"rtnews\" \/>\n<meta name=\"twitter:card\" content=\"summary_large_image\" \/>\n<meta name=\"twitter:creator\" content=\"@WirMachenAuf_de\" \/>\n<meta name=\"twitter:site\" content=\"@WirMachenAuf_de\" \/>\n<meta name=\"twitter:label1\" content=\"Verfasst von\" \/>\n\t<meta name=\"twitter:data1\" content=\"rtnews\" \/>\n\t<meta name=\"twitter:label2\" content=\"Gesch\u00e4tzte Lesezeit\" \/>\n\t<meta name=\"twitter:data2\" content=\"2\u00a0Minuten\" \/>\n<script type=\"application\/ld+json\" class=\"yoast-schema-graph\">{\"@context\":\"https:\/\/schema.org\",\"@graph\":[{\"@type\":\"Article\",\"@id\":\"https:\/\/now-news.de\/de\/deutschland\/herbststuerme-athen-fordert-von-ankara-schaerfere-massnahmen-gegen-illegale-ueberfahrten\/#article\",\"isPartOf\":{\"@id\":\"https:\/\/now-news.de\/de\/deutschland\/herbststuerme-athen-fordert-von-ankara-schaerfere-massnahmen-gegen-illegale-ueberfahrten\/\"},\"author\":{\"name\":\"rtnews\",\"@id\":\"https:\/\/now-news.de\/de\/#\/schema\/person\/fb534a4e865501d8b3285208df34a9b5\"},\"headline\":\"Herbstst\u00fcrme: Athen fordert von Ankara sch\u00e4rfere Ma\u00dfnahmen gegen illegale \u00dcberfahrten\",\"datePublished\":\"2022-10-06T13:44:54+00:00\",\"dateModified\":\"2022-10-06T13:44:54+00:00\",\"mainEntityOfPage\":{\"@id\":\"https:\/\/now-news.de\/de\/deutschland\/herbststuerme-athen-fordert-von-ankara-schaerfere-massnahmen-gegen-illegale-ueberfahrten\/\"},\"wordCount\":431,\"commentCount\":0,\"publisher\":{\"@id\":\"https:\/\/now-news.de\/de\/#organization\"},\"image\":{\"@id\":\"https:\/\/now-news.de\/de\/deutschland\/herbststuerme-athen-fordert-von-ankara-schaerfere-massnahmen-gegen-illegale-ueberfahrten\/#primaryimage\"},\"thumbnailUrl\":\"https:\/\/now-news.de\/de\/wp-content\/uploads\/sites\/3\/2022\/10\/Herbststuerme-Athen-fordert-von-Ankara-schaerfere-Massnahmen-gegen-illegale-Ueberfahrten.jpg\",\"keywords\":[\"Ankara\",\"Athen\",\"fordert\",\"gegen\",\"Herbstst\u00fcrme\",\"illegale\",\"Massnahmen\",\"Sch\u00e4rfere\",\"\u00dcberfahrten\",\"von\"],\"articleSection\":[\"Deutschland\",\"Russland\"],\"inLanguage\":\"de\",\"potentialAction\":[{\"@type\":\"CommentAction\",\"name\":\"Comment\",\"target\":[\"https:\/\/now-news.de\/de\/deutschland\/herbststuerme-athen-fordert-von-ankara-schaerfere-massnahmen-gegen-illegale-ueberfahrten\/#respond\"]}]},{\"@type\":\"WebPage\",\"@id\":\"https:\/\/now-news.de\/de\/deutschland\/herbststuerme-athen-fordert-von-ankara-schaerfere-massnahmen-gegen-illegale-ueberfahrten\/\",\"url\":\"https:\/\/now-news.de\/de\/deutschland\/herbststuerme-athen-fordert-von-ankara-schaerfere-massnahmen-gegen-illegale-ueberfahrten\/\",\"name\":\"Herbstst\u00fcrme: Athen fordert von Ankara sch\u00e4rfere Ma\u00dfnahmen gegen illegale \u00dcberfahrten - just-now.NEWS Deutschland\",\"isPartOf\":{\"@id\":\"https:\/\/now-news.de\/de\/#website\"},\"primaryImageOfPage\":{\"@id\":\"https:\/\/now-news.de\/de\/deutschland\/herbststuerme-athen-fordert-von-ankara-schaerfere-massnahmen-gegen-illegale-ueberfahrten\/#primaryimage\"},\"image\":{\"@id\":\"https:\/\/now-news.de\/de\/deutschland\/herbststuerme-athen-fordert-von-ankara-schaerfere-massnahmen-gegen-illegale-ueberfahrten\/#primaryimage\"},\"thumbnailUrl\":\"https:\/\/now-news.de\/de\/wp-content\/uploads\/sites\/3\/2022\/10\/Herbststuerme-Athen-fordert-von-Ankara-schaerfere-Massnahmen-gegen-illegale-Ueberfahrten.jpg\",\"datePublished\":\"2022-10-06T13:44:54+00:00\",\"dateModified\":\"2022-10-06T13:44:54+00:00\",\"breadcrumb\":{\"@id\":\"https:\/\/now-news.de\/de\/deutschland\/herbststuerme-athen-fordert-von-ankara-schaerfere-massnahmen-gegen-illegale-ueberfahrten\/#breadcrumb\"},\"inLanguage\":\"de\",\"potentialAction\":[{\"@type\":\"ReadAction\",\"target\":[\"https:\/\/now-news.de\/de\/deutschland\/herbststuerme-athen-fordert-von-ankara-schaerfere-massnahmen-gegen-illegale-ueberfahrten\/\"]}]},{\"@type\":\"ImageObject\",\"inLanguage\":\"de\",\"@id\":\"https:\/\/now-news.de\/de\/deutschland\/herbststuerme-athen-fordert-von-ankara-schaerfere-massnahmen-gegen-illegale-ueberfahrten\/#primaryimage\",\"url\":\"https:\/\/now-news.de\/de\/wp-content\/uploads\/sites\/3\/2022\/10\/Herbststuerme-Athen-fordert-von-Ankara-schaerfere-Massnahmen-gegen-illegale-Ueberfahrten.jpg\",\"contentUrl\":\"https:\/\/now-news.de\/de\/wp-content\/uploads\/sites\/3\/2022\/10\/Herbststuerme-Athen-fordert-von-Ankara-schaerfere-Massnahmen-gegen-illegale-Ueberfahrten.jpg\",\"width\":460,\"height\":259,\"caption\":\"Herbstst\u00fcrme: Athen fordert von Ankara sch\u00e4rfere Ma\u00dfnahmen gegen illegale \u00dcberfahrten\"},{\"@type\":\"BreadcrumbList\",\"@id\":\"https:\/\/now-news.de\/de\/deutschland\/herbststuerme-athen-fordert-von-ankara-schaerfere-massnahmen-gegen-illegale-ueberfahrten\/#breadcrumb\",\"itemListElement\":[{\"@type\":\"ListItem\",\"position\":1,\"name\":\"Home\",\"item\":\"https:\/\/now-news.de\/de\/\"},{\"@type\":\"ListItem\",\"position\":2,\"name\":\"Herbstst\u00fcrme: Athen fordert von Ankara sch\u00e4rfere Ma\u00dfnahmen gegen illegale \u00dcberfahrten\"}]},{\"@type\":\"WebSite\",\"@id\":\"https:\/\/now-news.de\/de\/#website\",\"url\":\"https:\/\/now-news.de\/de\/\",\"name\":\"just-now.NEWS Deutschland\",\"description\":\"Das Portal f\u00fcr unzensierte Nachrichten aus der Welt\",\"publisher\":{\"@id\":\"https:\/\/now-news.de\/de\/#organization\"},\"potentialAction\":[{\"@type\":\"SearchAction\",\"target\":{\"@type\":\"EntryPoint\",\"urlTemplate\":\"https:\/\/now-news.de\/de\/?s={search_term_string}\"},\"query-input\":\"required name=search_term_string\"}],\"inLanguage\":\"de\"},{\"@type\":\"Organization\",\"@id\":\"https:\/\/now-news.de\/de\/#organization\",\"name\":\"Just Now News\",\"url\":\"https:\/\/now-news.de\/de\/\",\"logo\":{\"@type\":\"ImageObject\",\"inLanguage\":\"de\",\"@id\":\"https:\/\/now-news.de\/de\/#\/schema\/logo\/image\/\",\"url\":\"http:\/\/just-now.news\/de\/wp-content\/uploads\/sites\/3\/2022\/04\/logo500x500.jpg\",\"contentUrl\":\"http:\/\/just-now.news\/de\/wp-content\/uploads\/sites\/3\/2022\/04\/logo500x500.jpg\",\"width\":500,\"height\":500,\"caption\":\"Just Now News\"},\"image\":{\"@id\":\"https:\/\/now-news.de\/de\/#\/schema\/logo\/image\/\"},\"sameAs\":[\"https:\/\/www.facebook.com\/wirmachenauf\",\"https:\/\/x.com\/WirMachenAuf_de\"]},{\"@type\":\"Person\",\"@id\":\"https:\/\/now-news.de\/de\/#\/schema\/person\/fb534a4e865501d8b3285208df34a9b5\",\"name\":\"rtnews\",\"image\":{\"@type\":\"ImageObject\",\"inLanguage\":\"de\",\"@id\":\"https:\/\/now-news.de\/de\/#\/schema\/person\/image\/\",\"url\":\"https:\/\/secure.gravatar.com\/avatar\/82aafea7d8127119dd649515f56e2117?s=96&d=mm&r=g\",\"contentUrl\":\"https:\/\/secure.gravatar.com\/avatar\/82aafea7d8127119dd649515f56e2117?s=96&d=mm&r=g\",\"caption\":\"rtnews\"},\"url\":\"https:\/\/now-news.de\/de\/author\/rnews\/\"}]}<\/script>\n<!-- \/ Yoast SEO Premium plugin. -->","yoast_head_json":{"title":"Herbstst\u00fcrme: Athen fordert von Ankara sch\u00e4rfere Ma\u00dfnahmen gegen illegale \u00dcberfahrten - just-now.NEWS Deutschland","robots":{"index":"index","follow":"follow","max-snippet":"max-snippet:-1","max-image-preview":"max-image-preview:large","max-video-preview":"max-video-preview:-1"},"canonical":"https:\/\/now-news.de\/de\/deutschland\/herbststuerme-athen-fordert-von-ankara-schaerfere-massnahmen-gegen-illegale-ueberfahrten\/","og_locale":"de_DE","og_type":"article","og_title":"Herbstst\u00fcrme: Athen fordert von Ankara sch\u00e4rfere Ma\u00dfnahmen gegen illegale \u00dcberfahrten","og_description":"In der \u00c4g\u00e4is herrschen derzeit Herbstst\u00fcrme mit Sturmb\u00f6en und hohen Wellen. Dennoch versuchen Migranten immer wieder, von der t\u00fcrkischen Westk\u00fcste nach Griechenland zu gelangen. Bei zwei Schiffsungl\u00fccken sind zuletzt mindestens 18 Migranten ums Leben gekommen. Der griechische Migrationsminister Notis Mitarakis hat an die T\u00fcrkei appelliert, wegen extrem schlechter Wetterverh\u00e4ltnisse alle irregul\u00e4ren \u00dcberfahrten auf dem Mittelmeer [&hellip;]","og_url":"https:\/\/now-news.de\/de\/deutschland\/herbststuerme-athen-fordert-von-ankara-schaerfere-massnahmen-gegen-illegale-ueberfahrten\/","og_site_name":"just-now.NEWS Deutschland","article_publisher":"https:\/\/www.facebook.com\/wirmachenauf","article_published_time":"2022-10-06T13:44:54+00:00","og_image":[{"width":460,"height":259,"url":"https:\/\/now-news.de\/de\/wp-content\/uploads\/sites\/3\/2022\/10\/Herbststuerme-Athen-fordert-von-Ankara-schaerfere-Massnahmen-gegen-illegale-Ueberfahrten.jpg","type":"image\/jpeg"}],"author":"rtnews","twitter_card":"summary_large_image","twitter_creator":"@WirMachenAuf_de","twitter_site":"@WirMachenAuf_de","twitter_misc":{"Verfasst von":"rtnews","Gesch\u00e4tzte Lesezeit":"2\u00a0Minuten"},"schema":{"@context":"https:\/\/schema.org","@graph":[{"@type":"Article","@id":"https:\/\/now-news.de\/de\/deutschland\/herbststuerme-athen-fordert-von-ankara-schaerfere-massnahmen-gegen-illegale-ueberfahrten\/#article","isPartOf":{"@id":"https:\/\/now-news.de\/de\/deutschland\/herbststuerme-athen-fordert-von-ankara-schaerfere-massnahmen-gegen-illegale-ueberfahrten\/"},"author":{"name":"rtnews","@id":"https:\/\/now-news.de\/de\/#\/schema\/person\/fb534a4e865501d8b3285208df34a9b5"},"headline":"Herbstst\u00fcrme: Athen fordert von Ankara sch\u00e4rfere Ma\u00dfnahmen gegen illegale \u00dcberfahrten","datePublished":"2022-10-06T13:44:54+00:00","dateModified":"2022-10-06T13:44:54+00:00","mainEntityOfPage":{"@id":"https:\/\/now-news.de\/de\/deutschland\/herbststuerme-athen-fordert-von-ankara-schaerfere-massnahmen-gegen-illegale-ueberfahrten\/"},"wordCount":431,"commentCount":0,"publisher":{"@id":"https:\/\/now-news.de\/de\/#organization"},"image":{"@id":"https:\/\/now-news.de\/de\/deutschland\/herbststuerme-athen-fordert-von-ankara-schaerfere-massnahmen-gegen-illegale-ueberfahrten\/#primaryimage"},"thumbnailUrl":"https:\/\/now-news.de\/de\/wp-content\/uploads\/sites\/3\/2022\/10\/Herbststuerme-Athen-fordert-von-Ankara-schaerfere-Massnahmen-gegen-illegale-Ueberfahrten.jpg","keywords":["Ankara","Athen","fordert","gegen","Herbstst\u00fcrme","illegale","Massnahmen","Sch\u00e4rfere","\u00dcberfahrten","von"],"articleSection":["Deutschland","Russland"],"inLanguage":"de","potentialAction":[{"@type":"CommentAction","name":"Comment","target":["https:\/\/now-news.de\/de\/deutschland\/herbststuerme-athen-fordert-von-ankara-schaerfere-massnahmen-gegen-illegale-ueberfahrten\/#respond"]}]},{"@type":"WebPage","@id":"https:\/\/now-news.de\/de\/deutschland\/herbststuerme-athen-fordert-von-ankara-schaerfere-massnahmen-gegen-illegale-ueberfahrten\/","url":"https:\/\/now-news.de\/de\/deutschland\/herbststuerme-athen-fordert-von-ankara-schaerfere-massnahmen-gegen-illegale-ueberfahrten\/","name":"Herbstst\u00fcrme: Athen fordert von Ankara sch\u00e4rfere Ma\u00dfnahmen gegen illegale \u00dcberfahrten - just-now.NEWS Deutschland","isPartOf":{"@id":"https:\/\/now-news.de\/de\/#website"},"primaryImageOfPage":{"@id":"https:\/\/now-news.de\/de\/deutschland\/herbststuerme-athen-fordert-von-ankara-schaerfere-massnahmen-gegen-illegale-ueberfahrten\/#primaryimage"},"image":{"@id":"https:\/\/now-news.de\/de\/deutschland\/herbststuerme-athen-fordert-von-ankara-schaerfere-massnahmen-gegen-illegale-ueberfahrten\/#primaryimage"},"thumbnailUrl":"https:\/\/now-news.de\/de\/wp-content\/uploads\/sites\/3\/2022\/10\/Herbststuerme-Athen-fordert-von-Ankara-schaerfere-Massnahmen-gegen-illegale-Ueberfahrten.jpg","datePublished":"2022-10-06T13:44:54+00:00","dateModified":"2022-10-06T13:44:54+00:00","breadcrumb":{"@id":"https:\/\/now-news.de\/de\/deutschland\/herbststuerme-athen-fordert-von-ankara-schaerfere-massnahmen-gegen-illegale-ueberfahrten\/#breadcrumb"},"inLanguage":"de","potentialAction":[{"@type":"ReadAction","target":["https:\/\/now-news.de\/de\/deutschland\/herbststuerme-athen-fordert-von-ankara-schaerfere-massnahmen-gegen-illegale-ueberfahrten\/"]}]},{"@type":"ImageObject","inLanguage":"de","@id":"https:\/\/now-news.de\/de\/deutschland\/herbststuerme-athen-fordert-von-ankara-schaerfere-massnahmen-gegen-illegale-ueberfahrten\/#primaryimage","url":"https:\/\/now-news.de\/de\/wp-content\/uploads\/sites\/3\/2022\/10\/Herbststuerme-Athen-fordert-von-Ankara-schaerfere-Massnahmen-gegen-illegale-Ueberfahrten.jpg","contentUrl":"https:\/\/now-news.de\/de\/wp-content\/uploads\/sites\/3\/2022\/10\/Herbststuerme-Athen-fordert-von-Ankara-schaerfere-Massnahmen-gegen-illegale-Ueberfahrten.jpg","width":460,"height":259,"caption":"Herbstst\u00fcrme: Athen fordert von Ankara sch\u00e4rfere Ma\u00dfnahmen gegen illegale \u00dcberfahrten"},{"@type":"BreadcrumbList","@id":"https:\/\/now-news.de\/de\/deutschland\/herbststuerme-athen-fordert-von-ankara-schaerfere-massnahmen-gegen-illegale-ueberfahrten\/#breadcrumb","itemListElement":[{"@type":"ListItem","position":1,"name":"Home","item":"https:\/\/now-news.de\/de\/"},{"@type":"ListItem","position":2,"name":"Herbstst\u00fcrme: Athen fordert von Ankara sch\u00e4rfere Ma\u00dfnahmen gegen illegale \u00dcberfahrten"}]},{"@type":"WebSite","@id":"https:\/\/now-news.de\/de\/#website","url":"https:\/\/now-news.de\/de\/","name":"just-now.NEWS Deutschland","description":"Das Portal f\u00fcr unzensierte Nachrichten aus der Welt","publisher":{"@id":"https:\/\/now-news.de\/de\/#organization"},"potentialAction":[{"@type":"SearchAction","target":{"@type":"EntryPoint","urlTemplate":"https:\/\/now-news.de\/de\/?s={search_term_string}"},"query-input":"required name=search_term_string"}],"inLanguage":"de"},{"@type":"Organization","@id":"https:\/\/now-news.de\/de\/#organization","name":"Just Now News","url":"https:\/\/now-news.de\/de\/","logo":{"@type":"ImageObject","inLanguage":"de","@id":"https:\/\/now-news.de\/de\/#\/schema\/logo\/image\/","url":"http:\/\/just-now.news\/de\/wp-content\/uploads\/sites\/3\/2022\/04\/logo500x500.jpg","contentUrl":"http:\/\/just-now.news\/de\/wp-content\/uploads\/sites\/3\/2022\/04\/logo500x500.jpg","width":500,"height":500,"caption":"Just Now News"},"image":{"@id":"https:\/\/now-news.de\/de\/#\/schema\/logo\/image\/"},"sameAs":["https:\/\/www.facebook.com\/wirmachenauf","https:\/\/x.com\/WirMachenAuf_de"]},{"@type":"Person","@id":"https:\/\/now-news.de\/de\/#\/schema\/person\/fb534a4e865501d8b3285208df34a9b5","name":"rtnews","image":{"@type":"ImageObject","inLanguage":"de","@id":"https:\/\/now-news.de\/de\/#\/schema\/person\/image\/","url":"https:\/\/secure.gravatar.com\/avatar\/82aafea7d8127119dd649515f56e2117?s=96&d=mm&r=g","contentUrl":"https:\/\/secure.gravatar.com\/avatar\/82aafea7d8127119dd649515f56e2117?s=96&d=mm&r=g","caption":"rtnews"},"url":"https:\/\/now-news.de\/de\/author\/rnews\/"}]}},"_links":{"self":[{"href":"https:\/\/now-news.de\/de\/wp-json\/wp\/v2\/posts\/20462"}],"collection":[{"href":"https:\/\/now-news.de\/de\/wp-json\/wp\/v2\/posts"}],"about":[{"href":"https:\/\/now-news.de\/de\/wp-json\/wp\/v2\/types\/post"}],"author":[{"embeddable":true,"href":"https:\/\/now-news.de\/de\/wp-json\/wp\/v2\/users\/3"}],"replies":[{"embeddable":true,"href":"https:\/\/now-news.de\/de\/wp-json\/wp\/v2\/comments?post=20462"}],"version-history":[{"count":0,"href":"https:\/\/now-news.de\/de\/wp-json\/wp\/v2\/posts\/20462\/revisions"}],"wp:featuredmedia":[{"embeddable":true,"href":"https:\/\/now-news.de\/de\/wp-json\/wp\/v2\/media\/20463"}],"wp:attachment":[{"href":"https:\/\/now-news.de\/de\/wp-json\/wp\/v2\/media?parent=20462"}],"wp:term":[{"taxonomy":"category","embeddable":true,"href":"https:\/\/now-news.de\/de\/wp-json\/wp\/v2\/categories?post=20462"},{"taxonomy":"post_tag","embeddable":true,"href":"https:\/\/now-news.de\/de\/wp-json\/wp\/v2\/tags?post=20462"}],"curies":[{"name":"wp","href":"https:\/\/api.w.org\/{rel}","templated":true}]}}