{"id":20392,"date":"2022-10-05T18:10:46","date_gmt":"2022-10-05T16:10:46","guid":{"rendered":"http:\/\/just-now.news\/de\/deutschland\/eurolaender-gegen-doppelwumms-deutschland-unter-druck\/"},"modified":"2022-10-05T18:10:46","modified_gmt":"2022-10-05T16:10:46","slug":"eurolaender-gegen-doppelwumms-deutschland-unter-druck","status":"publish","type":"post","link":"https:\/\/now-news.de\/de\/deutschland\/eurolaender-gegen-doppelwumms-deutschland-unter-druck\/","title":{"rendered":"Eurol\u00e4nder gegen Doppelwumms: Deutschland unter Druck"},"content":{"rendered":"<p><img decoding=\"async\" src=\"http:\/\/just-now.news\/de\/wp-content\/uploads\/sites\/3\/2022\/10\/633d7eafb480cc23e104c71b.jpg\" \/><\/p>\n<div class=\"Text-root Text-type_1 \">\n                Die L\u00e4nder des Euro f\u00fcrchten um eine Verst\u00e4rkung der Ungleichgewichte im W\u00e4hrungsraum durch die von der Bundesregierung beschlossenen Entlastungen. Finanzschwache L\u00e4nder sehen darin eine Subvention der deutschen Industrie.\n            <\/div>\n<p><\/p>\n<div class=\"Text-root Text-type_5 ArticleView-text ViewText-root \">\n<p>Die EU-L\u00e4nder blicken erneut kritisch auf Deutschland. Der mit einer Neuverschuldung von 200 Milliarden Euro einhergehende &#8220;Doppelwumms&#8221; der Ampel-Koalition wird innerhalb der EU kritisch kommentiert.\u00a0<\/p>\n<p>Wie das <em>Handelsblatt<\/em>\u00a0<a rel=\"nofollow noopener\" target=\"_blank\" href=\"https:\/\/www.handelsblatt.com\/politik\/deutschland\/wirtschaftspolitik-eu-partner-erhoehen-wegen-doppel-wumms-druck-auf-finanzminister-lindner-\/28720880.html\">berichtet<\/a>, erh\u00f6hen die Finanzminister den Druck auf Deutschland. Bei einem Treffen der EURO-Gruppe muss Lindner das von der Bundesregierung beschlossene Entlastungspaket verteidigen. Die EURO-Gruppe ist die Zusammenkunft der Finanzminister derjenigen L\u00e4nder, die den Euro als Zahlungsmittel verwenden. Das Treffen dient vor allem der gemeinsamen Steuerung der Finanzpolitik des W\u00e4hrungsraums.\u00a0<\/p>\n<p>Die L\u00e4nder bef\u00fcrchten einen Wettbewerbsvorteil f\u00fcr die deutsche Industrie, durch den sich das Ungleichgewicht in der Eurozone weiter verst\u00e4rkt. Kritisch wird angemerkt, dass die umfassende Entlastung gegen die Grunds\u00e4tze der EU und des Euro verst\u00f6\u00dft.\u00a0<\/p>\n<p>Deutschland steht seit langer Zeit wegen seines Gesch\u00e4ftsmodells in der Kritik. Deutschlands Wirtschaft setzt vor allem auf Export. Seine Exportst\u00e4rke bezieht Deutschland unter anderem aus niedrigen Lohnabschl\u00fcssen. Aus diesem Grund lag die Inflationsrate in Deutschland immer deutlich unter der von der EZB angestrebten Zielinflation von knapp unter 2 Prozent. Aufgrund der Unm\u00f6glichkeit der Abwertung stiegen in den anderen EU-L\u00e4ndern Schuldenlast und Arbeitslosigkeit an.\u00a0<\/p>\n<p>Die Euro-L\u00e4nder f\u00fcrchten nun eine Wiederholung. Aufgrund der unterschiedlichen Ausgangslage sind\u00a0sie in unterschiedlichem Ausma\u00df zur Schuldenaufnahme f\u00e4hig. Die Bef\u00fcrchtung ist, dass sich Deutschland \u00fcber Schulden f\u00fcr die deutsche Industrie einen Vorteil verschafft, indem es die hohen Energiekosten in h\u00f6herem Ma\u00dfe abfedert als es andere L\u00e4nder verm\u00f6gen.\u00a0\u00a0<\/p>\n<p><strong>Mehr zum Thema<\/strong>\u00a0\u2013 <a rel=\"nofollow noopener\" target=\"_blank\" href=\"https:\/\/test.rtde.me\/europa\/150041-eu-verurteilt-sich-selbst-zur\/\">Die EU verurteilt sich selbst zur Deindustrialisierung<\/a><\/p>\n<\/div>\n<p><br \/>\n<br \/><a href=\"https:\/\/de.rt.com\/wirtschaft\/150725-eurolaender-gegen-doppelwumms\/\">Source link <\/a><\/p>\n","protected":false},"excerpt":{"rendered":"<p>Die L\u00e4nder des Euro f\u00fcrchten um eine Verst\u00e4rkung der Ungleichgewichte im W\u00e4hrungsraum durch die von der Bundesregierung beschlossenen Entlastungen. Finanzschwache L\u00e4nder sehen darin eine Subvention der deutschen Industrie. Die EU-L\u00e4nder blicken erneut kritisch auf Deutschland. Der mit einer Neuverschuldung von 200 Milliarden Euro einhergehende &#8220;Doppelwumms&#8221; der Ampel-Koalition wird innerhalb der EU kritisch kommentiert.\u00a0 Wie das [&hellip;]<\/p>\n","protected":false},"author":3,"featured_media":20393,"comment_status":"open","ping_status":"open","sticky":false,"template":"","format":"standard","meta":{"wp_automatic_camp":["217"],"dbf9ea6178e542618c00d41750d2be81":["Eurol\u00e4nder gegen Doppelwumms: Deutschland unter Druck"],"original_link":["https:\/\/de.rt.com\/wirtschaft\/150725-eurolaender-gegen-doppelwumms\/"],"_thumbnail_id":["20393"],"jnews_social_counter_last_update":["1777256737"]},"categories":[19,23],"tags":[179,33879,1610,33878,278,908],"yoast_head":"<!-- This site is optimized with the Yoast SEO Premium plugin v22.7 (Yoast SEO v22.7) - https:\/\/yoast.com\/wordpress\/plugins\/seo\/ -->\n<title>Eurol\u00e4nder gegen Doppelwumms: Deutschland unter Druck - just-now.NEWS Deutschland<\/title>\n<meta name=\"robots\" content=\"index, follow, max-snippet:-1, max-image-preview:large, max-video-preview:-1\" \/>\n<link rel=\"canonical\" href=\"https:\/\/now-news.de\/de\/deutschland\/eurolaender-gegen-doppelwumms-deutschland-unter-druck\/\" \/>\n<meta property=\"og:locale\" content=\"de_DE\" \/>\n<meta property=\"og:type\" content=\"article\" \/>\n<meta property=\"og:title\" content=\"Eurol\u00e4nder gegen Doppelwumms: Deutschland unter Druck\" \/>\n<meta property=\"og:description\" content=\"Die L\u00e4nder des Euro f\u00fcrchten um eine Verst\u00e4rkung der Ungleichgewichte im W\u00e4hrungsraum durch die von der Bundesregierung beschlossenen Entlastungen. Finanzschwache L\u00e4nder sehen darin eine Subvention der deutschen Industrie. Die EU-L\u00e4nder blicken erneut kritisch auf Deutschland. Der mit einer Neuverschuldung von 200 Milliarden Euro einhergehende &#8220;Doppelwumms&#8221; der Ampel-Koalition wird innerhalb der EU kritisch kommentiert.\u00a0 Wie das [&hellip;]\" \/>\n<meta property=\"og:url\" content=\"https:\/\/now-news.de\/de\/deutschland\/eurolaender-gegen-doppelwumms-deutschland-unter-druck\/\" \/>\n<meta property=\"og:site_name\" content=\"just-now.NEWS Deutschland\" \/>\n<meta property=\"article:publisher\" content=\"https:\/\/www.facebook.com\/wirmachenauf\" \/>\n<meta property=\"article:published_time\" content=\"2022-10-05T16:10:46+00:00\" \/>\n<meta property=\"og:image\" content=\"https:\/\/now-news.de\/de\/wp-content\/uploads\/sites\/3\/2022\/10\/Eurolaender-gegen-Doppelwumms-Deutschland-unter-Druck.jpg\" \/>\n\t<meta property=\"og:image:width\" content=\"460\" \/>\n\t<meta property=\"og:image:height\" content=\"259\" \/>\n\t<meta property=\"og:image:type\" content=\"image\/jpeg\" \/>\n<meta name=\"author\" content=\"rtnews\" \/>\n<meta name=\"twitter:card\" content=\"summary_large_image\" \/>\n<meta name=\"twitter:creator\" content=\"@WirMachenAuf_de\" \/>\n<meta name=\"twitter:site\" content=\"@WirMachenAuf_de\" \/>\n<meta name=\"twitter:label1\" content=\"Verfasst von\" \/>\n\t<meta name=\"twitter:data1\" content=\"rtnews\" \/>\n\t<meta name=\"twitter:label2\" content=\"Gesch\u00e4tzte Lesezeit\" \/>\n\t<meta name=\"twitter:data2\" content=\"1\u00a0Minute\" \/>\n<script type=\"application\/ld+json\" class=\"yoast-schema-graph\">{\"@context\":\"https:\/\/schema.org\",\"@graph\":[{\"@type\":\"Article\",\"@id\":\"https:\/\/now-news.de\/de\/deutschland\/eurolaender-gegen-doppelwumms-deutschland-unter-druck\/#article\",\"isPartOf\":{\"@id\":\"https:\/\/now-news.de\/de\/deutschland\/eurolaender-gegen-doppelwumms-deutschland-unter-druck\/\"},\"author\":{\"name\":\"rtnews\",\"@id\":\"https:\/\/now-news.de\/de\/#\/schema\/person\/fb534a4e865501d8b3285208df34a9b5\"},\"headline\":\"Eurol\u00e4nder gegen Doppelwumms: Deutschland unter Druck\",\"datePublished\":\"2022-10-05T16:10:46+00:00\",\"dateModified\":\"2022-10-05T16:10:46+00:00\",\"mainEntityOfPage\":{\"@id\":\"https:\/\/now-news.de\/de\/deutschland\/eurolaender-gegen-doppelwumms-deutschland-unter-druck\/\"},\"wordCount\":297,\"commentCount\":0,\"publisher\":{\"@id\":\"https:\/\/now-news.de\/de\/#organization\"},\"image\":{\"@id\":\"https:\/\/now-news.de\/de\/deutschland\/eurolaender-gegen-doppelwumms-deutschland-unter-druck\/#primaryimage\"},\"thumbnailUrl\":\"https:\/\/now-news.de\/de\/wp-content\/uploads\/sites\/3\/2022\/10\/Eurolaender-gegen-Doppelwumms-Deutschland-unter-Druck.jpg\",\"keywords\":[\"Deutschland\",\"Doppelwumms\",\"Druck\",\"Eurol\u00e4nder\",\"gegen\",\"unter\"],\"articleSection\":[\"Deutschland\",\"Russland\"],\"inLanguage\":\"de\",\"potentialAction\":[{\"@type\":\"CommentAction\",\"name\":\"Comment\",\"target\":[\"https:\/\/now-news.de\/de\/deutschland\/eurolaender-gegen-doppelwumms-deutschland-unter-druck\/#respond\"]}]},{\"@type\":\"WebPage\",\"@id\":\"https:\/\/now-news.de\/de\/deutschland\/eurolaender-gegen-doppelwumms-deutschland-unter-druck\/\",\"url\":\"https:\/\/now-news.de\/de\/deutschland\/eurolaender-gegen-doppelwumms-deutschland-unter-druck\/\",\"name\":\"Eurol\u00e4nder gegen Doppelwumms: Deutschland unter Druck - just-now.NEWS Deutschland\",\"isPartOf\":{\"@id\":\"https:\/\/now-news.de\/de\/#website\"},\"primaryImageOfPage\":{\"@id\":\"https:\/\/now-news.de\/de\/deutschland\/eurolaender-gegen-doppelwumms-deutschland-unter-druck\/#primaryimage\"},\"image\":{\"@id\":\"https:\/\/now-news.de\/de\/deutschland\/eurolaender-gegen-doppelwumms-deutschland-unter-druck\/#primaryimage\"},\"thumbnailUrl\":\"https:\/\/now-news.de\/de\/wp-content\/uploads\/sites\/3\/2022\/10\/Eurolaender-gegen-Doppelwumms-Deutschland-unter-Druck.jpg\",\"datePublished\":\"2022-10-05T16:10:46+00:00\",\"dateModified\":\"2022-10-05T16:10:46+00:00\",\"breadcrumb\":{\"@id\":\"https:\/\/now-news.de\/de\/deutschland\/eurolaender-gegen-doppelwumms-deutschland-unter-druck\/#breadcrumb\"},\"inLanguage\":\"de\",\"potentialAction\":[{\"@type\":\"ReadAction\",\"target\":[\"https:\/\/now-news.de\/de\/deutschland\/eurolaender-gegen-doppelwumms-deutschland-unter-druck\/\"]}]},{\"@type\":\"ImageObject\",\"inLanguage\":\"de\",\"@id\":\"https:\/\/now-news.de\/de\/deutschland\/eurolaender-gegen-doppelwumms-deutschland-unter-druck\/#primaryimage\",\"url\":\"https:\/\/now-news.de\/de\/wp-content\/uploads\/sites\/3\/2022\/10\/Eurolaender-gegen-Doppelwumms-Deutschland-unter-Druck.jpg\",\"contentUrl\":\"https:\/\/now-news.de\/de\/wp-content\/uploads\/sites\/3\/2022\/10\/Eurolaender-gegen-Doppelwumms-Deutschland-unter-Druck.jpg\",\"width\":460,\"height\":259,\"caption\":\"Eurol\u00e4nder gegen Doppelwumms: Deutschland unter Druck\"},{\"@type\":\"BreadcrumbList\",\"@id\":\"https:\/\/now-news.de\/de\/deutschland\/eurolaender-gegen-doppelwumms-deutschland-unter-druck\/#breadcrumb\",\"itemListElement\":[{\"@type\":\"ListItem\",\"position\":1,\"name\":\"Home\",\"item\":\"https:\/\/now-news.de\/de\/\"},{\"@type\":\"ListItem\",\"position\":2,\"name\":\"Eurol\u00e4nder gegen Doppelwumms: Deutschland unter Druck\"}]},{\"@type\":\"WebSite\",\"@id\":\"https:\/\/now-news.de\/de\/#website\",\"url\":\"https:\/\/now-news.de\/de\/\",\"name\":\"just-now.NEWS Deutschland\",\"description\":\"Das Portal f\u00fcr unzensierte Nachrichten aus der Welt\",\"publisher\":{\"@id\":\"https:\/\/now-news.de\/de\/#organization\"},\"potentialAction\":[{\"@type\":\"SearchAction\",\"target\":{\"@type\":\"EntryPoint\",\"urlTemplate\":\"https:\/\/now-news.de\/de\/?s={search_term_string}\"},\"query-input\":\"required name=search_term_string\"}],\"inLanguage\":\"de\"},{\"@type\":\"Organization\",\"@id\":\"https:\/\/now-news.de\/de\/#organization\",\"name\":\"Just Now News\",\"url\":\"https:\/\/now-news.de\/de\/\",\"logo\":{\"@type\":\"ImageObject\",\"inLanguage\":\"de\",\"@id\":\"https:\/\/now-news.de\/de\/#\/schema\/logo\/image\/\",\"url\":\"http:\/\/just-now.news\/de\/wp-content\/uploads\/sites\/3\/2022\/04\/logo500x500.jpg\",\"contentUrl\":\"http:\/\/just-now.news\/de\/wp-content\/uploads\/sites\/3\/2022\/04\/logo500x500.jpg\",\"width\":500,\"height\":500,\"caption\":\"Just Now News\"},\"image\":{\"@id\":\"https:\/\/now-news.de\/de\/#\/schema\/logo\/image\/\"},\"sameAs\":[\"https:\/\/www.facebook.com\/wirmachenauf\",\"https:\/\/x.com\/WirMachenAuf_de\"]},{\"@type\":\"Person\",\"@id\":\"https:\/\/now-news.de\/de\/#\/schema\/person\/fb534a4e865501d8b3285208df34a9b5\",\"name\":\"rtnews\",\"image\":{\"@type\":\"ImageObject\",\"inLanguage\":\"de\",\"@id\":\"https:\/\/now-news.de\/de\/#\/schema\/person\/image\/\",\"url\":\"https:\/\/secure.gravatar.com\/avatar\/82aafea7d8127119dd649515f56e2117?s=96&d=mm&r=g\",\"contentUrl\":\"https:\/\/secure.gravatar.com\/avatar\/82aafea7d8127119dd649515f56e2117?s=96&d=mm&r=g\",\"caption\":\"rtnews\"},\"url\":\"https:\/\/now-news.de\/de\/author\/rnews\/\"}]}<\/script>\n<!-- \/ Yoast SEO Premium plugin. -->","yoast_head_json":{"title":"Eurol\u00e4nder gegen Doppelwumms: Deutschland unter Druck - just-now.NEWS Deutschland","robots":{"index":"index","follow":"follow","max-snippet":"max-snippet:-1","max-image-preview":"max-image-preview:large","max-video-preview":"max-video-preview:-1"},"canonical":"https:\/\/now-news.de\/de\/deutschland\/eurolaender-gegen-doppelwumms-deutschland-unter-druck\/","og_locale":"de_DE","og_type":"article","og_title":"Eurol\u00e4nder gegen Doppelwumms: Deutschland unter Druck","og_description":"Die L\u00e4nder des Euro f\u00fcrchten um eine Verst\u00e4rkung der Ungleichgewichte im W\u00e4hrungsraum durch die von der Bundesregierung beschlossenen Entlastungen. Finanzschwache L\u00e4nder sehen darin eine Subvention der deutschen Industrie. Die EU-L\u00e4nder blicken erneut kritisch auf Deutschland. Der mit einer Neuverschuldung von 200 Milliarden Euro einhergehende &#8220;Doppelwumms&#8221; der Ampel-Koalition wird innerhalb der EU kritisch kommentiert.\u00a0 Wie das [&hellip;]","og_url":"https:\/\/now-news.de\/de\/deutschland\/eurolaender-gegen-doppelwumms-deutschland-unter-druck\/","og_site_name":"just-now.NEWS Deutschland","article_publisher":"https:\/\/www.facebook.com\/wirmachenauf","article_published_time":"2022-10-05T16:10:46+00:00","og_image":[{"width":460,"height":259,"url":"https:\/\/now-news.de\/de\/wp-content\/uploads\/sites\/3\/2022\/10\/Eurolaender-gegen-Doppelwumms-Deutschland-unter-Druck.jpg","type":"image\/jpeg"}],"author":"rtnews","twitter_card":"summary_large_image","twitter_creator":"@WirMachenAuf_de","twitter_site":"@WirMachenAuf_de","twitter_misc":{"Verfasst von":"rtnews","Gesch\u00e4tzte Lesezeit":"1\u00a0Minute"},"schema":{"@context":"https:\/\/schema.org","@graph":[{"@type":"Article","@id":"https:\/\/now-news.de\/de\/deutschland\/eurolaender-gegen-doppelwumms-deutschland-unter-druck\/#article","isPartOf":{"@id":"https:\/\/now-news.de\/de\/deutschland\/eurolaender-gegen-doppelwumms-deutschland-unter-druck\/"},"author":{"name":"rtnews","@id":"https:\/\/now-news.de\/de\/#\/schema\/person\/fb534a4e865501d8b3285208df34a9b5"},"headline":"Eurol\u00e4nder gegen Doppelwumms: Deutschland unter Druck","datePublished":"2022-10-05T16:10:46+00:00","dateModified":"2022-10-05T16:10:46+00:00","mainEntityOfPage":{"@id":"https:\/\/now-news.de\/de\/deutschland\/eurolaender-gegen-doppelwumms-deutschland-unter-druck\/"},"wordCount":297,"commentCount":0,"publisher":{"@id":"https:\/\/now-news.de\/de\/#organization"},"image":{"@id":"https:\/\/now-news.de\/de\/deutschland\/eurolaender-gegen-doppelwumms-deutschland-unter-druck\/#primaryimage"},"thumbnailUrl":"https:\/\/now-news.de\/de\/wp-content\/uploads\/sites\/3\/2022\/10\/Eurolaender-gegen-Doppelwumms-Deutschland-unter-Druck.jpg","keywords":["Deutschland","Doppelwumms","Druck","Eurol\u00e4nder","gegen","unter"],"articleSection":["Deutschland","Russland"],"inLanguage":"de","potentialAction":[{"@type":"CommentAction","name":"Comment","target":["https:\/\/now-news.de\/de\/deutschland\/eurolaender-gegen-doppelwumms-deutschland-unter-druck\/#respond"]}]},{"@type":"WebPage","@id":"https:\/\/now-news.de\/de\/deutschland\/eurolaender-gegen-doppelwumms-deutschland-unter-druck\/","url":"https:\/\/now-news.de\/de\/deutschland\/eurolaender-gegen-doppelwumms-deutschland-unter-druck\/","name":"Eurol\u00e4nder gegen Doppelwumms: Deutschland unter Druck - just-now.NEWS Deutschland","isPartOf":{"@id":"https:\/\/now-news.de\/de\/#website"},"primaryImageOfPage":{"@id":"https:\/\/now-news.de\/de\/deutschland\/eurolaender-gegen-doppelwumms-deutschland-unter-druck\/#primaryimage"},"image":{"@id":"https:\/\/now-news.de\/de\/deutschland\/eurolaender-gegen-doppelwumms-deutschland-unter-druck\/#primaryimage"},"thumbnailUrl":"https:\/\/now-news.de\/de\/wp-content\/uploads\/sites\/3\/2022\/10\/Eurolaender-gegen-Doppelwumms-Deutschland-unter-Druck.jpg","datePublished":"2022-10-05T16:10:46+00:00","dateModified":"2022-10-05T16:10:46+00:00","breadcrumb":{"@id":"https:\/\/now-news.de\/de\/deutschland\/eurolaender-gegen-doppelwumms-deutschland-unter-druck\/#breadcrumb"},"inLanguage":"de","potentialAction":[{"@type":"ReadAction","target":["https:\/\/now-news.de\/de\/deutschland\/eurolaender-gegen-doppelwumms-deutschland-unter-druck\/"]}]},{"@type":"ImageObject","inLanguage":"de","@id":"https:\/\/now-news.de\/de\/deutschland\/eurolaender-gegen-doppelwumms-deutschland-unter-druck\/#primaryimage","url":"https:\/\/now-news.de\/de\/wp-content\/uploads\/sites\/3\/2022\/10\/Eurolaender-gegen-Doppelwumms-Deutschland-unter-Druck.jpg","contentUrl":"https:\/\/now-news.de\/de\/wp-content\/uploads\/sites\/3\/2022\/10\/Eurolaender-gegen-Doppelwumms-Deutschland-unter-Druck.jpg","width":460,"height":259,"caption":"Eurol\u00e4nder gegen Doppelwumms: Deutschland unter Druck"},{"@type":"BreadcrumbList","@id":"https:\/\/now-news.de\/de\/deutschland\/eurolaender-gegen-doppelwumms-deutschland-unter-druck\/#breadcrumb","itemListElement":[{"@type":"ListItem","position":1,"name":"Home","item":"https:\/\/now-news.de\/de\/"},{"@type":"ListItem","position":2,"name":"Eurol\u00e4nder gegen Doppelwumms: Deutschland unter Druck"}]},{"@type":"WebSite","@id":"https:\/\/now-news.de\/de\/#website","url":"https:\/\/now-news.de\/de\/","name":"just-now.NEWS Deutschland","description":"Das Portal f\u00fcr unzensierte Nachrichten aus der Welt","publisher":{"@id":"https:\/\/now-news.de\/de\/#organization"},"potentialAction":[{"@type":"SearchAction","target":{"@type":"EntryPoint","urlTemplate":"https:\/\/now-news.de\/de\/?s={search_term_string}"},"query-input":"required name=search_term_string"}],"inLanguage":"de"},{"@type":"Organization","@id":"https:\/\/now-news.de\/de\/#organization","name":"Just Now News","url":"https:\/\/now-news.de\/de\/","logo":{"@type":"ImageObject","inLanguage":"de","@id":"https:\/\/now-news.de\/de\/#\/schema\/logo\/image\/","url":"http:\/\/just-now.news\/de\/wp-content\/uploads\/sites\/3\/2022\/04\/logo500x500.jpg","contentUrl":"http:\/\/just-now.news\/de\/wp-content\/uploads\/sites\/3\/2022\/04\/logo500x500.jpg","width":500,"height":500,"caption":"Just Now News"},"image":{"@id":"https:\/\/now-news.de\/de\/#\/schema\/logo\/image\/"},"sameAs":["https:\/\/www.facebook.com\/wirmachenauf","https:\/\/x.com\/WirMachenAuf_de"]},{"@type":"Person","@id":"https:\/\/now-news.de\/de\/#\/schema\/person\/fb534a4e865501d8b3285208df34a9b5","name":"rtnews","image":{"@type":"ImageObject","inLanguage":"de","@id":"https:\/\/now-news.de\/de\/#\/schema\/person\/image\/","url":"https:\/\/secure.gravatar.com\/avatar\/82aafea7d8127119dd649515f56e2117?s=96&d=mm&r=g","contentUrl":"https:\/\/secure.gravatar.com\/avatar\/82aafea7d8127119dd649515f56e2117?s=96&d=mm&r=g","caption":"rtnews"},"url":"https:\/\/now-news.de\/de\/author\/rnews\/"}]}},"_links":{"self":[{"href":"https:\/\/now-news.de\/de\/wp-json\/wp\/v2\/posts\/20392"}],"collection":[{"href":"https:\/\/now-news.de\/de\/wp-json\/wp\/v2\/posts"}],"about":[{"href":"https:\/\/now-news.de\/de\/wp-json\/wp\/v2\/types\/post"}],"author":[{"embeddable":true,"href":"https:\/\/now-news.de\/de\/wp-json\/wp\/v2\/users\/3"}],"replies":[{"embeddable":true,"href":"https:\/\/now-news.de\/de\/wp-json\/wp\/v2\/comments?post=20392"}],"version-history":[{"count":0,"href":"https:\/\/now-news.de\/de\/wp-json\/wp\/v2\/posts\/20392\/revisions"}],"wp:featuredmedia":[{"embeddable":true,"href":"https:\/\/now-news.de\/de\/wp-json\/wp\/v2\/media\/20393"}],"wp:attachment":[{"href":"https:\/\/now-news.de\/de\/wp-json\/wp\/v2\/media?parent=20392"}],"wp:term":[{"taxonomy":"category","embeddable":true,"href":"https:\/\/now-news.de\/de\/wp-json\/wp\/v2\/categories?post=20392"},{"taxonomy":"post_tag","embeddable":true,"href":"https:\/\/now-news.de\/de\/wp-json\/wp\/v2\/tags?post=20392"}],"curies":[{"name":"wp","href":"https:\/\/api.w.org\/{rel}","templated":true}]}}