{"id":20386,"date":"2022-10-05T17:14:26","date_gmt":"2022-10-05T15:14:26","guid":{"rendered":"http:\/\/just-now.news\/de\/deutschland\/nrw-landrat-bereitet-sich-auf-stromausfaelle-laenger-als-72-stunden-vor\/"},"modified":"2022-10-05T17:14:26","modified_gmt":"2022-10-05T15:14:26","slug":"nrw-landrat-bereitet-sich-auf-stromausfaelle-laenger-als-72-stunden-vor","status":"publish","type":"post","link":"https:\/\/now-news.de\/de\/deutschland\/nrw-landrat-bereitet-sich-auf-stromausfaelle-laenger-als-72-stunden-vor\/","title":{"rendered":"NRW-Landrat bereitet sich auf &quot;Stromausf\u00e4lle l\u00e4nger als 72 Stunden&quot; vor"},"content":{"rendered":"<p><img decoding=\"async\" src=\"http:\/\/just-now.news\/de\/wp-content\/uploads\/sites\/3\/2022\/10\/633d760ab480cc21d117ee7b.jpg\" \/><\/p>\n<div class=\"Text-root Text-type_1 \">\n                H\u00f6chste Steuern und Stromkosten weltweit: Doch im l\u00e4ngst nicht mehr ausgeschlossenen Fall eines &#8220;Blackouts&#8221; ist der B\u00fcrger gr\u00f6\u00dftenteils auf sich selbst gestellt. Landrat Martin Sommer aus NRW r\u00e4t, sich an die Empfehlungen des Bundesamtes f\u00fcr Bev\u00f6lkerungsschutz zu halten.\n            <\/div>\n<p><\/p>\n<div class=\"Text-root Text-type_5 ArticleView-text ViewText-root \">\n<p>Im Interview mit <em>WELT\u00a0<\/em>gibt sich\u00a0der Landrat des Kreises Steinfurt (Nordrhein-Westfalen), Martin Sommer,\u00a0<a rel=\"nofollow noopener\" target=\"_blank\" href=\"https:\/\/www.welt.de\/politik\/deutschland\/plus241410325\/Blackout-Gefahr-Bereiten-uns-auf-lang-andauernde-Stromausfaelle-vor.html\">alarmiert<\/a>:<\/p>\n<blockquote>\n<p>&#8220;<em>Wir bereiten uns sowohl auf kurzzeitige als auch insbesondere auf lang andauernde Stromausf\u00e4lle vor, die l\u00e4nger als 72 Stunden dauern<\/em>.&#8221;<\/p>\n<\/blockquote>\n<p>Die Energieversorger teilen zwar mit, dass sie einen gro\u00dffl\u00e4chigen Stromausfall nicht f\u00fcr &#8220;\u00fcberwiegend wahrscheinlich&#8221; halten,\u00a0diesen aber auch nicht ausschlie\u00dfen k\u00f6nnen.\u00a0Daher m\u00fcssen die Kommunen\u00a0Planungen f\u00fcr diesen Fall konkretisieren.<\/p>\n<p>Weiterhin betont der parteilose Martin Sommer:\u00a0<em>&#8220;<\/em>Wir haben in einer sehr heilen Welt in Deutschland gelebt. Wir m\u00fcssen die Resilienz der Menschen wieder st\u00e4rken, ganz unabh\u00e4ngig vom Ukraine-Krieg. Es f\u00e4llt schon auf, dass ein nicht unerheblicher Teil der Bev\u00f6lkerung offenbar davon ausgeht, dass der Staat sich um alles k\u00fcmmert und alle Probleme l\u00f6st.&#8221;<\/p>\n<div class=\"EmbedBlock-root EmbedBlock-twitter\">\n<div class=\"TwitterEmbed\">\n<blockquote class=\"twitter-tweet lazyload\" data-twitter=\"twitter-tweet\">\n<p lang=\"de\" dir=\"ltr\">H\u00f6chste Strompreise und Steuern weltweit. Aber wenn wegen der d\u00fcmmsten Regierung aller Zeiten ein Blackout droht, kann der B\u00fcrger sehen wo er bleibt. <a rel=\"nofollow noopener\" target=\"_blank\" href=\"https:\/\/twitter.com\/hashtag\/Blackout?src=hash&amp;ref_src=twsrc%5Etfw\">#Blackout<\/a><a rel=\"nofollow noopener\" target=\"_blank\" href=\"https:\/\/twitter.com\/hashtag\/Energie?src=hash&amp;ref_src=twsrc%5Etfw\">#Energie<\/a><a rel=\"nofollow noopener\" target=\"_blank\" href=\"https:\/\/twitter.com\/hashtag\/Energiekrise?src=hash&amp;ref_src=twsrc%5Etfw\">#Energiekrise<\/a><a rel=\"nofollow noopener\" target=\"_blank\" href=\"https:\/\/twitter.com\/hashtag\/GruenerMist?src=hash&amp;ref_src=twsrc%5Etfw\">#GruenerMist<\/a><a rel=\"nofollow noopener\" target=\"_blank\" href=\"https:\/\/t.co\/HqHgoYFfrI\">https:\/\/t.co\/HqHgoYFfrI<\/a><\/p>\n<p>\u2014 Kaspar Sachse (???????????? geduscht) (@KasparSachse) <a rel=\"nofollow noopener\" target=\"_blank\" href=\"https:\/\/twitter.com\/KasparSachse\/status\/1577603421120634881?ref_src=twsrc%5Etfw\">October 5, 2022<\/a><\/p><\/blockquote>\n<\/div>\n<\/div>\n<p>Die Kommunen\u00a0bereiten derzeit\u00a0ein Netz von sogenannten Katastrophenschutz-Leuchtt\u00fcrmen vor, um im Notfall gewappnet zu sein.\u00a0Die Menschen k\u00f6nnen sich dort zeitweise aufhalten und mit Nahrung, Informationen und sonstigen \u00fcberlebenswichtigen Mitteln versorgt werden. Eine ambulante \u00e4rztliche und Medikamentenversorgung soll auch dazu geh\u00f6ren. Solche &#8220;Leuchtt\u00fcrme lassen sich mit W\u00e4rmeinseln kombinieren&#8221; meint Sommer. Dass diese im Katastrophenfall jedoch nur einen Bruchteil der notleidenden Menschen aufnehmen k\u00f6nnten, bleibt au\u00dfen vor.<\/p>\n<p>Sommer r\u00e4t vielmehr, sich an die Empfehlungen des Bundesamtes f\u00fcr Bev\u00f6lkerungsschutz zu halten.\u00a0Daher sollten Vorr\u00e4te und Trinkwasser f\u00fcr ein paar Tage\u00a0sowie Leuchtmittel im Haushalt vorhanden sein.<\/p>\n<p><strong>Mehr zum Thema<\/strong>\u00a0\u2013\u00a0<a rel=\"nofollow noopener\" target=\"_blank\" href=\"https:\/\/de.rt.com\/inland\/150690-statt-solidaritat-habeck-beklagt-mondpreise\/\">Statt Solidarit\u00e4t: Habeck beklagt &#8220;Mondpreise&#8221; f\u00fcr Gaslieferungen aus befreundeten L\u00e4ndern<\/a><\/p>\n<\/p>\n<\/div>\n<p><script async src=\"https:\/\/platform.twitter.com\/widgets.js\" charset=\"utf-8\"><\/script><br \/>\n<br \/><br \/>\n<br \/><a href=\"https:\/\/de.rt.com\/inland\/150707-nrw-landrat-bereitet-sich-auf-stromausfaelle-vor\/\">Source link <\/a><\/p>\n","protected":false},"excerpt":{"rendered":"<p>H\u00f6chste Steuern und Stromkosten weltweit: Doch im l\u00e4ngst nicht mehr ausgeschlossenen Fall eines &#8220;Blackouts&#8221; ist der B\u00fcrger gr\u00f6\u00dftenteils auf sich selbst gestellt. Landrat Martin Sommer aus NRW r\u00e4t, sich an die Empfehlungen des Bundesamtes f\u00fcr Bev\u00f6lkerungsschutz zu halten. Im Interview mit WELT\u00a0gibt sich\u00a0der Landrat des Kreises Steinfurt (Nordrhein-Westfalen), Martin Sommer,\u00a0alarmiert: &#8220;Wir bereiten uns sowohl auf [&hellip;]<\/p>\n","protected":false},"author":3,"featured_media":20387,"comment_status":"open","ping_status":"open","sticky":false,"template":"","format":"standard","meta":{"wp_automatic_camp":["217"],"2448eb8c8eea66ddd1f8a66209ffd36e":["NRW-Landrat bereitet sich auf &quot;Stromausf\u00e4lle l\u00e4nger als 72 Stunden&quot; vor"],"original_link":["https:\/\/de.rt.com\/inland\/150707-nrw-landrat-bereitet-sich-auf-stromausfaelle-vor\/"],"_thumbnail_id":["20387"],"jnews_social_counter_last_update":["1777411436"]},"categories":[19,23],"tags":[273,133,8549,9431,33873,33874,434,33303,320],"yoast_head":"<!-- This site is optimized with the Yoast SEO Premium plugin v22.7 (Yoast SEO v22.7) - https:\/\/yoast.com\/wordpress\/plugins\/seo\/ -->\n<title>NRW-Landrat bereitet sich auf &quot;Stromausf\u00e4lle l\u00e4nger als 72 Stunden&quot; vor - just-now.NEWS Deutschland<\/title>\n<meta name=\"robots\" content=\"index, follow, max-snippet:-1, max-image-preview:large, max-video-preview:-1\" \/>\n<link rel=\"canonical\" href=\"https:\/\/now-news.de\/de\/deutschland\/nrw-landrat-bereitet-sich-auf-stromausfaelle-laenger-als-72-stunden-vor\/\" \/>\n<meta property=\"og:locale\" content=\"de_DE\" \/>\n<meta property=\"og:type\" content=\"article\" \/>\n<meta property=\"og:title\" content=\"NRW-Landrat bereitet sich auf &quot;Stromausf\u00e4lle l\u00e4nger als 72 Stunden&quot; vor\" \/>\n<meta property=\"og:description\" content=\"H\u00f6chste Steuern und Stromkosten weltweit: Doch im l\u00e4ngst nicht mehr ausgeschlossenen Fall eines &#8220;Blackouts&#8221; ist der B\u00fcrger gr\u00f6\u00dftenteils auf sich selbst gestellt. Landrat Martin Sommer aus NRW r\u00e4t, sich an die Empfehlungen des Bundesamtes f\u00fcr Bev\u00f6lkerungsschutz zu halten. Im Interview mit WELT\u00a0gibt sich\u00a0der Landrat des Kreises Steinfurt (Nordrhein-Westfalen), Martin Sommer,\u00a0alarmiert: &#8220;Wir bereiten uns sowohl auf [&hellip;]\" \/>\n<meta property=\"og:url\" content=\"https:\/\/now-news.de\/de\/deutschland\/nrw-landrat-bereitet-sich-auf-stromausfaelle-laenger-als-72-stunden-vor\/\" \/>\n<meta property=\"og:site_name\" content=\"just-now.NEWS Deutschland\" \/>\n<meta property=\"article:publisher\" content=\"https:\/\/www.facebook.com\/wirmachenauf\" \/>\n<meta property=\"article:published_time\" content=\"2022-10-05T15:14:26+00:00\" \/>\n<meta property=\"og:image\" content=\"https:\/\/now-news.de\/de\/wp-content\/uploads\/sites\/3\/2022\/10\/NRW-Landrat-bereitet-sich-auf-quotStromausfaelle-laenger-als-72-Stundenquot-vor.jpg\" \/>\n\t<meta property=\"og:image:width\" content=\"460\" \/>\n\t<meta property=\"og:image:height\" content=\"259\" \/>\n\t<meta property=\"og:image:type\" content=\"image\/jpeg\" \/>\n<meta name=\"author\" content=\"rtnews\" \/>\n<meta name=\"twitter:card\" content=\"summary_large_image\" \/>\n<meta name=\"twitter:creator\" content=\"@WirMachenAuf_de\" \/>\n<meta name=\"twitter:site\" content=\"@WirMachenAuf_de\" \/>\n<meta name=\"twitter:label1\" content=\"Verfasst von\" \/>\n\t<meta name=\"twitter:data1\" content=\"rtnews\" \/>\n\t<meta name=\"twitter:label2\" content=\"Gesch\u00e4tzte Lesezeit\" \/>\n\t<meta name=\"twitter:data2\" content=\"2\u00a0Minuten\" \/>\n<script type=\"application\/ld+json\" class=\"yoast-schema-graph\">{\"@context\":\"https:\/\/schema.org\",\"@graph\":[{\"@type\":\"Article\",\"@id\":\"https:\/\/now-news.de\/de\/deutschland\/nrw-landrat-bereitet-sich-auf-stromausfaelle-laenger-als-72-stunden-vor\/#article\",\"isPartOf\":{\"@id\":\"https:\/\/now-news.de\/de\/deutschland\/nrw-landrat-bereitet-sich-auf-stromausfaelle-laenger-als-72-stunden-vor\/\"},\"author\":{\"name\":\"rtnews\",\"@id\":\"https:\/\/now-news.de\/de\/#\/schema\/person\/fb534a4e865501d8b3285208df34a9b5\"},\"headline\":\"NRW-Landrat bereitet sich auf &quot;Stromausf\u00e4lle l\u00e4nger als 72 Stunden&quot; vor\",\"datePublished\":\"2022-10-05T15:14:26+00:00\",\"dateModified\":\"2022-10-05T15:14:26+00:00\",\"mainEntityOfPage\":{\"@id\":\"https:\/\/now-news.de\/de\/deutschland\/nrw-landrat-bereitet-sich-auf-stromausfaelle-laenger-als-72-stunden-vor\/\"},\"wordCount\":356,\"commentCount\":0,\"publisher\":{\"@id\":\"https:\/\/now-news.de\/de\/#organization\"},\"image\":{\"@id\":\"https:\/\/now-news.de\/de\/deutschland\/nrw-landrat-bereitet-sich-auf-stromausfaelle-laenger-als-72-stunden-vor\/#primaryimage\"},\"thumbnailUrl\":\"https:\/\/now-news.de\/de\/wp-content\/uploads\/sites\/3\/2022\/10\/NRW-Landrat-bereitet-sich-auf-quotStromausfaelle-laenger-als-72-Stundenquot-vor.jpg\",\"keywords\":[\"als\",\"AUF\",\"bereitet\",\"langer\",\"NRWLandrat\",\"quotStromausf\u00e4lle\",\"sich\",\"Stundenquot\",\"vor\"],\"articleSection\":[\"Deutschland\",\"Russland\"],\"inLanguage\":\"de\",\"potentialAction\":[{\"@type\":\"CommentAction\",\"name\":\"Comment\",\"target\":[\"https:\/\/now-news.de\/de\/deutschland\/nrw-landrat-bereitet-sich-auf-stromausfaelle-laenger-als-72-stunden-vor\/#respond\"]}]},{\"@type\":\"WebPage\",\"@id\":\"https:\/\/now-news.de\/de\/deutschland\/nrw-landrat-bereitet-sich-auf-stromausfaelle-laenger-als-72-stunden-vor\/\",\"url\":\"https:\/\/now-news.de\/de\/deutschland\/nrw-landrat-bereitet-sich-auf-stromausfaelle-laenger-als-72-stunden-vor\/\",\"name\":\"NRW-Landrat bereitet sich auf &quot;Stromausf\u00e4lle l\u00e4nger als 72 Stunden&quot; vor - just-now.NEWS Deutschland\",\"isPartOf\":{\"@id\":\"https:\/\/now-news.de\/de\/#website\"},\"primaryImageOfPage\":{\"@id\":\"https:\/\/now-news.de\/de\/deutschland\/nrw-landrat-bereitet-sich-auf-stromausfaelle-laenger-als-72-stunden-vor\/#primaryimage\"},\"image\":{\"@id\":\"https:\/\/now-news.de\/de\/deutschland\/nrw-landrat-bereitet-sich-auf-stromausfaelle-laenger-als-72-stunden-vor\/#primaryimage\"},\"thumbnailUrl\":\"https:\/\/now-news.de\/de\/wp-content\/uploads\/sites\/3\/2022\/10\/NRW-Landrat-bereitet-sich-auf-quotStromausfaelle-laenger-als-72-Stundenquot-vor.jpg\",\"datePublished\":\"2022-10-05T15:14:26+00:00\",\"dateModified\":\"2022-10-05T15:14:26+00:00\",\"breadcrumb\":{\"@id\":\"https:\/\/now-news.de\/de\/deutschland\/nrw-landrat-bereitet-sich-auf-stromausfaelle-laenger-als-72-stunden-vor\/#breadcrumb\"},\"inLanguage\":\"de\",\"potentialAction\":[{\"@type\":\"ReadAction\",\"target\":[\"https:\/\/now-news.de\/de\/deutschland\/nrw-landrat-bereitet-sich-auf-stromausfaelle-laenger-als-72-stunden-vor\/\"]}]},{\"@type\":\"ImageObject\",\"inLanguage\":\"de\",\"@id\":\"https:\/\/now-news.de\/de\/deutschland\/nrw-landrat-bereitet-sich-auf-stromausfaelle-laenger-als-72-stunden-vor\/#primaryimage\",\"url\":\"https:\/\/now-news.de\/de\/wp-content\/uploads\/sites\/3\/2022\/10\/NRW-Landrat-bereitet-sich-auf-quotStromausfaelle-laenger-als-72-Stundenquot-vor.jpg\",\"contentUrl\":\"https:\/\/now-news.de\/de\/wp-content\/uploads\/sites\/3\/2022\/10\/NRW-Landrat-bereitet-sich-auf-quotStromausfaelle-laenger-als-72-Stundenquot-vor.jpg\",\"width\":460,\"height\":259,\"caption\":\"NRW-Landrat bereitet sich auf &quot;Stromausf\u00e4lle l\u00e4nger als 72 Stunden&quot; vor\"},{\"@type\":\"BreadcrumbList\",\"@id\":\"https:\/\/now-news.de\/de\/deutschland\/nrw-landrat-bereitet-sich-auf-stromausfaelle-laenger-als-72-stunden-vor\/#breadcrumb\",\"itemListElement\":[{\"@type\":\"ListItem\",\"position\":1,\"name\":\"Home\",\"item\":\"https:\/\/now-news.de\/de\/\"},{\"@type\":\"ListItem\",\"position\":2,\"name\":\"NRW-Landrat bereitet sich auf &quot;Stromausf\u00e4lle l\u00e4nger als 72 Stunden&quot; vor\"}]},{\"@type\":\"WebSite\",\"@id\":\"https:\/\/now-news.de\/de\/#website\",\"url\":\"https:\/\/now-news.de\/de\/\",\"name\":\"just-now.NEWS Deutschland\",\"description\":\"Das Portal f\u00fcr unzensierte Nachrichten aus der Welt\",\"publisher\":{\"@id\":\"https:\/\/now-news.de\/de\/#organization\"},\"potentialAction\":[{\"@type\":\"SearchAction\",\"target\":{\"@type\":\"EntryPoint\",\"urlTemplate\":\"https:\/\/now-news.de\/de\/?s={search_term_string}\"},\"query-input\":\"required name=search_term_string\"}],\"inLanguage\":\"de\"},{\"@type\":\"Organization\",\"@id\":\"https:\/\/now-news.de\/de\/#organization\",\"name\":\"Just Now News\",\"url\":\"https:\/\/now-news.de\/de\/\",\"logo\":{\"@type\":\"ImageObject\",\"inLanguage\":\"de\",\"@id\":\"https:\/\/now-news.de\/de\/#\/schema\/logo\/image\/\",\"url\":\"http:\/\/just-now.news\/de\/wp-content\/uploads\/sites\/3\/2022\/04\/logo500x500.jpg\",\"contentUrl\":\"http:\/\/just-now.news\/de\/wp-content\/uploads\/sites\/3\/2022\/04\/logo500x500.jpg\",\"width\":500,\"height\":500,\"caption\":\"Just Now News\"},\"image\":{\"@id\":\"https:\/\/now-news.de\/de\/#\/schema\/logo\/image\/\"},\"sameAs\":[\"https:\/\/www.facebook.com\/wirmachenauf\",\"https:\/\/x.com\/WirMachenAuf_de\"]},{\"@type\":\"Person\",\"@id\":\"https:\/\/now-news.de\/de\/#\/schema\/person\/fb534a4e865501d8b3285208df34a9b5\",\"name\":\"rtnews\",\"image\":{\"@type\":\"ImageObject\",\"inLanguage\":\"de\",\"@id\":\"https:\/\/now-news.de\/de\/#\/schema\/person\/image\/\",\"url\":\"https:\/\/secure.gravatar.com\/avatar\/82aafea7d8127119dd649515f56e2117?s=96&d=mm&r=g\",\"contentUrl\":\"https:\/\/secure.gravatar.com\/avatar\/82aafea7d8127119dd649515f56e2117?s=96&d=mm&r=g\",\"caption\":\"rtnews\"},\"url\":\"https:\/\/now-news.de\/de\/author\/rnews\/\"}]}<\/script>\n<!-- \/ Yoast SEO Premium plugin. -->","yoast_head_json":{"title":"NRW-Landrat bereitet sich auf &quot;Stromausf\u00e4lle l\u00e4nger als 72 Stunden&quot; vor - just-now.NEWS Deutschland","robots":{"index":"index","follow":"follow","max-snippet":"max-snippet:-1","max-image-preview":"max-image-preview:large","max-video-preview":"max-video-preview:-1"},"canonical":"https:\/\/now-news.de\/de\/deutschland\/nrw-landrat-bereitet-sich-auf-stromausfaelle-laenger-als-72-stunden-vor\/","og_locale":"de_DE","og_type":"article","og_title":"NRW-Landrat bereitet sich auf &quot;Stromausf\u00e4lle l\u00e4nger als 72 Stunden&quot; vor","og_description":"H\u00f6chste Steuern und Stromkosten weltweit: Doch im l\u00e4ngst nicht mehr ausgeschlossenen Fall eines &#8220;Blackouts&#8221; ist der B\u00fcrger gr\u00f6\u00dftenteils auf sich selbst gestellt. Landrat Martin Sommer aus NRW r\u00e4t, sich an die Empfehlungen des Bundesamtes f\u00fcr Bev\u00f6lkerungsschutz zu halten. Im Interview mit WELT\u00a0gibt sich\u00a0der Landrat des Kreises Steinfurt (Nordrhein-Westfalen), Martin Sommer,\u00a0alarmiert: &#8220;Wir bereiten uns sowohl auf [&hellip;]","og_url":"https:\/\/now-news.de\/de\/deutschland\/nrw-landrat-bereitet-sich-auf-stromausfaelle-laenger-als-72-stunden-vor\/","og_site_name":"just-now.NEWS Deutschland","article_publisher":"https:\/\/www.facebook.com\/wirmachenauf","article_published_time":"2022-10-05T15:14:26+00:00","og_image":[{"width":460,"height":259,"url":"https:\/\/now-news.de\/de\/wp-content\/uploads\/sites\/3\/2022\/10\/NRW-Landrat-bereitet-sich-auf-quotStromausfaelle-laenger-als-72-Stundenquot-vor.jpg","type":"image\/jpeg"}],"author":"rtnews","twitter_card":"summary_large_image","twitter_creator":"@WirMachenAuf_de","twitter_site":"@WirMachenAuf_de","twitter_misc":{"Verfasst von":"rtnews","Gesch\u00e4tzte Lesezeit":"2\u00a0Minuten"},"schema":{"@context":"https:\/\/schema.org","@graph":[{"@type":"Article","@id":"https:\/\/now-news.de\/de\/deutschland\/nrw-landrat-bereitet-sich-auf-stromausfaelle-laenger-als-72-stunden-vor\/#article","isPartOf":{"@id":"https:\/\/now-news.de\/de\/deutschland\/nrw-landrat-bereitet-sich-auf-stromausfaelle-laenger-als-72-stunden-vor\/"},"author":{"name":"rtnews","@id":"https:\/\/now-news.de\/de\/#\/schema\/person\/fb534a4e865501d8b3285208df34a9b5"},"headline":"NRW-Landrat bereitet sich auf &quot;Stromausf\u00e4lle l\u00e4nger als 72 Stunden&quot; vor","datePublished":"2022-10-05T15:14:26+00:00","dateModified":"2022-10-05T15:14:26+00:00","mainEntityOfPage":{"@id":"https:\/\/now-news.de\/de\/deutschland\/nrw-landrat-bereitet-sich-auf-stromausfaelle-laenger-als-72-stunden-vor\/"},"wordCount":356,"commentCount":0,"publisher":{"@id":"https:\/\/now-news.de\/de\/#organization"},"image":{"@id":"https:\/\/now-news.de\/de\/deutschland\/nrw-landrat-bereitet-sich-auf-stromausfaelle-laenger-als-72-stunden-vor\/#primaryimage"},"thumbnailUrl":"https:\/\/now-news.de\/de\/wp-content\/uploads\/sites\/3\/2022\/10\/NRW-Landrat-bereitet-sich-auf-quotStromausfaelle-laenger-als-72-Stundenquot-vor.jpg","keywords":["als","AUF","bereitet","langer","NRWLandrat","quotStromausf\u00e4lle","sich","Stundenquot","vor"],"articleSection":["Deutschland","Russland"],"inLanguage":"de","potentialAction":[{"@type":"CommentAction","name":"Comment","target":["https:\/\/now-news.de\/de\/deutschland\/nrw-landrat-bereitet-sich-auf-stromausfaelle-laenger-als-72-stunden-vor\/#respond"]}]},{"@type":"WebPage","@id":"https:\/\/now-news.de\/de\/deutschland\/nrw-landrat-bereitet-sich-auf-stromausfaelle-laenger-als-72-stunden-vor\/","url":"https:\/\/now-news.de\/de\/deutschland\/nrw-landrat-bereitet-sich-auf-stromausfaelle-laenger-als-72-stunden-vor\/","name":"NRW-Landrat bereitet sich auf &quot;Stromausf\u00e4lle l\u00e4nger als 72 Stunden&quot; vor - just-now.NEWS Deutschland","isPartOf":{"@id":"https:\/\/now-news.de\/de\/#website"},"primaryImageOfPage":{"@id":"https:\/\/now-news.de\/de\/deutschland\/nrw-landrat-bereitet-sich-auf-stromausfaelle-laenger-als-72-stunden-vor\/#primaryimage"},"image":{"@id":"https:\/\/now-news.de\/de\/deutschland\/nrw-landrat-bereitet-sich-auf-stromausfaelle-laenger-als-72-stunden-vor\/#primaryimage"},"thumbnailUrl":"https:\/\/now-news.de\/de\/wp-content\/uploads\/sites\/3\/2022\/10\/NRW-Landrat-bereitet-sich-auf-quotStromausfaelle-laenger-als-72-Stundenquot-vor.jpg","datePublished":"2022-10-05T15:14:26+00:00","dateModified":"2022-10-05T15:14:26+00:00","breadcrumb":{"@id":"https:\/\/now-news.de\/de\/deutschland\/nrw-landrat-bereitet-sich-auf-stromausfaelle-laenger-als-72-stunden-vor\/#breadcrumb"},"inLanguage":"de","potentialAction":[{"@type":"ReadAction","target":["https:\/\/now-news.de\/de\/deutschland\/nrw-landrat-bereitet-sich-auf-stromausfaelle-laenger-als-72-stunden-vor\/"]}]},{"@type":"ImageObject","inLanguage":"de","@id":"https:\/\/now-news.de\/de\/deutschland\/nrw-landrat-bereitet-sich-auf-stromausfaelle-laenger-als-72-stunden-vor\/#primaryimage","url":"https:\/\/now-news.de\/de\/wp-content\/uploads\/sites\/3\/2022\/10\/NRW-Landrat-bereitet-sich-auf-quotStromausfaelle-laenger-als-72-Stundenquot-vor.jpg","contentUrl":"https:\/\/now-news.de\/de\/wp-content\/uploads\/sites\/3\/2022\/10\/NRW-Landrat-bereitet-sich-auf-quotStromausfaelle-laenger-als-72-Stundenquot-vor.jpg","width":460,"height":259,"caption":"NRW-Landrat bereitet sich auf &quot;Stromausf\u00e4lle l\u00e4nger als 72 Stunden&quot; vor"},{"@type":"BreadcrumbList","@id":"https:\/\/now-news.de\/de\/deutschland\/nrw-landrat-bereitet-sich-auf-stromausfaelle-laenger-als-72-stunden-vor\/#breadcrumb","itemListElement":[{"@type":"ListItem","position":1,"name":"Home","item":"https:\/\/now-news.de\/de\/"},{"@type":"ListItem","position":2,"name":"NRW-Landrat bereitet sich auf &quot;Stromausf\u00e4lle l\u00e4nger als 72 Stunden&quot; vor"}]},{"@type":"WebSite","@id":"https:\/\/now-news.de\/de\/#website","url":"https:\/\/now-news.de\/de\/","name":"just-now.NEWS Deutschland","description":"Das Portal f\u00fcr unzensierte Nachrichten aus der Welt","publisher":{"@id":"https:\/\/now-news.de\/de\/#organization"},"potentialAction":[{"@type":"SearchAction","target":{"@type":"EntryPoint","urlTemplate":"https:\/\/now-news.de\/de\/?s={search_term_string}"},"query-input":"required name=search_term_string"}],"inLanguage":"de"},{"@type":"Organization","@id":"https:\/\/now-news.de\/de\/#organization","name":"Just Now News","url":"https:\/\/now-news.de\/de\/","logo":{"@type":"ImageObject","inLanguage":"de","@id":"https:\/\/now-news.de\/de\/#\/schema\/logo\/image\/","url":"http:\/\/just-now.news\/de\/wp-content\/uploads\/sites\/3\/2022\/04\/logo500x500.jpg","contentUrl":"http:\/\/just-now.news\/de\/wp-content\/uploads\/sites\/3\/2022\/04\/logo500x500.jpg","width":500,"height":500,"caption":"Just Now News"},"image":{"@id":"https:\/\/now-news.de\/de\/#\/schema\/logo\/image\/"},"sameAs":["https:\/\/www.facebook.com\/wirmachenauf","https:\/\/x.com\/WirMachenAuf_de"]},{"@type":"Person","@id":"https:\/\/now-news.de\/de\/#\/schema\/person\/fb534a4e865501d8b3285208df34a9b5","name":"rtnews","image":{"@type":"ImageObject","inLanguage":"de","@id":"https:\/\/now-news.de\/de\/#\/schema\/person\/image\/","url":"https:\/\/secure.gravatar.com\/avatar\/82aafea7d8127119dd649515f56e2117?s=96&d=mm&r=g","contentUrl":"https:\/\/secure.gravatar.com\/avatar\/82aafea7d8127119dd649515f56e2117?s=96&d=mm&r=g","caption":"rtnews"},"url":"https:\/\/now-news.de\/de\/author\/rnews\/"}]}},"_links":{"self":[{"href":"https:\/\/now-news.de\/de\/wp-json\/wp\/v2\/posts\/20386"}],"collection":[{"href":"https:\/\/now-news.de\/de\/wp-json\/wp\/v2\/posts"}],"about":[{"href":"https:\/\/now-news.de\/de\/wp-json\/wp\/v2\/types\/post"}],"author":[{"embeddable":true,"href":"https:\/\/now-news.de\/de\/wp-json\/wp\/v2\/users\/3"}],"replies":[{"embeddable":true,"href":"https:\/\/now-news.de\/de\/wp-json\/wp\/v2\/comments?post=20386"}],"version-history":[{"count":0,"href":"https:\/\/now-news.de\/de\/wp-json\/wp\/v2\/posts\/20386\/revisions"}],"wp:featuredmedia":[{"embeddable":true,"href":"https:\/\/now-news.de\/de\/wp-json\/wp\/v2\/media\/20387"}],"wp:attachment":[{"href":"https:\/\/now-news.de\/de\/wp-json\/wp\/v2\/media?parent=20386"}],"wp:term":[{"taxonomy":"category","embeddable":true,"href":"https:\/\/now-news.de\/de\/wp-json\/wp\/v2\/categories?post=20386"},{"taxonomy":"post_tag","embeddable":true,"href":"https:\/\/now-news.de\/de\/wp-json\/wp\/v2\/tags?post=20386"}],"curies":[{"name":"wp","href":"https:\/\/api.w.org\/{rel}","templated":true}]}}