{"id":20363,"date":"2022-10-05T12:52:30","date_gmt":"2022-10-05T10:52:30","guid":{"rendered":"http:\/\/just-now.news\/de\/deutschland\/medienbericht-eu-einigt-sich-auf-preisdeckel-fuer-russisches-oel\/"},"modified":"2022-10-05T12:52:30","modified_gmt":"2022-10-05T10:52:30","slug":"medienbericht-eu-einigt-sich-auf-preisdeckel-fuer-russisches-oel","status":"publish","type":"post","link":"https:\/\/now-news.de\/de\/deutschland\/medienbericht-eu-einigt-sich-auf-preisdeckel-fuer-russisches-oel\/","title":{"rendered":"Medienbericht: EU einigt sich auf Preisdeckel f\u00fcr russisches \u00d6l"},"content":{"rendered":"<p><img decoding=\"async\" src=\"http:\/\/just-now.news\/de\/wp-content\/uploads\/sites\/3\/2022\/10\/633d5af1b480cc449572a05b.jpg\" \/><\/p>\n<p>Die EU hat sich vorl\u00e4ufig darauf geeinigt, eine Preisobergrenze f\u00fcr den Verkauf von russischem \u00d6l an Drittl\u00e4nder einzuf\u00fchren, berichtete das Magazin <em>Politico<\/em>\u00a0am Dienstag unter Berufung auf diplomatische Quellen. Zypern, Griechenland und Malta hatten zuvor Bedenken wegen der m\u00f6glichen Auswirkungen auf ihre Schifffahrtsindustrien angemeldet, bekamen aber offenbar Zugest\u00e4ndnisse zugesagt.<\/p>\n<p>Die Preisobergrenze ist Teil einer achten Runde von Anti-Russland-Sanktionen, die Br\u00fcssel voraussichtlich noch in dieser Woche unter Hinweis auf den Konflikt in der Ukraine einf\u00fchren will. Die EU-Botschafter erzielten am Dienstag eine Einigung und wollen den endg\u00fcltigen Text am Mittwoch verabschieden, berichtete <em>Politico<\/em> unter Berufung auf sieben Diplomaten, die alle anonym bleiben wollten.<\/p>\n<p>Die Einzelheiten der Sanktionen m\u00fcssen noch schriftlich best\u00e4tigt werden, und es bestehe eine &#8220;begrenzte&#8221; Chance, dass die Einigung noch scheitern k\u00f6nnte, so eine Quelle. Die drei Mittelmeeranrainerstaaten waren Berichten zufolge besorgt \u00fcber die Auswirkungen der Beschr\u00e4nkungen auf ihre Handelsschifffahrt.\u00a0Doch Br\u00fcssel bot &#8220;Zugest\u00e4ndnisse&#8221; in Form eines &#8220;\u00dcberwachungssystems&#8221; an, das Ma\u00dfnahmen zur Abmilderung der Auswirkungen des Embargos ausl\u00f6sen w\u00fcrde, falls es aufgrund von Praktiken wie dem Umflaggen von Handelsschiffen zu &#8220;erheblichen Gesch\u00e4ftseinbu\u00dfen&#8221; k\u00e4me.<\/p>\n<p><strong>Preis\u00a0f\u00fcr\u00a0Obergrenze noch nicht festgelegt<\/strong><\/p>\n<p>Die EU hat bereits die Einfuhr von Kohle aus Russland verboten, und ein \u00d6lembargo soll im Dezember in Kraft treten. Die Preisobergrenze zielt darauf ab, Moskaus Erd\u00f6lexporte in Drittl\u00e4nder mit in der EU registrierten Schiffen zu blockieren, da die EU bereits alle russischen Schiffe mit Sanktionen belegt hat. Ungarn teilte unterdessen mit, es habe die Zusicherung erhalten, dass die Preisobergrenze nicht f\u00fcr \u00fcber Pipelines geliefertes \u00d6l gelten werde.<\/p>\n<p>Die Russland-Sanktionen der USA und ihrer Verb\u00fcndeten haben zu einem sprunghaften Anstieg der \u00d6lpreise gef\u00fchrt, sodass Russland mehr Einnahmen aus den Exporten generiert als vor dem Embargo. Mit der von der G7 vorgeschlagenen Preisobergrenze soll dies neutralisiert werden. Dem Vorschlag zufolge sollen sich EU-Schiffe weigern, russisches \u00d6l zu transportieren, wenn der Preis \u00fcber der Obergrenze liegt, deren Wert noch nicht festgelegt wurde.<\/p>\n<p>Die Sanktionen haben auch dazu gef\u00fchrt, dass die EU mit schweren Energieengp\u00e4ssen zu k\u00e4mpfen hat. Die Staats- und Regierungschefs der EU haben jedoch immer wieder erkl\u00e4rt, die Ukraine auf unbestimmte Zeit zu unterst\u00fctzen, egal was passiert.<\/p>\n<p>Moskau hat deutlich gemacht, dass es sich nicht an die Preisobergrenzen halten wird. Der stellvertretende Ministerpr\u00e4sident Alexander Nowak warnte, dass Russland sich einfach weigern werde, Treibstoff an L\u00e4nder zu verkaufen, die versuchen, die Preisobergrenzen durchzusetzen oder sich daran zu halten.<\/p>\n<p><strong>Mehr zum Thema<\/strong> \u2013 <a rel=\"nofollow noopener\" target=\"_blank\" href=\"https:\/\/de.rt.com\/meinung\/150285-weltgendarm-usa-gegen-undemokratische-kontrolle-russlands-ueber-seine-ressourcen\/\">Weltgendarm USA: Feind ist, wer seine Ressourcen &#8220;undemokratisch kontrolliert&#8221;<\/a><\/p>\n<p><br \/>\n<br \/><a href=\"https:\/\/de.rt.com\/international\/150704-medienbericht-eu-einigt-sich-auf-preisdeckel-fuer-russisches-oel\/\">Source link <\/a><\/p>\n","protected":false},"excerpt":{"rendered":"<p>Die EU hat sich vorl\u00e4ufig darauf geeinigt, eine Preisobergrenze f\u00fcr den Verkauf von russischem \u00d6l an Drittl\u00e4nder einzuf\u00fchren, berichtete das Magazin Politico\u00a0am Dienstag unter Berufung auf diplomatische Quellen. Zypern, Griechenland und Malta hatten zuvor Bedenken wegen der m\u00f6glichen Auswirkungen auf ihre Schifffahrtsindustrien angemeldet, bekamen aber offenbar Zugest\u00e4ndnisse zugesagt. Die Preisobergrenze ist Teil einer achten Runde [&hellip;]<\/p>\n","protected":false},"author":3,"featured_media":20364,"comment_status":"open","ping_status":"open","sticky":false,"template":"","format":"standard","meta":{"wp_automatic_camp":["217"],"e7fd14c7312a5c9c71a9bec6feb91b0a":["Medienbericht: EU einigt sich auf Preisdeckel f\u00fcr russisches \u00d6l"],"original_link":["https:\/\/de.rt.com\/international\/150704-medienbericht-eu-einigt-sich-auf-preisdeckel-fuer-russisches-oel\/"],"_thumbnail_id":["20364"],"jnews_social_counter_last_update":["1777318558"]},"categories":[19,23],"tags":[133,28447,221,869,797,32156,795,434],"yoast_head":"<!-- This site is optimized with the Yoast SEO Premium plugin v22.7 (Yoast SEO v22.7) - https:\/\/yoast.com\/wordpress\/plugins\/seo\/ -->\n<title>Medienbericht: EU einigt sich auf Preisdeckel f\u00fcr russisches \u00d6l - just-now.NEWS Deutschland<\/title>\n<meta name=\"robots\" content=\"index, follow, max-snippet:-1, max-image-preview:large, max-video-preview:-1\" \/>\n<link rel=\"canonical\" href=\"https:\/\/now-news.de\/de\/deutschland\/medienbericht-eu-einigt-sich-auf-preisdeckel-fuer-russisches-oel\/\" \/>\n<meta property=\"og:locale\" content=\"de_DE\" \/>\n<meta property=\"og:type\" content=\"article\" \/>\n<meta property=\"og:title\" content=\"Medienbericht: EU einigt sich auf Preisdeckel f\u00fcr russisches \u00d6l\" \/>\n<meta property=\"og:description\" content=\"Die EU hat sich vorl\u00e4ufig darauf geeinigt, eine Preisobergrenze f\u00fcr den Verkauf von russischem \u00d6l an Drittl\u00e4nder einzuf\u00fchren, berichtete das Magazin Politico\u00a0am Dienstag unter Berufung auf diplomatische Quellen. Zypern, Griechenland und Malta hatten zuvor Bedenken wegen der m\u00f6glichen Auswirkungen auf ihre Schifffahrtsindustrien angemeldet, bekamen aber offenbar Zugest\u00e4ndnisse zugesagt. Die Preisobergrenze ist Teil einer achten Runde [&hellip;]\" \/>\n<meta property=\"og:url\" content=\"https:\/\/now-news.de\/de\/deutschland\/medienbericht-eu-einigt-sich-auf-preisdeckel-fuer-russisches-oel\/\" \/>\n<meta property=\"og:site_name\" content=\"just-now.NEWS Deutschland\" \/>\n<meta property=\"article:publisher\" content=\"https:\/\/www.facebook.com\/wirmachenauf\" \/>\n<meta property=\"article:published_time\" content=\"2022-10-05T10:52:30+00:00\" \/>\n<meta property=\"og:image\" content=\"https:\/\/now-news.de\/de\/wp-content\/uploads\/sites\/3\/2022\/10\/Medienbericht-EU-einigt-sich-auf-Preisdeckel-fuer-russisches-Oel.jpg\" \/>\n\t<meta property=\"og:image:width\" content=\"460\" \/>\n\t<meta property=\"og:image:height\" content=\"259\" \/>\n\t<meta property=\"og:image:type\" content=\"image\/jpeg\" \/>\n<meta name=\"author\" content=\"rtnews\" \/>\n<meta name=\"twitter:card\" content=\"summary_large_image\" \/>\n<meta name=\"twitter:creator\" content=\"@WirMachenAuf_de\" \/>\n<meta name=\"twitter:site\" content=\"@WirMachenAuf_de\" \/>\n<meta name=\"twitter:label1\" content=\"Verfasst von\" \/>\n\t<meta name=\"twitter:data1\" content=\"rtnews\" \/>\n\t<meta name=\"twitter:label2\" content=\"Gesch\u00e4tzte Lesezeit\" \/>\n\t<meta name=\"twitter:data2\" content=\"2\u00a0Minuten\" \/>\n<script type=\"application\/ld+json\" class=\"yoast-schema-graph\">{\"@context\":\"https:\/\/schema.org\",\"@graph\":[{\"@type\":\"Article\",\"@id\":\"https:\/\/now-news.de\/de\/deutschland\/medienbericht-eu-einigt-sich-auf-preisdeckel-fuer-russisches-oel\/#article\",\"isPartOf\":{\"@id\":\"https:\/\/now-news.de\/de\/deutschland\/medienbericht-eu-einigt-sich-auf-preisdeckel-fuer-russisches-oel\/\"},\"author\":{\"name\":\"rtnews\",\"@id\":\"https:\/\/now-news.de\/de\/#\/schema\/person\/fb534a4e865501d8b3285208df34a9b5\"},\"headline\":\"Medienbericht: EU einigt sich auf Preisdeckel f\u00fcr russisches \u00d6l\",\"datePublished\":\"2022-10-05T10:52:30+00:00\",\"dateModified\":\"2022-10-05T10:52:30+00:00\",\"mainEntityOfPage\":{\"@id\":\"https:\/\/now-news.de\/de\/deutschland\/medienbericht-eu-einigt-sich-auf-preisdeckel-fuer-russisches-oel\/\"},\"wordCount\":445,\"commentCount\":0,\"publisher\":{\"@id\":\"https:\/\/now-news.de\/de\/#organization\"},\"image\":{\"@id\":\"https:\/\/now-news.de\/de\/deutschland\/medienbericht-eu-einigt-sich-auf-preisdeckel-fuer-russisches-oel\/#primaryimage\"},\"thumbnailUrl\":\"https:\/\/now-news.de\/de\/wp-content\/uploads\/sites\/3\/2022\/10\/Medienbericht-EU-einigt-sich-auf-Preisdeckel-fuer-russisches-Oel.jpg\",\"keywords\":[\"AUF\",\"einigt\",\"f\u00fcr\",\"Medienbericht\",\"\u00d6l\",\"Preisdeckel\",\"Russisches\",\"sich\"],\"articleSection\":[\"Deutschland\",\"Russland\"],\"inLanguage\":\"de\",\"potentialAction\":[{\"@type\":\"CommentAction\",\"name\":\"Comment\",\"target\":[\"https:\/\/now-news.de\/de\/deutschland\/medienbericht-eu-einigt-sich-auf-preisdeckel-fuer-russisches-oel\/#respond\"]}]},{\"@type\":\"WebPage\",\"@id\":\"https:\/\/now-news.de\/de\/deutschland\/medienbericht-eu-einigt-sich-auf-preisdeckel-fuer-russisches-oel\/\",\"url\":\"https:\/\/now-news.de\/de\/deutschland\/medienbericht-eu-einigt-sich-auf-preisdeckel-fuer-russisches-oel\/\",\"name\":\"Medienbericht: EU einigt sich auf Preisdeckel f\u00fcr russisches \u00d6l - just-now.NEWS Deutschland\",\"isPartOf\":{\"@id\":\"https:\/\/now-news.de\/de\/#website\"},\"primaryImageOfPage\":{\"@id\":\"https:\/\/now-news.de\/de\/deutschland\/medienbericht-eu-einigt-sich-auf-preisdeckel-fuer-russisches-oel\/#primaryimage\"},\"image\":{\"@id\":\"https:\/\/now-news.de\/de\/deutschland\/medienbericht-eu-einigt-sich-auf-preisdeckel-fuer-russisches-oel\/#primaryimage\"},\"thumbnailUrl\":\"https:\/\/now-news.de\/de\/wp-content\/uploads\/sites\/3\/2022\/10\/Medienbericht-EU-einigt-sich-auf-Preisdeckel-fuer-russisches-Oel.jpg\",\"datePublished\":\"2022-10-05T10:52:30+00:00\",\"dateModified\":\"2022-10-05T10:52:30+00:00\",\"breadcrumb\":{\"@id\":\"https:\/\/now-news.de\/de\/deutschland\/medienbericht-eu-einigt-sich-auf-preisdeckel-fuer-russisches-oel\/#breadcrumb\"},\"inLanguage\":\"de\",\"potentialAction\":[{\"@type\":\"ReadAction\",\"target\":[\"https:\/\/now-news.de\/de\/deutschland\/medienbericht-eu-einigt-sich-auf-preisdeckel-fuer-russisches-oel\/\"]}]},{\"@type\":\"ImageObject\",\"inLanguage\":\"de\",\"@id\":\"https:\/\/now-news.de\/de\/deutschland\/medienbericht-eu-einigt-sich-auf-preisdeckel-fuer-russisches-oel\/#primaryimage\",\"url\":\"https:\/\/now-news.de\/de\/wp-content\/uploads\/sites\/3\/2022\/10\/Medienbericht-EU-einigt-sich-auf-Preisdeckel-fuer-russisches-Oel.jpg\",\"contentUrl\":\"https:\/\/now-news.de\/de\/wp-content\/uploads\/sites\/3\/2022\/10\/Medienbericht-EU-einigt-sich-auf-Preisdeckel-fuer-russisches-Oel.jpg\",\"width\":460,\"height\":259,\"caption\":\"Medienbericht: EU einigt sich auf Preisdeckel f\u00fcr russisches \u00d6l\"},{\"@type\":\"BreadcrumbList\",\"@id\":\"https:\/\/now-news.de\/de\/deutschland\/medienbericht-eu-einigt-sich-auf-preisdeckel-fuer-russisches-oel\/#breadcrumb\",\"itemListElement\":[{\"@type\":\"ListItem\",\"position\":1,\"name\":\"Home\",\"item\":\"https:\/\/now-news.de\/de\/\"},{\"@type\":\"ListItem\",\"position\":2,\"name\":\"Medienbericht: EU einigt sich auf Preisdeckel f\u00fcr russisches \u00d6l\"}]},{\"@type\":\"WebSite\",\"@id\":\"https:\/\/now-news.de\/de\/#website\",\"url\":\"https:\/\/now-news.de\/de\/\",\"name\":\"just-now.NEWS Deutschland\",\"description\":\"Das Portal f\u00fcr unzensierte Nachrichten aus der Welt\",\"publisher\":{\"@id\":\"https:\/\/now-news.de\/de\/#organization\"},\"potentialAction\":[{\"@type\":\"SearchAction\",\"target\":{\"@type\":\"EntryPoint\",\"urlTemplate\":\"https:\/\/now-news.de\/de\/?s={search_term_string}\"},\"query-input\":\"required name=search_term_string\"}],\"inLanguage\":\"de\"},{\"@type\":\"Organization\",\"@id\":\"https:\/\/now-news.de\/de\/#organization\",\"name\":\"Just Now News\",\"url\":\"https:\/\/now-news.de\/de\/\",\"logo\":{\"@type\":\"ImageObject\",\"inLanguage\":\"de\",\"@id\":\"https:\/\/now-news.de\/de\/#\/schema\/logo\/image\/\",\"url\":\"http:\/\/just-now.news\/de\/wp-content\/uploads\/sites\/3\/2022\/04\/logo500x500.jpg\",\"contentUrl\":\"http:\/\/just-now.news\/de\/wp-content\/uploads\/sites\/3\/2022\/04\/logo500x500.jpg\",\"width\":500,\"height\":500,\"caption\":\"Just Now News\"},\"image\":{\"@id\":\"https:\/\/now-news.de\/de\/#\/schema\/logo\/image\/\"},\"sameAs\":[\"https:\/\/www.facebook.com\/wirmachenauf\",\"https:\/\/x.com\/WirMachenAuf_de\"]},{\"@type\":\"Person\",\"@id\":\"https:\/\/now-news.de\/de\/#\/schema\/person\/fb534a4e865501d8b3285208df34a9b5\",\"name\":\"rtnews\",\"image\":{\"@type\":\"ImageObject\",\"inLanguage\":\"de\",\"@id\":\"https:\/\/now-news.de\/de\/#\/schema\/person\/image\/\",\"url\":\"https:\/\/secure.gravatar.com\/avatar\/82aafea7d8127119dd649515f56e2117?s=96&d=mm&r=g\",\"contentUrl\":\"https:\/\/secure.gravatar.com\/avatar\/82aafea7d8127119dd649515f56e2117?s=96&d=mm&r=g\",\"caption\":\"rtnews\"},\"url\":\"https:\/\/now-news.de\/de\/author\/rnews\/\"}]}<\/script>\n<!-- \/ Yoast SEO Premium plugin. -->","yoast_head_json":{"title":"Medienbericht: EU einigt sich auf Preisdeckel f\u00fcr russisches \u00d6l - just-now.NEWS Deutschland","robots":{"index":"index","follow":"follow","max-snippet":"max-snippet:-1","max-image-preview":"max-image-preview:large","max-video-preview":"max-video-preview:-1"},"canonical":"https:\/\/now-news.de\/de\/deutschland\/medienbericht-eu-einigt-sich-auf-preisdeckel-fuer-russisches-oel\/","og_locale":"de_DE","og_type":"article","og_title":"Medienbericht: EU einigt sich auf Preisdeckel f\u00fcr russisches \u00d6l","og_description":"Die EU hat sich vorl\u00e4ufig darauf geeinigt, eine Preisobergrenze f\u00fcr den Verkauf von russischem \u00d6l an Drittl\u00e4nder einzuf\u00fchren, berichtete das Magazin Politico\u00a0am Dienstag unter Berufung auf diplomatische Quellen. Zypern, Griechenland und Malta hatten zuvor Bedenken wegen der m\u00f6glichen Auswirkungen auf ihre Schifffahrtsindustrien angemeldet, bekamen aber offenbar Zugest\u00e4ndnisse zugesagt. Die Preisobergrenze ist Teil einer achten Runde [&hellip;]","og_url":"https:\/\/now-news.de\/de\/deutschland\/medienbericht-eu-einigt-sich-auf-preisdeckel-fuer-russisches-oel\/","og_site_name":"just-now.NEWS Deutschland","article_publisher":"https:\/\/www.facebook.com\/wirmachenauf","article_published_time":"2022-10-05T10:52:30+00:00","og_image":[{"width":460,"height":259,"url":"https:\/\/now-news.de\/de\/wp-content\/uploads\/sites\/3\/2022\/10\/Medienbericht-EU-einigt-sich-auf-Preisdeckel-fuer-russisches-Oel.jpg","type":"image\/jpeg"}],"author":"rtnews","twitter_card":"summary_large_image","twitter_creator":"@WirMachenAuf_de","twitter_site":"@WirMachenAuf_de","twitter_misc":{"Verfasst von":"rtnews","Gesch\u00e4tzte Lesezeit":"2\u00a0Minuten"},"schema":{"@context":"https:\/\/schema.org","@graph":[{"@type":"Article","@id":"https:\/\/now-news.de\/de\/deutschland\/medienbericht-eu-einigt-sich-auf-preisdeckel-fuer-russisches-oel\/#article","isPartOf":{"@id":"https:\/\/now-news.de\/de\/deutschland\/medienbericht-eu-einigt-sich-auf-preisdeckel-fuer-russisches-oel\/"},"author":{"name":"rtnews","@id":"https:\/\/now-news.de\/de\/#\/schema\/person\/fb534a4e865501d8b3285208df34a9b5"},"headline":"Medienbericht: EU einigt sich auf Preisdeckel f\u00fcr russisches \u00d6l","datePublished":"2022-10-05T10:52:30+00:00","dateModified":"2022-10-05T10:52:30+00:00","mainEntityOfPage":{"@id":"https:\/\/now-news.de\/de\/deutschland\/medienbericht-eu-einigt-sich-auf-preisdeckel-fuer-russisches-oel\/"},"wordCount":445,"commentCount":0,"publisher":{"@id":"https:\/\/now-news.de\/de\/#organization"},"image":{"@id":"https:\/\/now-news.de\/de\/deutschland\/medienbericht-eu-einigt-sich-auf-preisdeckel-fuer-russisches-oel\/#primaryimage"},"thumbnailUrl":"https:\/\/now-news.de\/de\/wp-content\/uploads\/sites\/3\/2022\/10\/Medienbericht-EU-einigt-sich-auf-Preisdeckel-fuer-russisches-Oel.jpg","keywords":["AUF","einigt","f\u00fcr","Medienbericht","\u00d6l","Preisdeckel","Russisches","sich"],"articleSection":["Deutschland","Russland"],"inLanguage":"de","potentialAction":[{"@type":"CommentAction","name":"Comment","target":["https:\/\/now-news.de\/de\/deutschland\/medienbericht-eu-einigt-sich-auf-preisdeckel-fuer-russisches-oel\/#respond"]}]},{"@type":"WebPage","@id":"https:\/\/now-news.de\/de\/deutschland\/medienbericht-eu-einigt-sich-auf-preisdeckel-fuer-russisches-oel\/","url":"https:\/\/now-news.de\/de\/deutschland\/medienbericht-eu-einigt-sich-auf-preisdeckel-fuer-russisches-oel\/","name":"Medienbericht: EU einigt sich auf Preisdeckel f\u00fcr russisches \u00d6l - just-now.NEWS Deutschland","isPartOf":{"@id":"https:\/\/now-news.de\/de\/#website"},"primaryImageOfPage":{"@id":"https:\/\/now-news.de\/de\/deutschland\/medienbericht-eu-einigt-sich-auf-preisdeckel-fuer-russisches-oel\/#primaryimage"},"image":{"@id":"https:\/\/now-news.de\/de\/deutschland\/medienbericht-eu-einigt-sich-auf-preisdeckel-fuer-russisches-oel\/#primaryimage"},"thumbnailUrl":"https:\/\/now-news.de\/de\/wp-content\/uploads\/sites\/3\/2022\/10\/Medienbericht-EU-einigt-sich-auf-Preisdeckel-fuer-russisches-Oel.jpg","datePublished":"2022-10-05T10:52:30+00:00","dateModified":"2022-10-05T10:52:30+00:00","breadcrumb":{"@id":"https:\/\/now-news.de\/de\/deutschland\/medienbericht-eu-einigt-sich-auf-preisdeckel-fuer-russisches-oel\/#breadcrumb"},"inLanguage":"de","potentialAction":[{"@type":"ReadAction","target":["https:\/\/now-news.de\/de\/deutschland\/medienbericht-eu-einigt-sich-auf-preisdeckel-fuer-russisches-oel\/"]}]},{"@type":"ImageObject","inLanguage":"de","@id":"https:\/\/now-news.de\/de\/deutschland\/medienbericht-eu-einigt-sich-auf-preisdeckel-fuer-russisches-oel\/#primaryimage","url":"https:\/\/now-news.de\/de\/wp-content\/uploads\/sites\/3\/2022\/10\/Medienbericht-EU-einigt-sich-auf-Preisdeckel-fuer-russisches-Oel.jpg","contentUrl":"https:\/\/now-news.de\/de\/wp-content\/uploads\/sites\/3\/2022\/10\/Medienbericht-EU-einigt-sich-auf-Preisdeckel-fuer-russisches-Oel.jpg","width":460,"height":259,"caption":"Medienbericht: EU einigt sich auf Preisdeckel f\u00fcr russisches \u00d6l"},{"@type":"BreadcrumbList","@id":"https:\/\/now-news.de\/de\/deutschland\/medienbericht-eu-einigt-sich-auf-preisdeckel-fuer-russisches-oel\/#breadcrumb","itemListElement":[{"@type":"ListItem","position":1,"name":"Home","item":"https:\/\/now-news.de\/de\/"},{"@type":"ListItem","position":2,"name":"Medienbericht: EU einigt sich auf Preisdeckel f\u00fcr russisches \u00d6l"}]},{"@type":"WebSite","@id":"https:\/\/now-news.de\/de\/#website","url":"https:\/\/now-news.de\/de\/","name":"just-now.NEWS Deutschland","description":"Das Portal f\u00fcr unzensierte Nachrichten aus der Welt","publisher":{"@id":"https:\/\/now-news.de\/de\/#organization"},"potentialAction":[{"@type":"SearchAction","target":{"@type":"EntryPoint","urlTemplate":"https:\/\/now-news.de\/de\/?s={search_term_string}"},"query-input":"required name=search_term_string"}],"inLanguage":"de"},{"@type":"Organization","@id":"https:\/\/now-news.de\/de\/#organization","name":"Just Now News","url":"https:\/\/now-news.de\/de\/","logo":{"@type":"ImageObject","inLanguage":"de","@id":"https:\/\/now-news.de\/de\/#\/schema\/logo\/image\/","url":"http:\/\/just-now.news\/de\/wp-content\/uploads\/sites\/3\/2022\/04\/logo500x500.jpg","contentUrl":"http:\/\/just-now.news\/de\/wp-content\/uploads\/sites\/3\/2022\/04\/logo500x500.jpg","width":500,"height":500,"caption":"Just Now News"},"image":{"@id":"https:\/\/now-news.de\/de\/#\/schema\/logo\/image\/"},"sameAs":["https:\/\/www.facebook.com\/wirmachenauf","https:\/\/x.com\/WirMachenAuf_de"]},{"@type":"Person","@id":"https:\/\/now-news.de\/de\/#\/schema\/person\/fb534a4e865501d8b3285208df34a9b5","name":"rtnews","image":{"@type":"ImageObject","inLanguage":"de","@id":"https:\/\/now-news.de\/de\/#\/schema\/person\/image\/","url":"https:\/\/secure.gravatar.com\/avatar\/82aafea7d8127119dd649515f56e2117?s=96&d=mm&r=g","contentUrl":"https:\/\/secure.gravatar.com\/avatar\/82aafea7d8127119dd649515f56e2117?s=96&d=mm&r=g","caption":"rtnews"},"url":"https:\/\/now-news.de\/de\/author\/rnews\/"}]}},"_links":{"self":[{"href":"https:\/\/now-news.de\/de\/wp-json\/wp\/v2\/posts\/20363"}],"collection":[{"href":"https:\/\/now-news.de\/de\/wp-json\/wp\/v2\/posts"}],"about":[{"href":"https:\/\/now-news.de\/de\/wp-json\/wp\/v2\/types\/post"}],"author":[{"embeddable":true,"href":"https:\/\/now-news.de\/de\/wp-json\/wp\/v2\/users\/3"}],"replies":[{"embeddable":true,"href":"https:\/\/now-news.de\/de\/wp-json\/wp\/v2\/comments?post=20363"}],"version-history":[{"count":0,"href":"https:\/\/now-news.de\/de\/wp-json\/wp\/v2\/posts\/20363\/revisions"}],"wp:featuredmedia":[{"embeddable":true,"href":"https:\/\/now-news.de\/de\/wp-json\/wp\/v2\/media\/20364"}],"wp:attachment":[{"href":"https:\/\/now-news.de\/de\/wp-json\/wp\/v2\/media?parent=20363"}],"wp:term":[{"taxonomy":"category","embeddable":true,"href":"https:\/\/now-news.de\/de\/wp-json\/wp\/v2\/categories?post=20363"},{"taxonomy":"post_tag","embeddable":true,"href":"https:\/\/now-news.de\/de\/wp-json\/wp\/v2\/tags?post=20363"}],"curies":[{"name":"wp","href":"https:\/\/api.w.org\/{rel}","templated":true}]}}