{"id":20361,"date":"2022-10-05T12:20:41","date_gmt":"2022-10-05T10:20:41","guid":{"rendered":"http:\/\/just-now.news\/de\/deutschland\/statt-solidaritaet-habeck-beklagt-mondpreise-fuer-gaslieferungen-aus-befreundeten-laendern\/"},"modified":"2022-10-05T12:20:41","modified_gmt":"2022-10-05T10:20:41","slug":"statt-solidaritaet-habeck-beklagt-mondpreise-fuer-gaslieferungen-aus-befreundeten-laendern","status":"publish","type":"post","link":"https:\/\/now-news.de\/de\/deutschland\/statt-solidaritaet-habeck-beklagt-mondpreise-fuer-gaslieferungen-aus-befreundeten-laendern\/","title":{"rendered":"Statt Solidarit\u00e4t: Habeck beklagt &quot;Mondpreise&quot; f\u00fcr Gaslieferungen aus befreundeten L\u00e4ndern"},"content":{"rendered":"<p><img decoding=\"async\" src=\"http:\/\/just-now.news\/de\/wp-content\/uploads\/sites\/3\/2022\/10\/633d52b3b480cc449572a050.jpg\" \/><\/p>\n<p>Seit Anfang September liefert\u00a0Russland\u00a0kein Gas mehr nach Deutschland. Schon zuvor f\u00fchrten die vom Westen gegen Russland verh\u00e4ngten Sanktionen zu einer schrittweisen Reduktion russischer Gaslieferungen. Um die im Winter drohende Gasmangellage abzuwenden, ist Deutschland nun auf andere ausl\u00e4ndische Gaslieferanten \u2013 wie die USA \u2013 angewiesen, die den\u00a0 Energietr\u00e4ger jedoch zu horrenden Preisen vertreiben. Angesichts des hohen Bezugspreises hat Bundeswirtschaftsminister Robert Habeck (B\u00fcndnis 90\/Die Gr\u00fcnen) den Anbietern vorgeworfen, Deutschland das Gas zu \u00fcberh\u00f6hten Preisen zu verkaufen.<\/p>\n<p>&#8220;Einige L\u00e4nder, auch befreundete, erzielen teils Mondpreise. Das bringt nat\u00fcrlich Probleme mit sich, \u00fcber die wir sprechen m\u00fcssen&#8221;, sagte der Gr\u00fcnen-Politiker der <em>Neuen Osnabr\u00fccker Zeitung<\/em>. Von der EU-Kommission erwarte er deshalb, dass\u00a0sie mit den befreundeten Staaten auch dar\u00fcber\u00a0spreche. Habeck\u00a0verwies in diesem Zusammenhang auf die\u00a0Vereinigten Staaten:<\/p>\n<blockquote>\n<p>&#8220;<em>Die USA haben sich an uns gewandt, als die \u00d6lpreise hochgeschossen sind, daraufhin wurden auch in Europa die nationalen \u00d6lreserven angezapft. Ich denke, eine solche Solidarit\u00e4t w\u00e4re auch zur D\u00e4mpfung der Gaspreise gut<\/em>.&#8221;\u00a0<\/p>\n<\/blockquote>\n<p>Angesichts dieser Problematik sollte die EU ihre &#8220;Marktmacht b\u00fcndeln&#8221;, so Habeck, &#8220;und ein kluges und synchronisiertes Einkaufsverhalten der EU-Staaten orchestrieren, damit sich einzelne EU-L\u00e4nder nicht gegenseitig \u00fcberbieten und die Weltmarktpreise hochtreiben&#8221;. Die europ\u00e4ische Marktmacht sei &#8220;gewaltig&#8221; und m\u00fcsse nur genutzt werden.\u00a0<\/p>\n<p><strong>Gaspreisbremse soll Abhilfe schaffen<\/strong><\/p>\n<p>Mit einem 200-Milliarden-Euro-Programm will die Bundesregierung die Energiekosten in Deutschland deckeln. Noch an diesem Wochenende beabsichtigt die von der Bundesregierung eingesetzte Expertenkommission zur Gaspreisbremse erste Vorschl\u00e4ge zur Umsetzung des Programms vorlegen. Das teilten die Vorsitzenden der Kommission am Dienstag mit. &#8220;Die Kommission arbeitet mit Hochdruck daran, der Politik schnellstm\u00f6glich Empfehlungen f\u00fcr eine ebenso ausgewogene wie praktikable Gaspreisbremse vorzulegen&#8221;, hie\u00df es:<\/p>\n<blockquote>\n<p>\u00a0&#8220;<em>Die Vorsitzenden streben an, dass die Kommission im Zuge ihrer Klausur am kommenden Wochenende einen belastbaren Vorschlag erarbeitet und der Politik vorlegt.<\/em>&#8220;<\/p>\n<\/blockquote>\n<p>An die Bev\u00f6lkerung gewandt, hatte Habeck vergangene Woche jedoch vor zu gro\u00dfen Erwartungen gewarnt.\u00a0Eine gewisse Last werde man beim Gaspreis in Deutschland abfedern k\u00f6nnen, aber eben nicht alles, sagte der Gr\u00fcnen-Politiker am Freitag im\u00a0<em>Deutschlandfunk<\/em>.<\/p>\n<p><strong>Mehr zum Thema \u2013 <\/strong><a rel=\"nofollow noopener\" target=\"_blank\" href=\"https:\/\/test.rtde.tech\/kurzclips\/video\/150333-deutsche-regierung-bewilligt-200-milliarden\/\">&#8220;Deutsche Regierung bewilligt 200 Milliarden Euro \u2013 Der &#8220;Doppelwumms&#8221; f\u00fcr &#8220;Gaspreisbremse&#8221;<\/a><\/p>\n<p><br \/>\n<br \/><a href=\"https:\/\/de.rt.com\/inland\/150690-statt-solidaritat-habeck-beklagt-mondpreise\/\">Source link <\/a><\/p>\n","protected":false},"excerpt":{"rendered":"<p>Seit Anfang September liefert\u00a0Russland\u00a0kein Gas mehr nach Deutschland. Schon zuvor f\u00fchrten die vom Westen gegen Russland verh\u00e4ngten Sanktionen zu einer schrittweisen Reduktion russischer Gaslieferungen. Um die im Winter drohende Gasmangellage abzuwenden, ist Deutschland nun auf andere ausl\u00e4ndische Gaslieferanten \u2013 wie die USA \u2013 angewiesen, die den\u00a0 Energietr\u00e4ger jedoch zu horrenden Preisen vertreiben. Angesichts des hohen [&hellip;]<\/p>\n","protected":false},"author":3,"featured_media":20362,"comment_status":"open","ping_status":"open","sticky":false,"template":"","format":"standard","meta":{"wp_automatic_camp":["217"],"a31fd896204834fa401cf0cab46c78d4":["Statt Solidarit\u00e4t: Habeck beklagt &quot;Mondpreise&quot; f\u00fcr Gaslieferungen aus befreundeten L\u00e4ndern"],"original_link":["https:\/\/de.rt.com\/inland\/150690-statt-solidaritat-habeck-beklagt-mondpreise\/"],"_thumbnail_id":["20362"],"jnews_social_counter_last_update":["1777564277"]},"categories":[19,23],"tags":[679,33850,7317,221,4471,911,18784,33849,7143,6396],"yoast_head":"<!-- This site is optimized with the Yoast SEO Premium plugin v22.7 (Yoast SEO v22.7) - https:\/\/yoast.com\/wordpress\/plugins\/seo\/ -->\n<title>Statt Solidarit\u00e4t: Habeck beklagt &quot;Mondpreise&quot; f\u00fcr Gaslieferungen aus befreundeten L\u00e4ndern - just-now.NEWS Deutschland<\/title>\n<meta name=\"robots\" content=\"index, follow, max-snippet:-1, max-image-preview:large, max-video-preview:-1\" \/>\n<link rel=\"canonical\" href=\"https:\/\/now-news.de\/de\/deutschland\/statt-solidaritaet-habeck-beklagt-mondpreise-fuer-gaslieferungen-aus-befreundeten-laendern\/\" \/>\n<meta property=\"og:locale\" content=\"de_DE\" \/>\n<meta property=\"og:type\" content=\"article\" \/>\n<meta property=\"og:title\" content=\"Statt Solidarit\u00e4t: Habeck beklagt &quot;Mondpreise&quot; f\u00fcr Gaslieferungen aus befreundeten L\u00e4ndern\" \/>\n<meta property=\"og:description\" content=\"Seit Anfang September liefert\u00a0Russland\u00a0kein Gas mehr nach Deutschland. Schon zuvor f\u00fchrten die vom Westen gegen Russland verh\u00e4ngten Sanktionen zu einer schrittweisen Reduktion russischer Gaslieferungen. Um die im Winter drohende Gasmangellage abzuwenden, ist Deutschland nun auf andere ausl\u00e4ndische Gaslieferanten \u2013 wie die USA \u2013 angewiesen, die den\u00a0 Energietr\u00e4ger jedoch zu horrenden Preisen vertreiben. Angesichts des hohen [&hellip;]\" \/>\n<meta property=\"og:url\" content=\"https:\/\/now-news.de\/de\/deutschland\/statt-solidaritaet-habeck-beklagt-mondpreise-fuer-gaslieferungen-aus-befreundeten-laendern\/\" \/>\n<meta property=\"og:site_name\" content=\"just-now.NEWS Deutschland\" \/>\n<meta property=\"article:publisher\" content=\"https:\/\/www.facebook.com\/wirmachenauf\" \/>\n<meta property=\"article:published_time\" content=\"2022-10-05T10:20:41+00:00\" \/>\n<meta property=\"og:image\" content=\"https:\/\/now-news.de\/de\/wp-content\/uploads\/sites\/3\/2022\/10\/Statt-Solidaritaet-Habeck-beklagt-quotMondpreisequot-fuer-Gaslieferungen-aus-befreundeten-Laendern.jpg\" \/>\n\t<meta property=\"og:image:width\" content=\"460\" \/>\n\t<meta property=\"og:image:height\" content=\"259\" \/>\n\t<meta property=\"og:image:type\" content=\"image\/jpeg\" \/>\n<meta name=\"author\" content=\"rtnews\" \/>\n<meta name=\"twitter:card\" content=\"summary_large_image\" \/>\n<meta name=\"twitter:creator\" content=\"@WirMachenAuf_de\" \/>\n<meta name=\"twitter:site\" content=\"@WirMachenAuf_de\" \/>\n<meta name=\"twitter:label1\" content=\"Verfasst von\" \/>\n\t<meta name=\"twitter:data1\" content=\"rtnews\" \/>\n\t<meta name=\"twitter:label2\" content=\"Gesch\u00e4tzte Lesezeit\" \/>\n\t<meta name=\"twitter:data2\" content=\"2\u00a0Minuten\" \/>\n<script type=\"application\/ld+json\" class=\"yoast-schema-graph\">{\"@context\":\"https:\/\/schema.org\",\"@graph\":[{\"@type\":\"Article\",\"@id\":\"https:\/\/now-news.de\/de\/deutschland\/statt-solidaritaet-habeck-beklagt-mondpreise-fuer-gaslieferungen-aus-befreundeten-laendern\/#article\",\"isPartOf\":{\"@id\":\"https:\/\/now-news.de\/de\/deutschland\/statt-solidaritaet-habeck-beklagt-mondpreise-fuer-gaslieferungen-aus-befreundeten-laendern\/\"},\"author\":{\"name\":\"rtnews\",\"@id\":\"https:\/\/now-news.de\/de\/#\/schema\/person\/fb534a4e865501d8b3285208df34a9b5\"},\"headline\":\"Statt Solidarit\u00e4t: Habeck beklagt &quot;Mondpreise&quot; f\u00fcr Gaslieferungen aus befreundeten L\u00e4ndern\",\"datePublished\":\"2022-10-05T10:20:41+00:00\",\"dateModified\":\"2022-10-05T10:20:41+00:00\",\"mainEntityOfPage\":{\"@id\":\"https:\/\/now-news.de\/de\/deutschland\/statt-solidaritaet-habeck-beklagt-mondpreise-fuer-gaslieferungen-aus-befreundeten-laendern\/\"},\"wordCount\":377,\"commentCount\":0,\"publisher\":{\"@id\":\"https:\/\/now-news.de\/de\/#organization\"},\"image\":{\"@id\":\"https:\/\/now-news.de\/de\/deutschland\/statt-solidaritaet-habeck-beklagt-mondpreise-fuer-gaslieferungen-aus-befreundeten-laendern\/#primaryimage\"},\"thumbnailUrl\":\"https:\/\/now-news.de\/de\/wp-content\/uploads\/sites\/3\/2022\/10\/Statt-Solidaritaet-Habeck-beklagt-quotMondpreisequot-fuer-Gaslieferungen-aus-befreundeten-Laendern.jpg\",\"keywords\":[\"aus\",\"befreundeten\",\"beklagt\",\"f\u00fcr\",\"Gaslieferungen\",\"Habeck\",\"L\u00e4ndern\",\"quotMondpreisequot\",\"Solidarit\u00e4t\",\"Statt\"],\"articleSection\":[\"Deutschland\",\"Russland\"],\"inLanguage\":\"de\",\"potentialAction\":[{\"@type\":\"CommentAction\",\"name\":\"Comment\",\"target\":[\"https:\/\/now-news.de\/de\/deutschland\/statt-solidaritaet-habeck-beklagt-mondpreise-fuer-gaslieferungen-aus-befreundeten-laendern\/#respond\"]}]},{\"@type\":\"WebPage\",\"@id\":\"https:\/\/now-news.de\/de\/deutschland\/statt-solidaritaet-habeck-beklagt-mondpreise-fuer-gaslieferungen-aus-befreundeten-laendern\/\",\"url\":\"https:\/\/now-news.de\/de\/deutschland\/statt-solidaritaet-habeck-beklagt-mondpreise-fuer-gaslieferungen-aus-befreundeten-laendern\/\",\"name\":\"Statt Solidarit\u00e4t: Habeck beklagt &quot;Mondpreise&quot; f\u00fcr Gaslieferungen aus befreundeten L\u00e4ndern - just-now.NEWS Deutschland\",\"isPartOf\":{\"@id\":\"https:\/\/now-news.de\/de\/#website\"},\"primaryImageOfPage\":{\"@id\":\"https:\/\/now-news.de\/de\/deutschland\/statt-solidaritaet-habeck-beklagt-mondpreise-fuer-gaslieferungen-aus-befreundeten-laendern\/#primaryimage\"},\"image\":{\"@id\":\"https:\/\/now-news.de\/de\/deutschland\/statt-solidaritaet-habeck-beklagt-mondpreise-fuer-gaslieferungen-aus-befreundeten-laendern\/#primaryimage\"},\"thumbnailUrl\":\"https:\/\/now-news.de\/de\/wp-content\/uploads\/sites\/3\/2022\/10\/Statt-Solidaritaet-Habeck-beklagt-quotMondpreisequot-fuer-Gaslieferungen-aus-befreundeten-Laendern.jpg\",\"datePublished\":\"2022-10-05T10:20:41+00:00\",\"dateModified\":\"2022-10-05T10:20:41+00:00\",\"breadcrumb\":{\"@id\":\"https:\/\/now-news.de\/de\/deutschland\/statt-solidaritaet-habeck-beklagt-mondpreise-fuer-gaslieferungen-aus-befreundeten-laendern\/#breadcrumb\"},\"inLanguage\":\"de\",\"potentialAction\":[{\"@type\":\"ReadAction\",\"target\":[\"https:\/\/now-news.de\/de\/deutschland\/statt-solidaritaet-habeck-beklagt-mondpreise-fuer-gaslieferungen-aus-befreundeten-laendern\/\"]}]},{\"@type\":\"ImageObject\",\"inLanguage\":\"de\",\"@id\":\"https:\/\/now-news.de\/de\/deutschland\/statt-solidaritaet-habeck-beklagt-mondpreise-fuer-gaslieferungen-aus-befreundeten-laendern\/#primaryimage\",\"url\":\"https:\/\/now-news.de\/de\/wp-content\/uploads\/sites\/3\/2022\/10\/Statt-Solidaritaet-Habeck-beklagt-quotMondpreisequot-fuer-Gaslieferungen-aus-befreundeten-Laendern.jpg\",\"contentUrl\":\"https:\/\/now-news.de\/de\/wp-content\/uploads\/sites\/3\/2022\/10\/Statt-Solidaritaet-Habeck-beklagt-quotMondpreisequot-fuer-Gaslieferungen-aus-befreundeten-Laendern.jpg\",\"width\":460,\"height\":259,\"caption\":\"Statt Solidarit\u00e4t: Habeck beklagt &quot;Mondpreise&quot; f\u00fcr Gaslieferungen aus befreundeten L\u00e4ndern\"},{\"@type\":\"BreadcrumbList\",\"@id\":\"https:\/\/now-news.de\/de\/deutschland\/statt-solidaritaet-habeck-beklagt-mondpreise-fuer-gaslieferungen-aus-befreundeten-laendern\/#breadcrumb\",\"itemListElement\":[{\"@type\":\"ListItem\",\"position\":1,\"name\":\"Home\",\"item\":\"https:\/\/now-news.de\/de\/\"},{\"@type\":\"ListItem\",\"position\":2,\"name\":\"Statt Solidarit\u00e4t: Habeck beklagt &quot;Mondpreise&quot; f\u00fcr Gaslieferungen aus befreundeten L\u00e4ndern\"}]},{\"@type\":\"WebSite\",\"@id\":\"https:\/\/now-news.de\/de\/#website\",\"url\":\"https:\/\/now-news.de\/de\/\",\"name\":\"just-now.NEWS Deutschland\",\"description\":\"Das Portal f\u00fcr unzensierte Nachrichten aus der Welt\",\"publisher\":{\"@id\":\"https:\/\/now-news.de\/de\/#organization\"},\"potentialAction\":[{\"@type\":\"SearchAction\",\"target\":{\"@type\":\"EntryPoint\",\"urlTemplate\":\"https:\/\/now-news.de\/de\/?s={search_term_string}\"},\"query-input\":\"required name=search_term_string\"}],\"inLanguage\":\"de\"},{\"@type\":\"Organization\",\"@id\":\"https:\/\/now-news.de\/de\/#organization\",\"name\":\"Just Now News\",\"url\":\"https:\/\/now-news.de\/de\/\",\"logo\":{\"@type\":\"ImageObject\",\"inLanguage\":\"de\",\"@id\":\"https:\/\/now-news.de\/de\/#\/schema\/logo\/image\/\",\"url\":\"http:\/\/just-now.news\/de\/wp-content\/uploads\/sites\/3\/2022\/04\/logo500x500.jpg\",\"contentUrl\":\"http:\/\/just-now.news\/de\/wp-content\/uploads\/sites\/3\/2022\/04\/logo500x500.jpg\",\"width\":500,\"height\":500,\"caption\":\"Just Now News\"},\"image\":{\"@id\":\"https:\/\/now-news.de\/de\/#\/schema\/logo\/image\/\"},\"sameAs\":[\"https:\/\/www.facebook.com\/wirmachenauf\",\"https:\/\/x.com\/WirMachenAuf_de\"]},{\"@type\":\"Person\",\"@id\":\"https:\/\/now-news.de\/de\/#\/schema\/person\/fb534a4e865501d8b3285208df34a9b5\",\"name\":\"rtnews\",\"image\":{\"@type\":\"ImageObject\",\"inLanguage\":\"de\",\"@id\":\"https:\/\/now-news.de\/de\/#\/schema\/person\/image\/\",\"url\":\"https:\/\/secure.gravatar.com\/avatar\/82aafea7d8127119dd649515f56e2117?s=96&d=mm&r=g\",\"contentUrl\":\"https:\/\/secure.gravatar.com\/avatar\/82aafea7d8127119dd649515f56e2117?s=96&d=mm&r=g\",\"caption\":\"rtnews\"},\"url\":\"https:\/\/now-news.de\/de\/author\/rnews\/\"}]}<\/script>\n<!-- \/ Yoast SEO Premium plugin. -->","yoast_head_json":{"title":"Statt Solidarit\u00e4t: Habeck beklagt &quot;Mondpreise&quot; f\u00fcr Gaslieferungen aus befreundeten L\u00e4ndern - just-now.NEWS Deutschland","robots":{"index":"index","follow":"follow","max-snippet":"max-snippet:-1","max-image-preview":"max-image-preview:large","max-video-preview":"max-video-preview:-1"},"canonical":"https:\/\/now-news.de\/de\/deutschland\/statt-solidaritaet-habeck-beklagt-mondpreise-fuer-gaslieferungen-aus-befreundeten-laendern\/","og_locale":"de_DE","og_type":"article","og_title":"Statt Solidarit\u00e4t: Habeck beklagt &quot;Mondpreise&quot; f\u00fcr Gaslieferungen aus befreundeten L\u00e4ndern","og_description":"Seit Anfang September liefert\u00a0Russland\u00a0kein Gas mehr nach Deutschland. Schon zuvor f\u00fchrten die vom Westen gegen Russland verh\u00e4ngten Sanktionen zu einer schrittweisen Reduktion russischer Gaslieferungen. Um die im Winter drohende Gasmangellage abzuwenden, ist Deutschland nun auf andere ausl\u00e4ndische Gaslieferanten \u2013 wie die USA \u2013 angewiesen, die den\u00a0 Energietr\u00e4ger jedoch zu horrenden Preisen vertreiben. Angesichts des hohen [&hellip;]","og_url":"https:\/\/now-news.de\/de\/deutschland\/statt-solidaritaet-habeck-beklagt-mondpreise-fuer-gaslieferungen-aus-befreundeten-laendern\/","og_site_name":"just-now.NEWS Deutschland","article_publisher":"https:\/\/www.facebook.com\/wirmachenauf","article_published_time":"2022-10-05T10:20:41+00:00","og_image":[{"width":460,"height":259,"url":"https:\/\/now-news.de\/de\/wp-content\/uploads\/sites\/3\/2022\/10\/Statt-Solidaritaet-Habeck-beklagt-quotMondpreisequot-fuer-Gaslieferungen-aus-befreundeten-Laendern.jpg","type":"image\/jpeg"}],"author":"rtnews","twitter_card":"summary_large_image","twitter_creator":"@WirMachenAuf_de","twitter_site":"@WirMachenAuf_de","twitter_misc":{"Verfasst von":"rtnews","Gesch\u00e4tzte Lesezeit":"2\u00a0Minuten"},"schema":{"@context":"https:\/\/schema.org","@graph":[{"@type":"Article","@id":"https:\/\/now-news.de\/de\/deutschland\/statt-solidaritaet-habeck-beklagt-mondpreise-fuer-gaslieferungen-aus-befreundeten-laendern\/#article","isPartOf":{"@id":"https:\/\/now-news.de\/de\/deutschland\/statt-solidaritaet-habeck-beklagt-mondpreise-fuer-gaslieferungen-aus-befreundeten-laendern\/"},"author":{"name":"rtnews","@id":"https:\/\/now-news.de\/de\/#\/schema\/person\/fb534a4e865501d8b3285208df34a9b5"},"headline":"Statt Solidarit\u00e4t: Habeck beklagt &quot;Mondpreise&quot; f\u00fcr Gaslieferungen aus befreundeten L\u00e4ndern","datePublished":"2022-10-05T10:20:41+00:00","dateModified":"2022-10-05T10:20:41+00:00","mainEntityOfPage":{"@id":"https:\/\/now-news.de\/de\/deutschland\/statt-solidaritaet-habeck-beklagt-mondpreise-fuer-gaslieferungen-aus-befreundeten-laendern\/"},"wordCount":377,"commentCount":0,"publisher":{"@id":"https:\/\/now-news.de\/de\/#organization"},"image":{"@id":"https:\/\/now-news.de\/de\/deutschland\/statt-solidaritaet-habeck-beklagt-mondpreise-fuer-gaslieferungen-aus-befreundeten-laendern\/#primaryimage"},"thumbnailUrl":"https:\/\/now-news.de\/de\/wp-content\/uploads\/sites\/3\/2022\/10\/Statt-Solidaritaet-Habeck-beklagt-quotMondpreisequot-fuer-Gaslieferungen-aus-befreundeten-Laendern.jpg","keywords":["aus","befreundeten","beklagt","f\u00fcr","Gaslieferungen","Habeck","L\u00e4ndern","quotMondpreisequot","Solidarit\u00e4t","Statt"],"articleSection":["Deutschland","Russland"],"inLanguage":"de","potentialAction":[{"@type":"CommentAction","name":"Comment","target":["https:\/\/now-news.de\/de\/deutschland\/statt-solidaritaet-habeck-beklagt-mondpreise-fuer-gaslieferungen-aus-befreundeten-laendern\/#respond"]}]},{"@type":"WebPage","@id":"https:\/\/now-news.de\/de\/deutschland\/statt-solidaritaet-habeck-beklagt-mondpreise-fuer-gaslieferungen-aus-befreundeten-laendern\/","url":"https:\/\/now-news.de\/de\/deutschland\/statt-solidaritaet-habeck-beklagt-mondpreise-fuer-gaslieferungen-aus-befreundeten-laendern\/","name":"Statt Solidarit\u00e4t: Habeck beklagt &quot;Mondpreise&quot; f\u00fcr Gaslieferungen aus befreundeten L\u00e4ndern - just-now.NEWS Deutschland","isPartOf":{"@id":"https:\/\/now-news.de\/de\/#website"},"primaryImageOfPage":{"@id":"https:\/\/now-news.de\/de\/deutschland\/statt-solidaritaet-habeck-beklagt-mondpreise-fuer-gaslieferungen-aus-befreundeten-laendern\/#primaryimage"},"image":{"@id":"https:\/\/now-news.de\/de\/deutschland\/statt-solidaritaet-habeck-beklagt-mondpreise-fuer-gaslieferungen-aus-befreundeten-laendern\/#primaryimage"},"thumbnailUrl":"https:\/\/now-news.de\/de\/wp-content\/uploads\/sites\/3\/2022\/10\/Statt-Solidaritaet-Habeck-beklagt-quotMondpreisequot-fuer-Gaslieferungen-aus-befreundeten-Laendern.jpg","datePublished":"2022-10-05T10:20:41+00:00","dateModified":"2022-10-05T10:20:41+00:00","breadcrumb":{"@id":"https:\/\/now-news.de\/de\/deutschland\/statt-solidaritaet-habeck-beklagt-mondpreise-fuer-gaslieferungen-aus-befreundeten-laendern\/#breadcrumb"},"inLanguage":"de","potentialAction":[{"@type":"ReadAction","target":["https:\/\/now-news.de\/de\/deutschland\/statt-solidaritaet-habeck-beklagt-mondpreise-fuer-gaslieferungen-aus-befreundeten-laendern\/"]}]},{"@type":"ImageObject","inLanguage":"de","@id":"https:\/\/now-news.de\/de\/deutschland\/statt-solidaritaet-habeck-beklagt-mondpreise-fuer-gaslieferungen-aus-befreundeten-laendern\/#primaryimage","url":"https:\/\/now-news.de\/de\/wp-content\/uploads\/sites\/3\/2022\/10\/Statt-Solidaritaet-Habeck-beklagt-quotMondpreisequot-fuer-Gaslieferungen-aus-befreundeten-Laendern.jpg","contentUrl":"https:\/\/now-news.de\/de\/wp-content\/uploads\/sites\/3\/2022\/10\/Statt-Solidaritaet-Habeck-beklagt-quotMondpreisequot-fuer-Gaslieferungen-aus-befreundeten-Laendern.jpg","width":460,"height":259,"caption":"Statt Solidarit\u00e4t: Habeck beklagt &quot;Mondpreise&quot; f\u00fcr Gaslieferungen aus befreundeten L\u00e4ndern"},{"@type":"BreadcrumbList","@id":"https:\/\/now-news.de\/de\/deutschland\/statt-solidaritaet-habeck-beklagt-mondpreise-fuer-gaslieferungen-aus-befreundeten-laendern\/#breadcrumb","itemListElement":[{"@type":"ListItem","position":1,"name":"Home","item":"https:\/\/now-news.de\/de\/"},{"@type":"ListItem","position":2,"name":"Statt Solidarit\u00e4t: Habeck beklagt &quot;Mondpreise&quot; f\u00fcr Gaslieferungen aus befreundeten L\u00e4ndern"}]},{"@type":"WebSite","@id":"https:\/\/now-news.de\/de\/#website","url":"https:\/\/now-news.de\/de\/","name":"just-now.NEWS Deutschland","description":"Das Portal f\u00fcr unzensierte Nachrichten aus der Welt","publisher":{"@id":"https:\/\/now-news.de\/de\/#organization"},"potentialAction":[{"@type":"SearchAction","target":{"@type":"EntryPoint","urlTemplate":"https:\/\/now-news.de\/de\/?s={search_term_string}"},"query-input":"required name=search_term_string"}],"inLanguage":"de"},{"@type":"Organization","@id":"https:\/\/now-news.de\/de\/#organization","name":"Just Now News","url":"https:\/\/now-news.de\/de\/","logo":{"@type":"ImageObject","inLanguage":"de","@id":"https:\/\/now-news.de\/de\/#\/schema\/logo\/image\/","url":"http:\/\/just-now.news\/de\/wp-content\/uploads\/sites\/3\/2022\/04\/logo500x500.jpg","contentUrl":"http:\/\/just-now.news\/de\/wp-content\/uploads\/sites\/3\/2022\/04\/logo500x500.jpg","width":500,"height":500,"caption":"Just Now News"},"image":{"@id":"https:\/\/now-news.de\/de\/#\/schema\/logo\/image\/"},"sameAs":["https:\/\/www.facebook.com\/wirmachenauf","https:\/\/x.com\/WirMachenAuf_de"]},{"@type":"Person","@id":"https:\/\/now-news.de\/de\/#\/schema\/person\/fb534a4e865501d8b3285208df34a9b5","name":"rtnews","image":{"@type":"ImageObject","inLanguage":"de","@id":"https:\/\/now-news.de\/de\/#\/schema\/person\/image\/","url":"https:\/\/secure.gravatar.com\/avatar\/82aafea7d8127119dd649515f56e2117?s=96&d=mm&r=g","contentUrl":"https:\/\/secure.gravatar.com\/avatar\/82aafea7d8127119dd649515f56e2117?s=96&d=mm&r=g","caption":"rtnews"},"url":"https:\/\/now-news.de\/de\/author\/rnews\/"}]}},"_links":{"self":[{"href":"https:\/\/now-news.de\/de\/wp-json\/wp\/v2\/posts\/20361"}],"collection":[{"href":"https:\/\/now-news.de\/de\/wp-json\/wp\/v2\/posts"}],"about":[{"href":"https:\/\/now-news.de\/de\/wp-json\/wp\/v2\/types\/post"}],"author":[{"embeddable":true,"href":"https:\/\/now-news.de\/de\/wp-json\/wp\/v2\/users\/3"}],"replies":[{"embeddable":true,"href":"https:\/\/now-news.de\/de\/wp-json\/wp\/v2\/comments?post=20361"}],"version-history":[{"count":0,"href":"https:\/\/now-news.de\/de\/wp-json\/wp\/v2\/posts\/20361\/revisions"}],"wp:featuredmedia":[{"embeddable":true,"href":"https:\/\/now-news.de\/de\/wp-json\/wp\/v2\/media\/20362"}],"wp:attachment":[{"href":"https:\/\/now-news.de\/de\/wp-json\/wp\/v2\/media?parent=20361"}],"wp:term":[{"taxonomy":"category","embeddable":true,"href":"https:\/\/now-news.de\/de\/wp-json\/wp\/v2\/categories?post=20361"},{"taxonomy":"post_tag","embeddable":true,"href":"https:\/\/now-news.de\/de\/wp-json\/wp\/v2\/tags?post=20361"}],"curies":[{"name":"wp","href":"https:\/\/api.w.org\/{rel}","templated":true}]}}