{"id":20344,"date":"2022-10-05T06:30:00","date_gmt":"2022-10-05T04:30:00","guid":{"rendered":"http:\/\/just-now.news\/de\/deutschland\/berliner-blindenverein-reicht-klage-gegen-e-scooter-auf-gehwegen-ein\/"},"modified":"2022-10-05T06:30:00","modified_gmt":"2022-10-05T04:30:00","slug":"berliner-blindenverein-reicht-klage-gegen-e-scooter-auf-gehwegen-ein","status":"publish","type":"post","link":"https:\/\/now-news.de\/de\/deutschland\/berliner-blindenverein-reicht-klage-gegen-e-scooter-auf-gehwegen-ein\/","title":{"rendered":"Berliner Blindenverein reicht Klage gegen E-Scooter auf Gehwegen ein"},"content":{"rendered":"<p><img decoding=\"async\" src=\"http:\/\/just-now.news\/de\/wp-content\/uploads\/sites\/3\/2022\/10\/633c8cb248fbef423d3d5ecd.jpg\" \/><\/p>\n<div class=\"Text-root Text-type_1 \">\n                Insbesondere f\u00fcr Blinde sind E-Scooter, die die Gehwege Berlins blockieren, ein \u00c4rgernis. Nun hat der Allgemeine Blinden- und Sehbehindertenverein Berlins eine Verbandsklage eingereicht, damit &#8220;alle, vor allem Menschen mit Behinderung, den Gehweg wieder angst- und unfallfrei nutzen k\u00f6nnen&#8221;.\n            <\/div>\n<p><\/p>\n<div class=\"Text-root Text-type_5 ArticleView-text ViewText-root \">\n<p>Die einen hassen sie, die anderen w\u00fcrden sie am liebsten in der Spree versenken: E-Scooter. Besonders f\u00fcr Blinde und Sehbehinderte sind die 54.000 E-Scooter, die die Gehwege in der Hauptstadt blockieren, eine potenzielle Unfallgefahr. Nun werden die Roller ein Fall f\u00fcr die Justiz: Wie der Allgemeine Blinden- und Sehbehindertenverein Berlins am Dienstag mitteilte, hat er eine Verbandsklage eingereicht. Zuvor hatte die <em>Berliner Zeitung<\/em> \u00fcber den Fall berichtet.<\/p>\n<p>Vereinssprecherin Paloma R\u00e4ndel erkl\u00e4rte, der Verein ziehe vor Gericht, damit &#8220;alle, vor allem Menschen mit Behinderung, den Gehweg wieder angst- und unfallfrei nutzen k\u00f6nnen&#8221;. Seit Anfang September gilt in Berlin eigentlich eine \u00c4nderung des Berliner Stra\u00dfengesetzes. Demnach ben\u00f6tigen Unternehmen, die Fahrzeuge im \u00f6ffentlichen Stra\u00dfenland zur Miete anbieten, eine Sondernutzungserlaubnis.<\/p>\n<p>Der Verein will nun erreichen, dass der Berliner Senat diese Erlaubnis erst dann erteilt, wenn es fl\u00e4chendeckend verpflichtende Abstellfl\u00e4chen jenseits der Gehwege gibt, so R\u00e4ndel. Das derzeitige Konzept sei laut Blinden- und Sehbehindertenverein &#8220;nicht nur ein \u00c4rgernis, sondern auch eine Unfallgefahr f\u00fcr alle Menschen, f\u00fcr die der Gehweg bislang eine Schutzzone war&#8221;.<\/p>\n<p>Dabei h\u00e4tte der Senat mit dem neuen Gesetz von seinem Recht Gebrauch machen und die Roller von den B\u00fcrgersteigen verbannen k\u00f6nnen, so die Vorw\u00fcrfe des Vereins. Die Sprecherin kritisierte ebenfalls:<\/p>\n<blockquote>\n<p><em>&#8220;Nach den neuen Regelungen m\u00fcssen die Verleihfirmen eine Hotline einrichten, unter der man falsch geparkte Fahrzeuge melden kann. Die Firmen m\u00fcssen diese dann auch wegr\u00e4umen. Aber diese Regelung trifft nicht den Kern, denn die Fahrzeuge d\u00fcrften gar nicht erst im Weg stehen oder liegen.&#8221;<\/em><\/p>\n<\/blockquote>\n<p>Hinzu kommt, dass es keine zentrale Hotline gibt, sondern jeder Anbieter seine eigene einrichtet. F\u00fcr Blinde ist jedoch nicht ohne Weiteres herauszufinden,\u00a0zu welchem Unternehmen der\u00a0E-Scooter geh\u00f6rt. Der Verein wird von den Rechtsanw\u00e4lten Thomas Hiby und Michael Richter vertreten. Hiby hatte bereits in einem \u00e4hnlichen Fall Erfahrung gesammelt und der <em>Berliner Zeitung<\/em> im September erkl\u00e4rt, dass die bisherige Sondernutzungserlaubnis des Senats <a rel=\"nofollow noopener\" target=\"_blank\" href=\"https:\/\/www.berliner-zeitung.de\/mensch-metropole\/blindenverein-klagt-gegen-den-senat-e-scooter-runter-von-den-gehwegen-tier-voi-lime-jelbi-absv-li.263838\">rechtswidrig<\/a> sei.<\/p>\n<p><strong>Mehr zum Thema &#8211;<\/strong>\u00a0<a rel=\"nofollow noopener\" target=\"_blank\" href=\"https:\/\/test.rtde.tech\/inland\/143586-alkoholverbot-und-hausarrest-disziplin-fuer-us-soldaten\/\">Nach E-Scooter-Ausflug durch N\u00fcrnberg: 3.000 US-Soldaten erhalten Alkoholverbot und Hausarrest<\/a><\/p>\n<\/div>\n<p><br \/>\n<br \/><a href=\"https:\/\/de.rt.com\/inland\/150670-berlin-blindenverband-reicht-klage-gegen\/\">Source link <\/a><\/p>\n","protected":false},"excerpt":{"rendered":"<p>Insbesondere f\u00fcr Blinde sind E-Scooter, die die Gehwege Berlins blockieren, ein \u00c4rgernis. Nun hat der Allgemeine Blinden- und Sehbehindertenverein Berlins eine Verbandsklage eingereicht, damit &#8220;alle, vor allem Menschen mit Behinderung, den Gehweg wieder angst- und unfallfrei nutzen k\u00f6nnen&#8221;. Die einen hassen sie, die anderen w\u00fcrden sie am liebsten in der Spree versenken: E-Scooter. Besonders f\u00fcr [&hellip;]<\/p>\n","protected":false},"author":3,"featured_media":20345,"comment_status":"open","ping_status":"open","sticky":false,"template":"","format":"standard","meta":{"wp_automatic_camp":["217"],"a4bafd8aef123f4dd6209163c982855d":["Berliner Blindenverein reicht Klage gegen E-Scooter auf Gehwegen ein"],"original_link":["https:\/\/de.rt.com\/inland\/150670-berlin-blindenverband-reicht-klage-gegen\/"],"_thumbnail_id":["20345"],"jnews_social_counter_last_update":["1777179906"]},"categories":[19,23],"tags":[133,9101,33834,357,33835,278,33836,5205,5204],"yoast_head":"<!-- This site is optimized with the Yoast SEO Premium plugin v22.7 (Yoast SEO v22.7) - https:\/\/yoast.com\/wordpress\/plugins\/seo\/ -->\n<title>Berliner Blindenverein reicht Klage gegen E-Scooter auf Gehwegen ein - just-now.NEWS Deutschland<\/title>\n<meta name=\"robots\" content=\"index, follow, max-snippet:-1, max-image-preview:large, max-video-preview:-1\" \/>\n<link rel=\"canonical\" href=\"https:\/\/now-news.de\/de\/deutschland\/berliner-blindenverein-reicht-klage-gegen-e-scooter-auf-gehwegen-ein\/\" \/>\n<meta property=\"og:locale\" content=\"de_DE\" \/>\n<meta property=\"og:type\" content=\"article\" \/>\n<meta property=\"og:title\" content=\"Berliner Blindenverein reicht Klage gegen E-Scooter auf Gehwegen ein\" \/>\n<meta property=\"og:description\" content=\"Insbesondere f\u00fcr Blinde sind E-Scooter, die die Gehwege Berlins blockieren, ein \u00c4rgernis. Nun hat der Allgemeine Blinden- und Sehbehindertenverein Berlins eine Verbandsklage eingereicht, damit &#8220;alle, vor allem Menschen mit Behinderung, den Gehweg wieder angst- und unfallfrei nutzen k\u00f6nnen&#8221;. Die einen hassen sie, die anderen w\u00fcrden sie am liebsten in der Spree versenken: E-Scooter. Besonders f\u00fcr [&hellip;]\" \/>\n<meta property=\"og:url\" content=\"https:\/\/now-news.de\/de\/deutschland\/berliner-blindenverein-reicht-klage-gegen-e-scooter-auf-gehwegen-ein\/\" \/>\n<meta property=\"og:site_name\" content=\"just-now.NEWS Deutschland\" \/>\n<meta property=\"article:publisher\" content=\"https:\/\/www.facebook.com\/wirmachenauf\" \/>\n<meta property=\"article:published_time\" content=\"2022-10-05T04:30:00+00:00\" \/>\n<meta property=\"og:image\" content=\"https:\/\/now-news.de\/de\/wp-content\/uploads\/sites\/3\/2022\/10\/Berliner-Blindenverein-reicht-Klage-gegen-E-Scooter-auf-Gehwegen-ein.jpg\" \/>\n\t<meta property=\"og:image:width\" content=\"460\" \/>\n\t<meta property=\"og:image:height\" content=\"259\" \/>\n\t<meta property=\"og:image:type\" content=\"image\/jpeg\" \/>\n<meta name=\"author\" content=\"rtnews\" \/>\n<meta name=\"twitter:card\" content=\"summary_large_image\" \/>\n<meta name=\"twitter:creator\" content=\"@WirMachenAuf_de\" \/>\n<meta name=\"twitter:site\" content=\"@WirMachenAuf_de\" \/>\n<meta name=\"twitter:label1\" content=\"Verfasst von\" \/>\n\t<meta name=\"twitter:data1\" content=\"rtnews\" \/>\n\t<meta name=\"twitter:label2\" content=\"Gesch\u00e4tzte Lesezeit\" \/>\n\t<meta name=\"twitter:data2\" content=\"2\u00a0Minuten\" \/>\n<script type=\"application\/ld+json\" class=\"yoast-schema-graph\">{\"@context\":\"https:\/\/schema.org\",\"@graph\":[{\"@type\":\"Article\",\"@id\":\"https:\/\/now-news.de\/de\/deutschland\/berliner-blindenverein-reicht-klage-gegen-e-scooter-auf-gehwegen-ein\/#article\",\"isPartOf\":{\"@id\":\"https:\/\/now-news.de\/de\/deutschland\/berliner-blindenverein-reicht-klage-gegen-e-scooter-auf-gehwegen-ein\/\"},\"author\":{\"name\":\"rtnews\",\"@id\":\"https:\/\/now-news.de\/de\/#\/schema\/person\/fb534a4e865501d8b3285208df34a9b5\"},\"headline\":\"Berliner Blindenverein reicht Klage gegen E-Scooter auf Gehwegen ein\",\"datePublished\":\"2022-10-05T04:30:00+00:00\",\"dateModified\":\"2022-10-05T04:30:00+00:00\",\"mainEntityOfPage\":{\"@id\":\"https:\/\/now-news.de\/de\/deutschland\/berliner-blindenverein-reicht-klage-gegen-e-scooter-auf-gehwegen-ein\/\"},\"wordCount\":397,\"commentCount\":0,\"publisher\":{\"@id\":\"https:\/\/now-news.de\/de\/#organization\"},\"image\":{\"@id\":\"https:\/\/now-news.de\/de\/deutschland\/berliner-blindenverein-reicht-klage-gegen-e-scooter-auf-gehwegen-ein\/#primaryimage\"},\"thumbnailUrl\":\"https:\/\/now-news.de\/de\/wp-content\/uploads\/sites\/3\/2022\/10\/Berliner-Blindenverein-reicht-Klage-gegen-E-Scooter-auf-Gehwegen-ein.jpg\",\"keywords\":[\"AUF\",\"Berliner\",\"Blindenverein\",\"ein\",\"EScooter\",\"gegen\",\"Gehwegen\",\"Klage\",\"reicht\"],\"articleSection\":[\"Deutschland\",\"Russland\"],\"inLanguage\":\"de\",\"potentialAction\":[{\"@type\":\"CommentAction\",\"name\":\"Comment\",\"target\":[\"https:\/\/now-news.de\/de\/deutschland\/berliner-blindenverein-reicht-klage-gegen-e-scooter-auf-gehwegen-ein\/#respond\"]}]},{\"@type\":\"WebPage\",\"@id\":\"https:\/\/now-news.de\/de\/deutschland\/berliner-blindenverein-reicht-klage-gegen-e-scooter-auf-gehwegen-ein\/\",\"url\":\"https:\/\/now-news.de\/de\/deutschland\/berliner-blindenverein-reicht-klage-gegen-e-scooter-auf-gehwegen-ein\/\",\"name\":\"Berliner Blindenverein reicht Klage gegen E-Scooter auf Gehwegen ein - just-now.NEWS Deutschland\",\"isPartOf\":{\"@id\":\"https:\/\/now-news.de\/de\/#website\"},\"primaryImageOfPage\":{\"@id\":\"https:\/\/now-news.de\/de\/deutschland\/berliner-blindenverein-reicht-klage-gegen-e-scooter-auf-gehwegen-ein\/#primaryimage\"},\"image\":{\"@id\":\"https:\/\/now-news.de\/de\/deutschland\/berliner-blindenverein-reicht-klage-gegen-e-scooter-auf-gehwegen-ein\/#primaryimage\"},\"thumbnailUrl\":\"https:\/\/now-news.de\/de\/wp-content\/uploads\/sites\/3\/2022\/10\/Berliner-Blindenverein-reicht-Klage-gegen-E-Scooter-auf-Gehwegen-ein.jpg\",\"datePublished\":\"2022-10-05T04:30:00+00:00\",\"dateModified\":\"2022-10-05T04:30:00+00:00\",\"breadcrumb\":{\"@id\":\"https:\/\/now-news.de\/de\/deutschland\/berliner-blindenverein-reicht-klage-gegen-e-scooter-auf-gehwegen-ein\/#breadcrumb\"},\"inLanguage\":\"de\",\"potentialAction\":[{\"@type\":\"ReadAction\",\"target\":[\"https:\/\/now-news.de\/de\/deutschland\/berliner-blindenverein-reicht-klage-gegen-e-scooter-auf-gehwegen-ein\/\"]}]},{\"@type\":\"ImageObject\",\"inLanguage\":\"de\",\"@id\":\"https:\/\/now-news.de\/de\/deutschland\/berliner-blindenverein-reicht-klage-gegen-e-scooter-auf-gehwegen-ein\/#primaryimage\",\"url\":\"https:\/\/now-news.de\/de\/wp-content\/uploads\/sites\/3\/2022\/10\/Berliner-Blindenverein-reicht-Klage-gegen-E-Scooter-auf-Gehwegen-ein.jpg\",\"contentUrl\":\"https:\/\/now-news.de\/de\/wp-content\/uploads\/sites\/3\/2022\/10\/Berliner-Blindenverein-reicht-Klage-gegen-E-Scooter-auf-Gehwegen-ein.jpg\",\"width\":460,\"height\":259,\"caption\":\"Berliner Blindenverein reicht Klage gegen E-Scooter auf Gehwegen ein\"},{\"@type\":\"BreadcrumbList\",\"@id\":\"https:\/\/now-news.de\/de\/deutschland\/berliner-blindenverein-reicht-klage-gegen-e-scooter-auf-gehwegen-ein\/#breadcrumb\",\"itemListElement\":[{\"@type\":\"ListItem\",\"position\":1,\"name\":\"Home\",\"item\":\"https:\/\/now-news.de\/de\/\"},{\"@type\":\"ListItem\",\"position\":2,\"name\":\"Berliner Blindenverein reicht Klage gegen E-Scooter auf Gehwegen ein\"}]},{\"@type\":\"WebSite\",\"@id\":\"https:\/\/now-news.de\/de\/#website\",\"url\":\"https:\/\/now-news.de\/de\/\",\"name\":\"just-now.NEWS Deutschland\",\"description\":\"Das Portal f\u00fcr unzensierte Nachrichten aus der Welt\",\"publisher\":{\"@id\":\"https:\/\/now-news.de\/de\/#organization\"},\"potentialAction\":[{\"@type\":\"SearchAction\",\"target\":{\"@type\":\"EntryPoint\",\"urlTemplate\":\"https:\/\/now-news.de\/de\/?s={search_term_string}\"},\"query-input\":\"required name=search_term_string\"}],\"inLanguage\":\"de\"},{\"@type\":\"Organization\",\"@id\":\"https:\/\/now-news.de\/de\/#organization\",\"name\":\"Just Now News\",\"url\":\"https:\/\/now-news.de\/de\/\",\"logo\":{\"@type\":\"ImageObject\",\"inLanguage\":\"de\",\"@id\":\"https:\/\/now-news.de\/de\/#\/schema\/logo\/image\/\",\"url\":\"http:\/\/just-now.news\/de\/wp-content\/uploads\/sites\/3\/2022\/04\/logo500x500.jpg\",\"contentUrl\":\"http:\/\/just-now.news\/de\/wp-content\/uploads\/sites\/3\/2022\/04\/logo500x500.jpg\",\"width\":500,\"height\":500,\"caption\":\"Just Now News\"},\"image\":{\"@id\":\"https:\/\/now-news.de\/de\/#\/schema\/logo\/image\/\"},\"sameAs\":[\"https:\/\/www.facebook.com\/wirmachenauf\",\"https:\/\/x.com\/WirMachenAuf_de\"]},{\"@type\":\"Person\",\"@id\":\"https:\/\/now-news.de\/de\/#\/schema\/person\/fb534a4e865501d8b3285208df34a9b5\",\"name\":\"rtnews\",\"image\":{\"@type\":\"ImageObject\",\"inLanguage\":\"de\",\"@id\":\"https:\/\/now-news.de\/de\/#\/schema\/person\/image\/\",\"url\":\"https:\/\/secure.gravatar.com\/avatar\/82aafea7d8127119dd649515f56e2117?s=96&d=mm&r=g\",\"contentUrl\":\"https:\/\/secure.gravatar.com\/avatar\/82aafea7d8127119dd649515f56e2117?s=96&d=mm&r=g\",\"caption\":\"rtnews\"},\"url\":\"https:\/\/now-news.de\/de\/author\/rnews\/\"}]}<\/script>\n<!-- \/ Yoast SEO Premium plugin. -->","yoast_head_json":{"title":"Berliner Blindenverein reicht Klage gegen E-Scooter auf Gehwegen ein - just-now.NEWS Deutschland","robots":{"index":"index","follow":"follow","max-snippet":"max-snippet:-1","max-image-preview":"max-image-preview:large","max-video-preview":"max-video-preview:-1"},"canonical":"https:\/\/now-news.de\/de\/deutschland\/berliner-blindenverein-reicht-klage-gegen-e-scooter-auf-gehwegen-ein\/","og_locale":"de_DE","og_type":"article","og_title":"Berliner Blindenverein reicht Klage gegen E-Scooter auf Gehwegen ein","og_description":"Insbesondere f\u00fcr Blinde sind E-Scooter, die die Gehwege Berlins blockieren, ein \u00c4rgernis. Nun hat der Allgemeine Blinden- und Sehbehindertenverein Berlins eine Verbandsklage eingereicht, damit &#8220;alle, vor allem Menschen mit Behinderung, den Gehweg wieder angst- und unfallfrei nutzen k\u00f6nnen&#8221;. Die einen hassen sie, die anderen w\u00fcrden sie am liebsten in der Spree versenken: E-Scooter. Besonders f\u00fcr [&hellip;]","og_url":"https:\/\/now-news.de\/de\/deutschland\/berliner-blindenverein-reicht-klage-gegen-e-scooter-auf-gehwegen-ein\/","og_site_name":"just-now.NEWS Deutschland","article_publisher":"https:\/\/www.facebook.com\/wirmachenauf","article_published_time":"2022-10-05T04:30:00+00:00","og_image":[{"width":460,"height":259,"url":"https:\/\/now-news.de\/de\/wp-content\/uploads\/sites\/3\/2022\/10\/Berliner-Blindenverein-reicht-Klage-gegen-E-Scooter-auf-Gehwegen-ein.jpg","type":"image\/jpeg"}],"author":"rtnews","twitter_card":"summary_large_image","twitter_creator":"@WirMachenAuf_de","twitter_site":"@WirMachenAuf_de","twitter_misc":{"Verfasst von":"rtnews","Gesch\u00e4tzte Lesezeit":"2\u00a0Minuten"},"schema":{"@context":"https:\/\/schema.org","@graph":[{"@type":"Article","@id":"https:\/\/now-news.de\/de\/deutschland\/berliner-blindenverein-reicht-klage-gegen-e-scooter-auf-gehwegen-ein\/#article","isPartOf":{"@id":"https:\/\/now-news.de\/de\/deutschland\/berliner-blindenverein-reicht-klage-gegen-e-scooter-auf-gehwegen-ein\/"},"author":{"name":"rtnews","@id":"https:\/\/now-news.de\/de\/#\/schema\/person\/fb534a4e865501d8b3285208df34a9b5"},"headline":"Berliner Blindenverein reicht Klage gegen E-Scooter auf Gehwegen ein","datePublished":"2022-10-05T04:30:00+00:00","dateModified":"2022-10-05T04:30:00+00:00","mainEntityOfPage":{"@id":"https:\/\/now-news.de\/de\/deutschland\/berliner-blindenverein-reicht-klage-gegen-e-scooter-auf-gehwegen-ein\/"},"wordCount":397,"commentCount":0,"publisher":{"@id":"https:\/\/now-news.de\/de\/#organization"},"image":{"@id":"https:\/\/now-news.de\/de\/deutschland\/berliner-blindenverein-reicht-klage-gegen-e-scooter-auf-gehwegen-ein\/#primaryimage"},"thumbnailUrl":"https:\/\/now-news.de\/de\/wp-content\/uploads\/sites\/3\/2022\/10\/Berliner-Blindenverein-reicht-Klage-gegen-E-Scooter-auf-Gehwegen-ein.jpg","keywords":["AUF","Berliner","Blindenverein","ein","EScooter","gegen","Gehwegen","Klage","reicht"],"articleSection":["Deutschland","Russland"],"inLanguage":"de","potentialAction":[{"@type":"CommentAction","name":"Comment","target":["https:\/\/now-news.de\/de\/deutschland\/berliner-blindenverein-reicht-klage-gegen-e-scooter-auf-gehwegen-ein\/#respond"]}]},{"@type":"WebPage","@id":"https:\/\/now-news.de\/de\/deutschland\/berliner-blindenverein-reicht-klage-gegen-e-scooter-auf-gehwegen-ein\/","url":"https:\/\/now-news.de\/de\/deutschland\/berliner-blindenverein-reicht-klage-gegen-e-scooter-auf-gehwegen-ein\/","name":"Berliner Blindenverein reicht Klage gegen E-Scooter auf Gehwegen ein - just-now.NEWS Deutschland","isPartOf":{"@id":"https:\/\/now-news.de\/de\/#website"},"primaryImageOfPage":{"@id":"https:\/\/now-news.de\/de\/deutschland\/berliner-blindenverein-reicht-klage-gegen-e-scooter-auf-gehwegen-ein\/#primaryimage"},"image":{"@id":"https:\/\/now-news.de\/de\/deutschland\/berliner-blindenverein-reicht-klage-gegen-e-scooter-auf-gehwegen-ein\/#primaryimage"},"thumbnailUrl":"https:\/\/now-news.de\/de\/wp-content\/uploads\/sites\/3\/2022\/10\/Berliner-Blindenverein-reicht-Klage-gegen-E-Scooter-auf-Gehwegen-ein.jpg","datePublished":"2022-10-05T04:30:00+00:00","dateModified":"2022-10-05T04:30:00+00:00","breadcrumb":{"@id":"https:\/\/now-news.de\/de\/deutschland\/berliner-blindenverein-reicht-klage-gegen-e-scooter-auf-gehwegen-ein\/#breadcrumb"},"inLanguage":"de","potentialAction":[{"@type":"ReadAction","target":["https:\/\/now-news.de\/de\/deutschland\/berliner-blindenverein-reicht-klage-gegen-e-scooter-auf-gehwegen-ein\/"]}]},{"@type":"ImageObject","inLanguage":"de","@id":"https:\/\/now-news.de\/de\/deutschland\/berliner-blindenverein-reicht-klage-gegen-e-scooter-auf-gehwegen-ein\/#primaryimage","url":"https:\/\/now-news.de\/de\/wp-content\/uploads\/sites\/3\/2022\/10\/Berliner-Blindenverein-reicht-Klage-gegen-E-Scooter-auf-Gehwegen-ein.jpg","contentUrl":"https:\/\/now-news.de\/de\/wp-content\/uploads\/sites\/3\/2022\/10\/Berliner-Blindenverein-reicht-Klage-gegen-E-Scooter-auf-Gehwegen-ein.jpg","width":460,"height":259,"caption":"Berliner Blindenverein reicht Klage gegen E-Scooter auf Gehwegen ein"},{"@type":"BreadcrumbList","@id":"https:\/\/now-news.de\/de\/deutschland\/berliner-blindenverein-reicht-klage-gegen-e-scooter-auf-gehwegen-ein\/#breadcrumb","itemListElement":[{"@type":"ListItem","position":1,"name":"Home","item":"https:\/\/now-news.de\/de\/"},{"@type":"ListItem","position":2,"name":"Berliner Blindenverein reicht Klage gegen E-Scooter auf Gehwegen ein"}]},{"@type":"WebSite","@id":"https:\/\/now-news.de\/de\/#website","url":"https:\/\/now-news.de\/de\/","name":"just-now.NEWS Deutschland","description":"Das Portal f\u00fcr unzensierte Nachrichten aus der Welt","publisher":{"@id":"https:\/\/now-news.de\/de\/#organization"},"potentialAction":[{"@type":"SearchAction","target":{"@type":"EntryPoint","urlTemplate":"https:\/\/now-news.de\/de\/?s={search_term_string}"},"query-input":"required name=search_term_string"}],"inLanguage":"de"},{"@type":"Organization","@id":"https:\/\/now-news.de\/de\/#organization","name":"Just Now News","url":"https:\/\/now-news.de\/de\/","logo":{"@type":"ImageObject","inLanguage":"de","@id":"https:\/\/now-news.de\/de\/#\/schema\/logo\/image\/","url":"http:\/\/just-now.news\/de\/wp-content\/uploads\/sites\/3\/2022\/04\/logo500x500.jpg","contentUrl":"http:\/\/just-now.news\/de\/wp-content\/uploads\/sites\/3\/2022\/04\/logo500x500.jpg","width":500,"height":500,"caption":"Just Now News"},"image":{"@id":"https:\/\/now-news.de\/de\/#\/schema\/logo\/image\/"},"sameAs":["https:\/\/www.facebook.com\/wirmachenauf","https:\/\/x.com\/WirMachenAuf_de"]},{"@type":"Person","@id":"https:\/\/now-news.de\/de\/#\/schema\/person\/fb534a4e865501d8b3285208df34a9b5","name":"rtnews","image":{"@type":"ImageObject","inLanguage":"de","@id":"https:\/\/now-news.de\/de\/#\/schema\/person\/image\/","url":"https:\/\/secure.gravatar.com\/avatar\/82aafea7d8127119dd649515f56e2117?s=96&d=mm&r=g","contentUrl":"https:\/\/secure.gravatar.com\/avatar\/82aafea7d8127119dd649515f56e2117?s=96&d=mm&r=g","caption":"rtnews"},"url":"https:\/\/now-news.de\/de\/author\/rnews\/"}]}},"_links":{"self":[{"href":"https:\/\/now-news.de\/de\/wp-json\/wp\/v2\/posts\/20344"}],"collection":[{"href":"https:\/\/now-news.de\/de\/wp-json\/wp\/v2\/posts"}],"about":[{"href":"https:\/\/now-news.de\/de\/wp-json\/wp\/v2\/types\/post"}],"author":[{"embeddable":true,"href":"https:\/\/now-news.de\/de\/wp-json\/wp\/v2\/users\/3"}],"replies":[{"embeddable":true,"href":"https:\/\/now-news.de\/de\/wp-json\/wp\/v2\/comments?post=20344"}],"version-history":[{"count":0,"href":"https:\/\/now-news.de\/de\/wp-json\/wp\/v2\/posts\/20344\/revisions"}],"wp:featuredmedia":[{"embeddable":true,"href":"https:\/\/now-news.de\/de\/wp-json\/wp\/v2\/media\/20345"}],"wp:attachment":[{"href":"https:\/\/now-news.de\/de\/wp-json\/wp\/v2\/media?parent=20344"}],"wp:term":[{"taxonomy":"category","embeddable":true,"href":"https:\/\/now-news.de\/de\/wp-json\/wp\/v2\/categories?post=20344"},{"taxonomy":"post_tag","embeddable":true,"href":"https:\/\/now-news.de\/de\/wp-json\/wp\/v2\/tags?post=20344"}],"curies":[{"name":"wp","href":"https:\/\/api.w.org\/{rel}","templated":true}]}}