{"id":20342,"date":"2022-10-05T06:15:00","date_gmt":"2022-10-05T04:15:00","guid":{"rendered":"http:\/\/just-now.news\/de\/deutschland\/die-syrische-tragoedie-und-das-schweigen-des-westens\/"},"modified":"2022-10-05T06:15:00","modified_gmt":"2022-10-05T04:15:00","slug":"die-syrische-tragoedie-und-das-schweigen-des-westens","status":"publish","type":"post","link":"https:\/\/now-news.de\/de\/deutschland\/die-syrische-tragoedie-und-das-schweigen-des-westens\/","title":{"rendered":"Die syrische Trag\u00f6die und das Schweigen des Westens"},"content":{"rendered":"<p><img decoding=\"async\" src=\"http:\/\/just-now.news\/de\/wp-content\/uploads\/sites\/3\/2022\/10\/6333110ab480cc2b525b5783.jpg\" \/><\/p>\n<p><em>Von Dr. Anton Friesen<\/em><\/p>\n<p>Die humanit\u00e4re Lage in Syrien ist dramatisch: 12,4 Millionen Syrer \u2013 fast 60 Prozent der Bev\u00f6lkerung \u2013 hatten im Jahr 2021 nicht genug zu essen. Das ist ein ersch\u00fctternder Anstieg um fast 4,5 Millionen Menschen seit 2019. Inzwischen d\u00fcrften es Hunderttausende mehr sein.<\/p>\n<p>Syrien bezog einen Gro\u00dfteil seiner Weizenimporte aus Russland und der Ukraine. Mehr als 80 Prozent der Bev\u00f6lkerung sind unter die Armutsgrenze gerutscht. Auch landesweit nimmt die Armut zu, da die Familien ihre Ersparnisse aufgebraucht haben und gleichzeitig die Preise f\u00fcr Lebensmittel, Heiz\u00f6l und G\u00fcter des t\u00e4glichen Bedarfs innerhalb von sechs Monaten um 100 Prozent gestiegen sind. Um die Kosten f\u00fcr eine Monatsration Lebensmittel aufwenden zu k\u00f6nnen, m\u00fcssten Syrer 11,5 Wochen arbeiten \u2013 vorausgesetzt sie finden Arbeit.<\/p>\n<p>2011, als der B\u00fcrgerkrieg begann, befand sich Syrien auf dem H\u00f6hepunkt seiner Entwicklung. Die durchschnittliche Lebenserwartung betrug 73,3 Jahre (zum Vergleich 1990: 69,8 Jahre), das BIP pro Kopf lag bei 13.286 US-Dollar. Zum Vergleich: das BIP pro Kopf betrug im Jahr 1990 4.198 US-Dollar. Damit hat sich der syrische Wohlstand innerhalb von gut 20 Jahren verdreifacht. Syrien war ein Land mit einem mittleren Einkommen, f\u00fcr den Nahen und Mittleren Osten mit einem relativ hohen Einkommen. 2011 lag Syrien noch vor \u00c4gypten, was seinen sozio-\u00f6konomischen Entwicklungsstand angeht (HDI, Human Development Index, Rang 109; \u00c4gypten Rang 115). 2021 dagegen liegt \u00c4gypten auf Rang 97 weltweit \u2013 und Syrien auf Rang 150 von 191 Staaten. Aus dem damals vom Westen hofierten liberalen Reformer Assad, ein Arzt mit westlicher Bildung, ist in den Augen der Hofpresse der &#8220;b\u00f6se syrische Schl\u00e4chter&#8221; geworden.<\/p>\n<p>Genau das Gleiche \u2013 wirtschaftlicher Abstieg und soziale Katastrophe \u2013 l\u00e4sst sich von Staaten wie dem Irak und Libyen sagen, die von den durch die USA zusammen mit Gro\u00dfbritannien und Frankreich durchgef\u00fchrten Milit\u00e4rinterventionen betroffen waren.<\/p>\n<p>Die kriegszerst\u00f6rte syrische Wirtschaft, der libanesische Bankenkollaps und die Nachwirkungen von COVID-19 \u2013 all das tr\u00e4gt zur syrischen Trag\u00f6die bei. Was jedoch entscheidend ist \u2013 und das sagen nicht Moskau und Damaskus, sondern westliche humanit\u00e4re Hilfsorganisationen wie CSI Deutschland \u2013 sind die katastrophalen Folgen vor allem der US-, aber auch der EU-Sanktionen.<\/p>\n<p>In der Theorie sind humanit\u00e4re G\u00fcter von den Sanktionen ausgenommen. In der Praxis k\u00f6nnen nicht einmal Medikamente f\u00fcr ein Krankenhaus z. B. in Aleppo bezahlt werden, da die USA seit 2020 sogar die syrische Zentralbank sanktioniert haben, ebenso wie alle gesch\u00e4ftlichen Beziehungen mit Syrien und zwar f\u00fcr alle Unternehmen weltweit. Westliche Banken t\u00e4tigen \u2013 aus Angst vor den US-Sanktionen \u2013 keine Gesch\u00e4fte mehr mit Syrien. Die USA gehen bei der Verfolgung ihrer geopolitischen Ziele buchst\u00e4blich \u00fcber Leichen. Die erkl\u00e4rten Menschenrechtsverteidiger k\u00fcmmern sich gar nicht um das Wohl der syrischen Zivilbev\u00f6lkerung. Auch wenn die Vereinigten Staaten gerne weltweit Christen verteidigen \u2013 in Syrien scheint dieser Grundsatz nicht zu gelten. Inzwischen lebt im Vergleich mit 2011 nur noch ein F\u00fcnftel der Christen in Syrien und der Rest sieht f\u00fcr sich zunehmend keine Zukunft in einem Land, das an der Wiege der Christenheit stand. Vergessen, dass das als Hochburg der Islamisten verschriene Homs ehemals eine Stadt mit einem gro\u00dfen christlichen Viertel war. Vergessen auch, dass die heiligen Petrus und Paulus in Syrien wirkten (auch in Tartus, wo heute die gro\u00dfe russische Milit\u00e4rbasis ist).<\/p>\n<p>Im Irak hat es &#8220;dank&#8221; US-Sanktionen 300.000 bis 500.000 tote Kinder gegeben. Wie viele braucht es in Syrien, damit dieser Wahnsinn aufh\u00f6rt?<\/p>\n<p><em><strong>Dr. Anton Friesen<\/strong>, Wissenschaftlicher Mitarbeiter im Deutschen Bundestag und ehemaliger Bundestagsabgeordneter (Ausw\u00e4rtiger Ausschuss sowie Ausschuss f\u00fcr Menschenrechte und humanit\u00e4re Hilfe). Der Autor vertritt im Artikel ausschlie\u00dflich seine eigene Meinung.<\/em><\/p>\n<p><strong>Mehr zum Thema<\/strong> &#8211; <a rel=\"nofollow noopener\" target=\"_blank\" href=\"https:\/\/test.rtde.tech\/der-nahe-osten\/149593-china-fordert-usa-auf-pluenderung-syrischer-ressourcen-einzustellen\/\">&#8220;Verhalten von Banditen&#8221;: China fordert USA auf, Pl\u00fcnderung syrischer Ressourcen einzustellen<\/a><\/p>\n<p><br \/>\n<br \/><a href=\"https:\/\/de.rt.com\/meinung\/149965-syrische-tragoedie-und-schweigen-westens\/\">Source link <\/a><\/p>\n","protected":false},"excerpt":{"rendered":"<p>Von Dr. Anton Friesen Die humanit\u00e4re Lage in Syrien ist dramatisch: 12,4 Millionen Syrer \u2013 fast 60 Prozent der Bev\u00f6lkerung \u2013 hatten im Jahr 2021 nicht genug zu essen. Das ist ein ersch\u00fctternder Anstieg um fast 4,5 Millionen Menschen seit 2019. Inzwischen d\u00fcrften es Hunderttausende mehr sein. Syrien bezog einen Gro\u00dfteil seiner Weizenimporte aus Russland [&hellip;]<\/p>\n","protected":false},"author":3,"featured_media":20343,"comment_status":"open","ping_status":"open","sticky":false,"template":"","format":"standard","meta":{"wp_automatic_camp":["217"],"8e50a649d3f99343b9f062a6d41c6cb1":["Die syrische Trag\u00f6die und das Schweigen des Westens"],"original_link":["https:\/\/de.rt.com\/meinung\/149965-syrische-tragoedie-und-schweigen-westens\/"],"_thumbnail_id":["20343"],"jnews_social_counter_last_update":["1777287707"]},"categories":[19,23],"tags":[427,583,45,7393,5520,22773,140,3117],"yoast_head":"<!-- This site is optimized with the Yoast SEO Premium plugin v22.7 (Yoast SEO v22.7) - https:\/\/yoast.com\/wordpress\/plugins\/seo\/ -->\n<title>Die syrische Trag\u00f6die und das Schweigen des Westens - just-now.NEWS Deutschland<\/title>\n<meta name=\"robots\" content=\"index, follow, max-snippet:-1, max-image-preview:large, max-video-preview:-1\" \/>\n<link rel=\"canonical\" href=\"https:\/\/now-news.de\/de\/deutschland\/die-syrische-tragoedie-und-das-schweigen-des-westens\/\" \/>\n<meta property=\"og:locale\" content=\"de_DE\" \/>\n<meta property=\"og:type\" content=\"article\" \/>\n<meta property=\"og:title\" content=\"Die syrische Trag\u00f6die und das Schweigen des Westens\" \/>\n<meta property=\"og:description\" content=\"Von Dr. Anton Friesen Die humanit\u00e4re Lage in Syrien ist dramatisch: 12,4 Millionen Syrer \u2013 fast 60 Prozent der Bev\u00f6lkerung \u2013 hatten im Jahr 2021 nicht genug zu essen. Das ist ein ersch\u00fctternder Anstieg um fast 4,5 Millionen Menschen seit 2019. Inzwischen d\u00fcrften es Hunderttausende mehr sein. Syrien bezog einen Gro\u00dfteil seiner Weizenimporte aus Russland [&hellip;]\" \/>\n<meta property=\"og:url\" content=\"https:\/\/now-news.de\/de\/deutschland\/die-syrische-tragoedie-und-das-schweigen-des-westens\/\" \/>\n<meta property=\"og:site_name\" content=\"just-now.NEWS Deutschland\" \/>\n<meta property=\"article:publisher\" content=\"https:\/\/www.facebook.com\/wirmachenauf\" \/>\n<meta property=\"article:published_time\" content=\"2022-10-05T04:15:00+00:00\" \/>\n<meta property=\"og:image\" content=\"https:\/\/now-news.de\/de\/wp-content\/uploads\/sites\/3\/2022\/10\/Die-syrische-Tragoedie-und-das-Schweigen-des-Westens.jpg\" \/>\n\t<meta property=\"og:image:width\" content=\"460\" \/>\n\t<meta property=\"og:image:height\" content=\"259\" \/>\n\t<meta property=\"og:image:type\" content=\"image\/jpeg\" \/>\n<meta name=\"author\" content=\"rtnews\" \/>\n<meta name=\"twitter:card\" content=\"summary_large_image\" \/>\n<meta name=\"twitter:creator\" content=\"@WirMachenAuf_de\" \/>\n<meta name=\"twitter:site\" content=\"@WirMachenAuf_de\" \/>\n<meta name=\"twitter:label1\" content=\"Verfasst von\" \/>\n\t<meta name=\"twitter:data1\" content=\"rtnews\" \/>\n\t<meta name=\"twitter:label2\" content=\"Gesch\u00e4tzte Lesezeit\" \/>\n\t<meta name=\"twitter:data2\" content=\"3\u00a0Minuten\" \/>\n<script type=\"application\/ld+json\" class=\"yoast-schema-graph\">{\"@context\":\"https:\/\/schema.org\",\"@graph\":[{\"@type\":\"Article\",\"@id\":\"https:\/\/now-news.de\/de\/deutschland\/die-syrische-tragoedie-und-das-schweigen-des-westens\/#article\",\"isPartOf\":{\"@id\":\"https:\/\/now-news.de\/de\/deutschland\/die-syrische-tragoedie-und-das-schweigen-des-westens\/\"},\"author\":{\"name\":\"rtnews\",\"@id\":\"https:\/\/now-news.de\/de\/#\/schema\/person\/fb534a4e865501d8b3285208df34a9b5\"},\"headline\":\"Die syrische Trag\u00f6die und das Schweigen des Westens\",\"datePublished\":\"2022-10-05T04:15:00+00:00\",\"dateModified\":\"2022-10-05T04:15:00+00:00\",\"mainEntityOfPage\":{\"@id\":\"https:\/\/now-news.de\/de\/deutschland\/die-syrische-tragoedie-und-das-schweigen-des-westens\/\"},\"wordCount\":616,\"commentCount\":0,\"publisher\":{\"@id\":\"https:\/\/now-news.de\/de\/#organization\"},\"image\":{\"@id\":\"https:\/\/now-news.de\/de\/deutschland\/die-syrische-tragoedie-und-das-schweigen-des-westens\/#primaryimage\"},\"thumbnailUrl\":\"https:\/\/now-news.de\/de\/wp-content\/uploads\/sites\/3\/2022\/10\/Die-syrische-Tragoedie-und-das-Schweigen-des-Westens.jpg\",\"keywords\":[\"das\",\"des\",\"die\",\"Schweigen\",\"Syrische\",\"Trag\u00f6die\",\"und\",\"Westens\"],\"articleSection\":[\"Deutschland\",\"Russland\"],\"inLanguage\":\"de\",\"potentialAction\":[{\"@type\":\"CommentAction\",\"name\":\"Comment\",\"target\":[\"https:\/\/now-news.de\/de\/deutschland\/die-syrische-tragoedie-und-das-schweigen-des-westens\/#respond\"]}]},{\"@type\":\"WebPage\",\"@id\":\"https:\/\/now-news.de\/de\/deutschland\/die-syrische-tragoedie-und-das-schweigen-des-westens\/\",\"url\":\"https:\/\/now-news.de\/de\/deutschland\/die-syrische-tragoedie-und-das-schweigen-des-westens\/\",\"name\":\"Die syrische Trag\u00f6die und das Schweigen des Westens - just-now.NEWS Deutschland\",\"isPartOf\":{\"@id\":\"https:\/\/now-news.de\/de\/#website\"},\"primaryImageOfPage\":{\"@id\":\"https:\/\/now-news.de\/de\/deutschland\/die-syrische-tragoedie-und-das-schweigen-des-westens\/#primaryimage\"},\"image\":{\"@id\":\"https:\/\/now-news.de\/de\/deutschland\/die-syrische-tragoedie-und-das-schweigen-des-westens\/#primaryimage\"},\"thumbnailUrl\":\"https:\/\/now-news.de\/de\/wp-content\/uploads\/sites\/3\/2022\/10\/Die-syrische-Tragoedie-und-das-Schweigen-des-Westens.jpg\",\"datePublished\":\"2022-10-05T04:15:00+00:00\",\"dateModified\":\"2022-10-05T04:15:00+00:00\",\"breadcrumb\":{\"@id\":\"https:\/\/now-news.de\/de\/deutschland\/die-syrische-tragoedie-und-das-schweigen-des-westens\/#breadcrumb\"},\"inLanguage\":\"de\",\"potentialAction\":[{\"@type\":\"ReadAction\",\"target\":[\"https:\/\/now-news.de\/de\/deutschland\/die-syrische-tragoedie-und-das-schweigen-des-westens\/\"]}]},{\"@type\":\"ImageObject\",\"inLanguage\":\"de\",\"@id\":\"https:\/\/now-news.de\/de\/deutschland\/die-syrische-tragoedie-und-das-schweigen-des-westens\/#primaryimage\",\"url\":\"https:\/\/now-news.de\/de\/wp-content\/uploads\/sites\/3\/2022\/10\/Die-syrische-Tragoedie-und-das-Schweigen-des-Westens.jpg\",\"contentUrl\":\"https:\/\/now-news.de\/de\/wp-content\/uploads\/sites\/3\/2022\/10\/Die-syrische-Tragoedie-und-das-Schweigen-des-Westens.jpg\",\"width\":460,\"height\":259,\"caption\":\"Die syrische Trag\u00f6die und das Schweigen des Westens\"},{\"@type\":\"BreadcrumbList\",\"@id\":\"https:\/\/now-news.de\/de\/deutschland\/die-syrische-tragoedie-und-das-schweigen-des-westens\/#breadcrumb\",\"itemListElement\":[{\"@type\":\"ListItem\",\"position\":1,\"name\":\"Home\",\"item\":\"https:\/\/now-news.de\/de\/\"},{\"@type\":\"ListItem\",\"position\":2,\"name\":\"Die syrische Trag\u00f6die und das Schweigen des Westens\"}]},{\"@type\":\"WebSite\",\"@id\":\"https:\/\/now-news.de\/de\/#website\",\"url\":\"https:\/\/now-news.de\/de\/\",\"name\":\"just-now.NEWS Deutschland\",\"description\":\"Das Portal f\u00fcr unzensierte Nachrichten aus der Welt\",\"publisher\":{\"@id\":\"https:\/\/now-news.de\/de\/#organization\"},\"potentialAction\":[{\"@type\":\"SearchAction\",\"target\":{\"@type\":\"EntryPoint\",\"urlTemplate\":\"https:\/\/now-news.de\/de\/?s={search_term_string}\"},\"query-input\":\"required name=search_term_string\"}],\"inLanguage\":\"de\"},{\"@type\":\"Organization\",\"@id\":\"https:\/\/now-news.de\/de\/#organization\",\"name\":\"Just Now News\",\"url\":\"https:\/\/now-news.de\/de\/\",\"logo\":{\"@type\":\"ImageObject\",\"inLanguage\":\"de\",\"@id\":\"https:\/\/now-news.de\/de\/#\/schema\/logo\/image\/\",\"url\":\"http:\/\/just-now.news\/de\/wp-content\/uploads\/sites\/3\/2022\/04\/logo500x500.jpg\",\"contentUrl\":\"http:\/\/just-now.news\/de\/wp-content\/uploads\/sites\/3\/2022\/04\/logo500x500.jpg\",\"width\":500,\"height\":500,\"caption\":\"Just Now News\"},\"image\":{\"@id\":\"https:\/\/now-news.de\/de\/#\/schema\/logo\/image\/\"},\"sameAs\":[\"https:\/\/www.facebook.com\/wirmachenauf\",\"https:\/\/x.com\/WirMachenAuf_de\"]},{\"@type\":\"Person\",\"@id\":\"https:\/\/now-news.de\/de\/#\/schema\/person\/fb534a4e865501d8b3285208df34a9b5\",\"name\":\"rtnews\",\"image\":{\"@type\":\"ImageObject\",\"inLanguage\":\"de\",\"@id\":\"https:\/\/now-news.de\/de\/#\/schema\/person\/image\/\",\"url\":\"https:\/\/secure.gravatar.com\/avatar\/82aafea7d8127119dd649515f56e2117?s=96&d=mm&r=g\",\"contentUrl\":\"https:\/\/secure.gravatar.com\/avatar\/82aafea7d8127119dd649515f56e2117?s=96&d=mm&r=g\",\"caption\":\"rtnews\"},\"url\":\"https:\/\/now-news.de\/de\/author\/rnews\/\"}]}<\/script>\n<!-- \/ Yoast SEO Premium plugin. -->","yoast_head_json":{"title":"Die syrische Trag\u00f6die und das Schweigen des Westens - just-now.NEWS Deutschland","robots":{"index":"index","follow":"follow","max-snippet":"max-snippet:-1","max-image-preview":"max-image-preview:large","max-video-preview":"max-video-preview:-1"},"canonical":"https:\/\/now-news.de\/de\/deutschland\/die-syrische-tragoedie-und-das-schweigen-des-westens\/","og_locale":"de_DE","og_type":"article","og_title":"Die syrische Trag\u00f6die und das Schweigen des Westens","og_description":"Von Dr. Anton Friesen Die humanit\u00e4re Lage in Syrien ist dramatisch: 12,4 Millionen Syrer \u2013 fast 60 Prozent der Bev\u00f6lkerung \u2013 hatten im Jahr 2021 nicht genug zu essen. Das ist ein ersch\u00fctternder Anstieg um fast 4,5 Millionen Menschen seit 2019. Inzwischen d\u00fcrften es Hunderttausende mehr sein. Syrien bezog einen Gro\u00dfteil seiner Weizenimporte aus Russland [&hellip;]","og_url":"https:\/\/now-news.de\/de\/deutschland\/die-syrische-tragoedie-und-das-schweigen-des-westens\/","og_site_name":"just-now.NEWS Deutschland","article_publisher":"https:\/\/www.facebook.com\/wirmachenauf","article_published_time":"2022-10-05T04:15:00+00:00","og_image":[{"width":460,"height":259,"url":"https:\/\/now-news.de\/de\/wp-content\/uploads\/sites\/3\/2022\/10\/Die-syrische-Tragoedie-und-das-Schweigen-des-Westens.jpg","type":"image\/jpeg"}],"author":"rtnews","twitter_card":"summary_large_image","twitter_creator":"@WirMachenAuf_de","twitter_site":"@WirMachenAuf_de","twitter_misc":{"Verfasst von":"rtnews","Gesch\u00e4tzte Lesezeit":"3\u00a0Minuten"},"schema":{"@context":"https:\/\/schema.org","@graph":[{"@type":"Article","@id":"https:\/\/now-news.de\/de\/deutschland\/die-syrische-tragoedie-und-das-schweigen-des-westens\/#article","isPartOf":{"@id":"https:\/\/now-news.de\/de\/deutschland\/die-syrische-tragoedie-und-das-schweigen-des-westens\/"},"author":{"name":"rtnews","@id":"https:\/\/now-news.de\/de\/#\/schema\/person\/fb534a4e865501d8b3285208df34a9b5"},"headline":"Die syrische Trag\u00f6die und das Schweigen des Westens","datePublished":"2022-10-05T04:15:00+00:00","dateModified":"2022-10-05T04:15:00+00:00","mainEntityOfPage":{"@id":"https:\/\/now-news.de\/de\/deutschland\/die-syrische-tragoedie-und-das-schweigen-des-westens\/"},"wordCount":616,"commentCount":0,"publisher":{"@id":"https:\/\/now-news.de\/de\/#organization"},"image":{"@id":"https:\/\/now-news.de\/de\/deutschland\/die-syrische-tragoedie-und-das-schweigen-des-westens\/#primaryimage"},"thumbnailUrl":"https:\/\/now-news.de\/de\/wp-content\/uploads\/sites\/3\/2022\/10\/Die-syrische-Tragoedie-und-das-Schweigen-des-Westens.jpg","keywords":["das","des","die","Schweigen","Syrische","Trag\u00f6die","und","Westens"],"articleSection":["Deutschland","Russland"],"inLanguage":"de","potentialAction":[{"@type":"CommentAction","name":"Comment","target":["https:\/\/now-news.de\/de\/deutschland\/die-syrische-tragoedie-und-das-schweigen-des-westens\/#respond"]}]},{"@type":"WebPage","@id":"https:\/\/now-news.de\/de\/deutschland\/die-syrische-tragoedie-und-das-schweigen-des-westens\/","url":"https:\/\/now-news.de\/de\/deutschland\/die-syrische-tragoedie-und-das-schweigen-des-westens\/","name":"Die syrische Trag\u00f6die und das Schweigen des Westens - just-now.NEWS Deutschland","isPartOf":{"@id":"https:\/\/now-news.de\/de\/#website"},"primaryImageOfPage":{"@id":"https:\/\/now-news.de\/de\/deutschland\/die-syrische-tragoedie-und-das-schweigen-des-westens\/#primaryimage"},"image":{"@id":"https:\/\/now-news.de\/de\/deutschland\/die-syrische-tragoedie-und-das-schweigen-des-westens\/#primaryimage"},"thumbnailUrl":"https:\/\/now-news.de\/de\/wp-content\/uploads\/sites\/3\/2022\/10\/Die-syrische-Tragoedie-und-das-Schweigen-des-Westens.jpg","datePublished":"2022-10-05T04:15:00+00:00","dateModified":"2022-10-05T04:15:00+00:00","breadcrumb":{"@id":"https:\/\/now-news.de\/de\/deutschland\/die-syrische-tragoedie-und-das-schweigen-des-westens\/#breadcrumb"},"inLanguage":"de","potentialAction":[{"@type":"ReadAction","target":["https:\/\/now-news.de\/de\/deutschland\/die-syrische-tragoedie-und-das-schweigen-des-westens\/"]}]},{"@type":"ImageObject","inLanguage":"de","@id":"https:\/\/now-news.de\/de\/deutschland\/die-syrische-tragoedie-und-das-schweigen-des-westens\/#primaryimage","url":"https:\/\/now-news.de\/de\/wp-content\/uploads\/sites\/3\/2022\/10\/Die-syrische-Tragoedie-und-das-Schweigen-des-Westens.jpg","contentUrl":"https:\/\/now-news.de\/de\/wp-content\/uploads\/sites\/3\/2022\/10\/Die-syrische-Tragoedie-und-das-Schweigen-des-Westens.jpg","width":460,"height":259,"caption":"Die syrische Trag\u00f6die und das Schweigen des Westens"},{"@type":"BreadcrumbList","@id":"https:\/\/now-news.de\/de\/deutschland\/die-syrische-tragoedie-und-das-schweigen-des-westens\/#breadcrumb","itemListElement":[{"@type":"ListItem","position":1,"name":"Home","item":"https:\/\/now-news.de\/de\/"},{"@type":"ListItem","position":2,"name":"Die syrische Trag\u00f6die und das Schweigen des Westens"}]},{"@type":"WebSite","@id":"https:\/\/now-news.de\/de\/#website","url":"https:\/\/now-news.de\/de\/","name":"just-now.NEWS Deutschland","description":"Das Portal f\u00fcr unzensierte Nachrichten aus der Welt","publisher":{"@id":"https:\/\/now-news.de\/de\/#organization"},"potentialAction":[{"@type":"SearchAction","target":{"@type":"EntryPoint","urlTemplate":"https:\/\/now-news.de\/de\/?s={search_term_string}"},"query-input":"required name=search_term_string"}],"inLanguage":"de"},{"@type":"Organization","@id":"https:\/\/now-news.de\/de\/#organization","name":"Just Now News","url":"https:\/\/now-news.de\/de\/","logo":{"@type":"ImageObject","inLanguage":"de","@id":"https:\/\/now-news.de\/de\/#\/schema\/logo\/image\/","url":"http:\/\/just-now.news\/de\/wp-content\/uploads\/sites\/3\/2022\/04\/logo500x500.jpg","contentUrl":"http:\/\/just-now.news\/de\/wp-content\/uploads\/sites\/3\/2022\/04\/logo500x500.jpg","width":500,"height":500,"caption":"Just Now News"},"image":{"@id":"https:\/\/now-news.de\/de\/#\/schema\/logo\/image\/"},"sameAs":["https:\/\/www.facebook.com\/wirmachenauf","https:\/\/x.com\/WirMachenAuf_de"]},{"@type":"Person","@id":"https:\/\/now-news.de\/de\/#\/schema\/person\/fb534a4e865501d8b3285208df34a9b5","name":"rtnews","image":{"@type":"ImageObject","inLanguage":"de","@id":"https:\/\/now-news.de\/de\/#\/schema\/person\/image\/","url":"https:\/\/secure.gravatar.com\/avatar\/82aafea7d8127119dd649515f56e2117?s=96&d=mm&r=g","contentUrl":"https:\/\/secure.gravatar.com\/avatar\/82aafea7d8127119dd649515f56e2117?s=96&d=mm&r=g","caption":"rtnews"},"url":"https:\/\/now-news.de\/de\/author\/rnews\/"}]}},"_links":{"self":[{"href":"https:\/\/now-news.de\/de\/wp-json\/wp\/v2\/posts\/20342"}],"collection":[{"href":"https:\/\/now-news.de\/de\/wp-json\/wp\/v2\/posts"}],"about":[{"href":"https:\/\/now-news.de\/de\/wp-json\/wp\/v2\/types\/post"}],"author":[{"embeddable":true,"href":"https:\/\/now-news.de\/de\/wp-json\/wp\/v2\/users\/3"}],"replies":[{"embeddable":true,"href":"https:\/\/now-news.de\/de\/wp-json\/wp\/v2\/comments?post=20342"}],"version-history":[{"count":0,"href":"https:\/\/now-news.de\/de\/wp-json\/wp\/v2\/posts\/20342\/revisions"}],"wp:featuredmedia":[{"embeddable":true,"href":"https:\/\/now-news.de\/de\/wp-json\/wp\/v2\/media\/20343"}],"wp:attachment":[{"href":"https:\/\/now-news.de\/de\/wp-json\/wp\/v2\/media?parent=20342"}],"wp:term":[{"taxonomy":"category","embeddable":true,"href":"https:\/\/now-news.de\/de\/wp-json\/wp\/v2\/categories?post=20342"},{"taxonomy":"post_tag","embeddable":true,"href":"https:\/\/now-news.de\/de\/wp-json\/wp\/v2\/tags?post=20342"}],"curies":[{"name":"wp","href":"https:\/\/api.w.org\/{rel}","templated":true}]}}